{"id":12901,"global_id":"vpdanses.fr\/home\/bienvenue-chez-vp-danses-hazebrouck?id=12901","global_id_lineage":["vpdanses.fr\/home\/bienvenue-chez-vp-danses-hazebrouck?id=12901"],"author":"1","status":"publish","date":"2025-05-04 20:23:09","date_utc":"2025-05-04 18:23:09","modified":"2025-05-12 17:04:58","modified_utc":"2025-05-12 15:04:58","url":"https:\/\/vpdanses.fr\/home\/bienvenue-chez-vp-danses-hazebrouck\/evenement\/cours-particuliers-danse-sportive-paso-doble-sven-balcerzak\/","rest_url":"https:\/\/vpdanses.fr\/home\/bienvenue-chez-vp-danses-hazebrouck\/wp-json\/tribe\/events\/v1\/events\/12901","title":"Cours Particuliers de paso doble avec Sven BALCERZAK (Ca\u00ebstre)","description":"<div  class=\"tribe-events-schedule tribe-clearfix\" >\n\t<p class=\"tribe-events-schedule__datetime\">\n\t\t<span class=\"tribe-events-schedule__date tribe-events-schedule__date--start\">\n\t\t\t\t\t<\/span>\n\n\t\t\t\t\t<span class=\"tribe-events-schedule__separator tribe-events-schedule__separator--date\">\n\t\t\t\t &gt; \t\t\t<\/span>\n\t\t\t<span class=\"tribe-events-schedule__time tribe-events-schedule__time--start\">\n\t\t\t\t\t\t\t<\/span>\n\t\t\n\t\t\t<\/p>\n<\/div>\n\n\n\n<p>Cours particuliers de Danse Sportive Latines &amp; Standards avec Sven BALCERZAK, Hauts-de-France<\/p>\n\n\n\n\n<div  class=\"tribe-block tribe-block__venue tribe-clearfix tribe-block__venue--has-map\" >\n\t\n\t\t\n<div class=\"tribe-block__venue__map\">\n\t\n<iframe loading=\"lazy\"\n  title=\"L\u2018iframe Google maps affichant l\u2019adresse \u00e0 Salle Polyvalente \u00e0 Ca\u00ebstre\"\n  aria-label=\"Plan des lieux\"\n  width=\"310px\"\n  height=\"256px\"\n  frameborder=\"0\" style=\"border:0\"\n  src=\"https:\/\/www.google.com\/maps\/embed\/v1\/place?key=AIzaSyDNsicAsP6-VuGtAb1O9riI3oc_NOb7IOU&#038;q=499+AVENUE+DU+GENERAL+DE+GAULLE+CAESTRE+59190+France+&#038;zoom=11\" allowfullscreen>\n<\/iframe>\n<\/div>\n\n\t<\/div>\n\n\n\n<div style=\"height:44px\" aria-hidden=\"true\" class=\"wp-block-spacer\"><\/div>\n\n\n\n<h2 class=\"wp-block-heading\">Cours particulier de PASO DOBLE, Ca\u00ebstre<\/h2>\n\n\n<div class=\"wp-block-visual-portfolio alignwide\">\n<div class=\"vp-portfolio vp-uid-296503d1 vp-id-Z1c3mw1\"\n\tdata-vp-layout=\"masonry\" data-vp-content-source=\"images\" data-vp-items-style=\"default\" data-vp-items-click-action=\"popup_gallery\" data-vp-items-gap=\"15\" data-vp-items-gap-vertical=\"\" data-vp-pagination=\"load-more\" data-vp-next-page-url=\"\" data-vp-masonry-columns=\"3\" >\n\t<div class=\"vp-portfolio__preloader-wrap\">\n\t\t<div class=\"vp-portfolio__preloader\">\n\t\t\t<img decoding=\"async\" loading=\"eager\" src=\"https:\/\/vpdanses.fr\/wp-content\/plugins\/visual-portfolio\/assets\/images\/logo-dark.svg\" alt=\"Visual Portfolio, Posts &amp; Image Gallery for WordPress\" width=\"20\" height=\"20\" data-skip-lazy>\n\t\t<\/div>\n\t<\/div>\n\t\t<div class=\"vp-portfolio__items-wrap\">\n\t\t\t\n<div class=\"vp-portfolio__items vp-portfolio__items-style-default vp-portfolio__items-show-overlay-hover\">\n\n\t\t<div\t\tclass=\"vp-portfolio__item-wrap category-paso_doble category-cours_particulier category-danse_sportive category-caestre vp-portfolio__item-uid-baa00e89\" data-vp-filter=\"paso_doble,cours_particulier,danse_sportive,caestre\" style=\"--vp-images__object-position: 50% 50%;\" \t\t>\n\t\t\t<template class=\"vp-portfolio__item-popup\" data-vp-popup-img=\"https:\/\/vpdanses.fr\/wp-content\/uploads\/2025\/05\/Cours-particulier-paso-doble-Sven-BALCERZAK-Caestre-001-1920x1440.jpeg\" data-vp-popup-img-srcset=\"https:\/\/vpdanses.fr\/wp-content\/uploads\/2025\/05\/Cours-particulier-paso-doble-Sven-BALCERZAK-Caestre-001-1920x1440.jpeg 1920w, https:\/\/vpdanses.fr\/wp-content\/uploads\/2025\/05\/Cours-particulier-paso-doble-Sven-BALCERZAK-Caestre-001-300x225.jpeg 300w, https:\/\/vpdanses.fr\/wp-content\/uploads\/2025\/05\/Cours-particulier-paso-doble-Sven-BALCERZAK-Caestre-001-1024x768.jpeg 1024w, https:\/\/vpdanses.fr\/wp-content\/uploads\/2025\/05\/Cours-particulier-paso-doble-Sven-BALCERZAK-Caestre-001-768x576.jpeg 768w, https:\/\/vpdanses.fr\/wp-content\/uploads\/2025\/05\/Cours-particulier-paso-doble-Sven-BALCERZAK-Caestre-001-1536x1152.jpeg 1536w, https:\/\/vpdanses.fr\/wp-content\/uploads\/2025\/05\/Cours-particulier-paso-doble-Sven-BALCERZAK-Caestre-001-2048x1536.jpeg 2048w, https:\/\/vpdanses.fr\/wp-content\/uploads\/2025\/05\/Cours-particulier-paso-doble-Sven-BALCERZAK-Caestre-001-500x375.jpeg 500w, https:\/\/vpdanses.fr\/wp-content\/uploads\/2025\/05\/Cours-particulier-paso-doble-Sven-BALCERZAK-Caestre-001-800x600.jpeg 800w, https:\/\/vpdanses.fr\/wp-content\/uploads\/2025\/05\/Cours-particulier-paso-doble-Sven-BALCERZAK-Caestre-001-1280x960.jpeg 1280w\" data-vp-popup-img-size=\"1920x1440\" data-vp-popup-md-img=\"https:\/\/vpdanses.fr\/wp-content\/uploads\/2025\/05\/Cours-particulier-paso-doble-Sven-BALCERZAK-Caestre-001-800x600.jpeg\" data-vp-popup-md-img-size=\"800x600\" data-vp-popup-sm-img=\"https:\/\/vpdanses.fr\/wp-content\/uploads\/2025\/05\/Cours-particulier-paso-doble-Sven-BALCERZAK-Caestre-001-500x375.jpeg\" data-vp-popup-sm-img-size=\"500x375\">\n\t\t\t<h3 class=\"vp-portfolio__item-popup-title\">Cours de Paso Doble avec SVEN BALCERZAK \u00e0 Ca\u00ebstre (59190)<\/h3>\n\t\t\t\t<div class=\"vp-portfolio__item-popup-description\">Cours de Danse Sportive, Salle Polyvalente, 499 Avenue du G\u00e9n\u00e9ral de Gaulle, 59190 CAESTRE, avec le professeur Sven BALCERZAK (Illustration PASO DOBLE)<\/div>\n\t\t<\/template>\n\t\t\t\t\t\t<figure class=\"vp-portfolio__item\">\n\t\t\t\t\n<div class=\"vp-portfolio__item-img-wrap\">\n\t<div class=\"vp-portfolio__item-img\">\n\t\t\t<a\n\t\thref=\"https:\/\/vpdanses.fr\/wp-content\/uploads\/2025\/05\/Cours-particulier-paso-doble-Sven-BALCERZAK-Caestre-001-1920x1440.jpeg\"\n\t\t\t>\n\t\n\t\t<noscript><img loading=\"lazy\" decoding=\"async\" width=\"1920\" height=\"1440\" data-skip-lazy src=\"https:\/\/vpdanses.fr\/wp-content\/uploads\/2025\/05\/Cours-particulier-paso-doble-Sven-BALCERZAK-Caestre-001-1920x1440.jpeg\" class=\"wp-image-12984\" alt=\"Cours de Danse Sportive, Salle Polyvalente, 499 Avenue du G\u00e9n\u00e9ral de Gaulle, 59190 CAESTRE, avec le professeur Sven BALCERZAK (Illustration PASO DOBLE)\" srcset=\"https:\/\/vpdanses.fr\/wp-content\/uploads\/2025\/05\/Cours-particulier-paso-doble-Sven-BALCERZAK-Caestre-001-1920x1440.jpeg 1920w, https:\/\/vpdanses.fr\/wp-content\/uploads\/2025\/05\/Cours-particulier-paso-doble-Sven-BALCERZAK-Caestre-001-300x225.jpeg 300w, https:\/\/vpdanses.fr\/wp-content\/uploads\/2025\/05\/Cours-particulier-paso-doble-Sven-BALCERZAK-Caestre-001-1024x768.jpeg 1024w, https:\/\/vpdanses.fr\/wp-content\/uploads\/2025\/05\/Cours-particulier-paso-doble-Sven-BALCERZAK-Caestre-001-768x576.jpeg 768w, https:\/\/vpdanses.fr\/wp-content\/uploads\/2025\/05\/Cours-particulier-paso-doble-Sven-BALCERZAK-Caestre-001-1536x1152.jpeg 1536w, https:\/\/vpdanses.fr\/wp-content\/uploads\/2025\/05\/Cours-particulier-paso-doble-Sven-BALCERZAK-Caestre-001-2048x1536.jpeg 2048w, https:\/\/vpdanses.fr\/wp-content\/uploads\/2025\/05\/Cours-particulier-paso-doble-Sven-BALCERZAK-Caestre-001-500x375.jpeg 500w, https:\/\/vpdanses.fr\/wp-content\/uploads\/2025\/05\/Cours-particulier-paso-doble-Sven-BALCERZAK-Caestre-001-800x600.jpeg 800w, https:\/\/vpdanses.fr\/wp-content\/uploads\/2025\/05\/Cours-particulier-paso-doble-Sven-BALCERZAK-Caestre-001-1280x960.jpeg 1280w\" sizes=\"auto, (max-width: 1920px) 100vw, 1920px\" \/><\/noscript><img fetchpriority=\"high\" decoding=\"async\" width=\"1920\" height=\"1440\" src=\"https:\/\/vpdanses.fr\/wp-content\/uploads\/2025\/05\/Cours-particulier-paso-doble-Sven-BALCERZAK-Caestre-001-1920x1440.jpeg\" class=\"wp-image-12984 vp-lazyload\" alt=\"Cours de Danse Sportive, Salle Polyvalente, 499 Avenue du G\u00e9n\u00e9ral de Gaulle, 59190 CAESTRE, avec le professeur Sven BALCERZAK (Illustration PASO DOBLE)\" srcset=\"data:image\/svg+xml;base64,PHN2ZyB3aWR0aD0iMTkyMCIgaGVpZ2h0PSIxNDQwIiB2aWV3Qm94PSIwIDAgMTkyMCAxNDQwIiBmaWxsPSJub25lIiB4bWxucz0iaHR0cDovL3d3dy53My5vcmcvMjAwMC9zdmciPjwvc3ZnPg==\" data-src=\"https:\/\/vpdanses.fr\/wp-content\/uploads\/2025\/05\/Cours-particulier-paso-doble-Sven-BALCERZAK-Caestre-001-1920x1440.jpeg\" data-srcset=\"https:\/\/vpdanses.fr\/wp-content\/uploads\/2025\/05\/Cours-particulier-paso-doble-Sven-BALCERZAK-Caestre-001-1920x1440.jpeg 1920w, https:\/\/vpdanses.fr\/wp-content\/uploads\/2025\/05\/Cours-particulier-paso-doble-Sven-BALCERZAK-Caestre-001-300x225.jpeg 300w, https:\/\/vpdanses.fr\/wp-content\/uploads\/2025\/05\/Cours-particulier-paso-doble-Sven-BALCERZAK-Caestre-001-1024x768.jpeg 1024w, https:\/\/vpdanses.fr\/wp-content\/uploads\/2025\/05\/Cours-particulier-paso-doble-Sven-BALCERZAK-Caestre-001-768x576.jpeg 768w, https:\/\/vpdanses.fr\/wp-content\/uploads\/2025\/05\/Cours-particulier-paso-doble-Sven-BALCERZAK-Caestre-001-1536x1152.jpeg 1536w, https:\/\/vpdanses.fr\/wp-content\/uploads\/2025\/05\/Cours-particulier-paso-doble-Sven-BALCERZAK-Caestre-001-2048x1536.jpeg 2048w, https:\/\/vpdanses.fr\/wp-content\/uploads\/2025\/05\/Cours-particulier-paso-doble-Sven-BALCERZAK-Caestre-001-500x375.jpeg 500w, https:\/\/vpdanses.fr\/wp-content\/uploads\/2025\/05\/Cours-particulier-paso-doble-Sven-BALCERZAK-Caestre-001-800x600.jpeg 800w, https:\/\/vpdanses.fr\/wp-content\/uploads\/2025\/05\/Cours-particulier-paso-doble-Sven-BALCERZAK-Caestre-001-1280x960.jpeg 1280w\" data-sizes=\"auto\" loading=\"eager\">\n\t\t<div class=\"vp-portfolio__item-overlay\">\n\t\t\t\t\t<\/div>\n\n\t\t<\/a>\t<\/div>\n<\/div>\n\n\t<figcaption class=\"vp-portfolio__item-caption vp-portfolio__item-caption-text-align-center\">\n\t\t<div class=\"vp-portfolio__item-meta\">\n\t\t\t\n<div class=\"vp-portfolio__item-meta-categories\">\n\t\t\t<div class=\"vp-portfolio__item-meta-category\">\n\t\t\t\t<a\n\t\thref=\"https:\/\/vpdanses.fr\/home\/bienvenue-chez-vp-danses-hazebrouck\/wp-json\/tribe\/events\/v1\/events\/12901?vp_filter=paso_doble\"\n\t\t\t>\n\tPASO DOBLE<\/a>\t\t<\/div>\n\t\t<\/div>\n\n<h2 class=\"vp-portfolio__item-meta-title\">\n\t\t<a\n\t\thref=\"https:\/\/vpdanses.fr\/wp-content\/uploads\/2025\/05\/Cours-particulier-paso-doble-Sven-BALCERZAK-Caestre-001-1920x1440.jpeg\"\n\t\t\t>\n\tCours de Paso Doble avec SVEN BALCERZAK \u00e0 Ca\u00ebstre (59190)<\/a><\/h2>\n\t\t<\/div>\n\t<\/figcaption>\n\t\t\t<\/figure>\n\t\t\t\t\t<\/div>\n\t\t\n\t\t<div\t\tclass=\"vp-portfolio__item-wrap category-paso_doble category-cours_particulier category-danse_sportive category-caestre vp-portfolio__item-uid-9ff2bc00\" data-vp-filter=\"paso_doble,cours_particulier,danse_sportive,caestre\" \t\t>\n\t\t\t<template class=\"vp-portfolio__item-popup\" data-vp-popup-img=\"https:\/\/vpdanses.fr\/wp-content\/uploads\/2025\/05\/Cours-particulier-paso-doble-Sven-BALCERZAK-Caestre-002.jpeg-1920x1440.jpeg\" data-vp-popup-img-srcset=\"https:\/\/vpdanses.fr\/wp-content\/uploads\/2025\/05\/Cours-particulier-paso-doble-Sven-BALCERZAK-Caestre-002.jpeg-1920x1440.jpeg 1920w, https:\/\/vpdanses.fr\/wp-content\/uploads\/2025\/05\/Cours-particulier-paso-doble-Sven-BALCERZAK-Caestre-002.jpeg-300x225.jpeg 300w, https:\/\/vpdanses.fr\/wp-content\/uploads\/2025\/05\/Cours-particulier-paso-doble-Sven-BALCERZAK-Caestre-002.jpeg-1024x768.jpeg 1024w, https:\/\/vpdanses.fr\/wp-content\/uploads\/2025\/05\/Cours-particulier-paso-doble-Sven-BALCERZAK-Caestre-002.jpeg-768x576.jpeg 768w, https:\/\/vpdanses.fr\/wp-content\/uploads\/2025\/05\/Cours-particulier-paso-doble-Sven-BALCERZAK-Caestre-002.jpeg-1536x1152.jpeg 1536w, https:\/\/vpdanses.fr\/wp-content\/uploads\/2025\/05\/Cours-particulier-paso-doble-Sven-BALCERZAK-Caestre-002.jpeg-2048x1536.jpeg 2048w, https:\/\/vpdanses.fr\/wp-content\/uploads\/2025\/05\/Cours-particulier-paso-doble-Sven-BALCERZAK-Caestre-002.jpeg-500x375.jpeg 500w, https:\/\/vpdanses.fr\/wp-content\/uploads\/2025\/05\/Cours-particulier-paso-doble-Sven-BALCERZAK-Caestre-002.jpeg-800x600.jpeg 800w, https:\/\/vpdanses.fr\/wp-content\/uploads\/2025\/05\/Cours-particulier-paso-doble-Sven-BALCERZAK-Caestre-002.jpeg-1280x960.jpeg 1280w\" data-vp-popup-img-size=\"1920x1440\" data-vp-popup-md-img=\"https:\/\/vpdanses.fr\/wp-content\/uploads\/2025\/05\/Cours-particulier-paso-doble-Sven-BALCERZAK-Caestre-002.jpeg-800x600.jpeg\" data-vp-popup-md-img-size=\"800x600\" data-vp-popup-sm-img=\"https:\/\/vpdanses.fr\/wp-content\/uploads\/2025\/05\/Cours-particulier-paso-doble-Sven-BALCERZAK-Caestre-002.jpeg-500x375.jpeg\" data-vp-popup-sm-img-size=\"500x375\">\n\t\t\t<h3 class=\"vp-portfolio__item-popup-title\">Cours de Paso Doble avec SVEN BALCERZAK \u00e0 Ca\u00ebstre (59190)<\/h3>\n\t\t\t\t<div class=\"vp-portfolio__item-popup-description\">Cours de Danse Sportive, Salle Polyvalente, 499 Avenue du G\u00e9n\u00e9ral de Gaulle, 59190 CAESTRE, avec le professeur Sven BALCERZAK (Illustration PASO DOBLE)<\/div>\n\t\t<\/template>\n\t\t\t\t\t\t<figure class=\"vp-portfolio__item\">\n\t\t\t\t\n<div class=\"vp-portfolio__item-img-wrap\">\n\t<div class=\"vp-portfolio__item-img\">\n\t\t\t<a\n\t\thref=\"https:\/\/vpdanses.fr\/wp-content\/uploads\/2025\/05\/Cours-particulier-paso-doble-Sven-BALCERZAK-Caestre-002.jpeg-1920x1440.jpeg\"\n\t\t\t>\n\t\n\t\t<noscript><img loading=\"lazy\" decoding=\"async\" width=\"1920\" height=\"1440\" data-skip-lazy src=\"https:\/\/vpdanses.fr\/wp-content\/uploads\/2025\/05\/Cours-particulier-paso-doble-Sven-BALCERZAK-Caestre-002.jpeg-1920x1440.jpeg\" class=\"wp-image-12986\" alt=\"Cours de Danse Sportive, Salle Polyvalente, 499 Avenue du G\u00e9n\u00e9ral de Gaulle, 59190 CAESTRE, avec le professeur Sven BALCERZAK (Illustration PASO DOBLE)\" srcset=\"https:\/\/vpdanses.fr\/wp-content\/uploads\/2025\/05\/Cours-particulier-paso-doble-Sven-BALCERZAK-Caestre-002.jpeg-1920x1440.jpeg 1920w, https:\/\/vpdanses.fr\/wp-content\/uploads\/2025\/05\/Cours-particulier-paso-doble-Sven-BALCERZAK-Caestre-002.jpeg-300x225.jpeg 300w, https:\/\/vpdanses.fr\/wp-content\/uploads\/2025\/05\/Cours-particulier-paso-doble-Sven-BALCERZAK-Caestre-002.jpeg-1024x768.jpeg 1024w, https:\/\/vpdanses.fr\/wp-content\/uploads\/2025\/05\/Cours-particulier-paso-doble-Sven-BALCERZAK-Caestre-002.jpeg-768x576.jpeg 768w, https:\/\/vpdanses.fr\/wp-content\/uploads\/2025\/05\/Cours-particulier-paso-doble-Sven-BALCERZAK-Caestre-002.jpeg-1536x1152.jpeg 1536w, https:\/\/vpdanses.fr\/wp-content\/uploads\/2025\/05\/Cours-particulier-paso-doble-Sven-BALCERZAK-Caestre-002.jpeg-2048x1536.jpeg 2048w, https:\/\/vpdanses.fr\/wp-content\/uploads\/2025\/05\/Cours-particulier-paso-doble-Sven-BALCERZAK-Caestre-002.jpeg-500x375.jpeg 500w, https:\/\/vpdanses.fr\/wp-content\/uploads\/2025\/05\/Cours-particulier-paso-doble-Sven-BALCERZAK-Caestre-002.jpeg-800x600.jpeg 800w, https:\/\/vpdanses.fr\/wp-content\/uploads\/2025\/05\/Cours-particulier-paso-doble-Sven-BALCERZAK-Caestre-002.jpeg-1280x960.jpeg 1280w\" sizes=\"auto, (max-width: 1920px) 100vw, 1920px\" \/><\/noscript><img decoding=\"async\" width=\"1920\" height=\"1440\" src=\"https:\/\/vpdanses.fr\/wp-content\/uploads\/2025\/05\/Cours-particulier-paso-doble-Sven-BALCERZAK-Caestre-002.jpeg-1920x1440.jpeg\" class=\"wp-image-12986 vp-lazyload\" alt=\"Cours de Danse Sportive, Salle Polyvalente, 499 Avenue du G\u00e9n\u00e9ral de Gaulle, 59190 CAESTRE, avec le professeur Sven BALCERZAK (Illustration PASO DOBLE)\" srcset=\"data:image\/svg+xml;base64,PHN2ZyB3aWR0aD0iMTkyMCIgaGVpZ2h0PSIxNDQwIiB2aWV3Qm94PSIwIDAgMTkyMCAxNDQwIiBmaWxsPSJub25lIiB4bWxucz0iaHR0cDovL3d3dy53My5vcmcvMjAwMC9zdmciPjwvc3ZnPg==\" data-src=\"https:\/\/vpdanses.fr\/wp-content\/uploads\/2025\/05\/Cours-particulier-paso-doble-Sven-BALCERZAK-Caestre-002.jpeg-1920x1440.jpeg\" data-srcset=\"https:\/\/vpdanses.fr\/wp-content\/uploads\/2025\/05\/Cours-particulier-paso-doble-Sven-BALCERZAK-Caestre-002.jpeg-1920x1440.jpeg 1920w, https:\/\/vpdanses.fr\/wp-content\/uploads\/2025\/05\/Cours-particulier-paso-doble-Sven-BALCERZAK-Caestre-002.jpeg-300x225.jpeg 300w, https:\/\/vpdanses.fr\/wp-content\/uploads\/2025\/05\/Cours-particulier-paso-doble-Sven-BALCERZAK-Caestre-002.jpeg-1024x768.jpeg 1024w, https:\/\/vpdanses.fr\/wp-content\/uploads\/2025\/05\/Cours-particulier-paso-doble-Sven-BALCERZAK-Caestre-002.jpeg-768x576.jpeg 768w, https:\/\/vpdanses.fr\/wp-content\/uploads\/2025\/05\/Cours-particulier-paso-doble-Sven-BALCERZAK-Caestre-002.jpeg-1536x1152.jpeg 1536w, https:\/\/vpdanses.fr\/wp-content\/uploads\/2025\/05\/Cours-particulier-paso-doble-Sven-BALCERZAK-Caestre-002.jpeg-2048x1536.jpeg 2048w, https:\/\/vpdanses.fr\/wp-content\/uploads\/2025\/05\/Cours-particulier-paso-doble-Sven-BALCERZAK-Caestre-002.jpeg-500x375.jpeg 500w, https:\/\/vpdanses.fr\/wp-content\/uploads\/2025\/05\/Cours-particulier-paso-doble-Sven-BALCERZAK-Caestre-002.jpeg-800x600.jpeg 800w, https:\/\/vpdanses.fr\/wp-content\/uploads\/2025\/05\/Cours-particulier-paso-doble-Sven-BALCERZAK-Caestre-002.jpeg-1280x960.jpeg 1280w\" data-sizes=\"auto\" loading=\"eager\">\n\t\t<div class=\"vp-portfolio__item-overlay\">\n\t\t\t\t\t<\/div>\n\n\t\t<\/a>\t<\/div>\n<\/div>\n\n\t<figcaption class=\"vp-portfolio__item-caption vp-portfolio__item-caption-text-align-center\">\n\t\t<div class=\"vp-portfolio__item-meta\">\n\t\t\t\n<div class=\"vp-portfolio__item-meta-categories\">\n\t\t\t<div class=\"vp-portfolio__item-meta-category\">\n\t\t\t\t<a\n\t\thref=\"https:\/\/vpdanses.fr\/home\/bienvenue-chez-vp-danses-hazebrouck\/wp-json\/tribe\/events\/v1\/events\/12901?vp_filter=paso_doble\"\n\t\t\t>\n\tPASO DOBLE<\/a>\t\t<\/div>\n\t\t<\/div>\n\n<h2 class=\"vp-portfolio__item-meta-title\">\n\t\t<a\n\t\thref=\"https:\/\/vpdanses.fr\/wp-content\/uploads\/2025\/05\/Cours-particulier-paso-doble-Sven-BALCERZAK-Caestre-002.jpeg-1920x1440.jpeg\"\n\t\t\t>\n\tCours de Paso Doble avec SVEN BALCERZAK \u00e0 Ca\u00ebstre (59190)<\/a><\/h2>\n\t\t<\/div>\n\t<\/figcaption>\n\t\t\t<\/figure>\n\t\t\t\t\t<\/div>\n\t\t\n\t\t<div\t\tclass=\"vp-portfolio__item-wrap category-cours_particulier category-danse_sportive category-caestre category-paso_doble vp-portfolio__item-uid-175afeb1\" data-vp-filter=\"cours_particulier,danse_sportive,caestre,paso_doble\" \t\t>\n\t\t\t\t\t\t\t\t\t<figure class=\"vp-portfolio__item\">\n\t\t\t\t\n<div class=\"vp-portfolio__item-img-wrap\">\n\t<div class=\"vp-portfolio__item-img\">\n\t\t\t<a\n\t\thref=\"https:\/\/fr-fr.facebook.com\/sven.balcerzak\"\n\t\t\t>\n\t\n\t\t<noscript><img loading=\"lazy\" decoding=\"async\" width=\"1920\" height=\"1440\" data-skip-lazy src=\"https:\/\/vpdanses.fr\/wp-content\/uploads\/2025\/05\/Salle_polyvalente_CAESTRE_v2025-05-11-1920x1440.jpeg\" class=\"wp-image-12969\" alt=\"Cours de Danse Sportive, Salle Polyvalente, 499 Avenue du G\u00e9n\u00e9ral de Gaulle, 59190 CAESTRE, avec le professeur Sven BALCERZAK\" srcset=\"https:\/\/vpdanses.fr\/wp-content\/uploads\/2025\/05\/Salle_polyvalente_CAESTRE_v2025-05-11-1920x1440.jpeg 1920w, https:\/\/vpdanses.fr\/wp-content\/uploads\/2025\/05\/Salle_polyvalente_CAESTRE_v2025-05-11-300x225.jpeg 300w, https:\/\/vpdanses.fr\/wp-content\/uploads\/2025\/05\/Salle_polyvalente_CAESTRE_v2025-05-11-1024x768.jpeg 1024w, https:\/\/vpdanses.fr\/wp-content\/uploads\/2025\/05\/Salle_polyvalente_CAESTRE_v2025-05-11-768x576.jpeg 768w, https:\/\/vpdanses.fr\/wp-content\/uploads\/2025\/05\/Salle_polyvalente_CAESTRE_v2025-05-11-1536x1152.jpeg 1536w, https:\/\/vpdanses.fr\/wp-content\/uploads\/2025\/05\/Salle_polyvalente_CAESTRE_v2025-05-11-2048x1536.jpeg 2048w, https:\/\/vpdanses.fr\/wp-content\/uploads\/2025\/05\/Salle_polyvalente_CAESTRE_v2025-05-11-500x375.jpeg 500w, https:\/\/vpdanses.fr\/wp-content\/uploads\/2025\/05\/Salle_polyvalente_CAESTRE_v2025-05-11-800x600.jpeg 800w, https:\/\/vpdanses.fr\/wp-content\/uploads\/2025\/05\/Salle_polyvalente_CAESTRE_v2025-05-11-1280x960.jpeg 1280w\" sizes=\"auto, (max-width: 1920px) 100vw, 1920px\" \/><\/noscript><img decoding=\"async\" width=\"1920\" height=\"1440\" src=\"https:\/\/vpdanses.fr\/wp-content\/uploads\/2025\/05\/Salle_polyvalente_CAESTRE_v2025-05-11-1920x1440.jpeg\" class=\"wp-image-12969 vp-lazyload\" alt=\"Cours de Danse Sportive, Salle Polyvalente, 499 Avenue du G\u00e9n\u00e9ral de Gaulle, 59190 CAESTRE, avec le professeur Sven BALCERZAK\" srcset=\"data:image\/svg+xml;base64,PHN2ZyB3aWR0aD0iMTkyMCIgaGVpZ2h0PSIxNDQwIiB2aWV3Qm94PSIwIDAgMTkyMCAxNDQwIiBmaWxsPSJub25lIiB4bWxucz0iaHR0cDovL3d3dy53My5vcmcvMjAwMC9zdmciPjwvc3ZnPg==\" data-src=\"https:\/\/vpdanses.fr\/wp-content\/uploads\/2025\/05\/Salle_polyvalente_CAESTRE_v2025-05-11-1920x1440.jpeg\" data-srcset=\"https:\/\/vpdanses.fr\/wp-content\/uploads\/2025\/05\/Salle_polyvalente_CAESTRE_v2025-05-11-1920x1440.jpeg 1920w, https:\/\/vpdanses.fr\/wp-content\/uploads\/2025\/05\/Salle_polyvalente_CAESTRE_v2025-05-11-300x225.jpeg 300w, https:\/\/vpdanses.fr\/wp-content\/uploads\/2025\/05\/Salle_polyvalente_CAESTRE_v2025-05-11-1024x768.jpeg 1024w, https:\/\/vpdanses.fr\/wp-content\/uploads\/2025\/05\/Salle_polyvalente_CAESTRE_v2025-05-11-768x576.jpeg 768w, https:\/\/vpdanses.fr\/wp-content\/uploads\/2025\/05\/Salle_polyvalente_CAESTRE_v2025-05-11-1536x1152.jpeg 1536w, https:\/\/vpdanses.fr\/wp-content\/uploads\/2025\/05\/Salle_polyvalente_CAESTRE_v2025-05-11-2048x1536.jpeg 2048w, https:\/\/vpdanses.fr\/wp-content\/uploads\/2025\/05\/Salle_polyvalente_CAESTRE_v2025-05-11-500x375.jpeg 500w, https:\/\/vpdanses.fr\/wp-content\/uploads\/2025\/05\/Salle_polyvalente_CAESTRE_v2025-05-11-800x600.jpeg 800w, https:\/\/vpdanses.fr\/wp-content\/uploads\/2025\/05\/Salle_polyvalente_CAESTRE_v2025-05-11-1280x960.jpeg 1280w\" data-sizes=\"auto\" loading=\"eager\">\n\t\t<div class=\"vp-portfolio__item-overlay\">\n\t\t\t\t\t<\/div>\n\n\t\t<\/a>\t<\/div>\n<\/div>\n\n\t<figcaption class=\"vp-portfolio__item-caption vp-portfolio__item-caption-text-align-center\">\n\t\t<div class=\"vp-portfolio__item-meta\">\n\t\t\t\n<div class=\"vp-portfolio__item-meta-categories\">\n\t\t\t<div class=\"vp-portfolio__item-meta-category\">\n\t\t\t\t<a\n\t\thref=\"https:\/\/vpdanses.fr\/home\/bienvenue-chez-vp-danses-hazebrouck\/wp-json\/tribe\/events\/v1\/events\/12901?vp_filter=cours_particulier\"\n\t\t\t>\n\tCOURS PARTICULIER<\/a>\t\t<\/div>\n\t\t<\/div>\n\n<h2 class=\"vp-portfolio__item-meta-title\">\n\t\t<a\n\t\thref=\"https:\/\/fr-fr.facebook.com\/sven.balcerzak\"\n\t\t\t>\n\tCours de Paso Doble avec SVEN BALCERZAK \u00e0 Ca\u00ebstre (59190)<\/a><\/h2>\n\t\t<\/div>\n\t<\/figcaption>\n\t\t\t<\/figure>\n\t\t\t\t\t<\/div>\n\t\t\n<\/div>\n\t\t<\/div>\n\t\t\n<\/div>\n<\/div>\n\n\n<div style=\"height:44px\" aria-hidden=\"true\" class=\"wp-block-spacer\"><\/div>","excerpt":"<p>Cours particuliers de Danse Sportive Latines &#038; Standards avec Sven BALCERZAK, Hauts-de-France<\/p>","slug":"cours-particuliers-danse-sportive-paso-doble-sven-balcerzak","image":{"url":"https:\/\/vpdanses.fr\/wp-content\/uploads\/2025\/05\/Cours-particulier-paso-doble-Sven-BALCERZAK-Caestre-001-scaled.jpeg","id":12984,"extension":"jpeg","width":2560,"height":1920,"filesize":680105,"sizes":{"medium":{"width":300,"height":225,"mime-type":"image\/jpeg","filesize":20800,"url":"https:\/\/vpdanses.fr\/wp-content\/uploads\/2025\/05\/Cours-particulier-paso-doble-Sven-BALCERZAK-Caestre-001-300x225.jpeg"},"large":{"width":1024,"height":768,"mime-type":"image\/jpeg","filesize":157203,"url":"https:\/\/vpdanses.fr\/wp-content\/uploads\/2025\/05\/Cours-particulier-paso-doble-Sven-BALCERZAK-Caestre-001-1024x768.jpeg"},"thumbnail":{"width":150,"height":150,"mime-type":"image\/jpeg","filesize":8891,"url":"https:\/\/vpdanses.fr\/wp-content\/uploads\/2025\/05\/Cours-particulier-paso-doble-Sven-BALCERZAK-Caestre-001-150x150.jpeg"},"medium_large":{"width":768,"height":576,"mime-type":"image\/jpeg","filesize":98967,"url":"https:\/\/vpdanses.fr\/wp-content\/uploads\/2025\/05\/Cours-particulier-paso-doble-Sven-BALCERZAK-Caestre-001-768x576.jpeg"},"1536x1536":{"width":1536,"height":1152,"mime-type":"image\/jpeg","filesize":301886,"url":"https:\/\/vpdanses.fr\/wp-content\/uploads\/2025\/05\/Cours-particulier-paso-doble-Sven-BALCERZAK-Caestre-001-1536x1152.jpeg"},"2048x2048":{"width":2048,"height":1536,"mime-type":"image\/jpeg","filesize":475338,"url":"https:\/\/vpdanses.fr\/wp-content\/uploads\/2025\/05\/Cours-particulier-paso-doble-Sven-BALCERZAK-Caestre-001-2048x1536.jpeg"},"vp_sm":{"width":500,"height":375,"mime-type":"image\/jpeg","filesize":48548,"url":"https:\/\/vpdanses.fr\/wp-content\/uploads\/2025\/05\/Cours-particulier-paso-doble-Sven-BALCERZAK-Caestre-001-500x375.jpeg"},"vp_md":{"width":800,"height":600,"mime-type":"image\/jpeg","filesize":105041,"url":"https:\/\/vpdanses.fr\/wp-content\/uploads\/2025\/05\/Cours-particulier-paso-doble-Sven-BALCERZAK-Caestre-001-800x600.jpeg"},"vp_lg":{"width":1280,"height":960,"mime-type":"image\/jpeg","filesize":225194,"url":"https:\/\/vpdanses.fr\/wp-content\/uploads\/2025\/05\/Cours-particulier-paso-doble-Sven-BALCERZAK-Caestre-001-1280x960.jpeg"},"vp_xl":{"width":1920,"height":1440,"mime-type":"image\/jpeg","filesize":428745,"url":"https:\/\/vpdanses.fr\/wp-content\/uploads\/2025\/05\/Cours-particulier-paso-doble-Sven-BALCERZAK-Caestre-001-1920x1440.jpeg"},"vp_sm_popup":{"width":500,"height":375,"mime-type":"image\/jpeg","filesize":48548,"url":"https:\/\/vpdanses.fr\/wp-content\/uploads\/2025\/05\/Cours-particulier-paso-doble-Sven-BALCERZAK-Caestre-001-500x375.jpeg"},"vp_md_popup":{"width":800,"height":600,"mime-type":"image\/jpeg","filesize":105041,"url":"https:\/\/vpdanses.fr\/wp-content\/uploads\/2025\/05\/Cours-particulier-paso-doble-Sven-BALCERZAK-Caestre-001-800x600.jpeg"},"vp_xl_popup":{"width":1920,"height":1440,"mime-type":"image\/jpeg","filesize":428745,"url":"https:\/\/vpdanses.fr\/wp-content\/uploads\/2025\/05\/Cours-particulier-paso-doble-Sven-BALCERZAK-Caestre-001-1920x1440.jpeg"},"dance-blog-thumb":{"width":150,"height":120,"mime-type":"image\/jpeg","filesize":7383,"url":"https:\/\/vpdanses.fr\/wp-content\/uploads\/2025\/05\/Cours-particulier-paso-doble-Sven-BALCERZAK-Caestre-001-150x120.jpeg"},"dance-event-list":{"width":420,"height":336,"mime-type":"image\/jpeg","filesize":38110,"url":"https:\/\/vpdanses.fr\/wp-content\/uploads\/2025\/05\/Cours-particulier-paso-doble-Sven-BALCERZAK-Caestre-001-420x336.jpeg"},"dance-event-single-type1":{"width":773,"height":520,"mime-type":"image\/jpeg","filesize":92216,"url":"https:\/\/vpdanses.fr\/wp-content\/uploads\/2025\/05\/Cours-particulier-paso-doble-Sven-BALCERZAK-Caestre-001-773x520.jpeg"},"dance-event-single-type4":{"width":570,"height":460,"mime-type":"image\/jpeg","filesize":64239,"url":"https:\/\/vpdanses.fr\/wp-content\/uploads\/2025\/05\/Cours-particulier-paso-doble-Sven-BALCERZAK-Caestre-001-570x460.jpeg"},"dance-event-single-type5":{"width":746,"height":770,"mime-type":"image\/jpeg","filesize":122468,"url":"https:\/\/vpdanses.fr\/wp-content\/uploads\/2025\/05\/Cours-particulier-paso-doble-Sven-BALCERZAK-Caestre-001-746x770.jpeg"},"dance-event-list2":{"width":420,"height":275,"mime-type":"image\/jpeg","filesize":33114,"url":"https:\/\/vpdanses.fr\/wp-content\/uploads\/2025\/05\/Cours-particulier-paso-doble-Sven-BALCERZAK-Caestre-001-420x275.jpeg"}},"original_image":"Cours-particulier-paso-doble-Sven-BALCERZAK-Caestre-001.jpeg"},"all_day":false,"start_date":"2025-05-10 09:00:00","start_date_details":{"year":"2025","month":"05","day":"10","hour":"09","minutes":"00","seconds":"00"},"end_date":"2025-05-10 11:00:00","end_date_details":{"year":"2025","month":"05","day":"10","hour":"11","minutes":"00","seconds":"00"},"utc_start_date":"2025-05-10 07:00:00","utc_start_date_details":{"year":"2025","month":"05","day":"10","hour":"07","minutes":"00","seconds":"00"},"utc_end_date":"2025-05-10 09:00:00","utc_end_date_details":{"year":"2025","month":"05","day":"10","hour":"09","minutes":"00","seconds":"00"},"timezone":"Europe\/Paris","timezone_abbr":"","cost":"","cost_details":{"currency_symbol":"\u20ac","currency_code":"EUR","currency_position":"suffix","values":[]},"website":"","show_map":false,"show_map_link":false,"hide_from_listings":false,"sticky":true,"featured":true,"categories":[{"name":"COMPETITION","slug":"competition","term_group":0,"term_taxonomy_id":206,"taxonomy":"tribe_events_cat","description":"Comp\u00e9titions de Danse Sportive","parent":170,"count":29,"filter":"raw","id":206,"urls":{"self":"https:\/\/vpdanses.fr\/home\/bienvenue-chez-vp-danses-hazebrouck\/wp-json\/tribe\/events\/v1\/categories\/206","collection":"https:\/\/vpdanses.fr\/home\/bienvenue-chez-vp-danses-hazebrouck\/wp-json\/tribe\/events\/v1\/categories","up":"https:\/\/vpdanses.fr\/home\/bienvenue-chez-vp-danses-hazebrouck\/wp-json\/tribe\/events\/v1\/categories\/170"}},{"name":"DANSE SPORTIVE","slug":"danse-sportive","term_group":0,"term_taxonomy_id":170,"taxonomy":"tribe_events_cat","description":"Pratiquez la Danse Sportive (Danses Latines et Danses Standards) en couple ou en solo \u00e0 Hazebrouck (59190) avec l'association VP DANSES !","parent":0,"count":41,"filter":"raw","id":170,"urls":{"self":"https:\/\/vpdanses.fr\/home\/bienvenue-chez-vp-danses-hazebrouck\/wp-json\/tribe\/events\/v1\/categories\/170","collection":"https:\/\/vpdanses.fr\/home\/bienvenue-chez-vp-danses-hazebrouck\/wp-json\/tribe\/events\/v1\/categories"}},{"name":"Danses de salons","slug":"danses-de-salons","term_group":0,"term_taxonomy_id":169,"taxonomy":"tribe_events_cat","description":"","parent":116,"count":5,"filter":"raw","id":169,"urls":{"self":"https:\/\/vpdanses.fr\/home\/bienvenue-chez-vp-danses-hazebrouck\/wp-json\/tribe\/events\/v1\/categories\/169","collection":"https:\/\/vpdanses.fr\/home\/bienvenue-chez-vp-danses-hazebrouck\/wp-json\/tribe\/events\/v1\/categories","up":"https:\/\/vpdanses.fr\/home\/bienvenue-chez-vp-danses-hazebrouck\/wp-json\/tribe\/events\/v1\/categories\/116"}},{"name":"FFD","slug":"ffd","term_group":0,"term_taxonomy_id":207,"taxonomy":"tribe_events_cat","description":"F\u00e9d\u00e9ration Fran\u00e7aise de Danse","parent":206,"count":14,"filter":"raw","id":207,"urls":{"self":"https:\/\/vpdanses.fr\/home\/bienvenue-chez-vp-danses-hazebrouck\/wp-json\/tribe\/events\/v1\/categories\/207","collection":"https:\/\/vpdanses.fr\/home\/bienvenue-chez-vp-danses-hazebrouck\/wp-json\/tribe\/events\/v1\/categories","up":"https:\/\/vpdanses.fr\/home\/bienvenue-chez-vp-danses-hazebrouck\/wp-json\/tribe\/events\/v1\/categories\/206"}}],"tags":[{"name":"Cours Particuliers","slug":"cours-particuliers","term_group":0,"term_taxonomy_id":239,"taxonomy":"post_tag","description":"","parent":0,"count":3,"filter":"raw","id":239,"urls":{"self":"https:\/\/vpdanses.fr\/home\/bienvenue-chez-vp-danses-hazebrouck\/wp-json\/tribe\/events\/v1\/tags\/239","collection":"https:\/\/vpdanses.fr\/home\/bienvenue-chez-vp-danses-hazebrouck\/wp-json\/tribe\/events\/v1\/tags"}},{"name":"Hazebrouck","slug":"hazebrouck","term_group":0,"term_taxonomy_id":164,"taxonomy":"post_tag","description":"","parent":0,"count":12,"filter":"raw","id":164,"urls":{"self":"https:\/\/vpdanses.fr\/home\/bienvenue-chez-vp-danses-hazebrouck\/wp-json\/tribe\/events\/v1\/tags\/164","collection":"https:\/\/vpdanses.fr\/home\/bienvenue-chez-vp-danses-hazebrouck\/wp-json\/tribe\/events\/v1\/tags"}},{"name":"Isbergues","slug":"isbergues","term_group":0,"term_taxonomy_id":120,"taxonomy":"post_tag","description":"","parent":0,"count":9,"filter":"raw","id":120,"urls":{"self":"https:\/\/vpdanses.fr\/home\/bienvenue-chez-vp-danses-hazebrouck\/wp-json\/tribe\/events\/v1\/tags\/120","collection":"https:\/\/vpdanses.fr\/home\/bienvenue-chez-vp-danses-hazebrouck\/wp-json\/tribe\/events\/v1\/tags"}},{"name":"SVEN BALCERZAK","slug":"sven-balcerzak","term_group":0,"term_taxonomy_id":107,"taxonomy":"post_tag","description":"","parent":0,"count":13,"filter":"raw","id":107,"urls":{"self":"https:\/\/vpdanses.fr\/home\/bienvenue-chez-vp-danses-hazebrouck\/wp-json\/tribe\/events\/v1\/tags\/107","collection":"https:\/\/vpdanses.fr\/home\/bienvenue-chez-vp-danses-hazebrouck\/wp-json\/tribe\/events\/v1\/tags"}}],"venue":{"id":12903,"author":"1","status":"publish","date":"2025-05-04 20:29:48","date_utc":"2025-05-04 18:29:48","modified":"2025-05-11 08:40:13","modified_utc":"2025-05-11 06:40:13","url":"https:\/\/vpdanses.fr\/home\/bienvenue-chez-vp-danses-hazebrouck\/lieu\/salle-polyvalente-caestre\/","venue":"Salle Polyvalente \u00e0 Ca\u00ebstre","description":"<h1>Cours de Danse Sportive \u00e0 Ca\u00ebstre<\/h1>\n<p>Lieu : Salle Polyvalente, 499 Avenue du G\u00e9n\u00e9ral de Gaulle, 59190 CAESTRE<\/p>\n<p>Professeur de Danse Sportive, danses de salon : <a href=\"https:\/\/fr-fr.facebook.com\/sven.balcerzak\" target=\"_blank\" rel=\"noopener\">Sven BALCERZAK<\/a><\/p>","slug":"salle-polyvalente-caestre","image":{"url":"https:\/\/vpdanses.fr\/wp-content\/uploads\/2025\/05\/Salle_polyvalente_CAESTRE_v2025-05-11-scaled.jpeg","id":12969,"extension":"jpeg","width":2560,"height":1920,"filesize":629703,"sizes":{"medium":{"width":300,"height":225,"mime-type":"image\/jpeg","filesize":14911,"url":"https:\/\/vpdanses.fr\/wp-content\/uploads\/2025\/05\/Salle_polyvalente_CAESTRE_v2025-05-11-300x225.jpeg"},"large":{"width":1024,"height":768,"mime-type":"image\/jpeg","filesize":112448,"url":"https:\/\/vpdanses.fr\/wp-content\/uploads\/2025\/05\/Salle_polyvalente_CAESTRE_v2025-05-11-1024x768.jpeg"},"thumbnail":{"width":150,"height":150,"mime-type":"image\/jpeg","filesize":7020,"url":"https:\/\/vpdanses.fr\/wp-content\/uploads\/2025\/05\/Salle_polyvalente_CAESTRE_v2025-05-11-150x150.jpeg"},"medium_large":{"width":768,"height":576,"mime-type":"image\/jpeg","filesize":67644,"url":"https:\/\/vpdanses.fr\/wp-content\/uploads\/2025\/05\/Salle_polyvalente_CAESTRE_v2025-05-11-768x576.jpeg"},"1536x1536":{"width":1536,"height":1152,"mime-type":"image\/jpeg","filesize":235972,"url":"https:\/\/vpdanses.fr\/wp-content\/uploads\/2025\/05\/Salle_polyvalente_CAESTRE_v2025-05-11-1536x1152.jpeg"},"2048x2048":{"width":2048,"height":1536,"mime-type":"image\/jpeg","filesize":408148,"url":"https:\/\/vpdanses.fr\/wp-content\/uploads\/2025\/05\/Salle_polyvalente_CAESTRE_v2025-05-11-2048x1536.jpeg"},"vp_sm":{"width":500,"height":375,"mime-type":"image\/jpeg","filesize":32749,"url":"https:\/\/vpdanses.fr\/wp-content\/uploads\/2025\/05\/Salle_polyvalente_CAESTRE_v2025-05-11-500x375.jpeg"},"vp_md":{"width":800,"height":600,"mime-type":"image\/jpeg","filesize":72188,"url":"https:\/\/vpdanses.fr\/wp-content\/uploads\/2025\/05\/Salle_polyvalente_CAESTRE_v2025-05-11-800x600.jpeg"},"vp_lg":{"width":1280,"height":960,"mime-type":"image\/jpeg","filesize":168555,"url":"https:\/\/vpdanses.fr\/wp-content\/uploads\/2025\/05\/Salle_polyvalente_CAESTRE_v2025-05-11-1280x960.jpeg"},"vp_xl":{"width":1920,"height":1440,"mime-type":"image\/jpeg","filesize":359995,"url":"https:\/\/vpdanses.fr\/wp-content\/uploads\/2025\/05\/Salle_polyvalente_CAESTRE_v2025-05-11-1920x1440.jpeg"},"vp_sm_popup":{"width":500,"height":375,"mime-type":"image\/jpeg","filesize":32749,"url":"https:\/\/vpdanses.fr\/wp-content\/uploads\/2025\/05\/Salle_polyvalente_CAESTRE_v2025-05-11-500x375.jpeg"},"vp_md_popup":{"width":800,"height":600,"mime-type":"image\/jpeg","filesize":72188,"url":"https:\/\/vpdanses.fr\/wp-content\/uploads\/2025\/05\/Salle_polyvalente_CAESTRE_v2025-05-11-800x600.jpeg"},"vp_xl_popup":{"width":1920,"height":1440,"mime-type":"image\/jpeg","filesize":359995,"url":"https:\/\/vpdanses.fr\/wp-content\/uploads\/2025\/05\/Salle_polyvalente_CAESTRE_v2025-05-11-1920x1440.jpeg"},"dance-blog-thumb":{"width":150,"height":120,"mime-type":"image\/jpeg","filesize":6030,"url":"https:\/\/vpdanses.fr\/wp-content\/uploads\/2025\/05\/Salle_polyvalente_CAESTRE_v2025-05-11-150x120.jpeg"},"dance-event-list":{"width":420,"height":336,"mime-type":"image\/jpeg","filesize":26397,"url":"https:\/\/vpdanses.fr\/wp-content\/uploads\/2025\/05\/Salle_polyvalente_CAESTRE_v2025-05-11-420x336.jpeg"},"dance-event-single-type1":{"width":773,"height":520,"mime-type":"image\/jpeg","filesize":61085,"url":"https:\/\/vpdanses.fr\/wp-content\/uploads\/2025\/05\/Salle_polyvalente_CAESTRE_v2025-05-11-773x520.jpeg"},"dance-event-single-type4":{"width":570,"height":460,"mime-type":"image\/jpeg","filesize":43849,"url":"https:\/\/vpdanses.fr\/wp-content\/uploads\/2025\/05\/Salle_polyvalente_CAESTRE_v2025-05-11-570x460.jpeg"},"dance-event-single-type5":{"width":746,"height":770,"mime-type":"image\/jpeg","filesize":91572,"url":"https:\/\/vpdanses.fr\/wp-content\/uploads\/2025\/05\/Salle_polyvalente_CAESTRE_v2025-05-11-746x770.jpeg"},"dance-event-list2":{"width":420,"height":275,"mime-type":"image\/jpeg","filesize":22302,"url":"https:\/\/vpdanses.fr\/wp-content\/uploads\/2025\/05\/Salle_polyvalente_CAESTRE_v2025-05-11-420x275.jpeg"}},"original_image":"Salle_polyvalente_CAESTRE_v2025-05-11.jpeg"},"address":"499 AVENUE DU GENERAL DE GAULLE","city":"CAESTRE","country":"France","zip":"59190","json_ld":{"@type":"Place","name":"Salle Polyvalente \u00e0 Ca\u00ebstre","description":"&lt;p&gt;Cours de Danse Sportive \u00e0 Ca\u00ebstre Lieu : Salle Polyvalente, 499 Avenue du G\u00e9n\u00e9ral de Gaulle, 59190 CAESTRE Professeur de Danse Sportive, danses de salon : Sven BALCERZAK&lt;\/p&gt;\\n","image":"https:\/\/vpdanses.fr\/wp-content\/uploads\/2025\/05\/Salle_polyvalente_CAESTRE_v2025-05-11-scaled.jpeg","url":"https:\/\/vpdanses.fr\/home\/bienvenue-chez-vp-danses-hazebrouck\/lieu\/salle-polyvalente-caestre\/","address":{"@type":"PostalAddress","streetAddress":"499 AVENUE DU GENERAL DE GAULLE","addressLocality":"CAESTRE","postalCode":"59190","addressCountry":"France"},"telephone":"","sameAs":""},"show_map":true,"show_map_link":true,"global_id":"vpdanses.fr\/home\/bienvenue-chez-vp-danses-hazebrouck?id=12903","global_id_lineage":["vpdanses.fr\/home\/bienvenue-chez-vp-danses-hazebrouck?id=12903"]},"organizer":[],"custom_fields":[],"json_ld":{"@context":"http:\/\/schema.org","@type":"Event","name":"Cours Particuliers de paso doble avec Sven BALCERZAK (Ca\u00ebstre)","description":"&lt;p&gt;Cours particuliers de Danse Sportive Latines &amp; Standards avec Sven BALCERZAK, Hauts-de-France&lt;\/p&gt;\\n","image":"https:\/\/vpdanses.fr\/wp-content\/uploads\/2025\/05\/Cours-particulier-paso-doble-Sven-BALCERZAK-Caestre-001-scaled.jpeg","url":"https:\/\/vpdanses.fr\/home\/bienvenue-chez-vp-danses-hazebrouck\/evenement\/cours-particuliers-danse-sportive-paso-doble-sven-balcerzak\/","eventAttendanceMode":"https:\/\/schema.org\/OfflineEventAttendanceMode","eventStatus":"https:\/\/schema.org\/EventScheduled","startDate":"2025-05-10T09:00:00+02:00","endDate":"2025-05-10T11:00:00+02:00","location":{"@type":"Place","name":"Salle Polyvalente \u00e0 Ca\u00ebstre","description":"&lt;p&gt;Cours de Danse Sportive \u00e0 Ca\u00ebstre Lieu : Salle Polyvalente, 499 Avenue du G\u00e9n\u00e9ral de Gaulle, 59190 CAESTRE Professeur de Danse Sportive, danses de salon : Sven BALCERZAK&lt;\/p&gt;\\n","image":"https:\/\/vpdanses.fr\/wp-content\/uploads\/2025\/05\/Salle_polyvalente_CAESTRE_v2025-05-11-scaled.jpeg","url":"https:\/\/vpdanses.fr\/home\/bienvenue-chez-vp-danses-hazebrouck\/lieu\/salle-polyvalente-caestre\/","address":{"@type":"PostalAddress","streetAddress":"499 AVENUE DU GENERAL DE GAULLE","addressLocality":"CAESTRE","postalCode":"59190","addressCountry":"France"},"telephone":"","sameAs":""},"performer":"Organization"},"event_bgcolor":"","event_text_color":"","ticketed":false}