{"id":13661,"global_id":"vpdanses.fr\/home\/bienvenue-chez-vp-danses-hazebrouck?id=13661","global_id_lineage":["vpdanses.fr\/home\/bienvenue-chez-vp-danses-hazebrouck?id=13661"],"author":"1","status":"publish","date":"2025-07-02 20:12:00","date_utc":"2025-07-02 18:12:00","modified":"2025-07-11 06:40:39","modified_utc":"2025-07-11 04:40:39","url":"https:\/\/vpdanses.fr\/home\/bienvenue-chez-vp-danses-hazebrouck\/evenement\/stage-de-danse-sportive-quick-step-et-rumba-pour-debutants-et-intermediaires\/","rest_url":"https:\/\/vpdanses.fr\/home\/bienvenue-chez-vp-danses-hazebrouck\/wp-json\/tribe\/events\/v1\/events\/13661","title":"Stage de Danse Sportive (QUICK STEP et RUMBA) pour d\u00e9butants et interm\u00e9diaires","description":"<div  class=\"tribe-events-schedule tribe-clearfix\" >\n\t<p class=\"tribe-events-schedule__datetime\">\n\t\t<span class=\"tribe-events-schedule__date tribe-events-schedule__date--start\">\n\t\t\t\t\t<\/span>\n\n\t\t\t\t\t<span class=\"tribe-events-schedule__separator tribe-events-schedule__separator--date\">\n\t\t\t\t &gt; \t\t\t<\/span>\n\t\t\t<span class=\"tribe-events-schedule__time tribe-events-schedule__time--start\">\n\t\t\t\t\t\t\t<\/span>\n\t\t\n\t\t\t<\/p>\n<\/div>\n\n\n\n<h2 class=\"wp-block-heading\">Stage N\u00b0 2 de QUICK STEP et de RUMBA \u00e0 Planet&rsquo;Aire \u00e0 Aire-sur-la-Lys<\/h2>\n\n\n\n<p><strong>VP DANSES<\/strong> est ravie de vous proposer <strong>un stage de 2h de Danse Sportive<\/strong>. <\/p>\n\n\n\n<p>Cette session N\u00b0 2 aura lieu sur votre piste de danse \u00e0 <strong><a href=\"https:\/\/planetaire.fr\" target=\"_blank\" rel=\"noreferrer noopener\">PLANET&rsquo;AIRE<\/a><\/strong> \u00e0 <strong><a href=\"https:\/\/www.ville-airesurlalys.fr\" target=\"_blank\" rel=\"noreferrer noopener\">Aire-sur-la-Lys<\/a><\/strong> et sera d\u00e9di\u00e9e au <strong>Quick Step<\/strong> et \u00e0 la <strong>Rumba<\/strong>.&nbsp;<\/p>\n\n\n\n<p>Cet atelier s&rsquo;adresse \u00e0 tous les amoureux des danses de salon qui souhaitent s&rsquo;initier ou s&rsquo;am\u00e9liorer aux techniques des danses Standards et Latines tout en passant un agr\u00e9able moment sur la piste de danse !<\/p>\n\n\n\n<ul class=\"wp-block-list\">\n<li class=\"has-medium-font-size\" style=\"letter-spacing:3px\">Adresse du stage : Planet&rsquo;Aire, Aire-sur-la-Lys<\/li>\n\n\n\n<li class=\"has-medium-font-size\" style=\"letter-spacing:3px\">Programme : 10h &#8211; 11h : Quick Step \/ 11h &#8211; 12h : Rumba<\/li>\n\n\n\n<li class=\"has-medium-font-size\" style=\"letter-spacing:3px\">Niveaux d\u00e9butants et interm\u00e9diaires<\/li>\n\n\n\n<li class=\"has-medium-font-size\" style=\"letter-spacing:1px\"><strong>Niveaux avanc\u00e9s ou internationales<\/strong> : Veuillez prendre contact avec l&rsquo;un des meilleurs professeur de danse sportive renomm\u00e9 dans <strong><a href=\"https:\/\/www.hautsdefrance.fr\">la r\u00e9gion des Hauts-de-France<\/a><\/strong> : <strong><a href=\"https:\/\/www.facebook.com\/sven.balcerzak\/\" target=\"_blank\" rel=\"noreferrer noopener\">Sven BALCERZAK<\/a><\/strong> ! <\/li>\n\n\n\n<li class=\"has-medium-font-size\" style=\"letter-spacing:3px\">Du plus jeune au plus sage !<\/li>\n\n\n\n<li class=\"has-medium-font-size\" style=\"letter-spacing:3px\">Pr\u00e9voir des chaussures de danse ou des chaussures \u00e0 semelles souples. Cela \u00e9vitera d&rsquo;endommager le parquet et vous permettra de glisser plus facilement.<\/li>\n\n\n\n<li class=\"has-medium-font-size\" style=\"letter-spacing:3px\">Optez pour des v\u00eatements confortables qui vous permettent de bouger librement.<\/li>\n\n\n\n<li class=\"has-medium-font-size\" style=\"font-style:normal;font-weight:800;letter-spacing:3px\">Pour les personnes qui viennent seules, nous formerons les couples sur la piste de danse.<\/li>\n<\/ul>\n\n\n\n<div style=\"height:40px\" aria-hidden=\"true\" class=\"wp-block-spacer\"><\/div>\n\n\n\n<div class=\"wp-block-uagb-separator uagb-block-6cedc078 wp-block-uagb-separator--text\"><div class=\"wp-block-uagb-separator__inner\" style=\"--my-background-image:\"><div class=\"wp-block-uagb-separator-element\"><h4 class=\"uagb-html-tag\">Prix du stage<\/h4><\/div><\/div><\/div>\n\n\n<div  class=\"tribe-block tribe-block__event-price\" >\n\t\t\t\t<span class=\"tribe-block__event-price__description\">Prix par Personne<\/span>\n\t<\/div>\n\n\n\n<p>Il n&rsquo;est pas n\u00e9cessaire de r\u00e9server votre place. Vous pourrez payer sur place <strong>en esp\u00e8ces<\/strong> ou bien <strong>par ch\u00e8que<\/strong>.<\/p>\n\n\n\n<div style=\"height:40px\" aria-hidden=\"true\" class=\"wp-block-spacer\"><\/div>\n\n\n\n<div class=\"wp-block-uagb-separator uagb-block-b6cd5636 wp-block-uagb-separator--text\"><div class=\"wp-block-uagb-separator__inner\" style=\"--my-background-image:\"><div class=\"wp-block-uagb-separator-element\"><h4 class=\"uagb-html-tag\">Stage de Danse Sportive<\/h4><\/div><\/div><\/div>\n\n\n\n\n\n<div style=\"height:40px\" aria-hidden=\"true\" class=\"wp-block-spacer\"><\/div>\n\n\n\n<div class=\"wp-block-uagb-separator uagb-block-2929937c wp-block-uagb-separator--text\"><div class=\"wp-block-uagb-separator__inner\" style=\"--my-background-image:\"><div class=\"wp-block-uagb-separator-element\"><h4 class=\"uagb-html-tag\">Lieu du stage<\/h4><\/div><\/div><\/div>\n\n\n<div  class=\"tribe-block tribe-block__organizer__details tribe-clearfix\" >\n\t<div class=\"tribe-block__organizer__title\">\n\t\t<h3><a href=\"https:\/\/vpdanses.fr\/home\/bienvenue-chez-vp-danses-hazebrouck\/organisateur\/planetaire\/\" title=\"Planet&rsquo;Aire\" target=\"_self\" rel=\"\">Planet&rsquo;Aire<\/a><\/h3>\n\t<\/div>\n\t\t\t<p class=\"tribe-block__organizer__phone\">03 76 15 00 43<\/p>\n\t\t\t\t<p class=\"tribe-block__organizer__website\"><a href=\"https:\/\/www.facebook.com\/p\/PlanetAire-61553786996231\/\" target=\"_self\" rel=\"external\">Voir le site Organisateur<\/a><\/p>\n\t\t\t\t<p class=\"tribe-block__organizer__email\">hell&#111;&#064;&#112;lan&#101;t&#097;i&#114;e.fr<\/p>\n\t<\/div>\n\n\n<div  class=\"tribe-block tribe-block__venue tribe-clearfix tribe-block__venue--has-map\" >\n\t\n\t\t\n<div class=\"tribe-block__venue__map\">\n\t\n<iframe loading=\"lazy\"\n  title=\"L\u2018iframe Google maps affichant l\u2019adresse \u00e0 Parc de Loisirs plan\u00e9taire\"\n  aria-label=\"Plan des lieux\"\n  width=\"310px\"\n  height=\"256px\"\n  frameborder=\"0\" style=\"border:0\"\n  src=\"https:\/\/www.google.com\/maps\/embed\/v1\/place?key=AIzaSyDNsicAsP6-VuGtAb1O9riI3oc_NOb7IOU&#038;q=1+rue+de+Constantinople+Aire-sur-la-Lys+Nord+62120+France+&#038;zoom=11\" allowfullscreen>\n<\/iframe>\n<\/div>\n\n\t<\/div>\n\n\n\t<div  class=\"tribe-block tribe-block__events-link\" >\n\t\t<div class=\"tribe-events tribe-common\">\n\t\t\t<div class=\"tribe-events-c-subscribe-dropdown__container\">\n\t\t\t\t<div class=\"tribe-events-c-subscribe-dropdown\">\n\t\t\t\t\t<div class=\"tribe-common-c-btn-border tribe-events-c-subscribe-dropdown__button\">\n\t\t\t\t\t\t<svg\n\t class=\"tribe-common-c-svgicon tribe-common-c-svgicon--cal-export tribe-events-c-subscribe-dropdown__export-icon\" \taria-hidden=\"true\"\n\tviewBox=\"0 0 23 17\"\n\txmlns=\"http:\/\/www.w3.org\/2000\/svg\"\n>\n\t<path fill-rule=\"evenodd\" clip-rule=\"evenodd\" d=\"M.128.896V16.13c0 .211.145.383.323.383h15.354c.179 0 .323-.172.323-.383V.896c0-.212-.144-.383-.323-.383H.451C.273.513.128.684.128.896Zm16 6.742h-.901V4.679H1.009v10.729h14.218v-3.336h.901V7.638ZM1.01 1.614h14.218v2.058H1.009V1.614Z\" \/>\n\t<path d=\"M20.5 9.846H8.312M18.524 6.953l2.89 2.909-2.855 2.855\" stroke-width=\"1.2\" stroke-linecap=\"round\" stroke-linejoin=\"round\"\/>\n<\/svg>\n\t\t\t\t\t\t<button\n\t\t\t\t\t\t\tclass=\"tribe-events-c-subscribe-dropdown__button-text\"\n\t\t\t\t\t\t\taria-expanded=\"false\"\n\t\t\t\t\t\t\taria-controls=\"tribe-events-subscribe-dropdown-content\"\n\t\t\t\t\t\t\taria-label=\"Afficher les liens permettant d\u2019ajouter des \u00e9v\u00e8nements \u00e0 votre calendrier\"\n\t\t\t\t\t\t>\n\t\t\t\t\t\t\tAjouter au calendrier\t\t\t\t\t\t<\/button>\n\t\t\t\t\t\t<svg\n\t class=\"tribe-common-c-svgicon tribe-common-c-svgicon--caret-down tribe-events-c-subscribe-dropdown__button-icon\" \taria-hidden=\"true\"\n\tviewBox=\"0 0 10 7\"\n\txmlns=\"http:\/\/www.w3.org\/2000\/svg\"\n>\n\t<path fill-rule=\"evenodd\" clip-rule=\"evenodd\" d=\"M1.008.609L5 4.6 8.992.61l.958.958L5 6.517.05 1.566l.958-.958z\" class=\"tribe-common-c-svgicon__svg-fill\"\/>\n<\/svg>\n\t\t\t\t\t<\/div>\n\t\t\t\t\t<div id=\"tribe-events-subscribe-dropdown-content\" class=\"tribe-events-c-subscribe-dropdown__content\">\n\t\t\t\t\t\t<ul class=\"tribe-events-c-subscribe-dropdown__list\">\n\t\t\t\t\t\t\t\t\t\t\t\t\t\t\t<li class=\"tribe-events-c-subscribe-dropdown__list-item tribe-events-c-subscribe-dropdown__list-item--gcal\">\n\t\t\t\t\t\t\t\t\t<a\n\t\t\t\t\t\t\t\t\t\thref=\"\"\n\t\t\t\t\t\t\t\t\t\tclass=\"tribe-events-c-subscribe-dropdown__list-item-link\"\n\t\t\t\t\t\t\t\t\t\ttarget=\"_blank\"\n\t\t\t\t\t\t\t\t\t\trel=\"noopener noreferrer nofollow noindex\"\n\t\t\t\t\t\t\t\t\t>\n\t\t\t\t\t\t\t\t\t\tGoogle Agenda\t\t\t\t\t\t\t\t\t<\/a>\n\t\t\t\t\t\t\t\t<\/li>\n\t\t\t\t\t\t\t\t\t\t\t\t\t\t\t<li class=\"tribe-events-c-subscribe-dropdown__list-item tribe-events-c-subscribe-dropdown__list-item--ical\">\n\t\t\t\t\t\t\t\t\t<a\n\t\t\t\t\t\t\t\t\t\thref=\"\"\n\t\t\t\t\t\t\t\t\t\tclass=\"tribe-events-c-subscribe-dropdown__list-item-link\"\n\t\t\t\t\t\t\t\t\t\ttarget=\"_blank\"\n\t\t\t\t\t\t\t\t\t\trel=\"noopener noreferrer nofollow noindex\"\n\t\t\t\t\t\t\t\t\t>\n\t\t\t\t\t\t\t\t\t\tiCalendar\t\t\t\t\t\t\t\t\t<\/a>\n\t\t\t\t\t\t\t\t<\/li>\n\t\t\t\t\t\t\t\t\t\t\t\t\t\t\t<li class=\"tribe-events-c-subscribe-dropdown__list-item tribe-events-c-subscribe-dropdown__list-item--outlook-365\">\n\t\t\t\t\t\t\t\t\t<a\n\t\t\t\t\t\t\t\t\t\thref=\"\"\n\t\t\t\t\t\t\t\t\t\tclass=\"tribe-events-c-subscribe-dropdown__list-item-link\"\n\t\t\t\t\t\t\t\t\t\ttarget=\"_blank\"\n\t\t\t\t\t\t\t\t\t\trel=\"noopener noreferrer nofollow noindex\"\n\t\t\t\t\t\t\t\t\t>\n\t\t\t\t\t\t\t\t\t\tOutlook 365\t\t\t\t\t\t\t\t\t<\/a>\n\t\t\t\t\t\t\t\t<\/li>\n\t\t\t\t\t\t\t\t\t\t\t\t\t\t\t<li class=\"tribe-events-c-subscribe-dropdown__list-item tribe-events-c-subscribe-dropdown__list-item--outlook-live\">\n\t\t\t\t\t\t\t\t\t<a\n\t\t\t\t\t\t\t\t\t\thref=\"\"\n\t\t\t\t\t\t\t\t\t\tclass=\"tribe-events-c-subscribe-dropdown__list-item-link\"\n\t\t\t\t\t\t\t\t\t\ttarget=\"_blank\"\n\t\t\t\t\t\t\t\t\t\trel=\"noopener noreferrer nofollow noindex\"\n\t\t\t\t\t\t\t\t\t>\n\t\t\t\t\t\t\t\t\t\tOutlook Live\t\t\t\t\t\t\t\t\t<\/a>\n\t\t\t\t\t\t\t\t<\/li>\n\t\t\t\t\t\t\t\t\t\t\t\t\t<\/ul>\n\t\t\t\t\t<\/div>\n\t\t\t\t<\/div>\n\t\t\t<\/div>\n\t\t<\/div>\n\t<\/div>","excerpt":"<p>VP DANSES est ravie de vous proposer un stage de 2h de Danse Sportive. Cette session N\u00b0 2  aura lieu sur votre piste de danse \u00e0 PLANET&rsquo;AIRE \u00e0 Aire-sur-la-Lys et sera d\u00e9di\u00e9e \u00e0 la Valse Lente et \u00e0 la Samba.\u00a0<\/p>","slug":"stage-de-danse-sportive-quick-step-et-rumba-pour-debutants-et-intermediaires","image":{"url":"https:\/\/vpdanses.fr\/wp-content\/uploads\/2025\/07\/2025-07-13_0020.Affiche_planet-aire_stage_quick-step_rumba.jpg","id":13662,"extension":"jpg","width":1080,"height":1620,"filesize":1003716,"sizes":{"medium":{"width":200,"height":300,"mime-type":"image\/jpeg","filesize":23252,"url":"https:\/\/vpdanses.fr\/wp-content\/uploads\/2025\/07\/2025-07-13_0020.Affiche_planet-aire_stage_quick-step_rumba-200x300.jpg"},"large":{"width":683,"height":1024,"mime-type":"image\/jpeg","filesize":152905,"url":"https:\/\/vpdanses.fr\/wp-content\/uploads\/2025\/07\/2025-07-13_0020.Affiche_planet-aire_stage_quick-step_rumba-683x1024.jpg"},"thumbnail":{"width":150,"height":150,"mime-type":"image\/jpeg","filesize":9392,"url":"https:\/\/vpdanses.fr\/wp-content\/uploads\/2025\/07\/2025-07-13_0020.Affiche_planet-aire_stage_quick-step_rumba-150x150.jpg"},"medium_large":{"width":768,"height":1152,"mime-type":"image\/jpeg","filesize":179642,"url":"https:\/\/vpdanses.fr\/wp-content\/uploads\/2025\/07\/2025-07-13_0020.Affiche_planet-aire_stage_quick-step_rumba-768x1152.jpg"},"1536x1536":{"width":1024,"height":1536,"mime-type":"image\/jpeg","filesize":276383,"url":"https:\/\/vpdanses.fr\/wp-content\/uploads\/2025\/07\/2025-07-13_0020.Affiche_planet-aire_stage_quick-step_rumba-1024x1536.jpg"},"vp_sm":{"width":500,"height":750,"mime-type":"image\/jpeg","filesize":95559,"url":"https:\/\/vpdanses.fr\/wp-content\/uploads\/2025\/07\/2025-07-13_0020.Affiche_planet-aire_stage_quick-step_rumba-500x750.jpg"},"vp_md":{"width":800,"height":1200,"mime-type":"image\/jpeg","filesize":194188,"url":"https:\/\/vpdanses.fr\/wp-content\/uploads\/2025\/07\/2025-07-13_0020.Affiche_planet-aire_stage_quick-step_rumba-800x1200.jpg"},"vp_sm_popup":{"width":500,"height":750,"mime-type":"image\/jpeg","filesize":95559,"url":"https:\/\/vpdanses.fr\/wp-content\/uploads\/2025\/07\/2025-07-13_0020.Affiche_planet-aire_stage_quick-step_rumba-500x750.jpg"},"vp_md_popup":{"width":800,"height":1200,"mime-type":"image\/jpeg","filesize":194188,"url":"https:\/\/vpdanses.fr\/wp-content\/uploads\/2025\/07\/2025-07-13_0020.Affiche_planet-aire_stage_quick-step_rumba-800x1200.jpg"},"dance-blog-thumb":{"width":150,"height":120,"mime-type":"image\/jpeg","filesize":7713,"url":"https:\/\/vpdanses.fr\/wp-content\/uploads\/2025\/07\/2025-07-13_0020.Affiche_planet-aire_stage_quick-step_rumba-150x120.jpg"},"dance-event-list":{"width":420,"height":336,"mime-type":"image\/jpeg","filesize":33303,"url":"https:\/\/vpdanses.fr\/wp-content\/uploads\/2025\/07\/2025-07-13_0020.Affiche_planet-aire_stage_quick-step_rumba-420x336.jpg"},"dance-event-single-type1":{"width":773,"height":520,"mime-type":"image\/jpeg","filesize":57786,"url":"https:\/\/vpdanses.fr\/wp-content\/uploads\/2025\/07\/2025-07-13_0020.Affiche_planet-aire_stage_quick-step_rumba-773x520.jpg"},"dance-event-single-type4":{"width":570,"height":460,"mime-type":"image\/jpeg","filesize":52843,"url":"https:\/\/vpdanses.fr\/wp-content\/uploads\/2025\/07\/2025-07-13_0020.Affiche_planet-aire_stage_quick-step_rumba-570x460.jpg"},"dance-event-single-type5":{"width":746,"height":770,"mime-type":"image\/jpeg","filesize":102578,"url":"https:\/\/vpdanses.fr\/wp-content\/uploads\/2025\/07\/2025-07-13_0020.Affiche_planet-aire_stage_quick-step_rumba-746x770.jpg"},"dance-event-list2":{"width":420,"height":275,"mime-type":"image\/jpeg","filesize":24006,"url":"https:\/\/vpdanses.fr\/wp-content\/uploads\/2025\/07\/2025-07-13_0020.Affiche_planet-aire_stage_quick-step_rumba-420x275.jpg"}}},"all_day":false,"start_date":"2025-07-13 10:00:00","start_date_details":{"year":"2025","month":"07","day":"13","hour":"10","minutes":"00","seconds":"00"},"end_date":"2025-07-13 12:00:00","end_date_details":{"year":"2025","month":"07","day":"13","hour":"12","minutes":"00","seconds":"00"},"utc_start_date":"2025-07-13 08:00:00","utc_start_date_details":{"year":"2025","month":"07","day":"13","hour":"08","minutes":"00","seconds":"00"},"utc_end_date":"2025-07-13 10:00:00","utc_end_date_details":{"year":"2025","month":"07","day":"13","hour":"10","minutes":"00","seconds":"00"},"timezone":"Europe\/Paris","timezone_abbr":"","cost":"8,00\u20ac","cost_details":{"currency_symbol":"\u20ac","currency_code":"EUR","currency_position":"suffix","values":["8.00"]},"website":"","show_map":false,"show_map_link":false,"hide_from_listings":false,"sticky":true,"featured":true,"categories":[{"name":"Ateliers_VP_danses","slug":"ateliers_vp_danses","term_group":0,"term_taxonomy_id":115,"taxonomy":"tribe_events_cat","description":"","parent":0,"count":12,"filter":"raw","id":115,"urls":{"self":"https:\/\/vpdanses.fr\/home\/bienvenue-chez-vp-danses-hazebrouck\/wp-json\/tribe\/events\/v1\/categories\/115","collection":"https:\/\/vpdanses.fr\/home\/bienvenue-chez-vp-danses-hazebrouck\/wp-json\/tribe\/events\/v1\/categories"}},{"name":"Stages de danses \u00e0 Planet'Aire","slug":"stages-danses-planet-aire","term_group":0,"term_taxonomy_id":283,"taxonomy":"tribe_events_cat","description":"Stages de danses \u00e0 deux qui ont lieu \u00e0 Planet'Aire \u00e0 Aire-sur-la-Lys","parent":115,"count":7,"filter":"raw","id":283,"urls":{"self":"https:\/\/vpdanses.fr\/home\/bienvenue-chez-vp-danses-hazebrouck\/wp-json\/tribe\/events\/v1\/categories\/283","collection":"https:\/\/vpdanses.fr\/home\/bienvenue-chez-vp-danses-hazebrouck\/wp-json\/tribe\/events\/v1\/categories","up":"https:\/\/vpdanses.fr\/home\/bienvenue-chez-vp-danses-hazebrouck\/wp-json\/tribe\/events\/v1\/categories\/115"}}],"tags":[{"name":"Aire-sur-la-Lys","slug":"aire-sur-la-lys","term_group":0,"term_taxonomy_id":285,"taxonomy":"post_tag","description":"","parent":0,"count":9,"filter":"raw","id":285,"urls":{"self":"https:\/\/vpdanses.fr\/home\/bienvenue-chez-vp-danses-hazebrouck\/wp-json\/tribe\/events\/v1\/tags\/285","collection":"https:\/\/vpdanses.fr\/home\/bienvenue-chez-vp-danses-hazebrouck\/wp-json\/tribe\/events\/v1\/tags"}},{"name":"ASCENDANCE","slug":"ascendance","term_group":0,"term_taxonomy_id":201,"taxonomy":"post_tag","description":"","parent":0,"count":7,"filter":"raw","id":201,"urls":{"self":"https:\/\/vpdanses.fr\/home\/bienvenue-chez-vp-danses-hazebrouck\/wp-json\/tribe\/events\/v1\/tags\/201","collection":"https:\/\/vpdanses.fr\/home\/bienvenue-chez-vp-danses-hazebrouck\/wp-json\/tribe\/events\/v1\/tags"}},{"name":"Planet'Aire","slug":"planetaire","term_group":0,"term_taxonomy_id":284,"taxonomy":"post_tag","description":"","parent":0,"count":6,"filter":"raw","id":284,"urls":{"self":"https:\/\/vpdanses.fr\/home\/bienvenue-chez-vp-danses-hazebrouck\/wp-json\/tribe\/events\/v1\/tags\/284","collection":"https:\/\/vpdanses.fr\/home\/bienvenue-chez-vp-danses-hazebrouck\/wp-json\/tribe\/events\/v1\/tags"}},{"name":"Rumba","slug":"rumba","term_group":0,"term_taxonomy_id":300,"taxonomy":"post_tag","description":"","parent":0,"count":7,"filter":"raw","id":300,"urls":{"self":"https:\/\/vpdanses.fr\/home\/bienvenue-chez-vp-danses-hazebrouck\/wp-json\/tribe\/events\/v1\/tags\/300","collection":"https:\/\/vpdanses.fr\/home\/bienvenue-chez-vp-danses-hazebrouck\/wp-json\/tribe\/events\/v1\/tags"}},{"name":"SVEN BALCERZAC","slug":"sven-balcerzac","term_group":0,"term_taxonomy_id":105,"taxonomy":"post_tag","description":"","parent":0,"count":3,"filter":"raw","id":105,"urls":{"self":"https:\/\/vpdanses.fr\/home\/bienvenue-chez-vp-danses-hazebrouck\/wp-json\/tribe\/events\/v1\/tags\/105","collection":"https:\/\/vpdanses.fr\/home\/bienvenue-chez-vp-danses-hazebrouck\/wp-json\/tribe\/events\/v1\/tags"}}],"venue":{"id":13500,"author":"1","status":"publish","date":"2025-06-09 07:15:59","date_utc":"2025-06-09 05:15:59","modified":"2025-06-09 07:15:59","modified_utc":"2025-06-09 05:15:59","url":"https:\/\/vpdanses.fr\/home\/bienvenue-chez-vp-danses-hazebrouck\/lieu\/parc-loisirs-planet-aire\/","venue":"Parc de Loisirs plan\u00e9taire","description":"<p>Avec ses 18 activit\u00e9s en int\u00e9rieur d\u00e9di\u00e9s au divertissement sur 10 230m\u00b2 , le complexe Planet&rsquo;Aire vous promet une aventure inoubliable, que vous soyez petits ou grands.<br \/>\nPlanet\u2019Aire est pr\u00eat \u00e0 accueillir vos \u00e9v\u00e9nements d\u2019entreprise dans nos divers espaces, notamment notre salle phare de 650m\u00b2, offrant une multitude de possibilit\u00e9s pour des r\u00e9unions m\u00e9morables.<\/p>\n<p>En plus de toutes les attractions de Planet&rsquo;Aire, profitez de trois points de restauration et de deux bars, pour une exp\u00e9rience compl\u00e8te de d\u00e9tente et de plaisir.<\/p>\n<p>Planet\u2019Aire se distingue par sa vision audacieuse du divertissement, pour tous les go\u00fbts et tous les \u00e2ges, m\u00ealant plaisir, d\u00e9couverte et convivialit\u00e9.<\/p>","excerpt":"<p>Avec ses 18 activit\u00e9s en int\u00e9rieur d\u00e9di\u00e9s au divertissement sur 10 230m\u00b2 , le complexe Planet&rsquo;Aire vous promet une aventure inoubliable, que vous soyez petits ou grands !<\/p>","slug":"parc-loisirs-planet-aire","image":{"url":"https:\/\/vpdanses.fr\/wp-content\/uploads\/2025\/06\/Capture-decran-2025-06-09-a-07.14.12.png","id":13501,"extension":"png","width":2422,"height":1130,"filesize":1842116,"sizes":{"medium":{"width":300,"height":140,"mime-type":"image\/png","filesize":45964,"url":"https:\/\/vpdanses.fr\/wp-content\/uploads\/2025\/06\/Capture-decran-2025-06-09-a-07.14.12-300x140.png"},"large":{"width":1024,"height":478,"mime-type":"image\/png","filesize":266027,"url":"https:\/\/vpdanses.fr\/wp-content\/uploads\/2025\/06\/Capture-decran-2025-06-09-a-07.14.12-1024x478.png"},"thumbnail":{"width":150,"height":150,"mime-type":"image\/png","filesize":13435,"url":"https:\/\/vpdanses.fr\/wp-content\/uploads\/2025\/06\/Capture-decran-2025-06-09-a-07.14.12-150x150.png"},"medium_large":{"width":768,"height":358,"mime-type":"image\/png","filesize":178223,"url":"https:\/\/vpdanses.fr\/wp-content\/uploads\/2025\/06\/Capture-decran-2025-06-09-a-07.14.12-768x358.png"},"1536x1536":{"width":1536,"height":717,"mime-type":"image\/png","filesize":472161,"url":"https:\/\/vpdanses.fr\/wp-content\/uploads\/2025\/06\/Capture-decran-2025-06-09-a-07.14.12-1536x717.png"},"2048x2048":{"width":2048,"height":956,"mime-type":"image\/png","filesize":706410,"url":"https:\/\/vpdanses.fr\/wp-content\/uploads\/2025\/06\/Capture-decran-2025-06-09-a-07.14.12-2048x956.png"},"vp_sm":{"width":500,"height":233,"mime-type":"image\/png","filesize":95651,"url":"https:\/\/vpdanses.fr\/wp-content\/uploads\/2025\/06\/Capture-decran-2025-06-09-a-07.14.12-500x233.png"},"vp_md":{"width":800,"height":373,"mime-type":"image\/png","filesize":187997,"url":"https:\/\/vpdanses.fr\/wp-content\/uploads\/2025\/06\/Capture-decran-2025-06-09-a-07.14.12-800x373.png"},"vp_lg":{"width":1280,"height":597,"mime-type":"image\/png","filesize":361517,"url":"https:\/\/vpdanses.fr\/wp-content\/uploads\/2025\/06\/Capture-decran-2025-06-09-a-07.14.12-1280x597.png"},"vp_xl":{"width":1920,"height":896,"mime-type":"image\/png","filesize":638411,"url":"https:\/\/vpdanses.fr\/wp-content\/uploads\/2025\/06\/Capture-decran-2025-06-09-a-07.14.12-1920x896.png"},"vp_sm_popup":{"width":500,"height":233,"mime-type":"image\/png","filesize":95651,"url":"https:\/\/vpdanses.fr\/wp-content\/uploads\/2025\/06\/Capture-decran-2025-06-09-a-07.14.12-500x233.png"},"vp_md_popup":{"width":800,"height":373,"mime-type":"image\/png","filesize":187997,"url":"https:\/\/vpdanses.fr\/wp-content\/uploads\/2025\/06\/Capture-decran-2025-06-09-a-07.14.12-800x373.png"},"vp_xl_popup":{"width":1920,"height":896,"mime-type":"image\/png","filesize":638411,"url":"https:\/\/vpdanses.fr\/wp-content\/uploads\/2025\/06\/Capture-decran-2025-06-09-a-07.14.12-1920x896.png"},"dance-blog-thumb":{"width":150,"height":120,"mime-type":"image\/png","filesize":22786,"url":"https:\/\/vpdanses.fr\/wp-content\/uploads\/2025\/06\/Capture-decran-2025-06-09-a-07.14.12-150x120.png"},"dance-event-list":{"width":420,"height":336,"mime-type":"image\/png","filesize":93838,"url":"https:\/\/vpdanses.fr\/wp-content\/uploads\/2025\/06\/Capture-decran-2025-06-09-a-07.14.12-420x336.png"},"dance-event-single-type1":{"width":773,"height":520,"mime-type":"image\/png","filesize":208759,"url":"https:\/\/vpdanses.fr\/wp-content\/uploads\/2025\/06\/Capture-decran-2025-06-09-a-07.14.12-773x520.png"},"dance-event-single-type4":{"width":570,"height":460,"mime-type":"image\/png","filesize":144291,"url":"https:\/\/vpdanses.fr\/wp-content\/uploads\/2025\/06\/Capture-decran-2025-06-09-a-07.14.12-570x460.png"},"dance-event-single-type5":{"width":746,"height":770,"mime-type":"image\/png","filesize":237810,"url":"https:\/\/vpdanses.fr\/wp-content\/uploads\/2025\/06\/Capture-decran-2025-06-09-a-07.14.12-746x770.png"},"dance-event-list2":{"width":420,"height":275,"mime-type":"image\/png","filesize":88946,"url":"https:\/\/vpdanses.fr\/wp-content\/uploads\/2025\/06\/Capture-decran-2025-06-09-a-07.14.12-420x275.png"}}},"address":"1 rue de Constantinople","city":"Aire-sur-la-Lys","country":"France","province":"Nord","zip":"62120","phone":"03 76 15 00 43","website":"https:\/\/planetaire.fr","stateprovince":"Nord","json_ld":{"@type":"Place","name":"Parc de Loisirs plan\u00e9taire","description":"&lt;p&gt;Avec ses 18 activit\u00e9s en int\u00e9rieur d\u00e9di\u00e9s au divertissement sur 10 230m\u00b2 , le complexe Planet\\'Aire vous promet une aventure inoubliable, que vous soyez petits ou grands !&lt;\/p&gt;\\n","image":"https:\/\/vpdanses.fr\/wp-content\/uploads\/2025\/06\/Capture-decran-2025-06-09-a-07.14.12.png","url":"https:\/\/vpdanses.fr\/home\/bienvenue-chez-vp-danses-hazebrouck\/lieu\/parc-loisirs-planet-aire\/","address":{"@type":"PostalAddress","streetAddress":"1 rue de Constantinople","addressLocality":"Aire-sur-la-Lys","addressRegion":"Nord","postalCode":"62120","addressCountry":"France"},"telephone":"03 76 15 00 43","sameAs":"https:\/\/planetaire.fr"},"show_map":true,"show_map_link":true,"global_id":"vpdanses.fr\/home\/bienvenue-chez-vp-danses-hazebrouck?id=13500","global_id_lineage":["vpdanses.fr\/home\/bienvenue-chez-vp-danses-hazebrouck?id=13500"]},"organizer":[{"id":13503,"author":"1","status":"publish","date":"2025-06-09 07:17:43","date_utc":"2025-06-09 05:17:43","modified":"2025-06-09 07:17:43","modified_utc":"2025-06-09 05:17:43","url":"https:\/\/vpdanses.fr\/home\/bienvenue-chez-vp-danses-hazebrouck\/organisateur\/planetaire\/","organizer":"Planet&rsquo;Aire","description":"<p>Parc de Loisirs Planet&rsquo;Aire \u00e0 Aire-sur-la-Lys (62120)<\/p>","excerpt":"<p>Parc de Loisirs Planet&rsquo;Aire \u00e0 Aire-sur-la-Lys (62120)<\/p>","slug":"planetaire","image":{"url":"https:\/\/vpdanses.fr\/wp-content\/uploads\/2025\/06\/Capture-decran-2025-06-09-a-07.14.12.png","id":13501,"extension":"png","width":2422,"height":1130,"filesize":1842116,"sizes":{"medium":{"width":300,"height":140,"mime-type":"image\/png","filesize":45964,"url":"https:\/\/vpdanses.fr\/wp-content\/uploads\/2025\/06\/Capture-decran-2025-06-09-a-07.14.12-300x140.png"},"large":{"width":1024,"height":478,"mime-type":"image\/png","filesize":266027,"url":"https:\/\/vpdanses.fr\/wp-content\/uploads\/2025\/06\/Capture-decran-2025-06-09-a-07.14.12-1024x478.png"},"thumbnail":{"width":150,"height":150,"mime-type":"image\/png","filesize":13435,"url":"https:\/\/vpdanses.fr\/wp-content\/uploads\/2025\/06\/Capture-decran-2025-06-09-a-07.14.12-150x150.png"},"medium_large":{"width":768,"height":358,"mime-type":"image\/png","filesize":178223,"url":"https:\/\/vpdanses.fr\/wp-content\/uploads\/2025\/06\/Capture-decran-2025-06-09-a-07.14.12-768x358.png"},"1536x1536":{"width":1536,"height":717,"mime-type":"image\/png","filesize":472161,"url":"https:\/\/vpdanses.fr\/wp-content\/uploads\/2025\/06\/Capture-decran-2025-06-09-a-07.14.12-1536x717.png"},"2048x2048":{"width":2048,"height":956,"mime-type":"image\/png","filesize":706410,"url":"https:\/\/vpdanses.fr\/wp-content\/uploads\/2025\/06\/Capture-decran-2025-06-09-a-07.14.12-2048x956.png"},"vp_sm":{"width":500,"height":233,"mime-type":"image\/png","filesize":95651,"url":"https:\/\/vpdanses.fr\/wp-content\/uploads\/2025\/06\/Capture-decran-2025-06-09-a-07.14.12-500x233.png"},"vp_md":{"width":800,"height":373,"mime-type":"image\/png","filesize":187997,"url":"https:\/\/vpdanses.fr\/wp-content\/uploads\/2025\/06\/Capture-decran-2025-06-09-a-07.14.12-800x373.png"},"vp_lg":{"width":1280,"height":597,"mime-type":"image\/png","filesize":361517,"url":"https:\/\/vpdanses.fr\/wp-content\/uploads\/2025\/06\/Capture-decran-2025-06-09-a-07.14.12-1280x597.png"},"vp_xl":{"width":1920,"height":896,"mime-type":"image\/png","filesize":638411,"url":"https:\/\/vpdanses.fr\/wp-content\/uploads\/2025\/06\/Capture-decran-2025-06-09-a-07.14.12-1920x896.png"},"vp_sm_popup":{"width":500,"height":233,"mime-type":"image\/png","filesize":95651,"url":"https:\/\/vpdanses.fr\/wp-content\/uploads\/2025\/06\/Capture-decran-2025-06-09-a-07.14.12-500x233.png"},"vp_md_popup":{"width":800,"height":373,"mime-type":"image\/png","filesize":187997,"url":"https:\/\/vpdanses.fr\/wp-content\/uploads\/2025\/06\/Capture-decran-2025-06-09-a-07.14.12-800x373.png"},"vp_xl_popup":{"width":1920,"height":896,"mime-type":"image\/png","filesize":638411,"url":"https:\/\/vpdanses.fr\/wp-content\/uploads\/2025\/06\/Capture-decran-2025-06-09-a-07.14.12-1920x896.png"},"dance-blog-thumb":{"width":150,"height":120,"mime-type":"image\/png","filesize":22786,"url":"https:\/\/vpdanses.fr\/wp-content\/uploads\/2025\/06\/Capture-decran-2025-06-09-a-07.14.12-150x120.png"},"dance-event-list":{"width":420,"height":336,"mime-type":"image\/png","filesize":93838,"url":"https:\/\/vpdanses.fr\/wp-content\/uploads\/2025\/06\/Capture-decran-2025-06-09-a-07.14.12-420x336.png"},"dance-event-single-type1":{"width":773,"height":520,"mime-type":"image\/png","filesize":208759,"url":"https:\/\/vpdanses.fr\/wp-content\/uploads\/2025\/06\/Capture-decran-2025-06-09-a-07.14.12-773x520.png"},"dance-event-single-type4":{"width":570,"height":460,"mime-type":"image\/png","filesize":144291,"url":"https:\/\/vpdanses.fr\/wp-content\/uploads\/2025\/06\/Capture-decran-2025-06-09-a-07.14.12-570x460.png"},"dance-event-single-type5":{"width":746,"height":770,"mime-type":"image\/png","filesize":237810,"url":"https:\/\/vpdanses.fr\/wp-content\/uploads\/2025\/06\/Capture-decran-2025-06-09-a-07.14.12-746x770.png"},"dance-event-list2":{"width":420,"height":275,"mime-type":"image\/png","filesize":88946,"url":"https:\/\/vpdanses.fr\/wp-content\/uploads\/2025\/06\/Capture-decran-2025-06-09-a-07.14.12-420x275.png"}}},"phone":"03 76 15 00 43","website":"https:\/\/www.facebook.com\/p\/PlanetAire-61553786996231\/","email":"hello@planetaire.fr","json_ld":{"@type":"Person","name":"Planet&rsquo;Aire","description":"&lt;p&gt;Parc de Loisirs Planet\\'Aire \u00e0 Aire-sur-la-Lys (62120)&lt;\/p&gt;\\n","image":"https:\/\/vpdanses.fr\/wp-content\/uploads\/2025\/06\/Capture-decran-2025-06-09-a-07.14.12.png","url":"https:\/\/www.facebook.com\/p\/PlanetAire-61553786996231\/","telephone":"03 76 15 00 43","email":"&#104;el&#108;o&#64;pl&#97;netaire.&#102;&#114;","sameAs":"https:\/\/www.facebook.com\/p\/PlanetAire-61553786996231\/"},"global_id":"vpdanses.fr\/home\/bienvenue-chez-vp-danses-hazebrouck?id=13503","global_id_lineage":["vpdanses.fr\/home\/bienvenue-chez-vp-danses-hazebrouck?id=13503"]}],"custom_fields":[],"json_ld":{"@context":"http:\/\/schema.org","@type":"Event","name":"Stage de Danse Sportive (QUICK STEP et RUMBA) pour d\u00e9butants et interm\u00e9diaires","description":"&lt;p&gt;VP DANSES est ravie de vous proposer un stage de 2h de Danse Sportive. Cette session N\u00b0 2  aura lieu sur votre piste de danse \u00e0 PLANET\\'AIRE \u00e0 Aire-sur-la-Lys et sera d\u00e9di\u00e9e \u00e0 la Valse Lente et \u00e0 la Samba.\u00a0&lt;\/p&gt;\\n","image":"https:\/\/vpdanses.fr\/wp-content\/uploads\/2025\/07\/2025-07-13_0020.Affiche_planet-aire_stage_quick-step_rumba.jpg","url":"https:\/\/vpdanses.fr\/home\/bienvenue-chez-vp-danses-hazebrouck\/evenement\/stage-de-danse-sportive-quick-step-et-rumba-pour-debutants-et-intermediaires\/","eventAttendanceMode":"https:\/\/schema.org\/OfflineEventAttendanceMode","eventStatus":"https:\/\/schema.org\/EventScheduled","startDate":"2025-07-13T10:00:00+02:00","endDate":"2025-07-13T12:00:00+02:00","location":{"@type":"Place","name":"Parc de Loisirs plan\u00e9taire","description":"&lt;p&gt;Avec ses 18 activit\u00e9s en int\u00e9rieur d\u00e9di\u00e9s au divertissement sur 10 230m\u00b2 , le complexe Planet\\'Aire vous promet une aventure inoubliable, que vous soyez petits ou grands !&lt;\/p&gt;\\n","image":"https:\/\/vpdanses.fr\/wp-content\/uploads\/2025\/06\/Capture-decran-2025-06-09-a-07.14.12.png","url":"https:\/\/vpdanses.fr\/home\/bienvenue-chez-vp-danses-hazebrouck\/lieu\/parc-loisirs-planet-aire\/","address":{"@type":"PostalAddress","streetAddress":"1 rue de Constantinople","addressLocality":"Aire-sur-la-Lys","addressRegion":"Nord","postalCode":"62120","addressCountry":"France"},"telephone":"03 76 15 00 43","sameAs":"https:\/\/planetaire.fr"},"organizer":{"@type":"Person","name":"Planet&rsquo;Aire","description":"&lt;p&gt;Parc de Loisirs Planet\\'Aire \u00e0 Aire-sur-la-Lys (62120)&lt;\/p&gt;\\n","image":"https:\/\/vpdanses.fr\/wp-content\/uploads\/2025\/06\/Capture-decran-2025-06-09-a-07.14.12.png","url":"https:\/\/www.facebook.com\/p\/PlanetAire-61553786996231\/","telephone":"03 76 15 00 43","email":"&#104;ello&#64;p&#108;&#97;ne&#116;a&#105;&#114;&#101;&#46;f&#114;","sameAs":"https:\/\/www.facebook.com\/p\/PlanetAire-61553786996231\/"},"offers":{"@type":"Offer","price":"8,00","priceCurrency":"EUR","url":"https:\/\/vpdanses.fr\/home\/bienvenue-chez-vp-danses-hazebrouck\/evenement\/stage-de-danse-sportive-quick-step-et-rumba-pour-debutants-et-intermediaires\/","category":"primary","availability":"inStock","validFrom":"1970-01-01T00:00:00+00:00"},"performer":"Organization"},"event_bgcolor":"","event_text_color":"","ticketed":false}