{"id":13852,"global_id":"vpdanses.fr\/home\/bienvenue-chez-vp-danses-hazebrouck?id=13852","global_id_lineage":["vpdanses.fr\/home\/bienvenue-chez-vp-danses-hazebrouck?id=13852"],"author":"1","status":"publish","date":"2025-07-20 21:44:15","date_utc":"2025-07-20 19:44:15","modified":"2025-08-18 06:02:01","modified_utc":"2025-08-18 04:02:01","url":"https:\/\/vpdanses.fr\/home\/bienvenue-chez-vp-danses-hazebrouck\/evenement\/stage-de-rock-moderne-et-salsa-a-planetaire-aire-sur-la-lys\/","rest_url":"https:\/\/vpdanses.fr\/home\/bienvenue-chez-vp-danses-hazebrouck\/wp-json\/tribe\/events\/v1\/events\/13852","title":"Stage de Rock Moderne et Salsa \u00e0 Planet&rsquo;Aire, Aire-sur-la-Lys","description":"<div  class=\"tribe-events-schedule tribe-clearfix\" >\n\t<p class=\"tribe-events-schedule__datetime\">\n\t\t<span class=\"tribe-events-schedule__date tribe-events-schedule__date--start\">\n\t\t\t\t\t<\/span>\n\n\t\t\t\t\t<span class=\"tribe-events-schedule__separator tribe-events-schedule__separator--date\">\n\t\t\t\t &gt; \t\t\t<\/span>\n\t\t\t<span class=\"tribe-events-schedule__time tribe-events-schedule__time--start\">\n\t\t\t\t\t\t\t<\/span>\n\t\t\n\t\t\t<\/p>\n<\/div>\n\n\n\n<p><\/p>\n\n\n<div  class=\"tribe-block tribe-block__event-price\" >\n\t\t\t\t<span class=\"tribe-block__event-price__description\">Par Personne<\/span>\n\t<\/div>\n\n\n<div  class=\"tribe-block tribe-block__organizer__details tribe-clearfix\" >\n\t<div class=\"tribe-block__organizer__title\">\n\t\t<h3><a href=\"https:\/\/vpdanses.fr\/home\/bienvenue-chez-vp-danses-hazebrouck\/organisateur\/vp-danses-association-de-danses-hazebrouck-saint-jans-cappel-aire-sur-la-lys\/\" title=\"VP DANSES, association de danses Hazebrouck, Saint-Jans-Cappel, Aire-sur-la-Lys\" target=\"_self\" rel=\"\">VP DANSES, association de danses Hazebrouck, Saint-Jans-Cappel, Aire-sur-la-Lys<\/a><\/h3>\n\t<\/div>\n\t\t\t<p class=\"tribe-block__organizer__phone\">0769899751<\/p>\n\t\t\t\t<p class=\"tribe-block__organizer__website\"><a href=\"https:\/\/vpdanses.fr\" target=\"_self\" rel=\"external\">Voir le site Organisateur<\/a><\/p>\n\t\t\t\t<p class=\"tribe-block__organizer__email\">co&#110;t&#097;c&#116;&#064;&#118;pd&#097;&#110;&#115;&#101;&#115;&#046;fr<\/p>\n\t<\/div>\n\n\n<div  class=\"tribe-block tribe-block__venue tribe-clearfix tribe-block__venue--has-map\" >\n\t\n\t\t\n<div class=\"tribe-block__venue__map\">\n\t\n<iframe loading=\"lazy\"\n  title=\"L\u2018iframe Google maps affichant l\u2019adresse \u00e0 Parc de Loisirs plan\u00e9taire\"\n  aria-label=\"Plan des lieux\"\n  width=\"310px\"\n  height=\"256px\"\n  frameborder=\"0\" style=\"border:0\"\n  src=\"https:\/\/www.google.com\/maps\/embed\/v1\/place?key=AIzaSyDNsicAsP6-VuGtAb1O9riI3oc_NOb7IOU&#038;q=1+rue+de+Constantinople+Aire-sur-la-Lys+Nord+62120+France+&#038;zoom=11\" allowfullscreen>\n<\/iframe>\n<\/div>\n\n\t<\/div>","excerpt":"<p>Stage de Rock Moderne et Salsa \u00e0 Planet&rsquo;Aire, Aire-sur-la-Lys<\/p>","slug":"stage-de-rock-moderne-et-salsa-a-planetaire-aire-sur-la-lys","image":{"url":"https:\/\/vpdanses.fr\/wp-content\/uploads\/2025\/07\/2025-09-14.Affiche_planet-aire_Rock_Salsa_w1280x720.jpg","id":14176,"extension":"jpg","width":1280,"height":720,"filesize":255377,"sizes":{"medium":{"width":300,"height":169,"mime-type":"image\/jpeg","filesize":16824,"url":"https:\/\/vpdanses.fr\/wp-content\/uploads\/2025\/07\/2025-09-14.Affiche_planet-aire_Rock_Salsa_w1280x720-300x169.jpg"},"large":{"width":1024,"height":576,"mime-type":"image\/jpeg","filesize":88080,"url":"https:\/\/vpdanses.fr\/wp-content\/uploads\/2025\/07\/2025-09-14.Affiche_planet-aire_Rock_Salsa_w1280x720-1024x576.jpg"},"thumbnail":{"width":150,"height":150,"mime-type":"image\/jpeg","filesize":12894,"url":"https:\/\/vpdanses.fr\/wp-content\/uploads\/2025\/07\/2025-09-14.Affiche_planet-aire_Rock_Salsa_w1280x720-150x150.jpg"},"medium_large":{"width":768,"height":432,"mime-type":"image\/jpeg","filesize":60403,"url":"https:\/\/vpdanses.fr\/wp-content\/uploads\/2025\/07\/2025-09-14.Affiche_planet-aire_Rock_Salsa_w1280x720-768x432.jpg"},"vp_sm":{"width":500,"height":281,"mime-type":"image\/jpeg","filesize":33166,"url":"https:\/\/vpdanses.fr\/wp-content\/uploads\/2025\/07\/2025-09-14.Affiche_planet-aire_Rock_Salsa_w1280x720-500x281.jpg"},"vp_md":{"width":800,"height":450,"mime-type":"image\/jpeg","filesize":63644,"url":"https:\/\/vpdanses.fr\/wp-content\/uploads\/2025\/07\/2025-09-14.Affiche_planet-aire_Rock_Salsa_w1280x720-800x450.jpg"},"vp_sm_popup":{"width":500,"height":281,"mime-type":"image\/jpeg","filesize":33166,"url":"https:\/\/vpdanses.fr\/wp-content\/uploads\/2025\/07\/2025-09-14.Affiche_planet-aire_Rock_Salsa_w1280x720-500x281.jpg"},"vp_md_popup":{"width":800,"height":450,"mime-type":"image\/jpeg","filesize":63644,"url":"https:\/\/vpdanses.fr\/wp-content\/uploads\/2025\/07\/2025-09-14.Affiche_planet-aire_Rock_Salsa_w1280x720-800x450.jpg"},"dance-blog-thumb":{"width":150,"height":120,"mime-type":"image\/jpeg","filesize":10344,"url":"https:\/\/vpdanses.fr\/wp-content\/uploads\/2025\/07\/2025-09-14.Affiche_planet-aire_Rock_Salsa_w1280x720-150x120.jpg"},"dance-event-list":{"width":420,"height":336,"mime-type":"image\/jpeg","filesize":40810,"url":"https:\/\/vpdanses.fr\/wp-content\/uploads\/2025\/07\/2025-09-14.Affiche_planet-aire_Rock_Salsa_w1280x720-420x336.jpg"},"dance-event-single-type1":{"width":773,"height":520,"mime-type":"image\/jpeg","filesize":75807,"url":"https:\/\/vpdanses.fr\/wp-content\/uploads\/2025\/07\/2025-09-14.Affiche_planet-aire_Rock_Salsa_w1280x720-773x520.jpg"},"dance-event-single-type4":{"width":570,"height":460,"mime-type":"image\/jpeg","filesize":63273,"url":"https:\/\/vpdanses.fr\/wp-content\/uploads\/2025\/07\/2025-09-14.Affiche_planet-aire_Rock_Salsa_w1280x720-570x460.jpg"},"dance-event-single-type5":{"width":746,"height":720,"mime-type":"image\/jpeg","filesize":117590,"url":"https:\/\/vpdanses.fr\/wp-content\/uploads\/2025\/07\/2025-09-14.Affiche_planet-aire_Rock_Salsa_w1280x720-746x720.jpg"},"dance-event-list2":{"width":420,"height":275,"mime-type":"image\/jpeg","filesize":31837,"url":"https:\/\/vpdanses.fr\/wp-content\/uploads\/2025\/07\/2025-09-14.Affiche_planet-aire_Rock_Salsa_w1280x720-420x275.jpg"}}},"all_day":false,"start_date":"2025-09-14 10:00:00","start_date_details":{"year":"2025","month":"09","day":"14","hour":"10","minutes":"00","seconds":"00"},"end_date":"2025-09-14 12:00:00","end_date_details":{"year":"2025","month":"09","day":"14","hour":"12","minutes":"00","seconds":"00"},"utc_start_date":"2025-09-14 08:00:00","utc_start_date_details":{"year":"2025","month":"09","day":"14","hour":"08","minutes":"00","seconds":"00"},"utc_end_date":"2025-09-14 10:00:00","utc_end_date_details":{"year":"2025","month":"09","day":"14","hour":"10","minutes":"00","seconds":"00"},"timezone":"Europe\/Paris","timezone_abbr":"","cost":"8\u20ac","cost_details":{"currency_symbol":"\u20ac","currency_code":"EUR","currency_position":"suffix","values":["8"]},"website":"","show_map":false,"show_map_link":false,"hide_from_listings":false,"sticky":true,"featured":true,"categories":[{"name":"Atelier de salsa","slug":"atelier-salsa","term_group":0,"term_taxonomy_id":116,"taxonomy":"tribe_events_cat","description":"Atelier de salsa par 'VP danses'","parent":114,"count":6,"filter":"raw","id":116,"urls":{"self":"https:\/\/vpdanses.fr\/home\/bienvenue-chez-vp-danses-hazebrouck\/wp-json\/tribe\/events\/v1\/categories\/116","collection":"https:\/\/vpdanses.fr\/home\/bienvenue-chez-vp-danses-hazebrouck\/wp-json\/tribe\/events\/v1\/categories","up":"https:\/\/vpdanses.fr\/home\/bienvenue-chez-vp-danses-hazebrouck\/wp-json\/tribe\/events\/v1\/categories\/114"}},{"name":"Ateliers_VP_danses","slug":"ateliers_vp_danses","term_group":0,"term_taxonomy_id":115,"taxonomy":"tribe_events_cat","description":"","parent":0,"count":12,"filter":"raw","id":115,"urls":{"self":"https:\/\/vpdanses.fr\/home\/bienvenue-chez-vp-danses-hazebrouck\/wp-json\/tribe\/events\/v1\/categories\/115","collection":"https:\/\/vpdanses.fr\/home\/bienvenue-chez-vp-danses-hazebrouck\/wp-json\/tribe\/events\/v1\/categories"}},{"name":"Rock Moderne","slug":"rock-moderne","term_group":0,"term_taxonomy_id":344,"taxonomy":"tribe_events_cat","description":"","parent":235,"count":3,"filter":"raw","id":344,"urls":{"self":"https:\/\/vpdanses.fr\/home\/bienvenue-chez-vp-danses-hazebrouck\/wp-json\/tribe\/events\/v1\/categories\/344","collection":"https:\/\/vpdanses.fr\/home\/bienvenue-chez-vp-danses-hazebrouck\/wp-json\/tribe\/events\/v1\/categories","up":"https:\/\/vpdanses.fr\/home\/bienvenue-chez-vp-danses-hazebrouck\/wp-json\/tribe\/events\/v1\/categories\/235"}},{"name":"Salsa","slug":"salsa","term_group":0,"term_taxonomy_id":114,"taxonomy":"tribe_events_cat","description":"Salsa cubaine","parent":0,"count":11,"filter":"raw","id":114,"urls":{"self":"https:\/\/vpdanses.fr\/home\/bienvenue-chez-vp-danses-hazebrouck\/wp-json\/tribe\/events\/v1\/categories\/114","collection":"https:\/\/vpdanses.fr\/home\/bienvenue-chez-vp-danses-hazebrouck\/wp-json\/tribe\/events\/v1\/categories"}},{"name":"Salsa cubaine","slug":"salsa-cubaine","term_group":0,"term_taxonomy_id":255,"taxonomy":"tribe_events_cat","description":"VP DANSES dispense des cours de salsa Cubaine \u00e0 Hazebrouck, Boeschepe, Aire-sur-la-Lys, Saint-Jans-Cappel","parent":0,"count":5,"filter":"raw","id":255,"urls":{"self":"https:\/\/vpdanses.fr\/home\/bienvenue-chez-vp-danses-hazebrouck\/wp-json\/tribe\/events\/v1\/categories\/255","collection":"https:\/\/vpdanses.fr\/home\/bienvenue-chez-vp-danses-hazebrouck\/wp-json\/tribe\/events\/v1\/categories"}},{"name":"Salsa Cubaine","slug":"salsa-cubaine-stage","term_group":0,"term_taxonomy_id":345,"taxonomy":"tribe_events_cat","description":"","parent":235,"count":3,"filter":"raw","id":345,"urls":{"self":"https:\/\/vpdanses.fr\/home\/bienvenue-chez-vp-danses-hazebrouck\/wp-json\/tribe\/events\/v1\/categories\/345","collection":"https:\/\/vpdanses.fr\/home\/bienvenue-chez-vp-danses-hazebrouck\/wp-json\/tribe\/events\/v1\/categories","up":"https:\/\/vpdanses.fr\/home\/bienvenue-chez-vp-danses-hazebrouck\/wp-json\/tribe\/events\/v1\/categories\/235"}},{"name":"Stage","slug":"stage","term_group":0,"term_taxonomy_id":235,"taxonomy":"tribe_events_cat","description":"","parent":0,"count":5,"filter":"raw","id":235,"urls":{"self":"https:\/\/vpdanses.fr\/home\/bienvenue-chez-vp-danses-hazebrouck\/wp-json\/tribe\/events\/v1\/categories\/235","collection":"https:\/\/vpdanses.fr\/home\/bienvenue-chez-vp-danses-hazebrouck\/wp-json\/tribe\/events\/v1\/categories"}},{"name":"Stages de danses \u00e0 Planet'Aire","slug":"stages-danses-planet-aire","term_group":0,"term_taxonomy_id":283,"taxonomy":"tribe_events_cat","description":"Stages de danses \u00e0 deux qui ont lieu \u00e0 Planet'Aire \u00e0 Aire-sur-la-Lys","parent":115,"count":7,"filter":"raw","id":283,"urls":{"self":"https:\/\/vpdanses.fr\/home\/bienvenue-chez-vp-danses-hazebrouck\/wp-json\/tribe\/events\/v1\/categories\/283","collection":"https:\/\/vpdanses.fr\/home\/bienvenue-chez-vp-danses-hazebrouck\/wp-json\/tribe\/events\/v1\/categories","up":"https:\/\/vpdanses.fr\/home\/bienvenue-chez-vp-danses-hazebrouck\/wp-json\/tribe\/events\/v1\/categories\/115"}}],"tags":[],"venue":{"id":13500,"author":"1","status":"publish","date":"2025-06-09 07:15:59","date_utc":"2025-06-09 05:15:59","modified":"2025-06-09 07:15:59","modified_utc":"2025-06-09 05:15:59","url":"https:\/\/vpdanses.fr\/home\/bienvenue-chez-vp-danses-hazebrouck\/lieu\/parc-loisirs-planet-aire\/","venue":"Parc de Loisirs plan\u00e9taire","description":"<p>Avec ses 18 activit\u00e9s en int\u00e9rieur d\u00e9di\u00e9s au divertissement sur 10 230m\u00b2 , le complexe Planet&rsquo;Aire vous promet une aventure inoubliable, que vous soyez petits ou grands.<br \/>\nPlanet\u2019Aire est pr\u00eat \u00e0 accueillir vos \u00e9v\u00e9nements d\u2019entreprise dans nos divers espaces, notamment notre salle phare de 650m\u00b2, offrant une multitude de possibilit\u00e9s pour des r\u00e9unions m\u00e9morables.<\/p>\n<p>En plus de toutes les attractions de Planet&rsquo;Aire, profitez de trois points de restauration et de deux bars, pour une exp\u00e9rience compl\u00e8te de d\u00e9tente et de plaisir.<\/p>\n<p>Planet\u2019Aire se distingue par sa vision audacieuse du divertissement, pour tous les go\u00fbts et tous les \u00e2ges, m\u00ealant plaisir, d\u00e9couverte et convivialit\u00e9.<\/p>","excerpt":"<p>Avec ses 18 activit\u00e9s en int\u00e9rieur d\u00e9di\u00e9s au divertissement sur 10 230m\u00b2 , le complexe Planet&rsquo;Aire vous promet une aventure inoubliable, que vous soyez petits ou grands !<\/p>","slug":"parc-loisirs-planet-aire","image":{"url":"https:\/\/vpdanses.fr\/wp-content\/uploads\/2025\/06\/Capture-decran-2025-06-09-a-07.14.12.png","id":13501,"extension":"png","width":2422,"height":1130,"filesize":1842116,"sizes":{"medium":{"width":300,"height":140,"mime-type":"image\/png","filesize":45964,"url":"https:\/\/vpdanses.fr\/wp-content\/uploads\/2025\/06\/Capture-decran-2025-06-09-a-07.14.12-300x140.png"},"large":{"width":1024,"height":478,"mime-type":"image\/png","filesize":266027,"url":"https:\/\/vpdanses.fr\/wp-content\/uploads\/2025\/06\/Capture-decran-2025-06-09-a-07.14.12-1024x478.png"},"thumbnail":{"width":150,"height":150,"mime-type":"image\/png","filesize":13435,"url":"https:\/\/vpdanses.fr\/wp-content\/uploads\/2025\/06\/Capture-decran-2025-06-09-a-07.14.12-150x150.png"},"medium_large":{"width":768,"height":358,"mime-type":"image\/png","filesize":178223,"url":"https:\/\/vpdanses.fr\/wp-content\/uploads\/2025\/06\/Capture-decran-2025-06-09-a-07.14.12-768x358.png"},"1536x1536":{"width":1536,"height":717,"mime-type":"image\/png","filesize":472161,"url":"https:\/\/vpdanses.fr\/wp-content\/uploads\/2025\/06\/Capture-decran-2025-06-09-a-07.14.12-1536x717.png"},"2048x2048":{"width":2048,"height":956,"mime-type":"image\/png","filesize":706410,"url":"https:\/\/vpdanses.fr\/wp-content\/uploads\/2025\/06\/Capture-decran-2025-06-09-a-07.14.12-2048x956.png"},"vp_sm":{"width":500,"height":233,"mime-type":"image\/png","filesize":95651,"url":"https:\/\/vpdanses.fr\/wp-content\/uploads\/2025\/06\/Capture-decran-2025-06-09-a-07.14.12-500x233.png"},"vp_md":{"width":800,"height":373,"mime-type":"image\/png","filesize":187997,"url":"https:\/\/vpdanses.fr\/wp-content\/uploads\/2025\/06\/Capture-decran-2025-06-09-a-07.14.12-800x373.png"},"vp_lg":{"width":1280,"height":597,"mime-type":"image\/png","filesize":361517,"url":"https:\/\/vpdanses.fr\/wp-content\/uploads\/2025\/06\/Capture-decran-2025-06-09-a-07.14.12-1280x597.png"},"vp_xl":{"width":1920,"height":896,"mime-type":"image\/png","filesize":638411,"url":"https:\/\/vpdanses.fr\/wp-content\/uploads\/2025\/06\/Capture-decran-2025-06-09-a-07.14.12-1920x896.png"},"vp_sm_popup":{"width":500,"height":233,"mime-type":"image\/png","filesize":95651,"url":"https:\/\/vpdanses.fr\/wp-content\/uploads\/2025\/06\/Capture-decran-2025-06-09-a-07.14.12-500x233.png"},"vp_md_popup":{"width":800,"height":373,"mime-type":"image\/png","filesize":187997,"url":"https:\/\/vpdanses.fr\/wp-content\/uploads\/2025\/06\/Capture-decran-2025-06-09-a-07.14.12-800x373.png"},"vp_xl_popup":{"width":1920,"height":896,"mime-type":"image\/png","filesize":638411,"url":"https:\/\/vpdanses.fr\/wp-content\/uploads\/2025\/06\/Capture-decran-2025-06-09-a-07.14.12-1920x896.png"},"dance-blog-thumb":{"width":150,"height":120,"mime-type":"image\/png","filesize":22786,"url":"https:\/\/vpdanses.fr\/wp-content\/uploads\/2025\/06\/Capture-decran-2025-06-09-a-07.14.12-150x120.png"},"dance-event-list":{"width":420,"height":336,"mime-type":"image\/png","filesize":93838,"url":"https:\/\/vpdanses.fr\/wp-content\/uploads\/2025\/06\/Capture-decran-2025-06-09-a-07.14.12-420x336.png"},"dance-event-single-type1":{"width":773,"height":520,"mime-type":"image\/png","filesize":208759,"url":"https:\/\/vpdanses.fr\/wp-content\/uploads\/2025\/06\/Capture-decran-2025-06-09-a-07.14.12-773x520.png"},"dance-event-single-type4":{"width":570,"height":460,"mime-type":"image\/png","filesize":144291,"url":"https:\/\/vpdanses.fr\/wp-content\/uploads\/2025\/06\/Capture-decran-2025-06-09-a-07.14.12-570x460.png"},"dance-event-single-type5":{"width":746,"height":770,"mime-type":"image\/png","filesize":237810,"url":"https:\/\/vpdanses.fr\/wp-content\/uploads\/2025\/06\/Capture-decran-2025-06-09-a-07.14.12-746x770.png"},"dance-event-list2":{"width":420,"height":275,"mime-type":"image\/png","filesize":88946,"url":"https:\/\/vpdanses.fr\/wp-content\/uploads\/2025\/06\/Capture-decran-2025-06-09-a-07.14.12-420x275.png"}}},"address":"1 rue de Constantinople","city":"Aire-sur-la-Lys","country":"France","province":"Nord","zip":"62120","phone":"03 76 15 00 43","website":"https:\/\/planetaire.fr","stateprovince":"Nord","json_ld":{"@type":"Place","name":"Parc de Loisirs plan\u00e9taire","description":"&lt;p&gt;Avec ses 18 activit\u00e9s en int\u00e9rieur d\u00e9di\u00e9s au divertissement sur 10 230m\u00b2 , le complexe Planet\\'Aire vous promet une aventure inoubliable, que vous soyez petits ou grands !&lt;\/p&gt;\\n","image":"https:\/\/vpdanses.fr\/wp-content\/uploads\/2025\/06\/Capture-decran-2025-06-09-a-07.14.12.png","url":"https:\/\/vpdanses.fr\/home\/bienvenue-chez-vp-danses-hazebrouck\/lieu\/parc-loisirs-planet-aire\/","address":{"@type":"PostalAddress","streetAddress":"1 rue de Constantinople","addressLocality":"Aire-sur-la-Lys","addressRegion":"Nord","postalCode":"62120","addressCountry":"France"},"telephone":"03 76 15 00 43","sameAs":"https:\/\/planetaire.fr"},"show_map":true,"show_map_link":true,"global_id":"vpdanses.fr\/home\/bienvenue-chez-vp-danses-hazebrouck?id=13500","global_id_lineage":["vpdanses.fr\/home\/bienvenue-chez-vp-danses-hazebrouck?id=13500"]},"organizer":[{"id":13043,"author":"1","status":"publish","date":"2025-05-12 18:42:29","date_utc":"2025-05-12 16:42:29","modified":"2025-05-12 18:42:29","modified_utc":"2025-05-12 16:42:29","url":"https:\/\/vpdanses.fr\/home\/bienvenue-chez-vp-danses-hazebrouck\/organisateur\/vp-danses-association-de-danses-hazebrouck-saint-jans-cappel-aire-sur-la-lys\/","organizer":"VP DANSES, association de danses Hazebrouck, Saint-Jans-Cappel, Aire-sur-la-Lys","slug":"vp-danses-association-de-danses-hazebrouck-saint-jans-cappel-aire-sur-la-lys","image":{"url":"https:\/\/vpdanses.fr\/wp-content\/uploads\/2025\/02\/2025-02-14.logo_VPdanses_FSD_WDO.png","id":11348,"extension":"png","width":2312,"height":1150,"filesize":1088911,"sizes":{"medium":{"width":300,"height":149,"mime-type":"image\/png","filesize":55133,"url":"https:\/\/vpdanses.fr\/wp-content\/uploads\/2025\/02\/2025-02-14.logo_VPdanses_FSD_WDO-300x149.png"},"large":{"width":1024,"height":509,"mime-type":"image\/png","filesize":369044,"url":"https:\/\/vpdanses.fr\/wp-content\/uploads\/2025\/02\/2025-02-14.logo_VPdanses_FSD_WDO-1024x509.png"},"thumbnail":{"width":150,"height":150,"mime-type":"image\/png","filesize":30715,"url":"https:\/\/vpdanses.fr\/wp-content\/uploads\/2025\/02\/2025-02-14.logo_VPdanses_FSD_WDO-150x150.png"},"medium_large":{"width":768,"height":382,"mime-type":"image\/png","filesize":237242,"url":"https:\/\/vpdanses.fr\/wp-content\/uploads\/2025\/02\/2025-02-14.logo_VPdanses_FSD_WDO-768x382.png"},"1536x1536":{"width":1536,"height":764,"mime-type":"image\/png","filesize":663065,"url":"https:\/\/vpdanses.fr\/wp-content\/uploads\/2025\/02\/2025-02-14.logo_VPdanses_FSD_WDO-1536x764.png"},"2048x2048":{"width":2048,"height":1019,"mime-type":"image\/png","filesize":1001866,"url":"https:\/\/vpdanses.fr\/wp-content\/uploads\/2025\/02\/2025-02-14.logo_VPdanses_FSD_WDO-2048x1019.png"},"vp_sm":{"width":500,"height":249,"mime-type":"image\/png","filesize":121884,"url":"https:\/\/vpdanses.fr\/wp-content\/uploads\/2025\/02\/2025-02-14.logo_VPdanses_FSD_WDO-500x249.png"},"vp_md":{"width":800,"height":398,"mime-type":"image\/png","filesize":253121,"url":"https:\/\/vpdanses.fr\/wp-content\/uploads\/2025\/02\/2025-02-14.logo_VPdanses_FSD_WDO-800x398.png"},"vp_lg":{"width":1280,"height":637,"mime-type":"image\/png","filesize":511231,"url":"https:\/\/vpdanses.fr\/wp-content\/uploads\/2025\/02\/2025-02-14.logo_VPdanses_FSD_WDO-1280x637.png"},"vp_xl":{"width":1920,"height":955,"mime-type":"image\/png","filesize":914020,"url":"https:\/\/vpdanses.fr\/wp-content\/uploads\/2025\/02\/2025-02-14.logo_VPdanses_FSD_WDO-1920x955.png"},"vp_sm_popup":{"width":500,"height":249,"mime-type":"image\/png","filesize":121884,"url":"https:\/\/vpdanses.fr\/wp-content\/uploads\/2025\/02\/2025-02-14.logo_VPdanses_FSD_WDO-500x249.png"},"vp_md_popup":{"width":800,"height":398,"mime-type":"image\/png","filesize":253121,"url":"https:\/\/vpdanses.fr\/wp-content\/uploads\/2025\/02\/2025-02-14.logo_VPdanses_FSD_WDO-800x398.png"},"vp_xl_popup":{"width":1920,"height":955,"mime-type":"image\/png","filesize":914020,"url":"https:\/\/vpdanses.fr\/wp-content\/uploads\/2025\/02\/2025-02-14.logo_VPdanses_FSD_WDO-1920x955.png"},"dance-blog-thumb":{"width":150,"height":120,"mime-type":"image\/png","filesize":27971,"url":"https:\/\/vpdanses.fr\/wp-content\/uploads\/2025\/02\/2025-02-14.logo_VPdanses_FSD_WDO-150x120.png"},"dance-event-list":{"width":420,"height":336,"mime-type":"image\/png","filesize":139538,"url":"https:\/\/vpdanses.fr\/wp-content\/uploads\/2025\/02\/2025-02-14.logo_VPdanses_FSD_WDO-420x336.png"},"dance-event-single-type1":{"width":773,"height":520,"mime-type":"image\/png","filesize":322408,"url":"https:\/\/vpdanses.fr\/wp-content\/uploads\/2025\/02\/2025-02-14.logo_VPdanses_FSD_WDO-773x520.png"},"dance-event-single-type4":{"width":570,"height":460,"mime-type":"image\/png","filesize":224016,"url":"https:\/\/vpdanses.fr\/wp-content\/uploads\/2025\/02\/2025-02-14.logo_VPdanses_FSD_WDO-570x460.png"},"dance-event-single-type5":{"width":746,"height":770,"mime-type":"image\/png","filesize":363451,"url":"https:\/\/vpdanses.fr\/wp-content\/uploads\/2025\/02\/2025-02-14.logo_VPdanses_FSD_WDO-746x770.png"},"dance-event-list2":{"width":420,"height":275,"mime-type":"image\/png","filesize":123910,"url":"https:\/\/vpdanses.fr\/wp-content\/uploads\/2025\/02\/2025-02-14.logo_VPdanses_FSD_WDO-420x275.png"}}},"phone":"0769899751","website":"https:\/\/vpdanses.fr","email":"contact@vpdanses.fr","json_ld":{"@type":"Person","name":"VP DANSES, association de danses Hazebrouck, Saint-Jans-Cappel, Aire-sur-la-Lys","description":"","image":"https:\/\/vpdanses.fr\/wp-content\/uploads\/2025\/02\/2025-02-14.logo_VPdanses_FSD_WDO.png","url":"https:\/\/vpdanses.fr","telephone":"0769899751","email":"c&#111;n&#116;&#97;&#99;t&#64;vpda&#110;s&#101;&#115;&#46;fr","sameAs":"https:\/\/vpdanses.fr"},"global_id":"vpdanses.fr\/home\/bienvenue-chez-vp-danses-hazebrouck?id=13043","global_id_lineage":["vpdanses.fr\/home\/bienvenue-chez-vp-danses-hazebrouck?id=13043"]}],"custom_fields":[],"json_ld":{"@context":"http:\/\/schema.org","@type":"Event","name":"Stage de Rock Moderne et Salsa \u00e0 Planet&rsquo;Aire, Aire-sur-la-Lys","description":"&lt;p&gt;Stage de Rock Moderne et Salsa \u00e0 Planet\\'Aire, Aire-sur-la-Lys&lt;\/p&gt;\\n","image":"https:\/\/vpdanses.fr\/wp-content\/uploads\/2025\/07\/2025-09-14.Affiche_planet-aire_Rock_Salsa_w1280x720.jpg","url":"https:\/\/vpdanses.fr\/home\/bienvenue-chez-vp-danses-hazebrouck\/evenement\/stage-de-rock-moderne-et-salsa-a-planetaire-aire-sur-la-lys\/","eventAttendanceMode":"https:\/\/schema.org\/OfflineEventAttendanceMode","eventStatus":"https:\/\/schema.org\/EventScheduled","startDate":"2025-09-14T10:00:00+02:00","endDate":"2025-09-14T12:00:00+02:00","location":{"@type":"Place","name":"Parc de Loisirs plan\u00e9taire","description":"&lt;p&gt;Avec ses 18 activit\u00e9s en int\u00e9rieur d\u00e9di\u00e9s au divertissement sur 10 230m\u00b2 , le complexe Planet\\'Aire vous promet une aventure inoubliable, que vous soyez petits ou grands !&lt;\/p&gt;\\n","image":"https:\/\/vpdanses.fr\/wp-content\/uploads\/2025\/06\/Capture-decran-2025-06-09-a-07.14.12.png","url":"https:\/\/vpdanses.fr\/home\/bienvenue-chez-vp-danses-hazebrouck\/lieu\/parc-loisirs-planet-aire\/","address":{"@type":"PostalAddress","streetAddress":"1 rue de Constantinople","addressLocality":"Aire-sur-la-Lys","addressRegion":"Nord","postalCode":"62120","addressCountry":"France"},"telephone":"03 76 15 00 43","sameAs":"https:\/\/planetaire.fr"},"organizer":{"@type":"Person","name":"VP DANSES, association de danses Hazebrouck, Saint-Jans-Cappel, Aire-sur-la-Lys","description":"","image":"https:\/\/vpdanses.fr\/wp-content\/uploads\/2025\/02\/2025-02-14.logo_VPdanses_FSD_WDO.png","url":"https:\/\/vpdanses.fr","telephone":"0769899751","email":"c&#111;&#110;tact&#64;vpd&#97;ns&#101;&#115;.&#102;r","sameAs":"https:\/\/vpdanses.fr"},"offers":{"@type":"Offer","price":"8","priceCurrency":"EUR","url":"https:\/\/vpdanses.fr\/home\/bienvenue-chez-vp-danses-hazebrouck\/evenement\/stage-de-rock-moderne-et-salsa-a-planetaire-aire-sur-la-lys\/","category":"primary","availability":"inStock","validFrom":"1970-01-01T00:00:00+00:00"},"performer":"Organization"},"event_bgcolor":"","event_text_color":"","ticketed":false}