{"id":10171,"date":"2024-11-17T13:55:23","date_gmt":"2024-11-17T12:55:23","guid":{"rendered":"https:\/\/vpdanses.fr\/?p=10171"},"modified":"2024-11-18T07:20:17","modified_gmt":"2024-11-18T06:20:17","slug":"stage-de-salsa-anime-par-esteban-isnardi-organise-par-valdanse","status":"publish","type":"post","link":"https:\/\/vpdanses.fr\/home\/bienvenue-chez-vp-danses-hazebrouck\/stage-de-salsa-anime-par-esteban-isnardi-organise-par-valdanse\/","title":{"rendered":"Stage de Salsa captivanT anim\u00e9 par Esteban ISNARDI, orchestr\u00e9 par VALDANSE !"},"content":{"rendered":"\n<hr class=\"wp-block-separator has-alpha-channel-opacity\"\/>\n\n\n\n<div class=\"wp-block-media-text is-stacked-on-mobile\"><figure class=\"wp-block-media-text__media\"><video controls src=\"https:\/\/vpdanses.fr\/wp-content\/uploads\/2024\/11\/IMG_0293.mov\"><\/video><\/figure><div class=\"wp-block-media-text__content\">\n<p>Les figures de salsa que nous avons r\u00e9alis\u00e9es : <\/p>\n\n\n\n<p>\u2022 CRUZA<\/p>\n\n\n\n<p>\u2022 PUENTA (fr. Pont &#8211; DILE QUE NO + ENSHUFLA)<\/p>\n\n\n\n<p>\u2022 AURA DOBLE<\/p>\n\n\n\n<p>\u2022 PATIN SILENCIO (d\u00fb au stop sur le temps n\u00b0 5)<\/p>\n\n\n\n<p>\u2022 LINEA CON MIGO (fr. En ligne avec moi)<\/p>\n\n\n\n<p>\u2022 PREPARATION<\/p>\n\n\n\n<p>\u2022 DILE QUE NO<\/p>\n\n\n\n<p>\u2022 DAME x 4 (10 couples)<\/p>\n\n\n\n<p>\u2022 RUEDA CON MIGO<\/p>\n\n\n\n<p>\u2022 DILE QUE NO<\/p>\n\n\n\n<hr class=\"wp-block-separator has-alpha-channel-opacity\"\/>\n\n\n\n<div style=\"height:21px\" aria-hidden=\"true\" class=\"wp-block-spacer\"><\/div>\n\n\n\n<figure class=\"wp-block-gallery has-nested-images columns-default is-cropped wp-block-gallery-1 is-layout-flex wp-block-gallery-is-layout-flex\">\n<figure class=\"wp-block-image size-large\"><noscript><img loading=\"lazy\" decoding=\"async\" width=\"1024\" height=\"768\" data-id=\"10183\" data-skip-lazy src=\"https:\/\/vpdanses.fr\/wp-content\/uploads\/2024\/11\/IMG_0289_Virginie_Philippe-1024x768.jpg\" alt=\"VP DANSES au Stage de salsa anim\u00e9 par Esteban ISNARDI et organis\u00e9 par VALDANSES, 16\/11\/2024\" class=\"wp-image-10183\" srcset=\"https:\/\/vpdanses.fr\/wp-content\/uploads\/2024\/11\/IMG_0289_Virginie_Philippe-1024x768.jpg 1024w, https:\/\/vpdanses.fr\/wp-content\/uploads\/2024\/11\/IMG_0289_Virginie_Philippe-300x225.jpg 300w, https:\/\/vpdanses.fr\/wp-content\/uploads\/2024\/11\/IMG_0289_Virginie_Philippe-768x576.jpg 768w, https:\/\/vpdanses.fr\/wp-content\/uploads\/2024\/11\/IMG_0289_Virginie_Philippe.jpg 1080w\" sizes=\"auto, (max-width: 1024px) 100vw, 1024px\" \/><\/noscript><img loading=\"eager\" decoding=\"async\" width=\"1024\" height=\"768\" data-id=\"10183\" src=\"https:\/\/vpdanses.fr\/wp-content\/uploads\/2024\/11\/IMG_0289_Virginie_Philippe-1024x768.jpg\" alt=\"VP DANSES au Stage de salsa anim\u00e9 par Esteban ISNARDI et organis\u00e9 par VALDANSES, 16\/11\/2024\" class=\"wp-image-10183 vp-lazyload\" srcset=\"data:image\/svg+xml;base64,PHN2ZyB3aWR0aD0iMTAyNCIgaGVpZ2h0PSI3NjgiIHZpZXdCb3g9IjAgMCAxMDI0IDc2OCIgZmlsbD0ibm9uZSIgeG1sbnM9Imh0dHA6Ly93d3cudzMub3JnLzIwMDAvc3ZnIj48L3N2Zz4=\" data-src=\"https:\/\/vpdanses.fr\/wp-content\/uploads\/2024\/11\/IMG_0289_Virginie_Philippe-1024x768.jpg\" data-srcset=\"https:\/\/vpdanses.fr\/wp-content\/uploads\/2024\/11\/IMG_0289_Virginie_Philippe-1024x768.jpg 1024w, https:\/\/vpdanses.fr\/wp-content\/uploads\/2024\/11\/IMG_0289_Virginie_Philippe-300x225.jpg 300w, https:\/\/vpdanses.fr\/wp-content\/uploads\/2024\/11\/IMG_0289_Virginie_Philippe-768x576.jpg 768w, https:\/\/vpdanses.fr\/wp-content\/uploads\/2024\/11\/IMG_0289_Virginie_Philippe.jpg 1080w\" data-sizes=\"auto\"><\/figure>\n\n\n\n<figure class=\"wp-block-image size-large\"><noscript><img loading=\"lazy\" decoding=\"async\" width=\"1024\" height=\"587\" data-id=\"10184\" data-skip-lazy src=\"https:\/\/vpdanses.fr\/wp-content\/uploads\/2024\/11\/IMG_0294_Celine_W1080-1024x587.jpg\" alt=\"VP DANSES au Stage de salsa anim\u00e9 par Esteban ISNARDI et organis\u00e9 par VALDANSES, 16\/11\/2024\" class=\"wp-image-10184\" srcset=\"https:\/\/vpdanses.fr\/wp-content\/uploads\/2024\/11\/IMG_0294_Celine_W1080-1024x587.jpg 1024w, https:\/\/vpdanses.fr\/wp-content\/uploads\/2024\/11\/IMG_0294_Celine_W1080-300x172.jpg 300w, https:\/\/vpdanses.fr\/wp-content\/uploads\/2024\/11\/IMG_0294_Celine_W1080-768x440.jpg 768w, https:\/\/vpdanses.fr\/wp-content\/uploads\/2024\/11\/IMG_0294_Celine_W1080.jpg 1080w\" sizes=\"auto, (max-width: 1024px) 100vw, 1024px\" \/><\/noscript><img loading=\"eager\" decoding=\"async\" width=\"1024\" height=\"587\" data-id=\"10184\" src=\"https:\/\/vpdanses.fr\/wp-content\/uploads\/2024\/11\/IMG_0294_Celine_W1080-1024x587.jpg\" alt=\"VP DANSES au Stage de salsa anim\u00e9 par Esteban ISNARDI et organis\u00e9 par VALDANSES, 16\/11\/2024\" class=\"wp-image-10184 vp-lazyload\" srcset=\"data:image\/svg+xml;base64,PHN2ZyB3aWR0aD0iMTAyNCIgaGVpZ2h0PSI1ODciIHZpZXdCb3g9IjAgMCAxMDI0IDU4NyIgZmlsbD0ibm9uZSIgeG1sbnM9Imh0dHA6Ly93d3cudzMub3JnLzIwMDAvc3ZnIj48L3N2Zz4=\" data-src=\"https:\/\/vpdanses.fr\/wp-content\/uploads\/2024\/11\/IMG_0294_Celine_W1080-1024x587.jpg\" data-srcset=\"https:\/\/vpdanses.fr\/wp-content\/uploads\/2024\/11\/IMG_0294_Celine_W1080-1024x587.jpg 1024w, https:\/\/vpdanses.fr\/wp-content\/uploads\/2024\/11\/IMG_0294_Celine_W1080-300x172.jpg 300w, https:\/\/vpdanses.fr\/wp-content\/uploads\/2024\/11\/IMG_0294_Celine_W1080-768x440.jpg 768w, https:\/\/vpdanses.fr\/wp-content\/uploads\/2024\/11\/IMG_0294_Celine_W1080.jpg 1080w\" data-sizes=\"auto\"><\/figure>\n\n\n\n<figure class=\"wp-block-image size-large\"><noscript><img loading=\"lazy\" decoding=\"async\" width=\"1024\" height=\"698\" data-id=\"10189\" data-skip-lazy src=\"https:\/\/vpdanses.fr\/wp-content\/uploads\/2024\/11\/IMG_0318_Celine_Esteban_W1080-1024x698.jpg\" alt=\"VP DANSES au Stage de salsa anim\u00e9 par Esteban ISNARDI et organis\u00e9 par VALDANSES, 16\/11\/2024\" class=\"wp-image-10189\" srcset=\"https:\/\/vpdanses.fr\/wp-content\/uploads\/2024\/11\/IMG_0318_Celine_Esteban_W1080-1024x698.jpg 1024w, https:\/\/vpdanses.fr\/wp-content\/uploads\/2024\/11\/IMG_0318_Celine_Esteban_W1080-300x204.jpg 300w, https:\/\/vpdanses.fr\/wp-content\/uploads\/2024\/11\/IMG_0318_Celine_Esteban_W1080-768x523.jpg 768w, https:\/\/vpdanses.fr\/wp-content\/uploads\/2024\/11\/IMG_0318_Celine_Esteban_W1080.jpg 1080w\" sizes=\"auto, (max-width: 1024px) 100vw, 1024px\" \/><\/noscript><img loading=\"eager\" decoding=\"async\" width=\"1024\" height=\"698\" data-id=\"10189\" src=\"https:\/\/vpdanses.fr\/wp-content\/uploads\/2024\/11\/IMG_0318_Celine_Esteban_W1080-1024x698.jpg\" alt=\"VP DANSES au Stage de salsa anim\u00e9 par Esteban ISNARDI et organis\u00e9 par VALDANSES, 16\/11\/2024\" class=\"wp-image-10189 vp-lazyload\" srcset=\"data:image\/svg+xml;base64,PHN2ZyB3aWR0aD0iMTAyNCIgaGVpZ2h0PSI2OTgiIHZpZXdCb3g9IjAgMCAxMDI0IDY5OCIgZmlsbD0ibm9uZSIgeG1sbnM9Imh0dHA6Ly93d3cudzMub3JnLzIwMDAvc3ZnIj48L3N2Zz4=\" data-src=\"https:\/\/vpdanses.fr\/wp-content\/uploads\/2024\/11\/IMG_0318_Celine_Esteban_W1080-1024x698.jpg\" data-srcset=\"https:\/\/vpdanses.fr\/wp-content\/uploads\/2024\/11\/IMG_0318_Celine_Esteban_W1080-1024x698.jpg 1024w, https:\/\/vpdanses.fr\/wp-content\/uploads\/2024\/11\/IMG_0318_Celine_Esteban_W1080-300x204.jpg 300w, https:\/\/vpdanses.fr\/wp-content\/uploads\/2024\/11\/IMG_0318_Celine_Esteban_W1080-768x523.jpg 768w, https:\/\/vpdanses.fr\/wp-content\/uploads\/2024\/11\/IMG_0318_Celine_Esteban_W1080.jpg 1080w\" data-sizes=\"auto\"><\/figure>\n\n\n\n<figure class=\"wp-block-image size-large\"><noscript><img loading=\"lazy\" decoding=\"async\" width=\"1024\" height=\"647\" data-id=\"10188\" data-skip-lazy src=\"https:\/\/vpdanses.fr\/wp-content\/uploads\/2024\/11\/IMG_0310_Celine_Esteban_W1080-1024x647.jpg\" alt=\"VP DANSES au Stage de salsa anim\u00e9 par Esteban ISNARDI et organis\u00e9 par VALDANSES, 16\/11\/2024\" class=\"wp-image-10188\" srcset=\"https:\/\/vpdanses.fr\/wp-content\/uploads\/2024\/11\/IMG_0310_Celine_Esteban_W1080-1024x647.jpg 1024w, https:\/\/vpdanses.fr\/wp-content\/uploads\/2024\/11\/IMG_0310_Celine_Esteban_W1080-300x189.jpg 300w, https:\/\/vpdanses.fr\/wp-content\/uploads\/2024\/11\/IMG_0310_Celine_Esteban_W1080-768x485.jpg 768w, https:\/\/vpdanses.fr\/wp-content\/uploads\/2024\/11\/IMG_0310_Celine_Esteban_W1080.jpg 1080w\" sizes=\"auto, (max-width: 1024px) 100vw, 1024px\" \/><\/noscript><img loading=\"eager\" decoding=\"async\" width=\"1024\" height=\"647\" data-id=\"10188\" src=\"https:\/\/vpdanses.fr\/wp-content\/uploads\/2024\/11\/IMG_0310_Celine_Esteban_W1080-1024x647.jpg\" alt=\"VP DANSES au Stage de salsa anim\u00e9 par Esteban ISNARDI et organis\u00e9 par VALDANSES, 16\/11\/2024\" class=\"wp-image-10188 vp-lazyload\" srcset=\"data:image\/svg+xml;base64,PHN2ZyB3aWR0aD0iMTAyNCIgaGVpZ2h0PSI2NDciIHZpZXdCb3g9IjAgMCAxMDI0IDY0NyIgZmlsbD0ibm9uZSIgeG1sbnM9Imh0dHA6Ly93d3cudzMub3JnLzIwMDAvc3ZnIj48L3N2Zz4=\" data-src=\"https:\/\/vpdanses.fr\/wp-content\/uploads\/2024\/11\/IMG_0310_Celine_Esteban_W1080-1024x647.jpg\" data-srcset=\"https:\/\/vpdanses.fr\/wp-content\/uploads\/2024\/11\/IMG_0310_Celine_Esteban_W1080-1024x647.jpg 1024w, https:\/\/vpdanses.fr\/wp-content\/uploads\/2024\/11\/IMG_0310_Celine_Esteban_W1080-300x189.jpg 300w, https:\/\/vpdanses.fr\/wp-content\/uploads\/2024\/11\/IMG_0310_Celine_Esteban_W1080-768x485.jpg 768w, https:\/\/vpdanses.fr\/wp-content\/uploads\/2024\/11\/IMG_0310_Celine_Esteban_W1080.jpg 1080w\" data-sizes=\"auto\"><\/figure>\n\n\n\n<figure class=\"wp-block-image size-large\"><noscript><img loading=\"lazy\" decoding=\"async\" width=\"1024\" height=\"768\" data-id=\"10172\" data-skip-lazy src=\"https:\/\/vpdanses.fr\/wp-content\/uploads\/2024\/11\/IMG_0291_W1080_Esteban-1024x768.jpg\" alt=\"VP DANSES au stage de salsa anim\u00e9 par Esteban ISNARDI et organis\u00e9 par VALDANSE, 16\/11\/2024\" class=\"wp-image-10172\" srcset=\"https:\/\/vpdanses.fr\/wp-content\/uploads\/2024\/11\/IMG_0291_W1080_Esteban-1024x768.jpg 1024w, https:\/\/vpdanses.fr\/wp-content\/uploads\/2024\/11\/IMG_0291_W1080_Esteban-300x225.jpg 300w, https:\/\/vpdanses.fr\/wp-content\/uploads\/2024\/11\/IMG_0291_W1080_Esteban-768x576.jpg 768w, https:\/\/vpdanses.fr\/wp-content\/uploads\/2024\/11\/IMG_0291_W1080_Esteban.jpg 1080w\" sizes=\"auto, (max-width: 1024px) 100vw, 1024px\" \/><\/noscript><img loading=\"eager\" decoding=\"async\" width=\"1024\" height=\"768\" data-id=\"10172\" src=\"https:\/\/vpdanses.fr\/wp-content\/uploads\/2024\/11\/IMG_0291_W1080_Esteban-1024x768.jpg\" alt=\"VP DANSES au stage de salsa anim\u00e9 par Esteban ISNARDI et organis\u00e9 par VALDANSE, 16\/11\/2024\" class=\"wp-image-10172 vp-lazyload\" srcset=\"data:image\/svg+xml;base64,PHN2ZyB3aWR0aD0iMTAyNCIgaGVpZ2h0PSI3NjgiIHZpZXdCb3g9IjAgMCAxMDI0IDc2OCIgZmlsbD0ibm9uZSIgeG1sbnM9Imh0dHA6Ly93d3cudzMub3JnLzIwMDAvc3ZnIj48L3N2Zz4=\" data-src=\"https:\/\/vpdanses.fr\/wp-content\/uploads\/2024\/11\/IMG_0291_W1080_Esteban-1024x768.jpg\" data-srcset=\"https:\/\/vpdanses.fr\/wp-content\/uploads\/2024\/11\/IMG_0291_W1080_Esteban-1024x768.jpg 1024w, https:\/\/vpdanses.fr\/wp-content\/uploads\/2024\/11\/IMG_0291_W1080_Esteban-300x225.jpg 300w, https:\/\/vpdanses.fr\/wp-content\/uploads\/2024\/11\/IMG_0291_W1080_Esteban-768x576.jpg 768w, https:\/\/vpdanses.fr\/wp-content\/uploads\/2024\/11\/IMG_0291_W1080_Esteban.jpg 1080w\" data-sizes=\"auto\"><\/figure>\n\n\n\n<figure class=\"wp-block-image size-large\"><noscript><img loading=\"lazy\" decoding=\"async\" width=\"1024\" height=\"768\" data-id=\"10185\" data-skip-lazy src=\"https:\/\/vpdanses.fr\/wp-content\/uploads\/2024\/11\/IMG_0296_Veronique_W1080-1024x768.jpg\" alt=\"VP DANSES au Stage de salsa anim\u00e9 par Esteban ISNARDI et organis\u00e9 par VALDANSES, 16\/11\/2024\" class=\"wp-image-10185\" srcset=\"https:\/\/vpdanses.fr\/wp-content\/uploads\/2024\/11\/IMG_0296_Veronique_W1080-1024x768.jpg 1024w, https:\/\/vpdanses.fr\/wp-content\/uploads\/2024\/11\/IMG_0296_Veronique_W1080-300x225.jpg 300w, https:\/\/vpdanses.fr\/wp-content\/uploads\/2024\/11\/IMG_0296_Veronique_W1080-768x576.jpg 768w, https:\/\/vpdanses.fr\/wp-content\/uploads\/2024\/11\/IMG_0296_Veronique_W1080.jpg 1080w\" sizes=\"auto, (max-width: 1024px) 100vw, 1024px\" \/><\/noscript><img loading=\"eager\" decoding=\"async\" width=\"1024\" height=\"768\" data-id=\"10185\" src=\"https:\/\/vpdanses.fr\/wp-content\/uploads\/2024\/11\/IMG_0296_Veronique_W1080-1024x768.jpg\" alt=\"VP DANSES au Stage de salsa anim\u00e9 par Esteban ISNARDI et organis\u00e9 par VALDANSES, 16\/11\/2024\" class=\"wp-image-10185 vp-lazyload\" srcset=\"data:image\/svg+xml;base64,PHN2ZyB3aWR0aD0iMTAyNCIgaGVpZ2h0PSI3NjgiIHZpZXdCb3g9IjAgMCAxMDI0IDc2OCIgZmlsbD0ibm9uZSIgeG1sbnM9Imh0dHA6Ly93d3cudzMub3JnLzIwMDAvc3ZnIj48L3N2Zz4=\" data-src=\"https:\/\/vpdanses.fr\/wp-content\/uploads\/2024\/11\/IMG_0296_Veronique_W1080-1024x768.jpg\" data-srcset=\"https:\/\/vpdanses.fr\/wp-content\/uploads\/2024\/11\/IMG_0296_Veronique_W1080-1024x768.jpg 1024w, https:\/\/vpdanses.fr\/wp-content\/uploads\/2024\/11\/IMG_0296_Veronique_W1080-300x225.jpg 300w, https:\/\/vpdanses.fr\/wp-content\/uploads\/2024\/11\/IMG_0296_Veronique_W1080-768x576.jpg 768w, https:\/\/vpdanses.fr\/wp-content\/uploads\/2024\/11\/IMG_0296_Veronique_W1080.jpg 1080w\" data-sizes=\"auto\"><\/figure>\n\n\n\n<figure class=\"wp-block-image size-large\"><noscript><img loading=\"lazy\" decoding=\"async\" width=\"1024\" height=\"768\" data-id=\"10186\" data-skip-lazy src=\"https:\/\/vpdanses.fr\/wp-content\/uploads\/2024\/11\/IMG_0299_Esteban_Veronique_W1080-1024x768.jpg\" alt=\"VP DANSES au Stage de salsa anim\u00e9 par Esteban ISNARDI et organis\u00e9 par VALDANSES, 16\/11\/2024\" class=\"wp-image-10186\" srcset=\"https:\/\/vpdanses.fr\/wp-content\/uploads\/2024\/11\/IMG_0299_Esteban_Veronique_W1080-1024x768.jpg 1024w, https:\/\/vpdanses.fr\/wp-content\/uploads\/2024\/11\/IMG_0299_Esteban_Veronique_W1080-300x225.jpg 300w, https:\/\/vpdanses.fr\/wp-content\/uploads\/2024\/11\/IMG_0299_Esteban_Veronique_W1080-768x576.jpg 768w, https:\/\/vpdanses.fr\/wp-content\/uploads\/2024\/11\/IMG_0299_Esteban_Veronique_W1080.jpg 1080w\" sizes=\"auto, (max-width: 1024px) 100vw, 1024px\" \/><\/noscript><img loading=\"eager\" decoding=\"async\" width=\"1024\" height=\"768\" data-id=\"10186\" src=\"https:\/\/vpdanses.fr\/wp-content\/uploads\/2024\/11\/IMG_0299_Esteban_Veronique_W1080-1024x768.jpg\" alt=\"VP DANSES au Stage de salsa anim\u00e9 par Esteban ISNARDI et organis\u00e9 par VALDANSES, 16\/11\/2024\" class=\"wp-image-10186 vp-lazyload\" srcset=\"data:image\/svg+xml;base64,PHN2ZyB3aWR0aD0iMTAyNCIgaGVpZ2h0PSI3NjgiIHZpZXdCb3g9IjAgMCAxMDI0IDc2OCIgZmlsbD0ibm9uZSIgeG1sbnM9Imh0dHA6Ly93d3cudzMub3JnLzIwMDAvc3ZnIj48L3N2Zz4=\" data-src=\"https:\/\/vpdanses.fr\/wp-content\/uploads\/2024\/11\/IMG_0299_Esteban_Veronique_W1080-1024x768.jpg\" data-srcset=\"https:\/\/vpdanses.fr\/wp-content\/uploads\/2024\/11\/IMG_0299_Esteban_Veronique_W1080-1024x768.jpg 1024w, https:\/\/vpdanses.fr\/wp-content\/uploads\/2024\/11\/IMG_0299_Esteban_Veronique_W1080-300x225.jpg 300w, https:\/\/vpdanses.fr\/wp-content\/uploads\/2024\/11\/IMG_0299_Esteban_Veronique_W1080-768x576.jpg 768w, https:\/\/vpdanses.fr\/wp-content\/uploads\/2024\/11\/IMG_0299_Esteban_Veronique_W1080.jpg 1080w\" data-sizes=\"auto\"><\/figure>\n\n\n\n<figure class=\"wp-block-image size-large\"><noscript><img loading=\"lazy\" decoding=\"async\" width=\"1024\" height=\"768\" data-id=\"10187\" data-skip-lazy src=\"https:\/\/vpdanses.fr\/wp-content\/uploads\/2024\/11\/IMG_0302_Celine_Salvatore_W1080-1024x768.jpg\" alt=\"VP DANSES au Stage de salsa anim\u00e9 par Esteban ISNARDI et organis\u00e9 par VALDANSES, 16\/11\/2024\" class=\"wp-image-10187\" srcset=\"https:\/\/vpdanses.fr\/wp-content\/uploads\/2024\/11\/IMG_0302_Celine_Salvatore_W1080-1024x768.jpg 1024w, https:\/\/vpdanses.fr\/wp-content\/uploads\/2024\/11\/IMG_0302_Celine_Salvatore_W1080-300x225.jpg 300w, https:\/\/vpdanses.fr\/wp-content\/uploads\/2024\/11\/IMG_0302_Celine_Salvatore_W1080-768x576.jpg 768w, https:\/\/vpdanses.fr\/wp-content\/uploads\/2024\/11\/IMG_0302_Celine_Salvatore_W1080.jpg 1080w\" sizes=\"auto, (max-width: 1024px) 100vw, 1024px\" \/><\/noscript><img loading=\"eager\" decoding=\"async\" width=\"1024\" height=\"768\" data-id=\"10187\" src=\"https:\/\/vpdanses.fr\/wp-content\/uploads\/2024\/11\/IMG_0302_Celine_Salvatore_W1080-1024x768.jpg\" alt=\"VP DANSES au Stage de salsa anim\u00e9 par Esteban ISNARDI et organis\u00e9 par VALDANSES, 16\/11\/2024\" class=\"wp-image-10187 vp-lazyload\" srcset=\"data:image\/svg+xml;base64,PHN2ZyB3aWR0aD0iMTAyNCIgaGVpZ2h0PSI3NjgiIHZpZXdCb3g9IjAgMCAxMDI0IDc2OCIgZmlsbD0ibm9uZSIgeG1sbnM9Imh0dHA6Ly93d3cudzMub3JnLzIwMDAvc3ZnIj48L3N2Zz4=\" data-src=\"https:\/\/vpdanses.fr\/wp-content\/uploads\/2024\/11\/IMG_0302_Celine_Salvatore_W1080-1024x768.jpg\" data-srcset=\"https:\/\/vpdanses.fr\/wp-content\/uploads\/2024\/11\/IMG_0302_Celine_Salvatore_W1080-1024x768.jpg 1024w, https:\/\/vpdanses.fr\/wp-content\/uploads\/2024\/11\/IMG_0302_Celine_Salvatore_W1080-300x225.jpg 300w, https:\/\/vpdanses.fr\/wp-content\/uploads\/2024\/11\/IMG_0302_Celine_Salvatore_W1080-768x576.jpg 768w, https:\/\/vpdanses.fr\/wp-content\/uploads\/2024\/11\/IMG_0302_Celine_Salvatore_W1080.jpg 1080w\" data-sizes=\"auto\"><\/figure>\n<\/figure>\n<\/div><\/div>\n\n\n\n<hr class=\"wp-block-separator has-alpha-channel-opacity\"\/>\n\n\n\n<h2 class=\"wp-block-heading\"><strong>Suivez les pas de nos ami(e)s danseurs et restez en rythme avec leur actualit\u00e9 !<\/strong> : <\/h2>\n\n\n\n<div class=\"wp-block-media-text is-stacked-on-mobile\"><figure class=\"wp-block-media-text__media\"><noscript><img loading=\"lazy\" decoding=\"async\" width=\"1024\" height=\"527\" data-skip-lazy src=\"https:\/\/vpdanses.fr\/wp-content\/uploads\/2024\/11\/VALDANSE_Facebook_W1080-1024x527.jpg\" alt=\"\" class=\"wp-image-10177 size-full\" srcset=\"https:\/\/vpdanses.fr\/wp-content\/uploads\/2024\/11\/VALDANSE_Facebook_W1080-1024x527.jpg 1024w, https:\/\/vpdanses.fr\/wp-content\/uploads\/2024\/11\/VALDANSE_Facebook_W1080-300x154.jpg 300w, https:\/\/vpdanses.fr\/wp-content\/uploads\/2024\/11\/VALDANSE_Facebook_W1080-768x395.jpg 768w, https:\/\/vpdanses.fr\/wp-content\/uploads\/2024\/11\/VALDANSE_Facebook_W1080.jpg 1080w\" sizes=\"auto, (max-width: 1024px) 100vw, 1024px\" \/><\/noscript><img loading=\"eager\" decoding=\"async\" width=\"1024\" height=\"527\" src=\"https:\/\/vpdanses.fr\/wp-content\/uploads\/2024\/11\/VALDANSE_Facebook_W1080-1024x527.jpg\" alt class=\"wp-image-10177 size-full vp-lazyload\" srcset=\"data:image\/svg+xml;base64,PHN2ZyB3aWR0aD0iMTAyNCIgaGVpZ2h0PSI1MjciIHZpZXdCb3g9IjAgMCAxMDI0IDUyNyIgZmlsbD0ibm9uZSIgeG1sbnM9Imh0dHA6Ly93d3cudzMub3JnLzIwMDAvc3ZnIj48L3N2Zz4=\" data-src=\"https:\/\/vpdanses.fr\/wp-content\/uploads\/2024\/11\/VALDANSE_Facebook_W1080-1024x527.jpg\" data-srcset=\"https:\/\/vpdanses.fr\/wp-content\/uploads\/2024\/11\/VALDANSE_Facebook_W1080-1024x527.jpg 1024w, https:\/\/vpdanses.fr\/wp-content\/uploads\/2024\/11\/VALDANSE_Facebook_W1080-300x154.jpg 300w, https:\/\/vpdanses.fr\/wp-content\/uploads\/2024\/11\/VALDANSE_Facebook_W1080-768x395.jpg 768w, https:\/\/vpdanses.fr\/wp-content\/uploads\/2024\/11\/VALDANSE_Facebook_W1080.jpg 1080w\" data-sizes=\"auto\"><\/figure><div class=\"wp-block-media-text__content\">\n<p><a href=\"https:\/\/www.facebook.com\/valdanse\/\" target=\"_blank\" rel=\"noopener\" title=\"VALDANSE\">VALDANSE<\/a>, Cours de Salsa et de Rock \u00e0 Valenciennes <\/p>\n<\/div><\/div>\n\n\n\n<div class=\"wp-block-media-text is-stacked-on-mobile\"><figure class=\"wp-block-media-text__media\"><noscript><img loading=\"lazy\" decoding=\"async\" width=\"1024\" height=\"578\" data-skip-lazy src=\"https:\/\/vpdanses.fr\/wp-content\/uploads\/2024\/11\/Esteban_Isnardi_facebook_W1080-1024x578.jpg\" alt=\"Esteban ISNARDI, figure mondiale embl\u00e9matique de la Salsa Cubaine\" class=\"wp-image-10180 size-full\" srcset=\"https:\/\/vpdanses.fr\/wp-content\/uploads\/2024\/11\/Esteban_Isnardi_facebook_W1080-1024x578.jpg 1024w, https:\/\/vpdanses.fr\/wp-content\/uploads\/2024\/11\/Esteban_Isnardi_facebook_W1080-300x169.jpg 300w, https:\/\/vpdanses.fr\/wp-content\/uploads\/2024\/11\/Esteban_Isnardi_facebook_W1080-768x434.jpg 768w, https:\/\/vpdanses.fr\/wp-content\/uploads\/2024\/11\/Esteban_Isnardi_facebook_W1080.jpg 1080w\" sizes=\"auto, (max-width: 1024px) 100vw, 1024px\" \/><\/noscript><img loading=\"eager\" decoding=\"async\" width=\"1024\" height=\"578\" src=\"https:\/\/vpdanses.fr\/wp-content\/uploads\/2024\/11\/Esteban_Isnardi_facebook_W1080-1024x578.jpg\" alt=\"Esteban ISNARDI, figure mondiale embl\u00e9matique de la Salsa Cubaine\" class=\"wp-image-10180 size-full vp-lazyload\" srcset=\"data:image\/svg+xml;base64,PHN2ZyB3aWR0aD0iMTAyNCIgaGVpZ2h0PSI1NzgiIHZpZXdCb3g9IjAgMCAxMDI0IDU3OCIgZmlsbD0ibm9uZSIgeG1sbnM9Imh0dHA6Ly93d3cudzMub3JnLzIwMDAvc3ZnIj48L3N2Zz4=\" data-src=\"https:\/\/vpdanses.fr\/wp-content\/uploads\/2024\/11\/Esteban_Isnardi_facebook_W1080-1024x578.jpg\" data-srcset=\"https:\/\/vpdanses.fr\/wp-content\/uploads\/2024\/11\/Esteban_Isnardi_facebook_W1080-1024x578.jpg 1024w, https:\/\/vpdanses.fr\/wp-content\/uploads\/2024\/11\/Esteban_Isnardi_facebook_W1080-300x169.jpg 300w, https:\/\/vpdanses.fr\/wp-content\/uploads\/2024\/11\/Esteban_Isnardi_facebook_W1080-768x434.jpg 768w, https:\/\/vpdanses.fr\/wp-content\/uploads\/2024\/11\/Esteban_Isnardi_facebook_W1080.jpg 1080w\" data-sizes=\"auto\"><\/figure><div class=\"wp-block-media-text__content\">\n<p><a href=\"https:\/\/www.facebook.com\/EstebanIsnardi2\/\" target=\"_blank\" rel=\"noopener\" title=\"\">Esteban ISNARDI<\/a>, figure embl\u00e9matique de la Salsa Cubaine<\/p>\n<\/div><\/div>\n","protected":false},"excerpt":{"rendered":"<p>Suivez les pas de nos ami(e)s danseurs et restez en rythme avec leur actualit\u00e9 ! : VALDANSE, Cours de Salsa et de Rock \u00e0 Valenciennes Esteban ISNARDI, figure embl\u00e9matique de [&hellip;]<\/p>\n","protected":false},"author":1,"featured_media":10172,"comment_status":"closed","ping_status":"closed","sticky":false,"template":"","format":"standard","meta":{"_uag_custom_page_level_css":"","_price":"","_stock":"","_tribe_ticket_header":"","_tribe_default_ticket_provider":"","_tribe_ticket_capacity":"0","_ticket_start_date":"","_ticket_end_date":"","_tribe_ticket_show_description":"","_tribe_ticket_show_not_going":false,"_tribe_ticket_use_global_stock":"","_tribe_ticket_global_stock_level":"","_global_stock_mode":"","_global_stock_cap":"","_tribe_rsvp_for_event":"","_tribe_ticket_going_count":"","_tribe_ticket_not_going_count":"","_tribe_tickets_list":"[]","_tribe_ticket_has_attendee_info_fields":false,"_EventAllDay":false,"_EventTimezone":"","_EventStartDate":"","_EventEndDate":"","_EventStartDateUTC":"","_EventEndDateUTC":"","_EventShowMap":false,"_EventShowMapLink":false,"_EventURL":"","_EventCost":"","_EventCostDescription":"","_EventCurrencySymbol":"","_EventCurrencyCode":"","_EventCurrencyPosition":"","_EventDateTimeSeparator":"","_EventTimeRangeSeparator":"","_EventOrganizerID":[],"_EventVenueID":[],"_OrganizerEmail":"","_OrganizerPhone":"","_OrganizerWebsite":"","_VenueAddress":"","_VenueCity":"","_VenueCountry":"","_VenueProvince":"","_VenueState":"","_VenueZip":"","_VenuePhone":"","_VenueURL":"","_VenueStateProvince":"","_VenueLat":"","_VenueLng":"","_VenueShowMap":false,"_VenueShowMapLink":false,"_vp_format_video_url":"","_vp_image_focal_point":[],"_jetpack_memberships_contains_paid_content":false,"footnotes":""},"categories":[159],"tags":[127],"class_list":["post-10171","post","type-post","status-publish","format-standard","has-post-thumbnail","hentry","category-salsa","tag-salsa"],"yoast_head":"<!-- This site is optimized with the Yoast SEO Premium plugin v25.6 (Yoast SEO v25.6) - https:\/\/yoast.com\/wordpress\/plugins\/seo\/ -->\n<title>Stage de Salsa captivanT anim\u00e9 par Esteban ISNARDI, orchestr\u00e9 par VALDANSE ! - VP DANSES, cours de Danse Sportive \u00e0 Aire-sur-la-Lys et \u00e0 Saint-Jans-Cappel (Hauts-de-France)<\/title>\n<meta name=\"robots\" content=\"index, follow, max-snippet:-1, max-image-preview:large, max-video-preview:-1\" \/>\n<link rel=\"canonical\" href=\"https:\/\/vpdanses.fr\/home\/bienvenue-chez-vp-danses-hazebrouck\/stage-de-salsa-anime-par-esteban-isnardi-organise-par-valdanse\/\" \/>\n<meta property=\"og:locale\" content=\"fr_FR\" \/>\n<meta property=\"og:type\" content=\"article\" \/>\n<meta property=\"og:title\" content=\"Stage de Salsa captivanT anim\u00e9 par Esteban ISNARDI, orchestr\u00e9 par VALDANSE !\" \/>\n<meta property=\"og:description\" content=\"Suivez les pas de nos ami(e)s danseurs et restez en rythme avec leur actualit\u00e9 ! : VALDANSE, Cours de Salsa et de Rock \u00e0 Valenciennes Esteban ISNARDI, figure embl\u00e9matique de [&hellip;]\" \/>\n<meta property=\"og:url\" content=\"https:\/\/vpdanses.fr\/home\/bienvenue-chez-vp-danses-hazebrouck\/stage-de-salsa-anime-par-esteban-isnardi-organise-par-valdanse\/\" \/>\n<meta property=\"og:site_name\" content=\"VP DANSES, cours de Danse Sportive \u00e0 Aire-sur-la-Lys et \u00e0 Saint-Jans-Cappel (Hauts-de-France)\" \/>\n<meta property=\"article:published_time\" content=\"2024-11-17T12:55:23+00:00\" \/>\n<meta property=\"article:modified_time\" content=\"2024-11-18T06:20:17+00:00\" \/>\n<meta property=\"og:image\" content=\"https:\/\/vpdanses.fr\/wp-content\/uploads\/2024\/11\/IMG_0291_W1080_Esteban.jpg\" \/>\n\t<meta property=\"og:image:width\" content=\"1080\" \/>\n\t<meta property=\"og:image:height\" content=\"810\" \/>\n\t<meta property=\"og:image:type\" content=\"image\/jpeg\" \/>\n<meta name=\"author\" content=\"VP DANSES\" \/>\n<meta name=\"twitter:card\" content=\"summary_large_image\" \/>\n<meta name=\"twitter:label1\" content=\"\u00c9crit par\" \/>\n\t<meta name=\"twitter:data1\" content=\"VP DANSES\" \/>\n<script type=\"application\/ld+json\" class=\"yoast-schema-graph\">{\"@context\":\"https:\/\/schema.org\",\"@graph\":[{\"@type\":\"Article\",\"@id\":\"https:\/\/vpdanses.fr\/home\/bienvenue-chez-vp-danses-hazebrouck\/stage-de-salsa-anime-par-esteban-isnardi-organise-par-valdanse\/#article\",\"isPartOf\":{\"@id\":\"https:\/\/vpdanses.fr\/home\/bienvenue-chez-vp-danses-hazebrouck\/stage-de-salsa-anime-par-esteban-isnardi-organise-par-valdanse\/\"},\"author\":{\"name\":\"VP DANSES\",\"@id\":\"https:\/\/vpdanses.fr\/home\/bienvenue-chez-vp-danses-hazebrouck\/#\/schema\/person\/bf87806369778f949b83c9cd885519e5\"},\"headline\":\"Stage de Salsa captivanT anim\u00e9 par Esteban ISNARDI, orchestr\u00e9 par VALDANSE !\",\"datePublished\":\"2024-11-17T12:55:23+00:00\",\"dateModified\":\"2024-11-18T06:20:17+00:00\",\"mainEntityOfPage\":{\"@id\":\"https:\/\/vpdanses.fr\/home\/bienvenue-chez-vp-danses-hazebrouck\/stage-de-salsa-anime-par-esteban-isnardi-organise-par-valdanse\/\"},\"wordCount\":95,\"publisher\":{\"@id\":\"https:\/\/vpdanses.fr\/home\/bienvenue-chez-vp-danses-hazebrouck\/#organization\"},\"image\":{\"@id\":\"https:\/\/vpdanses.fr\/home\/bienvenue-chez-vp-danses-hazebrouck\/stage-de-salsa-anime-par-esteban-isnardi-organise-par-valdanse\/#primaryimage\"},\"thumbnailUrl\":\"https:\/\/vpdanses.fr\/wp-content\/uploads\/2024\/11\/IMG_0291_W1080_Esteban.jpg\",\"keywords\":[\"SALSA\"],\"articleSection\":[\"Salsa\"],\"inLanguage\":\"fr-FR\"},{\"@type\":\"WebPage\",\"@id\":\"https:\/\/vpdanses.fr\/home\/bienvenue-chez-vp-danses-hazebrouck\/stage-de-salsa-anime-par-esteban-isnardi-organise-par-valdanse\/\",\"url\":\"https:\/\/vpdanses.fr\/home\/bienvenue-chez-vp-danses-hazebrouck\/stage-de-salsa-anime-par-esteban-isnardi-organise-par-valdanse\/\",\"name\":\"Stage de Salsa captivanT anim\u00e9 par Esteban ISNARDI, orchestr\u00e9 par VALDANSE ! - VP DANSES, cours de Danse Sportive \u00e0 Aire-sur-la-Lys et \u00e0 Saint-Jans-Cappel (Hauts-de-France)\",\"isPartOf\":{\"@id\":\"https:\/\/vpdanses.fr\/home\/bienvenue-chez-vp-danses-hazebrouck\/#website\"},\"primaryImageOfPage\":{\"@id\":\"https:\/\/vpdanses.fr\/home\/bienvenue-chez-vp-danses-hazebrouck\/stage-de-salsa-anime-par-esteban-isnardi-organise-par-valdanse\/#primaryimage\"},\"image\":{\"@id\":\"https:\/\/vpdanses.fr\/home\/bienvenue-chez-vp-danses-hazebrouck\/stage-de-salsa-anime-par-esteban-isnardi-organise-par-valdanse\/#primaryimage\"},\"thumbnailUrl\":\"https:\/\/vpdanses.fr\/wp-content\/uploads\/2024\/11\/IMG_0291_W1080_Esteban.jpg\",\"datePublished\":\"2024-11-17T12:55:23+00:00\",\"dateModified\":\"2024-11-18T06:20:17+00:00\",\"breadcrumb\":{\"@id\":\"https:\/\/vpdanses.fr\/home\/bienvenue-chez-vp-danses-hazebrouck\/stage-de-salsa-anime-par-esteban-isnardi-organise-par-valdanse\/#breadcrumb\"},\"inLanguage\":\"fr-FR\",\"potentialAction\":[{\"@type\":\"ReadAction\",\"target\":[\"https:\/\/vpdanses.fr\/home\/bienvenue-chez-vp-danses-hazebrouck\/stage-de-salsa-anime-par-esteban-isnardi-organise-par-valdanse\/\"]}]},{\"@type\":\"ImageObject\",\"inLanguage\":\"fr-FR\",\"@id\":\"https:\/\/vpdanses.fr\/home\/bienvenue-chez-vp-danses-hazebrouck\/stage-de-salsa-anime-par-esteban-isnardi-organise-par-valdanse\/#primaryimage\",\"url\":\"https:\/\/vpdanses.fr\/wp-content\/uploads\/2024\/11\/IMG_0291_W1080_Esteban.jpg\",\"contentUrl\":\"https:\/\/vpdanses.fr\/wp-content\/uploads\/2024\/11\/IMG_0291_W1080_Esteban.jpg\",\"width\":1080,\"height\":810,\"caption\":\"VP DANSES au stage de salsa anim\u00e9 par Esteban ISNARDI et organis\u00e9 par VALDANSE, 16\/11\/2024\"},{\"@type\":\"BreadcrumbList\",\"@id\":\"https:\/\/vpdanses.fr\/home\/bienvenue-chez-vp-danses-hazebrouck\/stage-de-salsa-anime-par-esteban-isnardi-organise-par-valdanse\/#breadcrumb\",\"itemListElement\":[{\"@type\":\"ListItem\",\"position\":1,\"name\":\"Accueil\",\"item\":\"https:\/\/vpdanses.fr\/home\/bienvenue-chez-vp-danses-hazebrouck\/\"},{\"@type\":\"ListItem\",\"position\":2,\"name\":\"Stage de Salsa captivanT anim\u00e9 par Esteban ISNARDI, orchestr\u00e9 par VALDANSE !\"}]},{\"@type\":\"WebSite\",\"@id\":\"https:\/\/vpdanses.fr\/home\/bienvenue-chez-vp-danses-hazebrouck\/#website\",\"url\":\"https:\/\/vpdanses.fr\/home\/bienvenue-chez-vp-danses-hazebrouck\/\",\"name\":\"VP DANSES, cours de Danse Sportive \u00e0 Aire-sur-la-Lys et \u00e0 Saint-Jans-Cappel (Hauts-de-France)\",\"description\":\"Cours de Danse Sportive STANDARD (valse anglaise, tango, valse viennoise, slowfox, quickstep), danses sportives LATINES (samba, chacha, rumba, paso doble, jive), danses de bal, danses de salons, danses de loisirs, salsa, rock 4 temps, rock 6 temps, danses en ligne, disco, \u2026 Lieu : Hazebrouck, Aire-sur-la-Lys, Saint-Jans-Cappel et Isbergues (Hauts-de-France) - Cours Particuliers dans les Hauts-de-France - Ouverture de bal de Mariage\",\"publisher\":{\"@id\":\"https:\/\/vpdanses.fr\/home\/bienvenue-chez-vp-danses-hazebrouck\/#organization\"},\"potentialAction\":[{\"@type\":\"SearchAction\",\"target\":{\"@type\":\"EntryPoint\",\"urlTemplate\":\"https:\/\/vpdanses.fr\/home\/bienvenue-chez-vp-danses-hazebrouck\/?s={search_term_string}\"},\"query-input\":{\"@type\":\"PropertyValueSpecification\",\"valueRequired\":true,\"valueName\":\"search_term_string\"}}],\"inLanguage\":\"fr-FR\"},{\"@type\":\"Organization\",\"@id\":\"https:\/\/vpdanses.fr\/home\/bienvenue-chez-vp-danses-hazebrouck\/#organization\",\"name\":\"VP DANSES, cours de Danse Sportive \u00e0 Aire-sur-la-Lys et \u00e0 Saint-Jans-Cappel (Hauts-de-France)\",\"url\":\"https:\/\/vpdanses.fr\/home\/bienvenue-chez-vp-danses-hazebrouck\/\",\"logo\":{\"@type\":\"ImageObject\",\"inLanguage\":\"fr-FR\",\"@id\":\"https:\/\/vpdanses.fr\/home\/bienvenue-chez-vp-danses-hazebrouck\/#\/schema\/logo\/image\/\",\"url\":\"https:\/\/vpdanses.fr\/wp-content\/uploads\/2024\/10\/logo_cadanse_asaintjans.jpeg\",\"contentUrl\":\"https:\/\/vpdanses.fr\/wp-content\/uploads\/2024\/10\/logo_cadanse_asaintjans.jpeg\",\"width\":225,\"height\":225,\"caption\":\"VP DANSES, cours de Danse Sportive \u00e0 Aire-sur-la-Lys et \u00e0 Saint-Jans-Cappel (Hauts-de-France)\"},\"image\":{\"@id\":\"https:\/\/vpdanses.fr\/home\/bienvenue-chez-vp-danses-hazebrouck\/#\/schema\/logo\/image\/\"}},{\"@type\":\"Person\",\"@id\":\"https:\/\/vpdanses.fr\/home\/bienvenue-chez-vp-danses-hazebrouck\/#\/schema\/person\/bf87806369778f949b83c9cd885519e5\",\"name\":\"VP DANSES\",\"description\":\"\\\"VP danses\\\" est une association qui donne des cours de DANSES SPORTIVES STANDARDS (valse anglaise, tango, valse viennoise, slowfox, quickstep), de DANSES SPORTIVES LATINES (samba, chacha, rumba, paso doble, jive), de DANSES DE BAL, de DANSES DE SALONS, de DANSES DE LOISIRS, de SALSA, de ROCK 4 TEMPS, de ROCK 6 TEMPS, de DANSES EN LIGNE, de DISCO, \u2026\",\"sameAs\":[\"https:\/\/vpdanses.fr\"],\"url\":\"https:\/\/vpdanses.fr\/home\/bienvenue-chez-vp-danses-hazebrouck\/author\/adminvp20241018\/\"}]}<\/script>\n<!-- \/ Yoast SEO Premium plugin. -->","yoast_head_json":{"title":"Stage de Salsa captivanT anim\u00e9 par Esteban ISNARDI, orchestr\u00e9 par VALDANSE ! - VP DANSES, cours de Danse Sportive \u00e0 Aire-sur-la-Lys et \u00e0 Saint-Jans-Cappel (Hauts-de-France)","robots":{"index":"index","follow":"follow","max-snippet":"max-snippet:-1","max-image-preview":"max-image-preview:large","max-video-preview":"max-video-preview:-1"},"canonical":"https:\/\/vpdanses.fr\/home\/bienvenue-chez-vp-danses-hazebrouck\/stage-de-salsa-anime-par-esteban-isnardi-organise-par-valdanse\/","og_locale":"fr_FR","og_type":"article","og_title":"Stage de Salsa captivanT anim\u00e9 par Esteban ISNARDI, orchestr\u00e9 par VALDANSE !","og_description":"Suivez les pas de nos ami(e)s danseurs et restez en rythme avec leur actualit\u00e9 ! : VALDANSE, Cours de Salsa et de Rock \u00e0 Valenciennes Esteban ISNARDI, figure embl\u00e9matique de [&hellip;]","og_url":"https:\/\/vpdanses.fr\/home\/bienvenue-chez-vp-danses-hazebrouck\/stage-de-salsa-anime-par-esteban-isnardi-organise-par-valdanse\/","og_site_name":"VP DANSES, cours de Danse Sportive \u00e0 Aire-sur-la-Lys et \u00e0 Saint-Jans-Cappel (Hauts-de-France)","article_published_time":"2024-11-17T12:55:23+00:00","article_modified_time":"2024-11-18T06:20:17+00:00","og_image":[{"width":1080,"height":810,"url":"https:\/\/vpdanses.fr\/wp-content\/uploads\/2024\/11\/IMG_0291_W1080_Esteban.jpg","type":"image\/jpeg"}],"author":"VP DANSES","twitter_card":"summary_large_image","twitter_misc":{"\u00c9crit par":"VP DANSES"},"schema":{"@context":"https:\/\/schema.org","@graph":[{"@type":"Article","@id":"https:\/\/vpdanses.fr\/home\/bienvenue-chez-vp-danses-hazebrouck\/stage-de-salsa-anime-par-esteban-isnardi-organise-par-valdanse\/#article","isPartOf":{"@id":"https:\/\/vpdanses.fr\/home\/bienvenue-chez-vp-danses-hazebrouck\/stage-de-salsa-anime-par-esteban-isnardi-organise-par-valdanse\/"},"author":{"name":"VP DANSES","@id":"https:\/\/vpdanses.fr\/home\/bienvenue-chez-vp-danses-hazebrouck\/#\/schema\/person\/bf87806369778f949b83c9cd885519e5"},"headline":"Stage de Salsa captivanT anim\u00e9 par Esteban ISNARDI, orchestr\u00e9 par VALDANSE !","datePublished":"2024-11-17T12:55:23+00:00","dateModified":"2024-11-18T06:20:17+00:00","mainEntityOfPage":{"@id":"https:\/\/vpdanses.fr\/home\/bienvenue-chez-vp-danses-hazebrouck\/stage-de-salsa-anime-par-esteban-isnardi-organise-par-valdanse\/"},"wordCount":95,"publisher":{"@id":"https:\/\/vpdanses.fr\/home\/bienvenue-chez-vp-danses-hazebrouck\/#organization"},"image":{"@id":"https:\/\/vpdanses.fr\/home\/bienvenue-chez-vp-danses-hazebrouck\/stage-de-salsa-anime-par-esteban-isnardi-organise-par-valdanse\/#primaryimage"},"thumbnailUrl":"https:\/\/vpdanses.fr\/wp-content\/uploads\/2024\/11\/IMG_0291_W1080_Esteban.jpg","keywords":["SALSA"],"articleSection":["Salsa"],"inLanguage":"fr-FR"},{"@type":"WebPage","@id":"https:\/\/vpdanses.fr\/home\/bienvenue-chez-vp-danses-hazebrouck\/stage-de-salsa-anime-par-esteban-isnardi-organise-par-valdanse\/","url":"https:\/\/vpdanses.fr\/home\/bienvenue-chez-vp-danses-hazebrouck\/stage-de-salsa-anime-par-esteban-isnardi-organise-par-valdanse\/","name":"Stage de Salsa captivanT anim\u00e9 par Esteban ISNARDI, orchestr\u00e9 par VALDANSE ! - VP DANSES, cours de Danse Sportive \u00e0 Aire-sur-la-Lys et \u00e0 Saint-Jans-Cappel (Hauts-de-France)","isPartOf":{"@id":"https:\/\/vpdanses.fr\/home\/bienvenue-chez-vp-danses-hazebrouck\/#website"},"primaryImageOfPage":{"@id":"https:\/\/vpdanses.fr\/home\/bienvenue-chez-vp-danses-hazebrouck\/stage-de-salsa-anime-par-esteban-isnardi-organise-par-valdanse\/#primaryimage"},"image":{"@id":"https:\/\/vpdanses.fr\/home\/bienvenue-chez-vp-danses-hazebrouck\/stage-de-salsa-anime-par-esteban-isnardi-organise-par-valdanse\/#primaryimage"},"thumbnailUrl":"https:\/\/vpdanses.fr\/wp-content\/uploads\/2024\/11\/IMG_0291_W1080_Esteban.jpg","datePublished":"2024-11-17T12:55:23+00:00","dateModified":"2024-11-18T06:20:17+00:00","breadcrumb":{"@id":"https:\/\/vpdanses.fr\/home\/bienvenue-chez-vp-danses-hazebrouck\/stage-de-salsa-anime-par-esteban-isnardi-organise-par-valdanse\/#breadcrumb"},"inLanguage":"fr-FR","potentialAction":[{"@type":"ReadAction","target":["https:\/\/vpdanses.fr\/home\/bienvenue-chez-vp-danses-hazebrouck\/stage-de-salsa-anime-par-esteban-isnardi-organise-par-valdanse\/"]}]},{"@type":"ImageObject","inLanguage":"fr-FR","@id":"https:\/\/vpdanses.fr\/home\/bienvenue-chez-vp-danses-hazebrouck\/stage-de-salsa-anime-par-esteban-isnardi-organise-par-valdanse\/#primaryimage","url":"https:\/\/vpdanses.fr\/wp-content\/uploads\/2024\/11\/IMG_0291_W1080_Esteban.jpg","contentUrl":"https:\/\/vpdanses.fr\/wp-content\/uploads\/2024\/11\/IMG_0291_W1080_Esteban.jpg","width":1080,"height":810,"caption":"VP DANSES au stage de salsa anim\u00e9 par Esteban ISNARDI et organis\u00e9 par VALDANSE, 16\/11\/2024"},{"@type":"BreadcrumbList","@id":"https:\/\/vpdanses.fr\/home\/bienvenue-chez-vp-danses-hazebrouck\/stage-de-salsa-anime-par-esteban-isnardi-organise-par-valdanse\/#breadcrumb","itemListElement":[{"@type":"ListItem","position":1,"name":"Accueil","item":"https:\/\/vpdanses.fr\/home\/bienvenue-chez-vp-danses-hazebrouck\/"},{"@type":"ListItem","position":2,"name":"Stage de Salsa captivanT anim\u00e9 par Esteban ISNARDI, orchestr\u00e9 par VALDANSE !"}]},{"@type":"WebSite","@id":"https:\/\/vpdanses.fr\/home\/bienvenue-chez-vp-danses-hazebrouck\/#website","url":"https:\/\/vpdanses.fr\/home\/bienvenue-chez-vp-danses-hazebrouck\/","name":"VP DANSES, cours de Danse Sportive \u00e0 Aire-sur-la-Lys et \u00e0 Saint-Jans-Cappel (Hauts-de-France)","description":"Cours de Danse Sportive STANDARD (valse anglaise, tango, valse viennoise, slowfox, quickstep), danses sportives LATINES (samba, chacha, rumba, paso doble, jive), danses de bal, danses de salons, danses de loisirs, salsa, rock 4 temps, rock 6 temps, danses en ligne, disco, \u2026 Lieu : Hazebrouck, Aire-sur-la-Lys, Saint-Jans-Cappel et Isbergues (Hauts-de-France) - Cours Particuliers dans les Hauts-de-France - Ouverture de bal de Mariage","publisher":{"@id":"https:\/\/vpdanses.fr\/home\/bienvenue-chez-vp-danses-hazebrouck\/#organization"},"potentialAction":[{"@type":"SearchAction","target":{"@type":"EntryPoint","urlTemplate":"https:\/\/vpdanses.fr\/home\/bienvenue-chez-vp-danses-hazebrouck\/?s={search_term_string}"},"query-input":{"@type":"PropertyValueSpecification","valueRequired":true,"valueName":"search_term_string"}}],"inLanguage":"fr-FR"},{"@type":"Organization","@id":"https:\/\/vpdanses.fr\/home\/bienvenue-chez-vp-danses-hazebrouck\/#organization","name":"VP DANSES, cours de Danse Sportive \u00e0 Aire-sur-la-Lys et \u00e0 Saint-Jans-Cappel (Hauts-de-France)","url":"https:\/\/vpdanses.fr\/home\/bienvenue-chez-vp-danses-hazebrouck\/","logo":{"@type":"ImageObject","inLanguage":"fr-FR","@id":"https:\/\/vpdanses.fr\/home\/bienvenue-chez-vp-danses-hazebrouck\/#\/schema\/logo\/image\/","url":"https:\/\/vpdanses.fr\/wp-content\/uploads\/2024\/10\/logo_cadanse_asaintjans.jpeg","contentUrl":"https:\/\/vpdanses.fr\/wp-content\/uploads\/2024\/10\/logo_cadanse_asaintjans.jpeg","width":225,"height":225,"caption":"VP DANSES, cours de Danse Sportive \u00e0 Aire-sur-la-Lys et \u00e0 Saint-Jans-Cappel (Hauts-de-France)"},"image":{"@id":"https:\/\/vpdanses.fr\/home\/bienvenue-chez-vp-danses-hazebrouck\/#\/schema\/logo\/image\/"}},{"@type":"Person","@id":"https:\/\/vpdanses.fr\/home\/bienvenue-chez-vp-danses-hazebrouck\/#\/schema\/person\/bf87806369778f949b83c9cd885519e5","name":"VP DANSES","description":"\"VP danses\" est une association qui donne des cours de DANSES SPORTIVES STANDARDS (valse anglaise, tango, valse viennoise, slowfox, quickstep), de DANSES SPORTIVES LATINES (samba, chacha, rumba, paso doble, jive), de DANSES DE BAL, de DANSES DE SALONS, de DANSES DE LOISIRS, de SALSA, de ROCK 4 TEMPS, de ROCK 6 TEMPS, de DANSES EN LIGNE, de DISCO, \u2026","sameAs":["https:\/\/vpdanses.fr"],"url":"https:\/\/vpdanses.fr\/home\/bienvenue-chez-vp-danses-hazebrouck\/author\/adminvp20241018\/"}]}},"jetpack_featured_media_url":"https:\/\/vpdanses.fr\/wp-content\/uploads\/2024\/11\/IMG_0291_W1080_Esteban.jpg","uagb_featured_image_src":{"full":["https:\/\/vpdanses.fr\/wp-content\/uploads\/2024\/11\/IMG_0291_W1080_Esteban.jpg",1080,810,false],"thumbnail":["https:\/\/vpdanses.fr\/wp-content\/uploads\/2024\/11\/IMG_0291_W1080_Esteban-150x150.jpg",150,150,true],"medium":["https:\/\/vpdanses.fr\/wp-content\/uploads\/2024\/11\/IMG_0291_W1080_Esteban-300x225.jpg",300,225,true],"medium_large":["https:\/\/vpdanses.fr\/wp-content\/uploads\/2024\/11\/IMG_0291_W1080_Esteban-768x576.jpg",768,576,true],"large":["https:\/\/vpdanses.fr\/wp-content\/uploads\/2024\/11\/IMG_0291_W1080_Esteban-1024x768.jpg",1024,768,true],"1536x1536":["https:\/\/vpdanses.fr\/wp-content\/uploads\/2024\/11\/IMG_0291_W1080_Esteban.jpg",1080,810,false],"2048x2048":["https:\/\/vpdanses.fr\/wp-content\/uploads\/2024\/11\/IMG_0291_W1080_Esteban.jpg",1080,810,false],"vp_sm":["https:\/\/vpdanses.fr\/wp-content\/uploads\/2024\/11\/IMG_0291_W1080_Esteban.jpg",500,375,false],"vp_md":["https:\/\/vpdanses.fr\/wp-content\/uploads\/2024\/11\/IMG_0291_W1080_Esteban.jpg",800,600,false],"vp_lg":["https:\/\/vpdanses.fr\/wp-content\/uploads\/2024\/11\/IMG_0291_W1080_Esteban.jpg",1080,810,false],"vp_xl":["https:\/\/vpdanses.fr\/wp-content\/uploads\/2024\/11\/IMG_0291_W1080_Esteban.jpg",1080,810,false],"vp_sm_popup":["https:\/\/vpdanses.fr\/wp-content\/uploads\/2024\/11\/IMG_0291_W1080_Esteban.jpg",500,375,false],"vp_md_popup":["https:\/\/vpdanses.fr\/wp-content\/uploads\/2024\/11\/IMG_0291_W1080_Esteban.jpg",800,600,false],"vp_xl_popup":["https:\/\/vpdanses.fr\/wp-content\/uploads\/2024\/11\/IMG_0291_W1080_Esteban.jpg",1080,810,false],"dance-blog-thumb":["https:\/\/vpdanses.fr\/wp-content\/uploads\/2024\/11\/IMG_0291_W1080_Esteban-150x120.jpg",150,120,true],"dance-event-list":["https:\/\/vpdanses.fr\/wp-content\/uploads\/2024\/11\/IMG_0291_W1080_Esteban-420x336.jpg",420,336,true],"dance-event-single-type1":["https:\/\/vpdanses.fr\/wp-content\/uploads\/2024\/11\/IMG_0291_W1080_Esteban-773x520.jpg",773,520,true],"dance-event-single-type4":["https:\/\/vpdanses.fr\/wp-content\/uploads\/2024\/11\/IMG_0291_W1080_Esteban-570x460.jpg",570,460,true],"dance-event-single-type5":["https:\/\/vpdanses.fr\/wp-content\/uploads\/2024\/11\/IMG_0291_W1080_Esteban-746x770.jpg",746,770,true],"dance-event-list2":["https:\/\/vpdanses.fr\/wp-content\/uploads\/2024\/11\/IMG_0291_W1080_Esteban-420x275.jpg",420,275,true]},"uagb_author_info":{"display_name":"VP DANSES","author_link":"https:\/\/vpdanses.fr\/home\/bienvenue-chez-vp-danses-hazebrouck\/author\/adminvp20241018\/"},"uagb_comment_info":0,"uagb_excerpt":"Suivez les pas de nos ami(e)s danseurs et restez en rythme avec leur actualit\u00e9 ! : VALDANSE, Cours de Salsa et de Rock \u00e0 Valenciennes Esteban ISNARDI, figure embl\u00e9matique de [&hellip;]","jetpack_sharing_enabled":true,"_links":{"self":[{"href":"https:\/\/vpdanses.fr\/home\/bienvenue-chez-vp-danses-hazebrouck\/wp-json\/wp\/v2\/posts\/10171","targetHints":{"allow":["GET"]}}],"collection":[{"href":"https:\/\/vpdanses.fr\/home\/bienvenue-chez-vp-danses-hazebrouck\/wp-json\/wp\/v2\/posts"}],"about":[{"href":"https:\/\/vpdanses.fr\/home\/bienvenue-chez-vp-danses-hazebrouck\/wp-json\/wp\/v2\/types\/post"}],"author":[{"embeddable":true,"href":"https:\/\/vpdanses.fr\/home\/bienvenue-chez-vp-danses-hazebrouck\/wp-json\/wp\/v2\/users\/1"}],"replies":[{"embeddable":true,"href":"https:\/\/vpdanses.fr\/home\/bienvenue-chez-vp-danses-hazebrouck\/wp-json\/wp\/v2\/comments?post=10171"}],"version-history":[{"count":11,"href":"https:\/\/vpdanses.fr\/home\/bienvenue-chez-vp-danses-hazebrouck\/wp-json\/wp\/v2\/posts\/10171\/revisions"}],"predecessor-version":[{"id":10199,"href":"https:\/\/vpdanses.fr\/home\/bienvenue-chez-vp-danses-hazebrouck\/wp-json\/wp\/v2\/posts\/10171\/revisions\/10199"}],"wp:featuredmedia":[{"embeddable":true,"href":"https:\/\/vpdanses.fr\/home\/bienvenue-chez-vp-danses-hazebrouck\/wp-json\/wp\/v2\/media\/10172"}],"wp:attachment":[{"href":"https:\/\/vpdanses.fr\/home\/bienvenue-chez-vp-danses-hazebrouck\/wp-json\/wp\/v2\/media?parent=10171"}],"wp:term":[{"taxonomy":"category","embeddable":true,"href":"https:\/\/vpdanses.fr\/home\/bienvenue-chez-vp-danses-hazebrouck\/wp-json\/wp\/v2\/categories?post=10171"},{"taxonomy":"post_tag","embeddable":true,"href":"https:\/\/vpdanses.fr\/home\/bienvenue-chez-vp-danses-hazebrouck\/wp-json\/wp\/v2\/tags?post=10171"}],"curies":[{"name":"wp","href":"https:\/\/api.w.org\/{rel}","templated":true}]}}