{"id":10202,"date":"2024-12-01T18:28:38","date_gmt":"2024-12-01T17:28:38","guid":{"rendered":"https:\/\/vpdanses.fr\/home\/bienvenue-chez-vp-danses-hazebrouck\/?p=10202"},"modified":"2024-12-23T23:50:37","modified_gmt":"2024-12-23T22:50:37","slug":"atelier-de-salsa-a-saint-jans-cappel","status":"publish","type":"post","link":"https:\/\/vpdanses.fr\/home\/bienvenue-chez-vp-danses-hazebrouck\/atelier-de-salsa-a-saint-jans-cappel\/","title":{"rendered":"8\u00e8me \u00e9dition &lsquo;\u00c7a danse \u00c0 st jans&rsquo; : Comp\u00e9tition ou Loisir, danses de salon ou salsa, le plaisir est multipli\u00e9 quand on comprend la connexion entre la danseuse et le danseur !"},"content":{"rendered":"\n<p><\/p>\n\n\n\n<blockquote class=\"wp-block-quote is-layout-flow wp-block-quote-is-layout-flow\">\n<p>La connexion entre la danseuse et le danseur est essentielle pour plusieurs raisons, tant sur le plan technique qu&rsquo;\u00e9motionnel.<\/p>\n<\/blockquote>\n\n\n\n<div style=\"height:26px\" aria-hidden=\"true\" class=\"wp-block-spacer\"><\/div>\n\n\n\n<figure class=\"wp-block-gallery has-nested-images columns-default is-cropped wp-block-gallery-1 is-layout-flex wp-block-gallery-is-layout-flex\">\n<figure class=\"wp-block-image size-large is-style-rounded\"><noscript><img loading=\"lazy\" decoding=\"async\" width=\"1024\" height=\"575\" data-id=\"10203\" data-skip-lazy src=\"https:\/\/vpdanses.fr\/wp-content\/uploads\/2024\/12\/2024-11-30.Atelier_Salsa_CaDanseASaintJans_VPdanses_001_W1425_H800-1024x575.jpg\" alt=\"Atelier de salsa \u00e0 Saint-Jans-Cappel, organis\u00e9 par CA DANSE A SAINT JANS, 30\/11\/2024\" class=\"wp-image-10203\" srcset=\"https:\/\/vpdanses.fr\/wp-content\/uploads\/2024\/12\/2024-11-30.Atelier_Salsa_CaDanseASaintJans_VPdanses_001_W1425_H800-1024x575.jpg 1024w, https:\/\/vpdanses.fr\/wp-content\/uploads\/2024\/12\/2024-11-30.Atelier_Salsa_CaDanseASaintJans_VPdanses_001_W1425_H800-300x168.jpg 300w, https:\/\/vpdanses.fr\/wp-content\/uploads\/2024\/12\/2024-11-30.Atelier_Salsa_CaDanseASaintJans_VPdanses_001_W1425_H800-768x431.jpg 768w, https:\/\/vpdanses.fr\/wp-content\/uploads\/2024\/12\/2024-11-30.Atelier_Salsa_CaDanseASaintJans_VPdanses_001_W1425_H800.jpg 1425w\" sizes=\"auto, (max-width: 1024px) 100vw, 1024px\" \/><\/noscript><img loading=\"eager\" decoding=\"async\" width=\"1024\" height=\"575\" data-id=\"10203\" src=\"https:\/\/vpdanses.fr\/wp-content\/uploads\/2024\/12\/2024-11-30.Atelier_Salsa_CaDanseASaintJans_VPdanses_001_W1425_H800-1024x575.jpg\" alt=\"Atelier de salsa \u00e0 Saint-Jans-Cappel, organis\u00e9 par CA DANSE A SAINT JANS, 30\/11\/2024\" class=\"wp-image-10203 vp-lazyload\" srcset=\"data:image\/svg+xml;base64,PHN2ZyB3aWR0aD0iMTAyNCIgaGVpZ2h0PSI1NzUiIHZpZXdCb3g9IjAgMCAxMDI0IDU3NSIgZmlsbD0ibm9uZSIgeG1sbnM9Imh0dHA6Ly93d3cudzMub3JnLzIwMDAvc3ZnIj48L3N2Zz4=\" data-src=\"https:\/\/vpdanses.fr\/wp-content\/uploads\/2024\/12\/2024-11-30.Atelier_Salsa_CaDanseASaintJans_VPdanses_001_W1425_H800-1024x575.jpg\" data-srcset=\"https:\/\/vpdanses.fr\/wp-content\/uploads\/2024\/12\/2024-11-30.Atelier_Salsa_CaDanseASaintJans_VPdanses_001_W1425_H800-1024x575.jpg 1024w, https:\/\/vpdanses.fr\/wp-content\/uploads\/2024\/12\/2024-11-30.Atelier_Salsa_CaDanseASaintJans_VPdanses_001_W1425_H800-300x168.jpg 300w, https:\/\/vpdanses.fr\/wp-content\/uploads\/2024\/12\/2024-11-30.Atelier_Salsa_CaDanseASaintJans_VPdanses_001_W1425_H800-768x431.jpg 768w, https:\/\/vpdanses.fr\/wp-content\/uploads\/2024\/12\/2024-11-30.Atelier_Salsa_CaDanseASaintJans_VPdanses_001_W1425_H800.jpg 1425w\" data-sizes=\"auto\"><figcaption class=\"wp-element-caption\">Le merveilleux groupe \u00ab\u00a0Atelier de salsa\u00a0\u00bb de Saint-Jans-Cappel, organis\u00e9 par <a href=\"https:\/\/www.facebook.com\/profile.php?id=100009426981409\" target=\"_blank\" rel=\"noopener\" title=\"\">CA DANSE A SAINT JANS<\/a>, samedi 30\/11\/2024 17:30 &#8211; 19:00<\/figcaption><\/figure>\n<\/figure>\n\n\n\n<div style=\"height:31px\" aria-hidden=\"true\" class=\"wp-block-spacer\"><\/div>\n\n\n\n<details class=\"wp-block-details is-layout-flow wp-block-details-is-layout-flow\"><summary>R\u00e9sum\u00e9 de notre atelier Salsa du samedi 30 novembre 2024 : Nous avons eu le plaisir d&rsquo;apprendre ou de revdoir des pas de base tels que&nbsp;<strong>el Paso Cruzado<\/strong>,&nbsp;<strong>Cha cha<\/strong>,&nbsp;<strong>Suzie Q<\/strong>, ainsi que le tour \u00e0 droite et le tour \u00e0 gauche. Nous avons \u00e9galement form\u00e9 une&nbsp;<strong>Rueda<\/strong>&nbsp;et pratiqu\u00e9 ces pas dans une ambiance dynamique et joyeuse. \u00c0 la fin de l&rsquo;atelier, nous avons d\u00e9couvert&nbsp;<strong>el \u00ab\u00a0Dile que si\u00a0\u00bb<\/strong>. Nous avons mis l&rsquo;accent sur l&rsquo;importance du guidage entre le danseur et la danseuse, ainsi que sur la connexion qui les unit. Enfin, nous avons soulign\u00e9 l&rsquo;importance de savoir compter ses temps de danse pour ma\u00eetriser les figures mais aussi (tr\u00e8s important) pour \u00e9viter de blesser sa danseuse.<\/summary>\n<p><\/p>\n<\/details>\n\n\n\n<div style=\"height:40px\" aria-hidden=\"true\" class=\"wp-block-spacer\"><\/div>\n\n\n\n<blockquote class=\"wp-block-quote is-layout-flow wp-block-quote-is-layout-flow\">\n<div class=\"wp-block-columns is-layout-flex wp-container-core-columns-is-layout-9d6595d7 wp-block-columns-is-layout-flex\">\n<div class=\"wp-block-column is-layout-flow wp-block-column-is-layout-flow\" style=\"flex-basis:66.66%\">\n<figure class=\"wp-block-image size-large\"><noscript><img loading=\"lazy\" decoding=\"async\" width=\"1024\" height=\"698\" data-skip-lazy src=\"https:\/\/vpdanses.fr\/wp-content\/uploads\/2024\/12\/2024-11-30.Atelier_Salsa_CaDanseASaintJans_VPdanses_002_W1174_H800-1024x698.jpg\" alt=\"Atelier de salsa \u00e0 Saint-Jans-Cappel, organis\u00e9 par CA DANSE A SAINT JANS, 30\/11\/2024\" class=\"wp-image-10204\" srcset=\"https:\/\/vpdanses.fr\/wp-content\/uploads\/2024\/12\/2024-11-30.Atelier_Salsa_CaDanseASaintJans_VPdanses_002_W1174_H800-1024x698.jpg 1024w, https:\/\/vpdanses.fr\/wp-content\/uploads\/2024\/12\/2024-11-30.Atelier_Salsa_CaDanseASaintJans_VPdanses_002_W1174_H800-300x204.jpg 300w, https:\/\/vpdanses.fr\/wp-content\/uploads\/2024\/12\/2024-11-30.Atelier_Salsa_CaDanseASaintJans_VPdanses_002_W1174_H800-768x523.jpg 768w, https:\/\/vpdanses.fr\/wp-content\/uploads\/2024\/12\/2024-11-30.Atelier_Salsa_CaDanseASaintJans_VPdanses_002_W1174_H800.jpg 1174w\" sizes=\"auto, (max-width: 1024px) 100vw, 1024px\" \/><\/noscript><img loading=\"eager\" decoding=\"async\" width=\"1024\" height=\"698\" src=\"https:\/\/vpdanses.fr\/wp-content\/uploads\/2024\/12\/2024-11-30.Atelier_Salsa_CaDanseASaintJans_VPdanses_002_W1174_H800-1024x698.jpg\" alt=\"Atelier de salsa \u00e0 Saint-Jans-Cappel, organis\u00e9 par CA DANSE A SAINT JANS, 30\/11\/2024\" class=\"wp-image-10204 vp-lazyload\" srcset=\"data:image\/svg+xml;base64,PHN2ZyB3aWR0aD0iMTAyNCIgaGVpZ2h0PSI2OTgiIHZpZXdCb3g9IjAgMCAxMDI0IDY5OCIgZmlsbD0ibm9uZSIgeG1sbnM9Imh0dHA6Ly93d3cudzMub3JnLzIwMDAvc3ZnIj48L3N2Zz4=\" data-src=\"https:\/\/vpdanses.fr\/wp-content\/uploads\/2024\/12\/2024-11-30.Atelier_Salsa_CaDanseASaintJans_VPdanses_002_W1174_H800-1024x698.jpg\" data-srcset=\"https:\/\/vpdanses.fr\/wp-content\/uploads\/2024\/12\/2024-11-30.Atelier_Salsa_CaDanseASaintJans_VPdanses_002_W1174_H800-1024x698.jpg 1024w, https:\/\/vpdanses.fr\/wp-content\/uploads\/2024\/12\/2024-11-30.Atelier_Salsa_CaDanseASaintJans_VPdanses_002_W1174_H800-300x204.jpg 300w, https:\/\/vpdanses.fr\/wp-content\/uploads\/2024\/12\/2024-11-30.Atelier_Salsa_CaDanseASaintJans_VPdanses_002_W1174_H800-768x523.jpg 768w, https:\/\/vpdanses.fr\/wp-content\/uploads\/2024\/12\/2024-11-30.Atelier_Salsa_CaDanseASaintJans_VPdanses_002_W1174_H800.jpg 1174w\" data-sizes=\"auto\"><figcaption class=\"wp-element-caption\"><strong>VP DANSES Hazebrouck<\/strong>, remercie chaleureusement <strong><a href=\"https:\/\/www.facebook.com\/profile.php?id=100009426981409\" target=\"_blank\" rel=\"noopener\" title=\"\">\u00c7A DANSE A SAINT JANS<\/a><\/strong> de nous avoir confi\u00e9 l&rsquo;animation de l&rsquo;Atelier \u00ab\u00a0SALSA\u00a0\u00bb pour sa <strong>8\u00e8me Edition<\/strong> ! <\/figcaption><\/figure>\n\n\n\n<p><\/p>\n\n\n\n<p style=\"font-style:normal;font-weight:600\"><\/p>\n<\/div>\n\n\n\n<div class=\"wp-block-column is-layout-flow wp-block-column-is-layout-flow\" style=\"flex-basis:33.33%\">\n<p class=\"has-medium-font-size\" style=\"font-style:normal;font-weight:800\">VP Danses vous invite \u00e0 enrichir votre pratique de la danse en int\u00e9grant des \u00e9l\u00e9ments techniques qui multiplieront votre plaisir \u00e0 danser. <\/p>\n\n\n\n<p class=\"has-small-font-size\">En comprenant mieux ce que vous faites, vous serez non seulement en mesure de le retenir, mais aussi de le transmettre avec enthousiasme aux autres ! <\/p>\n\n\n\n<p style=\"font-style:normal;font-weight:900\">Ensemble, partageons la joie de danser !<\/p>\n<\/div>\n<\/div>\n<\/blockquote>\n\n\n\n<div style=\"height:9px\" aria-hidden=\"true\" class=\"wp-block-spacer\"><\/div>\n\n\n\n<figure class=\"wp-block-image size-large\"><a href=\"https:\/\/www.facebook.com\/photo?fbid=3963456980645162&amp;set=pcb.3963457567311770\" target=\"_blank\" rel=\"noreferrer noopener\"><noscript><img loading=\"lazy\" decoding=\"async\" width=\"1024\" height=\"634\" data-skip-lazy src=\"https:\/\/vpdanses.fr\/wp-content\/uploads\/2024\/10\/Capture-decran-2024-12-02-a-18.24.41-1024x634.png\" alt=\"Atelier de salsa \u00e0 Saint-Jans-Cappel, organis\u00e9 par CA DANSE A SAINT JANS, 30\/11\/2024 - Anim\u00e9 par VP DANSES Hazebrouck\" class=\"wp-image-10271\" srcset=\"https:\/\/vpdanses.fr\/wp-content\/uploads\/2024\/10\/Capture-decran-2024-12-02-a-18.24.41-1024x634.png 1024w, https:\/\/vpdanses.fr\/wp-content\/uploads\/2024\/10\/Capture-decran-2024-12-02-a-18.24.41-300x186.png 300w, https:\/\/vpdanses.fr\/wp-content\/uploads\/2024\/10\/Capture-decran-2024-12-02-a-18.24.41-768x475.png 768w, https:\/\/vpdanses.fr\/wp-content\/uploads\/2024\/10\/Capture-decran-2024-12-02-a-18.24.41-1536x951.png 1536w, https:\/\/vpdanses.fr\/wp-content\/uploads\/2024\/10\/Capture-decran-2024-12-02-a-18.24.41-2048x1268.png 2048w\" sizes=\"auto, (max-width: 1024px) 100vw, 1024px\" \/><\/noscript><img loading=\"eager\" decoding=\"async\" width=\"1024\" height=\"634\" src=\"https:\/\/vpdanses.fr\/wp-content\/uploads\/2024\/10\/Capture-decran-2024-12-02-a-18.24.41-1024x634.png\" alt=\"Atelier de salsa \u00e0 Saint-Jans-Cappel, organis\u00e9 par CA DANSE A SAINT JANS, 30\/11\/2024 - Anim\u00e9 par VP DANSES Hazebrouck\" class=\"wp-image-10271 vp-lazyload\" srcset=\"data:image\/svg+xml;base64,PHN2ZyB3aWR0aD0iMTAyNCIgaGVpZ2h0PSI2MzQiIHZpZXdCb3g9IjAgMCAxMDI0IDYzNCIgZmlsbD0ibm9uZSIgeG1sbnM9Imh0dHA6Ly93d3cudzMub3JnLzIwMDAvc3ZnIj48L3N2Zz4=\" data-src=\"https:\/\/vpdanses.fr\/wp-content\/uploads\/2024\/10\/Capture-decran-2024-12-02-a-18.24.41-1024x634.png\" data-srcset=\"https:\/\/vpdanses.fr\/wp-content\/uploads\/2024\/10\/Capture-decran-2024-12-02-a-18.24.41-1024x634.png 1024w, https:\/\/vpdanses.fr\/wp-content\/uploads\/2024\/10\/Capture-decran-2024-12-02-a-18.24.41-300x186.png 300w, https:\/\/vpdanses.fr\/wp-content\/uploads\/2024\/10\/Capture-decran-2024-12-02-a-18.24.41-768x475.png 768w, https:\/\/vpdanses.fr\/wp-content\/uploads\/2024\/10\/Capture-decran-2024-12-02-a-18.24.41-1536x951.png 1536w, https:\/\/vpdanses.fr\/wp-content\/uploads\/2024\/10\/Capture-decran-2024-12-02-a-18.24.41-2048x1268.png 2048w\" data-sizes=\"auto\"><\/a><figcaption class=\"wp-element-caption\">Publication Facebook <\/figcaption><\/figure>\n\n\n\n<div style=\"height:11px\" aria-hidden=\"true\" class=\"wp-block-spacer\"><\/div>\n\n\n\n<div class=\"wp-block-columns is-layout-flex wp-container-core-columns-is-layout-9d6595d7 wp-block-columns-is-layout-flex\">\n<div class=\"wp-block-column is-layout-flow wp-block-column-is-layout-flow\">\n<h2 class=\"wp-block-heading\"><strong>1. Communication physique :<\/strong><\/h2>\n\n\n\n<p>Dans les danses de couple, la connexion est une forme de communication physique qui permet aux danseurs de synchroniser leurs mouvements. Cette connexion est <strong>ressentie<\/strong> plut\u00f4t qu&rsquo;observ\u00e9e.<\/p>\n\n\n\n<h2 class=\"wp-block-heading\">2. Ma\u00eetrise des mouvements : <\/h2>\n\n\n\n<p>Un danseur doit \u00eatre connect\u00e9 \u00e0 son corps pour ma\u00eetriser ses mouvements. Cette connexion corporelle est cruciale pour ex\u00e9cuter des mouvements complexes avec pr\u00e9cision et gr\u00e2ce. Une bonne connexion permet \u00e9galement de mieux g\u00e9rer l&rsquo;\u00e9nergie et le rythme, ce qui est fondamental dans la danse.<\/p>\n<\/div>\n\n\n\n<div class=\"wp-block-column is-layout-flow wp-block-column-is-layout-flow\">\n<h2 class=\"wp-block-heading\">3.\u00c9MOTION et expression : <\/h2>\n\n\n\n<p>La danse est un moyen puissant d&rsquo;expression \u00e9motionnelle. La connexion entre les danseurs permet de transmettre des \u00e9motions de mani\u00e8re plus authentique et profonde. Lorsque les danseurs sont en phase, ils peuvent cr\u00e9er une atmosph\u00e8re qui touche le public, renfor\u00e7ant ainsi l&rsquo;impact de leur performance.<a href=\"https:\/\/www.red-danse.ca\/en\/blog-details\/copy---copy---copy---copy---copy---copy---copy---copy---quand-la-danse-et-la-musique-ne-font-quun-2\"><\/a><\/p>\n\n\n\n<h2 class=\"wp-block-heading\">4. Renforcement des relations sociales : <\/h2>\n\n\n\n<p>La danse a historiquement jou\u00e9 un r\u00f4le dans l&rsquo;\u00e9tablissement de liens sociaux. Elle relie les individus \u00e9motionnellement, ind\u00e9pendamment des barri\u00e8res linguistiques et culturelles.<\/p>\n<\/div>\n<\/div>\n","protected":false},"excerpt":{"rendered":"<p>R\u00e9sum\u00e9 de notre atelier Salsa du samedi 30 novembre 2024 : Nous avons eu le plaisir d&rsquo;apprendre ou de revdoir des pas de base tels que\u00a0el Paso Cruzado,\u00a0Cha cha,\u00a0Suzie Q, ainsi que le tour \u00e0 droite et le tour \u00e0 gauche. Nous avons \u00e9galement form\u00e9 une\u00a0Rueda\u00a0et pratiqu\u00e9 ces pas dans une ambiance dynamique et joyeuse. \u00c0 la fin de l&rsquo;atelier, nous avons d\u00e9couvert\u00a0el \u00ab\u00a0Dile que si\u00a0\u00bb. Nous avons mis l&rsquo;accent sur l&rsquo;importance du guidage entre le danseur et la danseuse, ainsi que sur la connexion qui les unit. Enfin, nous avons soulign\u00e9 l&rsquo;importance de savoir compter ses temps de danse pour ma\u00eetriser les figures mais aussi (tr\u00e8s important) pour \u00e9viter de blesser sa danseuse.<\/p>\n","protected":false},"author":1,"featured_media":10203,"comment_status":"closed","ping_status":"closed","sticky":false,"template":"","format":"standard","meta":{"_uag_custom_page_level_css":"","_price":"","_stock":"","_tribe_ticket_header":"","_tribe_default_ticket_provider":"","_tribe_ticket_capacity":"0","_ticket_start_date":"","_ticket_end_date":"","_tribe_ticket_show_description":"","_tribe_ticket_show_not_going":false,"_tribe_ticket_use_global_stock":"","_tribe_ticket_global_stock_level":"","_global_stock_mode":"","_global_stock_cap":"","_tribe_rsvp_for_event":"","_tribe_ticket_going_count":"","_tribe_ticket_not_going_count":"","_tribe_tickets_list":"[]","_tribe_ticket_has_attendee_info_fields":false,"_EventAllDay":false,"_EventTimezone":"","_EventStartDate":"","_EventEndDate":"","_EventStartDateUTC":"","_EventEndDateUTC":"","_EventShowMap":false,"_EventShowMapLink":false,"_EventURL":"","_EventCost":"","_EventCostDescription":"","_EventCurrencySymbol":"","_EventCurrencyCode":"","_EventCurrencyPosition":"","_EventDateTimeSeparator":"","_EventTimeRangeSeparator":"","_EventOrganizerID":[],"_EventVenueID":[],"_OrganizerEmail":"","_OrganizerPhone":"","_OrganizerWebsite":"","_VenueAddress":"","_VenueCity":"","_VenueCountry":"","_VenueProvince":"","_VenueState":"","_VenueZip":"","_VenuePhone":"","_VenueURL":"","_VenueStateProvince":"","_VenueLat":"","_VenueLng":"","_VenueShowMap":false,"_VenueShowMapLink":false,"_vp_format_video_url":"","_vp_image_focal_point":[],"_jetpack_memberships_contains_paid_content":false,"footnotes":""},"categories":[159],"tags":[126,127,132],"class_list":["post-10202","post","type-post","status-publish","format-standard","has-post-thumbnail","hentry","category-salsa","tag-ca-danse-a-saint-jans","tag-salsa","tag-vp-danses-hazebrouck"],"yoast_head":"<!-- This site is optimized with the Yoast SEO Premium plugin v25.6 (Yoast SEO v25.6) - https:\/\/yoast.com\/wordpress\/plugins\/seo\/ -->\n<title>8\u00e8me \u00e9dition &#039;\u00c7a danse \u00c0 st jans&#039; : Comp\u00e9tition ou Loisir, danses de salon ou salsa, le plaisir est multipli\u00e9 quand on comprend la connexion entre la danseuse et le danseur ! - VP DANSES, cours de Danse Sportive \u00e0 Aire-sur-la-Lys et \u00e0 Saint-Jans-Cappel (Hauts-de-France)<\/title>\n<meta name=\"robots\" content=\"index, follow, max-snippet:-1, max-image-preview:large, max-video-preview:-1\" \/>\n<link rel=\"canonical\" href=\"https:\/\/vpdanses.fr\/home\/bienvenue-chez-vp-danses-hazebrouck\/atelier-de-salsa-a-saint-jans-cappel\/\" \/>\n<meta property=\"og:locale\" content=\"fr_FR\" \/>\n<meta property=\"og:type\" content=\"article\" \/>\n<meta property=\"og:title\" content=\"8\u00e8me \u00e9dition &#039;\u00c7a danse \u00c0 st jans&#039; : Comp\u00e9tition ou Loisir, danses de salon ou salsa, le plaisir est multipli\u00e9 quand on comprend la connexion entre la danseuse et le danseur !\" \/>\n<meta property=\"og:description\" content=\"R\u00e9sum\u00e9 de notre atelier Salsa du samedi 30 novembre 2024 : Nous avons eu le plaisir d&#039;apprendre ou de revdoir des pas de base tels que\u00a0el Paso Cruzado,\u00a0Cha cha,\u00a0Suzie Q, ainsi que le tour \u00e0 droite et le tour \u00e0 gauche. Nous avons \u00e9galement form\u00e9 une\u00a0Rueda\u00a0et pratiqu\u00e9 ces pas dans une ambiance dynamique et joyeuse. \u00c0 la fin de l&#039;atelier, nous avons d\u00e9couvert\u00a0el &quot;Dile que si&quot;. Nous avons mis l&#039;accent sur l&#039;importance du guidage entre le danseur et la danseuse, ainsi que sur la connexion qui les unit. Enfin, nous avons soulign\u00e9 l&#039;importance de savoir compter ses temps de danse pour ma\u00eetriser les figures mais aussi (tr\u00e8s important) pour \u00e9viter de blesser sa danseuse.\" \/>\n<meta property=\"og:url\" content=\"https:\/\/vpdanses.fr\/home\/bienvenue-chez-vp-danses-hazebrouck\/atelier-de-salsa-a-saint-jans-cappel\/\" \/>\n<meta property=\"og:site_name\" content=\"VP DANSES, cours de Danse Sportive \u00e0 Aire-sur-la-Lys et \u00e0 Saint-Jans-Cappel (Hauts-de-France)\" \/>\n<meta property=\"article:published_time\" content=\"2024-12-01T17:28:38+00:00\" \/>\n<meta property=\"article:modified_time\" content=\"2024-12-23T22:50:37+00:00\" \/>\n<meta property=\"og:image\" content=\"https:\/\/vpdanses.fr\/wp-content\/uploads\/2024\/12\/2024-11-30.Atelier_Salsa_CaDanseASaintJans_VPdanses_001_W1425_H800.jpg\" \/>\n\t<meta property=\"og:image:width\" content=\"1425\" \/>\n\t<meta property=\"og:image:height\" content=\"800\" \/>\n\t<meta property=\"og:image:type\" content=\"image\/jpeg\" \/>\n<meta name=\"author\" content=\"VP DANSES\" \/>\n<meta name=\"twitter:card\" content=\"summary_large_image\" \/>\n<meta name=\"twitter:label1\" content=\"\u00c9crit par\" \/>\n\t<meta name=\"twitter:data1\" content=\"VP DANSES\" \/>\n\t<meta name=\"twitter:label2\" content=\"Dur\u00e9e de lecture estim\u00e9e\" \/>\n\t<meta name=\"twitter:data2\" content=\"2 minutes\" \/>\n<script type=\"application\/ld+json\" class=\"yoast-schema-graph\">{\"@context\":\"https:\/\/schema.org\",\"@graph\":[{\"@type\":\"Article\",\"@id\":\"https:\/\/vpdanses.fr\/home\/bienvenue-chez-vp-danses-hazebrouck\/atelier-de-salsa-a-saint-jans-cappel\/#article\",\"isPartOf\":{\"@id\":\"https:\/\/vpdanses.fr\/home\/bienvenue-chez-vp-danses-hazebrouck\/atelier-de-salsa-a-saint-jans-cappel\/\"},\"author\":{\"name\":\"VP DANSES\",\"@id\":\"https:\/\/vpdanses.fr\/home\/bienvenue-chez-vp-danses-hazebrouck\/#\/schema\/person\/bf87806369778f949b83c9cd885519e5\"},\"headline\":\"8\u00e8me \u00e9dition &lsquo;\u00c7a danse \u00c0 st jans&rsquo; : Comp\u00e9tition ou Loisir, danses de salon ou salsa, le plaisir est multipli\u00e9 quand on comprend la connexion entre la danseuse et le danseur !\",\"datePublished\":\"2024-12-01T17:28:38+00:00\",\"dateModified\":\"2024-12-23T22:50:37+00:00\",\"mainEntityOfPage\":{\"@id\":\"https:\/\/vpdanses.fr\/home\/bienvenue-chez-vp-danses-hazebrouck\/atelier-de-salsa-a-saint-jans-cappel\/\"},\"wordCount\":437,\"publisher\":{\"@id\":\"https:\/\/vpdanses.fr\/home\/bienvenue-chez-vp-danses-hazebrouck\/#organization\"},\"image\":{\"@id\":\"https:\/\/vpdanses.fr\/home\/bienvenue-chez-vp-danses-hazebrouck\/atelier-de-salsa-a-saint-jans-cappel\/#primaryimage\"},\"thumbnailUrl\":\"https:\/\/vpdanses.fr\/wp-content\/uploads\/2024\/12\/2024-11-30.Atelier_Salsa_CaDanseASaintJans_VPdanses_001_W1425_H800.jpg\",\"keywords\":[\"CA DANSE A SAINT JANS\",\"SALSA\",\"VP Danses Hazebrouck\"],\"articleSection\":[\"Salsa\"],\"inLanguage\":\"fr-FR\"},{\"@type\":\"WebPage\",\"@id\":\"https:\/\/vpdanses.fr\/home\/bienvenue-chez-vp-danses-hazebrouck\/atelier-de-salsa-a-saint-jans-cappel\/\",\"url\":\"https:\/\/vpdanses.fr\/home\/bienvenue-chez-vp-danses-hazebrouck\/atelier-de-salsa-a-saint-jans-cappel\/\",\"name\":\"8\u00e8me \u00e9dition '\u00c7a danse \u00c0 st jans' : Comp\u00e9tition ou Loisir, danses de salon ou salsa, le plaisir est multipli\u00e9 quand on comprend la connexion entre la danseuse et le danseur ! - VP DANSES, cours de Danse Sportive \u00e0 Aire-sur-la-Lys et \u00e0 Saint-Jans-Cappel (Hauts-de-France)\",\"isPartOf\":{\"@id\":\"https:\/\/vpdanses.fr\/home\/bienvenue-chez-vp-danses-hazebrouck\/#website\"},\"primaryImageOfPage\":{\"@id\":\"https:\/\/vpdanses.fr\/home\/bienvenue-chez-vp-danses-hazebrouck\/atelier-de-salsa-a-saint-jans-cappel\/#primaryimage\"},\"image\":{\"@id\":\"https:\/\/vpdanses.fr\/home\/bienvenue-chez-vp-danses-hazebrouck\/atelier-de-salsa-a-saint-jans-cappel\/#primaryimage\"},\"thumbnailUrl\":\"https:\/\/vpdanses.fr\/wp-content\/uploads\/2024\/12\/2024-11-30.Atelier_Salsa_CaDanseASaintJans_VPdanses_001_W1425_H800.jpg\",\"datePublished\":\"2024-12-01T17:28:38+00:00\",\"dateModified\":\"2024-12-23T22:50:37+00:00\",\"breadcrumb\":{\"@id\":\"https:\/\/vpdanses.fr\/home\/bienvenue-chez-vp-danses-hazebrouck\/atelier-de-salsa-a-saint-jans-cappel\/#breadcrumb\"},\"inLanguage\":\"fr-FR\",\"potentialAction\":[{\"@type\":\"ReadAction\",\"target\":[\"https:\/\/vpdanses.fr\/home\/bienvenue-chez-vp-danses-hazebrouck\/atelier-de-salsa-a-saint-jans-cappel\/\"]}]},{\"@type\":\"ImageObject\",\"inLanguage\":\"fr-FR\",\"@id\":\"https:\/\/vpdanses.fr\/home\/bienvenue-chez-vp-danses-hazebrouck\/atelier-de-salsa-a-saint-jans-cappel\/#primaryimage\",\"url\":\"https:\/\/vpdanses.fr\/wp-content\/uploads\/2024\/12\/2024-11-30.Atelier_Salsa_CaDanseASaintJans_VPdanses_001_W1425_H800.jpg\",\"contentUrl\":\"https:\/\/vpdanses.fr\/wp-content\/uploads\/2024\/12\/2024-11-30.Atelier_Salsa_CaDanseASaintJans_VPdanses_001_W1425_H800.jpg\",\"width\":1425,\"height\":800,\"caption\":\"Atelier de salsa \u00e0 Saint-Jans-Cappel, organis\u00e9 par CA DANSE A SAINT JANS, 30\/11\/2024\"},{\"@type\":\"BreadcrumbList\",\"@id\":\"https:\/\/vpdanses.fr\/home\/bienvenue-chez-vp-danses-hazebrouck\/atelier-de-salsa-a-saint-jans-cappel\/#breadcrumb\",\"itemListElement\":[{\"@type\":\"ListItem\",\"position\":1,\"name\":\"Accueil\",\"item\":\"https:\/\/vpdanses.fr\/home\/bienvenue-chez-vp-danses-hazebrouck\/\"},{\"@type\":\"ListItem\",\"position\":2,\"name\":\"8\u00e8me \u00e9dition &lsquo;\u00c7a danse \u00c0 st jans&rsquo; : Comp\u00e9tition ou Loisir, danses de salon ou salsa, le plaisir est multipli\u00e9 quand on comprend la connexion entre la danseuse et le danseur !\"}]},{\"@type\":\"WebSite\",\"@id\":\"https:\/\/vpdanses.fr\/home\/bienvenue-chez-vp-danses-hazebrouck\/#website\",\"url\":\"https:\/\/vpdanses.fr\/home\/bienvenue-chez-vp-danses-hazebrouck\/\",\"name\":\"VP DANSES, cours de Danse Sportive \u00e0 Aire-sur-la-Lys et \u00e0 Saint-Jans-Cappel (Hauts-de-France)\",\"description\":\"Cours de Danse Sportive STANDARD (valse anglaise, tango, valse viennoise, slowfox, quickstep), danses sportives LATINES (samba, chacha, rumba, paso doble, jive), danses de bal, danses de salons, danses de loisirs, salsa, rock 4 temps, rock 6 temps, danses en ligne, disco, \u2026 Lieu : Hazebrouck, Aire-sur-la-Lys, Saint-Jans-Cappel et Isbergues (Hauts-de-France) - Cours Particuliers dans les Hauts-de-France - Ouverture de bal de Mariage\",\"publisher\":{\"@id\":\"https:\/\/vpdanses.fr\/home\/bienvenue-chez-vp-danses-hazebrouck\/#organization\"},\"potentialAction\":[{\"@type\":\"SearchAction\",\"target\":{\"@type\":\"EntryPoint\",\"urlTemplate\":\"https:\/\/vpdanses.fr\/home\/bienvenue-chez-vp-danses-hazebrouck\/?s={search_term_string}\"},\"query-input\":{\"@type\":\"PropertyValueSpecification\",\"valueRequired\":true,\"valueName\":\"search_term_string\"}}],\"inLanguage\":\"fr-FR\"},{\"@type\":\"Organization\",\"@id\":\"https:\/\/vpdanses.fr\/home\/bienvenue-chez-vp-danses-hazebrouck\/#organization\",\"name\":\"VP DANSES, cours de Danse Sportive \u00e0 Aire-sur-la-Lys et \u00e0 Saint-Jans-Cappel (Hauts-de-France)\",\"url\":\"https:\/\/vpdanses.fr\/home\/bienvenue-chez-vp-danses-hazebrouck\/\",\"logo\":{\"@type\":\"ImageObject\",\"inLanguage\":\"fr-FR\",\"@id\":\"https:\/\/vpdanses.fr\/home\/bienvenue-chez-vp-danses-hazebrouck\/#\/schema\/logo\/image\/\",\"url\":\"https:\/\/vpdanses.fr\/wp-content\/uploads\/2024\/10\/logo_cadanse_asaintjans.jpeg\",\"contentUrl\":\"https:\/\/vpdanses.fr\/wp-content\/uploads\/2024\/10\/logo_cadanse_asaintjans.jpeg\",\"width\":225,\"height\":225,\"caption\":\"VP DANSES, cours de Danse Sportive \u00e0 Aire-sur-la-Lys et \u00e0 Saint-Jans-Cappel (Hauts-de-France)\"},\"image\":{\"@id\":\"https:\/\/vpdanses.fr\/home\/bienvenue-chez-vp-danses-hazebrouck\/#\/schema\/logo\/image\/\"}},{\"@type\":\"Person\",\"@id\":\"https:\/\/vpdanses.fr\/home\/bienvenue-chez-vp-danses-hazebrouck\/#\/schema\/person\/bf87806369778f949b83c9cd885519e5\",\"name\":\"VP DANSES\",\"description\":\"\\\"VP danses\\\" est une association qui donne des cours de DANSES SPORTIVES STANDARDS (valse anglaise, tango, valse viennoise, slowfox, quickstep), de DANSES SPORTIVES LATINES (samba, chacha, rumba, paso doble, jive), de DANSES DE BAL, de DANSES DE SALONS, de DANSES DE LOISIRS, de SALSA, de ROCK 4 TEMPS, de ROCK 6 TEMPS, de DANSES EN LIGNE, de DISCO, \u2026\",\"sameAs\":[\"https:\/\/vpdanses.fr\"],\"url\":\"https:\/\/vpdanses.fr\/home\/bienvenue-chez-vp-danses-hazebrouck\/author\/adminvp20241018\/\"}]}<\/script>\n<!-- \/ Yoast SEO Premium plugin. -->","yoast_head_json":{"title":"8\u00e8me \u00e9dition '\u00c7a danse \u00c0 st jans' : Comp\u00e9tition ou Loisir, danses de salon ou salsa, le plaisir est multipli\u00e9 quand on comprend la connexion entre la danseuse et le danseur ! - VP DANSES, cours de Danse Sportive \u00e0 Aire-sur-la-Lys et \u00e0 Saint-Jans-Cappel (Hauts-de-France)","robots":{"index":"index","follow":"follow","max-snippet":"max-snippet:-1","max-image-preview":"max-image-preview:large","max-video-preview":"max-video-preview:-1"},"canonical":"https:\/\/vpdanses.fr\/home\/bienvenue-chez-vp-danses-hazebrouck\/atelier-de-salsa-a-saint-jans-cappel\/","og_locale":"fr_FR","og_type":"article","og_title":"8\u00e8me \u00e9dition '\u00c7a danse \u00c0 st jans' : Comp\u00e9tition ou Loisir, danses de salon ou salsa, le plaisir est multipli\u00e9 quand on comprend la connexion entre la danseuse et le danseur !","og_description":"R\u00e9sum\u00e9 de notre atelier Salsa du samedi 30 novembre 2024 : Nous avons eu le plaisir d'apprendre ou de revdoir des pas de base tels que\u00a0el Paso Cruzado,\u00a0Cha cha,\u00a0Suzie Q, ainsi que le tour \u00e0 droite et le tour \u00e0 gauche. Nous avons \u00e9galement form\u00e9 une\u00a0Rueda\u00a0et pratiqu\u00e9 ces pas dans une ambiance dynamique et joyeuse. \u00c0 la fin de l'atelier, nous avons d\u00e9couvert\u00a0el \"Dile que si\". Nous avons mis l'accent sur l'importance du guidage entre le danseur et la danseuse, ainsi que sur la connexion qui les unit. Enfin, nous avons soulign\u00e9 l'importance de savoir compter ses temps de danse pour ma\u00eetriser les figures mais aussi (tr\u00e8s important) pour \u00e9viter de blesser sa danseuse.","og_url":"https:\/\/vpdanses.fr\/home\/bienvenue-chez-vp-danses-hazebrouck\/atelier-de-salsa-a-saint-jans-cappel\/","og_site_name":"VP DANSES, cours de Danse Sportive \u00e0 Aire-sur-la-Lys et \u00e0 Saint-Jans-Cappel (Hauts-de-France)","article_published_time":"2024-12-01T17:28:38+00:00","article_modified_time":"2024-12-23T22:50:37+00:00","og_image":[{"width":1425,"height":800,"url":"https:\/\/vpdanses.fr\/wp-content\/uploads\/2024\/12\/2024-11-30.Atelier_Salsa_CaDanseASaintJans_VPdanses_001_W1425_H800.jpg","type":"image\/jpeg"}],"author":"VP DANSES","twitter_card":"summary_large_image","twitter_misc":{"\u00c9crit par":"VP DANSES","Dur\u00e9e de lecture estim\u00e9e":"2 minutes"},"schema":{"@context":"https:\/\/schema.org","@graph":[{"@type":"Article","@id":"https:\/\/vpdanses.fr\/home\/bienvenue-chez-vp-danses-hazebrouck\/atelier-de-salsa-a-saint-jans-cappel\/#article","isPartOf":{"@id":"https:\/\/vpdanses.fr\/home\/bienvenue-chez-vp-danses-hazebrouck\/atelier-de-salsa-a-saint-jans-cappel\/"},"author":{"name":"VP DANSES","@id":"https:\/\/vpdanses.fr\/home\/bienvenue-chez-vp-danses-hazebrouck\/#\/schema\/person\/bf87806369778f949b83c9cd885519e5"},"headline":"8\u00e8me \u00e9dition &lsquo;\u00c7a danse \u00c0 st jans&rsquo; : Comp\u00e9tition ou Loisir, danses de salon ou salsa, le plaisir est multipli\u00e9 quand on comprend la connexion entre la danseuse et le danseur !","datePublished":"2024-12-01T17:28:38+00:00","dateModified":"2024-12-23T22:50:37+00:00","mainEntityOfPage":{"@id":"https:\/\/vpdanses.fr\/home\/bienvenue-chez-vp-danses-hazebrouck\/atelier-de-salsa-a-saint-jans-cappel\/"},"wordCount":437,"publisher":{"@id":"https:\/\/vpdanses.fr\/home\/bienvenue-chez-vp-danses-hazebrouck\/#organization"},"image":{"@id":"https:\/\/vpdanses.fr\/home\/bienvenue-chez-vp-danses-hazebrouck\/atelier-de-salsa-a-saint-jans-cappel\/#primaryimage"},"thumbnailUrl":"https:\/\/vpdanses.fr\/wp-content\/uploads\/2024\/12\/2024-11-30.Atelier_Salsa_CaDanseASaintJans_VPdanses_001_W1425_H800.jpg","keywords":["CA DANSE A SAINT JANS","SALSA","VP Danses Hazebrouck"],"articleSection":["Salsa"],"inLanguage":"fr-FR"},{"@type":"WebPage","@id":"https:\/\/vpdanses.fr\/home\/bienvenue-chez-vp-danses-hazebrouck\/atelier-de-salsa-a-saint-jans-cappel\/","url":"https:\/\/vpdanses.fr\/home\/bienvenue-chez-vp-danses-hazebrouck\/atelier-de-salsa-a-saint-jans-cappel\/","name":"8\u00e8me \u00e9dition '\u00c7a danse \u00c0 st jans' : Comp\u00e9tition ou Loisir, danses de salon ou salsa, le plaisir est multipli\u00e9 quand on comprend la connexion entre la danseuse et le danseur ! - VP DANSES, cours de Danse Sportive \u00e0 Aire-sur-la-Lys et \u00e0 Saint-Jans-Cappel (Hauts-de-France)","isPartOf":{"@id":"https:\/\/vpdanses.fr\/home\/bienvenue-chez-vp-danses-hazebrouck\/#website"},"primaryImageOfPage":{"@id":"https:\/\/vpdanses.fr\/home\/bienvenue-chez-vp-danses-hazebrouck\/atelier-de-salsa-a-saint-jans-cappel\/#primaryimage"},"image":{"@id":"https:\/\/vpdanses.fr\/home\/bienvenue-chez-vp-danses-hazebrouck\/atelier-de-salsa-a-saint-jans-cappel\/#primaryimage"},"thumbnailUrl":"https:\/\/vpdanses.fr\/wp-content\/uploads\/2024\/12\/2024-11-30.Atelier_Salsa_CaDanseASaintJans_VPdanses_001_W1425_H800.jpg","datePublished":"2024-12-01T17:28:38+00:00","dateModified":"2024-12-23T22:50:37+00:00","breadcrumb":{"@id":"https:\/\/vpdanses.fr\/home\/bienvenue-chez-vp-danses-hazebrouck\/atelier-de-salsa-a-saint-jans-cappel\/#breadcrumb"},"inLanguage":"fr-FR","potentialAction":[{"@type":"ReadAction","target":["https:\/\/vpdanses.fr\/home\/bienvenue-chez-vp-danses-hazebrouck\/atelier-de-salsa-a-saint-jans-cappel\/"]}]},{"@type":"ImageObject","inLanguage":"fr-FR","@id":"https:\/\/vpdanses.fr\/home\/bienvenue-chez-vp-danses-hazebrouck\/atelier-de-salsa-a-saint-jans-cappel\/#primaryimage","url":"https:\/\/vpdanses.fr\/wp-content\/uploads\/2024\/12\/2024-11-30.Atelier_Salsa_CaDanseASaintJans_VPdanses_001_W1425_H800.jpg","contentUrl":"https:\/\/vpdanses.fr\/wp-content\/uploads\/2024\/12\/2024-11-30.Atelier_Salsa_CaDanseASaintJans_VPdanses_001_W1425_H800.jpg","width":1425,"height":800,"caption":"Atelier de salsa \u00e0 Saint-Jans-Cappel, organis\u00e9 par CA DANSE A SAINT JANS, 30\/11\/2024"},{"@type":"BreadcrumbList","@id":"https:\/\/vpdanses.fr\/home\/bienvenue-chez-vp-danses-hazebrouck\/atelier-de-salsa-a-saint-jans-cappel\/#breadcrumb","itemListElement":[{"@type":"ListItem","position":1,"name":"Accueil","item":"https:\/\/vpdanses.fr\/home\/bienvenue-chez-vp-danses-hazebrouck\/"},{"@type":"ListItem","position":2,"name":"8\u00e8me \u00e9dition &lsquo;\u00c7a danse \u00c0 st jans&rsquo; : Comp\u00e9tition ou Loisir, danses de salon ou salsa, le plaisir est multipli\u00e9 quand on comprend la connexion entre la danseuse et le danseur !"}]},{"@type":"WebSite","@id":"https:\/\/vpdanses.fr\/home\/bienvenue-chez-vp-danses-hazebrouck\/#website","url":"https:\/\/vpdanses.fr\/home\/bienvenue-chez-vp-danses-hazebrouck\/","name":"VP DANSES, cours de Danse Sportive \u00e0 Aire-sur-la-Lys et \u00e0 Saint-Jans-Cappel (Hauts-de-France)","description":"Cours de Danse Sportive STANDARD (valse anglaise, tango, valse viennoise, slowfox, quickstep), danses sportives LATINES (samba, chacha, rumba, paso doble, jive), danses de bal, danses de salons, danses de loisirs, salsa, rock 4 temps, rock 6 temps, danses en ligne, disco, \u2026 Lieu : Hazebrouck, Aire-sur-la-Lys, Saint-Jans-Cappel et Isbergues (Hauts-de-France) - Cours Particuliers dans les Hauts-de-France - Ouverture de bal de Mariage","publisher":{"@id":"https:\/\/vpdanses.fr\/home\/bienvenue-chez-vp-danses-hazebrouck\/#organization"},"potentialAction":[{"@type":"SearchAction","target":{"@type":"EntryPoint","urlTemplate":"https:\/\/vpdanses.fr\/home\/bienvenue-chez-vp-danses-hazebrouck\/?s={search_term_string}"},"query-input":{"@type":"PropertyValueSpecification","valueRequired":true,"valueName":"search_term_string"}}],"inLanguage":"fr-FR"},{"@type":"Organization","@id":"https:\/\/vpdanses.fr\/home\/bienvenue-chez-vp-danses-hazebrouck\/#organization","name":"VP DANSES, cours de Danse Sportive \u00e0 Aire-sur-la-Lys et \u00e0 Saint-Jans-Cappel (Hauts-de-France)","url":"https:\/\/vpdanses.fr\/home\/bienvenue-chez-vp-danses-hazebrouck\/","logo":{"@type":"ImageObject","inLanguage":"fr-FR","@id":"https:\/\/vpdanses.fr\/home\/bienvenue-chez-vp-danses-hazebrouck\/#\/schema\/logo\/image\/","url":"https:\/\/vpdanses.fr\/wp-content\/uploads\/2024\/10\/logo_cadanse_asaintjans.jpeg","contentUrl":"https:\/\/vpdanses.fr\/wp-content\/uploads\/2024\/10\/logo_cadanse_asaintjans.jpeg","width":225,"height":225,"caption":"VP DANSES, cours de Danse Sportive \u00e0 Aire-sur-la-Lys et \u00e0 Saint-Jans-Cappel (Hauts-de-France)"},"image":{"@id":"https:\/\/vpdanses.fr\/home\/bienvenue-chez-vp-danses-hazebrouck\/#\/schema\/logo\/image\/"}},{"@type":"Person","@id":"https:\/\/vpdanses.fr\/home\/bienvenue-chez-vp-danses-hazebrouck\/#\/schema\/person\/bf87806369778f949b83c9cd885519e5","name":"VP DANSES","description":"\"VP danses\" est une association qui donne des cours de DANSES SPORTIVES STANDARDS (valse anglaise, tango, valse viennoise, slowfox, quickstep), de DANSES SPORTIVES LATINES (samba, chacha, rumba, paso doble, jive), de DANSES DE BAL, de DANSES DE SALONS, de DANSES DE LOISIRS, de SALSA, de ROCK 4 TEMPS, de ROCK 6 TEMPS, de DANSES EN LIGNE, de DISCO, \u2026","sameAs":["https:\/\/vpdanses.fr"],"url":"https:\/\/vpdanses.fr\/home\/bienvenue-chez-vp-danses-hazebrouck\/author\/adminvp20241018\/"}]}},"jetpack_featured_media_url":"https:\/\/vpdanses.fr\/wp-content\/uploads\/2024\/12\/2024-11-30.Atelier_Salsa_CaDanseASaintJans_VPdanses_001_W1425_H800.jpg","uagb_featured_image_src":{"full":["https:\/\/vpdanses.fr\/wp-content\/uploads\/2024\/12\/2024-11-30.Atelier_Salsa_CaDanseASaintJans_VPdanses_001_W1425_H800.jpg",1425,800,false],"thumbnail":["https:\/\/vpdanses.fr\/wp-content\/uploads\/2024\/12\/2024-11-30.Atelier_Salsa_CaDanseASaintJans_VPdanses_001_W1425_H800-150x150.jpg",150,150,true],"medium":["https:\/\/vpdanses.fr\/wp-content\/uploads\/2024\/12\/2024-11-30.Atelier_Salsa_CaDanseASaintJans_VPdanses_001_W1425_H800-300x168.jpg",300,168,true],"medium_large":["https:\/\/vpdanses.fr\/wp-content\/uploads\/2024\/12\/2024-11-30.Atelier_Salsa_CaDanseASaintJans_VPdanses_001_W1425_H800-768x431.jpg",768,431,true],"large":["https:\/\/vpdanses.fr\/wp-content\/uploads\/2024\/12\/2024-11-30.Atelier_Salsa_CaDanseASaintJans_VPdanses_001_W1425_H800-1024x575.jpg",1024,575,true],"1536x1536":["https:\/\/vpdanses.fr\/wp-content\/uploads\/2024\/12\/2024-11-30.Atelier_Salsa_CaDanseASaintJans_VPdanses_001_W1425_H800.jpg",1425,800,false],"2048x2048":["https:\/\/vpdanses.fr\/wp-content\/uploads\/2024\/12\/2024-11-30.Atelier_Salsa_CaDanseASaintJans_VPdanses_001_W1425_H800.jpg",1425,800,false],"vp_sm":["https:\/\/vpdanses.fr\/wp-content\/uploads\/2024\/12\/2024-11-30.Atelier_Salsa_CaDanseASaintJans_VPdanses_001_W1425_H800.jpg",500,281,false],"vp_md":["https:\/\/vpdanses.fr\/wp-content\/uploads\/2024\/12\/2024-11-30.Atelier_Salsa_CaDanseASaintJans_VPdanses_001_W1425_H800.jpg",800,449,false],"vp_lg":["https:\/\/vpdanses.fr\/wp-content\/uploads\/2024\/12\/2024-11-30.Atelier_Salsa_CaDanseASaintJans_VPdanses_001_W1425_H800.jpg",1280,719,false],"vp_xl":["https:\/\/vpdanses.fr\/wp-content\/uploads\/2024\/12\/2024-11-30.Atelier_Salsa_CaDanseASaintJans_VPdanses_001_W1425_H800.jpg",1425,800,false],"vp_sm_popup":["https:\/\/vpdanses.fr\/wp-content\/uploads\/2024\/12\/2024-11-30.Atelier_Salsa_CaDanseASaintJans_VPdanses_001_W1425_H800.jpg",500,281,false],"vp_md_popup":["https:\/\/vpdanses.fr\/wp-content\/uploads\/2024\/12\/2024-11-30.Atelier_Salsa_CaDanseASaintJans_VPdanses_001_W1425_H800.jpg",800,449,false],"vp_xl_popup":["https:\/\/vpdanses.fr\/wp-content\/uploads\/2024\/12\/2024-11-30.Atelier_Salsa_CaDanseASaintJans_VPdanses_001_W1425_H800.jpg",1425,800,false],"dance-blog-thumb":["https:\/\/vpdanses.fr\/wp-content\/uploads\/2024\/12\/2024-11-30.Atelier_Salsa_CaDanseASaintJans_VPdanses_001_W1425_H800-150x120.jpg",150,120,true],"dance-event-list":["https:\/\/vpdanses.fr\/wp-content\/uploads\/2024\/12\/2024-11-30.Atelier_Salsa_CaDanseASaintJans_VPdanses_001_W1425_H800-420x336.jpg",420,336,true],"dance-event-single-type1":["https:\/\/vpdanses.fr\/wp-content\/uploads\/2024\/12\/2024-11-30.Atelier_Salsa_CaDanseASaintJans_VPdanses_001_W1425_H800-773x520.jpg",773,520,true],"dance-event-single-type4":["https:\/\/vpdanses.fr\/wp-content\/uploads\/2024\/12\/2024-11-30.Atelier_Salsa_CaDanseASaintJans_VPdanses_001_W1425_H800-570x460.jpg",570,460,true],"dance-event-single-type5":["https:\/\/vpdanses.fr\/wp-content\/uploads\/2024\/12\/2024-11-30.Atelier_Salsa_CaDanseASaintJans_VPdanses_001_W1425_H800-746x770.jpg",746,770,true],"dance-event-list2":["https:\/\/vpdanses.fr\/wp-content\/uploads\/2024\/12\/2024-11-30.Atelier_Salsa_CaDanseASaintJans_VPdanses_001_W1425_H800-420x275.jpg",420,275,true]},"uagb_author_info":{"display_name":"VP DANSES","author_link":"https:\/\/vpdanses.fr\/home\/bienvenue-chez-vp-danses-hazebrouck\/author\/adminvp20241018\/"},"uagb_comment_info":0,"uagb_excerpt":"R\u00e9sum\u00e9 de notre atelier Salsa du samedi 30 novembre 2024 : Nous avons eu le plaisir d'apprendre ou de revdoir des pas de base tels que\u00a0el Paso Cruzado,\u00a0Cha cha,\u00a0Suzie Q, ainsi que le tour \u00e0 droite et le tour \u00e0 gauche. Nous avons \u00e9galement form\u00e9 une\u00a0Rueda\u00a0et pratiqu\u00e9 ces pas dans une ambiance dynamique et joyeuse.\u2026","jetpack_sharing_enabled":true,"_links":{"self":[{"href":"https:\/\/vpdanses.fr\/home\/bienvenue-chez-vp-danses-hazebrouck\/wp-json\/wp\/v2\/posts\/10202","targetHints":{"allow":["GET"]}}],"collection":[{"href":"https:\/\/vpdanses.fr\/home\/bienvenue-chez-vp-danses-hazebrouck\/wp-json\/wp\/v2\/posts"}],"about":[{"href":"https:\/\/vpdanses.fr\/home\/bienvenue-chez-vp-danses-hazebrouck\/wp-json\/wp\/v2\/types\/post"}],"author":[{"embeddable":true,"href":"https:\/\/vpdanses.fr\/home\/bienvenue-chez-vp-danses-hazebrouck\/wp-json\/wp\/v2\/users\/1"}],"replies":[{"embeddable":true,"href":"https:\/\/vpdanses.fr\/home\/bienvenue-chez-vp-danses-hazebrouck\/wp-json\/wp\/v2\/comments?post=10202"}],"version-history":[{"count":22,"href":"https:\/\/vpdanses.fr\/home\/bienvenue-chez-vp-danses-hazebrouck\/wp-json\/wp\/v2\/posts\/10202\/revisions"}],"predecessor-version":[{"id":10764,"href":"https:\/\/vpdanses.fr\/home\/bienvenue-chez-vp-danses-hazebrouck\/wp-json\/wp\/v2\/posts\/10202\/revisions\/10764"}],"wp:featuredmedia":[{"embeddable":true,"href":"https:\/\/vpdanses.fr\/home\/bienvenue-chez-vp-danses-hazebrouck\/wp-json\/wp\/v2\/media\/10203"}],"wp:attachment":[{"href":"https:\/\/vpdanses.fr\/home\/bienvenue-chez-vp-danses-hazebrouck\/wp-json\/wp\/v2\/media?parent=10202"}],"wp:term":[{"taxonomy":"category","embeddable":true,"href":"https:\/\/vpdanses.fr\/home\/bienvenue-chez-vp-danses-hazebrouck\/wp-json\/wp\/v2\/categories?post=10202"},{"taxonomy":"post_tag","embeddable":true,"href":"https:\/\/vpdanses.fr\/home\/bienvenue-chez-vp-danses-hazebrouck\/wp-json\/wp\/v2\/tags?post=10202"}],"curies":[{"name":"wp","href":"https:\/\/api.w.org\/{rel}","templated":true}]}}