{"id":11100,"date":"2024-12-31T12:54:55","date_gmt":"2024-12-31T11:54:55","guid":{"rendered":"https:\/\/vpdanses.fr\/home\/bienvenue-chez-vp-danses-hazebrouck\/?p=11100"},"modified":"2024-12-31T19:51:46","modified_gmt":"2024-12-31T18:51:46","slug":"la-claque-de-fred-radix-au-theatre-de-la-gaite-paris-france","status":"publish","type":"post","link":"https:\/\/vpdanses.fr\/home\/bienvenue-chez-vp-danses-hazebrouck\/la-claque-de-fred-radix-au-theatre-de-la-gaite-paris-france\/","title":{"rendered":"\u00ab\u00a0la claque\u00a0\u00bb de Fred RADIX, AU th\u00e9\u00e2tre de la Ga\u00eet\u00e9 (PARIS, France)"},"content":{"rendered":"\n<p>Ce lundi 30\/12\/2024, VP DANSES a d\u00e9couvert pour la premi\u00e8re le <strong><a href=\"https:\/\/gaite.com\" target=\"_blank\" rel=\"noreferrer noopener\">Th\u00e9\u00e2tre de la Ga\u00eet\u00e9<\/a><\/strong> :  <\/p>\n\n\n\n<p>Le&nbsp;<strong><a href=\"https:\/\/gaite.com\" data-type=\"link\" data-id=\"https:\/\/gaite.com\" target=\"_blank\" rel=\"noreferrer noopener\">Th\u00e9\u00e2tre de la Ga\u00eet\u00e9-Montparnasse<\/a><\/strong> a \u00e9t\u00e9 inaugur\u00e9 en&nbsp;<strong>1868<\/strong>. Ce Th\u00e9\u00e2tre a d&rsquo;abord \u00e9t\u00e9 con\u00e7u comme un caf\u00e9-concert, un lieu o\u00f9 le public pouvait profiter de spectacles tout en se restaurant. Ce type de divertissement \u00e9tait tr\u00e8s populaire \u00e0 l&rsquo;\u00e9poque, et le th\u00e9\u00e2tre accueillait des performances de mime, de danse et de cabaret, attirant une foule enthousiaste.Au fil des d\u00e9cennies, le th\u00e9\u00e2tre a \u00e9volu\u00e9 pour devenir un lieu de spectacles plus l\u00e9gitimes, tout en conservant son ambiance festive. Cependant, les ann\u00e9es 1930 ont marqu\u00e9 une p\u00e9riode difficile pour l&rsquo;\u00e9tablissement, avec une baisse de l&rsquo;affluence. Le th\u00e9\u00e2tre a \u00e9galement \u00e9t\u00e9 associ\u00e9 \u00e0 des figures embl\u00e9matiques, comme&nbsp;<strong><a href=\"https:\/\/www.radiofrance.fr\/personnes\/jacques-offenbach\" data-type=\"link\" data-id=\"https:\/\/www.radiofrance.fr\/personnes\/jacques-offenbach\" target=\"_blank\" rel=\"noreferrer noopener\">Jacques Offenbach<\/a><\/strong>, qui en a \u00e9t\u00e9 le directeur de 1873 \u00e0 1874. Offenbach, c\u00e9l\u00e8bre pour ses op\u00e9rettes, a contribu\u00e9 \u00e0 la renomm\u00e9e du lieu. Dans les ann\u00e9es 1970, le Th\u00e9\u00e2tre de la Ga\u00eet\u00e9 a connu une nouvelle transformation, avec une reconstruction qui a abouti \u00e0 la cr\u00e9ation d&rsquo;un centre artistique moderne,&nbsp;<strong><a href=\"https:\/\/www.instagram.com\/gaitelyrique\/\" target=\"_blank\" rel=\"noreferrer noopener\">La Ga\u00eet\u00e9 Lyrique<\/a><\/strong>, inaugur\u00e9 en&nbsp;<strong>2010<\/strong>. Ce centre int\u00e8gre des \u00e9l\u00e9ments de l&rsquo;ancien th\u00e9\u00e2tre tout en se concentrant sur les arts num\u00e9riques et la musique contemporaine.<\/p>\n\n\n\n<p>Nous avons \u00e9t\u00e9 ravis et enchant\u00e9s de voir la pi\u00e8ce de Th\u00e9\u00e2tre \u00ab\u00a0<strong><a href=\"https:\/\/youtu.be\/i8u2BBycZyc\" target=\"_blank\" rel=\"noreferrer noopener\">La Claque<\/a><\/strong>\u00a0\u00bb de <strong><a href=\"http:\/\/www.fredradix.com\">Fred RADIX<\/a><\/strong>. <\/p>\n\n\n\n<ul class=\"wp-block-social-links is-layout-flex wp-block-social-links-is-layout-flex\"><li class=\"wp-social-link wp-social-link-instagram  wp-block-social-link\"><a href=\"https:\/\/www.instagram.com\/la_claque_fredradix\/\" class=\"wp-block-social-link-anchor\"><svg width=\"24\" height=\"24\" viewBox=\"0 0 24 24\" version=\"1.1\" xmlns=\"http:\/\/www.w3.org\/2000\/svg\" aria-hidden=\"true\" focusable=\"false\"><path d=\"M12,4.622c2.403,0,2.688,0.009,3.637,0.052c0.877,0.04,1.354,0.187,1.671,0.31c0.42,0.163,0.72,0.358,1.035,0.673 c0.315,0.315,0.51,0.615,0.673,1.035c0.123,0.317,0.27,0.794,0.31,1.671c0.043,0.949,0.052,1.234,0.052,3.637 s-0.009,2.688-0.052,3.637c-0.04,0.877-0.187,1.354-0.31,1.671c-0.163,0.42-0.358,0.72-0.673,1.035 c-0.315,0.315-0.615,0.51-1.035,0.673c-0.317,0.123-0.794,0.27-1.671,0.31c-0.949,0.043-1.233,0.052-3.637,0.052 s-2.688-0.009-3.637-0.052c-0.877-0.04-1.354-0.187-1.671-0.31c-0.42-0.163-0.72-0.358-1.035-0.673 c-0.315-0.315-0.51-0.615-0.673-1.035c-0.123-0.317-0.27-0.794-0.31-1.671C4.631,14.688,4.622,14.403,4.622,12 s0.009-2.688,0.052-3.637c0.04-0.877,0.187-1.354,0.31-1.671c0.163-0.42,0.358-0.72,0.673-1.035 c0.315-0.315,0.615-0.51,1.035-0.673c0.317-0.123,0.794-0.27,1.671-0.31C9.312,4.631,9.597,4.622,12,4.622 M12,3 C9.556,3,9.249,3.01,8.289,3.054C7.331,3.098,6.677,3.25,6.105,3.472C5.513,3.702,5.011,4.01,4.511,4.511 c-0.5,0.5-0.808,1.002-1.038,1.594C3.25,6.677,3.098,7.331,3.054,8.289C3.01,9.249,3,9.556,3,12c0,2.444,0.01,2.751,0.054,3.711 c0.044,0.958,0.196,1.612,0.418,2.185c0.23,0.592,0.538,1.094,1.038,1.594c0.5,0.5,1.002,0.808,1.594,1.038 c0.572,0.222,1.227,0.375,2.185,0.418C9.249,20.99,9.556,21,12,21s2.751-0.01,3.711-0.054c0.958-0.044,1.612-0.196,2.185-0.418 c0.592-0.23,1.094-0.538,1.594-1.038c0.5-0.5,0.808-1.002,1.038-1.594c0.222-0.572,0.375-1.227,0.418-2.185 C20.99,14.751,21,14.444,21,12s-0.01-2.751-0.054-3.711c-0.044-0.958-0.196-1.612-0.418-2.185c-0.23-0.592-0.538-1.094-1.038-1.594 c-0.5-0.5-1.002-0.808-1.594-1.038c-0.572-0.222-1.227-0.375-2.185-0.418C14.751,3.01,14.444,3,12,3L12,3z M12,7.378 c-2.552,0-4.622,2.069-4.622,4.622S9.448,16.622,12,16.622s4.622-2.069,4.622-4.622S14.552,7.378,12,7.378z M12,15 c-1.657,0-3-1.343-3-3s1.343-3,3-3s3,1.343,3,3S13.657,15,12,15z M16.804,6.116c-0.596,0-1.08,0.484-1.08,1.08 s0.484,1.08,1.08,1.08c0.596,0,1.08-0.484,1.08-1.08S17.401,6.116,16.804,6.116z\"><\/path><\/svg><span class=\"wp-block-social-link-label screen-reader-text\">Lien Instagram<\/span><\/a><\/li><\/ul>\n\n\n\n<h4 class=\"wp-block-heading\">Pr\u00e9sentation de la pi\u00e8ce \u00ab\u00a0<a href=\"http:\/\/www.fredradix.com\/laclaque.html\" target=\"_blank\" rel=\"noreferrer noopener\">La Claque<\/a>\u00ab\u00a0<\/h4>\n\n\n\n<div class=\"wp-block-media-text is-stacked-on-mobile\" style=\"grid-template-columns:75% auto\"><figure class=\"wp-block-media-text__media\"><noscript><img loading=\"lazy\" decoding=\"async\" width=\"916\" height=\"502\" data-skip-lazy src=\"https:\/\/vpdanses.fr\/wp-content\/uploads\/2024\/12\/2024-12-30.acteurs_la_claque-1.png\" alt=\"Acteurs de la pi\u00e8ce de Th\u00e9\u00e2tre &quot;La Claque&quot; jou\u00e9 au Th\u00e9\u00e2tre de la Ga\u00eet\u00e9, le 30\/12\/2024\" class=\"wp-image-11105 size-full\" srcset=\"https:\/\/vpdanses.fr\/wp-content\/uploads\/2024\/12\/2024-12-30.acteurs_la_claque-1.png 916w, https:\/\/vpdanses.fr\/wp-content\/uploads\/2024\/12\/2024-12-30.acteurs_la_claque-1-300x164.png 300w, https:\/\/vpdanses.fr\/wp-content\/uploads\/2024\/12\/2024-12-30.acteurs_la_claque-1-768x421.png 768w, https:\/\/vpdanses.fr\/wp-content\/uploads\/2024\/12\/2024-12-30.acteurs_la_claque-1-500x274.png 500w, https:\/\/vpdanses.fr\/wp-content\/uploads\/2024\/12\/2024-12-30.acteurs_la_claque-1-800x438.png 800w\" sizes=\"auto, (max-width: 916px) 100vw, 916px\" \/><\/noscript><img loading=\"eager\" decoding=\"async\" width=\"916\" height=\"502\" src=\"https:\/\/vpdanses.fr\/wp-content\/uploads\/2024\/12\/2024-12-30.acteurs_la_claque-1.png\" alt=\"Acteurs de la pi\u00e8ce de Th\u00e9\u00e2tre &quot;La Claque&quot; jou\u00e9 au Th\u00e9\u00e2tre de la Ga\u00eet\u00e9, le 30\/12\/2024\" class=\"wp-image-11105 size-full vp-lazyload\" srcset=\"data:image\/svg+xml;base64,PHN2ZyB3aWR0aD0iOTE2IiBoZWlnaHQ9IjUwMiIgdmlld0JveD0iMCAwIDkxNiA1MDIiIGZpbGw9Im5vbmUiIHhtbG5zPSJodHRwOi8vd3d3LnczLm9yZy8yMDAwL3N2ZyI+PC9zdmc+\" data-src=\"https:\/\/vpdanses.fr\/wp-content\/uploads\/2024\/12\/2024-12-30.acteurs_la_claque-1.png\" data-srcset=\"https:\/\/vpdanses.fr\/wp-content\/uploads\/2024\/12\/2024-12-30.acteurs_la_claque-1.png 916w, https:\/\/vpdanses.fr\/wp-content\/uploads\/2024\/12\/2024-12-30.acteurs_la_claque-1-300x164.png 300w, https:\/\/vpdanses.fr\/wp-content\/uploads\/2024\/12\/2024-12-30.acteurs_la_claque-1-768x421.png 768w, https:\/\/vpdanses.fr\/wp-content\/uploads\/2024\/12\/2024-12-30.acteurs_la_claque-1-500x274.png 500w, https:\/\/vpdanses.fr\/wp-content\/uploads\/2024\/12\/2024-12-30.acteurs_la_claque-1-800x438.png 800w\" data-sizes=\"auto\"><\/figure><div class=\"wp-block-media-text__content\">\n<p>Les artistes de la repr\u00e9sentation du 30\/12\/2024 au Th\u00e9\u00e2tre de la Ga\u00eet\u00e9, PARIS, France :<\/p>\n\n\n\n<p>. <strong><a href=\"https:\/\/www.instagram.com\/xtofjendro\/\">Christophe GENDREAU<\/a><\/strong><\/p>\n\n\n\n<p><strong><a href=\"https:\/\/www.spectable.com\/artiste\/guillaume-darnault\" target=\"_blank\" rel=\"noreferrer noopener\">. Guillaume DARNAULT<\/a><\/strong><\/p>\n\n\n\n<p><strong><a href=\"https:\/\/www.instagram.com\/estelbernigal\/\" target=\"_blank\" rel=\"noreferrer noopener\">. Estelle BERNIGAL<\/a><\/strong><\/p>\n\n\n\n<p><\/p>\n<\/div><\/div>\n\n\n\n<p><\/p>\n\n\n\n<p><strong>\u00ab\u00a0La Claque\u00a0\u00bb<\/strong>&nbsp;est une pi\u00e8ce de th\u00e9\u00e2tre \u00e9crite par&nbsp;<strong>Fred Radix<\/strong>, qui se d\u00e9roule dans un th\u00e9\u00e2tre parisien en&nbsp;<strong>1895<\/strong>. Cette \u0153uvre est \u00e0 la fois&nbsp;<strong>dr\u00f4le<\/strong>,&nbsp;<strong>musicale<\/strong>&nbsp;et&nbsp;<strong>interactive<\/strong>, offrant une exp\u00e9rience unique au public. Elle met en lumi\u00e8re <strong><a href=\"https:\/\/www.radiofrance.fr\/francemusique\/podcasts\/au-fil-de-l-actu\/les-claqueurs-ce-metier-oublie-qui-a-marque-l-histoire-des-theatres-7160555\" target=\"_blank\" rel=\"noreferrer noopener\">le m\u00e9tier de&nbsp;claqueur<\/a><\/strong>, une personne engag\u00e9e pour applaudir ou r\u00e9agir de mani\u00e8re bruyante lors des repr\u00e9sentations th\u00e9\u00e2trales, influen\u00e7ant ainsi la r\u00e9ception d&rsquo;une pi\u00e8ce.<\/p>\n\n\n\n<h4 class=\"wp-block-heading\">Intrigue<\/h4>\n\n\n\n<p>L&rsquo;histoire suit&nbsp;<strong>Auguste Levasseur<\/strong>, le chef de claque, qui dirige une troupe de complices charg\u00e9s d&rsquo;applaudir aux moments opportuns pour soutenir la pi\u00e8ce. Cependant, \u00e0 deux heures de la premi\u00e8re, Auguste se retrouve abandonn\u00e9 par ses complices, ce qui cr\u00e9e une s\u00e9rie de situations comiques et impr\u00e9vues<\/p>\n\n\n\n<h4 class=\"wp-block-heading\">Interactivit\u00e9 et participation<\/h4>\n\n\n\n<p>Un des aspects marquants de \u00ab\u00a0<strong>La Claqu<\/strong>e\u00a0\u00bb est son interactivit\u00e9. Le public est invit\u00e9 \u00e0 participer activement, ce qui renforce l&rsquo;exp\u00e9rience th\u00e9\u00e2trale et cr\u00e9e une atmosph\u00e8re conviviale et engageante. Nous sommes sortis de ce spectacle avec le sourire. Sans nul doute, ce spectacle est une exp\u00e9rience \u00e0 partager ! <\/p>\n\n\n<div class=\"wp-block-visual-portfolio alignwide\">\n<div class=\"vp-portfolio vp-uid-8ea01f65 vp-id-Z1AcCAe\"\n\tdata-vp-layout=\"tiles\" data-vp-content-source=\"images\" data-vp-items-style=\"fade\" data-vp-items-click-action=\"popup_gallery\" data-vp-items-gap=\"15\" data-vp-items-gap-vertical=\"\" data-vp-pagination=\"load-more\" data-vp-next-page-url=\"\" data-vp-tiles-type=\"3|1,1|\" >\n\t<div class=\"vp-portfolio__preloader-wrap\">\n\t\t<div class=\"vp-portfolio__preloader\">\n\t\t\t<img decoding=\"async\" loading=\"eager\" src=\"https:\/\/vpdanses.fr\/wp-content\/plugins\/visual-portfolio\/assets\/images\/logo-dark.svg\" alt=\"Visual Portfolio, Posts &amp; Image Gallery for WordPress\" width=\"20\" height=\"20\" data-skip-lazy>\n\t\t<\/div>\n\t<\/div>\n\t\t<div class=\"vp-portfolio__items-wrap\">\n\t\t\t\n<div class=\"vp-portfolio__items vp-portfolio__items-style-fade vp-portfolio__items-show-overlay-hover\">\n\n\t\t<div\t\tclass=\"vp-portfolio__item-wrap vp-portfolio__item-uid-2bee28c3\" data-vp-filter=\"\" \t\t>\n\t\t\t<template class=\"vp-portfolio__item-popup\" data-vp-popup-img=\"https:\/\/vpdanses.fr\/wp-content\/uploads\/2024\/12\/20241230_1466_Theatre_Gaiete_La_Claque.jpg\" data-vp-popup-img-srcset=\"https:\/\/vpdanses.fr\/wp-content\/uploads\/2024\/12\/20241230_1466_Theatre_Gaiete_La_Claque.jpg 810w, https:\/\/vpdanses.fr\/wp-content\/uploads\/2024\/12\/20241230_1466_Theatre_Gaiete_La_Claque-225x300.jpg 225w, https:\/\/vpdanses.fr\/wp-content\/uploads\/2024\/12\/20241230_1466_Theatre_Gaiete_La_Claque-768x1024.jpg 768w, https:\/\/vpdanses.fr\/wp-content\/uploads\/2024\/12\/20241230_1466_Theatre_Gaiete_La_Claque-500x667.jpg 500w, https:\/\/vpdanses.fr\/wp-content\/uploads\/2024\/12\/20241230_1466_Theatre_Gaiete_La_Claque-800x1067.jpg 800w\" data-vp-popup-img-size=\"810x1080\" data-vp-popup-md-img=\"https:\/\/vpdanses.fr\/wp-content\/uploads\/2024\/12\/20241230_1466_Theatre_Gaiete_La_Claque-800x1067.jpg\" data-vp-popup-md-img-size=\"800x1067\" data-vp-popup-sm-img=\"https:\/\/vpdanses.fr\/wp-content\/uploads\/2024\/12\/20241230_1466_Theatre_Gaiete_La_Claque-500x667.jpg\" data-vp-popup-sm-img-size=\"500x667\">\n\t\t\t<h3 class=\"vp-portfolio__item-popup-title\">Le Th\u00e9\u00e2tre de la Ga\u00eet\u00e9-Montparnasse est situ\u00e9 \u00e0 26, rue de la Ga\u00eet\u00e9, dans le 14\u1d49 arrondissement de Paris. Ce quartier est connu pour son ambiance artistique et culturelle.<\/h3>\n\t\t\t\t<div class=\"vp-portfolio__item-popup-description\">\u00ab\u00a0la claque\u00a0\u00bb par Fred RADIX, AU th\u00e9\u00e2tre de la Ga\u00eet\u00e9-Montparnasse (PARIS, France)<\/div>\n\t\t<\/template>\n\t\t\t\t\t\t<figure class=\"vp-portfolio__item\">\n\t\t\t\t\n<div class=\"vp-portfolio__item-img-wrap\">\n\t<div class=\"vp-portfolio__item-img\">\n\t\t\t<a\n\t\thref=\"https:\/\/vpdanses.fr\/wp-content\/uploads\/2024\/12\/20241230_1466_Theatre_Gaiete_La_Claque.jpg\"\n\t\t\t>\n\t\n\t\t<noscript><img loading=\"lazy\" decoding=\"async\" width=\"810\" height=\"1080\" data-skip-lazy src=\"https:\/\/vpdanses.fr\/wp-content\/uploads\/2024\/12\/20241230_1466_Theatre_Gaiete_La_Claque.jpg\" class=\"wp-image-11125\" alt=\"&quot;la claque&quot; par Fred RADIX, AU th\u00e9\u00e2tre de la Ga\u00eet\u00e9-Montparnasse (PARIS, France)\" srcset=\"https:\/\/vpdanses.fr\/wp-content\/uploads\/2024\/12\/20241230_1466_Theatre_Gaiete_La_Claque.jpg 810w, https:\/\/vpdanses.fr\/wp-content\/uploads\/2024\/12\/20241230_1466_Theatre_Gaiete_La_Claque-225x300.jpg 225w, https:\/\/vpdanses.fr\/wp-content\/uploads\/2024\/12\/20241230_1466_Theatre_Gaiete_La_Claque-768x1024.jpg 768w, https:\/\/vpdanses.fr\/wp-content\/uploads\/2024\/12\/20241230_1466_Theatre_Gaiete_La_Claque-500x667.jpg 500w, https:\/\/vpdanses.fr\/wp-content\/uploads\/2024\/12\/20241230_1466_Theatre_Gaiete_La_Claque-800x1067.jpg 800w\" sizes=\"auto, (max-width: 810px) 100vw, 810px\" \/><\/noscript><img fetchpriority=\"high\" decoding=\"async\" width=\"810\" height=\"1080\" src=\"https:\/\/vpdanses.fr\/wp-content\/uploads\/2024\/12\/20241230_1466_Theatre_Gaiete_La_Claque.jpg\" class=\"wp-image-11125 vp-lazyload\" alt=\"&quot;la claque&quot; par Fred RADIX, AU th\u00e9\u00e2tre de la Ga\u00eet\u00e9-Montparnasse (PARIS, France)\" srcset=\"data:image\/svg+xml;base64,PHN2ZyB3aWR0aD0iODEwIiBoZWlnaHQ9IjEwODAiIHZpZXdCb3g9IjAgMCA4MTAgMTA4MCIgZmlsbD0ibm9uZSIgeG1sbnM9Imh0dHA6Ly93d3cudzMub3JnLzIwMDAvc3ZnIj48L3N2Zz4=\" data-src=\"https:\/\/vpdanses.fr\/wp-content\/uploads\/2024\/12\/20241230_1466_Theatre_Gaiete_La_Claque.jpg\" data-srcset=\"https:\/\/vpdanses.fr\/wp-content\/uploads\/2024\/12\/20241230_1466_Theatre_Gaiete_La_Claque.jpg 810w, https:\/\/vpdanses.fr\/wp-content\/uploads\/2024\/12\/20241230_1466_Theatre_Gaiete_La_Claque-225x300.jpg 225w, https:\/\/vpdanses.fr\/wp-content\/uploads\/2024\/12\/20241230_1466_Theatre_Gaiete_La_Claque-768x1024.jpg 768w, https:\/\/vpdanses.fr\/wp-content\/uploads\/2024\/12\/20241230_1466_Theatre_Gaiete_La_Claque-500x667.jpg 500w, https:\/\/vpdanses.fr\/wp-content\/uploads\/2024\/12\/20241230_1466_Theatre_Gaiete_La_Claque-800x1067.jpg 800w\" data-sizes=\"auto\" loading=\"eager\">\n\t\t<\/a>\t<\/div>\n<\/div>\n\t<figcaption class=\"vp-portfolio__item-overlay vp-portfolio__item-overlay-text-align-center\">\n\t\t<div class=\"vp-portfolio__item-meta-wrap vp-portfolio__custom-scrollbar\">\n\t\t\t\t<a\n\t\thref=\"https:\/\/vpdanses.fr\/wp-content\/uploads\/2024\/12\/20241230_1466_Theatre_Gaiete_La_Claque.jpg\"\n\t\ttabindex=\"-1\" class=\"vp-portfolio__item-meta\" \t>\n\t\n<h2 class=\"vp-portfolio__item-meta-title\">\n\tLe Th\u00e9\u00e2tre de la Ga\u00eet\u00e9-Montparnasse est situ\u00e9 \u00e0 26, rue de la Ga\u00eet\u00e9, dans le 14\u1d49 arrondissement de Paris. Ce quartier est connu pour son ambiance artistique et culturelle.<\/h2>\n<\/a>\t\t<\/div>\n\t<\/figcaption>\n\t\t\t<\/figure>\n\t\t\t\t\t<\/div>\n\t\t\n\t\t<div\t\tclass=\"vp-portfolio__item-wrap vp-portfolio__item-uid-7ed66ec5\" data-vp-filter=\"\" \t\t>\n\t\t\t<template class=\"vp-portfolio__item-popup\" data-vp-popup-img=\"https:\/\/vpdanses.fr\/wp-content\/uploads\/2024\/12\/20241230_1463_Theatre_Gaiete_La_Claque.jpg\" data-vp-popup-img-srcset=\"https:\/\/vpdanses.fr\/wp-content\/uploads\/2024\/12\/20241230_1463_Theatre_Gaiete_La_Claque.jpg 810w, https:\/\/vpdanses.fr\/wp-content\/uploads\/2024\/12\/20241230_1463_Theatre_Gaiete_La_Claque-225x300.jpg 225w, https:\/\/vpdanses.fr\/wp-content\/uploads\/2024\/12\/20241230_1463_Theatre_Gaiete_La_Claque-768x1024.jpg 768w, https:\/\/vpdanses.fr\/wp-content\/uploads\/2024\/12\/20241230_1463_Theatre_Gaiete_La_Claque-500x667.jpg 500w, https:\/\/vpdanses.fr\/wp-content\/uploads\/2024\/12\/20241230_1463_Theatre_Gaiete_La_Claque-800x1067.jpg 800w\" data-vp-popup-img-size=\"810x1080\" data-vp-popup-md-img=\"https:\/\/vpdanses.fr\/wp-content\/uploads\/2024\/12\/20241230_1463_Theatre_Gaiete_La_Claque-800x1067.jpg\" data-vp-popup-md-img-size=\"800x1067\" data-vp-popup-sm-img=\"https:\/\/vpdanses.fr\/wp-content\/uploads\/2024\/12\/20241230_1463_Theatre_Gaiete_La_Claque-500x667.jpg\" data-vp-popup-sm-img-size=\"500x667\">\n\t\t\t<h3 class=\"vp-portfolio__item-popup-title\">L\u2019histoire du Th\u00e9\u00e2tre de la Ga\u00eet\u00e9-Montparnasse est li\u00e9 \u00e0 son c\u00e9l\u00e8bre caf\u00e9-concert d&rsquo;origine dans les ann\u00e9es 1900.<\/h3>\n\t\t\t\t<div class=\"vp-portfolio__item-popup-description\">\u00ab\u00a0la claque\u00a0\u00bb par Fred RADIX, AU th\u00e9\u00e2tre de la Ga\u00eet\u00e9-Montparnasse (PARIS, France)<\/div>\n\t\t<\/template>\n\t\t\t\t\t\t<figure class=\"vp-portfolio__item\">\n\t\t\t\t\n<div class=\"vp-portfolio__item-img-wrap\">\n\t<div class=\"vp-portfolio__item-img\">\n\t\t\t<a\n\t\thref=\"https:\/\/vpdanses.fr\/wp-content\/uploads\/2024\/12\/20241230_1463_Theatre_Gaiete_La_Claque.jpg\"\n\t\t\t>\n\t\n\t\t<noscript><img loading=\"lazy\" decoding=\"async\" width=\"810\" height=\"1080\" data-skip-lazy src=\"https:\/\/vpdanses.fr\/wp-content\/uploads\/2024\/12\/20241230_1463_Theatre_Gaiete_La_Claque.jpg\" class=\"wp-image-11122\" alt=\"&quot;la claque&quot; par Fred RADIX, AU th\u00e9\u00e2tre de la Ga\u00eet\u00e9-Montparnasse (PARIS, France)\" srcset=\"https:\/\/vpdanses.fr\/wp-content\/uploads\/2024\/12\/20241230_1463_Theatre_Gaiete_La_Claque.jpg 810w, https:\/\/vpdanses.fr\/wp-content\/uploads\/2024\/12\/20241230_1463_Theatre_Gaiete_La_Claque-225x300.jpg 225w, https:\/\/vpdanses.fr\/wp-content\/uploads\/2024\/12\/20241230_1463_Theatre_Gaiete_La_Claque-768x1024.jpg 768w, https:\/\/vpdanses.fr\/wp-content\/uploads\/2024\/12\/20241230_1463_Theatre_Gaiete_La_Claque-500x667.jpg 500w, https:\/\/vpdanses.fr\/wp-content\/uploads\/2024\/12\/20241230_1463_Theatre_Gaiete_La_Claque-800x1067.jpg 800w\" sizes=\"auto, (max-width: 810px) 100vw, 810px\" \/><\/noscript><img decoding=\"async\" width=\"810\" height=\"1080\" src=\"https:\/\/vpdanses.fr\/wp-content\/uploads\/2024\/12\/20241230_1463_Theatre_Gaiete_La_Claque.jpg\" class=\"wp-image-11122 vp-lazyload\" alt=\"&quot;la claque&quot; par Fred RADIX, AU th\u00e9\u00e2tre de la Ga\u00eet\u00e9-Montparnasse (PARIS, France)\" srcset=\"data:image\/svg+xml;base64,PHN2ZyB3aWR0aD0iODEwIiBoZWlnaHQ9IjEwODAiIHZpZXdCb3g9IjAgMCA4MTAgMTA4MCIgZmlsbD0ibm9uZSIgeG1sbnM9Imh0dHA6Ly93d3cudzMub3JnLzIwMDAvc3ZnIj48L3N2Zz4=\" data-src=\"https:\/\/vpdanses.fr\/wp-content\/uploads\/2024\/12\/20241230_1463_Theatre_Gaiete_La_Claque.jpg\" data-srcset=\"https:\/\/vpdanses.fr\/wp-content\/uploads\/2024\/12\/20241230_1463_Theatre_Gaiete_La_Claque.jpg 810w, https:\/\/vpdanses.fr\/wp-content\/uploads\/2024\/12\/20241230_1463_Theatre_Gaiete_La_Claque-225x300.jpg 225w, https:\/\/vpdanses.fr\/wp-content\/uploads\/2024\/12\/20241230_1463_Theatre_Gaiete_La_Claque-768x1024.jpg 768w, https:\/\/vpdanses.fr\/wp-content\/uploads\/2024\/12\/20241230_1463_Theatre_Gaiete_La_Claque-500x667.jpg 500w, https:\/\/vpdanses.fr\/wp-content\/uploads\/2024\/12\/20241230_1463_Theatre_Gaiete_La_Claque-800x1067.jpg 800w\" data-sizes=\"auto\" loading=\"eager\">\n\t\t<\/a>\t<\/div>\n<\/div>\n\t<figcaption class=\"vp-portfolio__item-overlay vp-portfolio__item-overlay-text-align-center\">\n\t\t<div class=\"vp-portfolio__item-meta-wrap vp-portfolio__custom-scrollbar\">\n\t\t\t\t<a\n\t\thref=\"https:\/\/vpdanses.fr\/wp-content\/uploads\/2024\/12\/20241230_1463_Theatre_Gaiete_La_Claque.jpg\"\n\t\ttabindex=\"-1\" class=\"vp-portfolio__item-meta\" \t>\n\t\n<h2 class=\"vp-portfolio__item-meta-title\">\n\tL\u2019histoire du Th\u00e9\u00e2tre de la Ga\u00eet\u00e9-Montparnasse est li\u00e9 \u00e0 son c\u00e9l\u00e8bre caf\u00e9-concert d&rsquo;origine dans les ann\u00e9es 1900.<\/h2>\n<\/a>\t\t<\/div>\n\t<\/figcaption>\n\t\t\t<\/figure>\n\t\t\t\t\t<\/div>\n\t\t\n\t\t<div\t\tclass=\"vp-portfolio__item-wrap vp-portfolio__item-uid-614b4dd1\" data-vp-filter=\"\" \t\t>\n\t\t\t<template class=\"vp-portfolio__item-popup\" data-vp-popup-img=\"https:\/\/vpdanses.fr\/wp-content\/uploads\/2024\/12\/20241230_1462_Theatre_Gaiete_La_Claque.jpg\" data-vp-popup-img-srcset=\"https:\/\/vpdanses.fr\/wp-content\/uploads\/2024\/12\/20241230_1462_Theatre_Gaiete_La_Claque.jpg 1080w, https:\/\/vpdanses.fr\/wp-content\/uploads\/2024\/12\/20241230_1462_Theatre_Gaiete_La_Claque-300x225.jpg 300w, https:\/\/vpdanses.fr\/wp-content\/uploads\/2024\/12\/20241230_1462_Theatre_Gaiete_La_Claque-1024x768.jpg 1024w, https:\/\/vpdanses.fr\/wp-content\/uploads\/2024\/12\/20241230_1462_Theatre_Gaiete_La_Claque-768x576.jpg 768w, https:\/\/vpdanses.fr\/wp-content\/uploads\/2024\/12\/20241230_1462_Theatre_Gaiete_La_Claque-500x375.jpg 500w, https:\/\/vpdanses.fr\/wp-content\/uploads\/2024\/12\/20241230_1462_Theatre_Gaiete_La_Claque-800x600.jpg 800w\" data-vp-popup-img-size=\"1080x810\" data-vp-popup-md-img=\"https:\/\/vpdanses.fr\/wp-content\/uploads\/2024\/12\/20241230_1462_Theatre_Gaiete_La_Claque-800x600.jpg\" data-vp-popup-md-img-size=\"800x600\" data-vp-popup-sm-img=\"https:\/\/vpdanses.fr\/wp-content\/uploads\/2024\/12\/20241230_1462_Theatre_Gaiete_La_Claque-500x375.jpg\" data-vp-popup-sm-img-size=\"500x375\">\n\t\t\t<h3 class=\"vp-portfolio__item-popup-title\">En 1875, le th\u00e9\u00e2tre a accueilli la premi\u00e8re revue intitul\u00e9e \u00ab\u00a0Vive la Ga\u00eet\u00e9\u00a0\u00bb, pr\u00e9sent\u00e9e par Jamin.<\/h3>\n\t\t\t\t<div class=\"vp-portfolio__item-popup-description\">\u00ab\u00a0la claque\u00a0\u00bb par Fred RADIX, AU th\u00e9\u00e2tre de la Ga\u00eet\u00e9-Montparnasse (PARIS, France)<\/div>\n\t\t<\/template>\n\t\t\t\t\t\t<figure class=\"vp-portfolio__item\">\n\t\t\t\t\n<div class=\"vp-portfolio__item-img-wrap\">\n\t<div class=\"vp-portfolio__item-img\">\n\t\t\t<a\n\t\thref=\"https:\/\/vpdanses.fr\/wp-content\/uploads\/2024\/12\/20241230_1462_Theatre_Gaiete_La_Claque.jpg\"\n\t\t\t>\n\t\n\t\t<noscript><img loading=\"lazy\" decoding=\"async\" width=\"1080\" height=\"810\" data-skip-lazy src=\"https:\/\/vpdanses.fr\/wp-content\/uploads\/2024\/12\/20241230_1462_Theatre_Gaiete_La_Claque.jpg\" class=\"wp-image-11121\" alt=\"&quot;la claque&quot; par Fred RADIX, AU th\u00e9\u00e2tre de la Ga\u00eet\u00e9-Montparnasse (PARIS, France)\" srcset=\"https:\/\/vpdanses.fr\/wp-content\/uploads\/2024\/12\/20241230_1462_Theatre_Gaiete_La_Claque.jpg 1080w, https:\/\/vpdanses.fr\/wp-content\/uploads\/2024\/12\/20241230_1462_Theatre_Gaiete_La_Claque-300x225.jpg 300w, https:\/\/vpdanses.fr\/wp-content\/uploads\/2024\/12\/20241230_1462_Theatre_Gaiete_La_Claque-1024x768.jpg 1024w, https:\/\/vpdanses.fr\/wp-content\/uploads\/2024\/12\/20241230_1462_Theatre_Gaiete_La_Claque-768x576.jpg 768w, https:\/\/vpdanses.fr\/wp-content\/uploads\/2024\/12\/20241230_1462_Theatre_Gaiete_La_Claque-500x375.jpg 500w, https:\/\/vpdanses.fr\/wp-content\/uploads\/2024\/12\/20241230_1462_Theatre_Gaiete_La_Claque-800x600.jpg 800w\" sizes=\"auto, (max-width: 1080px) 100vw, 1080px\" \/><\/noscript><img decoding=\"async\" width=\"1080\" height=\"810\" src=\"https:\/\/vpdanses.fr\/wp-content\/uploads\/2024\/12\/20241230_1462_Theatre_Gaiete_La_Claque.jpg\" class=\"wp-image-11121 vp-lazyload\" alt=\"&quot;la claque&quot; par Fred RADIX, AU th\u00e9\u00e2tre de la Ga\u00eet\u00e9-Montparnasse (PARIS, France)\" srcset=\"data:image\/svg+xml;base64,PHN2ZyB3aWR0aD0iMTA4MCIgaGVpZ2h0PSI4MTAiIHZpZXdCb3g9IjAgMCAxMDgwIDgxMCIgZmlsbD0ibm9uZSIgeG1sbnM9Imh0dHA6Ly93d3cudzMub3JnLzIwMDAvc3ZnIj48L3N2Zz4=\" data-src=\"https:\/\/vpdanses.fr\/wp-content\/uploads\/2024\/12\/20241230_1462_Theatre_Gaiete_La_Claque.jpg\" data-srcset=\"https:\/\/vpdanses.fr\/wp-content\/uploads\/2024\/12\/20241230_1462_Theatre_Gaiete_La_Claque.jpg 1080w, https:\/\/vpdanses.fr\/wp-content\/uploads\/2024\/12\/20241230_1462_Theatre_Gaiete_La_Claque-300x225.jpg 300w, https:\/\/vpdanses.fr\/wp-content\/uploads\/2024\/12\/20241230_1462_Theatre_Gaiete_La_Claque-1024x768.jpg 1024w, https:\/\/vpdanses.fr\/wp-content\/uploads\/2024\/12\/20241230_1462_Theatre_Gaiete_La_Claque-768x576.jpg 768w, https:\/\/vpdanses.fr\/wp-content\/uploads\/2024\/12\/20241230_1462_Theatre_Gaiete_La_Claque-500x375.jpg 500w, https:\/\/vpdanses.fr\/wp-content\/uploads\/2024\/12\/20241230_1462_Theatre_Gaiete_La_Claque-800x600.jpg 800w\" data-sizes=\"auto\" loading=\"eager\">\n\t\t<\/a>\t<\/div>\n<\/div>\n\t<figcaption class=\"vp-portfolio__item-overlay vp-portfolio__item-overlay-text-align-center\">\n\t\t<div class=\"vp-portfolio__item-meta-wrap vp-portfolio__custom-scrollbar\">\n\t\t\t\t<a\n\t\thref=\"https:\/\/vpdanses.fr\/wp-content\/uploads\/2024\/12\/20241230_1462_Theatre_Gaiete_La_Claque.jpg\"\n\t\ttabindex=\"-1\" class=\"vp-portfolio__item-meta\" \t>\n\t\n<h2 class=\"vp-portfolio__item-meta-title\">\n\tEn 1875, le th\u00e9\u00e2tre a accueilli la premi\u00e8re revue intitul\u00e9e \u00ab\u00a0Vive la Ga\u00eet\u00e9\u00a0\u00bb, pr\u00e9sent\u00e9e par Jamin.<\/h2>\n<\/a>\t\t<\/div>\n\t<\/figcaption>\n\t\t\t<\/figure>\n\t\t\t\t\t<\/div>\n\t\t\n\t\t<div\t\tclass=\"vp-portfolio__item-wrap vp-portfolio__item-uid-9821fcf6\" data-vp-filter=\"\" \t\t>\n\t\t\t<template class=\"vp-portfolio__item-popup\" data-vp-popup-img=\"https:\/\/vpdanses.fr\/wp-content\/uploads\/2024\/12\/20241230_1465_Theatre_Gaiete_La_Claque.jpg\" data-vp-popup-img-srcset=\"https:\/\/vpdanses.fr\/wp-content\/uploads\/2024\/12\/20241230_1465_Theatre_Gaiete_La_Claque.jpg 810w, https:\/\/vpdanses.fr\/wp-content\/uploads\/2024\/12\/20241230_1465_Theatre_Gaiete_La_Claque-225x300.jpg 225w, https:\/\/vpdanses.fr\/wp-content\/uploads\/2024\/12\/20241230_1465_Theatre_Gaiete_La_Claque-768x1024.jpg 768w, https:\/\/vpdanses.fr\/wp-content\/uploads\/2024\/12\/20241230_1465_Theatre_Gaiete_La_Claque-500x667.jpg 500w, https:\/\/vpdanses.fr\/wp-content\/uploads\/2024\/12\/20241230_1465_Theatre_Gaiete_La_Claque-800x1067.jpg 800w\" data-vp-popup-img-size=\"810x1080\" data-vp-popup-md-img=\"https:\/\/vpdanses.fr\/wp-content\/uploads\/2024\/12\/20241230_1465_Theatre_Gaiete_La_Claque-800x1067.jpg\" data-vp-popup-md-img-size=\"800x1067\" data-vp-popup-sm-img=\"https:\/\/vpdanses.fr\/wp-content\/uploads\/2024\/12\/20241230_1465_Theatre_Gaiete_La_Claque-500x667.jpg\" data-vp-popup-sm-img-size=\"500x667\">\n\t\t\t<h3 class=\"vp-portfolio__item-popup-title\">Affiche de la \u00ab\u00a0Claque\u00a0\u00bb au Th\u00e9\u00e2tre de la Ga\u00eet\u00e9.<\/h3>\n\t\t\t\t<div class=\"vp-portfolio__item-popup-description\">\u00ab\u00a0la claque\u00a0\u00bb par Fred RADIX, AU th\u00e9\u00e2tre de la Ga\u00eet\u00e9 (PARIS, France)<\/div>\n\t\t<\/template>\n\t\t\t\t\t\t<figure class=\"vp-portfolio__item\">\n\t\t\t\t\n<div class=\"vp-portfolio__item-img-wrap\">\n\t<div class=\"vp-portfolio__item-img\">\n\t\t\t<a\n\t\thref=\"https:\/\/vpdanses.fr\/wp-content\/uploads\/2024\/12\/20241230_1465_Theatre_Gaiete_La_Claque.jpg\"\n\t\t\t>\n\t\n\t\t<noscript><img loading=\"lazy\" decoding=\"async\" width=\"810\" height=\"1080\" data-skip-lazy src=\"https:\/\/vpdanses.fr\/wp-content\/uploads\/2024\/12\/20241230_1465_Theatre_Gaiete_La_Claque.jpg\" class=\"wp-image-11101\" alt=\"&quot;la claque&quot; par Fred RADIX, AU th\u00e9\u00e2tre de la Ga\u00eet\u00e9-Montparnasse (PARIS, France)\" srcset=\"https:\/\/vpdanses.fr\/wp-content\/uploads\/2024\/12\/20241230_1465_Theatre_Gaiete_La_Claque.jpg 810w, https:\/\/vpdanses.fr\/wp-content\/uploads\/2024\/12\/20241230_1465_Theatre_Gaiete_La_Claque-225x300.jpg 225w, https:\/\/vpdanses.fr\/wp-content\/uploads\/2024\/12\/20241230_1465_Theatre_Gaiete_La_Claque-768x1024.jpg 768w, https:\/\/vpdanses.fr\/wp-content\/uploads\/2024\/12\/20241230_1465_Theatre_Gaiete_La_Claque-500x667.jpg 500w, https:\/\/vpdanses.fr\/wp-content\/uploads\/2024\/12\/20241230_1465_Theatre_Gaiete_La_Claque-800x1067.jpg 800w\" sizes=\"auto, (max-width: 810px) 100vw, 810px\" \/><\/noscript><img decoding=\"async\" width=\"810\" height=\"1080\" src=\"https:\/\/vpdanses.fr\/wp-content\/uploads\/2024\/12\/20241230_1465_Theatre_Gaiete_La_Claque.jpg\" class=\"wp-image-11101 vp-lazyload\" alt=\"&quot;la claque&quot; par Fred RADIX, AU th\u00e9\u00e2tre de la Ga\u00eet\u00e9-Montparnasse (PARIS, France)\" srcset=\"data:image\/svg+xml;base64,PHN2ZyB3aWR0aD0iODEwIiBoZWlnaHQ9IjEwODAiIHZpZXdCb3g9IjAgMCA4MTAgMTA4MCIgZmlsbD0ibm9uZSIgeG1sbnM9Imh0dHA6Ly93d3cudzMub3JnLzIwMDAvc3ZnIj48L3N2Zz4=\" data-src=\"https:\/\/vpdanses.fr\/wp-content\/uploads\/2024\/12\/20241230_1465_Theatre_Gaiete_La_Claque.jpg\" data-srcset=\"https:\/\/vpdanses.fr\/wp-content\/uploads\/2024\/12\/20241230_1465_Theatre_Gaiete_La_Claque.jpg 810w, https:\/\/vpdanses.fr\/wp-content\/uploads\/2024\/12\/20241230_1465_Theatre_Gaiete_La_Claque-225x300.jpg 225w, https:\/\/vpdanses.fr\/wp-content\/uploads\/2024\/12\/20241230_1465_Theatre_Gaiete_La_Claque-768x1024.jpg 768w, https:\/\/vpdanses.fr\/wp-content\/uploads\/2024\/12\/20241230_1465_Theatre_Gaiete_La_Claque-500x667.jpg 500w, https:\/\/vpdanses.fr\/wp-content\/uploads\/2024\/12\/20241230_1465_Theatre_Gaiete_La_Claque-800x1067.jpg 800w\" data-sizes=\"auto\" loading=\"eager\">\n\t\t<\/a>\t<\/div>\n<\/div>\n\t<figcaption class=\"vp-portfolio__item-overlay vp-portfolio__item-overlay-text-align-center\">\n\t\t<div class=\"vp-portfolio__item-meta-wrap vp-portfolio__custom-scrollbar\">\n\t\t\t\t<a\n\t\thref=\"https:\/\/vpdanses.fr\/wp-content\/uploads\/2024\/12\/20241230_1465_Theatre_Gaiete_La_Claque.jpg\"\n\t\ttabindex=\"-1\" class=\"vp-portfolio__item-meta\" \t>\n\t\n<h2 class=\"vp-portfolio__item-meta-title\">\n\tAffiche de la \u00ab\u00a0Claque\u00a0\u00bb au Th\u00e9\u00e2tre de la Ga\u00eet\u00e9.<\/h2>\n<\/a>\t\t<\/div>\n\t<\/figcaption>\n\t\t\t<\/figure>\n\t\t\t\t\t<\/div>\n\t\t\n\t\t<div\t\tclass=\"vp-portfolio__item-wrap vp-portfolio__item-uid-6c47697b\" data-vp-filter=\"\" \t\t>\n\t\t\t<template class=\"vp-portfolio__item-popup\" data-vp-popup-img=\"https:\/\/vpdanses.fr\/wp-content\/uploads\/2024\/12\/20241230_1446_Theatre_Gaiete_La_Claque.jpg\" data-vp-popup-img-srcset=\"https:\/\/vpdanses.fr\/wp-content\/uploads\/2024\/12\/20241230_1446_Theatre_Gaiete_La_Claque.jpg 810w, https:\/\/vpdanses.fr\/wp-content\/uploads\/2024\/12\/20241230_1446_Theatre_Gaiete_La_Claque-225x300.jpg 225w, https:\/\/vpdanses.fr\/wp-content\/uploads\/2024\/12\/20241230_1446_Theatre_Gaiete_La_Claque-768x1024.jpg 768w, https:\/\/vpdanses.fr\/wp-content\/uploads\/2024\/12\/20241230_1446_Theatre_Gaiete_La_Claque-500x667.jpg 500w, https:\/\/vpdanses.fr\/wp-content\/uploads\/2024\/12\/20241230_1446_Theatre_Gaiete_La_Claque-800x1067.jpg 800w\" data-vp-popup-img-size=\"810x1080\" data-vp-popup-md-img=\"https:\/\/vpdanses.fr\/wp-content\/uploads\/2024\/12\/20241230_1446_Theatre_Gaiete_La_Claque-800x1067.jpg\" data-vp-popup-md-img-size=\"800x1067\" data-vp-popup-sm-img=\"https:\/\/vpdanses.fr\/wp-content\/uploads\/2024\/12\/20241230_1446_Theatre_Gaiete_La_Claque-500x667.jpg\" data-vp-popup-sm-img-size=\"500x667\">\n\t\t\t<h3 class=\"vp-portfolio__item-popup-title\">Une anecdote m\u00e9morable concernant la pi\u00e8ce \u00ab\u00a0La Claque\u00a0\u00bb est survenue lors d&rsquo;une repr\u00e9sentation o\u00f9 un acteur a oubli\u00e9 une r\u00e9plique cl\u00e9. Plut\u00f4t que de se laisser d\u00e9stabiliser, il a improvis\u00e9 en se tournant vers le public et en disant : \u00ab\u00a0Vous savez ce que je devrais dire, n&rsquo;est-ce pas ?\u00a0\u00bb Cette interaction a provoqu\u00e9 un \u00e9clat de rire g\u00e9n\u00e9ral et a permis de cr\u00e9er une atmosph\u00e8re encore plus conviviale dans la salle.<\/h3>\n\t\t\t\t<div class=\"vp-portfolio__item-popup-description\">\u00ab\u00a0la claque\u00a0\u00bb par Fred RADIX, AU th\u00e9\u00e2tre de la Ga\u00eet\u00e9-Montparnasse (PARIS, France)<\/div>\n\t\t<\/template>\n\t\t\t\t\t\t<figure class=\"vp-portfolio__item\">\n\t\t\t\t\n<div class=\"vp-portfolio__item-img-wrap\">\n\t<div class=\"vp-portfolio__item-img\">\n\t\t\t<a\n\t\thref=\"https:\/\/vpdanses.fr\/wp-content\/uploads\/2024\/12\/20241230_1446_Theatre_Gaiete_La_Claque.jpg\"\n\t\t\t>\n\t\n\t\t<noscript><img loading=\"lazy\" decoding=\"async\" width=\"810\" height=\"1080\" data-skip-lazy src=\"https:\/\/vpdanses.fr\/wp-content\/uploads\/2024\/12\/20241230_1446_Theatre_Gaiete_La_Claque.jpg\" class=\"wp-image-11107\" alt=\"&quot;la claque&quot; par Fred RADIX, AU th\u00e9\u00e2tre de la Ga\u00eet\u00e9-Montparnasse (PARIS, France)\" srcset=\"https:\/\/vpdanses.fr\/wp-content\/uploads\/2024\/12\/20241230_1446_Theatre_Gaiete_La_Claque.jpg 810w, https:\/\/vpdanses.fr\/wp-content\/uploads\/2024\/12\/20241230_1446_Theatre_Gaiete_La_Claque-225x300.jpg 225w, https:\/\/vpdanses.fr\/wp-content\/uploads\/2024\/12\/20241230_1446_Theatre_Gaiete_La_Claque-768x1024.jpg 768w, https:\/\/vpdanses.fr\/wp-content\/uploads\/2024\/12\/20241230_1446_Theatre_Gaiete_La_Claque-500x667.jpg 500w, https:\/\/vpdanses.fr\/wp-content\/uploads\/2024\/12\/20241230_1446_Theatre_Gaiete_La_Claque-800x1067.jpg 800w\" sizes=\"auto, (max-width: 810px) 100vw, 810px\" \/><\/noscript><img decoding=\"async\" width=\"810\" height=\"1080\" src=\"https:\/\/vpdanses.fr\/wp-content\/uploads\/2024\/12\/20241230_1446_Theatre_Gaiete_La_Claque.jpg\" class=\"wp-image-11107 vp-lazyload\" alt=\"&quot;la claque&quot; par Fred RADIX, AU th\u00e9\u00e2tre de la Ga\u00eet\u00e9-Montparnasse (PARIS, France)\" srcset=\"data:image\/svg+xml;base64,PHN2ZyB3aWR0aD0iODEwIiBoZWlnaHQ9IjEwODAiIHZpZXdCb3g9IjAgMCA4MTAgMTA4MCIgZmlsbD0ibm9uZSIgeG1sbnM9Imh0dHA6Ly93d3cudzMub3JnLzIwMDAvc3ZnIj48L3N2Zz4=\" data-src=\"https:\/\/vpdanses.fr\/wp-content\/uploads\/2024\/12\/20241230_1446_Theatre_Gaiete_La_Claque.jpg\" data-srcset=\"https:\/\/vpdanses.fr\/wp-content\/uploads\/2024\/12\/20241230_1446_Theatre_Gaiete_La_Claque.jpg 810w, https:\/\/vpdanses.fr\/wp-content\/uploads\/2024\/12\/20241230_1446_Theatre_Gaiete_La_Claque-225x300.jpg 225w, https:\/\/vpdanses.fr\/wp-content\/uploads\/2024\/12\/20241230_1446_Theatre_Gaiete_La_Claque-768x1024.jpg 768w, https:\/\/vpdanses.fr\/wp-content\/uploads\/2024\/12\/20241230_1446_Theatre_Gaiete_La_Claque-500x667.jpg 500w, https:\/\/vpdanses.fr\/wp-content\/uploads\/2024\/12\/20241230_1446_Theatre_Gaiete_La_Claque-800x1067.jpg 800w\" data-sizes=\"auto\" loading=\"eager\">\n\t\t<\/a>\t<\/div>\n<\/div>\n\t<figcaption class=\"vp-portfolio__item-overlay vp-portfolio__item-overlay-text-align-center\">\n\t\t<div class=\"vp-portfolio__item-meta-wrap vp-portfolio__custom-scrollbar\">\n\t\t\t\t<a\n\t\thref=\"https:\/\/vpdanses.fr\/wp-content\/uploads\/2024\/12\/20241230_1446_Theatre_Gaiete_La_Claque.jpg\"\n\t\ttabindex=\"-1\" class=\"vp-portfolio__item-meta\" \t>\n\t\n<h2 class=\"vp-portfolio__item-meta-title\">\n\tUne anecdote m\u00e9morable concernant la pi\u00e8ce \u00ab\u00a0La Claque\u00a0\u00bb est survenue lors d&rsquo;une repr\u00e9sentation o\u00f9 un acteur a oubli\u00e9 une r\u00e9plique cl\u00e9. Plut\u00f4t que de se laisser d\u00e9stabiliser, il a improvis\u00e9 en se tournant vers le public et en disant : \u00ab\u00a0Vous savez ce que je devrais dire, n&rsquo;est-ce pas ?\u00a0\u00bb Cette interaction a provoqu\u00e9 un \u00e9clat de rire g\u00e9n\u00e9ral et a permis de cr\u00e9er une atmosph\u00e8re encore plus conviviale dans la salle.<\/h2>\n<\/a>\t\t<\/div>\n\t<\/figcaption>\n\t\t\t<\/figure>\n\t\t\t\t\t<\/div>\n\t\t\n\t\t<div\t\tclass=\"vp-portfolio__item-wrap vp-portfolio__item-uid-d01c8a48\" data-vp-filter=\"\" \t\t>\n\t\t\t<template class=\"vp-portfolio__item-popup\" data-vp-popup-img=\"https:\/\/vpdanses.fr\/wp-content\/uploads\/2024\/12\/20241230_1445_Theatre_Gaiete_La_Claque.jpg\" data-vp-popup-img-srcset=\"https:\/\/vpdanses.fr\/wp-content\/uploads\/2024\/12\/20241230_1445_Theatre_Gaiete_La_Claque.jpg 1080w, https:\/\/vpdanses.fr\/wp-content\/uploads\/2024\/12\/20241230_1445_Theatre_Gaiete_La_Claque-300x225.jpg 300w, https:\/\/vpdanses.fr\/wp-content\/uploads\/2024\/12\/20241230_1445_Theatre_Gaiete_La_Claque-1024x768.jpg 1024w, https:\/\/vpdanses.fr\/wp-content\/uploads\/2024\/12\/20241230_1445_Theatre_Gaiete_La_Claque-768x576.jpg 768w, https:\/\/vpdanses.fr\/wp-content\/uploads\/2024\/12\/20241230_1445_Theatre_Gaiete_La_Claque-500x375.jpg 500w, https:\/\/vpdanses.fr\/wp-content\/uploads\/2024\/12\/20241230_1445_Theatre_Gaiete_La_Claque-800x600.jpg 800w\" data-vp-popup-img-size=\"1080x810\" data-vp-popup-md-img=\"https:\/\/vpdanses.fr\/wp-content\/uploads\/2024\/12\/20241230_1445_Theatre_Gaiete_La_Claque-800x600.jpg\" data-vp-popup-md-img-size=\"800x600\" data-vp-popup-sm-img=\"https:\/\/vpdanses.fr\/wp-content\/uploads\/2024\/12\/20241230_1445_Theatre_Gaiete_La_Claque-500x375.jpg\" data-vp-popup-sm-img-size=\"500x375\">\n\t\t\t<h3 class=\"vp-portfolio__item-popup-title\">Le c\u00e9l\u00e8bre compositeur Jacques Offenbach a \u00e9t\u00e9 directeur du th\u00e9\u00e2tre de la Ga\u00eet\u00e9-Montparnasse dans les ann\u00e9es 1850.<\/h3>\n\t\t\t\t<div class=\"vp-portfolio__item-popup-description\">\u00ab\u00a0la claque\u00a0\u00bb par Fred RADIX, AU th\u00e9\u00e2tre de la Ga\u00eet\u00e9-Montparnasse (PARIS, France)<\/div>\n\t\t<\/template>\n\t\t\t\t\t\t<figure class=\"vp-portfolio__item\">\n\t\t\t\t\n<div class=\"vp-portfolio__item-img-wrap\">\n\t<div class=\"vp-portfolio__item-img\">\n\t\t\t<a\n\t\thref=\"https:\/\/vpdanses.fr\/wp-content\/uploads\/2024\/12\/20241230_1445_Theatre_Gaiete_La_Claque.jpg\"\n\t\t\t>\n\t\n\t\t<noscript><img loading=\"lazy\" decoding=\"async\" width=\"1080\" height=\"810\" data-skip-lazy src=\"https:\/\/vpdanses.fr\/wp-content\/uploads\/2024\/12\/20241230_1445_Theatre_Gaiete_La_Claque.jpg\" class=\"wp-image-11106\" alt=\"&quot;la claque&quot; par Fred RADIX, AU th\u00e9\u00e2tre de la Ga\u00eet\u00e9-Montparnasse (PARIS, France)\" srcset=\"https:\/\/vpdanses.fr\/wp-content\/uploads\/2024\/12\/20241230_1445_Theatre_Gaiete_La_Claque.jpg 1080w, https:\/\/vpdanses.fr\/wp-content\/uploads\/2024\/12\/20241230_1445_Theatre_Gaiete_La_Claque-300x225.jpg 300w, https:\/\/vpdanses.fr\/wp-content\/uploads\/2024\/12\/20241230_1445_Theatre_Gaiete_La_Claque-1024x768.jpg 1024w, https:\/\/vpdanses.fr\/wp-content\/uploads\/2024\/12\/20241230_1445_Theatre_Gaiete_La_Claque-768x576.jpg 768w, https:\/\/vpdanses.fr\/wp-content\/uploads\/2024\/12\/20241230_1445_Theatre_Gaiete_La_Claque-500x375.jpg 500w, https:\/\/vpdanses.fr\/wp-content\/uploads\/2024\/12\/20241230_1445_Theatre_Gaiete_La_Claque-800x600.jpg 800w\" sizes=\"auto, (max-width: 1080px) 100vw, 1080px\" \/><\/noscript><img decoding=\"async\" width=\"1080\" height=\"810\" src=\"https:\/\/vpdanses.fr\/wp-content\/uploads\/2024\/12\/20241230_1445_Theatre_Gaiete_La_Claque.jpg\" class=\"wp-image-11106 vp-lazyload\" alt=\"&quot;la claque&quot; par Fred RADIX, AU th\u00e9\u00e2tre de la Ga\u00eet\u00e9-Montparnasse (PARIS, France)\" srcset=\"data:image\/svg+xml;base64,PHN2ZyB3aWR0aD0iMTA4MCIgaGVpZ2h0PSI4MTAiIHZpZXdCb3g9IjAgMCAxMDgwIDgxMCIgZmlsbD0ibm9uZSIgeG1sbnM9Imh0dHA6Ly93d3cudzMub3JnLzIwMDAvc3ZnIj48L3N2Zz4=\" data-src=\"https:\/\/vpdanses.fr\/wp-content\/uploads\/2024\/12\/20241230_1445_Theatre_Gaiete_La_Claque.jpg\" data-srcset=\"https:\/\/vpdanses.fr\/wp-content\/uploads\/2024\/12\/20241230_1445_Theatre_Gaiete_La_Claque.jpg 1080w, https:\/\/vpdanses.fr\/wp-content\/uploads\/2024\/12\/20241230_1445_Theatre_Gaiete_La_Claque-300x225.jpg 300w, https:\/\/vpdanses.fr\/wp-content\/uploads\/2024\/12\/20241230_1445_Theatre_Gaiete_La_Claque-1024x768.jpg 1024w, https:\/\/vpdanses.fr\/wp-content\/uploads\/2024\/12\/20241230_1445_Theatre_Gaiete_La_Claque-768x576.jpg 768w, https:\/\/vpdanses.fr\/wp-content\/uploads\/2024\/12\/20241230_1445_Theatre_Gaiete_La_Claque-500x375.jpg 500w, https:\/\/vpdanses.fr\/wp-content\/uploads\/2024\/12\/20241230_1445_Theatre_Gaiete_La_Claque-800x600.jpg 800w\" data-sizes=\"auto\" loading=\"eager\">\n\t\t<\/a>\t<\/div>\n<\/div>\n\t<figcaption class=\"vp-portfolio__item-overlay vp-portfolio__item-overlay-text-align-center\">\n\t\t<div class=\"vp-portfolio__item-meta-wrap vp-portfolio__custom-scrollbar\">\n\t\t\t\t<a\n\t\thref=\"https:\/\/vpdanses.fr\/wp-content\/uploads\/2024\/12\/20241230_1445_Theatre_Gaiete_La_Claque.jpg\"\n\t\ttabindex=\"-1\" class=\"vp-portfolio__item-meta\" \t>\n\t\n<h2 class=\"vp-portfolio__item-meta-title\">\n\tLe c\u00e9l\u00e8bre compositeur Jacques Offenbach a \u00e9t\u00e9 directeur du th\u00e9\u00e2tre de la Ga\u00eet\u00e9-Montparnasse dans les ann\u00e9es 1850.<\/h2>\n<\/a>\t\t<\/div>\n\t<\/figcaption>\n\t\t\t<\/figure>\n\t\t\t\t\t<\/div>\n\t\t\n\t\t<div\t\tclass=\"vp-portfolio__item-wrap vp-portfolio__item-uid-b130d5e1\" data-vp-filter=\"\" \t\t>\n\t\t\t<template class=\"vp-portfolio__item-popup\" data-vp-popup-img=\"https:\/\/vpdanses.fr\/wp-content\/uploads\/2024\/12\/20241230_1447_Theatre_Gaiete_La_Claque.jpg\" data-vp-popup-img-srcset=\"https:\/\/vpdanses.fr\/wp-content\/uploads\/2024\/12\/20241230_1447_Theatre_Gaiete_La_Claque.jpg 1080w, https:\/\/vpdanses.fr\/wp-content\/uploads\/2024\/12\/20241230_1447_Theatre_Gaiete_La_Claque-300x225.jpg 300w, https:\/\/vpdanses.fr\/wp-content\/uploads\/2024\/12\/20241230_1447_Theatre_Gaiete_La_Claque-1024x768.jpg 1024w, https:\/\/vpdanses.fr\/wp-content\/uploads\/2024\/12\/20241230_1447_Theatre_Gaiete_La_Claque-768x576.jpg 768w, https:\/\/vpdanses.fr\/wp-content\/uploads\/2024\/12\/20241230_1447_Theatre_Gaiete_La_Claque-500x375.jpg 500w, https:\/\/vpdanses.fr\/wp-content\/uploads\/2024\/12\/20241230_1447_Theatre_Gaiete_La_Claque-800x600.jpg 800w\" data-vp-popup-img-size=\"1080x810\" data-vp-popup-md-img=\"https:\/\/vpdanses.fr\/wp-content\/uploads\/2024\/12\/20241230_1447_Theatre_Gaiete_La_Claque-800x600.jpg\" data-vp-popup-md-img-size=\"800x600\" data-vp-popup-sm-img=\"https:\/\/vpdanses.fr\/wp-content\/uploads\/2024\/12\/20241230_1447_Theatre_Gaiete_La_Claque-500x375.jpg\" data-vp-popup-sm-img-size=\"500x375\">\n\t\t\t<h3 class=\"vp-portfolio__item-popup-title\">Dans un c\u00e9l\u00e8bre th\u00e9\u00e2tre parisien, un ouvreur a eu l&rsquo;id\u00e9e d&rsquo;accrocher un panneau humoristique \u00e0 son uniforme, disant : \u00ab\u00a0Votre sourire est gratuit, mais un petit pourboire ne l&rsquo;est pas !\u00a0\u00bb <\/h3>\n\t\t\t\t<div class=\"vp-portfolio__item-popup-description\">\u00ab\u00a0la claque\u00a0\u00bb par Fred RADIX, AU th\u00e9\u00e2tre de la Ga\u00eet\u00e9-Montparnasse (PARIS, France)<\/div>\n\t\t<\/template>\n\t\t\t\t\t\t<figure class=\"vp-portfolio__item\">\n\t\t\t\t\n<div class=\"vp-portfolio__item-img-wrap\">\n\t<div class=\"vp-portfolio__item-img\">\n\t\t\t<a\n\t\thref=\"https:\/\/vpdanses.fr\/wp-content\/uploads\/2024\/12\/20241230_1447_Theatre_Gaiete_La_Claque.jpg\"\n\t\t\t>\n\t\n\t\t<noscript><img loading=\"lazy\" decoding=\"async\" width=\"1080\" height=\"810\" data-skip-lazy src=\"https:\/\/vpdanses.fr\/wp-content\/uploads\/2024\/12\/20241230_1447_Theatre_Gaiete_La_Claque.jpg\" class=\"wp-image-11108\" alt=\"&quot;la claque&quot; par Fred RADIX, AU th\u00e9\u00e2tre de la Ga\u00eet\u00e9-Montparnasse (PARIS, France)\" srcset=\"https:\/\/vpdanses.fr\/wp-content\/uploads\/2024\/12\/20241230_1447_Theatre_Gaiete_La_Claque.jpg 1080w, https:\/\/vpdanses.fr\/wp-content\/uploads\/2024\/12\/20241230_1447_Theatre_Gaiete_La_Claque-300x225.jpg 300w, https:\/\/vpdanses.fr\/wp-content\/uploads\/2024\/12\/20241230_1447_Theatre_Gaiete_La_Claque-1024x768.jpg 1024w, https:\/\/vpdanses.fr\/wp-content\/uploads\/2024\/12\/20241230_1447_Theatre_Gaiete_La_Claque-768x576.jpg 768w, https:\/\/vpdanses.fr\/wp-content\/uploads\/2024\/12\/20241230_1447_Theatre_Gaiete_La_Claque-500x375.jpg 500w, https:\/\/vpdanses.fr\/wp-content\/uploads\/2024\/12\/20241230_1447_Theatre_Gaiete_La_Claque-800x600.jpg 800w\" sizes=\"auto, (max-width: 1080px) 100vw, 1080px\" \/><\/noscript><img decoding=\"async\" width=\"1080\" height=\"810\" src=\"https:\/\/vpdanses.fr\/wp-content\/uploads\/2024\/12\/20241230_1447_Theatre_Gaiete_La_Claque.jpg\" class=\"wp-image-11108 vp-lazyload\" alt=\"&quot;la claque&quot; par Fred RADIX, AU th\u00e9\u00e2tre de la Ga\u00eet\u00e9-Montparnasse (PARIS, France)\" srcset=\"data:image\/svg+xml;base64,PHN2ZyB3aWR0aD0iMTA4MCIgaGVpZ2h0PSI4MTAiIHZpZXdCb3g9IjAgMCAxMDgwIDgxMCIgZmlsbD0ibm9uZSIgeG1sbnM9Imh0dHA6Ly93d3cudzMub3JnLzIwMDAvc3ZnIj48L3N2Zz4=\" data-src=\"https:\/\/vpdanses.fr\/wp-content\/uploads\/2024\/12\/20241230_1447_Theatre_Gaiete_La_Claque.jpg\" data-srcset=\"https:\/\/vpdanses.fr\/wp-content\/uploads\/2024\/12\/20241230_1447_Theatre_Gaiete_La_Claque.jpg 1080w, https:\/\/vpdanses.fr\/wp-content\/uploads\/2024\/12\/20241230_1447_Theatre_Gaiete_La_Claque-300x225.jpg 300w, https:\/\/vpdanses.fr\/wp-content\/uploads\/2024\/12\/20241230_1447_Theatre_Gaiete_La_Claque-1024x768.jpg 1024w, https:\/\/vpdanses.fr\/wp-content\/uploads\/2024\/12\/20241230_1447_Theatre_Gaiete_La_Claque-768x576.jpg 768w, https:\/\/vpdanses.fr\/wp-content\/uploads\/2024\/12\/20241230_1447_Theatre_Gaiete_La_Claque-500x375.jpg 500w, https:\/\/vpdanses.fr\/wp-content\/uploads\/2024\/12\/20241230_1447_Theatre_Gaiete_La_Claque-800x600.jpg 800w\" data-sizes=\"auto\" loading=\"eager\">\n\t\t<\/a>\t<\/div>\n<\/div>\n\t<figcaption class=\"vp-portfolio__item-overlay vp-portfolio__item-overlay-text-align-center\">\n\t\t<div class=\"vp-portfolio__item-meta-wrap vp-portfolio__custom-scrollbar\">\n\t\t\t\t<a\n\t\thref=\"https:\/\/vpdanses.fr\/wp-content\/uploads\/2024\/12\/20241230_1447_Theatre_Gaiete_La_Claque.jpg\"\n\t\ttabindex=\"-1\" class=\"vp-portfolio__item-meta\" \t>\n\t\n<h2 class=\"vp-portfolio__item-meta-title\">\n\tDans un c\u00e9l\u00e8bre th\u00e9\u00e2tre parisien, un ouvreur a eu l&rsquo;id\u00e9e d&rsquo;accrocher un panneau humoristique \u00e0 son uniforme, disant : \u00ab\u00a0Votre sourire est gratuit, mais un petit pourboire ne l&rsquo;est pas !\u00a0\u00bb <\/h2>\n<\/a>\t\t<\/div>\n\t<\/figcaption>\n\t\t\t<\/figure>\n\t\t\t\t\t<\/div>\n\t\t\n\t\t<div\t\tclass=\"vp-portfolio__item-wrap vp-portfolio__item-uid-0d6b36d2\" data-vp-filter=\"\" \t\t>\n\t\t\t<template class=\"vp-portfolio__item-popup\" data-vp-popup-img=\"https:\/\/vpdanses.fr\/wp-content\/uploads\/2024\/12\/20241230_1448_Theatre_Gaiete_La_Claque.jpg\" data-vp-popup-img-srcset=\"https:\/\/vpdanses.fr\/wp-content\/uploads\/2024\/12\/20241230_1448_Theatre_Gaiete_La_Claque.jpg 1080w, https:\/\/vpdanses.fr\/wp-content\/uploads\/2024\/12\/20241230_1448_Theatre_Gaiete_La_Claque-300x225.jpg 300w, https:\/\/vpdanses.fr\/wp-content\/uploads\/2024\/12\/20241230_1448_Theatre_Gaiete_La_Claque-1024x768.jpg 1024w, https:\/\/vpdanses.fr\/wp-content\/uploads\/2024\/12\/20241230_1448_Theatre_Gaiete_La_Claque-768x576.jpg 768w, https:\/\/vpdanses.fr\/wp-content\/uploads\/2024\/12\/20241230_1448_Theatre_Gaiete_La_Claque-500x375.jpg 500w, https:\/\/vpdanses.fr\/wp-content\/uploads\/2024\/12\/20241230_1448_Theatre_Gaiete_La_Claque-800x600.jpg 800w\" data-vp-popup-img-size=\"1080x810\" data-vp-popup-md-img=\"https:\/\/vpdanses.fr\/wp-content\/uploads\/2024\/12\/20241230_1448_Theatre_Gaiete_La_Claque-800x600.jpg\" data-vp-popup-md-img-size=\"800x600\" data-vp-popup-sm-img=\"https:\/\/vpdanses.fr\/wp-content\/uploads\/2024\/12\/20241230_1448_Theatre_Gaiete_La_Claque-500x375.jpg\" data-vp-popup-sm-img-size=\"500x375\">\n\t\t\t<h3 class=\"vp-portfolio__item-popup-title\">Au 18\u00e8me si\u00e8cle, les couleurs rouge et or ont \u00e9t\u00e9 choisies pour la d\u00e9coration des si\u00e8ges, marquant un changement significatif par rapport \u00e0 la couleur bleue, qui \u00e9tait associ\u00e9 \u00e0 la royaut\u00e9.<\/h3>\n\t\t\t\t<div class=\"vp-portfolio__item-popup-description\">\u00ab\u00a0la claque\u00a0\u00bb par Fred RADIX, AU th\u00e9\u00e2tre de la Ga\u00eet\u00e9-Montparnasse (PARIS, France)<\/div>\n\t\t<\/template>\n\t\t\t\t\t\t<figure class=\"vp-portfolio__item\">\n\t\t\t\t\n<div class=\"vp-portfolio__item-img-wrap\">\n\t<div class=\"vp-portfolio__item-img\">\n\t\t\t<a\n\t\thref=\"https:\/\/vpdanses.fr\/wp-content\/uploads\/2024\/12\/20241230_1448_Theatre_Gaiete_La_Claque.jpg\"\n\t\t\t>\n\t\n\t\t<noscript><img loading=\"lazy\" decoding=\"async\" width=\"1080\" height=\"810\" data-skip-lazy src=\"https:\/\/vpdanses.fr\/wp-content\/uploads\/2024\/12\/20241230_1448_Theatre_Gaiete_La_Claque.jpg\" class=\"wp-image-11109\" alt=\"&quot;la claque&quot; par Fred RADIX, AU th\u00e9\u00e2tre de la Ga\u00eet\u00e9-Montparnasse (PARIS, France)\" srcset=\"https:\/\/vpdanses.fr\/wp-content\/uploads\/2024\/12\/20241230_1448_Theatre_Gaiete_La_Claque.jpg 1080w, https:\/\/vpdanses.fr\/wp-content\/uploads\/2024\/12\/20241230_1448_Theatre_Gaiete_La_Claque-300x225.jpg 300w, https:\/\/vpdanses.fr\/wp-content\/uploads\/2024\/12\/20241230_1448_Theatre_Gaiete_La_Claque-1024x768.jpg 1024w, https:\/\/vpdanses.fr\/wp-content\/uploads\/2024\/12\/20241230_1448_Theatre_Gaiete_La_Claque-768x576.jpg 768w, https:\/\/vpdanses.fr\/wp-content\/uploads\/2024\/12\/20241230_1448_Theatre_Gaiete_La_Claque-500x375.jpg 500w, https:\/\/vpdanses.fr\/wp-content\/uploads\/2024\/12\/20241230_1448_Theatre_Gaiete_La_Claque-800x600.jpg 800w\" sizes=\"auto, (max-width: 1080px) 100vw, 1080px\" \/><\/noscript><img decoding=\"async\" width=\"1080\" height=\"810\" src=\"https:\/\/vpdanses.fr\/wp-content\/uploads\/2024\/12\/20241230_1448_Theatre_Gaiete_La_Claque.jpg\" class=\"wp-image-11109 vp-lazyload\" alt=\"&quot;la claque&quot; par Fred RADIX, AU th\u00e9\u00e2tre de la Ga\u00eet\u00e9-Montparnasse (PARIS, France)\" srcset=\"data:image\/svg+xml;base64,PHN2ZyB3aWR0aD0iMTA4MCIgaGVpZ2h0PSI4MTAiIHZpZXdCb3g9IjAgMCAxMDgwIDgxMCIgZmlsbD0ibm9uZSIgeG1sbnM9Imh0dHA6Ly93d3cudzMub3JnLzIwMDAvc3ZnIj48L3N2Zz4=\" data-src=\"https:\/\/vpdanses.fr\/wp-content\/uploads\/2024\/12\/20241230_1448_Theatre_Gaiete_La_Claque.jpg\" data-srcset=\"https:\/\/vpdanses.fr\/wp-content\/uploads\/2024\/12\/20241230_1448_Theatre_Gaiete_La_Claque.jpg 1080w, https:\/\/vpdanses.fr\/wp-content\/uploads\/2024\/12\/20241230_1448_Theatre_Gaiete_La_Claque-300x225.jpg 300w, https:\/\/vpdanses.fr\/wp-content\/uploads\/2024\/12\/20241230_1448_Theatre_Gaiete_La_Claque-1024x768.jpg 1024w, https:\/\/vpdanses.fr\/wp-content\/uploads\/2024\/12\/20241230_1448_Theatre_Gaiete_La_Claque-768x576.jpg 768w, https:\/\/vpdanses.fr\/wp-content\/uploads\/2024\/12\/20241230_1448_Theatre_Gaiete_La_Claque-500x375.jpg 500w, https:\/\/vpdanses.fr\/wp-content\/uploads\/2024\/12\/20241230_1448_Theatre_Gaiete_La_Claque-800x600.jpg 800w\" data-sizes=\"auto\" loading=\"eager\">\n\t\t<\/a>\t<\/div>\n<\/div>\n\t<figcaption class=\"vp-portfolio__item-overlay vp-portfolio__item-overlay-text-align-center\">\n\t\t<div class=\"vp-portfolio__item-meta-wrap vp-portfolio__custom-scrollbar\">\n\t\t\t\t<a\n\t\thref=\"https:\/\/vpdanses.fr\/wp-content\/uploads\/2024\/12\/20241230_1448_Theatre_Gaiete_La_Claque.jpg\"\n\t\ttabindex=\"-1\" class=\"vp-portfolio__item-meta\" \t>\n\t\n<h2 class=\"vp-portfolio__item-meta-title\">\n\tAu 18\u00e8me si\u00e8cle, les couleurs rouge et or ont \u00e9t\u00e9 choisies pour la d\u00e9coration des si\u00e8ges, marquant un changement significatif par rapport \u00e0 la couleur bleue, qui \u00e9tait associ\u00e9 \u00e0 la royaut\u00e9.<\/h2>\n<\/a>\t\t<\/div>\n\t<\/figcaption>\n\t\t\t<\/figure>\n\t\t\t\t\t<\/div>\n\t\t\n\t\t<div\t\tclass=\"vp-portfolio__item-wrap vp-portfolio__item-uid-9cfa0de2\" data-vp-filter=\"\" \t\t>\n\t\t\t<template class=\"vp-portfolio__item-popup\" data-vp-popup-img=\"https:\/\/vpdanses.fr\/wp-content\/uploads\/2024\/12\/20241230_1450_Theatre_Gaiete_La_Claque.jpg\" data-vp-popup-img-srcset=\"https:\/\/vpdanses.fr\/wp-content\/uploads\/2024\/12\/20241230_1450_Theatre_Gaiete_La_Claque.jpg 1080w, https:\/\/vpdanses.fr\/wp-content\/uploads\/2024\/12\/20241230_1450_Theatre_Gaiete_La_Claque-300x225.jpg 300w, https:\/\/vpdanses.fr\/wp-content\/uploads\/2024\/12\/20241230_1450_Theatre_Gaiete_La_Claque-1024x768.jpg 1024w, https:\/\/vpdanses.fr\/wp-content\/uploads\/2024\/12\/20241230_1450_Theatre_Gaiete_La_Claque-768x576.jpg 768w, https:\/\/vpdanses.fr\/wp-content\/uploads\/2024\/12\/20241230_1450_Theatre_Gaiete_La_Claque-500x375.jpg 500w, https:\/\/vpdanses.fr\/wp-content\/uploads\/2024\/12\/20241230_1450_Theatre_Gaiete_La_Claque-800x600.jpg 800w\" data-vp-popup-img-size=\"1080x810\" data-vp-popup-md-img=\"https:\/\/vpdanses.fr\/wp-content\/uploads\/2024\/12\/20241230_1450_Theatre_Gaiete_La_Claque-800x600.jpg\" data-vp-popup-md-img-size=\"800x600\" data-vp-popup-sm-img=\"https:\/\/vpdanses.fr\/wp-content\/uploads\/2024\/12\/20241230_1450_Theatre_Gaiete_La_Claque-500x375.jpg\" data-vp-popup-sm-img-size=\"500x375\">\n\t\t\t<h3 class=\"vp-portfolio__item-popup-title\">Le rouge est une couleur qui \u00e9voque des \u00e9motions fortes et des passions, ce qui est en ad\u00e9quation avec l&rsquo;exp\u00e9rience th\u00e9\u00e2trale. Elle est souvent associ\u00e9e \u00e0 la catharsis, un concept qui d\u00e9signe la purification des \u00e9motions \u00e0 travers l&rsquo;art.<\/h3>\n\t\t\t\t<div class=\"vp-portfolio__item-popup-description\">\u00ab\u00a0la claque\u00a0\u00bb par Fred RADIX, AU th\u00e9\u00e2tre de la Ga\u00eet\u00e9-Montparnasse (PARIS, France)<\/div>\n\t\t<\/template>\n\t\t\t\t\t\t<figure class=\"vp-portfolio__item\">\n\t\t\t\t\n<div class=\"vp-portfolio__item-img-wrap\">\n\t<div class=\"vp-portfolio__item-img\">\n\t\t\t<a\n\t\thref=\"https:\/\/vpdanses.fr\/wp-content\/uploads\/2024\/12\/20241230_1450_Theatre_Gaiete_La_Claque.jpg\"\n\t\t\t>\n\t\n\t\t<noscript><img loading=\"lazy\" decoding=\"async\" width=\"1080\" height=\"810\" data-skip-lazy src=\"https:\/\/vpdanses.fr\/wp-content\/uploads\/2024\/12\/20241230_1450_Theatre_Gaiete_La_Claque.jpg\" class=\"wp-image-11110\" alt=\"&quot;la claque&quot; par Fred RADIX, AU th\u00e9\u00e2tre de la Ga\u00eet\u00e9-Montparnasse (PARIS, France)\" srcset=\"https:\/\/vpdanses.fr\/wp-content\/uploads\/2024\/12\/20241230_1450_Theatre_Gaiete_La_Claque.jpg 1080w, https:\/\/vpdanses.fr\/wp-content\/uploads\/2024\/12\/20241230_1450_Theatre_Gaiete_La_Claque-300x225.jpg 300w, https:\/\/vpdanses.fr\/wp-content\/uploads\/2024\/12\/20241230_1450_Theatre_Gaiete_La_Claque-1024x768.jpg 1024w, https:\/\/vpdanses.fr\/wp-content\/uploads\/2024\/12\/20241230_1450_Theatre_Gaiete_La_Claque-768x576.jpg 768w, https:\/\/vpdanses.fr\/wp-content\/uploads\/2024\/12\/20241230_1450_Theatre_Gaiete_La_Claque-500x375.jpg 500w, https:\/\/vpdanses.fr\/wp-content\/uploads\/2024\/12\/20241230_1450_Theatre_Gaiete_La_Claque-800x600.jpg 800w\" sizes=\"auto, (max-width: 1080px) 100vw, 1080px\" \/><\/noscript><img decoding=\"async\" width=\"1080\" height=\"810\" src=\"https:\/\/vpdanses.fr\/wp-content\/uploads\/2024\/12\/20241230_1450_Theatre_Gaiete_La_Claque.jpg\" class=\"wp-image-11110 vp-lazyload\" alt=\"&quot;la claque&quot; par Fred RADIX, AU th\u00e9\u00e2tre de la Ga\u00eet\u00e9-Montparnasse (PARIS, France)\" srcset=\"data:image\/svg+xml;base64,PHN2ZyB3aWR0aD0iMTA4MCIgaGVpZ2h0PSI4MTAiIHZpZXdCb3g9IjAgMCAxMDgwIDgxMCIgZmlsbD0ibm9uZSIgeG1sbnM9Imh0dHA6Ly93d3cudzMub3JnLzIwMDAvc3ZnIj48L3N2Zz4=\" data-src=\"https:\/\/vpdanses.fr\/wp-content\/uploads\/2024\/12\/20241230_1450_Theatre_Gaiete_La_Claque.jpg\" data-srcset=\"https:\/\/vpdanses.fr\/wp-content\/uploads\/2024\/12\/20241230_1450_Theatre_Gaiete_La_Claque.jpg 1080w, https:\/\/vpdanses.fr\/wp-content\/uploads\/2024\/12\/20241230_1450_Theatre_Gaiete_La_Claque-300x225.jpg 300w, https:\/\/vpdanses.fr\/wp-content\/uploads\/2024\/12\/20241230_1450_Theatre_Gaiete_La_Claque-1024x768.jpg 1024w, https:\/\/vpdanses.fr\/wp-content\/uploads\/2024\/12\/20241230_1450_Theatre_Gaiete_La_Claque-768x576.jpg 768w, https:\/\/vpdanses.fr\/wp-content\/uploads\/2024\/12\/20241230_1450_Theatre_Gaiete_La_Claque-500x375.jpg 500w, https:\/\/vpdanses.fr\/wp-content\/uploads\/2024\/12\/20241230_1450_Theatre_Gaiete_La_Claque-800x600.jpg 800w\" data-sizes=\"auto\" loading=\"eager\">\n\t\t<\/a>\t<\/div>\n<\/div>\n\t<figcaption class=\"vp-portfolio__item-overlay vp-portfolio__item-overlay-text-align-center\">\n\t\t<div class=\"vp-portfolio__item-meta-wrap vp-portfolio__custom-scrollbar\">\n\t\t\t\t<a\n\t\thref=\"https:\/\/vpdanses.fr\/wp-content\/uploads\/2024\/12\/20241230_1450_Theatre_Gaiete_La_Claque.jpg\"\n\t\ttabindex=\"-1\" class=\"vp-portfolio__item-meta\" \t>\n\t\n<h2 class=\"vp-portfolio__item-meta-title\">\n\tLe rouge est une couleur qui \u00e9voque des \u00e9motions fortes et des passions, ce qui est en ad\u00e9quation avec l&rsquo;exp\u00e9rience th\u00e9\u00e2trale. Elle est souvent associ\u00e9e \u00e0 la catharsis, un concept qui d\u00e9signe la purification des \u00e9motions \u00e0 travers l&rsquo;art.<\/h2>\n<\/a>\t\t<\/div>\n\t<\/figcaption>\n\t\t\t<\/figure>\n\t\t\t\t\t<\/div>\n\t\t\n\t\t<div\t\tclass=\"vp-portfolio__item-wrap vp-portfolio__item-uid-20a1eed1\" data-vp-filter=\"\" \t\t>\n\t\t\t<template class=\"vp-portfolio__item-popup\" data-vp-popup-img=\"https:\/\/vpdanses.fr\/wp-content\/uploads\/2024\/12\/20241230_1451_Theatre_Gaiete_La_Claque.jpg\" data-vp-popup-img-srcset=\"https:\/\/vpdanses.fr\/wp-content\/uploads\/2024\/12\/20241230_1451_Theatre_Gaiete_La_Claque.jpg 1080w, https:\/\/vpdanses.fr\/wp-content\/uploads\/2024\/12\/20241230_1451_Theatre_Gaiete_La_Claque-300x225.jpg 300w, https:\/\/vpdanses.fr\/wp-content\/uploads\/2024\/12\/20241230_1451_Theatre_Gaiete_La_Claque-1024x768.jpg 1024w, https:\/\/vpdanses.fr\/wp-content\/uploads\/2024\/12\/20241230_1451_Theatre_Gaiete_La_Claque-768x576.jpg 768w, https:\/\/vpdanses.fr\/wp-content\/uploads\/2024\/12\/20241230_1451_Theatre_Gaiete_La_Claque-500x375.jpg 500w, https:\/\/vpdanses.fr\/wp-content\/uploads\/2024\/12\/20241230_1451_Theatre_Gaiete_La_Claque-800x600.jpg 800w\" data-vp-popup-img-size=\"1080x810\" data-vp-popup-md-img=\"https:\/\/vpdanses.fr\/wp-content\/uploads\/2024\/12\/20241230_1451_Theatre_Gaiete_La_Claque-800x600.jpg\" data-vp-popup-md-img-size=\"800x600\" data-vp-popup-sm-img=\"https:\/\/vpdanses.fr\/wp-content\/uploads\/2024\/12\/20241230_1451_Theatre_Gaiete_La_Claque-500x375.jpg\" data-vp-popup-sm-img-size=\"500x375\">\n\t\t\t<h3 class=\"vp-portfolio__item-popup-title\">Virginie GATOUX, pr\u00e9sidente de VP DANSES au Th\u00e9\u00e2tre de la Ga\u00eet\u00e9-Montparnasse<\/h3>\n\t\t\t\t<div class=\"vp-portfolio__item-popup-description\">\u00ab\u00a0la claque\u00a0\u00bb par Fred RADIX, AU th\u00e9\u00e2tre de la Ga\u00eet\u00e9-Montparnasse (PARIS, France)<\/div>\n\t\t<\/template>\n\t\t\t\t\t\t<figure class=\"vp-portfolio__item\">\n\t\t\t\t\n<div class=\"vp-portfolio__item-img-wrap\">\n\t<div class=\"vp-portfolio__item-img\">\n\t\t\t<a\n\t\thref=\"https:\/\/vpdanses.fr\/wp-content\/uploads\/2024\/12\/20241230_1451_Theatre_Gaiete_La_Claque.jpg\"\n\t\t\t>\n\t\n\t\t<noscript><img loading=\"lazy\" decoding=\"async\" width=\"1080\" height=\"810\" data-skip-lazy src=\"https:\/\/vpdanses.fr\/wp-content\/uploads\/2024\/12\/20241230_1451_Theatre_Gaiete_La_Claque.jpg\" class=\"wp-image-11111\" alt=\"&quot;la claque&quot; par Fred RADIX, AU th\u00e9\u00e2tre de la Ga\u00eet\u00e9-Montparnasse (PARIS, France)\" srcset=\"https:\/\/vpdanses.fr\/wp-content\/uploads\/2024\/12\/20241230_1451_Theatre_Gaiete_La_Claque.jpg 1080w, https:\/\/vpdanses.fr\/wp-content\/uploads\/2024\/12\/20241230_1451_Theatre_Gaiete_La_Claque-300x225.jpg 300w, https:\/\/vpdanses.fr\/wp-content\/uploads\/2024\/12\/20241230_1451_Theatre_Gaiete_La_Claque-1024x768.jpg 1024w, https:\/\/vpdanses.fr\/wp-content\/uploads\/2024\/12\/20241230_1451_Theatre_Gaiete_La_Claque-768x576.jpg 768w, https:\/\/vpdanses.fr\/wp-content\/uploads\/2024\/12\/20241230_1451_Theatre_Gaiete_La_Claque-500x375.jpg 500w, https:\/\/vpdanses.fr\/wp-content\/uploads\/2024\/12\/20241230_1451_Theatre_Gaiete_La_Claque-800x600.jpg 800w\" sizes=\"auto, (max-width: 1080px) 100vw, 1080px\" \/><\/noscript><img decoding=\"async\" width=\"1080\" height=\"810\" src=\"https:\/\/vpdanses.fr\/wp-content\/uploads\/2024\/12\/20241230_1451_Theatre_Gaiete_La_Claque.jpg\" class=\"wp-image-11111 vp-lazyload\" alt=\"&quot;la claque&quot; par Fred RADIX, AU th\u00e9\u00e2tre de la Ga\u00eet\u00e9-Montparnasse (PARIS, France)\" srcset=\"data:image\/svg+xml;base64,PHN2ZyB3aWR0aD0iMTA4MCIgaGVpZ2h0PSI4MTAiIHZpZXdCb3g9IjAgMCAxMDgwIDgxMCIgZmlsbD0ibm9uZSIgeG1sbnM9Imh0dHA6Ly93d3cudzMub3JnLzIwMDAvc3ZnIj48L3N2Zz4=\" data-src=\"https:\/\/vpdanses.fr\/wp-content\/uploads\/2024\/12\/20241230_1451_Theatre_Gaiete_La_Claque.jpg\" data-srcset=\"https:\/\/vpdanses.fr\/wp-content\/uploads\/2024\/12\/20241230_1451_Theatre_Gaiete_La_Claque.jpg 1080w, https:\/\/vpdanses.fr\/wp-content\/uploads\/2024\/12\/20241230_1451_Theatre_Gaiete_La_Claque-300x225.jpg 300w, https:\/\/vpdanses.fr\/wp-content\/uploads\/2024\/12\/20241230_1451_Theatre_Gaiete_La_Claque-1024x768.jpg 1024w, https:\/\/vpdanses.fr\/wp-content\/uploads\/2024\/12\/20241230_1451_Theatre_Gaiete_La_Claque-768x576.jpg 768w, https:\/\/vpdanses.fr\/wp-content\/uploads\/2024\/12\/20241230_1451_Theatre_Gaiete_La_Claque-500x375.jpg 500w, https:\/\/vpdanses.fr\/wp-content\/uploads\/2024\/12\/20241230_1451_Theatre_Gaiete_La_Claque-800x600.jpg 800w\" data-sizes=\"auto\" loading=\"eager\">\n\t\t<\/a>\t<\/div>\n<\/div>\n\t<figcaption class=\"vp-portfolio__item-overlay vp-portfolio__item-overlay-text-align-center\">\n\t\t<div class=\"vp-portfolio__item-meta-wrap vp-portfolio__custom-scrollbar\">\n\t\t\t\t<a\n\t\thref=\"https:\/\/vpdanses.fr\/wp-content\/uploads\/2024\/12\/20241230_1451_Theatre_Gaiete_La_Claque.jpg\"\n\t\ttabindex=\"-1\" class=\"vp-portfolio__item-meta\" \t>\n\t\n<h2 class=\"vp-portfolio__item-meta-title\">\n\tVirginie GATOUX, pr\u00e9sidente de VP DANSES au Th\u00e9\u00e2tre de la Ga\u00eet\u00e9-Montparnasse<\/h2>\n<\/a>\t\t<\/div>\n\t<\/figcaption>\n\t\t\t<\/figure>\n\t\t\t\t\t<\/div>\n\t\t\n\t\t<div\t\tclass=\"vp-portfolio__item-wrap vp-portfolio__item-uid-faf1c556\" data-vp-filter=\"\" \t\t>\n\t\t\t<template class=\"vp-portfolio__item-popup\" data-vp-popup-img=\"https:\/\/vpdanses.fr\/wp-content\/uploads\/2024\/12\/20241230_1454_Theatre_Gaiete_La_Claque.jpg\" data-vp-popup-img-srcset=\"https:\/\/vpdanses.fr\/wp-content\/uploads\/2024\/12\/20241230_1454_Theatre_Gaiete_La_Claque.jpg 1080w, https:\/\/vpdanses.fr\/wp-content\/uploads\/2024\/12\/20241230_1454_Theatre_Gaiete_La_Claque-300x225.jpg 300w, https:\/\/vpdanses.fr\/wp-content\/uploads\/2024\/12\/20241230_1454_Theatre_Gaiete_La_Claque-1024x768.jpg 1024w, https:\/\/vpdanses.fr\/wp-content\/uploads\/2024\/12\/20241230_1454_Theatre_Gaiete_La_Claque-768x576.jpg 768w, https:\/\/vpdanses.fr\/wp-content\/uploads\/2024\/12\/20241230_1454_Theatre_Gaiete_La_Claque-500x375.jpg 500w, https:\/\/vpdanses.fr\/wp-content\/uploads\/2024\/12\/20241230_1454_Theatre_Gaiete_La_Claque-800x600.jpg 800w\" data-vp-popup-img-size=\"1080x810\" data-vp-popup-md-img=\"https:\/\/vpdanses.fr\/wp-content\/uploads\/2024\/12\/20241230_1454_Theatre_Gaiete_La_Claque-800x600.jpg\" data-vp-popup-md-img-size=\"800x600\" data-vp-popup-sm-img=\"https:\/\/vpdanses.fr\/wp-content\/uploads\/2024\/12\/20241230_1454_Theatre_Gaiete_La_Claque-500x375.jpg\" data-vp-popup-sm-img-size=\"500x375\">\n\t\t\t<h3 class=\"vp-portfolio__item-popup-title\">Dans de nombreux th\u00e9\u00e2tres, il est courant que les acteurs et l&rsquo;\u00e9quipe technique effectuent un petit rituel avant le lever de rideau. Par exemple, certains com\u00e9diens touchent le rideau ou se tiennent en cercle pour se souhaiter bonne chance. Cette pratique est souvent li\u00e9e \u00e0 la croyance que toucher le rideau porte chance et \u00e9loigne les mauvais esprits.<\/h3>\n\t\t\t\t<div class=\"vp-portfolio__item-popup-description\">\u00ab\u00a0la claque\u00a0\u00bb par Fred RADIX, AU th\u00e9\u00e2tre de la Ga\u00eet\u00e9-Montparnasse (PARIS, France)<\/div>\n\t\t<\/template>\n\t\t\t\t\t\t<figure class=\"vp-portfolio__item\">\n\t\t\t\t\n<div class=\"vp-portfolio__item-img-wrap\">\n\t<div class=\"vp-portfolio__item-img\">\n\t\t\t<a\n\t\thref=\"https:\/\/vpdanses.fr\/wp-content\/uploads\/2024\/12\/20241230_1454_Theatre_Gaiete_La_Claque.jpg\"\n\t\t\t>\n\t\n\t\t<noscript><img loading=\"lazy\" decoding=\"async\" width=\"1080\" height=\"810\" data-skip-lazy src=\"https:\/\/vpdanses.fr\/wp-content\/uploads\/2024\/12\/20241230_1454_Theatre_Gaiete_La_Claque.jpg\" class=\"wp-image-11114\" alt=\"&quot;la claque&quot; par Fred RADIX, AU th\u00e9\u00e2tre de la Ga\u00eet\u00e9-Montparnasse (PARIS, France)\" srcset=\"https:\/\/vpdanses.fr\/wp-content\/uploads\/2024\/12\/20241230_1454_Theatre_Gaiete_La_Claque.jpg 1080w, https:\/\/vpdanses.fr\/wp-content\/uploads\/2024\/12\/20241230_1454_Theatre_Gaiete_La_Claque-300x225.jpg 300w, https:\/\/vpdanses.fr\/wp-content\/uploads\/2024\/12\/20241230_1454_Theatre_Gaiete_La_Claque-1024x768.jpg 1024w, https:\/\/vpdanses.fr\/wp-content\/uploads\/2024\/12\/20241230_1454_Theatre_Gaiete_La_Claque-768x576.jpg 768w, https:\/\/vpdanses.fr\/wp-content\/uploads\/2024\/12\/20241230_1454_Theatre_Gaiete_La_Claque-500x375.jpg 500w, https:\/\/vpdanses.fr\/wp-content\/uploads\/2024\/12\/20241230_1454_Theatre_Gaiete_La_Claque-800x600.jpg 800w\" sizes=\"auto, (max-width: 1080px) 100vw, 1080px\" \/><\/noscript><img decoding=\"async\" width=\"1080\" height=\"810\" src=\"https:\/\/vpdanses.fr\/wp-content\/uploads\/2024\/12\/20241230_1454_Theatre_Gaiete_La_Claque.jpg\" class=\"wp-image-11114 vp-lazyload\" alt=\"&quot;la claque&quot; par Fred RADIX, AU th\u00e9\u00e2tre de la Ga\u00eet\u00e9-Montparnasse (PARIS, France)\" srcset=\"data:image\/svg+xml;base64,PHN2ZyB3aWR0aD0iMTA4MCIgaGVpZ2h0PSI4MTAiIHZpZXdCb3g9IjAgMCAxMDgwIDgxMCIgZmlsbD0ibm9uZSIgeG1sbnM9Imh0dHA6Ly93d3cudzMub3JnLzIwMDAvc3ZnIj48L3N2Zz4=\" data-src=\"https:\/\/vpdanses.fr\/wp-content\/uploads\/2024\/12\/20241230_1454_Theatre_Gaiete_La_Claque.jpg\" data-srcset=\"https:\/\/vpdanses.fr\/wp-content\/uploads\/2024\/12\/20241230_1454_Theatre_Gaiete_La_Claque.jpg 1080w, https:\/\/vpdanses.fr\/wp-content\/uploads\/2024\/12\/20241230_1454_Theatre_Gaiete_La_Claque-300x225.jpg 300w, https:\/\/vpdanses.fr\/wp-content\/uploads\/2024\/12\/20241230_1454_Theatre_Gaiete_La_Claque-1024x768.jpg 1024w, https:\/\/vpdanses.fr\/wp-content\/uploads\/2024\/12\/20241230_1454_Theatre_Gaiete_La_Claque-768x576.jpg 768w, https:\/\/vpdanses.fr\/wp-content\/uploads\/2024\/12\/20241230_1454_Theatre_Gaiete_La_Claque-500x375.jpg 500w, https:\/\/vpdanses.fr\/wp-content\/uploads\/2024\/12\/20241230_1454_Theatre_Gaiete_La_Claque-800x600.jpg 800w\" data-sizes=\"auto\" loading=\"eager\">\n\t\t<\/a>\t<\/div>\n<\/div>\n\t<figcaption class=\"vp-portfolio__item-overlay vp-portfolio__item-overlay-text-align-center\">\n\t\t<div class=\"vp-portfolio__item-meta-wrap vp-portfolio__custom-scrollbar\">\n\t\t\t\t<a\n\t\thref=\"https:\/\/vpdanses.fr\/wp-content\/uploads\/2024\/12\/20241230_1454_Theatre_Gaiete_La_Claque.jpg\"\n\t\ttabindex=\"-1\" class=\"vp-portfolio__item-meta\" \t>\n\t\n<h2 class=\"vp-portfolio__item-meta-title\">\n\tDans de nombreux th\u00e9\u00e2tres, il est courant que les acteurs et l&rsquo;\u00e9quipe technique effectuent un petit rituel avant le lever de rideau. Par exemple, certains com\u00e9diens touchent le rideau ou se tiennent en cercle pour se souhaiter bonne chance. Cette pratique est souvent li\u00e9e \u00e0 la croyance que toucher le rideau porte chance et \u00e9loigne les mauvais esprits.<\/h2>\n<\/a>\t\t<\/div>\n\t<\/figcaption>\n\t\t\t<\/figure>\n\t\t\t\t\t<\/div>\n\t\t\n\t\t<div\t\tclass=\"vp-portfolio__item-wrap vp-portfolio__item-uid-46aa2665\" data-vp-filter=\"\" \t\t>\n\t\t\t<template class=\"vp-portfolio__item-popup\" data-vp-popup-img=\"https:\/\/vpdanses.fr\/wp-content\/uploads\/2024\/12\/20241230_1455_Theatre_Gaiete_La_Claque.jpg\" data-vp-popup-img-srcset=\"https:\/\/vpdanses.fr\/wp-content\/uploads\/2024\/12\/20241230_1455_Theatre_Gaiete_La_Claque.jpg 1080w, https:\/\/vpdanses.fr\/wp-content\/uploads\/2024\/12\/20241230_1455_Theatre_Gaiete_La_Claque-300x225.jpg 300w, https:\/\/vpdanses.fr\/wp-content\/uploads\/2024\/12\/20241230_1455_Theatre_Gaiete_La_Claque-1024x768.jpg 1024w, https:\/\/vpdanses.fr\/wp-content\/uploads\/2024\/12\/20241230_1455_Theatre_Gaiete_La_Claque-768x576.jpg 768w, https:\/\/vpdanses.fr\/wp-content\/uploads\/2024\/12\/20241230_1455_Theatre_Gaiete_La_Claque-500x375.jpg 500w, https:\/\/vpdanses.fr\/wp-content\/uploads\/2024\/12\/20241230_1455_Theatre_Gaiete_La_Claque-800x600.jpg 800w\" data-vp-popup-img-size=\"1080x810\" data-vp-popup-md-img=\"https:\/\/vpdanses.fr\/wp-content\/uploads\/2024\/12\/20241230_1455_Theatre_Gaiete_La_Claque-800x600.jpg\" data-vp-popup-md-img-size=\"800x600\" data-vp-popup-sm-img=\"https:\/\/vpdanses.fr\/wp-content\/uploads\/2024\/12\/20241230_1455_Theatre_Gaiete_La_Claque-500x375.jpg\" data-vp-popup-sm-img-size=\"500x375\">\n\t\t\t<h3 class=\"vp-portfolio__item-popup-title\">Fred Radix, connu pour son talent unique de siffleur, a marqu\u00e9 les sc\u00e8nes fran\u00e7aises avec son humour et sa cr\u00e9ativit\u00e9.<\/h3>\n\t\t\t\t<div class=\"vp-portfolio__item-popup-description\">\u00ab\u00a0la claque\u00a0\u00bb par Fred RADIX, AU th\u00e9\u00e2tre de la Ga\u00eet\u00e9-Montparnasse (PARIS, France)<\/div>\n\t\t<\/template>\n\t\t\t\t\t\t<figure class=\"vp-portfolio__item\">\n\t\t\t\t\n<div class=\"vp-portfolio__item-img-wrap\">\n\t<div class=\"vp-portfolio__item-img\">\n\t\t\t<a\n\t\thref=\"https:\/\/vpdanses.fr\/wp-content\/uploads\/2024\/12\/20241230_1455_Theatre_Gaiete_La_Claque.jpg\"\n\t\t\t>\n\t\n\t\t<noscript><img loading=\"lazy\" decoding=\"async\" width=\"1080\" height=\"810\" data-skip-lazy src=\"https:\/\/vpdanses.fr\/wp-content\/uploads\/2024\/12\/20241230_1455_Theatre_Gaiete_La_Claque.jpg\" class=\"wp-image-11115\" alt=\"&quot;la claque&quot; par Fred RADIX, AU th\u00e9\u00e2tre de la Ga\u00eet\u00e9-Montparnasse (PARIS, France)\" srcset=\"https:\/\/vpdanses.fr\/wp-content\/uploads\/2024\/12\/20241230_1455_Theatre_Gaiete_La_Claque.jpg 1080w, https:\/\/vpdanses.fr\/wp-content\/uploads\/2024\/12\/20241230_1455_Theatre_Gaiete_La_Claque-300x225.jpg 300w, https:\/\/vpdanses.fr\/wp-content\/uploads\/2024\/12\/20241230_1455_Theatre_Gaiete_La_Claque-1024x768.jpg 1024w, https:\/\/vpdanses.fr\/wp-content\/uploads\/2024\/12\/20241230_1455_Theatre_Gaiete_La_Claque-768x576.jpg 768w, https:\/\/vpdanses.fr\/wp-content\/uploads\/2024\/12\/20241230_1455_Theatre_Gaiete_La_Claque-500x375.jpg 500w, https:\/\/vpdanses.fr\/wp-content\/uploads\/2024\/12\/20241230_1455_Theatre_Gaiete_La_Claque-800x600.jpg 800w\" sizes=\"auto, (max-width: 1080px) 100vw, 1080px\" \/><\/noscript><img decoding=\"async\" width=\"1080\" height=\"810\" src=\"https:\/\/vpdanses.fr\/wp-content\/uploads\/2024\/12\/20241230_1455_Theatre_Gaiete_La_Claque.jpg\" class=\"wp-image-11115 vp-lazyload\" alt=\"&quot;la claque&quot; par Fred RADIX, AU th\u00e9\u00e2tre de la Ga\u00eet\u00e9-Montparnasse (PARIS, France)\" srcset=\"data:image\/svg+xml;base64,PHN2ZyB3aWR0aD0iMTA4MCIgaGVpZ2h0PSI4MTAiIHZpZXdCb3g9IjAgMCAxMDgwIDgxMCIgZmlsbD0ibm9uZSIgeG1sbnM9Imh0dHA6Ly93d3cudzMub3JnLzIwMDAvc3ZnIj48L3N2Zz4=\" data-src=\"https:\/\/vpdanses.fr\/wp-content\/uploads\/2024\/12\/20241230_1455_Theatre_Gaiete_La_Claque.jpg\" data-srcset=\"https:\/\/vpdanses.fr\/wp-content\/uploads\/2024\/12\/20241230_1455_Theatre_Gaiete_La_Claque.jpg 1080w, https:\/\/vpdanses.fr\/wp-content\/uploads\/2024\/12\/20241230_1455_Theatre_Gaiete_La_Claque-300x225.jpg 300w, https:\/\/vpdanses.fr\/wp-content\/uploads\/2024\/12\/20241230_1455_Theatre_Gaiete_La_Claque-1024x768.jpg 1024w, https:\/\/vpdanses.fr\/wp-content\/uploads\/2024\/12\/20241230_1455_Theatre_Gaiete_La_Claque-768x576.jpg 768w, https:\/\/vpdanses.fr\/wp-content\/uploads\/2024\/12\/20241230_1455_Theatre_Gaiete_La_Claque-500x375.jpg 500w, https:\/\/vpdanses.fr\/wp-content\/uploads\/2024\/12\/20241230_1455_Theatre_Gaiete_La_Claque-800x600.jpg 800w\" data-sizes=\"auto\" loading=\"eager\">\n\t\t<\/a>\t<\/div>\n<\/div>\n\t<figcaption class=\"vp-portfolio__item-overlay vp-portfolio__item-overlay-text-align-center\">\n\t\t<div class=\"vp-portfolio__item-meta-wrap vp-portfolio__custom-scrollbar\">\n\t\t\t\t<a\n\t\thref=\"https:\/\/vpdanses.fr\/wp-content\/uploads\/2024\/12\/20241230_1455_Theatre_Gaiete_La_Claque.jpg\"\n\t\ttabindex=\"-1\" class=\"vp-portfolio__item-meta\" \t>\n\t\n<h2 class=\"vp-portfolio__item-meta-title\">\n\tFred Radix, connu pour son talent unique de siffleur, a marqu\u00e9 les sc\u00e8nes fran\u00e7aises avec son humour et sa cr\u00e9ativit\u00e9.<\/h2>\n<\/a>\t\t<\/div>\n\t<\/figcaption>\n\t\t\t<\/figure>\n\t\t\t\t\t<\/div>\n\t\t\n\t\t<div\t\tclass=\"vp-portfolio__item-wrap vp-portfolio__item-uid-59370571\" data-vp-filter=\"\" \t\t>\n\t\t\t<template class=\"vp-portfolio__item-popup\" data-vp-popup-img=\"https:\/\/vpdanses.fr\/wp-content\/uploads\/2024\/12\/20241230_1456_Theatre_Gaiete_La_Claque.jpg\" data-vp-popup-img-srcset=\"https:\/\/vpdanses.fr\/wp-content\/uploads\/2024\/12\/20241230_1456_Theatre_Gaiete_La_Claque.jpg 1080w, https:\/\/vpdanses.fr\/wp-content\/uploads\/2024\/12\/20241230_1456_Theatre_Gaiete_La_Claque-300x225.jpg 300w, https:\/\/vpdanses.fr\/wp-content\/uploads\/2024\/12\/20241230_1456_Theatre_Gaiete_La_Claque-1024x768.jpg 1024w, https:\/\/vpdanses.fr\/wp-content\/uploads\/2024\/12\/20241230_1456_Theatre_Gaiete_La_Claque-768x576.jpg 768w, https:\/\/vpdanses.fr\/wp-content\/uploads\/2024\/12\/20241230_1456_Theatre_Gaiete_La_Claque-500x375.jpg 500w, https:\/\/vpdanses.fr\/wp-content\/uploads\/2024\/12\/20241230_1456_Theatre_Gaiete_La_Claque-800x600.jpg 800w\" data-vp-popup-img-size=\"1080x810\" data-vp-popup-md-img=\"https:\/\/vpdanses.fr\/wp-content\/uploads\/2024\/12\/20241230_1456_Theatre_Gaiete_La_Claque-800x600.jpg\" data-vp-popup-md-img-size=\"800x600\" data-vp-popup-sm-img=\"https:\/\/vpdanses.fr\/wp-content\/uploads\/2024\/12\/20241230_1456_Theatre_Gaiete_La_Claque-500x375.jpg\" data-vp-popup-sm-img-size=\"500x375\">\n\t\t\t<h3 class=\"vp-portfolio__item-popup-title\">Imaginons une Parisienne bourgeoise, \u00e9l\u00e9gamment v\u00eatue d&rsquo;une robe en soie et d&rsquo;un chapeau orn\u00e9 de plumes, s&rsquo;installant confortablement dans un fauteuil du Th\u00e9\u00e2tre de la Ga\u00eet\u00e9-Montparnasse. Avant que le spectacle ne commence, elle sort de son sac un journal.<\/h3>\n\t\t\t\t<div class=\"vp-portfolio__item-popup-description\">\u00ab\u00a0la claque\u00a0\u00bb par Fred RADIX, AU th\u00e9\u00e2tre de la Ga\u00eet\u00e9-Montparnasse (PARIS, France)<\/div>\n\t\t<\/template>\n\t\t\t\t\t\t<figure class=\"vp-portfolio__item\">\n\t\t\t\t\n<div class=\"vp-portfolio__item-img-wrap\">\n\t<div class=\"vp-portfolio__item-img\">\n\t\t\t<a\n\t\thref=\"https:\/\/vpdanses.fr\/wp-content\/uploads\/2024\/12\/20241230_1456_Theatre_Gaiete_La_Claque.jpg\"\n\t\t\t>\n\t\n\t\t<noscript><img loading=\"lazy\" decoding=\"async\" width=\"1080\" height=\"810\" data-skip-lazy src=\"https:\/\/vpdanses.fr\/wp-content\/uploads\/2024\/12\/20241230_1456_Theatre_Gaiete_La_Claque.jpg\" class=\"wp-image-11116\" alt=\"&quot;la claque&quot; par Fred RADIX, AU th\u00e9\u00e2tre de la Ga\u00eet\u00e9-Montparnasse (PARIS, France)\" srcset=\"https:\/\/vpdanses.fr\/wp-content\/uploads\/2024\/12\/20241230_1456_Theatre_Gaiete_La_Claque.jpg 1080w, https:\/\/vpdanses.fr\/wp-content\/uploads\/2024\/12\/20241230_1456_Theatre_Gaiete_La_Claque-300x225.jpg 300w, https:\/\/vpdanses.fr\/wp-content\/uploads\/2024\/12\/20241230_1456_Theatre_Gaiete_La_Claque-1024x768.jpg 1024w, https:\/\/vpdanses.fr\/wp-content\/uploads\/2024\/12\/20241230_1456_Theatre_Gaiete_La_Claque-768x576.jpg 768w, https:\/\/vpdanses.fr\/wp-content\/uploads\/2024\/12\/20241230_1456_Theatre_Gaiete_La_Claque-500x375.jpg 500w, https:\/\/vpdanses.fr\/wp-content\/uploads\/2024\/12\/20241230_1456_Theatre_Gaiete_La_Claque-800x600.jpg 800w\" sizes=\"auto, (max-width: 1080px) 100vw, 1080px\" \/><\/noscript><img decoding=\"async\" width=\"1080\" height=\"810\" src=\"https:\/\/vpdanses.fr\/wp-content\/uploads\/2024\/12\/20241230_1456_Theatre_Gaiete_La_Claque.jpg\" class=\"wp-image-11116 vp-lazyload\" alt=\"&quot;la claque&quot; par Fred RADIX, AU th\u00e9\u00e2tre de la Ga\u00eet\u00e9-Montparnasse (PARIS, France)\" srcset=\"data:image\/svg+xml;base64,PHN2ZyB3aWR0aD0iMTA4MCIgaGVpZ2h0PSI4MTAiIHZpZXdCb3g9IjAgMCAxMDgwIDgxMCIgZmlsbD0ibm9uZSIgeG1sbnM9Imh0dHA6Ly93d3cudzMub3JnLzIwMDAvc3ZnIj48L3N2Zz4=\" data-src=\"https:\/\/vpdanses.fr\/wp-content\/uploads\/2024\/12\/20241230_1456_Theatre_Gaiete_La_Claque.jpg\" data-srcset=\"https:\/\/vpdanses.fr\/wp-content\/uploads\/2024\/12\/20241230_1456_Theatre_Gaiete_La_Claque.jpg 1080w, https:\/\/vpdanses.fr\/wp-content\/uploads\/2024\/12\/20241230_1456_Theatre_Gaiete_La_Claque-300x225.jpg 300w, https:\/\/vpdanses.fr\/wp-content\/uploads\/2024\/12\/20241230_1456_Theatre_Gaiete_La_Claque-1024x768.jpg 1024w, https:\/\/vpdanses.fr\/wp-content\/uploads\/2024\/12\/20241230_1456_Theatre_Gaiete_La_Claque-768x576.jpg 768w, https:\/\/vpdanses.fr\/wp-content\/uploads\/2024\/12\/20241230_1456_Theatre_Gaiete_La_Claque-500x375.jpg 500w, https:\/\/vpdanses.fr\/wp-content\/uploads\/2024\/12\/20241230_1456_Theatre_Gaiete_La_Claque-800x600.jpg 800w\" data-sizes=\"auto\" loading=\"eager\">\n\t\t<\/a>\t<\/div>\n<\/div>\n\t<figcaption class=\"vp-portfolio__item-overlay vp-portfolio__item-overlay-text-align-center\">\n\t\t<div class=\"vp-portfolio__item-meta-wrap vp-portfolio__custom-scrollbar\">\n\t\t\t\t<a\n\t\thref=\"https:\/\/vpdanses.fr\/wp-content\/uploads\/2024\/12\/20241230_1456_Theatre_Gaiete_La_Claque.jpg\"\n\t\ttabindex=\"-1\" class=\"vp-portfolio__item-meta\" \t>\n\t\n<h2 class=\"vp-portfolio__item-meta-title\">\n\tImaginons une Parisienne bourgeoise, \u00e9l\u00e9gamment v\u00eatue d&rsquo;une robe en soie et d&rsquo;un chapeau orn\u00e9 de plumes, s&rsquo;installant confortablement dans un fauteuil du Th\u00e9\u00e2tre de la Ga\u00eet\u00e9-Montparnasse. Avant que le spectacle ne commence, elle sort de son sac un journal.<\/h2>\n<\/a>\t\t<\/div>\n\t<\/figcaption>\n\t\t\t<\/figure>\n\t\t\t\t\t<\/div>\n\t\t\n\t\t<div\t\tclass=\"vp-portfolio__item-wrap vp-portfolio__item-uid-75d3fbd3\" data-vp-filter=\"\" \t\t>\n\t\t\t<template class=\"vp-portfolio__item-popup\" data-vp-popup-img=\"https:\/\/vpdanses.fr\/wp-content\/uploads\/2024\/12\/20241230_1458_Theatre_Gaiete_La_Claque.jpg\" data-vp-popup-img-srcset=\"https:\/\/vpdanses.fr\/wp-content\/uploads\/2024\/12\/20241230_1458_Theatre_Gaiete_La_Claque.jpg 1080w, https:\/\/vpdanses.fr\/wp-content\/uploads\/2024\/12\/20241230_1458_Theatre_Gaiete_La_Claque-300x225.jpg 300w, https:\/\/vpdanses.fr\/wp-content\/uploads\/2024\/12\/20241230_1458_Theatre_Gaiete_La_Claque-1024x768.jpg 1024w, https:\/\/vpdanses.fr\/wp-content\/uploads\/2024\/12\/20241230_1458_Theatre_Gaiete_La_Claque-768x576.jpg 768w, https:\/\/vpdanses.fr\/wp-content\/uploads\/2024\/12\/20241230_1458_Theatre_Gaiete_La_Claque-500x375.jpg 500w, https:\/\/vpdanses.fr\/wp-content\/uploads\/2024\/12\/20241230_1458_Theatre_Gaiete_La_Claque-800x600.jpg 800w\" data-vp-popup-img-size=\"1080x810\" data-vp-popup-md-img=\"https:\/\/vpdanses.fr\/wp-content\/uploads\/2024\/12\/20241230_1458_Theatre_Gaiete_La_Claque-800x600.jpg\" data-vp-popup-md-img-size=\"800x600\" data-vp-popup-sm-img=\"https:\/\/vpdanses.fr\/wp-content\/uploads\/2024\/12\/20241230_1458_Theatre_Gaiete_La_Claque-500x375.jpg\" data-vp-popup-sm-img-size=\"500x375\">\n\t\t\t<h3 class=\"vp-portfolio__item-popup-title\">Venez applaudir l&rsquo;humour sur sc\u00e8ne : avec \u00ab\u00a0La Claque\u00a0\u00bb de Fred RADIX, le rire est contagieux !\u00a0\u00bb<\/h3>\n\t\t\t\t<div class=\"vp-portfolio__item-popup-description\">\u00ab\u00a0la claque\u00a0\u00bb par Fred RADIX, AU th\u00e9\u00e2tre de la Ga\u00eet\u00e9-Montparnasse (PARIS, France)<\/div>\n\t\t<\/template>\n\t\t\t\t\t\t<figure class=\"vp-portfolio__item\">\n\t\t\t\t\n<div class=\"vp-portfolio__item-img-wrap\">\n\t<div class=\"vp-portfolio__item-img\">\n\t\t\t<a\n\t\thref=\"https:\/\/vpdanses.fr\/wp-content\/uploads\/2024\/12\/20241230_1458_Theatre_Gaiete_La_Claque.jpg\"\n\t\t\t>\n\t\n\t\t<noscript><img loading=\"lazy\" decoding=\"async\" width=\"1080\" height=\"810\" data-skip-lazy src=\"https:\/\/vpdanses.fr\/wp-content\/uploads\/2024\/12\/20241230_1458_Theatre_Gaiete_La_Claque.jpg\" class=\"wp-image-11118\" alt=\"&quot;la claque&quot; par Fred RADIX, AU th\u00e9\u00e2tre de la Ga\u00eet\u00e9-Montparnasse (PARIS, France)\" srcset=\"https:\/\/vpdanses.fr\/wp-content\/uploads\/2024\/12\/20241230_1458_Theatre_Gaiete_La_Claque.jpg 1080w, https:\/\/vpdanses.fr\/wp-content\/uploads\/2024\/12\/20241230_1458_Theatre_Gaiete_La_Claque-300x225.jpg 300w, https:\/\/vpdanses.fr\/wp-content\/uploads\/2024\/12\/20241230_1458_Theatre_Gaiete_La_Claque-1024x768.jpg 1024w, https:\/\/vpdanses.fr\/wp-content\/uploads\/2024\/12\/20241230_1458_Theatre_Gaiete_La_Claque-768x576.jpg 768w, https:\/\/vpdanses.fr\/wp-content\/uploads\/2024\/12\/20241230_1458_Theatre_Gaiete_La_Claque-500x375.jpg 500w, https:\/\/vpdanses.fr\/wp-content\/uploads\/2024\/12\/20241230_1458_Theatre_Gaiete_La_Claque-800x600.jpg 800w\" sizes=\"auto, (max-width: 1080px) 100vw, 1080px\" \/><\/noscript><img decoding=\"async\" width=\"1080\" height=\"810\" src=\"https:\/\/vpdanses.fr\/wp-content\/uploads\/2024\/12\/20241230_1458_Theatre_Gaiete_La_Claque.jpg\" class=\"wp-image-11118 vp-lazyload\" alt=\"&quot;la claque&quot; par Fred RADIX, AU th\u00e9\u00e2tre de la Ga\u00eet\u00e9-Montparnasse (PARIS, France)\" srcset=\"data:image\/svg+xml;base64,PHN2ZyB3aWR0aD0iMTA4MCIgaGVpZ2h0PSI4MTAiIHZpZXdCb3g9IjAgMCAxMDgwIDgxMCIgZmlsbD0ibm9uZSIgeG1sbnM9Imh0dHA6Ly93d3cudzMub3JnLzIwMDAvc3ZnIj48L3N2Zz4=\" data-src=\"https:\/\/vpdanses.fr\/wp-content\/uploads\/2024\/12\/20241230_1458_Theatre_Gaiete_La_Claque.jpg\" data-srcset=\"https:\/\/vpdanses.fr\/wp-content\/uploads\/2024\/12\/20241230_1458_Theatre_Gaiete_La_Claque.jpg 1080w, https:\/\/vpdanses.fr\/wp-content\/uploads\/2024\/12\/20241230_1458_Theatre_Gaiete_La_Claque-300x225.jpg 300w, https:\/\/vpdanses.fr\/wp-content\/uploads\/2024\/12\/20241230_1458_Theatre_Gaiete_La_Claque-1024x768.jpg 1024w, https:\/\/vpdanses.fr\/wp-content\/uploads\/2024\/12\/20241230_1458_Theatre_Gaiete_La_Claque-768x576.jpg 768w, https:\/\/vpdanses.fr\/wp-content\/uploads\/2024\/12\/20241230_1458_Theatre_Gaiete_La_Claque-500x375.jpg 500w, https:\/\/vpdanses.fr\/wp-content\/uploads\/2024\/12\/20241230_1458_Theatre_Gaiete_La_Claque-800x600.jpg 800w\" data-sizes=\"auto\" loading=\"eager\">\n\t\t<\/a>\t<\/div>\n<\/div>\n\t<figcaption class=\"vp-portfolio__item-overlay vp-portfolio__item-overlay-text-align-center\">\n\t\t<div class=\"vp-portfolio__item-meta-wrap vp-portfolio__custom-scrollbar\">\n\t\t\t\t<a\n\t\thref=\"https:\/\/vpdanses.fr\/wp-content\/uploads\/2024\/12\/20241230_1458_Theatre_Gaiete_La_Claque.jpg\"\n\t\ttabindex=\"-1\" class=\"vp-portfolio__item-meta\" \t>\n\t\n<h2 class=\"vp-portfolio__item-meta-title\">\n\tVenez applaudir l&rsquo;humour sur sc\u00e8ne : avec \u00ab\u00a0La Claque\u00a0\u00bb de Fred RADIX, le rire est contagieux !\u00a0\u00bb<\/h2>\n<\/a>\t\t<\/div>\n\t<\/figcaption>\n\t\t\t<\/figure>\n\t\t\t\t\t<\/div>\n\t\t\n\t\t<div\t\tclass=\"vp-portfolio__item-wrap vp-portfolio__item-uid-1fd1fbfd\" data-vp-filter=\"\" \t\t>\n\t\t\t<template class=\"vp-portfolio__item-popup\" data-vp-popup-img=\"https:\/\/vpdanses.fr\/wp-content\/uploads\/2024\/12\/20241230_1459_Theatre_Gaiete_La_Claque.jpg\" data-vp-popup-img-srcset=\"https:\/\/vpdanses.fr\/wp-content\/uploads\/2024\/12\/20241230_1459_Theatre_Gaiete_La_Claque.jpg 704w, https:\/\/vpdanses.fr\/wp-content\/uploads\/2024\/12\/20241230_1459_Theatre_Gaiete_La_Claque-261x300.jpg 261w, https:\/\/vpdanses.fr\/wp-content\/uploads\/2024\/12\/20241230_1459_Theatre_Gaiete_La_Claque-500x575.jpg 500w\" data-vp-popup-img-size=\"704x810\" data-vp-popup-md-img=\"https:\/\/vpdanses.fr\/wp-content\/uploads\/2024\/12\/20241230_1459_Theatre_Gaiete_La_Claque.jpg\" data-vp-popup-md-img-size=\"704x810\" data-vp-popup-sm-img=\"https:\/\/vpdanses.fr\/wp-content\/uploads\/2024\/12\/20241230_1459_Theatre_Gaiete_La_Claque-500x575.jpg\" data-vp-popup-sm-img-size=\"500x575\">\n\t\t\t<h3 class=\"vp-portfolio__item-popup-title\">Flyer officiel de la pi\u00e8ce de th\u00e9\u00e2tre \u00ab\u00a0La Claque\u00a0\u00bb<\/h3>\n\t\t\t\t<div class=\"vp-portfolio__item-popup-description\">\u00ab\u00a0la claque\u00a0\u00bb par Fred RADIX, AU th\u00e9\u00e2tre de la Ga\u00eet\u00e9-Montparnasse (PARIS, France)<\/div>\n\t\t<\/template>\n\t\t\t\t\t\t<figure class=\"vp-portfolio__item\">\n\t\t\t\t\n<div class=\"vp-portfolio__item-img-wrap\">\n\t<div class=\"vp-portfolio__item-img\">\n\t\t\t<a\n\t\thref=\"https:\/\/vpdanses.fr\/wp-content\/uploads\/2024\/12\/20241230_1459_Theatre_Gaiete_La_Claque.jpg\"\n\t\t\t>\n\t\n\t\t<noscript><img loading=\"lazy\" decoding=\"async\" width=\"704\" height=\"810\" data-skip-lazy src=\"https:\/\/vpdanses.fr\/wp-content\/uploads\/2024\/12\/20241230_1459_Theatre_Gaiete_La_Claque.jpg\" class=\"wp-image-11119\" alt=\"&quot;la claque&quot; par Fred RADIX, AU th\u00e9\u00e2tre de la Ga\u00eet\u00e9-Montparnasse (PARIS, France)\" srcset=\"https:\/\/vpdanses.fr\/wp-content\/uploads\/2024\/12\/20241230_1459_Theatre_Gaiete_La_Claque.jpg 704w, https:\/\/vpdanses.fr\/wp-content\/uploads\/2024\/12\/20241230_1459_Theatre_Gaiete_La_Claque-261x300.jpg 261w, https:\/\/vpdanses.fr\/wp-content\/uploads\/2024\/12\/20241230_1459_Theatre_Gaiete_La_Claque-500x575.jpg 500w\" sizes=\"auto, (max-width: 704px) 100vw, 704px\" \/><\/noscript><img decoding=\"async\" width=\"704\" height=\"810\" src=\"https:\/\/vpdanses.fr\/wp-content\/uploads\/2024\/12\/20241230_1459_Theatre_Gaiete_La_Claque.jpg\" class=\"wp-image-11119 vp-lazyload\" alt=\"&quot;la claque&quot; par Fred RADIX, AU th\u00e9\u00e2tre de la Ga\u00eet\u00e9-Montparnasse (PARIS, France)\" srcset=\"data:image\/svg+xml;base64,PHN2ZyB3aWR0aD0iNzA0IiBoZWlnaHQ9IjgxMCIgdmlld0JveD0iMCAwIDcwNCA4MTAiIGZpbGw9Im5vbmUiIHhtbG5zPSJodHRwOi8vd3d3LnczLm9yZy8yMDAwL3N2ZyI+PC9zdmc+\" data-src=\"https:\/\/vpdanses.fr\/wp-content\/uploads\/2024\/12\/20241230_1459_Theatre_Gaiete_La_Claque.jpg\" data-srcset=\"https:\/\/vpdanses.fr\/wp-content\/uploads\/2024\/12\/20241230_1459_Theatre_Gaiete_La_Claque.jpg 704w, https:\/\/vpdanses.fr\/wp-content\/uploads\/2024\/12\/20241230_1459_Theatre_Gaiete_La_Claque-261x300.jpg 261w, https:\/\/vpdanses.fr\/wp-content\/uploads\/2024\/12\/20241230_1459_Theatre_Gaiete_La_Claque-500x575.jpg 500w\" data-sizes=\"auto\" loading=\"eager\">\n\t\t<\/a>\t<\/div>\n<\/div>\n\t<figcaption class=\"vp-portfolio__item-overlay vp-portfolio__item-overlay-text-align-center\">\n\t\t<div class=\"vp-portfolio__item-meta-wrap vp-portfolio__custom-scrollbar\">\n\t\t\t\t<a\n\t\thref=\"https:\/\/vpdanses.fr\/wp-content\/uploads\/2024\/12\/20241230_1459_Theatre_Gaiete_La_Claque.jpg\"\n\t\ttabindex=\"-1\" class=\"vp-portfolio__item-meta\" \t>\n\t\n<h2 class=\"vp-portfolio__item-meta-title\">\n\tFlyer officiel de la pi\u00e8ce de th\u00e9\u00e2tre \u00ab\u00a0La Claque\u00a0\u00bb<\/h2>\n<\/a>\t\t<\/div>\n\t<\/figcaption>\n\t\t\t<\/figure>\n\t\t\t\t\t<\/div>\n\t\t\n\t\t<div\t\tclass=\"vp-portfolio__item-wrap vp-portfolio__item-uid-867cc33f\" data-vp-filter=\"\" \t\t>\n\t\t\t<template class=\"vp-portfolio__item-popup\" data-vp-popup-img=\"https:\/\/vpdanses.fr\/wp-content\/uploads\/2024\/12\/20241230_1461_Theatre_Gaiete_La_Claque.jpg\" data-vp-popup-img-srcset=\"https:\/\/vpdanses.fr\/wp-content\/uploads\/2024\/12\/20241230_1461_Theatre_Gaiete_La_Claque.jpg 810w, https:\/\/vpdanses.fr\/wp-content\/uploads\/2024\/12\/20241230_1461_Theatre_Gaiete_La_Claque-225x300.jpg 225w, https:\/\/vpdanses.fr\/wp-content\/uploads\/2024\/12\/20241230_1461_Theatre_Gaiete_La_Claque-768x1024.jpg 768w, https:\/\/vpdanses.fr\/wp-content\/uploads\/2024\/12\/20241230_1461_Theatre_Gaiete_La_Claque-500x667.jpg 500w, https:\/\/vpdanses.fr\/wp-content\/uploads\/2024\/12\/20241230_1461_Theatre_Gaiete_La_Claque-800x1067.jpg 800w\" data-vp-popup-img-size=\"810x1080\" data-vp-popup-md-img=\"https:\/\/vpdanses.fr\/wp-content\/uploads\/2024\/12\/20241230_1461_Theatre_Gaiete_La_Claque-800x1067.jpg\" data-vp-popup-md-img-size=\"800x1067\" data-vp-popup-sm-img=\"https:\/\/vpdanses.fr\/wp-content\/uploads\/2024\/12\/20241230_1461_Theatre_Gaiete_La_Claque-500x667.jpg\" data-vp-popup-sm-img-size=\"500x667\">\n\t\t\t<h3 class=\"vp-portfolio__item-popup-title\">\u00ab\u00a0Le Petit Montparnasse\u00a0\u00bb, le restaurant situ\u00e9 en face du Th\u00e9\u00e2tre de la Ga\u00eet\u00e9-Montparnasse<\/h3>\n\t\t\t\t<div class=\"vp-portfolio__item-popup-description\">\u00ab\u00a0la claque\u00a0\u00bb par Fred RADIX, AU th\u00e9\u00e2tre de la Ga\u00eet\u00e9-Montparnasse (PARIS, France)<\/div>\n\t\t<\/template>\n\t\t\t\t\t\t<figure class=\"vp-portfolio__item\">\n\t\t\t\t\n<div class=\"vp-portfolio__item-img-wrap\">\n\t<div class=\"vp-portfolio__item-img\">\n\t\t\t<a\n\t\thref=\"https:\/\/vpdanses.fr\/wp-content\/uploads\/2024\/12\/20241230_1461_Theatre_Gaiete_La_Claque.jpg\"\n\t\t\t>\n\t\n\t\t<noscript><img loading=\"lazy\" decoding=\"async\" width=\"810\" height=\"1080\" data-skip-lazy src=\"https:\/\/vpdanses.fr\/wp-content\/uploads\/2024\/12\/20241230_1461_Theatre_Gaiete_La_Claque.jpg\" class=\"wp-image-11120\" alt=\"\" srcset=\"https:\/\/vpdanses.fr\/wp-content\/uploads\/2024\/12\/20241230_1461_Theatre_Gaiete_La_Claque.jpg 810w, https:\/\/vpdanses.fr\/wp-content\/uploads\/2024\/12\/20241230_1461_Theatre_Gaiete_La_Claque-225x300.jpg 225w, https:\/\/vpdanses.fr\/wp-content\/uploads\/2024\/12\/20241230_1461_Theatre_Gaiete_La_Claque-768x1024.jpg 768w, https:\/\/vpdanses.fr\/wp-content\/uploads\/2024\/12\/20241230_1461_Theatre_Gaiete_La_Claque-500x667.jpg 500w, https:\/\/vpdanses.fr\/wp-content\/uploads\/2024\/12\/20241230_1461_Theatre_Gaiete_La_Claque-800x1067.jpg 800w\" sizes=\"auto, (max-width: 810px) 100vw, 810px\" \/><\/noscript><img decoding=\"async\" width=\"810\" height=\"1080\" src=\"https:\/\/vpdanses.fr\/wp-content\/uploads\/2024\/12\/20241230_1461_Theatre_Gaiete_La_Claque.jpg\" class=\"wp-image-11120 vp-lazyload\" alt srcset=\"data:image\/svg+xml;base64,PHN2ZyB3aWR0aD0iODEwIiBoZWlnaHQ9IjEwODAiIHZpZXdCb3g9IjAgMCA4MTAgMTA4MCIgZmlsbD0ibm9uZSIgeG1sbnM9Imh0dHA6Ly93d3cudzMub3JnLzIwMDAvc3ZnIj48L3N2Zz4=\" data-src=\"https:\/\/vpdanses.fr\/wp-content\/uploads\/2024\/12\/20241230_1461_Theatre_Gaiete_La_Claque.jpg\" data-srcset=\"https:\/\/vpdanses.fr\/wp-content\/uploads\/2024\/12\/20241230_1461_Theatre_Gaiete_La_Claque.jpg 810w, https:\/\/vpdanses.fr\/wp-content\/uploads\/2024\/12\/20241230_1461_Theatre_Gaiete_La_Claque-225x300.jpg 225w, https:\/\/vpdanses.fr\/wp-content\/uploads\/2024\/12\/20241230_1461_Theatre_Gaiete_La_Claque-768x1024.jpg 768w, https:\/\/vpdanses.fr\/wp-content\/uploads\/2024\/12\/20241230_1461_Theatre_Gaiete_La_Claque-500x667.jpg 500w, https:\/\/vpdanses.fr\/wp-content\/uploads\/2024\/12\/20241230_1461_Theatre_Gaiete_La_Claque-800x1067.jpg 800w\" data-sizes=\"auto\" loading=\"eager\">\n\t\t<\/a>\t<\/div>\n<\/div>\n\t<figcaption class=\"vp-portfolio__item-overlay vp-portfolio__item-overlay-text-align-center\">\n\t\t<div class=\"vp-portfolio__item-meta-wrap vp-portfolio__custom-scrollbar\">\n\t\t\t\t<a\n\t\thref=\"https:\/\/vpdanses.fr\/wp-content\/uploads\/2024\/12\/20241230_1461_Theatre_Gaiete_La_Claque.jpg\"\n\t\ttabindex=\"-1\" class=\"vp-portfolio__item-meta\" \t>\n\t\n<h2 class=\"vp-portfolio__item-meta-title\">\n\t\u00ab\u00a0Le Petit Montparnasse\u00a0\u00bb, le restaurant situ\u00e9 en face du Th\u00e9\u00e2tre de la Ga\u00eet\u00e9-Montparnasse<\/h2>\n<\/a>\t\t<\/div>\n\t<\/figcaption>\n\t\t\t<\/figure>\n\t\t\t\t\t<\/div>\n\t\t\n\t\t<div\t\tclass=\"vp-portfolio__item-wrap vp-portfolio__item-uid-42b4279c\" data-vp-filter=\"\" \t\t>\n\t\t\t<template class=\"vp-portfolio__item-popup\" data-vp-popup-img=\"https:\/\/vpdanses.fr\/wp-content\/uploads\/2024\/12\/2024-12-30.acteurs_la_claque-1.png\" data-vp-popup-img-srcset=\"https:\/\/vpdanses.fr\/wp-content\/uploads\/2024\/12\/2024-12-30.acteurs_la_claque-1.png 916w, https:\/\/vpdanses.fr\/wp-content\/uploads\/2024\/12\/2024-12-30.acteurs_la_claque-1-300x164.png 300w, https:\/\/vpdanses.fr\/wp-content\/uploads\/2024\/12\/2024-12-30.acteurs_la_claque-1-768x421.png 768w, https:\/\/vpdanses.fr\/wp-content\/uploads\/2024\/12\/2024-12-30.acteurs_la_claque-1-500x274.png 500w, https:\/\/vpdanses.fr\/wp-content\/uploads\/2024\/12\/2024-12-30.acteurs_la_claque-1-800x438.png 800w\" data-vp-popup-img-size=\"916x502\" data-vp-popup-md-img=\"https:\/\/vpdanses.fr\/wp-content\/uploads\/2024\/12\/2024-12-30.acteurs_la_claque-1-800x438.png\" data-vp-popup-md-img-size=\"800x438\" data-vp-popup-sm-img=\"https:\/\/vpdanses.fr\/wp-content\/uploads\/2024\/12\/2024-12-30.acteurs_la_claque-1-500x274.png\" data-vp-popup-sm-img-size=\"500x274\">\n\t\t\t<h3 class=\"vp-portfolio__item-popup-title\">Fauvette (Estelle BERNIGAL), Auguste LEVASSEUR (Christophe GENDREAU), Dugommier (Guillaume DARNAULT)<\/h3>\n\t\t\t\t<div class=\"vp-portfolio__item-popup-description\">Acteurs de la pi\u00e8ce de Th\u00e9\u00e2tre \u00ab\u00a0La Claque\u00a0\u00bb jou\u00e9 au Th\u00e9\u00e2tre de la Ga\u00eet\u00e9, le 30\/12\/2024<\/div>\n\t\t<\/template>\n\t\t\t\t\t\t<figure class=\"vp-portfolio__item\">\n\t\t\t\t\n<div class=\"vp-portfolio__item-img-wrap\">\n\t<div class=\"vp-portfolio__item-img\">\n\t\t\t<a\n\t\thref=\"https:\/\/vpdanses.fr\/wp-content\/uploads\/2024\/12\/2024-12-30.acteurs_la_claque-1.png\"\n\t\t\t>\n\t\n\t\t<noscript><img loading=\"lazy\" decoding=\"async\" width=\"916\" height=\"502\" data-skip-lazy src=\"https:\/\/vpdanses.fr\/wp-content\/uploads\/2024\/12\/2024-12-30.acteurs_la_claque-1.png\" class=\"wp-image-11105\" alt=\"Acteurs de la pi\u00e8ce de Th\u00e9\u00e2tre &quot;La Claque&quot; jou\u00e9 au Th\u00e9\u00e2tre de la Ga\u00eet\u00e9, le 30\/12\/2024\" srcset=\"https:\/\/vpdanses.fr\/wp-content\/uploads\/2024\/12\/2024-12-30.acteurs_la_claque-1.png 916w, https:\/\/vpdanses.fr\/wp-content\/uploads\/2024\/12\/2024-12-30.acteurs_la_claque-1-300x164.png 300w, https:\/\/vpdanses.fr\/wp-content\/uploads\/2024\/12\/2024-12-30.acteurs_la_claque-1-768x421.png 768w, https:\/\/vpdanses.fr\/wp-content\/uploads\/2024\/12\/2024-12-30.acteurs_la_claque-1-500x274.png 500w, https:\/\/vpdanses.fr\/wp-content\/uploads\/2024\/12\/2024-12-30.acteurs_la_claque-1-800x438.png 800w\" sizes=\"auto, (max-width: 916px) 100vw, 916px\" \/><\/noscript><img decoding=\"async\" width=\"916\" height=\"502\" src=\"https:\/\/vpdanses.fr\/wp-content\/uploads\/2024\/12\/2024-12-30.acteurs_la_claque-1.png\" class=\"wp-image-11105 vp-lazyload\" alt=\"Acteurs de la pi\u00e8ce de Th\u00e9\u00e2tre &quot;La Claque&quot; jou\u00e9 au Th\u00e9\u00e2tre de la Ga\u00eet\u00e9, le 30\/12\/2024\" srcset=\"data:image\/svg+xml;base64,PHN2ZyB3aWR0aD0iOTE2IiBoZWlnaHQ9IjUwMiIgdmlld0JveD0iMCAwIDkxNiA1MDIiIGZpbGw9Im5vbmUiIHhtbG5zPSJodHRwOi8vd3d3LnczLm9yZy8yMDAwL3N2ZyI+PC9zdmc+\" data-src=\"https:\/\/vpdanses.fr\/wp-content\/uploads\/2024\/12\/2024-12-30.acteurs_la_claque-1.png\" data-srcset=\"https:\/\/vpdanses.fr\/wp-content\/uploads\/2024\/12\/2024-12-30.acteurs_la_claque-1.png 916w, https:\/\/vpdanses.fr\/wp-content\/uploads\/2024\/12\/2024-12-30.acteurs_la_claque-1-300x164.png 300w, https:\/\/vpdanses.fr\/wp-content\/uploads\/2024\/12\/2024-12-30.acteurs_la_claque-1-768x421.png 768w, https:\/\/vpdanses.fr\/wp-content\/uploads\/2024\/12\/2024-12-30.acteurs_la_claque-1-500x274.png 500w, https:\/\/vpdanses.fr\/wp-content\/uploads\/2024\/12\/2024-12-30.acteurs_la_claque-1-800x438.png 800w\" data-sizes=\"auto\" loading=\"eager\">\n\t\t<\/a>\t<\/div>\n<\/div>\n\t<figcaption class=\"vp-portfolio__item-overlay vp-portfolio__item-overlay-text-align-center\">\n\t\t<div class=\"vp-portfolio__item-meta-wrap vp-portfolio__custom-scrollbar\">\n\t\t\t\t<a\n\t\thref=\"https:\/\/vpdanses.fr\/wp-content\/uploads\/2024\/12\/2024-12-30.acteurs_la_claque-1.png\"\n\t\ttabindex=\"-1\" class=\"vp-portfolio__item-meta\" \t>\n\t\n<h2 class=\"vp-portfolio__item-meta-title\">\n\tFauvette (Estelle BERNIGAL), Auguste LEVASSEUR (Christophe GENDREAU), Dugommier (Guillaume DARNAULT)<\/h2>\n<\/a>\t\t<\/div>\n\t<\/figcaption>\n\t\t\t<\/figure>\n\t\t\t\t\t<\/div>\n\t\t\n\t\t<div\t\tclass=\"vp-portfolio__item-wrap vp-portfolio__item-uid-22d7c701\" data-vp-filter=\"\" \t\t>\n\t\t\t<template class=\"vp-portfolio__item-popup\" data-vp-popup-img=\"https:\/\/vpdanses.fr\/wp-content\/uploads\/2024\/12\/20241230_1467_Theatre_Gaiete_La_Claque.jpg\" data-vp-popup-img-srcset=\"https:\/\/vpdanses.fr\/wp-content\/uploads\/2024\/12\/20241230_1467_Theatre_Gaiete_La_Claque.jpg 827w, https:\/\/vpdanses.fr\/wp-content\/uploads\/2024\/12\/20241230_1467_Theatre_Gaiete_La_Claque-300x225.jpg 300w, https:\/\/vpdanses.fr\/wp-content\/uploads\/2024\/12\/20241230_1467_Theatre_Gaiete_La_Claque-768x576.jpg 768w, https:\/\/vpdanses.fr\/wp-content\/uploads\/2024\/12\/20241230_1467_Theatre_Gaiete_La_Claque-500x375.jpg 500w, https:\/\/vpdanses.fr\/wp-content\/uploads\/2024\/12\/20241230_1467_Theatre_Gaiete_La_Claque-800x600.jpg 800w\" data-vp-popup-img-size=\"827x620\" data-vp-popup-md-img=\"https:\/\/vpdanses.fr\/wp-content\/uploads\/2024\/12\/20241230_1467_Theatre_Gaiete_La_Claque-800x600.jpg\" data-vp-popup-md-img-size=\"800x600\" data-vp-popup-sm-img=\"https:\/\/vpdanses.fr\/wp-content\/uploads\/2024\/12\/20241230_1467_Theatre_Gaiete_La_Claque-500x375.jpg\" data-vp-popup-sm-img-size=\"500x375\">\n\t\t\t<h3 class=\"vp-portfolio__item-popup-title\">VP DANSES (Philippe MARTINS et Virginie GATOUX). L&rsquo;association est localis\u00e9e \u00e0 Hazebrouck (59190). <\/h3>\n\t\t\t\t<div class=\"vp-portfolio__item-popup-description\">\u00ab\u00a0la claque\u00a0\u00bb par Fred RADIX, AU th\u00e9\u00e2tre de la Ga\u00eet\u00e9-Montparnasse (PARIS, France)<\/div>\n\t\t<\/template>\n\t\t\t\t\t\t<figure class=\"vp-portfolio__item\">\n\t\t\t\t\n<div class=\"vp-portfolio__item-img-wrap\">\n\t<div class=\"vp-portfolio__item-img\">\n\t\t\t<a\n\t\thref=\"https:\/\/vpdanses.fr\/wp-content\/uploads\/2024\/12\/20241230_1467_Theatre_Gaiete_La_Claque.jpg\"\n\t\t\t>\n\t\n\t\t<noscript><img loading=\"lazy\" decoding=\"async\" width=\"827\" height=\"620\" data-skip-lazy src=\"https:\/\/vpdanses.fr\/wp-content\/uploads\/2024\/12\/20241230_1467_Theatre_Gaiete_La_Claque.jpg\" class=\"wp-image-11126\" alt=\"&quot;la claque&quot; par Fred RADIX, AU th\u00e9\u00e2tre de la Ga\u00eet\u00e9-Montparnasse (PARIS, France)\" srcset=\"https:\/\/vpdanses.fr\/wp-content\/uploads\/2024\/12\/20241230_1467_Theatre_Gaiete_La_Claque.jpg 827w, https:\/\/vpdanses.fr\/wp-content\/uploads\/2024\/12\/20241230_1467_Theatre_Gaiete_La_Claque-300x225.jpg 300w, https:\/\/vpdanses.fr\/wp-content\/uploads\/2024\/12\/20241230_1467_Theatre_Gaiete_La_Claque-768x576.jpg 768w, https:\/\/vpdanses.fr\/wp-content\/uploads\/2024\/12\/20241230_1467_Theatre_Gaiete_La_Claque-500x375.jpg 500w, https:\/\/vpdanses.fr\/wp-content\/uploads\/2024\/12\/20241230_1467_Theatre_Gaiete_La_Claque-800x600.jpg 800w\" sizes=\"auto, (max-width: 827px) 100vw, 827px\" \/><\/noscript><img decoding=\"async\" width=\"827\" height=\"620\" src=\"https:\/\/vpdanses.fr\/wp-content\/uploads\/2024\/12\/20241230_1467_Theatre_Gaiete_La_Claque.jpg\" class=\"wp-image-11126 vp-lazyload\" alt=\"&quot;la claque&quot; par Fred RADIX, AU th\u00e9\u00e2tre de la Ga\u00eet\u00e9-Montparnasse (PARIS, France)\" srcset=\"data:image\/svg+xml;base64,PHN2ZyB3aWR0aD0iODI3IiBoZWlnaHQ9IjYyMCIgdmlld0JveD0iMCAwIDgyNyA2MjAiIGZpbGw9Im5vbmUiIHhtbG5zPSJodHRwOi8vd3d3LnczLm9yZy8yMDAwL3N2ZyI+PC9zdmc+\" data-src=\"https:\/\/vpdanses.fr\/wp-content\/uploads\/2024\/12\/20241230_1467_Theatre_Gaiete_La_Claque.jpg\" data-srcset=\"https:\/\/vpdanses.fr\/wp-content\/uploads\/2024\/12\/20241230_1467_Theatre_Gaiete_La_Claque.jpg 827w, https:\/\/vpdanses.fr\/wp-content\/uploads\/2024\/12\/20241230_1467_Theatre_Gaiete_La_Claque-300x225.jpg 300w, https:\/\/vpdanses.fr\/wp-content\/uploads\/2024\/12\/20241230_1467_Theatre_Gaiete_La_Claque-768x576.jpg 768w, https:\/\/vpdanses.fr\/wp-content\/uploads\/2024\/12\/20241230_1467_Theatre_Gaiete_La_Claque-500x375.jpg 500w, https:\/\/vpdanses.fr\/wp-content\/uploads\/2024\/12\/20241230_1467_Theatre_Gaiete_La_Claque-800x600.jpg 800w\" data-sizes=\"auto\" loading=\"eager\">\n\t\t<\/a>\t<\/div>\n<\/div>\n\t<figcaption class=\"vp-portfolio__item-overlay vp-portfolio__item-overlay-text-align-center\">\n\t\t<div class=\"vp-portfolio__item-meta-wrap vp-portfolio__custom-scrollbar\">\n\t\t\t\t<a\n\t\thref=\"https:\/\/vpdanses.fr\/wp-content\/uploads\/2024\/12\/20241230_1467_Theatre_Gaiete_La_Claque.jpg\"\n\t\ttabindex=\"-1\" class=\"vp-portfolio__item-meta\" \t>\n\t\n<h2 class=\"vp-portfolio__item-meta-title\">\n\tVP DANSES (Philippe MARTINS et Virginie GATOUX). L&rsquo;association est localis\u00e9e \u00e0 Hazebrouck (59190). <\/h2>\n<\/a>\t\t<\/div>\n\t<\/figcaption>\n\t\t\t<\/figure>\n\t\t\t\t\t<\/div>\n\t\t\n<\/div>\n\t\t<\/div>\n\t\t\t\t<div class=\"vp-portfolio__layout-elements vp-portfolio__layout-elements-bottom vp-portfolio__layout-elements-align-center\">\n\t\t\t\t<div class=\"vp-portfolio__pagination-wrap\">\n\t\t\n<div class=\"vp-pagination vp-pagination__no-more vp-pagination__style-minimal\" data-vp-pagination-type=\"load-more\">\n\t<div class=\"vp-pagination__item\">\n\t\t<a class=\"vp-pagination__load-more\" href=\"\">\n\t\t\t<span>Charger plus<\/span>\n\t\t\t<span class=\"vp-pagination__load-more-loading\"><span class=\"vp-spinner\"><\/span><span class=\"vp-screen-reader-text\"> En cours de chargement\u2026<\/span><\/span>\n\t\t\t<span class=\"vp-pagination__load-more-no-more\">Vous avez atteint la fin de la liste<\/span>\n\t\t<\/a>\n\t<\/div>\n<\/div>\n\t\t<\/div>\n\t\t\t\t<\/div>\n\t\t\n<\/div>\n<\/div>","protected":false},"excerpt":{"rendered":"<p>Ce lundi 30\/12\/2024, VP DANSES a d\u00e9couvert pour la premi\u00e8re le Th\u00e9\u00e2tre de la Ga\u00eet\u00e9. Nous avons \u00e9t\u00e9 ravis et enchant\u00e9s de voir la pi\u00e8ce de Th\u00e9\u00e2tre \u00ab\u00a0La Claque\u00a0\u00bb de Fred RADIX. <\/p>\n","protected":false},"author":1,"featured_media":11118,"comment_status":"closed","ping_status":"closed","sticky":false,"template":"","format":"standard","meta":{"_uag_custom_page_level_css":"","_price":"","_stock":"","_tribe_ticket_header":"","_tribe_default_ticket_provider":"","_tribe_ticket_capacity":"0","_ticket_start_date":"","_ticket_end_date":"","_tribe_ticket_show_description":"","_tribe_ticket_show_not_going":false,"_tribe_ticket_use_global_stock":"","_tribe_ticket_global_stock_level":"","_global_stock_mode":"","_global_stock_cap":"","_tribe_rsvp_for_event":"","_tribe_ticket_going_count":"","_tribe_ticket_not_going_count":"","_tribe_tickets_list":"[]","_tribe_ticket_has_attendee_info_fields":false,"_EventAllDay":false,"_EventTimezone":"","_EventStartDate":"","_EventEndDate":"","_EventStartDateUTC":"","_EventEndDateUTC":"","_EventShowMap":false,"_EventShowMapLink":false,"_EventURL":"","_EventCost":"","_EventCostDescription":"","_EventCurrencySymbol":"","_EventCurrencyCode":"","_EventCurrencyPosition":"","_EventDateTimeSeparator":"","_EventTimeRangeSeparator":"","_EventOrganizerID":[],"_EventVenueID":[],"_OrganizerEmail":"","_OrganizerPhone":"","_OrganizerWebsite":"","_VenueAddress":"","_VenueCity":"","_VenueCountry":"","_VenueProvince":"","_VenueState":"","_VenueZip":"","_VenuePhone":"","_VenueURL":"","_VenueStateProvince":"","_VenueLat":"","_VenueLng":"","_VenueShowMap":false,"_VenueShowMapLink":false,"_vp_format_video_url":"","_vp_image_focal_point":[],"_jetpack_memberships_contains_paid_content":false,"footnotes":""},"categories":[186,113,185],"tags":[],"class_list":["post-11100","post","type-post","status-publish","format-standard","has-post-thumbnail","hentry","category-paris","category-rencontres","category-theatre"],"yoast_head":"<!-- This site is optimized with the Yoast SEO Premium plugin v25.6 (Yoast SEO v25.6) - https:\/\/yoast.com\/wordpress\/plugins\/seo\/ -->\n<title>&quot;la claque&quot; de Fred RADIX, AU th\u00e9\u00e2tre de la Ga\u00eet\u00e9 (PARIS, France) - VP DANSES, cours de Danse Sportive \u00e0 Aire-sur-la-Lys et \u00e0 Saint-Jans-Cappel (Hauts-de-France)<\/title>\n<meta name=\"robots\" content=\"index, follow, max-snippet:-1, max-image-preview:large, max-video-preview:-1\" \/>\n<link rel=\"canonical\" href=\"https:\/\/vpdanses.fr\/home\/bienvenue-chez-vp-danses-hazebrouck\/la-claque-de-fred-radix-au-theatre-de-la-gaite-paris-france\/\" \/>\n<meta property=\"og:locale\" content=\"fr_FR\" \/>\n<meta property=\"og:type\" content=\"article\" \/>\n<meta property=\"og:title\" content=\"&quot;la claque&quot; de Fred RADIX, AU th\u00e9\u00e2tre de la Ga\u00eet\u00e9 (PARIS, France)\" \/>\n<meta property=\"og:description\" content=\"Ce lundi 30\/12\/2024, VP DANSES a d\u00e9couvert pour la premi\u00e8re le Th\u00e9\u00e2tre de la Ga\u00eet\u00e9. Nous avons \u00e9t\u00e9 ravis et enchant\u00e9s de voir la pi\u00e8ce de Th\u00e9\u00e2tre &quot;La Claque&quot; de Fred RADIX.\" \/>\n<meta property=\"og:url\" content=\"https:\/\/vpdanses.fr\/home\/bienvenue-chez-vp-danses-hazebrouck\/la-claque-de-fred-radix-au-theatre-de-la-gaite-paris-france\/\" \/>\n<meta property=\"og:site_name\" content=\"VP DANSES, cours de Danse Sportive \u00e0 Aire-sur-la-Lys et \u00e0 Saint-Jans-Cappel (Hauts-de-France)\" \/>\n<meta property=\"article:published_time\" content=\"2024-12-31T11:54:55+00:00\" \/>\n<meta property=\"article:modified_time\" content=\"2024-12-31T18:51:46+00:00\" \/>\n<meta property=\"og:image\" content=\"https:\/\/vpdanses.fr\/wp-content\/uploads\/2024\/12\/20241230_1458_Theatre_Gaiete_La_Claque.jpg\" \/>\n\t<meta property=\"og:image:width\" content=\"1080\" \/>\n\t<meta property=\"og:image:height\" content=\"810\" \/>\n\t<meta property=\"og:image:type\" content=\"image\/jpeg\" \/>\n<meta name=\"author\" content=\"VP DANSES\" \/>\n<meta name=\"twitter:card\" content=\"summary_large_image\" \/>\n<meta name=\"twitter:label1\" content=\"\u00c9crit par\" \/>\n\t<meta name=\"twitter:data1\" content=\"VP DANSES\" \/>\n\t<meta name=\"twitter:label2\" content=\"Dur\u00e9e de lecture estim\u00e9e\" \/>\n\t<meta name=\"twitter:data2\" content=\"2 minutes\" \/>\n<script type=\"application\/ld+json\" class=\"yoast-schema-graph\">{\"@context\":\"https:\/\/schema.org\",\"@graph\":[{\"@type\":\"Article\",\"@id\":\"https:\/\/vpdanses.fr\/home\/bienvenue-chez-vp-danses-hazebrouck\/la-claque-de-fred-radix-au-theatre-de-la-gaite-paris-france\/#article\",\"isPartOf\":{\"@id\":\"https:\/\/vpdanses.fr\/home\/bienvenue-chez-vp-danses-hazebrouck\/la-claque-de-fred-radix-au-theatre-de-la-gaite-paris-france\/\"},\"author\":{\"name\":\"VP DANSES\",\"@id\":\"https:\/\/vpdanses.fr\/home\/bienvenue-chez-vp-danses-hazebrouck\/#\/schema\/person\/bf87806369778f949b83c9cd885519e5\"},\"headline\":\"\u00ab\u00a0la claque\u00a0\u00bb de Fred RADIX, AU th\u00e9\u00e2tre de la Ga\u00eet\u00e9 (PARIS, France)\",\"datePublished\":\"2024-12-31T11:54:55+00:00\",\"dateModified\":\"2024-12-31T18:51:46+00:00\",\"mainEntityOfPage\":{\"@id\":\"https:\/\/vpdanses.fr\/home\/bienvenue-chez-vp-danses-hazebrouck\/la-claque-de-fred-radix-au-theatre-de-la-gaite-paris-france\/\"},\"wordCount\":484,\"publisher\":{\"@id\":\"https:\/\/vpdanses.fr\/home\/bienvenue-chez-vp-danses-hazebrouck\/#organization\"},\"image\":{\"@id\":\"https:\/\/vpdanses.fr\/home\/bienvenue-chez-vp-danses-hazebrouck\/la-claque-de-fred-radix-au-theatre-de-la-gaite-paris-france\/#primaryimage\"},\"thumbnailUrl\":\"https:\/\/vpdanses.fr\/wp-content\/uploads\/2024\/12\/20241230_1458_Theatre_Gaiete_La_Claque.jpg\",\"articleSection\":[\"Paris\",\"RENCONTRES\",\"Th\u00e9\u00e2tre\"],\"inLanguage\":\"fr-FR\"},{\"@type\":\"WebPage\",\"@id\":\"https:\/\/vpdanses.fr\/home\/bienvenue-chez-vp-danses-hazebrouck\/la-claque-de-fred-radix-au-theatre-de-la-gaite-paris-france\/\",\"url\":\"https:\/\/vpdanses.fr\/home\/bienvenue-chez-vp-danses-hazebrouck\/la-claque-de-fred-radix-au-theatre-de-la-gaite-paris-france\/\",\"name\":\"\\\"la claque\\\" de Fred RADIX, AU th\u00e9\u00e2tre de la Ga\u00eet\u00e9 (PARIS, France) - VP DANSES, cours de Danse Sportive \u00e0 Aire-sur-la-Lys et \u00e0 Saint-Jans-Cappel (Hauts-de-France)\",\"isPartOf\":{\"@id\":\"https:\/\/vpdanses.fr\/home\/bienvenue-chez-vp-danses-hazebrouck\/#website\"},\"primaryImageOfPage\":{\"@id\":\"https:\/\/vpdanses.fr\/home\/bienvenue-chez-vp-danses-hazebrouck\/la-claque-de-fred-radix-au-theatre-de-la-gaite-paris-france\/#primaryimage\"},\"image\":{\"@id\":\"https:\/\/vpdanses.fr\/home\/bienvenue-chez-vp-danses-hazebrouck\/la-claque-de-fred-radix-au-theatre-de-la-gaite-paris-france\/#primaryimage\"},\"thumbnailUrl\":\"https:\/\/vpdanses.fr\/wp-content\/uploads\/2024\/12\/20241230_1458_Theatre_Gaiete_La_Claque.jpg\",\"datePublished\":\"2024-12-31T11:54:55+00:00\",\"dateModified\":\"2024-12-31T18:51:46+00:00\",\"breadcrumb\":{\"@id\":\"https:\/\/vpdanses.fr\/home\/bienvenue-chez-vp-danses-hazebrouck\/la-claque-de-fred-radix-au-theatre-de-la-gaite-paris-france\/#breadcrumb\"},\"inLanguage\":\"fr-FR\",\"potentialAction\":[{\"@type\":\"ReadAction\",\"target\":[\"https:\/\/vpdanses.fr\/home\/bienvenue-chez-vp-danses-hazebrouck\/la-claque-de-fred-radix-au-theatre-de-la-gaite-paris-france\/\"]}]},{\"@type\":\"ImageObject\",\"inLanguage\":\"fr-FR\",\"@id\":\"https:\/\/vpdanses.fr\/home\/bienvenue-chez-vp-danses-hazebrouck\/la-claque-de-fred-radix-au-theatre-de-la-gaite-paris-france\/#primaryimage\",\"url\":\"https:\/\/vpdanses.fr\/wp-content\/uploads\/2024\/12\/20241230_1458_Theatre_Gaiete_La_Claque.jpg\",\"contentUrl\":\"https:\/\/vpdanses.fr\/wp-content\/uploads\/2024\/12\/20241230_1458_Theatre_Gaiete_La_Claque.jpg\",\"width\":1080,\"height\":810,\"caption\":\"\\\"la claque\\\" par Fred RADIX, AU th\u00e9\u00e2tre de la Ga\u00eet\u00e9-Montparnasse (PARIS, France)\"},{\"@type\":\"BreadcrumbList\",\"@id\":\"https:\/\/vpdanses.fr\/home\/bienvenue-chez-vp-danses-hazebrouck\/la-claque-de-fred-radix-au-theatre-de-la-gaite-paris-france\/#breadcrumb\",\"itemListElement\":[{\"@type\":\"ListItem\",\"position\":1,\"name\":\"Accueil\",\"item\":\"https:\/\/vpdanses.fr\/home\/bienvenue-chez-vp-danses-hazebrouck\/\"},{\"@type\":\"ListItem\",\"position\":2,\"name\":\"\u00ab\u00a0la claque\u00a0\u00bb de Fred RADIX, AU th\u00e9\u00e2tre de la Ga\u00eet\u00e9 (PARIS, France)\"}]},{\"@type\":\"WebSite\",\"@id\":\"https:\/\/vpdanses.fr\/home\/bienvenue-chez-vp-danses-hazebrouck\/#website\",\"url\":\"https:\/\/vpdanses.fr\/home\/bienvenue-chez-vp-danses-hazebrouck\/\",\"name\":\"VP DANSES, cours de Danse Sportive \u00e0 Aire-sur-la-Lys et \u00e0 Saint-Jans-Cappel (Hauts-de-France)\",\"description\":\"Cours de Danse Sportive STANDARD (valse anglaise, tango, valse viennoise, slowfox, quickstep), danses sportives LATINES (samba, chacha, rumba, paso doble, jive), danses de bal, danses de salons, danses de loisirs, salsa, rock 4 temps, rock 6 temps, danses en ligne, disco, \u2026 Lieu : Hazebrouck, Aire-sur-la-Lys, Saint-Jans-Cappel et Isbergues (Hauts-de-France) - Cours Particuliers dans les Hauts-de-France - Ouverture de bal de Mariage\",\"publisher\":{\"@id\":\"https:\/\/vpdanses.fr\/home\/bienvenue-chez-vp-danses-hazebrouck\/#organization\"},\"potentialAction\":[{\"@type\":\"SearchAction\",\"target\":{\"@type\":\"EntryPoint\",\"urlTemplate\":\"https:\/\/vpdanses.fr\/home\/bienvenue-chez-vp-danses-hazebrouck\/?s={search_term_string}\"},\"query-input\":{\"@type\":\"PropertyValueSpecification\",\"valueRequired\":true,\"valueName\":\"search_term_string\"}}],\"inLanguage\":\"fr-FR\"},{\"@type\":\"Organization\",\"@id\":\"https:\/\/vpdanses.fr\/home\/bienvenue-chez-vp-danses-hazebrouck\/#organization\",\"name\":\"VP DANSES, cours de Danse Sportive \u00e0 Aire-sur-la-Lys et \u00e0 Saint-Jans-Cappel (Hauts-de-France)\",\"url\":\"https:\/\/vpdanses.fr\/home\/bienvenue-chez-vp-danses-hazebrouck\/\",\"logo\":{\"@type\":\"ImageObject\",\"inLanguage\":\"fr-FR\",\"@id\":\"https:\/\/vpdanses.fr\/home\/bienvenue-chez-vp-danses-hazebrouck\/#\/schema\/logo\/image\/\",\"url\":\"https:\/\/vpdanses.fr\/wp-content\/uploads\/2024\/10\/logo_cadanse_asaintjans.jpeg\",\"contentUrl\":\"https:\/\/vpdanses.fr\/wp-content\/uploads\/2024\/10\/logo_cadanse_asaintjans.jpeg\",\"width\":225,\"height\":225,\"caption\":\"VP DANSES, cours de Danse Sportive \u00e0 Aire-sur-la-Lys et \u00e0 Saint-Jans-Cappel (Hauts-de-France)\"},\"image\":{\"@id\":\"https:\/\/vpdanses.fr\/home\/bienvenue-chez-vp-danses-hazebrouck\/#\/schema\/logo\/image\/\"}},{\"@type\":\"Person\",\"@id\":\"https:\/\/vpdanses.fr\/home\/bienvenue-chez-vp-danses-hazebrouck\/#\/schema\/person\/bf87806369778f949b83c9cd885519e5\",\"name\":\"VP DANSES\",\"description\":\"\\\"VP danses\\\" est une association qui donne des cours de DANSES SPORTIVES STANDARDS (valse anglaise, tango, valse viennoise, slowfox, quickstep), de DANSES SPORTIVES LATINES (samba, chacha, rumba, paso doble, jive), de DANSES DE BAL, de DANSES DE SALONS, de DANSES DE LOISIRS, de SALSA, de ROCK 4 TEMPS, de ROCK 6 TEMPS, de DANSES EN LIGNE, de DISCO, \u2026\",\"sameAs\":[\"https:\/\/vpdanses.fr\"],\"url\":\"https:\/\/vpdanses.fr\/home\/bienvenue-chez-vp-danses-hazebrouck\/author\/adminvp20241018\/\"}]}<\/script>\n<!-- \/ Yoast SEO Premium plugin. -->","yoast_head_json":{"title":"\"la claque\" de Fred RADIX, AU th\u00e9\u00e2tre de la Ga\u00eet\u00e9 (PARIS, France) - VP DANSES, cours de Danse Sportive \u00e0 Aire-sur-la-Lys et \u00e0 Saint-Jans-Cappel (Hauts-de-France)","robots":{"index":"index","follow":"follow","max-snippet":"max-snippet:-1","max-image-preview":"max-image-preview:large","max-video-preview":"max-video-preview:-1"},"canonical":"https:\/\/vpdanses.fr\/home\/bienvenue-chez-vp-danses-hazebrouck\/la-claque-de-fred-radix-au-theatre-de-la-gaite-paris-france\/","og_locale":"fr_FR","og_type":"article","og_title":"\"la claque\" de Fred RADIX, AU th\u00e9\u00e2tre de la Ga\u00eet\u00e9 (PARIS, France)","og_description":"Ce lundi 30\/12\/2024, VP DANSES a d\u00e9couvert pour la premi\u00e8re le Th\u00e9\u00e2tre de la Ga\u00eet\u00e9. Nous avons \u00e9t\u00e9 ravis et enchant\u00e9s de voir la pi\u00e8ce de Th\u00e9\u00e2tre \"La Claque\" de Fred RADIX.","og_url":"https:\/\/vpdanses.fr\/home\/bienvenue-chez-vp-danses-hazebrouck\/la-claque-de-fred-radix-au-theatre-de-la-gaite-paris-france\/","og_site_name":"VP DANSES, cours de Danse Sportive \u00e0 Aire-sur-la-Lys et \u00e0 Saint-Jans-Cappel (Hauts-de-France)","article_published_time":"2024-12-31T11:54:55+00:00","article_modified_time":"2024-12-31T18:51:46+00:00","og_image":[{"width":1080,"height":810,"url":"https:\/\/vpdanses.fr\/wp-content\/uploads\/2024\/12\/20241230_1458_Theatre_Gaiete_La_Claque.jpg","type":"image\/jpeg"}],"author":"VP DANSES","twitter_card":"summary_large_image","twitter_misc":{"\u00c9crit par":"VP DANSES","Dur\u00e9e de lecture estim\u00e9e":"2 minutes"},"schema":{"@context":"https:\/\/schema.org","@graph":[{"@type":"Article","@id":"https:\/\/vpdanses.fr\/home\/bienvenue-chez-vp-danses-hazebrouck\/la-claque-de-fred-radix-au-theatre-de-la-gaite-paris-france\/#article","isPartOf":{"@id":"https:\/\/vpdanses.fr\/home\/bienvenue-chez-vp-danses-hazebrouck\/la-claque-de-fred-radix-au-theatre-de-la-gaite-paris-france\/"},"author":{"name":"VP DANSES","@id":"https:\/\/vpdanses.fr\/home\/bienvenue-chez-vp-danses-hazebrouck\/#\/schema\/person\/bf87806369778f949b83c9cd885519e5"},"headline":"\u00ab\u00a0la claque\u00a0\u00bb de Fred RADIX, AU th\u00e9\u00e2tre de la Ga\u00eet\u00e9 (PARIS, France)","datePublished":"2024-12-31T11:54:55+00:00","dateModified":"2024-12-31T18:51:46+00:00","mainEntityOfPage":{"@id":"https:\/\/vpdanses.fr\/home\/bienvenue-chez-vp-danses-hazebrouck\/la-claque-de-fred-radix-au-theatre-de-la-gaite-paris-france\/"},"wordCount":484,"publisher":{"@id":"https:\/\/vpdanses.fr\/home\/bienvenue-chez-vp-danses-hazebrouck\/#organization"},"image":{"@id":"https:\/\/vpdanses.fr\/home\/bienvenue-chez-vp-danses-hazebrouck\/la-claque-de-fred-radix-au-theatre-de-la-gaite-paris-france\/#primaryimage"},"thumbnailUrl":"https:\/\/vpdanses.fr\/wp-content\/uploads\/2024\/12\/20241230_1458_Theatre_Gaiete_La_Claque.jpg","articleSection":["Paris","RENCONTRES","Th\u00e9\u00e2tre"],"inLanguage":"fr-FR"},{"@type":"WebPage","@id":"https:\/\/vpdanses.fr\/home\/bienvenue-chez-vp-danses-hazebrouck\/la-claque-de-fred-radix-au-theatre-de-la-gaite-paris-france\/","url":"https:\/\/vpdanses.fr\/home\/bienvenue-chez-vp-danses-hazebrouck\/la-claque-de-fred-radix-au-theatre-de-la-gaite-paris-france\/","name":"\"la claque\" de Fred RADIX, AU th\u00e9\u00e2tre de la Ga\u00eet\u00e9 (PARIS, France) - VP DANSES, cours de Danse Sportive \u00e0 Aire-sur-la-Lys et \u00e0 Saint-Jans-Cappel (Hauts-de-France)","isPartOf":{"@id":"https:\/\/vpdanses.fr\/home\/bienvenue-chez-vp-danses-hazebrouck\/#website"},"primaryImageOfPage":{"@id":"https:\/\/vpdanses.fr\/home\/bienvenue-chez-vp-danses-hazebrouck\/la-claque-de-fred-radix-au-theatre-de-la-gaite-paris-france\/#primaryimage"},"image":{"@id":"https:\/\/vpdanses.fr\/home\/bienvenue-chez-vp-danses-hazebrouck\/la-claque-de-fred-radix-au-theatre-de-la-gaite-paris-france\/#primaryimage"},"thumbnailUrl":"https:\/\/vpdanses.fr\/wp-content\/uploads\/2024\/12\/20241230_1458_Theatre_Gaiete_La_Claque.jpg","datePublished":"2024-12-31T11:54:55+00:00","dateModified":"2024-12-31T18:51:46+00:00","breadcrumb":{"@id":"https:\/\/vpdanses.fr\/home\/bienvenue-chez-vp-danses-hazebrouck\/la-claque-de-fred-radix-au-theatre-de-la-gaite-paris-france\/#breadcrumb"},"inLanguage":"fr-FR","potentialAction":[{"@type":"ReadAction","target":["https:\/\/vpdanses.fr\/home\/bienvenue-chez-vp-danses-hazebrouck\/la-claque-de-fred-radix-au-theatre-de-la-gaite-paris-france\/"]}]},{"@type":"ImageObject","inLanguage":"fr-FR","@id":"https:\/\/vpdanses.fr\/home\/bienvenue-chez-vp-danses-hazebrouck\/la-claque-de-fred-radix-au-theatre-de-la-gaite-paris-france\/#primaryimage","url":"https:\/\/vpdanses.fr\/wp-content\/uploads\/2024\/12\/20241230_1458_Theatre_Gaiete_La_Claque.jpg","contentUrl":"https:\/\/vpdanses.fr\/wp-content\/uploads\/2024\/12\/20241230_1458_Theatre_Gaiete_La_Claque.jpg","width":1080,"height":810,"caption":"\"la claque\" par Fred RADIX, AU th\u00e9\u00e2tre de la Ga\u00eet\u00e9-Montparnasse (PARIS, France)"},{"@type":"BreadcrumbList","@id":"https:\/\/vpdanses.fr\/home\/bienvenue-chez-vp-danses-hazebrouck\/la-claque-de-fred-radix-au-theatre-de-la-gaite-paris-france\/#breadcrumb","itemListElement":[{"@type":"ListItem","position":1,"name":"Accueil","item":"https:\/\/vpdanses.fr\/home\/bienvenue-chez-vp-danses-hazebrouck\/"},{"@type":"ListItem","position":2,"name":"\u00ab\u00a0la claque\u00a0\u00bb de Fred RADIX, AU th\u00e9\u00e2tre de la Ga\u00eet\u00e9 (PARIS, France)"}]},{"@type":"WebSite","@id":"https:\/\/vpdanses.fr\/home\/bienvenue-chez-vp-danses-hazebrouck\/#website","url":"https:\/\/vpdanses.fr\/home\/bienvenue-chez-vp-danses-hazebrouck\/","name":"VP DANSES, cours de Danse Sportive \u00e0 Aire-sur-la-Lys et \u00e0 Saint-Jans-Cappel (Hauts-de-France)","description":"Cours de Danse Sportive STANDARD (valse anglaise, tango, valse viennoise, slowfox, quickstep), danses sportives LATINES (samba, chacha, rumba, paso doble, jive), danses de bal, danses de salons, danses de loisirs, salsa, rock 4 temps, rock 6 temps, danses en ligne, disco, \u2026 Lieu : Hazebrouck, Aire-sur-la-Lys, Saint-Jans-Cappel et Isbergues (Hauts-de-France) - Cours Particuliers dans les Hauts-de-France - Ouverture de bal de Mariage","publisher":{"@id":"https:\/\/vpdanses.fr\/home\/bienvenue-chez-vp-danses-hazebrouck\/#organization"},"potentialAction":[{"@type":"SearchAction","target":{"@type":"EntryPoint","urlTemplate":"https:\/\/vpdanses.fr\/home\/bienvenue-chez-vp-danses-hazebrouck\/?s={search_term_string}"},"query-input":{"@type":"PropertyValueSpecification","valueRequired":true,"valueName":"search_term_string"}}],"inLanguage":"fr-FR"},{"@type":"Organization","@id":"https:\/\/vpdanses.fr\/home\/bienvenue-chez-vp-danses-hazebrouck\/#organization","name":"VP DANSES, cours de Danse Sportive \u00e0 Aire-sur-la-Lys et \u00e0 Saint-Jans-Cappel (Hauts-de-France)","url":"https:\/\/vpdanses.fr\/home\/bienvenue-chez-vp-danses-hazebrouck\/","logo":{"@type":"ImageObject","inLanguage":"fr-FR","@id":"https:\/\/vpdanses.fr\/home\/bienvenue-chez-vp-danses-hazebrouck\/#\/schema\/logo\/image\/","url":"https:\/\/vpdanses.fr\/wp-content\/uploads\/2024\/10\/logo_cadanse_asaintjans.jpeg","contentUrl":"https:\/\/vpdanses.fr\/wp-content\/uploads\/2024\/10\/logo_cadanse_asaintjans.jpeg","width":225,"height":225,"caption":"VP DANSES, cours de Danse Sportive \u00e0 Aire-sur-la-Lys et \u00e0 Saint-Jans-Cappel (Hauts-de-France)"},"image":{"@id":"https:\/\/vpdanses.fr\/home\/bienvenue-chez-vp-danses-hazebrouck\/#\/schema\/logo\/image\/"}},{"@type":"Person","@id":"https:\/\/vpdanses.fr\/home\/bienvenue-chez-vp-danses-hazebrouck\/#\/schema\/person\/bf87806369778f949b83c9cd885519e5","name":"VP DANSES","description":"\"VP danses\" est une association qui donne des cours de DANSES SPORTIVES STANDARDS (valse anglaise, tango, valse viennoise, slowfox, quickstep), de DANSES SPORTIVES LATINES (samba, chacha, rumba, paso doble, jive), de DANSES DE BAL, de DANSES DE SALONS, de DANSES DE LOISIRS, de SALSA, de ROCK 4 TEMPS, de ROCK 6 TEMPS, de DANSES EN LIGNE, de DISCO, \u2026","sameAs":["https:\/\/vpdanses.fr"],"url":"https:\/\/vpdanses.fr\/home\/bienvenue-chez-vp-danses-hazebrouck\/author\/adminvp20241018\/"}]}},"jetpack_featured_media_url":"https:\/\/vpdanses.fr\/wp-content\/uploads\/2024\/12\/20241230_1458_Theatre_Gaiete_La_Claque.jpg","uagb_featured_image_src":{"full":["https:\/\/vpdanses.fr\/wp-content\/uploads\/2024\/12\/20241230_1458_Theatre_Gaiete_La_Claque.jpg",1080,810,false],"thumbnail":["https:\/\/vpdanses.fr\/wp-content\/uploads\/2024\/12\/20241230_1458_Theatre_Gaiete_La_Claque-150x150.jpg",150,150,true],"medium":["https:\/\/vpdanses.fr\/wp-content\/uploads\/2024\/12\/20241230_1458_Theatre_Gaiete_La_Claque-300x225.jpg",300,225,true],"medium_large":["https:\/\/vpdanses.fr\/wp-content\/uploads\/2024\/12\/20241230_1458_Theatre_Gaiete_La_Claque-768x576.jpg",768,576,true],"large":["https:\/\/vpdanses.fr\/wp-content\/uploads\/2024\/12\/20241230_1458_Theatre_Gaiete_La_Claque-1024x768.jpg",1024,768,true],"1536x1536":["https:\/\/vpdanses.fr\/wp-content\/uploads\/2024\/12\/20241230_1458_Theatre_Gaiete_La_Claque.jpg",1080,810,false],"2048x2048":["https:\/\/vpdanses.fr\/wp-content\/uploads\/2024\/12\/20241230_1458_Theatre_Gaiete_La_Claque.jpg",1080,810,false],"vp_sm":["https:\/\/vpdanses.fr\/wp-content\/uploads\/2024\/12\/20241230_1458_Theatre_Gaiete_La_Claque-500x375.jpg",500,375,true],"vp_md":["https:\/\/vpdanses.fr\/wp-content\/uploads\/2024\/12\/20241230_1458_Theatre_Gaiete_La_Claque-800x600.jpg",800,600,true],"vp_lg":["https:\/\/vpdanses.fr\/wp-content\/uploads\/2024\/12\/20241230_1458_Theatre_Gaiete_La_Claque.jpg",1080,810,false],"vp_xl":["https:\/\/vpdanses.fr\/wp-content\/uploads\/2024\/12\/20241230_1458_Theatre_Gaiete_La_Claque.jpg",1080,810,false],"vp_sm_popup":["https:\/\/vpdanses.fr\/wp-content\/uploads\/2024\/12\/20241230_1458_Theatre_Gaiete_La_Claque-500x375.jpg",500,375,true],"vp_md_popup":["https:\/\/vpdanses.fr\/wp-content\/uploads\/2024\/12\/20241230_1458_Theatre_Gaiete_La_Claque-800x600.jpg",800,600,true],"vp_xl_popup":["https:\/\/vpdanses.fr\/wp-content\/uploads\/2024\/12\/20241230_1458_Theatre_Gaiete_La_Claque.jpg",1080,810,false],"dance-blog-thumb":["https:\/\/vpdanses.fr\/wp-content\/uploads\/2024\/12\/20241230_1458_Theatre_Gaiete_La_Claque-150x120.jpg",150,120,true],"dance-event-list":["https:\/\/vpdanses.fr\/wp-content\/uploads\/2024\/12\/20241230_1458_Theatre_Gaiete_La_Claque-420x336.jpg",420,336,true],"dance-event-single-type1":["https:\/\/vpdanses.fr\/wp-content\/uploads\/2024\/12\/20241230_1458_Theatre_Gaiete_La_Claque-773x520.jpg",773,520,true],"dance-event-single-type4":["https:\/\/vpdanses.fr\/wp-content\/uploads\/2024\/12\/20241230_1458_Theatre_Gaiete_La_Claque-570x460.jpg",570,460,true],"dance-event-single-type5":["https:\/\/vpdanses.fr\/wp-content\/uploads\/2024\/12\/20241230_1458_Theatre_Gaiete_La_Claque-746x770.jpg",746,770,true],"dance-event-list2":["https:\/\/vpdanses.fr\/wp-content\/uploads\/2024\/12\/20241230_1458_Theatre_Gaiete_La_Claque-420x275.jpg",420,275,true]},"uagb_author_info":{"display_name":"VP DANSES","author_link":"https:\/\/vpdanses.fr\/home\/bienvenue-chez-vp-danses-hazebrouck\/author\/adminvp20241018\/"},"uagb_comment_info":0,"uagb_excerpt":"Ce lundi 30\/12\/2024, VP DANSES a d\u00e9couvert pour la premi\u00e8re le Th\u00e9\u00e2tre de la Ga\u00eet\u00e9. Nous avons \u00e9t\u00e9 ravis et enchant\u00e9s de voir la pi\u00e8ce de Th\u00e9\u00e2tre \"La Claque\" de Fred RADIX.","jetpack_sharing_enabled":true,"_links":{"self":[{"href":"https:\/\/vpdanses.fr\/home\/bienvenue-chez-vp-danses-hazebrouck\/wp-json\/wp\/v2\/posts\/11100","targetHints":{"allow":["GET"]}}],"collection":[{"href":"https:\/\/vpdanses.fr\/home\/bienvenue-chez-vp-danses-hazebrouck\/wp-json\/wp\/v2\/posts"}],"about":[{"href":"https:\/\/vpdanses.fr\/home\/bienvenue-chez-vp-danses-hazebrouck\/wp-json\/wp\/v2\/types\/post"}],"author":[{"embeddable":true,"href":"https:\/\/vpdanses.fr\/home\/bienvenue-chez-vp-danses-hazebrouck\/wp-json\/wp\/v2\/users\/1"}],"replies":[{"embeddable":true,"href":"https:\/\/vpdanses.fr\/home\/bienvenue-chez-vp-danses-hazebrouck\/wp-json\/wp\/v2\/comments?post=11100"}],"version-history":[{"count":9,"href":"https:\/\/vpdanses.fr\/home\/bienvenue-chez-vp-danses-hazebrouck\/wp-json\/wp\/v2\/posts\/11100\/revisions"}],"predecessor-version":[{"id":11140,"href":"https:\/\/vpdanses.fr\/home\/bienvenue-chez-vp-danses-hazebrouck\/wp-json\/wp\/v2\/posts\/11100\/revisions\/11140"}],"wp:featuredmedia":[{"embeddable":true,"href":"https:\/\/vpdanses.fr\/home\/bienvenue-chez-vp-danses-hazebrouck\/wp-json\/wp\/v2\/media\/11118"}],"wp:attachment":[{"href":"https:\/\/vpdanses.fr\/home\/bienvenue-chez-vp-danses-hazebrouck\/wp-json\/wp\/v2\/media?parent=11100"}],"wp:term":[{"taxonomy":"category","embeddable":true,"href":"https:\/\/vpdanses.fr\/home\/bienvenue-chez-vp-danses-hazebrouck\/wp-json\/wp\/v2\/categories?post=11100"},{"taxonomy":"post_tag","embeddable":true,"href":"https:\/\/vpdanses.fr\/home\/bienvenue-chez-vp-danses-hazebrouck\/wp-json\/wp\/v2\/tags?post=11100"}],"curies":[{"name":"wp","href":"https:\/\/api.w.org\/{rel}","templated":true}]}}