{"id":11288,"date":"2025-02-08T11:30:52","date_gmt":"2025-02-08T10:30:52","guid":{"rendered":"https:\/\/vpdanses.fr\/home\/bienvenue-chez-vp-danses-hazebrouck\/?p=11288"},"modified":"2025-02-12T06:22:43","modified_gmt":"2025-02-12T05:22:43","slug":"vp-danses-au-diamond-cup-antwerp-2025","status":"publish","type":"post","link":"https:\/\/vpdanses.fr\/home\/bienvenue-chez-vp-danses-hazebrouck\/vp-danses-au-diamond-cup-antwerp-2025\/","title":{"rendered":"VP Danses au Diamond Cup Antwerp 2025"},"content":{"rendered":"\n<p>Ce\u00a0<strong>samedi 8 f\u00e9vrier 2025<\/strong>, le prestigieux\u00a0<strong><a href=\"https:\/\/www.facebook.com\/AntwerpDiamondCup\/\" target=\"_blank\" rel=\"noreferrer noopener\">Diamond Cup Antwerp<\/a><\/strong>\u00a0a une fois de plus rassembl\u00e9 les passionn\u00e9s de danse sportive \u00e0 <strong><a href=\"https:\/\/visit.antwerpen.be\/fr\/home-fr\" target=\"_blank\" rel=\"noreferrer noopener\">Anvers<\/a><\/strong>, en Belgique. VP DANSES \u00e9tait parmi les spectateurs passionn\u00e9s pr\u00e9sents \u00e0 cet \u00e9v\u00e9nement incontournable.<\/p>\n\n\n\n<div style=\"height:28px\" aria-hidden=\"true\" class=\"wp-block-spacer\"><\/div>\n\n\n\n<h2 class=\"wp-block-heading\"><strong>Une pause n\u00e9cessaire pour revenir plus fort<\/strong><\/h2>\n\n\n\n<p>Apr\u00e8s une op\u00e9ration chirurgicale visant \u00e0 traiter des probl\u00e8mes li\u00e9s aux disques intervert\u00e9braux, ensemble avec notre professeur <a href=\"https:\/\/www.facebook.com\/sven.balcerzak\/\" target=\"_blank\" rel=\"noreferrer noopener\">Sven Balcerzak<\/a>, nous avons choisi la prudence en respectant une p\u00e9riode de r\u00e9cup\u00e9ration avant de reprendre la comp\u00e9tition. Cette d\u00e9cision est essentielle pour performer \u00e0 haut niveau dans un sport aussi exigeant que la danse sportive. Bien que nous n&rsquo;ayons pas pu fouler le parquet cette fois-ci, cela ne nous a pas emp\u00each\u00e9s de\u00a0<strong>venir encourager les comp\u00e9titeurs<\/strong>\u00a0et de profiter de cet \u00e9v\u00e9nement international pour s\u2019inspirer et nous pr\u00e9parer pour notre retour.<\/p>\n\n\n\n<div style=\"height:30px\" aria-hidden=\"true\" class=\"wp-block-spacer\"><\/div>\n\n\n\n<h2 class=\"wp-block-heading\"><strong>Des comp\u00e9titions WDSF captivantes : Pourquoi elles sont si importantes pour le sport<\/strong> !<\/h2>\n\n\n\n<div class=\"wp-block-media-text is-stacked-on-mobile\"><figure class=\"wp-block-media-text__media\"><noscript><img decoding=\"async\" data-skip-lazy src=\"https:\/\/vpdanses.fr\/wp-content\/uploads\/2025\/02\/finale_senior_II_latines.heic\" alt=\"VP DANSES encourage les comp\u00e9titeurs du WDSF Antwerp Diamond Cup 2025\" class=\"wp-image-11299 size-full\"\/><\/noscript><img decoding=\"async\" src=\"https:\/\/vpdanses.fr\/wp-content\/uploads\/2025\/02\/finale_senior_II_latines.heic\" alt=\"VP DANSES encourage les comp\u00e9titeurs du WDSF Antwerp Diamond Cup 2025\" class=\"wp-image-11299 size-full vp-lazyload\" data-src=\"https:\/\/vpdanses.fr\/wp-content\/uploads\/2025\/02\/finale_senior_II_latines.heic\" data-sizes=\"auto\" loading=\"eager\"><\/figure><div class=\"wp-block-media-text__content\">\n<p>Les comp\u00e9titions organis\u00e9es par la\u00a0<strong>WDSF (World DanceSport Federation)<\/strong>, comme la <strong>Antwerp Diamond Cup<\/strong>, sont bien plus qu\u2019un simple rassemblement de danseurs. Elles repr\u00e9sentent un v\u00e9ritable moteur pour la discipline de <strong>la danse sportive<\/strong> et offrent une exp\u00e9rience unique, autant pour les comp\u00e9titeurs que pour les spectateurs.<\/p>\n\n\n\n<p><\/p>\n\n\n\n<p><\/p>\n\n\n\n<p> Voici ce qui les rend si int\u00e9ressantes pour le sport :<\/p>\n\n\n\n<ol class=\"wp-block-list\">\n<li><strong>Un m\u00e9lange unique de gr\u00e2ce et d&rsquo;athl\u00e9tisme<\/strong>\u00a0:<br>Lors des comp\u00e9titions WDSF, les couples doivent allier une\u00a0<strong>pr\u00e9cision technique rigoureuse<\/strong>\u00a0\u00e0 une\u00a0<strong>expression artistique captivante<\/strong>. Chaque mouvement est soigneusement ex\u00e9cut\u00e9 pour raconter une histoire tout en respectant des crit\u00e8res stricts.<\/li>\n\n\n\n<li><strong>Une plateforme pour l&rsquo;excellence<\/strong>\u00a0:<br>Ces \u00e9v\u00e9nements rassemblent les\u00a0<strong>meilleurs danseurs du monde<\/strong>, offrant un niveau de comp\u00e9tition qui inspire les athl\u00e8tes et pousse les limites de la discipline. Chaque performance est un exemple de travail acharn\u00e9 et de d\u00e9vouement.<\/li>\n\n\n\n<li><strong>Une cat\u00e9gorie pour tous les \u00e2ges<\/strong>\u00a0:<br>Les comp\u00e9titions incluent diff\u00e9rentes cat\u00e9gories, y compris les\u00a0<strong>Senior II Latines et Standards<\/strong> (notre cat\u00e9gorie \u00e0 ce jour), qui d\u00e9montrent que<\/li>\n<\/ol>\n\n\n\n<div style=\"height:8px\" aria-hidden=\"true\" class=\"wp-block-spacer\"><\/div>\n\n\n\n<blockquote class=\"wp-block-quote is-layout-flow wp-block-quote-is-layout-flow\">\n<p><strong>la danse sportive est un art et un sport accessible \u00e0 tous, quel que soit l\u2019\u00e2ge<\/strong><\/p>\n<\/blockquote>\n\n\n\n<p>C\u2019est justement ces cat\u00e9gories que&nbsp;<strong>VP Danses<\/strong>&nbsp;est venu admirer lors de cette \u00e9dition 2025, en tant que spectateurs enthousiastes.<\/p>\n<\/div><\/div>\n\n\n\n<div style=\"height:29px\" aria-hidden=\"true\" class=\"wp-block-spacer\"><\/div>\n\n\n\n<figure class=\"wp-block-image size-full\"><noscript><img decoding=\"async\" data-skip-lazy src=\"https:\/\/vpdanses.fr\/wp-content\/uploads\/2025\/02\/Anvers_diamond_cup_2025_floor.heic\" alt=\"Piste de danse du WDSF Antwerp Diamond Cup, 2025\" class=\"wp-image-11301\"\/><\/noscript><img decoding=\"async\" src=\"https:\/\/vpdanses.fr\/wp-content\/uploads\/2025\/02\/Anvers_diamond_cup_2025_floor.heic\" alt=\"Piste de danse du WDSF Antwerp Diamond Cup, 2025\" class=\"wp-image-11301 vp-lazyload\" data-src=\"https:\/\/vpdanses.fr\/wp-content\/uploads\/2025\/02\/Anvers_diamond_cup_2025_floor.heic\" data-sizes=\"auto\" loading=\"eager\"><figcaption class=\"wp-element-caption\">Piste de danse du WDSF Antwerp Diamond Cup, 2025<\/figcaption><\/figure>\n\n\n\n<h2 class=\"wp-block-heading\"><strong>Spectateurs des Senior II Latines et Standards<\/strong><\/h2>\n\n\n\n<p>Malgr\u00e9 notre absence sur la piste, nous avons pleinement profit\u00e9 de l\u2019\u00e9v\u00e9nement en assistant aux performances des\u00a0<strong>Senior II<\/strong>, une cat\u00e9gorie qui rassemble des danseurs exp\u00e9riment\u00e9s et passionn\u00e9s dont l&rsquo;\u00e2ge des athl\u00e8tes est compris entre 45 ans et 55 ans. Les comp\u00e9titeurs ont brill\u00e9 dans les\u00a0<strong>danses latines<\/strong>\u00a0(comme la samba, la rumba et le cha-cha-cha) et les\u00a0<strong>danses standards<\/strong>\u00a0(comme la valse, le tango et le slow fox), offrant un spectacle d\u2019une grande qualit\u00e9. Ces performances ont \u00e9t\u00e9 une v\u00e9ritable source d&rsquo;inspiration pour nous (comme toujours) ; Nous avons pu observer les subtilit\u00e9s techniques et artistiques qui font la magie de <strong>la danse sportive<\/strong> au plus haut niveau.<\/p>\n\n\n\n<div style=\"height:78px\" aria-hidden=\"true\" class=\"wp-block-spacer\"><\/div>\n\n\n\n<h2 class=\"wp-block-heading\"><strong>Un passage chez LALAFARJAN : Le choix d\u2019un frac d\u2019exception<\/strong> !<\/h2>\n\n\n\n<div class=\"wp-block-columns is-layout-flex wp-container-core-columns-is-layout-9d6595d7 wp-block-columns-is-layout-flex\">\n<div class=\"wp-block-column is-layout-flow wp-block-column-is-layout-flow\">\n<p>En parall\u00e8le de la comp\u00e9titions\u00a0nous avons profit\u00e9 de notre venue \u00e0 Anvers pour visiter le c\u00e9l\u00e8bre confectionneur de tenues de danse sportive,\u00a0<strong>LALAFARJAN<\/strong>, dans le but de choisir un\u00a0<strong>frac<\/strong>\u00a0destin\u00e9 \u00e0 nos prochaines comp\u00e9titions de danses standards.<\/p>\n\n\n\n<figure class=\"wp-block-image size-large\"><noscript><img loading=\"lazy\" decoding=\"async\" width=\"768\" height=\"1024\" data-skip-lazy src=\"https:\/\/vpdanses.fr\/wp-content\/uploads\/2025\/02\/frac_lalafarjan_1-768x1024.jpg\" alt=\"frac LALAFARJAN, WDSF Anvers Diamond Cup, 2025\" class=\"wp-image-11304\" srcset=\"https:\/\/vpdanses.fr\/wp-content\/uploads\/2025\/02\/frac_lalafarjan_1-768x1024.jpg 768w, https:\/\/vpdanses.fr\/wp-content\/uploads\/2025\/02\/frac_lalafarjan_1-225x300.jpg 225w, https:\/\/vpdanses.fr\/wp-content\/uploads\/2025\/02\/frac_lalafarjan_1-1152x1536.jpg 1152w, https:\/\/vpdanses.fr\/wp-content\/uploads\/2025\/02\/frac_lalafarjan_1-1536x2048.jpg 1536w, https:\/\/vpdanses.fr\/wp-content\/uploads\/2025\/02\/frac_lalafarjan_1-500x667.jpg 500w, https:\/\/vpdanses.fr\/wp-content\/uploads\/2025\/02\/frac_lalafarjan_1-800x1067.jpg 800w, https:\/\/vpdanses.fr\/wp-content\/uploads\/2025\/02\/frac_lalafarjan_1-1280x1707.jpg 1280w, https:\/\/vpdanses.fr\/wp-content\/uploads\/2025\/02\/frac_lalafarjan_1-scaled.jpg 1920w\" sizes=\"auto, (max-width: 768px) 100vw, 768px\" \/><\/noscript><img loading=\"eager\" decoding=\"async\" width=\"768\" height=\"1024\" src=\"https:\/\/vpdanses.fr\/wp-content\/uploads\/2025\/02\/frac_lalafarjan_1-768x1024.jpg\" alt=\"frac LALAFARJAN, WDSF Anvers Diamond Cup, 2025\" class=\"wp-image-11304 vp-lazyload\" srcset=\"data:image\/svg+xml;base64,PHN2ZyB3aWR0aD0iNzY4IiBoZWlnaHQ9IjEwMjQiIHZpZXdCb3g9IjAgMCA3NjggMTAyNCIgZmlsbD0ibm9uZSIgeG1sbnM9Imh0dHA6Ly93d3cudzMub3JnLzIwMDAvc3ZnIj48L3N2Zz4=\" data-src=\"https:\/\/vpdanses.fr\/wp-content\/uploads\/2025\/02\/frac_lalafarjan_1-768x1024.jpg\" data-srcset=\"https:\/\/vpdanses.fr\/wp-content\/uploads\/2025\/02\/frac_lalafarjan_1-768x1024.jpg 768w, https:\/\/vpdanses.fr\/wp-content\/uploads\/2025\/02\/frac_lalafarjan_1-225x300.jpg 225w, https:\/\/vpdanses.fr\/wp-content\/uploads\/2025\/02\/frac_lalafarjan_1-1152x1536.jpg 1152w, https:\/\/vpdanses.fr\/wp-content\/uploads\/2025\/02\/frac_lalafarjan_1-1536x2048.jpg 1536w, https:\/\/vpdanses.fr\/wp-content\/uploads\/2025\/02\/frac_lalafarjan_1-500x667.jpg 500w, https:\/\/vpdanses.fr\/wp-content\/uploads\/2025\/02\/frac_lalafarjan_1-800x1067.jpg 800w, https:\/\/vpdanses.fr\/wp-content\/uploads\/2025\/02\/frac_lalafarjan_1-1280x1707.jpg 1280w, https:\/\/vpdanses.fr\/wp-content\/uploads\/2025\/02\/frac_lalafarjan_1-scaled.jpg 1920w\" data-sizes=\"auto\"><figcaption class=\"wp-element-caption\">Quand l&rsquo;\u00e9l\u00e9gance rencontre la l\u00e9g\u00e8ret\u00e9 pure.  Lalafarjan,  frack de danse sur mesure. Pour plus d&rsquo;informations et de renseignements : <a href=\"https:\/\/lalafarjan.de\/en\/pages\/ueber-tanzfrack\" target=\"_blank\" rel=\"noreferrer noopener\">www.Lalafarjan.de<\/a><\/figcaption><\/figure>\n<\/div>\n\n\n\n<div class=\"wp-block-column is-layout-flow wp-block-column-is-layout-flow\">\n<p><a href=\"https:\/\/lalafarjan.de\/en\/pages\/ueber-tanzfrack\" target=\"_blank\" rel=\"noreferrer noopener\"><strong>Les fracs de LALAFARJAN<\/strong><\/a> sont r\u00e9put\u00e9s dans le monde entier pour leur qualit\u00e9 exceptionnelle et leur\u00a0<strong>adaptation parfaite aux besoins des comp\u00e9titeurs<\/strong>. Voici ce qui les distingue :<\/p>\n\n\n\n<ol class=\"wp-block-list\">\n<li><strong>Une coupe sur mesure<\/strong>\u00a0:<br>Chaque frac est con\u00e7u pour\u00a0<strong>offrir une libert\u00e9 de mouvement optimale<\/strong>\u00a0tout en maintenant une \u00e9l\u00e9gance irr\u00e9prochable. Les danseurs peuvent ainsi ex\u00e9cuter des figures complexes sans entrave.<\/li>\n\n\n\n<li><strong>Des mat\u00e9riaux haut de gamme<\/strong>\u00a0:<br>LALAFARJAN utilise des tissus l\u00e9gers, respirants et r\u00e9sistants, parfaitement adapt\u00e9s \u00e0 l\u2019intensit\u00e9 des comp\u00e9titions.<\/li>\n\n\n\n<li><strong>Un design pens\u00e9 pour la performance<\/strong>\u00a0:<br>Les fracs sont sp\u00e9cialement ajust\u00e9s pour mettre en valeur la posture du danseur, un \u00e9l\u00e9ment cl\u00e9 dans les comp\u00e9titions de danses standards, o\u00f9 l\u2019\u00e9l\u00e9gance et la tenue sont rigoureusement \u00e9valu\u00e9es.<\/li>\n<\/ol>\n\n\n\n<p><\/p>\n<\/div>\n<\/div>\n\n\n\n<div style=\"height:32px\" aria-hidden=\"true\" class=\"wp-block-spacer\"><\/div>\n\n\n\n<h2 class=\"wp-block-heading\"><strong>La danse sportive : Bien plus qu\u2019un sport, une aventure humaine<\/strong><\/h2>\n\n\n\n<p>La\u00a0<strong>danse sportive<\/strong>, au-del\u00e0 de l\u2019aspect comp\u00e9titif, est \u00e9galement une formidable opportunit\u00e9 de\u00a0<strong>renforcer les liens sociaux<\/strong>\u00a0et de faire des rencontres enrichissantes. Lors de cette \u00e9dition 2025 du\u00a0<strong>Diamond Cup Antwerp<\/strong>,\u00a0<strong>VP Danses <\/strong>a eu le plaisir de retrouver et d\u2019\u00e9changer avec plusieurs amis et connaissances du milieu de la danse. Ces comp\u00e9titions sont l\u2019occasion unique de partager des moments conviviaux, de discuter des \u00e9volutions du sport et de s\u2019encourager mutuellement !<br><\/p>\n","protected":false},"excerpt":{"rendered":"<p>Ce\u00a0samedi 8 f\u00e9vrier 2025, le prestigieux\u00a0Diamond Cup Antwerp\u00a0a une fois de plus rassembl\u00e9 les passionn\u00e9s de danse sportive \u00e0 Anvers, en Belgique. VP DANSES \u00e9tait parmi les spectateurs passionn\u00e9s pr\u00e9sents \u00e0 cet \u00e9v\u00e9nement incontournable.<\/p>\n","protected":false},"author":1,"featured_media":11290,"comment_status":"closed","ping_status":"closed","sticky":false,"template":"","format":"standard","meta":{"_uag_custom_page_level_css":"","_price":"","_stock":"","_tribe_ticket_header":"","_tribe_default_ticket_provider":"","_tribe_ticket_capacity":"0","_ticket_start_date":"","_ticket_end_date":"","_tribe_ticket_show_description":"","_tribe_ticket_show_not_going":false,"_tribe_ticket_use_global_stock":"","_tribe_ticket_global_stock_level":"","_global_stock_mode":"","_global_stock_cap":"","_tribe_rsvp_for_event":"","_tribe_ticket_going_count":"","_tribe_ticket_not_going_count":"","_tribe_tickets_list":"[]","_tribe_ticket_has_attendee_info_fields":false,"_EventAllDay":false,"_EventTimezone":"","_EventStartDate":"","_EventEndDate":"","_EventStartDateUTC":"","_EventEndDateUTC":"","_EventShowMap":false,"_EventShowMapLink":false,"_EventURL":"","_EventCost":"","_EventCostDescription":"","_EventCurrencySymbol":"","_EventCurrencyCode":"","_EventCurrencyPosition":"","_EventDateTimeSeparator":"","_EventTimeRangeSeparator":"","_EventOrganizerID":[],"_EventVenueID":[],"_OrganizerEmail":"","_OrganizerPhone":"","_OrganizerWebsite":"","_VenueAddress":"","_VenueCity":"","_VenueCountry":"","_VenueProvince":"","_VenueState":"","_VenueZip":"","_VenuePhone":"","_VenueURL":"","_VenueStateProvince":"","_VenueLat":"","_VenueLng":"","_VenueShowMap":false,"_VenueShowMapLink":false,"_vp_format_video_url":"","_vp_image_focal_point":[],"_jetpack_memberships_contains_paid_content":false,"footnotes":""},"categories":[195,194],"tags":[],"class_list":["post-11288","post","type-post","status-publish","format-standard","has-post-thumbnail","hentry","category-belgique","category-wdsf"],"yoast_head":"<!-- This site is optimized with the Yoast SEO Premium plugin v25.6 (Yoast SEO v25.6) - https:\/\/yoast.com\/wordpress\/plugins\/seo\/ -->\n<title>VP Danses au Diamond Cup Antwerp 2025 - VP DANSES, cours de Danse Sportive \u00e0 Aire-sur-la-Lys et \u00e0 Saint-Jans-Cappel (Hauts-de-France)<\/title>\n<meta name=\"robots\" content=\"index, follow, max-snippet:-1, max-image-preview:large, max-video-preview:-1\" \/>\n<link rel=\"canonical\" href=\"https:\/\/vpdanses.fr\/home\/bienvenue-chez-vp-danses-hazebrouck\/vp-danses-au-diamond-cup-antwerp-2025\/\" \/>\n<meta property=\"og:locale\" content=\"fr_FR\" \/>\n<meta property=\"og:type\" content=\"article\" \/>\n<meta property=\"og:title\" content=\"VP Danses au Diamond Cup Antwerp 2025\" \/>\n<meta property=\"og:description\" content=\"Ce\u00a0samedi 8 f\u00e9vrier 2025, le prestigieux\u00a0Diamond Cup Antwerp\u00a0a une fois de plus rassembl\u00e9 les passionn\u00e9s de danse sportive \u00e0 Anvers, en Belgique. VP DANSES \u00e9tait parmi les spectateurs passionn\u00e9s pr\u00e9sents \u00e0 cet \u00e9v\u00e9nement incontournable.\" \/>\n<meta property=\"og:url\" content=\"https:\/\/vpdanses.fr\/home\/bienvenue-chez-vp-danses-hazebrouck\/vp-danses-au-diamond-cup-antwerp-2025\/\" \/>\n<meta property=\"og:site_name\" content=\"VP DANSES, cours de Danse Sportive \u00e0 Aire-sur-la-Lys et \u00e0 Saint-Jans-Cappel (Hauts-de-France)\" \/>\n<meta property=\"article:published_time\" content=\"2025-02-08T10:30:52+00:00\" \/>\n<meta property=\"article:modified_time\" content=\"2025-02-12T05:22:43+00:00\" \/>\n<meta property=\"og:image\" content=\"https:\/\/vpdanses.fr\/wp-content\/uploads\/2025\/02\/Affiche_Anvers_Diamond_Cup.png\" \/>\n\t<meta property=\"og:image:width\" content=\"2048\" \/>\n\t<meta property=\"og:image:height\" content=\"1144\" \/>\n\t<meta property=\"og:image:type\" content=\"image\/png\" \/>\n<meta name=\"author\" content=\"VP DANSES\" \/>\n<meta name=\"twitter:card\" content=\"summary_large_image\" \/>\n<meta name=\"twitter:label1\" content=\"\u00c9crit par\" \/>\n\t<meta name=\"twitter:data1\" content=\"VP DANSES\" \/>\n\t<meta name=\"twitter:label2\" content=\"Dur\u00e9e de lecture estim\u00e9e\" \/>\n\t<meta name=\"twitter:data2\" content=\"4 minutes\" \/>\n<script type=\"application\/ld+json\" class=\"yoast-schema-graph\">{\"@context\":\"https:\/\/schema.org\",\"@graph\":[{\"@type\":\"Article\",\"@id\":\"https:\/\/vpdanses.fr\/home\/bienvenue-chez-vp-danses-hazebrouck\/vp-danses-au-diamond-cup-antwerp-2025\/#article\",\"isPartOf\":{\"@id\":\"https:\/\/vpdanses.fr\/home\/bienvenue-chez-vp-danses-hazebrouck\/vp-danses-au-diamond-cup-antwerp-2025\/\"},\"author\":{\"name\":\"VP DANSES\",\"@id\":\"https:\/\/vpdanses.fr\/home\/bienvenue-chez-vp-danses-hazebrouck\/#\/schema\/person\/bf87806369778f949b83c9cd885519e5\"},\"headline\":\"VP Danses au Diamond Cup Antwerp 2025\",\"datePublished\":\"2025-02-08T10:30:52+00:00\",\"dateModified\":\"2025-02-12T05:22:43+00:00\",\"mainEntityOfPage\":{\"@id\":\"https:\/\/vpdanses.fr\/home\/bienvenue-chez-vp-danses-hazebrouck\/vp-danses-au-diamond-cup-antwerp-2025\/\"},\"wordCount\":824,\"publisher\":{\"@id\":\"https:\/\/vpdanses.fr\/home\/bienvenue-chez-vp-danses-hazebrouck\/#organization\"},\"image\":{\"@id\":\"https:\/\/vpdanses.fr\/home\/bienvenue-chez-vp-danses-hazebrouck\/vp-danses-au-diamond-cup-antwerp-2025\/#primaryimage\"},\"thumbnailUrl\":\"https:\/\/vpdanses.fr\/wp-content\/uploads\/2025\/02\/Affiche_Anvers_Diamond_Cup.png\",\"articleSection\":[\"BELGIQUE\",\"WDSF\"],\"inLanguage\":\"fr-FR\"},{\"@type\":\"WebPage\",\"@id\":\"https:\/\/vpdanses.fr\/home\/bienvenue-chez-vp-danses-hazebrouck\/vp-danses-au-diamond-cup-antwerp-2025\/\",\"url\":\"https:\/\/vpdanses.fr\/home\/bienvenue-chez-vp-danses-hazebrouck\/vp-danses-au-diamond-cup-antwerp-2025\/\",\"name\":\"VP Danses au Diamond Cup Antwerp 2025 - VP DANSES, cours de Danse Sportive \u00e0 Aire-sur-la-Lys et \u00e0 Saint-Jans-Cappel (Hauts-de-France)\",\"isPartOf\":{\"@id\":\"https:\/\/vpdanses.fr\/home\/bienvenue-chez-vp-danses-hazebrouck\/#website\"},\"primaryImageOfPage\":{\"@id\":\"https:\/\/vpdanses.fr\/home\/bienvenue-chez-vp-danses-hazebrouck\/vp-danses-au-diamond-cup-antwerp-2025\/#primaryimage\"},\"image\":{\"@id\":\"https:\/\/vpdanses.fr\/home\/bienvenue-chez-vp-danses-hazebrouck\/vp-danses-au-diamond-cup-antwerp-2025\/#primaryimage\"},\"thumbnailUrl\":\"https:\/\/vpdanses.fr\/wp-content\/uploads\/2025\/02\/Affiche_Anvers_Diamond_Cup.png\",\"datePublished\":\"2025-02-08T10:30:52+00:00\",\"dateModified\":\"2025-02-12T05:22:43+00:00\",\"breadcrumb\":{\"@id\":\"https:\/\/vpdanses.fr\/home\/bienvenue-chez-vp-danses-hazebrouck\/vp-danses-au-diamond-cup-antwerp-2025\/#breadcrumb\"},\"inLanguage\":\"fr-FR\",\"potentialAction\":[{\"@type\":\"ReadAction\",\"target\":[\"https:\/\/vpdanses.fr\/home\/bienvenue-chez-vp-danses-hazebrouck\/vp-danses-au-diamond-cup-antwerp-2025\/\"]}]},{\"@type\":\"ImageObject\",\"inLanguage\":\"fr-FR\",\"@id\":\"https:\/\/vpdanses.fr\/home\/bienvenue-chez-vp-danses-hazebrouck\/vp-danses-au-diamond-cup-antwerp-2025\/#primaryimage\",\"url\":\"https:\/\/vpdanses.fr\/wp-content\/uploads\/2025\/02\/Affiche_Anvers_Diamond_Cup.png\",\"contentUrl\":\"https:\/\/vpdanses.fr\/wp-content\/uploads\/2025\/02\/Affiche_Anvers_Diamond_Cup.png\",\"width\":2048,\"height\":1144,\"caption\":\"WDSF Antwerp Diamond Cup 2025\"},{\"@type\":\"BreadcrumbList\",\"@id\":\"https:\/\/vpdanses.fr\/home\/bienvenue-chez-vp-danses-hazebrouck\/vp-danses-au-diamond-cup-antwerp-2025\/#breadcrumb\",\"itemListElement\":[{\"@type\":\"ListItem\",\"position\":1,\"name\":\"Accueil\",\"item\":\"https:\/\/vpdanses.fr\/home\/bienvenue-chez-vp-danses-hazebrouck\/\"},{\"@type\":\"ListItem\",\"position\":2,\"name\":\"VP Danses au Diamond Cup Antwerp 2025\"}]},{\"@type\":\"WebSite\",\"@id\":\"https:\/\/vpdanses.fr\/home\/bienvenue-chez-vp-danses-hazebrouck\/#website\",\"url\":\"https:\/\/vpdanses.fr\/home\/bienvenue-chez-vp-danses-hazebrouck\/\",\"name\":\"VP DANSES, cours de Danse Sportive \u00e0 Aire-sur-la-Lys et \u00e0 Saint-Jans-Cappel (Hauts-de-France)\",\"description\":\"Cours de Danse Sportive STANDARD (valse anglaise, tango, valse viennoise, slowfox, quickstep), danses sportives LATINES (samba, chacha, rumba, paso doble, jive), danses de bal, danses de salons, danses de loisirs, salsa, rock 4 temps, rock 6 temps, danses en ligne, disco, \u2026 Lieu : Hazebrouck, Aire-sur-la-Lys, Saint-Jans-Cappel et Isbergues (Hauts-de-France) - Cours Particuliers dans les Hauts-de-France - Ouverture de bal de Mariage\",\"publisher\":{\"@id\":\"https:\/\/vpdanses.fr\/home\/bienvenue-chez-vp-danses-hazebrouck\/#organization\"},\"potentialAction\":[{\"@type\":\"SearchAction\",\"target\":{\"@type\":\"EntryPoint\",\"urlTemplate\":\"https:\/\/vpdanses.fr\/home\/bienvenue-chez-vp-danses-hazebrouck\/?s={search_term_string}\"},\"query-input\":{\"@type\":\"PropertyValueSpecification\",\"valueRequired\":true,\"valueName\":\"search_term_string\"}}],\"inLanguage\":\"fr-FR\"},{\"@type\":\"Organization\",\"@id\":\"https:\/\/vpdanses.fr\/home\/bienvenue-chez-vp-danses-hazebrouck\/#organization\",\"name\":\"VP DANSES, cours de Danse Sportive \u00e0 Aire-sur-la-Lys et \u00e0 Saint-Jans-Cappel (Hauts-de-France)\",\"url\":\"https:\/\/vpdanses.fr\/home\/bienvenue-chez-vp-danses-hazebrouck\/\",\"logo\":{\"@type\":\"ImageObject\",\"inLanguage\":\"fr-FR\",\"@id\":\"https:\/\/vpdanses.fr\/home\/bienvenue-chez-vp-danses-hazebrouck\/#\/schema\/logo\/image\/\",\"url\":\"https:\/\/vpdanses.fr\/wp-content\/uploads\/2024\/10\/logo_cadanse_asaintjans.jpeg\",\"contentUrl\":\"https:\/\/vpdanses.fr\/wp-content\/uploads\/2024\/10\/logo_cadanse_asaintjans.jpeg\",\"width\":225,\"height\":225,\"caption\":\"VP DANSES, cours de Danse Sportive \u00e0 Aire-sur-la-Lys et \u00e0 Saint-Jans-Cappel (Hauts-de-France)\"},\"image\":{\"@id\":\"https:\/\/vpdanses.fr\/home\/bienvenue-chez-vp-danses-hazebrouck\/#\/schema\/logo\/image\/\"}},{\"@type\":\"Person\",\"@id\":\"https:\/\/vpdanses.fr\/home\/bienvenue-chez-vp-danses-hazebrouck\/#\/schema\/person\/bf87806369778f949b83c9cd885519e5\",\"name\":\"VP DANSES\",\"description\":\"\\\"VP danses\\\" est une association qui donne des cours de DANSES SPORTIVES STANDARDS (valse anglaise, tango, valse viennoise, slowfox, quickstep), de DANSES SPORTIVES LATINES (samba, chacha, rumba, paso doble, jive), de DANSES DE BAL, de DANSES DE SALONS, de DANSES DE LOISIRS, de SALSA, de ROCK 4 TEMPS, de ROCK 6 TEMPS, de DANSES EN LIGNE, de DISCO, \u2026\",\"sameAs\":[\"https:\/\/vpdanses.fr\"],\"url\":\"https:\/\/vpdanses.fr\/home\/bienvenue-chez-vp-danses-hazebrouck\/author\/adminvp20241018\/\"}]}<\/script>\n<!-- \/ Yoast SEO Premium plugin. -->","yoast_head_json":{"title":"VP Danses au Diamond Cup Antwerp 2025 - VP DANSES, cours de Danse Sportive \u00e0 Aire-sur-la-Lys et \u00e0 Saint-Jans-Cappel (Hauts-de-France)","robots":{"index":"index","follow":"follow","max-snippet":"max-snippet:-1","max-image-preview":"max-image-preview:large","max-video-preview":"max-video-preview:-1"},"canonical":"https:\/\/vpdanses.fr\/home\/bienvenue-chez-vp-danses-hazebrouck\/vp-danses-au-diamond-cup-antwerp-2025\/","og_locale":"fr_FR","og_type":"article","og_title":"VP Danses au Diamond Cup Antwerp 2025","og_description":"Ce\u00a0samedi 8 f\u00e9vrier 2025, le prestigieux\u00a0Diamond Cup Antwerp\u00a0a une fois de plus rassembl\u00e9 les passionn\u00e9s de danse sportive \u00e0 Anvers, en Belgique. VP DANSES \u00e9tait parmi les spectateurs passionn\u00e9s pr\u00e9sents \u00e0 cet \u00e9v\u00e9nement incontournable.","og_url":"https:\/\/vpdanses.fr\/home\/bienvenue-chez-vp-danses-hazebrouck\/vp-danses-au-diamond-cup-antwerp-2025\/","og_site_name":"VP DANSES, cours de Danse Sportive \u00e0 Aire-sur-la-Lys et \u00e0 Saint-Jans-Cappel (Hauts-de-France)","article_published_time":"2025-02-08T10:30:52+00:00","article_modified_time":"2025-02-12T05:22:43+00:00","og_image":[{"width":2048,"height":1144,"url":"https:\/\/vpdanses.fr\/wp-content\/uploads\/2025\/02\/Affiche_Anvers_Diamond_Cup.png","type":"image\/png"}],"author":"VP DANSES","twitter_card":"summary_large_image","twitter_misc":{"\u00c9crit par":"VP DANSES","Dur\u00e9e de lecture estim\u00e9e":"4 minutes"},"schema":{"@context":"https:\/\/schema.org","@graph":[{"@type":"Article","@id":"https:\/\/vpdanses.fr\/home\/bienvenue-chez-vp-danses-hazebrouck\/vp-danses-au-diamond-cup-antwerp-2025\/#article","isPartOf":{"@id":"https:\/\/vpdanses.fr\/home\/bienvenue-chez-vp-danses-hazebrouck\/vp-danses-au-diamond-cup-antwerp-2025\/"},"author":{"name":"VP DANSES","@id":"https:\/\/vpdanses.fr\/home\/bienvenue-chez-vp-danses-hazebrouck\/#\/schema\/person\/bf87806369778f949b83c9cd885519e5"},"headline":"VP Danses au Diamond Cup Antwerp 2025","datePublished":"2025-02-08T10:30:52+00:00","dateModified":"2025-02-12T05:22:43+00:00","mainEntityOfPage":{"@id":"https:\/\/vpdanses.fr\/home\/bienvenue-chez-vp-danses-hazebrouck\/vp-danses-au-diamond-cup-antwerp-2025\/"},"wordCount":824,"publisher":{"@id":"https:\/\/vpdanses.fr\/home\/bienvenue-chez-vp-danses-hazebrouck\/#organization"},"image":{"@id":"https:\/\/vpdanses.fr\/home\/bienvenue-chez-vp-danses-hazebrouck\/vp-danses-au-diamond-cup-antwerp-2025\/#primaryimage"},"thumbnailUrl":"https:\/\/vpdanses.fr\/wp-content\/uploads\/2025\/02\/Affiche_Anvers_Diamond_Cup.png","articleSection":["BELGIQUE","WDSF"],"inLanguage":"fr-FR"},{"@type":"WebPage","@id":"https:\/\/vpdanses.fr\/home\/bienvenue-chez-vp-danses-hazebrouck\/vp-danses-au-diamond-cup-antwerp-2025\/","url":"https:\/\/vpdanses.fr\/home\/bienvenue-chez-vp-danses-hazebrouck\/vp-danses-au-diamond-cup-antwerp-2025\/","name":"VP Danses au Diamond Cup Antwerp 2025 - VP DANSES, cours de Danse Sportive \u00e0 Aire-sur-la-Lys et \u00e0 Saint-Jans-Cappel (Hauts-de-France)","isPartOf":{"@id":"https:\/\/vpdanses.fr\/home\/bienvenue-chez-vp-danses-hazebrouck\/#website"},"primaryImageOfPage":{"@id":"https:\/\/vpdanses.fr\/home\/bienvenue-chez-vp-danses-hazebrouck\/vp-danses-au-diamond-cup-antwerp-2025\/#primaryimage"},"image":{"@id":"https:\/\/vpdanses.fr\/home\/bienvenue-chez-vp-danses-hazebrouck\/vp-danses-au-diamond-cup-antwerp-2025\/#primaryimage"},"thumbnailUrl":"https:\/\/vpdanses.fr\/wp-content\/uploads\/2025\/02\/Affiche_Anvers_Diamond_Cup.png","datePublished":"2025-02-08T10:30:52+00:00","dateModified":"2025-02-12T05:22:43+00:00","breadcrumb":{"@id":"https:\/\/vpdanses.fr\/home\/bienvenue-chez-vp-danses-hazebrouck\/vp-danses-au-diamond-cup-antwerp-2025\/#breadcrumb"},"inLanguage":"fr-FR","potentialAction":[{"@type":"ReadAction","target":["https:\/\/vpdanses.fr\/home\/bienvenue-chez-vp-danses-hazebrouck\/vp-danses-au-diamond-cup-antwerp-2025\/"]}]},{"@type":"ImageObject","inLanguage":"fr-FR","@id":"https:\/\/vpdanses.fr\/home\/bienvenue-chez-vp-danses-hazebrouck\/vp-danses-au-diamond-cup-antwerp-2025\/#primaryimage","url":"https:\/\/vpdanses.fr\/wp-content\/uploads\/2025\/02\/Affiche_Anvers_Diamond_Cup.png","contentUrl":"https:\/\/vpdanses.fr\/wp-content\/uploads\/2025\/02\/Affiche_Anvers_Diamond_Cup.png","width":2048,"height":1144,"caption":"WDSF Antwerp Diamond Cup 2025"},{"@type":"BreadcrumbList","@id":"https:\/\/vpdanses.fr\/home\/bienvenue-chez-vp-danses-hazebrouck\/vp-danses-au-diamond-cup-antwerp-2025\/#breadcrumb","itemListElement":[{"@type":"ListItem","position":1,"name":"Accueil","item":"https:\/\/vpdanses.fr\/home\/bienvenue-chez-vp-danses-hazebrouck\/"},{"@type":"ListItem","position":2,"name":"VP Danses au Diamond Cup Antwerp 2025"}]},{"@type":"WebSite","@id":"https:\/\/vpdanses.fr\/home\/bienvenue-chez-vp-danses-hazebrouck\/#website","url":"https:\/\/vpdanses.fr\/home\/bienvenue-chez-vp-danses-hazebrouck\/","name":"VP DANSES, cours de Danse Sportive \u00e0 Aire-sur-la-Lys et \u00e0 Saint-Jans-Cappel (Hauts-de-France)","description":"Cours de Danse Sportive STANDARD (valse anglaise, tango, valse viennoise, slowfox, quickstep), danses sportives LATINES (samba, chacha, rumba, paso doble, jive), danses de bal, danses de salons, danses de loisirs, salsa, rock 4 temps, rock 6 temps, danses en ligne, disco, \u2026 Lieu : Hazebrouck, Aire-sur-la-Lys, Saint-Jans-Cappel et Isbergues (Hauts-de-France) - Cours Particuliers dans les Hauts-de-France - Ouverture de bal de Mariage","publisher":{"@id":"https:\/\/vpdanses.fr\/home\/bienvenue-chez-vp-danses-hazebrouck\/#organization"},"potentialAction":[{"@type":"SearchAction","target":{"@type":"EntryPoint","urlTemplate":"https:\/\/vpdanses.fr\/home\/bienvenue-chez-vp-danses-hazebrouck\/?s={search_term_string}"},"query-input":{"@type":"PropertyValueSpecification","valueRequired":true,"valueName":"search_term_string"}}],"inLanguage":"fr-FR"},{"@type":"Organization","@id":"https:\/\/vpdanses.fr\/home\/bienvenue-chez-vp-danses-hazebrouck\/#organization","name":"VP DANSES, cours de Danse Sportive \u00e0 Aire-sur-la-Lys et \u00e0 Saint-Jans-Cappel (Hauts-de-France)","url":"https:\/\/vpdanses.fr\/home\/bienvenue-chez-vp-danses-hazebrouck\/","logo":{"@type":"ImageObject","inLanguage":"fr-FR","@id":"https:\/\/vpdanses.fr\/home\/bienvenue-chez-vp-danses-hazebrouck\/#\/schema\/logo\/image\/","url":"https:\/\/vpdanses.fr\/wp-content\/uploads\/2024\/10\/logo_cadanse_asaintjans.jpeg","contentUrl":"https:\/\/vpdanses.fr\/wp-content\/uploads\/2024\/10\/logo_cadanse_asaintjans.jpeg","width":225,"height":225,"caption":"VP DANSES, cours de Danse Sportive \u00e0 Aire-sur-la-Lys et \u00e0 Saint-Jans-Cappel (Hauts-de-France)"},"image":{"@id":"https:\/\/vpdanses.fr\/home\/bienvenue-chez-vp-danses-hazebrouck\/#\/schema\/logo\/image\/"}},{"@type":"Person","@id":"https:\/\/vpdanses.fr\/home\/bienvenue-chez-vp-danses-hazebrouck\/#\/schema\/person\/bf87806369778f949b83c9cd885519e5","name":"VP DANSES","description":"\"VP danses\" est une association qui donne des cours de DANSES SPORTIVES STANDARDS (valse anglaise, tango, valse viennoise, slowfox, quickstep), de DANSES SPORTIVES LATINES (samba, chacha, rumba, paso doble, jive), de DANSES DE BAL, de DANSES DE SALONS, de DANSES DE LOISIRS, de SALSA, de ROCK 4 TEMPS, de ROCK 6 TEMPS, de DANSES EN LIGNE, de DISCO, \u2026","sameAs":["https:\/\/vpdanses.fr"],"url":"https:\/\/vpdanses.fr\/home\/bienvenue-chez-vp-danses-hazebrouck\/author\/adminvp20241018\/"}]}},"jetpack_featured_media_url":"https:\/\/vpdanses.fr\/wp-content\/uploads\/2025\/02\/Affiche_Anvers_Diamond_Cup.png","uagb_featured_image_src":{"full":["https:\/\/vpdanses.fr\/wp-content\/uploads\/2025\/02\/Affiche_Anvers_Diamond_Cup.png",2048,1144,false],"thumbnail":["https:\/\/vpdanses.fr\/wp-content\/uploads\/2025\/02\/Affiche_Anvers_Diamond_Cup-150x150.png",150,150,true],"medium":["https:\/\/vpdanses.fr\/wp-content\/uploads\/2025\/02\/Affiche_Anvers_Diamond_Cup-300x168.png",300,168,true],"medium_large":["https:\/\/vpdanses.fr\/wp-content\/uploads\/2025\/02\/Affiche_Anvers_Diamond_Cup-768x429.png",768,429,true],"large":["https:\/\/vpdanses.fr\/wp-content\/uploads\/2025\/02\/Affiche_Anvers_Diamond_Cup-1024x572.png",1024,572,true],"1536x1536":["https:\/\/vpdanses.fr\/wp-content\/uploads\/2025\/02\/Affiche_Anvers_Diamond_Cup-1536x858.png",1536,858,true],"2048x2048":["https:\/\/vpdanses.fr\/wp-content\/uploads\/2025\/02\/Affiche_Anvers_Diamond_Cup.png",2048,1144,false],"vp_sm":["https:\/\/vpdanses.fr\/wp-content\/uploads\/2025\/02\/Affiche_Anvers_Diamond_Cup-500x279.png",500,279,true],"vp_md":["https:\/\/vpdanses.fr\/wp-content\/uploads\/2025\/02\/Affiche_Anvers_Diamond_Cup-800x447.png",800,447,true],"vp_lg":["https:\/\/vpdanses.fr\/wp-content\/uploads\/2025\/02\/Affiche_Anvers_Diamond_Cup-1280x715.png",1280,715,true],"vp_xl":["https:\/\/vpdanses.fr\/wp-content\/uploads\/2025\/02\/Affiche_Anvers_Diamond_Cup-1920x1073.png",1920,1073,true],"vp_sm_popup":["https:\/\/vpdanses.fr\/wp-content\/uploads\/2025\/02\/Affiche_Anvers_Diamond_Cup-500x279.png",500,279,true],"vp_md_popup":["https:\/\/vpdanses.fr\/wp-content\/uploads\/2025\/02\/Affiche_Anvers_Diamond_Cup-800x447.png",800,447,true],"vp_xl_popup":["https:\/\/vpdanses.fr\/wp-content\/uploads\/2025\/02\/Affiche_Anvers_Diamond_Cup-1920x1073.png",1920,1073,true],"dance-blog-thumb":["https:\/\/vpdanses.fr\/wp-content\/uploads\/2025\/02\/Affiche_Anvers_Diamond_Cup-150x120.png",150,120,true],"dance-event-list":["https:\/\/vpdanses.fr\/wp-content\/uploads\/2025\/02\/Affiche_Anvers_Diamond_Cup-420x336.png",420,336,true],"dance-event-single-type1":["https:\/\/vpdanses.fr\/wp-content\/uploads\/2025\/02\/Affiche_Anvers_Diamond_Cup-773x520.png",773,520,true],"dance-event-single-type4":["https:\/\/vpdanses.fr\/wp-content\/uploads\/2025\/02\/Affiche_Anvers_Diamond_Cup-570x460.png",570,460,true],"dance-event-single-type5":["https:\/\/vpdanses.fr\/wp-content\/uploads\/2025\/02\/Affiche_Anvers_Diamond_Cup-746x770.png",746,770,true],"dance-event-list2":["https:\/\/vpdanses.fr\/wp-content\/uploads\/2025\/02\/Affiche_Anvers_Diamond_Cup-420x275.png",420,275,true]},"uagb_author_info":{"display_name":"VP DANSES","author_link":"https:\/\/vpdanses.fr\/home\/bienvenue-chez-vp-danses-hazebrouck\/author\/adminvp20241018\/"},"uagb_comment_info":0,"uagb_excerpt":"Ce\u00a0samedi 8 f\u00e9vrier 2025, le prestigieux\u00a0Diamond Cup Antwerp\u00a0a une fois de plus rassembl\u00e9 les passionn\u00e9s de danse sportive \u00e0 Anvers, en Belgique. VP DANSES \u00e9tait parmi les spectateurs passionn\u00e9s pr\u00e9sents \u00e0 cet \u00e9v\u00e9nement incontournable.","jetpack_sharing_enabled":true,"_links":{"self":[{"href":"https:\/\/vpdanses.fr\/home\/bienvenue-chez-vp-danses-hazebrouck\/wp-json\/wp\/v2\/posts\/11288","targetHints":{"allow":["GET"]}}],"collection":[{"href":"https:\/\/vpdanses.fr\/home\/bienvenue-chez-vp-danses-hazebrouck\/wp-json\/wp\/v2\/posts"}],"about":[{"href":"https:\/\/vpdanses.fr\/home\/bienvenue-chez-vp-danses-hazebrouck\/wp-json\/wp\/v2\/types\/post"}],"author":[{"embeddable":true,"href":"https:\/\/vpdanses.fr\/home\/bienvenue-chez-vp-danses-hazebrouck\/wp-json\/wp\/v2\/users\/1"}],"replies":[{"embeddable":true,"href":"https:\/\/vpdanses.fr\/home\/bienvenue-chez-vp-danses-hazebrouck\/wp-json\/wp\/v2\/comments?post=11288"}],"version-history":[{"count":10,"href":"https:\/\/vpdanses.fr\/home\/bienvenue-chez-vp-danses-hazebrouck\/wp-json\/wp\/v2\/posts\/11288\/revisions"}],"predecessor-version":[{"id":11309,"href":"https:\/\/vpdanses.fr\/home\/bienvenue-chez-vp-danses-hazebrouck\/wp-json\/wp\/v2\/posts\/11288\/revisions\/11309"}],"wp:featuredmedia":[{"embeddable":true,"href":"https:\/\/vpdanses.fr\/home\/bienvenue-chez-vp-danses-hazebrouck\/wp-json\/wp\/v2\/media\/11290"}],"wp:attachment":[{"href":"https:\/\/vpdanses.fr\/home\/bienvenue-chez-vp-danses-hazebrouck\/wp-json\/wp\/v2\/media?parent=11288"}],"wp:term":[{"taxonomy":"category","embeddable":true,"href":"https:\/\/vpdanses.fr\/home\/bienvenue-chez-vp-danses-hazebrouck\/wp-json\/wp\/v2\/categories?post=11288"},{"taxonomy":"post_tag","embeddable":true,"href":"https:\/\/vpdanses.fr\/home\/bienvenue-chez-vp-danses-hazebrouck\/wp-json\/wp\/v2\/tags?post=11288"}],"curies":[{"name":"wp","href":"https:\/\/api.w.org\/{rel}","templated":true}]}}