{"id":12190,"date":"2025-03-14T17:08:27","date_gmt":"2025-03-14T16:08:27","guid":{"rendered":"https:\/\/vpdanses.fr\/home\/bienvenue-chez-vp-danses-hazebrouck\/?p=12190"},"modified":"2025-03-19T17:42:57","modified_gmt":"2025-03-19T16:42:57","slug":"10-jours-sans-ecrans-hazebrouck-2025","status":"publish","type":"post","link":"https:\/\/vpdanses.fr\/home\/bienvenue-chez-vp-danses-hazebrouck\/10-jours-sans-ecrans-hazebrouck-2025\/","title":{"rendered":"10 Jours sans \u00e9crans, \u00e9dition 2025"},"content":{"rendered":"<h2>RELEVEZ LE D\u00c9FI DE l&rsquo;\u00e9dition 2025 de \u00ab\u00a010 jours sans \u00e9crans ! \u00a0\u00bb AVEC vp danses HAZEBROUCK !<\/h2>\n<h4>Une Opportunit\u00e9 Unique<\/h4>\n<p>Cet \u00e9v\u00e9nement national constitue une <strong>occasion exceptionnelle<\/strong> pour faire d\u00e9couvrir la Danse Sportive aux jeunes enfants et aux familles et les encourager \u00e0 laisser de c\u00f4t\u00e9 les \u00e9crans. En rejoignant cette initiative, nous visons \u00e0 :<\/p>\n<ul>\n<li translate=\"yes\"><strong>Promouvoir l&rsquo;activit\u00e9 physique<\/strong> : La Danse Sportive est une mani\u00e8re ludique et engageante de rester actif tout en s\u2019amusant.<\/li>\n<li translate=\"yes\"><strong>Stimuler la cr\u00e9ativit\u00e9<\/strong> : La Danse Sportive permet aux enfants de s&rsquo;exprimer et de d\u00e9velopper leur confiance en eux \u00e0 travers le mouvement.<\/li>\n<li translate=\"yes\"><strong>Favoriser les interactions sociales<\/strong> : En dansant ensemble, les enfants apprennent \u00e0 collaborer, \u00e0 communiquer et \u00e0 tisser des liens avec leurs pairs.<\/li>\n<\/ul>\n<h2>LE MEILLEUR SPECTACLE, C&rsquo;EST VOUS SUR LA PISTE DE DANSE !<\/h2>\n<h2>Venez danser avec nous et red\u00e9couvrez le plaisir de bouger !<\/h2>\n<p>Nous invitons toutes les familles \u00e0 participer \u00e0 nos ateliers de Danse Sportive entre le 13 Mai 2025 et le 22 Mai 2025. C&rsquo;est l&rsquo;occasion id\u00e9ale pour vos enfants de d\u00e9couvrir les plaisirs de la danse tout en s&rsquo;\u00e9loignant des \u00e9crans. <b>Ensemble, faisons de \u00ab\u00a010 JOURS SANS \u00c9CRANS\u00a0\u00bb une exp\u00e9rience inoubliable et pleine de joie !<\/b><\/p>\n<h2>Informations pratiques<\/h2>\n<h2>Un D\u00c9FI COLLECTIF ET NATIONAL DU 13\/05\/2025 au 22\/05\/2025<\/h2>\n<ul>\n<li>Les activit\u00e9s seront dispens\u00e9es par <strong>Virginie GATOUX<\/strong> et <strong>Philippe MARTINS<\/strong>, membres de l&rsquo;association VP DANSES Hazebrouck, et comp\u00e9titeurs de Danses Sportives.<\/li>\n<li>Les activit\u00e9s de danses sont ouvertes <strong>aux enfants de plus de 8 ans ainsi qu&rsquo;aux adultes de la famille<\/strong>.<\/li>\n<li>Nous proposons \u00e0 la fois des<strong> danses en couple<\/strong> et des <strong>danses solo<\/strong>. Vous \u00eates donc libre de venir <strong>seul(e)<\/strong> ou <strong>accompagn\u00e9(e) de votre partenaire<\/strong>.<\/li>\n<li>Les <strong>danses sportives<\/strong> que nous proposons incluent des <strong>danses latines<\/strong> telles que la Samba, le Chacha, la Rumba, le Paso Doble et le Jive, ainsi que des <strong>danses standards<\/strong> comme la Valse Lente, le Tango, la Valse Viennoise, le Slow Fox et le Quick Step. Pour m\u00e9moire, ces danses sont celles que vous pouvez admirer dans l\u2019\u00e9mission &lsquo;<a href=\"https:\/\/www.instagram.com\/dals_tf1\/\" target=\"_blank\" rel=\"noopener\"><strong>Danse avec les Stars<\/strong><\/a>&lsquo; (DALS).<\/li>\n<li>Toutes et tous \u00eates les bienvenues pour participer aux activit\u00e9s de Danses Sportives , <strong>sans \u00a0pr\u00e9inscription<\/strong>. Cependant, le nombre de participant(e)s sera limit\u00e9 en fonction de la capacit\u00e9 de la salle de danse.<\/li>\n<li>Lieux des activit\u00e9s :\n<ul>\n<li style=\"list-style-type: none;\">\n<ul>\n<li>Salle de danse \u00a0&#8211; Rue du Biest 59190 Hazebrouck<\/li>\n<li><noscript><img loading=\"lazy\" decoding=\"async\" data-skip-lazy src=\"https:\/\/vpdanses.fr\/wp-content\/uploads\/2025\/03\/Capture-decran-2025-03-18-a-12.45.06-300x240.png\" alt=\"Activit\u00e9s de Danse Sportive dispens\u00e9es par VP DANSES \u00e0 la Salle de danse, Rue du Biest 59190 HAZEBROUCK\" width=\"300\" height=\"240\" \/><\/noscript><img loading=\"eager\" decoding=\"async\" src=\"data:image\/svg+xml;base64,PHN2ZyB3aWR0aD0iMzAwIiBoZWlnaHQ9IjI0MCIgdmlld0JveD0iMCAwIDMwMCAyNDAiIGZpbGw9Im5vbmUiIHhtbG5zPSJodHRwOi8vd3d3LnczLm9yZy8yMDAwL3N2ZyI+PC9zdmc+\" alt=\"Activit\u00e9s de Danse Sportive dispens\u00e9es par VP DANSES \u00e0 la Salle de danse, Rue du Biest 59190 HAZEBROUCK\" width=\"300\" height=\"240\" data-src=\"https:\/\/vpdanses.fr\/wp-content\/uploads\/2025\/03\/Capture-decran-2025-03-18-a-12.45.06-300x240.png\" data-sizes=\"auto\" class=\"vp-lazyload\"><\/li>\n<\/ul>\n<\/li>\n<\/ul>\n<\/li>\n<li>Dates des activit\u00e9s :\n<ul>\n<li style=\"list-style-type: none;\">\n<ul>\n<li><strong>Mardi 13\/05\/2025 &#8211; 19h30 \u00e0 20h45<\/strong><\/li>\n<li><strong>Mardi 20\/05\/2025 &#8211; 19h30 \u00e0 20h45<\/strong><\/li>\n<\/ul>\n<\/li>\n<\/ul>\n<\/li>\n<li>Si vous avez des questions, n&rsquo;h\u00e9sitez pas \u00e0 utiliser notre <a href=\"https:\/\/vpdanses.fr\/home\/bienvenue-chez-vp-danses-hazebrouck\/formulaire-de-contact\/\" target=\"_blank\" rel=\"noopener\"><strong>formulaire de contact<\/strong>. <\/a>Vous pouvez \u00e9galement nous envoyer un email (<strong><a href=\"mailto:contact@vpdanses.fr\" target=\"_blank\" rel=\"noopener\">contact@vpdanses.fr<\/a><\/strong>), nous appeler directement par t\u00e9l\u00e9phone (<strong>+33 7 69 89 97 51<\/strong> \/ <strong>+33 6 19 20 53 96<\/strong>) ou bien encore utiliser <strong><a href=\"https:\/\/wa.me\/769899751?text=Sujet%20:%2010%20JOURS%20SANS%20ECRANS%20avec%20VP%20DANSES%20Hazebrouck\" target=\"_blank\" rel=\"noopener\">WhatsApp<\/a><\/strong>.<\/li>\n<\/ul>\n<p>N&rsquo;h\u00e9sitez pas \u00e0 consulter le <strong>site internet officiel<\/strong> li\u00e9 \u00e0 ce d\u00e9fi national (<strong><a style=\"font-size: 15px; font-family: var( --e-global-typography-text-font-family ), Sans-serif; text-align: var(--text-align);\" href=\"https:\/\/10jourssansecrans.org\/\" target=\"_blank\" rel=\"noopener\">https:\/\/10jourssansecrans.org\/<\/a>) <\/strong>ou bien le site Facebook associ\u00e9 (<a href=\"https:\/\/www.facebook.com\/10joursSansEcrans\/\" target=\"_blank\" rel=\"noopener\"><strong>https:\/\/www.facebook.com\/10joursSansEcrans\/<\/strong><\/a>).<\/p>\n<p><a href=\"https:\/\/10jourssansecrans.org\" target=\"_blank\" rel=\"noopener\"><br \/>\n<noscript><img loading=\"lazy\" decoding=\"async\" data-skip-lazy src=\"https:\/\/vpdanses.fr\/wp-content\/uploads\/2025\/03\/Capture-decran-2025-03-15-a-09.05.44-1024x610.png\" sizes=\"auto, (max-width: 1024px) 100vw, 1024px\" srcset=\"https:\/\/vpdanses.fr\/wp-content\/uploads\/2025\/03\/Capture-decran-2025-03-15-a-09.05.44-1024x610.png 1024w, https:\/\/vpdanses.fr\/wp-content\/uploads\/2025\/03\/Capture-decran-2025-03-15-a-09.05.44-300x179.png 300w, https:\/\/vpdanses.fr\/wp-content\/uploads\/2025\/03\/Capture-decran-2025-03-15-a-09.05.44-768x457.png 768w, https:\/\/vpdanses.fr\/wp-content\/uploads\/2025\/03\/Capture-decran-2025-03-15-a-09.05.44-1536x915.png 1536w, https:\/\/vpdanses.fr\/wp-content\/uploads\/2025\/03\/Capture-decran-2025-03-15-a-09.05.44-500x298.png 500w, https:\/\/vpdanses.fr\/wp-content\/uploads\/2025\/03\/Capture-decran-2025-03-15-a-09.05.44-800x476.png 800w, https:\/\/vpdanses.fr\/wp-content\/uploads\/2025\/03\/Capture-decran-2025-03-15-a-09.05.44-1280x762.png 1280w, https:\/\/vpdanses.fr\/wp-content\/uploads\/2025\/03\/Capture-decran-2025-03-15-a-09.05.44-1920x1143.png 1920w, https:\/\/vpdanses.fr\/wp-content\/uploads\/2025\/03\/Capture-decran-2025-03-15-a-09.05.44-600x357.png 600w, https:\/\/vpdanses.fr\/wp-content\/uploads\/2025\/03\/Capture-decran-2025-03-15-a-09.05.44.png 2002w\" alt=\"le D\u00c9FI 10 JOURS SANS \u00c9CRANS, \u00e9dition 2025 - Lien vers le site internet\" width=\"1024\" height=\"610\" \/><\/noscript><img loading=\"eager\" decoding=\"async\" src=\"https:\/\/vpdanses.fr\/wp-content\/uploads\/2025\/03\/Capture-decran-2025-03-15-a-09.05.44-1024x610.png\" srcset=\"data:image\/svg+xml;base64,PHN2ZyB3aWR0aD0iMTAyNCIgaGVpZ2h0PSI2MTAiIHZpZXdCb3g9IjAgMCAxMDI0IDYxMCIgZmlsbD0ibm9uZSIgeG1sbnM9Imh0dHA6Ly93d3cudzMub3JnLzIwMDAvc3ZnIj48L3N2Zz4=\" alt=\"le D\u00c9FI 10 JOURS SANS \u00c9CRANS, \u00e9dition 2025 - Lien vers le site internet\" width=\"1024\" height=\"610\" data-src=\"https:\/\/vpdanses.fr\/wp-content\/uploads\/2025\/03\/Capture-decran-2025-03-15-a-09.05.44-1024x610.png\" data-srcset=\"https:\/\/vpdanses.fr\/wp-content\/uploads\/2025\/03\/Capture-decran-2025-03-15-a-09.05.44-1024x610.png 1024w, https:\/\/vpdanses.fr\/wp-content\/uploads\/2025\/03\/Capture-decran-2025-03-15-a-09.05.44-300x179.png 300w, https:\/\/vpdanses.fr\/wp-content\/uploads\/2025\/03\/Capture-decran-2025-03-15-a-09.05.44-768x457.png 768w, https:\/\/vpdanses.fr\/wp-content\/uploads\/2025\/03\/Capture-decran-2025-03-15-a-09.05.44-1536x915.png 1536w, https:\/\/vpdanses.fr\/wp-content\/uploads\/2025\/03\/Capture-decran-2025-03-15-a-09.05.44-500x298.png 500w, https:\/\/vpdanses.fr\/wp-content\/uploads\/2025\/03\/Capture-decran-2025-03-15-a-09.05.44-800x476.png 800w, https:\/\/vpdanses.fr\/wp-content\/uploads\/2025\/03\/Capture-decran-2025-03-15-a-09.05.44-1280x762.png 1280w, https:\/\/vpdanses.fr\/wp-content\/uploads\/2025\/03\/Capture-decran-2025-03-15-a-09.05.44-1920x1143.png 1920w, https:\/\/vpdanses.fr\/wp-content\/uploads\/2025\/03\/Capture-decran-2025-03-15-a-09.05.44-600x357.png 600w, https:\/\/vpdanses.fr\/wp-content\/uploads\/2025\/03\/Capture-decran-2025-03-15-a-09.05.44.png 2002w\" data-sizes=\"auto\" class=\"vp-lazyload\"> <\/a><br \/>\n<a href=\"https:\/\/www.facebook.com\/10joursSansEcrans\/\" target=\"_blank\" rel=\"noopener\"><br \/>\n<noscript><img loading=\"lazy\" decoding=\"async\" data-skip-lazy src=\"https:\/\/vpdanses.fr\/wp-content\/uploads\/2025\/03\/Capture-decran-2025-03-15-a-09.13.10-1024x522.png\" sizes=\"auto, (max-width: 1024px) 100vw, 1024px\" srcset=\"https:\/\/vpdanses.fr\/wp-content\/uploads\/2025\/03\/Capture-decran-2025-03-15-a-09.13.10-1024x522.png 1024w, https:\/\/vpdanses.fr\/wp-content\/uploads\/2025\/03\/Capture-decran-2025-03-15-a-09.13.10-300x153.png 300w, https:\/\/vpdanses.fr\/wp-content\/uploads\/2025\/03\/Capture-decran-2025-03-15-a-09.13.10-768x392.png 768w, https:\/\/vpdanses.fr\/wp-content\/uploads\/2025\/03\/Capture-decran-2025-03-15-a-09.13.10-1536x783.png 1536w, https:\/\/vpdanses.fr\/wp-content\/uploads\/2025\/03\/Capture-decran-2025-03-15-a-09.13.10-2048x1044.png 2048w, https:\/\/vpdanses.fr\/wp-content\/uploads\/2025\/03\/Capture-decran-2025-03-15-a-09.13.10-500x255.png 500w, https:\/\/vpdanses.fr\/wp-content\/uploads\/2025\/03\/Capture-decran-2025-03-15-a-09.13.10-800x408.png 800w, https:\/\/vpdanses.fr\/wp-content\/uploads\/2025\/03\/Capture-decran-2025-03-15-a-09.13.10-1280x653.png 1280w, https:\/\/vpdanses.fr\/wp-content\/uploads\/2025\/03\/Capture-decran-2025-03-15-a-09.13.10-1920x979.png 1920w, https:\/\/vpdanses.fr\/wp-content\/uploads\/2025\/03\/Capture-decran-2025-03-15-a-09.13.10-600x306.png 600w\" alt=\"le D\u00c9FI 10 JOURS SANS \u00c9CRANS, \u00e9dition 2025 - Lien vers le site Facebook\" width=\"1024\" height=\"522\" \/><\/noscript><img loading=\"eager\" decoding=\"async\" src=\"https:\/\/vpdanses.fr\/wp-content\/uploads\/2025\/03\/Capture-decran-2025-03-15-a-09.13.10-1024x522.png\" srcset=\"data:image\/svg+xml;base64,PHN2ZyB3aWR0aD0iMTAyNCIgaGVpZ2h0PSI1MjIiIHZpZXdCb3g9IjAgMCAxMDI0IDUyMiIgZmlsbD0ibm9uZSIgeG1sbnM9Imh0dHA6Ly93d3cudzMub3JnLzIwMDAvc3ZnIj48L3N2Zz4=\" alt=\"le D\u00c9FI 10 JOURS SANS \u00c9CRANS, \u00e9dition 2025 - Lien vers le site Facebook\" width=\"1024\" height=\"522\" data-src=\"https:\/\/vpdanses.fr\/wp-content\/uploads\/2025\/03\/Capture-decran-2025-03-15-a-09.13.10-1024x522.png\" data-srcset=\"https:\/\/vpdanses.fr\/wp-content\/uploads\/2025\/03\/Capture-decran-2025-03-15-a-09.13.10-1024x522.png 1024w, https:\/\/vpdanses.fr\/wp-content\/uploads\/2025\/03\/Capture-decran-2025-03-15-a-09.13.10-300x153.png 300w, https:\/\/vpdanses.fr\/wp-content\/uploads\/2025\/03\/Capture-decran-2025-03-15-a-09.13.10-768x392.png 768w, https:\/\/vpdanses.fr\/wp-content\/uploads\/2025\/03\/Capture-decran-2025-03-15-a-09.13.10-1536x783.png 1536w, https:\/\/vpdanses.fr\/wp-content\/uploads\/2025\/03\/Capture-decran-2025-03-15-a-09.13.10-2048x1044.png 2048w, https:\/\/vpdanses.fr\/wp-content\/uploads\/2025\/03\/Capture-decran-2025-03-15-a-09.13.10-500x255.png 500w, https:\/\/vpdanses.fr\/wp-content\/uploads\/2025\/03\/Capture-decran-2025-03-15-a-09.13.10-800x408.png 800w, https:\/\/vpdanses.fr\/wp-content\/uploads\/2025\/03\/Capture-decran-2025-03-15-a-09.13.10-1280x653.png 1280w, https:\/\/vpdanses.fr\/wp-content\/uploads\/2025\/03\/Capture-decran-2025-03-15-a-09.13.10-1920x979.png 1920w, https:\/\/vpdanses.fr\/wp-content\/uploads\/2025\/03\/Capture-decran-2025-03-15-a-09.13.10-600x306.png 600w\" data-sizes=\"auto\" class=\"vp-lazyload\"> <\/a><\/p>\n","protected":false},"excerpt":{"rendered":"<p>Vous avez des questions ? Nous avons les r\u00e9ponses !<br \/>\nLa nouvelle section FAQ (Foire Aux Questions) de VP Danses Hazebrouck est l\u00e0 pour vous accompagner. Que vous souhaitiez en savoir plus sur nos cours (danses \u00e0 deux, danses de salon, danse sportive, danses en ligne\u2026), nos horaires, nos tarifs ou les \u00e9v\u00e9nements que nous organisons, cette FAQ a \u00e9t\u00e9 con\u00e7ue pour vous offrir des r\u00e9ponses rapides et claires.<br \/>\nAccessible et pratique, elle vous permet de trouver toutes les informations essentielles en un clin d&rsquo;\u0153il, afin de profiter pleinement de nos activit\u00e9s et de vous concentrer sur l&rsquo;essentiel : la danse et le plaisir de bouger ensemble.<br \/>\nConsultez-la d\u00e8s maintenant et laissez-nous \u00e9claircir vos doutes pour que vous puissiez faire vos premiers pas avec nous en toute confiance ! <\/p>\n","protected":false},"author":1,"featured_media":12266,"comment_status":"closed","ping_status":"closed","sticky":false,"template":"","format":"standard","meta":{"_uag_custom_page_level_css":"","_price":"","_stock":"","_tribe_ticket_header":"","_tribe_default_ticket_provider":"","_tribe_ticket_capacity":"0","_ticket_start_date":"","_ticket_end_date":"","_tribe_ticket_show_description":"","_tribe_ticket_show_not_going":false,"_tribe_ticket_use_global_stock":"","_tribe_ticket_global_stock_level":"","_global_stock_mode":"","_global_stock_cap":"","_tribe_rsvp_for_event":"","_tribe_ticket_going_count":"","_tribe_ticket_not_going_count":"","_tribe_tickets_list":"[]","_tribe_ticket_has_attendee_info_fields":false,"_EventAllDay":false,"_EventTimezone":"","_EventStartDate":"","_EventEndDate":"","_EventStartDateUTC":"","_EventEndDateUTC":"","_EventShowMap":false,"_EventShowMapLink":false,"_EventURL":"","_EventCost":"","_EventCostDescription":"","_EventCurrencySymbol":"","_EventCurrencyCode":"","_EventCurrencyPosition":"","_EventDateTimeSeparator":"","_EventTimeRangeSeparator":"","_EventOrganizerID":[],"_EventVenueID":[],"_OrganizerEmail":"","_OrganizerPhone":"","_OrganizerWebsite":"","_VenueAddress":"","_VenueCity":"","_VenueCountry":"","_VenueProvince":"","_VenueState":"","_VenueZip":"","_VenuePhone":"","_VenueURL":"","_VenueStateProvince":"","_VenueLat":"","_VenueLng":"","_VenueShowMap":false,"_VenueShowMapLink":false,"_vp_format_video_url":"","_vp_image_focal_point":[],"_jetpack_memberships_contains_paid_content":false,"footnotes":""},"categories":[86,203],"tags":[202,106],"class_list":["post-12190","post","type-post","status-publish","format-standard","has-post-thumbnail","hentry","category-autour-dhazebrouck","category-hazebrouck","tag-10-jours-sans-ecrans","tag-danse-sportive"],"yoast_head":"<!-- This site is optimized with the Yoast SEO Premium plugin v25.6 (Yoast SEO v25.6) - https:\/\/yoast.com\/wordpress\/plugins\/seo\/ -->\n<title>10 Jours sans \u00e9crans, \u00e9dition 2025 - VP DANSES, cours de Danse Sportive \u00e0 Aire-sur-la-Lys et \u00e0 Saint-Jans-Cappel (Hauts-de-France)<\/title>\n<meta name=\"description\" content=\"L&#039;association VP DANSES Hazebrouck est fi\u00e8re de participer \u00e0 l&#039;\u00e9dition 2025 de &quot;10 JOURS SANS \u00c9CRANS&quot; ! Nous invitons tous les enfants et leur famille \u00e0 participer \u00e0 nos ateliers de danse le mardi 13\/05\/2025 et le mardi 20\/05\/2025 de 19h30 \u00e0 20h45, \u00e0 la salle de danse, rue du Biest \u00e0 Hazebrouck (59190).\" \/>\n<meta name=\"robots\" content=\"index, follow, max-snippet:-1, max-image-preview:large, max-video-preview:-1\" \/>\n<link rel=\"canonical\" href=\"https:\/\/vpdanses.fr\/home\/bienvenue-chez-vp-danses-hazebrouck\/10-jours-sans-ecrans-hazebrouck-2025\/\" \/>\n<meta property=\"og:locale\" content=\"fr_FR\" \/>\n<meta property=\"og:type\" content=\"article\" \/>\n<meta property=\"og:title\" content=\"FAQ - Foire Aux Questions VP DANSES Hazebrouck\" \/>\n<meta property=\"og:description\" content=\"Vous avez des questions ? Nous avons les r\u00e9ponses ! La nouvelle section FAQ (Foire Aux Questions) de VP Danses Hazebrouck est l\u00e0 pour vous accompagner. Que vous souhaitiez en savoir plus sur nos cours (danses \u00e0 deux, danses de salon, danse sportive, danses en ligne\u2026), nos horaires, nos tarifs ou les \u00e9v\u00e9nements que nous organisons, cette FAQ a \u00e9t\u00e9 con\u00e7ue pour vous offrir des r\u00e9ponses rapides et claires. Accessible et pratique, elle vous permet de trouver toutes les informations essentielles en un clin d&#039;\u0153il, afin de profiter pleinement de nos activit\u00e9s et de vous concentrer sur l&#039;essentiel : la danse et le plaisir de bouger ensemble.Consultez-la d\u00e8s maintenant et laissez-nous \u00e9claircir vos doutes pour que vous puissiez faire vos premiers pas avec nous en toute confiance !\" \/>\n<meta property=\"og:url\" content=\"https:\/\/vpdanses.fr\/home\/bienvenue-chez-vp-danses-hazebrouck\/10-jours-sans-ecrans-hazebrouck-2025\/\" \/>\n<meta property=\"og:site_name\" content=\"VP DANSES, cours de Danse Sportive \u00e0 Aire-sur-la-Lys et \u00e0 Saint-Jans-Cappel (Hauts-de-France)\" \/>\n<meta property=\"article:published_time\" content=\"2025-03-14T16:08:27+00:00\" \/>\n<meta property=\"article:modified_time\" content=\"2025-03-19T16:42:57+00:00\" \/>\n<meta property=\"og:image\" content=\"https:\/\/vpdanses.fr\/wp-content\/uploads\/2025\/02\/FAQ_v2025-02-17.png\" \/>\n\t<meta property=\"og:image:width\" content=\"1000\" \/>\n\t<meta property=\"og:image:height\" content=\"1000\" \/>\n\t<meta property=\"og:image:type\" content=\"image\/png\" \/>\n<meta name=\"author\" content=\"VP DANSES\" \/>\n<meta name=\"twitter:card\" content=\"summary_large_image\" \/>\n<meta name=\"twitter:title\" content=\"10 Jours sans \u00e9crans, \u00e9dition 2025\" \/>\n<meta name=\"twitter:label1\" content=\"\u00c9crit par\" \/>\n\t<meta name=\"twitter:data1\" content=\"VP DANSES\" \/>\n\t<meta name=\"twitter:label2\" content=\"Dur\u00e9e de lecture estim\u00e9e\" \/>\n\t<meta name=\"twitter:data2\" content=\"4 minutes\" \/>\n<script type=\"application\/ld+json\" class=\"yoast-schema-graph\">{\"@context\":\"https:\/\/schema.org\",\"@graph\":[{\"@type\":\"Article\",\"@id\":\"https:\/\/vpdanses.fr\/home\/bienvenue-chez-vp-danses-hazebrouck\/10-jours-sans-ecrans-hazebrouck-2025\/#article\",\"isPartOf\":{\"@id\":\"https:\/\/vpdanses.fr\/home\/bienvenue-chez-vp-danses-hazebrouck\/10-jours-sans-ecrans-hazebrouck-2025\/\"},\"author\":{\"name\":\"VP DANSES\",\"@id\":\"https:\/\/vpdanses.fr\/home\/bienvenue-chez-vp-danses-hazebrouck\/#\/schema\/person\/bf87806369778f949b83c9cd885519e5\"},\"headline\":\"10 Jours sans \u00e9crans, \u00e9dition 2025\",\"datePublished\":\"2025-03-14T16:08:27+00:00\",\"dateModified\":\"2025-03-19T16:42:57+00:00\",\"mainEntityOfPage\":{\"@id\":\"https:\/\/vpdanses.fr\/home\/bienvenue-chez-vp-danses-hazebrouck\/10-jours-sans-ecrans-hazebrouck-2025\/\"},\"wordCount\":460,\"publisher\":{\"@id\":\"https:\/\/vpdanses.fr\/home\/bienvenue-chez-vp-danses-hazebrouck\/#organization\"},\"image\":{\"@id\":\"https:\/\/vpdanses.fr\/home\/bienvenue-chez-vp-danses-hazebrouck\/10-jours-sans-ecrans-hazebrouck-2025\/#primaryimage\"},\"thumbnailUrl\":\"https:\/\/vpdanses.fr\/wp-content\/uploads\/2025\/03\/VP-DANSES-10-JOURS-SANS-ECRANS-vWeb-1.png\",\"keywords\":[\"10 JOURS SANS ECRANS\",\"DANSE SPORTIVE\"],\"articleSection\":[\"Autour d'Hazebrouck\",\"Hazebrouck\"],\"inLanguage\":\"fr-FR\"},{\"@type\":\"WebPage\",\"@id\":\"https:\/\/vpdanses.fr\/home\/bienvenue-chez-vp-danses-hazebrouck\/10-jours-sans-ecrans-hazebrouck-2025\/\",\"url\":\"https:\/\/vpdanses.fr\/home\/bienvenue-chez-vp-danses-hazebrouck\/10-jours-sans-ecrans-hazebrouck-2025\/\",\"name\":\"10 Jours sans \u00e9crans, \u00e9dition 2025 - VP DANSES, cours de Danse Sportive \u00e0 Aire-sur-la-Lys et \u00e0 Saint-Jans-Cappel (Hauts-de-France)\",\"isPartOf\":{\"@id\":\"https:\/\/vpdanses.fr\/home\/bienvenue-chez-vp-danses-hazebrouck\/#website\"},\"primaryImageOfPage\":{\"@id\":\"https:\/\/vpdanses.fr\/home\/bienvenue-chez-vp-danses-hazebrouck\/10-jours-sans-ecrans-hazebrouck-2025\/#primaryimage\"},\"image\":{\"@id\":\"https:\/\/vpdanses.fr\/home\/bienvenue-chez-vp-danses-hazebrouck\/10-jours-sans-ecrans-hazebrouck-2025\/#primaryimage\"},\"thumbnailUrl\":\"https:\/\/vpdanses.fr\/wp-content\/uploads\/2025\/03\/VP-DANSES-10-JOURS-SANS-ECRANS-vWeb-1.png\",\"datePublished\":\"2025-03-14T16:08:27+00:00\",\"dateModified\":\"2025-03-19T16:42:57+00:00\",\"description\":\"L'association VP DANSES Hazebrouck est fi\u00e8re de participer \u00e0 l'\u00e9dition 2025 de \\\"10 JOURS SANS \u00c9CRANS\\\" ! Nous invitons tous les enfants et leur famille \u00e0 participer \u00e0 nos ateliers de danse le mardi 13\/05\/2025 et le mardi 20\/05\/2025 de 19h30 \u00e0 20h45, \u00e0 la salle de danse, rue du Biest \u00e0 Hazebrouck (59190).\",\"breadcrumb\":{\"@id\":\"https:\/\/vpdanses.fr\/home\/bienvenue-chez-vp-danses-hazebrouck\/10-jours-sans-ecrans-hazebrouck-2025\/#breadcrumb\"},\"inLanguage\":\"fr-FR\",\"potentialAction\":[{\"@type\":\"ReadAction\",\"target\":[\"https:\/\/vpdanses.fr\/home\/bienvenue-chez-vp-danses-hazebrouck\/10-jours-sans-ecrans-hazebrouck-2025\/\"]}]},{\"@type\":\"ImageObject\",\"inLanguage\":\"fr-FR\",\"@id\":\"https:\/\/vpdanses.fr\/home\/bienvenue-chez-vp-danses-hazebrouck\/10-jours-sans-ecrans-hazebrouck-2025\/#primaryimage\",\"url\":\"https:\/\/vpdanses.fr\/wp-content\/uploads\/2025\/03\/VP-DANSES-10-JOURS-SANS-ECRANS-vWeb-1.png\",\"contentUrl\":\"https:\/\/vpdanses.fr\/wp-content\/uploads\/2025\/03\/VP-DANSES-10-JOURS-SANS-ECRANS-vWeb-1.png\",\"width\":1600,\"height\":1200,\"caption\":\"L'association VP DANSES est fi\u00e8re de participer \u00e0 l'\u00e9dition 2025 de \\\"10 JOURS SANS \u00c9CRANS\\\" ! Venez d\u00e9couvrir la DANSE SPORTIVE \u00e0 Hazebrouck, du 13 Mai 2025 au 22 Mai 2025\"},{\"@type\":\"BreadcrumbList\",\"@id\":\"https:\/\/vpdanses.fr\/home\/bienvenue-chez-vp-danses-hazebrouck\/10-jours-sans-ecrans-hazebrouck-2025\/#breadcrumb\",\"itemListElement\":[{\"@type\":\"ListItem\",\"position\":1,\"name\":\"Accueil\",\"item\":\"https:\/\/vpdanses.fr\/home\/bienvenue-chez-vp-danses-hazebrouck\/\"},{\"@type\":\"ListItem\",\"position\":2,\"name\":\"10 Jours sans \u00e9crans, \u00e9dition 2025\"}]},{\"@type\":\"WebSite\",\"@id\":\"https:\/\/vpdanses.fr\/home\/bienvenue-chez-vp-danses-hazebrouck\/#website\",\"url\":\"https:\/\/vpdanses.fr\/home\/bienvenue-chez-vp-danses-hazebrouck\/\",\"name\":\"VP DANSES, cours de Danse Sportive \u00e0 Aire-sur-la-Lys et \u00e0 Saint-Jans-Cappel (Hauts-de-France)\",\"description\":\"Cours de Danse Sportive STANDARD (valse anglaise, tango, valse viennoise, slowfox, quickstep), danses sportives LATINES (samba, chacha, rumba, paso doble, jive), danses de bal, danses de salons, danses de loisirs, salsa, rock 4 temps, rock 6 temps, danses en ligne, disco, \u2026 Lieu : Hazebrouck, Aire-sur-la-Lys, Saint-Jans-Cappel et Isbergues (Hauts-de-France) - Cours Particuliers dans les Hauts-de-France - Ouverture de bal de Mariage\",\"publisher\":{\"@id\":\"https:\/\/vpdanses.fr\/home\/bienvenue-chez-vp-danses-hazebrouck\/#organization\"},\"potentialAction\":[{\"@type\":\"SearchAction\",\"target\":{\"@type\":\"EntryPoint\",\"urlTemplate\":\"https:\/\/vpdanses.fr\/home\/bienvenue-chez-vp-danses-hazebrouck\/?s={search_term_string}\"},\"query-input\":{\"@type\":\"PropertyValueSpecification\",\"valueRequired\":true,\"valueName\":\"search_term_string\"}}],\"inLanguage\":\"fr-FR\"},{\"@type\":\"Organization\",\"@id\":\"https:\/\/vpdanses.fr\/home\/bienvenue-chez-vp-danses-hazebrouck\/#organization\",\"name\":\"VP DANSES, cours de Danse Sportive \u00e0 Aire-sur-la-Lys et \u00e0 Saint-Jans-Cappel (Hauts-de-France)\",\"url\":\"https:\/\/vpdanses.fr\/home\/bienvenue-chez-vp-danses-hazebrouck\/\",\"logo\":{\"@type\":\"ImageObject\",\"inLanguage\":\"fr-FR\",\"@id\":\"https:\/\/vpdanses.fr\/home\/bienvenue-chez-vp-danses-hazebrouck\/#\/schema\/logo\/image\/\",\"url\":\"https:\/\/vpdanses.fr\/wp-content\/uploads\/2024\/10\/logo_cadanse_asaintjans.jpeg\",\"contentUrl\":\"https:\/\/vpdanses.fr\/wp-content\/uploads\/2024\/10\/logo_cadanse_asaintjans.jpeg\",\"width\":225,\"height\":225,\"caption\":\"VP DANSES, cours de Danse Sportive \u00e0 Aire-sur-la-Lys et \u00e0 Saint-Jans-Cappel (Hauts-de-France)\"},\"image\":{\"@id\":\"https:\/\/vpdanses.fr\/home\/bienvenue-chez-vp-danses-hazebrouck\/#\/schema\/logo\/image\/\"}},{\"@type\":\"Person\",\"@id\":\"https:\/\/vpdanses.fr\/home\/bienvenue-chez-vp-danses-hazebrouck\/#\/schema\/person\/bf87806369778f949b83c9cd885519e5\",\"name\":\"VP DANSES\",\"description\":\"\\\"VP danses\\\" est une association qui donne des cours de DANSES SPORTIVES STANDARDS (valse anglaise, tango, valse viennoise, slowfox, quickstep), de DANSES SPORTIVES LATINES (samba, chacha, rumba, paso doble, jive), de DANSES DE BAL, de DANSES DE SALONS, de DANSES DE LOISIRS, de SALSA, de ROCK 4 TEMPS, de ROCK 6 TEMPS, de DANSES EN LIGNE, de DISCO, \u2026\",\"sameAs\":[\"https:\/\/vpdanses.fr\"],\"url\":\"https:\/\/vpdanses.fr\/home\/bienvenue-chez-vp-danses-hazebrouck\/author\/adminvp20241018\/\"}]}<\/script>\n<!-- \/ Yoast SEO Premium plugin. -->","yoast_head_json":{"title":"10 Jours sans \u00e9crans, \u00e9dition 2025 - VP DANSES, cours de Danse Sportive \u00e0 Aire-sur-la-Lys et \u00e0 Saint-Jans-Cappel (Hauts-de-France)","description":"L'association VP DANSES Hazebrouck est fi\u00e8re de participer \u00e0 l'\u00e9dition 2025 de \"10 JOURS SANS \u00c9CRANS\" ! Nous invitons tous les enfants et leur famille \u00e0 participer \u00e0 nos ateliers de danse le mardi 13\/05\/2025 et le mardi 20\/05\/2025 de 19h30 \u00e0 20h45, \u00e0 la salle de danse, rue du Biest \u00e0 Hazebrouck (59190).","robots":{"index":"index","follow":"follow","max-snippet":"max-snippet:-1","max-image-preview":"max-image-preview:large","max-video-preview":"max-video-preview:-1"},"canonical":"https:\/\/vpdanses.fr\/home\/bienvenue-chez-vp-danses-hazebrouck\/10-jours-sans-ecrans-hazebrouck-2025\/","og_locale":"fr_FR","og_type":"article","og_title":"FAQ - Foire Aux Questions VP DANSES Hazebrouck","og_description":"Vous avez des questions ? Nous avons les r\u00e9ponses ! La nouvelle section FAQ (Foire Aux Questions) de VP Danses Hazebrouck est l\u00e0 pour vous accompagner. Que vous souhaitiez en savoir plus sur nos cours (danses \u00e0 deux, danses de salon, danse sportive, danses en ligne\u2026), nos horaires, nos tarifs ou les \u00e9v\u00e9nements que nous organisons, cette FAQ a \u00e9t\u00e9 con\u00e7ue pour vous offrir des r\u00e9ponses rapides et claires. Accessible et pratique, elle vous permet de trouver toutes les informations essentielles en un clin d'\u0153il, afin de profiter pleinement de nos activit\u00e9s et de vous concentrer sur l'essentiel : la danse et le plaisir de bouger ensemble.Consultez-la d\u00e8s maintenant et laissez-nous \u00e9claircir vos doutes pour que vous puissiez faire vos premiers pas avec nous en toute confiance !","og_url":"https:\/\/vpdanses.fr\/home\/bienvenue-chez-vp-danses-hazebrouck\/10-jours-sans-ecrans-hazebrouck-2025\/","og_site_name":"VP DANSES, cours de Danse Sportive \u00e0 Aire-sur-la-Lys et \u00e0 Saint-Jans-Cappel (Hauts-de-France)","article_published_time":"2025-03-14T16:08:27+00:00","article_modified_time":"2025-03-19T16:42:57+00:00","og_image":[{"width":1000,"height":1000,"url":"https:\/\/vpdanses.fr\/wp-content\/uploads\/2025\/02\/FAQ_v2025-02-17.png","type":"image\/png"}],"author":"VP DANSES","twitter_card":"summary_large_image","twitter_title":"10 Jours sans \u00e9crans, \u00e9dition 2025","twitter_misc":{"\u00c9crit par":"VP DANSES","Dur\u00e9e de lecture estim\u00e9e":"4 minutes"},"schema":{"@context":"https:\/\/schema.org","@graph":[{"@type":"Article","@id":"https:\/\/vpdanses.fr\/home\/bienvenue-chez-vp-danses-hazebrouck\/10-jours-sans-ecrans-hazebrouck-2025\/#article","isPartOf":{"@id":"https:\/\/vpdanses.fr\/home\/bienvenue-chez-vp-danses-hazebrouck\/10-jours-sans-ecrans-hazebrouck-2025\/"},"author":{"name":"VP DANSES","@id":"https:\/\/vpdanses.fr\/home\/bienvenue-chez-vp-danses-hazebrouck\/#\/schema\/person\/bf87806369778f949b83c9cd885519e5"},"headline":"10 Jours sans \u00e9crans, \u00e9dition 2025","datePublished":"2025-03-14T16:08:27+00:00","dateModified":"2025-03-19T16:42:57+00:00","mainEntityOfPage":{"@id":"https:\/\/vpdanses.fr\/home\/bienvenue-chez-vp-danses-hazebrouck\/10-jours-sans-ecrans-hazebrouck-2025\/"},"wordCount":460,"publisher":{"@id":"https:\/\/vpdanses.fr\/home\/bienvenue-chez-vp-danses-hazebrouck\/#organization"},"image":{"@id":"https:\/\/vpdanses.fr\/home\/bienvenue-chez-vp-danses-hazebrouck\/10-jours-sans-ecrans-hazebrouck-2025\/#primaryimage"},"thumbnailUrl":"https:\/\/vpdanses.fr\/wp-content\/uploads\/2025\/03\/VP-DANSES-10-JOURS-SANS-ECRANS-vWeb-1.png","keywords":["10 JOURS SANS ECRANS","DANSE SPORTIVE"],"articleSection":["Autour d'Hazebrouck","Hazebrouck"],"inLanguage":"fr-FR"},{"@type":"WebPage","@id":"https:\/\/vpdanses.fr\/home\/bienvenue-chez-vp-danses-hazebrouck\/10-jours-sans-ecrans-hazebrouck-2025\/","url":"https:\/\/vpdanses.fr\/home\/bienvenue-chez-vp-danses-hazebrouck\/10-jours-sans-ecrans-hazebrouck-2025\/","name":"10 Jours sans \u00e9crans, \u00e9dition 2025 - VP DANSES, cours de Danse Sportive \u00e0 Aire-sur-la-Lys et \u00e0 Saint-Jans-Cappel (Hauts-de-France)","isPartOf":{"@id":"https:\/\/vpdanses.fr\/home\/bienvenue-chez-vp-danses-hazebrouck\/#website"},"primaryImageOfPage":{"@id":"https:\/\/vpdanses.fr\/home\/bienvenue-chez-vp-danses-hazebrouck\/10-jours-sans-ecrans-hazebrouck-2025\/#primaryimage"},"image":{"@id":"https:\/\/vpdanses.fr\/home\/bienvenue-chez-vp-danses-hazebrouck\/10-jours-sans-ecrans-hazebrouck-2025\/#primaryimage"},"thumbnailUrl":"https:\/\/vpdanses.fr\/wp-content\/uploads\/2025\/03\/VP-DANSES-10-JOURS-SANS-ECRANS-vWeb-1.png","datePublished":"2025-03-14T16:08:27+00:00","dateModified":"2025-03-19T16:42:57+00:00","description":"L'association VP DANSES Hazebrouck est fi\u00e8re de participer \u00e0 l'\u00e9dition 2025 de \"10 JOURS SANS \u00c9CRANS\" ! Nous invitons tous les enfants et leur famille \u00e0 participer \u00e0 nos ateliers de danse le mardi 13\/05\/2025 et le mardi 20\/05\/2025 de 19h30 \u00e0 20h45, \u00e0 la salle de danse, rue du Biest \u00e0 Hazebrouck (59190).","breadcrumb":{"@id":"https:\/\/vpdanses.fr\/home\/bienvenue-chez-vp-danses-hazebrouck\/10-jours-sans-ecrans-hazebrouck-2025\/#breadcrumb"},"inLanguage":"fr-FR","potentialAction":[{"@type":"ReadAction","target":["https:\/\/vpdanses.fr\/home\/bienvenue-chez-vp-danses-hazebrouck\/10-jours-sans-ecrans-hazebrouck-2025\/"]}]},{"@type":"ImageObject","inLanguage":"fr-FR","@id":"https:\/\/vpdanses.fr\/home\/bienvenue-chez-vp-danses-hazebrouck\/10-jours-sans-ecrans-hazebrouck-2025\/#primaryimage","url":"https:\/\/vpdanses.fr\/wp-content\/uploads\/2025\/03\/VP-DANSES-10-JOURS-SANS-ECRANS-vWeb-1.png","contentUrl":"https:\/\/vpdanses.fr\/wp-content\/uploads\/2025\/03\/VP-DANSES-10-JOURS-SANS-ECRANS-vWeb-1.png","width":1600,"height":1200,"caption":"L'association VP DANSES est fi\u00e8re de participer \u00e0 l'\u00e9dition 2025 de \"10 JOURS SANS \u00c9CRANS\" ! Venez d\u00e9couvrir la DANSE SPORTIVE \u00e0 Hazebrouck, du 13 Mai 2025 au 22 Mai 2025"},{"@type":"BreadcrumbList","@id":"https:\/\/vpdanses.fr\/home\/bienvenue-chez-vp-danses-hazebrouck\/10-jours-sans-ecrans-hazebrouck-2025\/#breadcrumb","itemListElement":[{"@type":"ListItem","position":1,"name":"Accueil","item":"https:\/\/vpdanses.fr\/home\/bienvenue-chez-vp-danses-hazebrouck\/"},{"@type":"ListItem","position":2,"name":"10 Jours sans \u00e9crans, \u00e9dition 2025"}]},{"@type":"WebSite","@id":"https:\/\/vpdanses.fr\/home\/bienvenue-chez-vp-danses-hazebrouck\/#website","url":"https:\/\/vpdanses.fr\/home\/bienvenue-chez-vp-danses-hazebrouck\/","name":"VP DANSES, cours de Danse Sportive \u00e0 Aire-sur-la-Lys et \u00e0 Saint-Jans-Cappel (Hauts-de-France)","description":"Cours de Danse Sportive STANDARD (valse anglaise, tango, valse viennoise, slowfox, quickstep), danses sportives LATINES (samba, chacha, rumba, paso doble, jive), danses de bal, danses de salons, danses de loisirs, salsa, rock 4 temps, rock 6 temps, danses en ligne, disco, \u2026 Lieu : Hazebrouck, Aire-sur-la-Lys, Saint-Jans-Cappel et Isbergues (Hauts-de-France) - Cours Particuliers dans les Hauts-de-France - Ouverture de bal de Mariage","publisher":{"@id":"https:\/\/vpdanses.fr\/home\/bienvenue-chez-vp-danses-hazebrouck\/#organization"},"potentialAction":[{"@type":"SearchAction","target":{"@type":"EntryPoint","urlTemplate":"https:\/\/vpdanses.fr\/home\/bienvenue-chez-vp-danses-hazebrouck\/?s={search_term_string}"},"query-input":{"@type":"PropertyValueSpecification","valueRequired":true,"valueName":"search_term_string"}}],"inLanguage":"fr-FR"},{"@type":"Organization","@id":"https:\/\/vpdanses.fr\/home\/bienvenue-chez-vp-danses-hazebrouck\/#organization","name":"VP DANSES, cours de Danse Sportive \u00e0 Aire-sur-la-Lys et \u00e0 Saint-Jans-Cappel (Hauts-de-France)","url":"https:\/\/vpdanses.fr\/home\/bienvenue-chez-vp-danses-hazebrouck\/","logo":{"@type":"ImageObject","inLanguage":"fr-FR","@id":"https:\/\/vpdanses.fr\/home\/bienvenue-chez-vp-danses-hazebrouck\/#\/schema\/logo\/image\/","url":"https:\/\/vpdanses.fr\/wp-content\/uploads\/2024\/10\/logo_cadanse_asaintjans.jpeg","contentUrl":"https:\/\/vpdanses.fr\/wp-content\/uploads\/2024\/10\/logo_cadanse_asaintjans.jpeg","width":225,"height":225,"caption":"VP DANSES, cours de Danse Sportive \u00e0 Aire-sur-la-Lys et \u00e0 Saint-Jans-Cappel (Hauts-de-France)"},"image":{"@id":"https:\/\/vpdanses.fr\/home\/bienvenue-chez-vp-danses-hazebrouck\/#\/schema\/logo\/image\/"}},{"@type":"Person","@id":"https:\/\/vpdanses.fr\/home\/bienvenue-chez-vp-danses-hazebrouck\/#\/schema\/person\/bf87806369778f949b83c9cd885519e5","name":"VP DANSES","description":"\"VP danses\" est une association qui donne des cours de DANSES SPORTIVES STANDARDS (valse anglaise, tango, valse viennoise, slowfox, quickstep), de DANSES SPORTIVES LATINES (samba, chacha, rumba, paso doble, jive), de DANSES DE BAL, de DANSES DE SALONS, de DANSES DE LOISIRS, de SALSA, de ROCK 4 TEMPS, de ROCK 6 TEMPS, de DANSES EN LIGNE, de DISCO, \u2026","sameAs":["https:\/\/vpdanses.fr"],"url":"https:\/\/vpdanses.fr\/home\/bienvenue-chez-vp-danses-hazebrouck\/author\/adminvp20241018\/"}]}},"jetpack_featured_media_url":"https:\/\/vpdanses.fr\/wp-content\/uploads\/2025\/03\/VP-DANSES-10-JOURS-SANS-ECRANS-vWeb-1.png","uagb_featured_image_src":{"full":["https:\/\/vpdanses.fr\/wp-content\/uploads\/2025\/03\/VP-DANSES-10-JOURS-SANS-ECRANS-vWeb-1.png",1600,1200,false],"thumbnail":["https:\/\/vpdanses.fr\/wp-content\/uploads\/2025\/03\/VP-DANSES-10-JOURS-SANS-ECRANS-vWeb-1-150x150.png",150,150,true],"medium":["https:\/\/vpdanses.fr\/wp-content\/uploads\/2025\/03\/VP-DANSES-10-JOURS-SANS-ECRANS-vWeb-1-300x225.png",300,225,true],"medium_large":["https:\/\/vpdanses.fr\/wp-content\/uploads\/2025\/03\/VP-DANSES-10-JOURS-SANS-ECRANS-vWeb-1-768x576.png",768,576,true],"large":["https:\/\/vpdanses.fr\/wp-content\/uploads\/2025\/03\/VP-DANSES-10-JOURS-SANS-ECRANS-vWeb-1-1024x768.png",1024,768,true],"1536x1536":["https:\/\/vpdanses.fr\/wp-content\/uploads\/2025\/03\/VP-DANSES-10-JOURS-SANS-ECRANS-vWeb-1-1536x1152.png",1536,1152,true],"2048x2048":["https:\/\/vpdanses.fr\/wp-content\/uploads\/2025\/03\/VP-DANSES-10-JOURS-SANS-ECRANS-vWeb-1.png",1600,1200,false],"vp_sm":["https:\/\/vpdanses.fr\/wp-content\/uploads\/2025\/03\/VP-DANSES-10-JOURS-SANS-ECRANS-vWeb-1-500x375.png",500,375,true],"vp_md":["https:\/\/vpdanses.fr\/wp-content\/uploads\/2025\/03\/VP-DANSES-10-JOURS-SANS-ECRANS-vWeb-1-800x600.png",800,600,true],"vp_lg":["https:\/\/vpdanses.fr\/wp-content\/uploads\/2025\/03\/VP-DANSES-10-JOURS-SANS-ECRANS-vWeb-1-1280x960.png",1280,960,true],"vp_xl":["https:\/\/vpdanses.fr\/wp-content\/uploads\/2025\/03\/VP-DANSES-10-JOURS-SANS-ECRANS-vWeb-1.png",1600,1200,false],"vp_sm_popup":["https:\/\/vpdanses.fr\/wp-content\/uploads\/2025\/03\/VP-DANSES-10-JOURS-SANS-ECRANS-vWeb-1-500x375.png",500,375,true],"vp_md_popup":["https:\/\/vpdanses.fr\/wp-content\/uploads\/2025\/03\/VP-DANSES-10-JOURS-SANS-ECRANS-vWeb-1-800x600.png",800,600,true],"vp_xl_popup":["https:\/\/vpdanses.fr\/wp-content\/uploads\/2025\/03\/VP-DANSES-10-JOURS-SANS-ECRANS-vWeb-1.png",1600,1200,false],"dance-blog-thumb":["https:\/\/vpdanses.fr\/wp-content\/uploads\/2025\/03\/VP-DANSES-10-JOURS-SANS-ECRANS-vWeb-1-150x120.png",150,120,true],"dance-event-list":["https:\/\/vpdanses.fr\/wp-content\/uploads\/2025\/03\/VP-DANSES-10-JOURS-SANS-ECRANS-vWeb-1-420x336.png",420,336,true],"dance-event-single-type1":["https:\/\/vpdanses.fr\/wp-content\/uploads\/2025\/03\/VP-DANSES-10-JOURS-SANS-ECRANS-vWeb-1-773x520.png",773,520,true],"dance-event-single-type4":["https:\/\/vpdanses.fr\/wp-content\/uploads\/2025\/03\/VP-DANSES-10-JOURS-SANS-ECRANS-vWeb-1-570x460.png",570,460,true],"dance-event-single-type5":["https:\/\/vpdanses.fr\/wp-content\/uploads\/2025\/03\/VP-DANSES-10-JOURS-SANS-ECRANS-vWeb-1-746x770.png",746,770,true],"dance-event-list2":["https:\/\/vpdanses.fr\/wp-content\/uploads\/2025\/03\/VP-DANSES-10-JOURS-SANS-ECRANS-vWeb-1-420x275.png",420,275,true]},"uagb_author_info":{"display_name":"VP DANSES","author_link":"https:\/\/vpdanses.fr\/home\/bienvenue-chez-vp-danses-hazebrouck\/author\/adminvp20241018\/"},"uagb_comment_info":0,"uagb_excerpt":"Vous avez des questions ? Nous avons les r\u00e9ponses ! La nouvelle section FAQ (Foire Aux Questions) de VP Danses Hazebrouck est l\u00e0 pour vous accompagner. Que vous souhaitiez en savoir plus sur nos cours (danses \u00e0 deux, danses de salon, danse sportive, danses en ligne\u2026), nos horaires, nos tarifs ou les \u00e9v\u00e9nements que nous\u2026","jetpack_sharing_enabled":true,"_links":{"self":[{"href":"https:\/\/vpdanses.fr\/home\/bienvenue-chez-vp-danses-hazebrouck\/wp-json\/wp\/v2\/posts\/12190","targetHints":{"allow":["GET"]}}],"collection":[{"href":"https:\/\/vpdanses.fr\/home\/bienvenue-chez-vp-danses-hazebrouck\/wp-json\/wp\/v2\/posts"}],"about":[{"href":"https:\/\/vpdanses.fr\/home\/bienvenue-chez-vp-danses-hazebrouck\/wp-json\/wp\/v2\/types\/post"}],"author":[{"embeddable":true,"href":"https:\/\/vpdanses.fr\/home\/bienvenue-chez-vp-danses-hazebrouck\/wp-json\/wp\/v2\/users\/1"}],"replies":[{"embeddable":true,"href":"https:\/\/vpdanses.fr\/home\/bienvenue-chez-vp-danses-hazebrouck\/wp-json\/wp\/v2\/comments?post=12190"}],"version-history":[{"count":55,"href":"https:\/\/vpdanses.fr\/home\/bienvenue-chez-vp-danses-hazebrouck\/wp-json\/wp\/v2\/posts\/12190\/revisions"}],"predecessor-version":[{"id":12263,"href":"https:\/\/vpdanses.fr\/home\/bienvenue-chez-vp-danses-hazebrouck\/wp-json\/wp\/v2\/posts\/12190\/revisions\/12263"}],"wp:featuredmedia":[{"embeddable":true,"href":"https:\/\/vpdanses.fr\/home\/bienvenue-chez-vp-danses-hazebrouck\/wp-json\/wp\/v2\/media\/12266"}],"wp:attachment":[{"href":"https:\/\/vpdanses.fr\/home\/bienvenue-chez-vp-danses-hazebrouck\/wp-json\/wp\/v2\/media?parent=12190"}],"wp:term":[{"taxonomy":"category","embeddable":true,"href":"https:\/\/vpdanses.fr\/home\/bienvenue-chez-vp-danses-hazebrouck\/wp-json\/wp\/v2\/categories?post=12190"},{"taxonomy":"post_tag","embeddable":true,"href":"https:\/\/vpdanses.fr\/home\/bienvenue-chez-vp-danses-hazebrouck\/wp-json\/wp\/v2\/tags?post=12190"}],"curies":[{"name":"wp","href":"https:\/\/api.w.org\/{rel}","templated":true}]}}