{"id":13410,"date":"2025-06-15T16:21:25","date_gmt":"2025-06-15T14:21:25","guid":{"rendered":"https:\/\/vpdanses.fr\/home\/bienvenue-chez-vp-danses-hazebrouck\/?p=13410"},"modified":"2025-06-17T17:55:21","modified_gmt":"2025-06-17T15:55:21","slug":"wdc-al-de-bonte-wever-assen-pays-bas-2025","status":"publish","type":"post","link":"https:\/\/vpdanses.fr\/home\/bienvenue-chez-vp-danses-hazebrouck\/wdc-al-de-bonte-wever-assen-pays-bas-2025\/","title":{"rendered":"NK WDC DUTCH AMATEUR LEAGUE 2025, DE BONTE WEVER, ASSEN"},"content":{"rendered":"\n<div class=\"wp-block-uagb-separator uagb-block-e54d79ec wp-block-uagb-separator--text\"><div class=\"wp-block-uagb-separator__inner\" style=\"--my-background-image:\"><div class=\"wp-block-uagb-separator-element\"><h2 class=\"uagb-html-tag\">Photos<\/h2><\/div><\/div><\/div>\n\n\n<div class=\"wp-block-visual-portfolio alignwide\">\n<div class=\"vp-portfolio vp-uid-f61c2df4 vp-id-8pMcl\"\n\tdata-vp-layout=\"masonry\" data-vp-content-source=\"images\" data-vp-items-style=\"fade\" data-vp-items-click-action=\"popup_gallery\" data-vp-items-gap=\"15\" data-vp-items-gap-vertical=\"\" data-vp-pagination=\"load-more\" data-vp-next-page-url=\"\" data-vp-masonry-columns=\"4\" >\n\t<div class=\"vp-portfolio__preloader-wrap\">\n\t\t<div class=\"vp-portfolio__preloader\">\n\t\t\t<img decoding=\"async\" loading=\"eager\" src=\"https:\/\/vpdanses.fr\/wp-content\/plugins\/visual-portfolio\/assets\/images\/logo-dark.svg\" alt=\"Visual Portfolio, Posts &amp; Image Gallery for WordPress\" width=\"20\" height=\"20\" data-skip-lazy>\n\t\t<\/div>\n\t<\/div>\n\t\t<div class=\"vp-portfolio__items-wrap\">\n\t\t\t\n<div class=\"vp-portfolio__items vp-portfolio__items-style-fade vp-portfolio__items-show-overlay-hover\">\n\n\t\t<div\t\tclass=\"vp-portfolio__item-wrap category-wdc_al vp-portfolio__item-uid-c21d70b7\" data-vp-filter=\"wdc_al\" \t\t>\n\t\t\t<template class=\"vp-portfolio__item-popup\" data-vp-popup-img=\"https:\/\/vpdanses.fr\/wp-content\/uploads\/2025\/05\/2025-06-14.Affiche_WDC-AL_dutch_Amateur_League_Assen.jpg\" data-vp-popup-img-srcset=\"https:\/\/vpdanses.fr\/wp-content\/uploads\/2025\/05\/2025-06-14.Affiche_WDC-AL_dutch_Amateur_League_Assen.jpg 1132w, https:\/\/vpdanses.fr\/wp-content\/uploads\/2025\/05\/2025-06-14.Affiche_WDC-AL_dutch_Amateur_League_Assen-212x300.jpg 212w, https:\/\/vpdanses.fr\/wp-content\/uploads\/2025\/05\/2025-06-14.Affiche_WDC-AL_dutch_Amateur_League_Assen-724x1024.jpg 724w, https:\/\/vpdanses.fr\/wp-content\/uploads\/2025\/05\/2025-06-14.Affiche_WDC-AL_dutch_Amateur_League_Assen-768x1086.jpg 768w, https:\/\/vpdanses.fr\/wp-content\/uploads\/2025\/05\/2025-06-14.Affiche_WDC-AL_dutch_Amateur_League_Assen-1087x1536.jpg 1087w, https:\/\/vpdanses.fr\/wp-content\/uploads\/2025\/05\/2025-06-14.Affiche_WDC-AL_dutch_Amateur_League_Assen-500x707.jpg 500w, https:\/\/vpdanses.fr\/wp-content\/uploads\/2025\/05\/2025-06-14.Affiche_WDC-AL_dutch_Amateur_League_Assen-800x1131.jpg 800w\" data-vp-popup-img-size=\"1132x1600\" data-vp-popup-md-img=\"https:\/\/vpdanses.fr\/wp-content\/uploads\/2025\/05\/2025-06-14.Affiche_WDC-AL_dutch_Amateur_League_Assen-800x1131.jpg\" data-vp-popup-md-img-size=\"800x1131\" data-vp-popup-sm-img=\"https:\/\/vpdanses.fr\/wp-content\/uploads\/2025\/05\/2025-06-14.Affiche_WDC-AL_dutch_Amateur_League_Assen-500x707.jpg\" data-vp-popup-sm-img-size=\"500x707\">\n\t\t\t<h3 class=\"vp-portfolio__item-popup-title\">NK WDC-AL Dutch Amateur League, Affiche ASSEN 2025<\/h3>\n\t\t\t\t<div class=\"vp-portfolio__item-popup-description\">NK WDC-AL Dutch Amateur League, Affiche ASSEN 2025<\/div>\n\t\t<\/template>\n\t\t\t\t\t\t<figure class=\"vp-portfolio__item\">\n\t\t\t\t\n<div class=\"vp-portfolio__item-img-wrap\">\n\t<div class=\"vp-portfolio__item-img\">\n\t\t\t<a\n\t\thref=\"https:\/\/vpdanses.fr\/wp-content\/uploads\/2025\/05\/2025-06-14.Affiche_WDC-AL_dutch_Amateur_League_Assen.jpg\"\n\t\t\t>\n\t\n\t\t<noscript><img loading=\"lazy\" decoding=\"async\" width=\"1132\" height=\"1600\" data-skip-lazy src=\"https:\/\/vpdanses.fr\/wp-content\/uploads\/2025\/05\/2025-06-14.Affiche_WDC-AL_dutch_Amateur_League_Assen.jpg\" class=\"wp-image-13404\" alt=\"NK WDC-AL Dutch Amateur League, Affiche ASSEN 2025\" srcset=\"https:\/\/vpdanses.fr\/wp-content\/uploads\/2025\/05\/2025-06-14.Affiche_WDC-AL_dutch_Amateur_League_Assen.jpg 1132w, https:\/\/vpdanses.fr\/wp-content\/uploads\/2025\/05\/2025-06-14.Affiche_WDC-AL_dutch_Amateur_League_Assen-212x300.jpg 212w, https:\/\/vpdanses.fr\/wp-content\/uploads\/2025\/05\/2025-06-14.Affiche_WDC-AL_dutch_Amateur_League_Assen-724x1024.jpg 724w, https:\/\/vpdanses.fr\/wp-content\/uploads\/2025\/05\/2025-06-14.Affiche_WDC-AL_dutch_Amateur_League_Assen-768x1086.jpg 768w, https:\/\/vpdanses.fr\/wp-content\/uploads\/2025\/05\/2025-06-14.Affiche_WDC-AL_dutch_Amateur_League_Assen-1087x1536.jpg 1087w, https:\/\/vpdanses.fr\/wp-content\/uploads\/2025\/05\/2025-06-14.Affiche_WDC-AL_dutch_Amateur_League_Assen-500x707.jpg 500w, https:\/\/vpdanses.fr\/wp-content\/uploads\/2025\/05\/2025-06-14.Affiche_WDC-AL_dutch_Amateur_League_Assen-800x1131.jpg 800w\" sizes=\"auto, (max-width: 1132px) 100vw, 1132px\" \/><\/noscript><img fetchpriority=\"high\" decoding=\"async\" width=\"1132\" height=\"1600\" src=\"https:\/\/vpdanses.fr\/wp-content\/uploads\/2025\/05\/2025-06-14.Affiche_WDC-AL_dutch_Amateur_League_Assen.jpg\" class=\"wp-image-13404 vp-lazyload\" alt=\"NK WDC-AL Dutch Amateur League, Affiche ASSEN 2025\" srcset=\"data:image\/svg+xml;base64,PHN2ZyB3aWR0aD0iMTEzMiIgaGVpZ2h0PSIxNjAwIiB2aWV3Qm94PSIwIDAgMTEzMiAxNjAwIiBmaWxsPSJub25lIiB4bWxucz0iaHR0cDovL3d3dy53My5vcmcvMjAwMC9zdmciPjwvc3ZnPg==\" data-src=\"https:\/\/vpdanses.fr\/wp-content\/uploads\/2025\/05\/2025-06-14.Affiche_WDC-AL_dutch_Amateur_League_Assen.jpg\" data-srcset=\"https:\/\/vpdanses.fr\/wp-content\/uploads\/2025\/05\/2025-06-14.Affiche_WDC-AL_dutch_Amateur_League_Assen.jpg 1132w, https:\/\/vpdanses.fr\/wp-content\/uploads\/2025\/05\/2025-06-14.Affiche_WDC-AL_dutch_Amateur_League_Assen-212x300.jpg 212w, https:\/\/vpdanses.fr\/wp-content\/uploads\/2025\/05\/2025-06-14.Affiche_WDC-AL_dutch_Amateur_League_Assen-724x1024.jpg 724w, https:\/\/vpdanses.fr\/wp-content\/uploads\/2025\/05\/2025-06-14.Affiche_WDC-AL_dutch_Amateur_League_Assen-768x1086.jpg 768w, https:\/\/vpdanses.fr\/wp-content\/uploads\/2025\/05\/2025-06-14.Affiche_WDC-AL_dutch_Amateur_League_Assen-1087x1536.jpg 1087w, https:\/\/vpdanses.fr\/wp-content\/uploads\/2025\/05\/2025-06-14.Affiche_WDC-AL_dutch_Amateur_League_Assen-500x707.jpg 500w, https:\/\/vpdanses.fr\/wp-content\/uploads\/2025\/05\/2025-06-14.Affiche_WDC-AL_dutch_Amateur_League_Assen-800x1131.jpg 800w\" data-sizes=\"auto\" loading=\"eager\">\n\t\t<\/a>\t<\/div>\n<\/div>\n\t<figcaption class=\"vp-portfolio__item-overlay vp-portfolio__item-overlay-text-align-center\">\n\t\t<div class=\"vp-portfolio__item-meta-wrap vp-portfolio__custom-scrollbar\">\n\t\t\t\t<a\n\t\thref=\"https:\/\/vpdanses.fr\/wp-content\/uploads\/2025\/05\/2025-06-14.Affiche_WDC-AL_dutch_Amateur_League_Assen.jpg\"\n\t\ttabindex=\"-1\" class=\"vp-portfolio__item-meta\" \t>\n\t\n<div class=\"vp-portfolio__item-meta-categories\">\n\t\t\t<div class=\"vp-portfolio__item-meta-category\">\n\t\t\t\t<span\t\t\t>\n\tWDC-AL<\/span>\t\t<\/div>\n\t\t<\/div>\n\n<h2 class=\"vp-portfolio__item-meta-title\">\n\tNK WDC-AL Dutch Amateur League, Affiche ASSEN 2025<\/h2>\n<\/a>\t\t<\/div>\n\t<\/figcaption>\n\t\t\t<\/figure>\n\t\t\t\t\t<\/div>\n\t\t\n\t\t<div\t\tclass=\"vp-portfolio__item-wrap category-wdc_al vp-portfolio__item-uid-9048f2a8\" data-vp-filter=\"wdc_al\" \t\t>\n\t\t\t<template class=\"vp-portfolio__item-popup\" data-vp-popup-img=\"https:\/\/vpdanses.fr\/wp-content\/uploads\/2025\/05\/International_judges_IMG_6858.jpg\" data-vp-popup-img-srcset=\"https:\/\/vpdanses.fr\/wp-content\/uploads\/2025\/05\/International_judges_IMG_6858.jpg 1170w, https:\/\/vpdanses.fr\/wp-content\/uploads\/2025\/05\/International_judges_IMG_6858-201x300.jpg 201w, https:\/\/vpdanses.fr\/wp-content\/uploads\/2025\/05\/International_judges_IMG_6858-687x1024.jpg 687w, https:\/\/vpdanses.fr\/wp-content\/uploads\/2025\/05\/International_judges_IMG_6858-768x1145.jpg 768w, https:\/\/vpdanses.fr\/wp-content\/uploads\/2025\/05\/International_judges_IMG_6858-1030x1536.jpg 1030w, https:\/\/vpdanses.fr\/wp-content\/uploads\/2025\/05\/International_judges_IMG_6858-500x745.jpg 500w, https:\/\/vpdanses.fr\/wp-content\/uploads\/2025\/05\/International_judges_IMG_6858-800x1192.jpg 800w\" data-vp-popup-img-size=\"1170x1744\" data-vp-popup-md-img=\"https:\/\/vpdanses.fr\/wp-content\/uploads\/2025\/05\/International_judges_IMG_6858-800x1192.jpg\" data-vp-popup-md-img-size=\"800x1192\" data-vp-popup-sm-img=\"https:\/\/vpdanses.fr\/wp-content\/uploads\/2025\/05\/International_judges_IMG_6858-500x745.jpg\" data-vp-popup-sm-img-size=\"500x745\">\n\t\t\t<h3 class=\"vp-portfolio__item-popup-title\">Les juges du NK WDC-AL Assen 2025, Netherlands<\/h3>\n\t\t\t\t<div class=\"vp-portfolio__item-popup-description\">Les juges du NK WDC-AL Assen 2025, Netherlands<\/div>\n\t\t<\/template>\n\t\t\t\t\t\t<figure class=\"vp-portfolio__item\">\n\t\t\t\t\n<div class=\"vp-portfolio__item-img-wrap\">\n\t<div class=\"vp-portfolio__item-img\">\n\t\t\t<a\n\t\thref=\"https:\/\/vpdanses.fr\/wp-content\/uploads\/2025\/05\/International_judges_IMG_6858.jpg\"\n\t\t\t>\n\t\n\t\t<noscript><img loading=\"lazy\" decoding=\"async\" width=\"1170\" height=\"1744\" data-skip-lazy src=\"https:\/\/vpdanses.fr\/wp-content\/uploads\/2025\/05\/International_judges_IMG_6858.jpg\" class=\"wp-image-13407\" alt=\"Les juges du NK WDC-AL Assen 2025, Netherlands\" srcset=\"https:\/\/vpdanses.fr\/wp-content\/uploads\/2025\/05\/International_judges_IMG_6858.jpg 1170w, https:\/\/vpdanses.fr\/wp-content\/uploads\/2025\/05\/International_judges_IMG_6858-201x300.jpg 201w, https:\/\/vpdanses.fr\/wp-content\/uploads\/2025\/05\/International_judges_IMG_6858-687x1024.jpg 687w, https:\/\/vpdanses.fr\/wp-content\/uploads\/2025\/05\/International_judges_IMG_6858-768x1145.jpg 768w, https:\/\/vpdanses.fr\/wp-content\/uploads\/2025\/05\/International_judges_IMG_6858-1030x1536.jpg 1030w, https:\/\/vpdanses.fr\/wp-content\/uploads\/2025\/05\/International_judges_IMG_6858-500x745.jpg 500w, https:\/\/vpdanses.fr\/wp-content\/uploads\/2025\/05\/International_judges_IMG_6858-800x1192.jpg 800w\" sizes=\"auto, (max-width: 1170px) 100vw, 1170px\" \/><\/noscript><img decoding=\"async\" width=\"1170\" height=\"1744\" src=\"https:\/\/vpdanses.fr\/wp-content\/uploads\/2025\/05\/International_judges_IMG_6858.jpg\" class=\"wp-image-13407 vp-lazyload\" alt=\"Les juges du NK WDC-AL Assen 2025, Netherlands\" srcset=\"data:image\/svg+xml;base64,PHN2ZyB3aWR0aD0iMTE3MCIgaGVpZ2h0PSIxNzQ0IiB2aWV3Qm94PSIwIDAgMTE3MCAxNzQ0IiBmaWxsPSJub25lIiB4bWxucz0iaHR0cDovL3d3dy53My5vcmcvMjAwMC9zdmciPjwvc3ZnPg==\" data-src=\"https:\/\/vpdanses.fr\/wp-content\/uploads\/2025\/05\/International_judges_IMG_6858.jpg\" data-srcset=\"https:\/\/vpdanses.fr\/wp-content\/uploads\/2025\/05\/International_judges_IMG_6858.jpg 1170w, https:\/\/vpdanses.fr\/wp-content\/uploads\/2025\/05\/International_judges_IMG_6858-201x300.jpg 201w, https:\/\/vpdanses.fr\/wp-content\/uploads\/2025\/05\/International_judges_IMG_6858-687x1024.jpg 687w, https:\/\/vpdanses.fr\/wp-content\/uploads\/2025\/05\/International_judges_IMG_6858-768x1145.jpg 768w, https:\/\/vpdanses.fr\/wp-content\/uploads\/2025\/05\/International_judges_IMG_6858-1030x1536.jpg 1030w, https:\/\/vpdanses.fr\/wp-content\/uploads\/2025\/05\/International_judges_IMG_6858-500x745.jpg 500w, https:\/\/vpdanses.fr\/wp-content\/uploads\/2025\/05\/International_judges_IMG_6858-800x1192.jpg 800w\" data-sizes=\"auto\" loading=\"eager\">\n\t\t<\/a>\t<\/div>\n<\/div>\n\t<figcaption class=\"vp-portfolio__item-overlay vp-portfolio__item-overlay-text-align-center\">\n\t\t<div class=\"vp-portfolio__item-meta-wrap vp-portfolio__custom-scrollbar\">\n\t\t\t\t<a\n\t\thref=\"https:\/\/vpdanses.fr\/wp-content\/uploads\/2025\/05\/International_judges_IMG_6858.jpg\"\n\t\ttabindex=\"-1\" class=\"vp-portfolio__item-meta\" \t>\n\t\n<div class=\"vp-portfolio__item-meta-categories\">\n\t\t\t<div class=\"vp-portfolio__item-meta-category\">\n\t\t\t\t<span\t\t\t>\n\tWDC-AL<\/span>\t\t<\/div>\n\t\t<\/div>\n\n<h2 class=\"vp-portfolio__item-meta-title\">\n\tLes juges du NK WDC-AL Assen 2025, Netherlands<\/h2>\n<\/a>\t\t<\/div>\n\t<\/figcaption>\n\t\t\t<\/figure>\n\t\t\t\t\t<\/div>\n\t\t\n\t\t<div\t\tclass=\"vp-portfolio__item-wrap category-wdc_al vp-portfolio__item-uid-ffbf2533\" data-vp-filter=\"wdc_al\" \t\t>\n\t\t\t<template class=\"vp-portfolio__item-popup\" data-vp-popup-img=\"https:\/\/vpdanses.fr\/wp-content\/uploads\/2025\/06\/DanceMastersNL_facebook-1920x994.png\" data-vp-popup-img-srcset=\"https:\/\/vpdanses.fr\/wp-content\/uploads\/2025\/06\/DanceMastersNL_facebook-1920x994.png 1920w, https:\/\/vpdanses.fr\/wp-content\/uploads\/2025\/06\/DanceMastersNL_facebook-300x155.png 300w, https:\/\/vpdanses.fr\/wp-content\/uploads\/2025\/06\/DanceMastersNL_facebook-1024x530.png 1024w, https:\/\/vpdanses.fr\/wp-content\/uploads\/2025\/06\/DanceMastersNL_facebook-768x398.png 768w, https:\/\/vpdanses.fr\/wp-content\/uploads\/2025\/06\/DanceMastersNL_facebook-1536x795.png 1536w, https:\/\/vpdanses.fr\/wp-content\/uploads\/2025\/06\/DanceMastersNL_facebook-2048x1061.png 2048w, https:\/\/vpdanses.fr\/wp-content\/uploads\/2025\/06\/DanceMastersNL_facebook-500x259.png 500w, https:\/\/vpdanses.fr\/wp-content\/uploads\/2025\/06\/DanceMastersNL_facebook-800x414.png 800w, https:\/\/vpdanses.fr\/wp-content\/uploads\/2025\/06\/DanceMastersNL_facebook-1280x663.png 1280w\" data-vp-popup-img-size=\"1920x994\" data-vp-popup-md-img=\"https:\/\/vpdanses.fr\/wp-content\/uploads\/2025\/06\/DanceMastersNL_facebook-800x414.png\" data-vp-popup-md-img-size=\"800x414\" data-vp-popup-sm-img=\"https:\/\/vpdanses.fr\/wp-content\/uploads\/2025\/06\/DanceMastersNL_facebook-500x259.png\" data-vp-popup-sm-img-size=\"500x259\">\n\t\t\t<h3 class=\"vp-portfolio__item-popup-title\">DanceMasters NL, dubbelmonde 57 Zevenbergen, Netherlands<\/h3>\n\t\t\t\t<div class=\"vp-portfolio__item-popup-description\">DanceMasters NL, dubbelmonde 57 Zevenbergen, Netherlands<\/div>\n\t\t<\/template>\n\t\t\t\t\t\t<figure class=\"vp-portfolio__item\">\n\t\t\t\t\n<div class=\"vp-portfolio__item-img-wrap\">\n\t<div class=\"vp-portfolio__item-img\">\n\t\t\t<a\n\t\thref=\"https:\/\/vpdanses.fr\/wp-content\/uploads\/2025\/06\/DanceMastersNL_facebook-1920x994.png\"\n\t\t\t>\n\t\n\t\t<noscript><img loading=\"lazy\" decoding=\"async\" width=\"1280\" height=\"663\" data-skip-lazy src=\"https:\/\/vpdanses.fr\/wp-content\/uploads\/2025\/06\/DanceMastersNL_facebook-1280x663.png\" class=\"wp-image-13401\" alt=\"DanceMasters NL, dubbelmonde 57 Zevenbergen, Netherlands\" srcset=\"https:\/\/vpdanses.fr\/wp-content\/uploads\/2025\/06\/DanceMastersNL_facebook-1280x663.png 1280w, https:\/\/vpdanses.fr\/wp-content\/uploads\/2025\/06\/DanceMastersNL_facebook-300x155.png 300w, https:\/\/vpdanses.fr\/wp-content\/uploads\/2025\/06\/DanceMastersNL_facebook-1024x530.png 1024w, https:\/\/vpdanses.fr\/wp-content\/uploads\/2025\/06\/DanceMastersNL_facebook-768x398.png 768w, https:\/\/vpdanses.fr\/wp-content\/uploads\/2025\/06\/DanceMastersNL_facebook-1536x795.png 1536w, https:\/\/vpdanses.fr\/wp-content\/uploads\/2025\/06\/DanceMastersNL_facebook-2048x1061.png 2048w, https:\/\/vpdanses.fr\/wp-content\/uploads\/2025\/06\/DanceMastersNL_facebook-500x259.png 500w, https:\/\/vpdanses.fr\/wp-content\/uploads\/2025\/06\/DanceMastersNL_facebook-800x414.png 800w, https:\/\/vpdanses.fr\/wp-content\/uploads\/2025\/06\/DanceMastersNL_facebook-1920x994.png 1920w\" sizes=\"auto, (max-width: 1280px) 100vw, 1280px\" \/><\/noscript><img decoding=\"async\" width=\"1280\" height=\"663\" src=\"https:\/\/vpdanses.fr\/wp-content\/uploads\/2025\/06\/DanceMastersNL_facebook-1280x663.png\" class=\"wp-image-13401 vp-lazyload\" alt=\"DanceMasters NL, dubbelmonde 57 Zevenbergen, Netherlands\" srcset=\"data:image\/svg+xml;base64,PHN2ZyB3aWR0aD0iMTI4MCIgaGVpZ2h0PSI2NjMiIHZpZXdCb3g9IjAgMCAxMjgwIDY2MyIgZmlsbD0ibm9uZSIgeG1sbnM9Imh0dHA6Ly93d3cudzMub3JnLzIwMDAvc3ZnIj48L3N2Zz4=\" data-src=\"https:\/\/vpdanses.fr\/wp-content\/uploads\/2025\/06\/DanceMastersNL_facebook-1280x663.png\" data-srcset=\"https:\/\/vpdanses.fr\/wp-content\/uploads\/2025\/06\/DanceMastersNL_facebook-1280x663.png 1280w, https:\/\/vpdanses.fr\/wp-content\/uploads\/2025\/06\/DanceMastersNL_facebook-300x155.png 300w, https:\/\/vpdanses.fr\/wp-content\/uploads\/2025\/06\/DanceMastersNL_facebook-1024x530.png 1024w, https:\/\/vpdanses.fr\/wp-content\/uploads\/2025\/06\/DanceMastersNL_facebook-768x398.png 768w, https:\/\/vpdanses.fr\/wp-content\/uploads\/2025\/06\/DanceMastersNL_facebook-1536x795.png 1536w, https:\/\/vpdanses.fr\/wp-content\/uploads\/2025\/06\/DanceMastersNL_facebook-2048x1061.png 2048w, https:\/\/vpdanses.fr\/wp-content\/uploads\/2025\/06\/DanceMastersNL_facebook-500x259.png 500w, https:\/\/vpdanses.fr\/wp-content\/uploads\/2025\/06\/DanceMastersNL_facebook-800x414.png 800w, https:\/\/vpdanses.fr\/wp-content\/uploads\/2025\/06\/DanceMastersNL_facebook-1920x994.png 1920w\" data-sizes=\"auto\" loading=\"eager\">\n\t\t<\/a>\t<\/div>\n<\/div>\n\t<figcaption class=\"vp-portfolio__item-overlay vp-portfolio__item-overlay-text-align-center\">\n\t\t<div class=\"vp-portfolio__item-meta-wrap vp-portfolio__custom-scrollbar\">\n\t\t\t\t<a\n\t\thref=\"https:\/\/vpdanses.fr\/wp-content\/uploads\/2025\/06\/DanceMastersNL_facebook-1920x994.png\"\n\t\ttabindex=\"-1\" class=\"vp-portfolio__item-meta\" \t>\n\t\n<div class=\"vp-portfolio__item-meta-categories\">\n\t\t\t<div class=\"vp-portfolio__item-meta-category\">\n\t\t\t\t<span\t\t\t>\n\tWDC-AL<\/span>\t\t<\/div>\n\t\t<\/div>\n\n<h2 class=\"vp-portfolio__item-meta-title\">\n\tDanceMasters NL, dubbelmonde 57 Zevenbergen, Netherlands<\/h2>\n<\/a>\t\t<\/div>\n\t<\/figcaption>\n\t\t\t<\/figure>\n\t\t\t\t\t<\/div>\n\t\t\n\t\t<div\t\tclass=\"vp-portfolio__item-wrap category-wdc_al vp-portfolio__item-uid-090dfe6f\" data-vp-filter=\"wdc_al\" \t\t>\n\t\t\t<template class=\"vp-portfolio__item-popup\" data-vp-popup-img=\"https:\/\/vpdanses.fr\/wp-content\/uploads\/2025\/05\/De-Bonte-Wever-Asseb-1920x631.png\" data-vp-popup-img-srcset=\"https:\/\/vpdanses.fr\/wp-content\/uploads\/2025\/05\/De-Bonte-Wever-Asseb-1920x631.png 1920w, https:\/\/vpdanses.fr\/wp-content\/uploads\/2025\/05\/De-Bonte-Wever-Asseb-300x99.png 300w, https:\/\/vpdanses.fr\/wp-content\/uploads\/2025\/05\/De-Bonte-Wever-Asseb-1024x337.png 1024w, https:\/\/vpdanses.fr\/wp-content\/uploads\/2025\/05\/De-Bonte-Wever-Asseb-768x253.png 768w, https:\/\/vpdanses.fr\/wp-content\/uploads\/2025\/05\/De-Bonte-Wever-Asseb-1536x505.png 1536w, https:\/\/vpdanses.fr\/wp-content\/uploads\/2025\/05\/De-Bonte-Wever-Asseb-2048x673.png 2048w, https:\/\/vpdanses.fr\/wp-content\/uploads\/2025\/05\/De-Bonte-Wever-Asseb-500x164.png 500w, https:\/\/vpdanses.fr\/wp-content\/uploads\/2025\/05\/De-Bonte-Wever-Asseb-800x263.png 800w, https:\/\/vpdanses.fr\/wp-content\/uploads\/2025\/05\/De-Bonte-Wever-Asseb-1280x421.png 1280w\" data-vp-popup-img-size=\"1920x631\" data-vp-popup-md-img=\"https:\/\/vpdanses.fr\/wp-content\/uploads\/2025\/05\/De-Bonte-Wever-Asseb-800x263.png\" data-vp-popup-md-img-size=\"800x263\" data-vp-popup-sm-img=\"https:\/\/vpdanses.fr\/wp-content\/uploads\/2025\/05\/De-Bonte-Wever-Asseb-500x164.png\" data-vp-popup-sm-img-size=\"500x164\">\n\t\t\t<h3 class=\"vp-portfolio__item-popup-title\">De Bonte Wever Assen, Netherlands<\/h3>\n\t\t\t\t<div class=\"vp-portfolio__item-popup-description\">De Bonte Wever Assen, Netherlands<\/div>\n\t\t<\/template>\n\t\t\t\t\t\t<figure class=\"vp-portfolio__item\">\n\t\t\t\t\n<div class=\"vp-portfolio__item-img-wrap\">\n\t<div class=\"vp-portfolio__item-img\">\n\t\t\t<a\n\t\thref=\"https:\/\/vpdanses.fr\/wp-content\/uploads\/2025\/05\/De-Bonte-Wever-Asseb-1920x631.png\"\n\t\t\t>\n\t\n\t\t<noscript><img loading=\"lazy\" decoding=\"async\" width=\"1280\" height=\"421\" data-skip-lazy src=\"https:\/\/vpdanses.fr\/wp-content\/uploads\/2025\/05\/De-Bonte-Wever-Asseb-1280x421.png\" class=\"wp-image-13397\" alt=\"De Bonte Wever Assen, Netherlands\" srcset=\"https:\/\/vpdanses.fr\/wp-content\/uploads\/2025\/05\/De-Bonte-Wever-Asseb-1280x421.png 1280w, https:\/\/vpdanses.fr\/wp-content\/uploads\/2025\/05\/De-Bonte-Wever-Asseb-300x99.png 300w, https:\/\/vpdanses.fr\/wp-content\/uploads\/2025\/05\/De-Bonte-Wever-Asseb-1024x337.png 1024w, https:\/\/vpdanses.fr\/wp-content\/uploads\/2025\/05\/De-Bonte-Wever-Asseb-768x253.png 768w, https:\/\/vpdanses.fr\/wp-content\/uploads\/2025\/05\/De-Bonte-Wever-Asseb-1536x505.png 1536w, https:\/\/vpdanses.fr\/wp-content\/uploads\/2025\/05\/De-Bonte-Wever-Asseb-2048x673.png 2048w, https:\/\/vpdanses.fr\/wp-content\/uploads\/2025\/05\/De-Bonte-Wever-Asseb-500x164.png 500w, https:\/\/vpdanses.fr\/wp-content\/uploads\/2025\/05\/De-Bonte-Wever-Asseb-800x263.png 800w, https:\/\/vpdanses.fr\/wp-content\/uploads\/2025\/05\/De-Bonte-Wever-Asseb-1920x631.png 1920w\" sizes=\"auto, (max-width: 1280px) 100vw, 1280px\" \/><\/noscript><img decoding=\"async\" width=\"1280\" height=\"421\" src=\"https:\/\/vpdanses.fr\/wp-content\/uploads\/2025\/05\/De-Bonte-Wever-Asseb-1280x421.png\" class=\"wp-image-13397 vp-lazyload\" alt=\"De Bonte Wever Assen, Netherlands\" srcset=\"data:image\/svg+xml;base64,PHN2ZyB3aWR0aD0iMTI4MCIgaGVpZ2h0PSI0MjEiIHZpZXdCb3g9IjAgMCAxMjgwIDQyMSIgZmlsbD0ibm9uZSIgeG1sbnM9Imh0dHA6Ly93d3cudzMub3JnLzIwMDAvc3ZnIj48L3N2Zz4=\" data-src=\"https:\/\/vpdanses.fr\/wp-content\/uploads\/2025\/05\/De-Bonte-Wever-Asseb-1280x421.png\" data-srcset=\"https:\/\/vpdanses.fr\/wp-content\/uploads\/2025\/05\/De-Bonte-Wever-Asseb-1280x421.png 1280w, https:\/\/vpdanses.fr\/wp-content\/uploads\/2025\/05\/De-Bonte-Wever-Asseb-300x99.png 300w, https:\/\/vpdanses.fr\/wp-content\/uploads\/2025\/05\/De-Bonte-Wever-Asseb-1024x337.png 1024w, https:\/\/vpdanses.fr\/wp-content\/uploads\/2025\/05\/De-Bonte-Wever-Asseb-768x253.png 768w, https:\/\/vpdanses.fr\/wp-content\/uploads\/2025\/05\/De-Bonte-Wever-Asseb-1536x505.png 1536w, https:\/\/vpdanses.fr\/wp-content\/uploads\/2025\/05\/De-Bonte-Wever-Asseb-2048x673.png 2048w, https:\/\/vpdanses.fr\/wp-content\/uploads\/2025\/05\/De-Bonte-Wever-Asseb-500x164.png 500w, https:\/\/vpdanses.fr\/wp-content\/uploads\/2025\/05\/De-Bonte-Wever-Asseb-800x263.png 800w, https:\/\/vpdanses.fr\/wp-content\/uploads\/2025\/05\/De-Bonte-Wever-Asseb-1920x631.png 1920w\" data-sizes=\"auto\" loading=\"eager\">\n\t\t<\/a>\t<\/div>\n<\/div>\n\t<figcaption class=\"vp-portfolio__item-overlay vp-portfolio__item-overlay-text-align-center\">\n\t\t<div class=\"vp-portfolio__item-meta-wrap vp-portfolio__custom-scrollbar\">\n\t\t\t\t<a\n\t\thref=\"https:\/\/vpdanses.fr\/wp-content\/uploads\/2025\/05\/De-Bonte-Wever-Asseb-1920x631.png\"\n\t\ttabindex=\"-1\" class=\"vp-portfolio__item-meta\" \t>\n\t\n<div class=\"vp-portfolio__item-meta-categories\">\n\t\t\t<div class=\"vp-portfolio__item-meta-category\">\n\t\t\t\t<span\t\t\t>\n\tWDC-AL<\/span>\t\t<\/div>\n\t\t<\/div>\n\n<h2 class=\"vp-portfolio__item-meta-title\">\n\tDe Bonte Wever Assen, Netherlands<\/h2>\n<\/a>\t\t<\/div>\n\t<\/figcaption>\n\t\t\t<\/figure>\n\t\t\t\t\t<\/div>\n\t\t\n<\/div>\n\t\t<\/div>\n\t\t\n<\/div>\n<\/div>","protected":false},"excerpt":{"rendered":"<p>VP DANSES Hazebrouck a particip\u00e9 \u00e0 la comp\u00e9tition internationale de danse sportive \u00ab\u00a0NK WDC DUTCH AMATEUR LEAGUE DE BONTE WEVER ASSEN\u00a0\u00bb le samedi 14\/06\/2025, organis\u00e9 par WDC-AL, \u00e0 ASSEN, aux Pays-Bas.<\/p>\n","protected":false},"author":1,"featured_media":13404,"comment_status":"closed","ping_status":"closed","sticky":false,"template":"","format":"standard","meta":{"_uag_custom_page_level_css":"","_price":"","_stock":"","_tribe_ticket_header":"","_tribe_default_ticket_provider":"","_tribe_ticket_capacity":"0","_ticket_start_date":"","_ticket_end_date":"","_tribe_ticket_show_description":"","_tribe_ticket_show_not_going":false,"_tribe_ticket_use_global_stock":"","_tribe_ticket_global_stock_level":"","_global_stock_mode":"","_global_stock_cap":"","_tribe_rsvp_for_event":"","_tribe_ticket_going_count":"","_tribe_ticket_not_going_count":"","_tribe_tickets_list":"[]","_tribe_ticket_has_attendee_info_fields":false,"_EventAllDay":false,"_EventTimezone":"","_EventStartDate":"","_EventEndDate":"","_EventStartDateUTC":"","_EventEndDateUTC":"","_EventShowMap":false,"_EventShowMapLink":false,"_EventURL":"","_EventCost":"","_EventCostDescription":"","_EventCurrencySymbol":"","_EventCurrencyCode":"","_EventCurrencyPosition":"","_EventDateTimeSeparator":"","_EventTimeRangeSeparator":"","_EventOrganizerID":[],"_EventVenueID":[],"_OrganizerEmail":"","_OrganizerPhone":"","_OrganizerWebsite":"","_VenueAddress":"","_VenueCity":"","_VenueCountry":"","_VenueProvince":"","_VenueState":"","_VenueZip":"","_VenuePhone":"","_VenueURL":"","_VenueStateProvince":"","_VenueLat":"","_VenueLng":"","_VenueShowMap":false,"_VenueShowMapLink":false,"_vp_format_video_url":"","_vp_image_focal_point":[],"_jetpack_memberships_contains_paid_content":false,"footnotes":""},"categories":[229,289],"tags":[],"class_list":["post-13410","post","type-post","status-publish","format-standard","has-post-thumbnail","hentry","category-competition","category-wdc-al"],"yoast_head":"<!-- This site is optimized with the Yoast SEO Premium plugin v25.6 (Yoast SEO v25.6) - https:\/\/yoast.com\/wordpress\/plugins\/seo\/ -->\n<title>NK WDC DUTCH AMATEUR LEAGUE 2025, DE BONTE WEVER, ASSEN - VP DANSES, cours de Danse Sportive \u00e0 Aire-sur-la-Lys et \u00e0 Saint-Jans-Cappel (Hauts-de-France)<\/title>\n<meta name=\"description\" content=\"VP DANSES Hazebrouck a particip\u00e9 \u00e0 la comp\u00e9tition internationale de danse sportive &quot;NK WDC DUTCH AMATEUR LEAGUE DE BONTE WEVER ASSEN&quot; le samedi 14\/06\/2025, organis\u00e9 par WDC-AL, \u00e0 ASSEN, aux Pays-Bas.\" \/>\n<meta name=\"robots\" content=\"index, follow, max-snippet:-1, max-image-preview:large, max-video-preview:-1\" \/>\n<link rel=\"canonical\" href=\"https:\/\/vpdanses.fr\/home\/bienvenue-chez-vp-danses-hazebrouck\/wdc-al-de-bonte-wever-assen-pays-bas-2025\/\" \/>\n<meta property=\"og:locale\" content=\"fr_FR\" \/>\n<meta property=\"og:type\" content=\"article\" \/>\n<meta property=\"og:title\" content=\"NK WDC-AL DUTCH AMATEUR LEAGUE 14\/06\/2025 DE BONTE WEVER ASSEN\" \/>\n<meta property=\"og:description\" content=\"VP DANSES Hazebrouck a particip\u00e9 \u00e0 la comp\u00e9tition internationale de danse sportive &quot;NK WDC DUTCH AMATEUR LEAGUE DE BONTE WEVER ASSEN&quot; le samedi 14\/06\/2025, organis\u00e9 par WDC-AL, \u00e0 ASSEN, aux Pays-Bas.\" \/>\n<meta property=\"og:url\" content=\"https:\/\/vpdanses.fr\/home\/bienvenue-chez-vp-danses-hazebrouck\/wdc-al-de-bonte-wever-assen-pays-bas-2025\/\" \/>\n<meta property=\"og:site_name\" content=\"VP DANSES, cours de Danse Sportive \u00e0 Aire-sur-la-Lys et \u00e0 Saint-Jans-Cappel (Hauts-de-France)\" \/>\n<meta property=\"article:published_time\" content=\"2025-06-15T14:21:25+00:00\" \/>\n<meta property=\"article:modified_time\" content=\"2025-06-17T15:55:21+00:00\" \/>\n<meta property=\"og:image\" content=\"https:\/\/vpdanses.fr\/wp-content\/uploads\/2025\/05\/2025-06-14.Affiche_WDC-AL_dutch_Amateur_League_Assen.jpg\" \/>\n\t<meta property=\"og:image:width\" content=\"1132\" \/>\n\t<meta property=\"og:image:height\" content=\"1600\" \/>\n\t<meta property=\"og:image:type\" content=\"image\/jpeg\" \/>\n<meta name=\"author\" content=\"VP DANSES\" \/>\n<meta name=\"twitter:card\" content=\"summary_large_image\" \/>\n<meta name=\"twitter:title\" content=\"NK WDC DUTCH AMATEUR LEAGUE 2025, DE BONTE WEVER, ASSEN\" \/>\n<meta name=\"twitter:label1\" content=\"\u00c9crit par\" \/>\n\t<meta name=\"twitter:data1\" content=\"VP DANSES\" \/>\n\t<meta name=\"twitter:label2\" content=\"Dur\u00e9e de lecture estim\u00e9e\" \/>\n\t<meta name=\"twitter:data2\" content=\"1 minute\" \/>\n<script type=\"application\/ld+json\" class=\"yoast-schema-graph\">{\"@context\":\"https:\/\/schema.org\",\"@graph\":[{\"@type\":\"Article\",\"@id\":\"https:\/\/vpdanses.fr\/home\/bienvenue-chez-vp-danses-hazebrouck\/wdc-al-de-bonte-wever-assen-pays-bas-2025\/#article\",\"isPartOf\":{\"@id\":\"https:\/\/vpdanses.fr\/home\/bienvenue-chez-vp-danses-hazebrouck\/wdc-al-de-bonte-wever-assen-pays-bas-2025\/\"},\"author\":{\"name\":\"VP DANSES\",\"@id\":\"https:\/\/vpdanses.fr\/home\/bienvenue-chez-vp-danses-hazebrouck\/#\/schema\/person\/bf87806369778f949b83c9cd885519e5\"},\"headline\":\"NK WDC DUTCH AMATEUR LEAGUE 2025, DE BONTE WEVER, ASSEN\",\"datePublished\":\"2025-06-15T14:21:25+00:00\",\"dateModified\":\"2025-06-17T15:55:21+00:00\",\"mainEntityOfPage\":{\"@id\":\"https:\/\/vpdanses.fr\/home\/bienvenue-chez-vp-danses-hazebrouck\/wdc-al-de-bonte-wever-assen-pays-bas-2025\/\"},\"wordCount\":10,\"publisher\":{\"@id\":\"https:\/\/vpdanses.fr\/home\/bienvenue-chez-vp-danses-hazebrouck\/#organization\"},\"image\":{\"@id\":\"https:\/\/vpdanses.fr\/home\/bienvenue-chez-vp-danses-hazebrouck\/wdc-al-de-bonte-wever-assen-pays-bas-2025\/#primaryimage\"},\"thumbnailUrl\":\"https:\/\/vpdanses.fr\/wp-content\/uploads\/2025\/05\/2025-06-14.Affiche_WDC-AL_dutch_Amateur_League_Assen.jpg\",\"articleSection\":[\"Comp\u00e9tition\",\"WDC-AL\"],\"inLanguage\":\"fr-FR\"},{\"@type\":\"WebPage\",\"@id\":\"https:\/\/vpdanses.fr\/home\/bienvenue-chez-vp-danses-hazebrouck\/wdc-al-de-bonte-wever-assen-pays-bas-2025\/\",\"url\":\"https:\/\/vpdanses.fr\/home\/bienvenue-chez-vp-danses-hazebrouck\/wdc-al-de-bonte-wever-assen-pays-bas-2025\/\",\"name\":\"NK WDC DUTCH AMATEUR LEAGUE 2025, DE BONTE WEVER, ASSEN - VP DANSES, cours de Danse Sportive \u00e0 Aire-sur-la-Lys et \u00e0 Saint-Jans-Cappel (Hauts-de-France)\",\"isPartOf\":{\"@id\":\"https:\/\/vpdanses.fr\/home\/bienvenue-chez-vp-danses-hazebrouck\/#website\"},\"primaryImageOfPage\":{\"@id\":\"https:\/\/vpdanses.fr\/home\/bienvenue-chez-vp-danses-hazebrouck\/wdc-al-de-bonte-wever-assen-pays-bas-2025\/#primaryimage\"},\"image\":{\"@id\":\"https:\/\/vpdanses.fr\/home\/bienvenue-chez-vp-danses-hazebrouck\/wdc-al-de-bonte-wever-assen-pays-bas-2025\/#primaryimage\"},\"thumbnailUrl\":\"https:\/\/vpdanses.fr\/wp-content\/uploads\/2025\/05\/2025-06-14.Affiche_WDC-AL_dutch_Amateur_League_Assen.jpg\",\"datePublished\":\"2025-06-15T14:21:25+00:00\",\"dateModified\":\"2025-06-17T15:55:21+00:00\",\"description\":\"VP DANSES Hazebrouck a particip\u00e9 \u00e0 la comp\u00e9tition internationale de danse sportive \\\"NK WDC DUTCH AMATEUR LEAGUE DE BONTE WEVER ASSEN\\\" le samedi 14\/06\/2025, organis\u00e9 par WDC-AL, \u00e0 ASSEN, aux Pays-Bas.\",\"breadcrumb\":{\"@id\":\"https:\/\/vpdanses.fr\/home\/bienvenue-chez-vp-danses-hazebrouck\/wdc-al-de-bonte-wever-assen-pays-bas-2025\/#breadcrumb\"},\"inLanguage\":\"fr-FR\",\"potentialAction\":[{\"@type\":\"ReadAction\",\"target\":[\"https:\/\/vpdanses.fr\/home\/bienvenue-chez-vp-danses-hazebrouck\/wdc-al-de-bonte-wever-assen-pays-bas-2025\/\"]}]},{\"@type\":\"ImageObject\",\"inLanguage\":\"fr-FR\",\"@id\":\"https:\/\/vpdanses.fr\/home\/bienvenue-chez-vp-danses-hazebrouck\/wdc-al-de-bonte-wever-assen-pays-bas-2025\/#primaryimage\",\"url\":\"https:\/\/vpdanses.fr\/wp-content\/uploads\/2025\/05\/2025-06-14.Affiche_WDC-AL_dutch_Amateur_League_Assen.jpg\",\"contentUrl\":\"https:\/\/vpdanses.fr\/wp-content\/uploads\/2025\/05\/2025-06-14.Affiche_WDC-AL_dutch_Amateur_League_Assen.jpg\",\"width\":1132,\"height\":1600,\"caption\":\"NK WDC-AL Dutch Amateur League, Affiche ASSEN 2025\"},{\"@type\":\"BreadcrumbList\",\"@id\":\"https:\/\/vpdanses.fr\/home\/bienvenue-chez-vp-danses-hazebrouck\/wdc-al-de-bonte-wever-assen-pays-bas-2025\/#breadcrumb\",\"itemListElement\":[{\"@type\":\"ListItem\",\"position\":1,\"name\":\"Accueil\",\"item\":\"https:\/\/vpdanses.fr\/home\/bienvenue-chez-vp-danses-hazebrouck\/\"},{\"@type\":\"ListItem\",\"position\":2,\"name\":\"NK WDC DUTCH AMATEUR LEAGUE 2025, DE BONTE WEVER, ASSEN\"}]},{\"@type\":\"WebSite\",\"@id\":\"https:\/\/vpdanses.fr\/home\/bienvenue-chez-vp-danses-hazebrouck\/#website\",\"url\":\"https:\/\/vpdanses.fr\/home\/bienvenue-chez-vp-danses-hazebrouck\/\",\"name\":\"VP DANSES, cours de Danse Sportive \u00e0 Aire-sur-la-Lys et \u00e0 Saint-Jans-Cappel (Hauts-de-France)\",\"description\":\"Cours de Danse Sportive STANDARD (valse anglaise, tango, valse viennoise, slowfox, quickstep), danses sportives LATINES (samba, chacha, rumba, paso doble, jive), danses de bal, danses de salons, danses de loisirs, salsa, rock 4 temps, rock 6 temps, danses en ligne, disco, \u2026 Lieu : Hazebrouck, Aire-sur-la-Lys, Saint-Jans-Cappel et Isbergues (Hauts-de-France) - Cours Particuliers dans les Hauts-de-France - Ouverture de bal de Mariage\",\"publisher\":{\"@id\":\"https:\/\/vpdanses.fr\/home\/bienvenue-chez-vp-danses-hazebrouck\/#organization\"},\"potentialAction\":[{\"@type\":\"SearchAction\",\"target\":{\"@type\":\"EntryPoint\",\"urlTemplate\":\"https:\/\/vpdanses.fr\/home\/bienvenue-chez-vp-danses-hazebrouck\/?s={search_term_string}\"},\"query-input\":{\"@type\":\"PropertyValueSpecification\",\"valueRequired\":true,\"valueName\":\"search_term_string\"}}],\"inLanguage\":\"fr-FR\"},{\"@type\":\"Organization\",\"@id\":\"https:\/\/vpdanses.fr\/home\/bienvenue-chez-vp-danses-hazebrouck\/#organization\",\"name\":\"VP DANSES, cours de Danse Sportive \u00e0 Aire-sur-la-Lys et \u00e0 Saint-Jans-Cappel (Hauts-de-France)\",\"url\":\"https:\/\/vpdanses.fr\/home\/bienvenue-chez-vp-danses-hazebrouck\/\",\"logo\":{\"@type\":\"ImageObject\",\"inLanguage\":\"fr-FR\",\"@id\":\"https:\/\/vpdanses.fr\/home\/bienvenue-chez-vp-danses-hazebrouck\/#\/schema\/logo\/image\/\",\"url\":\"https:\/\/vpdanses.fr\/wp-content\/uploads\/2024\/10\/logo_cadanse_asaintjans.jpeg\",\"contentUrl\":\"https:\/\/vpdanses.fr\/wp-content\/uploads\/2024\/10\/logo_cadanse_asaintjans.jpeg\",\"width\":225,\"height\":225,\"caption\":\"VP DANSES, cours de Danse Sportive \u00e0 Aire-sur-la-Lys et \u00e0 Saint-Jans-Cappel (Hauts-de-France)\"},\"image\":{\"@id\":\"https:\/\/vpdanses.fr\/home\/bienvenue-chez-vp-danses-hazebrouck\/#\/schema\/logo\/image\/\"}},{\"@type\":\"Person\",\"@id\":\"https:\/\/vpdanses.fr\/home\/bienvenue-chez-vp-danses-hazebrouck\/#\/schema\/person\/bf87806369778f949b83c9cd885519e5\",\"name\":\"VP DANSES\",\"description\":\"\\\"VP danses\\\" est une association qui donne des cours de DANSES SPORTIVES STANDARDS (valse anglaise, tango, valse viennoise, slowfox, quickstep), de DANSES SPORTIVES LATINES (samba, chacha, rumba, paso doble, jive), de DANSES DE BAL, de DANSES DE SALONS, de DANSES DE LOISIRS, de SALSA, de ROCK 4 TEMPS, de ROCK 6 TEMPS, de DANSES EN LIGNE, de DISCO, \u2026\",\"sameAs\":[\"https:\/\/vpdanses.fr\"],\"url\":\"https:\/\/vpdanses.fr\/home\/bienvenue-chez-vp-danses-hazebrouck\/author\/adminvp20241018\/\"}]}<\/script>\n<!-- \/ Yoast SEO Premium plugin. -->","yoast_head_json":{"title":"NK WDC DUTCH AMATEUR LEAGUE 2025, DE BONTE WEVER, ASSEN - VP DANSES, cours de Danse Sportive \u00e0 Aire-sur-la-Lys et \u00e0 Saint-Jans-Cappel (Hauts-de-France)","description":"VP DANSES Hazebrouck a particip\u00e9 \u00e0 la comp\u00e9tition internationale de danse sportive \"NK WDC DUTCH AMATEUR LEAGUE DE BONTE WEVER ASSEN\" le samedi 14\/06\/2025, organis\u00e9 par WDC-AL, \u00e0 ASSEN, aux Pays-Bas.","robots":{"index":"index","follow":"follow","max-snippet":"max-snippet:-1","max-image-preview":"max-image-preview:large","max-video-preview":"max-video-preview:-1"},"canonical":"https:\/\/vpdanses.fr\/home\/bienvenue-chez-vp-danses-hazebrouck\/wdc-al-de-bonte-wever-assen-pays-bas-2025\/","og_locale":"fr_FR","og_type":"article","og_title":"NK WDC-AL DUTCH AMATEUR LEAGUE 14\/06\/2025 DE BONTE WEVER ASSEN","og_description":"VP DANSES Hazebrouck a particip\u00e9 \u00e0 la comp\u00e9tition internationale de danse sportive \"NK WDC DUTCH AMATEUR LEAGUE DE BONTE WEVER ASSEN\" le samedi 14\/06\/2025, organis\u00e9 par WDC-AL, \u00e0 ASSEN, aux Pays-Bas.","og_url":"https:\/\/vpdanses.fr\/home\/bienvenue-chez-vp-danses-hazebrouck\/wdc-al-de-bonte-wever-assen-pays-bas-2025\/","og_site_name":"VP DANSES, cours de Danse Sportive \u00e0 Aire-sur-la-Lys et \u00e0 Saint-Jans-Cappel (Hauts-de-France)","article_published_time":"2025-06-15T14:21:25+00:00","article_modified_time":"2025-06-17T15:55:21+00:00","og_image":[{"width":1132,"height":1600,"url":"https:\/\/vpdanses.fr\/wp-content\/uploads\/2025\/05\/2025-06-14.Affiche_WDC-AL_dutch_Amateur_League_Assen.jpg","type":"image\/jpeg"}],"author":"VP DANSES","twitter_card":"summary_large_image","twitter_title":"NK WDC DUTCH AMATEUR LEAGUE 2025, DE BONTE WEVER, ASSEN","twitter_misc":{"\u00c9crit par":"VP DANSES","Dur\u00e9e de lecture estim\u00e9e":"1 minute"},"schema":{"@context":"https:\/\/schema.org","@graph":[{"@type":"Article","@id":"https:\/\/vpdanses.fr\/home\/bienvenue-chez-vp-danses-hazebrouck\/wdc-al-de-bonte-wever-assen-pays-bas-2025\/#article","isPartOf":{"@id":"https:\/\/vpdanses.fr\/home\/bienvenue-chez-vp-danses-hazebrouck\/wdc-al-de-bonte-wever-assen-pays-bas-2025\/"},"author":{"name":"VP DANSES","@id":"https:\/\/vpdanses.fr\/home\/bienvenue-chez-vp-danses-hazebrouck\/#\/schema\/person\/bf87806369778f949b83c9cd885519e5"},"headline":"NK WDC DUTCH AMATEUR LEAGUE 2025, DE BONTE WEVER, ASSEN","datePublished":"2025-06-15T14:21:25+00:00","dateModified":"2025-06-17T15:55:21+00:00","mainEntityOfPage":{"@id":"https:\/\/vpdanses.fr\/home\/bienvenue-chez-vp-danses-hazebrouck\/wdc-al-de-bonte-wever-assen-pays-bas-2025\/"},"wordCount":10,"publisher":{"@id":"https:\/\/vpdanses.fr\/home\/bienvenue-chez-vp-danses-hazebrouck\/#organization"},"image":{"@id":"https:\/\/vpdanses.fr\/home\/bienvenue-chez-vp-danses-hazebrouck\/wdc-al-de-bonte-wever-assen-pays-bas-2025\/#primaryimage"},"thumbnailUrl":"https:\/\/vpdanses.fr\/wp-content\/uploads\/2025\/05\/2025-06-14.Affiche_WDC-AL_dutch_Amateur_League_Assen.jpg","articleSection":["Comp\u00e9tition","WDC-AL"],"inLanguage":"fr-FR"},{"@type":"WebPage","@id":"https:\/\/vpdanses.fr\/home\/bienvenue-chez-vp-danses-hazebrouck\/wdc-al-de-bonte-wever-assen-pays-bas-2025\/","url":"https:\/\/vpdanses.fr\/home\/bienvenue-chez-vp-danses-hazebrouck\/wdc-al-de-bonte-wever-assen-pays-bas-2025\/","name":"NK WDC DUTCH AMATEUR LEAGUE 2025, DE BONTE WEVER, ASSEN - VP DANSES, cours de Danse Sportive \u00e0 Aire-sur-la-Lys et \u00e0 Saint-Jans-Cappel (Hauts-de-France)","isPartOf":{"@id":"https:\/\/vpdanses.fr\/home\/bienvenue-chez-vp-danses-hazebrouck\/#website"},"primaryImageOfPage":{"@id":"https:\/\/vpdanses.fr\/home\/bienvenue-chez-vp-danses-hazebrouck\/wdc-al-de-bonte-wever-assen-pays-bas-2025\/#primaryimage"},"image":{"@id":"https:\/\/vpdanses.fr\/home\/bienvenue-chez-vp-danses-hazebrouck\/wdc-al-de-bonte-wever-assen-pays-bas-2025\/#primaryimage"},"thumbnailUrl":"https:\/\/vpdanses.fr\/wp-content\/uploads\/2025\/05\/2025-06-14.Affiche_WDC-AL_dutch_Amateur_League_Assen.jpg","datePublished":"2025-06-15T14:21:25+00:00","dateModified":"2025-06-17T15:55:21+00:00","description":"VP DANSES Hazebrouck a particip\u00e9 \u00e0 la comp\u00e9tition internationale de danse sportive \"NK WDC DUTCH AMATEUR LEAGUE DE BONTE WEVER ASSEN\" le samedi 14\/06\/2025, organis\u00e9 par WDC-AL, \u00e0 ASSEN, aux Pays-Bas.","breadcrumb":{"@id":"https:\/\/vpdanses.fr\/home\/bienvenue-chez-vp-danses-hazebrouck\/wdc-al-de-bonte-wever-assen-pays-bas-2025\/#breadcrumb"},"inLanguage":"fr-FR","potentialAction":[{"@type":"ReadAction","target":["https:\/\/vpdanses.fr\/home\/bienvenue-chez-vp-danses-hazebrouck\/wdc-al-de-bonte-wever-assen-pays-bas-2025\/"]}]},{"@type":"ImageObject","inLanguage":"fr-FR","@id":"https:\/\/vpdanses.fr\/home\/bienvenue-chez-vp-danses-hazebrouck\/wdc-al-de-bonte-wever-assen-pays-bas-2025\/#primaryimage","url":"https:\/\/vpdanses.fr\/wp-content\/uploads\/2025\/05\/2025-06-14.Affiche_WDC-AL_dutch_Amateur_League_Assen.jpg","contentUrl":"https:\/\/vpdanses.fr\/wp-content\/uploads\/2025\/05\/2025-06-14.Affiche_WDC-AL_dutch_Amateur_League_Assen.jpg","width":1132,"height":1600,"caption":"NK WDC-AL Dutch Amateur League, Affiche ASSEN 2025"},{"@type":"BreadcrumbList","@id":"https:\/\/vpdanses.fr\/home\/bienvenue-chez-vp-danses-hazebrouck\/wdc-al-de-bonte-wever-assen-pays-bas-2025\/#breadcrumb","itemListElement":[{"@type":"ListItem","position":1,"name":"Accueil","item":"https:\/\/vpdanses.fr\/home\/bienvenue-chez-vp-danses-hazebrouck\/"},{"@type":"ListItem","position":2,"name":"NK WDC DUTCH AMATEUR LEAGUE 2025, DE BONTE WEVER, ASSEN"}]},{"@type":"WebSite","@id":"https:\/\/vpdanses.fr\/home\/bienvenue-chez-vp-danses-hazebrouck\/#website","url":"https:\/\/vpdanses.fr\/home\/bienvenue-chez-vp-danses-hazebrouck\/","name":"VP DANSES, cours de Danse Sportive \u00e0 Aire-sur-la-Lys et \u00e0 Saint-Jans-Cappel (Hauts-de-France)","description":"Cours de Danse Sportive STANDARD (valse anglaise, tango, valse viennoise, slowfox, quickstep), danses sportives LATINES (samba, chacha, rumba, paso doble, jive), danses de bal, danses de salons, danses de loisirs, salsa, rock 4 temps, rock 6 temps, danses en ligne, disco, \u2026 Lieu : Hazebrouck, Aire-sur-la-Lys, Saint-Jans-Cappel et Isbergues (Hauts-de-France) - Cours Particuliers dans les Hauts-de-France - Ouverture de bal de Mariage","publisher":{"@id":"https:\/\/vpdanses.fr\/home\/bienvenue-chez-vp-danses-hazebrouck\/#organization"},"potentialAction":[{"@type":"SearchAction","target":{"@type":"EntryPoint","urlTemplate":"https:\/\/vpdanses.fr\/home\/bienvenue-chez-vp-danses-hazebrouck\/?s={search_term_string}"},"query-input":{"@type":"PropertyValueSpecification","valueRequired":true,"valueName":"search_term_string"}}],"inLanguage":"fr-FR"},{"@type":"Organization","@id":"https:\/\/vpdanses.fr\/home\/bienvenue-chez-vp-danses-hazebrouck\/#organization","name":"VP DANSES, cours de Danse Sportive \u00e0 Aire-sur-la-Lys et \u00e0 Saint-Jans-Cappel (Hauts-de-France)","url":"https:\/\/vpdanses.fr\/home\/bienvenue-chez-vp-danses-hazebrouck\/","logo":{"@type":"ImageObject","inLanguage":"fr-FR","@id":"https:\/\/vpdanses.fr\/home\/bienvenue-chez-vp-danses-hazebrouck\/#\/schema\/logo\/image\/","url":"https:\/\/vpdanses.fr\/wp-content\/uploads\/2024\/10\/logo_cadanse_asaintjans.jpeg","contentUrl":"https:\/\/vpdanses.fr\/wp-content\/uploads\/2024\/10\/logo_cadanse_asaintjans.jpeg","width":225,"height":225,"caption":"VP DANSES, cours de Danse Sportive \u00e0 Aire-sur-la-Lys et \u00e0 Saint-Jans-Cappel (Hauts-de-France)"},"image":{"@id":"https:\/\/vpdanses.fr\/home\/bienvenue-chez-vp-danses-hazebrouck\/#\/schema\/logo\/image\/"}},{"@type":"Person","@id":"https:\/\/vpdanses.fr\/home\/bienvenue-chez-vp-danses-hazebrouck\/#\/schema\/person\/bf87806369778f949b83c9cd885519e5","name":"VP DANSES","description":"\"VP danses\" est une association qui donne des cours de DANSES SPORTIVES STANDARDS (valse anglaise, tango, valse viennoise, slowfox, quickstep), de DANSES SPORTIVES LATINES (samba, chacha, rumba, paso doble, jive), de DANSES DE BAL, de DANSES DE SALONS, de DANSES DE LOISIRS, de SALSA, de ROCK 4 TEMPS, de ROCK 6 TEMPS, de DANSES EN LIGNE, de DISCO, \u2026","sameAs":["https:\/\/vpdanses.fr"],"url":"https:\/\/vpdanses.fr\/home\/bienvenue-chez-vp-danses-hazebrouck\/author\/adminvp20241018\/"}]}},"jetpack_featured_media_url":"https:\/\/vpdanses.fr\/wp-content\/uploads\/2025\/05\/2025-06-14.Affiche_WDC-AL_dutch_Amateur_League_Assen.jpg","uagb_featured_image_src":{"full":["https:\/\/vpdanses.fr\/wp-content\/uploads\/2025\/05\/2025-06-14.Affiche_WDC-AL_dutch_Amateur_League_Assen.jpg",1132,1600,false],"thumbnail":["https:\/\/vpdanses.fr\/wp-content\/uploads\/2025\/05\/2025-06-14.Affiche_WDC-AL_dutch_Amateur_League_Assen-150x150.jpg",150,150,true],"medium":["https:\/\/vpdanses.fr\/wp-content\/uploads\/2025\/05\/2025-06-14.Affiche_WDC-AL_dutch_Amateur_League_Assen-212x300.jpg",212,300,true],"medium_large":["https:\/\/vpdanses.fr\/wp-content\/uploads\/2025\/05\/2025-06-14.Affiche_WDC-AL_dutch_Amateur_League_Assen-768x1086.jpg",768,1086,true],"large":["https:\/\/vpdanses.fr\/wp-content\/uploads\/2025\/05\/2025-06-14.Affiche_WDC-AL_dutch_Amateur_League_Assen-724x1024.jpg",724,1024,true],"1536x1536":["https:\/\/vpdanses.fr\/wp-content\/uploads\/2025\/05\/2025-06-14.Affiche_WDC-AL_dutch_Amateur_League_Assen-1087x1536.jpg",1087,1536,true],"2048x2048":["https:\/\/vpdanses.fr\/wp-content\/uploads\/2025\/05\/2025-06-14.Affiche_WDC-AL_dutch_Amateur_League_Assen.jpg",1132,1600,false],"vp_sm":["https:\/\/vpdanses.fr\/wp-content\/uploads\/2025\/05\/2025-06-14.Affiche_WDC-AL_dutch_Amateur_League_Assen-500x707.jpg",500,707,true],"vp_md":["https:\/\/vpdanses.fr\/wp-content\/uploads\/2025\/05\/2025-06-14.Affiche_WDC-AL_dutch_Amateur_League_Assen-800x1131.jpg",800,1131,true],"vp_lg":["https:\/\/vpdanses.fr\/wp-content\/uploads\/2025\/05\/2025-06-14.Affiche_WDC-AL_dutch_Amateur_League_Assen.jpg",1132,1600,false],"vp_xl":["https:\/\/vpdanses.fr\/wp-content\/uploads\/2025\/05\/2025-06-14.Affiche_WDC-AL_dutch_Amateur_League_Assen.jpg",1132,1600,false],"vp_sm_popup":["https:\/\/vpdanses.fr\/wp-content\/uploads\/2025\/05\/2025-06-14.Affiche_WDC-AL_dutch_Amateur_League_Assen-500x707.jpg",500,707,true],"vp_md_popup":["https:\/\/vpdanses.fr\/wp-content\/uploads\/2025\/05\/2025-06-14.Affiche_WDC-AL_dutch_Amateur_League_Assen-800x1131.jpg",800,1131,true],"vp_xl_popup":["https:\/\/vpdanses.fr\/wp-content\/uploads\/2025\/05\/2025-06-14.Affiche_WDC-AL_dutch_Amateur_League_Assen.jpg",1132,1600,false],"dance-blog-thumb":["https:\/\/vpdanses.fr\/wp-content\/uploads\/2025\/05\/2025-06-14.Affiche_WDC-AL_dutch_Amateur_League_Assen-150x120.jpg",150,120,true],"dance-event-list":["https:\/\/vpdanses.fr\/wp-content\/uploads\/2025\/05\/2025-06-14.Affiche_WDC-AL_dutch_Amateur_League_Assen-420x336.jpg",420,336,true],"dance-event-single-type1":["https:\/\/vpdanses.fr\/wp-content\/uploads\/2025\/05\/2025-06-14.Affiche_WDC-AL_dutch_Amateur_League_Assen-773x520.jpg",773,520,true],"dance-event-single-type4":["https:\/\/vpdanses.fr\/wp-content\/uploads\/2025\/05\/2025-06-14.Affiche_WDC-AL_dutch_Amateur_League_Assen-570x460.jpg",570,460,true],"dance-event-single-type5":["https:\/\/vpdanses.fr\/wp-content\/uploads\/2025\/05\/2025-06-14.Affiche_WDC-AL_dutch_Amateur_League_Assen-746x770.jpg",746,770,true],"dance-event-list2":["https:\/\/vpdanses.fr\/wp-content\/uploads\/2025\/05\/2025-06-14.Affiche_WDC-AL_dutch_Amateur_League_Assen-420x275.jpg",420,275,true]},"uagb_author_info":{"display_name":"VP DANSES","author_link":"https:\/\/vpdanses.fr\/home\/bienvenue-chez-vp-danses-hazebrouck\/author\/adminvp20241018\/"},"uagb_comment_info":0,"uagb_excerpt":"VP DANSES Hazebrouck a particip\u00e9 \u00e0 la comp\u00e9tition internationale de danse sportive \"NK WDC DUTCH AMATEUR LEAGUE DE BONTE WEVER ASSEN\" le samedi 14\/06\/2025, organis\u00e9 par WDC-AL, \u00e0 ASSEN, aux Pays-Bas.","jetpack_sharing_enabled":true,"_links":{"self":[{"href":"https:\/\/vpdanses.fr\/home\/bienvenue-chez-vp-danses-hazebrouck\/wp-json\/wp\/v2\/posts\/13410","targetHints":{"allow":["GET"]}}],"collection":[{"href":"https:\/\/vpdanses.fr\/home\/bienvenue-chez-vp-danses-hazebrouck\/wp-json\/wp\/v2\/posts"}],"about":[{"href":"https:\/\/vpdanses.fr\/home\/bienvenue-chez-vp-danses-hazebrouck\/wp-json\/wp\/v2\/types\/post"}],"author":[{"embeddable":true,"href":"https:\/\/vpdanses.fr\/home\/bienvenue-chez-vp-danses-hazebrouck\/wp-json\/wp\/v2\/users\/1"}],"replies":[{"embeddable":true,"href":"https:\/\/vpdanses.fr\/home\/bienvenue-chez-vp-danses-hazebrouck\/wp-json\/wp\/v2\/comments?post=13410"}],"version-history":[{"count":3,"href":"https:\/\/vpdanses.fr\/home\/bienvenue-chez-vp-danses-hazebrouck\/wp-json\/wp\/v2\/posts\/13410\/revisions"}],"predecessor-version":[{"id":13414,"href":"https:\/\/vpdanses.fr\/home\/bienvenue-chez-vp-danses-hazebrouck\/wp-json\/wp\/v2\/posts\/13410\/revisions\/13414"}],"wp:featuredmedia":[{"embeddable":true,"href":"https:\/\/vpdanses.fr\/home\/bienvenue-chez-vp-danses-hazebrouck\/wp-json\/wp\/v2\/media\/13404"}],"wp:attachment":[{"href":"https:\/\/vpdanses.fr\/home\/bienvenue-chez-vp-danses-hazebrouck\/wp-json\/wp\/v2\/media?parent=13410"}],"wp:term":[{"taxonomy":"category","embeddable":true,"href":"https:\/\/vpdanses.fr\/home\/bienvenue-chez-vp-danses-hazebrouck\/wp-json\/wp\/v2\/categories?post=13410"},{"taxonomy":"post_tag","embeddable":true,"href":"https:\/\/vpdanses.fr\/home\/bienvenue-chez-vp-danses-hazebrouck\/wp-json\/wp\/v2\/tags?post=13410"}],"curies":[{"name":"wp","href":"https:\/\/api.w.org\/{rel}","templated":true}]}}