{"id":13557,"date":"2025-06-08T10:00:17","date_gmt":"2025-06-08T08:00:17","guid":{"rendered":"https:\/\/vpdanses.fr\/home\/bienvenue-chez-vp-danses-hazebrouck\/?p=13557"},"modified":"2025-06-17T18:06:36","modified_gmt":"2025-06-17T16:06:36","slug":"cours-particulier-sven-balcerzak-mjep-danse-isbergues-tango","status":"publish","type":"post","link":"https:\/\/vpdanses.fr\/home\/bienvenue-chez-vp-danses-hazebrouck\/cours-particulier-sven-balcerzak-mjep-danse-isbergues-tango\/","title":{"rendered":"Quand la ville d&rsquo;Isbergues fusionne avec les cultures d&rsquo;immigrants qui s&rsquo;\u00e9taient retrouv\u00e9s sur les deux rives du Rio del Plata (Argentine et Uruguay) : Tango session !"},"content":{"rendered":"\n<h2 class=\"wp-block-heading\">Cours particulier de danse sportive : Tango session !<\/h2>\n\n\n\n<p>Ce jeudi 8 juin 2025, sur la piste de danse de la <a href=\"https:\/\/www.facebook.com\/mjepdanse\" target=\"_blank\" rel=\"noreferrer noopener\"><strong>MJEP Danse<\/strong><\/a>, <strong><a href=\"https:\/\/www.facebook.com\/sven.balcerzak\/\" target=\"_blank\" rel=\"noreferrer noopener\">Sven BALCERZAK<\/a><\/strong> professeur de Danse Sportive a dispens\u00e9 un cours particulier de Tango \u00e0 <strong><a href=\"https:\/\/www.facebook.com\/profile.php?id=61550221387008\">St\u00e9phanie <\/a><a href=\"https:\/\/www.facebook.com\/profile.php?id=61550221387008\" target=\"_blank\" rel=\"noreferrer noopener\">et<\/a><a href=\"https:\/\/www.facebook.com\/profile.php?id=61550221387008\"> Dave<\/a><\/strong>, <em>comp\u00e9titeurs internationaux<\/em>.<\/p>\n\n\n\n<div style=\"height:51px\" aria-hidden=\"true\" class=\"wp-block-spacer\"><\/div>\n\n\n\n<h2 class=\"wp-block-heading\">EL TANGO :<\/h2>\n\n\n\n<p>Le Tango est souvent per\u00e7u comme <strong>la danse de la passion et du drame<\/strong> dans la danse sportive.<\/p>\n\n\n\n<p>Il repr\u00e9sente une lutte entre deux partenaires, o\u00f9 <strong>l&rsquo;homme guide avec autorit\u00e9 et la femme r\u00e9pond avec \u00e9l\u00e9gance<\/strong>, tout en conservant une certaine tension dramatique.<\/p>\n\n\n\n<p>La danse met en avant la <strong>dualit\u00e9 entre force et sensualit\u00e9<\/strong>, <strong>mouvement et tension<\/strong>.<\/p>\n\n\n\n<div style=\"height:51px\" aria-hidden=\"true\" class=\"wp-block-spacer\"><\/div>\n\n\n\n<h2 class=\"wp-block-heading\">COMPETITION DE DANSE SPORTIVE :<\/h2>\n\n\n\n<p>Vous aussi, <strong>laissez le tango vous s\u00e9duire<\/strong> et venez apprendre le tango en comp\u00e9tition de Danse Sportive \u00e0 la section <strong><a href=\"https:\/\/www.facebook.com\/mjepdanse\" target=\"_blank\" rel=\"noreferrer noopener\">MJEP Danse<\/a><\/strong> d&rsquo;Isbergues !<\/p>\n\n\n\n<p>Du plus jeune au senior, contactez <strong><a href=\"https:\/\/www.facebook.com\/sven.balcerzak\/\" target=\"_blank\" rel=\"noreferrer noopener\">Sven BALCERZAK<\/a><\/strong> !<\/p>\n\n\n\n<p>Et si vous h\u00e9sitez, venez essayer !<\/p>\n\n\n\n<p>En comp\u00e9tition, le Tango se pratique \u00e9galement en solo ! <\/p>\n\n\n\n<div style=\"height:51px\" aria-hidden=\"true\" class=\"wp-block-spacer\"><\/div>\n\n\n\n<h2 class=\"wp-block-heading\">LOISIRS :<\/h2>\n\n\n\n<p>Si vous d\u00e9sirez danser le tango en mode loisirs, rejoignez <strong><a href=\"https:\/\/www.facebook.com\/sven.balcerzak\/\" target=\"_blank\" rel=\"noreferrer noopener\">Sven BALCERZAK<\/a><\/strong> et son groupe du jeudi soir \u00e0 la <strong><a href=\"https:\/\/www.facebook.com\/mjepdanse\" target=\"_blank\" rel=\"noreferrer noopener\">MJEP Danse<\/a><\/strong>, pour la session 2025\/2025 !<\/p>\n\n\n\n<p>Un Sport, des bienfaits, quel que soit votre \u00e2ge ! <\/p>\n\n\n\n<div style=\"height:51px\" aria-hidden=\"true\" class=\"wp-block-spacer\"><\/div>\n\n\n<div class=\"wp-block-visual-portfolio alignwide\">\n<div class=\"vp-portfolio vp-uid-84cf2d5d vp-id-Zv0sQs\"\n\tdata-vp-layout=\"masonry\" data-vp-content-source=\"images\" data-vp-items-style=\"emerge\" data-vp-items-click-action=\"popup_gallery\" data-vp-items-gap=\"15\" data-vp-items-gap-vertical=\"\" data-vp-pagination=\"load-more\" data-vp-next-page-url=\"\" data-vp-masonry-columns=\"4\" >\n\t<div class=\"vp-portfolio__preloader-wrap\">\n\t\t<div class=\"vp-portfolio__preloader\">\n\t\t\t<img decoding=\"async\" loading=\"eager\" src=\"https:\/\/vpdanses.fr\/wp-content\/plugins\/visual-portfolio\/assets\/images\/logo-dark.svg\" alt=\"Visual Portfolio, Posts &amp; Image Gallery for WordPress\" width=\"20\" height=\"20\" data-skip-lazy>\n\t\t<\/div>\n\t<\/div>\n\t\t<div class=\"vp-portfolio__items-wrap\">\n\t\t\t\n<div class=\"vp-portfolio__items vp-portfolio__items-style-emerge vp-portfolio__items-show-overlay-hover vp-portfolio__items-show-caption-hover\">\n\n\t\t<div\t\tclass=\"vp-portfolio__item-wrap category-tango category-danse_sportive category-sven_balcerzak category-isbergues category-vp_danses category-ffd category-mjep_danse vp-portfolio__item-uid-0be128a5\" data-vp-filter=\"tango,danse_sportive,sven_balcerzak,isbergues,vp_danses,ffd,mjep_danse\" \t\t>\n\t\t\t<template class=\"vp-portfolio__item-popup\" data-vp-popup-img=\"https:\/\/vpdanses.fr\/wp-content\/uploads\/2025\/06\/MG_1507_w1240.jpg\" data-vp-popup-img-srcset=\"https:\/\/vpdanses.fr\/wp-content\/uploads\/2025\/06\/MG_1507_w1240.jpg 1240w, https:\/\/vpdanses.fr\/wp-content\/uploads\/2025\/06\/MG_1507_w1240-300x200.jpg 300w, https:\/\/vpdanses.fr\/wp-content\/uploads\/2025\/06\/MG_1507_w1240-1024x683.jpg 1024w, https:\/\/vpdanses.fr\/wp-content\/uploads\/2025\/06\/MG_1507_w1240-768x512.jpg 768w, https:\/\/vpdanses.fr\/wp-content\/uploads\/2025\/06\/MG_1507_w1240-500x333.jpg 500w, https:\/\/vpdanses.fr\/wp-content\/uploads\/2025\/06\/MG_1507_w1240-800x534.jpg 800w\" data-vp-popup-img-size=\"1240x827\" data-vp-popup-md-img=\"https:\/\/vpdanses.fr\/wp-content\/uploads\/2025\/06\/MG_1507_w1240-800x534.jpg\" data-vp-popup-md-img-size=\"800x534\" data-vp-popup-sm-img=\"https:\/\/vpdanses.fr\/wp-content\/uploads\/2025\/06\/MG_1507_w1240-500x333.jpg\" data-vp-popup-sm-img-size=\"500x333\">\n\t\t\t<h3 class=\"vp-portfolio__item-popup-title\">Cours Particulier de Tango \u00e0 Isbergues par Sven BALCERZAK, professeur de Danse Sportive (Isbergues, Nord, Hauts-de-France)<\/h3>\n\t\t\t\t<div class=\"vp-portfolio__item-popup-description\">Cours Particulier de Tango \u00e0 Isbergues par Sven BALCERZAK, professeur de Danse Sportive (Isbergues, Nord, Hauts-de-France)<\/div>\n\t\t<\/template>\n\t\t\t\t\t\t<figure class=\"vp-portfolio__item\">\n\t\t\t\t\n<div class=\"vp-portfolio__item-img-wrap\">\n\t<div class=\"vp-portfolio__item-img\">\n\t\t\t<a\n\t\thref=\"https:\/\/vpdanses.fr\/wp-content\/uploads\/2025\/06\/MG_1507_w1240.jpg\"\n\t\t\t>\n\t\n\t\t<noscript><img loading=\"lazy\" decoding=\"async\" width=\"1240\" height=\"827\" data-skip-lazy src=\"https:\/\/vpdanses.fr\/wp-content\/uploads\/2025\/06\/MG_1507_w1240.jpg\" class=\"wp-image-13563\" alt=\"Cours Particulier de Tango \u00e0 Isbergues par Sven BALCERZAK, professeur de Danse Sportive (Isbergues, Nord, Hauts-de-France)\" srcset=\"https:\/\/vpdanses.fr\/wp-content\/uploads\/2025\/06\/MG_1507_w1240.jpg 1240w, https:\/\/vpdanses.fr\/wp-content\/uploads\/2025\/06\/MG_1507_w1240-300x200.jpg 300w, https:\/\/vpdanses.fr\/wp-content\/uploads\/2025\/06\/MG_1507_w1240-1024x683.jpg 1024w, https:\/\/vpdanses.fr\/wp-content\/uploads\/2025\/06\/MG_1507_w1240-768x512.jpg 768w, https:\/\/vpdanses.fr\/wp-content\/uploads\/2025\/06\/MG_1507_w1240-500x333.jpg 500w, https:\/\/vpdanses.fr\/wp-content\/uploads\/2025\/06\/MG_1507_w1240-800x534.jpg 800w\" sizes=\"auto, (max-width: 1240px) 100vw, 1240px\" \/><\/noscript><img fetchpriority=\"high\" decoding=\"async\" width=\"1240\" height=\"827\" src=\"https:\/\/vpdanses.fr\/wp-content\/uploads\/2025\/06\/MG_1507_w1240.jpg\" class=\"wp-image-13563 vp-lazyload\" alt=\"Cours Particulier de Tango \u00e0 Isbergues par Sven BALCERZAK, professeur de Danse Sportive (Isbergues, Nord, Hauts-de-France)\" srcset=\"data:image\/svg+xml;base64,PHN2ZyB3aWR0aD0iMTI0MCIgaGVpZ2h0PSI4MjciIHZpZXdCb3g9IjAgMCAxMjQwIDgyNyIgZmlsbD0ibm9uZSIgeG1sbnM9Imh0dHA6Ly93d3cudzMub3JnLzIwMDAvc3ZnIj48L3N2Zz4=\" data-src=\"https:\/\/vpdanses.fr\/wp-content\/uploads\/2025\/06\/MG_1507_w1240.jpg\" data-srcset=\"https:\/\/vpdanses.fr\/wp-content\/uploads\/2025\/06\/MG_1507_w1240.jpg 1240w, https:\/\/vpdanses.fr\/wp-content\/uploads\/2025\/06\/MG_1507_w1240-300x200.jpg 300w, https:\/\/vpdanses.fr\/wp-content\/uploads\/2025\/06\/MG_1507_w1240-1024x683.jpg 1024w, https:\/\/vpdanses.fr\/wp-content\/uploads\/2025\/06\/MG_1507_w1240-768x512.jpg 768w, https:\/\/vpdanses.fr\/wp-content\/uploads\/2025\/06\/MG_1507_w1240-500x333.jpg 500w, https:\/\/vpdanses.fr\/wp-content\/uploads\/2025\/06\/MG_1507_w1240-800x534.jpg 800w\" data-sizes=\"auto\" loading=\"eager\">\n\t\t<div class=\"vp-portfolio__item-overlay\"><\/div>\n\n\t\t<\/a>\t<\/div>\n<\/div>\n\n\t<figcaption class=\"vp-portfolio__item-caption vp-portfolio__item-caption-text-align-center\">\n\t\t<div class=\"vp-portfolio__item-meta-wrap vp-portfolio__custom-scrollbar\">\n\t\t\t<div class=\"vp-portfolio__item-meta\">\n\t\t\t\t\n<div class=\"vp-portfolio__item-meta-categories\">\n\t\t\t<div class=\"vp-portfolio__item-meta-category\">\n\t\t\t\t<a\n\t\thref=\"https:\/\/vpdanses.fr\/home\/bienvenue-chez-vp-danses-hazebrouck\/wp-json\/wp\/v2\/posts\/13557?vp_filter=tango\"\n\t\t\t>\n\tTango<\/a>\t\t<\/div>\n\t\t<\/div>\n\n<h2 class=\"vp-portfolio__item-meta-title\">\n\t\t<a\n\t\thref=\"https:\/\/vpdanses.fr\/wp-content\/uploads\/2025\/06\/MG_1507_w1240.jpg\"\n\t\t\t>\n\tCours Particulier de Tango \u00e0 Isbergues par Sven BALCERZAK, professeur de Danse Sportive (Isbergues, Nord, Hauts-de-France)<\/a><\/h2>\n\t\t\t<\/div>\n\t\t<\/div>\n\t<\/figcaption>\n\t\t\t<\/figure>\n\t\t\t\t\t<\/div>\n\t\t\n\t\t<div\t\tclass=\"vp-portfolio__item-wrap vp-portfolio__item-uid-5ed96ea3\" data-vp-filter=\"\" \t\t>\n\t\t\t<template class=\"vp-portfolio__item-popup\" data-vp-popup-img=\"https:\/\/vpdanses.fr\/wp-content\/uploads\/2025\/06\/MG_1512_w1240.jpg\" data-vp-popup-img-srcset=\"https:\/\/vpdanses.fr\/wp-content\/uploads\/2025\/06\/MG_1512_w1240.jpg 1240w, https:\/\/vpdanses.fr\/wp-content\/uploads\/2025\/06\/MG_1512_w1240-300x264.jpg 300w, https:\/\/vpdanses.fr\/wp-content\/uploads\/2025\/06\/MG_1512_w1240-1024x901.jpg 1024w, https:\/\/vpdanses.fr\/wp-content\/uploads\/2025\/06\/MG_1512_w1240-768x676.jpg 768w, https:\/\/vpdanses.fr\/wp-content\/uploads\/2025\/06\/MG_1512_w1240-500x440.jpg 500w, https:\/\/vpdanses.fr\/wp-content\/uploads\/2025\/06\/MG_1512_w1240-800x704.jpg 800w\" data-vp-popup-img-size=\"1240x1091\" data-vp-popup-md-img=\"https:\/\/vpdanses.fr\/wp-content\/uploads\/2025\/06\/MG_1512_w1240-800x704.jpg\" data-vp-popup-md-img-size=\"800x704\" data-vp-popup-sm-img=\"https:\/\/vpdanses.fr\/wp-content\/uploads\/2025\/06\/MG_1512_w1240-500x440.jpg\" data-vp-popup-sm-img-size=\"500x440\">\n\t\t\t<h3 class=\"vp-portfolio__item-popup-title\">Cours Particulier de Tango \u00e0 Isbergues par Sven BALCERZAK, professeur de Danse Sportive (Isbergues, Nord, Hauts-de-France)<\/h3>\n\t\t\t\t<div class=\"vp-portfolio__item-popup-description\">Cours Particulier de Tango \u00e0 Isbergues par Sven BALCERZAK, professeur de Danse Sportive (Isbergues, Nord, Hauts-de-France)<\/div>\n\t\t<\/template>\n\t\t\t\t\t\t<figure class=\"vp-portfolio__item\">\n\t\t\t\t\n<div class=\"vp-portfolio__item-img-wrap\">\n\t<div class=\"vp-portfolio__item-img\">\n\t\t\t<a\n\t\thref=\"https:\/\/vpdanses.fr\/wp-content\/uploads\/2025\/06\/MG_1512_w1240.jpg\"\n\t\t\t>\n\t\n\t\t<noscript><img loading=\"lazy\" decoding=\"async\" width=\"1240\" height=\"1091\" data-skip-lazy src=\"https:\/\/vpdanses.fr\/wp-content\/uploads\/2025\/06\/MG_1512_w1240.jpg\" class=\"wp-image-13564\" alt=\"Cours Particulier de Tango \u00e0 Isbergues par Sven BALCERZAK, professeur de Danse Sportive (Isbergues, Nord, Hauts-de-France)\" srcset=\"https:\/\/vpdanses.fr\/wp-content\/uploads\/2025\/06\/MG_1512_w1240.jpg 1240w, https:\/\/vpdanses.fr\/wp-content\/uploads\/2025\/06\/MG_1512_w1240-300x264.jpg 300w, https:\/\/vpdanses.fr\/wp-content\/uploads\/2025\/06\/MG_1512_w1240-1024x901.jpg 1024w, https:\/\/vpdanses.fr\/wp-content\/uploads\/2025\/06\/MG_1512_w1240-768x676.jpg 768w, https:\/\/vpdanses.fr\/wp-content\/uploads\/2025\/06\/MG_1512_w1240-500x440.jpg 500w, https:\/\/vpdanses.fr\/wp-content\/uploads\/2025\/06\/MG_1512_w1240-800x704.jpg 800w\" sizes=\"auto, (max-width: 1240px) 100vw, 1240px\" \/><\/noscript><img decoding=\"async\" width=\"1240\" height=\"1091\" src=\"https:\/\/vpdanses.fr\/wp-content\/uploads\/2025\/06\/MG_1512_w1240.jpg\" class=\"wp-image-13564 vp-lazyload\" alt=\"Cours Particulier de Tango \u00e0 Isbergues par Sven BALCERZAK, professeur de Danse Sportive (Isbergues, Nord, Hauts-de-France)\" srcset=\"data:image\/svg+xml;base64,PHN2ZyB3aWR0aD0iMTI0MCIgaGVpZ2h0PSIxMDkxIiB2aWV3Qm94PSIwIDAgMTI0MCAxMDkxIiBmaWxsPSJub25lIiB4bWxucz0iaHR0cDovL3d3dy53My5vcmcvMjAwMC9zdmciPjwvc3ZnPg==\" data-src=\"https:\/\/vpdanses.fr\/wp-content\/uploads\/2025\/06\/MG_1512_w1240.jpg\" data-srcset=\"https:\/\/vpdanses.fr\/wp-content\/uploads\/2025\/06\/MG_1512_w1240.jpg 1240w, https:\/\/vpdanses.fr\/wp-content\/uploads\/2025\/06\/MG_1512_w1240-300x264.jpg 300w, https:\/\/vpdanses.fr\/wp-content\/uploads\/2025\/06\/MG_1512_w1240-1024x901.jpg 1024w, https:\/\/vpdanses.fr\/wp-content\/uploads\/2025\/06\/MG_1512_w1240-768x676.jpg 768w, https:\/\/vpdanses.fr\/wp-content\/uploads\/2025\/06\/MG_1512_w1240-500x440.jpg 500w, https:\/\/vpdanses.fr\/wp-content\/uploads\/2025\/06\/MG_1512_w1240-800x704.jpg 800w\" data-sizes=\"auto\" loading=\"eager\">\n\t\t<div class=\"vp-portfolio__item-overlay\"><\/div>\n\n\t\t<\/a>\t<\/div>\n<\/div>\n\n\t<figcaption class=\"vp-portfolio__item-caption vp-portfolio__item-caption-text-align-center\">\n\t\t<div class=\"vp-portfolio__item-meta-wrap vp-portfolio__custom-scrollbar\">\n\t\t\t<div class=\"vp-portfolio__item-meta\">\n\t\t\t\t\n<h2 class=\"vp-portfolio__item-meta-title\">\n\t\t<a\n\t\thref=\"https:\/\/vpdanses.fr\/wp-content\/uploads\/2025\/06\/MG_1512_w1240.jpg\"\n\t\t\t>\n\tCours Particulier de Tango \u00e0 Isbergues par Sven BALCERZAK, professeur de Danse Sportive (Isbergues, Nord, Hauts-de-France)<\/a><\/h2>\n\t\t\t<\/div>\n\t\t<\/div>\n\t<\/figcaption>\n\t\t\t<\/figure>\n\t\t\t\t\t<\/div>\n\t\t\n\t\t<div\t\tclass=\"vp-portfolio__item-wrap vp-portfolio__item-uid-af4a2c9b\" data-vp-filter=\"\" \t\t>\n\t\t\t<template class=\"vp-portfolio__item-popup\" data-vp-popup-img=\"https:\/\/vpdanses.fr\/wp-content\/uploads\/2025\/06\/MG_1513_w1240.jpg\" data-vp-popup-img-srcset=\"https:\/\/vpdanses.fr\/wp-content\/uploads\/2025\/06\/MG_1513_w1240.jpg 1240w, https:\/\/vpdanses.fr\/wp-content\/uploads\/2025\/06\/MG_1513_w1240-300x208.jpg 300w, https:\/\/vpdanses.fr\/wp-content\/uploads\/2025\/06\/MG_1513_w1240-1024x709.jpg 1024w, https:\/\/vpdanses.fr\/wp-content\/uploads\/2025\/06\/MG_1513_w1240-768x531.jpg 768w, https:\/\/vpdanses.fr\/wp-content\/uploads\/2025\/06\/MG_1513_w1240-500x346.jpg 500w, https:\/\/vpdanses.fr\/wp-content\/uploads\/2025\/06\/MG_1513_w1240-800x554.jpg 800w\" data-vp-popup-img-size=\"1240x858\" data-vp-popup-md-img=\"https:\/\/vpdanses.fr\/wp-content\/uploads\/2025\/06\/MG_1513_w1240-800x554.jpg\" data-vp-popup-md-img-size=\"800x554\" data-vp-popup-sm-img=\"https:\/\/vpdanses.fr\/wp-content\/uploads\/2025\/06\/MG_1513_w1240-500x346.jpg\" data-vp-popup-sm-img-size=\"500x346\">\n\t\t\t<h3 class=\"vp-portfolio__item-popup-title\">Cours Particulier de Tango \u00e0 Isbergues par Sven BALCERZAK, professeur de Danse Sportive (Isbergues, Nord, Hauts-de-France)<\/h3>\n\t\t\t\t<div class=\"vp-portfolio__item-popup-description\">Cours Particulier de Tango \u00e0 Isbergues par Sven BALCERZAK, professeur de Danse Sportive (Isbergues, Nord, Hauts-de-France)<\/div>\n\t\t<\/template>\n\t\t\t\t\t\t<figure class=\"vp-portfolio__item\">\n\t\t\t\t\n<div class=\"vp-portfolio__item-img-wrap\">\n\t<div class=\"vp-portfolio__item-img\">\n\t\t\t<a\n\t\thref=\"https:\/\/vpdanses.fr\/wp-content\/uploads\/2025\/06\/MG_1513_w1240.jpg\"\n\t\t\t>\n\t\n\t\t<noscript><img loading=\"lazy\" decoding=\"async\" width=\"1240\" height=\"858\" data-skip-lazy src=\"https:\/\/vpdanses.fr\/wp-content\/uploads\/2025\/06\/MG_1513_w1240.jpg\" class=\"wp-image-13565\" alt=\"Cours Particulier de Tango \u00e0 Isbergues par Sven BALCERZAK, professeur de Danse Sportive (Isbergues, Nord, Hauts-de-France)\" srcset=\"https:\/\/vpdanses.fr\/wp-content\/uploads\/2025\/06\/MG_1513_w1240.jpg 1240w, https:\/\/vpdanses.fr\/wp-content\/uploads\/2025\/06\/MG_1513_w1240-300x208.jpg 300w, https:\/\/vpdanses.fr\/wp-content\/uploads\/2025\/06\/MG_1513_w1240-1024x709.jpg 1024w, https:\/\/vpdanses.fr\/wp-content\/uploads\/2025\/06\/MG_1513_w1240-768x531.jpg 768w, https:\/\/vpdanses.fr\/wp-content\/uploads\/2025\/06\/MG_1513_w1240-500x346.jpg 500w, https:\/\/vpdanses.fr\/wp-content\/uploads\/2025\/06\/MG_1513_w1240-800x554.jpg 800w\" sizes=\"auto, (max-width: 1240px) 100vw, 1240px\" \/><\/noscript><img decoding=\"async\" width=\"1240\" height=\"858\" src=\"https:\/\/vpdanses.fr\/wp-content\/uploads\/2025\/06\/MG_1513_w1240.jpg\" class=\"wp-image-13565 vp-lazyload\" alt=\"Cours Particulier de Tango \u00e0 Isbergues par Sven BALCERZAK, professeur de Danse Sportive (Isbergues, Nord, Hauts-de-France)\" srcset=\"data:image\/svg+xml;base64,PHN2ZyB3aWR0aD0iMTI0MCIgaGVpZ2h0PSI4NTgiIHZpZXdCb3g9IjAgMCAxMjQwIDg1OCIgZmlsbD0ibm9uZSIgeG1sbnM9Imh0dHA6Ly93d3cudzMub3JnLzIwMDAvc3ZnIj48L3N2Zz4=\" data-src=\"https:\/\/vpdanses.fr\/wp-content\/uploads\/2025\/06\/MG_1513_w1240.jpg\" data-srcset=\"https:\/\/vpdanses.fr\/wp-content\/uploads\/2025\/06\/MG_1513_w1240.jpg 1240w, https:\/\/vpdanses.fr\/wp-content\/uploads\/2025\/06\/MG_1513_w1240-300x208.jpg 300w, https:\/\/vpdanses.fr\/wp-content\/uploads\/2025\/06\/MG_1513_w1240-1024x709.jpg 1024w, https:\/\/vpdanses.fr\/wp-content\/uploads\/2025\/06\/MG_1513_w1240-768x531.jpg 768w, https:\/\/vpdanses.fr\/wp-content\/uploads\/2025\/06\/MG_1513_w1240-500x346.jpg 500w, https:\/\/vpdanses.fr\/wp-content\/uploads\/2025\/06\/MG_1513_w1240-800x554.jpg 800w\" data-sizes=\"auto\" loading=\"eager\">\n\t\t<div class=\"vp-portfolio__item-overlay\"><\/div>\n\n\t\t<\/a>\t<\/div>\n<\/div>\n\n\t<figcaption class=\"vp-portfolio__item-caption vp-portfolio__item-caption-text-align-center\">\n\t\t<div class=\"vp-portfolio__item-meta-wrap vp-portfolio__custom-scrollbar\">\n\t\t\t<div class=\"vp-portfolio__item-meta\">\n\t\t\t\t\n<h2 class=\"vp-portfolio__item-meta-title\">\n\t\t<a\n\t\thref=\"https:\/\/vpdanses.fr\/wp-content\/uploads\/2025\/06\/MG_1513_w1240.jpg\"\n\t\t\t>\n\tCours Particulier de Tango \u00e0 Isbergues par Sven BALCERZAK, professeur de Danse Sportive (Isbergues, Nord, Hauts-de-France)<\/a><\/h2>\n\t\t\t<\/div>\n\t\t<\/div>\n\t<\/figcaption>\n\t\t\t<\/figure>\n\t\t\t\t\t<\/div>\n\t\t\n\t\t<div\t\tclass=\"vp-portfolio__item-wrap vp-portfolio__item-uid-fd1fae84\" data-vp-filter=\"\" \t\t>\n\t\t\t<template class=\"vp-portfolio__item-popup\" data-vp-popup-img=\"https:\/\/vpdanses.fr\/wp-content\/uploads\/2025\/06\/MG_1517_w1240.jpg\" data-vp-popup-img-srcset=\"https:\/\/vpdanses.fr\/wp-content\/uploads\/2025\/06\/MG_1517_w1240.jpg 1240w, https:\/\/vpdanses.fr\/wp-content\/uploads\/2025\/06\/MG_1517_w1240-300x255.jpg 300w, https:\/\/vpdanses.fr\/wp-content\/uploads\/2025\/06\/MG_1517_w1240-1024x870.jpg 1024w, https:\/\/vpdanses.fr\/wp-content\/uploads\/2025\/06\/MG_1517_w1240-768x652.jpg 768w, https:\/\/vpdanses.fr\/wp-content\/uploads\/2025\/06\/MG_1517_w1240-500x425.jpg 500w, https:\/\/vpdanses.fr\/wp-content\/uploads\/2025\/06\/MG_1517_w1240-800x679.jpg 800w\" data-vp-popup-img-size=\"1240x1053\" data-vp-popup-md-img=\"https:\/\/vpdanses.fr\/wp-content\/uploads\/2025\/06\/MG_1517_w1240-800x679.jpg\" data-vp-popup-md-img-size=\"800x679\" data-vp-popup-sm-img=\"https:\/\/vpdanses.fr\/wp-content\/uploads\/2025\/06\/MG_1517_w1240-500x425.jpg\" data-vp-popup-sm-img-size=\"500x425\">\n\t\t\t<h3 class=\"vp-portfolio__item-popup-title\">Cours Particulier de Tango \u00e0 Isbergues par Sven BALCERZAK, professeur de Danse Sportive (Isbergues, Nord, Hauts-de-France)<\/h3>\n\t\t\t\t<div class=\"vp-portfolio__item-popup-description\">Cours Particulier de Tango \u00e0 Isbergues par Sven BALCERZAK, professeur de Danse Sportive (Isbergues, Nord, Hauts-de-France)<\/div>\n\t\t<\/template>\n\t\t\t\t\t\t<figure class=\"vp-portfolio__item\">\n\t\t\t\t\n<div class=\"vp-portfolio__item-img-wrap\">\n\t<div class=\"vp-portfolio__item-img\">\n\t\t\t<a\n\t\thref=\"https:\/\/vpdanses.fr\/wp-content\/uploads\/2025\/06\/MG_1517_w1240.jpg\"\n\t\t\t>\n\t\n\t\t<noscript><img loading=\"lazy\" decoding=\"async\" width=\"1240\" height=\"1053\" data-skip-lazy src=\"https:\/\/vpdanses.fr\/wp-content\/uploads\/2025\/06\/MG_1517_w1240.jpg\" class=\"wp-image-13566\" alt=\"Cours Particulier de Tango \u00e0 Isbergues par Sven BALCERZAK, professeur de Danse Sportive (Isbergues, Nord, Hauts-de-France)\" srcset=\"https:\/\/vpdanses.fr\/wp-content\/uploads\/2025\/06\/MG_1517_w1240.jpg 1240w, https:\/\/vpdanses.fr\/wp-content\/uploads\/2025\/06\/MG_1517_w1240-300x255.jpg 300w, https:\/\/vpdanses.fr\/wp-content\/uploads\/2025\/06\/MG_1517_w1240-1024x870.jpg 1024w, https:\/\/vpdanses.fr\/wp-content\/uploads\/2025\/06\/MG_1517_w1240-768x652.jpg 768w, https:\/\/vpdanses.fr\/wp-content\/uploads\/2025\/06\/MG_1517_w1240-500x425.jpg 500w, https:\/\/vpdanses.fr\/wp-content\/uploads\/2025\/06\/MG_1517_w1240-800x679.jpg 800w\" sizes=\"auto, (max-width: 1240px) 100vw, 1240px\" \/><\/noscript><img decoding=\"async\" width=\"1240\" height=\"1053\" src=\"https:\/\/vpdanses.fr\/wp-content\/uploads\/2025\/06\/MG_1517_w1240.jpg\" class=\"wp-image-13566 vp-lazyload\" alt=\"Cours Particulier de Tango \u00e0 Isbergues par Sven BALCERZAK, professeur de Danse Sportive (Isbergues, Nord, Hauts-de-France)\" srcset=\"data:image\/svg+xml;base64,PHN2ZyB3aWR0aD0iMTI0MCIgaGVpZ2h0PSIxMDUzIiB2aWV3Qm94PSIwIDAgMTI0MCAxMDUzIiBmaWxsPSJub25lIiB4bWxucz0iaHR0cDovL3d3dy53My5vcmcvMjAwMC9zdmciPjwvc3ZnPg==\" data-src=\"https:\/\/vpdanses.fr\/wp-content\/uploads\/2025\/06\/MG_1517_w1240.jpg\" data-srcset=\"https:\/\/vpdanses.fr\/wp-content\/uploads\/2025\/06\/MG_1517_w1240.jpg 1240w, https:\/\/vpdanses.fr\/wp-content\/uploads\/2025\/06\/MG_1517_w1240-300x255.jpg 300w, https:\/\/vpdanses.fr\/wp-content\/uploads\/2025\/06\/MG_1517_w1240-1024x870.jpg 1024w, https:\/\/vpdanses.fr\/wp-content\/uploads\/2025\/06\/MG_1517_w1240-768x652.jpg 768w, https:\/\/vpdanses.fr\/wp-content\/uploads\/2025\/06\/MG_1517_w1240-500x425.jpg 500w, https:\/\/vpdanses.fr\/wp-content\/uploads\/2025\/06\/MG_1517_w1240-800x679.jpg 800w\" data-sizes=\"auto\" loading=\"eager\">\n\t\t<div class=\"vp-portfolio__item-overlay\"><\/div>\n\n\t\t<\/a>\t<\/div>\n<\/div>\n\n\t<figcaption class=\"vp-portfolio__item-caption vp-portfolio__item-caption-text-align-center\">\n\t\t<div class=\"vp-portfolio__item-meta-wrap vp-portfolio__custom-scrollbar\">\n\t\t\t<div class=\"vp-portfolio__item-meta\">\n\t\t\t\t\n<h2 class=\"vp-portfolio__item-meta-title\">\n\t\t<a\n\t\thref=\"https:\/\/vpdanses.fr\/wp-content\/uploads\/2025\/06\/MG_1517_w1240.jpg\"\n\t\t\t>\n\tCours Particulier de Tango \u00e0 Isbergues par Sven BALCERZAK, professeur de Danse Sportive (Isbergues, Nord, Hauts-de-France)<\/a><\/h2>\n\t\t\t<\/div>\n\t\t<\/div>\n\t<\/figcaption>\n\t\t\t<\/figure>\n\t\t\t\t\t<\/div>\n\t\t\n\t\t<div\t\tclass=\"vp-portfolio__item-wrap vp-portfolio__item-uid-971daeaa\" data-vp-filter=\"\" \t\t>\n\t\t\t<template class=\"vp-portfolio__item-popup\" data-vp-popup-img=\"https:\/\/vpdanses.fr\/wp-content\/uploads\/2025\/06\/MG_1522_w1240.jpg\" data-vp-popup-img-srcset=\"https:\/\/vpdanses.fr\/wp-content\/uploads\/2025\/06\/MG_1522_w1240.jpg 1240w, https:\/\/vpdanses.fr\/wp-content\/uploads\/2025\/06\/MG_1522_w1240-300x219.jpg 300w, https:\/\/vpdanses.fr\/wp-content\/uploads\/2025\/06\/MG_1522_w1240-1024x749.jpg 1024w, https:\/\/vpdanses.fr\/wp-content\/uploads\/2025\/06\/MG_1522_w1240-768x562.jpg 768w, https:\/\/vpdanses.fr\/wp-content\/uploads\/2025\/06\/MG_1522_w1240-500x366.jpg 500w, https:\/\/vpdanses.fr\/wp-content\/uploads\/2025\/06\/MG_1522_w1240-800x585.jpg 800w\" data-vp-popup-img-size=\"1240x907\" data-vp-popup-md-img=\"https:\/\/vpdanses.fr\/wp-content\/uploads\/2025\/06\/MG_1522_w1240-800x585.jpg\" data-vp-popup-md-img-size=\"800x585\" data-vp-popup-sm-img=\"https:\/\/vpdanses.fr\/wp-content\/uploads\/2025\/06\/MG_1522_w1240-500x366.jpg\" data-vp-popup-sm-img-size=\"500x366\">\n\t\t\t<h3 class=\"vp-portfolio__item-popup-title\">Cours Particulier de Tango \u00e0 Isbergues par Sven BALCERZAK, professeur de Danse Sportive (Isbergues, Nord, Hauts-de-France)<\/h3>\n\t\t\t\t<div class=\"vp-portfolio__item-popup-description\">Cours Particulier de Tango \u00e0 Isbergues par Sven BALCERZAK, professeur de Danse Sportive (Isbergues, Nord, Hauts-de-France)<\/div>\n\t\t<\/template>\n\t\t\t\t\t\t<figure class=\"vp-portfolio__item\">\n\t\t\t\t\n<div class=\"vp-portfolio__item-img-wrap\">\n\t<div class=\"vp-portfolio__item-img\">\n\t\t\t<a\n\t\thref=\"https:\/\/vpdanses.fr\/wp-content\/uploads\/2025\/06\/MG_1522_w1240.jpg\"\n\t\t\t>\n\t\n\t\t<noscript><img loading=\"lazy\" decoding=\"async\" width=\"1240\" height=\"907\" data-skip-lazy src=\"https:\/\/vpdanses.fr\/wp-content\/uploads\/2025\/06\/MG_1522_w1240.jpg\" class=\"wp-image-13567\" alt=\"Cours Particulier de Tango \u00e0 Isbergues par Sven BALCERZAK, professeur de Danse Sportive (Isbergues, Nord, Hauts-de-France)\" srcset=\"https:\/\/vpdanses.fr\/wp-content\/uploads\/2025\/06\/MG_1522_w1240.jpg 1240w, https:\/\/vpdanses.fr\/wp-content\/uploads\/2025\/06\/MG_1522_w1240-300x219.jpg 300w, https:\/\/vpdanses.fr\/wp-content\/uploads\/2025\/06\/MG_1522_w1240-1024x749.jpg 1024w, https:\/\/vpdanses.fr\/wp-content\/uploads\/2025\/06\/MG_1522_w1240-768x562.jpg 768w, https:\/\/vpdanses.fr\/wp-content\/uploads\/2025\/06\/MG_1522_w1240-500x366.jpg 500w, https:\/\/vpdanses.fr\/wp-content\/uploads\/2025\/06\/MG_1522_w1240-800x585.jpg 800w\" sizes=\"auto, (max-width: 1240px) 100vw, 1240px\" \/><\/noscript><img decoding=\"async\" width=\"1240\" height=\"907\" src=\"https:\/\/vpdanses.fr\/wp-content\/uploads\/2025\/06\/MG_1522_w1240.jpg\" class=\"wp-image-13567 vp-lazyload\" alt=\"Cours Particulier de Tango \u00e0 Isbergues par Sven BALCERZAK, professeur de Danse Sportive (Isbergues, Nord, Hauts-de-France)\" srcset=\"data:image\/svg+xml;base64,PHN2ZyB3aWR0aD0iMTI0MCIgaGVpZ2h0PSI5MDciIHZpZXdCb3g9IjAgMCAxMjQwIDkwNyIgZmlsbD0ibm9uZSIgeG1sbnM9Imh0dHA6Ly93d3cudzMub3JnLzIwMDAvc3ZnIj48L3N2Zz4=\" data-src=\"https:\/\/vpdanses.fr\/wp-content\/uploads\/2025\/06\/MG_1522_w1240.jpg\" data-srcset=\"https:\/\/vpdanses.fr\/wp-content\/uploads\/2025\/06\/MG_1522_w1240.jpg 1240w, https:\/\/vpdanses.fr\/wp-content\/uploads\/2025\/06\/MG_1522_w1240-300x219.jpg 300w, https:\/\/vpdanses.fr\/wp-content\/uploads\/2025\/06\/MG_1522_w1240-1024x749.jpg 1024w, https:\/\/vpdanses.fr\/wp-content\/uploads\/2025\/06\/MG_1522_w1240-768x562.jpg 768w, https:\/\/vpdanses.fr\/wp-content\/uploads\/2025\/06\/MG_1522_w1240-500x366.jpg 500w, https:\/\/vpdanses.fr\/wp-content\/uploads\/2025\/06\/MG_1522_w1240-800x585.jpg 800w\" data-sizes=\"auto\" loading=\"eager\">\n\t\t<div class=\"vp-portfolio__item-overlay\"><\/div>\n\n\t\t<\/a>\t<\/div>\n<\/div>\n\n\t<figcaption class=\"vp-portfolio__item-caption vp-portfolio__item-caption-text-align-center\">\n\t\t<div class=\"vp-portfolio__item-meta-wrap vp-portfolio__custom-scrollbar\">\n\t\t\t<div class=\"vp-portfolio__item-meta\">\n\t\t\t\t\n<h2 class=\"vp-portfolio__item-meta-title\">\n\t\t<a\n\t\thref=\"https:\/\/vpdanses.fr\/wp-content\/uploads\/2025\/06\/MG_1522_w1240.jpg\"\n\t\t\t>\n\tCours Particulier de Tango \u00e0 Isbergues par Sven BALCERZAK, professeur de Danse Sportive (Isbergues, Nord, Hauts-de-France)<\/a><\/h2>\n\t\t\t<\/div>\n\t\t<\/div>\n\t<\/figcaption>\n\t\t\t<\/figure>\n\t\t\t\t\t<\/div>\n\t\t\n\t\t<div\t\tclass=\"vp-portfolio__item-wrap vp-portfolio__item-uid-ccfe609e\" data-vp-filter=\"\" \t\t>\n\t\t\t<template class=\"vp-portfolio__item-popup\" data-vp-popup-img=\"https:\/\/vpdanses.fr\/wp-content\/uploads\/2025\/06\/MG_1525_w1240.jpg\" data-vp-popup-img-srcset=\"https:\/\/vpdanses.fr\/wp-content\/uploads\/2025\/06\/MG_1525_w1240.jpg 1240w, https:\/\/vpdanses.fr\/wp-content\/uploads\/2025\/06\/MG_1525_w1240-300x202.jpg 300w, https:\/\/vpdanses.fr\/wp-content\/uploads\/2025\/06\/MG_1525_w1240-1024x688.jpg 1024w, https:\/\/vpdanses.fr\/wp-content\/uploads\/2025\/06\/MG_1525_w1240-768x516.jpg 768w, https:\/\/vpdanses.fr\/wp-content\/uploads\/2025\/06\/MG_1525_w1240-500x336.jpg 500w, https:\/\/vpdanses.fr\/wp-content\/uploads\/2025\/06\/MG_1525_w1240-800x537.jpg 800w, https:\/\/vpdanses.fr\/wp-content\/uploads\/2025\/06\/MG_1525_w1240-773x520.jpg 773w\" data-vp-popup-img-size=\"1240x833\" data-vp-popup-md-img=\"https:\/\/vpdanses.fr\/wp-content\/uploads\/2025\/06\/MG_1525_w1240-800x537.jpg\" data-vp-popup-md-img-size=\"800x537\" data-vp-popup-sm-img=\"https:\/\/vpdanses.fr\/wp-content\/uploads\/2025\/06\/MG_1525_w1240-500x336.jpg\" data-vp-popup-sm-img-size=\"500x336\">\n\t\t\t<h3 class=\"vp-portfolio__item-popup-title\">Cours Particulier de Tango \u00e0 Isbergues par Sven BALCERZAK, professeur de Danse Sportive (Isbergues, Nord, Hauts-de-France)<\/h3>\n\t\t\t\t<div class=\"vp-portfolio__item-popup-description\">Cours Particulier de Tango \u00e0 Isbergues par Sven BALCERZAK, professeur de Danse Sportive (Isbergues, Nord, Hauts-de-France)<\/div>\n\t\t<\/template>\n\t\t\t\t\t\t<figure class=\"vp-portfolio__item\">\n\t\t\t\t\n<div class=\"vp-portfolio__item-img-wrap\">\n\t<div class=\"vp-portfolio__item-img\">\n\t\t\t<a\n\t\thref=\"https:\/\/vpdanses.fr\/wp-content\/uploads\/2025\/06\/MG_1525_w1240.jpg\"\n\t\t\t>\n\t\n\t\t<noscript><img loading=\"lazy\" decoding=\"async\" width=\"1240\" height=\"833\" data-skip-lazy src=\"https:\/\/vpdanses.fr\/wp-content\/uploads\/2025\/06\/MG_1525_w1240.jpg\" class=\"wp-image-13568\" alt=\"Cours Particulier de Tango \u00e0 Isbergues par Sven BALCERZAK, professeur de Danse Sportive (Isbergues, Nord, Hauts-de-France)\" srcset=\"https:\/\/vpdanses.fr\/wp-content\/uploads\/2025\/06\/MG_1525_w1240.jpg 1240w, https:\/\/vpdanses.fr\/wp-content\/uploads\/2025\/06\/MG_1525_w1240-300x202.jpg 300w, https:\/\/vpdanses.fr\/wp-content\/uploads\/2025\/06\/MG_1525_w1240-1024x688.jpg 1024w, https:\/\/vpdanses.fr\/wp-content\/uploads\/2025\/06\/MG_1525_w1240-768x516.jpg 768w, https:\/\/vpdanses.fr\/wp-content\/uploads\/2025\/06\/MG_1525_w1240-500x336.jpg 500w, https:\/\/vpdanses.fr\/wp-content\/uploads\/2025\/06\/MG_1525_w1240-800x537.jpg 800w, https:\/\/vpdanses.fr\/wp-content\/uploads\/2025\/06\/MG_1525_w1240-773x520.jpg 773w\" sizes=\"auto, (max-width: 1240px) 100vw, 1240px\" \/><\/noscript><img decoding=\"async\" width=\"1240\" height=\"833\" src=\"https:\/\/vpdanses.fr\/wp-content\/uploads\/2025\/06\/MG_1525_w1240.jpg\" class=\"wp-image-13568 vp-lazyload\" alt=\"Cours Particulier de Tango \u00e0 Isbergues par Sven BALCERZAK, professeur de Danse Sportive (Isbergues, Nord, Hauts-de-France)\" srcset=\"data:image\/svg+xml;base64,PHN2ZyB3aWR0aD0iMTI0MCIgaGVpZ2h0PSI4MzMiIHZpZXdCb3g9IjAgMCAxMjQwIDgzMyIgZmlsbD0ibm9uZSIgeG1sbnM9Imh0dHA6Ly93d3cudzMub3JnLzIwMDAvc3ZnIj48L3N2Zz4=\" data-src=\"https:\/\/vpdanses.fr\/wp-content\/uploads\/2025\/06\/MG_1525_w1240.jpg\" data-srcset=\"https:\/\/vpdanses.fr\/wp-content\/uploads\/2025\/06\/MG_1525_w1240.jpg 1240w, https:\/\/vpdanses.fr\/wp-content\/uploads\/2025\/06\/MG_1525_w1240-300x202.jpg 300w, https:\/\/vpdanses.fr\/wp-content\/uploads\/2025\/06\/MG_1525_w1240-1024x688.jpg 1024w, https:\/\/vpdanses.fr\/wp-content\/uploads\/2025\/06\/MG_1525_w1240-768x516.jpg 768w, https:\/\/vpdanses.fr\/wp-content\/uploads\/2025\/06\/MG_1525_w1240-500x336.jpg 500w, https:\/\/vpdanses.fr\/wp-content\/uploads\/2025\/06\/MG_1525_w1240-800x537.jpg 800w, https:\/\/vpdanses.fr\/wp-content\/uploads\/2025\/06\/MG_1525_w1240-773x520.jpg 773w\" data-sizes=\"auto\" loading=\"eager\">\n\t\t<div class=\"vp-portfolio__item-overlay\"><\/div>\n\n\t\t<\/a>\t<\/div>\n<\/div>\n\n\t<figcaption class=\"vp-portfolio__item-caption vp-portfolio__item-caption-text-align-center\">\n\t\t<div class=\"vp-portfolio__item-meta-wrap vp-portfolio__custom-scrollbar\">\n\t\t\t<div class=\"vp-portfolio__item-meta\">\n\t\t\t\t\n<h2 class=\"vp-portfolio__item-meta-title\">\n\t\t<a\n\t\thref=\"https:\/\/vpdanses.fr\/wp-content\/uploads\/2025\/06\/MG_1525_w1240.jpg\"\n\t\t\t>\n\tCours Particulier de Tango \u00e0 Isbergues par Sven BALCERZAK, professeur de Danse Sportive (Isbergues, Nord, Hauts-de-France)<\/a><\/h2>\n\t\t\t<\/div>\n\t\t<\/div>\n\t<\/figcaption>\n\t\t\t<\/figure>\n\t\t\t\t\t<\/div>\n\t\t\n\t\t<div\t\tclass=\"vp-portfolio__item-wrap vp-portfolio__item-uid-3d6d22a6\" data-vp-filter=\"\" \t\t>\n\t\t\t<template class=\"vp-portfolio__item-popup\" data-vp-popup-img=\"https:\/\/vpdanses.fr\/wp-content\/uploads\/2025\/06\/MG_1527_w1240.jpg\" data-vp-popup-img-srcset=\"https:\/\/vpdanses.fr\/wp-content\/uploads\/2025\/06\/MG_1527_w1240.jpg 1240w, https:\/\/vpdanses.fr\/wp-content\/uploads\/2025\/06\/MG_1527_w1240-300x252.jpg 300w, https:\/\/vpdanses.fr\/wp-content\/uploads\/2025\/06\/MG_1527_w1240-1024x859.jpg 1024w, https:\/\/vpdanses.fr\/wp-content\/uploads\/2025\/06\/MG_1527_w1240-768x644.jpg 768w, https:\/\/vpdanses.fr\/wp-content\/uploads\/2025\/06\/MG_1527_w1240-500x419.jpg 500w, https:\/\/vpdanses.fr\/wp-content\/uploads\/2025\/06\/MG_1527_w1240-800x671.jpg 800w\" data-vp-popup-img-size=\"1240x1040\" data-vp-popup-md-img=\"https:\/\/vpdanses.fr\/wp-content\/uploads\/2025\/06\/MG_1527_w1240-800x671.jpg\" data-vp-popup-md-img-size=\"800x671\" data-vp-popup-sm-img=\"https:\/\/vpdanses.fr\/wp-content\/uploads\/2025\/06\/MG_1527_w1240-500x419.jpg\" data-vp-popup-sm-img-size=\"500x419\">\n\t\t\t<h3 class=\"vp-portfolio__item-popup-title\">Cours Particulier de Tango \u00e0 Isbergues par Sven BALCERZAK, professeur de Danse Sportive (Isbergues, Nord, Hauts-de-France)<\/h3>\n\t\t\t\t<div class=\"vp-portfolio__item-popup-description\">Cours Particulier de Tango \u00e0 Isbergues par Sven BALCERZAK, professeur de Danse Sportive (Isbergues, Nord, Hauts-de-France)<\/div>\n\t\t<\/template>\n\t\t\t\t\t\t<figure class=\"vp-portfolio__item\">\n\t\t\t\t\n<div class=\"vp-portfolio__item-img-wrap\">\n\t<div class=\"vp-portfolio__item-img\">\n\t\t\t<a\n\t\thref=\"https:\/\/vpdanses.fr\/wp-content\/uploads\/2025\/06\/MG_1527_w1240.jpg\"\n\t\t\t>\n\t\n\t\t<noscript><img loading=\"lazy\" decoding=\"async\" width=\"1240\" height=\"1040\" data-skip-lazy src=\"https:\/\/vpdanses.fr\/wp-content\/uploads\/2025\/06\/MG_1527_w1240.jpg\" class=\"wp-image-13569\" alt=\"Cours Particulier de Tango \u00e0 Isbergues par Sven BALCERZAK, professeur de Danse Sportive (Isbergues, Nord, Hauts-de-France)\" srcset=\"https:\/\/vpdanses.fr\/wp-content\/uploads\/2025\/06\/MG_1527_w1240.jpg 1240w, https:\/\/vpdanses.fr\/wp-content\/uploads\/2025\/06\/MG_1527_w1240-300x252.jpg 300w, https:\/\/vpdanses.fr\/wp-content\/uploads\/2025\/06\/MG_1527_w1240-1024x859.jpg 1024w, https:\/\/vpdanses.fr\/wp-content\/uploads\/2025\/06\/MG_1527_w1240-768x644.jpg 768w, https:\/\/vpdanses.fr\/wp-content\/uploads\/2025\/06\/MG_1527_w1240-500x419.jpg 500w, https:\/\/vpdanses.fr\/wp-content\/uploads\/2025\/06\/MG_1527_w1240-800x671.jpg 800w\" sizes=\"auto, (max-width: 1240px) 100vw, 1240px\" \/><\/noscript><img decoding=\"async\" width=\"1240\" height=\"1040\" src=\"https:\/\/vpdanses.fr\/wp-content\/uploads\/2025\/06\/MG_1527_w1240.jpg\" class=\"wp-image-13569 vp-lazyload\" alt=\"Cours Particulier de Tango \u00e0 Isbergues par Sven BALCERZAK, professeur de Danse Sportive (Isbergues, Nord, Hauts-de-France)\" srcset=\"data:image\/svg+xml;base64,PHN2ZyB3aWR0aD0iMTI0MCIgaGVpZ2h0PSIxMDQwIiB2aWV3Qm94PSIwIDAgMTI0MCAxMDQwIiBmaWxsPSJub25lIiB4bWxucz0iaHR0cDovL3d3dy53My5vcmcvMjAwMC9zdmciPjwvc3ZnPg==\" data-src=\"https:\/\/vpdanses.fr\/wp-content\/uploads\/2025\/06\/MG_1527_w1240.jpg\" data-srcset=\"https:\/\/vpdanses.fr\/wp-content\/uploads\/2025\/06\/MG_1527_w1240.jpg 1240w, https:\/\/vpdanses.fr\/wp-content\/uploads\/2025\/06\/MG_1527_w1240-300x252.jpg 300w, https:\/\/vpdanses.fr\/wp-content\/uploads\/2025\/06\/MG_1527_w1240-1024x859.jpg 1024w, https:\/\/vpdanses.fr\/wp-content\/uploads\/2025\/06\/MG_1527_w1240-768x644.jpg 768w, https:\/\/vpdanses.fr\/wp-content\/uploads\/2025\/06\/MG_1527_w1240-500x419.jpg 500w, https:\/\/vpdanses.fr\/wp-content\/uploads\/2025\/06\/MG_1527_w1240-800x671.jpg 800w\" data-sizes=\"auto\" loading=\"eager\">\n\t\t<div class=\"vp-portfolio__item-overlay\"><\/div>\n\n\t\t<\/a>\t<\/div>\n<\/div>\n\n\t<figcaption class=\"vp-portfolio__item-caption vp-portfolio__item-caption-text-align-center\">\n\t\t<div class=\"vp-portfolio__item-meta-wrap vp-portfolio__custom-scrollbar\">\n\t\t\t<div class=\"vp-portfolio__item-meta\">\n\t\t\t\t\n<h2 class=\"vp-portfolio__item-meta-title\">\n\t\t<a\n\t\thref=\"https:\/\/vpdanses.fr\/wp-content\/uploads\/2025\/06\/MG_1527_w1240.jpg\"\n\t\t\t>\n\tCours Particulier de Tango \u00e0 Isbergues par Sven BALCERZAK, professeur de Danse Sportive (Isbergues, Nord, Hauts-de-France)<\/a><\/h2>\n\t\t\t<\/div>\n\t\t<\/div>\n\t<\/figcaption>\n\t\t\t<\/figure>\n\t\t\t\t\t<\/div>\n\t\t\n\t\t<div\t\tclass=\"vp-portfolio__item-wrap vp-portfolio__item-uid-96f678e6\" data-vp-filter=\"\" \t\t>\n\t\t\t<template class=\"vp-portfolio__item-popup\" data-vp-popup-img=\"https:\/\/vpdanses.fr\/wp-content\/uploads\/2025\/06\/MG_1529_w1240.jpg\" data-vp-popup-img-srcset=\"https:\/\/vpdanses.fr\/wp-content\/uploads\/2025\/06\/MG_1529_w1240.jpg 1240w, https:\/\/vpdanses.fr\/wp-content\/uploads\/2025\/06\/MG_1529_w1240-300x219.jpg 300w, https:\/\/vpdanses.fr\/wp-content\/uploads\/2025\/06\/MG_1529_w1240-1024x747.jpg 1024w, https:\/\/vpdanses.fr\/wp-content\/uploads\/2025\/06\/MG_1529_w1240-768x561.jpg 768w, https:\/\/vpdanses.fr\/wp-content\/uploads\/2025\/06\/MG_1529_w1240-500x365.jpg 500w, https:\/\/vpdanses.fr\/wp-content\/uploads\/2025\/06\/MG_1529_w1240-800x584.jpg 800w\" data-vp-popup-img-size=\"1240x905\" data-vp-popup-md-img=\"https:\/\/vpdanses.fr\/wp-content\/uploads\/2025\/06\/MG_1529_w1240-800x584.jpg\" data-vp-popup-md-img-size=\"800x584\" data-vp-popup-sm-img=\"https:\/\/vpdanses.fr\/wp-content\/uploads\/2025\/06\/MG_1529_w1240-500x365.jpg\" data-vp-popup-sm-img-size=\"500x365\">\n\t\t\t<h3 class=\"vp-portfolio__item-popup-title\">Cours Particulier de Tango \u00e0 Isbergues par Sven BALCERZAK, professeur de Danse Sportive (Isbergues, Nord, Hauts-de-France)<\/h3>\n\t\t\t\t<div class=\"vp-portfolio__item-popup-description\">Cours Particulier de Tango \u00e0 Isbergues par Sven BALCERZAK, professeur de Danse Sportive (Isbergues, Nord, Hauts-de-France)<\/div>\n\t\t<\/template>\n\t\t\t\t\t\t<figure class=\"vp-portfolio__item\">\n\t\t\t\t\n<div class=\"vp-portfolio__item-img-wrap\">\n\t<div class=\"vp-portfolio__item-img\">\n\t\t\t<a\n\t\thref=\"https:\/\/vpdanses.fr\/wp-content\/uploads\/2025\/06\/MG_1529_w1240.jpg\"\n\t\t\t>\n\t\n\t\t<noscript><img loading=\"lazy\" decoding=\"async\" width=\"1240\" height=\"905\" data-skip-lazy src=\"https:\/\/vpdanses.fr\/wp-content\/uploads\/2025\/06\/MG_1529_w1240.jpg\" class=\"wp-image-13570\" alt=\"Cours Particulier de Tango \u00e0 Isbergues par Sven BALCERZAK, professeur de Danse Sportive (Isbergues, Nord, Hauts-de-France)\" srcset=\"https:\/\/vpdanses.fr\/wp-content\/uploads\/2025\/06\/MG_1529_w1240.jpg 1240w, https:\/\/vpdanses.fr\/wp-content\/uploads\/2025\/06\/MG_1529_w1240-300x219.jpg 300w, https:\/\/vpdanses.fr\/wp-content\/uploads\/2025\/06\/MG_1529_w1240-1024x747.jpg 1024w, https:\/\/vpdanses.fr\/wp-content\/uploads\/2025\/06\/MG_1529_w1240-768x561.jpg 768w, https:\/\/vpdanses.fr\/wp-content\/uploads\/2025\/06\/MG_1529_w1240-500x365.jpg 500w, https:\/\/vpdanses.fr\/wp-content\/uploads\/2025\/06\/MG_1529_w1240-800x584.jpg 800w\" sizes=\"auto, (max-width: 1240px) 100vw, 1240px\" \/><\/noscript><img decoding=\"async\" width=\"1240\" height=\"905\" src=\"https:\/\/vpdanses.fr\/wp-content\/uploads\/2025\/06\/MG_1529_w1240.jpg\" class=\"wp-image-13570 vp-lazyload\" alt=\"Cours Particulier de Tango \u00e0 Isbergues par Sven BALCERZAK, professeur de Danse Sportive (Isbergues, Nord, Hauts-de-France)\" srcset=\"data:image\/svg+xml;base64,PHN2ZyB3aWR0aD0iMTI0MCIgaGVpZ2h0PSI5MDUiIHZpZXdCb3g9IjAgMCAxMjQwIDkwNSIgZmlsbD0ibm9uZSIgeG1sbnM9Imh0dHA6Ly93d3cudzMub3JnLzIwMDAvc3ZnIj48L3N2Zz4=\" data-src=\"https:\/\/vpdanses.fr\/wp-content\/uploads\/2025\/06\/MG_1529_w1240.jpg\" data-srcset=\"https:\/\/vpdanses.fr\/wp-content\/uploads\/2025\/06\/MG_1529_w1240.jpg 1240w, https:\/\/vpdanses.fr\/wp-content\/uploads\/2025\/06\/MG_1529_w1240-300x219.jpg 300w, https:\/\/vpdanses.fr\/wp-content\/uploads\/2025\/06\/MG_1529_w1240-1024x747.jpg 1024w, https:\/\/vpdanses.fr\/wp-content\/uploads\/2025\/06\/MG_1529_w1240-768x561.jpg 768w, https:\/\/vpdanses.fr\/wp-content\/uploads\/2025\/06\/MG_1529_w1240-500x365.jpg 500w, https:\/\/vpdanses.fr\/wp-content\/uploads\/2025\/06\/MG_1529_w1240-800x584.jpg 800w\" data-sizes=\"auto\" loading=\"eager\">\n\t\t<div class=\"vp-portfolio__item-overlay\"><\/div>\n\n\t\t<\/a>\t<\/div>\n<\/div>\n\n\t<figcaption class=\"vp-portfolio__item-caption vp-portfolio__item-caption-text-align-center\">\n\t\t<div class=\"vp-portfolio__item-meta-wrap vp-portfolio__custom-scrollbar\">\n\t\t\t<div class=\"vp-portfolio__item-meta\">\n\t\t\t\t\n<h2 class=\"vp-portfolio__item-meta-title\">\n\t\t<a\n\t\thref=\"https:\/\/vpdanses.fr\/wp-content\/uploads\/2025\/06\/MG_1529_w1240.jpg\"\n\t\t\t>\n\tCours Particulier de Tango \u00e0 Isbergues par Sven BALCERZAK, professeur de Danse Sportive (Isbergues, Nord, Hauts-de-France)<\/a><\/h2>\n\t\t\t<\/div>\n\t\t<\/div>\n\t<\/figcaption>\n\t\t\t<\/figure>\n\t\t\t\t\t<\/div>\n\t\t\n\t\t<div\t\tclass=\"vp-portfolio__item-wrap vp-portfolio__item-uid-10a7faa5\" data-vp-filter=\"\" \t\t>\n\t\t\t<template class=\"vp-portfolio__item-popup\" data-vp-popup-img=\"https:\/\/vpdanses.fr\/wp-content\/uploads\/2025\/06\/MG_1541_w1240.jpg\" data-vp-popup-img-srcset=\"https:\/\/vpdanses.fr\/wp-content\/uploads\/2025\/06\/MG_1541_w1240.jpg 1240w, https:\/\/vpdanses.fr\/wp-content\/uploads\/2025\/06\/MG_1541_w1240-300x239.jpg 300w, https:\/\/vpdanses.fr\/wp-content\/uploads\/2025\/06\/MG_1541_w1240-1024x815.jpg 1024w, https:\/\/vpdanses.fr\/wp-content\/uploads\/2025\/06\/MG_1541_w1240-768x611.jpg 768w, https:\/\/vpdanses.fr\/wp-content\/uploads\/2025\/06\/MG_1541_w1240-500x398.jpg 500w, https:\/\/vpdanses.fr\/wp-content\/uploads\/2025\/06\/MG_1541_w1240-800x637.jpg 800w, https:\/\/vpdanses.fr\/wp-content\/uploads\/2025\/06\/MG_1541_w1240-150x120.jpg 150w\" data-vp-popup-img-size=\"1240x987\" data-vp-popup-md-img=\"https:\/\/vpdanses.fr\/wp-content\/uploads\/2025\/06\/MG_1541_w1240-800x637.jpg\" data-vp-popup-md-img-size=\"800x637\" data-vp-popup-sm-img=\"https:\/\/vpdanses.fr\/wp-content\/uploads\/2025\/06\/MG_1541_w1240-500x398.jpg\" data-vp-popup-sm-img-size=\"500x398\">\n\t\t\t<h3 class=\"vp-portfolio__item-popup-title\">Cours Particulier de Tango \u00e0 Isbergues par Sven BALCERZAK, professeur de Danse Sportive (Isbergues, Nord, Hauts-de-France)<\/h3>\n\t\t\t\t<div class=\"vp-portfolio__item-popup-description\">Cours Particulier de Tango \u00e0 Isbergues par Sven BALCERZAK, professeur de Danse Sportive (Isbergues, Nord, Hauts-de-France)<\/div>\n\t\t<\/template>\n\t\t\t\t\t\t<figure class=\"vp-portfolio__item\">\n\t\t\t\t\n<div class=\"vp-portfolio__item-img-wrap\">\n\t<div class=\"vp-portfolio__item-img\">\n\t\t\t<a\n\t\thref=\"https:\/\/vpdanses.fr\/wp-content\/uploads\/2025\/06\/MG_1541_w1240.jpg\"\n\t\t\t>\n\t\n\t\t<noscript><img loading=\"lazy\" decoding=\"async\" width=\"1240\" height=\"987\" data-skip-lazy src=\"https:\/\/vpdanses.fr\/wp-content\/uploads\/2025\/06\/MG_1541_w1240.jpg\" class=\"wp-image-13571\" alt=\"Cours Particulier de Tango \u00e0 Isbergues par Sven BALCERZAK, professeur de Danse Sportive (Isbergues, Nord, Hauts-de-France)\" srcset=\"https:\/\/vpdanses.fr\/wp-content\/uploads\/2025\/06\/MG_1541_w1240.jpg 1240w, https:\/\/vpdanses.fr\/wp-content\/uploads\/2025\/06\/MG_1541_w1240-300x239.jpg 300w, https:\/\/vpdanses.fr\/wp-content\/uploads\/2025\/06\/MG_1541_w1240-1024x815.jpg 1024w, https:\/\/vpdanses.fr\/wp-content\/uploads\/2025\/06\/MG_1541_w1240-768x611.jpg 768w, https:\/\/vpdanses.fr\/wp-content\/uploads\/2025\/06\/MG_1541_w1240-500x398.jpg 500w, https:\/\/vpdanses.fr\/wp-content\/uploads\/2025\/06\/MG_1541_w1240-800x637.jpg 800w, https:\/\/vpdanses.fr\/wp-content\/uploads\/2025\/06\/MG_1541_w1240-150x120.jpg 150w\" sizes=\"auto, (max-width: 1240px) 100vw, 1240px\" \/><\/noscript><img decoding=\"async\" width=\"1240\" height=\"987\" src=\"https:\/\/vpdanses.fr\/wp-content\/uploads\/2025\/06\/MG_1541_w1240.jpg\" class=\"wp-image-13571 vp-lazyload\" alt=\"Cours Particulier de Tango \u00e0 Isbergues par Sven BALCERZAK, professeur de Danse Sportive (Isbergues, Nord, Hauts-de-France)\" srcset=\"data:image\/svg+xml;base64,PHN2ZyB3aWR0aD0iMTI0MCIgaGVpZ2h0PSI5ODciIHZpZXdCb3g9IjAgMCAxMjQwIDk4NyIgZmlsbD0ibm9uZSIgeG1sbnM9Imh0dHA6Ly93d3cudzMub3JnLzIwMDAvc3ZnIj48L3N2Zz4=\" data-src=\"https:\/\/vpdanses.fr\/wp-content\/uploads\/2025\/06\/MG_1541_w1240.jpg\" data-srcset=\"https:\/\/vpdanses.fr\/wp-content\/uploads\/2025\/06\/MG_1541_w1240.jpg 1240w, https:\/\/vpdanses.fr\/wp-content\/uploads\/2025\/06\/MG_1541_w1240-300x239.jpg 300w, https:\/\/vpdanses.fr\/wp-content\/uploads\/2025\/06\/MG_1541_w1240-1024x815.jpg 1024w, https:\/\/vpdanses.fr\/wp-content\/uploads\/2025\/06\/MG_1541_w1240-768x611.jpg 768w, https:\/\/vpdanses.fr\/wp-content\/uploads\/2025\/06\/MG_1541_w1240-500x398.jpg 500w, https:\/\/vpdanses.fr\/wp-content\/uploads\/2025\/06\/MG_1541_w1240-800x637.jpg 800w, https:\/\/vpdanses.fr\/wp-content\/uploads\/2025\/06\/MG_1541_w1240-150x120.jpg 150w\" data-sizes=\"auto\" loading=\"eager\">\n\t\t<div class=\"vp-portfolio__item-overlay\"><\/div>\n\n\t\t<\/a>\t<\/div>\n<\/div>\n\n\t<figcaption class=\"vp-portfolio__item-caption vp-portfolio__item-caption-text-align-center\">\n\t\t<div class=\"vp-portfolio__item-meta-wrap vp-portfolio__custom-scrollbar\">\n\t\t\t<div class=\"vp-portfolio__item-meta\">\n\t\t\t\t\n<h2 class=\"vp-portfolio__item-meta-title\">\n\t\t<a\n\t\thref=\"https:\/\/vpdanses.fr\/wp-content\/uploads\/2025\/06\/MG_1541_w1240.jpg\"\n\t\t\t>\n\tCours Particulier de Tango \u00e0 Isbergues par Sven BALCERZAK, professeur de Danse Sportive (Isbergues, Nord, Hauts-de-France)<\/a><\/h2>\n\t\t\t<\/div>\n\t\t<\/div>\n\t<\/figcaption>\n\t\t\t<\/figure>\n\t\t\t\t\t<\/div>\n\t\t\n\t\t<div\t\tclass=\"vp-portfolio__item-wrap vp-portfolio__item-uid-42f278ba\" data-vp-filter=\"\" \t\t>\n\t\t\t<template class=\"vp-portfolio__item-popup\" data-vp-popup-img=\"https:\/\/vpdanses.fr\/wp-content\/uploads\/2025\/06\/MG_1544_w1240.jpg\" data-vp-popup-img-srcset=\"https:\/\/vpdanses.fr\/wp-content\/uploads\/2025\/06\/MG_1544_w1240.jpg 1240w, https:\/\/vpdanses.fr\/wp-content\/uploads\/2025\/06\/MG_1544_w1240-300x200.jpg 300w, https:\/\/vpdanses.fr\/wp-content\/uploads\/2025\/06\/MG_1544_w1240-1024x683.jpg 1024w, https:\/\/vpdanses.fr\/wp-content\/uploads\/2025\/06\/MG_1544_w1240-768x512.jpg 768w, https:\/\/vpdanses.fr\/wp-content\/uploads\/2025\/06\/MG_1544_w1240-500x333.jpg 500w, https:\/\/vpdanses.fr\/wp-content\/uploads\/2025\/06\/MG_1544_w1240-800x534.jpg 800w\" data-vp-popup-img-size=\"1240x827\" data-vp-popup-md-img=\"https:\/\/vpdanses.fr\/wp-content\/uploads\/2025\/06\/MG_1544_w1240-800x534.jpg\" data-vp-popup-md-img-size=\"800x534\" data-vp-popup-sm-img=\"https:\/\/vpdanses.fr\/wp-content\/uploads\/2025\/06\/MG_1544_w1240-500x333.jpg\" data-vp-popup-sm-img-size=\"500x333\">\n\t\t\t<h3 class=\"vp-portfolio__item-popup-title\">Cours Particulier de Tango \u00e0 Isbergues par Sven BALCERZAK, professeur de Danse Sportive (Isbergues, Nord, Hauts-de-France)<\/h3>\n\t\t\t\t<div class=\"vp-portfolio__item-popup-description\">Cours Particulier de Tango \u00e0 Isbergues par Sven BALCERZAK, professeur de Danse Sportive (Isbergues, Nord, Hauts-de-France)<\/div>\n\t\t<\/template>\n\t\t\t\t\t\t<figure class=\"vp-portfolio__item\">\n\t\t\t\t\n<div class=\"vp-portfolio__item-img-wrap\">\n\t<div class=\"vp-portfolio__item-img\">\n\t\t\t<a\n\t\thref=\"https:\/\/vpdanses.fr\/wp-content\/uploads\/2025\/06\/MG_1544_w1240.jpg\"\n\t\t\t>\n\t\n\t\t<noscript><img loading=\"lazy\" decoding=\"async\" width=\"1240\" height=\"827\" data-skip-lazy src=\"https:\/\/vpdanses.fr\/wp-content\/uploads\/2025\/06\/MG_1544_w1240.jpg\" class=\"wp-image-13572\" alt=\"Cours Particulier de Tango \u00e0 Isbergues par Sven BALCERZAK, professeur de Danse Sportive (Isbergues, Nord, Hauts-de-France)\" srcset=\"https:\/\/vpdanses.fr\/wp-content\/uploads\/2025\/06\/MG_1544_w1240.jpg 1240w, https:\/\/vpdanses.fr\/wp-content\/uploads\/2025\/06\/MG_1544_w1240-300x200.jpg 300w, https:\/\/vpdanses.fr\/wp-content\/uploads\/2025\/06\/MG_1544_w1240-1024x683.jpg 1024w, https:\/\/vpdanses.fr\/wp-content\/uploads\/2025\/06\/MG_1544_w1240-768x512.jpg 768w, https:\/\/vpdanses.fr\/wp-content\/uploads\/2025\/06\/MG_1544_w1240-500x333.jpg 500w, https:\/\/vpdanses.fr\/wp-content\/uploads\/2025\/06\/MG_1544_w1240-800x534.jpg 800w\" sizes=\"auto, (max-width: 1240px) 100vw, 1240px\" \/><\/noscript><img decoding=\"async\" width=\"1240\" height=\"827\" src=\"https:\/\/vpdanses.fr\/wp-content\/uploads\/2025\/06\/MG_1544_w1240.jpg\" class=\"wp-image-13572 vp-lazyload\" alt=\"Cours Particulier de Tango \u00e0 Isbergues par Sven BALCERZAK, professeur de Danse Sportive (Isbergues, Nord, Hauts-de-France)\" srcset=\"data:image\/svg+xml;base64,PHN2ZyB3aWR0aD0iMTI0MCIgaGVpZ2h0PSI4MjciIHZpZXdCb3g9IjAgMCAxMjQwIDgyNyIgZmlsbD0ibm9uZSIgeG1sbnM9Imh0dHA6Ly93d3cudzMub3JnLzIwMDAvc3ZnIj48L3N2Zz4=\" data-src=\"https:\/\/vpdanses.fr\/wp-content\/uploads\/2025\/06\/MG_1544_w1240.jpg\" data-srcset=\"https:\/\/vpdanses.fr\/wp-content\/uploads\/2025\/06\/MG_1544_w1240.jpg 1240w, https:\/\/vpdanses.fr\/wp-content\/uploads\/2025\/06\/MG_1544_w1240-300x200.jpg 300w, https:\/\/vpdanses.fr\/wp-content\/uploads\/2025\/06\/MG_1544_w1240-1024x683.jpg 1024w, https:\/\/vpdanses.fr\/wp-content\/uploads\/2025\/06\/MG_1544_w1240-768x512.jpg 768w, https:\/\/vpdanses.fr\/wp-content\/uploads\/2025\/06\/MG_1544_w1240-500x333.jpg 500w, https:\/\/vpdanses.fr\/wp-content\/uploads\/2025\/06\/MG_1544_w1240-800x534.jpg 800w\" data-sizes=\"auto\" loading=\"eager\">\n\t\t<div class=\"vp-portfolio__item-overlay\"><\/div>\n\n\t\t<\/a>\t<\/div>\n<\/div>\n\n\t<figcaption class=\"vp-portfolio__item-caption vp-portfolio__item-caption-text-align-center\">\n\t\t<div class=\"vp-portfolio__item-meta-wrap vp-portfolio__custom-scrollbar\">\n\t\t\t<div class=\"vp-portfolio__item-meta\">\n\t\t\t\t\n<h2 class=\"vp-portfolio__item-meta-title\">\n\t\t<a\n\t\thref=\"https:\/\/vpdanses.fr\/wp-content\/uploads\/2025\/06\/MG_1544_w1240.jpg\"\n\t\t\t>\n\tCours Particulier de Tango \u00e0 Isbergues par Sven BALCERZAK, professeur de Danse Sportive (Isbergues, Nord, Hauts-de-France)<\/a><\/h2>\n\t\t\t<\/div>\n\t\t<\/div>\n\t<\/figcaption>\n\t\t\t<\/figure>\n\t\t\t\t\t<\/div>\n\t\t\n\t\t<div\t\tclass=\"vp-portfolio__item-wrap vp-portfolio__item-uid-01ab0287\" data-vp-filter=\"\" \t\t>\n\t\t\t<template class=\"vp-portfolio__item-popup\" data-vp-popup-img=\"https:\/\/vpdanses.fr\/wp-content\/uploads\/2025\/06\/MG_1555_w1240.jpg\" data-vp-popup-img-srcset=\"https:\/\/vpdanses.fr\/wp-content\/uploads\/2025\/06\/MG_1555_w1240.jpg 1240w, https:\/\/vpdanses.fr\/wp-content\/uploads\/2025\/06\/MG_1555_w1240-300x230.jpg 300w, https:\/\/vpdanses.fr\/wp-content\/uploads\/2025\/06\/MG_1555_w1240-1024x784.jpg 1024w, https:\/\/vpdanses.fr\/wp-content\/uploads\/2025\/06\/MG_1555_w1240-768x588.jpg 768w, https:\/\/vpdanses.fr\/wp-content\/uploads\/2025\/06\/MG_1555_w1240-500x383.jpg 500w, https:\/\/vpdanses.fr\/wp-content\/uploads\/2025\/06\/MG_1555_w1240-800x612.jpg 800w\" data-vp-popup-img-size=\"1240x949\" data-vp-popup-md-img=\"https:\/\/vpdanses.fr\/wp-content\/uploads\/2025\/06\/MG_1555_w1240-800x612.jpg\" data-vp-popup-md-img-size=\"800x612\" data-vp-popup-sm-img=\"https:\/\/vpdanses.fr\/wp-content\/uploads\/2025\/06\/MG_1555_w1240-500x383.jpg\" data-vp-popup-sm-img-size=\"500x383\">\n\t\t\t<h3 class=\"vp-portfolio__item-popup-title\">Cours Particulier de Tango \u00e0 Isbergues par Sven BALCERZAK, professeur de Danse Sportive (Isbergues, Nord, Hauts-de-France)<\/h3>\n\t\t\t\t<div class=\"vp-portfolio__item-popup-description\">Cours Particulier de Tango \u00e0 Isbergues par Sven BALCERZAK, professeur de Danse Sportive (Isbergues, Nord, Hauts-de-France)<\/div>\n\t\t<\/template>\n\t\t\t\t\t\t<figure class=\"vp-portfolio__item\">\n\t\t\t\t\n<div class=\"vp-portfolio__item-img-wrap\">\n\t<div class=\"vp-portfolio__item-img\">\n\t\t\t<a\n\t\thref=\"https:\/\/vpdanses.fr\/wp-content\/uploads\/2025\/06\/MG_1555_w1240.jpg\"\n\t\t\t>\n\t\n\t\t<noscript><img loading=\"lazy\" decoding=\"async\" width=\"1240\" height=\"949\" data-skip-lazy src=\"https:\/\/vpdanses.fr\/wp-content\/uploads\/2025\/06\/MG_1555_w1240.jpg\" class=\"wp-image-13574\" alt=\"Cours Particulier de Tango \u00e0 Isbergues par Sven BALCERZAK, professeur de Danse Sportive (Isbergues, Nord, Hauts-de-France)\" srcset=\"https:\/\/vpdanses.fr\/wp-content\/uploads\/2025\/06\/MG_1555_w1240.jpg 1240w, https:\/\/vpdanses.fr\/wp-content\/uploads\/2025\/06\/MG_1555_w1240-300x230.jpg 300w, https:\/\/vpdanses.fr\/wp-content\/uploads\/2025\/06\/MG_1555_w1240-1024x784.jpg 1024w, https:\/\/vpdanses.fr\/wp-content\/uploads\/2025\/06\/MG_1555_w1240-768x588.jpg 768w, https:\/\/vpdanses.fr\/wp-content\/uploads\/2025\/06\/MG_1555_w1240-500x383.jpg 500w, https:\/\/vpdanses.fr\/wp-content\/uploads\/2025\/06\/MG_1555_w1240-800x612.jpg 800w\" sizes=\"auto, (max-width: 1240px) 100vw, 1240px\" \/><\/noscript><img decoding=\"async\" width=\"1240\" height=\"949\" src=\"https:\/\/vpdanses.fr\/wp-content\/uploads\/2025\/06\/MG_1555_w1240.jpg\" class=\"wp-image-13574 vp-lazyload\" alt=\"Cours Particulier de Tango \u00e0 Isbergues par Sven BALCERZAK, professeur de Danse Sportive (Isbergues, Nord, Hauts-de-France)\" srcset=\"data:image\/svg+xml;base64,PHN2ZyB3aWR0aD0iMTI0MCIgaGVpZ2h0PSI5NDkiIHZpZXdCb3g9IjAgMCAxMjQwIDk0OSIgZmlsbD0ibm9uZSIgeG1sbnM9Imh0dHA6Ly93d3cudzMub3JnLzIwMDAvc3ZnIj48L3N2Zz4=\" data-src=\"https:\/\/vpdanses.fr\/wp-content\/uploads\/2025\/06\/MG_1555_w1240.jpg\" data-srcset=\"https:\/\/vpdanses.fr\/wp-content\/uploads\/2025\/06\/MG_1555_w1240.jpg 1240w, https:\/\/vpdanses.fr\/wp-content\/uploads\/2025\/06\/MG_1555_w1240-300x230.jpg 300w, https:\/\/vpdanses.fr\/wp-content\/uploads\/2025\/06\/MG_1555_w1240-1024x784.jpg 1024w, https:\/\/vpdanses.fr\/wp-content\/uploads\/2025\/06\/MG_1555_w1240-768x588.jpg 768w, https:\/\/vpdanses.fr\/wp-content\/uploads\/2025\/06\/MG_1555_w1240-500x383.jpg 500w, https:\/\/vpdanses.fr\/wp-content\/uploads\/2025\/06\/MG_1555_w1240-800x612.jpg 800w\" data-sizes=\"auto\" loading=\"eager\">\n\t\t<div class=\"vp-portfolio__item-overlay\"><\/div>\n\n\t\t<\/a>\t<\/div>\n<\/div>\n\n\t<figcaption class=\"vp-portfolio__item-caption vp-portfolio__item-caption-text-align-center\">\n\t\t<div class=\"vp-portfolio__item-meta-wrap vp-portfolio__custom-scrollbar\">\n\t\t\t<div class=\"vp-portfolio__item-meta\">\n\t\t\t\t\n<h2 class=\"vp-portfolio__item-meta-title\">\n\t\t<a\n\t\thref=\"https:\/\/vpdanses.fr\/wp-content\/uploads\/2025\/06\/MG_1555_w1240.jpg\"\n\t\t\t>\n\tCours Particulier de Tango \u00e0 Isbergues par Sven BALCERZAK, professeur de Danse Sportive (Isbergues, Nord, Hauts-de-France)<\/a><\/h2>\n\t\t\t<\/div>\n\t\t<\/div>\n\t<\/figcaption>\n\t\t\t<\/figure>\n\t\t\t\t\t<\/div>\n\t\t\n\t\t<div\t\tclass=\"vp-portfolio__item-wrap vp-portfolio__item-uid-bdf0e1b4\" data-vp-filter=\"\" \t\t>\n\t\t\t<template class=\"vp-portfolio__item-popup\" data-vp-popup-img=\"https:\/\/vpdanses.fr\/wp-content\/uploads\/2025\/06\/MG_1558_w1240.jpg\" data-vp-popup-img-srcset=\"https:\/\/vpdanses.fr\/wp-content\/uploads\/2025\/06\/MG_1558_w1240.jpg 1240w, https:\/\/vpdanses.fr\/wp-content\/uploads\/2025\/06\/MG_1558_w1240-300x217.jpg 300w, https:\/\/vpdanses.fr\/wp-content\/uploads\/2025\/06\/MG_1558_w1240-1024x741.jpg 1024w, https:\/\/vpdanses.fr\/wp-content\/uploads\/2025\/06\/MG_1558_w1240-768x556.jpg 768w, https:\/\/vpdanses.fr\/wp-content\/uploads\/2025\/06\/MG_1558_w1240-500x362.jpg 500w, https:\/\/vpdanses.fr\/wp-content\/uploads\/2025\/06\/MG_1558_w1240-800x579.jpg 800w\" data-vp-popup-img-size=\"1240x897\" data-vp-popup-md-img=\"https:\/\/vpdanses.fr\/wp-content\/uploads\/2025\/06\/MG_1558_w1240-800x579.jpg\" data-vp-popup-md-img-size=\"800x579\" data-vp-popup-sm-img=\"https:\/\/vpdanses.fr\/wp-content\/uploads\/2025\/06\/MG_1558_w1240-500x362.jpg\" data-vp-popup-sm-img-size=\"500x362\">\n\t\t\t<h3 class=\"vp-portfolio__item-popup-title\">Cours Particulier de Tango \u00e0 Isbergues par Sven BALCERZAK, professeur de Danse Sportive (Isbergues, Nord, Hauts-de-France)<\/h3>\n\t\t\t\t<div class=\"vp-portfolio__item-popup-description\">Cours Particulier de Tango \u00e0 Isbergues par Sven BALCERZAK, professeur de Danse Sportive (Isbergues, Nord, Hauts-de-France)<\/div>\n\t\t<\/template>\n\t\t\t\t\t\t<figure class=\"vp-portfolio__item\">\n\t\t\t\t\n<div class=\"vp-portfolio__item-img-wrap\">\n\t<div class=\"vp-portfolio__item-img\">\n\t\t\t<a\n\t\thref=\"https:\/\/vpdanses.fr\/wp-content\/uploads\/2025\/06\/MG_1558_w1240.jpg\"\n\t\t\t>\n\t\n\t\t<noscript><img loading=\"lazy\" decoding=\"async\" width=\"1240\" height=\"897\" data-skip-lazy src=\"https:\/\/vpdanses.fr\/wp-content\/uploads\/2025\/06\/MG_1558_w1240.jpg\" class=\"wp-image-13575\" alt=\"Cours Particulier de Tango \u00e0 Isbergues par Sven BALCERZAK, professeur de Danse Sportive (Isbergues, Nord, Hauts-de-France)\" srcset=\"https:\/\/vpdanses.fr\/wp-content\/uploads\/2025\/06\/MG_1558_w1240.jpg 1240w, https:\/\/vpdanses.fr\/wp-content\/uploads\/2025\/06\/MG_1558_w1240-300x217.jpg 300w, https:\/\/vpdanses.fr\/wp-content\/uploads\/2025\/06\/MG_1558_w1240-1024x741.jpg 1024w, https:\/\/vpdanses.fr\/wp-content\/uploads\/2025\/06\/MG_1558_w1240-768x556.jpg 768w, https:\/\/vpdanses.fr\/wp-content\/uploads\/2025\/06\/MG_1558_w1240-500x362.jpg 500w, https:\/\/vpdanses.fr\/wp-content\/uploads\/2025\/06\/MG_1558_w1240-800x579.jpg 800w\" sizes=\"auto, (max-width: 1240px) 100vw, 1240px\" \/><\/noscript><img decoding=\"async\" width=\"1240\" height=\"897\" src=\"https:\/\/vpdanses.fr\/wp-content\/uploads\/2025\/06\/MG_1558_w1240.jpg\" class=\"wp-image-13575 vp-lazyload\" alt=\"Cours Particulier de Tango \u00e0 Isbergues par Sven BALCERZAK, professeur de Danse Sportive (Isbergues, Nord, Hauts-de-France)\" srcset=\"data:image\/svg+xml;base64,PHN2ZyB3aWR0aD0iMTI0MCIgaGVpZ2h0PSI4OTciIHZpZXdCb3g9IjAgMCAxMjQwIDg5NyIgZmlsbD0ibm9uZSIgeG1sbnM9Imh0dHA6Ly93d3cudzMub3JnLzIwMDAvc3ZnIj48L3N2Zz4=\" data-src=\"https:\/\/vpdanses.fr\/wp-content\/uploads\/2025\/06\/MG_1558_w1240.jpg\" data-srcset=\"https:\/\/vpdanses.fr\/wp-content\/uploads\/2025\/06\/MG_1558_w1240.jpg 1240w, https:\/\/vpdanses.fr\/wp-content\/uploads\/2025\/06\/MG_1558_w1240-300x217.jpg 300w, https:\/\/vpdanses.fr\/wp-content\/uploads\/2025\/06\/MG_1558_w1240-1024x741.jpg 1024w, https:\/\/vpdanses.fr\/wp-content\/uploads\/2025\/06\/MG_1558_w1240-768x556.jpg 768w, https:\/\/vpdanses.fr\/wp-content\/uploads\/2025\/06\/MG_1558_w1240-500x362.jpg 500w, https:\/\/vpdanses.fr\/wp-content\/uploads\/2025\/06\/MG_1558_w1240-800x579.jpg 800w\" data-sizes=\"auto\" loading=\"eager\">\n\t\t<div class=\"vp-portfolio__item-overlay\"><\/div>\n\n\t\t<\/a>\t<\/div>\n<\/div>\n\n\t<figcaption class=\"vp-portfolio__item-caption vp-portfolio__item-caption-text-align-center\">\n\t\t<div class=\"vp-portfolio__item-meta-wrap vp-portfolio__custom-scrollbar\">\n\t\t\t<div class=\"vp-portfolio__item-meta\">\n\t\t\t\t\n<h2 class=\"vp-portfolio__item-meta-title\">\n\t\t<a\n\t\thref=\"https:\/\/vpdanses.fr\/wp-content\/uploads\/2025\/06\/MG_1558_w1240.jpg\"\n\t\t\t>\n\tCours Particulier de Tango \u00e0 Isbergues par Sven BALCERZAK, professeur de Danse Sportive (Isbergues, Nord, Hauts-de-France)<\/a><\/h2>\n\t\t\t<\/div>\n\t\t<\/div>\n\t<\/figcaption>\n\t\t\t<\/figure>\n\t\t\t\t\t<\/div>\n\t\t\n\t\t<div\t\tclass=\"vp-portfolio__item-wrap vp-portfolio__item-uid-a26dc2a0\" data-vp-filter=\"\" \t\t>\n\t\t\t<template class=\"vp-portfolio__item-popup\" data-vp-popup-img=\"https:\/\/vpdanses.fr\/wp-content\/uploads\/2025\/06\/MG_1568_w1240.jpg\" data-vp-popup-img-srcset=\"https:\/\/vpdanses.fr\/wp-content\/uploads\/2025\/06\/MG_1568_w1240.jpg 1240w, https:\/\/vpdanses.fr\/wp-content\/uploads\/2025\/06\/MG_1568_w1240-300x238.jpg 300w, https:\/\/vpdanses.fr\/wp-content\/uploads\/2025\/06\/MG_1568_w1240-1024x813.jpg 1024w, https:\/\/vpdanses.fr\/wp-content\/uploads\/2025\/06\/MG_1568_w1240-768x610.jpg 768w, https:\/\/vpdanses.fr\/wp-content\/uploads\/2025\/06\/MG_1568_w1240-500x397.jpg 500w, https:\/\/vpdanses.fr\/wp-content\/uploads\/2025\/06\/MG_1568_w1240-800x635.jpg 800w, https:\/\/vpdanses.fr\/wp-content\/uploads\/2025\/06\/MG_1568_w1240-150x120.jpg 150w\" data-vp-popup-img-size=\"1240x985\" data-vp-popup-md-img=\"https:\/\/vpdanses.fr\/wp-content\/uploads\/2025\/06\/MG_1568_w1240-800x635.jpg\" data-vp-popup-md-img-size=\"800x635\" data-vp-popup-sm-img=\"https:\/\/vpdanses.fr\/wp-content\/uploads\/2025\/06\/MG_1568_w1240-500x397.jpg\" data-vp-popup-sm-img-size=\"500x397\">\n\t\t\t<h3 class=\"vp-portfolio__item-popup-title\">Cours Particulier de Tango \u00e0 Isbergues par Sven BALCERZAK, professeur de Danse Sportive (Isbergues, Nord, Hauts-de-France)<\/h3>\n\t\t\t\t<div class=\"vp-portfolio__item-popup-description\">Cours Particulier de Tango \u00e0 Isbergues par Sven BALCERZAK, professeur de Danse Sportive (Isbergues, Nord, Hauts-de-France)<\/div>\n\t\t<\/template>\n\t\t\t\t\t\t<figure class=\"vp-portfolio__item\">\n\t\t\t\t\n<div class=\"vp-portfolio__item-img-wrap\">\n\t<div class=\"vp-portfolio__item-img\">\n\t\t\t<a\n\t\thref=\"https:\/\/vpdanses.fr\/wp-content\/uploads\/2025\/06\/MG_1568_w1240.jpg\"\n\t\t\t>\n\t\n\t\t<noscript><img loading=\"lazy\" decoding=\"async\" width=\"1240\" height=\"985\" data-skip-lazy src=\"https:\/\/vpdanses.fr\/wp-content\/uploads\/2025\/06\/MG_1568_w1240.jpg\" class=\"wp-image-13576\" alt=\"Cours Particulier de Tango \u00e0 Isbergues par Sven BALCERZAK, professeur de Danse Sportive (Isbergues, Nord, Hauts-de-France)\" srcset=\"https:\/\/vpdanses.fr\/wp-content\/uploads\/2025\/06\/MG_1568_w1240.jpg 1240w, https:\/\/vpdanses.fr\/wp-content\/uploads\/2025\/06\/MG_1568_w1240-300x238.jpg 300w, https:\/\/vpdanses.fr\/wp-content\/uploads\/2025\/06\/MG_1568_w1240-1024x813.jpg 1024w, https:\/\/vpdanses.fr\/wp-content\/uploads\/2025\/06\/MG_1568_w1240-768x610.jpg 768w, https:\/\/vpdanses.fr\/wp-content\/uploads\/2025\/06\/MG_1568_w1240-500x397.jpg 500w, https:\/\/vpdanses.fr\/wp-content\/uploads\/2025\/06\/MG_1568_w1240-800x635.jpg 800w, https:\/\/vpdanses.fr\/wp-content\/uploads\/2025\/06\/MG_1568_w1240-150x120.jpg 150w\" sizes=\"auto, (max-width: 1240px) 100vw, 1240px\" \/><\/noscript><img decoding=\"async\" width=\"1240\" height=\"985\" src=\"https:\/\/vpdanses.fr\/wp-content\/uploads\/2025\/06\/MG_1568_w1240.jpg\" class=\"wp-image-13576 vp-lazyload\" alt=\"Cours Particulier de Tango \u00e0 Isbergues par Sven BALCERZAK, professeur de Danse Sportive (Isbergues, Nord, Hauts-de-France)\" srcset=\"data:image\/svg+xml;base64,PHN2ZyB3aWR0aD0iMTI0MCIgaGVpZ2h0PSI5ODUiIHZpZXdCb3g9IjAgMCAxMjQwIDk4NSIgZmlsbD0ibm9uZSIgeG1sbnM9Imh0dHA6Ly93d3cudzMub3JnLzIwMDAvc3ZnIj48L3N2Zz4=\" data-src=\"https:\/\/vpdanses.fr\/wp-content\/uploads\/2025\/06\/MG_1568_w1240.jpg\" data-srcset=\"https:\/\/vpdanses.fr\/wp-content\/uploads\/2025\/06\/MG_1568_w1240.jpg 1240w, https:\/\/vpdanses.fr\/wp-content\/uploads\/2025\/06\/MG_1568_w1240-300x238.jpg 300w, https:\/\/vpdanses.fr\/wp-content\/uploads\/2025\/06\/MG_1568_w1240-1024x813.jpg 1024w, https:\/\/vpdanses.fr\/wp-content\/uploads\/2025\/06\/MG_1568_w1240-768x610.jpg 768w, https:\/\/vpdanses.fr\/wp-content\/uploads\/2025\/06\/MG_1568_w1240-500x397.jpg 500w, https:\/\/vpdanses.fr\/wp-content\/uploads\/2025\/06\/MG_1568_w1240-800x635.jpg 800w, https:\/\/vpdanses.fr\/wp-content\/uploads\/2025\/06\/MG_1568_w1240-150x120.jpg 150w\" data-sizes=\"auto\" loading=\"eager\">\n\t\t<div class=\"vp-portfolio__item-overlay\"><\/div>\n\n\t\t<\/a>\t<\/div>\n<\/div>\n\n\t<figcaption class=\"vp-portfolio__item-caption vp-portfolio__item-caption-text-align-center\">\n\t\t<div class=\"vp-portfolio__item-meta-wrap vp-portfolio__custom-scrollbar\">\n\t\t\t<div class=\"vp-portfolio__item-meta\">\n\t\t\t\t\n<h2 class=\"vp-portfolio__item-meta-title\">\n\t\t<a\n\t\thref=\"https:\/\/vpdanses.fr\/wp-content\/uploads\/2025\/06\/MG_1568_w1240.jpg\"\n\t\t\t>\n\tCours Particulier de Tango \u00e0 Isbergues par Sven BALCERZAK, professeur de Danse Sportive (Isbergues, Nord, Hauts-de-France)<\/a><\/h2>\n\t\t\t<\/div>\n\t\t<\/div>\n\t<\/figcaption>\n\t\t\t<\/figure>\n\t\t\t\t\t<\/div>\n\t\t\n\t\t<div\t\tclass=\"vp-portfolio__item-wrap vp-portfolio__item-uid-1e362193\" data-vp-filter=\"\" \t\t>\n\t\t\t<template class=\"vp-portfolio__item-popup\" data-vp-popup-img=\"https:\/\/vpdanses.fr\/wp-content\/uploads\/2025\/06\/MG_1582_w1240.jpg\" data-vp-popup-img-srcset=\"https:\/\/vpdanses.fr\/wp-content\/uploads\/2025\/06\/MG_1582_w1240.jpg 1240w, https:\/\/vpdanses.fr\/wp-content\/uploads\/2025\/06\/MG_1582_w1240-300x233.jpg 300w, https:\/\/vpdanses.fr\/wp-content\/uploads\/2025\/06\/MG_1582_w1240-1024x794.jpg 1024w, https:\/\/vpdanses.fr\/wp-content\/uploads\/2025\/06\/MG_1582_w1240-768x595.jpg 768w, https:\/\/vpdanses.fr\/wp-content\/uploads\/2025\/06\/MG_1582_w1240-500x388.jpg 500w, https:\/\/vpdanses.fr\/wp-content\/uploads\/2025\/06\/MG_1582_w1240-800x620.jpg 800w\" data-vp-popup-img-size=\"1240x961\" data-vp-popup-md-img=\"https:\/\/vpdanses.fr\/wp-content\/uploads\/2025\/06\/MG_1582_w1240-800x620.jpg\" data-vp-popup-md-img-size=\"800x620\" data-vp-popup-sm-img=\"https:\/\/vpdanses.fr\/wp-content\/uploads\/2025\/06\/MG_1582_w1240-500x388.jpg\" data-vp-popup-sm-img-size=\"500x388\">\n\t\t\t<h3 class=\"vp-portfolio__item-popup-title\">Cours Particulier de Tango \u00e0 Isbergues par Sven BALCERZAK, professeur de Danse Sportive (Isbergues, Nord, Hauts-de-France)<\/h3>\n\t\t\t\t<div class=\"vp-portfolio__item-popup-description\">Cours Particulier de Tango \u00e0 Isbergues par Sven BALCERZAK, professeur de Danse Sportive (Isbergues, Nord, Hauts-de-France)<\/div>\n\t\t<\/template>\n\t\t\t\t\t\t<figure class=\"vp-portfolio__item\">\n\t\t\t\t\n<div class=\"vp-portfolio__item-img-wrap\">\n\t<div class=\"vp-portfolio__item-img\">\n\t\t\t<a\n\t\thref=\"https:\/\/vpdanses.fr\/wp-content\/uploads\/2025\/06\/MG_1582_w1240.jpg\"\n\t\t\t>\n\t\n\t\t<noscript><img loading=\"lazy\" decoding=\"async\" width=\"1240\" height=\"961\" data-skip-lazy src=\"https:\/\/vpdanses.fr\/wp-content\/uploads\/2025\/06\/MG_1582_w1240.jpg\" class=\"wp-image-13577\" alt=\"Cours Particulier de Tango \u00e0 Isbergues par Sven BALCERZAK, professeur de Danse Sportive (Isbergues, Nord, Hauts-de-France)\" srcset=\"https:\/\/vpdanses.fr\/wp-content\/uploads\/2025\/06\/MG_1582_w1240.jpg 1240w, https:\/\/vpdanses.fr\/wp-content\/uploads\/2025\/06\/MG_1582_w1240-300x233.jpg 300w, https:\/\/vpdanses.fr\/wp-content\/uploads\/2025\/06\/MG_1582_w1240-1024x794.jpg 1024w, https:\/\/vpdanses.fr\/wp-content\/uploads\/2025\/06\/MG_1582_w1240-768x595.jpg 768w, https:\/\/vpdanses.fr\/wp-content\/uploads\/2025\/06\/MG_1582_w1240-500x388.jpg 500w, https:\/\/vpdanses.fr\/wp-content\/uploads\/2025\/06\/MG_1582_w1240-800x620.jpg 800w\" sizes=\"auto, (max-width: 1240px) 100vw, 1240px\" \/><\/noscript><img decoding=\"async\" width=\"1240\" height=\"961\" src=\"https:\/\/vpdanses.fr\/wp-content\/uploads\/2025\/06\/MG_1582_w1240.jpg\" class=\"wp-image-13577 vp-lazyload\" alt=\"Cours Particulier de Tango \u00e0 Isbergues par Sven BALCERZAK, professeur de Danse Sportive (Isbergues, Nord, Hauts-de-France)\" srcset=\"data:image\/svg+xml;base64,PHN2ZyB3aWR0aD0iMTI0MCIgaGVpZ2h0PSI5NjEiIHZpZXdCb3g9IjAgMCAxMjQwIDk2MSIgZmlsbD0ibm9uZSIgeG1sbnM9Imh0dHA6Ly93d3cudzMub3JnLzIwMDAvc3ZnIj48L3N2Zz4=\" data-src=\"https:\/\/vpdanses.fr\/wp-content\/uploads\/2025\/06\/MG_1582_w1240.jpg\" data-srcset=\"https:\/\/vpdanses.fr\/wp-content\/uploads\/2025\/06\/MG_1582_w1240.jpg 1240w, https:\/\/vpdanses.fr\/wp-content\/uploads\/2025\/06\/MG_1582_w1240-300x233.jpg 300w, https:\/\/vpdanses.fr\/wp-content\/uploads\/2025\/06\/MG_1582_w1240-1024x794.jpg 1024w, https:\/\/vpdanses.fr\/wp-content\/uploads\/2025\/06\/MG_1582_w1240-768x595.jpg 768w, https:\/\/vpdanses.fr\/wp-content\/uploads\/2025\/06\/MG_1582_w1240-500x388.jpg 500w, https:\/\/vpdanses.fr\/wp-content\/uploads\/2025\/06\/MG_1582_w1240-800x620.jpg 800w\" data-sizes=\"auto\" loading=\"eager\">\n\t\t<div class=\"vp-portfolio__item-overlay\"><\/div>\n\n\t\t<\/a>\t<\/div>\n<\/div>\n\n\t<figcaption class=\"vp-portfolio__item-caption vp-portfolio__item-caption-text-align-center\">\n\t\t<div class=\"vp-portfolio__item-meta-wrap vp-portfolio__custom-scrollbar\">\n\t\t\t<div class=\"vp-portfolio__item-meta\">\n\t\t\t\t\n<h2 class=\"vp-portfolio__item-meta-title\">\n\t\t<a\n\t\thref=\"https:\/\/vpdanses.fr\/wp-content\/uploads\/2025\/06\/MG_1582_w1240.jpg\"\n\t\t\t>\n\tCours Particulier de Tango \u00e0 Isbergues par Sven BALCERZAK, professeur de Danse Sportive (Isbergues, Nord, Hauts-de-France)<\/a><\/h2>\n\t\t\t<\/div>\n\t\t<\/div>\n\t<\/figcaption>\n\t\t\t<\/figure>\n\t\t\t\t\t<\/div>\n\t\t\n\t\t<div\t\tclass=\"vp-portfolio__item-wrap vp-portfolio__item-uid-938c0cba\" data-vp-filter=\"\" \t\t>\n\t\t\t<template class=\"vp-portfolio__item-popup\" data-vp-popup-img=\"https:\/\/vpdanses.fr\/wp-content\/uploads\/2025\/06\/MG_1584_w1240.jpg\" data-vp-popup-img-srcset=\"https:\/\/vpdanses.fr\/wp-content\/uploads\/2025\/06\/MG_1584_w1240.jpg 1240w, https:\/\/vpdanses.fr\/wp-content\/uploads\/2025\/06\/MG_1584_w1240-300x231.jpg 300w, https:\/\/vpdanses.fr\/wp-content\/uploads\/2025\/06\/MG_1584_w1240-1024x789.jpg 1024w, https:\/\/vpdanses.fr\/wp-content\/uploads\/2025\/06\/MG_1584_w1240-768x592.jpg 768w, https:\/\/vpdanses.fr\/wp-content\/uploads\/2025\/06\/MG_1584_w1240-500x385.jpg 500w, https:\/\/vpdanses.fr\/wp-content\/uploads\/2025\/06\/MG_1584_w1240-800x617.jpg 800w\" data-vp-popup-img-size=\"1240x956\" data-vp-popup-md-img=\"https:\/\/vpdanses.fr\/wp-content\/uploads\/2025\/06\/MG_1584_w1240-800x617.jpg\" data-vp-popup-md-img-size=\"800x617\" data-vp-popup-sm-img=\"https:\/\/vpdanses.fr\/wp-content\/uploads\/2025\/06\/MG_1584_w1240-500x385.jpg\" data-vp-popup-sm-img-size=\"500x385\">\n\t\t\t<h3 class=\"vp-portfolio__item-popup-title\">Cours Particulier de Tango \u00e0 Isbergues par Sven BALCERZAK, professeur de Danse Sportive (Isbergues, Nord, Hauts-de-France)<\/h3>\n\t\t\t\t<div class=\"vp-portfolio__item-popup-description\">Cours Particulier de Tango \u00e0 Isbergues par Sven BALCERZAK, professeur de Danse Sportive (Isbergues, Nord, Hauts-de-France)<\/div>\n\t\t<\/template>\n\t\t\t\t\t\t<figure class=\"vp-portfolio__item\">\n\t\t\t\t\n<div class=\"vp-portfolio__item-img-wrap\">\n\t<div class=\"vp-portfolio__item-img\">\n\t\t\t<a\n\t\thref=\"https:\/\/vpdanses.fr\/wp-content\/uploads\/2025\/06\/MG_1584_w1240.jpg\"\n\t\t\t>\n\t\n\t\t<noscript><img loading=\"lazy\" decoding=\"async\" width=\"1240\" height=\"956\" data-skip-lazy src=\"https:\/\/vpdanses.fr\/wp-content\/uploads\/2025\/06\/MG_1584_w1240.jpg\" class=\"wp-image-13578\" alt=\"Cours Particulier de Tango \u00e0 Isbergues par Sven BALCERZAK, professeur de Danse Sportive (Isbergues, Nord, Hauts-de-France)\" srcset=\"https:\/\/vpdanses.fr\/wp-content\/uploads\/2025\/06\/MG_1584_w1240.jpg 1240w, https:\/\/vpdanses.fr\/wp-content\/uploads\/2025\/06\/MG_1584_w1240-300x231.jpg 300w, https:\/\/vpdanses.fr\/wp-content\/uploads\/2025\/06\/MG_1584_w1240-1024x789.jpg 1024w, https:\/\/vpdanses.fr\/wp-content\/uploads\/2025\/06\/MG_1584_w1240-768x592.jpg 768w, https:\/\/vpdanses.fr\/wp-content\/uploads\/2025\/06\/MG_1584_w1240-500x385.jpg 500w, https:\/\/vpdanses.fr\/wp-content\/uploads\/2025\/06\/MG_1584_w1240-800x617.jpg 800w\" sizes=\"auto, (max-width: 1240px) 100vw, 1240px\" \/><\/noscript><img decoding=\"async\" width=\"1240\" height=\"956\" src=\"https:\/\/vpdanses.fr\/wp-content\/uploads\/2025\/06\/MG_1584_w1240.jpg\" class=\"wp-image-13578 vp-lazyload\" alt=\"Cours Particulier de Tango \u00e0 Isbergues par Sven BALCERZAK, professeur de Danse Sportive (Isbergues, Nord, Hauts-de-France)\" srcset=\"data:image\/svg+xml;base64,PHN2ZyB3aWR0aD0iMTI0MCIgaGVpZ2h0PSI5NTYiIHZpZXdCb3g9IjAgMCAxMjQwIDk1NiIgZmlsbD0ibm9uZSIgeG1sbnM9Imh0dHA6Ly93d3cudzMub3JnLzIwMDAvc3ZnIj48L3N2Zz4=\" data-src=\"https:\/\/vpdanses.fr\/wp-content\/uploads\/2025\/06\/MG_1584_w1240.jpg\" data-srcset=\"https:\/\/vpdanses.fr\/wp-content\/uploads\/2025\/06\/MG_1584_w1240.jpg 1240w, https:\/\/vpdanses.fr\/wp-content\/uploads\/2025\/06\/MG_1584_w1240-300x231.jpg 300w, https:\/\/vpdanses.fr\/wp-content\/uploads\/2025\/06\/MG_1584_w1240-1024x789.jpg 1024w, https:\/\/vpdanses.fr\/wp-content\/uploads\/2025\/06\/MG_1584_w1240-768x592.jpg 768w, https:\/\/vpdanses.fr\/wp-content\/uploads\/2025\/06\/MG_1584_w1240-500x385.jpg 500w, https:\/\/vpdanses.fr\/wp-content\/uploads\/2025\/06\/MG_1584_w1240-800x617.jpg 800w\" data-sizes=\"auto\" loading=\"eager\">\n\t\t<div class=\"vp-portfolio__item-overlay\"><\/div>\n\n\t\t<\/a>\t<\/div>\n<\/div>\n\n\t<figcaption class=\"vp-portfolio__item-caption vp-portfolio__item-caption-text-align-center\">\n\t\t<div class=\"vp-portfolio__item-meta-wrap vp-portfolio__custom-scrollbar\">\n\t\t\t<div class=\"vp-portfolio__item-meta\">\n\t\t\t\t\n<h2 class=\"vp-portfolio__item-meta-title\">\n\t\t<a\n\t\thref=\"https:\/\/vpdanses.fr\/wp-content\/uploads\/2025\/06\/MG_1584_w1240.jpg\"\n\t\t\t>\n\tCours Particulier de Tango \u00e0 Isbergues par Sven BALCERZAK, professeur de Danse Sportive (Isbergues, Nord, Hauts-de-France)<\/a><\/h2>\n\t\t\t<\/div>\n\t\t<\/div>\n\t<\/figcaption>\n\t\t\t<\/figure>\n\t\t\t\t\t<\/div>\n\t\t\n\t\t<div\t\tclass=\"vp-portfolio__item-wrap vp-portfolio__item-uid-2fd7ef89\" data-vp-filter=\"\" \t\t>\n\t\t\t<template class=\"vp-portfolio__item-popup\" data-vp-popup-img=\"https:\/\/vpdanses.fr\/wp-content\/uploads\/2025\/06\/MG_1594_w1240.jpg\" data-vp-popup-img-srcset=\"https:\/\/vpdanses.fr\/wp-content\/uploads\/2025\/06\/MG_1594_w1240.jpg 1240w, https:\/\/vpdanses.fr\/wp-content\/uploads\/2025\/06\/MG_1594_w1240-300x224.jpg 300w, https:\/\/vpdanses.fr\/wp-content\/uploads\/2025\/06\/MG_1594_w1240-1024x763.jpg 1024w, https:\/\/vpdanses.fr\/wp-content\/uploads\/2025\/06\/MG_1594_w1240-768x572.jpg 768w, https:\/\/vpdanses.fr\/wp-content\/uploads\/2025\/06\/MG_1594_w1240-500x373.jpg 500w, https:\/\/vpdanses.fr\/wp-content\/uploads\/2025\/06\/MG_1594_w1240-800x596.jpg 800w\" data-vp-popup-img-size=\"1240x924\" data-vp-popup-md-img=\"https:\/\/vpdanses.fr\/wp-content\/uploads\/2025\/06\/MG_1594_w1240-800x596.jpg\" data-vp-popup-md-img-size=\"800x596\" data-vp-popup-sm-img=\"https:\/\/vpdanses.fr\/wp-content\/uploads\/2025\/06\/MG_1594_w1240-500x373.jpg\" data-vp-popup-sm-img-size=\"500x373\">\n\t\t\t<h3 class=\"vp-portfolio__item-popup-title\">Cours Particulier de Tango \u00e0 Isbergues par Sven BALCERZAK, professeur de Danse Sportive (Isbergues, Nord, Hauts-de-France)<\/h3>\n\t\t\t\t<div class=\"vp-portfolio__item-popup-description\">Cours Particulier de Tango \u00e0 Isbergues par Sven BALCERZAK, professeur de Danse Sportive (Isbergues, Nord, Hauts-de-France)<\/div>\n\t\t<\/template>\n\t\t\t\t\t\t<figure class=\"vp-portfolio__item\">\n\t\t\t\t\n<div class=\"vp-portfolio__item-img-wrap\">\n\t<div class=\"vp-portfolio__item-img\">\n\t\t\t<a\n\t\thref=\"https:\/\/vpdanses.fr\/wp-content\/uploads\/2025\/06\/MG_1594_w1240.jpg\"\n\t\t\t>\n\t\n\t\t<noscript><img loading=\"lazy\" decoding=\"async\" width=\"1240\" height=\"924\" data-skip-lazy src=\"https:\/\/vpdanses.fr\/wp-content\/uploads\/2025\/06\/MG_1594_w1240.jpg\" class=\"wp-image-13579\" alt=\"Cours Particulier de Tango \u00e0 Isbergues par Sven BALCERZAK, professeur de Danse Sportive (Isbergues, Nord, Hauts-de-France)\" srcset=\"https:\/\/vpdanses.fr\/wp-content\/uploads\/2025\/06\/MG_1594_w1240.jpg 1240w, https:\/\/vpdanses.fr\/wp-content\/uploads\/2025\/06\/MG_1594_w1240-300x224.jpg 300w, https:\/\/vpdanses.fr\/wp-content\/uploads\/2025\/06\/MG_1594_w1240-1024x763.jpg 1024w, https:\/\/vpdanses.fr\/wp-content\/uploads\/2025\/06\/MG_1594_w1240-768x572.jpg 768w, https:\/\/vpdanses.fr\/wp-content\/uploads\/2025\/06\/MG_1594_w1240-500x373.jpg 500w, https:\/\/vpdanses.fr\/wp-content\/uploads\/2025\/06\/MG_1594_w1240-800x596.jpg 800w\" sizes=\"auto, (max-width: 1240px) 100vw, 1240px\" \/><\/noscript><img decoding=\"async\" width=\"1240\" height=\"924\" src=\"https:\/\/vpdanses.fr\/wp-content\/uploads\/2025\/06\/MG_1594_w1240.jpg\" class=\"wp-image-13579 vp-lazyload\" alt=\"Cours Particulier de Tango \u00e0 Isbergues par Sven BALCERZAK, professeur de Danse Sportive (Isbergues, Nord, Hauts-de-France)\" srcset=\"data:image\/svg+xml;base64,PHN2ZyB3aWR0aD0iMTI0MCIgaGVpZ2h0PSI5MjQiIHZpZXdCb3g9IjAgMCAxMjQwIDkyNCIgZmlsbD0ibm9uZSIgeG1sbnM9Imh0dHA6Ly93d3cudzMub3JnLzIwMDAvc3ZnIj48L3N2Zz4=\" data-src=\"https:\/\/vpdanses.fr\/wp-content\/uploads\/2025\/06\/MG_1594_w1240.jpg\" data-srcset=\"https:\/\/vpdanses.fr\/wp-content\/uploads\/2025\/06\/MG_1594_w1240.jpg 1240w, https:\/\/vpdanses.fr\/wp-content\/uploads\/2025\/06\/MG_1594_w1240-300x224.jpg 300w, https:\/\/vpdanses.fr\/wp-content\/uploads\/2025\/06\/MG_1594_w1240-1024x763.jpg 1024w, https:\/\/vpdanses.fr\/wp-content\/uploads\/2025\/06\/MG_1594_w1240-768x572.jpg 768w, https:\/\/vpdanses.fr\/wp-content\/uploads\/2025\/06\/MG_1594_w1240-500x373.jpg 500w, https:\/\/vpdanses.fr\/wp-content\/uploads\/2025\/06\/MG_1594_w1240-800x596.jpg 800w\" data-sizes=\"auto\" loading=\"eager\">\n\t\t<div class=\"vp-portfolio__item-overlay\"><\/div>\n\n\t\t<\/a>\t<\/div>\n<\/div>\n\n\t<figcaption class=\"vp-portfolio__item-caption vp-portfolio__item-caption-text-align-center\">\n\t\t<div class=\"vp-portfolio__item-meta-wrap vp-portfolio__custom-scrollbar\">\n\t\t\t<div class=\"vp-portfolio__item-meta\">\n\t\t\t\t\n<h2 class=\"vp-portfolio__item-meta-title\">\n\t\t<a\n\t\thref=\"https:\/\/vpdanses.fr\/wp-content\/uploads\/2025\/06\/MG_1594_w1240.jpg\"\n\t\t\t>\n\tCours Particulier de Tango \u00e0 Isbergues par Sven BALCERZAK, professeur de Danse Sportive (Isbergues, Nord, Hauts-de-France)<\/a><\/h2>\n\t\t\t<\/div>\n\t\t<\/div>\n\t<\/figcaption>\n\t\t\t<\/figure>\n\t\t\t\t\t<\/div>\n\t\t\n\t\t<div\t\tclass=\"vp-portfolio__item-wrap vp-portfolio__item-uid-5707394c\" data-vp-filter=\"\" \t\t>\n\t\t\t<template class=\"vp-portfolio__item-popup\" data-vp-popup-img=\"https:\/\/vpdanses.fr\/wp-content\/uploads\/2025\/06\/MG_1599_w1240.jpg\" data-vp-popup-img-srcset=\"https:\/\/vpdanses.fr\/wp-content\/uploads\/2025\/06\/MG_1599_w1240.jpg 1240w, https:\/\/vpdanses.fr\/wp-content\/uploads\/2025\/06\/MG_1599_w1240-300x200.jpg 300w, https:\/\/vpdanses.fr\/wp-content\/uploads\/2025\/06\/MG_1599_w1240-1024x683.jpg 1024w, https:\/\/vpdanses.fr\/wp-content\/uploads\/2025\/06\/MG_1599_w1240-768x512.jpg 768w, https:\/\/vpdanses.fr\/wp-content\/uploads\/2025\/06\/MG_1599_w1240-500x333.jpg 500w, https:\/\/vpdanses.fr\/wp-content\/uploads\/2025\/06\/MG_1599_w1240-800x534.jpg 800w\" data-vp-popup-img-size=\"1240x827\" data-vp-popup-md-img=\"https:\/\/vpdanses.fr\/wp-content\/uploads\/2025\/06\/MG_1599_w1240-800x534.jpg\" data-vp-popup-md-img-size=\"800x534\" data-vp-popup-sm-img=\"https:\/\/vpdanses.fr\/wp-content\/uploads\/2025\/06\/MG_1599_w1240-500x333.jpg\" data-vp-popup-sm-img-size=\"500x333\">\n\t\t\t<h3 class=\"vp-portfolio__item-popup-title\">Cours Particulier de Tango \u00e0 Isbergues par Sven BALCERZAK, professeur de Danse Sportive (Isbergues, Nord, Hauts-de-France)<\/h3>\n\t\t\t\t<div class=\"vp-portfolio__item-popup-description\">Cours Particulier de Tango \u00e0 Isbergues par Sven BALCERZAK, professeur de Danse Sportive (Isbergues, Nord, Hauts-de-France)<\/div>\n\t\t<\/template>\n\t\t\t\t\t\t<figure class=\"vp-portfolio__item\">\n\t\t\t\t\n<div class=\"vp-portfolio__item-img-wrap\">\n\t<div class=\"vp-portfolio__item-img\">\n\t\t\t<a\n\t\thref=\"https:\/\/vpdanses.fr\/wp-content\/uploads\/2025\/06\/MG_1599_w1240.jpg\"\n\t\t\t>\n\t\n\t\t<noscript><img loading=\"lazy\" decoding=\"async\" width=\"1240\" height=\"827\" data-skip-lazy src=\"https:\/\/vpdanses.fr\/wp-content\/uploads\/2025\/06\/MG_1599_w1240.jpg\" class=\"wp-image-13580\" alt=\"Cours Particulier de Tango \u00e0 Isbergues par Sven BALCERZAK, professeur de Danse Sportive (Isbergues, Nord, Hauts-de-France)\" srcset=\"https:\/\/vpdanses.fr\/wp-content\/uploads\/2025\/06\/MG_1599_w1240.jpg 1240w, https:\/\/vpdanses.fr\/wp-content\/uploads\/2025\/06\/MG_1599_w1240-300x200.jpg 300w, https:\/\/vpdanses.fr\/wp-content\/uploads\/2025\/06\/MG_1599_w1240-1024x683.jpg 1024w, https:\/\/vpdanses.fr\/wp-content\/uploads\/2025\/06\/MG_1599_w1240-768x512.jpg 768w, https:\/\/vpdanses.fr\/wp-content\/uploads\/2025\/06\/MG_1599_w1240-500x333.jpg 500w, https:\/\/vpdanses.fr\/wp-content\/uploads\/2025\/06\/MG_1599_w1240-800x534.jpg 800w\" sizes=\"auto, (max-width: 1240px) 100vw, 1240px\" \/><\/noscript><img decoding=\"async\" width=\"1240\" height=\"827\" src=\"https:\/\/vpdanses.fr\/wp-content\/uploads\/2025\/06\/MG_1599_w1240.jpg\" class=\"wp-image-13580 vp-lazyload\" alt=\"Cours Particulier de Tango \u00e0 Isbergues par Sven BALCERZAK, professeur de Danse Sportive (Isbergues, Nord, Hauts-de-France)\" srcset=\"data:image\/svg+xml;base64,PHN2ZyB3aWR0aD0iMTI0MCIgaGVpZ2h0PSI4MjciIHZpZXdCb3g9IjAgMCAxMjQwIDgyNyIgZmlsbD0ibm9uZSIgeG1sbnM9Imh0dHA6Ly93d3cudzMub3JnLzIwMDAvc3ZnIj48L3N2Zz4=\" data-src=\"https:\/\/vpdanses.fr\/wp-content\/uploads\/2025\/06\/MG_1599_w1240.jpg\" data-srcset=\"https:\/\/vpdanses.fr\/wp-content\/uploads\/2025\/06\/MG_1599_w1240.jpg 1240w, https:\/\/vpdanses.fr\/wp-content\/uploads\/2025\/06\/MG_1599_w1240-300x200.jpg 300w, https:\/\/vpdanses.fr\/wp-content\/uploads\/2025\/06\/MG_1599_w1240-1024x683.jpg 1024w, https:\/\/vpdanses.fr\/wp-content\/uploads\/2025\/06\/MG_1599_w1240-768x512.jpg 768w, https:\/\/vpdanses.fr\/wp-content\/uploads\/2025\/06\/MG_1599_w1240-500x333.jpg 500w, https:\/\/vpdanses.fr\/wp-content\/uploads\/2025\/06\/MG_1599_w1240-800x534.jpg 800w\" data-sizes=\"auto\" loading=\"eager\">\n\t\t<div class=\"vp-portfolio__item-overlay\"><\/div>\n\n\t\t<\/a>\t<\/div>\n<\/div>\n\n\t<figcaption class=\"vp-portfolio__item-caption vp-portfolio__item-caption-text-align-center\">\n\t\t<div class=\"vp-portfolio__item-meta-wrap vp-portfolio__custom-scrollbar\">\n\t\t\t<div class=\"vp-portfolio__item-meta\">\n\t\t\t\t\n<h2 class=\"vp-portfolio__item-meta-title\">\n\t\t<a\n\t\thref=\"https:\/\/vpdanses.fr\/wp-content\/uploads\/2025\/06\/MG_1599_w1240.jpg\"\n\t\t\t>\n\tCours Particulier de Tango \u00e0 Isbergues par Sven BALCERZAK, professeur de Danse Sportive (Isbergues, Nord, Hauts-de-France)<\/a><\/h2>\n\t\t\t<\/div>\n\t\t<\/div>\n\t<\/figcaption>\n\t\t\t<\/figure>\n\t\t\t\t\t<\/div>\n\t\t\n\t\t<div\t\tclass=\"vp-portfolio__item-wrap vp-portfolio__item-uid-eb5cda7f\" data-vp-filter=\"\" \t\t>\n\t\t\t<template class=\"vp-portfolio__item-popup\" data-vp-popup-img=\"https:\/\/vpdanses.fr\/wp-content\/uploads\/2025\/06\/MG_1600_w1240.jpg\" data-vp-popup-img-srcset=\"https:\/\/vpdanses.fr\/wp-content\/uploads\/2025\/06\/MG_1600_w1240.jpg 1240w, https:\/\/vpdanses.fr\/wp-content\/uploads\/2025\/06\/MG_1600_w1240-300x200.jpg 300w, https:\/\/vpdanses.fr\/wp-content\/uploads\/2025\/06\/MG_1600_w1240-1024x683.jpg 1024w, https:\/\/vpdanses.fr\/wp-content\/uploads\/2025\/06\/MG_1600_w1240-768x512.jpg 768w, https:\/\/vpdanses.fr\/wp-content\/uploads\/2025\/06\/MG_1600_w1240-500x333.jpg 500w, https:\/\/vpdanses.fr\/wp-content\/uploads\/2025\/06\/MG_1600_w1240-800x534.jpg 800w\" data-vp-popup-img-size=\"1240x827\" data-vp-popup-md-img=\"https:\/\/vpdanses.fr\/wp-content\/uploads\/2025\/06\/MG_1600_w1240-800x534.jpg\" data-vp-popup-md-img-size=\"800x534\" data-vp-popup-sm-img=\"https:\/\/vpdanses.fr\/wp-content\/uploads\/2025\/06\/MG_1600_w1240-500x333.jpg\" data-vp-popup-sm-img-size=\"500x333\">\n\t\t\t<h3 class=\"vp-portfolio__item-popup-title\">Cours Particulier de Tango \u00e0 Isbergues par Sven BALCERZAK, professeur de Danse Sportive (Isbergues, Nord, Hauts-de-France)<\/h3>\n\t\t\t\t<div class=\"vp-portfolio__item-popup-description\">Cours Particulier de Tango \u00e0 Isbergues par Sven BALCERZAK, professeur de Danse Sportive (Isbergues, Nord, Hauts-de-France)<\/div>\n\t\t<\/template>\n\t\t\t\t\t\t<figure class=\"vp-portfolio__item\">\n\t\t\t\t\n<div class=\"vp-portfolio__item-img-wrap\">\n\t<div class=\"vp-portfolio__item-img\">\n\t\t\t<a\n\t\thref=\"https:\/\/vpdanses.fr\/wp-content\/uploads\/2025\/06\/MG_1600_w1240.jpg\"\n\t\t\t>\n\t\n\t\t<noscript><img loading=\"lazy\" decoding=\"async\" width=\"1240\" height=\"827\" data-skip-lazy src=\"https:\/\/vpdanses.fr\/wp-content\/uploads\/2025\/06\/MG_1600_w1240.jpg\" class=\"wp-image-13581\" alt=\"Cours Particulier de Tango \u00e0 Isbergues par Sven BALCERZAK, professeur de Danse Sportive (Isbergues, Nord, Hauts-de-France)\" srcset=\"https:\/\/vpdanses.fr\/wp-content\/uploads\/2025\/06\/MG_1600_w1240.jpg 1240w, https:\/\/vpdanses.fr\/wp-content\/uploads\/2025\/06\/MG_1600_w1240-300x200.jpg 300w, https:\/\/vpdanses.fr\/wp-content\/uploads\/2025\/06\/MG_1600_w1240-1024x683.jpg 1024w, https:\/\/vpdanses.fr\/wp-content\/uploads\/2025\/06\/MG_1600_w1240-768x512.jpg 768w, https:\/\/vpdanses.fr\/wp-content\/uploads\/2025\/06\/MG_1600_w1240-500x333.jpg 500w, https:\/\/vpdanses.fr\/wp-content\/uploads\/2025\/06\/MG_1600_w1240-800x534.jpg 800w\" sizes=\"auto, (max-width: 1240px) 100vw, 1240px\" \/><\/noscript><img decoding=\"async\" width=\"1240\" height=\"827\" src=\"https:\/\/vpdanses.fr\/wp-content\/uploads\/2025\/06\/MG_1600_w1240.jpg\" class=\"wp-image-13581 vp-lazyload\" alt=\"Cours Particulier de Tango \u00e0 Isbergues par Sven BALCERZAK, professeur de Danse Sportive (Isbergues, Nord, Hauts-de-France)\" srcset=\"data:image\/svg+xml;base64,PHN2ZyB3aWR0aD0iMTI0MCIgaGVpZ2h0PSI4MjciIHZpZXdCb3g9IjAgMCAxMjQwIDgyNyIgZmlsbD0ibm9uZSIgeG1sbnM9Imh0dHA6Ly93d3cudzMub3JnLzIwMDAvc3ZnIj48L3N2Zz4=\" data-src=\"https:\/\/vpdanses.fr\/wp-content\/uploads\/2025\/06\/MG_1600_w1240.jpg\" data-srcset=\"https:\/\/vpdanses.fr\/wp-content\/uploads\/2025\/06\/MG_1600_w1240.jpg 1240w, https:\/\/vpdanses.fr\/wp-content\/uploads\/2025\/06\/MG_1600_w1240-300x200.jpg 300w, https:\/\/vpdanses.fr\/wp-content\/uploads\/2025\/06\/MG_1600_w1240-1024x683.jpg 1024w, https:\/\/vpdanses.fr\/wp-content\/uploads\/2025\/06\/MG_1600_w1240-768x512.jpg 768w, https:\/\/vpdanses.fr\/wp-content\/uploads\/2025\/06\/MG_1600_w1240-500x333.jpg 500w, https:\/\/vpdanses.fr\/wp-content\/uploads\/2025\/06\/MG_1600_w1240-800x534.jpg 800w\" data-sizes=\"auto\" loading=\"eager\">\n\t\t<div class=\"vp-portfolio__item-overlay\"><\/div>\n\n\t\t<\/a>\t<\/div>\n<\/div>\n\n\t<figcaption class=\"vp-portfolio__item-caption vp-portfolio__item-caption-text-align-center\">\n\t\t<div class=\"vp-portfolio__item-meta-wrap vp-portfolio__custom-scrollbar\">\n\t\t\t<div class=\"vp-portfolio__item-meta\">\n\t\t\t\t\n<h2 class=\"vp-portfolio__item-meta-title\">\n\t\t<a\n\t\thref=\"https:\/\/vpdanses.fr\/wp-content\/uploads\/2025\/06\/MG_1600_w1240.jpg\"\n\t\t\t>\n\tCours Particulier de Tango \u00e0 Isbergues par Sven BALCERZAK, professeur de Danse Sportive (Isbergues, Nord, Hauts-de-France)<\/a><\/h2>\n\t\t\t<\/div>\n\t\t<\/div>\n\t<\/figcaption>\n\t\t\t<\/figure>\n\t\t\t\t\t<\/div>\n\t\t\n\t\t<div\t\tclass=\"vp-portfolio__item-wrap vp-portfolio__item-uid-83033910\" data-vp-filter=\"\" \t\t>\n\t\t\t<template class=\"vp-portfolio__item-popup\" data-vp-popup-img=\"https:\/\/vpdanses.fr\/wp-content\/uploads\/2025\/06\/MG_1603_w1240-1.jpg\" data-vp-popup-img-srcset=\"https:\/\/vpdanses.fr\/wp-content\/uploads\/2025\/06\/MG_1603_w1240-1.jpg 1240w, https:\/\/vpdanses.fr\/wp-content\/uploads\/2025\/06\/MG_1603_w1240-1-300x232.jpg 300w, https:\/\/vpdanses.fr\/wp-content\/uploads\/2025\/06\/MG_1603_w1240-1-1024x792.jpg 1024w, https:\/\/vpdanses.fr\/wp-content\/uploads\/2025\/06\/MG_1603_w1240-1-768x594.jpg 768w, https:\/\/vpdanses.fr\/wp-content\/uploads\/2025\/06\/MG_1603_w1240-1-500x387.jpg 500w, https:\/\/vpdanses.fr\/wp-content\/uploads\/2025\/06\/MG_1603_w1240-1-800x619.jpg 800w\" data-vp-popup-img-size=\"1240x959\" data-vp-popup-md-img=\"https:\/\/vpdanses.fr\/wp-content\/uploads\/2025\/06\/MG_1603_w1240-1-800x619.jpg\" data-vp-popup-md-img-size=\"800x619\" data-vp-popup-sm-img=\"https:\/\/vpdanses.fr\/wp-content\/uploads\/2025\/06\/MG_1603_w1240-1-500x387.jpg\" data-vp-popup-sm-img-size=\"500x387\">\n\t\t\t<h3 class=\"vp-portfolio__item-popup-title\">Cours Particulier de Tango \u00e0 Isbergues par Sven BALCERZAK, professeur de Danse Sportive (Isbergues, Nord, Hauts-de-France)<\/h3>\n\t\t\t\t<div class=\"vp-portfolio__item-popup-description\">Cours Particulier de Tango \u00e0 Isbergues par Sven BALCERZAK, professeur de Danse Sportive (Isbergues, Nord, Hauts-de-France)<\/div>\n\t\t<\/template>\n\t\t\t\t\t\t<figure class=\"vp-portfolio__item\">\n\t\t\t\t\n<div class=\"vp-portfolio__item-img-wrap\">\n\t<div class=\"vp-portfolio__item-img\">\n\t\t\t<a\n\t\thref=\"https:\/\/vpdanses.fr\/wp-content\/uploads\/2025\/06\/MG_1603_w1240-1.jpg\"\n\t\t\t>\n\t\n\t\t<noscript><img loading=\"lazy\" decoding=\"async\" width=\"1240\" height=\"959\" data-skip-lazy src=\"https:\/\/vpdanses.fr\/wp-content\/uploads\/2025\/06\/MG_1603_w1240-1.jpg\" class=\"wp-image-13582\" alt=\"Cours Particulier de Tango \u00e0 Isbergues par Sven BALCERZAK, professeur de Danse Sportive (Isbergues, Nord, Hauts-de-France)\" srcset=\"https:\/\/vpdanses.fr\/wp-content\/uploads\/2025\/06\/MG_1603_w1240-1.jpg 1240w, https:\/\/vpdanses.fr\/wp-content\/uploads\/2025\/06\/MG_1603_w1240-1-300x232.jpg 300w, https:\/\/vpdanses.fr\/wp-content\/uploads\/2025\/06\/MG_1603_w1240-1-1024x792.jpg 1024w, https:\/\/vpdanses.fr\/wp-content\/uploads\/2025\/06\/MG_1603_w1240-1-768x594.jpg 768w, https:\/\/vpdanses.fr\/wp-content\/uploads\/2025\/06\/MG_1603_w1240-1-500x387.jpg 500w, https:\/\/vpdanses.fr\/wp-content\/uploads\/2025\/06\/MG_1603_w1240-1-800x619.jpg 800w\" sizes=\"auto, (max-width: 1240px) 100vw, 1240px\" \/><\/noscript><img decoding=\"async\" width=\"1240\" height=\"959\" src=\"https:\/\/vpdanses.fr\/wp-content\/uploads\/2025\/06\/MG_1603_w1240-1.jpg\" class=\"wp-image-13582 vp-lazyload\" alt=\"Cours Particulier de Tango \u00e0 Isbergues par Sven BALCERZAK, professeur de Danse Sportive (Isbergues, Nord, Hauts-de-France)\" srcset=\"data:image\/svg+xml;base64,PHN2ZyB3aWR0aD0iMTI0MCIgaGVpZ2h0PSI5NTkiIHZpZXdCb3g9IjAgMCAxMjQwIDk1OSIgZmlsbD0ibm9uZSIgeG1sbnM9Imh0dHA6Ly93d3cudzMub3JnLzIwMDAvc3ZnIj48L3N2Zz4=\" data-src=\"https:\/\/vpdanses.fr\/wp-content\/uploads\/2025\/06\/MG_1603_w1240-1.jpg\" data-srcset=\"https:\/\/vpdanses.fr\/wp-content\/uploads\/2025\/06\/MG_1603_w1240-1.jpg 1240w, https:\/\/vpdanses.fr\/wp-content\/uploads\/2025\/06\/MG_1603_w1240-1-300x232.jpg 300w, https:\/\/vpdanses.fr\/wp-content\/uploads\/2025\/06\/MG_1603_w1240-1-1024x792.jpg 1024w, https:\/\/vpdanses.fr\/wp-content\/uploads\/2025\/06\/MG_1603_w1240-1-768x594.jpg 768w, https:\/\/vpdanses.fr\/wp-content\/uploads\/2025\/06\/MG_1603_w1240-1-500x387.jpg 500w, https:\/\/vpdanses.fr\/wp-content\/uploads\/2025\/06\/MG_1603_w1240-1-800x619.jpg 800w\" data-sizes=\"auto\" loading=\"eager\">\n\t\t<div class=\"vp-portfolio__item-overlay\"><\/div>\n\n\t\t<\/a>\t<\/div>\n<\/div>\n\n\t<figcaption class=\"vp-portfolio__item-caption vp-portfolio__item-caption-text-align-center\">\n\t\t<div class=\"vp-portfolio__item-meta-wrap vp-portfolio__custom-scrollbar\">\n\t\t\t<div class=\"vp-portfolio__item-meta\">\n\t\t\t\t\n<h2 class=\"vp-portfolio__item-meta-title\">\n\t\t<a\n\t\thref=\"https:\/\/vpdanses.fr\/wp-content\/uploads\/2025\/06\/MG_1603_w1240-1.jpg\"\n\t\t\t>\n\tCours Particulier de Tango \u00e0 Isbergues par Sven BALCERZAK, professeur de Danse Sportive (Isbergues, Nord, Hauts-de-France)<\/a><\/h2>\n\t\t\t<\/div>\n\t\t<\/div>\n\t<\/figcaption>\n\t\t\t<\/figure>\n\t\t\t\t\t<\/div>\n\t\t\n\t\t<div\t\tclass=\"vp-portfolio__item-wrap vp-portfolio__item-uid-3f58da23\" data-vp-filter=\"\" \t\t>\n\t\t\t<template class=\"vp-portfolio__item-popup\" data-vp-popup-img=\"https:\/\/vpdanses.fr\/wp-content\/uploads\/2025\/06\/MG_1604_w1240.jpg\" data-vp-popup-img-srcset=\"https:\/\/vpdanses.fr\/wp-content\/uploads\/2025\/06\/MG_1604_w1240.jpg 1240w, https:\/\/vpdanses.fr\/wp-content\/uploads\/2025\/06\/MG_1604_w1240-300x208.jpg 300w, https:\/\/vpdanses.fr\/wp-content\/uploads\/2025\/06\/MG_1604_w1240-1024x711.jpg 1024w, https:\/\/vpdanses.fr\/wp-content\/uploads\/2025\/06\/MG_1604_w1240-768x533.jpg 768w, https:\/\/vpdanses.fr\/wp-content\/uploads\/2025\/06\/MG_1604_w1240-500x347.jpg 500w, https:\/\/vpdanses.fr\/wp-content\/uploads\/2025\/06\/MG_1604_w1240-800x555.jpg 800w\" data-vp-popup-img-size=\"1240x861\" data-vp-popup-md-img=\"https:\/\/vpdanses.fr\/wp-content\/uploads\/2025\/06\/MG_1604_w1240-800x555.jpg\" data-vp-popup-md-img-size=\"800x555\" data-vp-popup-sm-img=\"https:\/\/vpdanses.fr\/wp-content\/uploads\/2025\/06\/MG_1604_w1240-500x347.jpg\" data-vp-popup-sm-img-size=\"500x347\">\n\t\t\t<h3 class=\"vp-portfolio__item-popup-title\">Cours Particulier de Tango \u00e0 Isbergues par Sven BALCERZAK, professeur de Danse Sportive (Isbergues, Nord, Hauts-de-France)<\/h3>\n\t\t\t\t<div class=\"vp-portfolio__item-popup-description\">Cours Particulier de Tango \u00e0 Isbergues par Sven BALCERZAK, professeur de Danse Sportive (Isbergues, Nord, Hauts-de-France)<\/div>\n\t\t<\/template>\n\t\t\t\t\t\t<figure class=\"vp-portfolio__item\">\n\t\t\t\t\n<div class=\"vp-portfolio__item-img-wrap\">\n\t<div class=\"vp-portfolio__item-img\">\n\t\t\t<a\n\t\thref=\"https:\/\/vpdanses.fr\/wp-content\/uploads\/2025\/06\/MG_1604_w1240.jpg\"\n\t\t\t>\n\t\n\t\t<noscript><img loading=\"lazy\" decoding=\"async\" width=\"1240\" height=\"861\" data-skip-lazy src=\"https:\/\/vpdanses.fr\/wp-content\/uploads\/2025\/06\/MG_1604_w1240.jpg\" class=\"wp-image-13583\" alt=\"Cours Particulier de Tango \u00e0 Isbergues par Sven BALCERZAK, professeur de Danse Sportive (Isbergues, Nord, Hauts-de-France)\" srcset=\"https:\/\/vpdanses.fr\/wp-content\/uploads\/2025\/06\/MG_1604_w1240.jpg 1240w, https:\/\/vpdanses.fr\/wp-content\/uploads\/2025\/06\/MG_1604_w1240-300x208.jpg 300w, https:\/\/vpdanses.fr\/wp-content\/uploads\/2025\/06\/MG_1604_w1240-1024x711.jpg 1024w, https:\/\/vpdanses.fr\/wp-content\/uploads\/2025\/06\/MG_1604_w1240-768x533.jpg 768w, https:\/\/vpdanses.fr\/wp-content\/uploads\/2025\/06\/MG_1604_w1240-500x347.jpg 500w, https:\/\/vpdanses.fr\/wp-content\/uploads\/2025\/06\/MG_1604_w1240-800x555.jpg 800w\" sizes=\"auto, (max-width: 1240px) 100vw, 1240px\" \/><\/noscript><img decoding=\"async\" width=\"1240\" height=\"861\" src=\"https:\/\/vpdanses.fr\/wp-content\/uploads\/2025\/06\/MG_1604_w1240.jpg\" class=\"wp-image-13583 vp-lazyload\" alt=\"Cours Particulier de Tango \u00e0 Isbergues par Sven BALCERZAK, professeur de Danse Sportive (Isbergues, Nord, Hauts-de-France)\" srcset=\"data:image\/svg+xml;base64,PHN2ZyB3aWR0aD0iMTI0MCIgaGVpZ2h0PSI4NjEiIHZpZXdCb3g9IjAgMCAxMjQwIDg2MSIgZmlsbD0ibm9uZSIgeG1sbnM9Imh0dHA6Ly93d3cudzMub3JnLzIwMDAvc3ZnIj48L3N2Zz4=\" data-src=\"https:\/\/vpdanses.fr\/wp-content\/uploads\/2025\/06\/MG_1604_w1240.jpg\" data-srcset=\"https:\/\/vpdanses.fr\/wp-content\/uploads\/2025\/06\/MG_1604_w1240.jpg 1240w, https:\/\/vpdanses.fr\/wp-content\/uploads\/2025\/06\/MG_1604_w1240-300x208.jpg 300w, https:\/\/vpdanses.fr\/wp-content\/uploads\/2025\/06\/MG_1604_w1240-1024x711.jpg 1024w, https:\/\/vpdanses.fr\/wp-content\/uploads\/2025\/06\/MG_1604_w1240-768x533.jpg 768w, https:\/\/vpdanses.fr\/wp-content\/uploads\/2025\/06\/MG_1604_w1240-500x347.jpg 500w, https:\/\/vpdanses.fr\/wp-content\/uploads\/2025\/06\/MG_1604_w1240-800x555.jpg 800w\" data-sizes=\"auto\" loading=\"eager\">\n\t\t<div class=\"vp-portfolio__item-overlay\"><\/div>\n\n\t\t<\/a>\t<\/div>\n<\/div>\n\n\t<figcaption class=\"vp-portfolio__item-caption vp-portfolio__item-caption-text-align-center\">\n\t\t<div class=\"vp-portfolio__item-meta-wrap vp-portfolio__custom-scrollbar\">\n\t\t\t<div class=\"vp-portfolio__item-meta\">\n\t\t\t\t\n<h2 class=\"vp-portfolio__item-meta-title\">\n\t\t<a\n\t\thref=\"https:\/\/vpdanses.fr\/wp-content\/uploads\/2025\/06\/MG_1604_w1240.jpg\"\n\t\t\t>\n\tCours Particulier de Tango \u00e0 Isbergues par Sven BALCERZAK, professeur de Danse Sportive (Isbergues, Nord, Hauts-de-France)<\/a><\/h2>\n\t\t\t<\/div>\n\t\t<\/div>\n\t<\/figcaption>\n\t\t\t<\/figure>\n\t\t\t\t\t<\/div>\n\t\t\n\t\t<div\t\tclass=\"vp-portfolio__item-wrap vp-portfolio__item-uid-0bc336b3\" data-vp-filter=\"\" \t\t>\n\t\t\t<template class=\"vp-portfolio__item-popup\" data-vp-popup-img=\"https:\/\/vpdanses.fr\/wp-content\/uploads\/2025\/06\/MG_1603_w1240.jpg\" data-vp-popup-img-srcset=\"https:\/\/vpdanses.fr\/wp-content\/uploads\/2025\/06\/MG_1603_w1240.jpg 1240w, https:\/\/vpdanses.fr\/wp-content\/uploads\/2025\/06\/MG_1603_w1240-300x232.jpg 300w, https:\/\/vpdanses.fr\/wp-content\/uploads\/2025\/06\/MG_1603_w1240-1024x792.jpg 1024w, https:\/\/vpdanses.fr\/wp-content\/uploads\/2025\/06\/MG_1603_w1240-768x594.jpg 768w, https:\/\/vpdanses.fr\/wp-content\/uploads\/2025\/06\/MG_1603_w1240-500x387.jpg 500w, https:\/\/vpdanses.fr\/wp-content\/uploads\/2025\/06\/MG_1603_w1240-800x619.jpg 800w\" data-vp-popup-img-size=\"1240x959\" data-vp-popup-md-img=\"https:\/\/vpdanses.fr\/wp-content\/uploads\/2025\/06\/MG_1603_w1240-800x619.jpg\" data-vp-popup-md-img-size=\"800x619\" data-vp-popup-sm-img=\"https:\/\/vpdanses.fr\/wp-content\/uploads\/2025\/06\/MG_1603_w1240-500x387.jpg\" data-vp-popup-sm-img-size=\"500x387\">\n\t\t\t<h3 class=\"vp-portfolio__item-popup-title\">A Isbergues, ce jeudi 8 juin 2025, Sven BALCERZAK, professeur de danse sportive a dispens\u00e9 un cours particulier de tango \u00e0 St\u00e9phanie et Dave, comp\u00e9titeurs internationaux<\/h3>\n\t\t\t\t<div class=\"vp-portfolio__item-popup-description\">A Isbergues, ce jeudi 8 juin 2025, Sven BALCERZAK, professeur de danse sportive a dispens\u00e9 un cours particulier de tango \u00e0 St\u00e9phanie et Dave, comp\u00e9titeurs internationaux<\/div>\n\t\t<\/template>\n\t\t\t\t\t\t<figure class=\"vp-portfolio__item\">\n\t\t\t\t\n<div class=\"vp-portfolio__item-img-wrap\">\n\t<div class=\"vp-portfolio__item-img\">\n\t\t\t<a\n\t\thref=\"https:\/\/vpdanses.fr\/wp-content\/uploads\/2025\/06\/MG_1603_w1240.jpg\"\n\t\t\t>\n\t\n\t\t<noscript><img loading=\"lazy\" decoding=\"async\" width=\"1240\" height=\"959\" data-skip-lazy src=\"https:\/\/vpdanses.fr\/wp-content\/uploads\/2025\/06\/MG_1603_w1240.jpg\" class=\"wp-image-13558\" alt=\"A Isbergues, ce jeudi 8 juin 2025, Sven BALCERZAK, professeur de danse sportive a dispens\u00e9 un cours particulier de tango \u00e0 St\u00e9phanie et Dave, comp\u00e9titeurs internationaux\" srcset=\"https:\/\/vpdanses.fr\/wp-content\/uploads\/2025\/06\/MG_1603_w1240.jpg 1240w, https:\/\/vpdanses.fr\/wp-content\/uploads\/2025\/06\/MG_1603_w1240-300x232.jpg 300w, https:\/\/vpdanses.fr\/wp-content\/uploads\/2025\/06\/MG_1603_w1240-1024x792.jpg 1024w, https:\/\/vpdanses.fr\/wp-content\/uploads\/2025\/06\/MG_1603_w1240-768x594.jpg 768w, https:\/\/vpdanses.fr\/wp-content\/uploads\/2025\/06\/MG_1603_w1240-500x387.jpg 500w, https:\/\/vpdanses.fr\/wp-content\/uploads\/2025\/06\/MG_1603_w1240-800x619.jpg 800w\" sizes=\"auto, (max-width: 1240px) 100vw, 1240px\" \/><\/noscript><img decoding=\"async\" width=\"1240\" height=\"959\" src=\"https:\/\/vpdanses.fr\/wp-content\/uploads\/2025\/06\/MG_1603_w1240.jpg\" class=\"wp-image-13558 vp-lazyload\" alt=\"A Isbergues, ce jeudi 8 juin 2025, Sven BALCERZAK, professeur de danse sportive a dispens\u00e9 un cours particulier de tango \u00e0 St\u00e9phanie et Dave, comp\u00e9titeurs internationaux\" srcset=\"data:image\/svg+xml;base64,PHN2ZyB3aWR0aD0iMTI0MCIgaGVpZ2h0PSI5NTkiIHZpZXdCb3g9IjAgMCAxMjQwIDk1OSIgZmlsbD0ibm9uZSIgeG1sbnM9Imh0dHA6Ly93d3cudzMub3JnLzIwMDAvc3ZnIj48L3N2Zz4=\" data-src=\"https:\/\/vpdanses.fr\/wp-content\/uploads\/2025\/06\/MG_1603_w1240.jpg\" data-srcset=\"https:\/\/vpdanses.fr\/wp-content\/uploads\/2025\/06\/MG_1603_w1240.jpg 1240w, https:\/\/vpdanses.fr\/wp-content\/uploads\/2025\/06\/MG_1603_w1240-300x232.jpg 300w, https:\/\/vpdanses.fr\/wp-content\/uploads\/2025\/06\/MG_1603_w1240-1024x792.jpg 1024w, https:\/\/vpdanses.fr\/wp-content\/uploads\/2025\/06\/MG_1603_w1240-768x594.jpg 768w, https:\/\/vpdanses.fr\/wp-content\/uploads\/2025\/06\/MG_1603_w1240-500x387.jpg 500w, https:\/\/vpdanses.fr\/wp-content\/uploads\/2025\/06\/MG_1603_w1240-800x619.jpg 800w\" data-sizes=\"auto\" loading=\"eager\">\n\t\t<div class=\"vp-portfolio__item-overlay\"><\/div>\n\n\t\t<\/a>\t<\/div>\n<\/div>\n\n\t<figcaption class=\"vp-portfolio__item-caption vp-portfolio__item-caption-text-align-center\">\n\t\t<div class=\"vp-portfolio__item-meta-wrap vp-portfolio__custom-scrollbar\">\n\t\t\t<div class=\"vp-portfolio__item-meta\">\n\t\t\t\t\n<h2 class=\"vp-portfolio__item-meta-title\">\n\t\t<a\n\t\thref=\"https:\/\/vpdanses.fr\/wp-content\/uploads\/2025\/06\/MG_1603_w1240.jpg\"\n\t\t\t>\n\tA Isbergues, ce jeudi 8 juin 2025, Sven BALCERZAK, professeur de danse sportive a dispens\u00e9 un cours particulier de tango \u00e0 St\u00e9phanie et Dave, comp\u00e9titeurs internationaux<\/a><\/h2>\n\t\t\t<\/div>\n\t\t<\/div>\n\t<\/figcaption>\n\t\t\t<\/figure>\n\t\t\t\t\t<\/div>\n\t\t\n\t\t<div\t\tclass=\"vp-portfolio__item-wrap vp-portfolio__item-uid-0b80e7e6\" data-vp-filter=\"\" \t\t>\n\t\t\t<template class=\"vp-portfolio__item-popup\" data-vp-popup-img=\"https:\/\/vpdanses.fr\/wp-content\/uploads\/2025\/06\/MG_1505_W1240.jpg\" data-vp-popup-img-srcset=\"https:\/\/vpdanses.fr\/wp-content\/uploads\/2025\/06\/MG_1505_W1240.jpg 1240w, https:\/\/vpdanses.fr\/wp-content\/uploads\/2025\/06\/MG_1505_W1240-300x231.jpg 300w, https:\/\/vpdanses.fr\/wp-content\/uploads\/2025\/06\/MG_1505_W1240-1024x789.jpg 1024w, https:\/\/vpdanses.fr\/wp-content\/uploads\/2025\/06\/MG_1505_W1240-768x591.jpg 768w, https:\/\/vpdanses.fr\/wp-content\/uploads\/2025\/06\/MG_1505_W1240-500x385.jpg 500w, https:\/\/vpdanses.fr\/wp-content\/uploads\/2025\/06\/MG_1505_W1240-800x616.jpg 800w\" data-vp-popup-img-size=\"1240x955\" data-vp-popup-md-img=\"https:\/\/vpdanses.fr\/wp-content\/uploads\/2025\/06\/MG_1505_W1240-800x616.jpg\" data-vp-popup-md-img-size=\"800x616\" data-vp-popup-sm-img=\"https:\/\/vpdanses.fr\/wp-content\/uploads\/2025\/06\/MG_1505_W1240-500x385.jpg\" data-vp-popup-sm-img-size=\"500x385\">\n\t\t\t<h3 class=\"vp-portfolio__item-popup-title\">Cours Particulier de Tango \u00e0 Isbergues par Sven BALCERZAK, professeur de Danse Sportive (Isbergues, Nord, Hauts-de-France)<\/h3>\n\t\t\t\t<div class=\"vp-portfolio__item-popup-description\">Cours Particulier de Tango \u00e0 Isbergues par Sven BALCERZAK, professeur de Danse Sportive (Isbergues, Nord, Hauts-de-France)<\/div>\n\t\t<\/template>\n\t\t\t\t\t\t<figure class=\"vp-portfolio__item\">\n\t\t\t\t\n<div class=\"vp-portfolio__item-img-wrap\">\n\t<div class=\"vp-portfolio__item-img\">\n\t\t\t<a\n\t\thref=\"https:\/\/vpdanses.fr\/wp-content\/uploads\/2025\/06\/MG_1505_W1240.jpg\"\n\t\t\t>\n\t\n\t\t<noscript><img loading=\"lazy\" decoding=\"async\" width=\"1240\" height=\"955\" data-skip-lazy src=\"https:\/\/vpdanses.fr\/wp-content\/uploads\/2025\/06\/MG_1505_W1240.jpg\" class=\"wp-image-13585\" alt=\"Cours Particulier de Tango \u00e0 Isbergues par Sven BALCERZAK, professeur de Danse Sportive (Isbergues, Nord, Hauts-de-France)\" srcset=\"https:\/\/vpdanses.fr\/wp-content\/uploads\/2025\/06\/MG_1505_W1240.jpg 1240w, https:\/\/vpdanses.fr\/wp-content\/uploads\/2025\/06\/MG_1505_W1240-300x231.jpg 300w, https:\/\/vpdanses.fr\/wp-content\/uploads\/2025\/06\/MG_1505_W1240-1024x789.jpg 1024w, https:\/\/vpdanses.fr\/wp-content\/uploads\/2025\/06\/MG_1505_W1240-768x591.jpg 768w, https:\/\/vpdanses.fr\/wp-content\/uploads\/2025\/06\/MG_1505_W1240-500x385.jpg 500w, https:\/\/vpdanses.fr\/wp-content\/uploads\/2025\/06\/MG_1505_W1240-800x616.jpg 800w\" sizes=\"auto, (max-width: 1240px) 100vw, 1240px\" \/><\/noscript><img decoding=\"async\" width=\"1240\" height=\"955\" src=\"https:\/\/vpdanses.fr\/wp-content\/uploads\/2025\/06\/MG_1505_W1240.jpg\" class=\"wp-image-13585 vp-lazyload\" alt=\"Cours Particulier de Tango \u00e0 Isbergues par Sven BALCERZAK, professeur de Danse Sportive (Isbergues, Nord, Hauts-de-France)\" srcset=\"data:image\/svg+xml;base64,PHN2ZyB3aWR0aD0iMTI0MCIgaGVpZ2h0PSI5NTUiIHZpZXdCb3g9IjAgMCAxMjQwIDk1NSIgZmlsbD0ibm9uZSIgeG1sbnM9Imh0dHA6Ly93d3cudzMub3JnLzIwMDAvc3ZnIj48L3N2Zz4=\" data-src=\"https:\/\/vpdanses.fr\/wp-content\/uploads\/2025\/06\/MG_1505_W1240.jpg\" data-srcset=\"https:\/\/vpdanses.fr\/wp-content\/uploads\/2025\/06\/MG_1505_W1240.jpg 1240w, https:\/\/vpdanses.fr\/wp-content\/uploads\/2025\/06\/MG_1505_W1240-300x231.jpg 300w, https:\/\/vpdanses.fr\/wp-content\/uploads\/2025\/06\/MG_1505_W1240-1024x789.jpg 1024w, https:\/\/vpdanses.fr\/wp-content\/uploads\/2025\/06\/MG_1505_W1240-768x591.jpg 768w, https:\/\/vpdanses.fr\/wp-content\/uploads\/2025\/06\/MG_1505_W1240-500x385.jpg 500w, https:\/\/vpdanses.fr\/wp-content\/uploads\/2025\/06\/MG_1505_W1240-800x616.jpg 800w\" data-sizes=\"auto\" loading=\"eager\">\n\t\t<div class=\"vp-portfolio__item-overlay\"><\/div>\n\n\t\t<\/a>\t<\/div>\n<\/div>\n\n\t<figcaption class=\"vp-portfolio__item-caption vp-portfolio__item-caption-text-align-center\">\n\t\t<div class=\"vp-portfolio__item-meta-wrap vp-portfolio__custom-scrollbar\">\n\t\t\t<div class=\"vp-portfolio__item-meta\">\n\t\t\t\t\n<h2 class=\"vp-portfolio__item-meta-title\">\n\t\t<a\n\t\thref=\"https:\/\/vpdanses.fr\/wp-content\/uploads\/2025\/06\/MG_1505_W1240.jpg\"\n\t\t\t>\n\tCours Particulier de Tango \u00e0 Isbergues par Sven BALCERZAK, professeur de Danse Sportive (Isbergues, Nord, Hauts-de-France)<\/a><\/h2>\n\t\t\t<\/div>\n\t\t<\/div>\n\t<\/figcaption>\n\t\t\t<\/figure>\n\t\t\t\t\t<\/div>\n\t\t\n\t\t<div\t\tclass=\"vp-portfolio__item-wrap vp-portfolio__item-uid-141dc4f2\" data-vp-filter=\"\" \t\t>\n\t\t\t<template class=\"vp-portfolio__item-popup\" data-vp-popup-img=\"https:\/\/vpdanses.fr\/wp-content\/uploads\/2025\/06\/MG_1596_W1240.jpg\" data-vp-popup-img-srcset=\"https:\/\/vpdanses.fr\/wp-content\/uploads\/2025\/06\/MG_1596_W1240.jpg 1240w, https:\/\/vpdanses.fr\/wp-content\/uploads\/2025\/06\/MG_1596_W1240-300x202.jpg 300w, https:\/\/vpdanses.fr\/wp-content\/uploads\/2025\/06\/MG_1596_W1240-1024x688.jpg 1024w, https:\/\/vpdanses.fr\/wp-content\/uploads\/2025\/06\/MG_1596_W1240-768x516.jpg 768w, https:\/\/vpdanses.fr\/wp-content\/uploads\/2025\/06\/MG_1596_W1240-500x336.jpg 500w, https:\/\/vpdanses.fr\/wp-content\/uploads\/2025\/06\/MG_1596_W1240-800x537.jpg 800w, https:\/\/vpdanses.fr\/wp-content\/uploads\/2025\/06\/MG_1596_W1240-773x520.jpg 773w\" data-vp-popup-img-size=\"1240x833\" data-vp-popup-md-img=\"https:\/\/vpdanses.fr\/wp-content\/uploads\/2025\/06\/MG_1596_W1240-800x537.jpg\" data-vp-popup-md-img-size=\"800x537\" data-vp-popup-sm-img=\"https:\/\/vpdanses.fr\/wp-content\/uploads\/2025\/06\/MG_1596_W1240-500x336.jpg\" data-vp-popup-sm-img-size=\"500x336\">\n\t\t\t<h3 class=\"vp-portfolio__item-popup-title\">Cours Particulier de Tango \u00e0 Isbergues par Sven BALCERZAK, professeur de Danse Sportive (Isbergues, Nord, Hauts-de-France)<\/h3>\n\t\t\t\t<div class=\"vp-portfolio__item-popup-description\">Cours Particulier de Tango \u00e0 Isbergues par Sven BALCERZAK, professeur de Danse Sportive (Isbergues, Nord, Hauts-de-France)<\/div>\n\t\t<\/template>\n\t\t\t\t\t\t<figure class=\"vp-portfolio__item\">\n\t\t\t\t\n<div class=\"vp-portfolio__item-img-wrap\">\n\t<div class=\"vp-portfolio__item-img\">\n\t\t\t<a\n\t\thref=\"https:\/\/vpdanses.fr\/wp-content\/uploads\/2025\/06\/MG_1596_W1240.jpg\"\n\t\t\t>\n\t\n\t\t<noscript><img loading=\"lazy\" decoding=\"async\" width=\"1240\" height=\"833\" data-skip-lazy src=\"https:\/\/vpdanses.fr\/wp-content\/uploads\/2025\/06\/MG_1596_W1240.jpg\" class=\"wp-image-13586\" alt=\"Cours Particulier de Tango \u00e0 Isbergues par Sven BALCERZAK, professeur de Danse Sportive (Isbergues, Nord, Hauts-de-France)\" srcset=\"https:\/\/vpdanses.fr\/wp-content\/uploads\/2025\/06\/MG_1596_W1240.jpg 1240w, https:\/\/vpdanses.fr\/wp-content\/uploads\/2025\/06\/MG_1596_W1240-300x202.jpg 300w, https:\/\/vpdanses.fr\/wp-content\/uploads\/2025\/06\/MG_1596_W1240-1024x688.jpg 1024w, https:\/\/vpdanses.fr\/wp-content\/uploads\/2025\/06\/MG_1596_W1240-768x516.jpg 768w, https:\/\/vpdanses.fr\/wp-content\/uploads\/2025\/06\/MG_1596_W1240-500x336.jpg 500w, https:\/\/vpdanses.fr\/wp-content\/uploads\/2025\/06\/MG_1596_W1240-800x537.jpg 800w, https:\/\/vpdanses.fr\/wp-content\/uploads\/2025\/06\/MG_1596_W1240-773x520.jpg 773w\" sizes=\"auto, (max-width: 1240px) 100vw, 1240px\" \/><\/noscript><img decoding=\"async\" width=\"1240\" height=\"833\" src=\"https:\/\/vpdanses.fr\/wp-content\/uploads\/2025\/06\/MG_1596_W1240.jpg\" class=\"wp-image-13586 vp-lazyload\" alt=\"Cours Particulier de Tango \u00e0 Isbergues par Sven BALCERZAK, professeur de Danse Sportive (Isbergues, Nord, Hauts-de-France)\" srcset=\"data:image\/svg+xml;base64,PHN2ZyB3aWR0aD0iMTI0MCIgaGVpZ2h0PSI4MzMiIHZpZXdCb3g9IjAgMCAxMjQwIDgzMyIgZmlsbD0ibm9uZSIgeG1sbnM9Imh0dHA6Ly93d3cudzMub3JnLzIwMDAvc3ZnIj48L3N2Zz4=\" data-src=\"https:\/\/vpdanses.fr\/wp-content\/uploads\/2025\/06\/MG_1596_W1240.jpg\" data-srcset=\"https:\/\/vpdanses.fr\/wp-content\/uploads\/2025\/06\/MG_1596_W1240.jpg 1240w, https:\/\/vpdanses.fr\/wp-content\/uploads\/2025\/06\/MG_1596_W1240-300x202.jpg 300w, https:\/\/vpdanses.fr\/wp-content\/uploads\/2025\/06\/MG_1596_W1240-1024x688.jpg 1024w, https:\/\/vpdanses.fr\/wp-content\/uploads\/2025\/06\/MG_1596_W1240-768x516.jpg 768w, https:\/\/vpdanses.fr\/wp-content\/uploads\/2025\/06\/MG_1596_W1240-500x336.jpg 500w, https:\/\/vpdanses.fr\/wp-content\/uploads\/2025\/06\/MG_1596_W1240-800x537.jpg 800w, https:\/\/vpdanses.fr\/wp-content\/uploads\/2025\/06\/MG_1596_W1240-773x520.jpg 773w\" data-sizes=\"auto\" loading=\"eager\">\n\t\t<div class=\"vp-portfolio__item-overlay\"><\/div>\n\n\t\t<\/a>\t<\/div>\n<\/div>\n\n\t<figcaption class=\"vp-portfolio__item-caption vp-portfolio__item-caption-text-align-center\">\n\t\t<div class=\"vp-portfolio__item-meta-wrap vp-portfolio__custom-scrollbar\">\n\t\t\t<div class=\"vp-portfolio__item-meta\">\n\t\t\t\t\n<h2 class=\"vp-portfolio__item-meta-title\">\n\t\t<a\n\t\thref=\"https:\/\/vpdanses.fr\/wp-content\/uploads\/2025\/06\/MG_1596_W1240.jpg\"\n\t\t\t>\n\tCours Particulier de Tango \u00e0 Isbergues par Sven BALCERZAK, professeur de Danse Sportive (Isbergues, Nord, Hauts-de-France)<\/a><\/h2>\n\t\t\t<\/div>\n\t\t<\/div>\n\t<\/figcaption>\n\t\t\t<\/figure>\n\t\t\t\t\t<\/div>\n\t\t\n\t\t<div\t\tclass=\"vp-portfolio__item-wrap vp-portfolio__item-uid-a84627c1\" data-vp-filter=\"\" \t\t>\n\t\t\t<template class=\"vp-portfolio__item-popup\" data-vp-popup-img=\"https:\/\/vpdanses.fr\/wp-content\/uploads\/2025\/06\/MG_1544_w1240-1.jpg\" data-vp-popup-img-srcset=\"https:\/\/vpdanses.fr\/wp-content\/uploads\/2025\/06\/MG_1544_w1240-1.jpg 1240w, https:\/\/vpdanses.fr\/wp-content\/uploads\/2025\/06\/MG_1544_w1240-1-300x200.jpg 300w, https:\/\/vpdanses.fr\/wp-content\/uploads\/2025\/06\/MG_1544_w1240-1-1024x683.jpg 1024w, https:\/\/vpdanses.fr\/wp-content\/uploads\/2025\/06\/MG_1544_w1240-1-768x512.jpg 768w, https:\/\/vpdanses.fr\/wp-content\/uploads\/2025\/06\/MG_1544_w1240-1-500x333.jpg 500w, https:\/\/vpdanses.fr\/wp-content\/uploads\/2025\/06\/MG_1544_w1240-1-800x534.jpg 800w\" data-vp-popup-img-size=\"1240x827\" data-vp-popup-md-img=\"https:\/\/vpdanses.fr\/wp-content\/uploads\/2025\/06\/MG_1544_w1240-1-800x534.jpg\" data-vp-popup-md-img-size=\"800x534\" data-vp-popup-sm-img=\"https:\/\/vpdanses.fr\/wp-content\/uploads\/2025\/06\/MG_1544_w1240-1-500x333.jpg\" data-vp-popup-sm-img-size=\"500x333\">\n\t\t\t<h3 class=\"vp-portfolio__item-popup-title\">Cours Particulier de Tango \u00e0 Isbergues par Sven BALCERZAK, professeur de Danse Sportive (Isbergues, Nord, Hauts-de-France)<\/h3>\n\t\t\t\t<div class=\"vp-portfolio__item-popup-description\">Cours Particulier de Tango \u00e0 Isbergues par Sven BALCERZAK, professeur de Danse Sportive (Isbergues, Nord, Hauts-de-France)<\/div>\n\t\t<\/template>\n\t\t\t\t\t\t<figure class=\"vp-portfolio__item\">\n\t\t\t\t\n<div class=\"vp-portfolio__item-img-wrap\">\n\t<div class=\"vp-portfolio__item-img\">\n\t\t\t<a\n\t\thref=\"https:\/\/vpdanses.fr\/wp-content\/uploads\/2025\/06\/MG_1544_w1240-1.jpg\"\n\t\t\t>\n\t\n\t\t<noscript><img loading=\"lazy\" decoding=\"async\" width=\"1240\" height=\"827\" data-skip-lazy src=\"https:\/\/vpdanses.fr\/wp-content\/uploads\/2025\/06\/MG_1544_w1240-1.jpg\" class=\"wp-image-13587\" alt=\"Cours Particulier de Tango \u00e0 Isbergues par Sven BALCERZAK, professeur de Danse Sportive (Isbergues, Nord, Hauts-de-France)\" srcset=\"https:\/\/vpdanses.fr\/wp-content\/uploads\/2025\/06\/MG_1544_w1240-1.jpg 1240w, https:\/\/vpdanses.fr\/wp-content\/uploads\/2025\/06\/MG_1544_w1240-1-300x200.jpg 300w, https:\/\/vpdanses.fr\/wp-content\/uploads\/2025\/06\/MG_1544_w1240-1-1024x683.jpg 1024w, https:\/\/vpdanses.fr\/wp-content\/uploads\/2025\/06\/MG_1544_w1240-1-768x512.jpg 768w, https:\/\/vpdanses.fr\/wp-content\/uploads\/2025\/06\/MG_1544_w1240-1-500x333.jpg 500w, https:\/\/vpdanses.fr\/wp-content\/uploads\/2025\/06\/MG_1544_w1240-1-800x534.jpg 800w\" sizes=\"auto, (max-width: 1240px) 100vw, 1240px\" \/><\/noscript><img decoding=\"async\" width=\"1240\" height=\"827\" src=\"https:\/\/vpdanses.fr\/wp-content\/uploads\/2025\/06\/MG_1544_w1240-1.jpg\" class=\"wp-image-13587 vp-lazyload\" alt=\"Cours Particulier de Tango \u00e0 Isbergues par Sven BALCERZAK, professeur de Danse Sportive (Isbergues, Nord, Hauts-de-France)\" srcset=\"data:image\/svg+xml;base64,PHN2ZyB3aWR0aD0iMTI0MCIgaGVpZ2h0PSI4MjciIHZpZXdCb3g9IjAgMCAxMjQwIDgyNyIgZmlsbD0ibm9uZSIgeG1sbnM9Imh0dHA6Ly93d3cudzMub3JnLzIwMDAvc3ZnIj48L3N2Zz4=\" data-src=\"https:\/\/vpdanses.fr\/wp-content\/uploads\/2025\/06\/MG_1544_w1240-1.jpg\" data-srcset=\"https:\/\/vpdanses.fr\/wp-content\/uploads\/2025\/06\/MG_1544_w1240-1.jpg 1240w, https:\/\/vpdanses.fr\/wp-content\/uploads\/2025\/06\/MG_1544_w1240-1-300x200.jpg 300w, https:\/\/vpdanses.fr\/wp-content\/uploads\/2025\/06\/MG_1544_w1240-1-1024x683.jpg 1024w, https:\/\/vpdanses.fr\/wp-content\/uploads\/2025\/06\/MG_1544_w1240-1-768x512.jpg 768w, https:\/\/vpdanses.fr\/wp-content\/uploads\/2025\/06\/MG_1544_w1240-1-500x333.jpg 500w, https:\/\/vpdanses.fr\/wp-content\/uploads\/2025\/06\/MG_1544_w1240-1-800x534.jpg 800w\" data-sizes=\"auto\" loading=\"eager\">\n\t\t<div class=\"vp-portfolio__item-overlay\"><\/div>\n\n\t\t<\/a>\t<\/div>\n<\/div>\n\n\t<figcaption class=\"vp-portfolio__item-caption vp-portfolio__item-caption-text-align-center\">\n\t\t<div class=\"vp-portfolio__item-meta-wrap vp-portfolio__custom-scrollbar\">\n\t\t\t<div class=\"vp-portfolio__item-meta\">\n\t\t\t\t\n<h2 class=\"vp-portfolio__item-meta-title\">\n\t\t<a\n\t\thref=\"https:\/\/vpdanses.fr\/wp-content\/uploads\/2025\/06\/MG_1544_w1240-1.jpg\"\n\t\t\t>\n\tCours Particulier de Tango \u00e0 Isbergues par Sven BALCERZAK, professeur de Danse Sportive (Isbergues, Nord, Hauts-de-France)<\/a><\/h2>\n\t\t\t<\/div>\n\t\t<\/div>\n\t<\/figcaption>\n\t\t\t<\/figure>\n\t\t\t\t\t<\/div>\n\t\t\n\t\t<div\t\tclass=\"vp-portfolio__item-wrap vp-portfolio__item-uid-25fc0ae8\" data-vp-filter=\"\" \t\t>\n\t\t\t<template class=\"vp-portfolio__item-popup\" data-vp-popup-img=\"https:\/\/vpdanses.fr\/wp-content\/uploads\/2025\/06\/MG_1561_W1240.jpg\" data-vp-popup-img-srcset=\"https:\/\/vpdanses.fr\/wp-content\/uploads\/2025\/06\/MG_1561_W1240.jpg 1240w, https:\/\/vpdanses.fr\/wp-content\/uploads\/2025\/06\/MG_1561_W1240-300x239.jpg 300w, https:\/\/vpdanses.fr\/wp-content\/uploads\/2025\/06\/MG_1561_W1240-1024x816.jpg 1024w, https:\/\/vpdanses.fr\/wp-content\/uploads\/2025\/06\/MG_1561_W1240-768x612.jpg 768w, https:\/\/vpdanses.fr\/wp-content\/uploads\/2025\/06\/MG_1561_W1240-500x398.jpg 500w, https:\/\/vpdanses.fr\/wp-content\/uploads\/2025\/06\/MG_1561_W1240-800x637.jpg 800w, https:\/\/vpdanses.fr\/wp-content\/uploads\/2025\/06\/MG_1561_W1240-150x120.jpg 150w, https:\/\/vpdanses.fr\/wp-content\/uploads\/2025\/06\/MG_1561_W1240-420x336.jpg 420w\" data-vp-popup-img-size=\"1240x988\" data-vp-popup-md-img=\"https:\/\/vpdanses.fr\/wp-content\/uploads\/2025\/06\/MG_1561_W1240-800x637.jpg\" data-vp-popup-md-img-size=\"800x637\" data-vp-popup-sm-img=\"https:\/\/vpdanses.fr\/wp-content\/uploads\/2025\/06\/MG_1561_W1240-500x398.jpg\" data-vp-popup-sm-img-size=\"500x398\">\n\t\t\t<h3 class=\"vp-portfolio__item-popup-title\">Cours Particulier de Tango \u00e0 Isbergues par Sven BALCERZAK, professeur de Danse Sportive (Isbergues, Nord, Hauts-de-France)<\/h3>\n\t\t\t\t<div class=\"vp-portfolio__item-popup-description\">Cours Particulier de Tango \u00e0 Isbergues par Sven BALCERZAK, professeur de Danse Sportive (Isbergues, Nord, Hauts-de-France)<\/div>\n\t\t<\/template>\n\t\t\t\t\t\t<figure class=\"vp-portfolio__item\">\n\t\t\t\t\n<div class=\"vp-portfolio__item-img-wrap\">\n\t<div class=\"vp-portfolio__item-img\">\n\t\t\t<a\n\t\thref=\"https:\/\/vpdanses.fr\/wp-content\/uploads\/2025\/06\/MG_1561_W1240.jpg\"\n\t\t\t>\n\t\n\t\t<noscript><img loading=\"lazy\" decoding=\"async\" width=\"1240\" height=\"988\" data-skip-lazy src=\"https:\/\/vpdanses.fr\/wp-content\/uploads\/2025\/06\/MG_1561_W1240.jpg\" class=\"wp-image-13588\" alt=\"Cours Particulier de Tango \u00e0 Isbergues par Sven BALCERZAK, professeur de Danse Sportive (Isbergues, Nord, Hauts-de-France)\" srcset=\"https:\/\/vpdanses.fr\/wp-content\/uploads\/2025\/06\/MG_1561_W1240.jpg 1240w, https:\/\/vpdanses.fr\/wp-content\/uploads\/2025\/06\/MG_1561_W1240-300x239.jpg 300w, https:\/\/vpdanses.fr\/wp-content\/uploads\/2025\/06\/MG_1561_W1240-1024x816.jpg 1024w, https:\/\/vpdanses.fr\/wp-content\/uploads\/2025\/06\/MG_1561_W1240-768x612.jpg 768w, https:\/\/vpdanses.fr\/wp-content\/uploads\/2025\/06\/MG_1561_W1240-500x398.jpg 500w, https:\/\/vpdanses.fr\/wp-content\/uploads\/2025\/06\/MG_1561_W1240-800x637.jpg 800w, https:\/\/vpdanses.fr\/wp-content\/uploads\/2025\/06\/MG_1561_W1240-150x120.jpg 150w, https:\/\/vpdanses.fr\/wp-content\/uploads\/2025\/06\/MG_1561_W1240-420x336.jpg 420w\" sizes=\"auto, (max-width: 1240px) 100vw, 1240px\" \/><\/noscript><img decoding=\"async\" width=\"1240\" height=\"988\" src=\"https:\/\/vpdanses.fr\/wp-content\/uploads\/2025\/06\/MG_1561_W1240.jpg\" class=\"wp-image-13588 vp-lazyload\" alt=\"Cours Particulier de Tango \u00e0 Isbergues par Sven BALCERZAK, professeur de Danse Sportive (Isbergues, Nord, Hauts-de-France)\" srcset=\"data:image\/svg+xml;base64,PHN2ZyB3aWR0aD0iMTI0MCIgaGVpZ2h0PSI5ODgiIHZpZXdCb3g9IjAgMCAxMjQwIDk4OCIgZmlsbD0ibm9uZSIgeG1sbnM9Imh0dHA6Ly93d3cudzMub3JnLzIwMDAvc3ZnIj48L3N2Zz4=\" data-src=\"https:\/\/vpdanses.fr\/wp-content\/uploads\/2025\/06\/MG_1561_W1240.jpg\" data-srcset=\"https:\/\/vpdanses.fr\/wp-content\/uploads\/2025\/06\/MG_1561_W1240.jpg 1240w, https:\/\/vpdanses.fr\/wp-content\/uploads\/2025\/06\/MG_1561_W1240-300x239.jpg 300w, https:\/\/vpdanses.fr\/wp-content\/uploads\/2025\/06\/MG_1561_W1240-1024x816.jpg 1024w, https:\/\/vpdanses.fr\/wp-content\/uploads\/2025\/06\/MG_1561_W1240-768x612.jpg 768w, https:\/\/vpdanses.fr\/wp-content\/uploads\/2025\/06\/MG_1561_W1240-500x398.jpg 500w, https:\/\/vpdanses.fr\/wp-content\/uploads\/2025\/06\/MG_1561_W1240-800x637.jpg 800w, https:\/\/vpdanses.fr\/wp-content\/uploads\/2025\/06\/MG_1561_W1240-150x120.jpg 150w, https:\/\/vpdanses.fr\/wp-content\/uploads\/2025\/06\/MG_1561_W1240-420x336.jpg 420w\" data-sizes=\"auto\" loading=\"eager\">\n\t\t<div class=\"vp-portfolio__item-overlay\"><\/div>\n\n\t\t<\/a>\t<\/div>\n<\/div>\n\n\t<figcaption class=\"vp-portfolio__item-caption vp-portfolio__item-caption-text-align-center\">\n\t\t<div class=\"vp-portfolio__item-meta-wrap vp-portfolio__custom-scrollbar\">\n\t\t\t<div class=\"vp-portfolio__item-meta\">\n\t\t\t\t\n<h2 class=\"vp-portfolio__item-meta-title\">\n\t\t<a\n\t\thref=\"https:\/\/vpdanses.fr\/wp-content\/uploads\/2025\/06\/MG_1561_W1240.jpg\"\n\t\t\t>\n\tCours Particulier de Tango \u00e0 Isbergues par Sven BALCERZAK, professeur de Danse Sportive (Isbergues, Nord, Hauts-de-France)<\/a><\/h2>\n\t\t\t<\/div>\n\t\t<\/div>\n\t<\/figcaption>\n\t\t\t<\/figure>\n\t\t\t\t\t<\/div>\n\t\t\n\t\t<div\t\tclass=\"vp-portfolio__item-wrap category-danse_sportive category-sven_balcerzak category-tango category-isbergues category-vp_danses category-ffd category-mjep_danse vp-portfolio__item-uid-99a7e9db\" data-vp-filter=\"danse_sportive,sven_balcerzak,tango,isbergues,vp_danses,ffd,mjep_danse\" \t\t>\n\t\t\t<template class=\"vp-portfolio__item-popup\" data-vp-popup-img=\"https:\/\/vpdanses.fr\/wp-content\/uploads\/2025\/06\/MG_1543_W1240.jpg\" data-vp-popup-img-srcset=\"https:\/\/vpdanses.fr\/wp-content\/uploads\/2025\/06\/MG_1543_W1240.jpg 1240w, https:\/\/vpdanses.fr\/wp-content\/uploads\/2025\/06\/MG_1543_W1240-300x249.jpg 300w, https:\/\/vpdanses.fr\/wp-content\/uploads\/2025\/06\/MG_1543_W1240-1024x849.jpg 1024w, https:\/\/vpdanses.fr\/wp-content\/uploads\/2025\/06\/MG_1543_W1240-768x637.jpg 768w, https:\/\/vpdanses.fr\/wp-content\/uploads\/2025\/06\/MG_1543_W1240-500x415.jpg 500w, https:\/\/vpdanses.fr\/wp-content\/uploads\/2025\/06\/MG_1543_W1240-800x663.jpg 800w\" data-vp-popup-img-size=\"1240x1028\" data-vp-popup-md-img=\"https:\/\/vpdanses.fr\/wp-content\/uploads\/2025\/06\/MG_1543_W1240-800x663.jpg\" data-vp-popup-md-img-size=\"800x663\" data-vp-popup-sm-img=\"https:\/\/vpdanses.fr\/wp-content\/uploads\/2025\/06\/MG_1543_W1240-500x415.jpg\" data-vp-popup-sm-img-size=\"500x415\">\n\t\t\t<h3 class=\"vp-portfolio__item-popup-title\">Cours Particulier de Tango \u00e0 Isbergues par Sven BALCERZAK, professeur de Danse Sportive (Isbergues, Nord, Hauts-de-France)<\/h3>\n\t\t\t\t<div class=\"vp-portfolio__item-popup-description\">Cours Particulier de Tango \u00e0 Isbergues par Sven BALCERZAK, professeur de Danse Sportive (Isbergues, Nord, Hauts-de-France)<\/div>\n\t\t<\/template>\n\t\t\t\t\t\t<figure class=\"vp-portfolio__item\">\n\t\t\t\t\n<div class=\"vp-portfolio__item-img-wrap\">\n\t<div class=\"vp-portfolio__item-img\">\n\t\t\t<a\n\t\thref=\"https:\/\/vpdanses.fr\/wp-content\/uploads\/2025\/06\/MG_1543_W1240.jpg\"\n\t\t\t>\n\t\n\t\t<noscript><img loading=\"lazy\" decoding=\"async\" width=\"1240\" height=\"1028\" data-skip-lazy src=\"https:\/\/vpdanses.fr\/wp-content\/uploads\/2025\/06\/MG_1543_W1240.jpg\" class=\"wp-image-13589\" alt=\"Cours Particulier de Tango \u00e0 Isbergues par Sven BALCERZAK, professeur de Danse Sportive (Isbergues, Nord, Hauts-de-France)\" srcset=\"https:\/\/vpdanses.fr\/wp-content\/uploads\/2025\/06\/MG_1543_W1240.jpg 1240w, https:\/\/vpdanses.fr\/wp-content\/uploads\/2025\/06\/MG_1543_W1240-300x249.jpg 300w, https:\/\/vpdanses.fr\/wp-content\/uploads\/2025\/06\/MG_1543_W1240-1024x849.jpg 1024w, https:\/\/vpdanses.fr\/wp-content\/uploads\/2025\/06\/MG_1543_W1240-768x637.jpg 768w, https:\/\/vpdanses.fr\/wp-content\/uploads\/2025\/06\/MG_1543_W1240-500x415.jpg 500w, https:\/\/vpdanses.fr\/wp-content\/uploads\/2025\/06\/MG_1543_W1240-800x663.jpg 800w\" sizes=\"auto, (max-width: 1240px) 100vw, 1240px\" \/><\/noscript><img decoding=\"async\" width=\"1240\" height=\"1028\" src=\"https:\/\/vpdanses.fr\/wp-content\/uploads\/2025\/06\/MG_1543_W1240.jpg\" class=\"wp-image-13589 vp-lazyload\" alt=\"Cours Particulier de Tango \u00e0 Isbergues par Sven BALCERZAK, professeur de Danse Sportive (Isbergues, Nord, Hauts-de-France)\" srcset=\"data:image\/svg+xml;base64,PHN2ZyB3aWR0aD0iMTI0MCIgaGVpZ2h0PSIxMDI4IiB2aWV3Qm94PSIwIDAgMTI0MCAxMDI4IiBmaWxsPSJub25lIiB4bWxucz0iaHR0cDovL3d3dy53My5vcmcvMjAwMC9zdmciPjwvc3ZnPg==\" data-src=\"https:\/\/vpdanses.fr\/wp-content\/uploads\/2025\/06\/MG_1543_W1240.jpg\" data-srcset=\"https:\/\/vpdanses.fr\/wp-content\/uploads\/2025\/06\/MG_1543_W1240.jpg 1240w, https:\/\/vpdanses.fr\/wp-content\/uploads\/2025\/06\/MG_1543_W1240-300x249.jpg 300w, https:\/\/vpdanses.fr\/wp-content\/uploads\/2025\/06\/MG_1543_W1240-1024x849.jpg 1024w, https:\/\/vpdanses.fr\/wp-content\/uploads\/2025\/06\/MG_1543_W1240-768x637.jpg 768w, https:\/\/vpdanses.fr\/wp-content\/uploads\/2025\/06\/MG_1543_W1240-500x415.jpg 500w, https:\/\/vpdanses.fr\/wp-content\/uploads\/2025\/06\/MG_1543_W1240-800x663.jpg 800w\" data-sizes=\"auto\" loading=\"eager\">\n\t\t<div class=\"vp-portfolio__item-overlay\"><\/div>\n\n\t\t<\/a>\t<\/div>\n<\/div>\n\n\t<figcaption class=\"vp-portfolio__item-caption vp-portfolio__item-caption-text-align-center\">\n\t\t<div class=\"vp-portfolio__item-meta-wrap vp-portfolio__custom-scrollbar\">\n\t\t\t<div class=\"vp-portfolio__item-meta\">\n\t\t\t\t\n<div class=\"vp-portfolio__item-meta-categories\">\n\t\t\t<div class=\"vp-portfolio__item-meta-category\">\n\t\t\t\t<a\n\t\thref=\"https:\/\/vpdanses.fr\/home\/bienvenue-chez-vp-danses-hazebrouck\/wp-json\/wp\/v2\/posts\/13557?vp_filter=danse_sportive\"\n\t\t\t>\n\tDanse Sportive<\/a>\t\t<\/div>\n\t\t<\/div>\n\n<h2 class=\"vp-portfolio__item-meta-title\">\n\t\t<a\n\t\thref=\"https:\/\/vpdanses.fr\/wp-content\/uploads\/2025\/06\/MG_1543_W1240.jpg\"\n\t\t\t>\n\tCours Particulier de Tango \u00e0 Isbergues par Sven BALCERZAK, professeur de Danse Sportive (Isbergues, Nord, Hauts-de-France)<\/a><\/h2>\n\t\t\t<\/div>\n\t\t<\/div>\n\t<\/figcaption>\n\t\t\t<\/figure>\n\t\t\t\t\t<\/div>\n\t\t\n\t\t<div\t\tclass=\"vp-portfolio__item-wrap vp-portfolio__item-uid-7ff41290\" data-vp-filter=\"\" \t\t>\n\t\t\t<template class=\"vp-portfolio__item-popup\" data-vp-popup-img=\"https:\/\/vpdanses.fr\/wp-content\/uploads\/2025\/06\/MG_1539_W1240.jpg\" data-vp-popup-img-srcset=\"https:\/\/vpdanses.fr\/wp-content\/uploads\/2025\/06\/MG_1539_W1240.jpg 1240w, https:\/\/vpdanses.fr\/wp-content\/uploads\/2025\/06\/MG_1539_W1240-300x234.jpg 300w, https:\/\/vpdanses.fr\/wp-content\/uploads\/2025\/06\/MG_1539_W1240-1024x800.jpg 1024w, https:\/\/vpdanses.fr\/wp-content\/uploads\/2025\/06\/MG_1539_W1240-768x600.jpg 768w, https:\/\/vpdanses.fr\/wp-content\/uploads\/2025\/06\/MG_1539_W1240-500x391.jpg 500w, https:\/\/vpdanses.fr\/wp-content\/uploads\/2025\/06\/MG_1539_W1240-800x625.jpg 800w\" data-vp-popup-img-size=\"1240x969\" data-vp-popup-md-img=\"https:\/\/vpdanses.fr\/wp-content\/uploads\/2025\/06\/MG_1539_W1240-800x625.jpg\" data-vp-popup-md-img-size=\"800x625\" data-vp-popup-sm-img=\"https:\/\/vpdanses.fr\/wp-content\/uploads\/2025\/06\/MG_1539_W1240-500x391.jpg\" data-vp-popup-sm-img-size=\"500x391\">\n\t\t\t<h3 class=\"vp-portfolio__item-popup-title\">Cours Particulier de Tango \u00e0 Isbergues par Sven BALCERZAK, professeur de Danse Sportive (Isbergues, Nord, Hauts-de-France)<\/h3>\n\t\t\t\t<div class=\"vp-portfolio__item-popup-description\">Cours Particulier de Tango \u00e0 Isbergues par Sven BALCERZAK, professeur de Danse Sportive (Isbergues, Nord, Hauts-de-France)<\/div>\n\t\t<\/template>\n\t\t\t\t\t\t<figure class=\"vp-portfolio__item\">\n\t\t\t\t\n<div class=\"vp-portfolio__item-img-wrap\">\n\t<div class=\"vp-portfolio__item-img\">\n\t\t\t<a\n\t\thref=\"https:\/\/vpdanses.fr\/wp-content\/uploads\/2025\/06\/MG_1539_W1240.jpg\"\n\t\t\t>\n\t\n\t\t<noscript><img loading=\"lazy\" decoding=\"async\" width=\"1240\" height=\"969\" data-skip-lazy src=\"https:\/\/vpdanses.fr\/wp-content\/uploads\/2025\/06\/MG_1539_W1240.jpg\" class=\"wp-image-13590\" alt=\"Cours Particulier de Tango \u00e0 Isbergues par Sven BALCERZAK, professeur de Danse Sportive (Isbergues, Nord, Hauts-de-France)\" srcset=\"https:\/\/vpdanses.fr\/wp-content\/uploads\/2025\/06\/MG_1539_W1240.jpg 1240w, https:\/\/vpdanses.fr\/wp-content\/uploads\/2025\/06\/MG_1539_W1240-300x234.jpg 300w, https:\/\/vpdanses.fr\/wp-content\/uploads\/2025\/06\/MG_1539_W1240-1024x800.jpg 1024w, https:\/\/vpdanses.fr\/wp-content\/uploads\/2025\/06\/MG_1539_W1240-768x600.jpg 768w, https:\/\/vpdanses.fr\/wp-content\/uploads\/2025\/06\/MG_1539_W1240-500x391.jpg 500w, https:\/\/vpdanses.fr\/wp-content\/uploads\/2025\/06\/MG_1539_W1240-800x625.jpg 800w\" sizes=\"auto, (max-width: 1240px) 100vw, 1240px\" \/><\/noscript><img decoding=\"async\" width=\"1240\" height=\"969\" src=\"https:\/\/vpdanses.fr\/wp-content\/uploads\/2025\/06\/MG_1539_W1240.jpg\" class=\"wp-image-13590 vp-lazyload\" alt=\"Cours Particulier de Tango \u00e0 Isbergues par Sven BALCERZAK, professeur de Danse Sportive (Isbergues, Nord, Hauts-de-France)\" srcset=\"data:image\/svg+xml;base64,PHN2ZyB3aWR0aD0iMTI0MCIgaGVpZ2h0PSI5NjkiIHZpZXdCb3g9IjAgMCAxMjQwIDk2OSIgZmlsbD0ibm9uZSIgeG1sbnM9Imh0dHA6Ly93d3cudzMub3JnLzIwMDAvc3ZnIj48L3N2Zz4=\" data-src=\"https:\/\/vpdanses.fr\/wp-content\/uploads\/2025\/06\/MG_1539_W1240.jpg\" data-srcset=\"https:\/\/vpdanses.fr\/wp-content\/uploads\/2025\/06\/MG_1539_W1240.jpg 1240w, https:\/\/vpdanses.fr\/wp-content\/uploads\/2025\/06\/MG_1539_W1240-300x234.jpg 300w, https:\/\/vpdanses.fr\/wp-content\/uploads\/2025\/06\/MG_1539_W1240-1024x800.jpg 1024w, https:\/\/vpdanses.fr\/wp-content\/uploads\/2025\/06\/MG_1539_W1240-768x600.jpg 768w, https:\/\/vpdanses.fr\/wp-content\/uploads\/2025\/06\/MG_1539_W1240-500x391.jpg 500w, https:\/\/vpdanses.fr\/wp-content\/uploads\/2025\/06\/MG_1539_W1240-800x625.jpg 800w\" data-sizes=\"auto\" loading=\"eager\">\n\t\t<div class=\"vp-portfolio__item-overlay\"><\/div>\n\n\t\t<\/a>\t<\/div>\n<\/div>\n\n\t<figcaption class=\"vp-portfolio__item-caption vp-portfolio__item-caption-text-align-center\">\n\t\t<div class=\"vp-portfolio__item-meta-wrap vp-portfolio__custom-scrollbar\">\n\t\t\t<div class=\"vp-portfolio__item-meta\">\n\t\t\t\t\n<h2 class=\"vp-portfolio__item-meta-title\">\n\t\t<a\n\t\thref=\"https:\/\/vpdanses.fr\/wp-content\/uploads\/2025\/06\/MG_1539_W1240.jpg\"\n\t\t\t>\n\tCours Particulier de Tango \u00e0 Isbergues par Sven BALCERZAK, professeur de Danse Sportive (Isbergues, Nord, Hauts-de-France)<\/a><\/h2>\n\t\t\t<\/div>\n\t\t<\/div>\n\t<\/figcaption>\n\t\t\t<\/figure>\n\t\t\t\t\t<\/div>\n\t\t\n<\/div>\n\t\t<\/div>\n\t\t\n<\/div>\n<\/div>","protected":false},"excerpt":{"rendered":"<p>A Isbergues, ce jeudi 8 juin 2025, Sven BALCERZAK, professeur de danse sportive a dispens\u00e9 un cours particulier de tango \u00e0 St\u00e9phanie et Dave, comp\u00e9titeurs internationaux, \u00e0 la MJEP DANSE \u00e0 Isbergues<\/p>\n","protected":false},"author":1,"featured_media":13558,"comment_status":"closed","ping_status":"closed","sticky":false,"template":"","format":"standard","meta":{"_uag_custom_page_level_css":"","_price":"","_stock":"","_tribe_ticket_header":"","_tribe_default_ticket_provider":"","_tribe_ticket_capacity":"0","_ticket_start_date":"","_ticket_end_date":"","_tribe_ticket_show_description":"","_tribe_ticket_show_not_going":false,"_tribe_ticket_use_global_stock":"","_tribe_ticket_global_stock_level":"","_global_stock_mode":"","_global_stock_cap":"","_tribe_rsvp_for_event":"","_tribe_ticket_going_count":"","_tribe_ticket_not_going_count":"","_tribe_tickets_list":"[]","_tribe_ticket_has_attendee_info_fields":false,"_EventAllDay":false,"_EventTimezone":"","_EventStartDate":"","_EventEndDate":"","_EventStartDateUTC":"","_EventEndDateUTC":"","_EventShowMap":false,"_EventShowMapLink":false,"_EventURL":"","_EventCost":"","_EventCostDescription":"","_EventCurrencySymbol":"","_EventCurrencyCode":"","_EventCurrencyPosition":"","_EventDateTimeSeparator":"","_EventTimeRangeSeparator":"","_EventOrganizerID":[],"_EventVenueID":[],"_OrganizerEmail":"","_OrganizerPhone":"","_OrganizerWebsite":"","_VenueAddress":"","_VenueCity":"","_VenueCountry":"","_VenueProvince":"","_VenueState":"","_VenueZip":"","_VenuePhone":"","_VenueURL":"","_VenueStateProvince":"","_VenueLat":"","_VenueLng":"","_VenueShowMap":false,"_VenueShowMapLink":false,"_vp_format_video_url":"","_vp_image_focal_point":[],"_jetpack_memberships_contains_paid_content":false,"footnotes":""},"categories":[86,287,288],"tags":[291,290],"class_list":["post-13557","post","type-post","status-publish","format-standard","has-post-thumbnail","hentry","category-autour-dhazebrouck","category-isbergues","category-tango","tag-stephanie-dave","tag-tango"],"yoast_head":"<!-- This site is optimized with the Yoast SEO Premium plugin v25.6 (Yoast SEO v25.6) - https:\/\/yoast.com\/wordpress\/plugins\/seo\/ -->\n<title>Quand la ville d&#039;Isbergues fusionne avec les cultures d&#039;immigrants qui s&#039;\u00e9taient retrouv\u00e9s sur les deux rives du Rio del Plata (Argentine et Uruguay) : Tango session ! - VP DANSES, cours de Danse Sportive \u00e0 Aire-sur-la-Lys et \u00e0 Saint-Jans-Cappel (Hauts-de-France)<\/title>\n<meta name=\"description\" content=\"A Isbergues, ce jeudi 8 juin 2025, Sven BALCERZAK, professeur de danse sportive a dispens\u00e9 un cours particulier de tango \u00e0 St\u00e9phanie et Dave, comp\u00e9titeurs internationaux, \u00e0 la MJEP DANSE \u00e0 Isbergues\" \/>\n<meta name=\"robots\" content=\"index, follow, max-snippet:-1, max-image-preview:large, max-video-preview:-1\" \/>\n<link rel=\"canonical\" href=\"https:\/\/vpdanses.fr\/home\/bienvenue-chez-vp-danses-hazebrouck\/cours-particulier-sven-balcerzak-mjep-danse-isbergues-tango\/\" \/>\n<meta property=\"og:locale\" content=\"fr_FR\" \/>\n<meta property=\"og:type\" content=\"article\" \/>\n<meta property=\"og:title\" content=\"Cours Particulier de danse avec Sven BALCERZAK dans le Nord de la France\" \/>\n<meta property=\"og:description\" content=\"A Isbergues, ce jeudi 8 juin 2025, Sven BALCERZAK, professeur de danse sportive a dispens\u00e9 un cours particulier de tango \u00e0 St\u00e9phanie et Dave, comp\u00e9titeurs internationaux, \u00e0 la MJEP DANSE \u00e0 Isbergues\" \/>\n<meta property=\"og:url\" content=\"https:\/\/vpdanses.fr\/home\/bienvenue-chez-vp-danses-hazebrouck\/cours-particulier-sven-balcerzak-mjep-danse-isbergues-tango\/\" \/>\n<meta property=\"og:site_name\" content=\"VP DANSES, cours de Danse Sportive \u00e0 Aire-sur-la-Lys et \u00e0 Saint-Jans-Cappel (Hauts-de-France)\" \/>\n<meta property=\"article:published_time\" content=\"2025-06-08T08:00:17+00:00\" \/>\n<meta property=\"article:modified_time\" content=\"2025-06-17T16:06:36+00:00\" \/>\n<meta property=\"og:image\" content=\"https:\/\/vpdanses.fr\/wp-content\/uploads\/2025\/06\/MG_1603_w1240.jpg\" \/>\n\t<meta property=\"og:image:width\" content=\"1240\" \/>\n\t<meta property=\"og:image:height\" content=\"959\" \/>\n\t<meta property=\"og:image:type\" content=\"image\/jpeg\" \/>\n<meta name=\"author\" content=\"VP DANSES\" \/>\n<meta name=\"twitter:card\" content=\"summary_large_image\" \/>\n<meta name=\"twitter:title\" content=\"Quand la ville d&#039;Isbergues fusionne avec les cultures d&#039;immigrants qui s&#039;\u00e9taient retrouv\u00e9s sur les deux rives du Rio del Plata (Argentine et Uruguay) : Tango session !\" \/>\n<meta name=\"twitter:label1\" content=\"\u00c9crit par\" \/>\n\t<meta name=\"twitter:data1\" content=\"VP DANSES\" \/>\n\t<meta name=\"twitter:label2\" content=\"Dur\u00e9e de lecture estim\u00e9e\" \/>\n\t<meta name=\"twitter:data2\" content=\"2 minutes\" \/>\n<script type=\"application\/ld+json\" class=\"yoast-schema-graph\">{\"@context\":\"https:\/\/schema.org\",\"@graph\":[{\"@type\":\"Article\",\"@id\":\"https:\/\/vpdanses.fr\/home\/bienvenue-chez-vp-danses-hazebrouck\/cours-particulier-sven-balcerzak-mjep-danse-isbergues-tango\/#article\",\"isPartOf\":{\"@id\":\"https:\/\/vpdanses.fr\/home\/bienvenue-chez-vp-danses-hazebrouck\/cours-particulier-sven-balcerzak-mjep-danse-isbergues-tango\/\"},\"author\":{\"name\":\"VP DANSES\",\"@id\":\"https:\/\/vpdanses.fr\/home\/bienvenue-chez-vp-danses-hazebrouck\/#\/schema\/person\/bf87806369778f949b83c9cd885519e5\"},\"headline\":\"Quand la ville d&rsquo;Isbergues fusionne avec les cultures d&rsquo;immigrants qui s&rsquo;\u00e9taient retrouv\u00e9s sur les deux rives du Rio del Plata (Argentine et Uruguay) : Tango session !\",\"datePublished\":\"2025-06-08T08:00:17+00:00\",\"dateModified\":\"2025-06-17T16:06:36+00:00\",\"mainEntityOfPage\":{\"@id\":\"https:\/\/vpdanses.fr\/home\/bienvenue-chez-vp-danses-hazebrouck\/cours-particulier-sven-balcerzak-mjep-danse-isbergues-tango\/\"},\"wordCount\":217,\"publisher\":{\"@id\":\"https:\/\/vpdanses.fr\/home\/bienvenue-chez-vp-danses-hazebrouck\/#organization\"},\"image\":{\"@id\":\"https:\/\/vpdanses.fr\/home\/bienvenue-chez-vp-danses-hazebrouck\/cours-particulier-sven-balcerzak-mjep-danse-isbergues-tango\/#primaryimage\"},\"thumbnailUrl\":\"https:\/\/vpdanses.fr\/wp-content\/uploads\/2025\/06\/MG_1603_w1240.jpg\",\"keywords\":[\"St\u00e9phanie &amp; Dave\",\"Tango\"],\"articleSection\":[\"Autour d'Hazebrouck\",\"Isbergues\",\"Tango\"],\"inLanguage\":\"fr-FR\"},{\"@type\":\"WebPage\",\"@id\":\"https:\/\/vpdanses.fr\/home\/bienvenue-chez-vp-danses-hazebrouck\/cours-particulier-sven-balcerzak-mjep-danse-isbergues-tango\/\",\"url\":\"https:\/\/vpdanses.fr\/home\/bienvenue-chez-vp-danses-hazebrouck\/cours-particulier-sven-balcerzak-mjep-danse-isbergues-tango\/\",\"name\":\"Quand la ville d'Isbergues fusionne avec les cultures d'immigrants qui s'\u00e9taient retrouv\u00e9s sur les deux rives du Rio del Plata (Argentine et Uruguay) : Tango session ! - VP DANSES, cours de Danse Sportive \u00e0 Aire-sur-la-Lys et \u00e0 Saint-Jans-Cappel (Hauts-de-France)\",\"isPartOf\":{\"@id\":\"https:\/\/vpdanses.fr\/home\/bienvenue-chez-vp-danses-hazebrouck\/#website\"},\"primaryImageOfPage\":{\"@id\":\"https:\/\/vpdanses.fr\/home\/bienvenue-chez-vp-danses-hazebrouck\/cours-particulier-sven-balcerzak-mjep-danse-isbergues-tango\/#primaryimage\"},\"image\":{\"@id\":\"https:\/\/vpdanses.fr\/home\/bienvenue-chez-vp-danses-hazebrouck\/cours-particulier-sven-balcerzak-mjep-danse-isbergues-tango\/#primaryimage\"},\"thumbnailUrl\":\"https:\/\/vpdanses.fr\/wp-content\/uploads\/2025\/06\/MG_1603_w1240.jpg\",\"datePublished\":\"2025-06-08T08:00:17+00:00\",\"dateModified\":\"2025-06-17T16:06:36+00:00\",\"description\":\"A Isbergues, ce jeudi 8 juin 2025, Sven BALCERZAK, professeur de danse sportive a dispens\u00e9 un cours particulier de tango \u00e0 St\u00e9phanie et Dave, comp\u00e9titeurs internationaux, \u00e0 la MJEP DANSE \u00e0 Isbergues\",\"breadcrumb\":{\"@id\":\"https:\/\/vpdanses.fr\/home\/bienvenue-chez-vp-danses-hazebrouck\/cours-particulier-sven-balcerzak-mjep-danse-isbergues-tango\/#breadcrumb\"},\"inLanguage\":\"fr-FR\",\"potentialAction\":[{\"@type\":\"ReadAction\",\"target\":[\"https:\/\/vpdanses.fr\/home\/bienvenue-chez-vp-danses-hazebrouck\/cours-particulier-sven-balcerzak-mjep-danse-isbergues-tango\/\"]}]},{\"@type\":\"ImageObject\",\"inLanguage\":\"fr-FR\",\"@id\":\"https:\/\/vpdanses.fr\/home\/bienvenue-chez-vp-danses-hazebrouck\/cours-particulier-sven-balcerzak-mjep-danse-isbergues-tango\/#primaryimage\",\"url\":\"https:\/\/vpdanses.fr\/wp-content\/uploads\/2025\/06\/MG_1603_w1240.jpg\",\"contentUrl\":\"https:\/\/vpdanses.fr\/wp-content\/uploads\/2025\/06\/MG_1603_w1240.jpg\",\"width\":1240,\"height\":959,\"caption\":\"A Isbergues, ce jeudi 8 juin 2025, Sven BALCERZAK, professeur de danse sportive a dispens\u00e9 un cours particulier de tango \u00e0 St\u00e9phanie et Dave, comp\u00e9titeurs internationaux\"},{\"@type\":\"BreadcrumbList\",\"@id\":\"https:\/\/vpdanses.fr\/home\/bienvenue-chez-vp-danses-hazebrouck\/cours-particulier-sven-balcerzak-mjep-danse-isbergues-tango\/#breadcrumb\",\"itemListElement\":[{\"@type\":\"ListItem\",\"position\":1,\"name\":\"Accueil\",\"item\":\"https:\/\/vpdanses.fr\/home\/bienvenue-chez-vp-danses-hazebrouck\/\"},{\"@type\":\"ListItem\",\"position\":2,\"name\":\"Quand la ville d&rsquo;Isbergues fusionne avec les cultures d&rsquo;immigrants qui s&rsquo;\u00e9taient retrouv\u00e9s sur les deux rives du Rio del Plata (Argentine et Uruguay) : Tango session !\"}]},{\"@type\":\"WebSite\",\"@id\":\"https:\/\/vpdanses.fr\/home\/bienvenue-chez-vp-danses-hazebrouck\/#website\",\"url\":\"https:\/\/vpdanses.fr\/home\/bienvenue-chez-vp-danses-hazebrouck\/\",\"name\":\"VP DANSES, cours de Danse Sportive \u00e0 Aire-sur-la-Lys et \u00e0 Saint-Jans-Cappel (Hauts-de-France)\",\"description\":\"Cours de Danse Sportive STANDARD (valse anglaise, tango, valse viennoise, slowfox, quickstep), danses sportives LATINES (samba, chacha, rumba, paso doble, jive), danses de bal, danses de salons, danses de loisirs, salsa, rock 4 temps, rock 6 temps, danses en ligne, disco, \u2026 Lieu : Hazebrouck, Aire-sur-la-Lys, Saint-Jans-Cappel et Isbergues (Hauts-de-France) - Cours Particuliers dans les Hauts-de-France - Ouverture de bal de Mariage\",\"publisher\":{\"@id\":\"https:\/\/vpdanses.fr\/home\/bienvenue-chez-vp-danses-hazebrouck\/#organization\"},\"potentialAction\":[{\"@type\":\"SearchAction\",\"target\":{\"@type\":\"EntryPoint\",\"urlTemplate\":\"https:\/\/vpdanses.fr\/home\/bienvenue-chez-vp-danses-hazebrouck\/?s={search_term_string}\"},\"query-input\":{\"@type\":\"PropertyValueSpecification\",\"valueRequired\":true,\"valueName\":\"search_term_string\"}}],\"inLanguage\":\"fr-FR\"},{\"@type\":\"Organization\",\"@id\":\"https:\/\/vpdanses.fr\/home\/bienvenue-chez-vp-danses-hazebrouck\/#organization\",\"name\":\"VP DANSES, cours de Danse Sportive \u00e0 Aire-sur-la-Lys et \u00e0 Saint-Jans-Cappel (Hauts-de-France)\",\"url\":\"https:\/\/vpdanses.fr\/home\/bienvenue-chez-vp-danses-hazebrouck\/\",\"logo\":{\"@type\":\"ImageObject\",\"inLanguage\":\"fr-FR\",\"@id\":\"https:\/\/vpdanses.fr\/home\/bienvenue-chez-vp-danses-hazebrouck\/#\/schema\/logo\/image\/\",\"url\":\"https:\/\/vpdanses.fr\/wp-content\/uploads\/2024\/10\/logo_cadanse_asaintjans.jpeg\",\"contentUrl\":\"https:\/\/vpdanses.fr\/wp-content\/uploads\/2024\/10\/logo_cadanse_asaintjans.jpeg\",\"width\":225,\"height\":225,\"caption\":\"VP DANSES, cours de Danse Sportive \u00e0 Aire-sur-la-Lys et \u00e0 Saint-Jans-Cappel (Hauts-de-France)\"},\"image\":{\"@id\":\"https:\/\/vpdanses.fr\/home\/bienvenue-chez-vp-danses-hazebrouck\/#\/schema\/logo\/image\/\"}},{\"@type\":\"Person\",\"@id\":\"https:\/\/vpdanses.fr\/home\/bienvenue-chez-vp-danses-hazebrouck\/#\/schema\/person\/bf87806369778f949b83c9cd885519e5\",\"name\":\"VP DANSES\",\"description\":\"\\\"VP danses\\\" est une association qui donne des cours de DANSES SPORTIVES STANDARDS (valse anglaise, tango, valse viennoise, slowfox, quickstep), de DANSES SPORTIVES LATINES (samba, chacha, rumba, paso doble, jive), de DANSES DE BAL, de DANSES DE SALONS, de DANSES DE LOISIRS, de SALSA, de ROCK 4 TEMPS, de ROCK 6 TEMPS, de DANSES EN LIGNE, de DISCO, \u2026\",\"sameAs\":[\"https:\/\/vpdanses.fr\"],\"url\":\"https:\/\/vpdanses.fr\/home\/bienvenue-chez-vp-danses-hazebrouck\/author\/adminvp20241018\/\"}]}<\/script>\n<!-- \/ Yoast SEO Premium plugin. -->","yoast_head_json":{"title":"Quand la ville d'Isbergues fusionne avec les cultures d'immigrants qui s'\u00e9taient retrouv\u00e9s sur les deux rives du Rio del Plata (Argentine et Uruguay) : Tango session ! - VP DANSES, cours de Danse Sportive \u00e0 Aire-sur-la-Lys et \u00e0 Saint-Jans-Cappel (Hauts-de-France)","description":"A Isbergues, ce jeudi 8 juin 2025, Sven BALCERZAK, professeur de danse sportive a dispens\u00e9 un cours particulier de tango \u00e0 St\u00e9phanie et Dave, comp\u00e9titeurs internationaux, \u00e0 la MJEP DANSE \u00e0 Isbergues","robots":{"index":"index","follow":"follow","max-snippet":"max-snippet:-1","max-image-preview":"max-image-preview:large","max-video-preview":"max-video-preview:-1"},"canonical":"https:\/\/vpdanses.fr\/home\/bienvenue-chez-vp-danses-hazebrouck\/cours-particulier-sven-balcerzak-mjep-danse-isbergues-tango\/","og_locale":"fr_FR","og_type":"article","og_title":"Cours Particulier de danse avec Sven BALCERZAK dans le Nord de la France","og_description":"A Isbergues, ce jeudi 8 juin 2025, Sven BALCERZAK, professeur de danse sportive a dispens\u00e9 un cours particulier de tango \u00e0 St\u00e9phanie et Dave, comp\u00e9titeurs internationaux, \u00e0 la MJEP DANSE \u00e0 Isbergues","og_url":"https:\/\/vpdanses.fr\/home\/bienvenue-chez-vp-danses-hazebrouck\/cours-particulier-sven-balcerzak-mjep-danse-isbergues-tango\/","og_site_name":"VP DANSES, cours de Danse Sportive \u00e0 Aire-sur-la-Lys et \u00e0 Saint-Jans-Cappel (Hauts-de-France)","article_published_time":"2025-06-08T08:00:17+00:00","article_modified_time":"2025-06-17T16:06:36+00:00","og_image":[{"width":1240,"height":959,"url":"https:\/\/vpdanses.fr\/wp-content\/uploads\/2025\/06\/MG_1603_w1240.jpg","type":"image\/jpeg"}],"author":"VP DANSES","twitter_card":"summary_large_image","twitter_title":"Quand la ville d'Isbergues fusionne avec les cultures d'immigrants qui s'\u00e9taient retrouv\u00e9s sur les deux rives du Rio del Plata (Argentine et Uruguay) : Tango session !","twitter_misc":{"\u00c9crit par":"VP DANSES","Dur\u00e9e de lecture estim\u00e9e":"2 minutes"},"schema":{"@context":"https:\/\/schema.org","@graph":[{"@type":"Article","@id":"https:\/\/vpdanses.fr\/home\/bienvenue-chez-vp-danses-hazebrouck\/cours-particulier-sven-balcerzak-mjep-danse-isbergues-tango\/#article","isPartOf":{"@id":"https:\/\/vpdanses.fr\/home\/bienvenue-chez-vp-danses-hazebrouck\/cours-particulier-sven-balcerzak-mjep-danse-isbergues-tango\/"},"author":{"name":"VP DANSES","@id":"https:\/\/vpdanses.fr\/home\/bienvenue-chez-vp-danses-hazebrouck\/#\/schema\/person\/bf87806369778f949b83c9cd885519e5"},"headline":"Quand la ville d&rsquo;Isbergues fusionne avec les cultures d&rsquo;immigrants qui s&rsquo;\u00e9taient retrouv\u00e9s sur les deux rives du Rio del Plata (Argentine et Uruguay) : Tango session !","datePublished":"2025-06-08T08:00:17+00:00","dateModified":"2025-06-17T16:06:36+00:00","mainEntityOfPage":{"@id":"https:\/\/vpdanses.fr\/home\/bienvenue-chez-vp-danses-hazebrouck\/cours-particulier-sven-balcerzak-mjep-danse-isbergues-tango\/"},"wordCount":217,"publisher":{"@id":"https:\/\/vpdanses.fr\/home\/bienvenue-chez-vp-danses-hazebrouck\/#organization"},"image":{"@id":"https:\/\/vpdanses.fr\/home\/bienvenue-chez-vp-danses-hazebrouck\/cours-particulier-sven-balcerzak-mjep-danse-isbergues-tango\/#primaryimage"},"thumbnailUrl":"https:\/\/vpdanses.fr\/wp-content\/uploads\/2025\/06\/MG_1603_w1240.jpg","keywords":["St\u00e9phanie &amp; Dave","Tango"],"articleSection":["Autour d'Hazebrouck","Isbergues","Tango"],"inLanguage":"fr-FR"},{"@type":"WebPage","@id":"https:\/\/vpdanses.fr\/home\/bienvenue-chez-vp-danses-hazebrouck\/cours-particulier-sven-balcerzak-mjep-danse-isbergues-tango\/","url":"https:\/\/vpdanses.fr\/home\/bienvenue-chez-vp-danses-hazebrouck\/cours-particulier-sven-balcerzak-mjep-danse-isbergues-tango\/","name":"Quand la ville d'Isbergues fusionne avec les cultures d'immigrants qui s'\u00e9taient retrouv\u00e9s sur les deux rives du Rio del Plata (Argentine et Uruguay) : Tango session ! - VP DANSES, cours de Danse Sportive \u00e0 Aire-sur-la-Lys et \u00e0 Saint-Jans-Cappel (Hauts-de-France)","isPartOf":{"@id":"https:\/\/vpdanses.fr\/home\/bienvenue-chez-vp-danses-hazebrouck\/#website"},"primaryImageOfPage":{"@id":"https:\/\/vpdanses.fr\/home\/bienvenue-chez-vp-danses-hazebrouck\/cours-particulier-sven-balcerzak-mjep-danse-isbergues-tango\/#primaryimage"},"image":{"@id":"https:\/\/vpdanses.fr\/home\/bienvenue-chez-vp-danses-hazebrouck\/cours-particulier-sven-balcerzak-mjep-danse-isbergues-tango\/#primaryimage"},"thumbnailUrl":"https:\/\/vpdanses.fr\/wp-content\/uploads\/2025\/06\/MG_1603_w1240.jpg","datePublished":"2025-06-08T08:00:17+00:00","dateModified":"2025-06-17T16:06:36+00:00","description":"A Isbergues, ce jeudi 8 juin 2025, Sven BALCERZAK, professeur de danse sportive a dispens\u00e9 un cours particulier de tango \u00e0 St\u00e9phanie et Dave, comp\u00e9titeurs internationaux, \u00e0 la MJEP DANSE \u00e0 Isbergues","breadcrumb":{"@id":"https:\/\/vpdanses.fr\/home\/bienvenue-chez-vp-danses-hazebrouck\/cours-particulier-sven-balcerzak-mjep-danse-isbergues-tango\/#breadcrumb"},"inLanguage":"fr-FR","potentialAction":[{"@type":"ReadAction","target":["https:\/\/vpdanses.fr\/home\/bienvenue-chez-vp-danses-hazebrouck\/cours-particulier-sven-balcerzak-mjep-danse-isbergues-tango\/"]}]},{"@type":"ImageObject","inLanguage":"fr-FR","@id":"https:\/\/vpdanses.fr\/home\/bienvenue-chez-vp-danses-hazebrouck\/cours-particulier-sven-balcerzak-mjep-danse-isbergues-tango\/#primaryimage","url":"https:\/\/vpdanses.fr\/wp-content\/uploads\/2025\/06\/MG_1603_w1240.jpg","contentUrl":"https:\/\/vpdanses.fr\/wp-content\/uploads\/2025\/06\/MG_1603_w1240.jpg","width":1240,"height":959,"caption":"A Isbergues, ce jeudi 8 juin 2025, Sven BALCERZAK, professeur de danse sportive a dispens\u00e9 un cours particulier de tango \u00e0 St\u00e9phanie et Dave, comp\u00e9titeurs internationaux"},{"@type":"BreadcrumbList","@id":"https:\/\/vpdanses.fr\/home\/bienvenue-chez-vp-danses-hazebrouck\/cours-particulier-sven-balcerzak-mjep-danse-isbergues-tango\/#breadcrumb","itemListElement":[{"@type":"ListItem","position":1,"name":"Accueil","item":"https:\/\/vpdanses.fr\/home\/bienvenue-chez-vp-danses-hazebrouck\/"},{"@type":"ListItem","position":2,"name":"Quand la ville d&rsquo;Isbergues fusionne avec les cultures d&rsquo;immigrants qui s&rsquo;\u00e9taient retrouv\u00e9s sur les deux rives du Rio del Plata (Argentine et Uruguay) : Tango session !"}]},{"@type":"WebSite","@id":"https:\/\/vpdanses.fr\/home\/bienvenue-chez-vp-danses-hazebrouck\/#website","url":"https:\/\/vpdanses.fr\/home\/bienvenue-chez-vp-danses-hazebrouck\/","name":"VP DANSES, cours de Danse Sportive \u00e0 Aire-sur-la-Lys et \u00e0 Saint-Jans-Cappel (Hauts-de-France)","description":"Cours de Danse Sportive STANDARD (valse anglaise, tango, valse viennoise, slowfox, quickstep), danses sportives LATINES (samba, chacha, rumba, paso doble, jive), danses de bal, danses de salons, danses de loisirs, salsa, rock 4 temps, rock 6 temps, danses en ligne, disco, \u2026 Lieu : Hazebrouck, Aire-sur-la-Lys, Saint-Jans-Cappel et Isbergues (Hauts-de-France) - Cours Particuliers dans les Hauts-de-France - Ouverture de bal de Mariage","publisher":{"@id":"https:\/\/vpdanses.fr\/home\/bienvenue-chez-vp-danses-hazebrouck\/#organization"},"potentialAction":[{"@type":"SearchAction","target":{"@type":"EntryPoint","urlTemplate":"https:\/\/vpdanses.fr\/home\/bienvenue-chez-vp-danses-hazebrouck\/?s={search_term_string}"},"query-input":{"@type":"PropertyValueSpecification","valueRequired":true,"valueName":"search_term_string"}}],"inLanguage":"fr-FR"},{"@type":"Organization","@id":"https:\/\/vpdanses.fr\/home\/bienvenue-chez-vp-danses-hazebrouck\/#organization","name":"VP DANSES, cours de Danse Sportive \u00e0 Aire-sur-la-Lys et \u00e0 Saint-Jans-Cappel (Hauts-de-France)","url":"https:\/\/vpdanses.fr\/home\/bienvenue-chez-vp-danses-hazebrouck\/","logo":{"@type":"ImageObject","inLanguage":"fr-FR","@id":"https:\/\/vpdanses.fr\/home\/bienvenue-chez-vp-danses-hazebrouck\/#\/schema\/logo\/image\/","url":"https:\/\/vpdanses.fr\/wp-content\/uploads\/2024\/10\/logo_cadanse_asaintjans.jpeg","contentUrl":"https:\/\/vpdanses.fr\/wp-content\/uploads\/2024\/10\/logo_cadanse_asaintjans.jpeg","width":225,"height":225,"caption":"VP DANSES, cours de Danse Sportive \u00e0 Aire-sur-la-Lys et \u00e0 Saint-Jans-Cappel (Hauts-de-France)"},"image":{"@id":"https:\/\/vpdanses.fr\/home\/bienvenue-chez-vp-danses-hazebrouck\/#\/schema\/logo\/image\/"}},{"@type":"Person","@id":"https:\/\/vpdanses.fr\/home\/bienvenue-chez-vp-danses-hazebrouck\/#\/schema\/person\/bf87806369778f949b83c9cd885519e5","name":"VP DANSES","description":"\"VP danses\" est une association qui donne des cours de DANSES SPORTIVES STANDARDS (valse anglaise, tango, valse viennoise, slowfox, quickstep), de DANSES SPORTIVES LATINES (samba, chacha, rumba, paso doble, jive), de DANSES DE BAL, de DANSES DE SALONS, de DANSES DE LOISIRS, de SALSA, de ROCK 4 TEMPS, de ROCK 6 TEMPS, de DANSES EN LIGNE, de DISCO, \u2026","sameAs":["https:\/\/vpdanses.fr"],"url":"https:\/\/vpdanses.fr\/home\/bienvenue-chez-vp-danses-hazebrouck\/author\/adminvp20241018\/"}]}},"jetpack_featured_media_url":"https:\/\/vpdanses.fr\/wp-content\/uploads\/2025\/06\/MG_1603_w1240.jpg","uagb_featured_image_src":{"full":["https:\/\/vpdanses.fr\/wp-content\/uploads\/2025\/06\/MG_1603_w1240.jpg",1240,959,false],"thumbnail":["https:\/\/vpdanses.fr\/wp-content\/uploads\/2025\/06\/MG_1603_w1240-150x150.jpg",150,150,true],"medium":["https:\/\/vpdanses.fr\/wp-content\/uploads\/2025\/06\/MG_1603_w1240-300x232.jpg",300,232,true],"medium_large":["https:\/\/vpdanses.fr\/wp-content\/uploads\/2025\/06\/MG_1603_w1240-768x594.jpg",768,594,true],"large":["https:\/\/vpdanses.fr\/wp-content\/uploads\/2025\/06\/MG_1603_w1240-1024x792.jpg",1024,792,true],"1536x1536":["https:\/\/vpdanses.fr\/wp-content\/uploads\/2025\/06\/MG_1603_w1240.jpg",1240,959,false],"2048x2048":["https:\/\/vpdanses.fr\/wp-content\/uploads\/2025\/06\/MG_1603_w1240.jpg",1240,959,false],"vp_sm":["https:\/\/vpdanses.fr\/wp-content\/uploads\/2025\/06\/MG_1603_w1240-500x387.jpg",500,387,true],"vp_md":["https:\/\/vpdanses.fr\/wp-content\/uploads\/2025\/06\/MG_1603_w1240-800x619.jpg",800,619,true],"vp_lg":["https:\/\/vpdanses.fr\/wp-content\/uploads\/2025\/06\/MG_1603_w1240.jpg",1240,959,false],"vp_xl":["https:\/\/vpdanses.fr\/wp-content\/uploads\/2025\/06\/MG_1603_w1240.jpg",1240,959,false],"vp_sm_popup":["https:\/\/vpdanses.fr\/wp-content\/uploads\/2025\/06\/MG_1603_w1240-500x387.jpg",500,387,true],"vp_md_popup":["https:\/\/vpdanses.fr\/wp-content\/uploads\/2025\/06\/MG_1603_w1240-800x619.jpg",800,619,true],"vp_xl_popup":["https:\/\/vpdanses.fr\/wp-content\/uploads\/2025\/06\/MG_1603_w1240.jpg",1240,959,false],"dance-blog-thumb":["https:\/\/vpdanses.fr\/wp-content\/uploads\/2025\/06\/MG_1603_w1240-150x120.jpg",150,120,true],"dance-event-list":["https:\/\/vpdanses.fr\/wp-content\/uploads\/2025\/06\/MG_1603_w1240-420x336.jpg",420,336,true],"dance-event-single-type1":["https:\/\/vpdanses.fr\/wp-content\/uploads\/2025\/06\/MG_1603_w1240-773x520.jpg",773,520,true],"dance-event-single-type4":["https:\/\/vpdanses.fr\/wp-content\/uploads\/2025\/06\/MG_1603_w1240-570x460.jpg",570,460,true],"dance-event-single-type5":["https:\/\/vpdanses.fr\/wp-content\/uploads\/2025\/06\/MG_1603_w1240-746x770.jpg",746,770,true],"dance-event-list2":["https:\/\/vpdanses.fr\/wp-content\/uploads\/2025\/06\/MG_1603_w1240-420x275.jpg",420,275,true]},"uagb_author_info":{"display_name":"VP DANSES","author_link":"https:\/\/vpdanses.fr\/home\/bienvenue-chez-vp-danses-hazebrouck\/author\/adminvp20241018\/"},"uagb_comment_info":0,"uagb_excerpt":"A Isbergues, ce jeudi 8 juin 2025, Sven BALCERZAK, professeur de danse sportive a dispens\u00e9 un cours particulier de tango \u00e0 St\u00e9phanie et Dave, comp\u00e9titeurs internationaux, \u00e0 la MJEP DANSE \u00e0 Isbergues","jetpack_sharing_enabled":true,"_links":{"self":[{"href":"https:\/\/vpdanses.fr\/home\/bienvenue-chez-vp-danses-hazebrouck\/wp-json\/wp\/v2\/posts\/13557","targetHints":{"allow":["GET"]}}],"collection":[{"href":"https:\/\/vpdanses.fr\/home\/bienvenue-chez-vp-danses-hazebrouck\/wp-json\/wp\/v2\/posts"}],"about":[{"href":"https:\/\/vpdanses.fr\/home\/bienvenue-chez-vp-danses-hazebrouck\/wp-json\/wp\/v2\/types\/post"}],"author":[{"embeddable":true,"href":"https:\/\/vpdanses.fr\/home\/bienvenue-chez-vp-danses-hazebrouck\/wp-json\/wp\/v2\/users\/1"}],"replies":[{"embeddable":true,"href":"https:\/\/vpdanses.fr\/home\/bienvenue-chez-vp-danses-hazebrouck\/wp-json\/wp\/v2\/comments?post=13557"}],"version-history":[{"count":7,"href":"https:\/\/vpdanses.fr\/home\/bienvenue-chez-vp-danses-hazebrouck\/wp-json\/wp\/v2\/posts\/13557\/revisions"}],"predecessor-version":[{"id":13597,"href":"https:\/\/vpdanses.fr\/home\/bienvenue-chez-vp-danses-hazebrouck\/wp-json\/wp\/v2\/posts\/13557\/revisions\/13597"}],"wp:featuredmedia":[{"embeddable":true,"href":"https:\/\/vpdanses.fr\/home\/bienvenue-chez-vp-danses-hazebrouck\/wp-json\/wp\/v2\/media\/13558"}],"wp:attachment":[{"href":"https:\/\/vpdanses.fr\/home\/bienvenue-chez-vp-danses-hazebrouck\/wp-json\/wp\/v2\/media?parent=13557"}],"wp:term":[{"taxonomy":"category","embeddable":true,"href":"https:\/\/vpdanses.fr\/home\/bienvenue-chez-vp-danses-hazebrouck\/wp-json\/wp\/v2\/categories?post=13557"},{"taxonomy":"post_tag","embeddable":true,"href":"https:\/\/vpdanses.fr\/home\/bienvenue-chez-vp-danses-hazebrouck\/wp-json\/wp\/v2\/tags?post=13557"}],"curies":[{"name":"wp","href":"https:\/\/api.w.org\/{rel}","templated":true}]}}