{"id":13612,"date":"2025-06-22T06:44:16","date_gmt":"2025-06-22T04:44:16","guid":{"rendered":"https:\/\/vpdanses.fr\/home\/bienvenue-chez-vp-danses-hazebrouck\/?p=13612"},"modified":"2025-06-22T06:44:19","modified_gmt":"2025-06-22T04:44:19","slug":"stage-danse-sportive-valse-lente-samba-planet-aire-sur-la-lys","status":"publish","type":"post","link":"https:\/\/vpdanses.fr\/home\/bienvenue-chez-vp-danses-hazebrouck\/stage-danse-sportive-valse-lente-samba-planet-aire-sur-la-lys\/","title":{"rendered":"Stage de Danse Sportive \u00e0 Planet&rsquo;Aire \u00e0 Aire-sur-la-Lys : Valse Lente et Samba session !"},"content":{"rendered":"\n<p>Ce <strong>dimanche 22\/06\/2025<\/strong>, VP DANSES et <strong><a href=\"https:\/\/planetaire.fr\" target=\"_blank\" rel=\"noreferrer noopener\">PLANET&rsquo;AIRE<\/a><\/strong> s&rsquo;associent pour le tout 1er <strong>stage de Danse Sportive<\/strong> \u00e0 <strong><a href=\"https:\/\/www.ville-airesurlalys.fr\" target=\"_blank\" rel=\"noreferrer noopener\">Aire-sur-la-Lys<\/a><\/strong> : Valse Lente et Samba session. Venez nombreux pratiquer les danses standards et latines !<\/p>\n\n\n\n<div style=\"height:17px\" aria-hidden=\"true\" class=\"wp-block-spacer\"><\/div>\n\n\n\n<h2 class=\"wp-block-heading\">Mais au fait, C&rsquo;est quoi la diff\u00e9rence entre la Danse Sportive et la danse acrobatique ?<\/h2>\n\n\n\n<p>Vous \u00eates nombreux \u00e0 vous poser cette question ! Alors prenons quelques minutes pour d\u00e9crire rapidement la diff\u00e9rence ! <\/p>\n\n\n\n<p>Issue des danses de salon, la <strong>Danse Sportive<\/strong> est une discipline codifi\u00e9e qui allie technique, gr\u00e2ce et pr\u00e9cision. Pratiqu\u00e9e en couple, elle se divise en deux cat\u00e9gories principales : <strong>les Danses Standard<\/strong>s (comme l<strong>a Valse Lente, le tango, la Valse Viennoise, le Slow Fox et le Quick Step<\/strong>) et l<strong>es Danses Latines<\/strong> (comme la <strong>Samba, le Cha-cha, la Rumba, le Paso Doble et le Jive<\/strong>).<\/p>\n\n\n\n<p>La <strong>Danse Acrobatique<\/strong>, quant \u00e0 elle, m\u00eale habilement la danse et des <strong>figures acrobatiques impressionnantes<\/strong>. Cette discipline met en avant la souplesse, la force et la cr\u00e9ativit\u00e9 de ses interpr\u00e8tes. Moins codifi\u00e9e que la danse sportive, elle laisse une grande place \u00e0 l\u2019innovation, chaque performance \u00e9tant une v\u00e9ritable chor\u00e9graphie spectaculaire. On la retrouve souvent dans des spectacles de cirque, des comp\u00e9titions artistiques ou des shows de danse contemporaine, o\u00f9 elle vise \u00e0 \u00e9merveiller le public par des encha\u00eenements audacieux.<\/p>\n\n\n\n<div style=\"height:17px\" aria-hidden=\"true\" class=\"wp-block-spacer\"><\/div>\n\n\n\n<h2 class=\"wp-block-heading\">La salle de danse \u00e0 Planet&rsquo;Aire<\/h2>\n\n\n<div class=\"wp-block-visual-portfolio alignwide\">\n<div class=\"vp-portfolio vp-uid-d246a2cb vp-id-2pq0J\"\n\tdata-vp-layout=\"masonry\" data-vp-content-source=\"images\" data-vp-items-style=\"emerge\" data-vp-items-click-action=\"popup_gallery\" data-vp-items-gap=\"15\" data-vp-items-gap-vertical=\"\" data-vp-pagination=\"load-more\" data-vp-next-page-url=\"\" data-vp-masonry-columns=\"4\" >\n\t<div class=\"vp-portfolio__preloader-wrap\">\n\t\t<div class=\"vp-portfolio__preloader\">\n\t\t\t<img decoding=\"async\" loading=\"eager\" src=\"https:\/\/vpdanses.fr\/wp-content\/plugins\/visual-portfolio\/assets\/images\/logo-dark.svg\" alt=\"Visual Portfolio, Posts &amp; Image Gallery for WordPress\" width=\"20\" height=\"20\" data-skip-lazy>\n\t\t<\/div>\n\t<\/div>\n\t\t<div class=\"vp-portfolio__items-wrap\">\n\t\t\t\n<div class=\"vp-portfolio__items vp-portfolio__items-style-emerge vp-portfolio__items-show-overlay-hover vp-portfolio__items-show-caption-hover\">\n\n\t\t<div\t\tclass=\"vp-portfolio__item-wrap category-vp_danses category-planet_aire category-aire_sur_la_lys category-hazebrouck category-danse_sportive category-valse_lente category-samba vp-portfolio__item-uid-368cf4b4\" data-vp-filter=\"vp_danses,planet_aire,aire_sur_la_lys,hazebrouck,danse_sportive,valse_lente,samba\" \t\t>\n\t\t\t<template class=\"vp-portfolio__item-popup\" data-vp-popup-img=\"https:\/\/vpdanses.fr\/wp-content\/uploads\/2025\/06\/Planet-Aire_indication_salle_danse_IMG_8208-1920x1440.jpg\" data-vp-popup-img-srcset=\"https:\/\/vpdanses.fr\/wp-content\/uploads\/2025\/06\/Planet-Aire_indication_salle_danse_IMG_8208-1920x1440.jpg 1920w, https:\/\/vpdanses.fr\/wp-content\/uploads\/2025\/06\/Planet-Aire_indication_salle_danse_IMG_8208-300x225.jpg 300w, https:\/\/vpdanses.fr\/wp-content\/uploads\/2025\/06\/Planet-Aire_indication_salle_danse_IMG_8208-1024x768.jpg 1024w, https:\/\/vpdanses.fr\/wp-content\/uploads\/2025\/06\/Planet-Aire_indication_salle_danse_IMG_8208-768x576.jpg 768w, https:\/\/vpdanses.fr\/wp-content\/uploads\/2025\/06\/Planet-Aire_indication_salle_danse_IMG_8208-1536x1152.jpg 1536w, https:\/\/vpdanses.fr\/wp-content\/uploads\/2025\/06\/Planet-Aire_indication_salle_danse_IMG_8208-2048x1536.jpg 2048w, https:\/\/vpdanses.fr\/wp-content\/uploads\/2025\/06\/Planet-Aire_indication_salle_danse_IMG_8208-500x375.jpg 500w, https:\/\/vpdanses.fr\/wp-content\/uploads\/2025\/06\/Planet-Aire_indication_salle_danse_IMG_8208-800x600.jpg 800w, https:\/\/vpdanses.fr\/wp-content\/uploads\/2025\/06\/Planet-Aire_indication_salle_danse_IMG_8208-1280x960.jpg 1280w\" data-vp-popup-img-size=\"1920x1440\" data-vp-popup-md-img=\"https:\/\/vpdanses.fr\/wp-content\/uploads\/2025\/06\/Planet-Aire_indication_salle_danse_IMG_8208-800x600.jpg\" data-vp-popup-md-img-size=\"800x600\" data-vp-popup-sm-img=\"https:\/\/vpdanses.fr\/wp-content\/uploads\/2025\/06\/Planet-Aire_indication_salle_danse_IMG_8208-500x375.jpg\" data-vp-popup-sm-img-size=\"500x375\">\n\t\t\t<h3 class=\"vp-portfolio__item-popup-title\">Parc de Loisirs Planet&rsquo;Aire \u00e0 Aire-sur-la-Lys<\/h3>\n\t\t\t\t<div class=\"vp-portfolio__item-popup-description\">Vue \u00e9loign\u00e9e de l&rsquo;entr\u00e9e principale de Planet&rsquo;Aire \u00e0 Aire-sur-la-Lys<\/div>\n\t\t<\/template>\n\t\t\t\t\t\t<figure class=\"vp-portfolio__item\">\n\t\t\t\t\n<div class=\"vp-portfolio__item-img-wrap\">\n\t<div class=\"vp-portfolio__item-img\">\n\t\t\t<a\n\t\thref=\"https:\/\/vpdanses.fr\/wp-content\/uploads\/2025\/06\/Planet-Aire_indication_salle_danse_IMG_8208-1920x1440.jpg\"\n\t\t\t>\n\t\n\t\t<noscript><img loading=\"lazy\" decoding=\"async\" width=\"1280\" height=\"960\" data-skip-lazy src=\"https:\/\/vpdanses.fr\/wp-content\/uploads\/2025\/06\/Planet-Aire_indication_salle_danse_IMG_8208-1280x960.jpg\" class=\"wp-image-13616\" alt=\"Parc de Loisirs Planet&#039;Aire \u00e0 Aire-sur-la-Lys\" srcset=\"https:\/\/vpdanses.fr\/wp-content\/uploads\/2025\/06\/Planet-Aire_indication_salle_danse_IMG_8208-1280x960.jpg 1280w, https:\/\/vpdanses.fr\/wp-content\/uploads\/2025\/06\/Planet-Aire_indication_salle_danse_IMG_8208-300x225.jpg 300w, https:\/\/vpdanses.fr\/wp-content\/uploads\/2025\/06\/Planet-Aire_indication_salle_danse_IMG_8208-1024x768.jpg 1024w, https:\/\/vpdanses.fr\/wp-content\/uploads\/2025\/06\/Planet-Aire_indication_salle_danse_IMG_8208-768x576.jpg 768w, https:\/\/vpdanses.fr\/wp-content\/uploads\/2025\/06\/Planet-Aire_indication_salle_danse_IMG_8208-1536x1152.jpg 1536w, https:\/\/vpdanses.fr\/wp-content\/uploads\/2025\/06\/Planet-Aire_indication_salle_danse_IMG_8208-2048x1536.jpg 2048w, https:\/\/vpdanses.fr\/wp-content\/uploads\/2025\/06\/Planet-Aire_indication_salle_danse_IMG_8208-500x375.jpg 500w, https:\/\/vpdanses.fr\/wp-content\/uploads\/2025\/06\/Planet-Aire_indication_salle_danse_IMG_8208-800x600.jpg 800w, https:\/\/vpdanses.fr\/wp-content\/uploads\/2025\/06\/Planet-Aire_indication_salle_danse_IMG_8208-1920x1440.jpg 1920w\" sizes=\"auto, (max-width: 1280px) 100vw, 1280px\" \/><\/noscript><img fetchpriority=\"high\" decoding=\"async\" width=\"1280\" height=\"960\" src=\"https:\/\/vpdanses.fr\/wp-content\/uploads\/2025\/06\/Planet-Aire_indication_salle_danse_IMG_8208-1280x960.jpg\" class=\"wp-image-13616 vp-lazyload\" alt=\"Parc de Loisirs Planet&#039;Aire \u00e0 Aire-sur-la-Lys\" srcset=\"data:image\/svg+xml;base64,PHN2ZyB3aWR0aD0iMTI4MCIgaGVpZ2h0PSI5NjAiIHZpZXdCb3g9IjAgMCAxMjgwIDk2MCIgZmlsbD0ibm9uZSIgeG1sbnM9Imh0dHA6Ly93d3cudzMub3JnLzIwMDAvc3ZnIj48L3N2Zz4=\" data-src=\"https:\/\/vpdanses.fr\/wp-content\/uploads\/2025\/06\/Planet-Aire_indication_salle_danse_IMG_8208-1280x960.jpg\" data-srcset=\"https:\/\/vpdanses.fr\/wp-content\/uploads\/2025\/06\/Planet-Aire_indication_salle_danse_IMG_8208-1280x960.jpg 1280w, https:\/\/vpdanses.fr\/wp-content\/uploads\/2025\/06\/Planet-Aire_indication_salle_danse_IMG_8208-300x225.jpg 300w, https:\/\/vpdanses.fr\/wp-content\/uploads\/2025\/06\/Planet-Aire_indication_salle_danse_IMG_8208-1024x768.jpg 1024w, https:\/\/vpdanses.fr\/wp-content\/uploads\/2025\/06\/Planet-Aire_indication_salle_danse_IMG_8208-768x576.jpg 768w, https:\/\/vpdanses.fr\/wp-content\/uploads\/2025\/06\/Planet-Aire_indication_salle_danse_IMG_8208-1536x1152.jpg 1536w, https:\/\/vpdanses.fr\/wp-content\/uploads\/2025\/06\/Planet-Aire_indication_salle_danse_IMG_8208-2048x1536.jpg 2048w, https:\/\/vpdanses.fr\/wp-content\/uploads\/2025\/06\/Planet-Aire_indication_salle_danse_IMG_8208-500x375.jpg 500w, https:\/\/vpdanses.fr\/wp-content\/uploads\/2025\/06\/Planet-Aire_indication_salle_danse_IMG_8208-800x600.jpg 800w, https:\/\/vpdanses.fr\/wp-content\/uploads\/2025\/06\/Planet-Aire_indication_salle_danse_IMG_8208-1920x1440.jpg 1920w\" data-sizes=\"auto\" loading=\"eager\">\n\t\t<div class=\"vp-portfolio__item-overlay\"><\/div>\n\n\t\t<\/a>\t<\/div>\n<\/div>\n\n\t<figcaption class=\"vp-portfolio__item-caption vp-portfolio__item-caption-text-align-center\">\n\t\t<div class=\"vp-portfolio__item-meta-wrap vp-portfolio__custom-scrollbar\">\n\t\t\t<div class=\"vp-portfolio__item-meta\">\n\t\t\t\t\n<div class=\"vp-portfolio__item-meta-categories\">\n\t\t\t<div class=\"vp-portfolio__item-meta-category\">\n\t\t\t\t<a\n\t\thref=\"https:\/\/vpdanses.fr\/home\/bienvenue-chez-vp-danses-hazebrouck\/wp-json\/wp\/v2\/posts\/13612?vp_filter=vp_danses\"\n\t\t\t>\n\tVP DANSES<\/a>\t\t<\/div>\n\t\t<\/div>\n\n<h2 class=\"vp-portfolio__item-meta-title\">\n\t\t<a\n\t\thref=\"https:\/\/vpdanses.fr\/wp-content\/uploads\/2025\/06\/Planet-Aire_indication_salle_danse_IMG_8208-1920x1440.jpg\"\n\t\t\t>\n\tVue \u00e9loign\u00e9e de l&rsquo;entr\u00e9e principale de Planet&rsquo;Aire \u00e0 Aire-sur-la-Lys<\/a><\/h2>\n\t\t\t<\/div>\n\t\t<\/div>\n\t<\/figcaption>\n\t\t\t<\/figure>\n\t\t\t\t\t<\/div>\n\t\t\n\t\t<div\t\tclass=\"vp-portfolio__item-wrap vp-portfolio__item-uid-13de463d\" data-vp-filter=\"\" \t\t>\n\t\t\t<template class=\"vp-portfolio__item-popup\" data-vp-popup-img=\"https:\/\/vpdanses.fr\/wp-content\/uploads\/2025\/06\/Planet-Aire_indication_salle_danse_IMG_8210-1920x1440.jpg\" data-vp-popup-img-srcset=\"https:\/\/vpdanses.fr\/wp-content\/uploads\/2025\/06\/Planet-Aire_indication_salle_danse_IMG_8210-1920x1440.jpg 1920w, https:\/\/vpdanses.fr\/wp-content\/uploads\/2025\/06\/Planet-Aire_indication_salle_danse_IMG_8210-300x225.jpg 300w, https:\/\/vpdanses.fr\/wp-content\/uploads\/2025\/06\/Planet-Aire_indication_salle_danse_IMG_8210-1024x768.jpg 1024w, https:\/\/vpdanses.fr\/wp-content\/uploads\/2025\/06\/Planet-Aire_indication_salle_danse_IMG_8210-768x576.jpg 768w, https:\/\/vpdanses.fr\/wp-content\/uploads\/2025\/06\/Planet-Aire_indication_salle_danse_IMG_8210-1536x1152.jpg 1536w, https:\/\/vpdanses.fr\/wp-content\/uploads\/2025\/06\/Planet-Aire_indication_salle_danse_IMG_8210-2048x1536.jpg 2048w, https:\/\/vpdanses.fr\/wp-content\/uploads\/2025\/06\/Planet-Aire_indication_salle_danse_IMG_8210-500x375.jpg 500w, https:\/\/vpdanses.fr\/wp-content\/uploads\/2025\/06\/Planet-Aire_indication_salle_danse_IMG_8210-800x600.jpg 800w, https:\/\/vpdanses.fr\/wp-content\/uploads\/2025\/06\/Planet-Aire_indication_salle_danse_IMG_8210-1280x960.jpg 1280w\" data-vp-popup-img-size=\"1920x1440\" data-vp-popup-md-img=\"https:\/\/vpdanses.fr\/wp-content\/uploads\/2025\/06\/Planet-Aire_indication_salle_danse_IMG_8210-800x600.jpg\" data-vp-popup-md-img-size=\"800x600\" data-vp-popup-sm-img=\"https:\/\/vpdanses.fr\/wp-content\/uploads\/2025\/06\/Planet-Aire_indication_salle_danse_IMG_8210-500x375.jpg\" data-vp-popup-sm-img-size=\"500x375\">\n\t\t\t<h3 class=\"vp-portfolio__item-popup-title\">Parc de Loisirs Planet&rsquo;Aire \u00e0 Aire-sur-la-Lys<\/h3>\n\t\t\t\t<div class=\"vp-portfolio__item-popup-description\">Vue \u00e9loign\u00e9e de l&rsquo;entr\u00e9e principale de Planet&rsquo;Aire \u00e0 Aire-sur-la-Lys<\/div>\n\t\t<\/template>\n\t\t\t\t\t\t<figure class=\"vp-portfolio__item\">\n\t\t\t\t\n<div class=\"vp-portfolio__item-img-wrap\">\n\t<div class=\"vp-portfolio__item-img\">\n\t\t\t<a\n\t\thref=\"https:\/\/vpdanses.fr\/wp-content\/uploads\/2025\/06\/Planet-Aire_indication_salle_danse_IMG_8210-1920x1440.jpg\"\n\t\t\t>\n\t\n\t\t<noscript><img loading=\"lazy\" decoding=\"async\" width=\"1280\" height=\"960\" data-skip-lazy src=\"https:\/\/vpdanses.fr\/wp-content\/uploads\/2025\/06\/Planet-Aire_indication_salle_danse_IMG_8210-1280x960.jpg\" class=\"wp-image-13614\" alt=\"Parc de Loisirs Planet&#039;Aire \u00e0 Aire-sur-la-Lys\" srcset=\"https:\/\/vpdanses.fr\/wp-content\/uploads\/2025\/06\/Planet-Aire_indication_salle_danse_IMG_8210-1280x960.jpg 1280w, https:\/\/vpdanses.fr\/wp-content\/uploads\/2025\/06\/Planet-Aire_indication_salle_danse_IMG_8210-300x225.jpg 300w, https:\/\/vpdanses.fr\/wp-content\/uploads\/2025\/06\/Planet-Aire_indication_salle_danse_IMG_8210-1024x768.jpg 1024w, https:\/\/vpdanses.fr\/wp-content\/uploads\/2025\/06\/Planet-Aire_indication_salle_danse_IMG_8210-768x576.jpg 768w, https:\/\/vpdanses.fr\/wp-content\/uploads\/2025\/06\/Planet-Aire_indication_salle_danse_IMG_8210-1536x1152.jpg 1536w, https:\/\/vpdanses.fr\/wp-content\/uploads\/2025\/06\/Planet-Aire_indication_salle_danse_IMG_8210-2048x1536.jpg 2048w, https:\/\/vpdanses.fr\/wp-content\/uploads\/2025\/06\/Planet-Aire_indication_salle_danse_IMG_8210-500x375.jpg 500w, https:\/\/vpdanses.fr\/wp-content\/uploads\/2025\/06\/Planet-Aire_indication_salle_danse_IMG_8210-800x600.jpg 800w, https:\/\/vpdanses.fr\/wp-content\/uploads\/2025\/06\/Planet-Aire_indication_salle_danse_IMG_8210-1920x1440.jpg 1920w\" sizes=\"auto, (max-width: 1280px) 100vw, 1280px\" \/><\/noscript><img decoding=\"async\" width=\"1280\" height=\"960\" src=\"https:\/\/vpdanses.fr\/wp-content\/uploads\/2025\/06\/Planet-Aire_indication_salle_danse_IMG_8210-1280x960.jpg\" class=\"wp-image-13614 vp-lazyload\" alt=\"Parc de Loisirs Planet&#039;Aire \u00e0 Aire-sur-la-Lys\" srcset=\"data:image\/svg+xml;base64,PHN2ZyB3aWR0aD0iMTI4MCIgaGVpZ2h0PSI5NjAiIHZpZXdCb3g9IjAgMCAxMjgwIDk2MCIgZmlsbD0ibm9uZSIgeG1sbnM9Imh0dHA6Ly93d3cudzMub3JnLzIwMDAvc3ZnIj48L3N2Zz4=\" data-src=\"https:\/\/vpdanses.fr\/wp-content\/uploads\/2025\/06\/Planet-Aire_indication_salle_danse_IMG_8210-1280x960.jpg\" data-srcset=\"https:\/\/vpdanses.fr\/wp-content\/uploads\/2025\/06\/Planet-Aire_indication_salle_danse_IMG_8210-1280x960.jpg 1280w, https:\/\/vpdanses.fr\/wp-content\/uploads\/2025\/06\/Planet-Aire_indication_salle_danse_IMG_8210-300x225.jpg 300w, https:\/\/vpdanses.fr\/wp-content\/uploads\/2025\/06\/Planet-Aire_indication_salle_danse_IMG_8210-1024x768.jpg 1024w, https:\/\/vpdanses.fr\/wp-content\/uploads\/2025\/06\/Planet-Aire_indication_salle_danse_IMG_8210-768x576.jpg 768w, https:\/\/vpdanses.fr\/wp-content\/uploads\/2025\/06\/Planet-Aire_indication_salle_danse_IMG_8210-1536x1152.jpg 1536w, https:\/\/vpdanses.fr\/wp-content\/uploads\/2025\/06\/Planet-Aire_indication_salle_danse_IMG_8210-2048x1536.jpg 2048w, https:\/\/vpdanses.fr\/wp-content\/uploads\/2025\/06\/Planet-Aire_indication_salle_danse_IMG_8210-500x375.jpg 500w, https:\/\/vpdanses.fr\/wp-content\/uploads\/2025\/06\/Planet-Aire_indication_salle_danse_IMG_8210-800x600.jpg 800w, https:\/\/vpdanses.fr\/wp-content\/uploads\/2025\/06\/Planet-Aire_indication_salle_danse_IMG_8210-1920x1440.jpg 1920w\" data-sizes=\"auto\" loading=\"eager\">\n\t\t<div class=\"vp-portfolio__item-overlay\"><\/div>\n\n\t\t<\/a>\t<\/div>\n<\/div>\n\n\t<figcaption class=\"vp-portfolio__item-caption vp-portfolio__item-caption-text-align-center\">\n\t\t<div class=\"vp-portfolio__item-meta-wrap vp-portfolio__custom-scrollbar\">\n\t\t\t<div class=\"vp-portfolio__item-meta\">\n\t\t\t\t\n<h2 class=\"vp-portfolio__item-meta-title\">\n\t\t<a\n\t\thref=\"https:\/\/vpdanses.fr\/wp-content\/uploads\/2025\/06\/Planet-Aire_indication_salle_danse_IMG_8210-1920x1440.jpg\"\n\t\t\t>\n\tVue \u00e9loign\u00e9e de l&rsquo;entr\u00e9e principale de Planet&rsquo;Aire \u00e0 Aire-sur-la-Lys<\/a><\/h2>\n\t\t\t<\/div>\n\t\t<\/div>\n\t<\/figcaption>\n\t\t\t<\/figure>\n\t\t\t\t\t<\/div>\n\t\t\n\t\t<div\t\tclass=\"vp-portfolio__item-wrap vp-portfolio__item-uid-276e36ea\" data-vp-filter=\"\" \t\t>\n\t\t\t<template class=\"vp-portfolio__item-popup\" data-vp-popup-img=\"https:\/\/vpdanses.fr\/wp-content\/uploads\/2025\/06\/Planet-Aire_indication_salle_danse_IMG_8193-1920x1440.jpg\" data-vp-popup-img-srcset=\"https:\/\/vpdanses.fr\/wp-content\/uploads\/2025\/06\/Planet-Aire_indication_salle_danse_IMG_8193-1920x1440.jpg 1920w, https:\/\/vpdanses.fr\/wp-content\/uploads\/2025\/06\/Planet-Aire_indication_salle_danse_IMG_8193-300x225.jpg 300w, https:\/\/vpdanses.fr\/wp-content\/uploads\/2025\/06\/Planet-Aire_indication_salle_danse_IMG_8193-1024x768.jpg 1024w, https:\/\/vpdanses.fr\/wp-content\/uploads\/2025\/06\/Planet-Aire_indication_salle_danse_IMG_8193-768x576.jpg 768w, https:\/\/vpdanses.fr\/wp-content\/uploads\/2025\/06\/Planet-Aire_indication_salle_danse_IMG_8193-1536x1152.jpg 1536w, https:\/\/vpdanses.fr\/wp-content\/uploads\/2025\/06\/Planet-Aire_indication_salle_danse_IMG_8193-2048x1536.jpg 2048w, https:\/\/vpdanses.fr\/wp-content\/uploads\/2025\/06\/Planet-Aire_indication_salle_danse_IMG_8193-500x375.jpg 500w, https:\/\/vpdanses.fr\/wp-content\/uploads\/2025\/06\/Planet-Aire_indication_salle_danse_IMG_8193-800x600.jpg 800w, https:\/\/vpdanses.fr\/wp-content\/uploads\/2025\/06\/Planet-Aire_indication_salle_danse_IMG_8193-1280x960.jpg 1280w\" data-vp-popup-img-size=\"1920x1440\" data-vp-popup-md-img=\"https:\/\/vpdanses.fr\/wp-content\/uploads\/2025\/06\/Planet-Aire_indication_salle_danse_IMG_8193-800x600.jpg\" data-vp-popup-md-img-size=\"800x600\" data-vp-popup-sm-img=\"https:\/\/vpdanses.fr\/wp-content\/uploads\/2025\/06\/Planet-Aire_indication_salle_danse_IMG_8193-500x375.jpg\" data-vp-popup-sm-img-size=\"500x375\">\n\t\t\t<h3 class=\"vp-portfolio__item-popup-title\">Parc de Loisirs Planet&rsquo;Aire \u00e0 Aire-sur-la-Lys<\/h3>\n\t\t\t\t<div class=\"vp-portfolio__item-popup-description\">Entr\u00e9e de Planet&rsquo;Aire<\/div>\n\t\t<\/template>\n\t\t\t\t\t\t<figure class=\"vp-portfolio__item\">\n\t\t\t\t\n<div class=\"vp-portfolio__item-img-wrap\">\n\t<div class=\"vp-portfolio__item-img\">\n\t\t\t<a\n\t\thref=\"https:\/\/vpdanses.fr\/wp-content\/uploads\/2025\/06\/Planet-Aire_indication_salle_danse_IMG_8193-1920x1440.jpg\"\n\t\t\t>\n\t\n\t\t<noscript><img loading=\"lazy\" decoding=\"async\" width=\"1280\" height=\"960\" data-skip-lazy src=\"https:\/\/vpdanses.fr\/wp-content\/uploads\/2025\/06\/Planet-Aire_indication_salle_danse_IMG_8193-1280x960.jpg\" class=\"wp-image-13627\" alt=\"Parc de Loisirs Planet&#039;Aire \u00e0 Aire-sur-la-Lys\" srcset=\"https:\/\/vpdanses.fr\/wp-content\/uploads\/2025\/06\/Planet-Aire_indication_salle_danse_IMG_8193-1280x960.jpg 1280w, https:\/\/vpdanses.fr\/wp-content\/uploads\/2025\/06\/Planet-Aire_indication_salle_danse_IMG_8193-300x225.jpg 300w, https:\/\/vpdanses.fr\/wp-content\/uploads\/2025\/06\/Planet-Aire_indication_salle_danse_IMG_8193-1024x768.jpg 1024w, https:\/\/vpdanses.fr\/wp-content\/uploads\/2025\/06\/Planet-Aire_indication_salle_danse_IMG_8193-768x576.jpg 768w, https:\/\/vpdanses.fr\/wp-content\/uploads\/2025\/06\/Planet-Aire_indication_salle_danse_IMG_8193-1536x1152.jpg 1536w, https:\/\/vpdanses.fr\/wp-content\/uploads\/2025\/06\/Planet-Aire_indication_salle_danse_IMG_8193-2048x1536.jpg 2048w, https:\/\/vpdanses.fr\/wp-content\/uploads\/2025\/06\/Planet-Aire_indication_salle_danse_IMG_8193-500x375.jpg 500w, https:\/\/vpdanses.fr\/wp-content\/uploads\/2025\/06\/Planet-Aire_indication_salle_danse_IMG_8193-800x600.jpg 800w, https:\/\/vpdanses.fr\/wp-content\/uploads\/2025\/06\/Planet-Aire_indication_salle_danse_IMG_8193-1920x1440.jpg 1920w\" sizes=\"auto, (max-width: 1280px) 100vw, 1280px\" \/><\/noscript><img decoding=\"async\" width=\"1280\" height=\"960\" src=\"https:\/\/vpdanses.fr\/wp-content\/uploads\/2025\/06\/Planet-Aire_indication_salle_danse_IMG_8193-1280x960.jpg\" class=\"wp-image-13627 vp-lazyload\" alt=\"Parc de Loisirs Planet&#039;Aire \u00e0 Aire-sur-la-Lys\" srcset=\"data:image\/svg+xml;base64,PHN2ZyB3aWR0aD0iMTI4MCIgaGVpZ2h0PSI5NjAiIHZpZXdCb3g9IjAgMCAxMjgwIDk2MCIgZmlsbD0ibm9uZSIgeG1sbnM9Imh0dHA6Ly93d3cudzMub3JnLzIwMDAvc3ZnIj48L3N2Zz4=\" data-src=\"https:\/\/vpdanses.fr\/wp-content\/uploads\/2025\/06\/Planet-Aire_indication_salle_danse_IMG_8193-1280x960.jpg\" data-srcset=\"https:\/\/vpdanses.fr\/wp-content\/uploads\/2025\/06\/Planet-Aire_indication_salle_danse_IMG_8193-1280x960.jpg 1280w, https:\/\/vpdanses.fr\/wp-content\/uploads\/2025\/06\/Planet-Aire_indication_salle_danse_IMG_8193-300x225.jpg 300w, https:\/\/vpdanses.fr\/wp-content\/uploads\/2025\/06\/Planet-Aire_indication_salle_danse_IMG_8193-1024x768.jpg 1024w, https:\/\/vpdanses.fr\/wp-content\/uploads\/2025\/06\/Planet-Aire_indication_salle_danse_IMG_8193-768x576.jpg 768w, https:\/\/vpdanses.fr\/wp-content\/uploads\/2025\/06\/Planet-Aire_indication_salle_danse_IMG_8193-1536x1152.jpg 1536w, https:\/\/vpdanses.fr\/wp-content\/uploads\/2025\/06\/Planet-Aire_indication_salle_danse_IMG_8193-2048x1536.jpg 2048w, https:\/\/vpdanses.fr\/wp-content\/uploads\/2025\/06\/Planet-Aire_indication_salle_danse_IMG_8193-500x375.jpg 500w, https:\/\/vpdanses.fr\/wp-content\/uploads\/2025\/06\/Planet-Aire_indication_salle_danse_IMG_8193-800x600.jpg 800w, https:\/\/vpdanses.fr\/wp-content\/uploads\/2025\/06\/Planet-Aire_indication_salle_danse_IMG_8193-1920x1440.jpg 1920w\" data-sizes=\"auto\" loading=\"eager\">\n\t\t<div class=\"vp-portfolio__item-overlay\"><\/div>\n\n\t\t<\/a>\t<\/div>\n<\/div>\n\n\t<figcaption class=\"vp-portfolio__item-caption vp-portfolio__item-caption-text-align-center\">\n\t\t<div class=\"vp-portfolio__item-meta-wrap vp-portfolio__custom-scrollbar\">\n\t\t\t<div class=\"vp-portfolio__item-meta\">\n\t\t\t\t\n<h2 class=\"vp-portfolio__item-meta-title\">\n\t\t<a\n\t\thref=\"https:\/\/vpdanses.fr\/wp-content\/uploads\/2025\/06\/Planet-Aire_indication_salle_danse_IMG_8193-1920x1440.jpg\"\n\t\t\t>\n\tEntr\u00e9e de Planet&rsquo;Aire<\/a><\/h2>\n\t\t\t<\/div>\n\t\t<\/div>\n\t<\/figcaption>\n\t\t\t<\/figure>\n\t\t\t\t\t<\/div>\n\t\t\n\t\t<div\t\tclass=\"vp-portfolio__item-wrap vp-portfolio__item-uid-2911d7a0\" data-vp-filter=\"\" \t\t>\n\t\t\t<template class=\"vp-portfolio__item-popup\" data-vp-popup-img=\"https:\/\/vpdanses.fr\/wp-content\/uploads\/2025\/06\/Planet-Aire_indication_salle_danse_IMG_8209-1920x1440.jpg\" data-vp-popup-img-srcset=\"https:\/\/vpdanses.fr\/wp-content\/uploads\/2025\/06\/Planet-Aire_indication_salle_danse_IMG_8209-1920x1440.jpg 1920w, https:\/\/vpdanses.fr\/wp-content\/uploads\/2025\/06\/Planet-Aire_indication_salle_danse_IMG_8209-300x225.jpg 300w, https:\/\/vpdanses.fr\/wp-content\/uploads\/2025\/06\/Planet-Aire_indication_salle_danse_IMG_8209-1024x768.jpg 1024w, https:\/\/vpdanses.fr\/wp-content\/uploads\/2025\/06\/Planet-Aire_indication_salle_danse_IMG_8209-768x576.jpg 768w, https:\/\/vpdanses.fr\/wp-content\/uploads\/2025\/06\/Planet-Aire_indication_salle_danse_IMG_8209-1536x1152.jpg 1536w, https:\/\/vpdanses.fr\/wp-content\/uploads\/2025\/06\/Planet-Aire_indication_salle_danse_IMG_8209-2048x1536.jpg 2048w, https:\/\/vpdanses.fr\/wp-content\/uploads\/2025\/06\/Planet-Aire_indication_salle_danse_IMG_8209-500x375.jpg 500w, https:\/\/vpdanses.fr\/wp-content\/uploads\/2025\/06\/Planet-Aire_indication_salle_danse_IMG_8209-800x600.jpg 800w, https:\/\/vpdanses.fr\/wp-content\/uploads\/2025\/06\/Planet-Aire_indication_salle_danse_IMG_8209-1280x960.jpg 1280w\" data-vp-popup-img-size=\"1920x1440\" data-vp-popup-md-img=\"https:\/\/vpdanses.fr\/wp-content\/uploads\/2025\/06\/Planet-Aire_indication_salle_danse_IMG_8209-800x600.jpg\" data-vp-popup-md-img-size=\"800x600\" data-vp-popup-sm-img=\"https:\/\/vpdanses.fr\/wp-content\/uploads\/2025\/06\/Planet-Aire_indication_salle_danse_IMG_8209-500x375.jpg\" data-vp-popup-sm-img-size=\"500x375\">\n\t\t\t<h3 class=\"vp-portfolio__item-popup-title\">Parc de Loisirs Planet&rsquo;Aire \u00e0 Aire-sur-la-Lys<\/h3>\n\t\t\t\t<div class=\"vp-portfolio__item-popup-description\">Vue de l&rsquo;entr\u00e9e principale de Planet&rsquo;Aire \u00e0 Aire-sur-la-Lys<\/div>\n\t\t<\/template>\n\t\t\t\t\t\t<figure class=\"vp-portfolio__item\">\n\t\t\t\t\n<div class=\"vp-portfolio__item-img-wrap\">\n\t<div class=\"vp-portfolio__item-img\">\n\t\t\t<a\n\t\thref=\"https:\/\/vpdanses.fr\/wp-content\/uploads\/2025\/06\/Planet-Aire_indication_salle_danse_IMG_8209-1920x1440.jpg\"\n\t\t\t>\n\t\n\t\t<noscript><img loading=\"lazy\" decoding=\"async\" width=\"1280\" height=\"960\" data-skip-lazy src=\"https:\/\/vpdanses.fr\/wp-content\/uploads\/2025\/06\/Planet-Aire_indication_salle_danse_IMG_8209-1280x960.jpg\" class=\"wp-image-13615\" alt=\"Parc de Loisirs Planet&#039;Aire \u00e0 Aire-sur-la-Lys\" srcset=\"https:\/\/vpdanses.fr\/wp-content\/uploads\/2025\/06\/Planet-Aire_indication_salle_danse_IMG_8209-1280x960.jpg 1280w, https:\/\/vpdanses.fr\/wp-content\/uploads\/2025\/06\/Planet-Aire_indication_salle_danse_IMG_8209-300x225.jpg 300w, https:\/\/vpdanses.fr\/wp-content\/uploads\/2025\/06\/Planet-Aire_indication_salle_danse_IMG_8209-1024x768.jpg 1024w, https:\/\/vpdanses.fr\/wp-content\/uploads\/2025\/06\/Planet-Aire_indication_salle_danse_IMG_8209-768x576.jpg 768w, https:\/\/vpdanses.fr\/wp-content\/uploads\/2025\/06\/Planet-Aire_indication_salle_danse_IMG_8209-1536x1152.jpg 1536w, https:\/\/vpdanses.fr\/wp-content\/uploads\/2025\/06\/Planet-Aire_indication_salle_danse_IMG_8209-2048x1536.jpg 2048w, https:\/\/vpdanses.fr\/wp-content\/uploads\/2025\/06\/Planet-Aire_indication_salle_danse_IMG_8209-500x375.jpg 500w, https:\/\/vpdanses.fr\/wp-content\/uploads\/2025\/06\/Planet-Aire_indication_salle_danse_IMG_8209-800x600.jpg 800w, https:\/\/vpdanses.fr\/wp-content\/uploads\/2025\/06\/Planet-Aire_indication_salle_danse_IMG_8209-1920x1440.jpg 1920w\" sizes=\"auto, (max-width: 1280px) 100vw, 1280px\" \/><\/noscript><img decoding=\"async\" width=\"1280\" height=\"960\" src=\"https:\/\/vpdanses.fr\/wp-content\/uploads\/2025\/06\/Planet-Aire_indication_salle_danse_IMG_8209-1280x960.jpg\" class=\"wp-image-13615 vp-lazyload\" alt=\"Parc de Loisirs Planet&#039;Aire \u00e0 Aire-sur-la-Lys\" srcset=\"data:image\/svg+xml;base64,PHN2ZyB3aWR0aD0iMTI4MCIgaGVpZ2h0PSI5NjAiIHZpZXdCb3g9IjAgMCAxMjgwIDk2MCIgZmlsbD0ibm9uZSIgeG1sbnM9Imh0dHA6Ly93d3cudzMub3JnLzIwMDAvc3ZnIj48L3N2Zz4=\" data-src=\"https:\/\/vpdanses.fr\/wp-content\/uploads\/2025\/06\/Planet-Aire_indication_salle_danse_IMG_8209-1280x960.jpg\" data-srcset=\"https:\/\/vpdanses.fr\/wp-content\/uploads\/2025\/06\/Planet-Aire_indication_salle_danse_IMG_8209-1280x960.jpg 1280w, https:\/\/vpdanses.fr\/wp-content\/uploads\/2025\/06\/Planet-Aire_indication_salle_danse_IMG_8209-300x225.jpg 300w, https:\/\/vpdanses.fr\/wp-content\/uploads\/2025\/06\/Planet-Aire_indication_salle_danse_IMG_8209-1024x768.jpg 1024w, https:\/\/vpdanses.fr\/wp-content\/uploads\/2025\/06\/Planet-Aire_indication_salle_danse_IMG_8209-768x576.jpg 768w, https:\/\/vpdanses.fr\/wp-content\/uploads\/2025\/06\/Planet-Aire_indication_salle_danse_IMG_8209-1536x1152.jpg 1536w, https:\/\/vpdanses.fr\/wp-content\/uploads\/2025\/06\/Planet-Aire_indication_salle_danse_IMG_8209-2048x1536.jpg 2048w, https:\/\/vpdanses.fr\/wp-content\/uploads\/2025\/06\/Planet-Aire_indication_salle_danse_IMG_8209-500x375.jpg 500w, https:\/\/vpdanses.fr\/wp-content\/uploads\/2025\/06\/Planet-Aire_indication_salle_danse_IMG_8209-800x600.jpg 800w, https:\/\/vpdanses.fr\/wp-content\/uploads\/2025\/06\/Planet-Aire_indication_salle_danse_IMG_8209-1920x1440.jpg 1920w\" data-sizes=\"auto\" loading=\"eager\">\n\t\t<div class=\"vp-portfolio__item-overlay\"><\/div>\n\n\t\t<\/a>\t<\/div>\n<\/div>\n\n\t<figcaption class=\"vp-portfolio__item-caption vp-portfolio__item-caption-text-align-center\">\n\t\t<div class=\"vp-portfolio__item-meta-wrap vp-portfolio__custom-scrollbar\">\n\t\t\t<div class=\"vp-portfolio__item-meta\">\n\t\t\t\t\n<h2 class=\"vp-portfolio__item-meta-title\">\n\t\t<a\n\t\thref=\"https:\/\/vpdanses.fr\/wp-content\/uploads\/2025\/06\/Planet-Aire_indication_salle_danse_IMG_8209-1920x1440.jpg\"\n\t\t\t>\n\tVue de l&rsquo;entr\u00e9e principale de Planet&rsquo;Aire \u00e0 Aire-sur-la-Lys<\/a><\/h2>\n\t\t\t<\/div>\n\t\t<\/div>\n\t<\/figcaption>\n\t\t\t<\/figure>\n\t\t\t\t\t<\/div>\n\t\t\n\t\t<div\t\tclass=\"vp-portfolio__item-wrap vp-portfolio__item-uid-da1a8634\" data-vp-filter=\"\" \t\t>\n\t\t\t<template class=\"vp-portfolio__item-popup\" data-vp-popup-img=\"https:\/\/vpdanses.fr\/wp-content\/uploads\/2025\/06\/Planet-Aire_indication_salle_danse_IMG_8207-1920x1440.jpg\" data-vp-popup-img-srcset=\"https:\/\/vpdanses.fr\/wp-content\/uploads\/2025\/06\/Planet-Aire_indication_salle_danse_IMG_8207-1920x1440.jpg 1920w, https:\/\/vpdanses.fr\/wp-content\/uploads\/2025\/06\/Planet-Aire_indication_salle_danse_IMG_8207-300x225.jpg 300w, https:\/\/vpdanses.fr\/wp-content\/uploads\/2025\/06\/Planet-Aire_indication_salle_danse_IMG_8207-1024x768.jpg 1024w, https:\/\/vpdanses.fr\/wp-content\/uploads\/2025\/06\/Planet-Aire_indication_salle_danse_IMG_8207-768x576.jpg 768w, https:\/\/vpdanses.fr\/wp-content\/uploads\/2025\/06\/Planet-Aire_indication_salle_danse_IMG_8207-1536x1152.jpg 1536w, https:\/\/vpdanses.fr\/wp-content\/uploads\/2025\/06\/Planet-Aire_indication_salle_danse_IMG_8207-2048x1536.jpg 2048w, https:\/\/vpdanses.fr\/wp-content\/uploads\/2025\/06\/Planet-Aire_indication_salle_danse_IMG_8207-500x375.jpg 500w, https:\/\/vpdanses.fr\/wp-content\/uploads\/2025\/06\/Planet-Aire_indication_salle_danse_IMG_8207-800x600.jpg 800w, https:\/\/vpdanses.fr\/wp-content\/uploads\/2025\/06\/Planet-Aire_indication_salle_danse_IMG_8207-1280x960.jpg 1280w\" data-vp-popup-img-size=\"1920x1440\" data-vp-popup-md-img=\"https:\/\/vpdanses.fr\/wp-content\/uploads\/2025\/06\/Planet-Aire_indication_salle_danse_IMG_8207-800x600.jpg\" data-vp-popup-md-img-size=\"800x600\" data-vp-popup-sm-img=\"https:\/\/vpdanses.fr\/wp-content\/uploads\/2025\/06\/Planet-Aire_indication_salle_danse_IMG_8207-500x375.jpg\" data-vp-popup-sm-img-size=\"500x375\">\n\t\t\t<h3 class=\"vp-portfolio__item-popup-title\">Parc de Loisirs Planet&rsquo;Aire \u00e0 Aire-sur-la-Lys<\/h3>\n\t\t\t\t<div class=\"vp-portfolio__item-popup-description\">Une affiche du stage (fond rose) est visible depuis l&rsquo;ext\u00e9rieur au niveau de l&rsquo;entr\u00e9e de Planet&rsquo;Aire<\/div>\n\t\t<\/template>\n\t\t\t\t\t\t<figure class=\"vp-portfolio__item\">\n\t\t\t\t\n<div class=\"vp-portfolio__item-img-wrap\">\n\t<div class=\"vp-portfolio__item-img\">\n\t\t\t<a\n\t\thref=\"https:\/\/vpdanses.fr\/wp-content\/uploads\/2025\/06\/Planet-Aire_indication_salle_danse_IMG_8207-1920x1440.jpg\"\n\t\t\t>\n\t\n\t\t<noscript><img loading=\"lazy\" decoding=\"async\" width=\"1280\" height=\"960\" data-skip-lazy src=\"https:\/\/vpdanses.fr\/wp-content\/uploads\/2025\/06\/Planet-Aire_indication_salle_danse_IMG_8207-1280x960.jpg\" class=\"wp-image-13617\" alt=\"Parc de Loisirs Planet&#039;Aire \u00e0 Aire-sur-la-Lys\" srcset=\"https:\/\/vpdanses.fr\/wp-content\/uploads\/2025\/06\/Planet-Aire_indication_salle_danse_IMG_8207-1280x960.jpg 1280w, https:\/\/vpdanses.fr\/wp-content\/uploads\/2025\/06\/Planet-Aire_indication_salle_danse_IMG_8207-300x225.jpg 300w, https:\/\/vpdanses.fr\/wp-content\/uploads\/2025\/06\/Planet-Aire_indication_salle_danse_IMG_8207-1024x768.jpg 1024w, https:\/\/vpdanses.fr\/wp-content\/uploads\/2025\/06\/Planet-Aire_indication_salle_danse_IMG_8207-768x576.jpg 768w, https:\/\/vpdanses.fr\/wp-content\/uploads\/2025\/06\/Planet-Aire_indication_salle_danse_IMG_8207-1536x1152.jpg 1536w, https:\/\/vpdanses.fr\/wp-content\/uploads\/2025\/06\/Planet-Aire_indication_salle_danse_IMG_8207-2048x1536.jpg 2048w, https:\/\/vpdanses.fr\/wp-content\/uploads\/2025\/06\/Planet-Aire_indication_salle_danse_IMG_8207-500x375.jpg 500w, https:\/\/vpdanses.fr\/wp-content\/uploads\/2025\/06\/Planet-Aire_indication_salle_danse_IMG_8207-800x600.jpg 800w, https:\/\/vpdanses.fr\/wp-content\/uploads\/2025\/06\/Planet-Aire_indication_salle_danse_IMG_8207-1920x1440.jpg 1920w\" sizes=\"auto, (max-width: 1280px) 100vw, 1280px\" \/><\/noscript><img decoding=\"async\" width=\"1280\" height=\"960\" src=\"https:\/\/vpdanses.fr\/wp-content\/uploads\/2025\/06\/Planet-Aire_indication_salle_danse_IMG_8207-1280x960.jpg\" class=\"wp-image-13617 vp-lazyload\" alt=\"Parc de Loisirs Planet&#039;Aire \u00e0 Aire-sur-la-Lys\" srcset=\"data:image\/svg+xml;base64,PHN2ZyB3aWR0aD0iMTI4MCIgaGVpZ2h0PSI5NjAiIHZpZXdCb3g9IjAgMCAxMjgwIDk2MCIgZmlsbD0ibm9uZSIgeG1sbnM9Imh0dHA6Ly93d3cudzMub3JnLzIwMDAvc3ZnIj48L3N2Zz4=\" data-src=\"https:\/\/vpdanses.fr\/wp-content\/uploads\/2025\/06\/Planet-Aire_indication_salle_danse_IMG_8207-1280x960.jpg\" data-srcset=\"https:\/\/vpdanses.fr\/wp-content\/uploads\/2025\/06\/Planet-Aire_indication_salle_danse_IMG_8207-1280x960.jpg 1280w, https:\/\/vpdanses.fr\/wp-content\/uploads\/2025\/06\/Planet-Aire_indication_salle_danse_IMG_8207-300x225.jpg 300w, https:\/\/vpdanses.fr\/wp-content\/uploads\/2025\/06\/Planet-Aire_indication_salle_danse_IMG_8207-1024x768.jpg 1024w, https:\/\/vpdanses.fr\/wp-content\/uploads\/2025\/06\/Planet-Aire_indication_salle_danse_IMG_8207-768x576.jpg 768w, https:\/\/vpdanses.fr\/wp-content\/uploads\/2025\/06\/Planet-Aire_indication_salle_danse_IMG_8207-1536x1152.jpg 1536w, https:\/\/vpdanses.fr\/wp-content\/uploads\/2025\/06\/Planet-Aire_indication_salle_danse_IMG_8207-2048x1536.jpg 2048w, https:\/\/vpdanses.fr\/wp-content\/uploads\/2025\/06\/Planet-Aire_indication_salle_danse_IMG_8207-500x375.jpg 500w, https:\/\/vpdanses.fr\/wp-content\/uploads\/2025\/06\/Planet-Aire_indication_salle_danse_IMG_8207-800x600.jpg 800w, https:\/\/vpdanses.fr\/wp-content\/uploads\/2025\/06\/Planet-Aire_indication_salle_danse_IMG_8207-1920x1440.jpg 1920w\" data-sizes=\"auto\" loading=\"eager\">\n\t\t<div class=\"vp-portfolio__item-overlay\"><\/div>\n\n\t\t<\/a>\t<\/div>\n<\/div>\n\n\t<figcaption class=\"vp-portfolio__item-caption vp-portfolio__item-caption-text-align-center\">\n\t\t<div class=\"vp-portfolio__item-meta-wrap vp-portfolio__custom-scrollbar\">\n\t\t\t<div class=\"vp-portfolio__item-meta\">\n\t\t\t\t\n<h2 class=\"vp-portfolio__item-meta-title\">\n\t\t<a\n\t\thref=\"https:\/\/vpdanses.fr\/wp-content\/uploads\/2025\/06\/Planet-Aire_indication_salle_danse_IMG_8207-1920x1440.jpg\"\n\t\t\t>\n\tUne affiche du stage (fond rose) est visible depuis l&rsquo;ext\u00e9rieur au niveau de l&rsquo;entr\u00e9e de Planet&rsquo;Aire<\/a><\/h2>\n\t\t\t<\/div>\n\t\t<\/div>\n\t<\/figcaption>\n\t\t\t<\/figure>\n\t\t\t\t\t<\/div>\n\t\t\n\t\t<div\t\tclass=\"vp-portfolio__item-wrap vp-portfolio__item-uid-4d6c36c4\" data-vp-filter=\"\" \t\t>\n\t\t\t<template class=\"vp-portfolio__item-popup\" data-vp-popup-img=\"https:\/\/vpdanses.fr\/wp-content\/uploads\/2025\/06\/Planet-Aire_indication_salle_danse_IMG_8196-1920x1440.jpg\" data-vp-popup-img-srcset=\"https:\/\/vpdanses.fr\/wp-content\/uploads\/2025\/06\/Planet-Aire_indication_salle_danse_IMG_8196-1920x1440.jpg 1920w, https:\/\/vpdanses.fr\/wp-content\/uploads\/2025\/06\/Planet-Aire_indication_salle_danse_IMG_8196-300x225.jpg 300w, https:\/\/vpdanses.fr\/wp-content\/uploads\/2025\/06\/Planet-Aire_indication_salle_danse_IMG_8196-1024x768.jpg 1024w, https:\/\/vpdanses.fr\/wp-content\/uploads\/2025\/06\/Planet-Aire_indication_salle_danse_IMG_8196-768x576.jpg 768w, https:\/\/vpdanses.fr\/wp-content\/uploads\/2025\/06\/Planet-Aire_indication_salle_danse_IMG_8196-1536x1152.jpg 1536w, https:\/\/vpdanses.fr\/wp-content\/uploads\/2025\/06\/Planet-Aire_indication_salle_danse_IMG_8196-2048x1536.jpg 2048w, https:\/\/vpdanses.fr\/wp-content\/uploads\/2025\/06\/Planet-Aire_indication_salle_danse_IMG_8196-500x375.jpg 500w, https:\/\/vpdanses.fr\/wp-content\/uploads\/2025\/06\/Planet-Aire_indication_salle_danse_IMG_8196-800x600.jpg 800w, https:\/\/vpdanses.fr\/wp-content\/uploads\/2025\/06\/Planet-Aire_indication_salle_danse_IMG_8196-1280x960.jpg 1280w\" data-vp-popup-img-size=\"1920x1440\" data-vp-popup-md-img=\"https:\/\/vpdanses.fr\/wp-content\/uploads\/2025\/06\/Planet-Aire_indication_salle_danse_IMG_8196-800x600.jpg\" data-vp-popup-md-img-size=\"800x600\" data-vp-popup-sm-img=\"https:\/\/vpdanses.fr\/wp-content\/uploads\/2025\/06\/Planet-Aire_indication_salle_danse_IMG_8196-500x375.jpg\" data-vp-popup-sm-img-size=\"500x375\">\n\t\t\t<h3 class=\"vp-portfolio__item-popup-title\">Parc de Loisirs Planet&rsquo;Aire \u00e0 Aire-sur-la-Lys<\/h3>\n\t\t\t\t<div class=\"vp-portfolio__item-popup-description\">La salle de danse est \u00e0 l&rsquo;\u00e9tage<\/div>\n\t\t<\/template>\n\t\t\t\t\t\t<figure class=\"vp-portfolio__item\">\n\t\t\t\t\n<div class=\"vp-portfolio__item-img-wrap\">\n\t<div class=\"vp-portfolio__item-img\">\n\t\t\t<a\n\t\thref=\"https:\/\/vpdanses.fr\/wp-content\/uploads\/2025\/06\/Planet-Aire_indication_salle_danse_IMG_8196-1920x1440.jpg\"\n\t\t\t>\n\t\n\t\t<noscript><img loading=\"lazy\" decoding=\"async\" width=\"1280\" height=\"960\" data-skip-lazy src=\"https:\/\/vpdanses.fr\/wp-content\/uploads\/2025\/06\/Planet-Aire_indication_salle_danse_IMG_8196-1280x960.jpg\" class=\"wp-image-13626\" alt=\"Parc de Loisirs Planet&#039;Aire \u00e0 Aire-sur-la-Lys\" srcset=\"https:\/\/vpdanses.fr\/wp-content\/uploads\/2025\/06\/Planet-Aire_indication_salle_danse_IMG_8196-1280x960.jpg 1280w, https:\/\/vpdanses.fr\/wp-content\/uploads\/2025\/06\/Planet-Aire_indication_salle_danse_IMG_8196-300x225.jpg 300w, https:\/\/vpdanses.fr\/wp-content\/uploads\/2025\/06\/Planet-Aire_indication_salle_danse_IMG_8196-1024x768.jpg 1024w, https:\/\/vpdanses.fr\/wp-content\/uploads\/2025\/06\/Planet-Aire_indication_salle_danse_IMG_8196-768x576.jpg 768w, https:\/\/vpdanses.fr\/wp-content\/uploads\/2025\/06\/Planet-Aire_indication_salle_danse_IMG_8196-1536x1152.jpg 1536w, https:\/\/vpdanses.fr\/wp-content\/uploads\/2025\/06\/Planet-Aire_indication_salle_danse_IMG_8196-2048x1536.jpg 2048w, https:\/\/vpdanses.fr\/wp-content\/uploads\/2025\/06\/Planet-Aire_indication_salle_danse_IMG_8196-500x375.jpg 500w, https:\/\/vpdanses.fr\/wp-content\/uploads\/2025\/06\/Planet-Aire_indication_salle_danse_IMG_8196-800x600.jpg 800w, https:\/\/vpdanses.fr\/wp-content\/uploads\/2025\/06\/Planet-Aire_indication_salle_danse_IMG_8196-1920x1440.jpg 1920w\" sizes=\"auto, (max-width: 1280px) 100vw, 1280px\" \/><\/noscript><img decoding=\"async\" width=\"1280\" height=\"960\" src=\"https:\/\/vpdanses.fr\/wp-content\/uploads\/2025\/06\/Planet-Aire_indication_salle_danse_IMG_8196-1280x960.jpg\" class=\"wp-image-13626 vp-lazyload\" alt=\"Parc de Loisirs Planet&#039;Aire \u00e0 Aire-sur-la-Lys\" srcset=\"data:image\/svg+xml;base64,PHN2ZyB3aWR0aD0iMTI4MCIgaGVpZ2h0PSI5NjAiIHZpZXdCb3g9IjAgMCAxMjgwIDk2MCIgZmlsbD0ibm9uZSIgeG1sbnM9Imh0dHA6Ly93d3cudzMub3JnLzIwMDAvc3ZnIj48L3N2Zz4=\" data-src=\"https:\/\/vpdanses.fr\/wp-content\/uploads\/2025\/06\/Planet-Aire_indication_salle_danse_IMG_8196-1280x960.jpg\" data-srcset=\"https:\/\/vpdanses.fr\/wp-content\/uploads\/2025\/06\/Planet-Aire_indication_salle_danse_IMG_8196-1280x960.jpg 1280w, https:\/\/vpdanses.fr\/wp-content\/uploads\/2025\/06\/Planet-Aire_indication_salle_danse_IMG_8196-300x225.jpg 300w, https:\/\/vpdanses.fr\/wp-content\/uploads\/2025\/06\/Planet-Aire_indication_salle_danse_IMG_8196-1024x768.jpg 1024w, https:\/\/vpdanses.fr\/wp-content\/uploads\/2025\/06\/Planet-Aire_indication_salle_danse_IMG_8196-768x576.jpg 768w, https:\/\/vpdanses.fr\/wp-content\/uploads\/2025\/06\/Planet-Aire_indication_salle_danse_IMG_8196-1536x1152.jpg 1536w, https:\/\/vpdanses.fr\/wp-content\/uploads\/2025\/06\/Planet-Aire_indication_salle_danse_IMG_8196-2048x1536.jpg 2048w, https:\/\/vpdanses.fr\/wp-content\/uploads\/2025\/06\/Planet-Aire_indication_salle_danse_IMG_8196-500x375.jpg 500w, https:\/\/vpdanses.fr\/wp-content\/uploads\/2025\/06\/Planet-Aire_indication_salle_danse_IMG_8196-800x600.jpg 800w, https:\/\/vpdanses.fr\/wp-content\/uploads\/2025\/06\/Planet-Aire_indication_salle_danse_IMG_8196-1920x1440.jpg 1920w\" data-sizes=\"auto\" loading=\"eager\">\n\t\t<div class=\"vp-portfolio__item-overlay\"><\/div>\n\n\t\t<\/a>\t<\/div>\n<\/div>\n\n\t<figcaption class=\"vp-portfolio__item-caption vp-portfolio__item-caption-text-align-center\">\n\t\t<div class=\"vp-portfolio__item-meta-wrap vp-portfolio__custom-scrollbar\">\n\t\t\t<div class=\"vp-portfolio__item-meta\">\n\t\t\t\t\n<h2 class=\"vp-portfolio__item-meta-title\">\n\t\t<a\n\t\thref=\"https:\/\/vpdanses.fr\/wp-content\/uploads\/2025\/06\/Planet-Aire_indication_salle_danse_IMG_8196-1920x1440.jpg\"\n\t\t\t>\n\tLa salle de danse est \u00e0 l&rsquo;\u00e9tage<\/a><\/h2>\n\t\t\t<\/div>\n\t\t<\/div>\n\t<\/figcaption>\n\t\t\t<\/figure>\n\t\t\t\t\t<\/div>\n\t\t\n\t\t<div\t\tclass=\"vp-portfolio__item-wrap vp-portfolio__item-uid-52f115d0\" data-vp-filter=\"\" \t\t>\n\t\t\t<template class=\"vp-portfolio__item-popup\" data-vp-popup-img=\"https:\/\/vpdanses.fr\/wp-content\/uploads\/2025\/06\/Planet-Aire_indication_salle_danse_IMG_8198-1920x1440.jpg\" data-vp-popup-img-srcset=\"https:\/\/vpdanses.fr\/wp-content\/uploads\/2025\/06\/Planet-Aire_indication_salle_danse_IMG_8198-1920x1440.jpg 1920w, https:\/\/vpdanses.fr\/wp-content\/uploads\/2025\/06\/Planet-Aire_indication_salle_danse_IMG_8198-300x225.jpg 300w, https:\/\/vpdanses.fr\/wp-content\/uploads\/2025\/06\/Planet-Aire_indication_salle_danse_IMG_8198-1024x768.jpg 1024w, https:\/\/vpdanses.fr\/wp-content\/uploads\/2025\/06\/Planet-Aire_indication_salle_danse_IMG_8198-768x576.jpg 768w, https:\/\/vpdanses.fr\/wp-content\/uploads\/2025\/06\/Planet-Aire_indication_salle_danse_IMG_8198-1536x1152.jpg 1536w, https:\/\/vpdanses.fr\/wp-content\/uploads\/2025\/06\/Planet-Aire_indication_salle_danse_IMG_8198-2048x1536.jpg 2048w, https:\/\/vpdanses.fr\/wp-content\/uploads\/2025\/06\/Planet-Aire_indication_salle_danse_IMG_8198-500x375.jpg 500w, https:\/\/vpdanses.fr\/wp-content\/uploads\/2025\/06\/Planet-Aire_indication_salle_danse_IMG_8198-800x600.jpg 800w, https:\/\/vpdanses.fr\/wp-content\/uploads\/2025\/06\/Planet-Aire_indication_salle_danse_IMG_8198-1280x960.jpg 1280w\" data-vp-popup-img-size=\"1920x1440\" data-vp-popup-md-img=\"https:\/\/vpdanses.fr\/wp-content\/uploads\/2025\/06\/Planet-Aire_indication_salle_danse_IMG_8198-800x600.jpg\" data-vp-popup-md-img-size=\"800x600\" data-vp-popup-sm-img=\"https:\/\/vpdanses.fr\/wp-content\/uploads\/2025\/06\/Planet-Aire_indication_salle_danse_IMG_8198-500x375.jpg\" data-vp-popup-sm-img-size=\"500x375\">\n\t\t\t<h3 class=\"vp-portfolio__item-popup-title\">Parc de Loisirs Planet&rsquo;Aire \u00e0 Aire-sur-la-Lys<\/h3>\n\t\t\t\t<div class=\"vp-portfolio__item-popup-description\">Apr\u00e8s \u00eatre entr\u00e9(es) \u00e0 Planet&rsquo;Aire, prenez aussit\u00f4t les escaliers \u00e0 votre gauche <\/div>\n\t\t<\/template>\n\t\t\t\t\t\t<figure class=\"vp-portfolio__item\">\n\t\t\t\t\n<div class=\"vp-portfolio__item-img-wrap\">\n\t<div class=\"vp-portfolio__item-img\">\n\t\t\t<a\n\t\thref=\"https:\/\/vpdanses.fr\/wp-content\/uploads\/2025\/06\/Planet-Aire_indication_salle_danse_IMG_8198-1920x1440.jpg\"\n\t\t\t>\n\t\n\t\t<noscript><img loading=\"lazy\" decoding=\"async\" width=\"1280\" height=\"960\" data-skip-lazy src=\"https:\/\/vpdanses.fr\/wp-content\/uploads\/2025\/06\/Planet-Aire_indication_salle_danse_IMG_8198-1280x960.jpg\" class=\"wp-image-13625\" alt=\"Parc de Loisirs Planet&#039;Aire \u00e0 Aire-sur-la-Lys\" srcset=\"https:\/\/vpdanses.fr\/wp-content\/uploads\/2025\/06\/Planet-Aire_indication_salle_danse_IMG_8198-1280x960.jpg 1280w, https:\/\/vpdanses.fr\/wp-content\/uploads\/2025\/06\/Planet-Aire_indication_salle_danse_IMG_8198-300x225.jpg 300w, https:\/\/vpdanses.fr\/wp-content\/uploads\/2025\/06\/Planet-Aire_indication_salle_danse_IMG_8198-1024x768.jpg 1024w, https:\/\/vpdanses.fr\/wp-content\/uploads\/2025\/06\/Planet-Aire_indication_salle_danse_IMG_8198-768x576.jpg 768w, https:\/\/vpdanses.fr\/wp-content\/uploads\/2025\/06\/Planet-Aire_indication_salle_danse_IMG_8198-1536x1152.jpg 1536w, https:\/\/vpdanses.fr\/wp-content\/uploads\/2025\/06\/Planet-Aire_indication_salle_danse_IMG_8198-2048x1536.jpg 2048w, https:\/\/vpdanses.fr\/wp-content\/uploads\/2025\/06\/Planet-Aire_indication_salle_danse_IMG_8198-500x375.jpg 500w, https:\/\/vpdanses.fr\/wp-content\/uploads\/2025\/06\/Planet-Aire_indication_salle_danse_IMG_8198-800x600.jpg 800w, https:\/\/vpdanses.fr\/wp-content\/uploads\/2025\/06\/Planet-Aire_indication_salle_danse_IMG_8198-1920x1440.jpg 1920w\" sizes=\"auto, (max-width: 1280px) 100vw, 1280px\" \/><\/noscript><img decoding=\"async\" width=\"1280\" height=\"960\" src=\"https:\/\/vpdanses.fr\/wp-content\/uploads\/2025\/06\/Planet-Aire_indication_salle_danse_IMG_8198-1280x960.jpg\" class=\"wp-image-13625 vp-lazyload\" alt=\"Parc de Loisirs Planet&#039;Aire \u00e0 Aire-sur-la-Lys\" srcset=\"data:image\/svg+xml;base64,PHN2ZyB3aWR0aD0iMTI4MCIgaGVpZ2h0PSI5NjAiIHZpZXdCb3g9IjAgMCAxMjgwIDk2MCIgZmlsbD0ibm9uZSIgeG1sbnM9Imh0dHA6Ly93d3cudzMub3JnLzIwMDAvc3ZnIj48L3N2Zz4=\" data-src=\"https:\/\/vpdanses.fr\/wp-content\/uploads\/2025\/06\/Planet-Aire_indication_salle_danse_IMG_8198-1280x960.jpg\" data-srcset=\"https:\/\/vpdanses.fr\/wp-content\/uploads\/2025\/06\/Planet-Aire_indication_salle_danse_IMG_8198-1280x960.jpg 1280w, https:\/\/vpdanses.fr\/wp-content\/uploads\/2025\/06\/Planet-Aire_indication_salle_danse_IMG_8198-300x225.jpg 300w, https:\/\/vpdanses.fr\/wp-content\/uploads\/2025\/06\/Planet-Aire_indication_salle_danse_IMG_8198-1024x768.jpg 1024w, https:\/\/vpdanses.fr\/wp-content\/uploads\/2025\/06\/Planet-Aire_indication_salle_danse_IMG_8198-768x576.jpg 768w, https:\/\/vpdanses.fr\/wp-content\/uploads\/2025\/06\/Planet-Aire_indication_salle_danse_IMG_8198-1536x1152.jpg 1536w, https:\/\/vpdanses.fr\/wp-content\/uploads\/2025\/06\/Planet-Aire_indication_salle_danse_IMG_8198-2048x1536.jpg 2048w, https:\/\/vpdanses.fr\/wp-content\/uploads\/2025\/06\/Planet-Aire_indication_salle_danse_IMG_8198-500x375.jpg 500w, https:\/\/vpdanses.fr\/wp-content\/uploads\/2025\/06\/Planet-Aire_indication_salle_danse_IMG_8198-800x600.jpg 800w, https:\/\/vpdanses.fr\/wp-content\/uploads\/2025\/06\/Planet-Aire_indication_salle_danse_IMG_8198-1920x1440.jpg 1920w\" data-sizes=\"auto\" loading=\"eager\">\n\t\t<div class=\"vp-portfolio__item-overlay\"><\/div>\n\n\t\t<\/a>\t<\/div>\n<\/div>\n\n\t<figcaption class=\"vp-portfolio__item-caption vp-portfolio__item-caption-text-align-center\">\n\t\t<div class=\"vp-portfolio__item-meta-wrap vp-portfolio__custom-scrollbar\">\n\t\t\t<div class=\"vp-portfolio__item-meta\">\n\t\t\t\t\n<h2 class=\"vp-portfolio__item-meta-title\">\n\t\t<a\n\t\thref=\"https:\/\/vpdanses.fr\/wp-content\/uploads\/2025\/06\/Planet-Aire_indication_salle_danse_IMG_8198-1920x1440.jpg\"\n\t\t\t>\n\tApr\u00e8s \u00eatre entr\u00e9(es) \u00e0 Planet&rsquo;Aire, prenez aussit\u00f4t les escaliers \u00e0 votre gauche <\/a><\/h2>\n\t\t\t<\/div>\n\t\t<\/div>\n\t<\/figcaption>\n\t\t\t<\/figure>\n\t\t\t\t\t<\/div>\n\t\t\n\t\t<div\t\tclass=\"vp-portfolio__item-wrap vp-portfolio__item-uid-cc31e90b\" data-vp-filter=\"\" \t\t>\n\t\t\t<template class=\"vp-portfolio__item-popup\" data-vp-popup-img=\"https:\/\/vpdanses.fr\/wp-content\/uploads\/2025\/06\/Planet-Aire_indication_salle_danse_IMG_8206-1920x1440.jpg\" data-vp-popup-img-srcset=\"https:\/\/vpdanses.fr\/wp-content\/uploads\/2025\/06\/Planet-Aire_indication_salle_danse_IMG_8206-1920x1440.jpg 1920w, https:\/\/vpdanses.fr\/wp-content\/uploads\/2025\/06\/Planet-Aire_indication_salle_danse_IMG_8206-300x225.jpg 300w, https:\/\/vpdanses.fr\/wp-content\/uploads\/2025\/06\/Planet-Aire_indication_salle_danse_IMG_8206-1024x768.jpg 1024w, https:\/\/vpdanses.fr\/wp-content\/uploads\/2025\/06\/Planet-Aire_indication_salle_danse_IMG_8206-768x576.jpg 768w, https:\/\/vpdanses.fr\/wp-content\/uploads\/2025\/06\/Planet-Aire_indication_salle_danse_IMG_8206-1536x1152.jpg 1536w, https:\/\/vpdanses.fr\/wp-content\/uploads\/2025\/06\/Planet-Aire_indication_salle_danse_IMG_8206-2048x1536.jpg 2048w, https:\/\/vpdanses.fr\/wp-content\/uploads\/2025\/06\/Planet-Aire_indication_salle_danse_IMG_8206-500x375.jpg 500w, https:\/\/vpdanses.fr\/wp-content\/uploads\/2025\/06\/Planet-Aire_indication_salle_danse_IMG_8206-800x600.jpg 800w, https:\/\/vpdanses.fr\/wp-content\/uploads\/2025\/06\/Planet-Aire_indication_salle_danse_IMG_8206-1280x960.jpg 1280w\" data-vp-popup-img-size=\"1920x1440\" data-vp-popup-md-img=\"https:\/\/vpdanses.fr\/wp-content\/uploads\/2025\/06\/Planet-Aire_indication_salle_danse_IMG_8206-800x600.jpg\" data-vp-popup-md-img-size=\"800x600\" data-vp-popup-sm-img=\"https:\/\/vpdanses.fr\/wp-content\/uploads\/2025\/06\/Planet-Aire_indication_salle_danse_IMG_8206-500x375.jpg\" data-vp-popup-sm-img-size=\"500x375\">\n\t\t\t<h3 class=\"vp-portfolio__item-popup-title\">Parc de Loisirs Planet&rsquo;Aire \u00e0 Aire-sur-la-Lys<\/h3>\n\t\t\t\t<div class=\"vp-portfolio__item-popup-description\">Arriv\u00e9(es) en haut des escaliers, prenez \u00e0 gauche !<\/div>\n\t\t<\/template>\n\t\t\t\t\t\t<figure class=\"vp-portfolio__item\">\n\t\t\t\t\n<div class=\"vp-portfolio__item-img-wrap\">\n\t<div class=\"vp-portfolio__item-img\">\n\t\t\t<a\n\t\thref=\"https:\/\/vpdanses.fr\/wp-content\/uploads\/2025\/06\/Planet-Aire_indication_salle_danse_IMG_8206-1920x1440.jpg\"\n\t\t\t>\n\t\n\t\t<noscript><img loading=\"lazy\" decoding=\"async\" width=\"1280\" height=\"960\" data-skip-lazy src=\"https:\/\/vpdanses.fr\/wp-content\/uploads\/2025\/06\/Planet-Aire_indication_salle_danse_IMG_8206-1280x960.jpg\" class=\"wp-image-13618\" alt=\"Parc de Loisirs Planet&#039;Aire \u00e0 Aire-sur-la-Lys\" srcset=\"https:\/\/vpdanses.fr\/wp-content\/uploads\/2025\/06\/Planet-Aire_indication_salle_danse_IMG_8206-1280x960.jpg 1280w, https:\/\/vpdanses.fr\/wp-content\/uploads\/2025\/06\/Planet-Aire_indication_salle_danse_IMG_8206-300x225.jpg 300w, https:\/\/vpdanses.fr\/wp-content\/uploads\/2025\/06\/Planet-Aire_indication_salle_danse_IMG_8206-1024x768.jpg 1024w, https:\/\/vpdanses.fr\/wp-content\/uploads\/2025\/06\/Planet-Aire_indication_salle_danse_IMG_8206-768x576.jpg 768w, https:\/\/vpdanses.fr\/wp-content\/uploads\/2025\/06\/Planet-Aire_indication_salle_danse_IMG_8206-1536x1152.jpg 1536w, https:\/\/vpdanses.fr\/wp-content\/uploads\/2025\/06\/Planet-Aire_indication_salle_danse_IMG_8206-2048x1536.jpg 2048w, https:\/\/vpdanses.fr\/wp-content\/uploads\/2025\/06\/Planet-Aire_indication_salle_danse_IMG_8206-500x375.jpg 500w, https:\/\/vpdanses.fr\/wp-content\/uploads\/2025\/06\/Planet-Aire_indication_salle_danse_IMG_8206-800x600.jpg 800w, https:\/\/vpdanses.fr\/wp-content\/uploads\/2025\/06\/Planet-Aire_indication_salle_danse_IMG_8206-1920x1440.jpg 1920w\" sizes=\"auto, (max-width: 1280px) 100vw, 1280px\" \/><\/noscript><img decoding=\"async\" width=\"1280\" height=\"960\" src=\"https:\/\/vpdanses.fr\/wp-content\/uploads\/2025\/06\/Planet-Aire_indication_salle_danse_IMG_8206-1280x960.jpg\" class=\"wp-image-13618 vp-lazyload\" alt=\"Parc de Loisirs Planet&#039;Aire \u00e0 Aire-sur-la-Lys\" srcset=\"data:image\/svg+xml;base64,PHN2ZyB3aWR0aD0iMTI4MCIgaGVpZ2h0PSI5NjAiIHZpZXdCb3g9IjAgMCAxMjgwIDk2MCIgZmlsbD0ibm9uZSIgeG1sbnM9Imh0dHA6Ly93d3cudzMub3JnLzIwMDAvc3ZnIj48L3N2Zz4=\" data-src=\"https:\/\/vpdanses.fr\/wp-content\/uploads\/2025\/06\/Planet-Aire_indication_salle_danse_IMG_8206-1280x960.jpg\" data-srcset=\"https:\/\/vpdanses.fr\/wp-content\/uploads\/2025\/06\/Planet-Aire_indication_salle_danse_IMG_8206-1280x960.jpg 1280w, https:\/\/vpdanses.fr\/wp-content\/uploads\/2025\/06\/Planet-Aire_indication_salle_danse_IMG_8206-300x225.jpg 300w, https:\/\/vpdanses.fr\/wp-content\/uploads\/2025\/06\/Planet-Aire_indication_salle_danse_IMG_8206-1024x768.jpg 1024w, https:\/\/vpdanses.fr\/wp-content\/uploads\/2025\/06\/Planet-Aire_indication_salle_danse_IMG_8206-768x576.jpg 768w, https:\/\/vpdanses.fr\/wp-content\/uploads\/2025\/06\/Planet-Aire_indication_salle_danse_IMG_8206-1536x1152.jpg 1536w, https:\/\/vpdanses.fr\/wp-content\/uploads\/2025\/06\/Planet-Aire_indication_salle_danse_IMG_8206-2048x1536.jpg 2048w, https:\/\/vpdanses.fr\/wp-content\/uploads\/2025\/06\/Planet-Aire_indication_salle_danse_IMG_8206-500x375.jpg 500w, https:\/\/vpdanses.fr\/wp-content\/uploads\/2025\/06\/Planet-Aire_indication_salle_danse_IMG_8206-800x600.jpg 800w, https:\/\/vpdanses.fr\/wp-content\/uploads\/2025\/06\/Planet-Aire_indication_salle_danse_IMG_8206-1920x1440.jpg 1920w\" data-sizes=\"auto\" loading=\"eager\">\n\t\t<div class=\"vp-portfolio__item-overlay\"><\/div>\n\n\t\t<\/a>\t<\/div>\n<\/div>\n\n\t<figcaption class=\"vp-portfolio__item-caption vp-portfolio__item-caption-text-align-center\">\n\t\t<div class=\"vp-portfolio__item-meta-wrap vp-portfolio__custom-scrollbar\">\n\t\t\t<div class=\"vp-portfolio__item-meta\">\n\t\t\t\t\n<h2 class=\"vp-portfolio__item-meta-title\">\n\t\t<a\n\t\thref=\"https:\/\/vpdanses.fr\/wp-content\/uploads\/2025\/06\/Planet-Aire_indication_salle_danse_IMG_8206-1920x1440.jpg\"\n\t\t\t>\n\tArriv\u00e9(es) en haut des escaliers, prenez \u00e0 gauche !<\/a><\/h2>\n\t\t\t<\/div>\n\t\t<\/div>\n\t<\/figcaption>\n\t\t\t<\/figure>\n\t\t\t\t\t<\/div>\n\t\t\n\t\t<div\t\tclass=\"vp-portfolio__item-wrap vp-portfolio__item-uid-f69fe103\" data-vp-filter=\"\" \t\t>\n\t\t\t<template class=\"vp-portfolio__item-popup\" data-vp-popup-img=\"https:\/\/vpdanses.fr\/wp-content\/uploads\/2025\/06\/Planet-Aire_indication_salle_danse_IMG_8201-1920x1440.jpg\" data-vp-popup-img-srcset=\"https:\/\/vpdanses.fr\/wp-content\/uploads\/2025\/06\/Planet-Aire_indication_salle_danse_IMG_8201-1920x1440.jpg 1920w, https:\/\/vpdanses.fr\/wp-content\/uploads\/2025\/06\/Planet-Aire_indication_salle_danse_IMG_8201-300x225.jpg 300w, https:\/\/vpdanses.fr\/wp-content\/uploads\/2025\/06\/Planet-Aire_indication_salle_danse_IMG_8201-1024x768.jpg 1024w, https:\/\/vpdanses.fr\/wp-content\/uploads\/2025\/06\/Planet-Aire_indication_salle_danse_IMG_8201-768x576.jpg 768w, https:\/\/vpdanses.fr\/wp-content\/uploads\/2025\/06\/Planet-Aire_indication_salle_danse_IMG_8201-1536x1152.jpg 1536w, https:\/\/vpdanses.fr\/wp-content\/uploads\/2025\/06\/Planet-Aire_indication_salle_danse_IMG_8201-2048x1536.jpg 2048w, https:\/\/vpdanses.fr\/wp-content\/uploads\/2025\/06\/Planet-Aire_indication_salle_danse_IMG_8201-500x375.jpg 500w, https:\/\/vpdanses.fr\/wp-content\/uploads\/2025\/06\/Planet-Aire_indication_salle_danse_IMG_8201-800x600.jpg 800w, https:\/\/vpdanses.fr\/wp-content\/uploads\/2025\/06\/Planet-Aire_indication_salle_danse_IMG_8201-1280x960.jpg 1280w\" data-vp-popup-img-size=\"1920x1440\" data-vp-popup-md-img=\"https:\/\/vpdanses.fr\/wp-content\/uploads\/2025\/06\/Planet-Aire_indication_salle_danse_IMG_8201-800x600.jpg\" data-vp-popup-md-img-size=\"800x600\" data-vp-popup-sm-img=\"https:\/\/vpdanses.fr\/wp-content\/uploads\/2025\/06\/Planet-Aire_indication_salle_danse_IMG_8201-500x375.jpg\" data-vp-popup-sm-img-size=\"500x375\">\n\t\t\t<h3 class=\"vp-portfolio__item-popup-title\">Planet-Aire_indication_salle_danse_IMG_8201<\/h3>\n\t\t\t\t<div class=\"vp-portfolio__item-popup-description\">A l&rsquo;\u00e9tage, allez jusqu&rsquo;au bout de cet espace et prenez ensuite \u00e0 droite<\/div>\n\t\t<\/template>\n\t\t\t\t\t\t<figure class=\"vp-portfolio__item\">\n\t\t\t\t\n<div class=\"vp-portfolio__item-img-wrap\">\n\t<div class=\"vp-portfolio__item-img\">\n\t\t\t<a\n\t\thref=\"https:\/\/vpdanses.fr\/wp-content\/uploads\/2025\/06\/Planet-Aire_indication_salle_danse_IMG_8201-1920x1440.jpg\"\n\t\t\t>\n\t\n\t\t<noscript><img loading=\"lazy\" decoding=\"async\" width=\"1280\" height=\"960\" data-skip-lazy src=\"https:\/\/vpdanses.fr\/wp-content\/uploads\/2025\/06\/Planet-Aire_indication_salle_danse_IMG_8201-1280x960.jpg\" class=\"wp-image-13622\" alt=\"Parc de Loisirs Planet&#039;Aire \u00e0 Aire-sur-la-Lys\" srcset=\"https:\/\/vpdanses.fr\/wp-content\/uploads\/2025\/06\/Planet-Aire_indication_salle_danse_IMG_8201-1280x960.jpg 1280w, https:\/\/vpdanses.fr\/wp-content\/uploads\/2025\/06\/Planet-Aire_indication_salle_danse_IMG_8201-300x225.jpg 300w, https:\/\/vpdanses.fr\/wp-content\/uploads\/2025\/06\/Planet-Aire_indication_salle_danse_IMG_8201-1024x768.jpg 1024w, https:\/\/vpdanses.fr\/wp-content\/uploads\/2025\/06\/Planet-Aire_indication_salle_danse_IMG_8201-768x576.jpg 768w, https:\/\/vpdanses.fr\/wp-content\/uploads\/2025\/06\/Planet-Aire_indication_salle_danse_IMG_8201-1536x1152.jpg 1536w, https:\/\/vpdanses.fr\/wp-content\/uploads\/2025\/06\/Planet-Aire_indication_salle_danse_IMG_8201-2048x1536.jpg 2048w, https:\/\/vpdanses.fr\/wp-content\/uploads\/2025\/06\/Planet-Aire_indication_salle_danse_IMG_8201-500x375.jpg 500w, https:\/\/vpdanses.fr\/wp-content\/uploads\/2025\/06\/Planet-Aire_indication_salle_danse_IMG_8201-800x600.jpg 800w, https:\/\/vpdanses.fr\/wp-content\/uploads\/2025\/06\/Planet-Aire_indication_salle_danse_IMG_8201-1920x1440.jpg 1920w\" sizes=\"auto, (max-width: 1280px) 100vw, 1280px\" \/><\/noscript><img decoding=\"async\" width=\"1280\" height=\"960\" src=\"https:\/\/vpdanses.fr\/wp-content\/uploads\/2025\/06\/Planet-Aire_indication_salle_danse_IMG_8201-1280x960.jpg\" class=\"wp-image-13622 vp-lazyload\" alt=\"Parc de Loisirs Planet&#039;Aire \u00e0 Aire-sur-la-Lys\" srcset=\"data:image\/svg+xml;base64,PHN2ZyB3aWR0aD0iMTI4MCIgaGVpZ2h0PSI5NjAiIHZpZXdCb3g9IjAgMCAxMjgwIDk2MCIgZmlsbD0ibm9uZSIgeG1sbnM9Imh0dHA6Ly93d3cudzMub3JnLzIwMDAvc3ZnIj48L3N2Zz4=\" data-src=\"https:\/\/vpdanses.fr\/wp-content\/uploads\/2025\/06\/Planet-Aire_indication_salle_danse_IMG_8201-1280x960.jpg\" data-srcset=\"https:\/\/vpdanses.fr\/wp-content\/uploads\/2025\/06\/Planet-Aire_indication_salle_danse_IMG_8201-1280x960.jpg 1280w, https:\/\/vpdanses.fr\/wp-content\/uploads\/2025\/06\/Planet-Aire_indication_salle_danse_IMG_8201-300x225.jpg 300w, https:\/\/vpdanses.fr\/wp-content\/uploads\/2025\/06\/Planet-Aire_indication_salle_danse_IMG_8201-1024x768.jpg 1024w, https:\/\/vpdanses.fr\/wp-content\/uploads\/2025\/06\/Planet-Aire_indication_salle_danse_IMG_8201-768x576.jpg 768w, https:\/\/vpdanses.fr\/wp-content\/uploads\/2025\/06\/Planet-Aire_indication_salle_danse_IMG_8201-1536x1152.jpg 1536w, https:\/\/vpdanses.fr\/wp-content\/uploads\/2025\/06\/Planet-Aire_indication_salle_danse_IMG_8201-2048x1536.jpg 2048w, https:\/\/vpdanses.fr\/wp-content\/uploads\/2025\/06\/Planet-Aire_indication_salle_danse_IMG_8201-500x375.jpg 500w, https:\/\/vpdanses.fr\/wp-content\/uploads\/2025\/06\/Planet-Aire_indication_salle_danse_IMG_8201-800x600.jpg 800w, https:\/\/vpdanses.fr\/wp-content\/uploads\/2025\/06\/Planet-Aire_indication_salle_danse_IMG_8201-1920x1440.jpg 1920w\" data-sizes=\"auto\" loading=\"eager\">\n\t\t<div class=\"vp-portfolio__item-overlay\"><\/div>\n\n\t\t<\/a>\t<\/div>\n<\/div>\n\n\t<figcaption class=\"vp-portfolio__item-caption vp-portfolio__item-caption-text-align-center\">\n\t\t<div class=\"vp-portfolio__item-meta-wrap vp-portfolio__custom-scrollbar\">\n\t\t\t<div class=\"vp-portfolio__item-meta\">\n\t\t\t\t\n<h2 class=\"vp-portfolio__item-meta-title\">\n\t\t<a\n\t\thref=\"https:\/\/vpdanses.fr\/wp-content\/uploads\/2025\/06\/Planet-Aire_indication_salle_danse_IMG_8201-1920x1440.jpg\"\n\t\t\t>\n\tA l&rsquo;\u00e9tage, allez jusqu&rsquo;au bout de cet espace et prenez ensuite \u00e0 droite<\/a><\/h2>\n\t\t\t<\/div>\n\t\t<\/div>\n\t<\/figcaption>\n\t\t\t<\/figure>\n\t\t\t\t\t<\/div>\n\t\t\n\t\t<div\t\tclass=\"vp-portfolio__item-wrap vp-portfolio__item-uid-813cb8ed\" data-vp-filter=\"\" \t\t>\n\t\t\t<template class=\"vp-portfolio__item-popup\" data-vp-popup-img=\"https:\/\/vpdanses.fr\/wp-content\/uploads\/2025\/06\/Planet-Aire_indication_salle_danse_IMG_8204-1920x1440.jpg\" data-vp-popup-img-srcset=\"https:\/\/vpdanses.fr\/wp-content\/uploads\/2025\/06\/Planet-Aire_indication_salle_danse_IMG_8204-1920x1440.jpg 1920w, https:\/\/vpdanses.fr\/wp-content\/uploads\/2025\/06\/Planet-Aire_indication_salle_danse_IMG_8204-300x225.jpg 300w, https:\/\/vpdanses.fr\/wp-content\/uploads\/2025\/06\/Planet-Aire_indication_salle_danse_IMG_8204-1024x768.jpg 1024w, https:\/\/vpdanses.fr\/wp-content\/uploads\/2025\/06\/Planet-Aire_indication_salle_danse_IMG_8204-768x576.jpg 768w, https:\/\/vpdanses.fr\/wp-content\/uploads\/2025\/06\/Planet-Aire_indication_salle_danse_IMG_8204-1536x1152.jpg 1536w, https:\/\/vpdanses.fr\/wp-content\/uploads\/2025\/06\/Planet-Aire_indication_salle_danse_IMG_8204-2048x1536.jpg 2048w, https:\/\/vpdanses.fr\/wp-content\/uploads\/2025\/06\/Planet-Aire_indication_salle_danse_IMG_8204-500x375.jpg 500w, https:\/\/vpdanses.fr\/wp-content\/uploads\/2025\/06\/Planet-Aire_indication_salle_danse_IMG_8204-800x600.jpg 800w, https:\/\/vpdanses.fr\/wp-content\/uploads\/2025\/06\/Planet-Aire_indication_salle_danse_IMG_8204-1280x960.jpg 1280w\" data-vp-popup-img-size=\"1920x1440\" data-vp-popup-md-img=\"https:\/\/vpdanses.fr\/wp-content\/uploads\/2025\/06\/Planet-Aire_indication_salle_danse_IMG_8204-800x600.jpg\" data-vp-popup-md-img-size=\"800x600\" data-vp-popup-sm-img=\"https:\/\/vpdanses.fr\/wp-content\/uploads\/2025\/06\/Planet-Aire_indication_salle_danse_IMG_8204-500x375.jpg\" data-vp-popup-sm-img-size=\"500x375\">\n\t\t\t<h3 class=\"vp-portfolio__item-popup-title\">Parc de Loisirs Planet&rsquo;Aire \u00e0 Aire-sur-la-Lys<\/h3>\n\t\t\t\t<div class=\"vp-portfolio__item-popup-description\">A l&rsquo;\u00e9tage, l&rsquo;entr\u00e9e de la salle de danse se situe \u00e0 la porte \u00ab\u00a0SEMINAIRES1-2\u00a0\u00bb<\/div>\n\t\t<\/template>\n\t\t\t\t\t\t<figure class=\"vp-portfolio__item\">\n\t\t\t\t\n<div class=\"vp-portfolio__item-img-wrap\">\n\t<div class=\"vp-portfolio__item-img\">\n\t\t\t<a\n\t\thref=\"https:\/\/vpdanses.fr\/wp-content\/uploads\/2025\/06\/Planet-Aire_indication_salle_danse_IMG_8204-1920x1440.jpg\"\n\t\t\t>\n\t\n\t\t<noscript><img loading=\"lazy\" decoding=\"async\" width=\"1280\" height=\"960\" data-skip-lazy src=\"https:\/\/vpdanses.fr\/wp-content\/uploads\/2025\/06\/Planet-Aire_indication_salle_danse_IMG_8204-1280x960.jpg\" class=\"wp-image-13619\" alt=\"Parc de Loisirs Planet&#039;Aire \u00e0 Aire-sur-la-Lys\" srcset=\"https:\/\/vpdanses.fr\/wp-content\/uploads\/2025\/06\/Planet-Aire_indication_salle_danse_IMG_8204-1280x960.jpg 1280w, https:\/\/vpdanses.fr\/wp-content\/uploads\/2025\/06\/Planet-Aire_indication_salle_danse_IMG_8204-300x225.jpg 300w, https:\/\/vpdanses.fr\/wp-content\/uploads\/2025\/06\/Planet-Aire_indication_salle_danse_IMG_8204-1024x768.jpg 1024w, https:\/\/vpdanses.fr\/wp-content\/uploads\/2025\/06\/Planet-Aire_indication_salle_danse_IMG_8204-768x576.jpg 768w, https:\/\/vpdanses.fr\/wp-content\/uploads\/2025\/06\/Planet-Aire_indication_salle_danse_IMG_8204-1536x1152.jpg 1536w, https:\/\/vpdanses.fr\/wp-content\/uploads\/2025\/06\/Planet-Aire_indication_salle_danse_IMG_8204-2048x1536.jpg 2048w, https:\/\/vpdanses.fr\/wp-content\/uploads\/2025\/06\/Planet-Aire_indication_salle_danse_IMG_8204-500x375.jpg 500w, https:\/\/vpdanses.fr\/wp-content\/uploads\/2025\/06\/Planet-Aire_indication_salle_danse_IMG_8204-800x600.jpg 800w, https:\/\/vpdanses.fr\/wp-content\/uploads\/2025\/06\/Planet-Aire_indication_salle_danse_IMG_8204-1920x1440.jpg 1920w\" sizes=\"auto, (max-width: 1280px) 100vw, 1280px\" \/><\/noscript><img decoding=\"async\" width=\"1280\" height=\"960\" src=\"https:\/\/vpdanses.fr\/wp-content\/uploads\/2025\/06\/Planet-Aire_indication_salle_danse_IMG_8204-1280x960.jpg\" class=\"wp-image-13619 vp-lazyload\" alt=\"Parc de Loisirs Planet&#039;Aire \u00e0 Aire-sur-la-Lys\" srcset=\"data:image\/svg+xml;base64,PHN2ZyB3aWR0aD0iMTI4MCIgaGVpZ2h0PSI5NjAiIHZpZXdCb3g9IjAgMCAxMjgwIDk2MCIgZmlsbD0ibm9uZSIgeG1sbnM9Imh0dHA6Ly93d3cudzMub3JnLzIwMDAvc3ZnIj48L3N2Zz4=\" data-src=\"https:\/\/vpdanses.fr\/wp-content\/uploads\/2025\/06\/Planet-Aire_indication_salle_danse_IMG_8204-1280x960.jpg\" data-srcset=\"https:\/\/vpdanses.fr\/wp-content\/uploads\/2025\/06\/Planet-Aire_indication_salle_danse_IMG_8204-1280x960.jpg 1280w, https:\/\/vpdanses.fr\/wp-content\/uploads\/2025\/06\/Planet-Aire_indication_salle_danse_IMG_8204-300x225.jpg 300w, https:\/\/vpdanses.fr\/wp-content\/uploads\/2025\/06\/Planet-Aire_indication_salle_danse_IMG_8204-1024x768.jpg 1024w, https:\/\/vpdanses.fr\/wp-content\/uploads\/2025\/06\/Planet-Aire_indication_salle_danse_IMG_8204-768x576.jpg 768w, https:\/\/vpdanses.fr\/wp-content\/uploads\/2025\/06\/Planet-Aire_indication_salle_danse_IMG_8204-1536x1152.jpg 1536w, https:\/\/vpdanses.fr\/wp-content\/uploads\/2025\/06\/Planet-Aire_indication_salle_danse_IMG_8204-2048x1536.jpg 2048w, https:\/\/vpdanses.fr\/wp-content\/uploads\/2025\/06\/Planet-Aire_indication_salle_danse_IMG_8204-500x375.jpg 500w, https:\/\/vpdanses.fr\/wp-content\/uploads\/2025\/06\/Planet-Aire_indication_salle_danse_IMG_8204-800x600.jpg 800w, https:\/\/vpdanses.fr\/wp-content\/uploads\/2025\/06\/Planet-Aire_indication_salle_danse_IMG_8204-1920x1440.jpg 1920w\" data-sizes=\"auto\" loading=\"eager\">\n\t\t<div class=\"vp-portfolio__item-overlay\"><\/div>\n\n\t\t<\/a>\t<\/div>\n<\/div>\n\n\t<figcaption class=\"vp-portfolio__item-caption vp-portfolio__item-caption-text-align-center\">\n\t\t<div class=\"vp-portfolio__item-meta-wrap vp-portfolio__custom-scrollbar\">\n\t\t\t<div class=\"vp-portfolio__item-meta\">\n\t\t\t\t\n<h2 class=\"vp-portfolio__item-meta-title\">\n\t\t<a\n\t\thref=\"https:\/\/vpdanses.fr\/wp-content\/uploads\/2025\/06\/Planet-Aire_indication_salle_danse_IMG_8204-1920x1440.jpg\"\n\t\t\t>\n\tA l&rsquo;\u00e9tage, l&rsquo;entr\u00e9e de la salle de danse se situe \u00e0 la porte \u00ab\u00a0SEMINAIRES1-2\u00a0\u00bb<\/a><\/h2>\n\t\t\t<\/div>\n\t\t<\/div>\n\t<\/figcaption>\n\t\t\t<\/figure>\n\t\t\t\t\t<\/div>\n\t\t\n\t\t<div\t\tclass=\"vp-portfolio__item-wrap vp-portfolio__item-uid-79f78c82\" data-vp-filter=\"\" \t\t>\n\t\t\t<template class=\"vp-portfolio__item-popup\" data-vp-popup-img=\"https:\/\/vpdanses.fr\/wp-content\/uploads\/2025\/06\/Planet-Aire_indication_salle_danse_IMG_8203-1920x1440.jpg\" data-vp-popup-img-srcset=\"https:\/\/vpdanses.fr\/wp-content\/uploads\/2025\/06\/Planet-Aire_indication_salle_danse_IMG_8203-1920x1440.jpg 1920w, https:\/\/vpdanses.fr\/wp-content\/uploads\/2025\/06\/Planet-Aire_indication_salle_danse_IMG_8203-300x225.jpg 300w, https:\/\/vpdanses.fr\/wp-content\/uploads\/2025\/06\/Planet-Aire_indication_salle_danse_IMG_8203-1024x768.jpg 1024w, https:\/\/vpdanses.fr\/wp-content\/uploads\/2025\/06\/Planet-Aire_indication_salle_danse_IMG_8203-768x576.jpg 768w, https:\/\/vpdanses.fr\/wp-content\/uploads\/2025\/06\/Planet-Aire_indication_salle_danse_IMG_8203-1536x1152.jpg 1536w, https:\/\/vpdanses.fr\/wp-content\/uploads\/2025\/06\/Planet-Aire_indication_salle_danse_IMG_8203-2048x1536.jpg 2048w, https:\/\/vpdanses.fr\/wp-content\/uploads\/2025\/06\/Planet-Aire_indication_salle_danse_IMG_8203-500x375.jpg 500w, https:\/\/vpdanses.fr\/wp-content\/uploads\/2025\/06\/Planet-Aire_indication_salle_danse_IMG_8203-800x600.jpg 800w, https:\/\/vpdanses.fr\/wp-content\/uploads\/2025\/06\/Planet-Aire_indication_salle_danse_IMG_8203-1280x960.jpg 1280w\" data-vp-popup-img-size=\"1920x1440\" data-vp-popup-md-img=\"https:\/\/vpdanses.fr\/wp-content\/uploads\/2025\/06\/Planet-Aire_indication_salle_danse_IMG_8203-800x600.jpg\" data-vp-popup-md-img-size=\"800x600\" data-vp-popup-sm-img=\"https:\/\/vpdanses.fr\/wp-content\/uploads\/2025\/06\/Planet-Aire_indication_salle_danse_IMG_8203-500x375.jpg\" data-vp-popup-sm-img-size=\"500x375\">\n\t\t\t<h3 class=\"vp-portfolio__item-popup-title\">Parc de Loisirs Planet&rsquo;Aire \u00e0 Aire-sur-la-Lys<\/h3>\n\t\t\t\t<div class=\"vp-portfolio__item-popup-description\">A l&rsquo;\u00e9tage, l&rsquo;entr\u00e9e de la salle de danse se situe \u00e0 la porte \u00ab\u00a0SEMINAIRES1-2\u00a0\u00bb<\/div>\n\t\t<\/template>\n\t\t\t\t\t\t<figure class=\"vp-portfolio__item\">\n\t\t\t\t\n<div class=\"vp-portfolio__item-img-wrap\">\n\t<div class=\"vp-portfolio__item-img\">\n\t\t\t<a\n\t\thref=\"https:\/\/vpdanses.fr\/wp-content\/uploads\/2025\/06\/Planet-Aire_indication_salle_danse_IMG_8203-1920x1440.jpg\"\n\t\t\t>\n\t\n\t\t<noscript><img loading=\"lazy\" decoding=\"async\" width=\"1280\" height=\"960\" data-skip-lazy src=\"https:\/\/vpdanses.fr\/wp-content\/uploads\/2025\/06\/Planet-Aire_indication_salle_danse_IMG_8203-1280x960.jpg\" class=\"wp-image-13620\" alt=\"Parc de Loisirs Planet&#039;Aire \u00e0 Aire-sur-la-Lys\" srcset=\"https:\/\/vpdanses.fr\/wp-content\/uploads\/2025\/06\/Planet-Aire_indication_salle_danse_IMG_8203-1280x960.jpg 1280w, https:\/\/vpdanses.fr\/wp-content\/uploads\/2025\/06\/Planet-Aire_indication_salle_danse_IMG_8203-300x225.jpg 300w, https:\/\/vpdanses.fr\/wp-content\/uploads\/2025\/06\/Planet-Aire_indication_salle_danse_IMG_8203-1024x768.jpg 1024w, https:\/\/vpdanses.fr\/wp-content\/uploads\/2025\/06\/Planet-Aire_indication_salle_danse_IMG_8203-768x576.jpg 768w, https:\/\/vpdanses.fr\/wp-content\/uploads\/2025\/06\/Planet-Aire_indication_salle_danse_IMG_8203-1536x1152.jpg 1536w, https:\/\/vpdanses.fr\/wp-content\/uploads\/2025\/06\/Planet-Aire_indication_salle_danse_IMG_8203-2048x1536.jpg 2048w, https:\/\/vpdanses.fr\/wp-content\/uploads\/2025\/06\/Planet-Aire_indication_salle_danse_IMG_8203-500x375.jpg 500w, https:\/\/vpdanses.fr\/wp-content\/uploads\/2025\/06\/Planet-Aire_indication_salle_danse_IMG_8203-800x600.jpg 800w, https:\/\/vpdanses.fr\/wp-content\/uploads\/2025\/06\/Planet-Aire_indication_salle_danse_IMG_8203-1920x1440.jpg 1920w\" sizes=\"auto, (max-width: 1280px) 100vw, 1280px\" \/><\/noscript><img decoding=\"async\" width=\"1280\" height=\"960\" src=\"https:\/\/vpdanses.fr\/wp-content\/uploads\/2025\/06\/Planet-Aire_indication_salle_danse_IMG_8203-1280x960.jpg\" class=\"wp-image-13620 vp-lazyload\" alt=\"Parc de Loisirs Planet&#039;Aire \u00e0 Aire-sur-la-Lys\" srcset=\"data:image\/svg+xml;base64,PHN2ZyB3aWR0aD0iMTI4MCIgaGVpZ2h0PSI5NjAiIHZpZXdCb3g9IjAgMCAxMjgwIDk2MCIgZmlsbD0ibm9uZSIgeG1sbnM9Imh0dHA6Ly93d3cudzMub3JnLzIwMDAvc3ZnIj48L3N2Zz4=\" data-src=\"https:\/\/vpdanses.fr\/wp-content\/uploads\/2025\/06\/Planet-Aire_indication_salle_danse_IMG_8203-1280x960.jpg\" data-srcset=\"https:\/\/vpdanses.fr\/wp-content\/uploads\/2025\/06\/Planet-Aire_indication_salle_danse_IMG_8203-1280x960.jpg 1280w, https:\/\/vpdanses.fr\/wp-content\/uploads\/2025\/06\/Planet-Aire_indication_salle_danse_IMG_8203-300x225.jpg 300w, https:\/\/vpdanses.fr\/wp-content\/uploads\/2025\/06\/Planet-Aire_indication_salle_danse_IMG_8203-1024x768.jpg 1024w, https:\/\/vpdanses.fr\/wp-content\/uploads\/2025\/06\/Planet-Aire_indication_salle_danse_IMG_8203-768x576.jpg 768w, https:\/\/vpdanses.fr\/wp-content\/uploads\/2025\/06\/Planet-Aire_indication_salle_danse_IMG_8203-1536x1152.jpg 1536w, https:\/\/vpdanses.fr\/wp-content\/uploads\/2025\/06\/Planet-Aire_indication_salle_danse_IMG_8203-2048x1536.jpg 2048w, https:\/\/vpdanses.fr\/wp-content\/uploads\/2025\/06\/Planet-Aire_indication_salle_danse_IMG_8203-500x375.jpg 500w, https:\/\/vpdanses.fr\/wp-content\/uploads\/2025\/06\/Planet-Aire_indication_salle_danse_IMG_8203-800x600.jpg 800w, https:\/\/vpdanses.fr\/wp-content\/uploads\/2025\/06\/Planet-Aire_indication_salle_danse_IMG_8203-1920x1440.jpg 1920w\" data-sizes=\"auto\" loading=\"eager\">\n\t\t<div class=\"vp-portfolio__item-overlay\"><\/div>\n\n\t\t<\/a>\t<\/div>\n<\/div>\n\n\t<figcaption class=\"vp-portfolio__item-caption vp-portfolio__item-caption-text-align-center\">\n\t\t<div class=\"vp-portfolio__item-meta-wrap vp-portfolio__custom-scrollbar\">\n\t\t\t<div class=\"vp-portfolio__item-meta\">\n\t\t\t\t\n<h2 class=\"vp-portfolio__item-meta-title\">\n\t\t<a\n\t\thref=\"https:\/\/vpdanses.fr\/wp-content\/uploads\/2025\/06\/Planet-Aire_indication_salle_danse_IMG_8203-1920x1440.jpg\"\n\t\t\t>\n\tA l&rsquo;\u00e9tage, l&rsquo;entr\u00e9e de la salle de danse se situe \u00e0 la porte \u00ab\u00a0SEMINAIRES1-2\u00a0\u00bb<\/a><\/h2>\n\t\t\t<\/div>\n\t\t<\/div>\n\t<\/figcaption>\n\t\t\t<\/figure>\n\t\t\t\t\t<\/div>\n\t\t\n\t\t<div\t\tclass=\"vp-portfolio__item-wrap vp-portfolio__item-uid-c5ac6fb1\" data-vp-filter=\"\" \t\t>\n\t\t\t<template class=\"vp-portfolio__item-popup\" data-vp-popup-img=\"https:\/\/vpdanses.fr\/wp-content\/uploads\/2025\/06\/Planet-Aire_indication_salle_danse_IMG_8202-1920x1440.jpg\" data-vp-popup-img-srcset=\"https:\/\/vpdanses.fr\/wp-content\/uploads\/2025\/06\/Planet-Aire_indication_salle_danse_IMG_8202-1920x1440.jpg 1920w, https:\/\/vpdanses.fr\/wp-content\/uploads\/2025\/06\/Planet-Aire_indication_salle_danse_IMG_8202-300x225.jpg 300w, https:\/\/vpdanses.fr\/wp-content\/uploads\/2025\/06\/Planet-Aire_indication_salle_danse_IMG_8202-1024x768.jpg 1024w, https:\/\/vpdanses.fr\/wp-content\/uploads\/2025\/06\/Planet-Aire_indication_salle_danse_IMG_8202-768x576.jpg 768w, https:\/\/vpdanses.fr\/wp-content\/uploads\/2025\/06\/Planet-Aire_indication_salle_danse_IMG_8202-1536x1152.jpg 1536w, https:\/\/vpdanses.fr\/wp-content\/uploads\/2025\/06\/Planet-Aire_indication_salle_danse_IMG_8202-2048x1536.jpg 2048w, https:\/\/vpdanses.fr\/wp-content\/uploads\/2025\/06\/Planet-Aire_indication_salle_danse_IMG_8202-500x375.jpg 500w, https:\/\/vpdanses.fr\/wp-content\/uploads\/2025\/06\/Planet-Aire_indication_salle_danse_IMG_8202-800x600.jpg 800w, https:\/\/vpdanses.fr\/wp-content\/uploads\/2025\/06\/Planet-Aire_indication_salle_danse_IMG_8202-1280x960.jpg 1280w\" data-vp-popup-img-size=\"1920x1440\" data-vp-popup-md-img=\"https:\/\/vpdanses.fr\/wp-content\/uploads\/2025\/06\/Planet-Aire_indication_salle_danse_IMG_8202-800x600.jpg\" data-vp-popup-md-img-size=\"800x600\" data-vp-popup-sm-img=\"https:\/\/vpdanses.fr\/wp-content\/uploads\/2025\/06\/Planet-Aire_indication_salle_danse_IMG_8202-500x375.jpg\" data-vp-popup-sm-img-size=\"500x375\">\n\t\t\t<h3 class=\"vp-portfolio__item-popup-title\">Parc de Loisirs Planet&rsquo;Aire \u00e0 Aire-sur-la-Lys<\/h3>\n\t\t\t\t<div class=\"vp-portfolio__item-popup-description\">A l&rsquo;\u00e9tage, allez au bout de cet espace et tournez ensuite \u00e0 droite !<\/div>\n\t\t<\/template>\n\t\t\t\t\t\t<figure class=\"vp-portfolio__item\">\n\t\t\t\t\n<div class=\"vp-portfolio__item-img-wrap\">\n\t<div class=\"vp-portfolio__item-img\">\n\t\t\t<a\n\t\thref=\"https:\/\/vpdanses.fr\/wp-content\/uploads\/2025\/06\/Planet-Aire_indication_salle_danse_IMG_8202-1920x1440.jpg\"\n\t\t\t>\n\t\n\t\t<noscript><img loading=\"lazy\" decoding=\"async\" width=\"1280\" height=\"960\" data-skip-lazy src=\"https:\/\/vpdanses.fr\/wp-content\/uploads\/2025\/06\/Planet-Aire_indication_salle_danse_IMG_8202-1280x960.jpg\" class=\"wp-image-13621\" alt=\"Parc de Loisirs Planet&#039;Aire \u00e0 Aire-sur-la-Lys\" srcset=\"https:\/\/vpdanses.fr\/wp-content\/uploads\/2025\/06\/Planet-Aire_indication_salle_danse_IMG_8202-1280x960.jpg 1280w, https:\/\/vpdanses.fr\/wp-content\/uploads\/2025\/06\/Planet-Aire_indication_salle_danse_IMG_8202-300x225.jpg 300w, https:\/\/vpdanses.fr\/wp-content\/uploads\/2025\/06\/Planet-Aire_indication_salle_danse_IMG_8202-1024x768.jpg 1024w, https:\/\/vpdanses.fr\/wp-content\/uploads\/2025\/06\/Planet-Aire_indication_salle_danse_IMG_8202-768x576.jpg 768w, https:\/\/vpdanses.fr\/wp-content\/uploads\/2025\/06\/Planet-Aire_indication_salle_danse_IMG_8202-1536x1152.jpg 1536w, https:\/\/vpdanses.fr\/wp-content\/uploads\/2025\/06\/Planet-Aire_indication_salle_danse_IMG_8202-2048x1536.jpg 2048w, https:\/\/vpdanses.fr\/wp-content\/uploads\/2025\/06\/Planet-Aire_indication_salle_danse_IMG_8202-500x375.jpg 500w, https:\/\/vpdanses.fr\/wp-content\/uploads\/2025\/06\/Planet-Aire_indication_salle_danse_IMG_8202-800x600.jpg 800w, https:\/\/vpdanses.fr\/wp-content\/uploads\/2025\/06\/Planet-Aire_indication_salle_danse_IMG_8202-1920x1440.jpg 1920w\" sizes=\"auto, (max-width: 1280px) 100vw, 1280px\" \/><\/noscript><img decoding=\"async\" width=\"1280\" height=\"960\" src=\"https:\/\/vpdanses.fr\/wp-content\/uploads\/2025\/06\/Planet-Aire_indication_salle_danse_IMG_8202-1280x960.jpg\" class=\"wp-image-13621 vp-lazyload\" alt=\"Parc de Loisirs Planet&#039;Aire \u00e0 Aire-sur-la-Lys\" srcset=\"data:image\/svg+xml;base64,PHN2ZyB3aWR0aD0iMTI4MCIgaGVpZ2h0PSI5NjAiIHZpZXdCb3g9IjAgMCAxMjgwIDk2MCIgZmlsbD0ibm9uZSIgeG1sbnM9Imh0dHA6Ly93d3cudzMub3JnLzIwMDAvc3ZnIj48L3N2Zz4=\" data-src=\"https:\/\/vpdanses.fr\/wp-content\/uploads\/2025\/06\/Planet-Aire_indication_salle_danse_IMG_8202-1280x960.jpg\" data-srcset=\"https:\/\/vpdanses.fr\/wp-content\/uploads\/2025\/06\/Planet-Aire_indication_salle_danse_IMG_8202-1280x960.jpg 1280w, https:\/\/vpdanses.fr\/wp-content\/uploads\/2025\/06\/Planet-Aire_indication_salle_danse_IMG_8202-300x225.jpg 300w, https:\/\/vpdanses.fr\/wp-content\/uploads\/2025\/06\/Planet-Aire_indication_salle_danse_IMG_8202-1024x768.jpg 1024w, https:\/\/vpdanses.fr\/wp-content\/uploads\/2025\/06\/Planet-Aire_indication_salle_danse_IMG_8202-768x576.jpg 768w, https:\/\/vpdanses.fr\/wp-content\/uploads\/2025\/06\/Planet-Aire_indication_salle_danse_IMG_8202-1536x1152.jpg 1536w, https:\/\/vpdanses.fr\/wp-content\/uploads\/2025\/06\/Planet-Aire_indication_salle_danse_IMG_8202-2048x1536.jpg 2048w, https:\/\/vpdanses.fr\/wp-content\/uploads\/2025\/06\/Planet-Aire_indication_salle_danse_IMG_8202-500x375.jpg 500w, https:\/\/vpdanses.fr\/wp-content\/uploads\/2025\/06\/Planet-Aire_indication_salle_danse_IMG_8202-800x600.jpg 800w, https:\/\/vpdanses.fr\/wp-content\/uploads\/2025\/06\/Planet-Aire_indication_salle_danse_IMG_8202-1920x1440.jpg 1920w\" data-sizes=\"auto\" loading=\"eager\">\n\t\t<div class=\"vp-portfolio__item-overlay\"><\/div>\n\n\t\t<\/a>\t<\/div>\n<\/div>\n\n\t<figcaption class=\"vp-portfolio__item-caption vp-portfolio__item-caption-text-align-center\">\n\t\t<div class=\"vp-portfolio__item-meta-wrap vp-portfolio__custom-scrollbar\">\n\t\t\t<div class=\"vp-portfolio__item-meta\">\n\t\t\t\t\n<h2 class=\"vp-portfolio__item-meta-title\">\n\t\t<a\n\t\thref=\"https:\/\/vpdanses.fr\/wp-content\/uploads\/2025\/06\/Planet-Aire_indication_salle_danse_IMG_8202-1920x1440.jpg\"\n\t\t\t>\n\tA l&rsquo;\u00e9tage, allez au bout de cet espace et tournez ensuite \u00e0 droite !<\/a><\/h2>\n\t\t\t<\/div>\n\t\t<\/div>\n\t<\/figcaption>\n\t\t\t<\/figure>\n\t\t\t\t\t<\/div>\n\t\t\n\t\t<div\t\tclass=\"vp-portfolio__item-wrap vp-portfolio__item-uid-861b2ff0\" data-vp-filter=\"\" \t\t>\n\t\t\t<template class=\"vp-portfolio__item-popup\" data-vp-popup-img=\"https:\/\/vpdanses.fr\/wp-content\/uploads\/2025\/06\/Planet-Aire_indication_salle_danse_IMG_8205-1920x2514.jpg\" data-vp-popup-img-srcset=\"https:\/\/vpdanses.fr\/wp-content\/uploads\/2025\/06\/Planet-Aire_indication_salle_danse_IMG_8205-1920x2514.jpg 1920w, https:\/\/vpdanses.fr\/wp-content\/uploads\/2025\/06\/Planet-Aire_indication_salle_danse_IMG_8205-229x300.jpg 229w, https:\/\/vpdanses.fr\/wp-content\/uploads\/2025\/06\/Planet-Aire_indication_salle_danse_IMG_8205-782x1024.jpg 782w, https:\/\/vpdanses.fr\/wp-content\/uploads\/2025\/06\/Planet-Aire_indication_salle_danse_IMG_8205-768x1006.jpg 768w, https:\/\/vpdanses.fr\/wp-content\/uploads\/2025\/06\/Planet-Aire_indication_salle_danse_IMG_8205-1173x1536.jpg 1173w, https:\/\/vpdanses.fr\/wp-content\/uploads\/2025\/06\/Planet-Aire_indication_salle_danse_IMG_8205-1564x2048.jpg 1564w, https:\/\/vpdanses.fr\/wp-content\/uploads\/2025\/06\/Planet-Aire_indication_salle_danse_IMG_8205-500x655.jpg 500w, https:\/\/vpdanses.fr\/wp-content\/uploads\/2025\/06\/Planet-Aire_indication_salle_danse_IMG_8205-800x1048.jpg 800w, https:\/\/vpdanses.fr\/wp-content\/uploads\/2025\/06\/Planet-Aire_indication_salle_danse_IMG_8205-1280x1676.jpg 1280w, https:\/\/vpdanses.fr\/wp-content\/uploads\/2025\/06\/Planet-Aire_indication_salle_danse_IMG_8205-scaled.jpg 1955w\" data-vp-popup-img-size=\"1920x2514\" data-vp-popup-md-img=\"https:\/\/vpdanses.fr\/wp-content\/uploads\/2025\/06\/Planet-Aire_indication_salle_danse_IMG_8205-800x1048.jpg\" data-vp-popup-md-img-size=\"800x1048\" data-vp-popup-sm-img=\"https:\/\/vpdanses.fr\/wp-content\/uploads\/2025\/06\/Planet-Aire_indication_salle_danse_IMG_8205-500x655.jpg\" data-vp-popup-sm-img-size=\"500x655\">\n\t\t\t<h3 class=\"vp-portfolio__item-popup-title\">Stage de Danse Sportive \u00e0 Planet&rsquo;Aire \u00e0 Aire-sur-la-Lys : Valse Lente et Samba session<\/h3>\n\t\t\t\t<div class=\"vp-portfolio__item-popup-description\">Affiche du stage visible \u00e0 Planet&rsquo;Aire \u00e0 Aire-sur-la-Lys<\/div>\n\t\t<\/template>\n\t\t\t\t\t\t<figure class=\"vp-portfolio__item\">\n\t\t\t\t\n<div class=\"vp-portfolio__item-img-wrap\">\n\t<div class=\"vp-portfolio__item-img\">\n\t\t\t<a\n\t\thref=\"https:\/\/vpdanses.fr\/wp-content\/uploads\/2025\/06\/Planet-Aire_indication_salle_danse_IMG_8205-1920x2514.jpg\"\n\t\t\t>\n\t\n\t\t<noscript><img loading=\"lazy\" decoding=\"async\" width=\"1280\" height=\"1676\" data-skip-lazy src=\"https:\/\/vpdanses.fr\/wp-content\/uploads\/2025\/06\/Planet-Aire_indication_salle_danse_IMG_8205-1280x1676.jpg\" class=\"wp-image-13613\" alt=\"Stage de Danse Sportive \u00e0 Planet&#039;Aire \u00e0 Aire-sur-la-Lys : Valse Lente et Samba session\" srcset=\"https:\/\/vpdanses.fr\/wp-content\/uploads\/2025\/06\/Planet-Aire_indication_salle_danse_IMG_8205-1280x1676.jpg 1280w, https:\/\/vpdanses.fr\/wp-content\/uploads\/2025\/06\/Planet-Aire_indication_salle_danse_IMG_8205-229x300.jpg 229w, https:\/\/vpdanses.fr\/wp-content\/uploads\/2025\/06\/Planet-Aire_indication_salle_danse_IMG_8205-782x1024.jpg 782w, https:\/\/vpdanses.fr\/wp-content\/uploads\/2025\/06\/Planet-Aire_indication_salle_danse_IMG_8205-768x1006.jpg 768w, https:\/\/vpdanses.fr\/wp-content\/uploads\/2025\/06\/Planet-Aire_indication_salle_danse_IMG_8205-1173x1536.jpg 1173w, https:\/\/vpdanses.fr\/wp-content\/uploads\/2025\/06\/Planet-Aire_indication_salle_danse_IMG_8205-1564x2048.jpg 1564w, https:\/\/vpdanses.fr\/wp-content\/uploads\/2025\/06\/Planet-Aire_indication_salle_danse_IMG_8205-500x655.jpg 500w, https:\/\/vpdanses.fr\/wp-content\/uploads\/2025\/06\/Planet-Aire_indication_salle_danse_IMG_8205-800x1048.jpg 800w, https:\/\/vpdanses.fr\/wp-content\/uploads\/2025\/06\/Planet-Aire_indication_salle_danse_IMG_8205-1920x2514.jpg 1920w, https:\/\/vpdanses.fr\/wp-content\/uploads\/2025\/06\/Planet-Aire_indication_salle_danse_IMG_8205-scaled.jpg 1955w\" sizes=\"auto, (max-width: 1280px) 100vw, 1280px\" \/><\/noscript><img decoding=\"async\" width=\"1280\" height=\"1676\" src=\"https:\/\/vpdanses.fr\/wp-content\/uploads\/2025\/06\/Planet-Aire_indication_salle_danse_IMG_8205-1280x1676.jpg\" class=\"wp-image-13613 vp-lazyload\" alt=\"Stage de Danse Sportive \u00e0 Planet&#039;Aire \u00e0 Aire-sur-la-Lys : Valse Lente et Samba session\" srcset=\"data:image\/svg+xml;base64,PHN2ZyB3aWR0aD0iMTI4MCIgaGVpZ2h0PSIxNjc2IiB2aWV3Qm94PSIwIDAgMTI4MCAxNjc2IiBmaWxsPSJub25lIiB4bWxucz0iaHR0cDovL3d3dy53My5vcmcvMjAwMC9zdmciPjwvc3ZnPg==\" data-src=\"https:\/\/vpdanses.fr\/wp-content\/uploads\/2025\/06\/Planet-Aire_indication_salle_danse_IMG_8205-1280x1676.jpg\" data-srcset=\"https:\/\/vpdanses.fr\/wp-content\/uploads\/2025\/06\/Planet-Aire_indication_salle_danse_IMG_8205-1280x1676.jpg 1280w, https:\/\/vpdanses.fr\/wp-content\/uploads\/2025\/06\/Planet-Aire_indication_salle_danse_IMG_8205-229x300.jpg 229w, https:\/\/vpdanses.fr\/wp-content\/uploads\/2025\/06\/Planet-Aire_indication_salle_danse_IMG_8205-782x1024.jpg 782w, https:\/\/vpdanses.fr\/wp-content\/uploads\/2025\/06\/Planet-Aire_indication_salle_danse_IMG_8205-768x1006.jpg 768w, https:\/\/vpdanses.fr\/wp-content\/uploads\/2025\/06\/Planet-Aire_indication_salle_danse_IMG_8205-1173x1536.jpg 1173w, https:\/\/vpdanses.fr\/wp-content\/uploads\/2025\/06\/Planet-Aire_indication_salle_danse_IMG_8205-1564x2048.jpg 1564w, https:\/\/vpdanses.fr\/wp-content\/uploads\/2025\/06\/Planet-Aire_indication_salle_danse_IMG_8205-500x655.jpg 500w, https:\/\/vpdanses.fr\/wp-content\/uploads\/2025\/06\/Planet-Aire_indication_salle_danse_IMG_8205-800x1048.jpg 800w, https:\/\/vpdanses.fr\/wp-content\/uploads\/2025\/06\/Planet-Aire_indication_salle_danse_IMG_8205-1920x2514.jpg 1920w, https:\/\/vpdanses.fr\/wp-content\/uploads\/2025\/06\/Planet-Aire_indication_salle_danse_IMG_8205-scaled.jpg 1955w\" data-sizes=\"auto\" loading=\"eager\">\n\t\t<div class=\"vp-portfolio__item-overlay\"><\/div>\n\n\t\t<\/a>\t<\/div>\n<\/div>\n\n\t<figcaption class=\"vp-portfolio__item-caption vp-portfolio__item-caption-text-align-center\">\n\t\t<div class=\"vp-portfolio__item-meta-wrap vp-portfolio__custom-scrollbar\">\n\t\t\t<div class=\"vp-portfolio__item-meta\">\n\t\t\t\t\n<h2 class=\"vp-portfolio__item-meta-title\">\n\t\t<a\n\t\thref=\"https:\/\/vpdanses.fr\/wp-content\/uploads\/2025\/06\/Planet-Aire_indication_salle_danse_IMG_8205-1920x2514.jpg\"\n\t\t\t>\n\tAffiche du stage visible \u00e0 Planet&rsquo;Aire \u00e0 Aire-sur-la-Lys<\/a><\/h2>\n\t\t\t<\/div>\n\t\t<\/div>\n\t<\/figcaption>\n\t\t\t<\/figure>\n\t\t\t\t\t<\/div>\n\t\t\n\t\t<div\t\tclass=\"vp-portfolio__item-wrap vp-portfolio__item-uid-f80e3a35\" data-vp-filter=\"\" \t\t>\n\t\t\t<template class=\"vp-portfolio__item-popup\" data-vp-popup-img=\"https:\/\/vpdanses.fr\/wp-content\/uploads\/2025\/06\/Planet-Aire_indication_salle_danse_IMG_8199-1920x1440.jpg\" data-vp-popup-img-srcset=\"https:\/\/vpdanses.fr\/wp-content\/uploads\/2025\/06\/Planet-Aire_indication_salle_danse_IMG_8199-1920x1440.jpg 1920w, https:\/\/vpdanses.fr\/wp-content\/uploads\/2025\/06\/Planet-Aire_indication_salle_danse_IMG_8199-300x225.jpg 300w, https:\/\/vpdanses.fr\/wp-content\/uploads\/2025\/06\/Planet-Aire_indication_salle_danse_IMG_8199-1024x768.jpg 1024w, https:\/\/vpdanses.fr\/wp-content\/uploads\/2025\/06\/Planet-Aire_indication_salle_danse_IMG_8199-768x576.jpg 768w, https:\/\/vpdanses.fr\/wp-content\/uploads\/2025\/06\/Planet-Aire_indication_salle_danse_IMG_8199-1536x1152.jpg 1536w, https:\/\/vpdanses.fr\/wp-content\/uploads\/2025\/06\/Planet-Aire_indication_salle_danse_IMG_8199-2048x1536.jpg 2048w, https:\/\/vpdanses.fr\/wp-content\/uploads\/2025\/06\/Planet-Aire_indication_salle_danse_IMG_8199-500x375.jpg 500w, https:\/\/vpdanses.fr\/wp-content\/uploads\/2025\/06\/Planet-Aire_indication_salle_danse_IMG_8199-800x600.jpg 800w, https:\/\/vpdanses.fr\/wp-content\/uploads\/2025\/06\/Planet-Aire_indication_salle_danse_IMG_8199-1280x960.jpg 1280w\" data-vp-popup-img-size=\"1920x1440\" data-vp-popup-md-img=\"https:\/\/vpdanses.fr\/wp-content\/uploads\/2025\/06\/Planet-Aire_indication_salle_danse_IMG_8199-800x600.jpg\" data-vp-popup-md-img-size=\"800x600\" data-vp-popup-sm-img=\"https:\/\/vpdanses.fr\/wp-content\/uploads\/2025\/06\/Planet-Aire_indication_salle_danse_IMG_8199-500x375.jpg\" data-vp-popup-sm-img-size=\"500x375\">\n\t\t\t<h3 class=\"vp-portfolio__item-popup-title\">Parc de Loisirs Planet&rsquo;Aire \u00e0 Aire-sur-la-Lys<\/h3>\n\t\t\t\t<div class=\"vp-portfolio__item-popup-description\">Une partie de la grande salle est meubl\u00e9e avec des tables et des chaises<\/div>\n\t\t<\/template>\n\t\t\t\t\t\t<figure class=\"vp-portfolio__item\">\n\t\t\t\t\n<div class=\"vp-portfolio__item-img-wrap\">\n\t<div class=\"vp-portfolio__item-img\">\n\t\t\t<a\n\t\thref=\"https:\/\/vpdanses.fr\/wp-content\/uploads\/2025\/06\/Planet-Aire_indication_salle_danse_IMG_8199-1920x1440.jpg\"\n\t\t\t>\n\t\n\t\t<noscript><img loading=\"lazy\" decoding=\"async\" width=\"1280\" height=\"960\" data-skip-lazy src=\"https:\/\/vpdanses.fr\/wp-content\/uploads\/2025\/06\/Planet-Aire_indication_salle_danse_IMG_8199-1280x960.jpg\" class=\"wp-image-13624\" alt=\"Parc de Loisirs Planet&#039;Aire \u00e0 Aire-sur-la-Lys\" srcset=\"https:\/\/vpdanses.fr\/wp-content\/uploads\/2025\/06\/Planet-Aire_indication_salle_danse_IMG_8199-1280x960.jpg 1280w, https:\/\/vpdanses.fr\/wp-content\/uploads\/2025\/06\/Planet-Aire_indication_salle_danse_IMG_8199-300x225.jpg 300w, https:\/\/vpdanses.fr\/wp-content\/uploads\/2025\/06\/Planet-Aire_indication_salle_danse_IMG_8199-1024x768.jpg 1024w, https:\/\/vpdanses.fr\/wp-content\/uploads\/2025\/06\/Planet-Aire_indication_salle_danse_IMG_8199-768x576.jpg 768w, https:\/\/vpdanses.fr\/wp-content\/uploads\/2025\/06\/Planet-Aire_indication_salle_danse_IMG_8199-1536x1152.jpg 1536w, https:\/\/vpdanses.fr\/wp-content\/uploads\/2025\/06\/Planet-Aire_indication_salle_danse_IMG_8199-2048x1536.jpg 2048w, https:\/\/vpdanses.fr\/wp-content\/uploads\/2025\/06\/Planet-Aire_indication_salle_danse_IMG_8199-500x375.jpg 500w, https:\/\/vpdanses.fr\/wp-content\/uploads\/2025\/06\/Planet-Aire_indication_salle_danse_IMG_8199-800x600.jpg 800w, https:\/\/vpdanses.fr\/wp-content\/uploads\/2025\/06\/Planet-Aire_indication_salle_danse_IMG_8199-1920x1440.jpg 1920w\" sizes=\"auto, (max-width: 1280px) 100vw, 1280px\" \/><\/noscript><img decoding=\"async\" width=\"1280\" height=\"960\" src=\"https:\/\/vpdanses.fr\/wp-content\/uploads\/2025\/06\/Planet-Aire_indication_salle_danse_IMG_8199-1280x960.jpg\" class=\"wp-image-13624 vp-lazyload\" alt=\"Parc de Loisirs Planet&#039;Aire \u00e0 Aire-sur-la-Lys\" srcset=\"data:image\/svg+xml;base64,PHN2ZyB3aWR0aD0iMTI4MCIgaGVpZ2h0PSI5NjAiIHZpZXdCb3g9IjAgMCAxMjgwIDk2MCIgZmlsbD0ibm9uZSIgeG1sbnM9Imh0dHA6Ly93d3cudzMub3JnLzIwMDAvc3ZnIj48L3N2Zz4=\" data-src=\"https:\/\/vpdanses.fr\/wp-content\/uploads\/2025\/06\/Planet-Aire_indication_salle_danse_IMG_8199-1280x960.jpg\" data-srcset=\"https:\/\/vpdanses.fr\/wp-content\/uploads\/2025\/06\/Planet-Aire_indication_salle_danse_IMG_8199-1280x960.jpg 1280w, https:\/\/vpdanses.fr\/wp-content\/uploads\/2025\/06\/Planet-Aire_indication_salle_danse_IMG_8199-300x225.jpg 300w, https:\/\/vpdanses.fr\/wp-content\/uploads\/2025\/06\/Planet-Aire_indication_salle_danse_IMG_8199-1024x768.jpg 1024w, https:\/\/vpdanses.fr\/wp-content\/uploads\/2025\/06\/Planet-Aire_indication_salle_danse_IMG_8199-768x576.jpg 768w, https:\/\/vpdanses.fr\/wp-content\/uploads\/2025\/06\/Planet-Aire_indication_salle_danse_IMG_8199-1536x1152.jpg 1536w, https:\/\/vpdanses.fr\/wp-content\/uploads\/2025\/06\/Planet-Aire_indication_salle_danse_IMG_8199-2048x1536.jpg 2048w, https:\/\/vpdanses.fr\/wp-content\/uploads\/2025\/06\/Planet-Aire_indication_salle_danse_IMG_8199-500x375.jpg 500w, https:\/\/vpdanses.fr\/wp-content\/uploads\/2025\/06\/Planet-Aire_indication_salle_danse_IMG_8199-800x600.jpg 800w, https:\/\/vpdanses.fr\/wp-content\/uploads\/2025\/06\/Planet-Aire_indication_salle_danse_IMG_8199-1920x1440.jpg 1920w\" data-sizes=\"auto\" loading=\"eager\">\n\t\t<div class=\"vp-portfolio__item-overlay\"><\/div>\n\n\t\t<\/a>\t<\/div>\n<\/div>\n\n\t<figcaption class=\"vp-portfolio__item-caption vp-portfolio__item-caption-text-align-center\">\n\t\t<div class=\"vp-portfolio__item-meta-wrap vp-portfolio__custom-scrollbar\">\n\t\t\t<div class=\"vp-portfolio__item-meta\">\n\t\t\t\t\n<h2 class=\"vp-portfolio__item-meta-title\">\n\t\t<a\n\t\thref=\"https:\/\/vpdanses.fr\/wp-content\/uploads\/2025\/06\/Planet-Aire_indication_salle_danse_IMG_8199-1920x1440.jpg\"\n\t\t\t>\n\tUne partie de la grande salle est meubl\u00e9e avec des tables et des chaises<\/a><\/h2>\n\t\t\t<\/div>\n\t\t<\/div>\n\t<\/figcaption>\n\t\t\t<\/figure>\n\t\t\t\t\t<\/div>\n\t\t\n\t\t<div\t\tclass=\"vp-portfolio__item-wrap vp-portfolio__item-uid-7b6f9f2e\" data-vp-filter=\"\" \t\t>\n\t\t\t<template class=\"vp-portfolio__item-popup\" data-vp-popup-img=\"https:\/\/vpdanses.fr\/wp-content\/uploads\/2025\/06\/Planet-Aire_indication_salle_danse_IMG_8200-1920x1440.jpg\" data-vp-popup-img-srcset=\"https:\/\/vpdanses.fr\/wp-content\/uploads\/2025\/06\/Planet-Aire_indication_salle_danse_IMG_8200-1920x1440.jpg 1920w, https:\/\/vpdanses.fr\/wp-content\/uploads\/2025\/06\/Planet-Aire_indication_salle_danse_IMG_8200-300x225.jpg 300w, https:\/\/vpdanses.fr\/wp-content\/uploads\/2025\/06\/Planet-Aire_indication_salle_danse_IMG_8200-1024x768.jpg 1024w, https:\/\/vpdanses.fr\/wp-content\/uploads\/2025\/06\/Planet-Aire_indication_salle_danse_IMG_8200-768x576.jpg 768w, https:\/\/vpdanses.fr\/wp-content\/uploads\/2025\/06\/Planet-Aire_indication_salle_danse_IMG_8200-1536x1152.jpg 1536w, https:\/\/vpdanses.fr\/wp-content\/uploads\/2025\/06\/Planet-Aire_indication_salle_danse_IMG_8200-2048x1536.jpg 2048w, https:\/\/vpdanses.fr\/wp-content\/uploads\/2025\/06\/Planet-Aire_indication_salle_danse_IMG_8200-500x375.jpg 500w, https:\/\/vpdanses.fr\/wp-content\/uploads\/2025\/06\/Planet-Aire_indication_salle_danse_IMG_8200-800x600.jpg 800w, https:\/\/vpdanses.fr\/wp-content\/uploads\/2025\/06\/Planet-Aire_indication_salle_danse_IMG_8200-1280x960.jpg 1280w\" data-vp-popup-img-size=\"1920x1440\" data-vp-popup-md-img=\"https:\/\/vpdanses.fr\/wp-content\/uploads\/2025\/06\/Planet-Aire_indication_salle_danse_IMG_8200-800x600.jpg\" data-vp-popup-md-img-size=\"800x600\" data-vp-popup-sm-img=\"https:\/\/vpdanses.fr\/wp-content\/uploads\/2025\/06\/Planet-Aire_indication_salle_danse_IMG_8200-500x375.jpg\" data-vp-popup-sm-img-size=\"500x375\">\n\t\t\t<h3 class=\"vp-portfolio__item-popup-title\">Parc de Loisirs Planet&rsquo;Aire \u00e0 Aire-sur-la-Lys<\/h3>\n\t\t\t\t<div class=\"vp-portfolio__item-popup-description\">La grande salle climatis\u00e9e de danse \u00e0 Planet&rsquo;Aire ! <\/div>\n\t\t<\/template>\n\t\t\t\t\t\t<figure class=\"vp-portfolio__item\">\n\t\t\t\t\n<div class=\"vp-portfolio__item-img-wrap\">\n\t<div class=\"vp-portfolio__item-img\">\n\t\t\t<a\n\t\thref=\"https:\/\/vpdanses.fr\/wp-content\/uploads\/2025\/06\/Planet-Aire_indication_salle_danse_IMG_8200-1920x1440.jpg\"\n\t\t\t>\n\t\n\t\t<noscript><img loading=\"lazy\" decoding=\"async\" width=\"1280\" height=\"960\" data-skip-lazy src=\"https:\/\/vpdanses.fr\/wp-content\/uploads\/2025\/06\/Planet-Aire_indication_salle_danse_IMG_8200-1280x960.jpg\" class=\"wp-image-13623\" alt=\"Parc de Loisirs Planet&#039;Aire \u00e0 Aire-sur-la-Lys\" srcset=\"https:\/\/vpdanses.fr\/wp-content\/uploads\/2025\/06\/Planet-Aire_indication_salle_danse_IMG_8200-1280x960.jpg 1280w, https:\/\/vpdanses.fr\/wp-content\/uploads\/2025\/06\/Planet-Aire_indication_salle_danse_IMG_8200-300x225.jpg 300w, https:\/\/vpdanses.fr\/wp-content\/uploads\/2025\/06\/Planet-Aire_indication_salle_danse_IMG_8200-1024x768.jpg 1024w, https:\/\/vpdanses.fr\/wp-content\/uploads\/2025\/06\/Planet-Aire_indication_salle_danse_IMG_8200-768x576.jpg 768w, https:\/\/vpdanses.fr\/wp-content\/uploads\/2025\/06\/Planet-Aire_indication_salle_danse_IMG_8200-1536x1152.jpg 1536w, https:\/\/vpdanses.fr\/wp-content\/uploads\/2025\/06\/Planet-Aire_indication_salle_danse_IMG_8200-2048x1536.jpg 2048w, https:\/\/vpdanses.fr\/wp-content\/uploads\/2025\/06\/Planet-Aire_indication_salle_danse_IMG_8200-500x375.jpg 500w, https:\/\/vpdanses.fr\/wp-content\/uploads\/2025\/06\/Planet-Aire_indication_salle_danse_IMG_8200-800x600.jpg 800w, https:\/\/vpdanses.fr\/wp-content\/uploads\/2025\/06\/Planet-Aire_indication_salle_danse_IMG_8200-1920x1440.jpg 1920w\" sizes=\"auto, (max-width: 1280px) 100vw, 1280px\" \/><\/noscript><img decoding=\"async\" width=\"1280\" height=\"960\" src=\"https:\/\/vpdanses.fr\/wp-content\/uploads\/2025\/06\/Planet-Aire_indication_salle_danse_IMG_8200-1280x960.jpg\" class=\"wp-image-13623 vp-lazyload\" alt=\"Parc de Loisirs Planet&#039;Aire \u00e0 Aire-sur-la-Lys\" srcset=\"data:image\/svg+xml;base64,PHN2ZyB3aWR0aD0iMTI4MCIgaGVpZ2h0PSI5NjAiIHZpZXdCb3g9IjAgMCAxMjgwIDk2MCIgZmlsbD0ibm9uZSIgeG1sbnM9Imh0dHA6Ly93d3cudzMub3JnLzIwMDAvc3ZnIj48L3N2Zz4=\" data-src=\"https:\/\/vpdanses.fr\/wp-content\/uploads\/2025\/06\/Planet-Aire_indication_salle_danse_IMG_8200-1280x960.jpg\" data-srcset=\"https:\/\/vpdanses.fr\/wp-content\/uploads\/2025\/06\/Planet-Aire_indication_salle_danse_IMG_8200-1280x960.jpg 1280w, https:\/\/vpdanses.fr\/wp-content\/uploads\/2025\/06\/Planet-Aire_indication_salle_danse_IMG_8200-300x225.jpg 300w, https:\/\/vpdanses.fr\/wp-content\/uploads\/2025\/06\/Planet-Aire_indication_salle_danse_IMG_8200-1024x768.jpg 1024w, https:\/\/vpdanses.fr\/wp-content\/uploads\/2025\/06\/Planet-Aire_indication_salle_danse_IMG_8200-768x576.jpg 768w, https:\/\/vpdanses.fr\/wp-content\/uploads\/2025\/06\/Planet-Aire_indication_salle_danse_IMG_8200-1536x1152.jpg 1536w, https:\/\/vpdanses.fr\/wp-content\/uploads\/2025\/06\/Planet-Aire_indication_salle_danse_IMG_8200-2048x1536.jpg 2048w, https:\/\/vpdanses.fr\/wp-content\/uploads\/2025\/06\/Planet-Aire_indication_salle_danse_IMG_8200-500x375.jpg 500w, https:\/\/vpdanses.fr\/wp-content\/uploads\/2025\/06\/Planet-Aire_indication_salle_danse_IMG_8200-800x600.jpg 800w, https:\/\/vpdanses.fr\/wp-content\/uploads\/2025\/06\/Planet-Aire_indication_salle_danse_IMG_8200-1920x1440.jpg 1920w\" data-sizes=\"auto\" loading=\"eager\">\n\t\t<div class=\"vp-portfolio__item-overlay\"><\/div>\n\n\t\t<\/a>\t<\/div>\n<\/div>\n\n\t<figcaption class=\"vp-portfolio__item-caption vp-portfolio__item-caption-text-align-center\">\n\t\t<div class=\"vp-portfolio__item-meta-wrap vp-portfolio__custom-scrollbar\">\n\t\t\t<div class=\"vp-portfolio__item-meta\">\n\t\t\t\t\n<h2 class=\"vp-portfolio__item-meta-title\">\n\t\t<a\n\t\thref=\"https:\/\/vpdanses.fr\/wp-content\/uploads\/2025\/06\/Planet-Aire_indication_salle_danse_IMG_8200-1920x1440.jpg\"\n\t\t\t>\n\tLa grande salle climatis\u00e9e de danse \u00e0 Planet&rsquo;Aire ! <\/a><\/h2>\n\t\t\t<\/div>\n\t\t<\/div>\n\t<\/figcaption>\n\t\t\t<\/figure>\n\t\t\t\t\t<\/div>\n\t\t\n<\/div>\n\t\t<\/div>\n\t\t\n<\/div>\n<\/div>","protected":false},"excerpt":{"rendered":"<p>Ce dimanche 22\/06\/2025, VP DANSES et PLANET&rsquo;AIRE s&rsquo;associent pour le tout 1er stage de Danse Sportive \u00e0 Aire-sur-la-Lys : Valse Lente et Samba session. Venez nombreux pratiquer les danses standards et latines !<\/p>\n","protected":false},"author":1,"featured_media":13613,"comment_status":"closed","ping_status":"closed","sticky":false,"template":"","format":"standard","meta":{"_uag_custom_page_level_css":"","_price":"","_stock":"","_tribe_ticket_header":"","_tribe_default_ticket_provider":"","_tribe_ticket_capacity":"0","_ticket_start_date":"","_ticket_end_date":"","_tribe_ticket_show_description":"","_tribe_ticket_show_not_going":false,"_tribe_ticket_use_global_stock":"","_tribe_ticket_global_stock_level":"","_global_stock_mode":"","_global_stock_cap":"","_tribe_rsvp_for_event":"","_tribe_ticket_going_count":"","_tribe_ticket_not_going_count":"","_tribe_tickets_list":"[]","_tribe_ticket_has_attendee_info_fields":false,"_EventAllDay":false,"_EventTimezone":"","_EventStartDate":"","_EventEndDate":"","_EventStartDateUTC":"","_EventEndDateUTC":"","_EventShowMap":false,"_EventShowMapLink":false,"_EventURL":"","_EventCost":"","_EventCostDescription":"","_EventCurrencySymbol":"","_EventCurrencyCode":"","_EventCurrencyPosition":"","_EventDateTimeSeparator":"","_EventTimeRangeSeparator":"","_EventOrganizerID":[],"_EventVenueID":[],"_OrganizerEmail":"","_OrganizerPhone":"","_OrganizerWebsite":"","_VenueAddress":"","_VenueCity":"","_VenueCountry":"","_VenueProvince":"","_VenueState":"","_VenueZip":"","_VenuePhone":"","_VenueURL":"","_VenueStateProvince":"","_VenueLat":"","_VenueLng":"","_VenueShowMap":false,"_VenueShowMapLink":false,"_vp_format_video_url":"","_vp_image_focal_point":[],"_jetpack_memberships_contains_paid_content":false,"footnotes":""},"categories":[292,86,293,295,294],"tags":[284],"class_list":["post-13612","post","type-post","status-publish","format-standard","has-post-thumbnail","hentry","category-aire-sur-la-lys","category-autour-dhazebrouck","category-danse-sportive","category-samba","category-valse-lente-danse-sportive","tag-planetaire"],"yoast_head":"<!-- This site is optimized with the Yoast SEO Premium plugin v25.6 (Yoast SEO v25.6) - https:\/\/yoast.com\/wordpress\/plugins\/seo\/ -->\n<title>Stage de Danse Sportive \u00e0 Planet&#039;Aire \u00e0 Aire-sur-la-Lys : Valse Lente et Samba session ! - VP DANSES, cours de Danse Sportive \u00e0 Aire-sur-la-Lys et \u00e0 Saint-Jans-Cappel (Hauts-de-France)<\/title>\n<meta name=\"description\" content=\"Ce dimanche 22\/06\/2025, VP DANSES et PLANET&#039;AIRE s&#039;associent pour le tout 1er stage de Danse Sportive \u00e0 Aire-sur-la-Lys : Valse Lente et Samba session. Venez nombreux pratiquer les danses standards et latines !\" \/>\n<meta name=\"robots\" content=\"index, follow, max-snippet:-1, max-image-preview:large, max-video-preview:-1\" \/>\n<link rel=\"canonical\" href=\"https:\/\/vpdanses.fr\/home\/bienvenue-chez-vp-danses-hazebrouck\/stage-danse-sportive-valse-lente-samba-planet-aire-sur-la-lys\/\" \/>\n<meta property=\"og:locale\" content=\"fr_FR\" \/>\n<meta property=\"og:type\" content=\"article\" \/>\n<meta property=\"og:title\" content=\"Stage de Danse Sportive \u00e0 Planet&#039;Aire \u00e0 Aire-sur-la-Lys : Valse Lente et Samba session !\" \/>\n<meta property=\"og:description\" content=\"Ce dimanche 22\/06\/2025, VP DANSES et PLANET&#039;AIRE s&#039;associent pour le tout 1er stage de Danse Sportive \u00e0 Aire-sur-la-Lys : Valse Lente et Samba session. Venez nombreux pratiquer les danses standards et latines !\" \/>\n<meta property=\"og:url\" content=\"https:\/\/vpdanses.fr\/home\/bienvenue-chez-vp-danses-hazebrouck\/stage-danse-sportive-valse-lente-samba-planet-aire-sur-la-lys\/\" \/>\n<meta property=\"og:site_name\" content=\"VP DANSES, cours de Danse Sportive \u00e0 Aire-sur-la-Lys et \u00e0 Saint-Jans-Cappel (Hauts-de-France)\" \/>\n<meta property=\"article:published_time\" content=\"2025-06-22T04:44:16+00:00\" \/>\n<meta property=\"article:modified_time\" content=\"2025-06-22T04:44:19+00:00\" \/>\n<meta property=\"og:image\" content=\"https:\/\/vpdanses.fr\/wp-content\/uploads\/2025\/06\/Planet-Aire_indication_salle_danse_IMG_8205-scaled.jpg\" \/>\n\t<meta property=\"og:image:width\" content=\"1955\" \/>\n\t<meta property=\"og:image:height\" content=\"2560\" \/>\n\t<meta property=\"og:image:type\" content=\"image\/jpeg\" \/>\n<meta name=\"author\" content=\"VP DANSES\" \/>\n<meta name=\"twitter:card\" content=\"summary_large_image\" \/>\n<meta name=\"twitter:title\" content=\"Stage de Danse Sportive \u00e0 Planet&#039;Aire \u00e0 Aire-sur-la-Lys : Valse Lente et Samba session !\" \/>\n<meta name=\"twitter:label1\" content=\"\u00c9crit par\" \/>\n\t<meta name=\"twitter:data1\" content=\"VP DANSES\" \/>\n\t<meta name=\"twitter:label2\" content=\"Dur\u00e9e de lecture estim\u00e9e\" \/>\n\t<meta name=\"twitter:data2\" content=\"2 minutes\" \/>\n<script type=\"application\/ld+json\" class=\"yoast-schema-graph\">{\"@context\":\"https:\/\/schema.org\",\"@graph\":[{\"@type\":\"Article\",\"@id\":\"https:\/\/vpdanses.fr\/home\/bienvenue-chez-vp-danses-hazebrouck\/stage-danse-sportive-valse-lente-samba-planet-aire-sur-la-lys\/#article\",\"isPartOf\":{\"@id\":\"https:\/\/vpdanses.fr\/home\/bienvenue-chez-vp-danses-hazebrouck\/stage-danse-sportive-valse-lente-samba-planet-aire-sur-la-lys\/\"},\"author\":{\"name\":\"VP DANSES\",\"@id\":\"https:\/\/vpdanses.fr\/home\/bienvenue-chez-vp-danses-hazebrouck\/#\/schema\/person\/bf87806369778f949b83c9cd885519e5\"},\"headline\":\"Stage de Danse Sportive \u00e0 Planet&rsquo;Aire \u00e0 Aire-sur-la-Lys : Valse Lente et Samba session !\",\"datePublished\":\"2025-06-22T04:44:16+00:00\",\"dateModified\":\"2025-06-22T04:44:19+00:00\",\"mainEntityOfPage\":{\"@id\":\"https:\/\/vpdanses.fr\/home\/bienvenue-chez-vp-danses-hazebrouck\/stage-danse-sportive-valse-lente-samba-planet-aire-sur-la-lys\/\"},\"wordCount\":233,\"publisher\":{\"@id\":\"https:\/\/vpdanses.fr\/home\/bienvenue-chez-vp-danses-hazebrouck\/#organization\"},\"image\":{\"@id\":\"https:\/\/vpdanses.fr\/home\/bienvenue-chez-vp-danses-hazebrouck\/stage-danse-sportive-valse-lente-samba-planet-aire-sur-la-lys\/#primaryimage\"},\"thumbnailUrl\":\"https:\/\/vpdanses.fr\/wp-content\/uploads\/2025\/06\/Planet-Aire_indication_salle_danse_IMG_8205-scaled.jpg\",\"keywords\":[\"Planet'Aire\"],\"articleSection\":[\"Aire-sur-la-Lys\",\"Autour d'Hazebrouck\",\"DANSE SPORTIVE\",\"Samba\",\"Valse Lente\"],\"inLanguage\":\"fr-FR\"},{\"@type\":\"WebPage\",\"@id\":\"https:\/\/vpdanses.fr\/home\/bienvenue-chez-vp-danses-hazebrouck\/stage-danse-sportive-valse-lente-samba-planet-aire-sur-la-lys\/\",\"url\":\"https:\/\/vpdanses.fr\/home\/bienvenue-chez-vp-danses-hazebrouck\/stage-danse-sportive-valse-lente-samba-planet-aire-sur-la-lys\/\",\"name\":\"Stage de Danse Sportive \u00e0 Planet'Aire \u00e0 Aire-sur-la-Lys : Valse Lente et Samba session ! - VP DANSES, cours de Danse Sportive \u00e0 Aire-sur-la-Lys et \u00e0 Saint-Jans-Cappel (Hauts-de-France)\",\"isPartOf\":{\"@id\":\"https:\/\/vpdanses.fr\/home\/bienvenue-chez-vp-danses-hazebrouck\/#website\"},\"primaryImageOfPage\":{\"@id\":\"https:\/\/vpdanses.fr\/home\/bienvenue-chez-vp-danses-hazebrouck\/stage-danse-sportive-valse-lente-samba-planet-aire-sur-la-lys\/#primaryimage\"},\"image\":{\"@id\":\"https:\/\/vpdanses.fr\/home\/bienvenue-chez-vp-danses-hazebrouck\/stage-danse-sportive-valse-lente-samba-planet-aire-sur-la-lys\/#primaryimage\"},\"thumbnailUrl\":\"https:\/\/vpdanses.fr\/wp-content\/uploads\/2025\/06\/Planet-Aire_indication_salle_danse_IMG_8205-scaled.jpg\",\"datePublished\":\"2025-06-22T04:44:16+00:00\",\"dateModified\":\"2025-06-22T04:44:19+00:00\",\"description\":\"Ce dimanche 22\/06\/2025, VP DANSES et PLANET'AIRE s'associent pour le tout 1er stage de Danse Sportive \u00e0 Aire-sur-la-Lys : Valse Lente et Samba session. Venez nombreux pratiquer les danses standards et latines !\",\"breadcrumb\":{\"@id\":\"https:\/\/vpdanses.fr\/home\/bienvenue-chez-vp-danses-hazebrouck\/stage-danse-sportive-valse-lente-samba-planet-aire-sur-la-lys\/#breadcrumb\"},\"inLanguage\":\"fr-FR\",\"potentialAction\":[{\"@type\":\"ReadAction\",\"target\":[\"https:\/\/vpdanses.fr\/home\/bienvenue-chez-vp-danses-hazebrouck\/stage-danse-sportive-valse-lente-samba-planet-aire-sur-la-lys\/\"]}]},{\"@type\":\"ImageObject\",\"inLanguage\":\"fr-FR\",\"@id\":\"https:\/\/vpdanses.fr\/home\/bienvenue-chez-vp-danses-hazebrouck\/stage-danse-sportive-valse-lente-samba-planet-aire-sur-la-lys\/#primaryimage\",\"url\":\"https:\/\/vpdanses.fr\/wp-content\/uploads\/2025\/06\/Planet-Aire_indication_salle_danse_IMG_8205-scaled.jpg\",\"contentUrl\":\"https:\/\/vpdanses.fr\/wp-content\/uploads\/2025\/06\/Planet-Aire_indication_salle_danse_IMG_8205-scaled.jpg\",\"width\":1955,\"height\":2560,\"caption\":\"Stage de Danse Sportive \u00e0 Planet'Aire \u00e0 Aire-sur-la-Lys : Valse Lente et Samba session\"},{\"@type\":\"BreadcrumbList\",\"@id\":\"https:\/\/vpdanses.fr\/home\/bienvenue-chez-vp-danses-hazebrouck\/stage-danse-sportive-valse-lente-samba-planet-aire-sur-la-lys\/#breadcrumb\",\"itemListElement\":[{\"@type\":\"ListItem\",\"position\":1,\"name\":\"Accueil\",\"item\":\"https:\/\/vpdanses.fr\/home\/bienvenue-chez-vp-danses-hazebrouck\/\"},{\"@type\":\"ListItem\",\"position\":2,\"name\":\"Stage de Danse Sportive \u00e0 Planet&rsquo;Aire \u00e0 Aire-sur-la-Lys : Valse Lente et Samba session !\"}]},{\"@type\":\"WebSite\",\"@id\":\"https:\/\/vpdanses.fr\/home\/bienvenue-chez-vp-danses-hazebrouck\/#website\",\"url\":\"https:\/\/vpdanses.fr\/home\/bienvenue-chez-vp-danses-hazebrouck\/\",\"name\":\"VP DANSES, cours de Danse Sportive \u00e0 Aire-sur-la-Lys et \u00e0 Saint-Jans-Cappel (Hauts-de-France)\",\"description\":\"Cours de Danse Sportive STANDARD (valse anglaise, tango, valse viennoise, slowfox, quickstep), danses sportives LATINES (samba, chacha, rumba, paso doble, jive), danses de bal, danses de salons, danses de loisirs, salsa, rock 4 temps, rock 6 temps, danses en ligne, disco, \u2026 Lieu : Hazebrouck, Aire-sur-la-Lys, Saint-Jans-Cappel et Isbergues (Hauts-de-France) - Cours Particuliers dans les Hauts-de-France - Ouverture de bal de Mariage\",\"publisher\":{\"@id\":\"https:\/\/vpdanses.fr\/home\/bienvenue-chez-vp-danses-hazebrouck\/#organization\"},\"potentialAction\":[{\"@type\":\"SearchAction\",\"target\":{\"@type\":\"EntryPoint\",\"urlTemplate\":\"https:\/\/vpdanses.fr\/home\/bienvenue-chez-vp-danses-hazebrouck\/?s={search_term_string}\"},\"query-input\":{\"@type\":\"PropertyValueSpecification\",\"valueRequired\":true,\"valueName\":\"search_term_string\"}}],\"inLanguage\":\"fr-FR\"},{\"@type\":\"Organization\",\"@id\":\"https:\/\/vpdanses.fr\/home\/bienvenue-chez-vp-danses-hazebrouck\/#organization\",\"name\":\"VP DANSES, cours de Danse Sportive \u00e0 Aire-sur-la-Lys et \u00e0 Saint-Jans-Cappel (Hauts-de-France)\",\"url\":\"https:\/\/vpdanses.fr\/home\/bienvenue-chez-vp-danses-hazebrouck\/\",\"logo\":{\"@type\":\"ImageObject\",\"inLanguage\":\"fr-FR\",\"@id\":\"https:\/\/vpdanses.fr\/home\/bienvenue-chez-vp-danses-hazebrouck\/#\/schema\/logo\/image\/\",\"url\":\"https:\/\/vpdanses.fr\/wp-content\/uploads\/2024\/10\/logo_cadanse_asaintjans.jpeg\",\"contentUrl\":\"https:\/\/vpdanses.fr\/wp-content\/uploads\/2024\/10\/logo_cadanse_asaintjans.jpeg\",\"width\":225,\"height\":225,\"caption\":\"VP DANSES, cours de Danse Sportive \u00e0 Aire-sur-la-Lys et \u00e0 Saint-Jans-Cappel (Hauts-de-France)\"},\"image\":{\"@id\":\"https:\/\/vpdanses.fr\/home\/bienvenue-chez-vp-danses-hazebrouck\/#\/schema\/logo\/image\/\"}},{\"@type\":\"Person\",\"@id\":\"https:\/\/vpdanses.fr\/home\/bienvenue-chez-vp-danses-hazebrouck\/#\/schema\/person\/bf87806369778f949b83c9cd885519e5\",\"name\":\"VP DANSES\",\"description\":\"\\\"VP danses\\\" est une association qui donne des cours de DANSES SPORTIVES STANDARDS (valse anglaise, tango, valse viennoise, slowfox, quickstep), de DANSES SPORTIVES LATINES (samba, chacha, rumba, paso doble, jive), de DANSES DE BAL, de DANSES DE SALONS, de DANSES DE LOISIRS, de SALSA, de ROCK 4 TEMPS, de ROCK 6 TEMPS, de DANSES EN LIGNE, de DISCO, \u2026\",\"sameAs\":[\"https:\/\/vpdanses.fr\"],\"url\":\"https:\/\/vpdanses.fr\/home\/bienvenue-chez-vp-danses-hazebrouck\/author\/adminvp20241018\/\"}]}<\/script>\n<!-- \/ Yoast SEO Premium plugin. -->","yoast_head_json":{"title":"Stage de Danse Sportive \u00e0 Planet'Aire \u00e0 Aire-sur-la-Lys : Valse Lente et Samba session ! - VP DANSES, cours de Danse Sportive \u00e0 Aire-sur-la-Lys et \u00e0 Saint-Jans-Cappel (Hauts-de-France)","description":"Ce dimanche 22\/06\/2025, VP DANSES et PLANET'AIRE s'associent pour le tout 1er stage de Danse Sportive \u00e0 Aire-sur-la-Lys : Valse Lente et Samba session. Venez nombreux pratiquer les danses standards et latines !","robots":{"index":"index","follow":"follow","max-snippet":"max-snippet:-1","max-image-preview":"max-image-preview:large","max-video-preview":"max-video-preview:-1"},"canonical":"https:\/\/vpdanses.fr\/home\/bienvenue-chez-vp-danses-hazebrouck\/stage-danse-sportive-valse-lente-samba-planet-aire-sur-la-lys\/","og_locale":"fr_FR","og_type":"article","og_title":"Stage de Danse Sportive \u00e0 Planet'Aire \u00e0 Aire-sur-la-Lys : Valse Lente et Samba session !","og_description":"Ce dimanche 22\/06\/2025, VP DANSES et PLANET'AIRE s'associent pour le tout 1er stage de Danse Sportive \u00e0 Aire-sur-la-Lys : Valse Lente et Samba session. Venez nombreux pratiquer les danses standards et latines !","og_url":"https:\/\/vpdanses.fr\/home\/bienvenue-chez-vp-danses-hazebrouck\/stage-danse-sportive-valse-lente-samba-planet-aire-sur-la-lys\/","og_site_name":"VP DANSES, cours de Danse Sportive \u00e0 Aire-sur-la-Lys et \u00e0 Saint-Jans-Cappel (Hauts-de-France)","article_published_time":"2025-06-22T04:44:16+00:00","article_modified_time":"2025-06-22T04:44:19+00:00","og_image":[{"width":1955,"height":2560,"url":"https:\/\/vpdanses.fr\/wp-content\/uploads\/2025\/06\/Planet-Aire_indication_salle_danse_IMG_8205-scaled.jpg","type":"image\/jpeg"}],"author":"VP DANSES","twitter_card":"summary_large_image","twitter_title":"Stage de Danse Sportive \u00e0 Planet'Aire \u00e0 Aire-sur-la-Lys : Valse Lente et Samba session !","twitter_misc":{"\u00c9crit par":"VP DANSES","Dur\u00e9e de lecture estim\u00e9e":"2 minutes"},"schema":{"@context":"https:\/\/schema.org","@graph":[{"@type":"Article","@id":"https:\/\/vpdanses.fr\/home\/bienvenue-chez-vp-danses-hazebrouck\/stage-danse-sportive-valse-lente-samba-planet-aire-sur-la-lys\/#article","isPartOf":{"@id":"https:\/\/vpdanses.fr\/home\/bienvenue-chez-vp-danses-hazebrouck\/stage-danse-sportive-valse-lente-samba-planet-aire-sur-la-lys\/"},"author":{"name":"VP DANSES","@id":"https:\/\/vpdanses.fr\/home\/bienvenue-chez-vp-danses-hazebrouck\/#\/schema\/person\/bf87806369778f949b83c9cd885519e5"},"headline":"Stage de Danse Sportive \u00e0 Planet&rsquo;Aire \u00e0 Aire-sur-la-Lys : Valse Lente et Samba session !","datePublished":"2025-06-22T04:44:16+00:00","dateModified":"2025-06-22T04:44:19+00:00","mainEntityOfPage":{"@id":"https:\/\/vpdanses.fr\/home\/bienvenue-chez-vp-danses-hazebrouck\/stage-danse-sportive-valse-lente-samba-planet-aire-sur-la-lys\/"},"wordCount":233,"publisher":{"@id":"https:\/\/vpdanses.fr\/home\/bienvenue-chez-vp-danses-hazebrouck\/#organization"},"image":{"@id":"https:\/\/vpdanses.fr\/home\/bienvenue-chez-vp-danses-hazebrouck\/stage-danse-sportive-valse-lente-samba-planet-aire-sur-la-lys\/#primaryimage"},"thumbnailUrl":"https:\/\/vpdanses.fr\/wp-content\/uploads\/2025\/06\/Planet-Aire_indication_salle_danse_IMG_8205-scaled.jpg","keywords":["Planet'Aire"],"articleSection":["Aire-sur-la-Lys","Autour d'Hazebrouck","DANSE SPORTIVE","Samba","Valse Lente"],"inLanguage":"fr-FR"},{"@type":"WebPage","@id":"https:\/\/vpdanses.fr\/home\/bienvenue-chez-vp-danses-hazebrouck\/stage-danse-sportive-valse-lente-samba-planet-aire-sur-la-lys\/","url":"https:\/\/vpdanses.fr\/home\/bienvenue-chez-vp-danses-hazebrouck\/stage-danse-sportive-valse-lente-samba-planet-aire-sur-la-lys\/","name":"Stage de Danse Sportive \u00e0 Planet'Aire \u00e0 Aire-sur-la-Lys : Valse Lente et Samba session ! - VP DANSES, cours de Danse Sportive \u00e0 Aire-sur-la-Lys et \u00e0 Saint-Jans-Cappel (Hauts-de-France)","isPartOf":{"@id":"https:\/\/vpdanses.fr\/home\/bienvenue-chez-vp-danses-hazebrouck\/#website"},"primaryImageOfPage":{"@id":"https:\/\/vpdanses.fr\/home\/bienvenue-chez-vp-danses-hazebrouck\/stage-danse-sportive-valse-lente-samba-planet-aire-sur-la-lys\/#primaryimage"},"image":{"@id":"https:\/\/vpdanses.fr\/home\/bienvenue-chez-vp-danses-hazebrouck\/stage-danse-sportive-valse-lente-samba-planet-aire-sur-la-lys\/#primaryimage"},"thumbnailUrl":"https:\/\/vpdanses.fr\/wp-content\/uploads\/2025\/06\/Planet-Aire_indication_salle_danse_IMG_8205-scaled.jpg","datePublished":"2025-06-22T04:44:16+00:00","dateModified":"2025-06-22T04:44:19+00:00","description":"Ce dimanche 22\/06\/2025, VP DANSES et PLANET'AIRE s'associent pour le tout 1er stage de Danse Sportive \u00e0 Aire-sur-la-Lys : Valse Lente et Samba session. Venez nombreux pratiquer les danses standards et latines !","breadcrumb":{"@id":"https:\/\/vpdanses.fr\/home\/bienvenue-chez-vp-danses-hazebrouck\/stage-danse-sportive-valse-lente-samba-planet-aire-sur-la-lys\/#breadcrumb"},"inLanguage":"fr-FR","potentialAction":[{"@type":"ReadAction","target":["https:\/\/vpdanses.fr\/home\/bienvenue-chez-vp-danses-hazebrouck\/stage-danse-sportive-valse-lente-samba-planet-aire-sur-la-lys\/"]}]},{"@type":"ImageObject","inLanguage":"fr-FR","@id":"https:\/\/vpdanses.fr\/home\/bienvenue-chez-vp-danses-hazebrouck\/stage-danse-sportive-valse-lente-samba-planet-aire-sur-la-lys\/#primaryimage","url":"https:\/\/vpdanses.fr\/wp-content\/uploads\/2025\/06\/Planet-Aire_indication_salle_danse_IMG_8205-scaled.jpg","contentUrl":"https:\/\/vpdanses.fr\/wp-content\/uploads\/2025\/06\/Planet-Aire_indication_salle_danse_IMG_8205-scaled.jpg","width":1955,"height":2560,"caption":"Stage de Danse Sportive \u00e0 Planet'Aire \u00e0 Aire-sur-la-Lys : Valse Lente et Samba session"},{"@type":"BreadcrumbList","@id":"https:\/\/vpdanses.fr\/home\/bienvenue-chez-vp-danses-hazebrouck\/stage-danse-sportive-valse-lente-samba-planet-aire-sur-la-lys\/#breadcrumb","itemListElement":[{"@type":"ListItem","position":1,"name":"Accueil","item":"https:\/\/vpdanses.fr\/home\/bienvenue-chez-vp-danses-hazebrouck\/"},{"@type":"ListItem","position":2,"name":"Stage de Danse Sportive \u00e0 Planet&rsquo;Aire \u00e0 Aire-sur-la-Lys : Valse Lente et Samba session !"}]},{"@type":"WebSite","@id":"https:\/\/vpdanses.fr\/home\/bienvenue-chez-vp-danses-hazebrouck\/#website","url":"https:\/\/vpdanses.fr\/home\/bienvenue-chez-vp-danses-hazebrouck\/","name":"VP DANSES, cours de Danse Sportive \u00e0 Aire-sur-la-Lys et \u00e0 Saint-Jans-Cappel (Hauts-de-France)","description":"Cours de Danse Sportive STANDARD (valse anglaise, tango, valse viennoise, slowfox, quickstep), danses sportives LATINES (samba, chacha, rumba, paso doble, jive), danses de bal, danses de salons, danses de loisirs, salsa, rock 4 temps, rock 6 temps, danses en ligne, disco, \u2026 Lieu : Hazebrouck, Aire-sur-la-Lys, Saint-Jans-Cappel et Isbergues (Hauts-de-France) - Cours Particuliers dans les Hauts-de-France - Ouverture de bal de Mariage","publisher":{"@id":"https:\/\/vpdanses.fr\/home\/bienvenue-chez-vp-danses-hazebrouck\/#organization"},"potentialAction":[{"@type":"SearchAction","target":{"@type":"EntryPoint","urlTemplate":"https:\/\/vpdanses.fr\/home\/bienvenue-chez-vp-danses-hazebrouck\/?s={search_term_string}"},"query-input":{"@type":"PropertyValueSpecification","valueRequired":true,"valueName":"search_term_string"}}],"inLanguage":"fr-FR"},{"@type":"Organization","@id":"https:\/\/vpdanses.fr\/home\/bienvenue-chez-vp-danses-hazebrouck\/#organization","name":"VP DANSES, cours de Danse Sportive \u00e0 Aire-sur-la-Lys et \u00e0 Saint-Jans-Cappel (Hauts-de-France)","url":"https:\/\/vpdanses.fr\/home\/bienvenue-chez-vp-danses-hazebrouck\/","logo":{"@type":"ImageObject","inLanguage":"fr-FR","@id":"https:\/\/vpdanses.fr\/home\/bienvenue-chez-vp-danses-hazebrouck\/#\/schema\/logo\/image\/","url":"https:\/\/vpdanses.fr\/wp-content\/uploads\/2024\/10\/logo_cadanse_asaintjans.jpeg","contentUrl":"https:\/\/vpdanses.fr\/wp-content\/uploads\/2024\/10\/logo_cadanse_asaintjans.jpeg","width":225,"height":225,"caption":"VP DANSES, cours de Danse Sportive \u00e0 Aire-sur-la-Lys et \u00e0 Saint-Jans-Cappel (Hauts-de-France)"},"image":{"@id":"https:\/\/vpdanses.fr\/home\/bienvenue-chez-vp-danses-hazebrouck\/#\/schema\/logo\/image\/"}},{"@type":"Person","@id":"https:\/\/vpdanses.fr\/home\/bienvenue-chez-vp-danses-hazebrouck\/#\/schema\/person\/bf87806369778f949b83c9cd885519e5","name":"VP DANSES","description":"\"VP danses\" est une association qui donne des cours de DANSES SPORTIVES STANDARDS (valse anglaise, tango, valse viennoise, slowfox, quickstep), de DANSES SPORTIVES LATINES (samba, chacha, rumba, paso doble, jive), de DANSES DE BAL, de DANSES DE SALONS, de DANSES DE LOISIRS, de SALSA, de ROCK 4 TEMPS, de ROCK 6 TEMPS, de DANSES EN LIGNE, de DISCO, \u2026","sameAs":["https:\/\/vpdanses.fr"],"url":"https:\/\/vpdanses.fr\/home\/bienvenue-chez-vp-danses-hazebrouck\/author\/adminvp20241018\/"}]}},"jetpack_featured_media_url":"https:\/\/vpdanses.fr\/wp-content\/uploads\/2025\/06\/Planet-Aire_indication_salle_danse_IMG_8205-scaled.jpg","uagb_featured_image_src":{"full":["https:\/\/vpdanses.fr\/wp-content\/uploads\/2025\/06\/Planet-Aire_indication_salle_danse_IMG_8205-scaled.jpg",1955,2560,false],"thumbnail":["https:\/\/vpdanses.fr\/wp-content\/uploads\/2025\/06\/Planet-Aire_indication_salle_danse_IMG_8205-150x150.jpg",150,150,true],"medium":["https:\/\/vpdanses.fr\/wp-content\/uploads\/2025\/06\/Planet-Aire_indication_salle_danse_IMG_8205-229x300.jpg",229,300,true],"medium_large":["https:\/\/vpdanses.fr\/wp-content\/uploads\/2025\/06\/Planet-Aire_indication_salle_danse_IMG_8205-768x1006.jpg",768,1006,true],"large":["https:\/\/vpdanses.fr\/wp-content\/uploads\/2025\/06\/Planet-Aire_indication_salle_danse_IMG_8205-782x1024.jpg",782,1024,true],"1536x1536":["https:\/\/vpdanses.fr\/wp-content\/uploads\/2025\/06\/Planet-Aire_indication_salle_danse_IMG_8205-1173x1536.jpg",1173,1536,true],"2048x2048":["https:\/\/vpdanses.fr\/wp-content\/uploads\/2025\/06\/Planet-Aire_indication_salle_danse_IMG_8205-1564x2048.jpg",1564,2048,true],"vp_sm":["https:\/\/vpdanses.fr\/wp-content\/uploads\/2025\/06\/Planet-Aire_indication_salle_danse_IMG_8205-500x655.jpg",500,655,true],"vp_md":["https:\/\/vpdanses.fr\/wp-content\/uploads\/2025\/06\/Planet-Aire_indication_salle_danse_IMG_8205-800x1048.jpg",800,1048,true],"vp_lg":["https:\/\/vpdanses.fr\/wp-content\/uploads\/2025\/06\/Planet-Aire_indication_salle_danse_IMG_8205-1280x1676.jpg",1280,1676,true],"vp_xl":["https:\/\/vpdanses.fr\/wp-content\/uploads\/2025\/06\/Planet-Aire_indication_salle_danse_IMG_8205-1920x2514.jpg",1920,2514,true],"vp_sm_popup":["https:\/\/vpdanses.fr\/wp-content\/uploads\/2025\/06\/Planet-Aire_indication_salle_danse_IMG_8205-500x655.jpg",500,655,true],"vp_md_popup":["https:\/\/vpdanses.fr\/wp-content\/uploads\/2025\/06\/Planet-Aire_indication_salle_danse_IMG_8205-800x1048.jpg",800,1048,true],"vp_xl_popup":["https:\/\/vpdanses.fr\/wp-content\/uploads\/2025\/06\/Planet-Aire_indication_salle_danse_IMG_8205-1920x2514.jpg",1920,2514,true],"dance-blog-thumb":["https:\/\/vpdanses.fr\/wp-content\/uploads\/2025\/06\/Planet-Aire_indication_salle_danse_IMG_8205-150x120.jpg",150,120,true],"dance-event-list":["https:\/\/vpdanses.fr\/wp-content\/uploads\/2025\/06\/Planet-Aire_indication_salle_danse_IMG_8205-420x336.jpg",420,336,true],"dance-event-single-type1":["https:\/\/vpdanses.fr\/wp-content\/uploads\/2025\/06\/Planet-Aire_indication_salle_danse_IMG_8205-773x520.jpg",773,520,true],"dance-event-single-type4":["https:\/\/vpdanses.fr\/wp-content\/uploads\/2025\/06\/Planet-Aire_indication_salle_danse_IMG_8205-570x460.jpg",570,460,true],"dance-event-single-type5":["https:\/\/vpdanses.fr\/wp-content\/uploads\/2025\/06\/Planet-Aire_indication_salle_danse_IMG_8205-746x770.jpg",746,770,true],"dance-event-list2":["https:\/\/vpdanses.fr\/wp-content\/uploads\/2025\/06\/Planet-Aire_indication_salle_danse_IMG_8205-420x275.jpg",420,275,true]},"uagb_author_info":{"display_name":"VP DANSES","author_link":"https:\/\/vpdanses.fr\/home\/bienvenue-chez-vp-danses-hazebrouck\/author\/adminvp20241018\/"},"uagb_comment_info":0,"uagb_excerpt":"Ce dimanche 22\/06\/2025, VP DANSES et PLANET'AIRE s'associent pour le tout 1er stage de Danse Sportive \u00e0 Aire-sur-la-Lys : Valse Lente et Samba session. Venez nombreux pratiquer les danses standards et latines !","jetpack_sharing_enabled":true,"_links":{"self":[{"href":"https:\/\/vpdanses.fr\/home\/bienvenue-chez-vp-danses-hazebrouck\/wp-json\/wp\/v2\/posts\/13612","targetHints":{"allow":["GET"]}}],"collection":[{"href":"https:\/\/vpdanses.fr\/home\/bienvenue-chez-vp-danses-hazebrouck\/wp-json\/wp\/v2\/posts"}],"about":[{"href":"https:\/\/vpdanses.fr\/home\/bienvenue-chez-vp-danses-hazebrouck\/wp-json\/wp\/v2\/types\/post"}],"author":[{"embeddable":true,"href":"https:\/\/vpdanses.fr\/home\/bienvenue-chez-vp-danses-hazebrouck\/wp-json\/wp\/v2\/users\/1"}],"replies":[{"embeddable":true,"href":"https:\/\/vpdanses.fr\/home\/bienvenue-chez-vp-danses-hazebrouck\/wp-json\/wp\/v2\/comments?post=13612"}],"version-history":[{"count":6,"href":"https:\/\/vpdanses.fr\/home\/bienvenue-chez-vp-danses-hazebrouck\/wp-json\/wp\/v2\/posts\/13612\/revisions"}],"predecessor-version":[{"id":13636,"href":"https:\/\/vpdanses.fr\/home\/bienvenue-chez-vp-danses-hazebrouck\/wp-json\/wp\/v2\/posts\/13612\/revisions\/13636"}],"wp:featuredmedia":[{"embeddable":true,"href":"https:\/\/vpdanses.fr\/home\/bienvenue-chez-vp-danses-hazebrouck\/wp-json\/wp\/v2\/media\/13613"}],"wp:attachment":[{"href":"https:\/\/vpdanses.fr\/home\/bienvenue-chez-vp-danses-hazebrouck\/wp-json\/wp\/v2\/media?parent=13612"}],"wp:term":[{"taxonomy":"category","embeddable":true,"href":"https:\/\/vpdanses.fr\/home\/bienvenue-chez-vp-danses-hazebrouck\/wp-json\/wp\/v2\/categories?post=13612"},{"taxonomy":"post_tag","embeddable":true,"href":"https:\/\/vpdanses.fr\/home\/bienvenue-chez-vp-danses-hazebrouck\/wp-json\/wp\/v2\/tags?post=13612"}],"curies":[{"name":"wp","href":"https:\/\/api.w.org\/{rel}","templated":true}]}}