{"id":13675,"date":"2025-07-04T18:00:19","date_gmt":"2025-07-04T16:00:19","guid":{"rendered":"https:\/\/vpdanses.fr\/home\/bienvenue-chez-vp-danses-hazebrouck\/?p=13675"},"modified":"2025-07-22T06:04:40","modified_gmt":"2025-07-22T04:04:40","slug":"competition-danse-sportive-wdsf-wuppertal-2025-allemagne","status":"publish","type":"post","link":"https:\/\/vpdanses.fr\/home\/bienvenue-chez-vp-danses-hazebrouck\/competition-danse-sportive-wdsf-wuppertal-2025-allemagne\/","title":{"rendered":"Une place de 24\u00e8me sur 43 couples pr\u00e9sents dans la cat\u00e9gorie Seniors 2 LAtines lors de la Comp\u00e9tition de Danse Sportive WDSF Wuppertal 2025, Allemagne"},"content":{"rendered":"\n<div style=\"height:27px\" aria-hidden=\"true\" class=\"wp-block-spacer\"><\/div>\n\n\n\n<hr class=\"wp-block-separator has-alpha-channel-opacity is-style-wide\"\/>\n\n\n\n<p>Ce vendredi 4 juillet 2025, nous participions \u00e0 la comp\u00e9tition de Danse Sportive WDSF Wuppertal 2025, en Allemagne dans la Cat\u00e9gorie des Seniors 2 Latines !<\/p>\n\n\n\n<p>C&rsquo;est toujours un honneur pour nous de danser dans une si belle salle de danse ! Et encore une occasion id\u00e9ale d&rsquo;accumuler de l&rsquo;exp\u00e9rience dans la pratique de la discipline de la Danse Sportive !<\/p>\n\n\n\n<p>Nous avons atteint la place de 24 \u00e8me sur 42 couples participants. Cette comp\u00e9tition nous place \u00e0 cet instant \u00e0 la position N\u00b0 75 dans le classement WDSF des Seniors 2 Latines.<\/p>\n\n\n\n<blockquote class=\"wp-block-quote is-layout-flow wp-block-quote-is-layout-flow\">\n<p>\u00ab&nbsp;Chaque comp\u00e9tition est l&rsquo;opportunit\u00e9 de remercier la patience et l&rsquo;enseignement de notre professeur de Danse Sportive <a href=\"https:\/\/www.facebook.com\/sven.balcerzak\" target=\"_blank\" rel=\"noreferrer noopener\">Sven BALCERZAK<\/a> ! &nbsp;\u00bb<\/p>\n<\/blockquote>\n\n\n\n<div style=\"height:27px\" aria-hidden=\"true\" class=\"wp-block-spacer\"><\/div>\n\n\n\n<hr class=\"wp-block-separator has-alpha-channel-opacity is-style-wide\"\/>\n\n\n\n<h2 class=\"wp-block-heading\">La vid\u00e9o synopsis : <\/h2>\n\n\n\n<p>Notre vid\u00e9o synopsis de ce s\u00e9jour \u00e0 Wuppertal ! <\/p>\n\n\n\n<figure class=\"wp-block-embed is-type-rich is-provider-instagram wp-block-embed-instagram\"><div class=\"wp-block-embed__wrapper\">\n<blockquote class=\"instagram-media\" data-instgrm-captioned data-instgrm-permalink=\"https:\/\/www.instagram.com\/reel\/DLwuQM7obT-\/?utm_source=ig_embed&amp;utm_campaign=loading\" data-instgrm-version=\"14\" style=\" background:#FFF; border:0; border-radius:3px; box-shadow:0 0 1px 0 rgba(0,0,0,0.5),0 1px 10px 0 rgba(0,0,0,0.15); margin: 1px; max-width:658px; min-width:326px; padding:0; width:99.375%; width:-webkit-calc(100% - 2px); width:calc(100% - 2px);\"><div style=\"padding:16px;\"> <a href=\"https:\/\/www.instagram.com\/reel\/DLwuQM7obT-\/?utm_source=ig_embed&amp;utm_campaign=loading\" style=\" background:#FFFFFF; line-height:0; padding:0 0; text-align:center; text-decoration:none; width:100%;\" target=\"_blank\"> <div style=\" display: flex; flex-direction: row; align-items: center;\"> <div style=\"background-color: #F4F4F4; border-radius: 50%; flex-grow: 0; height: 40px; margin-right: 14px; width: 40px;\"><\/div> <div style=\"display: flex; flex-direction: column; flex-grow: 1; justify-content: center;\"> <div style=\" background-color: #F4F4F4; border-radius: 4px; flex-grow: 0; height: 14px; margin-bottom: 6px; width: 100px;\"><\/div> <div style=\" background-color: #F4F4F4; border-radius: 4px; flex-grow: 0; height: 14px; width: 60px;\"><\/div><\/div><\/div><div style=\"padding: 19% 0;\"><\/div> <div style=\"display:block; height:50px; margin:0 auto 12px; width:50px;\"><svg width=\"50px\" height=\"50px\" viewBox=\"0 0 60 60\" version=\"1.1\" xmlns=\"https:\/\/www.w3.org\/2000\/svg\" xmlns:xlink=\"https:\/\/www.w3.org\/1999\/xlink\"><g stroke=\"none\" stroke-width=\"1\" fill=\"none\" fill-rule=\"evenodd\"><g transform=\"translate(-511.000000, -20.000000)\" fill=\"#000000\"><g><path d=\"M556.869,30.41 C554.814,30.41 553.148,32.076 553.148,34.131 C553.148,36.186 554.814,37.852 556.869,37.852 C558.924,37.852 560.59,36.186 560.59,34.131 C560.59,32.076 558.924,30.41 556.869,30.41 M541,60.657 C535.114,60.657 530.342,55.887 530.342,50 C530.342,44.114 535.114,39.342 541,39.342 C546.887,39.342 551.658,44.114 551.658,50 C551.658,55.887 546.887,60.657 541,60.657 M541,33.886 C532.1,33.886 524.886,41.1 524.886,50 C524.886,58.899 532.1,66.113 541,66.113 C549.9,66.113 557.115,58.899 557.115,50 C557.115,41.1 549.9,33.886 541,33.886 M565.378,62.101 C565.244,65.022 564.756,66.606 564.346,67.663 C563.803,69.06 563.154,70.057 562.106,71.106 C561.058,72.155 560.06,72.803 558.662,73.347 C557.607,73.757 556.021,74.244 553.102,74.378 C549.944,74.521 548.997,74.552 541,74.552 C533.003,74.552 532.056,74.521 528.898,74.378 C525.979,74.244 524.393,73.757 523.338,73.347 C521.94,72.803 520.942,72.155 519.894,71.106 C518.846,70.057 518.197,69.06 517.654,67.663 C517.244,66.606 516.755,65.022 516.623,62.101 C516.479,58.943 516.448,57.996 516.448,50 C516.448,42.003 516.479,41.056 516.623,37.899 C516.755,34.978 517.244,33.391 517.654,32.338 C518.197,30.938 518.846,29.942 519.894,28.894 C520.942,27.846 521.94,27.196 523.338,26.654 C524.393,26.244 525.979,25.756 528.898,25.623 C532.057,25.479 533.004,25.448 541,25.448 C548.997,25.448 549.943,25.479 553.102,25.623 C556.021,25.756 557.607,26.244 558.662,26.654 C560.06,27.196 561.058,27.846 562.106,28.894 C563.154,29.942 563.803,30.938 564.346,32.338 C564.756,33.391 565.244,34.978 565.378,37.899 C565.522,41.056 565.552,42.003 565.552,50 C565.552,57.996 565.522,58.943 565.378,62.101 M570.82,37.631 C570.674,34.438 570.167,32.258 569.425,30.349 C568.659,28.377 567.633,26.702 565.965,25.035 C564.297,23.368 562.623,22.342 560.652,21.575 C558.743,20.834 556.562,20.326 553.369,20.18 C550.169,20.033 549.148,20 541,20 C532.853,20 531.831,20.033 528.631,20.18 C525.438,20.326 523.257,20.834 521.349,21.575 C519.376,22.342 517.703,23.368 516.035,25.035 C514.368,26.702 513.342,28.377 512.574,30.349 C511.834,32.258 511.326,34.438 511.181,37.631 C511.035,40.831 511,41.851 511,50 C511,58.147 511.035,59.17 511.181,62.369 C511.326,65.562 511.834,67.743 512.574,69.651 C513.342,71.625 514.368,73.296 516.035,74.965 C517.703,76.634 519.376,77.658 521.349,78.425 C523.257,79.167 525.438,79.673 528.631,79.82 C531.831,79.965 532.853,80.001 541,80.001 C549.148,80.001 550.169,79.965 553.369,79.82 C556.562,79.673 558.743,79.167 560.652,78.425 C562.623,77.658 564.297,76.634 565.965,74.965 C567.633,73.296 568.659,71.625 569.425,69.651 C570.167,67.743 570.674,65.562 570.82,62.369 C570.966,59.17 571,58.147 571,50 C571,41.851 570.966,40.831 570.82,37.631\"><\/path><\/g><\/g><\/g><\/svg><\/div><div style=\"padding-top: 8px;\"> <div style=\" color:#3897f0; font-family:Arial,sans-serif; font-size:14px; font-style:normal; font-weight:550; line-height:18px;\">View this post on Instagram<\/div><\/div><div style=\"padding: 12.5% 0;\"><\/div> <div style=\"display: flex; flex-direction: row; margin-bottom: 14px; align-items: center;\"><div> <div style=\"background-color: #F4F4F4; border-radius: 50%; height: 12.5px; width: 12.5px; transform: translateX(0px) translateY(7px);\"><\/div> <div style=\"background-color: #F4F4F4; height: 12.5px; transform: rotate(-45deg) translateX(3px) translateY(1px); width: 12.5px; flex-grow: 0; margin-right: 14px; margin-left: 2px;\"><\/div> <div style=\"background-color: #F4F4F4; border-radius: 50%; height: 12.5px; width: 12.5px; transform: translateX(9px) translateY(-18px);\"><\/div><\/div><div style=\"margin-left: 8px;\"> <div style=\" background-color: #F4F4F4; border-radius: 50%; flex-grow: 0; height: 20px; width: 20px;\"><\/div> <div style=\" width: 0; height: 0; border-top: 2px solid transparent; border-left: 6px solid #f4f4f4; border-bottom: 2px solid transparent; transform: translateX(16px) translateY(-4px) rotate(30deg)\"><\/div><\/div><div style=\"margin-left: auto;\"> <div style=\" width: 0px; border-top: 8px solid #F4F4F4; border-right: 8px solid transparent; transform: translateY(16px);\"><\/div> <div style=\" background-color: #F4F4F4; flex-grow: 0; height: 12px; width: 16px; transform: translateY(-4px);\"><\/div> <div style=\" width: 0; height: 0; border-top: 8px solid #F4F4F4; border-left: 8px solid transparent; transform: translateY(-4px) translateX(8px);\"><\/div><\/div><\/div> <div style=\"display: flex; flex-direction: column; flex-grow: 1; justify-content: center; margin-bottom: 24px;\"> <div style=\" background-color: #F4F4F4; border-radius: 4px; flex-grow: 0; height: 14px; margin-bottom: 6px; width: 224px;\"><\/div> <div style=\" background-color: #F4F4F4; border-radius: 4px; flex-grow: 0; height: 14px; width: 144px;\"><\/div><\/div><\/a><p style=\" color:#c9c8cd; font-family:Arial,sans-serif; font-size:14px; line-height:17px; margin-bottom:0; margin-top:8px; overflow:hidden; padding:8px 0 7px; text-align:center; text-overflow:ellipsis; white-space:nowrap;\"><a href=\"https:\/\/www.instagram.com\/reel\/DLwuQM7obT-\/?utm_source=ig_embed&amp;utm_campaign=loading\" style=\" color:#c9c8cd; font-family:Arial,sans-serif; font-size:14px; font-style:normal; font-weight:normal; line-height:17px; text-decoration:none;\" target=\"_blank\">A post shared by VP Danses (@vpdanses)<\/a><\/p><\/div><\/blockquote><script async src=\"\/\/platform.instagram.com\/en_US\/embeds.js\"><\/script>\n<\/div><\/figure>\n\n\n\n<div style=\"height:27px\" aria-hidden=\"true\" class=\"wp-block-spacer\"><\/div>\n\n\n\n<hr class=\"wp-block-separator has-alpha-channel-opacity is-style-wide\"\/>\n\n\n\n<h2 class=\"wp-block-heading\">Photos prises \u00e0 Wuppertal :<\/h2>\n\n\n<div class=\"wp-block-visual-portfolio alignwide\">\n<div class=\"vp-portfolio vp-uid-6daf67f0 vp-id-Z22nPaF\"\n\tdata-vp-layout=\"justified\" data-vp-content-source=\"images\" data-vp-items-style=\"emerge\" data-vp-items-click-action=\"popup_gallery\" data-vp-items-gap=\"15\" data-vp-items-gap-vertical=\"\" data-vp-pagination=\"load-more\" data-vp-next-page-url=\"\" data-vp-justified-row-height=\"200\" data-vp-justified-row-height-tolerance=\"0.25\" data-vp-justified-max-rows-count=\"0\" data-vp-justified-last-row=\"left\" >\n\t<div class=\"vp-portfolio__preloader-wrap\">\n\t\t<div class=\"vp-portfolio__preloader\">\n\t\t\t<img decoding=\"async\" loading=\"eager\" src=\"https:\/\/vpdanses.fr\/wp-content\/plugins\/visual-portfolio\/assets\/images\/logo-dark.svg\" alt=\"Visual Portfolio, Posts &amp; Image Gallery for WordPress\" width=\"20\" height=\"20\" data-skip-lazy>\n\t\t<\/div>\n\t<\/div>\n\t\t<div class=\"vp-portfolio__items-wrap\">\n\t\t\t\n<div class=\"vp-portfolio__items vp-portfolio__items-style-emerge vp-portfolio__items-show-overlay-hover vp-portfolio__items-show-caption-hover\">\n\n\t\t<div\t\tclass=\"vp-portfolio__item-wrap vp-portfolio__item-uid-17d163a4\" data-vp-filter=\"\" \t\t>\n\t\t\t<template class=\"vp-portfolio__item-popup\" data-vp-popup-img=\"https:\/\/vpdanses.fr\/wp-content\/uploads\/2025\/07\/2025-07-04.WDSF_Wuppertal_IMG_9571.jpg\" data-vp-popup-img-srcset=\"https:\/\/vpdanses.fr\/wp-content\/uploads\/2025\/07\/2025-07-04.WDSF_Wuppertal_IMG_9571.jpg 1240w, https:\/\/vpdanses.fr\/wp-content\/uploads\/2025\/07\/2025-07-04.WDSF_Wuppertal_IMG_9571-300x225.jpg 300w, https:\/\/vpdanses.fr\/wp-content\/uploads\/2025\/07\/2025-07-04.WDSF_Wuppertal_IMG_9571-1024x768.jpg 1024w, https:\/\/vpdanses.fr\/wp-content\/uploads\/2025\/07\/2025-07-04.WDSF_Wuppertal_IMG_9571-768x576.jpg 768w, https:\/\/vpdanses.fr\/wp-content\/uploads\/2025\/07\/2025-07-04.WDSF_Wuppertal_IMG_9571-500x375.jpg 500w, https:\/\/vpdanses.fr\/wp-content\/uploads\/2025\/07\/2025-07-04.WDSF_Wuppertal_IMG_9571-800x600.jpg 800w\" data-vp-popup-img-size=\"1240x930\" data-vp-popup-md-img=\"https:\/\/vpdanses.fr\/wp-content\/uploads\/2025\/07\/2025-07-04.WDSF_Wuppertal_IMG_9571-800x600.jpg\" data-vp-popup-md-img-size=\"800x600\" data-vp-popup-sm-img=\"https:\/\/vpdanses.fr\/wp-content\/uploads\/2025\/07\/2025-07-04.WDSF_Wuppertal_IMG_9571-500x375.jpg\" data-vp-popup-sm-img-size=\"500x375\">\n\t\t\t<h3 class=\"vp-portfolio__item-popup-title\">WDSF Wuppertal 2025, Allemagne<\/h3>\n\t\t\t\t<div class=\"vp-portfolio__item-popup-description\">Le m\u00e9lange du gris de l&rsquo;ardoise, des volets en bois peints en vert.<\/div>\n\t\t<\/template>\n\t\t\t\t\t\t<figure class=\"vp-portfolio__item\">\n\t\t\t\t\n<div class=\"vp-portfolio__item-img-wrap\">\n\t<div class=\"vp-portfolio__item-img\">\n\t\t\t<a\n\t\thref=\"https:\/\/vpdanses.fr\/wp-content\/uploads\/2025\/07\/2025-07-04.WDSF_Wuppertal_IMG_9571.jpg\"\n\t\t\t>\n\t\n\t\t<noscript><img loading=\"lazy\" decoding=\"async\" width=\"1240\" height=\"930\" data-skip-lazy src=\"https:\/\/vpdanses.fr\/wp-content\/uploads\/2025\/07\/2025-07-04.WDSF_Wuppertal_IMG_9571.jpg\" class=\"wp-image-13677\" alt=\"Comp\u00e9tition de Danse Sportive WDSF Wuppertal 2025 en Allemagne \u00e0 l&#039; Historische Stadthalle\" srcset=\"https:\/\/vpdanses.fr\/wp-content\/uploads\/2025\/07\/2025-07-04.WDSF_Wuppertal_IMG_9571.jpg 1240w, https:\/\/vpdanses.fr\/wp-content\/uploads\/2025\/07\/2025-07-04.WDSF_Wuppertal_IMG_9571-300x225.jpg 300w, https:\/\/vpdanses.fr\/wp-content\/uploads\/2025\/07\/2025-07-04.WDSF_Wuppertal_IMG_9571-1024x768.jpg 1024w, https:\/\/vpdanses.fr\/wp-content\/uploads\/2025\/07\/2025-07-04.WDSF_Wuppertal_IMG_9571-768x576.jpg 768w, https:\/\/vpdanses.fr\/wp-content\/uploads\/2025\/07\/2025-07-04.WDSF_Wuppertal_IMG_9571-500x375.jpg 500w, https:\/\/vpdanses.fr\/wp-content\/uploads\/2025\/07\/2025-07-04.WDSF_Wuppertal_IMG_9571-800x600.jpg 800w\" sizes=\"auto, (max-width: 1240px) 100vw, 1240px\" \/><\/noscript><img fetchpriority=\"high\" decoding=\"async\" width=\"1240\" height=\"930\" src=\"https:\/\/vpdanses.fr\/wp-content\/uploads\/2025\/07\/2025-07-04.WDSF_Wuppertal_IMG_9571.jpg\" class=\"wp-image-13677 vp-lazyload\" alt=\"Comp\u00e9tition de Danse Sportive WDSF Wuppertal 2025 en Allemagne \u00e0 l&#039; Historische Stadthalle\" srcset=\"data:image\/svg+xml;base64,PHN2ZyB3aWR0aD0iMTI0MCIgaGVpZ2h0PSI5MzAiIHZpZXdCb3g9IjAgMCAxMjQwIDkzMCIgZmlsbD0ibm9uZSIgeG1sbnM9Imh0dHA6Ly93d3cudzMub3JnLzIwMDAvc3ZnIj48L3N2Zz4=\" data-src=\"https:\/\/vpdanses.fr\/wp-content\/uploads\/2025\/07\/2025-07-04.WDSF_Wuppertal_IMG_9571.jpg\" data-srcset=\"https:\/\/vpdanses.fr\/wp-content\/uploads\/2025\/07\/2025-07-04.WDSF_Wuppertal_IMG_9571.jpg 1240w, https:\/\/vpdanses.fr\/wp-content\/uploads\/2025\/07\/2025-07-04.WDSF_Wuppertal_IMG_9571-300x225.jpg 300w, https:\/\/vpdanses.fr\/wp-content\/uploads\/2025\/07\/2025-07-04.WDSF_Wuppertal_IMG_9571-1024x768.jpg 1024w, https:\/\/vpdanses.fr\/wp-content\/uploads\/2025\/07\/2025-07-04.WDSF_Wuppertal_IMG_9571-768x576.jpg 768w, https:\/\/vpdanses.fr\/wp-content\/uploads\/2025\/07\/2025-07-04.WDSF_Wuppertal_IMG_9571-500x375.jpg 500w, https:\/\/vpdanses.fr\/wp-content\/uploads\/2025\/07\/2025-07-04.WDSF_Wuppertal_IMG_9571-800x600.jpg 800w\" data-sizes=\"auto\" loading=\"eager\">\n\t\t<div class=\"vp-portfolio__item-overlay\"><\/div>\n\n\t\t<\/a>\t<\/div>\n<\/div>\n\n\t<figcaption class=\"vp-portfolio__item-caption vp-portfolio__item-caption-text-align-center\">\n\t\t<div class=\"vp-portfolio__item-meta-wrap vp-portfolio__custom-scrollbar\">\n\t\t\t<div class=\"vp-portfolio__item-meta\">\n\t\t\t\t\n<h2 class=\"vp-portfolio__item-meta-title\">\n\t\t<a\n\t\thref=\"https:\/\/vpdanses.fr\/wp-content\/uploads\/2025\/07\/2025-07-04.WDSF_Wuppertal_IMG_9571.jpg\"\n\t\t\t>\n\tWDSF Wuppertal 2025, Allemagne<\/a><\/h2>\n\t\t\t<\/div>\n\t\t<\/div>\n\t<\/figcaption>\n\t\t\t<\/figure>\n\t\t\t\t\t<\/div>\n\t\t\n\t\t<div\t\tclass=\"vp-portfolio__item-wrap vp-portfolio__item-uid-4c32ad90\" data-vp-filter=\"\" \t\t>\n\t\t\t<template class=\"vp-portfolio__item-popup\" data-vp-popup-img=\"https:\/\/vpdanses.fr\/wp-content\/uploads\/2025\/07\/2025-07-04.WDSF_Wuppertal_IMG_9573.jpg\" data-vp-popup-img-srcset=\"https:\/\/vpdanses.fr\/wp-content\/uploads\/2025\/07\/2025-07-04.WDSF_Wuppertal_IMG_9573.jpg 1240w, https:\/\/vpdanses.fr\/wp-content\/uploads\/2025\/07\/2025-07-04.WDSF_Wuppertal_IMG_9573-300x225.jpg 300w, https:\/\/vpdanses.fr\/wp-content\/uploads\/2025\/07\/2025-07-04.WDSF_Wuppertal_IMG_9573-1024x768.jpg 1024w, https:\/\/vpdanses.fr\/wp-content\/uploads\/2025\/07\/2025-07-04.WDSF_Wuppertal_IMG_9573-768x576.jpg 768w, https:\/\/vpdanses.fr\/wp-content\/uploads\/2025\/07\/2025-07-04.WDSF_Wuppertal_IMG_9573-500x375.jpg 500w, https:\/\/vpdanses.fr\/wp-content\/uploads\/2025\/07\/2025-07-04.WDSF_Wuppertal_IMG_9573-800x600.jpg 800w\" data-vp-popup-img-size=\"1240x930\" data-vp-popup-md-img=\"https:\/\/vpdanses.fr\/wp-content\/uploads\/2025\/07\/2025-07-04.WDSF_Wuppertal_IMG_9573-800x600.jpg\" data-vp-popup-md-img-size=\"800x600\" data-vp-popup-sm-img=\"https:\/\/vpdanses.fr\/wp-content\/uploads\/2025\/07\/2025-07-04.WDSF_Wuppertal_IMG_9573-500x375.jpg\" data-vp-popup-sm-img-size=\"500x375\">\n\t\t\t<h3 class=\"vp-portfolio__item-popup-title\">Comp\u00e9tition de Danse Sportive WDSF Wuppertal 2025 en Allemagne \u00e0 l&rsquo; Historische Stadthalle<\/h3>\n\t\t\t\t<div class=\"vp-portfolio__item-popup-description\">Comp\u00e9tition de Danse Sportive WDSF Wuppertal 2025 en Allemagne \u00e0 l&rsquo; Historische Stadthalle <\/div>\n\t\t<\/template>\n\t\t\t\t\t\t<figure class=\"vp-portfolio__item\">\n\t\t\t\t\n<div class=\"vp-portfolio__item-img-wrap\">\n\t<div class=\"vp-portfolio__item-img\">\n\t\t\t<a\n\t\thref=\"https:\/\/vpdanses.fr\/wp-content\/uploads\/2025\/07\/2025-07-04.WDSF_Wuppertal_IMG_9573.jpg\"\n\t\t\t>\n\t\n\t\t<noscript><img loading=\"lazy\" decoding=\"async\" width=\"1240\" height=\"930\" data-skip-lazy src=\"https:\/\/vpdanses.fr\/wp-content\/uploads\/2025\/07\/2025-07-04.WDSF_Wuppertal_IMG_9573.jpg\" class=\"wp-image-13678\" alt=\"Comp\u00e9tition de Danse Sportive WDSF Wuppertal 2025 en Allemagne \u00e0 l&#039; Historische Stadthalle\" srcset=\"https:\/\/vpdanses.fr\/wp-content\/uploads\/2025\/07\/2025-07-04.WDSF_Wuppertal_IMG_9573.jpg 1240w, https:\/\/vpdanses.fr\/wp-content\/uploads\/2025\/07\/2025-07-04.WDSF_Wuppertal_IMG_9573-300x225.jpg 300w, https:\/\/vpdanses.fr\/wp-content\/uploads\/2025\/07\/2025-07-04.WDSF_Wuppertal_IMG_9573-1024x768.jpg 1024w, https:\/\/vpdanses.fr\/wp-content\/uploads\/2025\/07\/2025-07-04.WDSF_Wuppertal_IMG_9573-768x576.jpg 768w, https:\/\/vpdanses.fr\/wp-content\/uploads\/2025\/07\/2025-07-04.WDSF_Wuppertal_IMG_9573-500x375.jpg 500w, https:\/\/vpdanses.fr\/wp-content\/uploads\/2025\/07\/2025-07-04.WDSF_Wuppertal_IMG_9573-800x600.jpg 800w\" sizes=\"auto, (max-width: 1240px) 100vw, 1240px\" \/><\/noscript><img decoding=\"async\" width=\"1240\" height=\"930\" src=\"https:\/\/vpdanses.fr\/wp-content\/uploads\/2025\/07\/2025-07-04.WDSF_Wuppertal_IMG_9573.jpg\" class=\"wp-image-13678 vp-lazyload\" alt=\"Comp\u00e9tition de Danse Sportive WDSF Wuppertal 2025 en Allemagne \u00e0 l&#039; Historische Stadthalle\" srcset=\"data:image\/svg+xml;base64,PHN2ZyB3aWR0aD0iMTI0MCIgaGVpZ2h0PSI5MzAiIHZpZXdCb3g9IjAgMCAxMjQwIDkzMCIgZmlsbD0ibm9uZSIgeG1sbnM9Imh0dHA6Ly93d3cudzMub3JnLzIwMDAvc3ZnIj48L3N2Zz4=\" data-src=\"https:\/\/vpdanses.fr\/wp-content\/uploads\/2025\/07\/2025-07-04.WDSF_Wuppertal_IMG_9573.jpg\" data-srcset=\"https:\/\/vpdanses.fr\/wp-content\/uploads\/2025\/07\/2025-07-04.WDSF_Wuppertal_IMG_9573.jpg 1240w, https:\/\/vpdanses.fr\/wp-content\/uploads\/2025\/07\/2025-07-04.WDSF_Wuppertal_IMG_9573-300x225.jpg 300w, https:\/\/vpdanses.fr\/wp-content\/uploads\/2025\/07\/2025-07-04.WDSF_Wuppertal_IMG_9573-1024x768.jpg 1024w, https:\/\/vpdanses.fr\/wp-content\/uploads\/2025\/07\/2025-07-04.WDSF_Wuppertal_IMG_9573-768x576.jpg 768w, https:\/\/vpdanses.fr\/wp-content\/uploads\/2025\/07\/2025-07-04.WDSF_Wuppertal_IMG_9573-500x375.jpg 500w, https:\/\/vpdanses.fr\/wp-content\/uploads\/2025\/07\/2025-07-04.WDSF_Wuppertal_IMG_9573-800x600.jpg 800w\" data-sizes=\"auto\" loading=\"eager\">\n\t\t<div class=\"vp-portfolio__item-overlay\"><\/div>\n\n\t\t<\/a>\t<\/div>\n<\/div>\n\n\t<figcaption class=\"vp-portfolio__item-caption vp-portfolio__item-caption-text-align-center\">\n\t\t<div class=\"vp-portfolio__item-meta-wrap vp-portfolio__custom-scrollbar\">\n\t\t\t<div class=\"vp-portfolio__item-meta\">\n\t\t\t\t\n<h2 class=\"vp-portfolio__item-meta-title\">\n\t\t<a\n\t\thref=\"https:\/\/vpdanses.fr\/wp-content\/uploads\/2025\/07\/2025-07-04.WDSF_Wuppertal_IMG_9573.jpg\"\n\t\t\t>\n\tComp\u00e9tition de Danse Sportive WDSF Wuppertal 2025 en Allemagne \u00e0 l&rsquo; Historische Stadthalle<\/a><\/h2>\n\t\t\t<\/div>\n\t\t<\/div>\n\t<\/figcaption>\n\t\t\t<\/figure>\n\t\t\t\t\t<\/div>\n\t\t\n\t\t<div\t\tclass=\"vp-portfolio__item-wrap vp-portfolio__item-uid-43e54bc3\" data-vp-filter=\"\" \t\t>\n\t\t\t<template class=\"vp-portfolio__item-popup\" data-vp-popup-img=\"https:\/\/vpdanses.fr\/wp-content\/uploads\/2025\/07\/2025-07-04.WDSF_Wuppertal_IMG_9574.jpg\" data-vp-popup-img-srcset=\"https:\/\/vpdanses.fr\/wp-content\/uploads\/2025\/07\/2025-07-04.WDSF_Wuppertal_IMG_9574.jpg 1240w, https:\/\/vpdanses.fr\/wp-content\/uploads\/2025\/07\/2025-07-04.WDSF_Wuppertal_IMG_9574-300x225.jpg 300w, https:\/\/vpdanses.fr\/wp-content\/uploads\/2025\/07\/2025-07-04.WDSF_Wuppertal_IMG_9574-1024x768.jpg 1024w, https:\/\/vpdanses.fr\/wp-content\/uploads\/2025\/07\/2025-07-04.WDSF_Wuppertal_IMG_9574-768x576.jpg 768w, https:\/\/vpdanses.fr\/wp-content\/uploads\/2025\/07\/2025-07-04.WDSF_Wuppertal_IMG_9574-500x375.jpg 500w, https:\/\/vpdanses.fr\/wp-content\/uploads\/2025\/07\/2025-07-04.WDSF_Wuppertal_IMG_9574-800x600.jpg 800w\" data-vp-popup-img-size=\"1240x930\" data-vp-popup-md-img=\"https:\/\/vpdanses.fr\/wp-content\/uploads\/2025\/07\/2025-07-04.WDSF_Wuppertal_IMG_9574-800x600.jpg\" data-vp-popup-md-img-size=\"800x600\" data-vp-popup-sm-img=\"https:\/\/vpdanses.fr\/wp-content\/uploads\/2025\/07\/2025-07-04.WDSF_Wuppertal_IMG_9574-500x375.jpg\" data-vp-popup-sm-img-size=\"500x375\">\n\t\t\t<h3 class=\"vp-portfolio__item-popup-title\">Comp\u00e9tition de Danse Sportive WDSF Wuppertal 2025 en Allemagne \u00e0 l&rsquo; Historische Stadthalle<\/h3>\n\t\t\t\t<div class=\"vp-portfolio__item-popup-description\">Comp\u00e9tition de Danse Sportive WDSF Wuppertal 2025 en Allemagne \u00e0 l&rsquo; Historische Stadthalle <\/div>\n\t\t<\/template>\n\t\t\t\t\t\t<figure class=\"vp-portfolio__item\">\n\t\t\t\t\n<div class=\"vp-portfolio__item-img-wrap\">\n\t<div class=\"vp-portfolio__item-img\">\n\t\t\t<a\n\t\thref=\"https:\/\/vpdanses.fr\/wp-content\/uploads\/2025\/07\/2025-07-04.WDSF_Wuppertal_IMG_9574.jpg\"\n\t\t\t>\n\t\n\t\t<noscript><img loading=\"lazy\" decoding=\"async\" width=\"1240\" height=\"930\" data-skip-lazy src=\"https:\/\/vpdanses.fr\/wp-content\/uploads\/2025\/07\/2025-07-04.WDSF_Wuppertal_IMG_9574.jpg\" class=\"wp-image-13680\" alt=\"Comp\u00e9tition de Danse Sportive WDSF Wuppertal 2025 en Allemagne \u00e0 l&#039; Historische Stadthalle\" srcset=\"https:\/\/vpdanses.fr\/wp-content\/uploads\/2025\/07\/2025-07-04.WDSF_Wuppertal_IMG_9574.jpg 1240w, https:\/\/vpdanses.fr\/wp-content\/uploads\/2025\/07\/2025-07-04.WDSF_Wuppertal_IMG_9574-300x225.jpg 300w, https:\/\/vpdanses.fr\/wp-content\/uploads\/2025\/07\/2025-07-04.WDSF_Wuppertal_IMG_9574-1024x768.jpg 1024w, https:\/\/vpdanses.fr\/wp-content\/uploads\/2025\/07\/2025-07-04.WDSF_Wuppertal_IMG_9574-768x576.jpg 768w, https:\/\/vpdanses.fr\/wp-content\/uploads\/2025\/07\/2025-07-04.WDSF_Wuppertal_IMG_9574-500x375.jpg 500w, https:\/\/vpdanses.fr\/wp-content\/uploads\/2025\/07\/2025-07-04.WDSF_Wuppertal_IMG_9574-800x600.jpg 800w\" sizes=\"auto, (max-width: 1240px) 100vw, 1240px\" \/><\/noscript><img decoding=\"async\" width=\"1240\" height=\"930\" src=\"https:\/\/vpdanses.fr\/wp-content\/uploads\/2025\/07\/2025-07-04.WDSF_Wuppertal_IMG_9574.jpg\" class=\"wp-image-13680 vp-lazyload\" alt=\"Comp\u00e9tition de Danse Sportive WDSF Wuppertal 2025 en Allemagne \u00e0 l&#039; Historische Stadthalle\" srcset=\"data:image\/svg+xml;base64,PHN2ZyB3aWR0aD0iMTI0MCIgaGVpZ2h0PSI5MzAiIHZpZXdCb3g9IjAgMCAxMjQwIDkzMCIgZmlsbD0ibm9uZSIgeG1sbnM9Imh0dHA6Ly93d3cudzMub3JnLzIwMDAvc3ZnIj48L3N2Zz4=\" data-src=\"https:\/\/vpdanses.fr\/wp-content\/uploads\/2025\/07\/2025-07-04.WDSF_Wuppertal_IMG_9574.jpg\" data-srcset=\"https:\/\/vpdanses.fr\/wp-content\/uploads\/2025\/07\/2025-07-04.WDSF_Wuppertal_IMG_9574.jpg 1240w, https:\/\/vpdanses.fr\/wp-content\/uploads\/2025\/07\/2025-07-04.WDSF_Wuppertal_IMG_9574-300x225.jpg 300w, https:\/\/vpdanses.fr\/wp-content\/uploads\/2025\/07\/2025-07-04.WDSF_Wuppertal_IMG_9574-1024x768.jpg 1024w, https:\/\/vpdanses.fr\/wp-content\/uploads\/2025\/07\/2025-07-04.WDSF_Wuppertal_IMG_9574-768x576.jpg 768w, https:\/\/vpdanses.fr\/wp-content\/uploads\/2025\/07\/2025-07-04.WDSF_Wuppertal_IMG_9574-500x375.jpg 500w, https:\/\/vpdanses.fr\/wp-content\/uploads\/2025\/07\/2025-07-04.WDSF_Wuppertal_IMG_9574-800x600.jpg 800w\" data-sizes=\"auto\" loading=\"eager\">\n\t\t<div class=\"vp-portfolio__item-overlay\"><\/div>\n\n\t\t<\/a>\t<\/div>\n<\/div>\n\n\t<figcaption class=\"vp-portfolio__item-caption vp-portfolio__item-caption-text-align-center\">\n\t\t<div class=\"vp-portfolio__item-meta-wrap vp-portfolio__custom-scrollbar\">\n\t\t\t<div class=\"vp-portfolio__item-meta\">\n\t\t\t\t\n<h2 class=\"vp-portfolio__item-meta-title\">\n\t\t<a\n\t\thref=\"https:\/\/vpdanses.fr\/wp-content\/uploads\/2025\/07\/2025-07-04.WDSF_Wuppertal_IMG_9574.jpg\"\n\t\t\t>\n\tComp\u00e9tition de Danse Sportive WDSF Wuppertal 2025 en Allemagne \u00e0 l&rsquo; Historische Stadthalle<\/a><\/h2>\n\t\t\t<\/div>\n\t\t<\/div>\n\t<\/figcaption>\n\t\t\t<\/figure>\n\t\t\t\t\t<\/div>\n\t\t\n\t\t<div\t\tclass=\"vp-portfolio__item-wrap vp-portfolio__item-uid-ffbea8f0\" data-vp-filter=\"\" \t\t>\n\t\t\t<template class=\"vp-portfolio__item-popup\" data-vp-popup-img=\"https:\/\/vpdanses.fr\/wp-content\/uploads\/2025\/07\/2025-07-04.WDSF_Wuppertal_IMG_9575.jpg\" data-vp-popup-img-srcset=\"https:\/\/vpdanses.fr\/wp-content\/uploads\/2025\/07\/2025-07-04.WDSF_Wuppertal_IMG_9575.jpg 1240w, https:\/\/vpdanses.fr\/wp-content\/uploads\/2025\/07\/2025-07-04.WDSF_Wuppertal_IMG_9575-300x225.jpg 300w, https:\/\/vpdanses.fr\/wp-content\/uploads\/2025\/07\/2025-07-04.WDSF_Wuppertal_IMG_9575-1024x768.jpg 1024w, https:\/\/vpdanses.fr\/wp-content\/uploads\/2025\/07\/2025-07-04.WDSF_Wuppertal_IMG_9575-768x576.jpg 768w, https:\/\/vpdanses.fr\/wp-content\/uploads\/2025\/07\/2025-07-04.WDSF_Wuppertal_IMG_9575-500x375.jpg 500w, https:\/\/vpdanses.fr\/wp-content\/uploads\/2025\/07\/2025-07-04.WDSF_Wuppertal_IMG_9575-800x600.jpg 800w\" data-vp-popup-img-size=\"1240x930\" data-vp-popup-md-img=\"https:\/\/vpdanses.fr\/wp-content\/uploads\/2025\/07\/2025-07-04.WDSF_Wuppertal_IMG_9575-800x600.jpg\" data-vp-popup-md-img-size=\"800x600\" data-vp-popup-sm-img=\"https:\/\/vpdanses.fr\/wp-content\/uploads\/2025\/07\/2025-07-04.WDSF_Wuppertal_IMG_9575-500x375.jpg\" data-vp-popup-sm-img-size=\"500x375\">\n\t\t\t<h3 class=\"vp-portfolio__item-popup-title\">Comp\u00e9tition de Danse Sportive WDSF Wuppertal 2025 en Allemagne \u00e0 l&rsquo; Historische Stadthalle<\/h3>\n\t\t\t\t<div class=\"vp-portfolio__item-popup-description\">Comp\u00e9tition de Danse Sportive WDSF Wuppertal 2025 en Allemagne \u00e0 l&rsquo; Historische Stadthalle <\/div>\n\t\t<\/template>\n\t\t\t\t\t\t<figure class=\"vp-portfolio__item\">\n\t\t\t\t\n<div class=\"vp-portfolio__item-img-wrap\">\n\t<div class=\"vp-portfolio__item-img\">\n\t\t\t<a\n\t\thref=\"https:\/\/vpdanses.fr\/wp-content\/uploads\/2025\/07\/2025-07-04.WDSF_Wuppertal_IMG_9575.jpg\"\n\t\t\t>\n\t\n\t\t<noscript><img loading=\"lazy\" decoding=\"async\" width=\"1240\" height=\"930\" data-skip-lazy src=\"https:\/\/vpdanses.fr\/wp-content\/uploads\/2025\/07\/2025-07-04.WDSF_Wuppertal_IMG_9575.jpg\" class=\"wp-image-13681\" alt=\"Comp\u00e9tition de Danse Sportive WDSF Wuppertal 2025 en Allemagne \u00e0 l&#039; Historische Stadthalle\" srcset=\"https:\/\/vpdanses.fr\/wp-content\/uploads\/2025\/07\/2025-07-04.WDSF_Wuppertal_IMG_9575.jpg 1240w, https:\/\/vpdanses.fr\/wp-content\/uploads\/2025\/07\/2025-07-04.WDSF_Wuppertal_IMG_9575-300x225.jpg 300w, https:\/\/vpdanses.fr\/wp-content\/uploads\/2025\/07\/2025-07-04.WDSF_Wuppertal_IMG_9575-1024x768.jpg 1024w, https:\/\/vpdanses.fr\/wp-content\/uploads\/2025\/07\/2025-07-04.WDSF_Wuppertal_IMG_9575-768x576.jpg 768w, https:\/\/vpdanses.fr\/wp-content\/uploads\/2025\/07\/2025-07-04.WDSF_Wuppertal_IMG_9575-500x375.jpg 500w, https:\/\/vpdanses.fr\/wp-content\/uploads\/2025\/07\/2025-07-04.WDSF_Wuppertal_IMG_9575-800x600.jpg 800w\" sizes=\"auto, (max-width: 1240px) 100vw, 1240px\" \/><\/noscript><img decoding=\"async\" width=\"1240\" height=\"930\" src=\"https:\/\/vpdanses.fr\/wp-content\/uploads\/2025\/07\/2025-07-04.WDSF_Wuppertal_IMG_9575.jpg\" class=\"wp-image-13681 vp-lazyload\" alt=\"Comp\u00e9tition de Danse Sportive WDSF Wuppertal 2025 en Allemagne \u00e0 l&#039; Historische Stadthalle\" srcset=\"data:image\/svg+xml;base64,PHN2ZyB3aWR0aD0iMTI0MCIgaGVpZ2h0PSI5MzAiIHZpZXdCb3g9IjAgMCAxMjQwIDkzMCIgZmlsbD0ibm9uZSIgeG1sbnM9Imh0dHA6Ly93d3cudzMub3JnLzIwMDAvc3ZnIj48L3N2Zz4=\" data-src=\"https:\/\/vpdanses.fr\/wp-content\/uploads\/2025\/07\/2025-07-04.WDSF_Wuppertal_IMG_9575.jpg\" data-srcset=\"https:\/\/vpdanses.fr\/wp-content\/uploads\/2025\/07\/2025-07-04.WDSF_Wuppertal_IMG_9575.jpg 1240w, https:\/\/vpdanses.fr\/wp-content\/uploads\/2025\/07\/2025-07-04.WDSF_Wuppertal_IMG_9575-300x225.jpg 300w, https:\/\/vpdanses.fr\/wp-content\/uploads\/2025\/07\/2025-07-04.WDSF_Wuppertal_IMG_9575-1024x768.jpg 1024w, https:\/\/vpdanses.fr\/wp-content\/uploads\/2025\/07\/2025-07-04.WDSF_Wuppertal_IMG_9575-768x576.jpg 768w, https:\/\/vpdanses.fr\/wp-content\/uploads\/2025\/07\/2025-07-04.WDSF_Wuppertal_IMG_9575-500x375.jpg 500w, https:\/\/vpdanses.fr\/wp-content\/uploads\/2025\/07\/2025-07-04.WDSF_Wuppertal_IMG_9575-800x600.jpg 800w\" data-sizes=\"auto\" loading=\"eager\">\n\t\t<div class=\"vp-portfolio__item-overlay\"><\/div>\n\n\t\t<\/a>\t<\/div>\n<\/div>\n\n\t<figcaption class=\"vp-portfolio__item-caption vp-portfolio__item-caption-text-align-center\">\n\t\t<div class=\"vp-portfolio__item-meta-wrap vp-portfolio__custom-scrollbar\">\n\t\t\t<div class=\"vp-portfolio__item-meta\">\n\t\t\t\t\n<h2 class=\"vp-portfolio__item-meta-title\">\n\t\t<a\n\t\thref=\"https:\/\/vpdanses.fr\/wp-content\/uploads\/2025\/07\/2025-07-04.WDSF_Wuppertal_IMG_9575.jpg\"\n\t\t\t>\n\tComp\u00e9tition de Danse Sportive WDSF Wuppertal 2025 en Allemagne \u00e0 l&rsquo; Historische Stadthalle<\/a><\/h2>\n\t\t\t<\/div>\n\t\t<\/div>\n\t<\/figcaption>\n\t\t\t<\/figure>\n\t\t\t\t\t<\/div>\n\t\t\n\t\t<div\t\tclass=\"vp-portfolio__item-wrap vp-portfolio__item-uid-0cb5f964\" data-vp-filter=\"\" \t\t>\n\t\t\t<template class=\"vp-portfolio__item-popup\" data-vp-popup-img=\"https:\/\/vpdanses.fr\/wp-content\/uploads\/2025\/07\/2025-07-04.WDSF_Wuppertal_IMG_9617.jpg\" data-vp-popup-img-srcset=\"https:\/\/vpdanses.fr\/wp-content\/uploads\/2025\/07\/2025-07-04.WDSF_Wuppertal_IMG_9617.jpg 1240w, https:\/\/vpdanses.fr\/wp-content\/uploads\/2025\/07\/2025-07-04.WDSF_Wuppertal_IMG_9617-300x225.jpg 300w, https:\/\/vpdanses.fr\/wp-content\/uploads\/2025\/07\/2025-07-04.WDSF_Wuppertal_IMG_9617-1024x768.jpg 1024w, https:\/\/vpdanses.fr\/wp-content\/uploads\/2025\/07\/2025-07-04.WDSF_Wuppertal_IMG_9617-768x576.jpg 768w, https:\/\/vpdanses.fr\/wp-content\/uploads\/2025\/07\/2025-07-04.WDSF_Wuppertal_IMG_9617-500x375.jpg 500w, https:\/\/vpdanses.fr\/wp-content\/uploads\/2025\/07\/2025-07-04.WDSF_Wuppertal_IMG_9617-800x600.jpg 800w\" data-vp-popup-img-size=\"1240x930\" data-vp-popup-md-img=\"https:\/\/vpdanses.fr\/wp-content\/uploads\/2025\/07\/2025-07-04.WDSF_Wuppertal_IMG_9617-800x600.jpg\" data-vp-popup-md-img-size=\"800x600\" data-vp-popup-sm-img=\"https:\/\/vpdanses.fr\/wp-content\/uploads\/2025\/07\/2025-07-04.WDSF_Wuppertal_IMG_9617-500x375.jpg\" data-vp-popup-sm-img-size=\"500x375\">\n\t\t\t<h3 class=\"vp-portfolio__item-popup-title\">Comp\u00e9tition de Danse Sportive WDSF Wuppertal 2025 en Allemagne \u00e0 l&rsquo; Historische Stadthalle<\/h3>\n\t\t\t\t<div class=\"vp-portfolio__item-popup-description\">Comp\u00e9tition de Danse Sportive WDSF Wuppertal 2025 en Allemagne \u00e0 l&rsquo; Historische Stadthalle <\/div>\n\t\t<\/template>\n\t\t\t\t\t\t<figure class=\"vp-portfolio__item\">\n\t\t\t\t\n<div class=\"vp-portfolio__item-img-wrap\">\n\t<div class=\"vp-portfolio__item-img\">\n\t\t\t<a\n\t\thref=\"https:\/\/vpdanses.fr\/wp-content\/uploads\/2025\/07\/2025-07-04.WDSF_Wuppertal_IMG_9617.jpg\"\n\t\t\t>\n\t\n\t\t<noscript><img loading=\"lazy\" decoding=\"async\" width=\"1240\" height=\"930\" data-skip-lazy src=\"https:\/\/vpdanses.fr\/wp-content\/uploads\/2025\/07\/2025-07-04.WDSF_Wuppertal_IMG_9617.jpg\" class=\"wp-image-13683\" alt=\"Comp\u00e9tition de Danse Sportive WDSF Wuppertal 2025 en Allemagne \u00e0 l&#039; Historische Stadthalle\" srcset=\"https:\/\/vpdanses.fr\/wp-content\/uploads\/2025\/07\/2025-07-04.WDSF_Wuppertal_IMG_9617.jpg 1240w, https:\/\/vpdanses.fr\/wp-content\/uploads\/2025\/07\/2025-07-04.WDSF_Wuppertal_IMG_9617-300x225.jpg 300w, https:\/\/vpdanses.fr\/wp-content\/uploads\/2025\/07\/2025-07-04.WDSF_Wuppertal_IMG_9617-1024x768.jpg 1024w, https:\/\/vpdanses.fr\/wp-content\/uploads\/2025\/07\/2025-07-04.WDSF_Wuppertal_IMG_9617-768x576.jpg 768w, https:\/\/vpdanses.fr\/wp-content\/uploads\/2025\/07\/2025-07-04.WDSF_Wuppertal_IMG_9617-500x375.jpg 500w, https:\/\/vpdanses.fr\/wp-content\/uploads\/2025\/07\/2025-07-04.WDSF_Wuppertal_IMG_9617-800x600.jpg 800w\" sizes=\"auto, (max-width: 1240px) 100vw, 1240px\" \/><\/noscript><img decoding=\"async\" width=\"1240\" height=\"930\" src=\"https:\/\/vpdanses.fr\/wp-content\/uploads\/2025\/07\/2025-07-04.WDSF_Wuppertal_IMG_9617.jpg\" class=\"wp-image-13683 vp-lazyload\" alt=\"Comp\u00e9tition de Danse Sportive WDSF Wuppertal 2025 en Allemagne \u00e0 l&#039; Historische Stadthalle\" srcset=\"data:image\/svg+xml;base64,PHN2ZyB3aWR0aD0iMTI0MCIgaGVpZ2h0PSI5MzAiIHZpZXdCb3g9IjAgMCAxMjQwIDkzMCIgZmlsbD0ibm9uZSIgeG1sbnM9Imh0dHA6Ly93d3cudzMub3JnLzIwMDAvc3ZnIj48L3N2Zz4=\" data-src=\"https:\/\/vpdanses.fr\/wp-content\/uploads\/2025\/07\/2025-07-04.WDSF_Wuppertal_IMG_9617.jpg\" data-srcset=\"https:\/\/vpdanses.fr\/wp-content\/uploads\/2025\/07\/2025-07-04.WDSF_Wuppertal_IMG_9617.jpg 1240w, https:\/\/vpdanses.fr\/wp-content\/uploads\/2025\/07\/2025-07-04.WDSF_Wuppertal_IMG_9617-300x225.jpg 300w, https:\/\/vpdanses.fr\/wp-content\/uploads\/2025\/07\/2025-07-04.WDSF_Wuppertal_IMG_9617-1024x768.jpg 1024w, https:\/\/vpdanses.fr\/wp-content\/uploads\/2025\/07\/2025-07-04.WDSF_Wuppertal_IMG_9617-768x576.jpg 768w, https:\/\/vpdanses.fr\/wp-content\/uploads\/2025\/07\/2025-07-04.WDSF_Wuppertal_IMG_9617-500x375.jpg 500w, https:\/\/vpdanses.fr\/wp-content\/uploads\/2025\/07\/2025-07-04.WDSF_Wuppertal_IMG_9617-800x600.jpg 800w\" data-sizes=\"auto\" loading=\"eager\">\n\t\t<div class=\"vp-portfolio__item-overlay\"><\/div>\n\n\t\t<\/a>\t<\/div>\n<\/div>\n\n\t<figcaption class=\"vp-portfolio__item-caption vp-portfolio__item-caption-text-align-center\">\n\t\t<div class=\"vp-portfolio__item-meta-wrap vp-portfolio__custom-scrollbar\">\n\t\t\t<div class=\"vp-portfolio__item-meta\">\n\t\t\t\t\n<h2 class=\"vp-portfolio__item-meta-title\">\n\t\t<a\n\t\thref=\"https:\/\/vpdanses.fr\/wp-content\/uploads\/2025\/07\/2025-07-04.WDSF_Wuppertal_IMG_9617.jpg\"\n\t\t\t>\n\tComp\u00e9tition de Danse Sportive WDSF Wuppertal 2025 en Allemagne \u00e0 l&rsquo; Historische Stadthalle<\/a><\/h2>\n\t\t\t<\/div>\n\t\t<\/div>\n\t<\/figcaption>\n\t\t\t<\/figure>\n\t\t\t\t\t<\/div>\n\t\t\n\t\t<div\t\tclass=\"vp-portfolio__item-wrap vp-portfolio__item-uid-598dbf62\" data-vp-filter=\"\" \t\t>\n\t\t\t<template class=\"vp-portfolio__item-popup\" data-vp-popup-img=\"https:\/\/vpdanses.fr\/wp-content\/uploads\/2025\/07\/2025-07-04.WDSF_Wuppertal_IMG_9618.jpg\" data-vp-popup-img-srcset=\"https:\/\/vpdanses.fr\/wp-content\/uploads\/2025\/07\/2025-07-04.WDSF_Wuppertal_IMG_9618.jpg 1240w, https:\/\/vpdanses.fr\/wp-content\/uploads\/2025\/07\/2025-07-04.WDSF_Wuppertal_IMG_9618-300x225.jpg 300w, https:\/\/vpdanses.fr\/wp-content\/uploads\/2025\/07\/2025-07-04.WDSF_Wuppertal_IMG_9618-1024x768.jpg 1024w, https:\/\/vpdanses.fr\/wp-content\/uploads\/2025\/07\/2025-07-04.WDSF_Wuppertal_IMG_9618-768x576.jpg 768w, https:\/\/vpdanses.fr\/wp-content\/uploads\/2025\/07\/2025-07-04.WDSF_Wuppertal_IMG_9618-500x375.jpg 500w, https:\/\/vpdanses.fr\/wp-content\/uploads\/2025\/07\/2025-07-04.WDSF_Wuppertal_IMG_9618-800x600.jpg 800w\" data-vp-popup-img-size=\"1240x930\" data-vp-popup-md-img=\"https:\/\/vpdanses.fr\/wp-content\/uploads\/2025\/07\/2025-07-04.WDSF_Wuppertal_IMG_9618-800x600.jpg\" data-vp-popup-md-img-size=\"800x600\" data-vp-popup-sm-img=\"https:\/\/vpdanses.fr\/wp-content\/uploads\/2025\/07\/2025-07-04.WDSF_Wuppertal_IMG_9618-500x375.jpg\" data-vp-popup-sm-img-size=\"500x375\">\n\t\t\t<h3 class=\"vp-portfolio__item-popup-title\">Comp\u00e9tition de Danse Sportive WDSF Wuppertal 2025 en Allemagne \u00e0 l&rsquo; Historische Stadthalle<\/h3>\n\t\t\t\t<div class=\"vp-portfolio__item-popup-description\">Comp\u00e9tition de Danse Sportive WDSF Wuppertal 2025 en Allemagne \u00e0 l&rsquo; Historische Stadthalle <\/div>\n\t\t<\/template>\n\t\t\t\t\t\t<figure class=\"vp-portfolio__item\">\n\t\t\t\t\n<div class=\"vp-portfolio__item-img-wrap\">\n\t<div class=\"vp-portfolio__item-img\">\n\t\t\t<a\n\t\thref=\"https:\/\/vpdanses.fr\/wp-content\/uploads\/2025\/07\/2025-07-04.WDSF_Wuppertal_IMG_9618.jpg\"\n\t\t\t>\n\t\n\t\t<noscript><img loading=\"lazy\" decoding=\"async\" width=\"1240\" height=\"930\" data-skip-lazy src=\"https:\/\/vpdanses.fr\/wp-content\/uploads\/2025\/07\/2025-07-04.WDSF_Wuppertal_IMG_9618.jpg\" class=\"wp-image-13684\" alt=\"Comp\u00e9tition de Danse Sportive WDSF Wuppertal 2025 en Allemagne \u00e0 l&#039; Historische Stadthalle\" srcset=\"https:\/\/vpdanses.fr\/wp-content\/uploads\/2025\/07\/2025-07-04.WDSF_Wuppertal_IMG_9618.jpg 1240w, https:\/\/vpdanses.fr\/wp-content\/uploads\/2025\/07\/2025-07-04.WDSF_Wuppertal_IMG_9618-300x225.jpg 300w, https:\/\/vpdanses.fr\/wp-content\/uploads\/2025\/07\/2025-07-04.WDSF_Wuppertal_IMG_9618-1024x768.jpg 1024w, https:\/\/vpdanses.fr\/wp-content\/uploads\/2025\/07\/2025-07-04.WDSF_Wuppertal_IMG_9618-768x576.jpg 768w, https:\/\/vpdanses.fr\/wp-content\/uploads\/2025\/07\/2025-07-04.WDSF_Wuppertal_IMG_9618-500x375.jpg 500w, https:\/\/vpdanses.fr\/wp-content\/uploads\/2025\/07\/2025-07-04.WDSF_Wuppertal_IMG_9618-800x600.jpg 800w\" sizes=\"auto, (max-width: 1240px) 100vw, 1240px\" \/><\/noscript><img decoding=\"async\" width=\"1240\" height=\"930\" src=\"https:\/\/vpdanses.fr\/wp-content\/uploads\/2025\/07\/2025-07-04.WDSF_Wuppertal_IMG_9618.jpg\" class=\"wp-image-13684 vp-lazyload\" alt=\"Comp\u00e9tition de Danse Sportive WDSF Wuppertal 2025 en Allemagne \u00e0 l&#039; Historische Stadthalle\" srcset=\"data:image\/svg+xml;base64,PHN2ZyB3aWR0aD0iMTI0MCIgaGVpZ2h0PSI5MzAiIHZpZXdCb3g9IjAgMCAxMjQwIDkzMCIgZmlsbD0ibm9uZSIgeG1sbnM9Imh0dHA6Ly93d3cudzMub3JnLzIwMDAvc3ZnIj48L3N2Zz4=\" data-src=\"https:\/\/vpdanses.fr\/wp-content\/uploads\/2025\/07\/2025-07-04.WDSF_Wuppertal_IMG_9618.jpg\" data-srcset=\"https:\/\/vpdanses.fr\/wp-content\/uploads\/2025\/07\/2025-07-04.WDSF_Wuppertal_IMG_9618.jpg 1240w, https:\/\/vpdanses.fr\/wp-content\/uploads\/2025\/07\/2025-07-04.WDSF_Wuppertal_IMG_9618-300x225.jpg 300w, https:\/\/vpdanses.fr\/wp-content\/uploads\/2025\/07\/2025-07-04.WDSF_Wuppertal_IMG_9618-1024x768.jpg 1024w, https:\/\/vpdanses.fr\/wp-content\/uploads\/2025\/07\/2025-07-04.WDSF_Wuppertal_IMG_9618-768x576.jpg 768w, https:\/\/vpdanses.fr\/wp-content\/uploads\/2025\/07\/2025-07-04.WDSF_Wuppertal_IMG_9618-500x375.jpg 500w, https:\/\/vpdanses.fr\/wp-content\/uploads\/2025\/07\/2025-07-04.WDSF_Wuppertal_IMG_9618-800x600.jpg 800w\" data-sizes=\"auto\" loading=\"eager\">\n\t\t<div class=\"vp-portfolio__item-overlay\"><\/div>\n\n\t\t<\/a>\t<\/div>\n<\/div>\n\n\t<figcaption class=\"vp-portfolio__item-caption vp-portfolio__item-caption-text-align-center\">\n\t\t<div class=\"vp-portfolio__item-meta-wrap vp-portfolio__custom-scrollbar\">\n\t\t\t<div class=\"vp-portfolio__item-meta\">\n\t\t\t\t\n<h2 class=\"vp-portfolio__item-meta-title\">\n\t\t<a\n\t\thref=\"https:\/\/vpdanses.fr\/wp-content\/uploads\/2025\/07\/2025-07-04.WDSF_Wuppertal_IMG_9618.jpg\"\n\t\t\t>\n\tComp\u00e9tition de Danse Sportive WDSF Wuppertal 2025 en Allemagne \u00e0 l&rsquo; Historische Stadthalle<\/a><\/h2>\n\t\t\t<\/div>\n\t\t<\/div>\n\t<\/figcaption>\n\t\t\t<\/figure>\n\t\t\t\t\t<\/div>\n\t\t\n\t\t<div\t\tclass=\"vp-portfolio__item-wrap vp-portfolio__item-uid-a81efd5a\" data-vp-filter=\"\" \t\t>\n\t\t\t<template class=\"vp-portfolio__item-popup\" data-vp-popup-img=\"https:\/\/vpdanses.fr\/wp-content\/uploads\/2025\/07\/2025-07-04.WDSF_Wuppertal_IMG_9622.jpg\" data-vp-popup-img-srcset=\"https:\/\/vpdanses.fr\/wp-content\/uploads\/2025\/07\/2025-07-04.WDSF_Wuppertal_IMG_9622.jpg 1240w, https:\/\/vpdanses.fr\/wp-content\/uploads\/2025\/07\/2025-07-04.WDSF_Wuppertal_IMG_9622-300x225.jpg 300w, https:\/\/vpdanses.fr\/wp-content\/uploads\/2025\/07\/2025-07-04.WDSF_Wuppertal_IMG_9622-1024x768.jpg 1024w, https:\/\/vpdanses.fr\/wp-content\/uploads\/2025\/07\/2025-07-04.WDSF_Wuppertal_IMG_9622-768x576.jpg 768w, https:\/\/vpdanses.fr\/wp-content\/uploads\/2025\/07\/2025-07-04.WDSF_Wuppertal_IMG_9622-500x375.jpg 500w, https:\/\/vpdanses.fr\/wp-content\/uploads\/2025\/07\/2025-07-04.WDSF_Wuppertal_IMG_9622-800x600.jpg 800w\" data-vp-popup-img-size=\"1240x930\" data-vp-popup-md-img=\"https:\/\/vpdanses.fr\/wp-content\/uploads\/2025\/07\/2025-07-04.WDSF_Wuppertal_IMG_9622-800x600.jpg\" data-vp-popup-md-img-size=\"800x600\" data-vp-popup-sm-img=\"https:\/\/vpdanses.fr\/wp-content\/uploads\/2025\/07\/2025-07-04.WDSF_Wuppertal_IMG_9622-500x375.jpg\" data-vp-popup-sm-img-size=\"500x375\">\n\t\t\t<h3 class=\"vp-portfolio__item-popup-title\">Comp\u00e9tition de Danse Sportive WDSF Wuppertal 2025 en Allemagne \u00e0 l&rsquo; Historische Stadthalle<\/h3>\n\t\t\t\t<div class=\"vp-portfolio__item-popup-description\">Comp\u00e9tition de Danse Sportive WDSF Wuppertal 2025 en Allemagne \u00e0 l&rsquo; Historische Stadthalle <\/div>\n\t\t<\/template>\n\t\t\t\t\t\t<figure class=\"vp-portfolio__item\">\n\t\t\t\t\n<div class=\"vp-portfolio__item-img-wrap\">\n\t<div class=\"vp-portfolio__item-img\">\n\t\t\t<a\n\t\thref=\"https:\/\/vpdanses.fr\/wp-content\/uploads\/2025\/07\/2025-07-04.WDSF_Wuppertal_IMG_9622.jpg\"\n\t\t\t>\n\t\n\t\t<noscript><img loading=\"lazy\" decoding=\"async\" width=\"1240\" height=\"930\" data-skip-lazy src=\"https:\/\/vpdanses.fr\/wp-content\/uploads\/2025\/07\/2025-07-04.WDSF_Wuppertal_IMG_9622.jpg\" class=\"wp-image-13685\" alt=\"Comp\u00e9tition de Danse Sportive WDSF Wuppertal 2025 en Allemagne \u00e0 l&#039; Historische Stadthalle\" srcset=\"https:\/\/vpdanses.fr\/wp-content\/uploads\/2025\/07\/2025-07-04.WDSF_Wuppertal_IMG_9622.jpg 1240w, https:\/\/vpdanses.fr\/wp-content\/uploads\/2025\/07\/2025-07-04.WDSF_Wuppertal_IMG_9622-300x225.jpg 300w, https:\/\/vpdanses.fr\/wp-content\/uploads\/2025\/07\/2025-07-04.WDSF_Wuppertal_IMG_9622-1024x768.jpg 1024w, https:\/\/vpdanses.fr\/wp-content\/uploads\/2025\/07\/2025-07-04.WDSF_Wuppertal_IMG_9622-768x576.jpg 768w, https:\/\/vpdanses.fr\/wp-content\/uploads\/2025\/07\/2025-07-04.WDSF_Wuppertal_IMG_9622-500x375.jpg 500w, https:\/\/vpdanses.fr\/wp-content\/uploads\/2025\/07\/2025-07-04.WDSF_Wuppertal_IMG_9622-800x600.jpg 800w\" sizes=\"auto, (max-width: 1240px) 100vw, 1240px\" \/><\/noscript><img decoding=\"async\" width=\"1240\" height=\"930\" src=\"https:\/\/vpdanses.fr\/wp-content\/uploads\/2025\/07\/2025-07-04.WDSF_Wuppertal_IMG_9622.jpg\" class=\"wp-image-13685 vp-lazyload\" alt=\"Comp\u00e9tition de Danse Sportive WDSF Wuppertal 2025 en Allemagne \u00e0 l&#039; Historische Stadthalle\" srcset=\"data:image\/svg+xml;base64,PHN2ZyB3aWR0aD0iMTI0MCIgaGVpZ2h0PSI5MzAiIHZpZXdCb3g9IjAgMCAxMjQwIDkzMCIgZmlsbD0ibm9uZSIgeG1sbnM9Imh0dHA6Ly93d3cudzMub3JnLzIwMDAvc3ZnIj48L3N2Zz4=\" data-src=\"https:\/\/vpdanses.fr\/wp-content\/uploads\/2025\/07\/2025-07-04.WDSF_Wuppertal_IMG_9622.jpg\" data-srcset=\"https:\/\/vpdanses.fr\/wp-content\/uploads\/2025\/07\/2025-07-04.WDSF_Wuppertal_IMG_9622.jpg 1240w, https:\/\/vpdanses.fr\/wp-content\/uploads\/2025\/07\/2025-07-04.WDSF_Wuppertal_IMG_9622-300x225.jpg 300w, https:\/\/vpdanses.fr\/wp-content\/uploads\/2025\/07\/2025-07-04.WDSF_Wuppertal_IMG_9622-1024x768.jpg 1024w, https:\/\/vpdanses.fr\/wp-content\/uploads\/2025\/07\/2025-07-04.WDSF_Wuppertal_IMG_9622-768x576.jpg 768w, https:\/\/vpdanses.fr\/wp-content\/uploads\/2025\/07\/2025-07-04.WDSF_Wuppertal_IMG_9622-500x375.jpg 500w, https:\/\/vpdanses.fr\/wp-content\/uploads\/2025\/07\/2025-07-04.WDSF_Wuppertal_IMG_9622-800x600.jpg 800w\" data-sizes=\"auto\" loading=\"eager\">\n\t\t<div class=\"vp-portfolio__item-overlay\"><\/div>\n\n\t\t<\/a>\t<\/div>\n<\/div>\n\n\t<figcaption class=\"vp-portfolio__item-caption vp-portfolio__item-caption-text-align-center\">\n\t\t<div class=\"vp-portfolio__item-meta-wrap vp-portfolio__custom-scrollbar\">\n\t\t\t<div class=\"vp-portfolio__item-meta\">\n\t\t\t\t\n<h2 class=\"vp-portfolio__item-meta-title\">\n\t\t<a\n\t\thref=\"https:\/\/vpdanses.fr\/wp-content\/uploads\/2025\/07\/2025-07-04.WDSF_Wuppertal_IMG_9622.jpg\"\n\t\t\t>\n\tComp\u00e9tition de Danse Sportive WDSF Wuppertal 2025 en Allemagne \u00e0 l&rsquo; Historische Stadthalle<\/a><\/h2>\n\t\t\t<\/div>\n\t\t<\/div>\n\t<\/figcaption>\n\t\t\t<\/figure>\n\t\t\t\t\t<\/div>\n\t\t\n\t\t<div\t\tclass=\"vp-portfolio__item-wrap vp-portfolio__item-uid-fa4b7f45\" data-vp-filter=\"\" \t\t>\n\t\t\t<template class=\"vp-portfolio__item-popup\" data-vp-popup-img=\"https:\/\/vpdanses.fr\/wp-content\/uploads\/2025\/07\/2025-07-04.WDSF_Wuppertal_IMG_9625.jpg\" data-vp-popup-img-srcset=\"https:\/\/vpdanses.fr\/wp-content\/uploads\/2025\/07\/2025-07-04.WDSF_Wuppertal_IMG_9625.jpg 1240w, https:\/\/vpdanses.fr\/wp-content\/uploads\/2025\/07\/2025-07-04.WDSF_Wuppertal_IMG_9625-300x225.jpg 300w, https:\/\/vpdanses.fr\/wp-content\/uploads\/2025\/07\/2025-07-04.WDSF_Wuppertal_IMG_9625-1024x768.jpg 1024w, https:\/\/vpdanses.fr\/wp-content\/uploads\/2025\/07\/2025-07-04.WDSF_Wuppertal_IMG_9625-768x576.jpg 768w, https:\/\/vpdanses.fr\/wp-content\/uploads\/2025\/07\/2025-07-04.WDSF_Wuppertal_IMG_9625-500x375.jpg 500w, https:\/\/vpdanses.fr\/wp-content\/uploads\/2025\/07\/2025-07-04.WDSF_Wuppertal_IMG_9625-800x600.jpg 800w\" data-vp-popup-img-size=\"1240x930\" data-vp-popup-md-img=\"https:\/\/vpdanses.fr\/wp-content\/uploads\/2025\/07\/2025-07-04.WDSF_Wuppertal_IMG_9625-800x600.jpg\" data-vp-popup-md-img-size=\"800x600\" data-vp-popup-sm-img=\"https:\/\/vpdanses.fr\/wp-content\/uploads\/2025\/07\/2025-07-04.WDSF_Wuppertal_IMG_9625-500x375.jpg\" data-vp-popup-sm-img-size=\"500x375\">\n\t\t\t<h3 class=\"vp-portfolio__item-popup-title\">Comp\u00e9tition de Danse Sportive WDSF Wuppertal 2025 en Allemagne \u00e0 l&rsquo; Historische Stadthalle<\/h3>\n\t\t\t\t<div class=\"vp-portfolio__item-popup-description\">Comp\u00e9tition de Danse Sportive WDSF Wuppertal 2025 en Allemagne \u00e0 l&rsquo; Historische Stadthalle <\/div>\n\t\t<\/template>\n\t\t\t\t\t\t<figure class=\"vp-portfolio__item\">\n\t\t\t\t\n<div class=\"vp-portfolio__item-img-wrap\">\n\t<div class=\"vp-portfolio__item-img\">\n\t\t\t<a\n\t\thref=\"https:\/\/vpdanses.fr\/wp-content\/uploads\/2025\/07\/2025-07-04.WDSF_Wuppertal_IMG_9625.jpg\"\n\t\t\t>\n\t\n\t\t<noscript><img loading=\"lazy\" decoding=\"async\" width=\"1240\" height=\"930\" data-skip-lazy src=\"https:\/\/vpdanses.fr\/wp-content\/uploads\/2025\/07\/2025-07-04.WDSF_Wuppertal_IMG_9625.jpg\" class=\"wp-image-13686\" alt=\"Comp\u00e9tition de Danse Sportive WDSF Wuppertal 2025 en Allemagne \u00e0 l&#039; Historische Stadthalle\" srcset=\"https:\/\/vpdanses.fr\/wp-content\/uploads\/2025\/07\/2025-07-04.WDSF_Wuppertal_IMG_9625.jpg 1240w, https:\/\/vpdanses.fr\/wp-content\/uploads\/2025\/07\/2025-07-04.WDSF_Wuppertal_IMG_9625-300x225.jpg 300w, https:\/\/vpdanses.fr\/wp-content\/uploads\/2025\/07\/2025-07-04.WDSF_Wuppertal_IMG_9625-1024x768.jpg 1024w, https:\/\/vpdanses.fr\/wp-content\/uploads\/2025\/07\/2025-07-04.WDSF_Wuppertal_IMG_9625-768x576.jpg 768w, https:\/\/vpdanses.fr\/wp-content\/uploads\/2025\/07\/2025-07-04.WDSF_Wuppertal_IMG_9625-500x375.jpg 500w, https:\/\/vpdanses.fr\/wp-content\/uploads\/2025\/07\/2025-07-04.WDSF_Wuppertal_IMG_9625-800x600.jpg 800w\" sizes=\"auto, (max-width: 1240px) 100vw, 1240px\" \/><\/noscript><img decoding=\"async\" width=\"1240\" height=\"930\" src=\"https:\/\/vpdanses.fr\/wp-content\/uploads\/2025\/07\/2025-07-04.WDSF_Wuppertal_IMG_9625.jpg\" class=\"wp-image-13686 vp-lazyload\" alt=\"Comp\u00e9tition de Danse Sportive WDSF Wuppertal 2025 en Allemagne \u00e0 l&#039; Historische Stadthalle\" srcset=\"data:image\/svg+xml;base64,PHN2ZyB3aWR0aD0iMTI0MCIgaGVpZ2h0PSI5MzAiIHZpZXdCb3g9IjAgMCAxMjQwIDkzMCIgZmlsbD0ibm9uZSIgeG1sbnM9Imh0dHA6Ly93d3cudzMub3JnLzIwMDAvc3ZnIj48L3N2Zz4=\" data-src=\"https:\/\/vpdanses.fr\/wp-content\/uploads\/2025\/07\/2025-07-04.WDSF_Wuppertal_IMG_9625.jpg\" data-srcset=\"https:\/\/vpdanses.fr\/wp-content\/uploads\/2025\/07\/2025-07-04.WDSF_Wuppertal_IMG_9625.jpg 1240w, https:\/\/vpdanses.fr\/wp-content\/uploads\/2025\/07\/2025-07-04.WDSF_Wuppertal_IMG_9625-300x225.jpg 300w, https:\/\/vpdanses.fr\/wp-content\/uploads\/2025\/07\/2025-07-04.WDSF_Wuppertal_IMG_9625-1024x768.jpg 1024w, https:\/\/vpdanses.fr\/wp-content\/uploads\/2025\/07\/2025-07-04.WDSF_Wuppertal_IMG_9625-768x576.jpg 768w, https:\/\/vpdanses.fr\/wp-content\/uploads\/2025\/07\/2025-07-04.WDSF_Wuppertal_IMG_9625-500x375.jpg 500w, https:\/\/vpdanses.fr\/wp-content\/uploads\/2025\/07\/2025-07-04.WDSF_Wuppertal_IMG_9625-800x600.jpg 800w\" data-sizes=\"auto\" loading=\"eager\">\n\t\t<div class=\"vp-portfolio__item-overlay\"><\/div>\n\n\t\t<\/a>\t<\/div>\n<\/div>\n\n\t<figcaption class=\"vp-portfolio__item-caption vp-portfolio__item-caption-text-align-center\">\n\t\t<div class=\"vp-portfolio__item-meta-wrap vp-portfolio__custom-scrollbar\">\n\t\t\t<div class=\"vp-portfolio__item-meta\">\n\t\t\t\t\n<h2 class=\"vp-portfolio__item-meta-title\">\n\t\t<a\n\t\thref=\"https:\/\/vpdanses.fr\/wp-content\/uploads\/2025\/07\/2025-07-04.WDSF_Wuppertal_IMG_9625.jpg\"\n\t\t\t>\n\tComp\u00e9tition de Danse Sportive WDSF Wuppertal 2025 en Allemagne \u00e0 l&rsquo; Historische Stadthalle<\/a><\/h2>\n\t\t\t<\/div>\n\t\t<\/div>\n\t<\/figcaption>\n\t\t\t<\/figure>\n\t\t\t\t\t<\/div>\n\t\t\n\t\t<div\t\tclass=\"vp-portfolio__item-wrap vp-portfolio__item-uid-eca5e097\" data-vp-filter=\"\" \t\t>\n\t\t\t<template class=\"vp-portfolio__item-popup\" data-vp-popup-img=\"https:\/\/vpdanses.fr\/wp-content\/uploads\/2025\/07\/2025-07-04.WDSF_Wuppertal_IMG_9627.jpg\" data-vp-popup-img-srcset=\"https:\/\/vpdanses.fr\/wp-content\/uploads\/2025\/07\/2025-07-04.WDSF_Wuppertal_IMG_9627.jpg 1240w, https:\/\/vpdanses.fr\/wp-content\/uploads\/2025\/07\/2025-07-04.WDSF_Wuppertal_IMG_9627-300x225.jpg 300w, https:\/\/vpdanses.fr\/wp-content\/uploads\/2025\/07\/2025-07-04.WDSF_Wuppertal_IMG_9627-1024x768.jpg 1024w, https:\/\/vpdanses.fr\/wp-content\/uploads\/2025\/07\/2025-07-04.WDSF_Wuppertal_IMG_9627-768x576.jpg 768w, https:\/\/vpdanses.fr\/wp-content\/uploads\/2025\/07\/2025-07-04.WDSF_Wuppertal_IMG_9627-500x375.jpg 500w, https:\/\/vpdanses.fr\/wp-content\/uploads\/2025\/07\/2025-07-04.WDSF_Wuppertal_IMG_9627-800x600.jpg 800w\" data-vp-popup-img-size=\"1240x930\" data-vp-popup-md-img=\"https:\/\/vpdanses.fr\/wp-content\/uploads\/2025\/07\/2025-07-04.WDSF_Wuppertal_IMG_9627-800x600.jpg\" data-vp-popup-md-img-size=\"800x600\" data-vp-popup-sm-img=\"https:\/\/vpdanses.fr\/wp-content\/uploads\/2025\/07\/2025-07-04.WDSF_Wuppertal_IMG_9627-500x375.jpg\" data-vp-popup-sm-img-size=\"500x375\">\n\t\t\t<h3 class=\"vp-portfolio__item-popup-title\">Comp\u00e9tition de Danse Sportive WDSF Wuppertal 2025 en Allemagne \u00e0 l&rsquo; Historische Stadthalle<\/h3>\n\t\t\t\t<div class=\"vp-portfolio__item-popup-description\">Comp\u00e9tition de Danse Sportive WDSF Wuppertal 2025 en Allemagne \u00e0 l&rsquo; Historische Stadthalle <\/div>\n\t\t<\/template>\n\t\t\t\t\t\t<figure class=\"vp-portfolio__item\">\n\t\t\t\t\n<div class=\"vp-portfolio__item-img-wrap\">\n\t<div class=\"vp-portfolio__item-img\">\n\t\t\t<a\n\t\thref=\"https:\/\/vpdanses.fr\/wp-content\/uploads\/2025\/07\/2025-07-04.WDSF_Wuppertal_IMG_9627.jpg\"\n\t\t\t>\n\t\n\t\t<noscript><img loading=\"lazy\" decoding=\"async\" width=\"1240\" height=\"930\" data-skip-lazy src=\"https:\/\/vpdanses.fr\/wp-content\/uploads\/2025\/07\/2025-07-04.WDSF_Wuppertal_IMG_9627.jpg\" class=\"wp-image-13688\" alt=\"Comp\u00e9tition de Danse Sportive WDSF Wuppertal 2025 en Allemagne \u00e0 l&#039; Historische Stadthalle\" srcset=\"https:\/\/vpdanses.fr\/wp-content\/uploads\/2025\/07\/2025-07-04.WDSF_Wuppertal_IMG_9627.jpg 1240w, https:\/\/vpdanses.fr\/wp-content\/uploads\/2025\/07\/2025-07-04.WDSF_Wuppertal_IMG_9627-300x225.jpg 300w, https:\/\/vpdanses.fr\/wp-content\/uploads\/2025\/07\/2025-07-04.WDSF_Wuppertal_IMG_9627-1024x768.jpg 1024w, https:\/\/vpdanses.fr\/wp-content\/uploads\/2025\/07\/2025-07-04.WDSF_Wuppertal_IMG_9627-768x576.jpg 768w, https:\/\/vpdanses.fr\/wp-content\/uploads\/2025\/07\/2025-07-04.WDSF_Wuppertal_IMG_9627-500x375.jpg 500w, https:\/\/vpdanses.fr\/wp-content\/uploads\/2025\/07\/2025-07-04.WDSF_Wuppertal_IMG_9627-800x600.jpg 800w\" sizes=\"auto, (max-width: 1240px) 100vw, 1240px\" \/><\/noscript><img decoding=\"async\" width=\"1240\" height=\"930\" src=\"https:\/\/vpdanses.fr\/wp-content\/uploads\/2025\/07\/2025-07-04.WDSF_Wuppertal_IMG_9627.jpg\" class=\"wp-image-13688 vp-lazyload\" alt=\"Comp\u00e9tition de Danse Sportive WDSF Wuppertal 2025 en Allemagne \u00e0 l&#039; Historische Stadthalle\" srcset=\"data:image\/svg+xml;base64,PHN2ZyB3aWR0aD0iMTI0MCIgaGVpZ2h0PSI5MzAiIHZpZXdCb3g9IjAgMCAxMjQwIDkzMCIgZmlsbD0ibm9uZSIgeG1sbnM9Imh0dHA6Ly93d3cudzMub3JnLzIwMDAvc3ZnIj48L3N2Zz4=\" data-src=\"https:\/\/vpdanses.fr\/wp-content\/uploads\/2025\/07\/2025-07-04.WDSF_Wuppertal_IMG_9627.jpg\" data-srcset=\"https:\/\/vpdanses.fr\/wp-content\/uploads\/2025\/07\/2025-07-04.WDSF_Wuppertal_IMG_9627.jpg 1240w, https:\/\/vpdanses.fr\/wp-content\/uploads\/2025\/07\/2025-07-04.WDSF_Wuppertal_IMG_9627-300x225.jpg 300w, https:\/\/vpdanses.fr\/wp-content\/uploads\/2025\/07\/2025-07-04.WDSF_Wuppertal_IMG_9627-1024x768.jpg 1024w, https:\/\/vpdanses.fr\/wp-content\/uploads\/2025\/07\/2025-07-04.WDSF_Wuppertal_IMG_9627-768x576.jpg 768w, https:\/\/vpdanses.fr\/wp-content\/uploads\/2025\/07\/2025-07-04.WDSF_Wuppertal_IMG_9627-500x375.jpg 500w, https:\/\/vpdanses.fr\/wp-content\/uploads\/2025\/07\/2025-07-04.WDSF_Wuppertal_IMG_9627-800x600.jpg 800w\" data-sizes=\"auto\" loading=\"eager\">\n\t\t<div class=\"vp-portfolio__item-overlay\"><\/div>\n\n\t\t<\/a>\t<\/div>\n<\/div>\n\n\t<figcaption class=\"vp-portfolio__item-caption vp-portfolio__item-caption-text-align-center\">\n\t\t<div class=\"vp-portfolio__item-meta-wrap vp-portfolio__custom-scrollbar\">\n\t\t\t<div class=\"vp-portfolio__item-meta\">\n\t\t\t\t\n<h2 class=\"vp-portfolio__item-meta-title\">\n\t\t<a\n\t\thref=\"https:\/\/vpdanses.fr\/wp-content\/uploads\/2025\/07\/2025-07-04.WDSF_Wuppertal_IMG_9627.jpg\"\n\t\t\t>\n\tComp\u00e9tition de Danse Sportive WDSF Wuppertal 2025 en Allemagne \u00e0 l&rsquo; Historische Stadthalle<\/a><\/h2>\n\t\t\t<\/div>\n\t\t<\/div>\n\t<\/figcaption>\n\t\t\t<\/figure>\n\t\t\t\t\t<\/div>\n\t\t\n\t\t<div\t\tclass=\"vp-portfolio__item-wrap vp-portfolio__item-uid-50fe03a4\" data-vp-filter=\"\" \t\t>\n\t\t\t<template class=\"vp-portfolio__item-popup\" data-vp-popup-img=\"https:\/\/vpdanses.fr\/wp-content\/uploads\/2025\/07\/2025-07-04.WDSF_Wuppertal_IMG_9628.jpg\" data-vp-popup-img-srcset=\"https:\/\/vpdanses.fr\/wp-content\/uploads\/2025\/07\/2025-07-04.WDSF_Wuppertal_IMG_9628.jpg 1240w, https:\/\/vpdanses.fr\/wp-content\/uploads\/2025\/07\/2025-07-04.WDSF_Wuppertal_IMG_9628-300x225.jpg 300w, https:\/\/vpdanses.fr\/wp-content\/uploads\/2025\/07\/2025-07-04.WDSF_Wuppertal_IMG_9628-1024x768.jpg 1024w, https:\/\/vpdanses.fr\/wp-content\/uploads\/2025\/07\/2025-07-04.WDSF_Wuppertal_IMG_9628-768x576.jpg 768w, https:\/\/vpdanses.fr\/wp-content\/uploads\/2025\/07\/2025-07-04.WDSF_Wuppertal_IMG_9628-500x375.jpg 500w, https:\/\/vpdanses.fr\/wp-content\/uploads\/2025\/07\/2025-07-04.WDSF_Wuppertal_IMG_9628-800x600.jpg 800w\" data-vp-popup-img-size=\"1240x930\" data-vp-popup-md-img=\"https:\/\/vpdanses.fr\/wp-content\/uploads\/2025\/07\/2025-07-04.WDSF_Wuppertal_IMG_9628-800x600.jpg\" data-vp-popup-md-img-size=\"800x600\" data-vp-popup-sm-img=\"https:\/\/vpdanses.fr\/wp-content\/uploads\/2025\/07\/2025-07-04.WDSF_Wuppertal_IMG_9628-500x375.jpg\" data-vp-popup-sm-img-size=\"500x375\">\n\t\t\t<h3 class=\"vp-portfolio__item-popup-title\">Comp\u00e9tition de Danse Sportive WDSF Wuppertal 2025 en Allemagne \u00e0 l&rsquo; Historische Stadthalle<\/h3>\n\t\t\t\t<div class=\"vp-portfolio__item-popup-description\">Comp\u00e9tition de Danse Sportive WDSF Wuppertal 2025 en Allemagne \u00e0 l&rsquo; Historische Stadthalle <\/div>\n\t\t<\/template>\n\t\t\t\t\t\t<figure class=\"vp-portfolio__item\">\n\t\t\t\t\n<div class=\"vp-portfolio__item-img-wrap\">\n\t<div class=\"vp-portfolio__item-img\">\n\t\t\t<a\n\t\thref=\"https:\/\/vpdanses.fr\/wp-content\/uploads\/2025\/07\/2025-07-04.WDSF_Wuppertal_IMG_9628.jpg\"\n\t\t\t>\n\t\n\t\t<noscript><img loading=\"lazy\" decoding=\"async\" width=\"1240\" height=\"930\" data-skip-lazy src=\"https:\/\/vpdanses.fr\/wp-content\/uploads\/2025\/07\/2025-07-04.WDSF_Wuppertal_IMG_9628.jpg\" class=\"wp-image-13689\" alt=\"Comp\u00e9tition de Danse Sportive WDSF Wuppertal 2025 en Allemagne \u00e0 l&#039; Historische Stadthalle\" srcset=\"https:\/\/vpdanses.fr\/wp-content\/uploads\/2025\/07\/2025-07-04.WDSF_Wuppertal_IMG_9628.jpg 1240w, https:\/\/vpdanses.fr\/wp-content\/uploads\/2025\/07\/2025-07-04.WDSF_Wuppertal_IMG_9628-300x225.jpg 300w, https:\/\/vpdanses.fr\/wp-content\/uploads\/2025\/07\/2025-07-04.WDSF_Wuppertal_IMG_9628-1024x768.jpg 1024w, https:\/\/vpdanses.fr\/wp-content\/uploads\/2025\/07\/2025-07-04.WDSF_Wuppertal_IMG_9628-768x576.jpg 768w, https:\/\/vpdanses.fr\/wp-content\/uploads\/2025\/07\/2025-07-04.WDSF_Wuppertal_IMG_9628-500x375.jpg 500w, https:\/\/vpdanses.fr\/wp-content\/uploads\/2025\/07\/2025-07-04.WDSF_Wuppertal_IMG_9628-800x600.jpg 800w\" sizes=\"auto, (max-width: 1240px) 100vw, 1240px\" \/><\/noscript><img decoding=\"async\" width=\"1240\" height=\"930\" src=\"https:\/\/vpdanses.fr\/wp-content\/uploads\/2025\/07\/2025-07-04.WDSF_Wuppertal_IMG_9628.jpg\" class=\"wp-image-13689 vp-lazyload\" alt=\"Comp\u00e9tition de Danse Sportive WDSF Wuppertal 2025 en Allemagne \u00e0 l&#039; Historische Stadthalle\" srcset=\"data:image\/svg+xml;base64,PHN2ZyB3aWR0aD0iMTI0MCIgaGVpZ2h0PSI5MzAiIHZpZXdCb3g9IjAgMCAxMjQwIDkzMCIgZmlsbD0ibm9uZSIgeG1sbnM9Imh0dHA6Ly93d3cudzMub3JnLzIwMDAvc3ZnIj48L3N2Zz4=\" data-src=\"https:\/\/vpdanses.fr\/wp-content\/uploads\/2025\/07\/2025-07-04.WDSF_Wuppertal_IMG_9628.jpg\" data-srcset=\"https:\/\/vpdanses.fr\/wp-content\/uploads\/2025\/07\/2025-07-04.WDSF_Wuppertal_IMG_9628.jpg 1240w, https:\/\/vpdanses.fr\/wp-content\/uploads\/2025\/07\/2025-07-04.WDSF_Wuppertal_IMG_9628-300x225.jpg 300w, https:\/\/vpdanses.fr\/wp-content\/uploads\/2025\/07\/2025-07-04.WDSF_Wuppertal_IMG_9628-1024x768.jpg 1024w, https:\/\/vpdanses.fr\/wp-content\/uploads\/2025\/07\/2025-07-04.WDSF_Wuppertal_IMG_9628-768x576.jpg 768w, https:\/\/vpdanses.fr\/wp-content\/uploads\/2025\/07\/2025-07-04.WDSF_Wuppertal_IMG_9628-500x375.jpg 500w, https:\/\/vpdanses.fr\/wp-content\/uploads\/2025\/07\/2025-07-04.WDSF_Wuppertal_IMG_9628-800x600.jpg 800w\" data-sizes=\"auto\" loading=\"eager\">\n\t\t<div class=\"vp-portfolio__item-overlay\"><\/div>\n\n\t\t<\/a>\t<\/div>\n<\/div>\n\n\t<figcaption class=\"vp-portfolio__item-caption vp-portfolio__item-caption-text-align-center\">\n\t\t<div class=\"vp-portfolio__item-meta-wrap vp-portfolio__custom-scrollbar\">\n\t\t\t<div class=\"vp-portfolio__item-meta\">\n\t\t\t\t\n<h2 class=\"vp-portfolio__item-meta-title\">\n\t\t<a\n\t\thref=\"https:\/\/vpdanses.fr\/wp-content\/uploads\/2025\/07\/2025-07-04.WDSF_Wuppertal_IMG_9628.jpg\"\n\t\t\t>\n\tComp\u00e9tition de Danse Sportive WDSF Wuppertal 2025 en Allemagne \u00e0 l&rsquo; Historische Stadthalle<\/a><\/h2>\n\t\t\t<\/div>\n\t\t<\/div>\n\t<\/figcaption>\n\t\t\t<\/figure>\n\t\t\t\t\t<\/div>\n\t\t\n\t\t<div\t\tclass=\"vp-portfolio__item-wrap vp-portfolio__item-uid-030a04f3\" data-vp-filter=\"\" \t\t>\n\t\t\t<template class=\"vp-portfolio__item-popup\" data-vp-popup-img=\"https:\/\/vpdanses.fr\/wp-content\/uploads\/2025\/07\/2025-07-04.WDSF_Wuppertal_IMG_9634.jpg\" data-vp-popup-img-srcset=\"https:\/\/vpdanses.fr\/wp-content\/uploads\/2025\/07\/2025-07-04.WDSF_Wuppertal_IMG_9634.jpg 950w, https:\/\/vpdanses.fr\/wp-content\/uploads\/2025\/07\/2025-07-04.WDSF_Wuppertal_IMG_9634-300x225.jpg 300w, https:\/\/vpdanses.fr\/wp-content\/uploads\/2025\/07\/2025-07-04.WDSF_Wuppertal_IMG_9634-768x576.jpg 768w, https:\/\/vpdanses.fr\/wp-content\/uploads\/2025\/07\/2025-07-04.WDSF_Wuppertal_IMG_9634-500x375.jpg 500w, https:\/\/vpdanses.fr\/wp-content\/uploads\/2025\/07\/2025-07-04.WDSF_Wuppertal_IMG_9634-800x600.jpg 800w\" data-vp-popup-img-size=\"950x712\" data-vp-popup-md-img=\"https:\/\/vpdanses.fr\/wp-content\/uploads\/2025\/07\/2025-07-04.WDSF_Wuppertal_IMG_9634-800x600.jpg\" data-vp-popup-md-img-size=\"800x600\" data-vp-popup-sm-img=\"https:\/\/vpdanses.fr\/wp-content\/uploads\/2025\/07\/2025-07-04.WDSF_Wuppertal_IMG_9634-500x375.jpg\" data-vp-popup-sm-img-size=\"500x375\">\n\t\t\t<h3 class=\"vp-portfolio__item-popup-title\">Comp\u00e9tition de Danse Sportive WDSF Wuppertal 2025 en Allemagne \u00e0 l&rsquo; Historische Stadthalle<\/h3>\n\t\t\t\t<div class=\"vp-portfolio__item-popup-description\">Comp\u00e9tition de Danse Sportive WDSF Wuppertal 2025 en Allemagne \u00e0 l&rsquo; Historische Stadthalle <\/div>\n\t\t<\/template>\n\t\t\t\t\t\t<figure class=\"vp-portfolio__item\">\n\t\t\t\t\n<div class=\"vp-portfolio__item-img-wrap\">\n\t<div class=\"vp-portfolio__item-img\">\n\t\t\t<a\n\t\thref=\"https:\/\/vpdanses.fr\/wp-content\/uploads\/2025\/07\/2025-07-04.WDSF_Wuppertal_IMG_9634.jpg\"\n\t\t\t>\n\t\n\t\t<noscript><img loading=\"lazy\" decoding=\"async\" width=\"950\" height=\"712\" data-skip-lazy src=\"https:\/\/vpdanses.fr\/wp-content\/uploads\/2025\/07\/2025-07-04.WDSF_Wuppertal_IMG_9634.jpg\" class=\"wp-image-13693\" alt=\"Comp\u00e9tition de Danse Sportive WDSF Wuppertal 2025 en Allemagne \u00e0 l&#039; Historische Stadthalle\" srcset=\"https:\/\/vpdanses.fr\/wp-content\/uploads\/2025\/07\/2025-07-04.WDSF_Wuppertal_IMG_9634.jpg 950w, https:\/\/vpdanses.fr\/wp-content\/uploads\/2025\/07\/2025-07-04.WDSF_Wuppertal_IMG_9634-300x225.jpg 300w, https:\/\/vpdanses.fr\/wp-content\/uploads\/2025\/07\/2025-07-04.WDSF_Wuppertal_IMG_9634-768x576.jpg 768w, https:\/\/vpdanses.fr\/wp-content\/uploads\/2025\/07\/2025-07-04.WDSF_Wuppertal_IMG_9634-500x375.jpg 500w, https:\/\/vpdanses.fr\/wp-content\/uploads\/2025\/07\/2025-07-04.WDSF_Wuppertal_IMG_9634-800x600.jpg 800w\" sizes=\"auto, (max-width: 950px) 100vw, 950px\" \/><\/noscript><img decoding=\"async\" width=\"950\" height=\"712\" src=\"https:\/\/vpdanses.fr\/wp-content\/uploads\/2025\/07\/2025-07-04.WDSF_Wuppertal_IMG_9634.jpg\" class=\"wp-image-13693 vp-lazyload\" alt=\"Comp\u00e9tition de Danse Sportive WDSF Wuppertal 2025 en Allemagne \u00e0 l&#039; Historische Stadthalle\" srcset=\"data:image\/svg+xml;base64,PHN2ZyB3aWR0aD0iOTUwIiBoZWlnaHQ9IjcxMiIgdmlld0JveD0iMCAwIDk1MCA3MTIiIGZpbGw9Im5vbmUiIHhtbG5zPSJodHRwOi8vd3d3LnczLm9yZy8yMDAwL3N2ZyI+PC9zdmc+\" data-src=\"https:\/\/vpdanses.fr\/wp-content\/uploads\/2025\/07\/2025-07-04.WDSF_Wuppertal_IMG_9634.jpg\" data-srcset=\"https:\/\/vpdanses.fr\/wp-content\/uploads\/2025\/07\/2025-07-04.WDSF_Wuppertal_IMG_9634.jpg 950w, https:\/\/vpdanses.fr\/wp-content\/uploads\/2025\/07\/2025-07-04.WDSF_Wuppertal_IMG_9634-300x225.jpg 300w, https:\/\/vpdanses.fr\/wp-content\/uploads\/2025\/07\/2025-07-04.WDSF_Wuppertal_IMG_9634-768x576.jpg 768w, https:\/\/vpdanses.fr\/wp-content\/uploads\/2025\/07\/2025-07-04.WDSF_Wuppertal_IMG_9634-500x375.jpg 500w, https:\/\/vpdanses.fr\/wp-content\/uploads\/2025\/07\/2025-07-04.WDSF_Wuppertal_IMG_9634-800x600.jpg 800w\" data-sizes=\"auto\" loading=\"eager\">\n\t\t<div class=\"vp-portfolio__item-overlay\"><\/div>\n\n\t\t<\/a>\t<\/div>\n<\/div>\n\n\t<figcaption class=\"vp-portfolio__item-caption vp-portfolio__item-caption-text-align-center\">\n\t\t<div class=\"vp-portfolio__item-meta-wrap vp-portfolio__custom-scrollbar\">\n\t\t\t<div class=\"vp-portfolio__item-meta\">\n\t\t\t\t\n<h2 class=\"vp-portfolio__item-meta-title\">\n\t\t<a\n\t\thref=\"https:\/\/vpdanses.fr\/wp-content\/uploads\/2025\/07\/2025-07-04.WDSF_Wuppertal_IMG_9634.jpg\"\n\t\t\t>\n\tComp\u00e9tition de Danse Sportive WDSF Wuppertal 2025 en Allemagne \u00e0 l&rsquo; Historische Stadthalle<\/a><\/h2>\n\t\t\t<\/div>\n\t\t<\/div>\n\t<\/figcaption>\n\t\t\t<\/figure>\n\t\t\t\t\t<\/div>\n\t\t\n\t\t<div\t\tclass=\"vp-portfolio__item-wrap vp-portfolio__item-uid-21357263\" data-vp-filter=\"\" \t\t>\n\t\t\t<template class=\"vp-portfolio__item-popup\" data-vp-popup-img=\"https:\/\/vpdanses.fr\/wp-content\/uploads\/2025\/07\/2025-07-04.WDSF_Wuppertal_IMG_9639.jpg\" data-vp-popup-img-srcset=\"https:\/\/vpdanses.fr\/wp-content\/uploads\/2025\/07\/2025-07-04.WDSF_Wuppertal_IMG_9639.jpg 1240w, https:\/\/vpdanses.fr\/wp-content\/uploads\/2025\/07\/2025-07-04.WDSF_Wuppertal_IMG_9639-300x225.jpg 300w, https:\/\/vpdanses.fr\/wp-content\/uploads\/2025\/07\/2025-07-04.WDSF_Wuppertal_IMG_9639-1024x768.jpg 1024w, https:\/\/vpdanses.fr\/wp-content\/uploads\/2025\/07\/2025-07-04.WDSF_Wuppertal_IMG_9639-768x576.jpg 768w, https:\/\/vpdanses.fr\/wp-content\/uploads\/2025\/07\/2025-07-04.WDSF_Wuppertal_IMG_9639-500x375.jpg 500w, https:\/\/vpdanses.fr\/wp-content\/uploads\/2025\/07\/2025-07-04.WDSF_Wuppertal_IMG_9639-800x600.jpg 800w\" data-vp-popup-img-size=\"1240x930\" data-vp-popup-md-img=\"https:\/\/vpdanses.fr\/wp-content\/uploads\/2025\/07\/2025-07-04.WDSF_Wuppertal_IMG_9639-800x600.jpg\" data-vp-popup-md-img-size=\"800x600\" data-vp-popup-sm-img=\"https:\/\/vpdanses.fr\/wp-content\/uploads\/2025\/07\/2025-07-04.WDSF_Wuppertal_IMG_9639-500x375.jpg\" data-vp-popup-sm-img-size=\"500x375\">\n\t\t\t<h3 class=\"vp-portfolio__item-popup-title\">Comp\u00e9tition de Danse Sportive WDSF Wuppertal 2025 en Allemagne \u00e0 l&rsquo; Historische Stadthalle<\/h3>\n\t\t\t\t<div class=\"vp-portfolio__item-popup-description\">Comp\u00e9tition de Danse Sportive WDSF Wuppertal 2025 en Allemagne \u00e0 l&rsquo; Historische Stadthalle <\/div>\n\t\t<\/template>\n\t\t\t\t\t\t<figure class=\"vp-portfolio__item\">\n\t\t\t\t\n<div class=\"vp-portfolio__item-img-wrap\">\n\t<div class=\"vp-portfolio__item-img\">\n\t\t\t<a\n\t\thref=\"https:\/\/vpdanses.fr\/wp-content\/uploads\/2025\/07\/2025-07-04.WDSF_Wuppertal_IMG_9639.jpg\"\n\t\t\t>\n\t\n\t\t<noscript><img loading=\"lazy\" decoding=\"async\" width=\"1240\" height=\"930\" data-skip-lazy src=\"https:\/\/vpdanses.fr\/wp-content\/uploads\/2025\/07\/2025-07-04.WDSF_Wuppertal_IMG_9639.jpg\" class=\"wp-image-13695\" alt=\"Comp\u00e9tition de Danse Sportive WDSF Wuppertal 2025 en Allemagne \u00e0 l&#039; Historische Stadthalle\" srcset=\"https:\/\/vpdanses.fr\/wp-content\/uploads\/2025\/07\/2025-07-04.WDSF_Wuppertal_IMG_9639.jpg 1240w, https:\/\/vpdanses.fr\/wp-content\/uploads\/2025\/07\/2025-07-04.WDSF_Wuppertal_IMG_9639-300x225.jpg 300w, https:\/\/vpdanses.fr\/wp-content\/uploads\/2025\/07\/2025-07-04.WDSF_Wuppertal_IMG_9639-1024x768.jpg 1024w, https:\/\/vpdanses.fr\/wp-content\/uploads\/2025\/07\/2025-07-04.WDSF_Wuppertal_IMG_9639-768x576.jpg 768w, https:\/\/vpdanses.fr\/wp-content\/uploads\/2025\/07\/2025-07-04.WDSF_Wuppertal_IMG_9639-500x375.jpg 500w, https:\/\/vpdanses.fr\/wp-content\/uploads\/2025\/07\/2025-07-04.WDSF_Wuppertal_IMG_9639-800x600.jpg 800w\" sizes=\"auto, (max-width: 1240px) 100vw, 1240px\" \/><\/noscript><img decoding=\"async\" width=\"1240\" height=\"930\" src=\"https:\/\/vpdanses.fr\/wp-content\/uploads\/2025\/07\/2025-07-04.WDSF_Wuppertal_IMG_9639.jpg\" class=\"wp-image-13695 vp-lazyload\" alt=\"Comp\u00e9tition de Danse Sportive WDSF Wuppertal 2025 en Allemagne \u00e0 l&#039; Historische Stadthalle\" srcset=\"data:image\/svg+xml;base64,PHN2ZyB3aWR0aD0iMTI0MCIgaGVpZ2h0PSI5MzAiIHZpZXdCb3g9IjAgMCAxMjQwIDkzMCIgZmlsbD0ibm9uZSIgeG1sbnM9Imh0dHA6Ly93d3cudzMub3JnLzIwMDAvc3ZnIj48L3N2Zz4=\" data-src=\"https:\/\/vpdanses.fr\/wp-content\/uploads\/2025\/07\/2025-07-04.WDSF_Wuppertal_IMG_9639.jpg\" data-srcset=\"https:\/\/vpdanses.fr\/wp-content\/uploads\/2025\/07\/2025-07-04.WDSF_Wuppertal_IMG_9639.jpg 1240w, https:\/\/vpdanses.fr\/wp-content\/uploads\/2025\/07\/2025-07-04.WDSF_Wuppertal_IMG_9639-300x225.jpg 300w, https:\/\/vpdanses.fr\/wp-content\/uploads\/2025\/07\/2025-07-04.WDSF_Wuppertal_IMG_9639-1024x768.jpg 1024w, https:\/\/vpdanses.fr\/wp-content\/uploads\/2025\/07\/2025-07-04.WDSF_Wuppertal_IMG_9639-768x576.jpg 768w, https:\/\/vpdanses.fr\/wp-content\/uploads\/2025\/07\/2025-07-04.WDSF_Wuppertal_IMG_9639-500x375.jpg 500w, https:\/\/vpdanses.fr\/wp-content\/uploads\/2025\/07\/2025-07-04.WDSF_Wuppertal_IMG_9639-800x600.jpg 800w\" data-sizes=\"auto\" loading=\"eager\">\n\t\t<div class=\"vp-portfolio__item-overlay\"><\/div>\n\n\t\t<\/a>\t<\/div>\n<\/div>\n\n\t<figcaption class=\"vp-portfolio__item-caption vp-portfolio__item-caption-text-align-center\">\n\t\t<div class=\"vp-portfolio__item-meta-wrap vp-portfolio__custom-scrollbar\">\n\t\t\t<div class=\"vp-portfolio__item-meta\">\n\t\t\t\t\n<h2 class=\"vp-portfolio__item-meta-title\">\n\t\t<a\n\t\thref=\"https:\/\/vpdanses.fr\/wp-content\/uploads\/2025\/07\/2025-07-04.WDSF_Wuppertal_IMG_9639.jpg\"\n\t\t\t>\n\tComp\u00e9tition de Danse Sportive WDSF Wuppertal 2025 en Allemagne \u00e0 l&rsquo; Historische Stadthalle<\/a><\/h2>\n\t\t\t<\/div>\n\t\t<\/div>\n\t<\/figcaption>\n\t\t\t<\/figure>\n\t\t\t\t\t<\/div>\n\t\t\n\t\t<div\t\tclass=\"vp-portfolio__item-wrap vp-portfolio__item-uid-3ea85177\" data-vp-filter=\"\" \t\t>\n\t\t\t<template class=\"vp-portfolio__item-popup\" data-vp-popup-img=\"https:\/\/vpdanses.fr\/wp-content\/uploads\/2025\/07\/2025-07-04.WDSF_Wuppertal_IMG_9646.jpg\" data-vp-popup-img-srcset=\"https:\/\/vpdanses.fr\/wp-content\/uploads\/2025\/07\/2025-07-04.WDSF_Wuppertal_IMG_9646.jpg 977w, https:\/\/vpdanses.fr\/wp-content\/uploads\/2025\/07\/2025-07-04.WDSF_Wuppertal_IMG_9646-300x186.jpg 300w, https:\/\/vpdanses.fr\/wp-content\/uploads\/2025\/07\/2025-07-04.WDSF_Wuppertal_IMG_9646-768x477.jpg 768w, https:\/\/vpdanses.fr\/wp-content\/uploads\/2025\/07\/2025-07-04.WDSF_Wuppertal_IMG_9646-500x311.jpg 500w, https:\/\/vpdanses.fr\/wp-content\/uploads\/2025\/07\/2025-07-04.WDSF_Wuppertal_IMG_9646-800x497.jpg 800w\" data-vp-popup-img-size=\"977x607\" data-vp-popup-md-img=\"https:\/\/vpdanses.fr\/wp-content\/uploads\/2025\/07\/2025-07-04.WDSF_Wuppertal_IMG_9646-800x497.jpg\" data-vp-popup-md-img-size=\"800x497\" data-vp-popup-sm-img=\"https:\/\/vpdanses.fr\/wp-content\/uploads\/2025\/07\/2025-07-04.WDSF_Wuppertal_IMG_9646-500x311.jpg\" data-vp-popup-sm-img-size=\"500x311\">\n\t\t\t<h3 class=\"vp-portfolio__item-popup-title\">Comp\u00e9tition de Danse Sportive WDSF Wuppertal 2025 en Allemagne \u00e0 l&rsquo; Historische Stadthalle<\/h3>\n\t\t\t\t<div class=\"vp-portfolio__item-popup-description\">Comp\u00e9tition de Danse Sportive WDSF Wuppertal 2025 en Allemagne \u00e0 l&rsquo; Historische Stadthalle <\/div>\n\t\t<\/template>\n\t\t\t\t\t\t<figure class=\"vp-portfolio__item\">\n\t\t\t\t\n<div class=\"vp-portfolio__item-img-wrap\">\n\t<div class=\"vp-portfolio__item-img\">\n\t\t\t<a\n\t\thref=\"https:\/\/vpdanses.fr\/wp-content\/uploads\/2025\/07\/2025-07-04.WDSF_Wuppertal_IMG_9646.jpg\"\n\t\t\t>\n\t\n\t\t<noscript><img loading=\"lazy\" decoding=\"async\" width=\"977\" height=\"607\" data-skip-lazy src=\"https:\/\/vpdanses.fr\/wp-content\/uploads\/2025\/07\/2025-07-04.WDSF_Wuppertal_IMG_9646.jpg\" class=\"wp-image-13696\" alt=\"Comp\u00e9tition de Danse Sportive WDSF Wuppertal 2025 en Allemagne \u00e0 l&#039; Historische Stadthalle\" srcset=\"https:\/\/vpdanses.fr\/wp-content\/uploads\/2025\/07\/2025-07-04.WDSF_Wuppertal_IMG_9646.jpg 977w, https:\/\/vpdanses.fr\/wp-content\/uploads\/2025\/07\/2025-07-04.WDSF_Wuppertal_IMG_9646-300x186.jpg 300w, https:\/\/vpdanses.fr\/wp-content\/uploads\/2025\/07\/2025-07-04.WDSF_Wuppertal_IMG_9646-768x477.jpg 768w, https:\/\/vpdanses.fr\/wp-content\/uploads\/2025\/07\/2025-07-04.WDSF_Wuppertal_IMG_9646-500x311.jpg 500w, https:\/\/vpdanses.fr\/wp-content\/uploads\/2025\/07\/2025-07-04.WDSF_Wuppertal_IMG_9646-800x497.jpg 800w\" sizes=\"auto, (max-width: 977px) 100vw, 977px\" \/><\/noscript><img decoding=\"async\" width=\"977\" height=\"607\" src=\"https:\/\/vpdanses.fr\/wp-content\/uploads\/2025\/07\/2025-07-04.WDSF_Wuppertal_IMG_9646.jpg\" class=\"wp-image-13696 vp-lazyload\" alt=\"Comp\u00e9tition de Danse Sportive WDSF Wuppertal 2025 en Allemagne \u00e0 l&#039; Historische Stadthalle\" srcset=\"data:image\/svg+xml;base64,PHN2ZyB3aWR0aD0iOTc3IiBoZWlnaHQ9IjYwNyIgdmlld0JveD0iMCAwIDk3NyA2MDciIGZpbGw9Im5vbmUiIHhtbG5zPSJodHRwOi8vd3d3LnczLm9yZy8yMDAwL3N2ZyI+PC9zdmc+\" data-src=\"https:\/\/vpdanses.fr\/wp-content\/uploads\/2025\/07\/2025-07-04.WDSF_Wuppertal_IMG_9646.jpg\" data-srcset=\"https:\/\/vpdanses.fr\/wp-content\/uploads\/2025\/07\/2025-07-04.WDSF_Wuppertal_IMG_9646.jpg 977w, https:\/\/vpdanses.fr\/wp-content\/uploads\/2025\/07\/2025-07-04.WDSF_Wuppertal_IMG_9646-300x186.jpg 300w, https:\/\/vpdanses.fr\/wp-content\/uploads\/2025\/07\/2025-07-04.WDSF_Wuppertal_IMG_9646-768x477.jpg 768w, https:\/\/vpdanses.fr\/wp-content\/uploads\/2025\/07\/2025-07-04.WDSF_Wuppertal_IMG_9646-500x311.jpg 500w, https:\/\/vpdanses.fr\/wp-content\/uploads\/2025\/07\/2025-07-04.WDSF_Wuppertal_IMG_9646-800x497.jpg 800w\" data-sizes=\"auto\" loading=\"eager\">\n\t\t<div class=\"vp-portfolio__item-overlay\"><\/div>\n\n\t\t<\/a>\t<\/div>\n<\/div>\n\n\t<figcaption class=\"vp-portfolio__item-caption vp-portfolio__item-caption-text-align-center\">\n\t\t<div class=\"vp-portfolio__item-meta-wrap vp-portfolio__custom-scrollbar\">\n\t\t\t<div class=\"vp-portfolio__item-meta\">\n\t\t\t\t\n<h2 class=\"vp-portfolio__item-meta-title\">\n\t\t<a\n\t\thref=\"https:\/\/vpdanses.fr\/wp-content\/uploads\/2025\/07\/2025-07-04.WDSF_Wuppertal_IMG_9646.jpg\"\n\t\t\t>\n\tComp\u00e9tition de Danse Sportive WDSF Wuppertal 2025 en Allemagne \u00e0 l&rsquo; Historische Stadthalle<\/a><\/h2>\n\t\t\t<\/div>\n\t\t<\/div>\n\t<\/figcaption>\n\t\t\t<\/figure>\n\t\t\t\t\t<\/div>\n\t\t\n\t\t<div\t\tclass=\"vp-portfolio__item-wrap vp-portfolio__item-uid-82f3b244\" data-vp-filter=\"\" \t\t>\n\t\t\t<template class=\"vp-portfolio__item-popup\" data-vp-popup-img=\"https:\/\/vpdanses.fr\/wp-content\/uploads\/2025\/07\/2025-07-04.WDSF_Wuppertal_vIMG_9340.jpg\" data-vp-popup-img-srcset=\"https:\/\/vpdanses.fr\/wp-content\/uploads\/2025\/07\/2025-07-04.WDSF_Wuppertal_vIMG_9340.jpg 1240w, https:\/\/vpdanses.fr\/wp-content\/uploads\/2025\/07\/2025-07-04.WDSF_Wuppertal_vIMG_9340-300x225.jpg 300w, https:\/\/vpdanses.fr\/wp-content\/uploads\/2025\/07\/2025-07-04.WDSF_Wuppertal_vIMG_9340-1024x768.jpg 1024w, https:\/\/vpdanses.fr\/wp-content\/uploads\/2025\/07\/2025-07-04.WDSF_Wuppertal_vIMG_9340-768x576.jpg 768w, https:\/\/vpdanses.fr\/wp-content\/uploads\/2025\/07\/2025-07-04.WDSF_Wuppertal_vIMG_9340-500x375.jpg 500w, https:\/\/vpdanses.fr\/wp-content\/uploads\/2025\/07\/2025-07-04.WDSF_Wuppertal_vIMG_9340-800x600.jpg 800w\" data-vp-popup-img-size=\"1240x930\" data-vp-popup-md-img=\"https:\/\/vpdanses.fr\/wp-content\/uploads\/2025\/07\/2025-07-04.WDSF_Wuppertal_vIMG_9340-800x600.jpg\" data-vp-popup-md-img-size=\"800x600\" data-vp-popup-sm-img=\"https:\/\/vpdanses.fr\/wp-content\/uploads\/2025\/07\/2025-07-04.WDSF_Wuppertal_vIMG_9340-500x375.jpg\" data-vp-popup-sm-img-size=\"500x375\">\n\t\t\t<h3 class=\"vp-portfolio__item-popup-title\">Comp\u00e9tition de Danse Sportive WDSF Wuppertal 2025 en Allemagne \u00e0 l&rsquo; Historische Stadthalle<\/h3>\n\t\t\t\t<div class=\"vp-portfolio__item-popup-description\">Comp\u00e9tition de Danse Sportive WDSF Wuppertal 2025 en Allemagne \u00e0 l&rsquo; Historische Stadthalle <\/div>\n\t\t<\/template>\n\t\t\t\t\t\t<figure class=\"vp-portfolio__item\">\n\t\t\t\t\n<div class=\"vp-portfolio__item-img-wrap\">\n\t<div class=\"vp-portfolio__item-img\">\n\t\t\t<a\n\t\thref=\"https:\/\/vpdanses.fr\/wp-content\/uploads\/2025\/07\/2025-07-04.WDSF_Wuppertal_vIMG_9340.jpg\"\n\t\t\t>\n\t\n\t\t<noscript><img loading=\"lazy\" decoding=\"async\" width=\"1240\" height=\"930\" data-skip-lazy src=\"https:\/\/vpdanses.fr\/wp-content\/uploads\/2025\/07\/2025-07-04.WDSF_Wuppertal_vIMG_9340.jpg\" class=\"wp-image-13697\" alt=\"Comp\u00e9tition de Danse Sportive WDSF Wuppertal 2025 en Allemagne \u00e0 l&#039; Historische Stadthalle\" srcset=\"https:\/\/vpdanses.fr\/wp-content\/uploads\/2025\/07\/2025-07-04.WDSF_Wuppertal_vIMG_9340.jpg 1240w, https:\/\/vpdanses.fr\/wp-content\/uploads\/2025\/07\/2025-07-04.WDSF_Wuppertal_vIMG_9340-300x225.jpg 300w, https:\/\/vpdanses.fr\/wp-content\/uploads\/2025\/07\/2025-07-04.WDSF_Wuppertal_vIMG_9340-1024x768.jpg 1024w, https:\/\/vpdanses.fr\/wp-content\/uploads\/2025\/07\/2025-07-04.WDSF_Wuppertal_vIMG_9340-768x576.jpg 768w, https:\/\/vpdanses.fr\/wp-content\/uploads\/2025\/07\/2025-07-04.WDSF_Wuppertal_vIMG_9340-500x375.jpg 500w, https:\/\/vpdanses.fr\/wp-content\/uploads\/2025\/07\/2025-07-04.WDSF_Wuppertal_vIMG_9340-800x600.jpg 800w\" sizes=\"auto, (max-width: 1240px) 100vw, 1240px\" \/><\/noscript><img decoding=\"async\" width=\"1240\" height=\"930\" src=\"https:\/\/vpdanses.fr\/wp-content\/uploads\/2025\/07\/2025-07-04.WDSF_Wuppertal_vIMG_9340.jpg\" class=\"wp-image-13697 vp-lazyload\" alt=\"Comp\u00e9tition de Danse Sportive WDSF Wuppertal 2025 en Allemagne \u00e0 l&#039; Historische Stadthalle\" srcset=\"data:image\/svg+xml;base64,PHN2ZyB3aWR0aD0iMTI0MCIgaGVpZ2h0PSI5MzAiIHZpZXdCb3g9IjAgMCAxMjQwIDkzMCIgZmlsbD0ibm9uZSIgeG1sbnM9Imh0dHA6Ly93d3cudzMub3JnLzIwMDAvc3ZnIj48L3N2Zz4=\" data-src=\"https:\/\/vpdanses.fr\/wp-content\/uploads\/2025\/07\/2025-07-04.WDSF_Wuppertal_vIMG_9340.jpg\" data-srcset=\"https:\/\/vpdanses.fr\/wp-content\/uploads\/2025\/07\/2025-07-04.WDSF_Wuppertal_vIMG_9340.jpg 1240w, https:\/\/vpdanses.fr\/wp-content\/uploads\/2025\/07\/2025-07-04.WDSF_Wuppertal_vIMG_9340-300x225.jpg 300w, https:\/\/vpdanses.fr\/wp-content\/uploads\/2025\/07\/2025-07-04.WDSF_Wuppertal_vIMG_9340-1024x768.jpg 1024w, https:\/\/vpdanses.fr\/wp-content\/uploads\/2025\/07\/2025-07-04.WDSF_Wuppertal_vIMG_9340-768x576.jpg 768w, https:\/\/vpdanses.fr\/wp-content\/uploads\/2025\/07\/2025-07-04.WDSF_Wuppertal_vIMG_9340-500x375.jpg 500w, https:\/\/vpdanses.fr\/wp-content\/uploads\/2025\/07\/2025-07-04.WDSF_Wuppertal_vIMG_9340-800x600.jpg 800w\" data-sizes=\"auto\" loading=\"eager\">\n\t\t<div class=\"vp-portfolio__item-overlay\"><\/div>\n\n\t\t<\/a>\t<\/div>\n<\/div>\n\n\t<figcaption class=\"vp-portfolio__item-caption vp-portfolio__item-caption-text-align-center\">\n\t\t<div class=\"vp-portfolio__item-meta-wrap vp-portfolio__custom-scrollbar\">\n\t\t\t<div class=\"vp-portfolio__item-meta\">\n\t\t\t\t\n<h2 class=\"vp-portfolio__item-meta-title\">\n\t\t<a\n\t\thref=\"https:\/\/vpdanses.fr\/wp-content\/uploads\/2025\/07\/2025-07-04.WDSF_Wuppertal_vIMG_9340.jpg\"\n\t\t\t>\n\tComp\u00e9tition de Danse Sportive WDSF Wuppertal 2025 en Allemagne \u00e0 l&rsquo; Historische Stadthalle<\/a><\/h2>\n\t\t\t<\/div>\n\t\t<\/div>\n\t<\/figcaption>\n\t\t\t<\/figure>\n\t\t\t\t\t<\/div>\n\t\t\n\t\t<div\t\tclass=\"vp-portfolio__item-wrap vp-portfolio__item-uid-0f499f6d\" data-vp-filter=\"\" \t\t>\n\t\t\t<template class=\"vp-portfolio__item-popup\" data-vp-popup-img=\"https:\/\/vpdanses.fr\/wp-content\/uploads\/2025\/07\/2025-07-04.WDSF_Wuppertal_IMG_9482.jpg\" data-vp-popup-img-srcset=\"https:\/\/vpdanses.fr\/wp-content\/uploads\/2025\/07\/2025-07-04.WDSF_Wuppertal_IMG_9482.jpg 930w, https:\/\/vpdanses.fr\/wp-content\/uploads\/2025\/07\/2025-07-04.WDSF_Wuppertal_IMG_9482-225x300.jpg 225w, https:\/\/vpdanses.fr\/wp-content\/uploads\/2025\/07\/2025-07-04.WDSF_Wuppertal_IMG_9482-768x1024.jpg 768w, https:\/\/vpdanses.fr\/wp-content\/uploads\/2025\/07\/2025-07-04.WDSF_Wuppertal_IMG_9482-500x667.jpg 500w, https:\/\/vpdanses.fr\/wp-content\/uploads\/2025\/07\/2025-07-04.WDSF_Wuppertal_IMG_9482-800x1067.jpg 800w\" data-vp-popup-img-size=\"930x1240\" data-vp-popup-md-img=\"https:\/\/vpdanses.fr\/wp-content\/uploads\/2025\/07\/2025-07-04.WDSF_Wuppertal_IMG_9482-800x1067.jpg\" data-vp-popup-md-img-size=\"800x1067\" data-vp-popup-sm-img=\"https:\/\/vpdanses.fr\/wp-content\/uploads\/2025\/07\/2025-07-04.WDSF_Wuppertal_IMG_9482-500x667.jpg\" data-vp-popup-sm-img-size=\"500x667\">\n\t\t\t<h3 class=\"vp-portfolio__item-popup-title\">Comp\u00e9tition de Danse Sportive WDSF Wuppertal 2025 en Allemagne \u00e0 l&rsquo; Historische Stadthalle<\/h3>\n\t\t\t\t<div class=\"vp-portfolio__item-popup-description\">Comp\u00e9tition de Danse Sportive WDSF Wuppertal 2025 en Allemagne \u00e0 l&rsquo; Historische Stadthalle <\/div>\n\t\t<\/template>\n\t\t\t\t\t\t<figure class=\"vp-portfolio__item\">\n\t\t\t\t\n<div class=\"vp-portfolio__item-img-wrap\">\n\t<div class=\"vp-portfolio__item-img\">\n\t\t\t<a\n\t\thref=\"https:\/\/vpdanses.fr\/wp-content\/uploads\/2025\/07\/2025-07-04.WDSF_Wuppertal_IMG_9482.jpg\"\n\t\t\t>\n\t\n\t\t<noscript><img loading=\"lazy\" decoding=\"async\" width=\"930\" height=\"1240\" data-skip-lazy src=\"https:\/\/vpdanses.fr\/wp-content\/uploads\/2025\/07\/2025-07-04.WDSF_Wuppertal_IMG_9482.jpg\" class=\"wp-image-13698\" alt=\"Comp\u00e9tition de Danse Sportive WDSF Wuppertal 2025 en Allemagne \u00e0 l&#039; Historische Stadthalle\" srcset=\"https:\/\/vpdanses.fr\/wp-content\/uploads\/2025\/07\/2025-07-04.WDSF_Wuppertal_IMG_9482.jpg 930w, https:\/\/vpdanses.fr\/wp-content\/uploads\/2025\/07\/2025-07-04.WDSF_Wuppertal_IMG_9482-225x300.jpg 225w, https:\/\/vpdanses.fr\/wp-content\/uploads\/2025\/07\/2025-07-04.WDSF_Wuppertal_IMG_9482-768x1024.jpg 768w, https:\/\/vpdanses.fr\/wp-content\/uploads\/2025\/07\/2025-07-04.WDSF_Wuppertal_IMG_9482-500x667.jpg 500w, https:\/\/vpdanses.fr\/wp-content\/uploads\/2025\/07\/2025-07-04.WDSF_Wuppertal_IMG_9482-800x1067.jpg 800w\" sizes=\"auto, (max-width: 930px) 100vw, 930px\" \/><\/noscript><img decoding=\"async\" width=\"930\" height=\"1240\" src=\"https:\/\/vpdanses.fr\/wp-content\/uploads\/2025\/07\/2025-07-04.WDSF_Wuppertal_IMG_9482.jpg\" class=\"wp-image-13698 vp-lazyload\" alt=\"Comp\u00e9tition de Danse Sportive WDSF Wuppertal 2025 en Allemagne \u00e0 l&#039; Historische Stadthalle\" srcset=\"data:image\/svg+xml;base64,PHN2ZyB3aWR0aD0iOTMwIiBoZWlnaHQ9IjEyNDAiIHZpZXdCb3g9IjAgMCA5MzAgMTI0MCIgZmlsbD0ibm9uZSIgeG1sbnM9Imh0dHA6Ly93d3cudzMub3JnLzIwMDAvc3ZnIj48L3N2Zz4=\" data-src=\"https:\/\/vpdanses.fr\/wp-content\/uploads\/2025\/07\/2025-07-04.WDSF_Wuppertal_IMG_9482.jpg\" data-srcset=\"https:\/\/vpdanses.fr\/wp-content\/uploads\/2025\/07\/2025-07-04.WDSF_Wuppertal_IMG_9482.jpg 930w, https:\/\/vpdanses.fr\/wp-content\/uploads\/2025\/07\/2025-07-04.WDSF_Wuppertal_IMG_9482-225x300.jpg 225w, https:\/\/vpdanses.fr\/wp-content\/uploads\/2025\/07\/2025-07-04.WDSF_Wuppertal_IMG_9482-768x1024.jpg 768w, https:\/\/vpdanses.fr\/wp-content\/uploads\/2025\/07\/2025-07-04.WDSF_Wuppertal_IMG_9482-500x667.jpg 500w, https:\/\/vpdanses.fr\/wp-content\/uploads\/2025\/07\/2025-07-04.WDSF_Wuppertal_IMG_9482-800x1067.jpg 800w\" data-sizes=\"auto\" loading=\"eager\">\n\t\t<div class=\"vp-portfolio__item-overlay\"><\/div>\n\n\t\t<\/a>\t<\/div>\n<\/div>\n\n\t<figcaption class=\"vp-portfolio__item-caption vp-portfolio__item-caption-text-align-center\">\n\t\t<div class=\"vp-portfolio__item-meta-wrap vp-portfolio__custom-scrollbar\">\n\t\t\t<div class=\"vp-portfolio__item-meta\">\n\t\t\t\t\n<h2 class=\"vp-portfolio__item-meta-title\">\n\t\t<a\n\t\thref=\"https:\/\/vpdanses.fr\/wp-content\/uploads\/2025\/07\/2025-07-04.WDSF_Wuppertal_IMG_9482.jpg\"\n\t\t\t>\n\tComp\u00e9tition de Danse Sportive WDSF Wuppertal 2025 en Allemagne \u00e0 l&rsquo; Historische Stadthalle<\/a><\/h2>\n\t\t\t<\/div>\n\t\t<\/div>\n\t<\/figcaption>\n\t\t\t<\/figure>\n\t\t\t\t\t<\/div>\n\t\t\n\t\t<div\t\tclass=\"vp-portfolio__item-wrap vp-portfolio__item-uid-b3127c5e\" data-vp-filter=\"\" \t\t>\n\t\t\t<template class=\"vp-portfolio__item-popup\" data-vp-popup-img=\"https:\/\/vpdanses.fr\/wp-content\/uploads\/2025\/07\/2025-07-04.WDSF_Wuppertal_IMG_9483.jpg\" data-vp-popup-img-srcset=\"https:\/\/vpdanses.fr\/wp-content\/uploads\/2025\/07\/2025-07-04.WDSF_Wuppertal_IMG_9483.jpg 1240w, https:\/\/vpdanses.fr\/wp-content\/uploads\/2025\/07\/2025-07-04.WDSF_Wuppertal_IMG_9483-300x225.jpg 300w, https:\/\/vpdanses.fr\/wp-content\/uploads\/2025\/07\/2025-07-04.WDSF_Wuppertal_IMG_9483-1024x768.jpg 1024w, https:\/\/vpdanses.fr\/wp-content\/uploads\/2025\/07\/2025-07-04.WDSF_Wuppertal_IMG_9483-768x576.jpg 768w, https:\/\/vpdanses.fr\/wp-content\/uploads\/2025\/07\/2025-07-04.WDSF_Wuppertal_IMG_9483-500x375.jpg 500w, https:\/\/vpdanses.fr\/wp-content\/uploads\/2025\/07\/2025-07-04.WDSF_Wuppertal_IMG_9483-800x600.jpg 800w\" data-vp-popup-img-size=\"1240x930\" data-vp-popup-md-img=\"https:\/\/vpdanses.fr\/wp-content\/uploads\/2025\/07\/2025-07-04.WDSF_Wuppertal_IMG_9483-800x600.jpg\" data-vp-popup-md-img-size=\"800x600\" data-vp-popup-sm-img=\"https:\/\/vpdanses.fr\/wp-content\/uploads\/2025\/07\/2025-07-04.WDSF_Wuppertal_IMG_9483-500x375.jpg\" data-vp-popup-sm-img-size=\"500x375\">\n\t\t\t<h3 class=\"vp-portfolio__item-popup-title\">Comp\u00e9tition de Danse Sportive WDSF Wuppertal 2025 en Allemagne \u00e0 l&rsquo; Historische Stadthalle<\/h3>\n\t\t\t\t<div class=\"vp-portfolio__item-popup-description\">Comp\u00e9tition de Danse Sportive WDSF Wuppertal 2025 en Allemagne \u00e0 l&rsquo; Historische Stadthalle <\/div>\n\t\t<\/template>\n\t\t\t\t\t\t<figure class=\"vp-portfolio__item\">\n\t\t\t\t\n<div class=\"vp-portfolio__item-img-wrap\">\n\t<div class=\"vp-portfolio__item-img\">\n\t\t\t<a\n\t\thref=\"https:\/\/vpdanses.fr\/wp-content\/uploads\/2025\/07\/2025-07-04.WDSF_Wuppertal_IMG_9483.jpg\"\n\t\t\t>\n\t\n\t\t<noscript><img loading=\"lazy\" decoding=\"async\" width=\"1240\" height=\"930\" data-skip-lazy src=\"https:\/\/vpdanses.fr\/wp-content\/uploads\/2025\/07\/2025-07-04.WDSF_Wuppertal_IMG_9483.jpg\" class=\"wp-image-13699\" alt=\"Comp\u00e9tition de Danse Sportive WDSF Wuppertal 2025 en Allemagne \u00e0 l&#039; Historische Stadthalle\" srcset=\"https:\/\/vpdanses.fr\/wp-content\/uploads\/2025\/07\/2025-07-04.WDSF_Wuppertal_IMG_9483.jpg 1240w, https:\/\/vpdanses.fr\/wp-content\/uploads\/2025\/07\/2025-07-04.WDSF_Wuppertal_IMG_9483-300x225.jpg 300w, https:\/\/vpdanses.fr\/wp-content\/uploads\/2025\/07\/2025-07-04.WDSF_Wuppertal_IMG_9483-1024x768.jpg 1024w, https:\/\/vpdanses.fr\/wp-content\/uploads\/2025\/07\/2025-07-04.WDSF_Wuppertal_IMG_9483-768x576.jpg 768w, https:\/\/vpdanses.fr\/wp-content\/uploads\/2025\/07\/2025-07-04.WDSF_Wuppertal_IMG_9483-500x375.jpg 500w, https:\/\/vpdanses.fr\/wp-content\/uploads\/2025\/07\/2025-07-04.WDSF_Wuppertal_IMG_9483-800x600.jpg 800w\" sizes=\"auto, (max-width: 1240px) 100vw, 1240px\" \/><\/noscript><img decoding=\"async\" width=\"1240\" height=\"930\" src=\"https:\/\/vpdanses.fr\/wp-content\/uploads\/2025\/07\/2025-07-04.WDSF_Wuppertal_IMG_9483.jpg\" class=\"wp-image-13699 vp-lazyload\" alt=\"Comp\u00e9tition de Danse Sportive WDSF Wuppertal 2025 en Allemagne \u00e0 l&#039; Historische Stadthalle\" srcset=\"data:image\/svg+xml;base64,PHN2ZyB3aWR0aD0iMTI0MCIgaGVpZ2h0PSI5MzAiIHZpZXdCb3g9IjAgMCAxMjQwIDkzMCIgZmlsbD0ibm9uZSIgeG1sbnM9Imh0dHA6Ly93d3cudzMub3JnLzIwMDAvc3ZnIj48L3N2Zz4=\" data-src=\"https:\/\/vpdanses.fr\/wp-content\/uploads\/2025\/07\/2025-07-04.WDSF_Wuppertal_IMG_9483.jpg\" data-srcset=\"https:\/\/vpdanses.fr\/wp-content\/uploads\/2025\/07\/2025-07-04.WDSF_Wuppertal_IMG_9483.jpg 1240w, https:\/\/vpdanses.fr\/wp-content\/uploads\/2025\/07\/2025-07-04.WDSF_Wuppertal_IMG_9483-300x225.jpg 300w, https:\/\/vpdanses.fr\/wp-content\/uploads\/2025\/07\/2025-07-04.WDSF_Wuppertal_IMG_9483-1024x768.jpg 1024w, https:\/\/vpdanses.fr\/wp-content\/uploads\/2025\/07\/2025-07-04.WDSF_Wuppertal_IMG_9483-768x576.jpg 768w, https:\/\/vpdanses.fr\/wp-content\/uploads\/2025\/07\/2025-07-04.WDSF_Wuppertal_IMG_9483-500x375.jpg 500w, https:\/\/vpdanses.fr\/wp-content\/uploads\/2025\/07\/2025-07-04.WDSF_Wuppertal_IMG_9483-800x600.jpg 800w\" data-sizes=\"auto\" loading=\"eager\">\n\t\t<div class=\"vp-portfolio__item-overlay\"><\/div>\n\n\t\t<\/a>\t<\/div>\n<\/div>\n\n\t<figcaption class=\"vp-portfolio__item-caption vp-portfolio__item-caption-text-align-center\">\n\t\t<div class=\"vp-portfolio__item-meta-wrap vp-portfolio__custom-scrollbar\">\n\t\t\t<div class=\"vp-portfolio__item-meta\">\n\t\t\t\t\n<h2 class=\"vp-portfolio__item-meta-title\">\n\t\t<a\n\t\thref=\"https:\/\/vpdanses.fr\/wp-content\/uploads\/2025\/07\/2025-07-04.WDSF_Wuppertal_IMG_9483.jpg\"\n\t\t\t>\n\tComp\u00e9tition de Danse Sportive WDSF Wuppertal 2025 en Allemagne \u00e0 l&rsquo; Historische Stadthalle<\/a><\/h2>\n\t\t\t<\/div>\n\t\t<\/div>\n\t<\/figcaption>\n\t\t\t<\/figure>\n\t\t\t\t\t<\/div>\n\t\t\n\t\t<div\t\tclass=\"vp-portfolio__item-wrap vp-portfolio__item-uid-9c5a672a\" data-vp-filter=\"\" \t\t>\n\t\t\t<template class=\"vp-portfolio__item-popup\" data-vp-popup-img=\"https:\/\/vpdanses.fr\/wp-content\/uploads\/2025\/07\/2025-07-04.WDSF_Wuppertal_IMG_9484.jpg\" data-vp-popup-img-srcset=\"https:\/\/vpdanses.fr\/wp-content\/uploads\/2025\/07\/2025-07-04.WDSF_Wuppertal_IMG_9484.jpg 1240w, https:\/\/vpdanses.fr\/wp-content\/uploads\/2025\/07\/2025-07-04.WDSF_Wuppertal_IMG_9484-300x225.jpg 300w, https:\/\/vpdanses.fr\/wp-content\/uploads\/2025\/07\/2025-07-04.WDSF_Wuppertal_IMG_9484-1024x768.jpg 1024w, https:\/\/vpdanses.fr\/wp-content\/uploads\/2025\/07\/2025-07-04.WDSF_Wuppertal_IMG_9484-768x576.jpg 768w, https:\/\/vpdanses.fr\/wp-content\/uploads\/2025\/07\/2025-07-04.WDSF_Wuppertal_IMG_9484-500x375.jpg 500w, https:\/\/vpdanses.fr\/wp-content\/uploads\/2025\/07\/2025-07-04.WDSF_Wuppertal_IMG_9484-800x600.jpg 800w\" data-vp-popup-img-size=\"1240x930\" data-vp-popup-md-img=\"https:\/\/vpdanses.fr\/wp-content\/uploads\/2025\/07\/2025-07-04.WDSF_Wuppertal_IMG_9484-800x600.jpg\" data-vp-popup-md-img-size=\"800x600\" data-vp-popup-sm-img=\"https:\/\/vpdanses.fr\/wp-content\/uploads\/2025\/07\/2025-07-04.WDSF_Wuppertal_IMG_9484-500x375.jpg\" data-vp-popup-sm-img-size=\"500x375\">\n\t\t\t<h3 class=\"vp-portfolio__item-popup-title\">Comp\u00e9tition de Danse Sportive WDSF Wuppertal 2025 en Allemagne \u00e0 l&rsquo; Historische Stadthalle<\/h3>\n\t\t\t\t<div class=\"vp-portfolio__item-popup-description\">Comp\u00e9tition de Danse Sportive WDSF Wuppertal 2025 en Allemagne \u00e0 l&rsquo; Historische Stadthalle <\/div>\n\t\t<\/template>\n\t\t\t\t\t\t<figure class=\"vp-portfolio__item\">\n\t\t\t\t\n<div class=\"vp-portfolio__item-img-wrap\">\n\t<div class=\"vp-portfolio__item-img\">\n\t\t\t<a\n\t\thref=\"https:\/\/vpdanses.fr\/wp-content\/uploads\/2025\/07\/2025-07-04.WDSF_Wuppertal_IMG_9484.jpg\"\n\t\t\t>\n\t\n\t\t<noscript><img loading=\"lazy\" decoding=\"async\" width=\"1240\" height=\"930\" data-skip-lazy src=\"https:\/\/vpdanses.fr\/wp-content\/uploads\/2025\/07\/2025-07-04.WDSF_Wuppertal_IMG_9484.jpg\" class=\"wp-image-13700\" alt=\"Comp\u00e9tition de Danse Sportive WDSF Wuppertal 2025 en Allemagne \u00e0 l&#039; Historische Stadthalle\" srcset=\"https:\/\/vpdanses.fr\/wp-content\/uploads\/2025\/07\/2025-07-04.WDSF_Wuppertal_IMG_9484.jpg 1240w, https:\/\/vpdanses.fr\/wp-content\/uploads\/2025\/07\/2025-07-04.WDSF_Wuppertal_IMG_9484-300x225.jpg 300w, https:\/\/vpdanses.fr\/wp-content\/uploads\/2025\/07\/2025-07-04.WDSF_Wuppertal_IMG_9484-1024x768.jpg 1024w, https:\/\/vpdanses.fr\/wp-content\/uploads\/2025\/07\/2025-07-04.WDSF_Wuppertal_IMG_9484-768x576.jpg 768w, https:\/\/vpdanses.fr\/wp-content\/uploads\/2025\/07\/2025-07-04.WDSF_Wuppertal_IMG_9484-500x375.jpg 500w, https:\/\/vpdanses.fr\/wp-content\/uploads\/2025\/07\/2025-07-04.WDSF_Wuppertal_IMG_9484-800x600.jpg 800w\" sizes=\"auto, (max-width: 1240px) 100vw, 1240px\" \/><\/noscript><img decoding=\"async\" width=\"1240\" height=\"930\" src=\"https:\/\/vpdanses.fr\/wp-content\/uploads\/2025\/07\/2025-07-04.WDSF_Wuppertal_IMG_9484.jpg\" class=\"wp-image-13700 vp-lazyload\" alt=\"Comp\u00e9tition de Danse Sportive WDSF Wuppertal 2025 en Allemagne \u00e0 l&#039; Historische Stadthalle\" srcset=\"data:image\/svg+xml;base64,PHN2ZyB3aWR0aD0iMTI0MCIgaGVpZ2h0PSI5MzAiIHZpZXdCb3g9IjAgMCAxMjQwIDkzMCIgZmlsbD0ibm9uZSIgeG1sbnM9Imh0dHA6Ly93d3cudzMub3JnLzIwMDAvc3ZnIj48L3N2Zz4=\" data-src=\"https:\/\/vpdanses.fr\/wp-content\/uploads\/2025\/07\/2025-07-04.WDSF_Wuppertal_IMG_9484.jpg\" data-srcset=\"https:\/\/vpdanses.fr\/wp-content\/uploads\/2025\/07\/2025-07-04.WDSF_Wuppertal_IMG_9484.jpg 1240w, https:\/\/vpdanses.fr\/wp-content\/uploads\/2025\/07\/2025-07-04.WDSF_Wuppertal_IMG_9484-300x225.jpg 300w, https:\/\/vpdanses.fr\/wp-content\/uploads\/2025\/07\/2025-07-04.WDSF_Wuppertal_IMG_9484-1024x768.jpg 1024w, https:\/\/vpdanses.fr\/wp-content\/uploads\/2025\/07\/2025-07-04.WDSF_Wuppertal_IMG_9484-768x576.jpg 768w, https:\/\/vpdanses.fr\/wp-content\/uploads\/2025\/07\/2025-07-04.WDSF_Wuppertal_IMG_9484-500x375.jpg 500w, https:\/\/vpdanses.fr\/wp-content\/uploads\/2025\/07\/2025-07-04.WDSF_Wuppertal_IMG_9484-800x600.jpg 800w\" data-sizes=\"auto\" loading=\"eager\">\n\t\t<div class=\"vp-portfolio__item-overlay\"><\/div>\n\n\t\t<\/a>\t<\/div>\n<\/div>\n\n\t<figcaption class=\"vp-portfolio__item-caption vp-portfolio__item-caption-text-align-center\">\n\t\t<div class=\"vp-portfolio__item-meta-wrap vp-portfolio__custom-scrollbar\">\n\t\t\t<div class=\"vp-portfolio__item-meta\">\n\t\t\t\t\n<h2 class=\"vp-portfolio__item-meta-title\">\n\t\t<a\n\t\thref=\"https:\/\/vpdanses.fr\/wp-content\/uploads\/2025\/07\/2025-07-04.WDSF_Wuppertal_IMG_9484.jpg\"\n\t\t\t>\n\tComp\u00e9tition de Danse Sportive WDSF Wuppertal 2025 en Allemagne \u00e0 l&rsquo; Historische Stadthalle<\/a><\/h2>\n\t\t\t<\/div>\n\t\t<\/div>\n\t<\/figcaption>\n\t\t\t<\/figure>\n\t\t\t\t\t<\/div>\n\t\t\n\t\t<div\t\tclass=\"vp-portfolio__item-wrap vp-portfolio__item-uid-20018419\" data-vp-filter=\"\" \t\t>\n\t\t\t<template class=\"vp-portfolio__item-popup\" data-vp-popup-img=\"https:\/\/vpdanses.fr\/wp-content\/uploads\/2025\/07\/2025-07-04.WDSF_Wuppertal_IMG_9485.jpg\" data-vp-popup-img-srcset=\"https:\/\/vpdanses.fr\/wp-content\/uploads\/2025\/07\/2025-07-04.WDSF_Wuppertal_IMG_9485.jpg 1240w, https:\/\/vpdanses.fr\/wp-content\/uploads\/2025\/07\/2025-07-04.WDSF_Wuppertal_IMG_9485-300x225.jpg 300w, https:\/\/vpdanses.fr\/wp-content\/uploads\/2025\/07\/2025-07-04.WDSF_Wuppertal_IMG_9485-1024x768.jpg 1024w, https:\/\/vpdanses.fr\/wp-content\/uploads\/2025\/07\/2025-07-04.WDSF_Wuppertal_IMG_9485-768x576.jpg 768w, https:\/\/vpdanses.fr\/wp-content\/uploads\/2025\/07\/2025-07-04.WDSF_Wuppertal_IMG_9485-500x375.jpg 500w, https:\/\/vpdanses.fr\/wp-content\/uploads\/2025\/07\/2025-07-04.WDSF_Wuppertal_IMG_9485-800x600.jpg 800w\" data-vp-popup-img-size=\"1240x930\" data-vp-popup-md-img=\"https:\/\/vpdanses.fr\/wp-content\/uploads\/2025\/07\/2025-07-04.WDSF_Wuppertal_IMG_9485-800x600.jpg\" data-vp-popup-md-img-size=\"800x600\" data-vp-popup-sm-img=\"https:\/\/vpdanses.fr\/wp-content\/uploads\/2025\/07\/2025-07-04.WDSF_Wuppertal_IMG_9485-500x375.jpg\" data-vp-popup-sm-img-size=\"500x375\">\n\t\t\t<h3 class=\"vp-portfolio__item-popup-title\">Comp\u00e9tition de Danse Sportive WDSF Wuppertal 2025 en Allemagne \u00e0 l&rsquo; Historische Stadthalle<\/h3>\n\t\t\t\t<div class=\"vp-portfolio__item-popup-description\">Comp\u00e9tition de Danse Sportive WDSF Wuppertal 2025 en Allemagne \u00e0 l&rsquo; Historische Stadthalle <\/div>\n\t\t<\/template>\n\t\t\t\t\t\t<figure class=\"vp-portfolio__item\">\n\t\t\t\t\n<div class=\"vp-portfolio__item-img-wrap\">\n\t<div class=\"vp-portfolio__item-img\">\n\t\t\t<a\n\t\thref=\"https:\/\/vpdanses.fr\/wp-content\/uploads\/2025\/07\/2025-07-04.WDSF_Wuppertal_IMG_9485.jpg\"\n\t\t\t>\n\t\n\t\t<noscript><img loading=\"lazy\" decoding=\"async\" width=\"1240\" height=\"930\" data-skip-lazy src=\"https:\/\/vpdanses.fr\/wp-content\/uploads\/2025\/07\/2025-07-04.WDSF_Wuppertal_IMG_9485.jpg\" class=\"wp-image-13701\" alt=\"Comp\u00e9tition de Danse Sportive WDSF Wuppertal 2025 en Allemagne \u00e0 l&#039; Historische Stadthalle\" srcset=\"https:\/\/vpdanses.fr\/wp-content\/uploads\/2025\/07\/2025-07-04.WDSF_Wuppertal_IMG_9485.jpg 1240w, https:\/\/vpdanses.fr\/wp-content\/uploads\/2025\/07\/2025-07-04.WDSF_Wuppertal_IMG_9485-300x225.jpg 300w, https:\/\/vpdanses.fr\/wp-content\/uploads\/2025\/07\/2025-07-04.WDSF_Wuppertal_IMG_9485-1024x768.jpg 1024w, https:\/\/vpdanses.fr\/wp-content\/uploads\/2025\/07\/2025-07-04.WDSF_Wuppertal_IMG_9485-768x576.jpg 768w, https:\/\/vpdanses.fr\/wp-content\/uploads\/2025\/07\/2025-07-04.WDSF_Wuppertal_IMG_9485-500x375.jpg 500w, https:\/\/vpdanses.fr\/wp-content\/uploads\/2025\/07\/2025-07-04.WDSF_Wuppertal_IMG_9485-800x600.jpg 800w\" sizes=\"auto, (max-width: 1240px) 100vw, 1240px\" \/><\/noscript><img decoding=\"async\" width=\"1240\" height=\"930\" src=\"https:\/\/vpdanses.fr\/wp-content\/uploads\/2025\/07\/2025-07-04.WDSF_Wuppertal_IMG_9485.jpg\" class=\"wp-image-13701 vp-lazyload\" alt=\"Comp\u00e9tition de Danse Sportive WDSF Wuppertal 2025 en Allemagne \u00e0 l&#039; Historische Stadthalle\" srcset=\"data:image\/svg+xml;base64,PHN2ZyB3aWR0aD0iMTI0MCIgaGVpZ2h0PSI5MzAiIHZpZXdCb3g9IjAgMCAxMjQwIDkzMCIgZmlsbD0ibm9uZSIgeG1sbnM9Imh0dHA6Ly93d3cudzMub3JnLzIwMDAvc3ZnIj48L3N2Zz4=\" data-src=\"https:\/\/vpdanses.fr\/wp-content\/uploads\/2025\/07\/2025-07-04.WDSF_Wuppertal_IMG_9485.jpg\" data-srcset=\"https:\/\/vpdanses.fr\/wp-content\/uploads\/2025\/07\/2025-07-04.WDSF_Wuppertal_IMG_9485.jpg 1240w, https:\/\/vpdanses.fr\/wp-content\/uploads\/2025\/07\/2025-07-04.WDSF_Wuppertal_IMG_9485-300x225.jpg 300w, https:\/\/vpdanses.fr\/wp-content\/uploads\/2025\/07\/2025-07-04.WDSF_Wuppertal_IMG_9485-1024x768.jpg 1024w, https:\/\/vpdanses.fr\/wp-content\/uploads\/2025\/07\/2025-07-04.WDSF_Wuppertal_IMG_9485-768x576.jpg 768w, https:\/\/vpdanses.fr\/wp-content\/uploads\/2025\/07\/2025-07-04.WDSF_Wuppertal_IMG_9485-500x375.jpg 500w, https:\/\/vpdanses.fr\/wp-content\/uploads\/2025\/07\/2025-07-04.WDSF_Wuppertal_IMG_9485-800x600.jpg 800w\" data-sizes=\"auto\" loading=\"eager\">\n\t\t<div class=\"vp-portfolio__item-overlay\"><\/div>\n\n\t\t<\/a>\t<\/div>\n<\/div>\n\n\t<figcaption class=\"vp-portfolio__item-caption vp-portfolio__item-caption-text-align-center\">\n\t\t<div class=\"vp-portfolio__item-meta-wrap vp-portfolio__custom-scrollbar\">\n\t\t\t<div class=\"vp-portfolio__item-meta\">\n\t\t\t\t\n<h2 class=\"vp-portfolio__item-meta-title\">\n\t\t<a\n\t\thref=\"https:\/\/vpdanses.fr\/wp-content\/uploads\/2025\/07\/2025-07-04.WDSF_Wuppertal_IMG_9485.jpg\"\n\t\t\t>\n\tComp\u00e9tition de Danse Sportive WDSF Wuppertal 2025 en Allemagne \u00e0 l&rsquo; Historische Stadthalle<\/a><\/h2>\n\t\t\t<\/div>\n\t\t<\/div>\n\t<\/figcaption>\n\t\t\t<\/figure>\n\t\t\t\t\t<\/div>\n\t\t\n\t\t<div\t\tclass=\"vp-portfolio__item-wrap vp-portfolio__item-uid-485e6776\" data-vp-filter=\"\" \t\t>\n\t\t\t<template class=\"vp-portfolio__item-popup\" data-vp-popup-img=\"https:\/\/vpdanses.fr\/wp-content\/uploads\/2025\/07\/2025-07-04.WDSF_Wuppertal_IMG_9486.jpg\" data-vp-popup-img-srcset=\"https:\/\/vpdanses.fr\/wp-content\/uploads\/2025\/07\/2025-07-04.WDSF_Wuppertal_IMG_9486.jpg 930w, https:\/\/vpdanses.fr\/wp-content\/uploads\/2025\/07\/2025-07-04.WDSF_Wuppertal_IMG_9486-225x300.jpg 225w, https:\/\/vpdanses.fr\/wp-content\/uploads\/2025\/07\/2025-07-04.WDSF_Wuppertal_IMG_9486-768x1024.jpg 768w, https:\/\/vpdanses.fr\/wp-content\/uploads\/2025\/07\/2025-07-04.WDSF_Wuppertal_IMG_9486-500x667.jpg 500w, https:\/\/vpdanses.fr\/wp-content\/uploads\/2025\/07\/2025-07-04.WDSF_Wuppertal_IMG_9486-800x1067.jpg 800w\" data-vp-popup-img-size=\"930x1240\" data-vp-popup-md-img=\"https:\/\/vpdanses.fr\/wp-content\/uploads\/2025\/07\/2025-07-04.WDSF_Wuppertal_IMG_9486-800x1067.jpg\" data-vp-popup-md-img-size=\"800x1067\" data-vp-popup-sm-img=\"https:\/\/vpdanses.fr\/wp-content\/uploads\/2025\/07\/2025-07-04.WDSF_Wuppertal_IMG_9486-500x667.jpg\" data-vp-popup-sm-img-size=\"500x667\">\n\t\t\t<h3 class=\"vp-portfolio__item-popup-title\">Comp\u00e9tition de Danse Sportive WDSF Wuppertal 2025 en Allemagne \u00e0 l&rsquo; Historische Stadthalle<\/h3>\n\t\t\t\t<div class=\"vp-portfolio__item-popup-description\">Comp\u00e9tition de Danse Sportive WDSF Wuppertal 2025 en Allemagne \u00e0 l&rsquo; Historische Stadthalle <\/div>\n\t\t<\/template>\n\t\t\t\t\t\t<figure class=\"vp-portfolio__item\">\n\t\t\t\t\n<div class=\"vp-portfolio__item-img-wrap\">\n\t<div class=\"vp-portfolio__item-img\">\n\t\t\t<a\n\t\thref=\"https:\/\/vpdanses.fr\/wp-content\/uploads\/2025\/07\/2025-07-04.WDSF_Wuppertal_IMG_9486.jpg\"\n\t\t\t>\n\t\n\t\t<noscript><img loading=\"lazy\" decoding=\"async\" width=\"930\" height=\"1240\" data-skip-lazy src=\"https:\/\/vpdanses.fr\/wp-content\/uploads\/2025\/07\/2025-07-04.WDSF_Wuppertal_IMG_9486.jpg\" class=\"wp-image-13702\" alt=\"Comp\u00e9tition de Danse Sportive WDSF Wuppertal 2025 en Allemagne \u00e0 l&#039; Historische Stadthalle\" srcset=\"https:\/\/vpdanses.fr\/wp-content\/uploads\/2025\/07\/2025-07-04.WDSF_Wuppertal_IMG_9486.jpg 930w, https:\/\/vpdanses.fr\/wp-content\/uploads\/2025\/07\/2025-07-04.WDSF_Wuppertal_IMG_9486-225x300.jpg 225w, https:\/\/vpdanses.fr\/wp-content\/uploads\/2025\/07\/2025-07-04.WDSF_Wuppertal_IMG_9486-768x1024.jpg 768w, https:\/\/vpdanses.fr\/wp-content\/uploads\/2025\/07\/2025-07-04.WDSF_Wuppertal_IMG_9486-500x667.jpg 500w, https:\/\/vpdanses.fr\/wp-content\/uploads\/2025\/07\/2025-07-04.WDSF_Wuppertal_IMG_9486-800x1067.jpg 800w\" sizes=\"auto, (max-width: 930px) 100vw, 930px\" \/><\/noscript><img decoding=\"async\" width=\"930\" height=\"1240\" src=\"https:\/\/vpdanses.fr\/wp-content\/uploads\/2025\/07\/2025-07-04.WDSF_Wuppertal_IMG_9486.jpg\" class=\"wp-image-13702 vp-lazyload\" alt=\"Comp\u00e9tition de Danse Sportive WDSF Wuppertal 2025 en Allemagne \u00e0 l&#039; Historische Stadthalle\" srcset=\"data:image\/svg+xml;base64,PHN2ZyB3aWR0aD0iOTMwIiBoZWlnaHQ9IjEyNDAiIHZpZXdCb3g9IjAgMCA5MzAgMTI0MCIgZmlsbD0ibm9uZSIgeG1sbnM9Imh0dHA6Ly93d3cudzMub3JnLzIwMDAvc3ZnIj48L3N2Zz4=\" data-src=\"https:\/\/vpdanses.fr\/wp-content\/uploads\/2025\/07\/2025-07-04.WDSF_Wuppertal_IMG_9486.jpg\" data-srcset=\"https:\/\/vpdanses.fr\/wp-content\/uploads\/2025\/07\/2025-07-04.WDSF_Wuppertal_IMG_9486.jpg 930w, https:\/\/vpdanses.fr\/wp-content\/uploads\/2025\/07\/2025-07-04.WDSF_Wuppertal_IMG_9486-225x300.jpg 225w, https:\/\/vpdanses.fr\/wp-content\/uploads\/2025\/07\/2025-07-04.WDSF_Wuppertal_IMG_9486-768x1024.jpg 768w, https:\/\/vpdanses.fr\/wp-content\/uploads\/2025\/07\/2025-07-04.WDSF_Wuppertal_IMG_9486-500x667.jpg 500w, https:\/\/vpdanses.fr\/wp-content\/uploads\/2025\/07\/2025-07-04.WDSF_Wuppertal_IMG_9486-800x1067.jpg 800w\" data-sizes=\"auto\" loading=\"eager\">\n\t\t<div class=\"vp-portfolio__item-overlay\"><\/div>\n\n\t\t<\/a>\t<\/div>\n<\/div>\n\n\t<figcaption class=\"vp-portfolio__item-caption vp-portfolio__item-caption-text-align-center\">\n\t\t<div class=\"vp-portfolio__item-meta-wrap vp-portfolio__custom-scrollbar\">\n\t\t\t<div class=\"vp-portfolio__item-meta\">\n\t\t\t\t\n<h2 class=\"vp-portfolio__item-meta-title\">\n\t\t<a\n\t\thref=\"https:\/\/vpdanses.fr\/wp-content\/uploads\/2025\/07\/2025-07-04.WDSF_Wuppertal_IMG_9486.jpg\"\n\t\t\t>\n\tComp\u00e9tition de Danse Sportive WDSF Wuppertal 2025 en Allemagne \u00e0 l&rsquo; Historische Stadthalle<\/a><\/h2>\n\t\t\t<\/div>\n\t\t<\/div>\n\t<\/figcaption>\n\t\t\t<\/figure>\n\t\t\t\t\t<\/div>\n\t\t\n\t\t<div\t\tclass=\"vp-portfolio__item-wrap vp-portfolio__item-uid-f4058445\" data-vp-filter=\"\" \t\t>\n\t\t\t<template class=\"vp-portfolio__item-popup\" data-vp-popup-img=\"https:\/\/vpdanses.fr\/wp-content\/uploads\/2025\/07\/2025-07-04.WDSF_Wuppertal_IMG_9494.jpg\" data-vp-popup-img-srcset=\"https:\/\/vpdanses.fr\/wp-content\/uploads\/2025\/07\/2025-07-04.WDSF_Wuppertal_IMG_9494.jpg 930w, https:\/\/vpdanses.fr\/wp-content\/uploads\/2025\/07\/2025-07-04.WDSF_Wuppertal_IMG_9494-225x300.jpg 225w, https:\/\/vpdanses.fr\/wp-content\/uploads\/2025\/07\/2025-07-04.WDSF_Wuppertal_IMG_9494-768x1024.jpg 768w, https:\/\/vpdanses.fr\/wp-content\/uploads\/2025\/07\/2025-07-04.WDSF_Wuppertal_IMG_9494-500x667.jpg 500w, https:\/\/vpdanses.fr\/wp-content\/uploads\/2025\/07\/2025-07-04.WDSF_Wuppertal_IMG_9494-800x1067.jpg 800w\" data-vp-popup-img-size=\"930x1240\" data-vp-popup-md-img=\"https:\/\/vpdanses.fr\/wp-content\/uploads\/2025\/07\/2025-07-04.WDSF_Wuppertal_IMG_9494-800x1067.jpg\" data-vp-popup-md-img-size=\"800x1067\" data-vp-popup-sm-img=\"https:\/\/vpdanses.fr\/wp-content\/uploads\/2025\/07\/2025-07-04.WDSF_Wuppertal_IMG_9494-500x667.jpg\" data-vp-popup-sm-img-size=\"500x667\">\n\t\t\t<h3 class=\"vp-portfolio__item-popup-title\">Comp\u00e9tition de Danse Sportive WDSF Wuppertal 2025 en Allemagne \u00e0 l&rsquo; Historische Stadthalle<\/h3>\n\t\t\t\t<div class=\"vp-portfolio__item-popup-description\">Comp\u00e9tition de Danse Sportive WDSF Wuppertal 2025 en Allemagne \u00e0 l&rsquo; Historische Stadthalle <\/div>\n\t\t<\/template>\n\t\t\t\t\t\t<figure class=\"vp-portfolio__item\">\n\t\t\t\t\n<div class=\"vp-portfolio__item-img-wrap\">\n\t<div class=\"vp-portfolio__item-img\">\n\t\t\t<a\n\t\thref=\"https:\/\/vpdanses.fr\/wp-content\/uploads\/2025\/07\/2025-07-04.WDSF_Wuppertal_IMG_9494.jpg\"\n\t\t\t>\n\t\n\t\t<noscript><img loading=\"lazy\" decoding=\"async\" width=\"930\" height=\"1240\" data-skip-lazy src=\"https:\/\/vpdanses.fr\/wp-content\/uploads\/2025\/07\/2025-07-04.WDSF_Wuppertal_IMG_9494.jpg\" class=\"wp-image-13703\" alt=\"Comp\u00e9tition de Danse Sportive WDSF Wuppertal 2025 en Allemagne \u00e0 l&#039; Historische Stadthalle\" srcset=\"https:\/\/vpdanses.fr\/wp-content\/uploads\/2025\/07\/2025-07-04.WDSF_Wuppertal_IMG_9494.jpg 930w, https:\/\/vpdanses.fr\/wp-content\/uploads\/2025\/07\/2025-07-04.WDSF_Wuppertal_IMG_9494-225x300.jpg 225w, https:\/\/vpdanses.fr\/wp-content\/uploads\/2025\/07\/2025-07-04.WDSF_Wuppertal_IMG_9494-768x1024.jpg 768w, https:\/\/vpdanses.fr\/wp-content\/uploads\/2025\/07\/2025-07-04.WDSF_Wuppertal_IMG_9494-500x667.jpg 500w, https:\/\/vpdanses.fr\/wp-content\/uploads\/2025\/07\/2025-07-04.WDSF_Wuppertal_IMG_9494-800x1067.jpg 800w\" sizes=\"auto, (max-width: 930px) 100vw, 930px\" \/><\/noscript><img decoding=\"async\" width=\"930\" height=\"1240\" src=\"https:\/\/vpdanses.fr\/wp-content\/uploads\/2025\/07\/2025-07-04.WDSF_Wuppertal_IMG_9494.jpg\" class=\"wp-image-13703 vp-lazyload\" alt=\"Comp\u00e9tition de Danse Sportive WDSF Wuppertal 2025 en Allemagne \u00e0 l&#039; Historische Stadthalle\" srcset=\"data:image\/svg+xml;base64,PHN2ZyB3aWR0aD0iOTMwIiBoZWlnaHQ9IjEyNDAiIHZpZXdCb3g9IjAgMCA5MzAgMTI0MCIgZmlsbD0ibm9uZSIgeG1sbnM9Imh0dHA6Ly93d3cudzMub3JnLzIwMDAvc3ZnIj48L3N2Zz4=\" data-src=\"https:\/\/vpdanses.fr\/wp-content\/uploads\/2025\/07\/2025-07-04.WDSF_Wuppertal_IMG_9494.jpg\" data-srcset=\"https:\/\/vpdanses.fr\/wp-content\/uploads\/2025\/07\/2025-07-04.WDSF_Wuppertal_IMG_9494.jpg 930w, https:\/\/vpdanses.fr\/wp-content\/uploads\/2025\/07\/2025-07-04.WDSF_Wuppertal_IMG_9494-225x300.jpg 225w, https:\/\/vpdanses.fr\/wp-content\/uploads\/2025\/07\/2025-07-04.WDSF_Wuppertal_IMG_9494-768x1024.jpg 768w, https:\/\/vpdanses.fr\/wp-content\/uploads\/2025\/07\/2025-07-04.WDSF_Wuppertal_IMG_9494-500x667.jpg 500w, https:\/\/vpdanses.fr\/wp-content\/uploads\/2025\/07\/2025-07-04.WDSF_Wuppertal_IMG_9494-800x1067.jpg 800w\" data-sizes=\"auto\" loading=\"eager\">\n\t\t<div class=\"vp-portfolio__item-overlay\"><\/div>\n\n\t\t<\/a>\t<\/div>\n<\/div>\n\n\t<figcaption class=\"vp-portfolio__item-caption vp-portfolio__item-caption-text-align-center\">\n\t\t<div class=\"vp-portfolio__item-meta-wrap vp-portfolio__custom-scrollbar\">\n\t\t\t<div class=\"vp-portfolio__item-meta\">\n\t\t\t\t\n<h2 class=\"vp-portfolio__item-meta-title\">\n\t\t<a\n\t\thref=\"https:\/\/vpdanses.fr\/wp-content\/uploads\/2025\/07\/2025-07-04.WDSF_Wuppertal_IMG_9494.jpg\"\n\t\t\t>\n\tComp\u00e9tition de Danse Sportive WDSF Wuppertal 2025 en Allemagne \u00e0 l&rsquo; Historische Stadthalle<\/a><\/h2>\n\t\t\t<\/div>\n\t\t<\/div>\n\t<\/figcaption>\n\t\t\t<\/figure>\n\t\t\t\t\t<\/div>\n\t\t\n\t\t<div\t\tclass=\"vp-portfolio__item-wrap vp-portfolio__item-uid-0b816a25\" data-vp-filter=\"\" \t\t>\n\t\t\t<template class=\"vp-portfolio__item-popup\" data-vp-popup-img=\"https:\/\/vpdanses.fr\/wp-content\/uploads\/2025\/07\/2025-07-04.WDSF_Wuppertal_IMG_9503.jpg\" data-vp-popup-img-srcset=\"https:\/\/vpdanses.fr\/wp-content\/uploads\/2025\/07\/2025-07-04.WDSF_Wuppertal_IMG_9503.jpg 1240w, https:\/\/vpdanses.fr\/wp-content\/uploads\/2025\/07\/2025-07-04.WDSF_Wuppertal_IMG_9503-300x225.jpg 300w, https:\/\/vpdanses.fr\/wp-content\/uploads\/2025\/07\/2025-07-04.WDSF_Wuppertal_IMG_9503-1024x768.jpg 1024w, https:\/\/vpdanses.fr\/wp-content\/uploads\/2025\/07\/2025-07-04.WDSF_Wuppertal_IMG_9503-768x576.jpg 768w, https:\/\/vpdanses.fr\/wp-content\/uploads\/2025\/07\/2025-07-04.WDSF_Wuppertal_IMG_9503-500x375.jpg 500w, https:\/\/vpdanses.fr\/wp-content\/uploads\/2025\/07\/2025-07-04.WDSF_Wuppertal_IMG_9503-800x600.jpg 800w\" data-vp-popup-img-size=\"1240x930\" data-vp-popup-md-img=\"https:\/\/vpdanses.fr\/wp-content\/uploads\/2025\/07\/2025-07-04.WDSF_Wuppertal_IMG_9503-800x600.jpg\" data-vp-popup-md-img-size=\"800x600\" data-vp-popup-sm-img=\"https:\/\/vpdanses.fr\/wp-content\/uploads\/2025\/07\/2025-07-04.WDSF_Wuppertal_IMG_9503-500x375.jpg\" data-vp-popup-sm-img-size=\"500x375\">\n\t\t\t<h3 class=\"vp-portfolio__item-popup-title\">Comp\u00e9tition de Danse Sportive WDSF Wuppertal 2025 en Allemagne \u00e0 l&rsquo; Historische Stadthalle<\/h3>\n\t\t\t\t<div class=\"vp-portfolio__item-popup-description\">Comp\u00e9tition de Danse Sportive WDSF Wuppertal 2025 en Allemagne \u00e0 l&rsquo; Historische Stadthalle <\/div>\n\t\t<\/template>\n\t\t\t\t\t\t<figure class=\"vp-portfolio__item\">\n\t\t\t\t\n<div class=\"vp-portfolio__item-img-wrap\">\n\t<div class=\"vp-portfolio__item-img\">\n\t\t\t<a\n\t\thref=\"https:\/\/vpdanses.fr\/wp-content\/uploads\/2025\/07\/2025-07-04.WDSF_Wuppertal_IMG_9503.jpg\"\n\t\t\t>\n\t\n\t\t<noscript><img loading=\"lazy\" decoding=\"async\" width=\"1240\" height=\"930\" data-skip-lazy src=\"https:\/\/vpdanses.fr\/wp-content\/uploads\/2025\/07\/2025-07-04.WDSF_Wuppertal_IMG_9503.jpg\" class=\"wp-image-13705\" alt=\"Comp\u00e9tition de Danse Sportive WDSF Wuppertal 2025 en Allemagne \u00e0 l&#039; Historische Stadthalle\" srcset=\"https:\/\/vpdanses.fr\/wp-content\/uploads\/2025\/07\/2025-07-04.WDSF_Wuppertal_IMG_9503.jpg 1240w, https:\/\/vpdanses.fr\/wp-content\/uploads\/2025\/07\/2025-07-04.WDSF_Wuppertal_IMG_9503-300x225.jpg 300w, https:\/\/vpdanses.fr\/wp-content\/uploads\/2025\/07\/2025-07-04.WDSF_Wuppertal_IMG_9503-1024x768.jpg 1024w, https:\/\/vpdanses.fr\/wp-content\/uploads\/2025\/07\/2025-07-04.WDSF_Wuppertal_IMG_9503-768x576.jpg 768w, https:\/\/vpdanses.fr\/wp-content\/uploads\/2025\/07\/2025-07-04.WDSF_Wuppertal_IMG_9503-500x375.jpg 500w, https:\/\/vpdanses.fr\/wp-content\/uploads\/2025\/07\/2025-07-04.WDSF_Wuppertal_IMG_9503-800x600.jpg 800w\" sizes=\"auto, (max-width: 1240px) 100vw, 1240px\" \/><\/noscript><img decoding=\"async\" width=\"1240\" height=\"930\" src=\"https:\/\/vpdanses.fr\/wp-content\/uploads\/2025\/07\/2025-07-04.WDSF_Wuppertal_IMG_9503.jpg\" class=\"wp-image-13705 vp-lazyload\" alt=\"Comp\u00e9tition de Danse Sportive WDSF Wuppertal 2025 en Allemagne \u00e0 l&#039; Historische Stadthalle\" srcset=\"data:image\/svg+xml;base64,PHN2ZyB3aWR0aD0iMTI0MCIgaGVpZ2h0PSI5MzAiIHZpZXdCb3g9IjAgMCAxMjQwIDkzMCIgZmlsbD0ibm9uZSIgeG1sbnM9Imh0dHA6Ly93d3cudzMub3JnLzIwMDAvc3ZnIj48L3N2Zz4=\" data-src=\"https:\/\/vpdanses.fr\/wp-content\/uploads\/2025\/07\/2025-07-04.WDSF_Wuppertal_IMG_9503.jpg\" data-srcset=\"https:\/\/vpdanses.fr\/wp-content\/uploads\/2025\/07\/2025-07-04.WDSF_Wuppertal_IMG_9503.jpg 1240w, https:\/\/vpdanses.fr\/wp-content\/uploads\/2025\/07\/2025-07-04.WDSF_Wuppertal_IMG_9503-300x225.jpg 300w, https:\/\/vpdanses.fr\/wp-content\/uploads\/2025\/07\/2025-07-04.WDSF_Wuppertal_IMG_9503-1024x768.jpg 1024w, https:\/\/vpdanses.fr\/wp-content\/uploads\/2025\/07\/2025-07-04.WDSF_Wuppertal_IMG_9503-768x576.jpg 768w, https:\/\/vpdanses.fr\/wp-content\/uploads\/2025\/07\/2025-07-04.WDSF_Wuppertal_IMG_9503-500x375.jpg 500w, https:\/\/vpdanses.fr\/wp-content\/uploads\/2025\/07\/2025-07-04.WDSF_Wuppertal_IMG_9503-800x600.jpg 800w\" data-sizes=\"auto\" loading=\"eager\">\n\t\t<div class=\"vp-portfolio__item-overlay\"><\/div>\n\n\t\t<\/a>\t<\/div>\n<\/div>\n\n\t<figcaption class=\"vp-portfolio__item-caption vp-portfolio__item-caption-text-align-center\">\n\t\t<div class=\"vp-portfolio__item-meta-wrap vp-portfolio__custom-scrollbar\">\n\t\t\t<div class=\"vp-portfolio__item-meta\">\n\t\t\t\t\n<h2 class=\"vp-portfolio__item-meta-title\">\n\t\t<a\n\t\thref=\"https:\/\/vpdanses.fr\/wp-content\/uploads\/2025\/07\/2025-07-04.WDSF_Wuppertal_IMG_9503.jpg\"\n\t\t\t>\n\tComp\u00e9tition de Danse Sportive WDSF Wuppertal 2025 en Allemagne \u00e0 l&rsquo; Historische Stadthalle<\/a><\/h2>\n\t\t\t<\/div>\n\t\t<\/div>\n\t<\/figcaption>\n\t\t\t<\/figure>\n\t\t\t\t\t<\/div>\n\t\t\n\t\t<div\t\tclass=\"vp-portfolio__item-wrap vp-portfolio__item-uid-59d4e83a\" data-vp-filter=\"\" \t\t>\n\t\t\t<template class=\"vp-portfolio__item-popup\" data-vp-popup-img=\"https:\/\/vpdanses.fr\/wp-content\/uploads\/2025\/07\/2025-07-04.WDSF_Wuppertal_IMG_9504.jpg\" data-vp-popup-img-srcset=\"https:\/\/vpdanses.fr\/wp-content\/uploads\/2025\/07\/2025-07-04.WDSF_Wuppertal_IMG_9504.jpg 1240w, https:\/\/vpdanses.fr\/wp-content\/uploads\/2025\/07\/2025-07-04.WDSF_Wuppertal_IMG_9504-300x225.jpg 300w, https:\/\/vpdanses.fr\/wp-content\/uploads\/2025\/07\/2025-07-04.WDSF_Wuppertal_IMG_9504-1024x768.jpg 1024w, https:\/\/vpdanses.fr\/wp-content\/uploads\/2025\/07\/2025-07-04.WDSF_Wuppertal_IMG_9504-768x576.jpg 768w, https:\/\/vpdanses.fr\/wp-content\/uploads\/2025\/07\/2025-07-04.WDSF_Wuppertal_IMG_9504-500x375.jpg 500w, https:\/\/vpdanses.fr\/wp-content\/uploads\/2025\/07\/2025-07-04.WDSF_Wuppertal_IMG_9504-800x600.jpg 800w\" data-vp-popup-img-size=\"1240x930\" data-vp-popup-md-img=\"https:\/\/vpdanses.fr\/wp-content\/uploads\/2025\/07\/2025-07-04.WDSF_Wuppertal_IMG_9504-800x600.jpg\" data-vp-popup-md-img-size=\"800x600\" data-vp-popup-sm-img=\"https:\/\/vpdanses.fr\/wp-content\/uploads\/2025\/07\/2025-07-04.WDSF_Wuppertal_IMG_9504-500x375.jpg\" data-vp-popup-sm-img-size=\"500x375\">\n\t\t\t<h3 class=\"vp-portfolio__item-popup-title\">Comp\u00e9tition de Danse Sportive WDSF Wuppertal 2025 en Allemagne \u00e0 l&rsquo; Historische Stadthalle<\/h3>\n\t\t\t\t<div class=\"vp-portfolio__item-popup-description\">Comp\u00e9tition de Danse Sportive WDSF Wuppertal 2025 en Allemagne \u00e0 l&rsquo; Historische Stadthalle <\/div>\n\t\t<\/template>\n\t\t\t\t\t\t<figure class=\"vp-portfolio__item\">\n\t\t\t\t\n<div class=\"vp-portfolio__item-img-wrap\">\n\t<div class=\"vp-portfolio__item-img\">\n\t\t\t<a\n\t\thref=\"https:\/\/vpdanses.fr\/wp-content\/uploads\/2025\/07\/2025-07-04.WDSF_Wuppertal_IMG_9504.jpg\"\n\t\t\t>\n\t\n\t\t<noscript><img loading=\"lazy\" decoding=\"async\" width=\"1240\" height=\"930\" data-skip-lazy src=\"https:\/\/vpdanses.fr\/wp-content\/uploads\/2025\/07\/2025-07-04.WDSF_Wuppertal_IMG_9504.jpg\" class=\"wp-image-13706\" alt=\"Comp\u00e9tition de Danse Sportive WDSF Wuppertal 2025 en Allemagne \u00e0 l&#039; Historische Stadthalle\" srcset=\"https:\/\/vpdanses.fr\/wp-content\/uploads\/2025\/07\/2025-07-04.WDSF_Wuppertal_IMG_9504.jpg 1240w, https:\/\/vpdanses.fr\/wp-content\/uploads\/2025\/07\/2025-07-04.WDSF_Wuppertal_IMG_9504-300x225.jpg 300w, https:\/\/vpdanses.fr\/wp-content\/uploads\/2025\/07\/2025-07-04.WDSF_Wuppertal_IMG_9504-1024x768.jpg 1024w, https:\/\/vpdanses.fr\/wp-content\/uploads\/2025\/07\/2025-07-04.WDSF_Wuppertal_IMG_9504-768x576.jpg 768w, https:\/\/vpdanses.fr\/wp-content\/uploads\/2025\/07\/2025-07-04.WDSF_Wuppertal_IMG_9504-500x375.jpg 500w, https:\/\/vpdanses.fr\/wp-content\/uploads\/2025\/07\/2025-07-04.WDSF_Wuppertal_IMG_9504-800x600.jpg 800w\" sizes=\"auto, (max-width: 1240px) 100vw, 1240px\" \/><\/noscript><img decoding=\"async\" width=\"1240\" height=\"930\" src=\"https:\/\/vpdanses.fr\/wp-content\/uploads\/2025\/07\/2025-07-04.WDSF_Wuppertal_IMG_9504.jpg\" class=\"wp-image-13706 vp-lazyload\" alt=\"Comp\u00e9tition de Danse Sportive WDSF Wuppertal 2025 en Allemagne \u00e0 l&#039; Historische Stadthalle\" srcset=\"data:image\/svg+xml;base64,PHN2ZyB3aWR0aD0iMTI0MCIgaGVpZ2h0PSI5MzAiIHZpZXdCb3g9IjAgMCAxMjQwIDkzMCIgZmlsbD0ibm9uZSIgeG1sbnM9Imh0dHA6Ly93d3cudzMub3JnLzIwMDAvc3ZnIj48L3N2Zz4=\" data-src=\"https:\/\/vpdanses.fr\/wp-content\/uploads\/2025\/07\/2025-07-04.WDSF_Wuppertal_IMG_9504.jpg\" data-srcset=\"https:\/\/vpdanses.fr\/wp-content\/uploads\/2025\/07\/2025-07-04.WDSF_Wuppertal_IMG_9504.jpg 1240w, https:\/\/vpdanses.fr\/wp-content\/uploads\/2025\/07\/2025-07-04.WDSF_Wuppertal_IMG_9504-300x225.jpg 300w, https:\/\/vpdanses.fr\/wp-content\/uploads\/2025\/07\/2025-07-04.WDSF_Wuppertal_IMG_9504-1024x768.jpg 1024w, https:\/\/vpdanses.fr\/wp-content\/uploads\/2025\/07\/2025-07-04.WDSF_Wuppertal_IMG_9504-768x576.jpg 768w, https:\/\/vpdanses.fr\/wp-content\/uploads\/2025\/07\/2025-07-04.WDSF_Wuppertal_IMG_9504-500x375.jpg 500w, https:\/\/vpdanses.fr\/wp-content\/uploads\/2025\/07\/2025-07-04.WDSF_Wuppertal_IMG_9504-800x600.jpg 800w\" data-sizes=\"auto\" loading=\"eager\">\n\t\t<div class=\"vp-portfolio__item-overlay\"><\/div>\n\n\t\t<\/a>\t<\/div>\n<\/div>\n\n\t<figcaption class=\"vp-portfolio__item-caption vp-portfolio__item-caption-text-align-center\">\n\t\t<div class=\"vp-portfolio__item-meta-wrap vp-portfolio__custom-scrollbar\">\n\t\t\t<div class=\"vp-portfolio__item-meta\">\n\t\t\t\t\n<h2 class=\"vp-portfolio__item-meta-title\">\n\t\t<a\n\t\thref=\"https:\/\/vpdanses.fr\/wp-content\/uploads\/2025\/07\/2025-07-04.WDSF_Wuppertal_IMG_9504.jpg\"\n\t\t\t>\n\tComp\u00e9tition de Danse Sportive WDSF Wuppertal 2025 en Allemagne \u00e0 l&rsquo; Historische Stadthalle<\/a><\/h2>\n\t\t\t<\/div>\n\t\t<\/div>\n\t<\/figcaption>\n\t\t\t<\/figure>\n\t\t\t\t\t<\/div>\n\t\t\n\t\t<div\t\tclass=\"vp-portfolio__item-wrap vp-portfolio__item-uid-a847aa02\" data-vp-filter=\"\" \t\t>\n\t\t\t<template class=\"vp-portfolio__item-popup\" data-vp-popup-img=\"https:\/\/vpdanses.fr\/wp-content\/uploads\/2025\/07\/2025-07-04.WDSF_Wuppertal_IMG_9514.jpg\" data-vp-popup-img-srcset=\"https:\/\/vpdanses.fr\/wp-content\/uploads\/2025\/07\/2025-07-04.WDSF_Wuppertal_IMG_9514.jpg 1240w, https:\/\/vpdanses.fr\/wp-content\/uploads\/2025\/07\/2025-07-04.WDSF_Wuppertal_IMG_9514-300x225.jpg 300w, https:\/\/vpdanses.fr\/wp-content\/uploads\/2025\/07\/2025-07-04.WDSF_Wuppertal_IMG_9514-1024x768.jpg 1024w, https:\/\/vpdanses.fr\/wp-content\/uploads\/2025\/07\/2025-07-04.WDSF_Wuppertal_IMG_9514-768x576.jpg 768w, https:\/\/vpdanses.fr\/wp-content\/uploads\/2025\/07\/2025-07-04.WDSF_Wuppertal_IMG_9514-500x375.jpg 500w, https:\/\/vpdanses.fr\/wp-content\/uploads\/2025\/07\/2025-07-04.WDSF_Wuppertal_IMG_9514-800x600.jpg 800w\" data-vp-popup-img-size=\"1240x930\" data-vp-popup-md-img=\"https:\/\/vpdanses.fr\/wp-content\/uploads\/2025\/07\/2025-07-04.WDSF_Wuppertal_IMG_9514-800x600.jpg\" data-vp-popup-md-img-size=\"800x600\" data-vp-popup-sm-img=\"https:\/\/vpdanses.fr\/wp-content\/uploads\/2025\/07\/2025-07-04.WDSF_Wuppertal_IMG_9514-500x375.jpg\" data-vp-popup-sm-img-size=\"500x375\">\n\t\t\t<h3 class=\"vp-portfolio__item-popup-title\">Comp\u00e9tition de Danse Sportive WDSF Wuppertal 2025 en Allemagne \u00e0 l&rsquo; Historische Stadthalle<\/h3>\n\t\t\t\t<div class=\"vp-portfolio__item-popup-description\">Comp\u00e9tition de Danse Sportive WDSF Wuppertal 2025 en Allemagne \u00e0 l&rsquo; Historische Stadthalle <\/div>\n\t\t<\/template>\n\t\t\t\t\t\t<figure class=\"vp-portfolio__item\">\n\t\t\t\t\n<div class=\"vp-portfolio__item-img-wrap\">\n\t<div class=\"vp-portfolio__item-img\">\n\t\t\t<a\n\t\thref=\"https:\/\/vpdanses.fr\/wp-content\/uploads\/2025\/07\/2025-07-04.WDSF_Wuppertal_IMG_9514.jpg\"\n\t\t\t>\n\t\n\t\t<noscript><img loading=\"lazy\" decoding=\"async\" width=\"1240\" height=\"930\" data-skip-lazy src=\"https:\/\/vpdanses.fr\/wp-content\/uploads\/2025\/07\/2025-07-04.WDSF_Wuppertal_IMG_9514.jpg\" class=\"wp-image-13707\" alt=\"Comp\u00e9tition de Danse Sportive WDSF Wuppertal 2025 en Allemagne \u00e0 l&#039; Historische Stadthalle\" srcset=\"https:\/\/vpdanses.fr\/wp-content\/uploads\/2025\/07\/2025-07-04.WDSF_Wuppertal_IMG_9514.jpg 1240w, https:\/\/vpdanses.fr\/wp-content\/uploads\/2025\/07\/2025-07-04.WDSF_Wuppertal_IMG_9514-300x225.jpg 300w, https:\/\/vpdanses.fr\/wp-content\/uploads\/2025\/07\/2025-07-04.WDSF_Wuppertal_IMG_9514-1024x768.jpg 1024w, https:\/\/vpdanses.fr\/wp-content\/uploads\/2025\/07\/2025-07-04.WDSF_Wuppertal_IMG_9514-768x576.jpg 768w, https:\/\/vpdanses.fr\/wp-content\/uploads\/2025\/07\/2025-07-04.WDSF_Wuppertal_IMG_9514-500x375.jpg 500w, https:\/\/vpdanses.fr\/wp-content\/uploads\/2025\/07\/2025-07-04.WDSF_Wuppertal_IMG_9514-800x600.jpg 800w\" sizes=\"auto, (max-width: 1240px) 100vw, 1240px\" \/><\/noscript><img decoding=\"async\" width=\"1240\" height=\"930\" src=\"https:\/\/vpdanses.fr\/wp-content\/uploads\/2025\/07\/2025-07-04.WDSF_Wuppertal_IMG_9514.jpg\" class=\"wp-image-13707 vp-lazyload\" alt=\"Comp\u00e9tition de Danse Sportive WDSF Wuppertal 2025 en Allemagne \u00e0 l&#039; Historische Stadthalle\" srcset=\"data:image\/svg+xml;base64,PHN2ZyB3aWR0aD0iMTI0MCIgaGVpZ2h0PSI5MzAiIHZpZXdCb3g9IjAgMCAxMjQwIDkzMCIgZmlsbD0ibm9uZSIgeG1sbnM9Imh0dHA6Ly93d3cudzMub3JnLzIwMDAvc3ZnIj48L3N2Zz4=\" data-src=\"https:\/\/vpdanses.fr\/wp-content\/uploads\/2025\/07\/2025-07-04.WDSF_Wuppertal_IMG_9514.jpg\" data-srcset=\"https:\/\/vpdanses.fr\/wp-content\/uploads\/2025\/07\/2025-07-04.WDSF_Wuppertal_IMG_9514.jpg 1240w, https:\/\/vpdanses.fr\/wp-content\/uploads\/2025\/07\/2025-07-04.WDSF_Wuppertal_IMG_9514-300x225.jpg 300w, https:\/\/vpdanses.fr\/wp-content\/uploads\/2025\/07\/2025-07-04.WDSF_Wuppertal_IMG_9514-1024x768.jpg 1024w, https:\/\/vpdanses.fr\/wp-content\/uploads\/2025\/07\/2025-07-04.WDSF_Wuppertal_IMG_9514-768x576.jpg 768w, https:\/\/vpdanses.fr\/wp-content\/uploads\/2025\/07\/2025-07-04.WDSF_Wuppertal_IMG_9514-500x375.jpg 500w, https:\/\/vpdanses.fr\/wp-content\/uploads\/2025\/07\/2025-07-04.WDSF_Wuppertal_IMG_9514-800x600.jpg 800w\" data-sizes=\"auto\" loading=\"eager\">\n\t\t<div class=\"vp-portfolio__item-overlay\"><\/div>\n\n\t\t<\/a>\t<\/div>\n<\/div>\n\n\t<figcaption class=\"vp-portfolio__item-caption vp-portfolio__item-caption-text-align-center\">\n\t\t<div class=\"vp-portfolio__item-meta-wrap vp-portfolio__custom-scrollbar\">\n\t\t\t<div class=\"vp-portfolio__item-meta\">\n\t\t\t\t\n<h2 class=\"vp-portfolio__item-meta-title\">\n\t\t<a\n\t\thref=\"https:\/\/vpdanses.fr\/wp-content\/uploads\/2025\/07\/2025-07-04.WDSF_Wuppertal_IMG_9514.jpg\"\n\t\t\t>\n\tComp\u00e9tition de Danse Sportive WDSF Wuppertal 2025 en Allemagne \u00e0 l&rsquo; Historische Stadthalle<\/a><\/h2>\n\t\t\t<\/div>\n\t\t<\/div>\n\t<\/figcaption>\n\t\t\t<\/figure>\n\t\t\t\t\t<\/div>\n\t\t\n\t\t<div\t\tclass=\"vp-portfolio__item-wrap vp-portfolio__item-uid-f3a46436\" data-vp-filter=\"\" \t\t>\n\t\t\t<template class=\"vp-portfolio__item-popup\" data-vp-popup-img=\"https:\/\/vpdanses.fr\/wp-content\/uploads\/2025\/07\/2025-07-04.WDSF_Wuppertal_IMG_9516.jpg\" data-vp-popup-img-srcset=\"https:\/\/vpdanses.fr\/wp-content\/uploads\/2025\/07\/2025-07-04.WDSF_Wuppertal_IMG_9516.jpg 930w, https:\/\/vpdanses.fr\/wp-content\/uploads\/2025\/07\/2025-07-04.WDSF_Wuppertal_IMG_9516-225x300.jpg 225w, https:\/\/vpdanses.fr\/wp-content\/uploads\/2025\/07\/2025-07-04.WDSF_Wuppertal_IMG_9516-768x1024.jpg 768w, https:\/\/vpdanses.fr\/wp-content\/uploads\/2025\/07\/2025-07-04.WDSF_Wuppertal_IMG_9516-500x667.jpg 500w, https:\/\/vpdanses.fr\/wp-content\/uploads\/2025\/07\/2025-07-04.WDSF_Wuppertal_IMG_9516-800x1067.jpg 800w\" data-vp-popup-img-size=\"930x1240\" data-vp-popup-md-img=\"https:\/\/vpdanses.fr\/wp-content\/uploads\/2025\/07\/2025-07-04.WDSF_Wuppertal_IMG_9516-800x1067.jpg\" data-vp-popup-md-img-size=\"800x1067\" data-vp-popup-sm-img=\"https:\/\/vpdanses.fr\/wp-content\/uploads\/2025\/07\/2025-07-04.WDSF_Wuppertal_IMG_9516-500x667.jpg\" data-vp-popup-sm-img-size=\"500x667\">\n\t\t\t<h3 class=\"vp-portfolio__item-popup-title\">Comp\u00e9tition de Danse Sportive WDSF Wuppertal 2025 en Allemagne \u00e0 l&rsquo; Historische Stadthalle<\/h3>\n\t\t\t\t<div class=\"vp-portfolio__item-popup-description\">Comp\u00e9tition de Danse Sportive WDSF Wuppertal 2025 en Allemagne \u00e0 l&rsquo; Historische Stadthalle <\/div>\n\t\t<\/template>\n\t\t\t\t\t\t<figure class=\"vp-portfolio__item\">\n\t\t\t\t\n<div class=\"vp-portfolio__item-img-wrap\">\n\t<div class=\"vp-portfolio__item-img\">\n\t\t\t<a\n\t\thref=\"https:\/\/vpdanses.fr\/wp-content\/uploads\/2025\/07\/2025-07-04.WDSF_Wuppertal_IMG_9516.jpg\"\n\t\t\t>\n\t\n\t\t<noscript><img loading=\"lazy\" decoding=\"async\" width=\"930\" height=\"1240\" data-skip-lazy src=\"https:\/\/vpdanses.fr\/wp-content\/uploads\/2025\/07\/2025-07-04.WDSF_Wuppertal_IMG_9516.jpg\" class=\"wp-image-13708\" alt=\"Comp\u00e9tition de Danse Sportive WDSF Wuppertal 2025 en Allemagne \u00e0 l&#039; Historische Stadthalle\" srcset=\"https:\/\/vpdanses.fr\/wp-content\/uploads\/2025\/07\/2025-07-04.WDSF_Wuppertal_IMG_9516.jpg 930w, https:\/\/vpdanses.fr\/wp-content\/uploads\/2025\/07\/2025-07-04.WDSF_Wuppertal_IMG_9516-225x300.jpg 225w, https:\/\/vpdanses.fr\/wp-content\/uploads\/2025\/07\/2025-07-04.WDSF_Wuppertal_IMG_9516-768x1024.jpg 768w, https:\/\/vpdanses.fr\/wp-content\/uploads\/2025\/07\/2025-07-04.WDSF_Wuppertal_IMG_9516-500x667.jpg 500w, https:\/\/vpdanses.fr\/wp-content\/uploads\/2025\/07\/2025-07-04.WDSF_Wuppertal_IMG_9516-800x1067.jpg 800w\" sizes=\"auto, (max-width: 930px) 100vw, 930px\" \/><\/noscript><img decoding=\"async\" width=\"930\" height=\"1240\" src=\"https:\/\/vpdanses.fr\/wp-content\/uploads\/2025\/07\/2025-07-04.WDSF_Wuppertal_IMG_9516.jpg\" class=\"wp-image-13708 vp-lazyload\" alt=\"Comp\u00e9tition de Danse Sportive WDSF Wuppertal 2025 en Allemagne \u00e0 l&#039; Historische Stadthalle\" srcset=\"data:image\/svg+xml;base64,PHN2ZyB3aWR0aD0iOTMwIiBoZWlnaHQ9IjEyNDAiIHZpZXdCb3g9IjAgMCA5MzAgMTI0MCIgZmlsbD0ibm9uZSIgeG1sbnM9Imh0dHA6Ly93d3cudzMub3JnLzIwMDAvc3ZnIj48L3N2Zz4=\" data-src=\"https:\/\/vpdanses.fr\/wp-content\/uploads\/2025\/07\/2025-07-04.WDSF_Wuppertal_IMG_9516.jpg\" data-srcset=\"https:\/\/vpdanses.fr\/wp-content\/uploads\/2025\/07\/2025-07-04.WDSF_Wuppertal_IMG_9516.jpg 930w, https:\/\/vpdanses.fr\/wp-content\/uploads\/2025\/07\/2025-07-04.WDSF_Wuppertal_IMG_9516-225x300.jpg 225w, https:\/\/vpdanses.fr\/wp-content\/uploads\/2025\/07\/2025-07-04.WDSF_Wuppertal_IMG_9516-768x1024.jpg 768w, https:\/\/vpdanses.fr\/wp-content\/uploads\/2025\/07\/2025-07-04.WDSF_Wuppertal_IMG_9516-500x667.jpg 500w, https:\/\/vpdanses.fr\/wp-content\/uploads\/2025\/07\/2025-07-04.WDSF_Wuppertal_IMG_9516-800x1067.jpg 800w\" data-sizes=\"auto\" loading=\"eager\">\n\t\t<div class=\"vp-portfolio__item-overlay\"><\/div>\n\n\t\t<\/a>\t<\/div>\n<\/div>\n\n\t<figcaption class=\"vp-portfolio__item-caption vp-portfolio__item-caption-text-align-center\">\n\t\t<div class=\"vp-portfolio__item-meta-wrap vp-portfolio__custom-scrollbar\">\n\t\t\t<div class=\"vp-portfolio__item-meta\">\n\t\t\t\t\n<h2 class=\"vp-portfolio__item-meta-title\">\n\t\t<a\n\t\thref=\"https:\/\/vpdanses.fr\/wp-content\/uploads\/2025\/07\/2025-07-04.WDSF_Wuppertal_IMG_9516.jpg\"\n\t\t\t>\n\tComp\u00e9tition de Danse Sportive WDSF Wuppertal 2025 en Allemagne \u00e0 l&rsquo; Historische Stadthalle<\/a><\/h2>\n\t\t\t<\/div>\n\t\t<\/div>\n\t<\/figcaption>\n\t\t\t<\/figure>\n\t\t\t\t\t<\/div>\n\t\t\n\t\t<div\t\tclass=\"vp-portfolio__item-wrap vp-portfolio__item-uid-f961edfd\" data-vp-filter=\"\" \t\t>\n\t\t\t<template class=\"vp-portfolio__item-popup\" data-vp-popup-img=\"https:\/\/vpdanses.fr\/wp-content\/uploads\/2025\/07\/2025-07-04.WDSF_Wuppertal_IMG_9523.jpg\" data-vp-popup-img-srcset=\"https:\/\/vpdanses.fr\/wp-content\/uploads\/2025\/07\/2025-07-04.WDSF_Wuppertal_IMG_9523.jpg 930w, https:\/\/vpdanses.fr\/wp-content\/uploads\/2025\/07\/2025-07-04.WDSF_Wuppertal_IMG_9523-225x300.jpg 225w, https:\/\/vpdanses.fr\/wp-content\/uploads\/2025\/07\/2025-07-04.WDSF_Wuppertal_IMG_9523-768x1024.jpg 768w, https:\/\/vpdanses.fr\/wp-content\/uploads\/2025\/07\/2025-07-04.WDSF_Wuppertal_IMG_9523-500x667.jpg 500w, https:\/\/vpdanses.fr\/wp-content\/uploads\/2025\/07\/2025-07-04.WDSF_Wuppertal_IMG_9523-800x1067.jpg 800w\" data-vp-popup-img-size=\"930x1240\" data-vp-popup-md-img=\"https:\/\/vpdanses.fr\/wp-content\/uploads\/2025\/07\/2025-07-04.WDSF_Wuppertal_IMG_9523-800x1067.jpg\" data-vp-popup-md-img-size=\"800x1067\" data-vp-popup-sm-img=\"https:\/\/vpdanses.fr\/wp-content\/uploads\/2025\/07\/2025-07-04.WDSF_Wuppertal_IMG_9523-500x667.jpg\" data-vp-popup-sm-img-size=\"500x667\">\n\t\t\t<h3 class=\"vp-portfolio__item-popup-title\">Comp\u00e9tition de Danse Sportive WDSF Wuppertal 2025 en Allemagne \u00e0 l&rsquo; Historische Stadthalle<\/h3>\n\t\t\t\t<div class=\"vp-portfolio__item-popup-description\">Comp\u00e9tition de Danse Sportive WDSF Wuppertal 2025 en Allemagne \u00e0 l&rsquo; Historische Stadthalle <\/div>\n\t\t<\/template>\n\t\t\t\t\t\t<figure class=\"vp-portfolio__item\">\n\t\t\t\t\n<div class=\"vp-portfolio__item-img-wrap\">\n\t<div class=\"vp-portfolio__item-img\">\n\t\t\t<a\n\t\thref=\"https:\/\/vpdanses.fr\/wp-content\/uploads\/2025\/07\/2025-07-04.WDSF_Wuppertal_IMG_9523.jpg\"\n\t\t\t>\n\t\n\t\t<noscript><img loading=\"lazy\" decoding=\"async\" width=\"930\" height=\"1240\" data-skip-lazy src=\"https:\/\/vpdanses.fr\/wp-content\/uploads\/2025\/07\/2025-07-04.WDSF_Wuppertal_IMG_9523.jpg\" class=\"wp-image-13710\" alt=\"Comp\u00e9tition de Danse Sportive WDSF Wuppertal 2025 en Allemagne \u00e0 l&#039; Historische Stadthalle\" srcset=\"https:\/\/vpdanses.fr\/wp-content\/uploads\/2025\/07\/2025-07-04.WDSF_Wuppertal_IMG_9523.jpg 930w, https:\/\/vpdanses.fr\/wp-content\/uploads\/2025\/07\/2025-07-04.WDSF_Wuppertal_IMG_9523-225x300.jpg 225w, https:\/\/vpdanses.fr\/wp-content\/uploads\/2025\/07\/2025-07-04.WDSF_Wuppertal_IMG_9523-768x1024.jpg 768w, https:\/\/vpdanses.fr\/wp-content\/uploads\/2025\/07\/2025-07-04.WDSF_Wuppertal_IMG_9523-500x667.jpg 500w, https:\/\/vpdanses.fr\/wp-content\/uploads\/2025\/07\/2025-07-04.WDSF_Wuppertal_IMG_9523-800x1067.jpg 800w\" sizes=\"auto, (max-width: 930px) 100vw, 930px\" \/><\/noscript><img decoding=\"async\" width=\"930\" height=\"1240\" src=\"https:\/\/vpdanses.fr\/wp-content\/uploads\/2025\/07\/2025-07-04.WDSF_Wuppertal_IMG_9523.jpg\" class=\"wp-image-13710 vp-lazyload\" alt=\"Comp\u00e9tition de Danse Sportive WDSF Wuppertal 2025 en Allemagne \u00e0 l&#039; Historische Stadthalle\" srcset=\"data:image\/svg+xml;base64,PHN2ZyB3aWR0aD0iOTMwIiBoZWlnaHQ9IjEyNDAiIHZpZXdCb3g9IjAgMCA5MzAgMTI0MCIgZmlsbD0ibm9uZSIgeG1sbnM9Imh0dHA6Ly93d3cudzMub3JnLzIwMDAvc3ZnIj48L3N2Zz4=\" data-src=\"https:\/\/vpdanses.fr\/wp-content\/uploads\/2025\/07\/2025-07-04.WDSF_Wuppertal_IMG_9523.jpg\" data-srcset=\"https:\/\/vpdanses.fr\/wp-content\/uploads\/2025\/07\/2025-07-04.WDSF_Wuppertal_IMG_9523.jpg 930w, https:\/\/vpdanses.fr\/wp-content\/uploads\/2025\/07\/2025-07-04.WDSF_Wuppertal_IMG_9523-225x300.jpg 225w, https:\/\/vpdanses.fr\/wp-content\/uploads\/2025\/07\/2025-07-04.WDSF_Wuppertal_IMG_9523-768x1024.jpg 768w, https:\/\/vpdanses.fr\/wp-content\/uploads\/2025\/07\/2025-07-04.WDSF_Wuppertal_IMG_9523-500x667.jpg 500w, https:\/\/vpdanses.fr\/wp-content\/uploads\/2025\/07\/2025-07-04.WDSF_Wuppertal_IMG_9523-800x1067.jpg 800w\" data-sizes=\"auto\" loading=\"eager\">\n\t\t<div class=\"vp-portfolio__item-overlay\"><\/div>\n\n\t\t<\/a>\t<\/div>\n<\/div>\n\n\t<figcaption class=\"vp-portfolio__item-caption vp-portfolio__item-caption-text-align-center\">\n\t\t<div class=\"vp-portfolio__item-meta-wrap vp-portfolio__custom-scrollbar\">\n\t\t\t<div class=\"vp-portfolio__item-meta\">\n\t\t\t\t\n<h2 class=\"vp-portfolio__item-meta-title\">\n\t\t<a\n\t\thref=\"https:\/\/vpdanses.fr\/wp-content\/uploads\/2025\/07\/2025-07-04.WDSF_Wuppertal_IMG_9523.jpg\"\n\t\t\t>\n\tComp\u00e9tition de Danse Sportive WDSF Wuppertal 2025 en Allemagne \u00e0 l&rsquo; Historische Stadthalle<\/a><\/h2>\n\t\t\t<\/div>\n\t\t<\/div>\n\t<\/figcaption>\n\t\t\t<\/figure>\n\t\t\t\t\t<\/div>\n\t\t\n\t\t<div\t\tclass=\"vp-portfolio__item-wrap vp-portfolio__item-uid-453a0ece\" data-vp-filter=\"\" \t\t>\n\t\t\t<template class=\"vp-portfolio__item-popup\" data-vp-popup-img=\"https:\/\/vpdanses.fr\/wp-content\/uploads\/2025\/07\/2025-07-04.WDSF_Wuppertal_IMG_9526.jpg\" data-vp-popup-img-srcset=\"https:\/\/vpdanses.fr\/wp-content\/uploads\/2025\/07\/2025-07-04.WDSF_Wuppertal_IMG_9526.jpg 1240w, https:\/\/vpdanses.fr\/wp-content\/uploads\/2025\/07\/2025-07-04.WDSF_Wuppertal_IMG_9526-300x225.jpg 300w, https:\/\/vpdanses.fr\/wp-content\/uploads\/2025\/07\/2025-07-04.WDSF_Wuppertal_IMG_9526-1024x768.jpg 1024w, https:\/\/vpdanses.fr\/wp-content\/uploads\/2025\/07\/2025-07-04.WDSF_Wuppertal_IMG_9526-768x576.jpg 768w, https:\/\/vpdanses.fr\/wp-content\/uploads\/2025\/07\/2025-07-04.WDSF_Wuppertal_IMG_9526-500x375.jpg 500w, https:\/\/vpdanses.fr\/wp-content\/uploads\/2025\/07\/2025-07-04.WDSF_Wuppertal_IMG_9526-800x600.jpg 800w\" data-vp-popup-img-size=\"1240x930\" data-vp-popup-md-img=\"https:\/\/vpdanses.fr\/wp-content\/uploads\/2025\/07\/2025-07-04.WDSF_Wuppertal_IMG_9526-800x600.jpg\" data-vp-popup-md-img-size=\"800x600\" data-vp-popup-sm-img=\"https:\/\/vpdanses.fr\/wp-content\/uploads\/2025\/07\/2025-07-04.WDSF_Wuppertal_IMG_9526-500x375.jpg\" data-vp-popup-sm-img-size=\"500x375\">\n\t\t\t<h3 class=\"vp-portfolio__item-popup-title\">Comp\u00e9tition de Danse Sportive WDSF Wuppertal 2025 en Allemagne \u00e0 l&rsquo; Historische Stadthalle<\/h3>\n\t\t\t\t<div class=\"vp-portfolio__item-popup-description\">Comp\u00e9tition de Danse Sportive WDSF Wuppertal 2025 en Allemagne \u00e0 l&rsquo; Historische Stadthalle <\/div>\n\t\t<\/template>\n\t\t\t\t\t\t<figure class=\"vp-portfolio__item\">\n\t\t\t\t\n<div class=\"vp-portfolio__item-img-wrap\">\n\t<div class=\"vp-portfolio__item-img\">\n\t\t\t<a\n\t\thref=\"https:\/\/vpdanses.fr\/wp-content\/uploads\/2025\/07\/2025-07-04.WDSF_Wuppertal_IMG_9526.jpg\"\n\t\t\t>\n\t\n\t\t<noscript><img loading=\"lazy\" decoding=\"async\" width=\"1240\" height=\"930\" data-skip-lazy src=\"https:\/\/vpdanses.fr\/wp-content\/uploads\/2025\/07\/2025-07-04.WDSF_Wuppertal_IMG_9526.jpg\" class=\"wp-image-13711\" alt=\"Comp\u00e9tition de Danse Sportive WDSF Wuppertal 2025 en Allemagne \u00e0 l&#039; Historische Stadthalle\" srcset=\"https:\/\/vpdanses.fr\/wp-content\/uploads\/2025\/07\/2025-07-04.WDSF_Wuppertal_IMG_9526.jpg 1240w, https:\/\/vpdanses.fr\/wp-content\/uploads\/2025\/07\/2025-07-04.WDSF_Wuppertal_IMG_9526-300x225.jpg 300w, https:\/\/vpdanses.fr\/wp-content\/uploads\/2025\/07\/2025-07-04.WDSF_Wuppertal_IMG_9526-1024x768.jpg 1024w, https:\/\/vpdanses.fr\/wp-content\/uploads\/2025\/07\/2025-07-04.WDSF_Wuppertal_IMG_9526-768x576.jpg 768w, https:\/\/vpdanses.fr\/wp-content\/uploads\/2025\/07\/2025-07-04.WDSF_Wuppertal_IMG_9526-500x375.jpg 500w, https:\/\/vpdanses.fr\/wp-content\/uploads\/2025\/07\/2025-07-04.WDSF_Wuppertal_IMG_9526-800x600.jpg 800w\" sizes=\"auto, (max-width: 1240px) 100vw, 1240px\" \/><\/noscript><img decoding=\"async\" width=\"1240\" height=\"930\" src=\"https:\/\/vpdanses.fr\/wp-content\/uploads\/2025\/07\/2025-07-04.WDSF_Wuppertal_IMG_9526.jpg\" class=\"wp-image-13711 vp-lazyload\" alt=\"Comp\u00e9tition de Danse Sportive WDSF Wuppertal 2025 en Allemagne \u00e0 l&#039; Historische Stadthalle\" srcset=\"data:image\/svg+xml;base64,PHN2ZyB3aWR0aD0iMTI0MCIgaGVpZ2h0PSI5MzAiIHZpZXdCb3g9IjAgMCAxMjQwIDkzMCIgZmlsbD0ibm9uZSIgeG1sbnM9Imh0dHA6Ly93d3cudzMub3JnLzIwMDAvc3ZnIj48L3N2Zz4=\" data-src=\"https:\/\/vpdanses.fr\/wp-content\/uploads\/2025\/07\/2025-07-04.WDSF_Wuppertal_IMG_9526.jpg\" data-srcset=\"https:\/\/vpdanses.fr\/wp-content\/uploads\/2025\/07\/2025-07-04.WDSF_Wuppertal_IMG_9526.jpg 1240w, https:\/\/vpdanses.fr\/wp-content\/uploads\/2025\/07\/2025-07-04.WDSF_Wuppertal_IMG_9526-300x225.jpg 300w, https:\/\/vpdanses.fr\/wp-content\/uploads\/2025\/07\/2025-07-04.WDSF_Wuppertal_IMG_9526-1024x768.jpg 1024w, https:\/\/vpdanses.fr\/wp-content\/uploads\/2025\/07\/2025-07-04.WDSF_Wuppertal_IMG_9526-768x576.jpg 768w, https:\/\/vpdanses.fr\/wp-content\/uploads\/2025\/07\/2025-07-04.WDSF_Wuppertal_IMG_9526-500x375.jpg 500w, https:\/\/vpdanses.fr\/wp-content\/uploads\/2025\/07\/2025-07-04.WDSF_Wuppertal_IMG_9526-800x600.jpg 800w\" data-sizes=\"auto\" loading=\"eager\">\n\t\t<div class=\"vp-portfolio__item-overlay\"><\/div>\n\n\t\t<\/a>\t<\/div>\n<\/div>\n\n\t<figcaption class=\"vp-portfolio__item-caption vp-portfolio__item-caption-text-align-center\">\n\t\t<div class=\"vp-portfolio__item-meta-wrap vp-portfolio__custom-scrollbar\">\n\t\t\t<div class=\"vp-portfolio__item-meta\">\n\t\t\t\t\n<h2 class=\"vp-portfolio__item-meta-title\">\n\t\t<a\n\t\thref=\"https:\/\/vpdanses.fr\/wp-content\/uploads\/2025\/07\/2025-07-04.WDSF_Wuppertal_IMG_9526.jpg\"\n\t\t\t>\n\tComp\u00e9tition de Danse Sportive WDSF Wuppertal 2025 en Allemagne \u00e0 l&rsquo; Historische Stadthalle<\/a><\/h2>\n\t\t\t<\/div>\n\t\t<\/div>\n\t<\/figcaption>\n\t\t\t<\/figure>\n\t\t\t\t\t<\/div>\n\t\t\n\t\t<div\t\tclass=\"vp-portfolio__item-wrap vp-portfolio__item-uid-5aa72dda\" data-vp-filter=\"\" \t\t>\n\t\t\t<template class=\"vp-portfolio__item-popup\" data-vp-popup-img=\"https:\/\/vpdanses.fr\/wp-content\/uploads\/2025\/07\/2025-07-04.WDSF_Wuppertal_IMG_9529.jpg\" data-vp-popup-img-srcset=\"https:\/\/vpdanses.fr\/wp-content\/uploads\/2025\/07\/2025-07-04.WDSF_Wuppertal_IMG_9529.jpg 930w, https:\/\/vpdanses.fr\/wp-content\/uploads\/2025\/07\/2025-07-04.WDSF_Wuppertal_IMG_9529-225x300.jpg 225w, https:\/\/vpdanses.fr\/wp-content\/uploads\/2025\/07\/2025-07-04.WDSF_Wuppertal_IMG_9529-768x1024.jpg 768w, https:\/\/vpdanses.fr\/wp-content\/uploads\/2025\/07\/2025-07-04.WDSF_Wuppertal_IMG_9529-500x667.jpg 500w, https:\/\/vpdanses.fr\/wp-content\/uploads\/2025\/07\/2025-07-04.WDSF_Wuppertal_IMG_9529-800x1067.jpg 800w\" data-vp-popup-img-size=\"930x1240\" data-vp-popup-md-img=\"https:\/\/vpdanses.fr\/wp-content\/uploads\/2025\/07\/2025-07-04.WDSF_Wuppertal_IMG_9529-800x1067.jpg\" data-vp-popup-md-img-size=\"800x1067\" data-vp-popup-sm-img=\"https:\/\/vpdanses.fr\/wp-content\/uploads\/2025\/07\/2025-07-04.WDSF_Wuppertal_IMG_9529-500x667.jpg\" data-vp-popup-sm-img-size=\"500x667\">\n\t\t\t<h3 class=\"vp-portfolio__item-popup-title\">Comp\u00e9tition de Danse Sportive WDSF Wuppertal 2025 en Allemagne \u00e0 l&rsquo; Historische Stadthalle<\/h3>\n\t\t\t\t<div class=\"vp-portfolio__item-popup-description\">Comp\u00e9tition de Danse Sportive WDSF Wuppertal 2025 en Allemagne \u00e0 l&rsquo; Historische Stadthalle <\/div>\n\t\t<\/template>\n\t\t\t\t\t\t<figure class=\"vp-portfolio__item\">\n\t\t\t\t\n<div class=\"vp-portfolio__item-img-wrap\">\n\t<div class=\"vp-portfolio__item-img\">\n\t\t\t<a\n\t\thref=\"https:\/\/vpdanses.fr\/wp-content\/uploads\/2025\/07\/2025-07-04.WDSF_Wuppertal_IMG_9529.jpg\"\n\t\t\t>\n\t\n\t\t<noscript><img loading=\"lazy\" decoding=\"async\" width=\"930\" height=\"1240\" data-skip-lazy src=\"https:\/\/vpdanses.fr\/wp-content\/uploads\/2025\/07\/2025-07-04.WDSF_Wuppertal_IMG_9529.jpg\" class=\"wp-image-13712\" alt=\"Comp\u00e9tition de Danse Sportive WDSF Wuppertal 2025 en Allemagne \u00e0 l&#039; Historische Stadthalle\" srcset=\"https:\/\/vpdanses.fr\/wp-content\/uploads\/2025\/07\/2025-07-04.WDSF_Wuppertal_IMG_9529.jpg 930w, https:\/\/vpdanses.fr\/wp-content\/uploads\/2025\/07\/2025-07-04.WDSF_Wuppertal_IMG_9529-225x300.jpg 225w, https:\/\/vpdanses.fr\/wp-content\/uploads\/2025\/07\/2025-07-04.WDSF_Wuppertal_IMG_9529-768x1024.jpg 768w, https:\/\/vpdanses.fr\/wp-content\/uploads\/2025\/07\/2025-07-04.WDSF_Wuppertal_IMG_9529-500x667.jpg 500w, https:\/\/vpdanses.fr\/wp-content\/uploads\/2025\/07\/2025-07-04.WDSF_Wuppertal_IMG_9529-800x1067.jpg 800w\" sizes=\"auto, (max-width: 930px) 100vw, 930px\" \/><\/noscript><img decoding=\"async\" width=\"930\" height=\"1240\" src=\"https:\/\/vpdanses.fr\/wp-content\/uploads\/2025\/07\/2025-07-04.WDSF_Wuppertal_IMG_9529.jpg\" class=\"wp-image-13712 vp-lazyload\" alt=\"Comp\u00e9tition de Danse Sportive WDSF Wuppertal 2025 en Allemagne \u00e0 l&#039; Historische Stadthalle\" srcset=\"data:image\/svg+xml;base64,PHN2ZyB3aWR0aD0iOTMwIiBoZWlnaHQ9IjEyNDAiIHZpZXdCb3g9IjAgMCA5MzAgMTI0MCIgZmlsbD0ibm9uZSIgeG1sbnM9Imh0dHA6Ly93d3cudzMub3JnLzIwMDAvc3ZnIj48L3N2Zz4=\" data-src=\"https:\/\/vpdanses.fr\/wp-content\/uploads\/2025\/07\/2025-07-04.WDSF_Wuppertal_IMG_9529.jpg\" data-srcset=\"https:\/\/vpdanses.fr\/wp-content\/uploads\/2025\/07\/2025-07-04.WDSF_Wuppertal_IMG_9529.jpg 930w, https:\/\/vpdanses.fr\/wp-content\/uploads\/2025\/07\/2025-07-04.WDSF_Wuppertal_IMG_9529-225x300.jpg 225w, https:\/\/vpdanses.fr\/wp-content\/uploads\/2025\/07\/2025-07-04.WDSF_Wuppertal_IMG_9529-768x1024.jpg 768w, https:\/\/vpdanses.fr\/wp-content\/uploads\/2025\/07\/2025-07-04.WDSF_Wuppertal_IMG_9529-500x667.jpg 500w, https:\/\/vpdanses.fr\/wp-content\/uploads\/2025\/07\/2025-07-04.WDSF_Wuppertal_IMG_9529-800x1067.jpg 800w\" data-sizes=\"auto\" loading=\"eager\">\n\t\t<div class=\"vp-portfolio__item-overlay\"><\/div>\n\n\t\t<\/a>\t<\/div>\n<\/div>\n\n\t<figcaption class=\"vp-portfolio__item-caption vp-portfolio__item-caption-text-align-center\">\n\t\t<div class=\"vp-portfolio__item-meta-wrap vp-portfolio__custom-scrollbar\">\n\t\t\t<div class=\"vp-portfolio__item-meta\">\n\t\t\t\t\n<h2 class=\"vp-portfolio__item-meta-title\">\n\t\t<a\n\t\thref=\"https:\/\/vpdanses.fr\/wp-content\/uploads\/2025\/07\/2025-07-04.WDSF_Wuppertal_IMG_9529.jpg\"\n\t\t\t>\n\tComp\u00e9tition de Danse Sportive WDSF Wuppertal 2025 en Allemagne \u00e0 l&rsquo; Historische Stadthalle<\/a><\/h2>\n\t\t\t<\/div>\n\t\t<\/div>\n\t<\/figcaption>\n\t\t\t<\/figure>\n\t\t\t\t\t<\/div>\n\t\t\n\t\t<div\t\tclass=\"vp-portfolio__item-wrap vp-portfolio__item-uid-e6fccee9\" data-vp-filter=\"\" \t\t>\n\t\t\t<template class=\"vp-portfolio__item-popup\" data-vp-popup-img=\"https:\/\/vpdanses.fr\/wp-content\/uploads\/2025\/07\/2025-07-04.WDSF_Wuppertal_IMG_9530.jpg\" data-vp-popup-img-srcset=\"https:\/\/vpdanses.fr\/wp-content\/uploads\/2025\/07\/2025-07-04.WDSF_Wuppertal_IMG_9530.jpg 930w, https:\/\/vpdanses.fr\/wp-content\/uploads\/2025\/07\/2025-07-04.WDSF_Wuppertal_IMG_9530-225x300.jpg 225w, https:\/\/vpdanses.fr\/wp-content\/uploads\/2025\/07\/2025-07-04.WDSF_Wuppertal_IMG_9530-768x1024.jpg 768w, https:\/\/vpdanses.fr\/wp-content\/uploads\/2025\/07\/2025-07-04.WDSF_Wuppertal_IMG_9530-500x667.jpg 500w, https:\/\/vpdanses.fr\/wp-content\/uploads\/2025\/07\/2025-07-04.WDSF_Wuppertal_IMG_9530-800x1067.jpg 800w\" data-vp-popup-img-size=\"930x1240\" data-vp-popup-md-img=\"https:\/\/vpdanses.fr\/wp-content\/uploads\/2025\/07\/2025-07-04.WDSF_Wuppertal_IMG_9530-800x1067.jpg\" data-vp-popup-md-img-size=\"800x1067\" data-vp-popup-sm-img=\"https:\/\/vpdanses.fr\/wp-content\/uploads\/2025\/07\/2025-07-04.WDSF_Wuppertal_IMG_9530-500x667.jpg\" data-vp-popup-sm-img-size=\"500x667\">\n\t\t\t<h3 class=\"vp-portfolio__item-popup-title\">Comp\u00e9tition de Danse Sportive WDSF Wuppertal 2025 en Allemagne \u00e0 l&rsquo; Historische Stadthalle<\/h3>\n\t\t\t\t<div class=\"vp-portfolio__item-popup-description\">Comp\u00e9tition de Danse Sportive WDSF Wuppertal 2025 en Allemagne \u00e0 l&rsquo; Historische Stadthalle <\/div>\n\t\t<\/template>\n\t\t\t\t\t\t<figure class=\"vp-portfolio__item\">\n\t\t\t\t\n<div class=\"vp-portfolio__item-img-wrap\">\n\t<div class=\"vp-portfolio__item-img\">\n\t\t\t<a\n\t\thref=\"https:\/\/vpdanses.fr\/wp-content\/uploads\/2025\/07\/2025-07-04.WDSF_Wuppertal_IMG_9530.jpg\"\n\t\t\t>\n\t\n\t\t<noscript><img loading=\"lazy\" decoding=\"async\" width=\"930\" height=\"1240\" data-skip-lazy src=\"https:\/\/vpdanses.fr\/wp-content\/uploads\/2025\/07\/2025-07-04.WDSF_Wuppertal_IMG_9530.jpg\" class=\"wp-image-13713\" alt=\"Comp\u00e9tition de Danse Sportive WDSF Wuppertal 2025 en Allemagne \u00e0 l&#039; Historische Stadthalle\" srcset=\"https:\/\/vpdanses.fr\/wp-content\/uploads\/2025\/07\/2025-07-04.WDSF_Wuppertal_IMG_9530.jpg 930w, https:\/\/vpdanses.fr\/wp-content\/uploads\/2025\/07\/2025-07-04.WDSF_Wuppertal_IMG_9530-225x300.jpg 225w, https:\/\/vpdanses.fr\/wp-content\/uploads\/2025\/07\/2025-07-04.WDSF_Wuppertal_IMG_9530-768x1024.jpg 768w, https:\/\/vpdanses.fr\/wp-content\/uploads\/2025\/07\/2025-07-04.WDSF_Wuppertal_IMG_9530-500x667.jpg 500w, https:\/\/vpdanses.fr\/wp-content\/uploads\/2025\/07\/2025-07-04.WDSF_Wuppertal_IMG_9530-800x1067.jpg 800w\" sizes=\"auto, (max-width: 930px) 100vw, 930px\" \/><\/noscript><img decoding=\"async\" width=\"930\" height=\"1240\" src=\"https:\/\/vpdanses.fr\/wp-content\/uploads\/2025\/07\/2025-07-04.WDSF_Wuppertal_IMG_9530.jpg\" class=\"wp-image-13713 vp-lazyload\" alt=\"Comp\u00e9tition de Danse Sportive WDSF Wuppertal 2025 en Allemagne \u00e0 l&#039; Historische Stadthalle\" srcset=\"data:image\/svg+xml;base64,PHN2ZyB3aWR0aD0iOTMwIiBoZWlnaHQ9IjEyNDAiIHZpZXdCb3g9IjAgMCA5MzAgMTI0MCIgZmlsbD0ibm9uZSIgeG1sbnM9Imh0dHA6Ly93d3cudzMub3JnLzIwMDAvc3ZnIj48L3N2Zz4=\" data-src=\"https:\/\/vpdanses.fr\/wp-content\/uploads\/2025\/07\/2025-07-04.WDSF_Wuppertal_IMG_9530.jpg\" data-srcset=\"https:\/\/vpdanses.fr\/wp-content\/uploads\/2025\/07\/2025-07-04.WDSF_Wuppertal_IMG_9530.jpg 930w, https:\/\/vpdanses.fr\/wp-content\/uploads\/2025\/07\/2025-07-04.WDSF_Wuppertal_IMG_9530-225x300.jpg 225w, https:\/\/vpdanses.fr\/wp-content\/uploads\/2025\/07\/2025-07-04.WDSF_Wuppertal_IMG_9530-768x1024.jpg 768w, https:\/\/vpdanses.fr\/wp-content\/uploads\/2025\/07\/2025-07-04.WDSF_Wuppertal_IMG_9530-500x667.jpg 500w, https:\/\/vpdanses.fr\/wp-content\/uploads\/2025\/07\/2025-07-04.WDSF_Wuppertal_IMG_9530-800x1067.jpg 800w\" data-sizes=\"auto\" loading=\"eager\">\n\t\t<div class=\"vp-portfolio__item-overlay\"><\/div>\n\n\t\t<\/a>\t<\/div>\n<\/div>\n\n\t<figcaption class=\"vp-portfolio__item-caption vp-portfolio__item-caption-text-align-center\">\n\t\t<div class=\"vp-portfolio__item-meta-wrap vp-portfolio__custom-scrollbar\">\n\t\t\t<div class=\"vp-portfolio__item-meta\">\n\t\t\t\t\n<h2 class=\"vp-portfolio__item-meta-title\">\n\t\t<a\n\t\thref=\"https:\/\/vpdanses.fr\/wp-content\/uploads\/2025\/07\/2025-07-04.WDSF_Wuppertal_IMG_9530.jpg\"\n\t\t\t>\n\tComp\u00e9tition de Danse Sportive WDSF Wuppertal 2025 en Allemagne \u00e0 l&rsquo; Historische Stadthalle<\/a><\/h2>\n\t\t\t<\/div>\n\t\t<\/div>\n\t<\/figcaption>\n\t\t\t<\/figure>\n\t\t\t\t\t<\/div>\n\t\t\n\t\t<div\t\tclass=\"vp-portfolio__item-wrap vp-portfolio__item-uid-89cee99f\" data-vp-filter=\"\" \t\t>\n\t\t\t<template class=\"vp-portfolio__item-popup\" data-vp-popup-img=\"https:\/\/vpdanses.fr\/wp-content\/uploads\/2025\/07\/2025-07-04.WDSF_Wuppertal_IMG_9532.jpg\" data-vp-popup-img-srcset=\"https:\/\/vpdanses.fr\/wp-content\/uploads\/2025\/07\/2025-07-04.WDSF_Wuppertal_IMG_9532.jpg 930w, https:\/\/vpdanses.fr\/wp-content\/uploads\/2025\/07\/2025-07-04.WDSF_Wuppertal_IMG_9532-225x300.jpg 225w, https:\/\/vpdanses.fr\/wp-content\/uploads\/2025\/07\/2025-07-04.WDSF_Wuppertal_IMG_9532-768x1024.jpg 768w, https:\/\/vpdanses.fr\/wp-content\/uploads\/2025\/07\/2025-07-04.WDSF_Wuppertal_IMG_9532-500x667.jpg 500w, https:\/\/vpdanses.fr\/wp-content\/uploads\/2025\/07\/2025-07-04.WDSF_Wuppertal_IMG_9532-800x1067.jpg 800w\" data-vp-popup-img-size=\"930x1240\" data-vp-popup-md-img=\"https:\/\/vpdanses.fr\/wp-content\/uploads\/2025\/07\/2025-07-04.WDSF_Wuppertal_IMG_9532-800x1067.jpg\" data-vp-popup-md-img-size=\"800x1067\" data-vp-popup-sm-img=\"https:\/\/vpdanses.fr\/wp-content\/uploads\/2025\/07\/2025-07-04.WDSF_Wuppertal_IMG_9532-500x667.jpg\" data-vp-popup-sm-img-size=\"500x667\">\n\t\t\t<h3 class=\"vp-portfolio__item-popup-title\">Comp\u00e9tition de Danse Sportive WDSF Wuppertal 2025 en Allemagne \u00e0 l&rsquo; Historische Stadthalle<\/h3>\n\t\t\t\t<div class=\"vp-portfolio__item-popup-description\">Comp\u00e9tition de Danse Sportive WDSF Wuppertal 2025 en Allemagne \u00e0 l&rsquo; Historische Stadthalle <\/div>\n\t\t<\/template>\n\t\t\t\t\t\t<figure class=\"vp-portfolio__item\">\n\t\t\t\t\n<div class=\"vp-portfolio__item-img-wrap\">\n\t<div class=\"vp-portfolio__item-img\">\n\t\t\t<a\n\t\thref=\"https:\/\/vpdanses.fr\/wp-content\/uploads\/2025\/07\/2025-07-04.WDSF_Wuppertal_IMG_9532.jpg\"\n\t\t\t>\n\t\n\t\t<noscript><img loading=\"lazy\" decoding=\"async\" width=\"930\" height=\"1240\" data-skip-lazy src=\"https:\/\/vpdanses.fr\/wp-content\/uploads\/2025\/07\/2025-07-04.WDSF_Wuppertal_IMG_9532.jpg\" class=\"wp-image-13714\" alt=\"Comp\u00e9tition de Danse Sportive WDSF Wuppertal 2025 en Allemagne \u00e0 l&#039; Historische Stadthalle\" srcset=\"https:\/\/vpdanses.fr\/wp-content\/uploads\/2025\/07\/2025-07-04.WDSF_Wuppertal_IMG_9532.jpg 930w, https:\/\/vpdanses.fr\/wp-content\/uploads\/2025\/07\/2025-07-04.WDSF_Wuppertal_IMG_9532-225x300.jpg 225w, https:\/\/vpdanses.fr\/wp-content\/uploads\/2025\/07\/2025-07-04.WDSF_Wuppertal_IMG_9532-768x1024.jpg 768w, https:\/\/vpdanses.fr\/wp-content\/uploads\/2025\/07\/2025-07-04.WDSF_Wuppertal_IMG_9532-500x667.jpg 500w, https:\/\/vpdanses.fr\/wp-content\/uploads\/2025\/07\/2025-07-04.WDSF_Wuppertal_IMG_9532-800x1067.jpg 800w\" sizes=\"auto, (max-width: 930px) 100vw, 930px\" \/><\/noscript><img decoding=\"async\" width=\"930\" height=\"1240\" src=\"https:\/\/vpdanses.fr\/wp-content\/uploads\/2025\/07\/2025-07-04.WDSF_Wuppertal_IMG_9532.jpg\" class=\"wp-image-13714 vp-lazyload\" alt=\"Comp\u00e9tition de Danse Sportive WDSF Wuppertal 2025 en Allemagne \u00e0 l&#039; Historische Stadthalle\" srcset=\"data:image\/svg+xml;base64,PHN2ZyB3aWR0aD0iOTMwIiBoZWlnaHQ9IjEyNDAiIHZpZXdCb3g9IjAgMCA5MzAgMTI0MCIgZmlsbD0ibm9uZSIgeG1sbnM9Imh0dHA6Ly93d3cudzMub3JnLzIwMDAvc3ZnIj48L3N2Zz4=\" data-src=\"https:\/\/vpdanses.fr\/wp-content\/uploads\/2025\/07\/2025-07-04.WDSF_Wuppertal_IMG_9532.jpg\" data-srcset=\"https:\/\/vpdanses.fr\/wp-content\/uploads\/2025\/07\/2025-07-04.WDSF_Wuppertal_IMG_9532.jpg 930w, https:\/\/vpdanses.fr\/wp-content\/uploads\/2025\/07\/2025-07-04.WDSF_Wuppertal_IMG_9532-225x300.jpg 225w, https:\/\/vpdanses.fr\/wp-content\/uploads\/2025\/07\/2025-07-04.WDSF_Wuppertal_IMG_9532-768x1024.jpg 768w, https:\/\/vpdanses.fr\/wp-content\/uploads\/2025\/07\/2025-07-04.WDSF_Wuppertal_IMG_9532-500x667.jpg 500w, https:\/\/vpdanses.fr\/wp-content\/uploads\/2025\/07\/2025-07-04.WDSF_Wuppertal_IMG_9532-800x1067.jpg 800w\" data-sizes=\"auto\" loading=\"eager\">\n\t\t<div class=\"vp-portfolio__item-overlay\"><\/div>\n\n\t\t<\/a>\t<\/div>\n<\/div>\n\n\t<figcaption class=\"vp-portfolio__item-caption vp-portfolio__item-caption-text-align-center\">\n\t\t<div class=\"vp-portfolio__item-meta-wrap vp-portfolio__custom-scrollbar\">\n\t\t\t<div class=\"vp-portfolio__item-meta\">\n\t\t\t\t\n<h2 class=\"vp-portfolio__item-meta-title\">\n\t\t<a\n\t\thref=\"https:\/\/vpdanses.fr\/wp-content\/uploads\/2025\/07\/2025-07-04.WDSF_Wuppertal_IMG_9532.jpg\"\n\t\t\t>\n\tComp\u00e9tition de Danse Sportive WDSF Wuppertal 2025 en Allemagne \u00e0 l&rsquo; Historische Stadthalle<\/a><\/h2>\n\t\t\t<\/div>\n\t\t<\/div>\n\t<\/figcaption>\n\t\t\t<\/figure>\n\t\t\t\t\t<\/div>\n\t\t\n\t\t<div\t\tclass=\"vp-portfolio__item-wrap vp-portfolio__item-uid-35950aac\" data-vp-filter=\"\" \t\t>\n\t\t\t<template class=\"vp-portfolio__item-popup\" data-vp-popup-img=\"https:\/\/vpdanses.fr\/wp-content\/uploads\/2025\/07\/2025-07-04.WDSF_Wuppertal_IMG_9534.jpg\" data-vp-popup-img-srcset=\"https:\/\/vpdanses.fr\/wp-content\/uploads\/2025\/07\/2025-07-04.WDSF_Wuppertal_IMG_9534.jpg 930w, https:\/\/vpdanses.fr\/wp-content\/uploads\/2025\/07\/2025-07-04.WDSF_Wuppertal_IMG_9534-225x300.jpg 225w, https:\/\/vpdanses.fr\/wp-content\/uploads\/2025\/07\/2025-07-04.WDSF_Wuppertal_IMG_9534-768x1024.jpg 768w, https:\/\/vpdanses.fr\/wp-content\/uploads\/2025\/07\/2025-07-04.WDSF_Wuppertal_IMG_9534-500x667.jpg 500w, https:\/\/vpdanses.fr\/wp-content\/uploads\/2025\/07\/2025-07-04.WDSF_Wuppertal_IMG_9534-800x1067.jpg 800w\" data-vp-popup-img-size=\"930x1240\" data-vp-popup-md-img=\"https:\/\/vpdanses.fr\/wp-content\/uploads\/2025\/07\/2025-07-04.WDSF_Wuppertal_IMG_9534-800x1067.jpg\" data-vp-popup-md-img-size=\"800x1067\" data-vp-popup-sm-img=\"https:\/\/vpdanses.fr\/wp-content\/uploads\/2025\/07\/2025-07-04.WDSF_Wuppertal_IMG_9534-500x667.jpg\" data-vp-popup-sm-img-size=\"500x667\">\n\t\t\t<h3 class=\"vp-portfolio__item-popup-title\">Comp\u00e9tition de Danse Sportive WDSF Wuppertal 2025 en Allemagne \u00e0 l&rsquo; Historische Stadthalle<\/h3>\n\t\t\t\t<div class=\"vp-portfolio__item-popup-description\">Comp\u00e9tition de Danse Sportive WDSF Wuppertal 2025 en Allemagne \u00e0 l&rsquo; Historische Stadthalle <\/div>\n\t\t<\/template>\n\t\t\t\t\t\t<figure class=\"vp-portfolio__item\">\n\t\t\t\t\n<div class=\"vp-portfolio__item-img-wrap\">\n\t<div class=\"vp-portfolio__item-img\">\n\t\t\t<a\n\t\thref=\"https:\/\/vpdanses.fr\/wp-content\/uploads\/2025\/07\/2025-07-04.WDSF_Wuppertal_IMG_9534.jpg\"\n\t\t\t>\n\t\n\t\t<noscript><img loading=\"lazy\" decoding=\"async\" width=\"930\" height=\"1240\" data-skip-lazy src=\"https:\/\/vpdanses.fr\/wp-content\/uploads\/2025\/07\/2025-07-04.WDSF_Wuppertal_IMG_9534.jpg\" class=\"wp-image-13715\" alt=\"Comp\u00e9tition de Danse Sportive WDSF Wuppertal 2025 en Allemagne \u00e0 l&#039; Historische Stadthalle\" srcset=\"https:\/\/vpdanses.fr\/wp-content\/uploads\/2025\/07\/2025-07-04.WDSF_Wuppertal_IMG_9534.jpg 930w, https:\/\/vpdanses.fr\/wp-content\/uploads\/2025\/07\/2025-07-04.WDSF_Wuppertal_IMG_9534-225x300.jpg 225w, https:\/\/vpdanses.fr\/wp-content\/uploads\/2025\/07\/2025-07-04.WDSF_Wuppertal_IMG_9534-768x1024.jpg 768w, https:\/\/vpdanses.fr\/wp-content\/uploads\/2025\/07\/2025-07-04.WDSF_Wuppertal_IMG_9534-500x667.jpg 500w, https:\/\/vpdanses.fr\/wp-content\/uploads\/2025\/07\/2025-07-04.WDSF_Wuppertal_IMG_9534-800x1067.jpg 800w\" sizes=\"auto, (max-width: 930px) 100vw, 930px\" \/><\/noscript><img decoding=\"async\" width=\"930\" height=\"1240\" src=\"https:\/\/vpdanses.fr\/wp-content\/uploads\/2025\/07\/2025-07-04.WDSF_Wuppertal_IMG_9534.jpg\" class=\"wp-image-13715 vp-lazyload\" alt=\"Comp\u00e9tition de Danse Sportive WDSF Wuppertal 2025 en Allemagne \u00e0 l&#039; Historische Stadthalle\" srcset=\"data:image\/svg+xml;base64,PHN2ZyB3aWR0aD0iOTMwIiBoZWlnaHQ9IjEyNDAiIHZpZXdCb3g9IjAgMCA5MzAgMTI0MCIgZmlsbD0ibm9uZSIgeG1sbnM9Imh0dHA6Ly93d3cudzMub3JnLzIwMDAvc3ZnIj48L3N2Zz4=\" data-src=\"https:\/\/vpdanses.fr\/wp-content\/uploads\/2025\/07\/2025-07-04.WDSF_Wuppertal_IMG_9534.jpg\" data-srcset=\"https:\/\/vpdanses.fr\/wp-content\/uploads\/2025\/07\/2025-07-04.WDSF_Wuppertal_IMG_9534.jpg 930w, https:\/\/vpdanses.fr\/wp-content\/uploads\/2025\/07\/2025-07-04.WDSF_Wuppertal_IMG_9534-225x300.jpg 225w, https:\/\/vpdanses.fr\/wp-content\/uploads\/2025\/07\/2025-07-04.WDSF_Wuppertal_IMG_9534-768x1024.jpg 768w, https:\/\/vpdanses.fr\/wp-content\/uploads\/2025\/07\/2025-07-04.WDSF_Wuppertal_IMG_9534-500x667.jpg 500w, https:\/\/vpdanses.fr\/wp-content\/uploads\/2025\/07\/2025-07-04.WDSF_Wuppertal_IMG_9534-800x1067.jpg 800w\" data-sizes=\"auto\" loading=\"eager\">\n\t\t<div class=\"vp-portfolio__item-overlay\"><\/div>\n\n\t\t<\/a>\t<\/div>\n<\/div>\n\n\t<figcaption class=\"vp-portfolio__item-caption vp-portfolio__item-caption-text-align-center\">\n\t\t<div class=\"vp-portfolio__item-meta-wrap vp-portfolio__custom-scrollbar\">\n\t\t\t<div class=\"vp-portfolio__item-meta\">\n\t\t\t\t\n<h2 class=\"vp-portfolio__item-meta-title\">\n\t\t<a\n\t\thref=\"https:\/\/vpdanses.fr\/wp-content\/uploads\/2025\/07\/2025-07-04.WDSF_Wuppertal_IMG_9534.jpg\"\n\t\t\t>\n\tComp\u00e9tition de Danse Sportive WDSF Wuppertal 2025 en Allemagne \u00e0 l&rsquo; Historische Stadthalle<\/a><\/h2>\n\t\t\t<\/div>\n\t\t<\/div>\n\t<\/figcaption>\n\t\t\t<\/figure>\n\t\t\t\t\t<\/div>\n\t\t\n\t\t<div\t\tclass=\"vp-portfolio__item-wrap vp-portfolio__item-uid-5ae331fc\" data-vp-filter=\"\" \t\t>\n\t\t\t<template class=\"vp-portfolio__item-popup\" data-vp-popup-img=\"https:\/\/vpdanses.fr\/wp-content\/uploads\/2025\/07\/2025-07-04.WDSF_Wuppertal_IMG_9538.jpg\" data-vp-popup-img-srcset=\"https:\/\/vpdanses.fr\/wp-content\/uploads\/2025\/07\/2025-07-04.WDSF_Wuppertal_IMG_9538.jpg 1240w, https:\/\/vpdanses.fr\/wp-content\/uploads\/2025\/07\/2025-07-04.WDSF_Wuppertal_IMG_9538-300x225.jpg 300w, https:\/\/vpdanses.fr\/wp-content\/uploads\/2025\/07\/2025-07-04.WDSF_Wuppertal_IMG_9538-1024x768.jpg 1024w, https:\/\/vpdanses.fr\/wp-content\/uploads\/2025\/07\/2025-07-04.WDSF_Wuppertal_IMG_9538-768x576.jpg 768w, https:\/\/vpdanses.fr\/wp-content\/uploads\/2025\/07\/2025-07-04.WDSF_Wuppertal_IMG_9538-500x375.jpg 500w, https:\/\/vpdanses.fr\/wp-content\/uploads\/2025\/07\/2025-07-04.WDSF_Wuppertal_IMG_9538-800x600.jpg 800w\" data-vp-popup-img-size=\"1240x930\" data-vp-popup-md-img=\"https:\/\/vpdanses.fr\/wp-content\/uploads\/2025\/07\/2025-07-04.WDSF_Wuppertal_IMG_9538-800x600.jpg\" data-vp-popup-md-img-size=\"800x600\" data-vp-popup-sm-img=\"https:\/\/vpdanses.fr\/wp-content\/uploads\/2025\/07\/2025-07-04.WDSF_Wuppertal_IMG_9538-500x375.jpg\" data-vp-popup-sm-img-size=\"500x375\">\n\t\t\t<h3 class=\"vp-portfolio__item-popup-title\">Comp\u00e9tition de Danse Sportive WDSF Wuppertal 2025 en Allemagne \u00e0 l&rsquo; Historische Stadthalle<\/h3>\n\t\t\t\t<div class=\"vp-portfolio__item-popup-description\">Comp\u00e9tition de Danse Sportive WDSF Wuppertal 2025 en Allemagne \u00e0 l&rsquo; Historische Stadthalle <\/div>\n\t\t<\/template>\n\t\t\t\t\t\t<figure class=\"vp-portfolio__item\">\n\t\t\t\t\n<div class=\"vp-portfolio__item-img-wrap\">\n\t<div class=\"vp-portfolio__item-img\">\n\t\t\t<a\n\t\thref=\"https:\/\/vpdanses.fr\/wp-content\/uploads\/2025\/07\/2025-07-04.WDSF_Wuppertal_IMG_9538.jpg\"\n\t\t\t>\n\t\n\t\t<noscript><img loading=\"lazy\" decoding=\"async\" width=\"1240\" height=\"930\" data-skip-lazy src=\"https:\/\/vpdanses.fr\/wp-content\/uploads\/2025\/07\/2025-07-04.WDSF_Wuppertal_IMG_9538.jpg\" class=\"wp-image-13717\" alt=\"Comp\u00e9tition de Danse Sportive WDSF Wuppertal 2025 en Allemagne \u00e0 l&#039; Historische Stadthalle\" srcset=\"https:\/\/vpdanses.fr\/wp-content\/uploads\/2025\/07\/2025-07-04.WDSF_Wuppertal_IMG_9538.jpg 1240w, https:\/\/vpdanses.fr\/wp-content\/uploads\/2025\/07\/2025-07-04.WDSF_Wuppertal_IMG_9538-300x225.jpg 300w, https:\/\/vpdanses.fr\/wp-content\/uploads\/2025\/07\/2025-07-04.WDSF_Wuppertal_IMG_9538-1024x768.jpg 1024w, https:\/\/vpdanses.fr\/wp-content\/uploads\/2025\/07\/2025-07-04.WDSF_Wuppertal_IMG_9538-768x576.jpg 768w, https:\/\/vpdanses.fr\/wp-content\/uploads\/2025\/07\/2025-07-04.WDSF_Wuppertal_IMG_9538-500x375.jpg 500w, https:\/\/vpdanses.fr\/wp-content\/uploads\/2025\/07\/2025-07-04.WDSF_Wuppertal_IMG_9538-800x600.jpg 800w\" sizes=\"auto, (max-width: 1240px) 100vw, 1240px\" \/><\/noscript><img decoding=\"async\" width=\"1240\" height=\"930\" src=\"https:\/\/vpdanses.fr\/wp-content\/uploads\/2025\/07\/2025-07-04.WDSF_Wuppertal_IMG_9538.jpg\" class=\"wp-image-13717 vp-lazyload\" alt=\"Comp\u00e9tition de Danse Sportive WDSF Wuppertal 2025 en Allemagne \u00e0 l&#039; Historische Stadthalle\" srcset=\"data:image\/svg+xml;base64,PHN2ZyB3aWR0aD0iMTI0MCIgaGVpZ2h0PSI5MzAiIHZpZXdCb3g9IjAgMCAxMjQwIDkzMCIgZmlsbD0ibm9uZSIgeG1sbnM9Imh0dHA6Ly93d3cudzMub3JnLzIwMDAvc3ZnIj48L3N2Zz4=\" data-src=\"https:\/\/vpdanses.fr\/wp-content\/uploads\/2025\/07\/2025-07-04.WDSF_Wuppertal_IMG_9538.jpg\" data-srcset=\"https:\/\/vpdanses.fr\/wp-content\/uploads\/2025\/07\/2025-07-04.WDSF_Wuppertal_IMG_9538.jpg 1240w, https:\/\/vpdanses.fr\/wp-content\/uploads\/2025\/07\/2025-07-04.WDSF_Wuppertal_IMG_9538-300x225.jpg 300w, https:\/\/vpdanses.fr\/wp-content\/uploads\/2025\/07\/2025-07-04.WDSF_Wuppertal_IMG_9538-1024x768.jpg 1024w, https:\/\/vpdanses.fr\/wp-content\/uploads\/2025\/07\/2025-07-04.WDSF_Wuppertal_IMG_9538-768x576.jpg 768w, https:\/\/vpdanses.fr\/wp-content\/uploads\/2025\/07\/2025-07-04.WDSF_Wuppertal_IMG_9538-500x375.jpg 500w, https:\/\/vpdanses.fr\/wp-content\/uploads\/2025\/07\/2025-07-04.WDSF_Wuppertal_IMG_9538-800x600.jpg 800w\" data-sizes=\"auto\" loading=\"eager\">\n\t\t<div class=\"vp-portfolio__item-overlay\"><\/div>\n\n\t\t<\/a>\t<\/div>\n<\/div>\n\n\t<figcaption class=\"vp-portfolio__item-caption vp-portfolio__item-caption-text-align-center\">\n\t\t<div class=\"vp-portfolio__item-meta-wrap vp-portfolio__custom-scrollbar\">\n\t\t\t<div class=\"vp-portfolio__item-meta\">\n\t\t\t\t\n<h2 class=\"vp-portfolio__item-meta-title\">\n\t\t<a\n\t\thref=\"https:\/\/vpdanses.fr\/wp-content\/uploads\/2025\/07\/2025-07-04.WDSF_Wuppertal_IMG_9538.jpg\"\n\t\t\t>\n\tComp\u00e9tition de Danse Sportive WDSF Wuppertal 2025 en Allemagne \u00e0 l&rsquo; Historische Stadthalle<\/a><\/h2>\n\t\t\t<\/div>\n\t\t<\/div>\n\t<\/figcaption>\n\t\t\t<\/figure>\n\t\t\t\t\t<\/div>\n\t\t\n\t\t<div\t\tclass=\"vp-portfolio__item-wrap vp-portfolio__item-uid-0100ffc8\" data-vp-filter=\"\" \t\t>\n\t\t\t<template class=\"vp-portfolio__item-popup\" data-vp-popup-img=\"https:\/\/vpdanses.fr\/wp-content\/uploads\/2025\/07\/2025-07-04.WDSF_Wuppertal_IMG_9539.jpg\" data-vp-popup-img-srcset=\"https:\/\/vpdanses.fr\/wp-content\/uploads\/2025\/07\/2025-07-04.WDSF_Wuppertal_IMG_9539.jpg 1240w, https:\/\/vpdanses.fr\/wp-content\/uploads\/2025\/07\/2025-07-04.WDSF_Wuppertal_IMG_9539-300x225.jpg 300w, https:\/\/vpdanses.fr\/wp-content\/uploads\/2025\/07\/2025-07-04.WDSF_Wuppertal_IMG_9539-1024x768.jpg 1024w, https:\/\/vpdanses.fr\/wp-content\/uploads\/2025\/07\/2025-07-04.WDSF_Wuppertal_IMG_9539-768x576.jpg 768w, https:\/\/vpdanses.fr\/wp-content\/uploads\/2025\/07\/2025-07-04.WDSF_Wuppertal_IMG_9539-500x375.jpg 500w, https:\/\/vpdanses.fr\/wp-content\/uploads\/2025\/07\/2025-07-04.WDSF_Wuppertal_IMG_9539-800x600.jpg 800w\" data-vp-popup-img-size=\"1240x930\" data-vp-popup-md-img=\"https:\/\/vpdanses.fr\/wp-content\/uploads\/2025\/07\/2025-07-04.WDSF_Wuppertal_IMG_9539-800x600.jpg\" data-vp-popup-md-img-size=\"800x600\" data-vp-popup-sm-img=\"https:\/\/vpdanses.fr\/wp-content\/uploads\/2025\/07\/2025-07-04.WDSF_Wuppertal_IMG_9539-500x375.jpg\" data-vp-popup-sm-img-size=\"500x375\">\n\t\t\t<h3 class=\"vp-portfolio__item-popup-title\">Comp\u00e9tition de Danse Sportive WDSF Wuppertal 2025 en Allemagne \u00e0 l&rsquo; Historische Stadthalle<\/h3>\n\t\t\t\t<div class=\"vp-portfolio__item-popup-description\">Comp\u00e9tition de Danse Sportive WDSF Wuppertal 2025 en Allemagne \u00e0 l&rsquo; Historische Stadthalle <\/div>\n\t\t<\/template>\n\t\t\t\t\t\t<figure class=\"vp-portfolio__item\">\n\t\t\t\t\n<div class=\"vp-portfolio__item-img-wrap\">\n\t<div class=\"vp-portfolio__item-img\">\n\t\t\t<a\n\t\thref=\"https:\/\/vpdanses.fr\/wp-content\/uploads\/2025\/07\/2025-07-04.WDSF_Wuppertal_IMG_9539.jpg\"\n\t\t\t>\n\t\n\t\t<noscript><img loading=\"lazy\" decoding=\"async\" width=\"1240\" height=\"930\" data-skip-lazy src=\"https:\/\/vpdanses.fr\/wp-content\/uploads\/2025\/07\/2025-07-04.WDSF_Wuppertal_IMG_9539.jpg\" class=\"wp-image-13718\" alt=\"Comp\u00e9tition de Danse Sportive WDSF Wuppertal 2025 en Allemagne \u00e0 l&#039; Historische Stadthalle\" srcset=\"https:\/\/vpdanses.fr\/wp-content\/uploads\/2025\/07\/2025-07-04.WDSF_Wuppertal_IMG_9539.jpg 1240w, https:\/\/vpdanses.fr\/wp-content\/uploads\/2025\/07\/2025-07-04.WDSF_Wuppertal_IMG_9539-300x225.jpg 300w, https:\/\/vpdanses.fr\/wp-content\/uploads\/2025\/07\/2025-07-04.WDSF_Wuppertal_IMG_9539-1024x768.jpg 1024w, https:\/\/vpdanses.fr\/wp-content\/uploads\/2025\/07\/2025-07-04.WDSF_Wuppertal_IMG_9539-768x576.jpg 768w, https:\/\/vpdanses.fr\/wp-content\/uploads\/2025\/07\/2025-07-04.WDSF_Wuppertal_IMG_9539-500x375.jpg 500w, https:\/\/vpdanses.fr\/wp-content\/uploads\/2025\/07\/2025-07-04.WDSF_Wuppertal_IMG_9539-800x600.jpg 800w\" sizes=\"auto, (max-width: 1240px) 100vw, 1240px\" \/><\/noscript><img decoding=\"async\" width=\"1240\" height=\"930\" src=\"https:\/\/vpdanses.fr\/wp-content\/uploads\/2025\/07\/2025-07-04.WDSF_Wuppertal_IMG_9539.jpg\" class=\"wp-image-13718 vp-lazyload\" alt=\"Comp\u00e9tition de Danse Sportive WDSF Wuppertal 2025 en Allemagne \u00e0 l&#039; Historische Stadthalle\" srcset=\"data:image\/svg+xml;base64,PHN2ZyB3aWR0aD0iMTI0MCIgaGVpZ2h0PSI5MzAiIHZpZXdCb3g9IjAgMCAxMjQwIDkzMCIgZmlsbD0ibm9uZSIgeG1sbnM9Imh0dHA6Ly93d3cudzMub3JnLzIwMDAvc3ZnIj48L3N2Zz4=\" data-src=\"https:\/\/vpdanses.fr\/wp-content\/uploads\/2025\/07\/2025-07-04.WDSF_Wuppertal_IMG_9539.jpg\" data-srcset=\"https:\/\/vpdanses.fr\/wp-content\/uploads\/2025\/07\/2025-07-04.WDSF_Wuppertal_IMG_9539.jpg 1240w, https:\/\/vpdanses.fr\/wp-content\/uploads\/2025\/07\/2025-07-04.WDSF_Wuppertal_IMG_9539-300x225.jpg 300w, https:\/\/vpdanses.fr\/wp-content\/uploads\/2025\/07\/2025-07-04.WDSF_Wuppertal_IMG_9539-1024x768.jpg 1024w, https:\/\/vpdanses.fr\/wp-content\/uploads\/2025\/07\/2025-07-04.WDSF_Wuppertal_IMG_9539-768x576.jpg 768w, https:\/\/vpdanses.fr\/wp-content\/uploads\/2025\/07\/2025-07-04.WDSF_Wuppertal_IMG_9539-500x375.jpg 500w, https:\/\/vpdanses.fr\/wp-content\/uploads\/2025\/07\/2025-07-04.WDSF_Wuppertal_IMG_9539-800x600.jpg 800w\" data-sizes=\"auto\" loading=\"eager\">\n\t\t<div class=\"vp-portfolio__item-overlay\"><\/div>\n\n\t\t<\/a>\t<\/div>\n<\/div>\n\n\t<figcaption class=\"vp-portfolio__item-caption vp-portfolio__item-caption-text-align-center\">\n\t\t<div class=\"vp-portfolio__item-meta-wrap vp-portfolio__custom-scrollbar\">\n\t\t\t<div class=\"vp-portfolio__item-meta\">\n\t\t\t\t\n<h2 class=\"vp-portfolio__item-meta-title\">\n\t\t<a\n\t\thref=\"https:\/\/vpdanses.fr\/wp-content\/uploads\/2025\/07\/2025-07-04.WDSF_Wuppertal_IMG_9539.jpg\"\n\t\t\t>\n\tComp\u00e9tition de Danse Sportive WDSF Wuppertal 2025 en Allemagne \u00e0 l&rsquo; Historische Stadthalle<\/a><\/h2>\n\t\t\t<\/div>\n\t\t<\/div>\n\t<\/figcaption>\n\t\t\t<\/figure>\n\t\t\t\t\t<\/div>\n\t\t\n\t\t<div\t\tclass=\"vp-portfolio__item-wrap vp-portfolio__item-uid-f093bdf0\" data-vp-filter=\"\" \t\t>\n\t\t\t<template class=\"vp-portfolio__item-popup\" data-vp-popup-img=\"https:\/\/vpdanses.fr\/wp-content\/uploads\/2025\/07\/2025-07-04.WDSF_Wuppertal_IMG_9541.jpg\" data-vp-popup-img-srcset=\"https:\/\/vpdanses.fr\/wp-content\/uploads\/2025\/07\/2025-07-04.WDSF_Wuppertal_IMG_9541.jpg 1240w, https:\/\/vpdanses.fr\/wp-content\/uploads\/2025\/07\/2025-07-04.WDSF_Wuppertal_IMG_9541-300x225.jpg 300w, https:\/\/vpdanses.fr\/wp-content\/uploads\/2025\/07\/2025-07-04.WDSF_Wuppertal_IMG_9541-1024x768.jpg 1024w, https:\/\/vpdanses.fr\/wp-content\/uploads\/2025\/07\/2025-07-04.WDSF_Wuppertal_IMG_9541-768x576.jpg 768w, https:\/\/vpdanses.fr\/wp-content\/uploads\/2025\/07\/2025-07-04.WDSF_Wuppertal_IMG_9541-500x375.jpg 500w, https:\/\/vpdanses.fr\/wp-content\/uploads\/2025\/07\/2025-07-04.WDSF_Wuppertal_IMG_9541-800x600.jpg 800w\" data-vp-popup-img-size=\"1240x930\" data-vp-popup-md-img=\"https:\/\/vpdanses.fr\/wp-content\/uploads\/2025\/07\/2025-07-04.WDSF_Wuppertal_IMG_9541-800x600.jpg\" data-vp-popup-md-img-size=\"800x600\" data-vp-popup-sm-img=\"https:\/\/vpdanses.fr\/wp-content\/uploads\/2025\/07\/2025-07-04.WDSF_Wuppertal_IMG_9541-500x375.jpg\" data-vp-popup-sm-img-size=\"500x375\">\n\t\t\t<h3 class=\"vp-portfolio__item-popup-title\">Comp\u00e9tition de Danse Sportive WDSF Wuppertal 2025 en Allemagne \u00e0 l&rsquo; Historische Stadthalle<\/h3>\n\t\t\t\t<div class=\"vp-portfolio__item-popup-description\">Comp\u00e9tition de Danse Sportive WDSF Wuppertal 2025 en Allemagne \u00e0 l&rsquo; Historische Stadthalle <\/div>\n\t\t<\/template>\n\t\t\t\t\t\t<figure class=\"vp-portfolio__item\">\n\t\t\t\t\n<div class=\"vp-portfolio__item-img-wrap\">\n\t<div class=\"vp-portfolio__item-img\">\n\t\t\t<a\n\t\thref=\"https:\/\/vpdanses.fr\/wp-content\/uploads\/2025\/07\/2025-07-04.WDSF_Wuppertal_IMG_9541.jpg\"\n\t\t\t>\n\t\n\t\t<noscript><img loading=\"lazy\" decoding=\"async\" width=\"1240\" height=\"930\" data-skip-lazy src=\"https:\/\/vpdanses.fr\/wp-content\/uploads\/2025\/07\/2025-07-04.WDSF_Wuppertal_IMG_9541.jpg\" class=\"wp-image-13719\" alt=\"Comp\u00e9tition de Danse Sportive WDSF Wuppertal 2025 en Allemagne \u00e0 l&#039; Historische Stadthalle\" srcset=\"https:\/\/vpdanses.fr\/wp-content\/uploads\/2025\/07\/2025-07-04.WDSF_Wuppertal_IMG_9541.jpg 1240w, https:\/\/vpdanses.fr\/wp-content\/uploads\/2025\/07\/2025-07-04.WDSF_Wuppertal_IMG_9541-300x225.jpg 300w, https:\/\/vpdanses.fr\/wp-content\/uploads\/2025\/07\/2025-07-04.WDSF_Wuppertal_IMG_9541-1024x768.jpg 1024w, https:\/\/vpdanses.fr\/wp-content\/uploads\/2025\/07\/2025-07-04.WDSF_Wuppertal_IMG_9541-768x576.jpg 768w, https:\/\/vpdanses.fr\/wp-content\/uploads\/2025\/07\/2025-07-04.WDSF_Wuppertal_IMG_9541-500x375.jpg 500w, https:\/\/vpdanses.fr\/wp-content\/uploads\/2025\/07\/2025-07-04.WDSF_Wuppertal_IMG_9541-800x600.jpg 800w\" sizes=\"auto, (max-width: 1240px) 100vw, 1240px\" \/><\/noscript><img decoding=\"async\" width=\"1240\" height=\"930\" src=\"https:\/\/vpdanses.fr\/wp-content\/uploads\/2025\/07\/2025-07-04.WDSF_Wuppertal_IMG_9541.jpg\" class=\"wp-image-13719 vp-lazyload\" alt=\"Comp\u00e9tition de Danse Sportive WDSF Wuppertal 2025 en Allemagne \u00e0 l&#039; Historische Stadthalle\" srcset=\"data:image\/svg+xml;base64,PHN2ZyB3aWR0aD0iMTI0MCIgaGVpZ2h0PSI5MzAiIHZpZXdCb3g9IjAgMCAxMjQwIDkzMCIgZmlsbD0ibm9uZSIgeG1sbnM9Imh0dHA6Ly93d3cudzMub3JnLzIwMDAvc3ZnIj48L3N2Zz4=\" data-src=\"https:\/\/vpdanses.fr\/wp-content\/uploads\/2025\/07\/2025-07-04.WDSF_Wuppertal_IMG_9541.jpg\" data-srcset=\"https:\/\/vpdanses.fr\/wp-content\/uploads\/2025\/07\/2025-07-04.WDSF_Wuppertal_IMG_9541.jpg 1240w, https:\/\/vpdanses.fr\/wp-content\/uploads\/2025\/07\/2025-07-04.WDSF_Wuppertal_IMG_9541-300x225.jpg 300w, https:\/\/vpdanses.fr\/wp-content\/uploads\/2025\/07\/2025-07-04.WDSF_Wuppertal_IMG_9541-1024x768.jpg 1024w, https:\/\/vpdanses.fr\/wp-content\/uploads\/2025\/07\/2025-07-04.WDSF_Wuppertal_IMG_9541-768x576.jpg 768w, https:\/\/vpdanses.fr\/wp-content\/uploads\/2025\/07\/2025-07-04.WDSF_Wuppertal_IMG_9541-500x375.jpg 500w, https:\/\/vpdanses.fr\/wp-content\/uploads\/2025\/07\/2025-07-04.WDSF_Wuppertal_IMG_9541-800x600.jpg 800w\" data-sizes=\"auto\" loading=\"eager\">\n\t\t<div class=\"vp-portfolio__item-overlay\"><\/div>\n\n\t\t<\/a>\t<\/div>\n<\/div>\n\n\t<figcaption class=\"vp-portfolio__item-caption vp-portfolio__item-caption-text-align-center\">\n\t\t<div class=\"vp-portfolio__item-meta-wrap vp-portfolio__custom-scrollbar\">\n\t\t\t<div class=\"vp-portfolio__item-meta\">\n\t\t\t\t\n<h2 class=\"vp-portfolio__item-meta-title\">\n\t\t<a\n\t\thref=\"https:\/\/vpdanses.fr\/wp-content\/uploads\/2025\/07\/2025-07-04.WDSF_Wuppertal_IMG_9541.jpg\"\n\t\t\t>\n\tComp\u00e9tition de Danse Sportive WDSF Wuppertal 2025 en Allemagne \u00e0 l&rsquo; Historische Stadthalle<\/a><\/h2>\n\t\t\t<\/div>\n\t\t<\/div>\n\t<\/figcaption>\n\t\t\t<\/figure>\n\t\t\t\t\t<\/div>\n\t\t\n\t\t<div\t\tclass=\"vp-portfolio__item-wrap vp-portfolio__item-uid-1e39b5a4\" data-vp-filter=\"\" \t\t>\n\t\t\t<template class=\"vp-portfolio__item-popup\" data-vp-popup-img=\"https:\/\/vpdanses.fr\/wp-content\/uploads\/2025\/07\/2025-07-04.WDSF_Wuppertal_IMG_9546.jpg\" data-vp-popup-img-srcset=\"https:\/\/vpdanses.fr\/wp-content\/uploads\/2025\/07\/2025-07-04.WDSF_Wuppertal_IMG_9546.jpg 1240w, https:\/\/vpdanses.fr\/wp-content\/uploads\/2025\/07\/2025-07-04.WDSF_Wuppertal_IMG_9546-300x225.jpg 300w, https:\/\/vpdanses.fr\/wp-content\/uploads\/2025\/07\/2025-07-04.WDSF_Wuppertal_IMG_9546-1024x768.jpg 1024w, https:\/\/vpdanses.fr\/wp-content\/uploads\/2025\/07\/2025-07-04.WDSF_Wuppertal_IMG_9546-768x576.jpg 768w, https:\/\/vpdanses.fr\/wp-content\/uploads\/2025\/07\/2025-07-04.WDSF_Wuppertal_IMG_9546-500x375.jpg 500w, https:\/\/vpdanses.fr\/wp-content\/uploads\/2025\/07\/2025-07-04.WDSF_Wuppertal_IMG_9546-800x600.jpg 800w\" data-vp-popup-img-size=\"1240x930\" data-vp-popup-md-img=\"https:\/\/vpdanses.fr\/wp-content\/uploads\/2025\/07\/2025-07-04.WDSF_Wuppertal_IMG_9546-800x600.jpg\" data-vp-popup-md-img-size=\"800x600\" data-vp-popup-sm-img=\"https:\/\/vpdanses.fr\/wp-content\/uploads\/2025\/07\/2025-07-04.WDSF_Wuppertal_IMG_9546-500x375.jpg\" data-vp-popup-sm-img-size=\"500x375\">\n\t\t\t<h3 class=\"vp-portfolio__item-popup-title\">Comp\u00e9tition de Danse Sportive WDSF Wuppertal 2025 en Allemagne \u00e0 l&rsquo; Historische Stadthalle<\/h3>\n\t\t\t\t<div class=\"vp-portfolio__item-popup-description\">Comp\u00e9tition de Danse Sportive WDSF Wuppertal 2025 en Allemagne \u00e0 l&rsquo; Historische Stadthalle <\/div>\n\t\t<\/template>\n\t\t\t\t\t\t<figure class=\"vp-portfolio__item\">\n\t\t\t\t\n<div class=\"vp-portfolio__item-img-wrap\">\n\t<div class=\"vp-portfolio__item-img\">\n\t\t\t<a\n\t\thref=\"https:\/\/vpdanses.fr\/wp-content\/uploads\/2025\/07\/2025-07-04.WDSF_Wuppertal_IMG_9546.jpg\"\n\t\t\t>\n\t\n\t\t<noscript><img loading=\"lazy\" decoding=\"async\" width=\"1240\" height=\"930\" data-skip-lazy src=\"https:\/\/vpdanses.fr\/wp-content\/uploads\/2025\/07\/2025-07-04.WDSF_Wuppertal_IMG_9546.jpg\" class=\"wp-image-13721\" alt=\"Comp\u00e9tition de Danse Sportive WDSF Wuppertal 2025 en Allemagne \u00e0 l&#039; Historische Stadthalle\" srcset=\"https:\/\/vpdanses.fr\/wp-content\/uploads\/2025\/07\/2025-07-04.WDSF_Wuppertal_IMG_9546.jpg 1240w, https:\/\/vpdanses.fr\/wp-content\/uploads\/2025\/07\/2025-07-04.WDSF_Wuppertal_IMG_9546-300x225.jpg 300w, https:\/\/vpdanses.fr\/wp-content\/uploads\/2025\/07\/2025-07-04.WDSF_Wuppertal_IMG_9546-1024x768.jpg 1024w, https:\/\/vpdanses.fr\/wp-content\/uploads\/2025\/07\/2025-07-04.WDSF_Wuppertal_IMG_9546-768x576.jpg 768w, https:\/\/vpdanses.fr\/wp-content\/uploads\/2025\/07\/2025-07-04.WDSF_Wuppertal_IMG_9546-500x375.jpg 500w, https:\/\/vpdanses.fr\/wp-content\/uploads\/2025\/07\/2025-07-04.WDSF_Wuppertal_IMG_9546-800x600.jpg 800w\" sizes=\"auto, (max-width: 1240px) 100vw, 1240px\" \/><\/noscript><img decoding=\"async\" width=\"1240\" height=\"930\" src=\"https:\/\/vpdanses.fr\/wp-content\/uploads\/2025\/07\/2025-07-04.WDSF_Wuppertal_IMG_9546.jpg\" class=\"wp-image-13721 vp-lazyload\" alt=\"Comp\u00e9tition de Danse Sportive WDSF Wuppertal 2025 en Allemagne \u00e0 l&#039; Historische Stadthalle\" srcset=\"data:image\/svg+xml;base64,PHN2ZyB3aWR0aD0iMTI0MCIgaGVpZ2h0PSI5MzAiIHZpZXdCb3g9IjAgMCAxMjQwIDkzMCIgZmlsbD0ibm9uZSIgeG1sbnM9Imh0dHA6Ly93d3cudzMub3JnLzIwMDAvc3ZnIj48L3N2Zz4=\" data-src=\"https:\/\/vpdanses.fr\/wp-content\/uploads\/2025\/07\/2025-07-04.WDSF_Wuppertal_IMG_9546.jpg\" data-srcset=\"https:\/\/vpdanses.fr\/wp-content\/uploads\/2025\/07\/2025-07-04.WDSF_Wuppertal_IMG_9546.jpg 1240w, https:\/\/vpdanses.fr\/wp-content\/uploads\/2025\/07\/2025-07-04.WDSF_Wuppertal_IMG_9546-300x225.jpg 300w, https:\/\/vpdanses.fr\/wp-content\/uploads\/2025\/07\/2025-07-04.WDSF_Wuppertal_IMG_9546-1024x768.jpg 1024w, https:\/\/vpdanses.fr\/wp-content\/uploads\/2025\/07\/2025-07-04.WDSF_Wuppertal_IMG_9546-768x576.jpg 768w, https:\/\/vpdanses.fr\/wp-content\/uploads\/2025\/07\/2025-07-04.WDSF_Wuppertal_IMG_9546-500x375.jpg 500w, https:\/\/vpdanses.fr\/wp-content\/uploads\/2025\/07\/2025-07-04.WDSF_Wuppertal_IMG_9546-800x600.jpg 800w\" data-sizes=\"auto\" loading=\"eager\">\n\t\t<div class=\"vp-portfolio__item-overlay\"><\/div>\n\n\t\t<\/a>\t<\/div>\n<\/div>\n\n\t<figcaption class=\"vp-portfolio__item-caption vp-portfolio__item-caption-text-align-center\">\n\t\t<div class=\"vp-portfolio__item-meta-wrap vp-portfolio__custom-scrollbar\">\n\t\t\t<div class=\"vp-portfolio__item-meta\">\n\t\t\t\t\n<h2 class=\"vp-portfolio__item-meta-title\">\n\t\t<a\n\t\thref=\"https:\/\/vpdanses.fr\/wp-content\/uploads\/2025\/07\/2025-07-04.WDSF_Wuppertal_IMG_9546.jpg\"\n\t\t\t>\n\tComp\u00e9tition de Danse Sportive WDSF Wuppertal 2025 en Allemagne \u00e0 l&rsquo; Historische Stadthalle<\/a><\/h2>\n\t\t\t<\/div>\n\t\t<\/div>\n\t<\/figcaption>\n\t\t\t<\/figure>\n\t\t\t\t\t<\/div>\n\t\t\n\t\t<div\t\tclass=\"vp-portfolio__item-wrap vp-portfolio__item-uid-9a35d4a6\" data-vp-filter=\"\" \t\t>\n\t\t\t<template class=\"vp-portfolio__item-popup\" data-vp-popup-img=\"https:\/\/vpdanses.fr\/wp-content\/uploads\/2025\/07\/2025-07-04.WDSF_Wuppertal_IMG_9549.jpg\" data-vp-popup-img-srcset=\"https:\/\/vpdanses.fr\/wp-content\/uploads\/2025\/07\/2025-07-04.WDSF_Wuppertal_IMG_9549.jpg 1240w, https:\/\/vpdanses.fr\/wp-content\/uploads\/2025\/07\/2025-07-04.WDSF_Wuppertal_IMG_9549-300x225.jpg 300w, https:\/\/vpdanses.fr\/wp-content\/uploads\/2025\/07\/2025-07-04.WDSF_Wuppertal_IMG_9549-1024x768.jpg 1024w, https:\/\/vpdanses.fr\/wp-content\/uploads\/2025\/07\/2025-07-04.WDSF_Wuppertal_IMG_9549-768x576.jpg 768w, https:\/\/vpdanses.fr\/wp-content\/uploads\/2025\/07\/2025-07-04.WDSF_Wuppertal_IMG_9549-500x375.jpg 500w, https:\/\/vpdanses.fr\/wp-content\/uploads\/2025\/07\/2025-07-04.WDSF_Wuppertal_IMG_9549-800x600.jpg 800w\" data-vp-popup-img-size=\"1240x930\" data-vp-popup-md-img=\"https:\/\/vpdanses.fr\/wp-content\/uploads\/2025\/07\/2025-07-04.WDSF_Wuppertal_IMG_9549-800x600.jpg\" data-vp-popup-md-img-size=\"800x600\" data-vp-popup-sm-img=\"https:\/\/vpdanses.fr\/wp-content\/uploads\/2025\/07\/2025-07-04.WDSF_Wuppertal_IMG_9549-500x375.jpg\" data-vp-popup-sm-img-size=\"500x375\">\n\t\t\t<h3 class=\"vp-portfolio__item-popup-title\">Comp\u00e9tition de Danse Sportive WDSF Wuppertal 2025 en Allemagne \u00e0 l&rsquo; Historische Stadthalle<\/h3>\n\t\t\t\t<div class=\"vp-portfolio__item-popup-description\">Comp\u00e9tition de Danse Sportive WDSF Wuppertal 2025 en Allemagne \u00e0 l&rsquo; Historische Stadthalle <\/div>\n\t\t<\/template>\n\t\t\t\t\t\t<figure class=\"vp-portfolio__item\">\n\t\t\t\t\n<div class=\"vp-portfolio__item-img-wrap\">\n\t<div class=\"vp-portfolio__item-img\">\n\t\t\t<a\n\t\thref=\"https:\/\/vpdanses.fr\/wp-content\/uploads\/2025\/07\/2025-07-04.WDSF_Wuppertal_IMG_9549.jpg\"\n\t\t\t>\n\t\n\t\t<noscript><img loading=\"lazy\" decoding=\"async\" width=\"1240\" height=\"930\" data-skip-lazy src=\"https:\/\/vpdanses.fr\/wp-content\/uploads\/2025\/07\/2025-07-04.WDSF_Wuppertal_IMG_9549.jpg\" class=\"wp-image-13722\" alt=\"Comp\u00e9tition de Danse Sportive WDSF Wuppertal 2025 en Allemagne \u00e0 l&#039; Historische Stadthalle\" srcset=\"https:\/\/vpdanses.fr\/wp-content\/uploads\/2025\/07\/2025-07-04.WDSF_Wuppertal_IMG_9549.jpg 1240w, https:\/\/vpdanses.fr\/wp-content\/uploads\/2025\/07\/2025-07-04.WDSF_Wuppertal_IMG_9549-300x225.jpg 300w, https:\/\/vpdanses.fr\/wp-content\/uploads\/2025\/07\/2025-07-04.WDSF_Wuppertal_IMG_9549-1024x768.jpg 1024w, https:\/\/vpdanses.fr\/wp-content\/uploads\/2025\/07\/2025-07-04.WDSF_Wuppertal_IMG_9549-768x576.jpg 768w, https:\/\/vpdanses.fr\/wp-content\/uploads\/2025\/07\/2025-07-04.WDSF_Wuppertal_IMG_9549-500x375.jpg 500w, https:\/\/vpdanses.fr\/wp-content\/uploads\/2025\/07\/2025-07-04.WDSF_Wuppertal_IMG_9549-800x600.jpg 800w\" sizes=\"auto, (max-width: 1240px) 100vw, 1240px\" \/><\/noscript><img decoding=\"async\" width=\"1240\" height=\"930\" src=\"https:\/\/vpdanses.fr\/wp-content\/uploads\/2025\/07\/2025-07-04.WDSF_Wuppertal_IMG_9549.jpg\" class=\"wp-image-13722 vp-lazyload\" alt=\"Comp\u00e9tition de Danse Sportive WDSF Wuppertal 2025 en Allemagne \u00e0 l&#039; Historische Stadthalle\" srcset=\"data:image\/svg+xml;base64,PHN2ZyB3aWR0aD0iMTI0MCIgaGVpZ2h0PSI5MzAiIHZpZXdCb3g9IjAgMCAxMjQwIDkzMCIgZmlsbD0ibm9uZSIgeG1sbnM9Imh0dHA6Ly93d3cudzMub3JnLzIwMDAvc3ZnIj48L3N2Zz4=\" data-src=\"https:\/\/vpdanses.fr\/wp-content\/uploads\/2025\/07\/2025-07-04.WDSF_Wuppertal_IMG_9549.jpg\" data-srcset=\"https:\/\/vpdanses.fr\/wp-content\/uploads\/2025\/07\/2025-07-04.WDSF_Wuppertal_IMG_9549.jpg 1240w, https:\/\/vpdanses.fr\/wp-content\/uploads\/2025\/07\/2025-07-04.WDSF_Wuppertal_IMG_9549-300x225.jpg 300w, https:\/\/vpdanses.fr\/wp-content\/uploads\/2025\/07\/2025-07-04.WDSF_Wuppertal_IMG_9549-1024x768.jpg 1024w, https:\/\/vpdanses.fr\/wp-content\/uploads\/2025\/07\/2025-07-04.WDSF_Wuppertal_IMG_9549-768x576.jpg 768w, https:\/\/vpdanses.fr\/wp-content\/uploads\/2025\/07\/2025-07-04.WDSF_Wuppertal_IMG_9549-500x375.jpg 500w, https:\/\/vpdanses.fr\/wp-content\/uploads\/2025\/07\/2025-07-04.WDSF_Wuppertal_IMG_9549-800x600.jpg 800w\" data-sizes=\"auto\" loading=\"eager\">\n\t\t<div class=\"vp-portfolio__item-overlay\"><\/div>\n\n\t\t<\/a>\t<\/div>\n<\/div>\n\n\t<figcaption class=\"vp-portfolio__item-caption vp-portfolio__item-caption-text-align-center\">\n\t\t<div class=\"vp-portfolio__item-meta-wrap vp-portfolio__custom-scrollbar\">\n\t\t\t<div class=\"vp-portfolio__item-meta\">\n\t\t\t\t\n<h2 class=\"vp-portfolio__item-meta-title\">\n\t\t<a\n\t\thref=\"https:\/\/vpdanses.fr\/wp-content\/uploads\/2025\/07\/2025-07-04.WDSF_Wuppertal_IMG_9549.jpg\"\n\t\t\t>\n\tComp\u00e9tition de Danse Sportive WDSF Wuppertal 2025 en Allemagne \u00e0 l&rsquo; Historische Stadthalle<\/a><\/h2>\n\t\t\t<\/div>\n\t\t<\/div>\n\t<\/figcaption>\n\t\t\t<\/figure>\n\t\t\t\t\t<\/div>\n\t\t\n\t\t<div\t\tclass=\"vp-portfolio__item-wrap vp-portfolio__item-uid-b80aa236\" data-vp-filter=\"\" \t\t>\n\t\t\t<template class=\"vp-portfolio__item-popup\" data-vp-popup-img=\"https:\/\/vpdanses.fr\/wp-content\/uploads\/2025\/07\/2025-07-04.WDSF_Wuppertal_IMG_9553.jpg\" data-vp-popup-img-srcset=\"https:\/\/vpdanses.fr\/wp-content\/uploads\/2025\/07\/2025-07-04.WDSF_Wuppertal_IMG_9553.jpg 930w, https:\/\/vpdanses.fr\/wp-content\/uploads\/2025\/07\/2025-07-04.WDSF_Wuppertal_IMG_9553-225x300.jpg 225w, https:\/\/vpdanses.fr\/wp-content\/uploads\/2025\/07\/2025-07-04.WDSF_Wuppertal_IMG_9553-768x1024.jpg 768w, https:\/\/vpdanses.fr\/wp-content\/uploads\/2025\/07\/2025-07-04.WDSF_Wuppertal_IMG_9553-500x667.jpg 500w, https:\/\/vpdanses.fr\/wp-content\/uploads\/2025\/07\/2025-07-04.WDSF_Wuppertal_IMG_9553-800x1067.jpg 800w\" data-vp-popup-img-size=\"930x1240\" data-vp-popup-md-img=\"https:\/\/vpdanses.fr\/wp-content\/uploads\/2025\/07\/2025-07-04.WDSF_Wuppertal_IMG_9553-800x1067.jpg\" data-vp-popup-md-img-size=\"800x1067\" data-vp-popup-sm-img=\"https:\/\/vpdanses.fr\/wp-content\/uploads\/2025\/07\/2025-07-04.WDSF_Wuppertal_IMG_9553-500x667.jpg\" data-vp-popup-sm-img-size=\"500x667\">\n\t\t\t<h3 class=\"vp-portfolio__item-popup-title\">Comp\u00e9tition de Danse Sportive WDSF Wuppertal 2025 en Allemagne \u00e0 l&rsquo; Historische Stadthalle<\/h3>\n\t\t\t\t<div class=\"vp-portfolio__item-popup-description\">Comp\u00e9tition de Danse Sportive WDSF Wuppertal 2025 en Allemagne \u00e0 l&rsquo; Historische Stadthalle <\/div>\n\t\t<\/template>\n\t\t\t\t\t\t<figure class=\"vp-portfolio__item\">\n\t\t\t\t\n<div class=\"vp-portfolio__item-img-wrap\">\n\t<div class=\"vp-portfolio__item-img\">\n\t\t\t<a\n\t\thref=\"https:\/\/vpdanses.fr\/wp-content\/uploads\/2025\/07\/2025-07-04.WDSF_Wuppertal_IMG_9553.jpg\"\n\t\t\t>\n\t\n\t\t<noscript><img loading=\"lazy\" decoding=\"async\" width=\"930\" height=\"1240\" data-skip-lazy src=\"https:\/\/vpdanses.fr\/wp-content\/uploads\/2025\/07\/2025-07-04.WDSF_Wuppertal_IMG_9553.jpg\" class=\"wp-image-13724\" alt=\"Comp\u00e9tition de Danse Sportive WDSF Wuppertal 2025 en Allemagne \u00e0 l&#039; Historische Stadthalle\" srcset=\"https:\/\/vpdanses.fr\/wp-content\/uploads\/2025\/07\/2025-07-04.WDSF_Wuppertal_IMG_9553.jpg 930w, https:\/\/vpdanses.fr\/wp-content\/uploads\/2025\/07\/2025-07-04.WDSF_Wuppertal_IMG_9553-225x300.jpg 225w, https:\/\/vpdanses.fr\/wp-content\/uploads\/2025\/07\/2025-07-04.WDSF_Wuppertal_IMG_9553-768x1024.jpg 768w, https:\/\/vpdanses.fr\/wp-content\/uploads\/2025\/07\/2025-07-04.WDSF_Wuppertal_IMG_9553-500x667.jpg 500w, https:\/\/vpdanses.fr\/wp-content\/uploads\/2025\/07\/2025-07-04.WDSF_Wuppertal_IMG_9553-800x1067.jpg 800w\" sizes=\"auto, (max-width: 930px) 100vw, 930px\" \/><\/noscript><img decoding=\"async\" width=\"930\" height=\"1240\" src=\"https:\/\/vpdanses.fr\/wp-content\/uploads\/2025\/07\/2025-07-04.WDSF_Wuppertal_IMG_9553.jpg\" class=\"wp-image-13724 vp-lazyload\" alt=\"Comp\u00e9tition de Danse Sportive WDSF Wuppertal 2025 en Allemagne \u00e0 l&#039; Historische Stadthalle\" srcset=\"data:image\/svg+xml;base64,PHN2ZyB3aWR0aD0iOTMwIiBoZWlnaHQ9IjEyNDAiIHZpZXdCb3g9IjAgMCA5MzAgMTI0MCIgZmlsbD0ibm9uZSIgeG1sbnM9Imh0dHA6Ly93d3cudzMub3JnLzIwMDAvc3ZnIj48L3N2Zz4=\" data-src=\"https:\/\/vpdanses.fr\/wp-content\/uploads\/2025\/07\/2025-07-04.WDSF_Wuppertal_IMG_9553.jpg\" data-srcset=\"https:\/\/vpdanses.fr\/wp-content\/uploads\/2025\/07\/2025-07-04.WDSF_Wuppertal_IMG_9553.jpg 930w, https:\/\/vpdanses.fr\/wp-content\/uploads\/2025\/07\/2025-07-04.WDSF_Wuppertal_IMG_9553-225x300.jpg 225w, https:\/\/vpdanses.fr\/wp-content\/uploads\/2025\/07\/2025-07-04.WDSF_Wuppertal_IMG_9553-768x1024.jpg 768w, https:\/\/vpdanses.fr\/wp-content\/uploads\/2025\/07\/2025-07-04.WDSF_Wuppertal_IMG_9553-500x667.jpg 500w, https:\/\/vpdanses.fr\/wp-content\/uploads\/2025\/07\/2025-07-04.WDSF_Wuppertal_IMG_9553-800x1067.jpg 800w\" data-sizes=\"auto\" loading=\"eager\">\n\t\t<div class=\"vp-portfolio__item-overlay\"><\/div>\n\n\t\t<\/a>\t<\/div>\n<\/div>\n\n\t<figcaption class=\"vp-portfolio__item-caption vp-portfolio__item-caption-text-align-center\">\n\t\t<div class=\"vp-portfolio__item-meta-wrap vp-portfolio__custom-scrollbar\">\n\t\t\t<div class=\"vp-portfolio__item-meta\">\n\t\t\t\t\n<h2 class=\"vp-portfolio__item-meta-title\">\n\t\t<a\n\t\thref=\"https:\/\/vpdanses.fr\/wp-content\/uploads\/2025\/07\/2025-07-04.WDSF_Wuppertal_IMG_9553.jpg\"\n\t\t\t>\n\tComp\u00e9tition de Danse Sportive WDSF Wuppertal 2025 en Allemagne \u00e0 l&rsquo; Historische Stadthalle<\/a><\/h2>\n\t\t\t<\/div>\n\t\t<\/div>\n\t<\/figcaption>\n\t\t\t<\/figure>\n\t\t\t\t\t<\/div>\n\t\t\n\t\t<div\t\tclass=\"vp-portfolio__item-wrap vp-portfolio__item-uid-4999e00e\" data-vp-filter=\"\" \t\t>\n\t\t\t<template class=\"vp-portfolio__item-popup\" data-vp-popup-img=\"https:\/\/vpdanses.fr\/wp-content\/uploads\/2025\/07\/2025-07-04.WDSF_Wuppertal_IMG_9556.jpg\" data-vp-popup-img-srcset=\"https:\/\/vpdanses.fr\/wp-content\/uploads\/2025\/07\/2025-07-04.WDSF_Wuppertal_IMG_9556.jpg 1240w, https:\/\/vpdanses.fr\/wp-content\/uploads\/2025\/07\/2025-07-04.WDSF_Wuppertal_IMG_9556-300x225.jpg 300w, https:\/\/vpdanses.fr\/wp-content\/uploads\/2025\/07\/2025-07-04.WDSF_Wuppertal_IMG_9556-1024x768.jpg 1024w, https:\/\/vpdanses.fr\/wp-content\/uploads\/2025\/07\/2025-07-04.WDSF_Wuppertal_IMG_9556-768x576.jpg 768w, https:\/\/vpdanses.fr\/wp-content\/uploads\/2025\/07\/2025-07-04.WDSF_Wuppertal_IMG_9556-500x375.jpg 500w, https:\/\/vpdanses.fr\/wp-content\/uploads\/2025\/07\/2025-07-04.WDSF_Wuppertal_IMG_9556-800x600.jpg 800w\" data-vp-popup-img-size=\"1240x930\" data-vp-popup-md-img=\"https:\/\/vpdanses.fr\/wp-content\/uploads\/2025\/07\/2025-07-04.WDSF_Wuppertal_IMG_9556-800x600.jpg\" data-vp-popup-md-img-size=\"800x600\" data-vp-popup-sm-img=\"https:\/\/vpdanses.fr\/wp-content\/uploads\/2025\/07\/2025-07-04.WDSF_Wuppertal_IMG_9556-500x375.jpg\" data-vp-popup-sm-img-size=\"500x375\">\n\t\t\t<h3 class=\"vp-portfolio__item-popup-title\">Comp\u00e9tition de Danse Sportive WDSF Wuppertal 2025 en Allemagne \u00e0 l&rsquo; Historische Stadthalle<\/h3>\n\t\t\t\t<div class=\"vp-portfolio__item-popup-description\">Comp\u00e9tition de Danse Sportive WDSF Wuppertal 2025 en Allemagne \u00e0 l&rsquo; Historische Stadthalle <\/div>\n\t\t<\/template>\n\t\t\t\t\t\t<figure class=\"vp-portfolio__item\">\n\t\t\t\t\n<div class=\"vp-portfolio__item-img-wrap\">\n\t<div class=\"vp-portfolio__item-img\">\n\t\t\t<a\n\t\thref=\"https:\/\/vpdanses.fr\/wp-content\/uploads\/2025\/07\/2025-07-04.WDSF_Wuppertal_IMG_9556.jpg\"\n\t\t\t>\n\t\n\t\t<noscript><img loading=\"lazy\" decoding=\"async\" width=\"1240\" height=\"930\" data-skip-lazy src=\"https:\/\/vpdanses.fr\/wp-content\/uploads\/2025\/07\/2025-07-04.WDSF_Wuppertal_IMG_9556.jpg\" class=\"wp-image-13725\" alt=\"Comp\u00e9tition de Danse Sportive WDSF Wuppertal 2025 en Allemagne \u00e0 l&#039; Historische Stadthalle\" srcset=\"https:\/\/vpdanses.fr\/wp-content\/uploads\/2025\/07\/2025-07-04.WDSF_Wuppertal_IMG_9556.jpg 1240w, https:\/\/vpdanses.fr\/wp-content\/uploads\/2025\/07\/2025-07-04.WDSF_Wuppertal_IMG_9556-300x225.jpg 300w, https:\/\/vpdanses.fr\/wp-content\/uploads\/2025\/07\/2025-07-04.WDSF_Wuppertal_IMG_9556-1024x768.jpg 1024w, https:\/\/vpdanses.fr\/wp-content\/uploads\/2025\/07\/2025-07-04.WDSF_Wuppertal_IMG_9556-768x576.jpg 768w, https:\/\/vpdanses.fr\/wp-content\/uploads\/2025\/07\/2025-07-04.WDSF_Wuppertal_IMG_9556-500x375.jpg 500w, https:\/\/vpdanses.fr\/wp-content\/uploads\/2025\/07\/2025-07-04.WDSF_Wuppertal_IMG_9556-800x600.jpg 800w\" sizes=\"auto, (max-width: 1240px) 100vw, 1240px\" \/><\/noscript><img decoding=\"async\" width=\"1240\" height=\"930\" src=\"https:\/\/vpdanses.fr\/wp-content\/uploads\/2025\/07\/2025-07-04.WDSF_Wuppertal_IMG_9556.jpg\" class=\"wp-image-13725 vp-lazyload\" alt=\"Comp\u00e9tition de Danse Sportive WDSF Wuppertal 2025 en Allemagne \u00e0 l&#039; Historische Stadthalle\" srcset=\"data:image\/svg+xml;base64,PHN2ZyB3aWR0aD0iMTI0MCIgaGVpZ2h0PSI5MzAiIHZpZXdCb3g9IjAgMCAxMjQwIDkzMCIgZmlsbD0ibm9uZSIgeG1sbnM9Imh0dHA6Ly93d3cudzMub3JnLzIwMDAvc3ZnIj48L3N2Zz4=\" data-src=\"https:\/\/vpdanses.fr\/wp-content\/uploads\/2025\/07\/2025-07-04.WDSF_Wuppertal_IMG_9556.jpg\" data-srcset=\"https:\/\/vpdanses.fr\/wp-content\/uploads\/2025\/07\/2025-07-04.WDSF_Wuppertal_IMG_9556.jpg 1240w, https:\/\/vpdanses.fr\/wp-content\/uploads\/2025\/07\/2025-07-04.WDSF_Wuppertal_IMG_9556-300x225.jpg 300w, https:\/\/vpdanses.fr\/wp-content\/uploads\/2025\/07\/2025-07-04.WDSF_Wuppertal_IMG_9556-1024x768.jpg 1024w, https:\/\/vpdanses.fr\/wp-content\/uploads\/2025\/07\/2025-07-04.WDSF_Wuppertal_IMG_9556-768x576.jpg 768w, https:\/\/vpdanses.fr\/wp-content\/uploads\/2025\/07\/2025-07-04.WDSF_Wuppertal_IMG_9556-500x375.jpg 500w, https:\/\/vpdanses.fr\/wp-content\/uploads\/2025\/07\/2025-07-04.WDSF_Wuppertal_IMG_9556-800x600.jpg 800w\" data-sizes=\"auto\" loading=\"eager\">\n\t\t<div class=\"vp-portfolio__item-overlay\"><\/div>\n\n\t\t<\/a>\t<\/div>\n<\/div>\n\n\t<figcaption class=\"vp-portfolio__item-caption vp-portfolio__item-caption-text-align-center\">\n\t\t<div class=\"vp-portfolio__item-meta-wrap vp-portfolio__custom-scrollbar\">\n\t\t\t<div class=\"vp-portfolio__item-meta\">\n\t\t\t\t\n<h2 class=\"vp-portfolio__item-meta-title\">\n\t\t<a\n\t\thref=\"https:\/\/vpdanses.fr\/wp-content\/uploads\/2025\/07\/2025-07-04.WDSF_Wuppertal_IMG_9556.jpg\"\n\t\t\t>\n\tComp\u00e9tition de Danse Sportive WDSF Wuppertal 2025 en Allemagne \u00e0 l&rsquo; Historische Stadthalle<\/a><\/h2>\n\t\t\t<\/div>\n\t\t<\/div>\n\t<\/figcaption>\n\t\t\t<\/figure>\n\t\t\t\t\t<\/div>\n\t\t\n\t\t<div\t\tclass=\"vp-portfolio__item-wrap vp-portfolio__item-uid-1bcc6211\" data-vp-filter=\"\" \t\t>\n\t\t\t<template class=\"vp-portfolio__item-popup\" data-vp-popup-img=\"https:\/\/vpdanses.fr\/wp-content\/uploads\/2025\/07\/2025-07-04.WDSF_Wuppertal_IMG_9557.jpg\" data-vp-popup-img-srcset=\"https:\/\/vpdanses.fr\/wp-content\/uploads\/2025\/07\/2025-07-04.WDSF_Wuppertal_IMG_9557.jpg 1240w, https:\/\/vpdanses.fr\/wp-content\/uploads\/2025\/07\/2025-07-04.WDSF_Wuppertal_IMG_9557-300x225.jpg 300w, https:\/\/vpdanses.fr\/wp-content\/uploads\/2025\/07\/2025-07-04.WDSF_Wuppertal_IMG_9557-1024x768.jpg 1024w, https:\/\/vpdanses.fr\/wp-content\/uploads\/2025\/07\/2025-07-04.WDSF_Wuppertal_IMG_9557-768x576.jpg 768w, https:\/\/vpdanses.fr\/wp-content\/uploads\/2025\/07\/2025-07-04.WDSF_Wuppertal_IMG_9557-500x375.jpg 500w, https:\/\/vpdanses.fr\/wp-content\/uploads\/2025\/07\/2025-07-04.WDSF_Wuppertal_IMG_9557-800x600.jpg 800w\" data-vp-popup-img-size=\"1240x930\" data-vp-popup-md-img=\"https:\/\/vpdanses.fr\/wp-content\/uploads\/2025\/07\/2025-07-04.WDSF_Wuppertal_IMG_9557-800x600.jpg\" data-vp-popup-md-img-size=\"800x600\" data-vp-popup-sm-img=\"https:\/\/vpdanses.fr\/wp-content\/uploads\/2025\/07\/2025-07-04.WDSF_Wuppertal_IMG_9557-500x375.jpg\" data-vp-popup-sm-img-size=\"500x375\">\n\t\t\t<h3 class=\"vp-portfolio__item-popup-title\">Comp\u00e9tition de Danse Sportive WDSF Wuppertal 2025 en Allemagne \u00e0 l&rsquo; Historische Stadthalle<\/h3>\n\t\t\t\t<div class=\"vp-portfolio__item-popup-description\">Comp\u00e9tition de Danse Sportive WDSF Wuppertal 2025 en Allemagne \u00e0 l&rsquo; Historische Stadthalle <\/div>\n\t\t<\/template>\n\t\t\t\t\t\t<figure class=\"vp-portfolio__item\">\n\t\t\t\t\n<div class=\"vp-portfolio__item-img-wrap\">\n\t<div class=\"vp-portfolio__item-img\">\n\t\t\t<a\n\t\thref=\"https:\/\/vpdanses.fr\/wp-content\/uploads\/2025\/07\/2025-07-04.WDSF_Wuppertal_IMG_9557.jpg\"\n\t\t\t>\n\t\n\t\t<noscript><img loading=\"lazy\" decoding=\"async\" width=\"1240\" height=\"930\" data-skip-lazy src=\"https:\/\/vpdanses.fr\/wp-content\/uploads\/2025\/07\/2025-07-04.WDSF_Wuppertal_IMG_9557.jpg\" class=\"wp-image-13726\" alt=\"Comp\u00e9tition de Danse Sportive WDSF Wuppertal 2025 en Allemagne \u00e0 l&#039; Historische Stadthalle\" srcset=\"https:\/\/vpdanses.fr\/wp-content\/uploads\/2025\/07\/2025-07-04.WDSF_Wuppertal_IMG_9557.jpg 1240w, https:\/\/vpdanses.fr\/wp-content\/uploads\/2025\/07\/2025-07-04.WDSF_Wuppertal_IMG_9557-300x225.jpg 300w, https:\/\/vpdanses.fr\/wp-content\/uploads\/2025\/07\/2025-07-04.WDSF_Wuppertal_IMG_9557-1024x768.jpg 1024w, https:\/\/vpdanses.fr\/wp-content\/uploads\/2025\/07\/2025-07-04.WDSF_Wuppertal_IMG_9557-768x576.jpg 768w, https:\/\/vpdanses.fr\/wp-content\/uploads\/2025\/07\/2025-07-04.WDSF_Wuppertal_IMG_9557-500x375.jpg 500w, https:\/\/vpdanses.fr\/wp-content\/uploads\/2025\/07\/2025-07-04.WDSF_Wuppertal_IMG_9557-800x600.jpg 800w\" sizes=\"auto, (max-width: 1240px) 100vw, 1240px\" \/><\/noscript><img decoding=\"async\" width=\"1240\" height=\"930\" src=\"https:\/\/vpdanses.fr\/wp-content\/uploads\/2025\/07\/2025-07-04.WDSF_Wuppertal_IMG_9557.jpg\" class=\"wp-image-13726 vp-lazyload\" alt=\"Comp\u00e9tition de Danse Sportive WDSF Wuppertal 2025 en Allemagne \u00e0 l&#039; Historische Stadthalle\" srcset=\"data:image\/svg+xml;base64,PHN2ZyB3aWR0aD0iMTI0MCIgaGVpZ2h0PSI5MzAiIHZpZXdCb3g9IjAgMCAxMjQwIDkzMCIgZmlsbD0ibm9uZSIgeG1sbnM9Imh0dHA6Ly93d3cudzMub3JnLzIwMDAvc3ZnIj48L3N2Zz4=\" data-src=\"https:\/\/vpdanses.fr\/wp-content\/uploads\/2025\/07\/2025-07-04.WDSF_Wuppertal_IMG_9557.jpg\" data-srcset=\"https:\/\/vpdanses.fr\/wp-content\/uploads\/2025\/07\/2025-07-04.WDSF_Wuppertal_IMG_9557.jpg 1240w, https:\/\/vpdanses.fr\/wp-content\/uploads\/2025\/07\/2025-07-04.WDSF_Wuppertal_IMG_9557-300x225.jpg 300w, https:\/\/vpdanses.fr\/wp-content\/uploads\/2025\/07\/2025-07-04.WDSF_Wuppertal_IMG_9557-1024x768.jpg 1024w, https:\/\/vpdanses.fr\/wp-content\/uploads\/2025\/07\/2025-07-04.WDSF_Wuppertal_IMG_9557-768x576.jpg 768w, https:\/\/vpdanses.fr\/wp-content\/uploads\/2025\/07\/2025-07-04.WDSF_Wuppertal_IMG_9557-500x375.jpg 500w, https:\/\/vpdanses.fr\/wp-content\/uploads\/2025\/07\/2025-07-04.WDSF_Wuppertal_IMG_9557-800x600.jpg 800w\" data-sizes=\"auto\" loading=\"eager\">\n\t\t<div class=\"vp-portfolio__item-overlay\"><\/div>\n\n\t\t<\/a>\t<\/div>\n<\/div>\n\n\t<figcaption class=\"vp-portfolio__item-caption vp-portfolio__item-caption-text-align-center\">\n\t\t<div class=\"vp-portfolio__item-meta-wrap vp-portfolio__custom-scrollbar\">\n\t\t\t<div class=\"vp-portfolio__item-meta\">\n\t\t\t\t\n<h2 class=\"vp-portfolio__item-meta-title\">\n\t\t<a\n\t\thref=\"https:\/\/vpdanses.fr\/wp-content\/uploads\/2025\/07\/2025-07-04.WDSF_Wuppertal_IMG_9557.jpg\"\n\t\t\t>\n\tComp\u00e9tition de Danse Sportive WDSF Wuppertal 2025 en Allemagne \u00e0 l&rsquo; Historische Stadthalle<\/a><\/h2>\n\t\t\t<\/div>\n\t\t<\/div>\n\t<\/figcaption>\n\t\t\t<\/figure>\n\t\t\t\t\t<\/div>\n\t\t\n\t\t<div\t\tclass=\"vp-portfolio__item-wrap vp-portfolio__item-uid-9d9de052\" data-vp-filter=\"\" \t\t>\n\t\t\t<template class=\"vp-portfolio__item-popup\" data-vp-popup-img=\"https:\/\/vpdanses.fr\/wp-content\/uploads\/2025\/07\/2025-07-04.WDSF_Wuppertal_IMG_9562.jpg\" data-vp-popup-img-srcset=\"https:\/\/vpdanses.fr\/wp-content\/uploads\/2025\/07\/2025-07-04.WDSF_Wuppertal_IMG_9562.jpg 1240w, https:\/\/vpdanses.fr\/wp-content\/uploads\/2025\/07\/2025-07-04.WDSF_Wuppertal_IMG_9562-300x225.jpg 300w, https:\/\/vpdanses.fr\/wp-content\/uploads\/2025\/07\/2025-07-04.WDSF_Wuppertal_IMG_9562-1024x768.jpg 1024w, https:\/\/vpdanses.fr\/wp-content\/uploads\/2025\/07\/2025-07-04.WDSF_Wuppertal_IMG_9562-768x576.jpg 768w, https:\/\/vpdanses.fr\/wp-content\/uploads\/2025\/07\/2025-07-04.WDSF_Wuppertal_IMG_9562-500x375.jpg 500w, https:\/\/vpdanses.fr\/wp-content\/uploads\/2025\/07\/2025-07-04.WDSF_Wuppertal_IMG_9562-800x600.jpg 800w\" data-vp-popup-img-size=\"1240x930\" data-vp-popup-md-img=\"https:\/\/vpdanses.fr\/wp-content\/uploads\/2025\/07\/2025-07-04.WDSF_Wuppertal_IMG_9562-800x600.jpg\" data-vp-popup-md-img-size=\"800x600\" data-vp-popup-sm-img=\"https:\/\/vpdanses.fr\/wp-content\/uploads\/2025\/07\/2025-07-04.WDSF_Wuppertal_IMG_9562-500x375.jpg\" data-vp-popup-sm-img-size=\"500x375\">\n\t\t\t<h3 class=\"vp-portfolio__item-popup-title\">Comp\u00e9tition de Danse Sportive WDSF Wuppertal 2025 en Allemagne \u00e0 l&rsquo; Historische Stadthalle<\/h3>\n\t\t\t\t<div class=\"vp-portfolio__item-popup-description\">Comp\u00e9tition de Danse Sportive WDSF Wuppertal 2025 en Allemagne \u00e0 l&rsquo; Historische Stadthalle <\/div>\n\t\t<\/template>\n\t\t\t\t\t\t<figure class=\"vp-portfolio__item\">\n\t\t\t\t\n<div class=\"vp-portfolio__item-img-wrap\">\n\t<div class=\"vp-portfolio__item-img\">\n\t\t\t<a\n\t\thref=\"https:\/\/vpdanses.fr\/wp-content\/uploads\/2025\/07\/2025-07-04.WDSF_Wuppertal_IMG_9562.jpg\"\n\t\t\t>\n\t\n\t\t<noscript><img loading=\"lazy\" decoding=\"async\" width=\"1240\" height=\"930\" data-skip-lazy src=\"https:\/\/vpdanses.fr\/wp-content\/uploads\/2025\/07\/2025-07-04.WDSF_Wuppertal_IMG_9562.jpg\" class=\"wp-image-13727\" alt=\"Comp\u00e9tition de Danse Sportive WDSF Wuppertal 2025 en Allemagne \u00e0 l&#039; Historische Stadthalle\" srcset=\"https:\/\/vpdanses.fr\/wp-content\/uploads\/2025\/07\/2025-07-04.WDSF_Wuppertal_IMG_9562.jpg 1240w, https:\/\/vpdanses.fr\/wp-content\/uploads\/2025\/07\/2025-07-04.WDSF_Wuppertal_IMG_9562-300x225.jpg 300w, https:\/\/vpdanses.fr\/wp-content\/uploads\/2025\/07\/2025-07-04.WDSF_Wuppertal_IMG_9562-1024x768.jpg 1024w, https:\/\/vpdanses.fr\/wp-content\/uploads\/2025\/07\/2025-07-04.WDSF_Wuppertal_IMG_9562-768x576.jpg 768w, https:\/\/vpdanses.fr\/wp-content\/uploads\/2025\/07\/2025-07-04.WDSF_Wuppertal_IMG_9562-500x375.jpg 500w, https:\/\/vpdanses.fr\/wp-content\/uploads\/2025\/07\/2025-07-04.WDSF_Wuppertal_IMG_9562-800x600.jpg 800w\" sizes=\"auto, (max-width: 1240px) 100vw, 1240px\" \/><\/noscript><img decoding=\"async\" width=\"1240\" height=\"930\" src=\"https:\/\/vpdanses.fr\/wp-content\/uploads\/2025\/07\/2025-07-04.WDSF_Wuppertal_IMG_9562.jpg\" class=\"wp-image-13727 vp-lazyload\" alt=\"Comp\u00e9tition de Danse Sportive WDSF Wuppertal 2025 en Allemagne \u00e0 l&#039; Historische Stadthalle\" srcset=\"data:image\/svg+xml;base64,PHN2ZyB3aWR0aD0iMTI0MCIgaGVpZ2h0PSI5MzAiIHZpZXdCb3g9IjAgMCAxMjQwIDkzMCIgZmlsbD0ibm9uZSIgeG1sbnM9Imh0dHA6Ly93d3cudzMub3JnLzIwMDAvc3ZnIj48L3N2Zz4=\" data-src=\"https:\/\/vpdanses.fr\/wp-content\/uploads\/2025\/07\/2025-07-04.WDSF_Wuppertal_IMG_9562.jpg\" data-srcset=\"https:\/\/vpdanses.fr\/wp-content\/uploads\/2025\/07\/2025-07-04.WDSF_Wuppertal_IMG_9562.jpg 1240w, https:\/\/vpdanses.fr\/wp-content\/uploads\/2025\/07\/2025-07-04.WDSF_Wuppertal_IMG_9562-300x225.jpg 300w, https:\/\/vpdanses.fr\/wp-content\/uploads\/2025\/07\/2025-07-04.WDSF_Wuppertal_IMG_9562-1024x768.jpg 1024w, https:\/\/vpdanses.fr\/wp-content\/uploads\/2025\/07\/2025-07-04.WDSF_Wuppertal_IMG_9562-768x576.jpg 768w, https:\/\/vpdanses.fr\/wp-content\/uploads\/2025\/07\/2025-07-04.WDSF_Wuppertal_IMG_9562-500x375.jpg 500w, https:\/\/vpdanses.fr\/wp-content\/uploads\/2025\/07\/2025-07-04.WDSF_Wuppertal_IMG_9562-800x600.jpg 800w\" data-sizes=\"auto\" loading=\"eager\">\n\t\t<div class=\"vp-portfolio__item-overlay\"><\/div>\n\n\t\t<\/a>\t<\/div>\n<\/div>\n\n\t<figcaption class=\"vp-portfolio__item-caption vp-portfolio__item-caption-text-align-center\">\n\t\t<div class=\"vp-portfolio__item-meta-wrap vp-portfolio__custom-scrollbar\">\n\t\t\t<div class=\"vp-portfolio__item-meta\">\n\t\t\t\t\n<h2 class=\"vp-portfolio__item-meta-title\">\n\t\t<a\n\t\thref=\"https:\/\/vpdanses.fr\/wp-content\/uploads\/2025\/07\/2025-07-04.WDSF_Wuppertal_IMG_9562.jpg\"\n\t\t\t>\n\tComp\u00e9tition de Danse Sportive WDSF Wuppertal 2025 en Allemagne \u00e0 l&rsquo; Historische Stadthalle<\/a><\/h2>\n\t\t\t<\/div>\n\t\t<\/div>\n\t<\/figcaption>\n\t\t\t<\/figure>\n\t\t\t\t\t<\/div>\n\t\t\n\t\t<div\t\tclass=\"vp-portfolio__item-wrap vp-portfolio__item-uid-b1791ef0\" data-vp-filter=\"\" \t\t>\n\t\t\t<template class=\"vp-portfolio__item-popup\" data-vp-popup-img=\"https:\/\/vpdanses.fr\/wp-content\/uploads\/2025\/07\/2025-07-04.WDSF_Wuppertal_IMG_9570.jpg\" data-vp-popup-img-srcset=\"https:\/\/vpdanses.fr\/wp-content\/uploads\/2025\/07\/2025-07-04.WDSF_Wuppertal_IMG_9570.jpg 1240w, https:\/\/vpdanses.fr\/wp-content\/uploads\/2025\/07\/2025-07-04.WDSF_Wuppertal_IMG_9570-300x225.jpg 300w, https:\/\/vpdanses.fr\/wp-content\/uploads\/2025\/07\/2025-07-04.WDSF_Wuppertal_IMG_9570-1024x768.jpg 1024w, https:\/\/vpdanses.fr\/wp-content\/uploads\/2025\/07\/2025-07-04.WDSF_Wuppertal_IMG_9570-768x576.jpg 768w, https:\/\/vpdanses.fr\/wp-content\/uploads\/2025\/07\/2025-07-04.WDSF_Wuppertal_IMG_9570-500x375.jpg 500w, https:\/\/vpdanses.fr\/wp-content\/uploads\/2025\/07\/2025-07-04.WDSF_Wuppertal_IMG_9570-800x600.jpg 800w\" data-vp-popup-img-size=\"1240x930\" data-vp-popup-md-img=\"https:\/\/vpdanses.fr\/wp-content\/uploads\/2025\/07\/2025-07-04.WDSF_Wuppertal_IMG_9570-800x600.jpg\" data-vp-popup-md-img-size=\"800x600\" data-vp-popup-sm-img=\"https:\/\/vpdanses.fr\/wp-content\/uploads\/2025\/07\/2025-07-04.WDSF_Wuppertal_IMG_9570-500x375.jpg\" data-vp-popup-sm-img-size=\"500x375\">\n\t\t\t<h3 class=\"vp-portfolio__item-popup-title\">Comp\u00e9tition de Danse Sportive WDSF Wuppertal 2025 en Allemagne \u00e0 l&rsquo; Historische Stadthalle<\/h3>\n\t\t\t\t<div class=\"vp-portfolio__item-popup-description\">Comp\u00e9tition de Danse Sportive WDSF Wuppertal 2025 en Allemagne \u00e0 l&rsquo; Historische Stadthalle <\/div>\n\t\t<\/template>\n\t\t\t\t\t\t<figure class=\"vp-portfolio__item\">\n\t\t\t\t\n<div class=\"vp-portfolio__item-img-wrap\">\n\t<div class=\"vp-portfolio__item-img\">\n\t\t\t<a\n\t\thref=\"https:\/\/vpdanses.fr\/wp-content\/uploads\/2025\/07\/2025-07-04.WDSF_Wuppertal_IMG_9570.jpg\"\n\t\t\t>\n\t\n\t\t<noscript><img loading=\"lazy\" decoding=\"async\" width=\"1240\" height=\"930\" data-skip-lazy src=\"https:\/\/vpdanses.fr\/wp-content\/uploads\/2025\/07\/2025-07-04.WDSF_Wuppertal_IMG_9570.jpg\" class=\"wp-image-13729\" alt=\"Comp\u00e9tition de Danse Sportive WDSF Wuppertal 2025 en Allemagne \u00e0 l&#039; Historische Stadthalle\" srcset=\"https:\/\/vpdanses.fr\/wp-content\/uploads\/2025\/07\/2025-07-04.WDSF_Wuppertal_IMG_9570.jpg 1240w, https:\/\/vpdanses.fr\/wp-content\/uploads\/2025\/07\/2025-07-04.WDSF_Wuppertal_IMG_9570-300x225.jpg 300w, https:\/\/vpdanses.fr\/wp-content\/uploads\/2025\/07\/2025-07-04.WDSF_Wuppertal_IMG_9570-1024x768.jpg 1024w, https:\/\/vpdanses.fr\/wp-content\/uploads\/2025\/07\/2025-07-04.WDSF_Wuppertal_IMG_9570-768x576.jpg 768w, https:\/\/vpdanses.fr\/wp-content\/uploads\/2025\/07\/2025-07-04.WDSF_Wuppertal_IMG_9570-500x375.jpg 500w, https:\/\/vpdanses.fr\/wp-content\/uploads\/2025\/07\/2025-07-04.WDSF_Wuppertal_IMG_9570-800x600.jpg 800w\" sizes=\"auto, (max-width: 1240px) 100vw, 1240px\" \/><\/noscript><img decoding=\"async\" width=\"1240\" height=\"930\" src=\"https:\/\/vpdanses.fr\/wp-content\/uploads\/2025\/07\/2025-07-04.WDSF_Wuppertal_IMG_9570.jpg\" class=\"wp-image-13729 vp-lazyload\" alt=\"Comp\u00e9tition de Danse Sportive WDSF Wuppertal 2025 en Allemagne \u00e0 l&#039; Historische Stadthalle\" srcset=\"data:image\/svg+xml;base64,PHN2ZyB3aWR0aD0iMTI0MCIgaGVpZ2h0PSI5MzAiIHZpZXdCb3g9IjAgMCAxMjQwIDkzMCIgZmlsbD0ibm9uZSIgeG1sbnM9Imh0dHA6Ly93d3cudzMub3JnLzIwMDAvc3ZnIj48L3N2Zz4=\" data-src=\"https:\/\/vpdanses.fr\/wp-content\/uploads\/2025\/07\/2025-07-04.WDSF_Wuppertal_IMG_9570.jpg\" data-srcset=\"https:\/\/vpdanses.fr\/wp-content\/uploads\/2025\/07\/2025-07-04.WDSF_Wuppertal_IMG_9570.jpg 1240w, https:\/\/vpdanses.fr\/wp-content\/uploads\/2025\/07\/2025-07-04.WDSF_Wuppertal_IMG_9570-300x225.jpg 300w, https:\/\/vpdanses.fr\/wp-content\/uploads\/2025\/07\/2025-07-04.WDSF_Wuppertal_IMG_9570-1024x768.jpg 1024w, https:\/\/vpdanses.fr\/wp-content\/uploads\/2025\/07\/2025-07-04.WDSF_Wuppertal_IMG_9570-768x576.jpg 768w, https:\/\/vpdanses.fr\/wp-content\/uploads\/2025\/07\/2025-07-04.WDSF_Wuppertal_IMG_9570-500x375.jpg 500w, https:\/\/vpdanses.fr\/wp-content\/uploads\/2025\/07\/2025-07-04.WDSF_Wuppertal_IMG_9570-800x600.jpg 800w\" data-sizes=\"auto\" loading=\"eager\">\n\t\t<div class=\"vp-portfolio__item-overlay\"><\/div>\n\n\t\t<\/a>\t<\/div>\n<\/div>\n\n\t<figcaption class=\"vp-portfolio__item-caption vp-portfolio__item-caption-text-align-center\">\n\t\t<div class=\"vp-portfolio__item-meta-wrap vp-portfolio__custom-scrollbar\">\n\t\t\t<div class=\"vp-portfolio__item-meta\">\n\t\t\t\t\n<h2 class=\"vp-portfolio__item-meta-title\">\n\t\t<a\n\t\thref=\"https:\/\/vpdanses.fr\/wp-content\/uploads\/2025\/07\/2025-07-04.WDSF_Wuppertal_IMG_9570.jpg\"\n\t\t\t>\n\tComp\u00e9tition de Danse Sportive WDSF Wuppertal 2025 en Allemagne \u00e0 l&rsquo; Historische Stadthalle<\/a><\/h2>\n\t\t\t<\/div>\n\t\t<\/div>\n\t<\/figcaption>\n\t\t\t<\/figure>\n\t\t\t\t\t<\/div>\n\t\t\n\t\t<div\t\tclass=\"vp-portfolio__item-wrap vp-portfolio__item-uid-3316f853\" data-vp-filter=\"\" \t\t>\n\t\t\t<template class=\"vp-portfolio__item-popup\" data-vp-popup-img=\"https:\/\/vpdanses.fr\/wp-content\/uploads\/2025\/07\/2025-07-04.WDSF_Wuppertal_IMG_9337.jpg\" data-vp-popup-img-srcset=\"https:\/\/vpdanses.fr\/wp-content\/uploads\/2025\/07\/2025-07-04.WDSF_Wuppertal_IMG_9337.jpg 1240w, https:\/\/vpdanses.fr\/wp-content\/uploads\/2025\/07\/2025-07-04.WDSF_Wuppertal_IMG_9337-300x225.jpg 300w, https:\/\/vpdanses.fr\/wp-content\/uploads\/2025\/07\/2025-07-04.WDSF_Wuppertal_IMG_9337-1024x768.jpg 1024w, https:\/\/vpdanses.fr\/wp-content\/uploads\/2025\/07\/2025-07-04.WDSF_Wuppertal_IMG_9337-768x576.jpg 768w, https:\/\/vpdanses.fr\/wp-content\/uploads\/2025\/07\/2025-07-04.WDSF_Wuppertal_IMG_9337-500x375.jpg 500w, https:\/\/vpdanses.fr\/wp-content\/uploads\/2025\/07\/2025-07-04.WDSF_Wuppertal_IMG_9337-800x600.jpg 800w\" data-vp-popup-img-size=\"1240x930\" data-vp-popup-md-img=\"https:\/\/vpdanses.fr\/wp-content\/uploads\/2025\/07\/2025-07-04.WDSF_Wuppertal_IMG_9337-800x600.jpg\" data-vp-popup-md-img-size=\"800x600\" data-vp-popup-sm-img=\"https:\/\/vpdanses.fr\/wp-content\/uploads\/2025\/07\/2025-07-04.WDSF_Wuppertal_IMG_9337-500x375.jpg\" data-vp-popup-sm-img-size=\"500x375\">\n\t\t\t<h3 class=\"vp-portfolio__item-popup-title\">Comp\u00e9tition de Danse Sportive WDSF Wuppertal 2025 en Allemagne \u00e0 l&rsquo; Historische Stadthalle<\/h3>\n\t\t\t\t<div class=\"vp-portfolio__item-popup-description\">Comp\u00e9tition de Danse Sportive WDSF Wuppertal 2025 en Allemagne \u00e0 l&rsquo; Historische Stadthalle <\/div>\n\t\t<\/template>\n\t\t\t\t\t\t<figure class=\"vp-portfolio__item\">\n\t\t\t\t\n<div class=\"vp-portfolio__item-img-wrap\">\n\t<div class=\"vp-portfolio__item-img\">\n\t\t\t<a\n\t\thref=\"https:\/\/vpdanses.fr\/wp-content\/uploads\/2025\/07\/2025-07-04.WDSF_Wuppertal_IMG_9337.jpg\"\n\t\t\t>\n\t\n\t\t<noscript><img loading=\"lazy\" decoding=\"async\" width=\"1240\" height=\"930\" data-skip-lazy src=\"https:\/\/vpdanses.fr\/wp-content\/uploads\/2025\/07\/2025-07-04.WDSF_Wuppertal_IMG_9337.jpg\" class=\"wp-image-13730\" alt=\"Comp\u00e9tition de Danse Sportive WDSF Wuppertal 2025 en Allemagne \u00e0 l&#039; Historische Stadthalle\" srcset=\"https:\/\/vpdanses.fr\/wp-content\/uploads\/2025\/07\/2025-07-04.WDSF_Wuppertal_IMG_9337.jpg 1240w, https:\/\/vpdanses.fr\/wp-content\/uploads\/2025\/07\/2025-07-04.WDSF_Wuppertal_IMG_9337-300x225.jpg 300w, https:\/\/vpdanses.fr\/wp-content\/uploads\/2025\/07\/2025-07-04.WDSF_Wuppertal_IMG_9337-1024x768.jpg 1024w, https:\/\/vpdanses.fr\/wp-content\/uploads\/2025\/07\/2025-07-04.WDSF_Wuppertal_IMG_9337-768x576.jpg 768w, https:\/\/vpdanses.fr\/wp-content\/uploads\/2025\/07\/2025-07-04.WDSF_Wuppertal_IMG_9337-500x375.jpg 500w, https:\/\/vpdanses.fr\/wp-content\/uploads\/2025\/07\/2025-07-04.WDSF_Wuppertal_IMG_9337-800x600.jpg 800w\" sizes=\"auto, (max-width: 1240px) 100vw, 1240px\" \/><\/noscript><img decoding=\"async\" width=\"1240\" height=\"930\" src=\"https:\/\/vpdanses.fr\/wp-content\/uploads\/2025\/07\/2025-07-04.WDSF_Wuppertal_IMG_9337.jpg\" class=\"wp-image-13730 vp-lazyload\" alt=\"Comp\u00e9tition de Danse Sportive WDSF Wuppertal 2025 en Allemagne \u00e0 l&#039; Historische Stadthalle\" srcset=\"data:image\/svg+xml;base64,PHN2ZyB3aWR0aD0iMTI0MCIgaGVpZ2h0PSI5MzAiIHZpZXdCb3g9IjAgMCAxMjQwIDkzMCIgZmlsbD0ibm9uZSIgeG1sbnM9Imh0dHA6Ly93d3cudzMub3JnLzIwMDAvc3ZnIj48L3N2Zz4=\" data-src=\"https:\/\/vpdanses.fr\/wp-content\/uploads\/2025\/07\/2025-07-04.WDSF_Wuppertal_IMG_9337.jpg\" data-srcset=\"https:\/\/vpdanses.fr\/wp-content\/uploads\/2025\/07\/2025-07-04.WDSF_Wuppertal_IMG_9337.jpg 1240w, https:\/\/vpdanses.fr\/wp-content\/uploads\/2025\/07\/2025-07-04.WDSF_Wuppertal_IMG_9337-300x225.jpg 300w, https:\/\/vpdanses.fr\/wp-content\/uploads\/2025\/07\/2025-07-04.WDSF_Wuppertal_IMG_9337-1024x768.jpg 1024w, https:\/\/vpdanses.fr\/wp-content\/uploads\/2025\/07\/2025-07-04.WDSF_Wuppertal_IMG_9337-768x576.jpg 768w, https:\/\/vpdanses.fr\/wp-content\/uploads\/2025\/07\/2025-07-04.WDSF_Wuppertal_IMG_9337-500x375.jpg 500w, https:\/\/vpdanses.fr\/wp-content\/uploads\/2025\/07\/2025-07-04.WDSF_Wuppertal_IMG_9337-800x600.jpg 800w\" data-sizes=\"auto\" loading=\"eager\">\n\t\t<div class=\"vp-portfolio__item-overlay\"><\/div>\n\n\t\t<\/a>\t<\/div>\n<\/div>\n\n\t<figcaption class=\"vp-portfolio__item-caption vp-portfolio__item-caption-text-align-center\">\n\t\t<div class=\"vp-portfolio__item-meta-wrap vp-portfolio__custom-scrollbar\">\n\t\t\t<div class=\"vp-portfolio__item-meta\">\n\t\t\t\t\n<h2 class=\"vp-portfolio__item-meta-title\">\n\t\t<a\n\t\thref=\"https:\/\/vpdanses.fr\/wp-content\/uploads\/2025\/07\/2025-07-04.WDSF_Wuppertal_IMG_9337.jpg\"\n\t\t\t>\n\tComp\u00e9tition de Danse Sportive WDSF Wuppertal 2025 en Allemagne \u00e0 l&rsquo; Historische Stadthalle<\/a><\/h2>\n\t\t\t<\/div>\n\t\t<\/div>\n\t<\/figcaption>\n\t\t\t<\/figure>\n\t\t\t\t\t<\/div>\n\t\t\n\t\t<div\t\tclass=\"vp-portfolio__item-wrap vp-portfolio__item-uid-8f4d1b60\" data-vp-filter=\"\" \t\t>\n\t\t\t<template class=\"vp-portfolio__item-popup\" data-vp-popup-img=\"https:\/\/vpdanses.fr\/wp-content\/uploads\/2025\/07\/2025-07-04.WDSF_Wuppertal_IMG_9339.jpg\" data-vp-popup-img-srcset=\"https:\/\/vpdanses.fr\/wp-content\/uploads\/2025\/07\/2025-07-04.WDSF_Wuppertal_IMG_9339.jpg 1240w, https:\/\/vpdanses.fr\/wp-content\/uploads\/2025\/07\/2025-07-04.WDSF_Wuppertal_IMG_9339-300x225.jpg 300w, https:\/\/vpdanses.fr\/wp-content\/uploads\/2025\/07\/2025-07-04.WDSF_Wuppertal_IMG_9339-1024x768.jpg 1024w, https:\/\/vpdanses.fr\/wp-content\/uploads\/2025\/07\/2025-07-04.WDSF_Wuppertal_IMG_9339-768x576.jpg 768w, https:\/\/vpdanses.fr\/wp-content\/uploads\/2025\/07\/2025-07-04.WDSF_Wuppertal_IMG_9339-500x375.jpg 500w, https:\/\/vpdanses.fr\/wp-content\/uploads\/2025\/07\/2025-07-04.WDSF_Wuppertal_IMG_9339-800x600.jpg 800w\" data-vp-popup-img-size=\"1240x930\" data-vp-popup-md-img=\"https:\/\/vpdanses.fr\/wp-content\/uploads\/2025\/07\/2025-07-04.WDSF_Wuppertal_IMG_9339-800x600.jpg\" data-vp-popup-md-img-size=\"800x600\" data-vp-popup-sm-img=\"https:\/\/vpdanses.fr\/wp-content\/uploads\/2025\/07\/2025-07-04.WDSF_Wuppertal_IMG_9339-500x375.jpg\" data-vp-popup-sm-img-size=\"500x375\">\n\t\t\t<h3 class=\"vp-portfolio__item-popup-title\">Comp\u00e9tition de Danse Sportive WDSF Wuppertal 2025 en Allemagne \u00e0 l&rsquo; Historische Stadthalle<\/h3>\n\t\t\t\t<div class=\"vp-portfolio__item-popup-description\">Comp\u00e9tition de Danse Sportive WDSF Wuppertal 2025 en Allemagne \u00e0 l&rsquo; Historische Stadthalle <\/div>\n\t\t<\/template>\n\t\t\t\t\t\t<figure class=\"vp-portfolio__item\">\n\t\t\t\t\n<div class=\"vp-portfolio__item-img-wrap\">\n\t<div class=\"vp-portfolio__item-img\">\n\t\t\t<a\n\t\thref=\"https:\/\/vpdanses.fr\/wp-content\/uploads\/2025\/07\/2025-07-04.WDSF_Wuppertal_IMG_9339.jpg\"\n\t\t\t>\n\t\n\t\t<noscript><img loading=\"lazy\" decoding=\"async\" width=\"1240\" height=\"930\" data-skip-lazy src=\"https:\/\/vpdanses.fr\/wp-content\/uploads\/2025\/07\/2025-07-04.WDSF_Wuppertal_IMG_9339.jpg\" class=\"wp-image-13731\" alt=\"Comp\u00e9tition de Danse Sportive WDSF Wuppertal 2025 en Allemagne \u00e0 l&#039; Historische Stadthalle\" srcset=\"https:\/\/vpdanses.fr\/wp-content\/uploads\/2025\/07\/2025-07-04.WDSF_Wuppertal_IMG_9339.jpg 1240w, https:\/\/vpdanses.fr\/wp-content\/uploads\/2025\/07\/2025-07-04.WDSF_Wuppertal_IMG_9339-300x225.jpg 300w, https:\/\/vpdanses.fr\/wp-content\/uploads\/2025\/07\/2025-07-04.WDSF_Wuppertal_IMG_9339-1024x768.jpg 1024w, https:\/\/vpdanses.fr\/wp-content\/uploads\/2025\/07\/2025-07-04.WDSF_Wuppertal_IMG_9339-768x576.jpg 768w, https:\/\/vpdanses.fr\/wp-content\/uploads\/2025\/07\/2025-07-04.WDSF_Wuppertal_IMG_9339-500x375.jpg 500w, https:\/\/vpdanses.fr\/wp-content\/uploads\/2025\/07\/2025-07-04.WDSF_Wuppertal_IMG_9339-800x600.jpg 800w\" sizes=\"auto, (max-width: 1240px) 100vw, 1240px\" \/><\/noscript><img decoding=\"async\" width=\"1240\" height=\"930\" src=\"https:\/\/vpdanses.fr\/wp-content\/uploads\/2025\/07\/2025-07-04.WDSF_Wuppertal_IMG_9339.jpg\" class=\"wp-image-13731 vp-lazyload\" alt=\"Comp\u00e9tition de Danse Sportive WDSF Wuppertal 2025 en Allemagne \u00e0 l&#039; Historische Stadthalle\" srcset=\"data:image\/svg+xml;base64,PHN2ZyB3aWR0aD0iMTI0MCIgaGVpZ2h0PSI5MzAiIHZpZXdCb3g9IjAgMCAxMjQwIDkzMCIgZmlsbD0ibm9uZSIgeG1sbnM9Imh0dHA6Ly93d3cudzMub3JnLzIwMDAvc3ZnIj48L3N2Zz4=\" data-src=\"https:\/\/vpdanses.fr\/wp-content\/uploads\/2025\/07\/2025-07-04.WDSF_Wuppertal_IMG_9339.jpg\" data-srcset=\"https:\/\/vpdanses.fr\/wp-content\/uploads\/2025\/07\/2025-07-04.WDSF_Wuppertal_IMG_9339.jpg 1240w, https:\/\/vpdanses.fr\/wp-content\/uploads\/2025\/07\/2025-07-04.WDSF_Wuppertal_IMG_9339-300x225.jpg 300w, https:\/\/vpdanses.fr\/wp-content\/uploads\/2025\/07\/2025-07-04.WDSF_Wuppertal_IMG_9339-1024x768.jpg 1024w, https:\/\/vpdanses.fr\/wp-content\/uploads\/2025\/07\/2025-07-04.WDSF_Wuppertal_IMG_9339-768x576.jpg 768w, https:\/\/vpdanses.fr\/wp-content\/uploads\/2025\/07\/2025-07-04.WDSF_Wuppertal_IMG_9339-500x375.jpg 500w, https:\/\/vpdanses.fr\/wp-content\/uploads\/2025\/07\/2025-07-04.WDSF_Wuppertal_IMG_9339-800x600.jpg 800w\" data-sizes=\"auto\" loading=\"eager\">\n\t\t<div class=\"vp-portfolio__item-overlay\"><\/div>\n\n\t\t<\/a>\t<\/div>\n<\/div>\n\n\t<figcaption class=\"vp-portfolio__item-caption vp-portfolio__item-caption-text-align-center\">\n\t\t<div class=\"vp-portfolio__item-meta-wrap vp-portfolio__custom-scrollbar\">\n\t\t\t<div class=\"vp-portfolio__item-meta\">\n\t\t\t\t\n<h2 class=\"vp-portfolio__item-meta-title\">\n\t\t<a\n\t\thref=\"https:\/\/vpdanses.fr\/wp-content\/uploads\/2025\/07\/2025-07-04.WDSF_Wuppertal_IMG_9339.jpg\"\n\t\t\t>\n\tComp\u00e9tition de Danse Sportive WDSF Wuppertal 2025 en Allemagne \u00e0 l&rsquo; Historische Stadthalle<\/a><\/h2>\n\t\t\t<\/div>\n\t\t<\/div>\n\t<\/figcaption>\n\t\t\t<\/figure>\n\t\t\t\t\t<\/div>\n\t\t\n\t\t<div\t\tclass=\"vp-portfolio__item-wrap vp-portfolio__item-uid-e7d708e2\" data-vp-filter=\"\" \t\t>\n\t\t\t<template class=\"vp-portfolio__item-popup\" data-vp-popup-img=\"https:\/\/vpdanses.fr\/wp-content\/uploads\/2025\/07\/2025-07-04.WDSF_Wuppertal_IMG_9342.jpg\" data-vp-popup-img-srcset=\"https:\/\/vpdanses.fr\/wp-content\/uploads\/2025\/07\/2025-07-04.WDSF_Wuppertal_IMG_9342.jpg 1240w, https:\/\/vpdanses.fr\/wp-content\/uploads\/2025\/07\/2025-07-04.WDSF_Wuppertal_IMG_9342-300x225.jpg 300w, https:\/\/vpdanses.fr\/wp-content\/uploads\/2025\/07\/2025-07-04.WDSF_Wuppertal_IMG_9342-1024x768.jpg 1024w, https:\/\/vpdanses.fr\/wp-content\/uploads\/2025\/07\/2025-07-04.WDSF_Wuppertal_IMG_9342-768x576.jpg 768w, https:\/\/vpdanses.fr\/wp-content\/uploads\/2025\/07\/2025-07-04.WDSF_Wuppertal_IMG_9342-500x375.jpg 500w, https:\/\/vpdanses.fr\/wp-content\/uploads\/2025\/07\/2025-07-04.WDSF_Wuppertal_IMG_9342-800x600.jpg 800w\" data-vp-popup-img-size=\"1240x930\" data-vp-popup-md-img=\"https:\/\/vpdanses.fr\/wp-content\/uploads\/2025\/07\/2025-07-04.WDSF_Wuppertal_IMG_9342-800x600.jpg\" data-vp-popup-md-img-size=\"800x600\" data-vp-popup-sm-img=\"https:\/\/vpdanses.fr\/wp-content\/uploads\/2025\/07\/2025-07-04.WDSF_Wuppertal_IMG_9342-500x375.jpg\" data-vp-popup-sm-img-size=\"500x375\">\n\t\t\t<h3 class=\"vp-portfolio__item-popup-title\">Comp\u00e9tition de Danse Sportive WDSF Wuppertal 2025 en Allemagne \u00e0 l&rsquo; Historische Stadthalle<\/h3>\n\t\t\t\t<div class=\"vp-portfolio__item-popup-description\">Comp\u00e9tition de Danse Sportive WDSF Wuppertal 2025 en Allemagne \u00e0 l&rsquo; Historische Stadthalle <\/div>\n\t\t<\/template>\n\t\t\t\t\t\t<figure class=\"vp-portfolio__item\">\n\t\t\t\t\n<div class=\"vp-portfolio__item-img-wrap\">\n\t<div class=\"vp-portfolio__item-img\">\n\t\t\t<a\n\t\thref=\"https:\/\/vpdanses.fr\/wp-content\/uploads\/2025\/07\/2025-07-04.WDSF_Wuppertal_IMG_9342.jpg\"\n\t\t\t>\n\t\n\t\t<noscript><img loading=\"lazy\" decoding=\"async\" width=\"1240\" height=\"930\" data-skip-lazy src=\"https:\/\/vpdanses.fr\/wp-content\/uploads\/2025\/07\/2025-07-04.WDSF_Wuppertal_IMG_9342.jpg\" class=\"wp-image-13733\" alt=\"Comp\u00e9tition de Danse Sportive WDSF Wuppertal 2025 en Allemagne \u00e0 l&#039; Historische Stadthalle\" srcset=\"https:\/\/vpdanses.fr\/wp-content\/uploads\/2025\/07\/2025-07-04.WDSF_Wuppertal_IMG_9342.jpg 1240w, https:\/\/vpdanses.fr\/wp-content\/uploads\/2025\/07\/2025-07-04.WDSF_Wuppertal_IMG_9342-300x225.jpg 300w, https:\/\/vpdanses.fr\/wp-content\/uploads\/2025\/07\/2025-07-04.WDSF_Wuppertal_IMG_9342-1024x768.jpg 1024w, https:\/\/vpdanses.fr\/wp-content\/uploads\/2025\/07\/2025-07-04.WDSF_Wuppertal_IMG_9342-768x576.jpg 768w, https:\/\/vpdanses.fr\/wp-content\/uploads\/2025\/07\/2025-07-04.WDSF_Wuppertal_IMG_9342-500x375.jpg 500w, https:\/\/vpdanses.fr\/wp-content\/uploads\/2025\/07\/2025-07-04.WDSF_Wuppertal_IMG_9342-800x600.jpg 800w\" sizes=\"auto, (max-width: 1240px) 100vw, 1240px\" \/><\/noscript><img decoding=\"async\" width=\"1240\" height=\"930\" src=\"https:\/\/vpdanses.fr\/wp-content\/uploads\/2025\/07\/2025-07-04.WDSF_Wuppertal_IMG_9342.jpg\" class=\"wp-image-13733 vp-lazyload\" alt=\"Comp\u00e9tition de Danse Sportive WDSF Wuppertal 2025 en Allemagne \u00e0 l&#039; Historische Stadthalle\" srcset=\"data:image\/svg+xml;base64,PHN2ZyB3aWR0aD0iMTI0MCIgaGVpZ2h0PSI5MzAiIHZpZXdCb3g9IjAgMCAxMjQwIDkzMCIgZmlsbD0ibm9uZSIgeG1sbnM9Imh0dHA6Ly93d3cudzMub3JnLzIwMDAvc3ZnIj48L3N2Zz4=\" data-src=\"https:\/\/vpdanses.fr\/wp-content\/uploads\/2025\/07\/2025-07-04.WDSF_Wuppertal_IMG_9342.jpg\" data-srcset=\"https:\/\/vpdanses.fr\/wp-content\/uploads\/2025\/07\/2025-07-04.WDSF_Wuppertal_IMG_9342.jpg 1240w, https:\/\/vpdanses.fr\/wp-content\/uploads\/2025\/07\/2025-07-04.WDSF_Wuppertal_IMG_9342-300x225.jpg 300w, https:\/\/vpdanses.fr\/wp-content\/uploads\/2025\/07\/2025-07-04.WDSF_Wuppertal_IMG_9342-1024x768.jpg 1024w, https:\/\/vpdanses.fr\/wp-content\/uploads\/2025\/07\/2025-07-04.WDSF_Wuppertal_IMG_9342-768x576.jpg 768w, https:\/\/vpdanses.fr\/wp-content\/uploads\/2025\/07\/2025-07-04.WDSF_Wuppertal_IMG_9342-500x375.jpg 500w, https:\/\/vpdanses.fr\/wp-content\/uploads\/2025\/07\/2025-07-04.WDSF_Wuppertal_IMG_9342-800x600.jpg 800w\" data-sizes=\"auto\" loading=\"eager\">\n\t\t<div class=\"vp-portfolio__item-overlay\"><\/div>\n\n\t\t<\/a>\t<\/div>\n<\/div>\n\n\t<figcaption class=\"vp-portfolio__item-caption vp-portfolio__item-caption-text-align-center\">\n\t\t<div class=\"vp-portfolio__item-meta-wrap vp-portfolio__custom-scrollbar\">\n\t\t\t<div class=\"vp-portfolio__item-meta\">\n\t\t\t\t\n<h2 class=\"vp-portfolio__item-meta-title\">\n\t\t<a\n\t\thref=\"https:\/\/vpdanses.fr\/wp-content\/uploads\/2025\/07\/2025-07-04.WDSF_Wuppertal_IMG_9342.jpg\"\n\t\t\t>\n\tComp\u00e9tition de Danse Sportive WDSF Wuppertal 2025 en Allemagne \u00e0 l&rsquo; Historische Stadthalle<\/a><\/h2>\n\t\t\t<\/div>\n\t\t<\/div>\n\t<\/figcaption>\n\t\t\t<\/figure>\n\t\t\t\t\t<\/div>\n\t\t\n\t\t<div\t\tclass=\"vp-portfolio__item-wrap vp-portfolio__item-uid-b2ef4ee4\" data-vp-filter=\"\" \t\t>\n\t\t\t<template class=\"vp-portfolio__item-popup\" data-vp-popup-img=\"https:\/\/vpdanses.fr\/wp-content\/uploads\/2025\/07\/2025-07-04.WDSF_Wuppertal_IMG_9343.jpg\" data-vp-popup-img-srcset=\"https:\/\/vpdanses.fr\/wp-content\/uploads\/2025\/07\/2025-07-04.WDSF_Wuppertal_IMG_9343.jpg 930w, https:\/\/vpdanses.fr\/wp-content\/uploads\/2025\/07\/2025-07-04.WDSF_Wuppertal_IMG_9343-225x300.jpg 225w, https:\/\/vpdanses.fr\/wp-content\/uploads\/2025\/07\/2025-07-04.WDSF_Wuppertal_IMG_9343-768x1024.jpg 768w, https:\/\/vpdanses.fr\/wp-content\/uploads\/2025\/07\/2025-07-04.WDSF_Wuppertal_IMG_9343-500x667.jpg 500w, https:\/\/vpdanses.fr\/wp-content\/uploads\/2025\/07\/2025-07-04.WDSF_Wuppertal_IMG_9343-800x1067.jpg 800w\" data-vp-popup-img-size=\"930x1240\" data-vp-popup-md-img=\"https:\/\/vpdanses.fr\/wp-content\/uploads\/2025\/07\/2025-07-04.WDSF_Wuppertal_IMG_9343-800x1067.jpg\" data-vp-popup-md-img-size=\"800x1067\" data-vp-popup-sm-img=\"https:\/\/vpdanses.fr\/wp-content\/uploads\/2025\/07\/2025-07-04.WDSF_Wuppertal_IMG_9343-500x667.jpg\" data-vp-popup-sm-img-size=\"500x667\">\n\t\t\t<h3 class=\"vp-portfolio__item-popup-title\">Comp\u00e9tition de Danse Sportive WDSF Wuppertal 2025 en Allemagne \u00e0 l&rsquo; Historische Stadthalle<\/h3>\n\t\t\t\t<div class=\"vp-portfolio__item-popup-description\">Comp\u00e9tition de Danse Sportive WDSF Wuppertal 2025 en Allemagne \u00e0 l&rsquo; Historische Stadthalle <\/div>\n\t\t<\/template>\n\t\t\t\t\t\t<figure class=\"vp-portfolio__item\">\n\t\t\t\t\n<div class=\"vp-portfolio__item-img-wrap\">\n\t<div class=\"vp-portfolio__item-img\">\n\t\t\t<a\n\t\thref=\"https:\/\/vpdanses.fr\/wp-content\/uploads\/2025\/07\/2025-07-04.WDSF_Wuppertal_IMG_9343.jpg\"\n\t\t\t>\n\t\n\t\t<noscript><img loading=\"lazy\" decoding=\"async\" width=\"930\" height=\"1240\" data-skip-lazy src=\"https:\/\/vpdanses.fr\/wp-content\/uploads\/2025\/07\/2025-07-04.WDSF_Wuppertal_IMG_9343.jpg\" class=\"wp-image-13734\" alt=\"Comp\u00e9tition de Danse Sportive WDSF Wuppertal 2025 en Allemagne \u00e0 l&#039; Historische Stadthalle\" srcset=\"https:\/\/vpdanses.fr\/wp-content\/uploads\/2025\/07\/2025-07-04.WDSF_Wuppertal_IMG_9343.jpg 930w, https:\/\/vpdanses.fr\/wp-content\/uploads\/2025\/07\/2025-07-04.WDSF_Wuppertal_IMG_9343-225x300.jpg 225w, https:\/\/vpdanses.fr\/wp-content\/uploads\/2025\/07\/2025-07-04.WDSF_Wuppertal_IMG_9343-768x1024.jpg 768w, https:\/\/vpdanses.fr\/wp-content\/uploads\/2025\/07\/2025-07-04.WDSF_Wuppertal_IMG_9343-500x667.jpg 500w, https:\/\/vpdanses.fr\/wp-content\/uploads\/2025\/07\/2025-07-04.WDSF_Wuppertal_IMG_9343-800x1067.jpg 800w\" sizes=\"auto, (max-width: 930px) 100vw, 930px\" \/><\/noscript><img decoding=\"async\" width=\"930\" height=\"1240\" src=\"https:\/\/vpdanses.fr\/wp-content\/uploads\/2025\/07\/2025-07-04.WDSF_Wuppertal_IMG_9343.jpg\" class=\"wp-image-13734 vp-lazyload\" alt=\"Comp\u00e9tition de Danse Sportive WDSF Wuppertal 2025 en Allemagne \u00e0 l&#039; Historische Stadthalle\" srcset=\"data:image\/svg+xml;base64,PHN2ZyB3aWR0aD0iOTMwIiBoZWlnaHQ9IjEyNDAiIHZpZXdCb3g9IjAgMCA5MzAgMTI0MCIgZmlsbD0ibm9uZSIgeG1sbnM9Imh0dHA6Ly93d3cudzMub3JnLzIwMDAvc3ZnIj48L3N2Zz4=\" data-src=\"https:\/\/vpdanses.fr\/wp-content\/uploads\/2025\/07\/2025-07-04.WDSF_Wuppertal_IMG_9343.jpg\" data-srcset=\"https:\/\/vpdanses.fr\/wp-content\/uploads\/2025\/07\/2025-07-04.WDSF_Wuppertal_IMG_9343.jpg 930w, https:\/\/vpdanses.fr\/wp-content\/uploads\/2025\/07\/2025-07-04.WDSF_Wuppertal_IMG_9343-225x300.jpg 225w, https:\/\/vpdanses.fr\/wp-content\/uploads\/2025\/07\/2025-07-04.WDSF_Wuppertal_IMG_9343-768x1024.jpg 768w, https:\/\/vpdanses.fr\/wp-content\/uploads\/2025\/07\/2025-07-04.WDSF_Wuppertal_IMG_9343-500x667.jpg 500w, https:\/\/vpdanses.fr\/wp-content\/uploads\/2025\/07\/2025-07-04.WDSF_Wuppertal_IMG_9343-800x1067.jpg 800w\" data-sizes=\"auto\" loading=\"eager\">\n\t\t<div class=\"vp-portfolio__item-overlay\"><\/div>\n\n\t\t<\/a>\t<\/div>\n<\/div>\n\n\t<figcaption class=\"vp-portfolio__item-caption vp-portfolio__item-caption-text-align-center\">\n\t\t<div class=\"vp-portfolio__item-meta-wrap vp-portfolio__custom-scrollbar\">\n\t\t\t<div class=\"vp-portfolio__item-meta\">\n\t\t\t\t\n<h2 class=\"vp-portfolio__item-meta-title\">\n\t\t<a\n\t\thref=\"https:\/\/vpdanses.fr\/wp-content\/uploads\/2025\/07\/2025-07-04.WDSF_Wuppertal_IMG_9343.jpg\"\n\t\t\t>\n\tComp\u00e9tition de Danse Sportive WDSF Wuppertal 2025 en Allemagne \u00e0 l&rsquo; Historische Stadthalle<\/a><\/h2>\n\t\t\t<\/div>\n\t\t<\/div>\n\t<\/figcaption>\n\t\t\t<\/figure>\n\t\t\t\t\t<\/div>\n\t\t\n\t\t<div\t\tclass=\"vp-portfolio__item-wrap vp-portfolio__item-uid-d8ed4eca\" data-vp-filter=\"\" \t\t>\n\t\t\t<template class=\"vp-portfolio__item-popup\" data-vp-popup-img=\"https:\/\/vpdanses.fr\/wp-content\/uploads\/2025\/07\/2025-07-04.WDSF_Wuppertal_IMG_9344.jpg\" data-vp-popup-img-srcset=\"https:\/\/vpdanses.fr\/wp-content\/uploads\/2025\/07\/2025-07-04.WDSF_Wuppertal_IMG_9344.jpg 950w, https:\/\/vpdanses.fr\/wp-content\/uploads\/2025\/07\/2025-07-04.WDSF_Wuppertal_IMG_9344-300x225.jpg 300w, https:\/\/vpdanses.fr\/wp-content\/uploads\/2025\/07\/2025-07-04.WDSF_Wuppertal_IMG_9344-768x576.jpg 768w, https:\/\/vpdanses.fr\/wp-content\/uploads\/2025\/07\/2025-07-04.WDSF_Wuppertal_IMG_9344-500x375.jpg 500w, https:\/\/vpdanses.fr\/wp-content\/uploads\/2025\/07\/2025-07-04.WDSF_Wuppertal_IMG_9344-800x600.jpg 800w\" data-vp-popup-img-size=\"950x712\" data-vp-popup-md-img=\"https:\/\/vpdanses.fr\/wp-content\/uploads\/2025\/07\/2025-07-04.WDSF_Wuppertal_IMG_9344-800x600.jpg\" data-vp-popup-md-img-size=\"800x600\" data-vp-popup-sm-img=\"https:\/\/vpdanses.fr\/wp-content\/uploads\/2025\/07\/2025-07-04.WDSF_Wuppertal_IMG_9344-500x375.jpg\" data-vp-popup-sm-img-size=\"500x375\">\n\t\t\t<h3 class=\"vp-portfolio__item-popup-title\">Comp\u00e9tition de Danse Sportive WDSF Wuppertal 2025 en Allemagne \u00e0 l&rsquo; Historische Stadthalle<\/h3>\n\t\t\t\t<div class=\"vp-portfolio__item-popup-description\">Comp\u00e9tition de Danse Sportive WDSF Wuppertal 2025 en Allemagne \u00e0 l&rsquo; Historische Stadthalle <\/div>\n\t\t<\/template>\n\t\t\t\t\t\t<figure class=\"vp-portfolio__item\">\n\t\t\t\t\n<div class=\"vp-portfolio__item-img-wrap\">\n\t<div class=\"vp-portfolio__item-img\">\n\t\t\t<a\n\t\thref=\"https:\/\/vpdanses.fr\/wp-content\/uploads\/2025\/07\/2025-07-04.WDSF_Wuppertal_IMG_9344.jpg\"\n\t\t\t>\n\t\n\t\t<noscript><img loading=\"lazy\" decoding=\"async\" width=\"950\" height=\"712\" data-skip-lazy src=\"https:\/\/vpdanses.fr\/wp-content\/uploads\/2025\/07\/2025-07-04.WDSF_Wuppertal_IMG_9344.jpg\" class=\"wp-image-13735\" alt=\"Comp\u00e9tition de Danse Sportive WDSF Wuppertal 2025 en Allemagne \u00e0 l&#039; Historische Stadthalle\" srcset=\"https:\/\/vpdanses.fr\/wp-content\/uploads\/2025\/07\/2025-07-04.WDSF_Wuppertal_IMG_9344.jpg 950w, https:\/\/vpdanses.fr\/wp-content\/uploads\/2025\/07\/2025-07-04.WDSF_Wuppertal_IMG_9344-300x225.jpg 300w, https:\/\/vpdanses.fr\/wp-content\/uploads\/2025\/07\/2025-07-04.WDSF_Wuppertal_IMG_9344-768x576.jpg 768w, https:\/\/vpdanses.fr\/wp-content\/uploads\/2025\/07\/2025-07-04.WDSF_Wuppertal_IMG_9344-500x375.jpg 500w, https:\/\/vpdanses.fr\/wp-content\/uploads\/2025\/07\/2025-07-04.WDSF_Wuppertal_IMG_9344-800x600.jpg 800w\" sizes=\"auto, (max-width: 950px) 100vw, 950px\" \/><\/noscript><img decoding=\"async\" width=\"950\" height=\"712\" src=\"https:\/\/vpdanses.fr\/wp-content\/uploads\/2025\/07\/2025-07-04.WDSF_Wuppertal_IMG_9344.jpg\" class=\"wp-image-13735 vp-lazyload\" alt=\"Comp\u00e9tition de Danse Sportive WDSF Wuppertal 2025 en Allemagne \u00e0 l&#039; Historische Stadthalle\" srcset=\"data:image\/svg+xml;base64,PHN2ZyB3aWR0aD0iOTUwIiBoZWlnaHQ9IjcxMiIgdmlld0JveD0iMCAwIDk1MCA3MTIiIGZpbGw9Im5vbmUiIHhtbG5zPSJodHRwOi8vd3d3LnczLm9yZy8yMDAwL3N2ZyI+PC9zdmc+\" data-src=\"https:\/\/vpdanses.fr\/wp-content\/uploads\/2025\/07\/2025-07-04.WDSF_Wuppertal_IMG_9344.jpg\" data-srcset=\"https:\/\/vpdanses.fr\/wp-content\/uploads\/2025\/07\/2025-07-04.WDSF_Wuppertal_IMG_9344.jpg 950w, https:\/\/vpdanses.fr\/wp-content\/uploads\/2025\/07\/2025-07-04.WDSF_Wuppertal_IMG_9344-300x225.jpg 300w, https:\/\/vpdanses.fr\/wp-content\/uploads\/2025\/07\/2025-07-04.WDSF_Wuppertal_IMG_9344-768x576.jpg 768w, https:\/\/vpdanses.fr\/wp-content\/uploads\/2025\/07\/2025-07-04.WDSF_Wuppertal_IMG_9344-500x375.jpg 500w, https:\/\/vpdanses.fr\/wp-content\/uploads\/2025\/07\/2025-07-04.WDSF_Wuppertal_IMG_9344-800x600.jpg 800w\" data-sizes=\"auto\" loading=\"eager\">\n\t\t<div class=\"vp-portfolio__item-overlay\"><\/div>\n\n\t\t<\/a>\t<\/div>\n<\/div>\n\n\t<figcaption class=\"vp-portfolio__item-caption vp-portfolio__item-caption-text-align-center\">\n\t\t<div class=\"vp-portfolio__item-meta-wrap vp-portfolio__custom-scrollbar\">\n\t\t\t<div class=\"vp-portfolio__item-meta\">\n\t\t\t\t\n<h2 class=\"vp-portfolio__item-meta-title\">\n\t\t<a\n\t\thref=\"https:\/\/vpdanses.fr\/wp-content\/uploads\/2025\/07\/2025-07-04.WDSF_Wuppertal_IMG_9344.jpg\"\n\t\t\t>\n\tComp\u00e9tition de Danse Sportive WDSF Wuppertal 2025 en Allemagne \u00e0 l&rsquo; Historische Stadthalle<\/a><\/h2>\n\t\t\t<\/div>\n\t\t<\/div>\n\t<\/figcaption>\n\t\t\t<\/figure>\n\t\t\t\t\t<\/div>\n\t\t\n\t\t<div\t\tclass=\"vp-portfolio__item-wrap vp-portfolio__item-uid-1a07d144\" data-vp-filter=\"\" \t\t>\n\t\t\t<template class=\"vp-portfolio__item-popup\" data-vp-popup-img=\"https:\/\/vpdanses.fr\/wp-content\/uploads\/2025\/07\/2025-07-04.WDSF_Wuppertal_IMG_9349.jpg\" data-vp-popup-img-srcset=\"https:\/\/vpdanses.fr\/wp-content\/uploads\/2025\/07\/2025-07-04.WDSF_Wuppertal_IMG_9349.jpg 950w, https:\/\/vpdanses.fr\/wp-content\/uploads\/2025\/07\/2025-07-04.WDSF_Wuppertal_IMG_9349-300x225.jpg 300w, https:\/\/vpdanses.fr\/wp-content\/uploads\/2025\/07\/2025-07-04.WDSF_Wuppertal_IMG_9349-768x576.jpg 768w, https:\/\/vpdanses.fr\/wp-content\/uploads\/2025\/07\/2025-07-04.WDSF_Wuppertal_IMG_9349-500x375.jpg 500w, https:\/\/vpdanses.fr\/wp-content\/uploads\/2025\/07\/2025-07-04.WDSF_Wuppertal_IMG_9349-800x600.jpg 800w\" data-vp-popup-img-size=\"950x712\" data-vp-popup-md-img=\"https:\/\/vpdanses.fr\/wp-content\/uploads\/2025\/07\/2025-07-04.WDSF_Wuppertal_IMG_9349-800x600.jpg\" data-vp-popup-md-img-size=\"800x600\" data-vp-popup-sm-img=\"https:\/\/vpdanses.fr\/wp-content\/uploads\/2025\/07\/2025-07-04.WDSF_Wuppertal_IMG_9349-500x375.jpg\" data-vp-popup-sm-img-size=\"500x375\">\n\t\t\t<h3 class=\"vp-portfolio__item-popup-title\">Comp\u00e9tition de Danse Sportive WDSF Wuppertal 2025 en Allemagne \u00e0 l&rsquo; Historische Stadthalle<\/h3>\n\t\t\t\t<div class=\"vp-portfolio__item-popup-description\">Comp\u00e9tition de Danse Sportive WDSF Wuppertal 2025 en Allemagne \u00e0 l&rsquo; Historische Stadthalle <\/div>\n\t\t<\/template>\n\t\t\t\t\t\t<figure class=\"vp-portfolio__item\">\n\t\t\t\t\n<div class=\"vp-portfolio__item-img-wrap\">\n\t<div class=\"vp-portfolio__item-img\">\n\t\t\t<a\n\t\thref=\"https:\/\/vpdanses.fr\/wp-content\/uploads\/2025\/07\/2025-07-04.WDSF_Wuppertal_IMG_9349.jpg\"\n\t\t\t>\n\t\n\t\t<noscript><img loading=\"lazy\" decoding=\"async\" width=\"950\" height=\"712\" data-skip-lazy src=\"https:\/\/vpdanses.fr\/wp-content\/uploads\/2025\/07\/2025-07-04.WDSF_Wuppertal_IMG_9349.jpg\" class=\"wp-image-13739\" alt=\"Comp\u00e9tition de Danse Sportive WDSF Wuppertal 2025 en Allemagne \u00e0 l&#039; Historische Stadthalle\" srcset=\"https:\/\/vpdanses.fr\/wp-content\/uploads\/2025\/07\/2025-07-04.WDSF_Wuppertal_IMG_9349.jpg 950w, https:\/\/vpdanses.fr\/wp-content\/uploads\/2025\/07\/2025-07-04.WDSF_Wuppertal_IMG_9349-300x225.jpg 300w, https:\/\/vpdanses.fr\/wp-content\/uploads\/2025\/07\/2025-07-04.WDSF_Wuppertal_IMG_9349-768x576.jpg 768w, https:\/\/vpdanses.fr\/wp-content\/uploads\/2025\/07\/2025-07-04.WDSF_Wuppertal_IMG_9349-500x375.jpg 500w, https:\/\/vpdanses.fr\/wp-content\/uploads\/2025\/07\/2025-07-04.WDSF_Wuppertal_IMG_9349-800x600.jpg 800w\" sizes=\"auto, (max-width: 950px) 100vw, 950px\" \/><\/noscript><img decoding=\"async\" width=\"950\" height=\"712\" src=\"https:\/\/vpdanses.fr\/wp-content\/uploads\/2025\/07\/2025-07-04.WDSF_Wuppertal_IMG_9349.jpg\" class=\"wp-image-13739 vp-lazyload\" alt=\"Comp\u00e9tition de Danse Sportive WDSF Wuppertal 2025 en Allemagne \u00e0 l&#039; Historische Stadthalle\" srcset=\"data:image\/svg+xml;base64,PHN2ZyB3aWR0aD0iOTUwIiBoZWlnaHQ9IjcxMiIgdmlld0JveD0iMCAwIDk1MCA3MTIiIGZpbGw9Im5vbmUiIHhtbG5zPSJodHRwOi8vd3d3LnczLm9yZy8yMDAwL3N2ZyI+PC9zdmc+\" data-src=\"https:\/\/vpdanses.fr\/wp-content\/uploads\/2025\/07\/2025-07-04.WDSF_Wuppertal_IMG_9349.jpg\" data-srcset=\"https:\/\/vpdanses.fr\/wp-content\/uploads\/2025\/07\/2025-07-04.WDSF_Wuppertal_IMG_9349.jpg 950w, https:\/\/vpdanses.fr\/wp-content\/uploads\/2025\/07\/2025-07-04.WDSF_Wuppertal_IMG_9349-300x225.jpg 300w, https:\/\/vpdanses.fr\/wp-content\/uploads\/2025\/07\/2025-07-04.WDSF_Wuppertal_IMG_9349-768x576.jpg 768w, https:\/\/vpdanses.fr\/wp-content\/uploads\/2025\/07\/2025-07-04.WDSF_Wuppertal_IMG_9349-500x375.jpg 500w, https:\/\/vpdanses.fr\/wp-content\/uploads\/2025\/07\/2025-07-04.WDSF_Wuppertal_IMG_9349-800x600.jpg 800w\" data-sizes=\"auto\" loading=\"eager\">\n\t\t<div class=\"vp-portfolio__item-overlay\"><\/div>\n\n\t\t<\/a>\t<\/div>\n<\/div>\n\n\t<figcaption class=\"vp-portfolio__item-caption vp-portfolio__item-caption-text-align-center\">\n\t\t<div class=\"vp-portfolio__item-meta-wrap vp-portfolio__custom-scrollbar\">\n\t\t\t<div class=\"vp-portfolio__item-meta\">\n\t\t\t\t\n<h2 class=\"vp-portfolio__item-meta-title\">\n\t\t<a\n\t\thref=\"https:\/\/vpdanses.fr\/wp-content\/uploads\/2025\/07\/2025-07-04.WDSF_Wuppertal_IMG_9349.jpg\"\n\t\t\t>\n\tComp\u00e9tition de Danse Sportive WDSF Wuppertal 2025 en Allemagne \u00e0 l&rsquo; Historische Stadthalle<\/a><\/h2>\n\t\t\t<\/div>\n\t\t<\/div>\n\t<\/figcaption>\n\t\t\t<\/figure>\n\t\t\t\t\t<\/div>\n\t\t\n\t\t<div\t\tclass=\"vp-portfolio__item-wrap vp-portfolio__item-uid-b315bcc8\" data-vp-filter=\"\" \t\t>\n\t\t\t<template class=\"vp-portfolio__item-popup\" data-vp-popup-img=\"https:\/\/vpdanses.fr\/wp-content\/uploads\/2025\/07\/2025-07-04.WDSF_Wuppertal_IMG_9463.jpg\" data-vp-popup-img-srcset=\"https:\/\/vpdanses.fr\/wp-content\/uploads\/2025\/07\/2025-07-04.WDSF_Wuppertal_IMG_9463.jpg 1240w, https:\/\/vpdanses.fr\/wp-content\/uploads\/2025\/07\/2025-07-04.WDSF_Wuppertal_IMG_9463-300x225.jpg 300w, https:\/\/vpdanses.fr\/wp-content\/uploads\/2025\/07\/2025-07-04.WDSF_Wuppertal_IMG_9463-1024x768.jpg 1024w, https:\/\/vpdanses.fr\/wp-content\/uploads\/2025\/07\/2025-07-04.WDSF_Wuppertal_IMG_9463-768x576.jpg 768w, https:\/\/vpdanses.fr\/wp-content\/uploads\/2025\/07\/2025-07-04.WDSF_Wuppertal_IMG_9463-500x375.jpg 500w, https:\/\/vpdanses.fr\/wp-content\/uploads\/2025\/07\/2025-07-04.WDSF_Wuppertal_IMG_9463-800x600.jpg 800w\" data-vp-popup-img-size=\"1240x930\" data-vp-popup-md-img=\"https:\/\/vpdanses.fr\/wp-content\/uploads\/2025\/07\/2025-07-04.WDSF_Wuppertal_IMG_9463-800x600.jpg\" data-vp-popup-md-img-size=\"800x600\" data-vp-popup-sm-img=\"https:\/\/vpdanses.fr\/wp-content\/uploads\/2025\/07\/2025-07-04.WDSF_Wuppertal_IMG_9463-500x375.jpg\" data-vp-popup-sm-img-size=\"500x375\">\n\t\t\t<h3 class=\"vp-portfolio__item-popup-title\">Comp\u00e9tition de Danse Sportive WDSF Wuppertal 2025 en Allemagne \u00e0 l&rsquo; Historische Stadthalle<\/h3>\n\t\t\t\t<div class=\"vp-portfolio__item-popup-description\">Comp\u00e9tition de Danse Sportive WDSF Wuppertal 2025 en Allemagne \u00e0 l&rsquo; Historische Stadthalle <\/div>\n\t\t<\/template>\n\t\t\t\t\t\t<figure class=\"vp-portfolio__item\">\n\t\t\t\t\n<div class=\"vp-portfolio__item-img-wrap\">\n\t<div class=\"vp-portfolio__item-img\">\n\t\t\t<a\n\t\thref=\"https:\/\/vpdanses.fr\/wp-content\/uploads\/2025\/07\/2025-07-04.WDSF_Wuppertal_IMG_9463.jpg\"\n\t\t\t>\n\t\n\t\t<noscript><img loading=\"lazy\" decoding=\"async\" width=\"1240\" height=\"930\" data-skip-lazy src=\"https:\/\/vpdanses.fr\/wp-content\/uploads\/2025\/07\/2025-07-04.WDSF_Wuppertal_IMG_9463.jpg\" class=\"wp-image-13750\" alt=\"Comp\u00e9tition de Danse Sportive WDSF Wuppertal 2025 en Allemagne \u00e0 l&#039; Historische Stadthalle\" srcset=\"https:\/\/vpdanses.fr\/wp-content\/uploads\/2025\/07\/2025-07-04.WDSF_Wuppertal_IMG_9463.jpg 1240w, https:\/\/vpdanses.fr\/wp-content\/uploads\/2025\/07\/2025-07-04.WDSF_Wuppertal_IMG_9463-300x225.jpg 300w, https:\/\/vpdanses.fr\/wp-content\/uploads\/2025\/07\/2025-07-04.WDSF_Wuppertal_IMG_9463-1024x768.jpg 1024w, https:\/\/vpdanses.fr\/wp-content\/uploads\/2025\/07\/2025-07-04.WDSF_Wuppertal_IMG_9463-768x576.jpg 768w, https:\/\/vpdanses.fr\/wp-content\/uploads\/2025\/07\/2025-07-04.WDSF_Wuppertal_IMG_9463-500x375.jpg 500w, https:\/\/vpdanses.fr\/wp-content\/uploads\/2025\/07\/2025-07-04.WDSF_Wuppertal_IMG_9463-800x600.jpg 800w\" sizes=\"auto, (max-width: 1240px) 100vw, 1240px\" \/><\/noscript><img decoding=\"async\" width=\"1240\" height=\"930\" src=\"https:\/\/vpdanses.fr\/wp-content\/uploads\/2025\/07\/2025-07-04.WDSF_Wuppertal_IMG_9463.jpg\" class=\"wp-image-13750 vp-lazyload\" alt=\"Comp\u00e9tition de Danse Sportive WDSF Wuppertal 2025 en Allemagne \u00e0 l&#039; Historische Stadthalle\" srcset=\"data:image\/svg+xml;base64,PHN2ZyB3aWR0aD0iMTI0MCIgaGVpZ2h0PSI5MzAiIHZpZXdCb3g9IjAgMCAxMjQwIDkzMCIgZmlsbD0ibm9uZSIgeG1sbnM9Imh0dHA6Ly93d3cudzMub3JnLzIwMDAvc3ZnIj48L3N2Zz4=\" data-src=\"https:\/\/vpdanses.fr\/wp-content\/uploads\/2025\/07\/2025-07-04.WDSF_Wuppertal_IMG_9463.jpg\" data-srcset=\"https:\/\/vpdanses.fr\/wp-content\/uploads\/2025\/07\/2025-07-04.WDSF_Wuppertal_IMG_9463.jpg 1240w, https:\/\/vpdanses.fr\/wp-content\/uploads\/2025\/07\/2025-07-04.WDSF_Wuppertal_IMG_9463-300x225.jpg 300w, https:\/\/vpdanses.fr\/wp-content\/uploads\/2025\/07\/2025-07-04.WDSF_Wuppertal_IMG_9463-1024x768.jpg 1024w, https:\/\/vpdanses.fr\/wp-content\/uploads\/2025\/07\/2025-07-04.WDSF_Wuppertal_IMG_9463-768x576.jpg 768w, https:\/\/vpdanses.fr\/wp-content\/uploads\/2025\/07\/2025-07-04.WDSF_Wuppertal_IMG_9463-500x375.jpg 500w, https:\/\/vpdanses.fr\/wp-content\/uploads\/2025\/07\/2025-07-04.WDSF_Wuppertal_IMG_9463-800x600.jpg 800w\" data-sizes=\"auto\" loading=\"eager\">\n\t\t<div class=\"vp-portfolio__item-overlay\"><\/div>\n\n\t\t<\/a>\t<\/div>\n<\/div>\n\n\t<figcaption class=\"vp-portfolio__item-caption vp-portfolio__item-caption-text-align-center\">\n\t\t<div class=\"vp-portfolio__item-meta-wrap vp-portfolio__custom-scrollbar\">\n\t\t\t<div class=\"vp-portfolio__item-meta\">\n\t\t\t\t\n<h2 class=\"vp-portfolio__item-meta-title\">\n\t\t<a\n\t\thref=\"https:\/\/vpdanses.fr\/wp-content\/uploads\/2025\/07\/2025-07-04.WDSF_Wuppertal_IMG_9463.jpg\"\n\t\t\t>\n\tComp\u00e9tition de Danse Sportive WDSF Wuppertal 2025 en Allemagne \u00e0 l&rsquo; Historische Stadthalle<\/a><\/h2>\n\t\t\t<\/div>\n\t\t<\/div>\n\t<\/figcaption>\n\t\t\t<\/figure>\n\t\t\t\t\t<\/div>\n\t\t\n\t\t<div\t\tclass=\"vp-portfolio__item-wrap vp-portfolio__item-uid-0f4e5ffb\" data-vp-filter=\"\" \t\t>\n\t\t\t<template class=\"vp-portfolio__item-popup\" data-vp-popup-img=\"https:\/\/vpdanses.fr\/wp-content\/uploads\/2025\/07\/2025-07-04.WDSF_Wuppertal_IMG_9465.jpg\" data-vp-popup-img-srcset=\"https:\/\/vpdanses.fr\/wp-content\/uploads\/2025\/07\/2025-07-04.WDSF_Wuppertal_IMG_9465.jpg 930w, https:\/\/vpdanses.fr\/wp-content\/uploads\/2025\/07\/2025-07-04.WDSF_Wuppertal_IMG_9465-225x300.jpg 225w, https:\/\/vpdanses.fr\/wp-content\/uploads\/2025\/07\/2025-07-04.WDSF_Wuppertal_IMG_9465-768x1024.jpg 768w, https:\/\/vpdanses.fr\/wp-content\/uploads\/2025\/07\/2025-07-04.WDSF_Wuppertal_IMG_9465-500x667.jpg 500w, https:\/\/vpdanses.fr\/wp-content\/uploads\/2025\/07\/2025-07-04.WDSF_Wuppertal_IMG_9465-800x1067.jpg 800w\" data-vp-popup-img-size=\"930x1240\" data-vp-popup-md-img=\"https:\/\/vpdanses.fr\/wp-content\/uploads\/2025\/07\/2025-07-04.WDSF_Wuppertal_IMG_9465-800x1067.jpg\" data-vp-popup-md-img-size=\"800x1067\" data-vp-popup-sm-img=\"https:\/\/vpdanses.fr\/wp-content\/uploads\/2025\/07\/2025-07-04.WDSF_Wuppertal_IMG_9465-500x667.jpg\" data-vp-popup-sm-img-size=\"500x667\">\n\t\t\t<h3 class=\"vp-portfolio__item-popup-title\">Comp\u00e9tition de Danse Sportive WDSF Wuppertal 2025 en Allemagne \u00e0 l&rsquo; Historische Stadthalle<\/h3>\n\t\t\t\t<div class=\"vp-portfolio__item-popup-description\">Comp\u00e9tition de Danse Sportive WDSF Wuppertal 2025 en Allemagne \u00e0 l&rsquo; Historische Stadthalle <\/div>\n\t\t<\/template>\n\t\t\t\t\t\t<figure class=\"vp-portfolio__item\">\n\t\t\t\t\n<div class=\"vp-portfolio__item-img-wrap\">\n\t<div class=\"vp-portfolio__item-img\">\n\t\t\t<a\n\t\thref=\"https:\/\/vpdanses.fr\/wp-content\/uploads\/2025\/07\/2025-07-04.WDSF_Wuppertal_IMG_9465.jpg\"\n\t\t\t>\n\t\n\t\t<noscript><img loading=\"lazy\" decoding=\"async\" width=\"930\" height=\"1240\" data-skip-lazy src=\"https:\/\/vpdanses.fr\/wp-content\/uploads\/2025\/07\/2025-07-04.WDSF_Wuppertal_IMG_9465.jpg\" class=\"wp-image-13751\" alt=\"Comp\u00e9tition de Danse Sportive WDSF Wuppertal 2025 en Allemagne \u00e0 l&#039; Historische Stadthalle\" srcset=\"https:\/\/vpdanses.fr\/wp-content\/uploads\/2025\/07\/2025-07-04.WDSF_Wuppertal_IMG_9465.jpg 930w, https:\/\/vpdanses.fr\/wp-content\/uploads\/2025\/07\/2025-07-04.WDSF_Wuppertal_IMG_9465-225x300.jpg 225w, https:\/\/vpdanses.fr\/wp-content\/uploads\/2025\/07\/2025-07-04.WDSF_Wuppertal_IMG_9465-768x1024.jpg 768w, https:\/\/vpdanses.fr\/wp-content\/uploads\/2025\/07\/2025-07-04.WDSF_Wuppertal_IMG_9465-500x667.jpg 500w, https:\/\/vpdanses.fr\/wp-content\/uploads\/2025\/07\/2025-07-04.WDSF_Wuppertal_IMG_9465-800x1067.jpg 800w\" sizes=\"auto, (max-width: 930px) 100vw, 930px\" \/><\/noscript><img decoding=\"async\" width=\"930\" height=\"1240\" src=\"https:\/\/vpdanses.fr\/wp-content\/uploads\/2025\/07\/2025-07-04.WDSF_Wuppertal_IMG_9465.jpg\" class=\"wp-image-13751 vp-lazyload\" alt=\"Comp\u00e9tition de Danse Sportive WDSF Wuppertal 2025 en Allemagne \u00e0 l&#039; Historische Stadthalle\" srcset=\"data:image\/svg+xml;base64,PHN2ZyB3aWR0aD0iOTMwIiBoZWlnaHQ9IjEyNDAiIHZpZXdCb3g9IjAgMCA5MzAgMTI0MCIgZmlsbD0ibm9uZSIgeG1sbnM9Imh0dHA6Ly93d3cudzMub3JnLzIwMDAvc3ZnIj48L3N2Zz4=\" data-src=\"https:\/\/vpdanses.fr\/wp-content\/uploads\/2025\/07\/2025-07-04.WDSF_Wuppertal_IMG_9465.jpg\" data-srcset=\"https:\/\/vpdanses.fr\/wp-content\/uploads\/2025\/07\/2025-07-04.WDSF_Wuppertal_IMG_9465.jpg 930w, https:\/\/vpdanses.fr\/wp-content\/uploads\/2025\/07\/2025-07-04.WDSF_Wuppertal_IMG_9465-225x300.jpg 225w, https:\/\/vpdanses.fr\/wp-content\/uploads\/2025\/07\/2025-07-04.WDSF_Wuppertal_IMG_9465-768x1024.jpg 768w, https:\/\/vpdanses.fr\/wp-content\/uploads\/2025\/07\/2025-07-04.WDSF_Wuppertal_IMG_9465-500x667.jpg 500w, https:\/\/vpdanses.fr\/wp-content\/uploads\/2025\/07\/2025-07-04.WDSF_Wuppertal_IMG_9465-800x1067.jpg 800w\" data-sizes=\"auto\" loading=\"eager\">\n\t\t<div class=\"vp-portfolio__item-overlay\"><\/div>\n\n\t\t<\/a>\t<\/div>\n<\/div>\n\n\t<figcaption class=\"vp-portfolio__item-caption vp-portfolio__item-caption-text-align-center\">\n\t\t<div class=\"vp-portfolio__item-meta-wrap vp-portfolio__custom-scrollbar\">\n\t\t\t<div class=\"vp-portfolio__item-meta\">\n\t\t\t\t\n<h2 class=\"vp-portfolio__item-meta-title\">\n\t\t<a\n\t\thref=\"https:\/\/vpdanses.fr\/wp-content\/uploads\/2025\/07\/2025-07-04.WDSF_Wuppertal_IMG_9465.jpg\"\n\t\t\t>\n\tComp\u00e9tition de Danse Sportive WDSF Wuppertal 2025 en Allemagne \u00e0 l&rsquo; Historische Stadthalle<\/a><\/h2>\n\t\t\t<\/div>\n\t\t<\/div>\n\t<\/figcaption>\n\t\t\t<\/figure>\n\t\t\t\t\t<\/div>\n\t\t\n\t\t<div\t\tclass=\"vp-portfolio__item-wrap vp-portfolio__item-uid-6711bc94\" data-vp-filter=\"\" \t\t>\n\t\t\t<template class=\"vp-portfolio__item-popup\" data-vp-popup-img=\"https:\/\/vpdanses.fr\/wp-content\/uploads\/2025\/07\/2025-07-04.WDSF_Wuppertal_IMG_9469.jpg\" data-vp-popup-img-srcset=\"https:\/\/vpdanses.fr\/wp-content\/uploads\/2025\/07\/2025-07-04.WDSF_Wuppertal_IMG_9469.jpg 1240w, https:\/\/vpdanses.fr\/wp-content\/uploads\/2025\/07\/2025-07-04.WDSF_Wuppertal_IMG_9469-300x225.jpg 300w, https:\/\/vpdanses.fr\/wp-content\/uploads\/2025\/07\/2025-07-04.WDSF_Wuppertal_IMG_9469-1024x768.jpg 1024w, https:\/\/vpdanses.fr\/wp-content\/uploads\/2025\/07\/2025-07-04.WDSF_Wuppertal_IMG_9469-768x576.jpg 768w, https:\/\/vpdanses.fr\/wp-content\/uploads\/2025\/07\/2025-07-04.WDSF_Wuppertal_IMG_9469-500x375.jpg 500w, https:\/\/vpdanses.fr\/wp-content\/uploads\/2025\/07\/2025-07-04.WDSF_Wuppertal_IMG_9469-800x600.jpg 800w\" data-vp-popup-img-size=\"1240x930\" data-vp-popup-md-img=\"https:\/\/vpdanses.fr\/wp-content\/uploads\/2025\/07\/2025-07-04.WDSF_Wuppertal_IMG_9469-800x600.jpg\" data-vp-popup-md-img-size=\"800x600\" data-vp-popup-sm-img=\"https:\/\/vpdanses.fr\/wp-content\/uploads\/2025\/07\/2025-07-04.WDSF_Wuppertal_IMG_9469-500x375.jpg\" data-vp-popup-sm-img-size=\"500x375\">\n\t\t\t<h3 class=\"vp-portfolio__item-popup-title\">Comp\u00e9tition de Danse Sportive WDSF Wuppertal 2025 en Allemagne \u00e0 l&rsquo; Historische Stadthalle<\/h3>\n\t\t\t\t<div class=\"vp-portfolio__item-popup-description\">Comp\u00e9tition de Danse Sportive WDSF Wuppertal 2025 en Allemagne \u00e0 l&rsquo; Historische Stadthalle <\/div>\n\t\t<\/template>\n\t\t\t\t\t\t<figure class=\"vp-portfolio__item\">\n\t\t\t\t\n<div class=\"vp-portfolio__item-img-wrap\">\n\t<div class=\"vp-portfolio__item-img\">\n\t\t\t<a\n\t\thref=\"https:\/\/vpdanses.fr\/wp-content\/uploads\/2025\/07\/2025-07-04.WDSF_Wuppertal_IMG_9469.jpg\"\n\t\t\t>\n\t\n\t\t<noscript><img loading=\"lazy\" decoding=\"async\" width=\"1240\" height=\"930\" data-skip-lazy src=\"https:\/\/vpdanses.fr\/wp-content\/uploads\/2025\/07\/2025-07-04.WDSF_Wuppertal_IMG_9469.jpg\" class=\"wp-image-13752\" alt=\"Comp\u00e9tition de Danse Sportive WDSF Wuppertal 2025 en Allemagne \u00e0 l&#039; Historische Stadthalle\" srcset=\"https:\/\/vpdanses.fr\/wp-content\/uploads\/2025\/07\/2025-07-04.WDSF_Wuppertal_IMG_9469.jpg 1240w, https:\/\/vpdanses.fr\/wp-content\/uploads\/2025\/07\/2025-07-04.WDSF_Wuppertal_IMG_9469-300x225.jpg 300w, https:\/\/vpdanses.fr\/wp-content\/uploads\/2025\/07\/2025-07-04.WDSF_Wuppertal_IMG_9469-1024x768.jpg 1024w, https:\/\/vpdanses.fr\/wp-content\/uploads\/2025\/07\/2025-07-04.WDSF_Wuppertal_IMG_9469-768x576.jpg 768w, https:\/\/vpdanses.fr\/wp-content\/uploads\/2025\/07\/2025-07-04.WDSF_Wuppertal_IMG_9469-500x375.jpg 500w, https:\/\/vpdanses.fr\/wp-content\/uploads\/2025\/07\/2025-07-04.WDSF_Wuppertal_IMG_9469-800x600.jpg 800w\" sizes=\"auto, (max-width: 1240px) 100vw, 1240px\" \/><\/noscript><img decoding=\"async\" width=\"1240\" height=\"930\" src=\"https:\/\/vpdanses.fr\/wp-content\/uploads\/2025\/07\/2025-07-04.WDSF_Wuppertal_IMG_9469.jpg\" class=\"wp-image-13752 vp-lazyload\" alt=\"Comp\u00e9tition de Danse Sportive WDSF Wuppertal 2025 en Allemagne \u00e0 l&#039; Historische Stadthalle\" srcset=\"data:image\/svg+xml;base64,PHN2ZyB3aWR0aD0iMTI0MCIgaGVpZ2h0PSI5MzAiIHZpZXdCb3g9IjAgMCAxMjQwIDkzMCIgZmlsbD0ibm9uZSIgeG1sbnM9Imh0dHA6Ly93d3cudzMub3JnLzIwMDAvc3ZnIj48L3N2Zz4=\" data-src=\"https:\/\/vpdanses.fr\/wp-content\/uploads\/2025\/07\/2025-07-04.WDSF_Wuppertal_IMG_9469.jpg\" data-srcset=\"https:\/\/vpdanses.fr\/wp-content\/uploads\/2025\/07\/2025-07-04.WDSF_Wuppertal_IMG_9469.jpg 1240w, https:\/\/vpdanses.fr\/wp-content\/uploads\/2025\/07\/2025-07-04.WDSF_Wuppertal_IMG_9469-300x225.jpg 300w, https:\/\/vpdanses.fr\/wp-content\/uploads\/2025\/07\/2025-07-04.WDSF_Wuppertal_IMG_9469-1024x768.jpg 1024w, https:\/\/vpdanses.fr\/wp-content\/uploads\/2025\/07\/2025-07-04.WDSF_Wuppertal_IMG_9469-768x576.jpg 768w, https:\/\/vpdanses.fr\/wp-content\/uploads\/2025\/07\/2025-07-04.WDSF_Wuppertal_IMG_9469-500x375.jpg 500w, https:\/\/vpdanses.fr\/wp-content\/uploads\/2025\/07\/2025-07-04.WDSF_Wuppertal_IMG_9469-800x600.jpg 800w\" data-sizes=\"auto\" loading=\"eager\">\n\t\t<div class=\"vp-portfolio__item-overlay\"><\/div>\n\n\t\t<\/a>\t<\/div>\n<\/div>\n\n\t<figcaption class=\"vp-portfolio__item-caption vp-portfolio__item-caption-text-align-center\">\n\t\t<div class=\"vp-portfolio__item-meta-wrap vp-portfolio__custom-scrollbar\">\n\t\t\t<div class=\"vp-portfolio__item-meta\">\n\t\t\t\t\n<h2 class=\"vp-portfolio__item-meta-title\">\n\t\t<a\n\t\thref=\"https:\/\/vpdanses.fr\/wp-content\/uploads\/2025\/07\/2025-07-04.WDSF_Wuppertal_IMG_9469.jpg\"\n\t\t\t>\n\tComp\u00e9tition de Danse Sportive WDSF Wuppertal 2025 en Allemagne \u00e0 l&rsquo; Historische Stadthalle<\/a><\/h2>\n\t\t\t<\/div>\n\t\t<\/div>\n\t<\/figcaption>\n\t\t\t<\/figure>\n\t\t\t\t\t<\/div>\n\t\t\n\t\t<div\t\tclass=\"vp-portfolio__item-wrap vp-portfolio__item-uid-db4a5fa7\" data-vp-filter=\"\" \t\t>\n\t\t\t<template class=\"vp-portfolio__item-popup\" data-vp-popup-img=\"https:\/\/vpdanses.fr\/wp-content\/uploads\/2025\/07\/2025-07-04.WDSF_Wuppertal_IMG_9473.jpg\" data-vp-popup-img-srcset=\"https:\/\/vpdanses.fr\/wp-content\/uploads\/2025\/07\/2025-07-04.WDSF_Wuppertal_IMG_9473.jpg 1240w, https:\/\/vpdanses.fr\/wp-content\/uploads\/2025\/07\/2025-07-04.WDSF_Wuppertal_IMG_9473-300x225.jpg 300w, https:\/\/vpdanses.fr\/wp-content\/uploads\/2025\/07\/2025-07-04.WDSF_Wuppertal_IMG_9473-1024x768.jpg 1024w, https:\/\/vpdanses.fr\/wp-content\/uploads\/2025\/07\/2025-07-04.WDSF_Wuppertal_IMG_9473-768x576.jpg 768w, https:\/\/vpdanses.fr\/wp-content\/uploads\/2025\/07\/2025-07-04.WDSF_Wuppertal_IMG_9473-500x375.jpg 500w, https:\/\/vpdanses.fr\/wp-content\/uploads\/2025\/07\/2025-07-04.WDSF_Wuppertal_IMG_9473-800x600.jpg 800w\" data-vp-popup-img-size=\"1240x930\" data-vp-popup-md-img=\"https:\/\/vpdanses.fr\/wp-content\/uploads\/2025\/07\/2025-07-04.WDSF_Wuppertal_IMG_9473-800x600.jpg\" data-vp-popup-md-img-size=\"800x600\" data-vp-popup-sm-img=\"https:\/\/vpdanses.fr\/wp-content\/uploads\/2025\/07\/2025-07-04.WDSF_Wuppertal_IMG_9473-500x375.jpg\" data-vp-popup-sm-img-size=\"500x375\">\n\t\t\t<h3 class=\"vp-portfolio__item-popup-title\">2025-07-04.WDSF_Wuppertal_IMG_9473<\/h3>\n\t\t\t\t<div class=\"vp-portfolio__item-popup-description\">Comp\u00e9tition de Danse Sportive WDSF Wuppertal 2025 en Allemagne \u00e0 l&rsquo; Historische Stadthalle <\/div>\n\t\t<\/template>\n\t\t\t\t\t\t<figure class=\"vp-portfolio__item\">\n\t\t\t\t\n<div class=\"vp-portfolio__item-img-wrap\">\n\t<div class=\"vp-portfolio__item-img\">\n\t\t\t<a\n\t\thref=\"https:\/\/vpdanses.fr\/wp-content\/uploads\/2025\/07\/2025-07-04.WDSF_Wuppertal_IMG_9473.jpg\"\n\t\t\t>\n\t\n\t\t<noscript><img loading=\"lazy\" decoding=\"async\" width=\"1240\" height=\"930\" data-skip-lazy src=\"https:\/\/vpdanses.fr\/wp-content\/uploads\/2025\/07\/2025-07-04.WDSF_Wuppertal_IMG_9473.jpg\" class=\"wp-image-13753\" alt=\"Comp\u00e9tition de Danse Sportive WDSF Wuppertal 2025 en Allemagne \u00e0 l&#039; Historische Stadthalle\" srcset=\"https:\/\/vpdanses.fr\/wp-content\/uploads\/2025\/07\/2025-07-04.WDSF_Wuppertal_IMG_9473.jpg 1240w, https:\/\/vpdanses.fr\/wp-content\/uploads\/2025\/07\/2025-07-04.WDSF_Wuppertal_IMG_9473-300x225.jpg 300w, https:\/\/vpdanses.fr\/wp-content\/uploads\/2025\/07\/2025-07-04.WDSF_Wuppertal_IMG_9473-1024x768.jpg 1024w, https:\/\/vpdanses.fr\/wp-content\/uploads\/2025\/07\/2025-07-04.WDSF_Wuppertal_IMG_9473-768x576.jpg 768w, https:\/\/vpdanses.fr\/wp-content\/uploads\/2025\/07\/2025-07-04.WDSF_Wuppertal_IMG_9473-500x375.jpg 500w, https:\/\/vpdanses.fr\/wp-content\/uploads\/2025\/07\/2025-07-04.WDSF_Wuppertal_IMG_9473-800x600.jpg 800w\" sizes=\"auto, (max-width: 1240px) 100vw, 1240px\" \/><\/noscript><img decoding=\"async\" width=\"1240\" height=\"930\" src=\"https:\/\/vpdanses.fr\/wp-content\/uploads\/2025\/07\/2025-07-04.WDSF_Wuppertal_IMG_9473.jpg\" class=\"wp-image-13753 vp-lazyload\" alt=\"Comp\u00e9tition de Danse Sportive WDSF Wuppertal 2025 en Allemagne \u00e0 l&#039; Historische Stadthalle\" srcset=\"data:image\/svg+xml;base64,PHN2ZyB3aWR0aD0iMTI0MCIgaGVpZ2h0PSI5MzAiIHZpZXdCb3g9IjAgMCAxMjQwIDkzMCIgZmlsbD0ibm9uZSIgeG1sbnM9Imh0dHA6Ly93d3cudzMub3JnLzIwMDAvc3ZnIj48L3N2Zz4=\" data-src=\"https:\/\/vpdanses.fr\/wp-content\/uploads\/2025\/07\/2025-07-04.WDSF_Wuppertal_IMG_9473.jpg\" data-srcset=\"https:\/\/vpdanses.fr\/wp-content\/uploads\/2025\/07\/2025-07-04.WDSF_Wuppertal_IMG_9473.jpg 1240w, https:\/\/vpdanses.fr\/wp-content\/uploads\/2025\/07\/2025-07-04.WDSF_Wuppertal_IMG_9473-300x225.jpg 300w, https:\/\/vpdanses.fr\/wp-content\/uploads\/2025\/07\/2025-07-04.WDSF_Wuppertal_IMG_9473-1024x768.jpg 1024w, https:\/\/vpdanses.fr\/wp-content\/uploads\/2025\/07\/2025-07-04.WDSF_Wuppertal_IMG_9473-768x576.jpg 768w, https:\/\/vpdanses.fr\/wp-content\/uploads\/2025\/07\/2025-07-04.WDSF_Wuppertal_IMG_9473-500x375.jpg 500w, https:\/\/vpdanses.fr\/wp-content\/uploads\/2025\/07\/2025-07-04.WDSF_Wuppertal_IMG_9473-800x600.jpg 800w\" data-sizes=\"auto\" loading=\"eager\">\n\t\t<div class=\"vp-portfolio__item-overlay\"><\/div>\n\n\t\t<\/a>\t<\/div>\n<\/div>\n\n\t<figcaption class=\"vp-portfolio__item-caption vp-portfolio__item-caption-text-align-center\">\n\t\t<div class=\"vp-portfolio__item-meta-wrap vp-portfolio__custom-scrollbar\">\n\t\t\t<div class=\"vp-portfolio__item-meta\">\n\t\t\t\t\n<h2 class=\"vp-portfolio__item-meta-title\">\n\t\t<a\n\t\thref=\"https:\/\/vpdanses.fr\/wp-content\/uploads\/2025\/07\/2025-07-04.WDSF_Wuppertal_IMG_9473.jpg\"\n\t\t\t>\n\t2025-07-04.WDSF_Wuppertal_IMG_9473<\/a><\/h2>\n\t\t\t<\/div>\n\t\t<\/div>\n\t<\/figcaption>\n\t\t\t<\/figure>\n\t\t\t\t\t<\/div>\n\t\t\n\t\t<div\t\tclass=\"vp-portfolio__item-wrap vp-portfolio__item-uid-b351a0ee\" data-vp-filter=\"\" \t\t>\n\t\t\t<template class=\"vp-portfolio__item-popup\" data-vp-popup-img=\"https:\/\/vpdanses.fr\/wp-content\/uploads\/2025\/07\/2025-07-04.WDSF_Wuppertal_IMG_9479.jpg\" data-vp-popup-img-srcset=\"https:\/\/vpdanses.fr\/wp-content\/uploads\/2025\/07\/2025-07-04.WDSF_Wuppertal_IMG_9479.jpg 1240w, https:\/\/vpdanses.fr\/wp-content\/uploads\/2025\/07\/2025-07-04.WDSF_Wuppertal_IMG_9479-300x225.jpg 300w, https:\/\/vpdanses.fr\/wp-content\/uploads\/2025\/07\/2025-07-04.WDSF_Wuppertal_IMG_9479-1024x768.jpg 1024w, https:\/\/vpdanses.fr\/wp-content\/uploads\/2025\/07\/2025-07-04.WDSF_Wuppertal_IMG_9479-768x576.jpg 768w, https:\/\/vpdanses.fr\/wp-content\/uploads\/2025\/07\/2025-07-04.WDSF_Wuppertal_IMG_9479-500x375.jpg 500w, https:\/\/vpdanses.fr\/wp-content\/uploads\/2025\/07\/2025-07-04.WDSF_Wuppertal_IMG_9479-800x600.jpg 800w\" data-vp-popup-img-size=\"1240x930\" data-vp-popup-md-img=\"https:\/\/vpdanses.fr\/wp-content\/uploads\/2025\/07\/2025-07-04.WDSF_Wuppertal_IMG_9479-800x600.jpg\" data-vp-popup-md-img-size=\"800x600\" data-vp-popup-sm-img=\"https:\/\/vpdanses.fr\/wp-content\/uploads\/2025\/07\/2025-07-04.WDSF_Wuppertal_IMG_9479-500x375.jpg\" data-vp-popup-sm-img-size=\"500x375\">\n\t\t\t<h3 class=\"vp-portfolio__item-popup-title\">Comp\u00e9tition de Danse Sportive WDSF Wuppertal 2025 en Allemagne \u00e0 l&rsquo; Historische Stadthalle<\/h3>\n\t\t\t\t<div class=\"vp-portfolio__item-popup-description\">Comp\u00e9tition de Danse Sportive WDSF Wuppertal 2025 en Allemagne \u00e0 l&rsquo; Historische Stadthalle <\/div>\n\t\t<\/template>\n\t\t\t\t\t\t<figure class=\"vp-portfolio__item\">\n\t\t\t\t\n<div class=\"vp-portfolio__item-img-wrap\">\n\t<div class=\"vp-portfolio__item-img\">\n\t\t\t<a\n\t\thref=\"https:\/\/vpdanses.fr\/wp-content\/uploads\/2025\/07\/2025-07-04.WDSF_Wuppertal_IMG_9479.jpg\"\n\t\t\t>\n\t\n\t\t<noscript><img loading=\"lazy\" decoding=\"async\" width=\"1240\" height=\"930\" data-skip-lazy src=\"https:\/\/vpdanses.fr\/wp-content\/uploads\/2025\/07\/2025-07-04.WDSF_Wuppertal_IMG_9479.jpg\" class=\"wp-image-13755\" alt=\"Comp\u00e9tition de Danse Sportive WDSF Wuppertal 2025 en Allemagne \u00e0 l&#039; Historische Stadthalle\" srcset=\"https:\/\/vpdanses.fr\/wp-content\/uploads\/2025\/07\/2025-07-04.WDSF_Wuppertal_IMG_9479.jpg 1240w, https:\/\/vpdanses.fr\/wp-content\/uploads\/2025\/07\/2025-07-04.WDSF_Wuppertal_IMG_9479-300x225.jpg 300w, https:\/\/vpdanses.fr\/wp-content\/uploads\/2025\/07\/2025-07-04.WDSF_Wuppertal_IMG_9479-1024x768.jpg 1024w, https:\/\/vpdanses.fr\/wp-content\/uploads\/2025\/07\/2025-07-04.WDSF_Wuppertal_IMG_9479-768x576.jpg 768w, https:\/\/vpdanses.fr\/wp-content\/uploads\/2025\/07\/2025-07-04.WDSF_Wuppertal_IMG_9479-500x375.jpg 500w, https:\/\/vpdanses.fr\/wp-content\/uploads\/2025\/07\/2025-07-04.WDSF_Wuppertal_IMG_9479-800x600.jpg 800w\" sizes=\"auto, (max-width: 1240px) 100vw, 1240px\" \/><\/noscript><img decoding=\"async\" width=\"1240\" height=\"930\" src=\"https:\/\/vpdanses.fr\/wp-content\/uploads\/2025\/07\/2025-07-04.WDSF_Wuppertal_IMG_9479.jpg\" class=\"wp-image-13755 vp-lazyload\" alt=\"Comp\u00e9tition de Danse Sportive WDSF Wuppertal 2025 en Allemagne \u00e0 l&#039; Historische Stadthalle\" srcset=\"data:image\/svg+xml;base64,PHN2ZyB3aWR0aD0iMTI0MCIgaGVpZ2h0PSI5MzAiIHZpZXdCb3g9IjAgMCAxMjQwIDkzMCIgZmlsbD0ibm9uZSIgeG1sbnM9Imh0dHA6Ly93d3cudzMub3JnLzIwMDAvc3ZnIj48L3N2Zz4=\" data-src=\"https:\/\/vpdanses.fr\/wp-content\/uploads\/2025\/07\/2025-07-04.WDSF_Wuppertal_IMG_9479.jpg\" data-srcset=\"https:\/\/vpdanses.fr\/wp-content\/uploads\/2025\/07\/2025-07-04.WDSF_Wuppertal_IMG_9479.jpg 1240w, https:\/\/vpdanses.fr\/wp-content\/uploads\/2025\/07\/2025-07-04.WDSF_Wuppertal_IMG_9479-300x225.jpg 300w, https:\/\/vpdanses.fr\/wp-content\/uploads\/2025\/07\/2025-07-04.WDSF_Wuppertal_IMG_9479-1024x768.jpg 1024w, https:\/\/vpdanses.fr\/wp-content\/uploads\/2025\/07\/2025-07-04.WDSF_Wuppertal_IMG_9479-768x576.jpg 768w, https:\/\/vpdanses.fr\/wp-content\/uploads\/2025\/07\/2025-07-04.WDSF_Wuppertal_IMG_9479-500x375.jpg 500w, https:\/\/vpdanses.fr\/wp-content\/uploads\/2025\/07\/2025-07-04.WDSF_Wuppertal_IMG_9479-800x600.jpg 800w\" data-sizes=\"auto\" loading=\"eager\">\n\t\t<div class=\"vp-portfolio__item-overlay\"><\/div>\n\n\t\t<\/a>\t<\/div>\n<\/div>\n\n\t<figcaption class=\"vp-portfolio__item-caption vp-portfolio__item-caption-text-align-center\">\n\t\t<div class=\"vp-portfolio__item-meta-wrap vp-portfolio__custom-scrollbar\">\n\t\t\t<div class=\"vp-portfolio__item-meta\">\n\t\t\t\t\n<h2 class=\"vp-portfolio__item-meta-title\">\n\t\t<a\n\t\thref=\"https:\/\/vpdanses.fr\/wp-content\/uploads\/2025\/07\/2025-07-04.WDSF_Wuppertal_IMG_9479.jpg\"\n\t\t\t>\n\tComp\u00e9tition de Danse Sportive WDSF Wuppertal 2025 en Allemagne \u00e0 l&rsquo; Historische Stadthalle<\/a><\/h2>\n\t\t\t<\/div>\n\t\t<\/div>\n\t<\/figcaption>\n\t\t\t<\/figure>\n\t\t\t\t\t<\/div>\n\t\t\n\t\t<div\t\tclass=\"vp-portfolio__item-wrap vp-portfolio__item-uid-e10422f1\" data-vp-filter=\"\" \t\t>\n\t\t\t<template class=\"vp-portfolio__item-popup\" data-vp-popup-img=\"https:\/\/vpdanses.fr\/wp-content\/uploads\/2025\/07\/2025-07-04.WDSF_Wuppertal_IMG_9480.jpg\" data-vp-popup-img-srcset=\"https:\/\/vpdanses.fr\/wp-content\/uploads\/2025\/07\/2025-07-04.WDSF_Wuppertal_IMG_9480.jpg 1240w, https:\/\/vpdanses.fr\/wp-content\/uploads\/2025\/07\/2025-07-04.WDSF_Wuppertal_IMG_9480-300x225.jpg 300w, https:\/\/vpdanses.fr\/wp-content\/uploads\/2025\/07\/2025-07-04.WDSF_Wuppertal_IMG_9480-1024x768.jpg 1024w, https:\/\/vpdanses.fr\/wp-content\/uploads\/2025\/07\/2025-07-04.WDSF_Wuppertal_IMG_9480-768x576.jpg 768w, https:\/\/vpdanses.fr\/wp-content\/uploads\/2025\/07\/2025-07-04.WDSF_Wuppertal_IMG_9480-500x375.jpg 500w, https:\/\/vpdanses.fr\/wp-content\/uploads\/2025\/07\/2025-07-04.WDSF_Wuppertal_IMG_9480-800x600.jpg 800w\" data-vp-popup-img-size=\"1240x930\" data-vp-popup-md-img=\"https:\/\/vpdanses.fr\/wp-content\/uploads\/2025\/07\/2025-07-04.WDSF_Wuppertal_IMG_9480-800x600.jpg\" data-vp-popup-md-img-size=\"800x600\" data-vp-popup-sm-img=\"https:\/\/vpdanses.fr\/wp-content\/uploads\/2025\/07\/2025-07-04.WDSF_Wuppertal_IMG_9480-500x375.jpg\" data-vp-popup-sm-img-size=\"500x375\">\n\t\t\t<h3 class=\"vp-portfolio__item-popup-title\">Comp\u00e9tition de Danse Sportive WDSF Wuppertal 2025 en Allemagne \u00e0 l&rsquo; Historische Stadthalle<\/h3>\n\t\t\t\t<div class=\"vp-portfolio__item-popup-description\">Comp\u00e9tition de Danse Sportive WDSF Wuppertal 2025 en Allemagne \u00e0 l&rsquo; Historische Stadthalle <\/div>\n\t\t<\/template>\n\t\t\t\t\t\t<figure class=\"vp-portfolio__item\">\n\t\t\t\t\n<div class=\"vp-portfolio__item-img-wrap\">\n\t<div class=\"vp-portfolio__item-img\">\n\t\t\t<a\n\t\thref=\"https:\/\/vpdanses.fr\/wp-content\/uploads\/2025\/07\/2025-07-04.WDSF_Wuppertal_IMG_9480.jpg\"\n\t\t\t>\n\t\n\t\t<noscript><img loading=\"lazy\" decoding=\"async\" width=\"1240\" height=\"930\" data-skip-lazy src=\"https:\/\/vpdanses.fr\/wp-content\/uploads\/2025\/07\/2025-07-04.WDSF_Wuppertal_IMG_9480.jpg\" class=\"wp-image-13756\" alt=\"Comp\u00e9tition de Danse Sportive WDSF Wuppertal 2025 en Allemagne \u00e0 l&#039; Historische Stadthalle\" srcset=\"https:\/\/vpdanses.fr\/wp-content\/uploads\/2025\/07\/2025-07-04.WDSF_Wuppertal_IMG_9480.jpg 1240w, https:\/\/vpdanses.fr\/wp-content\/uploads\/2025\/07\/2025-07-04.WDSF_Wuppertal_IMG_9480-300x225.jpg 300w, https:\/\/vpdanses.fr\/wp-content\/uploads\/2025\/07\/2025-07-04.WDSF_Wuppertal_IMG_9480-1024x768.jpg 1024w, https:\/\/vpdanses.fr\/wp-content\/uploads\/2025\/07\/2025-07-04.WDSF_Wuppertal_IMG_9480-768x576.jpg 768w, https:\/\/vpdanses.fr\/wp-content\/uploads\/2025\/07\/2025-07-04.WDSF_Wuppertal_IMG_9480-500x375.jpg 500w, https:\/\/vpdanses.fr\/wp-content\/uploads\/2025\/07\/2025-07-04.WDSF_Wuppertal_IMG_9480-800x600.jpg 800w\" sizes=\"auto, (max-width: 1240px) 100vw, 1240px\" \/><\/noscript><img decoding=\"async\" width=\"1240\" height=\"930\" src=\"https:\/\/vpdanses.fr\/wp-content\/uploads\/2025\/07\/2025-07-04.WDSF_Wuppertal_IMG_9480.jpg\" class=\"wp-image-13756 vp-lazyload\" alt=\"Comp\u00e9tition de Danse Sportive WDSF Wuppertal 2025 en Allemagne \u00e0 l&#039; Historische Stadthalle\" srcset=\"data:image\/svg+xml;base64,PHN2ZyB3aWR0aD0iMTI0MCIgaGVpZ2h0PSI5MzAiIHZpZXdCb3g9IjAgMCAxMjQwIDkzMCIgZmlsbD0ibm9uZSIgeG1sbnM9Imh0dHA6Ly93d3cudzMub3JnLzIwMDAvc3ZnIj48L3N2Zz4=\" data-src=\"https:\/\/vpdanses.fr\/wp-content\/uploads\/2025\/07\/2025-07-04.WDSF_Wuppertal_IMG_9480.jpg\" data-srcset=\"https:\/\/vpdanses.fr\/wp-content\/uploads\/2025\/07\/2025-07-04.WDSF_Wuppertal_IMG_9480.jpg 1240w, https:\/\/vpdanses.fr\/wp-content\/uploads\/2025\/07\/2025-07-04.WDSF_Wuppertal_IMG_9480-300x225.jpg 300w, https:\/\/vpdanses.fr\/wp-content\/uploads\/2025\/07\/2025-07-04.WDSF_Wuppertal_IMG_9480-1024x768.jpg 1024w, https:\/\/vpdanses.fr\/wp-content\/uploads\/2025\/07\/2025-07-04.WDSF_Wuppertal_IMG_9480-768x576.jpg 768w, https:\/\/vpdanses.fr\/wp-content\/uploads\/2025\/07\/2025-07-04.WDSF_Wuppertal_IMG_9480-500x375.jpg 500w, https:\/\/vpdanses.fr\/wp-content\/uploads\/2025\/07\/2025-07-04.WDSF_Wuppertal_IMG_9480-800x600.jpg 800w\" data-sizes=\"auto\" loading=\"eager\">\n\t\t<div class=\"vp-portfolio__item-overlay\"><\/div>\n\n\t\t<\/a>\t<\/div>\n<\/div>\n\n\t<figcaption class=\"vp-portfolio__item-caption vp-portfolio__item-caption-text-align-center\">\n\t\t<div class=\"vp-portfolio__item-meta-wrap vp-portfolio__custom-scrollbar\">\n\t\t\t<div class=\"vp-portfolio__item-meta\">\n\t\t\t\t\n<h2 class=\"vp-portfolio__item-meta-title\">\n\t\t<a\n\t\thref=\"https:\/\/vpdanses.fr\/wp-content\/uploads\/2025\/07\/2025-07-04.WDSF_Wuppertal_IMG_9480.jpg\"\n\t\t\t>\n\tComp\u00e9tition de Danse Sportive WDSF Wuppertal 2025 en Allemagne \u00e0 l&rsquo; Historische Stadthalle<\/a><\/h2>\n\t\t\t<\/div>\n\t\t<\/div>\n\t<\/figcaption>\n\t\t\t<\/figure>\n\t\t\t\t\t<\/div>\n\t\t\n\t\t<div\t\tclass=\"vp-portfolio__item-wrap vp-portfolio__item-uid-a5dea6a9\" data-vp-filter=\"\" \t\t>\n\t\t\t<template class=\"vp-portfolio__item-popup\" data-vp-popup-img=\"https:\/\/vpdanses.fr\/wp-content\/uploads\/2025\/07\/2025-07-04.WDSF_Wuppertal_IMG_9335.jpg\" data-vp-popup-img-srcset=\"https:\/\/vpdanses.fr\/wp-content\/uploads\/2025\/07\/2025-07-04.WDSF_Wuppertal_IMG_9335.jpg 1240w, https:\/\/vpdanses.fr\/wp-content\/uploads\/2025\/07\/2025-07-04.WDSF_Wuppertal_IMG_9335-300x225.jpg 300w, https:\/\/vpdanses.fr\/wp-content\/uploads\/2025\/07\/2025-07-04.WDSF_Wuppertal_IMG_9335-1024x768.jpg 1024w, https:\/\/vpdanses.fr\/wp-content\/uploads\/2025\/07\/2025-07-04.WDSF_Wuppertal_IMG_9335-768x576.jpg 768w, https:\/\/vpdanses.fr\/wp-content\/uploads\/2025\/07\/2025-07-04.WDSF_Wuppertal_IMG_9335-500x375.jpg 500w, https:\/\/vpdanses.fr\/wp-content\/uploads\/2025\/07\/2025-07-04.WDSF_Wuppertal_IMG_9335-800x600.jpg 800w\" data-vp-popup-img-size=\"1240x930\" data-vp-popup-md-img=\"https:\/\/vpdanses.fr\/wp-content\/uploads\/2025\/07\/2025-07-04.WDSF_Wuppertal_IMG_9335-800x600.jpg\" data-vp-popup-md-img-size=\"800x600\" data-vp-popup-sm-img=\"https:\/\/vpdanses.fr\/wp-content\/uploads\/2025\/07\/2025-07-04.WDSF_Wuppertal_IMG_9335-500x375.jpg\" data-vp-popup-sm-img-size=\"500x375\">\n\t\t\t<h3 class=\"vp-portfolio__item-popup-title\">Comp\u00e9tition de Danse Sportive WDSF Wuppertal 2025 en Allemagne \u00e0 l&rsquo; Historische Stadthalle<\/h3>\n\t\t\t\t<div class=\"vp-portfolio__item-popup-description\">Comp\u00e9tition de Danse Sportive WDSF Wuppertal 2025 en Allemagne \u00e0 l&rsquo; Historische Stadthalle <\/div>\n\t\t<\/template>\n\t\t\t\t\t\t<figure class=\"vp-portfolio__item\">\n\t\t\t\t\n<div class=\"vp-portfolio__item-img-wrap\">\n\t<div class=\"vp-portfolio__item-img\">\n\t\t\t<a\n\t\thref=\"https:\/\/vpdanses.fr\/wp-content\/uploads\/2025\/07\/2025-07-04.WDSF_Wuppertal_IMG_9335.jpg\"\n\t\t\t>\n\t\n\t\t<noscript><img loading=\"lazy\" decoding=\"async\" width=\"1240\" height=\"930\" data-skip-lazy src=\"https:\/\/vpdanses.fr\/wp-content\/uploads\/2025\/07\/2025-07-04.WDSF_Wuppertal_IMG_9335.jpg\" class=\"wp-image-13760\" alt=\"Comp\u00e9tition de Danse Sportive WDSF Wuppertal 2025 en Allemagne \u00e0 l&#039; Historische Stadthalle\" srcset=\"https:\/\/vpdanses.fr\/wp-content\/uploads\/2025\/07\/2025-07-04.WDSF_Wuppertal_IMG_9335.jpg 1240w, https:\/\/vpdanses.fr\/wp-content\/uploads\/2025\/07\/2025-07-04.WDSF_Wuppertal_IMG_9335-300x225.jpg 300w, https:\/\/vpdanses.fr\/wp-content\/uploads\/2025\/07\/2025-07-04.WDSF_Wuppertal_IMG_9335-1024x768.jpg 1024w, https:\/\/vpdanses.fr\/wp-content\/uploads\/2025\/07\/2025-07-04.WDSF_Wuppertal_IMG_9335-768x576.jpg 768w, https:\/\/vpdanses.fr\/wp-content\/uploads\/2025\/07\/2025-07-04.WDSF_Wuppertal_IMG_9335-500x375.jpg 500w, https:\/\/vpdanses.fr\/wp-content\/uploads\/2025\/07\/2025-07-04.WDSF_Wuppertal_IMG_9335-800x600.jpg 800w\" sizes=\"auto, (max-width: 1240px) 100vw, 1240px\" \/><\/noscript><img decoding=\"async\" width=\"1240\" height=\"930\" src=\"https:\/\/vpdanses.fr\/wp-content\/uploads\/2025\/07\/2025-07-04.WDSF_Wuppertal_IMG_9335.jpg\" class=\"wp-image-13760 vp-lazyload\" alt=\"Comp\u00e9tition de Danse Sportive WDSF Wuppertal 2025 en Allemagne \u00e0 l&#039; Historische Stadthalle\" srcset=\"data:image\/svg+xml;base64,PHN2ZyB3aWR0aD0iMTI0MCIgaGVpZ2h0PSI5MzAiIHZpZXdCb3g9IjAgMCAxMjQwIDkzMCIgZmlsbD0ibm9uZSIgeG1sbnM9Imh0dHA6Ly93d3cudzMub3JnLzIwMDAvc3ZnIj48L3N2Zz4=\" data-src=\"https:\/\/vpdanses.fr\/wp-content\/uploads\/2025\/07\/2025-07-04.WDSF_Wuppertal_IMG_9335.jpg\" data-srcset=\"https:\/\/vpdanses.fr\/wp-content\/uploads\/2025\/07\/2025-07-04.WDSF_Wuppertal_IMG_9335.jpg 1240w, https:\/\/vpdanses.fr\/wp-content\/uploads\/2025\/07\/2025-07-04.WDSF_Wuppertal_IMG_9335-300x225.jpg 300w, https:\/\/vpdanses.fr\/wp-content\/uploads\/2025\/07\/2025-07-04.WDSF_Wuppertal_IMG_9335-1024x768.jpg 1024w, https:\/\/vpdanses.fr\/wp-content\/uploads\/2025\/07\/2025-07-04.WDSF_Wuppertal_IMG_9335-768x576.jpg 768w, https:\/\/vpdanses.fr\/wp-content\/uploads\/2025\/07\/2025-07-04.WDSF_Wuppertal_IMG_9335-500x375.jpg 500w, https:\/\/vpdanses.fr\/wp-content\/uploads\/2025\/07\/2025-07-04.WDSF_Wuppertal_IMG_9335-800x600.jpg 800w\" data-sizes=\"auto\" loading=\"eager\">\n\t\t<div class=\"vp-portfolio__item-overlay\"><\/div>\n\n\t\t<\/a>\t<\/div>\n<\/div>\n\n\t<figcaption class=\"vp-portfolio__item-caption vp-portfolio__item-caption-text-align-center\">\n\t\t<div class=\"vp-portfolio__item-meta-wrap vp-portfolio__custom-scrollbar\">\n\t\t\t<div class=\"vp-portfolio__item-meta\">\n\t\t\t\t\n<h2 class=\"vp-portfolio__item-meta-title\">\n\t\t<a\n\t\thref=\"https:\/\/vpdanses.fr\/wp-content\/uploads\/2025\/07\/2025-07-04.WDSF_Wuppertal_IMG_9335.jpg\"\n\t\t\t>\n\tComp\u00e9tition de Danse Sportive WDSF Wuppertal 2025 en Allemagne \u00e0 l&rsquo; Historische Stadthalle<\/a><\/h2>\n\t\t\t<\/div>\n\t\t<\/div>\n\t<\/figcaption>\n\t\t\t<\/figure>\n\t\t\t\t\t<\/div>\n\t\t\n\t\t<div\t\tclass=\"vp-portfolio__item-wrap vp-portfolio__item-uid-f78b24b6\" data-vp-filter=\"\" \t\t>\n\t\t\t<template class=\"vp-portfolio__item-popup\" data-vp-popup-img=\"https:\/\/vpdanses.fr\/wp-content\/uploads\/2025\/07\/2025-07-04.WDSF_Wuppertal_IMG_9494_W1240.jpg\" data-vp-popup-img-srcset=\"https:\/\/vpdanses.fr\/wp-content\/uploads\/2025\/07\/2025-07-04.WDSF_Wuppertal_IMG_9494_W1240.jpg 1266w, https:\/\/vpdanses.fr\/wp-content\/uploads\/2025\/07\/2025-07-04.WDSF_Wuppertal_IMG_9494_W1240-300x225.jpg 300w, https:\/\/vpdanses.fr\/wp-content\/uploads\/2025\/07\/2025-07-04.WDSF_Wuppertal_IMG_9494_W1240-1024x768.jpg 1024w, https:\/\/vpdanses.fr\/wp-content\/uploads\/2025\/07\/2025-07-04.WDSF_Wuppertal_IMG_9494_W1240-768x576.jpg 768w, https:\/\/vpdanses.fr\/wp-content\/uploads\/2025\/07\/2025-07-04.WDSF_Wuppertal_IMG_9494_W1240-500x375.jpg 500w, https:\/\/vpdanses.fr\/wp-content\/uploads\/2025\/07\/2025-07-04.WDSF_Wuppertal_IMG_9494_W1240-800x600.jpg 800w\" data-vp-popup-img-size=\"1266x949\" data-vp-popup-md-img=\"https:\/\/vpdanses.fr\/wp-content\/uploads\/2025\/07\/2025-07-04.WDSF_Wuppertal_IMG_9494_W1240-800x600.jpg\" data-vp-popup-md-img-size=\"800x600\" data-vp-popup-sm-img=\"https:\/\/vpdanses.fr\/wp-content\/uploads\/2025\/07\/2025-07-04.WDSF_Wuppertal_IMG_9494_W1240-500x375.jpg\" data-vp-popup-sm-img-size=\"500x375\">\n\t\t\t<h3 class=\"vp-portfolio__item-popup-title\">Comp\u00e9tition de Danse Sportive WDSF Wuppertal 2025 en Allemagne \u00e0 l&rsquo; Historische Stadthalle<\/h3>\n\t\t\t\t<div class=\"vp-portfolio__item-popup-description\">Comp\u00e9tition de Danse Sportive WDSF Wuppertal 2025 en Allemagne \u00e0 l&rsquo; Historische Stadthalle <\/div>\n\t\t<\/template>\n\t\t\t\t\t\t<figure class=\"vp-portfolio__item\">\n\t\t\t\t\n<div class=\"vp-portfolio__item-img-wrap\">\n\t<div class=\"vp-portfolio__item-img\">\n\t\t\t<a\n\t\thref=\"https:\/\/vpdanses.fr\/wp-content\/uploads\/2025\/07\/2025-07-04.WDSF_Wuppertal_IMG_9494_W1240.jpg\"\n\t\t\t>\n\t\n\t\t<noscript><img loading=\"lazy\" decoding=\"async\" width=\"1266\" height=\"949\" data-skip-lazy src=\"https:\/\/vpdanses.fr\/wp-content\/uploads\/2025\/07\/2025-07-04.WDSF_Wuppertal_IMG_9494_W1240.jpg\" class=\"wp-image-13763\" alt=\"Comp\u00e9tition de Danse Sportive WDSF Wuppertal 2025 en Allemagne \u00e0 l&#039; Historische Stadthalle\" srcset=\"https:\/\/vpdanses.fr\/wp-content\/uploads\/2025\/07\/2025-07-04.WDSF_Wuppertal_IMG_9494_W1240.jpg 1266w, https:\/\/vpdanses.fr\/wp-content\/uploads\/2025\/07\/2025-07-04.WDSF_Wuppertal_IMG_9494_W1240-300x225.jpg 300w, https:\/\/vpdanses.fr\/wp-content\/uploads\/2025\/07\/2025-07-04.WDSF_Wuppertal_IMG_9494_W1240-1024x768.jpg 1024w, https:\/\/vpdanses.fr\/wp-content\/uploads\/2025\/07\/2025-07-04.WDSF_Wuppertal_IMG_9494_W1240-768x576.jpg 768w, https:\/\/vpdanses.fr\/wp-content\/uploads\/2025\/07\/2025-07-04.WDSF_Wuppertal_IMG_9494_W1240-500x375.jpg 500w, https:\/\/vpdanses.fr\/wp-content\/uploads\/2025\/07\/2025-07-04.WDSF_Wuppertal_IMG_9494_W1240-800x600.jpg 800w\" sizes=\"auto, (max-width: 1266px) 100vw, 1266px\" \/><\/noscript><img decoding=\"async\" width=\"1266\" height=\"949\" src=\"https:\/\/vpdanses.fr\/wp-content\/uploads\/2025\/07\/2025-07-04.WDSF_Wuppertal_IMG_9494_W1240.jpg\" class=\"wp-image-13763 vp-lazyload\" alt=\"Comp\u00e9tition de Danse Sportive WDSF Wuppertal 2025 en Allemagne \u00e0 l&#039; Historische Stadthalle\" srcset=\"data:image\/svg+xml;base64,PHN2ZyB3aWR0aD0iMTI2NiIgaGVpZ2h0PSI5NDkiIHZpZXdCb3g9IjAgMCAxMjY2IDk0OSIgZmlsbD0ibm9uZSIgeG1sbnM9Imh0dHA6Ly93d3cudzMub3JnLzIwMDAvc3ZnIj48L3N2Zz4=\" data-src=\"https:\/\/vpdanses.fr\/wp-content\/uploads\/2025\/07\/2025-07-04.WDSF_Wuppertal_IMG_9494_W1240.jpg\" data-srcset=\"https:\/\/vpdanses.fr\/wp-content\/uploads\/2025\/07\/2025-07-04.WDSF_Wuppertal_IMG_9494_W1240.jpg 1266w, https:\/\/vpdanses.fr\/wp-content\/uploads\/2025\/07\/2025-07-04.WDSF_Wuppertal_IMG_9494_W1240-300x225.jpg 300w, https:\/\/vpdanses.fr\/wp-content\/uploads\/2025\/07\/2025-07-04.WDSF_Wuppertal_IMG_9494_W1240-1024x768.jpg 1024w, https:\/\/vpdanses.fr\/wp-content\/uploads\/2025\/07\/2025-07-04.WDSF_Wuppertal_IMG_9494_W1240-768x576.jpg 768w, https:\/\/vpdanses.fr\/wp-content\/uploads\/2025\/07\/2025-07-04.WDSF_Wuppertal_IMG_9494_W1240-500x375.jpg 500w, https:\/\/vpdanses.fr\/wp-content\/uploads\/2025\/07\/2025-07-04.WDSF_Wuppertal_IMG_9494_W1240-800x600.jpg 800w\" data-sizes=\"auto\" loading=\"eager\">\n\t\t<div class=\"vp-portfolio__item-overlay\"><\/div>\n\n\t\t<\/a>\t<\/div>\n<\/div>\n\n\t<figcaption class=\"vp-portfolio__item-caption vp-portfolio__item-caption-text-align-center\">\n\t\t<div class=\"vp-portfolio__item-meta-wrap vp-portfolio__custom-scrollbar\">\n\t\t\t<div class=\"vp-portfolio__item-meta\">\n\t\t\t\t\n<h2 class=\"vp-portfolio__item-meta-title\">\n\t\t<a\n\t\thref=\"https:\/\/vpdanses.fr\/wp-content\/uploads\/2025\/07\/2025-07-04.WDSF_Wuppertal_IMG_9494_W1240.jpg\"\n\t\t\t>\n\tComp\u00e9tition de Danse Sportive WDSF Wuppertal 2025 en Allemagne \u00e0 l&rsquo; Historische Stadthalle<\/a><\/h2>\n\t\t\t<\/div>\n\t\t<\/div>\n\t<\/figcaption>\n\t\t\t<\/figure>\n\t\t\t\t\t<\/div>\n\t\t\n\t\t<div\t\tclass=\"vp-portfolio__item-wrap vp-portfolio__item-uid-74ea81ad\" data-vp-filter=\"\" \t\t>\n\t\t\t<template class=\"vp-portfolio__item-popup\" data-vp-popup-img=\"https:\/\/vpdanses.fr\/wp-content\/uploads\/2025\/07\/2025-07-03.BIG-FERNAND.IMG_9434_W1240.jpg\" data-vp-popup-img-srcset=\"https:\/\/vpdanses.fr\/wp-content\/uploads\/2025\/07\/2025-07-03.BIG-FERNAND.IMG_9434_W1240.jpg 1240w, https:\/\/vpdanses.fr\/wp-content\/uploads\/2025\/07\/2025-07-03.BIG-FERNAND.IMG_9434_W1240-300x225.jpg 300w, https:\/\/vpdanses.fr\/wp-content\/uploads\/2025\/07\/2025-07-03.BIG-FERNAND.IMG_9434_W1240-1024x768.jpg 1024w, https:\/\/vpdanses.fr\/wp-content\/uploads\/2025\/07\/2025-07-03.BIG-FERNAND.IMG_9434_W1240-768x576.jpg 768w, https:\/\/vpdanses.fr\/wp-content\/uploads\/2025\/07\/2025-07-03.BIG-FERNAND.IMG_9434_W1240-500x375.jpg 500w, https:\/\/vpdanses.fr\/wp-content\/uploads\/2025\/07\/2025-07-03.BIG-FERNAND.IMG_9434_W1240-800x600.jpg 800w\" data-vp-popup-img-size=\"1240x930\" data-vp-popup-md-img=\"https:\/\/vpdanses.fr\/wp-content\/uploads\/2025\/07\/2025-07-03.BIG-FERNAND.IMG_9434_W1240-800x600.jpg\" data-vp-popup-md-img-size=\"800x600\" data-vp-popup-sm-img=\"https:\/\/vpdanses.fr\/wp-content\/uploads\/2025\/07\/2025-07-03.BIG-FERNAND.IMG_9434_W1240-500x375.jpg\" data-vp-popup-sm-img-size=\"500x375\">\n\t\t\t<h3 class=\"vp-portfolio__item-popup-title\">2025-07-03.BIG-FERNAND.IMG_9434_W1240<\/h3>\n\t\t\t\t<div class=\"vp-portfolio__item-popup-description\">Un Hamburg\u00e9, c&rsquo;est comme un burger &#8230; MAIS EN BIEN MEILLEUR ! <\/div>\n\t\t<\/template>\n\t\t\t\t\t\t<figure class=\"vp-portfolio__item\">\n\t\t\t\t\n<div class=\"vp-portfolio__item-img-wrap\">\n\t<div class=\"vp-portfolio__item-img\">\n\t\t\t<a\n\t\thref=\"https:\/\/vpdanses.fr\/wp-content\/uploads\/2025\/07\/2025-07-03.BIG-FERNAND.IMG_9434_W1240.jpg\"\n\t\t\t>\n\t\n\t\t<noscript><img loading=\"lazy\" decoding=\"async\" width=\"1240\" height=\"930\" data-skip-lazy src=\"https:\/\/vpdanses.fr\/wp-content\/uploads\/2025\/07\/2025-07-03.BIG-FERNAND.IMG_9434_W1240.jpg\" class=\"wp-image-13764\" alt=\"Avant le d\u00e9part vers Wuppertal, Allemagne : Arr\u00eat chez BIG FERNAND au Vieux-Lille (59)\" srcset=\"https:\/\/vpdanses.fr\/wp-content\/uploads\/2025\/07\/2025-07-03.BIG-FERNAND.IMG_9434_W1240.jpg 1240w, https:\/\/vpdanses.fr\/wp-content\/uploads\/2025\/07\/2025-07-03.BIG-FERNAND.IMG_9434_W1240-300x225.jpg 300w, https:\/\/vpdanses.fr\/wp-content\/uploads\/2025\/07\/2025-07-03.BIG-FERNAND.IMG_9434_W1240-1024x768.jpg 1024w, https:\/\/vpdanses.fr\/wp-content\/uploads\/2025\/07\/2025-07-03.BIG-FERNAND.IMG_9434_W1240-768x576.jpg 768w, https:\/\/vpdanses.fr\/wp-content\/uploads\/2025\/07\/2025-07-03.BIG-FERNAND.IMG_9434_W1240-500x375.jpg 500w, https:\/\/vpdanses.fr\/wp-content\/uploads\/2025\/07\/2025-07-03.BIG-FERNAND.IMG_9434_W1240-800x600.jpg 800w\" sizes=\"auto, (max-width: 1240px) 100vw, 1240px\" \/><\/noscript><img decoding=\"async\" width=\"1240\" height=\"930\" src=\"https:\/\/vpdanses.fr\/wp-content\/uploads\/2025\/07\/2025-07-03.BIG-FERNAND.IMG_9434_W1240.jpg\" class=\"wp-image-13764 vp-lazyload\" alt=\"Avant le d\u00e9part vers Wuppertal, Allemagne : Arr\u00eat chez BIG FERNAND au Vieux-Lille (59)\" srcset=\"data:image\/svg+xml;base64,PHN2ZyB3aWR0aD0iMTI0MCIgaGVpZ2h0PSI5MzAiIHZpZXdCb3g9IjAgMCAxMjQwIDkzMCIgZmlsbD0ibm9uZSIgeG1sbnM9Imh0dHA6Ly93d3cudzMub3JnLzIwMDAvc3ZnIj48L3N2Zz4=\" data-src=\"https:\/\/vpdanses.fr\/wp-content\/uploads\/2025\/07\/2025-07-03.BIG-FERNAND.IMG_9434_W1240.jpg\" data-srcset=\"https:\/\/vpdanses.fr\/wp-content\/uploads\/2025\/07\/2025-07-03.BIG-FERNAND.IMG_9434_W1240.jpg 1240w, https:\/\/vpdanses.fr\/wp-content\/uploads\/2025\/07\/2025-07-03.BIG-FERNAND.IMG_9434_W1240-300x225.jpg 300w, https:\/\/vpdanses.fr\/wp-content\/uploads\/2025\/07\/2025-07-03.BIG-FERNAND.IMG_9434_W1240-1024x768.jpg 1024w, https:\/\/vpdanses.fr\/wp-content\/uploads\/2025\/07\/2025-07-03.BIG-FERNAND.IMG_9434_W1240-768x576.jpg 768w, https:\/\/vpdanses.fr\/wp-content\/uploads\/2025\/07\/2025-07-03.BIG-FERNAND.IMG_9434_W1240-500x375.jpg 500w, https:\/\/vpdanses.fr\/wp-content\/uploads\/2025\/07\/2025-07-03.BIG-FERNAND.IMG_9434_W1240-800x600.jpg 800w\" data-sizes=\"auto\" loading=\"eager\">\n\t\t<div class=\"vp-portfolio__item-overlay\"><\/div>\n\n\t\t<\/a>\t<\/div>\n<\/div>\n\n\t<figcaption class=\"vp-portfolio__item-caption vp-portfolio__item-caption-text-align-center\">\n\t\t<div class=\"vp-portfolio__item-meta-wrap vp-portfolio__custom-scrollbar\">\n\t\t\t<div class=\"vp-portfolio__item-meta\">\n\t\t\t\t\n<h2 class=\"vp-portfolio__item-meta-title\">\n\t\t<a\n\t\thref=\"https:\/\/vpdanses.fr\/wp-content\/uploads\/2025\/07\/2025-07-03.BIG-FERNAND.IMG_9434_W1240.jpg\"\n\t\t\t>\n\t2025-07-03.BIG-FERNAND.IMG_9434_W1240<\/a><\/h2>\n\t\t\t<\/div>\n\t\t<\/div>\n\t<\/figcaption>\n\t\t\t<\/figure>\n\t\t\t\t\t<\/div>\n\t\t\n\t\t<div\t\tclass=\"vp-portfolio__item-wrap vp-portfolio__item-uid-51b83324\" data-vp-filter=\"\" \t\t>\n\t\t\t<template class=\"vp-portfolio__item-popup\" data-vp-popup-img=\"https:\/\/vpdanses.fr\/wp-content\/uploads\/2025\/07\/2025-07-03.BIG-FERNAND.IMG_9430_W1240.jpg\" data-vp-popup-img-srcset=\"https:\/\/vpdanses.fr\/wp-content\/uploads\/2025\/07\/2025-07-03.BIG-FERNAND.IMG_9430_W1240.jpg 1240w, https:\/\/vpdanses.fr\/wp-content\/uploads\/2025\/07\/2025-07-03.BIG-FERNAND.IMG_9430_W1240-300x225.jpg 300w, https:\/\/vpdanses.fr\/wp-content\/uploads\/2025\/07\/2025-07-03.BIG-FERNAND.IMG_9430_W1240-1024x768.jpg 1024w, https:\/\/vpdanses.fr\/wp-content\/uploads\/2025\/07\/2025-07-03.BIG-FERNAND.IMG_9430_W1240-768x576.jpg 768w, https:\/\/vpdanses.fr\/wp-content\/uploads\/2025\/07\/2025-07-03.BIG-FERNAND.IMG_9430_W1240-500x375.jpg 500w, https:\/\/vpdanses.fr\/wp-content\/uploads\/2025\/07\/2025-07-03.BIG-FERNAND.IMG_9430_W1240-800x600.jpg 800w\" data-vp-popup-img-size=\"1240x930\" data-vp-popup-md-img=\"https:\/\/vpdanses.fr\/wp-content\/uploads\/2025\/07\/2025-07-03.BIG-FERNAND.IMG_9430_W1240-800x600.jpg\" data-vp-popup-md-img-size=\"800x600\" data-vp-popup-sm-img=\"https:\/\/vpdanses.fr\/wp-content\/uploads\/2025\/07\/2025-07-03.BIG-FERNAND.IMG_9430_W1240-500x375.jpg\" data-vp-popup-sm-img-size=\"500x375\">\n\t\t\t<h3 class=\"vp-portfolio__item-popup-title\">Avant le d\u00e9part vers Wuppertal, Allemagne : Arr\u00eat chez BIG FERNAND au Vieux-Lille (59)<\/h3>\n\t\t\t\t<div class=\"vp-portfolio__item-popup-description\">Un Hamburg\u00e9, c&rsquo;est comme un burger &#8230; MAIS EN BIEN MEILLEUR ! <\/div>\n\t\t<\/template>\n\t\t\t\t\t\t<figure class=\"vp-portfolio__item\">\n\t\t\t\t\n<div class=\"vp-portfolio__item-img-wrap\">\n\t<div class=\"vp-portfolio__item-img\">\n\t\t\t<a\n\t\thref=\"https:\/\/vpdanses.fr\/wp-content\/uploads\/2025\/07\/2025-07-03.BIG-FERNAND.IMG_9430_W1240.jpg\"\n\t\t\t>\n\t\n\t\t<noscript><img loading=\"lazy\" decoding=\"async\" width=\"1240\" height=\"930\" data-skip-lazy src=\"https:\/\/vpdanses.fr\/wp-content\/uploads\/2025\/07\/2025-07-03.BIG-FERNAND.IMG_9430_W1240.jpg\" class=\"wp-image-13766\" alt=\"Avant le d\u00e9part vers Wuppertal, Allemagne : Arr\u00eat chez BIG FERNAND au Vieux-Lille (59)\" srcset=\"https:\/\/vpdanses.fr\/wp-content\/uploads\/2025\/07\/2025-07-03.BIG-FERNAND.IMG_9430_W1240.jpg 1240w, https:\/\/vpdanses.fr\/wp-content\/uploads\/2025\/07\/2025-07-03.BIG-FERNAND.IMG_9430_W1240-300x225.jpg 300w, https:\/\/vpdanses.fr\/wp-content\/uploads\/2025\/07\/2025-07-03.BIG-FERNAND.IMG_9430_W1240-1024x768.jpg 1024w, https:\/\/vpdanses.fr\/wp-content\/uploads\/2025\/07\/2025-07-03.BIG-FERNAND.IMG_9430_W1240-768x576.jpg 768w, https:\/\/vpdanses.fr\/wp-content\/uploads\/2025\/07\/2025-07-03.BIG-FERNAND.IMG_9430_W1240-500x375.jpg 500w, https:\/\/vpdanses.fr\/wp-content\/uploads\/2025\/07\/2025-07-03.BIG-FERNAND.IMG_9430_W1240-800x600.jpg 800w\" sizes=\"auto, (max-width: 1240px) 100vw, 1240px\" \/><\/noscript><img decoding=\"async\" width=\"1240\" height=\"930\" src=\"https:\/\/vpdanses.fr\/wp-content\/uploads\/2025\/07\/2025-07-03.BIG-FERNAND.IMG_9430_W1240.jpg\" class=\"wp-image-13766 vp-lazyload\" alt=\"Avant le d\u00e9part vers Wuppertal, Allemagne : Arr\u00eat chez BIG FERNAND au Vieux-Lille (59)\" srcset=\"data:image\/svg+xml;base64,PHN2ZyB3aWR0aD0iMTI0MCIgaGVpZ2h0PSI5MzAiIHZpZXdCb3g9IjAgMCAxMjQwIDkzMCIgZmlsbD0ibm9uZSIgeG1sbnM9Imh0dHA6Ly93d3cudzMub3JnLzIwMDAvc3ZnIj48L3N2Zz4=\" data-src=\"https:\/\/vpdanses.fr\/wp-content\/uploads\/2025\/07\/2025-07-03.BIG-FERNAND.IMG_9430_W1240.jpg\" data-srcset=\"https:\/\/vpdanses.fr\/wp-content\/uploads\/2025\/07\/2025-07-03.BIG-FERNAND.IMG_9430_W1240.jpg 1240w, https:\/\/vpdanses.fr\/wp-content\/uploads\/2025\/07\/2025-07-03.BIG-FERNAND.IMG_9430_W1240-300x225.jpg 300w, https:\/\/vpdanses.fr\/wp-content\/uploads\/2025\/07\/2025-07-03.BIG-FERNAND.IMG_9430_W1240-1024x768.jpg 1024w, https:\/\/vpdanses.fr\/wp-content\/uploads\/2025\/07\/2025-07-03.BIG-FERNAND.IMG_9430_W1240-768x576.jpg 768w, https:\/\/vpdanses.fr\/wp-content\/uploads\/2025\/07\/2025-07-03.BIG-FERNAND.IMG_9430_W1240-500x375.jpg 500w, https:\/\/vpdanses.fr\/wp-content\/uploads\/2025\/07\/2025-07-03.BIG-FERNAND.IMG_9430_W1240-800x600.jpg 800w\" data-sizes=\"auto\" loading=\"eager\">\n\t\t<div class=\"vp-portfolio__item-overlay\"><\/div>\n\n\t\t<\/a>\t<\/div>\n<\/div>\n\n\t<figcaption class=\"vp-portfolio__item-caption vp-portfolio__item-caption-text-align-center\">\n\t\t<div class=\"vp-portfolio__item-meta-wrap vp-portfolio__custom-scrollbar\">\n\t\t\t<div class=\"vp-portfolio__item-meta\">\n\t\t\t\t\n<h2 class=\"vp-portfolio__item-meta-title\">\n\t\t<a\n\t\thref=\"https:\/\/vpdanses.fr\/wp-content\/uploads\/2025\/07\/2025-07-03.BIG-FERNAND.IMG_9430_W1240.jpg\"\n\t\t\t>\n\tAvant le d\u00e9part vers Wuppertal, Allemagne : Arr\u00eat chez BIG FERNAND au Vieux-Lille (59)<\/a><\/h2>\n\t\t\t<\/div>\n\t\t<\/div>\n\t<\/figcaption>\n\t\t\t<\/figure>\n\t\t\t\t\t<\/div>\n\t\t\n\t\t<div\t\tclass=\"vp-portfolio__item-wrap vp-portfolio__item-uid-a02b711c\" data-vp-filter=\"\" \t\t>\n\t\t\t<template class=\"vp-portfolio__item-popup\" data-vp-popup-img=\"https:\/\/vpdanses.fr\/wp-content\/uploads\/2025\/07\/2025-07-03.BIG-FERNAND.IMG_9426_W1240.jpg\" data-vp-popup-img-srcset=\"https:\/\/vpdanses.fr\/wp-content\/uploads\/2025\/07\/2025-07-03.BIG-FERNAND.IMG_9426_W1240.jpg 1240w, https:\/\/vpdanses.fr\/wp-content\/uploads\/2025\/07\/2025-07-03.BIG-FERNAND.IMG_9426_W1240-300x225.jpg 300w, https:\/\/vpdanses.fr\/wp-content\/uploads\/2025\/07\/2025-07-03.BIG-FERNAND.IMG_9426_W1240-1024x768.jpg 1024w, https:\/\/vpdanses.fr\/wp-content\/uploads\/2025\/07\/2025-07-03.BIG-FERNAND.IMG_9426_W1240-768x576.jpg 768w, https:\/\/vpdanses.fr\/wp-content\/uploads\/2025\/07\/2025-07-03.BIG-FERNAND.IMG_9426_W1240-500x375.jpg 500w, https:\/\/vpdanses.fr\/wp-content\/uploads\/2025\/07\/2025-07-03.BIG-FERNAND.IMG_9426_W1240-800x600.jpg 800w\" data-vp-popup-img-size=\"1240x930\" data-vp-popup-md-img=\"https:\/\/vpdanses.fr\/wp-content\/uploads\/2025\/07\/2025-07-03.BIG-FERNAND.IMG_9426_W1240-800x600.jpg\" data-vp-popup-md-img-size=\"800x600\" data-vp-popup-sm-img=\"https:\/\/vpdanses.fr\/wp-content\/uploads\/2025\/07\/2025-07-03.BIG-FERNAND.IMG_9426_W1240-500x375.jpg\" data-vp-popup-sm-img-size=\"500x375\">\n\t\t\t<h3 class=\"vp-portfolio__item-popup-title\">Avant le d\u00e9part vers Wuppertal, Allemagne : Arr\u00eat chez BIG FERNAND au Vieux-Lille (59)<\/h3>\n\t\t\t\t<div class=\"vp-portfolio__item-popup-description\">Un Hamburg\u00e9, c&rsquo;est comme un burger &#8230; MAIS EN BIEN MEILLEUR ! <\/div>\n\t\t<\/template>\n\t\t\t\t\t\t<figure class=\"vp-portfolio__item\">\n\t\t\t\t\n<div class=\"vp-portfolio__item-img-wrap\">\n\t<div class=\"vp-portfolio__item-img\">\n\t\t\t<a\n\t\thref=\"https:\/\/vpdanses.fr\/wp-content\/uploads\/2025\/07\/2025-07-03.BIG-FERNAND.IMG_9426_W1240.jpg\"\n\t\t\t>\n\t\n\t\t<noscript><img loading=\"lazy\" decoding=\"async\" width=\"1240\" height=\"930\" data-skip-lazy src=\"https:\/\/vpdanses.fr\/wp-content\/uploads\/2025\/07\/2025-07-03.BIG-FERNAND.IMG_9426_W1240.jpg\" class=\"wp-image-13767\" alt=\"Avant le d\u00e9part vers Wuppertal, Allemagne : Arr\u00eat chez BIG FERNAND au Vieux-Lille (59)\" srcset=\"https:\/\/vpdanses.fr\/wp-content\/uploads\/2025\/07\/2025-07-03.BIG-FERNAND.IMG_9426_W1240.jpg 1240w, https:\/\/vpdanses.fr\/wp-content\/uploads\/2025\/07\/2025-07-03.BIG-FERNAND.IMG_9426_W1240-300x225.jpg 300w, https:\/\/vpdanses.fr\/wp-content\/uploads\/2025\/07\/2025-07-03.BIG-FERNAND.IMG_9426_W1240-1024x768.jpg 1024w, https:\/\/vpdanses.fr\/wp-content\/uploads\/2025\/07\/2025-07-03.BIG-FERNAND.IMG_9426_W1240-768x576.jpg 768w, https:\/\/vpdanses.fr\/wp-content\/uploads\/2025\/07\/2025-07-03.BIG-FERNAND.IMG_9426_W1240-500x375.jpg 500w, https:\/\/vpdanses.fr\/wp-content\/uploads\/2025\/07\/2025-07-03.BIG-FERNAND.IMG_9426_W1240-800x600.jpg 800w\" sizes=\"auto, (max-width: 1240px) 100vw, 1240px\" \/><\/noscript><img decoding=\"async\" width=\"1240\" height=\"930\" src=\"https:\/\/vpdanses.fr\/wp-content\/uploads\/2025\/07\/2025-07-03.BIG-FERNAND.IMG_9426_W1240.jpg\" class=\"wp-image-13767 vp-lazyload\" alt=\"Avant le d\u00e9part vers Wuppertal, Allemagne : Arr\u00eat chez BIG FERNAND au Vieux-Lille (59)\" srcset=\"data:image\/svg+xml;base64,PHN2ZyB3aWR0aD0iMTI0MCIgaGVpZ2h0PSI5MzAiIHZpZXdCb3g9IjAgMCAxMjQwIDkzMCIgZmlsbD0ibm9uZSIgeG1sbnM9Imh0dHA6Ly93d3cudzMub3JnLzIwMDAvc3ZnIj48L3N2Zz4=\" data-src=\"https:\/\/vpdanses.fr\/wp-content\/uploads\/2025\/07\/2025-07-03.BIG-FERNAND.IMG_9426_W1240.jpg\" data-srcset=\"https:\/\/vpdanses.fr\/wp-content\/uploads\/2025\/07\/2025-07-03.BIG-FERNAND.IMG_9426_W1240.jpg 1240w, https:\/\/vpdanses.fr\/wp-content\/uploads\/2025\/07\/2025-07-03.BIG-FERNAND.IMG_9426_W1240-300x225.jpg 300w, https:\/\/vpdanses.fr\/wp-content\/uploads\/2025\/07\/2025-07-03.BIG-FERNAND.IMG_9426_W1240-1024x768.jpg 1024w, https:\/\/vpdanses.fr\/wp-content\/uploads\/2025\/07\/2025-07-03.BIG-FERNAND.IMG_9426_W1240-768x576.jpg 768w, https:\/\/vpdanses.fr\/wp-content\/uploads\/2025\/07\/2025-07-03.BIG-FERNAND.IMG_9426_W1240-500x375.jpg 500w, https:\/\/vpdanses.fr\/wp-content\/uploads\/2025\/07\/2025-07-03.BIG-FERNAND.IMG_9426_W1240-800x600.jpg 800w\" data-sizes=\"auto\" loading=\"eager\">\n\t\t<div class=\"vp-portfolio__item-overlay\"><\/div>\n\n\t\t<\/a>\t<\/div>\n<\/div>\n\n\t<figcaption class=\"vp-portfolio__item-caption vp-portfolio__item-caption-text-align-center\">\n\t\t<div class=\"vp-portfolio__item-meta-wrap vp-portfolio__custom-scrollbar\">\n\t\t\t<div class=\"vp-portfolio__item-meta\">\n\t\t\t\t\n<h2 class=\"vp-portfolio__item-meta-title\">\n\t\t<a\n\t\thref=\"https:\/\/vpdanses.fr\/wp-content\/uploads\/2025\/07\/2025-07-03.BIG-FERNAND.IMG_9426_W1240.jpg\"\n\t\t\t>\n\tAvant le d\u00e9part vers Wuppertal, Allemagne : Arr\u00eat chez BIG FERNAND au Vieux-Lille (59)<\/a><\/h2>\n\t\t\t<\/div>\n\t\t<\/div>\n\t<\/figcaption>\n\t\t\t<\/figure>\n\t\t\t\t\t<\/div>\n\t\t\n\t\t<div\t\tclass=\"vp-portfolio__item-wrap vp-portfolio__item-uid-fbc8bf28\" data-vp-filter=\"\" \t\t>\n\t\t\t<template class=\"vp-portfolio__item-popup\" data-vp-popup-img=\"https:\/\/vpdanses.fr\/wp-content\/uploads\/2025\/07\/2025-07-03.BIG-FERNAND.IMG_9425_W1240.jpg\" data-vp-popup-img-srcset=\"https:\/\/vpdanses.fr\/wp-content\/uploads\/2025\/07\/2025-07-03.BIG-FERNAND.IMG_9425_W1240.jpg 1240w, https:\/\/vpdanses.fr\/wp-content\/uploads\/2025\/07\/2025-07-03.BIG-FERNAND.IMG_9425_W1240-300x225.jpg 300w, https:\/\/vpdanses.fr\/wp-content\/uploads\/2025\/07\/2025-07-03.BIG-FERNAND.IMG_9425_W1240-1024x768.jpg 1024w, https:\/\/vpdanses.fr\/wp-content\/uploads\/2025\/07\/2025-07-03.BIG-FERNAND.IMG_9425_W1240-768x576.jpg 768w, https:\/\/vpdanses.fr\/wp-content\/uploads\/2025\/07\/2025-07-03.BIG-FERNAND.IMG_9425_W1240-500x375.jpg 500w, https:\/\/vpdanses.fr\/wp-content\/uploads\/2025\/07\/2025-07-03.BIG-FERNAND.IMG_9425_W1240-800x600.jpg 800w\" data-vp-popup-img-size=\"1240x930\" data-vp-popup-md-img=\"https:\/\/vpdanses.fr\/wp-content\/uploads\/2025\/07\/2025-07-03.BIG-FERNAND.IMG_9425_W1240-800x600.jpg\" data-vp-popup-md-img-size=\"800x600\" data-vp-popup-sm-img=\"https:\/\/vpdanses.fr\/wp-content\/uploads\/2025\/07\/2025-07-03.BIG-FERNAND.IMG_9425_W1240-500x375.jpg\" data-vp-popup-sm-img-size=\"500x375\">\n\t\t\t<h3 class=\"vp-portfolio__item-popup-title\">Avant le d\u00e9part vers Wuppertal, Allemagne : Arr\u00eat chez BIG FERNAND au Vieux-Lille (59)<\/h3>\n\t\t\t\t<div class=\"vp-portfolio__item-popup-description\">Un Hamburg\u00e9, c&rsquo;est comme un burger &#8230; MAIS EN BIEN MEILLEUR ! <\/div>\n\t\t<\/template>\n\t\t\t\t\t\t<figure class=\"vp-portfolio__item\">\n\t\t\t\t\n<div class=\"vp-portfolio__item-img-wrap\">\n\t<div class=\"vp-portfolio__item-img\">\n\t\t\t<a\n\t\thref=\"https:\/\/vpdanses.fr\/wp-content\/uploads\/2025\/07\/2025-07-03.BIG-FERNAND.IMG_9425_W1240.jpg\"\n\t\t\t>\n\t\n\t\t<noscript><img loading=\"lazy\" decoding=\"async\" width=\"1240\" height=\"930\" data-skip-lazy src=\"https:\/\/vpdanses.fr\/wp-content\/uploads\/2025\/07\/2025-07-03.BIG-FERNAND.IMG_9425_W1240.jpg\" class=\"wp-image-13768\" alt=\"Avant le d\u00e9part vers Wuppertal, Allemagne : Arr\u00eat chez BIG FERNAND au Vieux-Lille (59)\" srcset=\"https:\/\/vpdanses.fr\/wp-content\/uploads\/2025\/07\/2025-07-03.BIG-FERNAND.IMG_9425_W1240.jpg 1240w, https:\/\/vpdanses.fr\/wp-content\/uploads\/2025\/07\/2025-07-03.BIG-FERNAND.IMG_9425_W1240-300x225.jpg 300w, https:\/\/vpdanses.fr\/wp-content\/uploads\/2025\/07\/2025-07-03.BIG-FERNAND.IMG_9425_W1240-1024x768.jpg 1024w, https:\/\/vpdanses.fr\/wp-content\/uploads\/2025\/07\/2025-07-03.BIG-FERNAND.IMG_9425_W1240-768x576.jpg 768w, https:\/\/vpdanses.fr\/wp-content\/uploads\/2025\/07\/2025-07-03.BIG-FERNAND.IMG_9425_W1240-500x375.jpg 500w, https:\/\/vpdanses.fr\/wp-content\/uploads\/2025\/07\/2025-07-03.BIG-FERNAND.IMG_9425_W1240-800x600.jpg 800w\" sizes=\"auto, (max-width: 1240px) 100vw, 1240px\" \/><\/noscript><img decoding=\"async\" width=\"1240\" height=\"930\" src=\"https:\/\/vpdanses.fr\/wp-content\/uploads\/2025\/07\/2025-07-03.BIG-FERNAND.IMG_9425_W1240.jpg\" class=\"wp-image-13768 vp-lazyload\" alt=\"Avant le d\u00e9part vers Wuppertal, Allemagne : Arr\u00eat chez BIG FERNAND au Vieux-Lille (59)\" srcset=\"data:image\/svg+xml;base64,PHN2ZyB3aWR0aD0iMTI0MCIgaGVpZ2h0PSI5MzAiIHZpZXdCb3g9IjAgMCAxMjQwIDkzMCIgZmlsbD0ibm9uZSIgeG1sbnM9Imh0dHA6Ly93d3cudzMub3JnLzIwMDAvc3ZnIj48L3N2Zz4=\" data-src=\"https:\/\/vpdanses.fr\/wp-content\/uploads\/2025\/07\/2025-07-03.BIG-FERNAND.IMG_9425_W1240.jpg\" data-srcset=\"https:\/\/vpdanses.fr\/wp-content\/uploads\/2025\/07\/2025-07-03.BIG-FERNAND.IMG_9425_W1240.jpg 1240w, https:\/\/vpdanses.fr\/wp-content\/uploads\/2025\/07\/2025-07-03.BIG-FERNAND.IMG_9425_W1240-300x225.jpg 300w, https:\/\/vpdanses.fr\/wp-content\/uploads\/2025\/07\/2025-07-03.BIG-FERNAND.IMG_9425_W1240-1024x768.jpg 1024w, https:\/\/vpdanses.fr\/wp-content\/uploads\/2025\/07\/2025-07-03.BIG-FERNAND.IMG_9425_W1240-768x576.jpg 768w, https:\/\/vpdanses.fr\/wp-content\/uploads\/2025\/07\/2025-07-03.BIG-FERNAND.IMG_9425_W1240-500x375.jpg 500w, https:\/\/vpdanses.fr\/wp-content\/uploads\/2025\/07\/2025-07-03.BIG-FERNAND.IMG_9425_W1240-800x600.jpg 800w\" data-sizes=\"auto\" loading=\"eager\">\n\t\t<div class=\"vp-portfolio__item-overlay\"><\/div>\n\n\t\t<\/a>\t<\/div>\n<\/div>\n\n\t<figcaption class=\"vp-portfolio__item-caption vp-portfolio__item-caption-text-align-center\">\n\t\t<div class=\"vp-portfolio__item-meta-wrap vp-portfolio__custom-scrollbar\">\n\t\t\t<div class=\"vp-portfolio__item-meta\">\n\t\t\t\t\n<h2 class=\"vp-portfolio__item-meta-title\">\n\t\t<a\n\t\thref=\"https:\/\/vpdanses.fr\/wp-content\/uploads\/2025\/07\/2025-07-03.BIG-FERNAND.IMG_9425_W1240.jpg\"\n\t\t\t>\n\tAvant le d\u00e9part vers Wuppertal, Allemagne : Arr\u00eat chez BIG FERNAND au Vieux-Lille (59)<\/a><\/h2>\n\t\t\t<\/div>\n\t\t<\/div>\n\t<\/figcaption>\n\t\t\t<\/figure>\n\t\t\t\t\t<\/div>\n\t\t\n\t\t<div\t\tclass=\"vp-portfolio__item-wrap vp-portfolio__item-uid-7d993d6b\" data-vp-filter=\"\" \t\t>\n\t\t\t<template class=\"vp-portfolio__item-popup\" data-vp-popup-img=\"https:\/\/vpdanses.fr\/wp-content\/uploads\/2025\/07\/2025-07-03.BIG-FERNAND.IMG_9420_W1240.jpg\" data-vp-popup-img-srcset=\"https:\/\/vpdanses.fr\/wp-content\/uploads\/2025\/07\/2025-07-03.BIG-FERNAND.IMG_9420_W1240.jpg 1240w, https:\/\/vpdanses.fr\/wp-content\/uploads\/2025\/07\/2025-07-03.BIG-FERNAND.IMG_9420_W1240-300x225.jpg 300w, https:\/\/vpdanses.fr\/wp-content\/uploads\/2025\/07\/2025-07-03.BIG-FERNAND.IMG_9420_W1240-1024x768.jpg 1024w, https:\/\/vpdanses.fr\/wp-content\/uploads\/2025\/07\/2025-07-03.BIG-FERNAND.IMG_9420_W1240-768x576.jpg 768w, https:\/\/vpdanses.fr\/wp-content\/uploads\/2025\/07\/2025-07-03.BIG-FERNAND.IMG_9420_W1240-500x375.jpg 500w, https:\/\/vpdanses.fr\/wp-content\/uploads\/2025\/07\/2025-07-03.BIG-FERNAND.IMG_9420_W1240-800x600.jpg 800w\" data-vp-popup-img-size=\"1240x930\" data-vp-popup-md-img=\"https:\/\/vpdanses.fr\/wp-content\/uploads\/2025\/07\/2025-07-03.BIG-FERNAND.IMG_9420_W1240-800x600.jpg\" data-vp-popup-md-img-size=\"800x600\" data-vp-popup-sm-img=\"https:\/\/vpdanses.fr\/wp-content\/uploads\/2025\/07\/2025-07-03.BIG-FERNAND.IMG_9420_W1240-500x375.jpg\" data-vp-popup-sm-img-size=\"500x375\">\n\t\t\t<h3 class=\"vp-portfolio__item-popup-title\">Avant le d\u00e9part vers Wuppertal, Allemagne : Arr\u00eat chez BIG FERNAND au Vieux-Lille (59)<\/h3>\n\t\t\t\t<div class=\"vp-portfolio__item-popup-description\">Un Hamburg\u00e9, c&rsquo;est comme un burger &#8230; MAIS EN BIEN MEILLEUR ! <\/div>\n\t\t<\/template>\n\t\t\t\t\t\t<figure class=\"vp-portfolio__item\">\n\t\t\t\t\n<div class=\"vp-portfolio__item-img-wrap\">\n\t<div class=\"vp-portfolio__item-img\">\n\t\t\t<a\n\t\thref=\"https:\/\/vpdanses.fr\/wp-content\/uploads\/2025\/07\/2025-07-03.BIG-FERNAND.IMG_9420_W1240.jpg\"\n\t\t\t>\n\t\n\t\t<noscript><img loading=\"lazy\" decoding=\"async\" width=\"1240\" height=\"930\" data-skip-lazy src=\"https:\/\/vpdanses.fr\/wp-content\/uploads\/2025\/07\/2025-07-03.BIG-FERNAND.IMG_9420_W1240.jpg\" class=\"wp-image-13769\" alt=\"Avant le d\u00e9part vers Wuppertal, Allemagne : Arr\u00eat chez BIG FERNAND au Vieux-Lille (59)\" srcset=\"https:\/\/vpdanses.fr\/wp-content\/uploads\/2025\/07\/2025-07-03.BIG-FERNAND.IMG_9420_W1240.jpg 1240w, https:\/\/vpdanses.fr\/wp-content\/uploads\/2025\/07\/2025-07-03.BIG-FERNAND.IMG_9420_W1240-300x225.jpg 300w, https:\/\/vpdanses.fr\/wp-content\/uploads\/2025\/07\/2025-07-03.BIG-FERNAND.IMG_9420_W1240-1024x768.jpg 1024w, https:\/\/vpdanses.fr\/wp-content\/uploads\/2025\/07\/2025-07-03.BIG-FERNAND.IMG_9420_W1240-768x576.jpg 768w, https:\/\/vpdanses.fr\/wp-content\/uploads\/2025\/07\/2025-07-03.BIG-FERNAND.IMG_9420_W1240-500x375.jpg 500w, https:\/\/vpdanses.fr\/wp-content\/uploads\/2025\/07\/2025-07-03.BIG-FERNAND.IMG_9420_W1240-800x600.jpg 800w\" sizes=\"auto, (max-width: 1240px) 100vw, 1240px\" \/><\/noscript><img decoding=\"async\" width=\"1240\" height=\"930\" src=\"https:\/\/vpdanses.fr\/wp-content\/uploads\/2025\/07\/2025-07-03.BIG-FERNAND.IMG_9420_W1240.jpg\" class=\"wp-image-13769 vp-lazyload\" alt=\"Avant le d\u00e9part vers Wuppertal, Allemagne : Arr\u00eat chez BIG FERNAND au Vieux-Lille (59)\" srcset=\"data:image\/svg+xml;base64,PHN2ZyB3aWR0aD0iMTI0MCIgaGVpZ2h0PSI5MzAiIHZpZXdCb3g9IjAgMCAxMjQwIDkzMCIgZmlsbD0ibm9uZSIgeG1sbnM9Imh0dHA6Ly93d3cudzMub3JnLzIwMDAvc3ZnIj48L3N2Zz4=\" data-src=\"https:\/\/vpdanses.fr\/wp-content\/uploads\/2025\/07\/2025-07-03.BIG-FERNAND.IMG_9420_W1240.jpg\" data-srcset=\"https:\/\/vpdanses.fr\/wp-content\/uploads\/2025\/07\/2025-07-03.BIG-FERNAND.IMG_9420_W1240.jpg 1240w, https:\/\/vpdanses.fr\/wp-content\/uploads\/2025\/07\/2025-07-03.BIG-FERNAND.IMG_9420_W1240-300x225.jpg 300w, https:\/\/vpdanses.fr\/wp-content\/uploads\/2025\/07\/2025-07-03.BIG-FERNAND.IMG_9420_W1240-1024x768.jpg 1024w, https:\/\/vpdanses.fr\/wp-content\/uploads\/2025\/07\/2025-07-03.BIG-FERNAND.IMG_9420_W1240-768x576.jpg 768w, https:\/\/vpdanses.fr\/wp-content\/uploads\/2025\/07\/2025-07-03.BIG-FERNAND.IMG_9420_W1240-500x375.jpg 500w, https:\/\/vpdanses.fr\/wp-content\/uploads\/2025\/07\/2025-07-03.BIG-FERNAND.IMG_9420_W1240-800x600.jpg 800w\" data-sizes=\"auto\" loading=\"eager\">\n\t\t<div class=\"vp-portfolio__item-overlay\"><\/div>\n\n\t\t<\/a>\t<\/div>\n<\/div>\n\n\t<figcaption class=\"vp-portfolio__item-caption vp-portfolio__item-caption-text-align-center\">\n\t\t<div class=\"vp-portfolio__item-meta-wrap vp-portfolio__custom-scrollbar\">\n\t\t\t<div class=\"vp-portfolio__item-meta\">\n\t\t\t\t\n<h2 class=\"vp-portfolio__item-meta-title\">\n\t\t<a\n\t\thref=\"https:\/\/vpdanses.fr\/wp-content\/uploads\/2025\/07\/2025-07-03.BIG-FERNAND.IMG_9420_W1240.jpg\"\n\t\t\t>\n\tAvant le d\u00e9part vers Wuppertal, Allemagne : Arr\u00eat chez BIG FERNAND au Vieux-Lille (59)<\/a><\/h2>\n\t\t\t<\/div>\n\t\t<\/div>\n\t<\/figcaption>\n\t\t\t<\/figure>\n\t\t\t\t\t<\/div>\n\t\t\n\t\t<div\t\tclass=\"vp-portfolio__item-wrap vp-portfolio__item-uid-d602672b\" data-vp-filter=\"\" \t\t>\n\t\t\t<template class=\"vp-portfolio__item-popup\" data-vp-popup-img=\"https:\/\/vpdanses.fr\/wp-content\/uploads\/2025\/07\/2025-07-03.BIG-FERNAND.IMG_9417.jpg\" data-vp-popup-img-srcset=\"https:\/\/vpdanses.fr\/wp-content\/uploads\/2025\/07\/2025-07-03.BIG-FERNAND.IMG_9417.jpg 1240w, https:\/\/vpdanses.fr\/wp-content\/uploads\/2025\/07\/2025-07-03.BIG-FERNAND.IMG_9417-300x225.jpg 300w, https:\/\/vpdanses.fr\/wp-content\/uploads\/2025\/07\/2025-07-03.BIG-FERNAND.IMG_9417-1024x768.jpg 1024w, https:\/\/vpdanses.fr\/wp-content\/uploads\/2025\/07\/2025-07-03.BIG-FERNAND.IMG_9417-768x576.jpg 768w, https:\/\/vpdanses.fr\/wp-content\/uploads\/2025\/07\/2025-07-03.BIG-FERNAND.IMG_9417-500x375.jpg 500w, https:\/\/vpdanses.fr\/wp-content\/uploads\/2025\/07\/2025-07-03.BIG-FERNAND.IMG_9417-800x600.jpg 800w\" data-vp-popup-img-size=\"1240x930\" data-vp-popup-md-img=\"https:\/\/vpdanses.fr\/wp-content\/uploads\/2025\/07\/2025-07-03.BIG-FERNAND.IMG_9417-800x600.jpg\" data-vp-popup-md-img-size=\"800x600\" data-vp-popup-sm-img=\"https:\/\/vpdanses.fr\/wp-content\/uploads\/2025\/07\/2025-07-03.BIG-FERNAND.IMG_9417-500x375.jpg\" data-vp-popup-sm-img-size=\"500x375\">\n\t\t\t<h3 class=\"vp-portfolio__item-popup-title\">Avant le d\u00e9part vers Wuppertal, Allemagne : Arr\u00eat chez BIG FERNAND au Vieux-Lille (59)<\/h3>\n\t\t\t\t<div class=\"vp-portfolio__item-popup-description\">Un Hamburg\u00e9, c&rsquo;est comme un burger &#8230; MAIS EN BIEN MEILLEUR ! <\/div>\n\t\t<\/template>\n\t\t\t\t\t\t<figure class=\"vp-portfolio__item\">\n\t\t\t\t\n<div class=\"vp-portfolio__item-img-wrap\">\n\t<div class=\"vp-portfolio__item-img\">\n\t\t\t<a\n\t\thref=\"https:\/\/vpdanses.fr\/wp-content\/uploads\/2025\/07\/2025-07-03.BIG-FERNAND.IMG_9417.jpg\"\n\t\t\t>\n\t\n\t\t<noscript><img loading=\"lazy\" decoding=\"async\" width=\"1240\" height=\"930\" data-skip-lazy src=\"https:\/\/vpdanses.fr\/wp-content\/uploads\/2025\/07\/2025-07-03.BIG-FERNAND.IMG_9417.jpg\" class=\"wp-image-13770\" alt=\"Avant le d\u00e9part vers Wuppertal, Allemagne : Arr\u00eat chez BIG FERNAND au Vieux-Lille (59)\" srcset=\"https:\/\/vpdanses.fr\/wp-content\/uploads\/2025\/07\/2025-07-03.BIG-FERNAND.IMG_9417.jpg 1240w, https:\/\/vpdanses.fr\/wp-content\/uploads\/2025\/07\/2025-07-03.BIG-FERNAND.IMG_9417-300x225.jpg 300w, https:\/\/vpdanses.fr\/wp-content\/uploads\/2025\/07\/2025-07-03.BIG-FERNAND.IMG_9417-1024x768.jpg 1024w, https:\/\/vpdanses.fr\/wp-content\/uploads\/2025\/07\/2025-07-03.BIG-FERNAND.IMG_9417-768x576.jpg 768w, https:\/\/vpdanses.fr\/wp-content\/uploads\/2025\/07\/2025-07-03.BIG-FERNAND.IMG_9417-500x375.jpg 500w, https:\/\/vpdanses.fr\/wp-content\/uploads\/2025\/07\/2025-07-03.BIG-FERNAND.IMG_9417-800x600.jpg 800w\" sizes=\"auto, (max-width: 1240px) 100vw, 1240px\" \/><\/noscript><img decoding=\"async\" width=\"1240\" height=\"930\" src=\"https:\/\/vpdanses.fr\/wp-content\/uploads\/2025\/07\/2025-07-03.BIG-FERNAND.IMG_9417.jpg\" class=\"wp-image-13770 vp-lazyload\" alt=\"Avant le d\u00e9part vers Wuppertal, Allemagne : Arr\u00eat chez BIG FERNAND au Vieux-Lille (59)\" srcset=\"data:image\/svg+xml;base64,PHN2ZyB3aWR0aD0iMTI0MCIgaGVpZ2h0PSI5MzAiIHZpZXdCb3g9IjAgMCAxMjQwIDkzMCIgZmlsbD0ibm9uZSIgeG1sbnM9Imh0dHA6Ly93d3cudzMub3JnLzIwMDAvc3ZnIj48L3N2Zz4=\" data-src=\"https:\/\/vpdanses.fr\/wp-content\/uploads\/2025\/07\/2025-07-03.BIG-FERNAND.IMG_9417.jpg\" data-srcset=\"https:\/\/vpdanses.fr\/wp-content\/uploads\/2025\/07\/2025-07-03.BIG-FERNAND.IMG_9417.jpg 1240w, https:\/\/vpdanses.fr\/wp-content\/uploads\/2025\/07\/2025-07-03.BIG-FERNAND.IMG_9417-300x225.jpg 300w, https:\/\/vpdanses.fr\/wp-content\/uploads\/2025\/07\/2025-07-03.BIG-FERNAND.IMG_9417-1024x768.jpg 1024w, https:\/\/vpdanses.fr\/wp-content\/uploads\/2025\/07\/2025-07-03.BIG-FERNAND.IMG_9417-768x576.jpg 768w, https:\/\/vpdanses.fr\/wp-content\/uploads\/2025\/07\/2025-07-03.BIG-FERNAND.IMG_9417-500x375.jpg 500w, https:\/\/vpdanses.fr\/wp-content\/uploads\/2025\/07\/2025-07-03.BIG-FERNAND.IMG_9417-800x600.jpg 800w\" data-sizes=\"auto\" loading=\"eager\">\n\t\t<div class=\"vp-portfolio__item-overlay\"><\/div>\n\n\t\t<\/a>\t<\/div>\n<\/div>\n\n\t<figcaption class=\"vp-portfolio__item-caption vp-portfolio__item-caption-text-align-center\">\n\t\t<div class=\"vp-portfolio__item-meta-wrap vp-portfolio__custom-scrollbar\">\n\t\t\t<div class=\"vp-portfolio__item-meta\">\n\t\t\t\t\n<h2 class=\"vp-portfolio__item-meta-title\">\n\t\t<a\n\t\thref=\"https:\/\/vpdanses.fr\/wp-content\/uploads\/2025\/07\/2025-07-03.BIG-FERNAND.IMG_9417.jpg\"\n\t\t\t>\n\tAvant le d\u00e9part vers Wuppertal, Allemagne : Arr\u00eat chez BIG FERNAND au Vieux-Lille (59)<\/a><\/h2>\n\t\t\t<\/div>\n\t\t<\/div>\n\t<\/figcaption>\n\t\t\t<\/figure>\n\t\t\t\t\t<\/div>\n\t\t\n\t\t<div\t\tclass=\"vp-portfolio__item-wrap vp-portfolio__item-uid-b7e21ce8\" data-vp-filter=\"\" \t\t>\n\t\t\t<template class=\"vp-portfolio__item-popup\" data-vp-popup-img=\"https:\/\/vpdanses.fr\/wp-content\/uploads\/2025\/07\/2025-07-03.LE-MARAIS-DU-LIVRE.IMG_9407.jpg\" data-vp-popup-img-srcset=\"https:\/\/vpdanses.fr\/wp-content\/uploads\/2025\/07\/2025-07-03.LE-MARAIS-DU-LIVRE.IMG_9407.jpg 1240w, https:\/\/vpdanses.fr\/wp-content\/uploads\/2025\/07\/2025-07-03.LE-MARAIS-DU-LIVRE.IMG_9407-300x225.jpg 300w, https:\/\/vpdanses.fr\/wp-content\/uploads\/2025\/07\/2025-07-03.LE-MARAIS-DU-LIVRE.IMG_9407-1024x768.jpg 1024w, https:\/\/vpdanses.fr\/wp-content\/uploads\/2025\/07\/2025-07-03.LE-MARAIS-DU-LIVRE.IMG_9407-768x576.jpg 768w, https:\/\/vpdanses.fr\/wp-content\/uploads\/2025\/07\/2025-07-03.LE-MARAIS-DU-LIVRE.IMG_9407-500x375.jpg 500w, https:\/\/vpdanses.fr\/wp-content\/uploads\/2025\/07\/2025-07-03.LE-MARAIS-DU-LIVRE.IMG_9407-800x600.jpg 800w\" data-vp-popup-img-size=\"1240x930\" data-vp-popup-md-img=\"https:\/\/vpdanses.fr\/wp-content\/uploads\/2025\/07\/2025-07-03.LE-MARAIS-DU-LIVRE.IMG_9407-800x600.jpg\" data-vp-popup-md-img-size=\"800x600\" data-vp-popup-sm-img=\"https:\/\/vpdanses.fr\/wp-content\/uploads\/2025\/07\/2025-07-03.LE-MARAIS-DU-LIVRE.IMG_9407-500x375.jpg\" data-vp-popup-sm-img-size=\"500x375\">\n\t\t\t<h3 class=\"vp-portfolio__item-popup-title\">Librairie LE MARAIS DU LIVRE \u00e0 Hazebrouck. Choix d&rsquo;un livre pour le voyage \u00e0 Wuppertal, Allemagne.<\/h3>\n\t\t\t\t<div class=\"vp-portfolio__item-popup-description\">Librairie LE MARAIS DU LIVRE \u00e0 Hazebrouck. Choix d&rsquo;un livre pour le voyage \u00e0 Wuppertal, Allemagne.<\/div>\n\t\t<\/template>\n\t\t\t\t\t\t<figure class=\"vp-portfolio__item\">\n\t\t\t\t\n<div class=\"vp-portfolio__item-img-wrap\">\n\t<div class=\"vp-portfolio__item-img\">\n\t\t\t<a\n\t\thref=\"https:\/\/vpdanses.fr\/wp-content\/uploads\/2025\/07\/2025-07-03.LE-MARAIS-DU-LIVRE.IMG_9407.jpg\"\n\t\t\t>\n\t\n\t\t<noscript><img loading=\"lazy\" decoding=\"async\" width=\"1240\" height=\"930\" data-skip-lazy src=\"https:\/\/vpdanses.fr\/wp-content\/uploads\/2025\/07\/2025-07-03.LE-MARAIS-DU-LIVRE.IMG_9407.jpg\" class=\"wp-image-13771\" alt=\"Librairie LE MARAIS DU LIVRE \u00e0 Hazebrouck. Choix d&#039;un livre pour le voyage \u00e0 Wuppertal, Allemagne.\" srcset=\"https:\/\/vpdanses.fr\/wp-content\/uploads\/2025\/07\/2025-07-03.LE-MARAIS-DU-LIVRE.IMG_9407.jpg 1240w, https:\/\/vpdanses.fr\/wp-content\/uploads\/2025\/07\/2025-07-03.LE-MARAIS-DU-LIVRE.IMG_9407-300x225.jpg 300w, https:\/\/vpdanses.fr\/wp-content\/uploads\/2025\/07\/2025-07-03.LE-MARAIS-DU-LIVRE.IMG_9407-1024x768.jpg 1024w, https:\/\/vpdanses.fr\/wp-content\/uploads\/2025\/07\/2025-07-03.LE-MARAIS-DU-LIVRE.IMG_9407-768x576.jpg 768w, https:\/\/vpdanses.fr\/wp-content\/uploads\/2025\/07\/2025-07-03.LE-MARAIS-DU-LIVRE.IMG_9407-500x375.jpg 500w, https:\/\/vpdanses.fr\/wp-content\/uploads\/2025\/07\/2025-07-03.LE-MARAIS-DU-LIVRE.IMG_9407-800x600.jpg 800w\" sizes=\"auto, (max-width: 1240px) 100vw, 1240px\" \/><\/noscript><img decoding=\"async\" width=\"1240\" height=\"930\" src=\"https:\/\/vpdanses.fr\/wp-content\/uploads\/2025\/07\/2025-07-03.LE-MARAIS-DU-LIVRE.IMG_9407.jpg\" class=\"wp-image-13771 vp-lazyload\" alt=\"Librairie LE MARAIS DU LIVRE \u00e0 Hazebrouck. Choix d&#039;un livre pour le voyage \u00e0 Wuppertal, Allemagne.\" srcset=\"data:image\/svg+xml;base64,PHN2ZyB3aWR0aD0iMTI0MCIgaGVpZ2h0PSI5MzAiIHZpZXdCb3g9IjAgMCAxMjQwIDkzMCIgZmlsbD0ibm9uZSIgeG1sbnM9Imh0dHA6Ly93d3cudzMub3JnLzIwMDAvc3ZnIj48L3N2Zz4=\" data-src=\"https:\/\/vpdanses.fr\/wp-content\/uploads\/2025\/07\/2025-07-03.LE-MARAIS-DU-LIVRE.IMG_9407.jpg\" data-srcset=\"https:\/\/vpdanses.fr\/wp-content\/uploads\/2025\/07\/2025-07-03.LE-MARAIS-DU-LIVRE.IMG_9407.jpg 1240w, https:\/\/vpdanses.fr\/wp-content\/uploads\/2025\/07\/2025-07-03.LE-MARAIS-DU-LIVRE.IMG_9407-300x225.jpg 300w, https:\/\/vpdanses.fr\/wp-content\/uploads\/2025\/07\/2025-07-03.LE-MARAIS-DU-LIVRE.IMG_9407-1024x768.jpg 1024w, https:\/\/vpdanses.fr\/wp-content\/uploads\/2025\/07\/2025-07-03.LE-MARAIS-DU-LIVRE.IMG_9407-768x576.jpg 768w, https:\/\/vpdanses.fr\/wp-content\/uploads\/2025\/07\/2025-07-03.LE-MARAIS-DU-LIVRE.IMG_9407-500x375.jpg 500w, https:\/\/vpdanses.fr\/wp-content\/uploads\/2025\/07\/2025-07-03.LE-MARAIS-DU-LIVRE.IMG_9407-800x600.jpg 800w\" data-sizes=\"auto\" loading=\"eager\">\n\t\t<div class=\"vp-portfolio__item-overlay\"><\/div>\n\n\t\t<\/a>\t<\/div>\n<\/div>\n\n\t<figcaption class=\"vp-portfolio__item-caption vp-portfolio__item-caption-text-align-center\">\n\t\t<div class=\"vp-portfolio__item-meta-wrap vp-portfolio__custom-scrollbar\">\n\t\t\t<div class=\"vp-portfolio__item-meta\">\n\t\t\t\t\n<h2 class=\"vp-portfolio__item-meta-title\">\n\t\t<a\n\t\thref=\"https:\/\/vpdanses.fr\/wp-content\/uploads\/2025\/07\/2025-07-03.LE-MARAIS-DU-LIVRE.IMG_9407.jpg\"\n\t\t\t>\n\tLibrairie LE MARAIS DU LIVRE \u00e0 Hazebrouck. Choix d&rsquo;un livre pour le voyage \u00e0 Wuppertal, Allemagne.<\/a><\/h2>\n\t\t\t<\/div>\n\t\t<\/div>\n\t<\/figcaption>\n\t\t\t<\/figure>\n\t\t\t\t\t<\/div>\n\t\t\n\t\t<div\t\tclass=\"vp-portfolio__item-wrap vp-portfolio__item-uid-e5b79ef7\" data-vp-filter=\"\" \t\t>\n\t\t\t<template class=\"vp-portfolio__item-popup\" data-vp-popup-img=\"https:\/\/vpdanses.fr\/wp-content\/uploads\/2025\/07\/2025-07-03.LE-MARAIS-DU-LIVRE.IMG_9402.jpg\" data-vp-popup-img-srcset=\"https:\/\/vpdanses.fr\/wp-content\/uploads\/2025\/07\/2025-07-03.LE-MARAIS-DU-LIVRE.IMG_9402.jpg 1240w, https:\/\/vpdanses.fr\/wp-content\/uploads\/2025\/07\/2025-07-03.LE-MARAIS-DU-LIVRE.IMG_9402-300x225.jpg 300w, https:\/\/vpdanses.fr\/wp-content\/uploads\/2025\/07\/2025-07-03.LE-MARAIS-DU-LIVRE.IMG_9402-1024x768.jpg 1024w, https:\/\/vpdanses.fr\/wp-content\/uploads\/2025\/07\/2025-07-03.LE-MARAIS-DU-LIVRE.IMG_9402-768x576.jpg 768w, https:\/\/vpdanses.fr\/wp-content\/uploads\/2025\/07\/2025-07-03.LE-MARAIS-DU-LIVRE.IMG_9402-500x375.jpg 500w, https:\/\/vpdanses.fr\/wp-content\/uploads\/2025\/07\/2025-07-03.LE-MARAIS-DU-LIVRE.IMG_9402-800x600.jpg 800w\" data-vp-popup-img-size=\"1240x930\" data-vp-popup-md-img=\"https:\/\/vpdanses.fr\/wp-content\/uploads\/2025\/07\/2025-07-03.LE-MARAIS-DU-LIVRE.IMG_9402-800x600.jpg\" data-vp-popup-md-img-size=\"800x600\" data-vp-popup-sm-img=\"https:\/\/vpdanses.fr\/wp-content\/uploads\/2025\/07\/2025-07-03.LE-MARAIS-DU-LIVRE.IMG_9402-500x375.jpg\" data-vp-popup-sm-img-size=\"500x375\">\n\t\t\t<h3 class=\"vp-portfolio__item-popup-title\">Librairie LE MARAIS DU LIVRE \u00e0 Hazebrouck. Choix d&rsquo;un livre pour le voyage \u00e0 Wuppertal, Allemagne.<\/h3>\n\t\t\t\t<div class=\"vp-portfolio__item-popup-description\">Librairie LE MARAIS DU LIVRE \u00e0 Hazebrouck. Choix d&rsquo;un livre pour le voyage \u00e0 Wuppertal, Allemagne.<\/div>\n\t\t<\/template>\n\t\t\t\t\t\t<figure class=\"vp-portfolio__item\">\n\t\t\t\t\n<div class=\"vp-portfolio__item-img-wrap\">\n\t<div class=\"vp-portfolio__item-img\">\n\t\t\t<a\n\t\thref=\"https:\/\/vpdanses.fr\/wp-content\/uploads\/2025\/07\/2025-07-03.LE-MARAIS-DU-LIVRE.IMG_9402.jpg\"\n\t\t\t>\n\t\n\t\t<noscript><img loading=\"lazy\" decoding=\"async\" width=\"1240\" height=\"930\" data-skip-lazy src=\"https:\/\/vpdanses.fr\/wp-content\/uploads\/2025\/07\/2025-07-03.LE-MARAIS-DU-LIVRE.IMG_9402.jpg\" class=\"wp-image-13772\" alt=\"Librairie LE MARAIS DU LIVRE \u00e0 Hazebrouck. Choix d&#039;un livre pour le voyage \u00e0 Wuppertal, Allemagne.\" srcset=\"https:\/\/vpdanses.fr\/wp-content\/uploads\/2025\/07\/2025-07-03.LE-MARAIS-DU-LIVRE.IMG_9402.jpg 1240w, https:\/\/vpdanses.fr\/wp-content\/uploads\/2025\/07\/2025-07-03.LE-MARAIS-DU-LIVRE.IMG_9402-300x225.jpg 300w, https:\/\/vpdanses.fr\/wp-content\/uploads\/2025\/07\/2025-07-03.LE-MARAIS-DU-LIVRE.IMG_9402-1024x768.jpg 1024w, https:\/\/vpdanses.fr\/wp-content\/uploads\/2025\/07\/2025-07-03.LE-MARAIS-DU-LIVRE.IMG_9402-768x576.jpg 768w, https:\/\/vpdanses.fr\/wp-content\/uploads\/2025\/07\/2025-07-03.LE-MARAIS-DU-LIVRE.IMG_9402-500x375.jpg 500w, https:\/\/vpdanses.fr\/wp-content\/uploads\/2025\/07\/2025-07-03.LE-MARAIS-DU-LIVRE.IMG_9402-800x600.jpg 800w\" sizes=\"auto, (max-width: 1240px) 100vw, 1240px\" \/><\/noscript><img decoding=\"async\" width=\"1240\" height=\"930\" src=\"https:\/\/vpdanses.fr\/wp-content\/uploads\/2025\/07\/2025-07-03.LE-MARAIS-DU-LIVRE.IMG_9402.jpg\" class=\"wp-image-13772 vp-lazyload\" alt=\"Librairie LE MARAIS DU LIVRE \u00e0 Hazebrouck. Choix d&#039;un livre pour le voyage \u00e0 Wuppertal, Allemagne.\" srcset=\"data:image\/svg+xml;base64,PHN2ZyB3aWR0aD0iMTI0MCIgaGVpZ2h0PSI5MzAiIHZpZXdCb3g9IjAgMCAxMjQwIDkzMCIgZmlsbD0ibm9uZSIgeG1sbnM9Imh0dHA6Ly93d3cudzMub3JnLzIwMDAvc3ZnIj48L3N2Zz4=\" data-src=\"https:\/\/vpdanses.fr\/wp-content\/uploads\/2025\/07\/2025-07-03.LE-MARAIS-DU-LIVRE.IMG_9402.jpg\" data-srcset=\"https:\/\/vpdanses.fr\/wp-content\/uploads\/2025\/07\/2025-07-03.LE-MARAIS-DU-LIVRE.IMG_9402.jpg 1240w, https:\/\/vpdanses.fr\/wp-content\/uploads\/2025\/07\/2025-07-03.LE-MARAIS-DU-LIVRE.IMG_9402-300x225.jpg 300w, https:\/\/vpdanses.fr\/wp-content\/uploads\/2025\/07\/2025-07-03.LE-MARAIS-DU-LIVRE.IMG_9402-1024x768.jpg 1024w, https:\/\/vpdanses.fr\/wp-content\/uploads\/2025\/07\/2025-07-03.LE-MARAIS-DU-LIVRE.IMG_9402-768x576.jpg 768w, https:\/\/vpdanses.fr\/wp-content\/uploads\/2025\/07\/2025-07-03.LE-MARAIS-DU-LIVRE.IMG_9402-500x375.jpg 500w, https:\/\/vpdanses.fr\/wp-content\/uploads\/2025\/07\/2025-07-03.LE-MARAIS-DU-LIVRE.IMG_9402-800x600.jpg 800w\" data-sizes=\"auto\" loading=\"eager\">\n\t\t<div class=\"vp-portfolio__item-overlay\"><\/div>\n\n\t\t<\/a>\t<\/div>\n<\/div>\n\n\t<figcaption class=\"vp-portfolio__item-caption vp-portfolio__item-caption-text-align-center\">\n\t\t<div class=\"vp-portfolio__item-meta-wrap vp-portfolio__custom-scrollbar\">\n\t\t\t<div class=\"vp-portfolio__item-meta\">\n\t\t\t\t\n<h2 class=\"vp-portfolio__item-meta-title\">\n\t\t<a\n\t\thref=\"https:\/\/vpdanses.fr\/wp-content\/uploads\/2025\/07\/2025-07-03.LE-MARAIS-DU-LIVRE.IMG_9402.jpg\"\n\t\t\t>\n\tLibrairie LE MARAIS DU LIVRE \u00e0 Hazebrouck. Choix d&rsquo;un livre pour le voyage \u00e0 Wuppertal, Allemagne.<\/a><\/h2>\n\t\t\t<\/div>\n\t\t<\/div>\n\t<\/figcaption>\n\t\t\t<\/figure>\n\t\t\t\t\t<\/div>\n\t\t\n\t\t<div\t\tclass=\"vp-portfolio__item-wrap vp-portfolio__item-uid-1424dccf\" data-vp-filter=\"\" \t\t>\n\t\t\t<template class=\"vp-portfolio__item-popup\" data-vp-popup-img=\"https:\/\/vpdanses.fr\/wp-content\/uploads\/2025\/07\/2025-07-03.LE-MARAIS-DU-LIVRE.IMG_9399.jpg\" data-vp-popup-img-srcset=\"https:\/\/vpdanses.fr\/wp-content\/uploads\/2025\/07\/2025-07-03.LE-MARAIS-DU-LIVRE.IMG_9399.jpg 1240w, https:\/\/vpdanses.fr\/wp-content\/uploads\/2025\/07\/2025-07-03.LE-MARAIS-DU-LIVRE.IMG_9399-300x225.jpg 300w, https:\/\/vpdanses.fr\/wp-content\/uploads\/2025\/07\/2025-07-03.LE-MARAIS-DU-LIVRE.IMG_9399-1024x768.jpg 1024w, https:\/\/vpdanses.fr\/wp-content\/uploads\/2025\/07\/2025-07-03.LE-MARAIS-DU-LIVRE.IMG_9399-768x576.jpg 768w, https:\/\/vpdanses.fr\/wp-content\/uploads\/2025\/07\/2025-07-03.LE-MARAIS-DU-LIVRE.IMG_9399-500x375.jpg 500w, https:\/\/vpdanses.fr\/wp-content\/uploads\/2025\/07\/2025-07-03.LE-MARAIS-DU-LIVRE.IMG_9399-800x600.jpg 800w\" data-vp-popup-img-size=\"1240x930\" data-vp-popup-md-img=\"https:\/\/vpdanses.fr\/wp-content\/uploads\/2025\/07\/2025-07-03.LE-MARAIS-DU-LIVRE.IMG_9399-800x600.jpg\" data-vp-popup-md-img-size=\"800x600\" data-vp-popup-sm-img=\"https:\/\/vpdanses.fr\/wp-content\/uploads\/2025\/07\/2025-07-03.LE-MARAIS-DU-LIVRE.IMG_9399-500x375.jpg\" data-vp-popup-sm-img-size=\"500x375\">\n\t\t\t<h3 class=\"vp-portfolio__item-popup-title\">Librairie LE MARAIS DU LIVRE \u00e0 Hazebrouck. Choix d&rsquo;un livre pour le voyage \u00e0 Wuppertal, Allemagne.<\/h3>\n\t\t\t\t<div class=\"vp-portfolio__item-popup-description\">Librairie LE MARAIS DU LIVRE \u00e0 Hazebrouck. Choix d&rsquo;un livre pour le voyage \u00e0 Wuppertal, Allemagne.<\/div>\n\t\t<\/template>\n\t\t\t\t\t\t<figure class=\"vp-portfolio__item\">\n\t\t\t\t\n<div class=\"vp-portfolio__item-img-wrap\">\n\t<div class=\"vp-portfolio__item-img\">\n\t\t\t<a\n\t\thref=\"https:\/\/vpdanses.fr\/wp-content\/uploads\/2025\/07\/2025-07-03.LE-MARAIS-DU-LIVRE.IMG_9399.jpg\"\n\t\t\t>\n\t\n\t\t<noscript><img loading=\"lazy\" decoding=\"async\" width=\"1240\" height=\"930\" data-skip-lazy src=\"https:\/\/vpdanses.fr\/wp-content\/uploads\/2025\/07\/2025-07-03.LE-MARAIS-DU-LIVRE.IMG_9399.jpg\" class=\"wp-image-13773\" alt=\"Librairie LE MARAIS DU LIVRE \u00e0 Hazebrouck. Choix d&#039;un livre pour le voyage \u00e0 Wuppertal, Allemagne.\" srcset=\"https:\/\/vpdanses.fr\/wp-content\/uploads\/2025\/07\/2025-07-03.LE-MARAIS-DU-LIVRE.IMG_9399.jpg 1240w, https:\/\/vpdanses.fr\/wp-content\/uploads\/2025\/07\/2025-07-03.LE-MARAIS-DU-LIVRE.IMG_9399-300x225.jpg 300w, https:\/\/vpdanses.fr\/wp-content\/uploads\/2025\/07\/2025-07-03.LE-MARAIS-DU-LIVRE.IMG_9399-1024x768.jpg 1024w, https:\/\/vpdanses.fr\/wp-content\/uploads\/2025\/07\/2025-07-03.LE-MARAIS-DU-LIVRE.IMG_9399-768x576.jpg 768w, https:\/\/vpdanses.fr\/wp-content\/uploads\/2025\/07\/2025-07-03.LE-MARAIS-DU-LIVRE.IMG_9399-500x375.jpg 500w, https:\/\/vpdanses.fr\/wp-content\/uploads\/2025\/07\/2025-07-03.LE-MARAIS-DU-LIVRE.IMG_9399-800x600.jpg 800w\" sizes=\"auto, (max-width: 1240px) 100vw, 1240px\" \/><\/noscript><img decoding=\"async\" width=\"1240\" height=\"930\" src=\"https:\/\/vpdanses.fr\/wp-content\/uploads\/2025\/07\/2025-07-03.LE-MARAIS-DU-LIVRE.IMG_9399.jpg\" class=\"wp-image-13773 vp-lazyload\" alt=\"Librairie LE MARAIS DU LIVRE \u00e0 Hazebrouck. Choix d&#039;un livre pour le voyage \u00e0 Wuppertal, Allemagne.\" srcset=\"data:image\/svg+xml;base64,PHN2ZyB3aWR0aD0iMTI0MCIgaGVpZ2h0PSI5MzAiIHZpZXdCb3g9IjAgMCAxMjQwIDkzMCIgZmlsbD0ibm9uZSIgeG1sbnM9Imh0dHA6Ly93d3cudzMub3JnLzIwMDAvc3ZnIj48L3N2Zz4=\" data-src=\"https:\/\/vpdanses.fr\/wp-content\/uploads\/2025\/07\/2025-07-03.LE-MARAIS-DU-LIVRE.IMG_9399.jpg\" data-srcset=\"https:\/\/vpdanses.fr\/wp-content\/uploads\/2025\/07\/2025-07-03.LE-MARAIS-DU-LIVRE.IMG_9399.jpg 1240w, https:\/\/vpdanses.fr\/wp-content\/uploads\/2025\/07\/2025-07-03.LE-MARAIS-DU-LIVRE.IMG_9399-300x225.jpg 300w, https:\/\/vpdanses.fr\/wp-content\/uploads\/2025\/07\/2025-07-03.LE-MARAIS-DU-LIVRE.IMG_9399-1024x768.jpg 1024w, https:\/\/vpdanses.fr\/wp-content\/uploads\/2025\/07\/2025-07-03.LE-MARAIS-DU-LIVRE.IMG_9399-768x576.jpg 768w, https:\/\/vpdanses.fr\/wp-content\/uploads\/2025\/07\/2025-07-03.LE-MARAIS-DU-LIVRE.IMG_9399-500x375.jpg 500w, https:\/\/vpdanses.fr\/wp-content\/uploads\/2025\/07\/2025-07-03.LE-MARAIS-DU-LIVRE.IMG_9399-800x600.jpg 800w\" data-sizes=\"auto\" loading=\"eager\">\n\t\t<div class=\"vp-portfolio__item-overlay\"><\/div>\n\n\t\t<\/a>\t<\/div>\n<\/div>\n\n\t<figcaption class=\"vp-portfolio__item-caption vp-portfolio__item-caption-text-align-center\">\n\t\t<div class=\"vp-portfolio__item-meta-wrap vp-portfolio__custom-scrollbar\">\n\t\t\t<div class=\"vp-portfolio__item-meta\">\n\t\t\t\t\n<h2 class=\"vp-portfolio__item-meta-title\">\n\t\t<a\n\t\thref=\"https:\/\/vpdanses.fr\/wp-content\/uploads\/2025\/07\/2025-07-03.LE-MARAIS-DU-LIVRE.IMG_9399.jpg\"\n\t\t\t>\n\tLibrairie LE MARAIS DU LIVRE \u00e0 Hazebrouck. Choix d&rsquo;un livre pour le voyage \u00e0 Wuppertal, Allemagne.<\/a><\/h2>\n\t\t\t<\/div>\n\t\t<\/div>\n\t<\/figcaption>\n\t\t\t<\/figure>\n\t\t\t\t\t<\/div>\n\t\t\n\t\t<div\t\tclass=\"vp-portfolio__item-wrap vp-portfolio__item-uid-411c9ac9\" data-vp-filter=\"\" \t\t>\n\t\t\t<template class=\"vp-portfolio__item-popup\" data-vp-popup-img=\"https:\/\/vpdanses.fr\/wp-content\/uploads\/2025\/07\/2025-07-03.LE-MARAIS-DU-LIVRE.IMG_9398.jpg\" data-vp-popup-img-srcset=\"https:\/\/vpdanses.fr\/wp-content\/uploads\/2025\/07\/2025-07-03.LE-MARAIS-DU-LIVRE.IMG_9398.jpg 1240w, https:\/\/vpdanses.fr\/wp-content\/uploads\/2025\/07\/2025-07-03.LE-MARAIS-DU-LIVRE.IMG_9398-300x225.jpg 300w, https:\/\/vpdanses.fr\/wp-content\/uploads\/2025\/07\/2025-07-03.LE-MARAIS-DU-LIVRE.IMG_9398-1024x768.jpg 1024w, https:\/\/vpdanses.fr\/wp-content\/uploads\/2025\/07\/2025-07-03.LE-MARAIS-DU-LIVRE.IMG_9398-768x576.jpg 768w, https:\/\/vpdanses.fr\/wp-content\/uploads\/2025\/07\/2025-07-03.LE-MARAIS-DU-LIVRE.IMG_9398-500x375.jpg 500w, https:\/\/vpdanses.fr\/wp-content\/uploads\/2025\/07\/2025-07-03.LE-MARAIS-DU-LIVRE.IMG_9398-800x600.jpg 800w\" data-vp-popup-img-size=\"1240x930\" data-vp-popup-md-img=\"https:\/\/vpdanses.fr\/wp-content\/uploads\/2025\/07\/2025-07-03.LE-MARAIS-DU-LIVRE.IMG_9398-800x600.jpg\" data-vp-popup-md-img-size=\"800x600\" data-vp-popup-sm-img=\"https:\/\/vpdanses.fr\/wp-content\/uploads\/2025\/07\/2025-07-03.LE-MARAIS-DU-LIVRE.IMG_9398-500x375.jpg\" data-vp-popup-sm-img-size=\"500x375\">\n\t\t\t<h3 class=\"vp-portfolio__item-popup-title\">Librairie LE MARAIS DU LIVRE \u00e0 Hazebrouck. Choix d&rsquo;un livre pour le voyage \u00e0 Wuppertal, Allemagne.<\/h3>\n\t\t\t\t<div class=\"vp-portfolio__item-popup-description\">Librairie LE MARAIS DU LIVRE \u00e0 Hazebrouck. Choix d&rsquo;un livre pour le voyage \u00e0 Wuppertal, Allemagne.<\/div>\n\t\t<\/template>\n\t\t\t\t\t\t<figure class=\"vp-portfolio__item\">\n\t\t\t\t\n<div class=\"vp-portfolio__item-img-wrap\">\n\t<div class=\"vp-portfolio__item-img\">\n\t\t\t<a\n\t\thref=\"https:\/\/vpdanses.fr\/wp-content\/uploads\/2025\/07\/2025-07-03.LE-MARAIS-DU-LIVRE.IMG_9398.jpg\"\n\t\t\t>\n\t\n\t\t<noscript><img loading=\"lazy\" decoding=\"async\" width=\"1240\" height=\"930\" data-skip-lazy src=\"https:\/\/vpdanses.fr\/wp-content\/uploads\/2025\/07\/2025-07-03.LE-MARAIS-DU-LIVRE.IMG_9398.jpg\" class=\"wp-image-13774\" alt=\"Librairie LE MARAIS DU LIVRE \u00e0 Hazebrouck. Choix d&#039;un livre pour le voyage \u00e0 Wuppertal, Allemagne.\" srcset=\"https:\/\/vpdanses.fr\/wp-content\/uploads\/2025\/07\/2025-07-03.LE-MARAIS-DU-LIVRE.IMG_9398.jpg 1240w, https:\/\/vpdanses.fr\/wp-content\/uploads\/2025\/07\/2025-07-03.LE-MARAIS-DU-LIVRE.IMG_9398-300x225.jpg 300w, https:\/\/vpdanses.fr\/wp-content\/uploads\/2025\/07\/2025-07-03.LE-MARAIS-DU-LIVRE.IMG_9398-1024x768.jpg 1024w, https:\/\/vpdanses.fr\/wp-content\/uploads\/2025\/07\/2025-07-03.LE-MARAIS-DU-LIVRE.IMG_9398-768x576.jpg 768w, https:\/\/vpdanses.fr\/wp-content\/uploads\/2025\/07\/2025-07-03.LE-MARAIS-DU-LIVRE.IMG_9398-500x375.jpg 500w, https:\/\/vpdanses.fr\/wp-content\/uploads\/2025\/07\/2025-07-03.LE-MARAIS-DU-LIVRE.IMG_9398-800x600.jpg 800w\" sizes=\"auto, (max-width: 1240px) 100vw, 1240px\" \/><\/noscript><img decoding=\"async\" width=\"1240\" height=\"930\" src=\"https:\/\/vpdanses.fr\/wp-content\/uploads\/2025\/07\/2025-07-03.LE-MARAIS-DU-LIVRE.IMG_9398.jpg\" class=\"wp-image-13774 vp-lazyload\" alt=\"Librairie LE MARAIS DU LIVRE \u00e0 Hazebrouck. Choix d&#039;un livre pour le voyage \u00e0 Wuppertal, Allemagne.\" srcset=\"data:image\/svg+xml;base64,PHN2ZyB3aWR0aD0iMTI0MCIgaGVpZ2h0PSI5MzAiIHZpZXdCb3g9IjAgMCAxMjQwIDkzMCIgZmlsbD0ibm9uZSIgeG1sbnM9Imh0dHA6Ly93d3cudzMub3JnLzIwMDAvc3ZnIj48L3N2Zz4=\" data-src=\"https:\/\/vpdanses.fr\/wp-content\/uploads\/2025\/07\/2025-07-03.LE-MARAIS-DU-LIVRE.IMG_9398.jpg\" data-srcset=\"https:\/\/vpdanses.fr\/wp-content\/uploads\/2025\/07\/2025-07-03.LE-MARAIS-DU-LIVRE.IMG_9398.jpg 1240w, https:\/\/vpdanses.fr\/wp-content\/uploads\/2025\/07\/2025-07-03.LE-MARAIS-DU-LIVRE.IMG_9398-300x225.jpg 300w, https:\/\/vpdanses.fr\/wp-content\/uploads\/2025\/07\/2025-07-03.LE-MARAIS-DU-LIVRE.IMG_9398-1024x768.jpg 1024w, https:\/\/vpdanses.fr\/wp-content\/uploads\/2025\/07\/2025-07-03.LE-MARAIS-DU-LIVRE.IMG_9398-768x576.jpg 768w, https:\/\/vpdanses.fr\/wp-content\/uploads\/2025\/07\/2025-07-03.LE-MARAIS-DU-LIVRE.IMG_9398-500x375.jpg 500w, https:\/\/vpdanses.fr\/wp-content\/uploads\/2025\/07\/2025-07-03.LE-MARAIS-DU-LIVRE.IMG_9398-800x600.jpg 800w\" data-sizes=\"auto\" loading=\"eager\">\n\t\t<div class=\"vp-portfolio__item-overlay\"><\/div>\n\n\t\t<\/a>\t<\/div>\n<\/div>\n\n\t<figcaption class=\"vp-portfolio__item-caption vp-portfolio__item-caption-text-align-center\">\n\t\t<div class=\"vp-portfolio__item-meta-wrap vp-portfolio__custom-scrollbar\">\n\t\t\t<div class=\"vp-portfolio__item-meta\">\n\t\t\t\t\n<h2 class=\"vp-portfolio__item-meta-title\">\n\t\t<a\n\t\thref=\"https:\/\/vpdanses.fr\/wp-content\/uploads\/2025\/07\/2025-07-03.LE-MARAIS-DU-LIVRE.IMG_9398.jpg\"\n\t\t\t>\n\tLibrairie LE MARAIS DU LIVRE \u00e0 Hazebrouck. Choix d&rsquo;un livre pour le voyage \u00e0 Wuppertal, Allemagne.<\/a><\/h2>\n\t\t\t<\/div>\n\t\t<\/div>\n\t<\/figcaption>\n\t\t\t<\/figure>\n\t\t\t\t\t<\/div>\n\t\t\n\t\t<div\t\tclass=\"vp-portfolio__item-wrap vp-portfolio__item-uid-2db134c9\" data-vp-filter=\"\" \t\t>\n\t\t\t<template class=\"vp-portfolio__item-popup\" data-vp-popup-img=\"https:\/\/vpdanses.fr\/wp-content\/uploads\/2024\/12\/2025-07-04.WDSF_Wuppertal_IMG_9345.jpg\" data-vp-popup-img-srcset=\"https:\/\/vpdanses.fr\/wp-content\/uploads\/2024\/12\/2025-07-04.WDSF_Wuppertal_IMG_9345.jpg 950w, https:\/\/vpdanses.fr\/wp-content\/uploads\/2024\/12\/2025-07-04.WDSF_Wuppertal_IMG_9345-300x225.jpg 300w, https:\/\/vpdanses.fr\/wp-content\/uploads\/2024\/12\/2025-07-04.WDSF_Wuppertal_IMG_9345-768x576.jpg 768w, https:\/\/vpdanses.fr\/wp-content\/uploads\/2024\/12\/2025-07-04.WDSF_Wuppertal_IMG_9345-500x375.jpg 500w, https:\/\/vpdanses.fr\/wp-content\/uploads\/2024\/12\/2025-07-04.WDSF_Wuppertal_IMG_9345-800x600.jpg 800w\" data-vp-popup-img-size=\"950x712\" data-vp-popup-md-img=\"https:\/\/vpdanses.fr\/wp-content\/uploads\/2024\/12\/2025-07-04.WDSF_Wuppertal_IMG_9345-800x600.jpg\" data-vp-popup-md-img-size=\"800x600\" data-vp-popup-sm-img=\"https:\/\/vpdanses.fr\/wp-content\/uploads\/2024\/12\/2025-07-04.WDSF_Wuppertal_IMG_9345-500x375.jpg\" data-vp-popup-sm-img-size=\"500x375\">\n\t\t\t<h3 class=\"vp-portfolio__item-popup-title\">Comp\u00e9tition de Danse Sportive WDSF Wuppertal 2025 en Allemagne \u00e0 l&rsquo; Historische Stadthalle<\/h3>\n\t\t\t\t<div class=\"vp-portfolio__item-popup-description\">Comp\u00e9tition de Danse Sportive WDSF Wuppertal 2025 en Allemagne \u00e0 l&rsquo; Historische Stadthalle <\/div>\n\t\t<\/template>\n\t\t\t\t\t\t<figure class=\"vp-portfolio__item\">\n\t\t\t\t\n<div class=\"vp-portfolio__item-img-wrap\">\n\t<div class=\"vp-portfolio__item-img\">\n\t\t\t<a\n\t\thref=\"https:\/\/vpdanses.fr\/wp-content\/uploads\/2024\/12\/2025-07-04.WDSF_Wuppertal_IMG_9345.jpg\"\n\t\t\t>\n\t\n\t\t<noscript><img loading=\"lazy\" decoding=\"async\" width=\"950\" height=\"712\" data-skip-lazy src=\"https:\/\/vpdanses.fr\/wp-content\/uploads\/2024\/12\/2025-07-04.WDSF_Wuppertal_IMG_9345.jpg\" class=\"wp-image-13671\" alt=\"Comp\u00e9tition de Danse Sportive WDSF Wuppertal 2025 en Allemagne \u00e0 l&#039; Historische Stadthalle\" srcset=\"https:\/\/vpdanses.fr\/wp-content\/uploads\/2024\/12\/2025-07-04.WDSF_Wuppertal_IMG_9345.jpg 950w, https:\/\/vpdanses.fr\/wp-content\/uploads\/2024\/12\/2025-07-04.WDSF_Wuppertal_IMG_9345-300x225.jpg 300w, https:\/\/vpdanses.fr\/wp-content\/uploads\/2024\/12\/2025-07-04.WDSF_Wuppertal_IMG_9345-768x576.jpg 768w, https:\/\/vpdanses.fr\/wp-content\/uploads\/2024\/12\/2025-07-04.WDSF_Wuppertal_IMG_9345-500x375.jpg 500w, https:\/\/vpdanses.fr\/wp-content\/uploads\/2024\/12\/2025-07-04.WDSF_Wuppertal_IMG_9345-800x600.jpg 800w\" sizes=\"auto, (max-width: 950px) 100vw, 950px\" \/><\/noscript><img decoding=\"async\" width=\"950\" height=\"712\" src=\"https:\/\/vpdanses.fr\/wp-content\/uploads\/2024\/12\/2025-07-04.WDSF_Wuppertal_IMG_9345.jpg\" class=\"wp-image-13671 vp-lazyload\" alt=\"Comp\u00e9tition de Danse Sportive WDSF Wuppertal 2025 en Allemagne \u00e0 l&#039; Historische Stadthalle\" srcset=\"data:image\/svg+xml;base64,PHN2ZyB3aWR0aD0iOTUwIiBoZWlnaHQ9IjcxMiIgdmlld0JveD0iMCAwIDk1MCA3MTIiIGZpbGw9Im5vbmUiIHhtbG5zPSJodHRwOi8vd3d3LnczLm9yZy8yMDAwL3N2ZyI+PC9zdmc+\" data-src=\"https:\/\/vpdanses.fr\/wp-content\/uploads\/2024\/12\/2025-07-04.WDSF_Wuppertal_IMG_9345.jpg\" data-srcset=\"https:\/\/vpdanses.fr\/wp-content\/uploads\/2024\/12\/2025-07-04.WDSF_Wuppertal_IMG_9345.jpg 950w, https:\/\/vpdanses.fr\/wp-content\/uploads\/2024\/12\/2025-07-04.WDSF_Wuppertal_IMG_9345-300x225.jpg 300w, https:\/\/vpdanses.fr\/wp-content\/uploads\/2024\/12\/2025-07-04.WDSF_Wuppertal_IMG_9345-768x576.jpg 768w, https:\/\/vpdanses.fr\/wp-content\/uploads\/2024\/12\/2025-07-04.WDSF_Wuppertal_IMG_9345-500x375.jpg 500w, https:\/\/vpdanses.fr\/wp-content\/uploads\/2024\/12\/2025-07-04.WDSF_Wuppertal_IMG_9345-800x600.jpg 800w\" data-sizes=\"auto\" loading=\"eager\">\n\t\t<div class=\"vp-portfolio__item-overlay\"><\/div>\n\n\t\t<\/a>\t<\/div>\n<\/div>\n\n\t<figcaption class=\"vp-portfolio__item-caption vp-portfolio__item-caption-text-align-center\">\n\t\t<div class=\"vp-portfolio__item-meta-wrap vp-portfolio__custom-scrollbar\">\n\t\t\t<div class=\"vp-portfolio__item-meta\">\n\t\t\t\t\n<h2 class=\"vp-portfolio__item-meta-title\">\n\t\t<a\n\t\thref=\"https:\/\/vpdanses.fr\/wp-content\/uploads\/2024\/12\/2025-07-04.WDSF_Wuppertal_IMG_9345.jpg\"\n\t\t\t>\n\tComp\u00e9tition de Danse Sportive WDSF Wuppertal 2025 en Allemagne \u00e0 l&rsquo; Historische Stadthalle<\/a><\/h2>\n\t\t\t<\/div>\n\t\t<\/div>\n\t<\/figcaption>\n\t\t\t<\/figure>\n\t\t\t\t\t<\/div>\n\t\t\n\t\t<div\t\tclass=\"vp-portfolio__item-wrap vp-portfolio__item-uid-f12d5e1f\" data-vp-filter=\"\" \t\t>\n\t\t\t<template class=\"vp-portfolio__item-popup\" data-vp-popup-img=\"https:\/\/vpdanses.fr\/wp-content\/uploads\/2024\/12\/2025-07-04.WDSF_Wuppertal_IMG_9337.jpg\" data-vp-popup-img-srcset=\"https:\/\/vpdanses.fr\/wp-content\/uploads\/2024\/12\/2025-07-04.WDSF_Wuppertal_IMG_9337.jpg 1240w, https:\/\/vpdanses.fr\/wp-content\/uploads\/2024\/12\/2025-07-04.WDSF_Wuppertal_IMG_9337-300x225.jpg 300w, https:\/\/vpdanses.fr\/wp-content\/uploads\/2024\/12\/2025-07-04.WDSF_Wuppertal_IMG_9337-1024x768.jpg 1024w, https:\/\/vpdanses.fr\/wp-content\/uploads\/2024\/12\/2025-07-04.WDSF_Wuppertal_IMG_9337-768x576.jpg 768w, https:\/\/vpdanses.fr\/wp-content\/uploads\/2024\/12\/2025-07-04.WDSF_Wuppertal_IMG_9337-500x375.jpg 500w, https:\/\/vpdanses.fr\/wp-content\/uploads\/2024\/12\/2025-07-04.WDSF_Wuppertal_IMG_9337-800x600.jpg 800w\" data-vp-popup-img-size=\"1240x930\" data-vp-popup-md-img=\"https:\/\/vpdanses.fr\/wp-content\/uploads\/2024\/12\/2025-07-04.WDSF_Wuppertal_IMG_9337-800x600.jpg\" data-vp-popup-md-img-size=\"800x600\" data-vp-popup-sm-img=\"https:\/\/vpdanses.fr\/wp-content\/uploads\/2024\/12\/2025-07-04.WDSF_Wuppertal_IMG_9337-500x375.jpg\" data-vp-popup-sm-img-size=\"500x375\">\n\t\t\t<h3 class=\"vp-portfolio__item-popup-title\">Comp\u00e9tition de Danse Sportive WDSF Wuppertal 2025 en Allemagne \u00e0 l&rsquo; Historische Stadthalle<\/h3>\n\t\t\t\t<div class=\"vp-portfolio__item-popup-description\">Comp\u00e9tition de Danse Sportive WDSF Wuppertal 2025 en Allemagne \u00e0 l&rsquo; Historische Stadthalle <\/div>\n\t\t<\/template>\n\t\t\t\t\t\t<figure class=\"vp-portfolio__item\">\n\t\t\t\t\n<div class=\"vp-portfolio__item-img-wrap\">\n\t<div class=\"vp-portfolio__item-img\">\n\t\t\t<a\n\t\thref=\"https:\/\/vpdanses.fr\/wp-content\/uploads\/2024\/12\/2025-07-04.WDSF_Wuppertal_IMG_9337.jpg\"\n\t\t\t>\n\t\n\t\t<noscript><img loading=\"lazy\" decoding=\"async\" width=\"1240\" height=\"930\" data-skip-lazy src=\"https:\/\/vpdanses.fr\/wp-content\/uploads\/2024\/12\/2025-07-04.WDSF_Wuppertal_IMG_9337.jpg\" class=\"wp-image-13669\" alt=\"Comp\u00e9tition de Danse Sportive WDSF Wuppertal 2025 en Allemagne \u00e0 l&#039; Historische Stadthalle\" srcset=\"https:\/\/vpdanses.fr\/wp-content\/uploads\/2024\/12\/2025-07-04.WDSF_Wuppertal_IMG_9337.jpg 1240w, https:\/\/vpdanses.fr\/wp-content\/uploads\/2024\/12\/2025-07-04.WDSF_Wuppertal_IMG_9337-300x225.jpg 300w, https:\/\/vpdanses.fr\/wp-content\/uploads\/2024\/12\/2025-07-04.WDSF_Wuppertal_IMG_9337-1024x768.jpg 1024w, https:\/\/vpdanses.fr\/wp-content\/uploads\/2024\/12\/2025-07-04.WDSF_Wuppertal_IMG_9337-768x576.jpg 768w, https:\/\/vpdanses.fr\/wp-content\/uploads\/2024\/12\/2025-07-04.WDSF_Wuppertal_IMG_9337-500x375.jpg 500w, https:\/\/vpdanses.fr\/wp-content\/uploads\/2024\/12\/2025-07-04.WDSF_Wuppertal_IMG_9337-800x600.jpg 800w\" sizes=\"auto, (max-width: 1240px) 100vw, 1240px\" \/><\/noscript><img decoding=\"async\" width=\"1240\" height=\"930\" src=\"https:\/\/vpdanses.fr\/wp-content\/uploads\/2024\/12\/2025-07-04.WDSF_Wuppertal_IMG_9337.jpg\" class=\"wp-image-13669 vp-lazyload\" alt=\"Comp\u00e9tition de Danse Sportive WDSF Wuppertal 2025 en Allemagne \u00e0 l&#039; Historische Stadthalle\" srcset=\"data:image\/svg+xml;base64,PHN2ZyB3aWR0aD0iMTI0MCIgaGVpZ2h0PSI5MzAiIHZpZXdCb3g9IjAgMCAxMjQwIDkzMCIgZmlsbD0ibm9uZSIgeG1sbnM9Imh0dHA6Ly93d3cudzMub3JnLzIwMDAvc3ZnIj48L3N2Zz4=\" data-src=\"https:\/\/vpdanses.fr\/wp-content\/uploads\/2024\/12\/2025-07-04.WDSF_Wuppertal_IMG_9337.jpg\" data-srcset=\"https:\/\/vpdanses.fr\/wp-content\/uploads\/2024\/12\/2025-07-04.WDSF_Wuppertal_IMG_9337.jpg 1240w, https:\/\/vpdanses.fr\/wp-content\/uploads\/2024\/12\/2025-07-04.WDSF_Wuppertal_IMG_9337-300x225.jpg 300w, https:\/\/vpdanses.fr\/wp-content\/uploads\/2024\/12\/2025-07-04.WDSF_Wuppertal_IMG_9337-1024x768.jpg 1024w, https:\/\/vpdanses.fr\/wp-content\/uploads\/2024\/12\/2025-07-04.WDSF_Wuppertal_IMG_9337-768x576.jpg 768w, https:\/\/vpdanses.fr\/wp-content\/uploads\/2024\/12\/2025-07-04.WDSF_Wuppertal_IMG_9337-500x375.jpg 500w, https:\/\/vpdanses.fr\/wp-content\/uploads\/2024\/12\/2025-07-04.WDSF_Wuppertal_IMG_9337-800x600.jpg 800w\" data-sizes=\"auto\" loading=\"eager\">\n\t\t<div class=\"vp-portfolio__item-overlay\"><\/div>\n\n\t\t<\/a>\t<\/div>\n<\/div>\n\n\t<figcaption class=\"vp-portfolio__item-caption vp-portfolio__item-caption-text-align-center\">\n\t\t<div class=\"vp-portfolio__item-meta-wrap vp-portfolio__custom-scrollbar\">\n\t\t\t<div class=\"vp-portfolio__item-meta\">\n\t\t\t\t\n<h2 class=\"vp-portfolio__item-meta-title\">\n\t\t<a\n\t\thref=\"https:\/\/vpdanses.fr\/wp-content\/uploads\/2024\/12\/2025-07-04.WDSF_Wuppertal_IMG_9337.jpg\"\n\t\t\t>\n\tComp\u00e9tition de Danse Sportive WDSF Wuppertal 2025 en Allemagne \u00e0 l&rsquo; Historische Stadthalle<\/a><\/h2>\n\t\t\t<\/div>\n\t\t<\/div>\n\t<\/figcaption>\n\t\t\t<\/figure>\n\t\t\t\t\t<\/div>\n\t\t\n\t\t<div\t\tclass=\"vp-portfolio__item-wrap vp-portfolio__item-uid-00be1c27\" data-vp-filter=\"\" \t\t>\n\t\t\t<template class=\"vp-portfolio__item-popup\" data-vp-popup-img=\"https:\/\/vpdanses.fr\/wp-content\/uploads\/2024\/12\/2025-07-04.WDSF_Wuppertal_IMG_9339.jpg\" data-vp-popup-img-srcset=\"https:\/\/vpdanses.fr\/wp-content\/uploads\/2024\/12\/2025-07-04.WDSF_Wuppertal_IMG_9339.jpg 1240w, https:\/\/vpdanses.fr\/wp-content\/uploads\/2024\/12\/2025-07-04.WDSF_Wuppertal_IMG_9339-300x225.jpg 300w, https:\/\/vpdanses.fr\/wp-content\/uploads\/2024\/12\/2025-07-04.WDSF_Wuppertal_IMG_9339-1024x768.jpg 1024w, https:\/\/vpdanses.fr\/wp-content\/uploads\/2024\/12\/2025-07-04.WDSF_Wuppertal_IMG_9339-768x576.jpg 768w, https:\/\/vpdanses.fr\/wp-content\/uploads\/2024\/12\/2025-07-04.WDSF_Wuppertal_IMG_9339-500x375.jpg 500w, https:\/\/vpdanses.fr\/wp-content\/uploads\/2024\/12\/2025-07-04.WDSF_Wuppertal_IMG_9339-800x600.jpg 800w\" data-vp-popup-img-size=\"1240x930\" data-vp-popup-md-img=\"https:\/\/vpdanses.fr\/wp-content\/uploads\/2024\/12\/2025-07-04.WDSF_Wuppertal_IMG_9339-800x600.jpg\" data-vp-popup-md-img-size=\"800x600\" data-vp-popup-sm-img=\"https:\/\/vpdanses.fr\/wp-content\/uploads\/2024\/12\/2025-07-04.WDSF_Wuppertal_IMG_9339-500x375.jpg\" data-vp-popup-sm-img-size=\"500x375\">\n\t\t\t<h3 class=\"vp-portfolio__item-popup-title\">Comp\u00e9tition de Danse Sportive WDSF Wuppertal 2025 en Allemagne \u00e0 l&rsquo; Historische Stadthalle<\/h3>\n\t\t\t\t<div class=\"vp-portfolio__item-popup-description\">Comp\u00e9tition de Danse Sportive WDSF Wuppertal 2025 en Allemagne \u00e0 l&rsquo; Historische Stadthalle <\/div>\n\t\t<\/template>\n\t\t\t\t\t\t<figure class=\"vp-portfolio__item\">\n\t\t\t\t\n<div class=\"vp-portfolio__item-img-wrap\">\n\t<div class=\"vp-portfolio__item-img\">\n\t\t\t<a\n\t\thref=\"https:\/\/vpdanses.fr\/wp-content\/uploads\/2024\/12\/2025-07-04.WDSF_Wuppertal_IMG_9339.jpg\"\n\t\t\t>\n\t\n\t\t<noscript><img loading=\"lazy\" decoding=\"async\" width=\"1240\" height=\"930\" data-skip-lazy src=\"https:\/\/vpdanses.fr\/wp-content\/uploads\/2024\/12\/2025-07-04.WDSF_Wuppertal_IMG_9339.jpg\" class=\"wp-image-13668\" alt=\"Comp\u00e9tition de Danse Sportive WDSF Wuppertal 2025 en Allemagne \u00e0 l&#039; Historische Stadthalle\" srcset=\"https:\/\/vpdanses.fr\/wp-content\/uploads\/2024\/12\/2025-07-04.WDSF_Wuppertal_IMG_9339.jpg 1240w, https:\/\/vpdanses.fr\/wp-content\/uploads\/2024\/12\/2025-07-04.WDSF_Wuppertal_IMG_9339-300x225.jpg 300w, https:\/\/vpdanses.fr\/wp-content\/uploads\/2024\/12\/2025-07-04.WDSF_Wuppertal_IMG_9339-1024x768.jpg 1024w, https:\/\/vpdanses.fr\/wp-content\/uploads\/2024\/12\/2025-07-04.WDSF_Wuppertal_IMG_9339-768x576.jpg 768w, https:\/\/vpdanses.fr\/wp-content\/uploads\/2024\/12\/2025-07-04.WDSF_Wuppertal_IMG_9339-500x375.jpg 500w, https:\/\/vpdanses.fr\/wp-content\/uploads\/2024\/12\/2025-07-04.WDSF_Wuppertal_IMG_9339-800x600.jpg 800w\" sizes=\"auto, (max-width: 1240px) 100vw, 1240px\" \/><\/noscript><img decoding=\"async\" width=\"1240\" height=\"930\" src=\"https:\/\/vpdanses.fr\/wp-content\/uploads\/2024\/12\/2025-07-04.WDSF_Wuppertal_IMG_9339.jpg\" class=\"wp-image-13668 vp-lazyload\" alt=\"Comp\u00e9tition de Danse Sportive WDSF Wuppertal 2025 en Allemagne \u00e0 l&#039; Historische Stadthalle\" srcset=\"data:image\/svg+xml;base64,PHN2ZyB3aWR0aD0iMTI0MCIgaGVpZ2h0PSI5MzAiIHZpZXdCb3g9IjAgMCAxMjQwIDkzMCIgZmlsbD0ibm9uZSIgeG1sbnM9Imh0dHA6Ly93d3cudzMub3JnLzIwMDAvc3ZnIj48L3N2Zz4=\" data-src=\"https:\/\/vpdanses.fr\/wp-content\/uploads\/2024\/12\/2025-07-04.WDSF_Wuppertal_IMG_9339.jpg\" data-srcset=\"https:\/\/vpdanses.fr\/wp-content\/uploads\/2024\/12\/2025-07-04.WDSF_Wuppertal_IMG_9339.jpg 1240w, https:\/\/vpdanses.fr\/wp-content\/uploads\/2024\/12\/2025-07-04.WDSF_Wuppertal_IMG_9339-300x225.jpg 300w, https:\/\/vpdanses.fr\/wp-content\/uploads\/2024\/12\/2025-07-04.WDSF_Wuppertal_IMG_9339-1024x768.jpg 1024w, https:\/\/vpdanses.fr\/wp-content\/uploads\/2024\/12\/2025-07-04.WDSF_Wuppertal_IMG_9339-768x576.jpg 768w, https:\/\/vpdanses.fr\/wp-content\/uploads\/2024\/12\/2025-07-04.WDSF_Wuppertal_IMG_9339-500x375.jpg 500w, https:\/\/vpdanses.fr\/wp-content\/uploads\/2024\/12\/2025-07-04.WDSF_Wuppertal_IMG_9339-800x600.jpg 800w\" data-sizes=\"auto\" loading=\"eager\">\n\t\t<div class=\"vp-portfolio__item-overlay\"><\/div>\n\n\t\t<\/a>\t<\/div>\n<\/div>\n\n\t<figcaption class=\"vp-portfolio__item-caption vp-portfolio__item-caption-text-align-center\">\n\t\t<div class=\"vp-portfolio__item-meta-wrap vp-portfolio__custom-scrollbar\">\n\t\t\t<div class=\"vp-portfolio__item-meta\">\n\t\t\t\t\n<h2 class=\"vp-portfolio__item-meta-title\">\n\t\t<a\n\t\thref=\"https:\/\/vpdanses.fr\/wp-content\/uploads\/2024\/12\/2025-07-04.WDSF_Wuppertal_IMG_9339.jpg\"\n\t\t\t>\n\tComp\u00e9tition de Danse Sportive WDSF Wuppertal 2025 en Allemagne \u00e0 l&rsquo; Historische Stadthalle<\/a><\/h2>\n\t\t\t<\/div>\n\t\t<\/div>\n\t<\/figcaption>\n\t\t\t<\/figure>\n\t\t\t\t\t<\/div>\n\t\t\n\t\t<div\t\tclass=\"vp-portfolio__item-wrap vp-portfolio__item-uid-5b5dd213\" data-vp-filter=\"\" \t\t>\n\t\t\t<template class=\"vp-portfolio__item-popup\" data-vp-popup-img=\"https:\/\/vpdanses.fr\/wp-content\/uploads\/2024\/12\/2025-07-04.WDSF_Wuppertal_IMG_9477.jpg\" data-vp-popup-img-srcset=\"https:\/\/vpdanses.fr\/wp-content\/uploads\/2024\/12\/2025-07-04.WDSF_Wuppertal_IMG_9477.jpg 1240w, https:\/\/vpdanses.fr\/wp-content\/uploads\/2024\/12\/2025-07-04.WDSF_Wuppertal_IMG_9477-300x225.jpg 300w, https:\/\/vpdanses.fr\/wp-content\/uploads\/2024\/12\/2025-07-04.WDSF_Wuppertal_IMG_9477-1024x768.jpg 1024w, https:\/\/vpdanses.fr\/wp-content\/uploads\/2024\/12\/2025-07-04.WDSF_Wuppertal_IMG_9477-768x576.jpg 768w, https:\/\/vpdanses.fr\/wp-content\/uploads\/2024\/12\/2025-07-04.WDSF_Wuppertal_IMG_9477-500x375.jpg 500w, https:\/\/vpdanses.fr\/wp-content\/uploads\/2024\/12\/2025-07-04.WDSF_Wuppertal_IMG_9477-800x600.jpg 800w\" data-vp-popup-img-size=\"1240x930\" data-vp-popup-md-img=\"https:\/\/vpdanses.fr\/wp-content\/uploads\/2024\/12\/2025-07-04.WDSF_Wuppertal_IMG_9477-800x600.jpg\" data-vp-popup-md-img-size=\"800x600\" data-vp-popup-sm-img=\"https:\/\/vpdanses.fr\/wp-content\/uploads\/2024\/12\/2025-07-04.WDSF_Wuppertal_IMG_9477-500x375.jpg\" data-vp-popup-sm-img-size=\"500x375\">\n\t\t\t<h3 class=\"vp-portfolio__item-popup-title\">Historische Stadthalle \u00e0 Wuppertal, Germany<\/h3>\n\t\t\t\t<div class=\"vp-portfolio__item-popup-description\">Historische Stadthalle \u00e0 Wuppertal, Germany <\/div>\n\t\t<\/template>\n\t\t\t\t\t\t<figure class=\"vp-portfolio__item\">\n\t\t\t\t\n<div class=\"vp-portfolio__item-img-wrap\">\n\t<div class=\"vp-portfolio__item-img\">\n\t\t\t<a\n\t\thref=\"https:\/\/vpdanses.fr\/wp-content\/uploads\/2024\/12\/2025-07-04.WDSF_Wuppertal_IMG_9477.jpg\"\n\t\t\t>\n\t\n\t\t<noscript><img loading=\"lazy\" decoding=\"async\" width=\"1240\" height=\"930\" data-skip-lazy src=\"https:\/\/vpdanses.fr\/wp-content\/uploads\/2024\/12\/2025-07-04.WDSF_Wuppertal_IMG_9477.jpg\" class=\"wp-image-13667\" alt=\"Historische Stadthalle \u00e0 Wuppertal, Germany\" srcset=\"https:\/\/vpdanses.fr\/wp-content\/uploads\/2024\/12\/2025-07-04.WDSF_Wuppertal_IMG_9477.jpg 1240w, https:\/\/vpdanses.fr\/wp-content\/uploads\/2024\/12\/2025-07-04.WDSF_Wuppertal_IMG_9477-300x225.jpg 300w, https:\/\/vpdanses.fr\/wp-content\/uploads\/2024\/12\/2025-07-04.WDSF_Wuppertal_IMG_9477-1024x768.jpg 1024w, https:\/\/vpdanses.fr\/wp-content\/uploads\/2024\/12\/2025-07-04.WDSF_Wuppertal_IMG_9477-768x576.jpg 768w, https:\/\/vpdanses.fr\/wp-content\/uploads\/2024\/12\/2025-07-04.WDSF_Wuppertal_IMG_9477-500x375.jpg 500w, https:\/\/vpdanses.fr\/wp-content\/uploads\/2024\/12\/2025-07-04.WDSF_Wuppertal_IMG_9477-800x600.jpg 800w\" sizes=\"auto, (max-width: 1240px) 100vw, 1240px\" \/><\/noscript><img decoding=\"async\" width=\"1240\" height=\"930\" src=\"https:\/\/vpdanses.fr\/wp-content\/uploads\/2024\/12\/2025-07-04.WDSF_Wuppertal_IMG_9477.jpg\" class=\"wp-image-13667 vp-lazyload\" alt=\"Historische Stadthalle \u00e0 Wuppertal, Germany\" srcset=\"data:image\/svg+xml;base64,PHN2ZyB3aWR0aD0iMTI0MCIgaGVpZ2h0PSI5MzAiIHZpZXdCb3g9IjAgMCAxMjQwIDkzMCIgZmlsbD0ibm9uZSIgeG1sbnM9Imh0dHA6Ly93d3cudzMub3JnLzIwMDAvc3ZnIj48L3N2Zz4=\" data-src=\"https:\/\/vpdanses.fr\/wp-content\/uploads\/2024\/12\/2025-07-04.WDSF_Wuppertal_IMG_9477.jpg\" data-srcset=\"https:\/\/vpdanses.fr\/wp-content\/uploads\/2024\/12\/2025-07-04.WDSF_Wuppertal_IMG_9477.jpg 1240w, https:\/\/vpdanses.fr\/wp-content\/uploads\/2024\/12\/2025-07-04.WDSF_Wuppertal_IMG_9477-300x225.jpg 300w, https:\/\/vpdanses.fr\/wp-content\/uploads\/2024\/12\/2025-07-04.WDSF_Wuppertal_IMG_9477-1024x768.jpg 1024w, https:\/\/vpdanses.fr\/wp-content\/uploads\/2024\/12\/2025-07-04.WDSF_Wuppertal_IMG_9477-768x576.jpg 768w, https:\/\/vpdanses.fr\/wp-content\/uploads\/2024\/12\/2025-07-04.WDSF_Wuppertal_IMG_9477-500x375.jpg 500w, https:\/\/vpdanses.fr\/wp-content\/uploads\/2024\/12\/2025-07-04.WDSF_Wuppertal_IMG_9477-800x600.jpg 800w\" data-sizes=\"auto\" loading=\"eager\">\n\t\t<div class=\"vp-portfolio__item-overlay\"><\/div>\n\n\t\t<\/a>\t<\/div>\n<\/div>\n\n\t<figcaption class=\"vp-portfolio__item-caption vp-portfolio__item-caption-text-align-center\">\n\t\t<div class=\"vp-portfolio__item-meta-wrap vp-portfolio__custom-scrollbar\">\n\t\t\t<div class=\"vp-portfolio__item-meta\">\n\t\t\t\t\n<h2 class=\"vp-portfolio__item-meta-title\">\n\t\t<a\n\t\thref=\"https:\/\/vpdanses.fr\/wp-content\/uploads\/2024\/12\/2025-07-04.WDSF_Wuppertal_IMG_9477.jpg\"\n\t\t\t>\n\tHistorische Stadthalle \u00e0 Wuppertal, Germany<\/a><\/h2>\n\t\t\t<\/div>\n\t\t<\/div>\n\t<\/figcaption>\n\t\t\t<\/figure>\n\t\t\t\t\t<\/div>\n\t\t\n<\/div>\n\t\t<\/div>\n\t\t\n<\/div>\n<\/div>\n\n\n<div style=\"height:27px\" aria-hidden=\"true\" class=\"wp-block-spacer\"><\/div>\n\n\n\n<hr class=\"wp-block-separator has-alpha-channel-opacity is-style-wide\"\/>\n\n\n\n<h2 class=\"wp-block-heading\">NOS comp\u00e9titions \u00e0 Wuppertal : <\/h2>\n\n\n<!=========list Template 3.2.1=========><script type=\"application\/ld+json\">\r\n[{\"@context\":\"http:\/\/schema.org\",\"@type\":\"Event\",\"name\":\"WDSF Wuppertal 2025, Allemagne\",\"description\":\"&lt;p&gt;Ce vendredi 4 juillet 2025, nous participions \\u00e0 la comp\\u00e9tition de Danse Sportive WDSF Wuppertal 2025, en Allemagne dans la Cat\\u00e9gorie des Seniors 2 Latines ! &lt;\/p&gt;\\\\n\",\"image\":\"https:\/\/vpdanses.fr\/wp-content\/uploads\/2024\/12\/Historische_Stadthalle_Wuppertal.png\",\"url\":\"https:\/\/vpdanses.fr\/home\/bienvenue-chez-vp-danses-hazebrouck\/evenement\/wdsf-wuppertal-2025-allemagne\/\",\"eventAttendanceMode\":\"https:\/\/schema.org\/OfflineEventAttendanceMode\",\"eventStatus\":\"https:\/\/schema.org\/EventScheduled\",\"startDate\":\"2025-07-04T18:00:00+02:00\",\"endDate\":\"2025-07-04T21:00:00+02:00\",\"location\":{\"@type\":\"Place\",\"name\":\"Historic Town Hall Wuppertal\",\"description\":\"\",\"url\":\"https:\/\/vpdanses.fr\/home\/bienvenue-chez-vp-danses-hazebrouck\/lieu\/\",\"address\":{\"@type\":\"PostalAddress\",\"streetAddress\":\"Johannisberg 40\",\"addressLocality\":\"Wuppertal\",\"postalCode\":\"42103\",\"addressCountry\":\"Germany\"},\"telephone\":\"\",\"sameAs\":\"https:\/\/www.stadthalle.de\/en\/nc\/\"},\"organizer\":{\"@type\":\"Person\",\"name\":\"danceComp Wuppertal\",\"description\":\"\",\"url\":\"https:\/\/dancecomp.de\",\"telephone\":\"+49 203 7381 669\",\"email\":\"&#105;&#110;&#102;&#111;&#64;&#100;&#97;ncec&#111;mp&#46;d&#101;\",\"sameAs\":\"https:\/\/dancecomp.de\"},\"performer\":\"Organization\"}]\r\n<\/script><div id=\"ect-events-list-content\" class=\"ectt-list-wrapper\"><div id=\"list-wrp\" class=\"ect-list-wrapper all\">\r\n\t<div id=\"event-10305\"  class=\"ect-list-post style-1 ect-featured-event\" >\r\n\t\t<div class=\"ect-list-post-left \">\r\n\t\t\t<div class=\"ect-list-img\" style=\"background-image:url(&#039;https:\/\/vpdanses.fr\/wp-content\/uploads\/2024\/12\/Historische_Stadthalle_Wuppertal-1024x565.png&#039;);background-size:cover;\"><a href=\"https:\/\/vpdanses.fr\/home\/bienvenue-chez-vp-danses-hazebrouck\/evenement\/wdsf-wuppertal-2025-allemagne\/\" alt=\"WDSF Wuppertal 2025, Allemagne\" rel=\"bookmark\">\r\n\t\t\t\t\t<div class=\"ect-list-date\"><div class=\"ect-date-area default-schedule\">\r\n\t\t\t\t\t\t\t\t<span class=\"ev-day\">04<\/span>\r\n\t\t\t\t\t\t\t\t<span class=\"ev-mo\">juillet<\/span>\r\n\t\t\t\t\t\t\t\t<span class=\"ev-yr\">2025<\/span>\r\n\t\t\t\t\t\t\t\t<\/div><\/div>\r\n\t\t\t\t<\/a><\/div><\/div><!-- left-post close -->\r\n\t\t<div class=\"ect-list-post-right\">\r\n\t\t\t<div class=\"ect-list-post-right-table\"><div class=\"ect-list-description\"><h2 class=\"ect-list-title\"><a class=\"ect-event-url\" href=\"https:\/\/vpdanses.fr\/home\/bienvenue-chez-vp-danses-hazebrouck\/evenement\/wdsf-wuppertal-2025-allemagne\/\" rel=\"bookmark\">WDSF Wuppertal 2025, Allemagne<\/a><\/h2><!-- Event Content --><div class=\"ect-event-content\"><p>Ce vendredi 4 juillet 2025, nous participions \u00e0 la comp\u00e9tition de Danse Sportive WDSF Wuppertal 2025, en Allemagne dans la Cat\u00e9gorie des Seniors 2 Latines !<\/p><\/div><a href=\"https:\/\/vpdanses.fr\/home\/bienvenue-chez-vp-danses-hazebrouck\/evenement\/wdsf-wuppertal-2025-allemagne\/\" class=\"ect-events-read-more\" rel=\"bookmark\">En savoir plus<\/a><\/div><div class=\"ect-list-venue default-venue\"><span class=\"ect-icon\"><i class=\"ect-icon-location\" aria-hidden=\"true\"><\/i><\/span><!-- Venue Display Info -->\r\n                        <span class=\"ect-venue-details ect-address\">\r\n                       \r\n                        <div><a href=\"https:\/\/vpdanses.fr\/home\/bienvenue-chez-vp-danses-hazebrouck\/lieu\/\" title=\"Historic Town Hall Wuppertal\">Historic Town Hall Wuppertal<\/a>,<span class=\"tribe-address\">\n\n<span class=\"tribe-street-address\">Johannisberg 40<\/span>\n\t\n\t\t<br>\n\t\t<span class=\"tribe-locality\">Wuppertal<\/span><span class=\"tribe-delimiter\">,<\/span>\n\n\n\t<span class=\"tribe-postal-code\">42103<\/span>\n\n\t<span class=\"tribe-country-name\">Germany<\/span>\n\n<\/span>\n<\/div><span class=\"ect-google\"><a class=\"tribe-events-gmap\" href=\"https:\/\/maps.google.com\/maps?f=q&#038;source=s_q&#038;hl=en&#038;geocode=&#038;q=Johannisberg+40+Wuppertal+42103+Germany\" title=\"Cliquez pour voir une carte Google Map\" target=\"_blank\" rel=\"noreferrer noopener\">+ Google Map<\/a><\/span><\/span><\/div><\/div><\/div><!-- right-wrapper close -->\r\n\t<\/div><!-- event-loop-end --><\/div><\/div>\n\n\n<div style=\"height:27px\" aria-hidden=\"true\" class=\"wp-block-spacer\"><\/div>\n\n\n\n<hr class=\"wp-block-separator has-alpha-channel-opacity is-style-wide\"\/>\n\n\n\n<h2 class=\"wp-block-heading\">Les r\u00e9sultats et le classement :<\/h2>\n\n\n\n<p>Tous les d\u00e9tails sur les marques, le classement, les juges : cliquez <a href=\"https:\/\/www.worlddancesport.org\/Competitions\/Ranking\/Open-Wuppertal-Senior-II-Latin-62752\" target=\"_blank\" rel=\"noreferrer noopener\">ici<\/a> ! <\/p>\n\n\n\n<p>Bravo aux finalistes de la cat\u00e9gorie Seniors 2 Latines ! <\/p>\n\n\n\n<figure class=\"wp-block-image size-full\"><noscript><img loading=\"lazy\" decoding=\"async\" width=\"481\" height=\"284\" data-skip-lazy src=\"https:\/\/vpdanses.fr\/wp-content\/uploads\/2025\/07\/2025-07-04.WDSF_Wuppertal_IMG_9636.jpg\" alt=\"Comp\u00e9tition de Danse Sportive WDSF Wuppertal 2025 en Allemagne \u00e0 l' Historische Stadthalle\" class=\"wp-image-13694\" srcset=\"https:\/\/vpdanses.fr\/wp-content\/uploads\/2025\/07\/2025-07-04.WDSF_Wuppertal_IMG_9636.jpg 481w, https:\/\/vpdanses.fr\/wp-content\/uploads\/2025\/07\/2025-07-04.WDSF_Wuppertal_IMG_9636-300x177.jpg 300w\" sizes=\"auto, (max-width: 481px) 100vw, 481px\" \/><\/noscript><img loading=\"eager\" decoding=\"async\" width=\"481\" height=\"284\" src=\"https:\/\/vpdanses.fr\/wp-content\/uploads\/2025\/07\/2025-07-04.WDSF_Wuppertal_IMG_9636.jpg\" alt=\"Comp\u00e9tition de Danse Sportive WDSF Wuppertal 2025 en Allemagne \u00e0 l&#039; Historische Stadthalle\" class=\"wp-image-13694 vp-lazyload\" srcset=\"data:image\/svg+xml;base64,PHN2ZyB3aWR0aD0iNDgxIiBoZWlnaHQ9IjI4NCIgdmlld0JveD0iMCAwIDQ4MSAyODQiIGZpbGw9Im5vbmUiIHhtbG5zPSJodHRwOi8vd3d3LnczLm9yZy8yMDAwL3N2ZyI+PC9zdmc+\" data-src=\"https:\/\/vpdanses.fr\/wp-content\/uploads\/2025\/07\/2025-07-04.WDSF_Wuppertal_IMG_9636.jpg\" data-srcset=\"https:\/\/vpdanses.fr\/wp-content\/uploads\/2025\/07\/2025-07-04.WDSF_Wuppertal_IMG_9636.jpg 481w, https:\/\/vpdanses.fr\/wp-content\/uploads\/2025\/07\/2025-07-04.WDSF_Wuppertal_IMG_9636-300x177.jpg 300w\" data-sizes=\"auto\"><figcaption class=\"wp-element-caption\">Comp\u00e9tition de Danse Sportive WDSF Wuppertal 2025 en Allemagne \u00e0 l&rsquo; Historische Stadthalle <\/figcaption><\/figure>\n\n\n\n<div style=\"height:27px\" aria-hidden=\"true\" class=\"wp-block-spacer\"><\/div>\n","protected":false},"excerpt":{"rendered":"<p>Ce vendredi 4 juillet 2025, nous participions \u00e0 la comp\u00e9tition de Danse Sportive WDSF Wuppertal 2025, en Allemagne dans la Cat\u00e9gorie des Seniors 2 Latines !<\/p>\n","protected":false},"author":1,"featured_media":13667,"comment_status":"closed","ping_status":"closed","sticky":false,"template":"","format":"standard","meta":{"_uag_custom_page_level_css":"","_price":"","_stock":"","_tribe_ticket_header":"","_tribe_default_ticket_provider":"","_tribe_ticket_capacity":"0","_ticket_start_date":"","_ticket_end_date":"","_tribe_ticket_show_description":"","_tribe_ticket_show_not_going":false,"_tribe_ticket_use_global_stock":"","_tribe_ticket_global_stock_level":"","_global_stock_mode":"","_global_stock_cap":"","_tribe_rsvp_for_event":"","_tribe_ticket_going_count":"","_tribe_ticket_not_going_count":"","_tribe_tickets_list":"[]","_tribe_ticket_has_attendee_info_fields":false,"_EventAllDay":false,"_EventTimezone":"","_EventStartDate":"","_EventEndDate":"","_EventStartDateUTC":"","_EventEndDateUTC":"","_EventShowMap":false,"_EventShowMapLink":false,"_EventURL":"","_EventCost":"","_EventCostDescription":"","_EventCurrencySymbol":"","_EventCurrencyCode":"","_EventCurrencyPosition":"","_EventDateTimeSeparator":"","_EventTimeRangeSeparator":"","_EventOrganizerID":[],"_EventVenueID":[],"_OrganizerEmail":"","_OrganizerPhone":"","_OrganizerWebsite":"","_VenueAddress":"","_VenueCity":"","_VenueCountry":"","_VenueProvince":"","_VenueState":"","_VenueZip":"","_VenuePhone":"","_VenueURL":"","_VenueStateProvince":"","_VenueLat":"","_VenueLng":"","_VenueShowMap":false,"_VenueShowMapLink":false,"_vp_format_video_url":"","_vp_image_focal_point":[],"_jetpack_memberships_contains_paid_content":false,"footnotes":""},"categories":[302,229,293,301,230],"tags":[],"class_list":["post-13675","post","type-post","status-publish","format-standard","has-post-thumbnail","hentry","category-allemagne","category-competition","category-danse-sportive","category-pays","category-wdsf-competition","cat_competition","cat_danse-sportive","cat_wdsf"],"yoast_head":"<!-- This site is optimized with the Yoast SEO Premium plugin v25.6 (Yoast SEO v25.6) - https:\/\/yoast.com\/wordpress\/plugins\/seo\/ -->\n<title>Une place de 24\u00e8me sur 43 couples pr\u00e9sents dans la cat\u00e9gorie Seniors 2 LAtines lors de la Comp\u00e9tition de Danse Sportive WDSF Wuppertal 2025, Allemagne - VP DANSES, cours de Danse Sportive \u00e0 Aire-sur-la-Lys et \u00e0 Saint-Jans-Cappel (Hauts-de-France)<\/title>\n<meta name=\"description\" content=\"Ce vendredi 4 juillet 2025, nous participions \u00e0 la comp\u00e9tition de Danse Sportive WDSF Wuppertal 2025, en Allemagne dans la Cat\u00e9gorie des Seniors 2 Latines !\" \/>\n<meta name=\"robots\" content=\"index, follow, max-snippet:-1, max-image-preview:large, max-video-preview:-1\" \/>\n<link rel=\"canonical\" href=\"https:\/\/vpdanses.fr\/home\/bienvenue-chez-vp-danses-hazebrouck\/competition-danse-sportive-wdsf-wuppertal-2025-allemagne\/\" \/>\n<meta property=\"og:locale\" content=\"fr_FR\" \/>\n<meta property=\"og:type\" content=\"article\" \/>\n<meta property=\"og:title\" content=\"Comp\u00e9tition de Danse Sportive WDSF Wuppertal 2025, Allemagne\" \/>\n<meta property=\"og:description\" content=\"Ce vendredi 4 juillet 2025, nous participions \u00e0 la comp\u00e9tition de Danse Sportive WDSF Wuppertal 2025, en Allemagne dans la Cat\u00e9gorie des Seniors 2 Latines !\" \/>\n<meta property=\"og:url\" content=\"https:\/\/vpdanses.fr\/home\/bienvenue-chez-vp-danses-hazebrouck\/competition-danse-sportive-wdsf-wuppertal-2025-allemagne\/\" \/>\n<meta property=\"og:site_name\" content=\"VP DANSES, cours de Danse Sportive \u00e0 Aire-sur-la-Lys et \u00e0 Saint-Jans-Cappel (Hauts-de-France)\" \/>\n<meta property=\"article:published_time\" content=\"2025-07-04T16:00:19+00:00\" \/>\n<meta property=\"article:modified_time\" content=\"2025-07-22T04:04:40+00:00\" \/>\n<meta property=\"og:image\" content=\"https:\/\/vpdanses.fr\/wp-content\/uploads\/2024\/12\/2025-07-04.WDSF_Wuppertal_IMG_9339.jpg\" \/>\n\t<meta property=\"og:image:width\" content=\"1240\" \/>\n\t<meta property=\"og:image:height\" content=\"930\" \/>\n\t<meta property=\"og:image:type\" content=\"image\/jpeg\" \/>\n<meta name=\"author\" content=\"VP DANSES\" \/>\n<meta name=\"twitter:card\" content=\"summary_large_image\" \/>\n<meta name=\"twitter:title\" content=\"Une place de 24\u00e8me sur 43 couples pr\u00e9sents dans la cat\u00e9gorie Seniors 2 LAtines lors de la Comp\u00e9tition de Danse Sportive WDSF Wuppertal 2025, Allemagne\" \/>\n<meta name=\"twitter:label1\" content=\"\u00c9crit par\" \/>\n\t<meta name=\"twitter:data1\" content=\"VP DANSES\" \/>\n\t<meta name=\"twitter:label2\" content=\"Dur\u00e9e de lecture estim\u00e9e\" \/>\n\t<meta name=\"twitter:data2\" content=\"2 minutes\" \/>\n<script type=\"application\/ld+json\" class=\"yoast-schema-graph\">{\"@context\":\"https:\/\/schema.org\",\"@graph\":[{\"@type\":\"Article\",\"@id\":\"https:\/\/vpdanses.fr\/home\/bienvenue-chez-vp-danses-hazebrouck\/competition-danse-sportive-wdsf-wuppertal-2025-allemagne\/#article\",\"isPartOf\":{\"@id\":\"https:\/\/vpdanses.fr\/home\/bienvenue-chez-vp-danses-hazebrouck\/competition-danse-sportive-wdsf-wuppertal-2025-allemagne\/\"},\"author\":{\"name\":\"VP DANSES\",\"@id\":\"https:\/\/vpdanses.fr\/home\/bienvenue-chez-vp-danses-hazebrouck\/#\/schema\/person\/bf87806369778f949b83c9cd885519e5\"},\"headline\":\"Une place de 24\u00e8me sur 43 couples pr\u00e9sents dans la cat\u00e9gorie Seniors 2 LAtines lors de la Comp\u00e9tition de Danse Sportive WDSF Wuppertal 2025, Allemagne\",\"datePublished\":\"2025-07-04T16:00:19+00:00\",\"dateModified\":\"2025-07-22T04:04:40+00:00\",\"mainEntityOfPage\":{\"@id\":\"https:\/\/vpdanses.fr\/home\/bienvenue-chez-vp-danses-hazebrouck\/competition-danse-sportive-wdsf-wuppertal-2025-allemagne\/\"},\"wordCount\":208,\"publisher\":{\"@id\":\"https:\/\/vpdanses.fr\/home\/bienvenue-chez-vp-danses-hazebrouck\/#organization\"},\"image\":{\"@id\":\"https:\/\/vpdanses.fr\/home\/bienvenue-chez-vp-danses-hazebrouck\/competition-danse-sportive-wdsf-wuppertal-2025-allemagne\/#primaryimage\"},\"thumbnailUrl\":\"https:\/\/vpdanses.fr\/wp-content\/uploads\/2024\/12\/2025-07-04.WDSF_Wuppertal_IMG_9477.jpg\",\"articleSection\":[\"Allemagne\",\"Comp\u00e9tition\",\"DANSE SPORTIVE\",\"Pays\",\"WDSF\"],\"inLanguage\":\"fr-FR\"},{\"@type\":\"WebPage\",\"@id\":\"https:\/\/vpdanses.fr\/home\/bienvenue-chez-vp-danses-hazebrouck\/competition-danse-sportive-wdsf-wuppertal-2025-allemagne\/\",\"url\":\"https:\/\/vpdanses.fr\/home\/bienvenue-chez-vp-danses-hazebrouck\/competition-danse-sportive-wdsf-wuppertal-2025-allemagne\/\",\"name\":\"Une place de 24\u00e8me sur 43 couples pr\u00e9sents dans la cat\u00e9gorie Seniors 2 LAtines lors de la Comp\u00e9tition de Danse Sportive WDSF Wuppertal 2025, Allemagne - VP DANSES, cours de Danse Sportive \u00e0 Aire-sur-la-Lys et \u00e0 Saint-Jans-Cappel (Hauts-de-France)\",\"isPartOf\":{\"@id\":\"https:\/\/vpdanses.fr\/home\/bienvenue-chez-vp-danses-hazebrouck\/#website\"},\"primaryImageOfPage\":{\"@id\":\"https:\/\/vpdanses.fr\/home\/bienvenue-chez-vp-danses-hazebrouck\/competition-danse-sportive-wdsf-wuppertal-2025-allemagne\/#primaryimage\"},\"image\":{\"@id\":\"https:\/\/vpdanses.fr\/home\/bienvenue-chez-vp-danses-hazebrouck\/competition-danse-sportive-wdsf-wuppertal-2025-allemagne\/#primaryimage\"},\"thumbnailUrl\":\"https:\/\/vpdanses.fr\/wp-content\/uploads\/2024\/12\/2025-07-04.WDSF_Wuppertal_IMG_9477.jpg\",\"datePublished\":\"2025-07-04T16:00:19+00:00\",\"dateModified\":\"2025-07-22T04:04:40+00:00\",\"description\":\"Ce vendredi 4 juillet 2025, nous participions \u00e0 la comp\u00e9tition de Danse Sportive WDSF Wuppertal 2025, en Allemagne dans la Cat\u00e9gorie des Seniors 2 Latines !\",\"breadcrumb\":{\"@id\":\"https:\/\/vpdanses.fr\/home\/bienvenue-chez-vp-danses-hazebrouck\/competition-danse-sportive-wdsf-wuppertal-2025-allemagne\/#breadcrumb\"},\"inLanguage\":\"fr-FR\",\"potentialAction\":[{\"@type\":\"ReadAction\",\"target\":[\"https:\/\/vpdanses.fr\/home\/bienvenue-chez-vp-danses-hazebrouck\/competition-danse-sportive-wdsf-wuppertal-2025-allemagne\/\"]}]},{\"@type\":\"ImageObject\",\"inLanguage\":\"fr-FR\",\"@id\":\"https:\/\/vpdanses.fr\/home\/bienvenue-chez-vp-danses-hazebrouck\/competition-danse-sportive-wdsf-wuppertal-2025-allemagne\/#primaryimage\",\"url\":\"https:\/\/vpdanses.fr\/wp-content\/uploads\/2024\/12\/2025-07-04.WDSF_Wuppertal_IMG_9477.jpg\",\"contentUrl\":\"https:\/\/vpdanses.fr\/wp-content\/uploads\/2024\/12\/2025-07-04.WDSF_Wuppertal_IMG_9477.jpg\",\"width\":1240,\"height\":930,\"caption\":\"Historische Stadthalle \u00e0 Wuppertal, Germany\"},{\"@type\":\"BreadcrumbList\",\"@id\":\"https:\/\/vpdanses.fr\/home\/bienvenue-chez-vp-danses-hazebrouck\/competition-danse-sportive-wdsf-wuppertal-2025-allemagne\/#breadcrumb\",\"itemListElement\":[{\"@type\":\"ListItem\",\"position\":1,\"name\":\"Accueil\",\"item\":\"https:\/\/vpdanses.fr\/home\/bienvenue-chez-vp-danses-hazebrouck\/\"},{\"@type\":\"ListItem\",\"position\":2,\"name\":\"Une place de 24\u00e8me sur 43 couples pr\u00e9sents dans la cat\u00e9gorie Seniors 2 LAtines lors de la Comp\u00e9tition de Danse Sportive WDSF Wuppertal 2025, Allemagne\"}]},{\"@type\":\"WebSite\",\"@id\":\"https:\/\/vpdanses.fr\/home\/bienvenue-chez-vp-danses-hazebrouck\/#website\",\"url\":\"https:\/\/vpdanses.fr\/home\/bienvenue-chez-vp-danses-hazebrouck\/\",\"name\":\"VP DANSES, cours de Danse Sportive \u00e0 Aire-sur-la-Lys et \u00e0 Saint-Jans-Cappel (Hauts-de-France)\",\"description\":\"Cours de Danse Sportive STANDARD (valse anglaise, tango, valse viennoise, slowfox, quickstep), danses sportives LATINES (samba, chacha, rumba, paso doble, jive), danses de bal, danses de salons, danses de loisirs, salsa, rock 4 temps, rock 6 temps, danses en ligne, disco, \u2026 Lieu : Hazebrouck, Aire-sur-la-Lys, Saint-Jans-Cappel et Isbergues (Hauts-de-France) - Cours Particuliers dans les Hauts-de-France - Ouverture de bal de Mariage\",\"publisher\":{\"@id\":\"https:\/\/vpdanses.fr\/home\/bienvenue-chez-vp-danses-hazebrouck\/#organization\"},\"potentialAction\":[{\"@type\":\"SearchAction\",\"target\":{\"@type\":\"EntryPoint\",\"urlTemplate\":\"https:\/\/vpdanses.fr\/home\/bienvenue-chez-vp-danses-hazebrouck\/?s={search_term_string}\"},\"query-input\":{\"@type\":\"PropertyValueSpecification\",\"valueRequired\":true,\"valueName\":\"search_term_string\"}}],\"inLanguage\":\"fr-FR\"},{\"@type\":\"Organization\",\"@id\":\"https:\/\/vpdanses.fr\/home\/bienvenue-chez-vp-danses-hazebrouck\/#organization\",\"name\":\"VP DANSES, cours de Danse Sportive \u00e0 Aire-sur-la-Lys et \u00e0 Saint-Jans-Cappel (Hauts-de-France)\",\"url\":\"https:\/\/vpdanses.fr\/home\/bienvenue-chez-vp-danses-hazebrouck\/\",\"logo\":{\"@type\":\"ImageObject\",\"inLanguage\":\"fr-FR\",\"@id\":\"https:\/\/vpdanses.fr\/home\/bienvenue-chez-vp-danses-hazebrouck\/#\/schema\/logo\/image\/\",\"url\":\"https:\/\/vpdanses.fr\/wp-content\/uploads\/2024\/10\/logo_cadanse_asaintjans.jpeg\",\"contentUrl\":\"https:\/\/vpdanses.fr\/wp-content\/uploads\/2024\/10\/logo_cadanse_asaintjans.jpeg\",\"width\":225,\"height\":225,\"caption\":\"VP DANSES, cours de Danse Sportive \u00e0 Aire-sur-la-Lys et \u00e0 Saint-Jans-Cappel (Hauts-de-France)\"},\"image\":{\"@id\":\"https:\/\/vpdanses.fr\/home\/bienvenue-chez-vp-danses-hazebrouck\/#\/schema\/logo\/image\/\"}},{\"@type\":\"Person\",\"@id\":\"https:\/\/vpdanses.fr\/home\/bienvenue-chez-vp-danses-hazebrouck\/#\/schema\/person\/bf87806369778f949b83c9cd885519e5\",\"name\":\"VP DANSES\",\"description\":\"\\\"VP danses\\\" est une association qui donne des cours de DANSES SPORTIVES STANDARDS (valse anglaise, tango, valse viennoise, slowfox, quickstep), de DANSES SPORTIVES LATINES (samba, chacha, rumba, paso doble, jive), de DANSES DE BAL, de DANSES DE SALONS, de DANSES DE LOISIRS, de SALSA, de ROCK 4 TEMPS, de ROCK 6 TEMPS, de DANSES EN LIGNE, de DISCO, \u2026\",\"sameAs\":[\"https:\/\/vpdanses.fr\"],\"url\":\"https:\/\/vpdanses.fr\/home\/bienvenue-chez-vp-danses-hazebrouck\/author\/adminvp20241018\/\"}]}<\/script>\n<!-- \/ Yoast SEO Premium plugin. -->","yoast_head_json":{"title":"Une place de 24\u00e8me sur 43 couples pr\u00e9sents dans la cat\u00e9gorie Seniors 2 LAtines lors de la Comp\u00e9tition de Danse Sportive WDSF Wuppertal 2025, Allemagne - VP DANSES, cours de Danse Sportive \u00e0 Aire-sur-la-Lys et \u00e0 Saint-Jans-Cappel (Hauts-de-France)","description":"Ce vendredi 4 juillet 2025, nous participions \u00e0 la comp\u00e9tition de Danse Sportive WDSF Wuppertal 2025, en Allemagne dans la Cat\u00e9gorie des Seniors 2 Latines !","robots":{"index":"index","follow":"follow","max-snippet":"max-snippet:-1","max-image-preview":"max-image-preview:large","max-video-preview":"max-video-preview:-1"},"canonical":"https:\/\/vpdanses.fr\/home\/bienvenue-chez-vp-danses-hazebrouck\/competition-danse-sportive-wdsf-wuppertal-2025-allemagne\/","og_locale":"fr_FR","og_type":"article","og_title":"Comp\u00e9tition de Danse Sportive WDSF Wuppertal 2025, Allemagne","og_description":"Ce vendredi 4 juillet 2025, nous participions \u00e0 la comp\u00e9tition de Danse Sportive WDSF Wuppertal 2025, en Allemagne dans la Cat\u00e9gorie des Seniors 2 Latines !","og_url":"https:\/\/vpdanses.fr\/home\/bienvenue-chez-vp-danses-hazebrouck\/competition-danse-sportive-wdsf-wuppertal-2025-allemagne\/","og_site_name":"VP DANSES, cours de Danse Sportive \u00e0 Aire-sur-la-Lys et \u00e0 Saint-Jans-Cappel (Hauts-de-France)","article_published_time":"2025-07-04T16:00:19+00:00","article_modified_time":"2025-07-22T04:04:40+00:00","og_image":[{"width":1240,"height":930,"url":"https:\/\/vpdanses.fr\/wp-content\/uploads\/2024\/12\/2025-07-04.WDSF_Wuppertal_IMG_9339.jpg","type":"image\/jpeg"}],"author":"VP DANSES","twitter_card":"summary_large_image","twitter_title":"Une place de 24\u00e8me sur 43 couples pr\u00e9sents dans la cat\u00e9gorie Seniors 2 LAtines lors de la Comp\u00e9tition de Danse Sportive WDSF Wuppertal 2025, Allemagne","twitter_misc":{"\u00c9crit par":"VP DANSES","Dur\u00e9e de lecture estim\u00e9e":"2 minutes"},"schema":{"@context":"https:\/\/schema.org","@graph":[{"@type":"Article","@id":"https:\/\/vpdanses.fr\/home\/bienvenue-chez-vp-danses-hazebrouck\/competition-danse-sportive-wdsf-wuppertal-2025-allemagne\/#article","isPartOf":{"@id":"https:\/\/vpdanses.fr\/home\/bienvenue-chez-vp-danses-hazebrouck\/competition-danse-sportive-wdsf-wuppertal-2025-allemagne\/"},"author":{"name":"VP DANSES","@id":"https:\/\/vpdanses.fr\/home\/bienvenue-chez-vp-danses-hazebrouck\/#\/schema\/person\/bf87806369778f949b83c9cd885519e5"},"headline":"Une place de 24\u00e8me sur 43 couples pr\u00e9sents dans la cat\u00e9gorie Seniors 2 LAtines lors de la Comp\u00e9tition de Danse Sportive WDSF Wuppertal 2025, Allemagne","datePublished":"2025-07-04T16:00:19+00:00","dateModified":"2025-07-22T04:04:40+00:00","mainEntityOfPage":{"@id":"https:\/\/vpdanses.fr\/home\/bienvenue-chez-vp-danses-hazebrouck\/competition-danse-sportive-wdsf-wuppertal-2025-allemagne\/"},"wordCount":208,"publisher":{"@id":"https:\/\/vpdanses.fr\/home\/bienvenue-chez-vp-danses-hazebrouck\/#organization"},"image":{"@id":"https:\/\/vpdanses.fr\/home\/bienvenue-chez-vp-danses-hazebrouck\/competition-danse-sportive-wdsf-wuppertal-2025-allemagne\/#primaryimage"},"thumbnailUrl":"https:\/\/vpdanses.fr\/wp-content\/uploads\/2024\/12\/2025-07-04.WDSF_Wuppertal_IMG_9477.jpg","articleSection":["Allemagne","Comp\u00e9tition","DANSE SPORTIVE","Pays","WDSF"],"inLanguage":"fr-FR"},{"@type":"WebPage","@id":"https:\/\/vpdanses.fr\/home\/bienvenue-chez-vp-danses-hazebrouck\/competition-danse-sportive-wdsf-wuppertal-2025-allemagne\/","url":"https:\/\/vpdanses.fr\/home\/bienvenue-chez-vp-danses-hazebrouck\/competition-danse-sportive-wdsf-wuppertal-2025-allemagne\/","name":"Une place de 24\u00e8me sur 43 couples pr\u00e9sents dans la cat\u00e9gorie Seniors 2 LAtines lors de la Comp\u00e9tition de Danse Sportive WDSF Wuppertal 2025, Allemagne - VP DANSES, cours de Danse Sportive \u00e0 Aire-sur-la-Lys et \u00e0 Saint-Jans-Cappel (Hauts-de-France)","isPartOf":{"@id":"https:\/\/vpdanses.fr\/home\/bienvenue-chez-vp-danses-hazebrouck\/#website"},"primaryImageOfPage":{"@id":"https:\/\/vpdanses.fr\/home\/bienvenue-chez-vp-danses-hazebrouck\/competition-danse-sportive-wdsf-wuppertal-2025-allemagne\/#primaryimage"},"image":{"@id":"https:\/\/vpdanses.fr\/home\/bienvenue-chez-vp-danses-hazebrouck\/competition-danse-sportive-wdsf-wuppertal-2025-allemagne\/#primaryimage"},"thumbnailUrl":"https:\/\/vpdanses.fr\/wp-content\/uploads\/2024\/12\/2025-07-04.WDSF_Wuppertal_IMG_9477.jpg","datePublished":"2025-07-04T16:00:19+00:00","dateModified":"2025-07-22T04:04:40+00:00","description":"Ce vendredi 4 juillet 2025, nous participions \u00e0 la comp\u00e9tition de Danse Sportive WDSF Wuppertal 2025, en Allemagne dans la Cat\u00e9gorie des Seniors 2 Latines !","breadcrumb":{"@id":"https:\/\/vpdanses.fr\/home\/bienvenue-chez-vp-danses-hazebrouck\/competition-danse-sportive-wdsf-wuppertal-2025-allemagne\/#breadcrumb"},"inLanguage":"fr-FR","potentialAction":[{"@type":"ReadAction","target":["https:\/\/vpdanses.fr\/home\/bienvenue-chez-vp-danses-hazebrouck\/competition-danse-sportive-wdsf-wuppertal-2025-allemagne\/"]}]},{"@type":"ImageObject","inLanguage":"fr-FR","@id":"https:\/\/vpdanses.fr\/home\/bienvenue-chez-vp-danses-hazebrouck\/competition-danse-sportive-wdsf-wuppertal-2025-allemagne\/#primaryimage","url":"https:\/\/vpdanses.fr\/wp-content\/uploads\/2024\/12\/2025-07-04.WDSF_Wuppertal_IMG_9477.jpg","contentUrl":"https:\/\/vpdanses.fr\/wp-content\/uploads\/2024\/12\/2025-07-04.WDSF_Wuppertal_IMG_9477.jpg","width":1240,"height":930,"caption":"Historische Stadthalle \u00e0 Wuppertal, Germany"},{"@type":"BreadcrumbList","@id":"https:\/\/vpdanses.fr\/home\/bienvenue-chez-vp-danses-hazebrouck\/competition-danse-sportive-wdsf-wuppertal-2025-allemagne\/#breadcrumb","itemListElement":[{"@type":"ListItem","position":1,"name":"Accueil","item":"https:\/\/vpdanses.fr\/home\/bienvenue-chez-vp-danses-hazebrouck\/"},{"@type":"ListItem","position":2,"name":"Une place de 24\u00e8me sur 43 couples pr\u00e9sents dans la cat\u00e9gorie Seniors 2 LAtines lors de la Comp\u00e9tition de Danse Sportive WDSF Wuppertal 2025, Allemagne"}]},{"@type":"WebSite","@id":"https:\/\/vpdanses.fr\/home\/bienvenue-chez-vp-danses-hazebrouck\/#website","url":"https:\/\/vpdanses.fr\/home\/bienvenue-chez-vp-danses-hazebrouck\/","name":"VP DANSES, cours de Danse Sportive \u00e0 Aire-sur-la-Lys et \u00e0 Saint-Jans-Cappel (Hauts-de-France)","description":"Cours de Danse Sportive STANDARD (valse anglaise, tango, valse viennoise, slowfox, quickstep), danses sportives LATINES (samba, chacha, rumba, paso doble, jive), danses de bal, danses de salons, danses de loisirs, salsa, rock 4 temps, rock 6 temps, danses en ligne, disco, \u2026 Lieu : Hazebrouck, Aire-sur-la-Lys, Saint-Jans-Cappel et Isbergues (Hauts-de-France) - Cours Particuliers dans les Hauts-de-France - Ouverture de bal de Mariage","publisher":{"@id":"https:\/\/vpdanses.fr\/home\/bienvenue-chez-vp-danses-hazebrouck\/#organization"},"potentialAction":[{"@type":"SearchAction","target":{"@type":"EntryPoint","urlTemplate":"https:\/\/vpdanses.fr\/home\/bienvenue-chez-vp-danses-hazebrouck\/?s={search_term_string}"},"query-input":{"@type":"PropertyValueSpecification","valueRequired":true,"valueName":"search_term_string"}}],"inLanguage":"fr-FR"},{"@type":"Organization","@id":"https:\/\/vpdanses.fr\/home\/bienvenue-chez-vp-danses-hazebrouck\/#organization","name":"VP DANSES, cours de Danse Sportive \u00e0 Aire-sur-la-Lys et \u00e0 Saint-Jans-Cappel (Hauts-de-France)","url":"https:\/\/vpdanses.fr\/home\/bienvenue-chez-vp-danses-hazebrouck\/","logo":{"@type":"ImageObject","inLanguage":"fr-FR","@id":"https:\/\/vpdanses.fr\/home\/bienvenue-chez-vp-danses-hazebrouck\/#\/schema\/logo\/image\/","url":"https:\/\/vpdanses.fr\/wp-content\/uploads\/2024\/10\/logo_cadanse_asaintjans.jpeg","contentUrl":"https:\/\/vpdanses.fr\/wp-content\/uploads\/2024\/10\/logo_cadanse_asaintjans.jpeg","width":225,"height":225,"caption":"VP DANSES, cours de Danse Sportive \u00e0 Aire-sur-la-Lys et \u00e0 Saint-Jans-Cappel (Hauts-de-France)"},"image":{"@id":"https:\/\/vpdanses.fr\/home\/bienvenue-chez-vp-danses-hazebrouck\/#\/schema\/logo\/image\/"}},{"@type":"Person","@id":"https:\/\/vpdanses.fr\/home\/bienvenue-chez-vp-danses-hazebrouck\/#\/schema\/person\/bf87806369778f949b83c9cd885519e5","name":"VP DANSES","description":"\"VP danses\" est une association qui donne des cours de DANSES SPORTIVES STANDARDS (valse anglaise, tango, valse viennoise, slowfox, quickstep), de DANSES SPORTIVES LATINES (samba, chacha, rumba, paso doble, jive), de DANSES DE BAL, de DANSES DE SALONS, de DANSES DE LOISIRS, de SALSA, de ROCK 4 TEMPS, de ROCK 6 TEMPS, de DANSES EN LIGNE, de DISCO, \u2026","sameAs":["https:\/\/vpdanses.fr"],"url":"https:\/\/vpdanses.fr\/home\/bienvenue-chez-vp-danses-hazebrouck\/author\/adminvp20241018\/"}]}},"jetpack_featured_media_url":"https:\/\/vpdanses.fr\/wp-content\/uploads\/2024\/12\/2025-07-04.WDSF_Wuppertal_IMG_9477.jpg","uagb_featured_image_src":{"full":["https:\/\/vpdanses.fr\/wp-content\/uploads\/2024\/12\/2025-07-04.WDSF_Wuppertal_IMG_9477.jpg",1240,930,false],"thumbnail":["https:\/\/vpdanses.fr\/wp-content\/uploads\/2024\/12\/2025-07-04.WDSF_Wuppertal_IMG_9477-150x150.jpg",150,150,true],"medium":["https:\/\/vpdanses.fr\/wp-content\/uploads\/2024\/12\/2025-07-04.WDSF_Wuppertal_IMG_9477-300x225.jpg",300,225,true],"medium_large":["https:\/\/vpdanses.fr\/wp-content\/uploads\/2024\/12\/2025-07-04.WDSF_Wuppertal_IMG_9477-768x576.jpg",768,576,true],"large":["https:\/\/vpdanses.fr\/wp-content\/uploads\/2024\/12\/2025-07-04.WDSF_Wuppertal_IMG_9477-1024x768.jpg",1024,768,true],"1536x1536":["https:\/\/vpdanses.fr\/wp-content\/uploads\/2024\/12\/2025-07-04.WDSF_Wuppertal_IMG_9477.jpg",1240,930,false],"2048x2048":["https:\/\/vpdanses.fr\/wp-content\/uploads\/2024\/12\/2025-07-04.WDSF_Wuppertal_IMG_9477.jpg",1240,930,false],"vp_sm":["https:\/\/vpdanses.fr\/wp-content\/uploads\/2024\/12\/2025-07-04.WDSF_Wuppertal_IMG_9477-500x375.jpg",500,375,true],"vp_md":["https:\/\/vpdanses.fr\/wp-content\/uploads\/2024\/12\/2025-07-04.WDSF_Wuppertal_IMG_9477-800x600.jpg",800,600,true],"vp_lg":["https:\/\/vpdanses.fr\/wp-content\/uploads\/2024\/12\/2025-07-04.WDSF_Wuppertal_IMG_9477.jpg",1240,930,false],"vp_xl":["https:\/\/vpdanses.fr\/wp-content\/uploads\/2024\/12\/2025-07-04.WDSF_Wuppertal_IMG_9477.jpg",1240,930,false],"vp_sm_popup":["https:\/\/vpdanses.fr\/wp-content\/uploads\/2024\/12\/2025-07-04.WDSF_Wuppertal_IMG_9477-500x375.jpg",500,375,true],"vp_md_popup":["https:\/\/vpdanses.fr\/wp-content\/uploads\/2024\/12\/2025-07-04.WDSF_Wuppertal_IMG_9477-800x600.jpg",800,600,true],"vp_xl_popup":["https:\/\/vpdanses.fr\/wp-content\/uploads\/2024\/12\/2025-07-04.WDSF_Wuppertal_IMG_9477.jpg",1240,930,false],"dance-blog-thumb":["https:\/\/vpdanses.fr\/wp-content\/uploads\/2024\/12\/2025-07-04.WDSF_Wuppertal_IMG_9477-150x120.jpg",150,120,true],"dance-event-list":["https:\/\/vpdanses.fr\/wp-content\/uploads\/2024\/12\/2025-07-04.WDSF_Wuppertal_IMG_9477-420x336.jpg",420,336,true],"dance-event-single-type1":["https:\/\/vpdanses.fr\/wp-content\/uploads\/2024\/12\/2025-07-04.WDSF_Wuppertal_IMG_9477-773x520.jpg",773,520,true],"dance-event-single-type4":["https:\/\/vpdanses.fr\/wp-content\/uploads\/2024\/12\/2025-07-04.WDSF_Wuppertal_IMG_9477-570x460.jpg",570,460,true],"dance-event-single-type5":["https:\/\/vpdanses.fr\/wp-content\/uploads\/2024\/12\/2025-07-04.WDSF_Wuppertal_IMG_9477-746x770.jpg",746,770,true],"dance-event-list2":["https:\/\/vpdanses.fr\/wp-content\/uploads\/2024\/12\/2025-07-04.WDSF_Wuppertal_IMG_9477-420x275.jpg",420,275,true]},"uagb_author_info":{"display_name":"VP DANSES","author_link":"https:\/\/vpdanses.fr\/home\/bienvenue-chez-vp-danses-hazebrouck\/author\/adminvp20241018\/"},"uagb_comment_info":0,"uagb_excerpt":"Ce vendredi 4 juillet 2025, nous participions \u00e0 la comp\u00e9tition de Danse Sportive WDSF Wuppertal 2025, en Allemagne dans la Cat\u00e9gorie des Seniors 2 Latines !","jetpack_sharing_enabled":true,"_links":{"self":[{"href":"https:\/\/vpdanses.fr\/home\/bienvenue-chez-vp-danses-hazebrouck\/wp-json\/wp\/v2\/posts\/13675","targetHints":{"allow":["GET"]}}],"collection":[{"href":"https:\/\/vpdanses.fr\/home\/bienvenue-chez-vp-danses-hazebrouck\/wp-json\/wp\/v2\/posts"}],"about":[{"href":"https:\/\/vpdanses.fr\/home\/bienvenue-chez-vp-danses-hazebrouck\/wp-json\/wp\/v2\/types\/post"}],"author":[{"embeddable":true,"href":"https:\/\/vpdanses.fr\/home\/bienvenue-chez-vp-danses-hazebrouck\/wp-json\/wp\/v2\/users\/1"}],"replies":[{"embeddable":true,"href":"https:\/\/vpdanses.fr\/home\/bienvenue-chez-vp-danses-hazebrouck\/wp-json\/wp\/v2\/comments?post=13675"}],"version-history":[{"count":17,"href":"https:\/\/vpdanses.fr\/home\/bienvenue-chez-vp-danses-hazebrouck\/wp-json\/wp\/v2\/posts\/13675\/revisions"}],"predecessor-version":[{"id":14007,"href":"https:\/\/vpdanses.fr\/home\/bienvenue-chez-vp-danses-hazebrouck\/wp-json\/wp\/v2\/posts\/13675\/revisions\/14007"}],"wp:featuredmedia":[{"embeddable":true,"href":"https:\/\/vpdanses.fr\/home\/bienvenue-chez-vp-danses-hazebrouck\/wp-json\/wp\/v2\/media\/13667"}],"wp:attachment":[{"href":"https:\/\/vpdanses.fr\/home\/bienvenue-chez-vp-danses-hazebrouck\/wp-json\/wp\/v2\/media?parent=13675"}],"wp:term":[{"taxonomy":"category","embeddable":true,"href":"https:\/\/vpdanses.fr\/home\/bienvenue-chez-vp-danses-hazebrouck\/wp-json\/wp\/v2\/categories?post=13675"},{"taxonomy":"post_tag","embeddable":true,"href":"https:\/\/vpdanses.fr\/home\/bienvenue-chez-vp-danses-hazebrouck\/wp-json\/wp\/v2\/tags?post=13675"}],"curies":[{"name":"wp","href":"https:\/\/api.w.org\/{rel}","templated":true}]}}