{"id":14060,"date":"2025-07-30T16:56:49","date_gmt":"2025-07-30T14:56:49","guid":{"rendered":"https:\/\/vpdanses.fr\/home\/bienvenue-chez-vp-danses-hazebrouck\/?p=14060"},"modified":"2025-08-20T13:55:41","modified_gmt":"2025-08-20T11:55:41","slug":"animation-danse-ehpad-hazebrouck-grand-bal-ete-saint-omer","status":"publish","type":"post","link":"https:\/\/vpdanses.fr\/home\/bienvenue-chez-vp-danses-hazebrouck\/animation-danse-ehpad-hazebrouck-grand-bal-ete-saint-omer\/","title":{"rendered":"Animation Danse EHPAD : VP DANSES Illumine le Grand Bal d&rsquo;\u00c9t\u00e9 \u00e0 Saint-Omer !"},"content":{"rendered":"\n<p>Le&nbsp;<strong>1er ao\u00fbt 2025<\/strong>&nbsp;restera grav\u00e9 dans nos m\u00e9moires ! VP DANSES a eu l&rsquo;immense privil\u00e8ge d&rsquo;animer le&nbsp;<strong>Grand Bal d&rsquo;\u00c9t\u00e9<\/strong>&nbsp;de la R\u00e9sidence Saint-Jean EMEIS \u00e0&nbsp;<strong>Saint-Omer<\/strong>. Un moment d&rsquo;exception qui illustre parfaitement notre engagement aupr\u00e8s des&nbsp;<strong>EHPAD<\/strong>&nbsp;et maisons de retraite de la r\u00e9gion d&rsquo;<strong>Hazebrouck<\/strong>.<\/p>\n\n\n\n<div data-aos= \"fade-down\" data-aos-duration=\"400\" data-aos-delay=\"0\" data-aos-easing=\"ease\" data-aos-once=\"true\" class=\"wp-block-uagb-separator uagb-block-7c49c662 wp-block-uagb-separator--icon\"><div class=\"uagb-separator-spacing-wrapper\"><div class=\"wp-block-uagb-separator__inner\" style=\"--my-background-image:url(&quot;data:image\/svg+xml,%3Csvg width='16' height='16' viewBox='0 0 16 16' fill='none' xmlns='http:\/\/www.w3.org\/2000\/svg'%3E%3Cpath d='M6.29312 16.9999L17 6.29302M14.2931 16.9999L17 14.293M-0.707031 15.9999L16.0002 -0.707153M8.00017 -0.707153L-0.706882 7.9999' stroke='black'\/%3E%3C\/svg%3E&quot;)\"><div class=\"wp-block-uagb-separator-element\"><svg xmlns=\"https:\/\/www.w3.org\/2000\/svg\" viewBox=\"0 0 512 512\"><path d=\"M378.7 32H133.3L256 182.7L378.7 32zM512 192l-107.4-141.3L289.6 192H512zM107.4 50.67L0 192h222.4L107.4 50.67zM244.3 474.9C247.3 478.2 251.6 480 256 480s8.653-1.828 11.67-5.062L510.6 224H1.365L244.3 474.9z\"><\/path><\/svg><\/div><\/div><\/div><\/div>\n\n\n\n<h2 class=\"wp-block-heading\" id=\"h-un-evenement-prive-riche-en-emotions\"><strong>Un \u00c9v\u00e9nement Priv\u00e9 Riche en \u00c9motions<\/strong><\/h2>\n\n\n\n<h3 class=\"wp-block-heading\" id=\"h-l-esprit-du-grand-bal-d-ete-ehpad\"><strong>L&rsquo;Esprit du Grand Bal d&rsquo;\u00c9t\u00e9 EHPAD<\/strong><\/h3>\n\n\n\n<p>Cette&nbsp;<strong>animation danse EHPAD<\/strong>&nbsp;avait pour vocation de cr\u00e9er un moment de partage interg\u00e9n\u00e9rationnel exceptionnel. R\u00e9sidents, familles et \u00e9quipe soignante se sont retrouv\u00e9s autour de leur passion commune :&nbsp;<strong>la danse<\/strong>.<\/p>\n\n\n\n<h3 class=\"wp-block-heading\" id=\"h-pourquoi-la-danse-en-ehpad-est-elle-si-importante\"><strong>Pourquoi la danse en EHPAD est-elle si importante ?<\/strong><\/h3>\n\n\n\n<ul class=\"wp-block-list\">\n<li><strong>Stimulation cognitive<\/strong>&nbsp;et maintien des capacit\u00e9s motrices<\/li>\n\n\n\n<li><strong>Lien social renforc\u00e9<\/strong>&nbsp;entre r\u00e9sidents et proches<\/li>\n\n\n\n<li><strong>Bien-\u00eatre \u00e9motionnel<\/strong>&nbsp;par la musique et le mouvement<\/li>\n\n\n\n<li><strong>Moment de joie partag\u00e9e<\/strong>&nbsp;qui brise la routine<\/li>\n<\/ul>\n\n\n\n<div data-aos= \"fade-down\" data-aos-duration=\"400\" data-aos-delay=\"0\" data-aos-easing=\"ease\" data-aos-once=\"true\" class=\"wp-block-uagb-separator uagb-block-11f8fd90 wp-block-uagb-separator--icon\"><div class=\"uagb-separator-spacing-wrapper\"><div class=\"wp-block-uagb-separator__inner\" style=\"--my-background-image:url(&quot;data:image\/svg+xml,%3Csvg width='16' height='16' viewBox='0 0 16 16' fill='none' xmlns='http:\/\/www.w3.org\/2000\/svg'%3E%3Cpath d='M6.29312 16.9999L17 6.29302M14.2931 16.9999L17 14.293M-0.707031 15.9999L16.0002 -0.707153M8.00017 -0.707153L-0.706882 7.9999' stroke='black'\/%3E%3C\/svg%3E&quot;)\"><div class=\"wp-block-uagb-separator-element\"><svg xmlns=\"https:\/\/www.w3.org\/2000\/svg\" viewBox=\"0 0 512 512\"><path d=\"M378.7 32H133.3L256 182.7L378.7 32zM512 192l-107.4-141.3L289.6 192H512zM107.4 50.67L0 192h222.4L107.4 50.67zM244.3 474.9C247.3 478.2 251.6 480 256 480s8.653-1.828 11.67-5.062L510.6 224H1.365L244.3 474.9z\"><\/path><\/svg><\/div><\/div><\/div><\/div>\n\n\n\n<h2 class=\"wp-block-heading\" id=\"h-demonstrations-de-danse-sportive-un-spectacle-eblouissant\"><strong>D\u00e9monstrations de Danse Sportive : Un Spectacle \u00c9blouissant<\/strong><\/h2>\n\n\n\n<p>VP DANSES a pr\u00e9sent\u00e9 un&nbsp;<strong>spectacle de danse sportive<\/strong>&nbsp;vari\u00e9 et adapt\u00e9 au public :<\/p>\n\n\n\n<h3 class=\"wp-block-heading\" id=\"h-les-danses-standards-a-l-honneur\"><strong>Les Danses Standards \u00e0 l&rsquo;Honneur<\/strong><\/h3>\n\n\n\n<p><strong>Valse Lente<\/strong>&nbsp;Une d\u00e9monstration \u00e9l\u00e9gante qui a transport\u00e9 les r\u00e9sidents dans leurs souvenirs de jeunesse, sur des m\u00e9lodies intemporelles.<\/p>\n\n\n\n<p><strong>Tango<\/strong>&nbsp;L&rsquo;intensit\u00e9 et la passion du Tango ont captiv\u00e9 l&rsquo;audience, d\u00e9montrant toute la beaut\u00e9 des&nbsp;<strong>danses standards<\/strong>.<\/p>\n\n\n\n<h3 class=\"wp-block-heading\" id=\"h-les-danses-latines-energie-et-couleurs\"><strong>Les Danses Latines : \u00c9nergie et Couleurs<\/strong><\/h3>\n\n\n\n<p><strong>Cha Cha<\/strong>&nbsp;Le rythme entra\u00eenant du Cha Cha a imm\u00e9diatement fait vibrer l&rsquo;assistance, certains r\u00e9sidents battant la mesure depuis leurs fauteuils.<\/p>\n\n\n\n<p><strong>Rumba<\/strong>&nbsp;La sensualit\u00e9 de la Rumba a offert un moment de pure \u00e9motion, illustrant la diversit\u00e9 des&nbsp;<strong>danses latines<\/strong>.<\/p>\n\n\n\n<div data-aos= \"fade-down\" data-aos-duration=\"400\" data-aos-delay=\"0\" data-aos-easing=\"ease\" data-aos-once=\"true\" class=\"wp-block-uagb-separator uagb-block-15b8ac74 wp-block-uagb-separator--icon\"><div class=\"uagb-separator-spacing-wrapper\"><div class=\"wp-block-uagb-separator__inner\" style=\"--my-background-image:url(&quot;data:image\/svg+xml,%3Csvg width='16' height='16' viewBox='0 0 16 16' fill='none' xmlns='http:\/\/www.w3.org\/2000\/svg'%3E%3Cpath d='M6.29312 16.9999L17 6.29302M14.2931 16.9999L17 14.293M-0.707031 15.9999L16.0002 -0.707153M8.00017 -0.707153L-0.706882 7.9999' stroke='black'\/%3E%3C\/svg%3E&quot;)\"><div class=\"wp-block-uagb-separator-element\"><svg xmlns=\"https:\/\/www.w3.org\/2000\/svg\" viewBox=\"0 0 512 512\"><path d=\"M378.7 32H133.3L256 182.7L378.7 32zM512 192l-107.4-141.3L289.6 192H512zM107.4 50.67L0 192h222.4L107.4 50.67zM244.3 474.9C247.3 478.2 251.6 480 256 480s8.653-1.828 11.67-5.062L510.6 224H1.365L244.3 474.9z\"><\/path><\/svg><\/div><\/div><\/div><\/div>\n\n\n\n<h2 class=\"wp-block-heading\" id=\"h-animation-interactive-quand-les-residents-prennent-la-piste\"><strong>Animation Interactive : Quand les R\u00e9sidents Prennent la Piste<\/strong><\/h2>\n\n\n\n<h3 class=\"wp-block-heading\" id=\"h-un-repertoire-musical-intergenerationnel\"><strong>Un R\u00e9pertoire Musical Interg\u00e9n\u00e9rationnel<\/strong><\/h3>\n\n\n\n<h4 class=\"wp-block-heading\" id=\"h-classiques-francais\"><strong>Classiques Fran\u00e7ais :<\/strong><\/h4>\n\n\n\n<ul class=\"wp-block-list\">\n<li>\u00ab\u00a0Sous le Ciel de Paris\u00a0\u00bb<\/li>\n\n\n\n<li>\u00ab\u00a0Les Valses de Vienne\u00a0\u00bb<\/li>\n\n\n\n<li>\u00ab\u00a0La Java Bleue\u00a0\u00bb<\/li>\n\n\n\n<li>\u00ab\u00a0Riquita\u00a0\u00bb<\/li>\n<\/ul>\n\n\n\n<h4 class=\"wp-block-heading\" id=\"h-danses-de-salon\"><strong>Danses de Salon :<\/strong><\/h4>\n\n\n\n<ul class=\"wp-block-list\">\n<li>\u00ab\u00a0Histoire de Tango\u00a0\u00bb<\/li>\n\n\n\n<li>\u00ab\u00a0Hernando&rsquo;s Hideaway\u00a0\u00bb<\/li>\n\n\n\n<li>\u00ab\u00a0Polka des As\u00a0\u00bb<\/li>\n\n\n\n<li>\u00ab\u00a0Annie et Johnny\u00a0\u00bb<\/li>\n<\/ul>\n\n\n\n<h4 class=\"wp-block-heading\" id=\"h-hits-intemporels\"><strong>Hits Intemporels :<\/strong><\/h4>\n\n\n\n<ul class=\"wp-block-list\">\n<li>\u00ab\u00a0Alexandrie Alexandra\u00a0\u00bb (Claude Fran\u00e7ois)<\/li>\n\n\n\n<li>\u00ab\u00a0Let&rsquo;s Twist Again\u00a0\u00bb<\/li>\n\n\n\n<li>\u00ab\u00a0Mamma Mia\u00a0\u00bb<\/li>\n\n\n\n<li>\u00ab\u00a0YMCA\u00a0\u00bb<\/li>\n\n\n\n<li>\u00ab\u00a0Macarena\u00a0\u00bb<\/li>\n<\/ul>\n\n\n\n<h4 class=\"wp-block-heading\" id=\"h-slows-romantiques\"><strong>Slows Romantiques :<\/strong><\/h4>\n\n\n\n<ul class=\"wp-block-list\">\n<li>\u00ab\u00a0Take My Breath Away\u00a0\u00bb<\/li>\n\n\n\n<li>\u00ab\u00a0L.O.V.E\u00a0\u00bb<\/li>\n<\/ul>\n\n\n\n<h3 class=\"wp-block-heading\" id=\"h-moments-de-bonheur-partage\"><strong>Moments de Bonheur Partag\u00e9<\/strong><\/h3>\n\n\n\n<p>Voir les r\u00e9sidents de l&rsquo;<strong>EHPAD Saint-Jean<\/strong> <strong>EMEIS<\/strong> de <strong>Saint-Omer<\/strong>&nbsp;retrouver le sourire, se lever pour quelques pas de danse ou simplement battre la mesure, constitue la plus belle r\u00e9compense pour notre duo <strong>VP DANSES<\/strong>.<\/p>\n\n\n\n<div data-aos= \"fade-down\" data-aos-duration=\"400\" data-aos-delay=\"0\" data-aos-easing=\"ease\" data-aos-once=\"true\" class=\"wp-block-uagb-separator uagb-block-27579967 wp-block-uagb-separator--icon\"><div class=\"uagb-separator-spacing-wrapper\"><div class=\"wp-block-uagb-separator__inner\" style=\"--my-background-image:url(&quot;data:image\/svg+xml,%3Csvg width='16' height='16' viewBox='0 0 16 16' fill='none' xmlns='http:\/\/www.w3.org\/2000\/svg'%3E%3Cpath d='M6.29312 16.9999L17 6.29302M14.2931 16.9999L17 14.293M-0.707031 15.9999L16.0002 -0.707153M8.00017 -0.707153L-0.706882 7.9999' stroke='black'\/%3E%3C\/svg%3E&quot;)\"><div class=\"wp-block-uagb-separator-element\"><svg xmlns=\"https:\/\/www.w3.org\/2000\/svg\" viewBox=\"0 0 512 512\"><path d=\"M378.7 32H133.3L256 182.7L378.7 32zM512 192l-107.4-141.3L289.6 192H512zM107.4 50.67L0 192h222.4L107.4 50.67zM244.3 474.9C247.3 478.2 251.6 480 256 480s8.653-1.828 11.67-5.062L510.6 224H1.365L244.3 474.9z\"><\/path><\/svg><\/div><\/div><\/div><\/div>\n\n\n\n<h2 class=\"wp-block-heading\" id=\"h-vp-danses-votre-partenaire-animation-ehpad-dans-la-region-d-u-nord-pas-de-calais-hauts-de-france\"><strong>VP DANSES : Votre Partenaire Animation EHPAD dans la R\u00e9gion d<\/strong>u Nord-pas-de-Calais (HAUTS-DE-FRANCE)<\/h2>\n\n\n\n<h3 class=\"wp-block-heading\" id=\"h-nos-services-specialises-pour-ehpad-et-maisons-de-retraite\"><strong>Nos Services Sp\u00e9cialis\u00e9s pour EHPAD et Maisons de Retraite<\/strong><\/h3>\n\n\n\n<h4 class=\"wp-block-heading\" id=\"h-demonstrations-de-danse-sportive\"><strong>D\u00e9monstrations de Danse Sportive<\/strong><\/h4>\n\n\n\n<ul class=\"wp-block-list\">\n<li>Pr\u00e9sentation des 5 danses standards (Valse, Tango, Foxtrot, Quickstep, Valse viennoise)<\/li>\n\n\n\n<li>Showcase des 5 danses latines (Samba, Cha Cha, Rumba, Paso Doble, Jive)<\/li>\n\n\n\n<li>Adaptations selon les pr\u00e9f\u00e9rences du public<\/li>\n<\/ul>\n\n\n\n<h4 class=\"wp-block-heading\" id=\"h-animations-participatives\"><strong>Animations Participatives<\/strong><\/h4>\n\n\n\n<ul class=\"wp-block-list\">\n<li>Ateliers danse adapt\u00e9e aux capacit\u00e9s de chacun<\/li>\n\n\n\n<li>R\u00e9pertoire musical personnalis\u00e9 selon les g\u00e9n\u00e9rations<\/li>\n<\/ul>\n\n\n\n<h4 class=\"wp-block-heading\" id=\"h-evenements-thematiques\"><strong>\u00c9v\u00e9nements Th\u00e9matiques<\/strong><\/h4>\n\n\n\n<ul class=\"wp-block-list\">\n<li>Bals d&rsquo;\u00e9t\u00e9, de No\u00ebl, de carnaval<\/li>\n\n\n\n<li>Apr\u00e8s-midi dansants interg\u00e9n\u00e9rationnels<\/li>\n\n\n\n<li>Spectacles sur mesure pour occasions sp\u00e9ciales<\/li>\n<\/ul>\n\n\n\n<h3 class=\"wp-block-heading\" id=\"h-zone-d-intervention-hazebrouck-et-environs\"><strong>Zone d&rsquo;Intervention : Hazebrouck et Environs<\/strong><\/h3>\n\n\n\n<h4 class=\"wp-block-heading\" id=\"h-secteurs-deja-couverts\"><strong>Secteurs d\u00e9j\u00e0 couverts :<\/strong><\/h4>\n\n\n\n<ul class=\"wp-block-list\">\n<li><strong><a href=\"https:\/\/www.ca-coeurdeflandre.fr\/\" target=\"_blank\" rel=\"noreferrer noopener\">Communaut\u00e9 d&rsquo;Agglom\u00e9ration C\u0153ur de Flandre<\/a><\/strong> (Hazebrouck)<\/li>\n\n\n\n<li><strong><a href=\"https:\/\/www.ca-pso.fr\/\" target=\"_blank\" rel=\"noreferrer noopener\">Communaut\u00e9 d&rsquo;Agglom\u00e9ration du Pays de Saint-Omer (CAPSO)<\/a><\/strong> (Saint-Omer)<\/li>\n\n\n\n<li><strong><a href=\"https:\/\/www.communaute-urbaine-dunkerque.fr\/\" target=\"_blank\" rel=\"noreferrer noopener\">Communaut\u00e9 Urbaine de Dunkerque (CUD)<\/a><\/strong> (Dunkerque)<\/li>\n\n\n\n<li><strong><a href=\"https:\/\/www.grandcalais.fr\/\" target=\"_blank\" rel=\"noreferrer noopener\">Communaut\u00e9 d&rsquo;Agglom\u00e9ration Grand Calais Terres &amp; Mers<\/a><\/strong> (Calais)<\/li>\n\n\n\n<li><strong><a href=\"https:\/\/www.bethunebruay.fr\/\" target=\"_blank\" rel=\"noreferrer noopener\">Communaut\u00e9 d&rsquo;Agglom\u00e9ration de B\u00e9thune-Bruay, Artois-Lys Romane<\/a><\/strong> (B\u00e9thune, Beuvry)<\/li>\n\n\n\n<li>D\u00e9placements personnalis\u00e9s selon demandes (des frais de d\u00e9placements seront calcul\u00e9s)<\/li>\n<\/ul>\n\n\n\n<div data-aos= \"fade-down\" data-aos-duration=\"400\" data-aos-delay=\"0\" data-aos-easing=\"ease\" data-aos-once=\"true\" class=\"wp-block-uagb-separator uagb-block-97b37134 wp-block-uagb-separator--icon\"><div class=\"uagb-separator-spacing-wrapper\"><div class=\"wp-block-uagb-separator__inner\" style=\"--my-background-image:url(&quot;data:image\/svg+xml,%3Csvg width='16' height='16' viewBox='0 0 16 16' fill='none' xmlns='http:\/\/www.w3.org\/2000\/svg'%3E%3Cpath d='M6.29312 16.9999L17 6.29302M14.2931 16.9999L17 14.293M-0.707031 15.9999L16.0002 -0.707153M8.00017 -0.707153L-0.706882 7.9999' stroke='black'\/%3E%3C\/svg%3E&quot;)\"><div class=\"wp-block-uagb-separator-element\"><svg xmlns=\"https:\/\/www.w3.org\/2000\/svg\" viewBox=\"0 0 512 512\"><path d=\"M378.7 32H133.3L256 182.7L378.7 32zM512 192l-107.4-141.3L289.6 192H512zM107.4 50.67L0 192h222.4L107.4 50.67zM244.3 474.9C247.3 478.2 251.6 480 256 480s8.653-1.828 11.67-5.062L510.6 224H1.365L244.3 474.9z\"><\/path><\/svg><\/div><\/div><\/div><\/div>\n\n\n\n<h2 class=\"wp-block-heading\" id=\"h-les-bienfaits-prouves-de-la-danse-en-ehpad\"><strong>Les Bienfaits Prouv\u00e9s de la Danse en EHPAD<\/strong><\/h2>\n\n\n\n<h3 class=\"wp-block-heading\" id=\"h-impact-sur-le-bien-etre-des-residents\"><strong>Impact sur le Bien-\u00eatre des R\u00e9sidents<\/strong><\/h3>\n\n\n\n<h4 class=\"wp-block-heading\" id=\"h-stimulation-cognitive\"><strong>Stimulation Cognitive :<\/strong><\/h4>\n\n\n\n<ul class=\"wp-block-list\">\n<li>Am\u00e9lioration de la m\u00e9moire par l&rsquo;association musique-mouvement<\/li>\n\n\n\n<li>Maintien des rep\u00e8res spatio-temporels<\/li>\n\n\n\n<li>Stimulation de la concentration<\/li>\n<\/ul>\n\n\n\n<h4 class=\"wp-block-heading\" id=\"h-lien-social\"><strong>Lien Social :<\/strong><\/h4>\n\n\n\n<ul class=\"wp-block-list\">\n<li>Renforcement des relations entre r\u00e9sidents<\/li>\n\n\n\n<li>Moments privil\u00e9gi\u00e9s avec les familles<\/li>\n\n\n\n<li>Valorisation des comp\u00e9tences individuelles<\/li>\n<\/ul>\n\n\n\n<h4 class=\"wp-block-heading\" id=\"h-bienfaits-physiques\"><strong>Bienfaits Physiques :<\/strong><\/h4>\n\n\n\n<ul class=\"wp-block-list\">\n<li>Maintien de la mobilit\u00e9 articulaire<\/li>\n\n\n\n<li>Am\u00e9lioration de l&rsquo;\u00e9quilibre<\/li>\n\n\n\n<li>Stimulation du syst\u00e8me cardiovasculaire adapt\u00e9<\/li>\n<\/ul>\n\n\n\n<div data-aos= \"fade-down\" data-aos-duration=\"400\" data-aos-delay=\"0\" data-aos-easing=\"ease\" data-aos-once=\"true\" class=\"wp-block-uagb-separator uagb-block-df921a6b wp-block-uagb-separator--icon\"><div class=\"uagb-separator-spacing-wrapper\"><div class=\"wp-block-uagb-separator__inner\" style=\"--my-background-image:url(&quot;data:image\/svg+xml,%3Csvg width='16' height='16' viewBox='0 0 16 16' fill='none' xmlns='http:\/\/www.w3.org\/2000\/svg'%3E%3Cpath d='M6.29312 16.9999L17 6.29302M14.2931 16.9999L17 14.293M-0.707031 15.9999L16.0002 -0.707153M8.00017 -0.707153L-0.706882 7.9999' stroke='black'\/%3E%3C\/svg%3E&quot;)\"><div class=\"wp-block-uagb-separator-element\"><svg xmlns=\"https:\/\/www.w3.org\/2000\/svg\" viewBox=\"0 0 512 512\"><path d=\"M378.7 32H133.3L256 182.7L378.7 32zM512 192l-107.4-141.3L289.6 192H512zM107.4 50.67L0 192h222.4L107.4 50.67zM244.3 474.9C247.3 478.2 251.6 480 256 480s8.653-1.828 11.67-5.062L510.6 224H1.365L244.3 474.9z\"><\/path><\/svg><\/div><\/div><\/div><\/div>\n\n\n\n<h2 class=\"wp-block-heading\" id=\"h-organisez-votre-evenement-danse-ehpad-ou-maison-de-retraite-avec-vp-danses\"><strong>Organisez Votre \u00c9v\u00e9nement Danse EHPAD ou Maison de Retraite avec VP DANSES<\/strong><\/h2>\n\n\n\n<h3 class=\"wp-block-heading\" id=\"h-reservation-et-devis-gratuit\"><strong>R\u00e9servation et Devis Gratuit<\/strong><\/h3>\n\n\n\n<h3 class=\"wp-block-heading\" id=\"h-contactez-vp-danses\"><strong>Contactez VP DANSES :<\/strong><\/h3>\n\n\n\n<ul class=\"wp-block-list\">\n<li>Devis personnalis\u00e9 gratuit sous 48h<\/li>\n\n\n\n<li>Planning adapt\u00e9 aux contraintes de votre \u00e9tablissement<\/li>\n\n\n\n<li>Possibilit\u00e9 d&rsquo;\u00e9v\u00e9nements r\u00e9currents (mensuel, trimestriel)<\/li>\n<\/ul>\n\n\n\n<h3 class=\"wp-block-heading\" id=\"h-pourquoi-choisir-vp-danses-pour-votre-ehpad\"><strong>Pourquoi choisir VP DANSES pour votre EHPAD ?<\/strong><\/h3>\n\n\n\n<ul class=\"wp-block-list\">\n<li><strong>Exp\u00e9rience confirm\u00e9e<\/strong>&nbsp;en animation g\u00e9rontologie<\/li>\n\n\n\n<li><strong>P\u00e9dagogie adapt\u00e9e<\/strong>&nbsp;au public seniors<\/li>\n\n\n\n<li><strong>\u00c9quipe bienveillante<\/strong>&nbsp;et \u00e0 l&rsquo;\u00e9coute<\/li>\n\n\n\n<li><strong>Tarifs associatifs<\/strong>&nbsp;pr\u00e9f\u00e9rentiels<\/li>\n<\/ul>\n\n\n\n<div data-aos= \"fade-down\" data-aos-duration=\"400\" data-aos-delay=\"0\" data-aos-easing=\"ease\" data-aos-once=\"true\" class=\"wp-block-uagb-separator uagb-block-2c98692a wp-block-uagb-separator--icon\"><div class=\"uagb-separator-spacing-wrapper\"><div class=\"wp-block-uagb-separator__inner\" style=\"--my-background-image:url(&quot;data:image\/svg+xml,%3Csvg width='16' height='16' viewBox='0 0 16 16' fill='none' xmlns='http:\/\/www.w3.org\/2000\/svg'%3E%3Cpath d='M6.29312 16.9999L17 6.29302M14.2931 16.9999L17 14.293M-0.707031 15.9999L16.0002 -0.707153M8.00017 -0.707153L-0.706882 7.9999' stroke='black'\/%3E%3C\/svg%3E&quot;)\"><div class=\"wp-block-uagb-separator-element\"><svg xmlns=\"https:\/\/www.w3.org\/2000\/svg\" viewBox=\"0 0 512 512\"><path d=\"M378.7 32H133.3L256 182.7L378.7 32zM512 192l-107.4-141.3L289.6 192H512zM107.4 50.67L0 192h222.4L107.4 50.67zM244.3 474.9C247.3 478.2 251.6 480 256 480s8.653-1.828 11.67-5.062L510.6 224H1.365L244.3 474.9z\"><\/path><\/svg><\/div><\/div><\/div><\/div>\n\n\n\n<h2 class=\"wp-block-heading\" id=\"h-l-engagement-social-de-vp-danses\"><strong>L&rsquo;Engagement Social de VP DANSES<\/strong><\/h2>\n\n\n\n<h3 class=\"wp-block-heading\" id=\"h-danse-sportive-et-solidarite-intergenerationnelle\"><strong>Danse Sportive et Solidarit\u00e9 Interg\u00e9n\u00e9rationnelle<\/strong><\/h3>\n\n\n\n<p>Au-del\u00e0 de l&rsquo;aspect artistique, la&nbsp;<strong>danse sportive<\/strong>&nbsp;devient un vecteur de lien social exceptionnel. Notre intervention \u00e0 l&rsquo;<strong>EHPAD Saint-Jean<\/strong>&nbsp;s&rsquo;inscrit dans notre d\u00e9marche de&nbsp;<strong>responsabilit\u00e9 sociale<\/strong>, mettant la danse au service du bien-\u00eatre de nos a\u00een\u00e9s.<\/p>\n\n\n\n<p><strong>Valeurs port\u00e9es :<\/strong><\/p>\n\n\n\n<ul class=\"wp-block-list\">\n<li><strong>Respect<\/strong>&nbsp;de la dignit\u00e9 et du rythme de chacun<\/li>\n\n\n\n<li><strong>Inclusion<\/strong>&nbsp;de tous les r\u00e9sidents selon leurs capacit\u00e9s<\/li>\n\n\n\n<li><strong>Joie de vivre<\/strong>&nbsp;transmise par la passion de la danse<\/li>\n\n\n\n<li><strong>M\u00e9moire collective<\/strong>&nbsp;valoris\u00e9e par les musiques d&rsquo;\u00e9poque<\/li>\n<\/ul>\n\n\n\n<div data-aos= \"fade-down\" data-aos-duration=\"400\" data-aos-delay=\"0\" data-aos-easing=\"ease\" data-aos-once=\"true\" class=\"wp-block-uagb-separator uagb-block-b079ce10 wp-block-uagb-separator--icon\"><div class=\"uagb-separator-spacing-wrapper\"><div class=\"wp-block-uagb-separator__inner\" style=\"--my-background-image:url(&quot;data:image\/svg+xml,%3Csvg width='16' height='16' viewBox='0 0 16 16' fill='none' xmlns='http:\/\/www.w3.org\/2000\/svg'%3E%3Cpath d='M6.29312 16.9999L17 6.29302M14.2931 16.9999L17 14.293M-0.707031 15.9999L16.0002 -0.707153M8.00017 -0.707153L-0.706882 7.9999' stroke='black'\/%3E%3C\/svg%3E&quot;)\"><div class=\"wp-block-uagb-separator-element\"><svg xmlns=\"https:\/\/www.w3.org\/2000\/svg\" viewBox=\"0 0 512 512\"><path d=\"M378.7 32H133.3L256 182.7L378.7 32zM512 192l-107.4-141.3L289.6 192H512zM107.4 50.67L0 192h222.4L107.4 50.67zM244.3 474.9C247.3 478.2 251.6 480 256 480s8.653-1.828 11.67-5.062L510.6 224H1.365L244.3 474.9z\"><\/path><\/svg><\/div><\/div><\/div><\/div>\n\n\n\n<h2 class=\"wp-block-heading\" id=\"h-prochaines-disponibilites-animation-ehpad\"><strong>Prochaines Disponibilit\u00e9s Animation EHPAD<\/strong><\/h2>\n\n\n\n<h3 class=\"wp-block-heading\" id=\"h-calendrier-automne-hiver-2025\"><strong>Calendrier Automne-Hiver 2025<\/strong><\/h3>\n\n\n\n<p>Les&nbsp;<strong>animations EHPAD<\/strong>&nbsp;de fin d&rsquo;ann\u00e9e approchent ! Pensez \u00e0 r\u00e9server :<\/p>\n\n\n\n<ul class=\"wp-block-list\">\n<li><strong>Bal de la Saint-Martin<\/strong>&nbsp;(novembre)<\/li>\n\n\n\n<li><strong>Apr\u00e8s-midi dansant de l&rsquo;Avent<\/strong>&nbsp;(d\u00e9cembre)<\/li>\n\n\n\n<li><strong>Bal de la Chandeleur<\/strong>&nbsp;(f\u00e9vrier 2026)<\/li>\n<\/ul>\n\n\n\n<h3 class=\"wp-block-heading\" id=\"h-avantages-reservation-anticipee\"><strong>Avantages r\u00e9servation anticip\u00e9e :<\/strong><\/h3>\n\n\n\n<ul class=\"wp-block-list\">\n<li>Choix prioritaire des cr\u00e9neaux<\/li>\n\n\n\n<li>Programmes personnalis\u00e9s selon vos traditions<\/li>\n<\/ul>\n\n\n\n<div data-aos= \"fade-down\" data-aos-duration=\"400\" data-aos-delay=\"0\" data-aos-easing=\"ease\" data-aos-once=\"true\" class=\"wp-block-uagb-separator uagb-block-ce2f38ac wp-block-uagb-separator--icon\"><div class=\"uagb-separator-spacing-wrapper\"><div class=\"wp-block-uagb-separator__inner\" style=\"--my-background-image:url(&quot;data:image\/svg+xml,%3Csvg width='16' height='16' viewBox='0 0 16 16' fill='none' xmlns='http:\/\/www.w3.org\/2000\/svg'%3E%3Cpath d='M6.29312 16.9999L17 6.29302M14.2931 16.9999L17 14.293M-0.707031 15.9999L16.0002 -0.707153M8.00017 -0.707153L-0.706882 7.9999' stroke='black'\/%3E%3C\/svg%3E&quot;)\"><div class=\"wp-block-uagb-separator-element\"><svg xmlns=\"https:\/\/www.w3.org\/2000\/svg\" viewBox=\"0 0 512 512\"><path d=\"M378.7 32H133.3L256 182.7L378.7 32zM512 192l-107.4-141.3L289.6 192H512zM107.4 50.67L0 192h222.4L107.4 50.67zM244.3 474.9C247.3 478.2 251.6 480 256 480s8.653-1.828 11.67-5.062L510.6 224H1.365L244.3 474.9z\"><\/path><\/svg><\/div><\/div><\/div><\/div>\n\n\n\n<h2 class=\"wp-block-heading\" id=\"h-remerciements-a-l-ehpad-saint-jean-emeis\"><strong>Remerciements \u00e0 l&rsquo;EHPAD Saint-Jean EMEIS<\/strong><\/h2>\n\n\n\n<p>Un immense&nbsp;<strong>MERCI<\/strong>&nbsp;\u00e0 toute l&rsquo;\u00e9quipe de la R\u00e9sidence Saint-Jean EMEIS pour leur confiance et leur accueil chaleureux. Voir les sourires des r\u00e9sidents et l&rsquo;\u00e9motion des familles nous conforte dans notre mission :&nbsp;<strong>mettre la danse au service du bonheur de tous<\/strong>.<\/p>\n\n\n\n<p><strong>Votre EHPAD souhaite organiser un \u00e9v\u00e9nement danse m\u00e9morable ? VP DANSES vous accompagne avec passion et professionnalisme dans la r\u00e9gion d&rsquo;Hazebrouck et bien au-del\u00e0 !<\/strong><\/p>\n\n\n\n<div data-aos= \"fade-down\" data-aos-duration=\"400\" data-aos-delay=\"0\" data-aos-easing=\"ease\" data-aos-once=\"true\" class=\"wp-block-uagb-separator uagb-block-e7a48156 wp-block-uagb-separator--icon\"><div class=\"uagb-separator-spacing-wrapper\"><div class=\"wp-block-uagb-separator__inner\" style=\"--my-background-image:url(&quot;data:image\/svg+xml,%3Csvg width='16' height='16' viewBox='0 0 16 16' fill='none' xmlns='http:\/\/www.w3.org\/2000\/svg'%3E%3Cpath d='M6.29312 16.9999L17 6.29302M14.2931 16.9999L17 14.293M-0.707031 15.9999L16.0002 -0.707153M8.00017 -0.707153L-0.706882 7.9999' stroke='black'\/%3E%3C\/svg%3E&quot;)\"><div class=\"wp-block-uagb-separator-element\"><svg xmlns=\"https:\/\/www.w3.org\/2000\/svg\" viewBox=\"0 0 512 512\"><path d=\"M378.7 32H133.3L256 182.7L378.7 32zM512 192l-107.4-141.3L289.6 192H512zM107.4 50.67L0 192h222.4L107.4 50.67zM244.3 474.9C247.3 478.2 251.6 480 256 480s8.653-1.828 11.67-5.062L510.6 224H1.365L244.3 474.9z\"><\/path><\/svg><\/div><\/div><\/div><\/div>\n\n\n\n<h2 class=\"wp-block-heading\" id=\"h-souvenirs-immortalises-vos-photos-du-grand-bal-d-ete\">Souvenirs Immortalis\u00e9s : Vos Photos du Grand Bal d&rsquo;\u00c9t\u00e9<\/h2>\n\n\n\n<h3 class=\"wp-block-heading\" id=\"h-un-album-photo-gratuit-et-prive-pour-tous-les-participants\">Un Album Photo Gratuit et Priv\u00e9 pour Tous les Participants<\/h3>\n\n\n\n<p>VP DANSES a eu le plaisir de&nbsp;<strong>capturer&nbsp;certains&nbsp;moments pr\u00e9cieux<\/strong>&nbsp;de ce Grand Bal d&rsquo;\u00c9t\u00e9 exceptionnel ! Sourires, complicit\u00e9, \u00e9motions&#8230; tous ces instants magiques ont \u00e9t\u00e9 immortalis\u00e9s par notre \u00e9quipe.<\/p>\n\n\n\n<h3 class=\"wp-block-heading\" id=\"h-comment-acceder-a-vos-photos-souvenirs\">Comment Acc\u00e9der \u00e0 Vos Photos Souvenirs ?<\/h3>\n\n\n\n<p><strong>Pour respecter la vie priv\u00e9e de chacun<\/strong>, nous avons cr\u00e9\u00e9 un&nbsp;<strong>album photo priv\u00e9<\/strong>&nbsp;accessible uniquement aux participants de l&rsquo;\u00e9v\u00e9nement.<\/p>\n\n\n\n<p><strong>Acc\u00e8s Gratuit et Personnel :<\/strong><\/p>\n\n\n\n<ul class=\"wp-block-list\">\n<li><strong>Photos haute qualit\u00e9<\/strong>&nbsp;de l&rsquo;\u00e9v\u00e9nement<\/li>\n\n\n\n<li><strong>T\u00e9l\u00e9chargement libre<\/strong>&nbsp;et illimit\u00e9<\/li>\n\n\n\n<li><strong>Conservation permanente<\/strong>&nbsp;de vos souvenirs<\/li>\n\n\n\n<li><strong>Respect total<\/strong>&nbsp;de votre vie priv\u00e9e<\/li>\n<\/ul>\n\n\n\n<h3 class=\"wp-block-heading\" id=\"h-recevoir-le-lien-de-l-album-photo\">Recevoir le Lien de l&rsquo;Album Photo ?<\/h3>\n\n\n\n<p><strong>Proc\u00e9dure Simple et S\u00e9curis\u00e9e :<\/strong><\/p>\n\n\n\n<p>Pour recevoir le&nbsp;<strong>lien priv\u00e9<\/strong>&nbsp;de l&rsquo;album photo, envoyez-nous simplement votre adresse email via :<\/p>\n\n\n\n<ul class=\"wp-block-list\">\n<li><strong>Email direct :<\/strong>&nbsp;<a href=\"mailto:contact@vpdanses.fr?subject=Demande%20album%20photo%20Grand%20Bal%20EHPAD%20Saint-Jean%20%E2%80%93%201er%20Ao%C3%BBt%202025\" target=\"_blank\" rel=\"noreferrer noopener\">contact@vpdanses.fr<\/a><\/li>\n\n\n\n<li><strong><a href=\"https:\/\/www.facebook.com\/vpdanses\/\" target=\"_blank\" rel=\"noreferrer noopener\">Message priv\u00e9<\/a><\/strong>&nbsp;sur nos r\u00e9seaux sociaux Facebook<\/li>\n\n\n\n<li><strong><a href=\"https:\/\/vpdanses.fr\/home\/bienvenue-chez-vp-danses-hazebrouck\/formulaire-de-contact\/\" target=\"_blank\" rel=\"noreferrer noopener\">Formulaire de contact<\/a><\/strong>&nbsp;de notre site internet<\/li>\n<\/ul>\n\n\n\n<p><strong>Pr\u00e9cisez dans votre message :<\/strong>&nbsp;<em>\u00ab\u00a0Demande album photo Grand Bal EHPAD Saint-Jean &#8211; 1er Ao\u00fbt 2025\u00a0\u00bb<\/em><\/p>\n\n\n\n<h3 class=\"wp-block-heading\" id=\"h-confidentialite-et-bienveillance-nos-engagements\">Confidentialit\u00e9 et Bienveillance : Nos Engagements<\/h3>\n\n\n\n<p><strong>Respect de la Vie Priv\u00e9e :<\/strong><\/p>\n\n\n\n<ul class=\"wp-block-list\">\n<li>Album accessible uniquement aux personnes pr\u00e9sentes<\/li>\n\n\n\n<li>Aucune utilisation commerciale des photos<\/li>\n\n\n\n<li>Suppression possible sur simple demande<\/li>\n\n\n\n<li>Protection des donn\u00e9es personnelles garantie<\/li>\n<\/ul>\n\n\n\n<p><strong>D\u00e9marche Bienveillante :<\/strong>&nbsp;Ces photos sont un&nbsp;<strong>cadeau<\/strong>&nbsp;de VP DANSES \u00e0 tous les participants. Elles c\u00e9l\u00e8brent la joie partag\u00e9e et les liens cr\u00e9\u00e9s lors de cette belle journ\u00e9e.<\/p>\n\n\n\n<p><strong>Familles, r\u00e9sidents, \u00e9quipe soignante&#8230; chacun pourra retrouver et t\u00e9l\u00e9charger gratuitement ces pr\u00e9cieux souvenirs !<\/strong><\/p>\n\n\n\n<figure class=\"wp-block-image size-large\"><noscript><img loading=\"lazy\" decoding=\"async\" width=\"1024\" height=\"871\" data-skip-lazy src=\"https:\/\/vpdanses.fr\/wp-content\/uploads\/2025\/07\/2025-08-01.vp-danses-grand-bal-ete-ehpad-saint-jean-miniatures-1024x871.jpg\" alt=\"VP DANSES anime le Grand Bal d'\u00c9t\u00e9 de l'EHPAD Saint-Jean EMEIS \u00e0 Saint-Omer. D\u00e9monstrations de danse sportive, animations participatives et moments de bonheur partag\u00e9s avec les r\u00e9sidents et leurs familles. 1er ao\u00fbt 2025.\" class=\"wp-image-14288\" style=\"aspect-ratio:4\/3;object-fit:contain\" srcset=\"https:\/\/vpdanses.fr\/wp-content\/uploads\/2025\/07\/2025-08-01.vp-danses-grand-bal-ete-ehpad-saint-jean-miniatures-1024x871.jpg 1024w, https:\/\/vpdanses.fr\/wp-content\/uploads\/2025\/07\/2025-08-01.vp-danses-grand-bal-ete-ehpad-saint-jean-miniatures-300x255.jpg 300w, https:\/\/vpdanses.fr\/wp-content\/uploads\/2025\/07\/2025-08-01.vp-danses-grand-bal-ete-ehpad-saint-jean-miniatures-768x654.jpg 768w, https:\/\/vpdanses.fr\/wp-content\/uploads\/2025\/07\/2025-08-01.vp-danses-grand-bal-ete-ehpad-saint-jean-miniatures-500x425.jpg 500w, https:\/\/vpdanses.fr\/wp-content\/uploads\/2025\/07\/2025-08-01.vp-danses-grand-bal-ete-ehpad-saint-jean-miniatures-800x681.jpg 800w, https:\/\/vpdanses.fr\/wp-content\/uploads\/2025\/07\/2025-08-01.vp-danses-grand-bal-ete-ehpad-saint-jean-miniatures.jpg 1221w\" sizes=\"auto, (max-width: 1024px) 100vw, 1024px\" \/><\/noscript><img loading=\"eager\" decoding=\"async\" width=\"1024\" height=\"871\" src=\"https:\/\/vpdanses.fr\/wp-content\/uploads\/2025\/07\/2025-08-01.vp-danses-grand-bal-ete-ehpad-saint-jean-miniatures-1024x871.jpg\" alt=\"VP DANSES anime le Grand Bal d&#039;\u00c9t\u00e9 de l&#039;EHPAD Saint-Jean EMEIS \u00e0 Saint-Omer. D\u00e9monstrations de danse sportive, animations participatives et moments de bonheur partag\u00e9s avec les r\u00e9sidents et leurs familles. 1er ao\u00fbt 2025.\" class=\"wp-image-14288 vp-lazyload\" style=\"aspect-ratio:4\/3;object-fit:contain\" srcset=\"data:image\/svg+xml;base64,PHN2ZyB3aWR0aD0iMTAyNCIgaGVpZ2h0PSI4NzEiIHZpZXdCb3g9IjAgMCAxMDI0IDg3MSIgZmlsbD0ibm9uZSIgeG1sbnM9Imh0dHA6Ly93d3cudzMub3JnLzIwMDAvc3ZnIj48L3N2Zz4=\" data-src=\"https:\/\/vpdanses.fr\/wp-content\/uploads\/2025\/07\/2025-08-01.vp-danses-grand-bal-ete-ehpad-saint-jean-miniatures-1024x871.jpg\" data-srcset=\"https:\/\/vpdanses.fr\/wp-content\/uploads\/2025\/07\/2025-08-01.vp-danses-grand-bal-ete-ehpad-saint-jean-miniatures-1024x871.jpg 1024w, https:\/\/vpdanses.fr\/wp-content\/uploads\/2025\/07\/2025-08-01.vp-danses-grand-bal-ete-ehpad-saint-jean-miniatures-300x255.jpg 300w, https:\/\/vpdanses.fr\/wp-content\/uploads\/2025\/07\/2025-08-01.vp-danses-grand-bal-ete-ehpad-saint-jean-miniatures-768x654.jpg 768w, https:\/\/vpdanses.fr\/wp-content\/uploads\/2025\/07\/2025-08-01.vp-danses-grand-bal-ete-ehpad-saint-jean-miniatures-500x425.jpg 500w, https:\/\/vpdanses.fr\/wp-content\/uploads\/2025\/07\/2025-08-01.vp-danses-grand-bal-ete-ehpad-saint-jean-miniatures-800x681.jpg 800w, https:\/\/vpdanses.fr\/wp-content\/uploads\/2025\/07\/2025-08-01.vp-danses-grand-bal-ete-ehpad-saint-jean-miniatures.jpg 1221w\" data-sizes=\"auto\"><figcaption class=\"wp-element-caption\">VP DANSES anime le Grand Bal d&rsquo;\u00c9t\u00e9 de l&rsquo;EHPAD Saint-Jean EMEIS \u00e0 Saint-Omer. D\u00e9monstrations de danse sportive, animations participatives et moments de bonheur partag\u00e9s avec les r\u00e9sidents et leurs familles. 1er ao\u00fbt 2025.<\/figcaption><\/figure>\n\n\n\n<div data-aos= \"fade-down\" data-aos-duration=\"400\" data-aos-delay=\"0\" data-aos-easing=\"ease\" data-aos-once=\"true\" class=\"wp-block-uagb-separator uagb-block-bdb5b3dc wp-block-uagb-separator--icon\"><div class=\"uagb-separator-spacing-wrapper\"><div class=\"wp-block-uagb-separator__inner\" style=\"--my-background-image:url(&quot;data:image\/svg+xml,%3Csvg width='16' height='16' viewBox='0 0 16 16' fill='none' xmlns='http:\/\/www.w3.org\/2000\/svg'%3E%3Cpath d='M6.29312 16.9999L17 6.29302M14.2931 16.9999L17 14.293M-0.707031 15.9999L16.0002 -0.707153M8.00017 -0.707153L-0.706882 7.9999' stroke='black'\/%3E%3C\/svg%3E&quot;)\"><div class=\"wp-block-uagb-separator-element\"><svg xmlns=\"https:\/\/www.w3.org\/2000\/svg\" viewBox=\"0 0 512 512\"><path d=\"M378.7 32H133.3L256 182.7L378.7 32zM512 192l-107.4-141.3L289.6 192H512zM107.4 50.67L0 192h222.4L107.4 50.67zM244.3 474.9C247.3 478.2 251.6 480 256 480s8.653-1.828 11.67-5.062L510.6 224H1.365L244.3 474.9z\"><\/path><\/svg><\/div><\/div><\/div><\/div>\n\n\n\n<h2 class=\"wp-block-heading\" id=\"h-prochaine-animation-rendez-vous-a-beuvry-pour-la-semaine-bleue\"><strong>Prochaine Animation : Rendez-vous \u00e0 Beuvry pour la Semaine Bleue<\/strong><\/h2>\n\n\n\n<h3 class=\"wp-block-heading\" id=\"h-vp-danses-a-la-residence-de-france-6-octobre-2025\"><strong>VP DANSES \u00e0 la R\u00e9sidence de France &#8211; 6 Octobre 2025<\/strong><\/h3>\n\n\n\n<p>L&rsquo;aventure continue ! VP DANSES est fier d&rsquo;annoncer sa&nbsp;<strong>prochaine animation EHPAD<\/strong>&nbsp;qui aura lieu le&nbsp;<strong>lundi 6 octobre 2025<\/strong>&nbsp;\u00e0 la&nbsp;<strong>R\u00e9sidence de France<\/strong>&nbsp;\u00e0&nbsp;<strong>Beuvry (62660)<\/strong>&nbsp;dans le&nbsp;<strong>Pas-de-Calais<\/strong>.<\/p>\n\n\n\n<h3 class=\"wp-block-heading\" id=\"h-le-bal-de-la-semaine-bleue-un-evenement-national-celebre-localement\"><strong>Le Bal de la Semaine Bleue : Un \u00c9v\u00e9nement National C\u00e9l\u00e9br\u00e9 Localement<\/strong><\/h3>\n\n\n\n<p>Cette intervention s&rsquo;inscrit dans le cadre de la&nbsp;<strong>Semaine Bleue<\/strong>,&nbsp;<a href=\"https:\/\/www.pour-les-personnes-agees.gouv.fr\/\" target=\"_blank\" rel=\"noreferrer noopener\">semaine nationale d\u00e9di\u00e9e aux personnes \u00e2g\u00e9es<\/a>. Un moment privil\u00e9gi\u00e9 pour mettre \u00e0 l&rsquo;honneur nos a\u00een\u00e9s \u00e0 travers la&nbsp;<strong>danse sportive<\/strong>&nbsp;et l&rsquo;animation interg\u00e9n\u00e9rationnelle.<\/p>\n\n\n\n<h4 class=\"wp-block-heading\" id=\"h-au-programme-de-cette-animation-beuvry\"><strong>Au programme de cette animation Beuvry :<\/strong><\/h4>\n\n\n\n<ul class=\"wp-block-list\">\n<li>D\u00e9monstrations de danses standards et latines<\/li>\n\n\n\n<li>Animation participative adapt\u00e9e aux r\u00e9sidents<\/li>\n\n\n\n<li>R\u00e9pertoire musical sp\u00e9cialement s\u00e9lectionn\u00e9 pour la Semaine Bleue<\/li>\n\n\n\n<li>Moment de partage avec les familles et l&rsquo;\u00e9quipe soignante<\/li>\n<\/ul>\n\n\n\n<p>Cette nouvelle intervention confirme l&rsquo;engagement de VP DANSES aupr\u00e8s des&nbsp;<strong>EHPAD du Pas-de-Calais<\/strong>&nbsp;et notre volont\u00e9 d&rsquo;\u00e9tendre nos services d&rsquo;<strong>animation danse seniors<\/strong>&nbsp;sur l&rsquo;ensemble de la r\u00e9gion du <strong>Nord-pas-de-Calais<\/strong>.<\/p>\n\n\n\n<p><em>Suivez-nous \u00e9galement sur <strong><a href=\"https:\/\/www.facebook.com\/vpdanses\/\" target=\"_blank\" rel=\"noreferrer noopener\">Facebook VP DANSES<\/a><\/strong> pour d\u00e9couvrir les coulisses de cette nouvelle aventure \u00e0 Beuvry !<\/em><\/p>\n\n\n\n<div data-aos= \"fade-down\" data-aos-duration=\"400\" data-aos-delay=\"0\" data-aos-easing=\"ease\" data-aos-once=\"true\" class=\"wp-block-uagb-separator uagb-block-24b15a7c wp-block-uagb-separator--icon\"><div class=\"uagb-separator-spacing-wrapper\"><div class=\"wp-block-uagb-separator__inner\" style=\"--my-background-image:url(&quot;data:image\/svg+xml,%3Csvg width='16' height='16' viewBox='0 0 16 16' fill='none' xmlns='http:\/\/www.w3.org\/2000\/svg'%3E%3Cpath d='M6.29312 16.9999L17 6.29302M14.2931 16.9999L17 14.293M-0.707031 15.9999L16.0002 -0.707153M8.00017 -0.707153L-0.706882 7.9999' stroke='black'\/%3E%3C\/svg%3E&quot;)\"><div class=\"wp-block-uagb-separator-element\"><svg xmlns=\"https:\/\/www.w3.org\/2000\/svg\" viewBox=\"0 0 512 512\"><path d=\"M378.7 32H133.3L256 182.7L378.7 32zM512 192l-107.4-141.3L289.6 192H512zM107.4 50.67L0 192h222.4L107.4 50.67zM244.3 474.9C247.3 478.2 251.6 480 256 480s8.653-1.828 11.67-5.062L510.6 224H1.365L244.3 474.9z\"><\/path><\/svg><\/div><\/div><\/div><\/div>\n","protected":false},"excerpt":{"rendered":"<p>Le 1er ao\u00fbt, VP DANSES a illumin\u00e9 le Grand Bal d&rsquo;\u00c9t\u00e9 de l&rsquo;EHPAD Saint-Jean EMEIS \u00e0 Saint-Omer. D\u00e9monstrations de Danse Sportive et animations joyeuses ont ravi r\u00e9sidents et familles. D\u00e9couvrez nos services d&rsquo;animation pour EHPAD !<\/p>\n","protected":false},"author":1,"featured_media":14065,"comment_status":"closed","ping_status":"closed","sticky":false,"template":"","format":"standard","meta":{"_uag_custom_page_level_css":"","_price":"","_stock":"","_tribe_ticket_header":"","_tribe_default_ticket_provider":"","_tribe_ticket_capacity":"0","_ticket_start_date":"","_ticket_end_date":"","_tribe_ticket_show_description":"","_tribe_ticket_show_not_going":false,"_tribe_ticket_use_global_stock":"","_tribe_ticket_global_stock_level":"","_global_stock_mode":"","_global_stock_cap":"","_tribe_rsvp_for_event":"","_tribe_ticket_going_count":"","_tribe_ticket_not_going_count":"","_tribe_tickets_list":"[]","_tribe_ticket_has_attendee_info_fields":false,"_EventAllDay":false,"_EventTimezone":"","_EventStartDate":"","_EventEndDate":"","_EventStartDateUTC":"","_EventEndDateUTC":"","_EventShowMap":false,"_EventShowMapLink":false,"_EventURL":"","_EventCost":"","_EventCostDescription":"","_EventCurrencySymbol":"","_EventCurrencyCode":"","_EventCurrencyPosition":"","_EventDateTimeSeparator":"","_EventTimeRangeSeparator":"","_EventOrganizerID":[],"_EventVenueID":[],"_OrganizerEmail":"","_OrganizerPhone":"","_OrganizerWebsite":"","_VenueAddress":"","_VenueCity":"","_VenueCountry":"","_VenueProvince":"","_VenueState":"","_VenueZip":"","_VenuePhone":"","_VenueURL":"","_VenueStateProvince":"","_VenueLat":"","_VenueLng":"","_VenueShowMap":false,"_VenueShowMapLink":false,"_vp_format_video_url":"","_vp_image_focal_point":[],"_jetpack_memberships_contains_paid_content":false,"footnotes":""},"categories":[383,86,293,381,380,382],"tags":[385,369,378,386,390,388,379,392,371,393,389,368,375,377,372,387,373,384,376,370,391,374],"class_list":["post-14060","post","type-post","status-publish","format-standard","has-post-thumbnail","hentry","category-animations-ehpad","category-autour-dhazebrouck","category-danse-sportive","category-evenements-vp-danses","category-saint-omer","category-solidarite-intergenerationnelle","tag-animation-ehpad-beuvry","tag-animation-ehpad-hazebrouck-2","tag-animation-musicale-seniors-2","tag-animation-pas-de-calais","tag-animation-seniors-beuvry","tag-bal-semaine-bleue","tag-bien-etre-residents-ehpad-2","tag-danse-sportive-semaine-bleue","tag-danse-sportive-seniors-2","tag-ehpad-62","tag-ehpad-beuvry-62660","tag-ehpad-saint-jean-emeis","tag-evenement-intergenerationnel-2","tag-grand-bal-ehpad-2","tag-maison-retraite-danse-2","tag-residence-de-france-beuvry","tag-saint-omer-animation-2","tag-semaine-bleue-danse","tag-spectacle-danse-hazebrouck-2","tag-valse-tango-cha-cha-rumba-2","tag-vp-danses-pas-de-calais","tag-vp-danses-solidarite-2"],"yoast_head":"<!-- This site is optimized with the Yoast SEO Premium plugin v25.6 (Yoast SEO v25.6) - https:\/\/yoast.com\/wordpress\/plugins\/seo\/ -->\n<title>Animation Danse EHPAD Saint-Omer : VP DANSES Grand Ba \u00c9t\u00e9l<\/title>\n<meta name=\"description\" content=\"VP DANSES anime le Grand Bal d&#039;\u00c9t\u00e9 2025 EHPAD Saint-Jean EMEIS \u00e0 Saint-Omer. D\u00e9monstrations Danse Sportive et animation pour r\u00e9sidents.\" \/>\n<meta name=\"robots\" content=\"index, follow, max-snippet:-1, max-image-preview:large, max-video-preview:-1\" \/>\n<link rel=\"canonical\" href=\"https:\/\/vpdanses.fr\/home\/bienvenue-chez-vp-danses-hazebrouck\/animation-danse-ehpad-hazebrouck-grand-bal-ete-saint-omer\/\" \/>\n<meta property=\"og:locale\" content=\"fr_FR\" \/>\n<meta property=\"og:type\" content=\"article\" \/>\n<meta property=\"og:title\" content=\"VP DANSES au Grand Bal d&#039;\u00c9t\u00e9 2025 de l&#039;EHPAD Saint-Jean EMEIS \u00e0 Saint-Omer !\" \/>\n<meta property=\"og:description\" content=\"Description R\u00e9seaux Sociaux : 1h30 de bonheur partag\u00e9 ! VP DANSES a anim\u00e9 le Grand Bal d&#039;\u00c9t\u00e9 de la R\u00e9sidence Saint-Jean EMEIS \u00e0 Saint-Omer. Valse, Tango, Cha Cha... Un moment magique avec nos a\u00een\u00e9s ! #VPDanses #EHPAD #DanseSportive #SaintOmer #Hazebrouck\" \/>\n<meta property=\"og:url\" content=\"https:\/\/vpdanses.fr\/home\/bienvenue-chez-vp-danses-hazebrouck\/animation-danse-ehpad-hazebrouck-grand-bal-ete-saint-omer\/\" \/>\n<meta property=\"og:site_name\" content=\"VP DANSES, cours de Danse Sportive \u00e0 Aire-sur-la-Lys et \u00e0 Saint-Jans-Cappel (Hauts-de-France)\" \/>\n<meta property=\"article:published_time\" content=\"2025-07-30T14:56:49+00:00\" \/>\n<meta property=\"article:modified_time\" content=\"2025-08-20T11:55:41+00:00\" \/>\n<meta property=\"og:image\" content=\"https:\/\/vpdanses.fr\/wp-content\/uploads\/2025\/07\/2025-07-30.Affiche_grand_bal_ete_saint_jean_PRIVATE-scaled.jpg\" \/>\n\t<meta property=\"og:image:width\" content=\"2560\" \/>\n\t<meta property=\"og:image:height\" content=\"1920\" \/>\n\t<meta property=\"og:image:type\" content=\"image\/jpeg\" \/>\n<meta name=\"author\" content=\"VP DANSES\" \/>\n<meta name=\"twitter:card\" content=\"summary_large_image\" \/>\n<meta name=\"twitter:title\" content=\"Animation Danse EHPAD : VP DANSES Illumine le Grand Bal d&#039;\u00c9t\u00e9 \u00e0 Saint-Omer !\" \/>\n<meta name=\"twitter:label1\" content=\"\u00c9crit par\" \/>\n\t<meta name=\"twitter:data1\" content=\"VP DANSES\" \/>\n\t<meta name=\"twitter:label2\" content=\"Dur\u00e9e de lecture estim\u00e9e\" \/>\n\t<meta name=\"twitter:data2\" content=\"7 minutes\" \/>\n<script type=\"application\/ld+json\" class=\"yoast-schema-graph\">{\"@context\":\"https:\/\/schema.org\",\"@graph\":[{\"@type\":\"Article\",\"@id\":\"https:\/\/vpdanses.fr\/home\/bienvenue-chez-vp-danses-hazebrouck\/animation-danse-ehpad-hazebrouck-grand-bal-ete-saint-omer\/#article\",\"isPartOf\":{\"@id\":\"https:\/\/vpdanses.fr\/home\/bienvenue-chez-vp-danses-hazebrouck\/animation-danse-ehpad-hazebrouck-grand-bal-ete-saint-omer\/\"},\"author\":{\"name\":\"VP DANSES\",\"@id\":\"https:\/\/vpdanses.fr\/home\/bienvenue-chez-vp-danses-hazebrouck\/#\/schema\/person\/bf87806369778f949b83c9cd885519e5\"},\"headline\":\"Animation Danse EHPAD : VP DANSES Illumine le Grand Bal d&rsquo;\u00c9t\u00e9 \u00e0 Saint-Omer !\",\"datePublished\":\"2025-07-30T14:56:49+00:00\",\"dateModified\":\"2025-08-20T11:55:41+00:00\",\"mainEntityOfPage\":{\"@id\":\"https:\/\/vpdanses.fr\/home\/bienvenue-chez-vp-danses-hazebrouck\/animation-danse-ehpad-hazebrouck-grand-bal-ete-saint-omer\/\"},\"wordCount\":1476,\"publisher\":{\"@id\":\"https:\/\/vpdanses.fr\/home\/bienvenue-chez-vp-danses-hazebrouck\/#organization\"},\"image\":{\"@id\":\"https:\/\/vpdanses.fr\/home\/bienvenue-chez-vp-danses-hazebrouck\/animation-danse-ehpad-hazebrouck-grand-bal-ete-saint-omer\/#primaryimage\"},\"thumbnailUrl\":\"https:\/\/vpdanses.fr\/wp-content\/uploads\/2025\/07\/2025-07-30.Affiche_grand_bal_ete_saint_jean_PRIVATE-scaled.jpg\",\"keywords\":[\"animation EHPAD Beuvry\",\"animation EHPAD Hazebrouck\",\"animation musicale seniors\",\"animation Pas-de-Calais\",\"animation seniors Beuvry\",\"Bal Semaine Bleue\",\"bien-\u00eatre r\u00e9sidents EHPAD\",\"danse sportive Semaine Bleue\",\"danse sportive seniors\",\"EHPAD 62\",\"EHPAD Beuvry 62660\",\"EHPAD Saint-Jean EMEIS\",\"\u00e9v\u00e9nement interg\u00e9n\u00e9rationnel\",\"Grand Bal EHPAD\",\"maison retraite danse\",\"R\u00e9sidence de France Beuvry\",\"Saint-Omer animation\",\"Semaine Bleue danse\",\"spectacle danse Hazebrouck\",\"valse tango cha cha rumba\",\"VP DANSES Pas-de-Calais\",\"VP DANSES solidarit\u00e9\"],\"articleSection\":[\"Animations EHPAD\",\"Autour d'Hazebrouck\",\"DANSE SPORTIVE\",\"\u00c9v\u00e9nements VP DANSES\",\"Saint-Omer\",\"Solidarit\u00e9 Interg\u00e9n\u00e9rationnelle\"],\"inLanguage\":\"fr-FR\"},{\"@type\":\"WebPage\",\"@id\":\"https:\/\/vpdanses.fr\/home\/bienvenue-chez-vp-danses-hazebrouck\/animation-danse-ehpad-hazebrouck-grand-bal-ete-saint-omer\/\",\"url\":\"https:\/\/vpdanses.fr\/home\/bienvenue-chez-vp-danses-hazebrouck\/animation-danse-ehpad-hazebrouck-grand-bal-ete-saint-omer\/\",\"name\":\"Animation Danse EHPAD Saint-Omer : VP DANSES Grand Ba \u00c9t\u00e9l\",\"isPartOf\":{\"@id\":\"https:\/\/vpdanses.fr\/home\/bienvenue-chez-vp-danses-hazebrouck\/#website\"},\"primaryImageOfPage\":{\"@id\":\"https:\/\/vpdanses.fr\/home\/bienvenue-chez-vp-danses-hazebrouck\/animation-danse-ehpad-hazebrouck-grand-bal-ete-saint-omer\/#primaryimage\"},\"image\":{\"@id\":\"https:\/\/vpdanses.fr\/home\/bienvenue-chez-vp-danses-hazebrouck\/animation-danse-ehpad-hazebrouck-grand-bal-ete-saint-omer\/#primaryimage\"},\"thumbnailUrl\":\"https:\/\/vpdanses.fr\/wp-content\/uploads\/2025\/07\/2025-07-30.Affiche_grand_bal_ete_saint_jean_PRIVATE-scaled.jpg\",\"datePublished\":\"2025-07-30T14:56:49+00:00\",\"dateModified\":\"2025-08-20T11:55:41+00:00\",\"description\":\"VP DANSES anime le Grand Bal d'\u00c9t\u00e9 2025 EHPAD Saint-Jean EMEIS \u00e0 Saint-Omer. D\u00e9monstrations Danse Sportive et animation pour r\u00e9sidents.\",\"breadcrumb\":{\"@id\":\"https:\/\/vpdanses.fr\/home\/bienvenue-chez-vp-danses-hazebrouck\/animation-danse-ehpad-hazebrouck-grand-bal-ete-saint-omer\/#breadcrumb\"},\"inLanguage\":\"fr-FR\",\"potentialAction\":[{\"@type\":\"ReadAction\",\"target\":[\"https:\/\/vpdanses.fr\/home\/bienvenue-chez-vp-danses-hazebrouck\/animation-danse-ehpad-hazebrouck-grand-bal-ete-saint-omer\/\"]}]},{\"@type\":\"ImageObject\",\"inLanguage\":\"fr-FR\",\"@id\":\"https:\/\/vpdanses.fr\/home\/bienvenue-chez-vp-danses-hazebrouck\/animation-danse-ehpad-hazebrouck-grand-bal-ete-saint-omer\/#primaryimage\",\"url\":\"https:\/\/vpdanses.fr\/wp-content\/uploads\/2025\/07\/2025-07-30.Affiche_grand_bal_ete_saint_jean_PRIVATE-scaled.jpg\",\"contentUrl\":\"https:\/\/vpdanses.fr\/wp-content\/uploads\/2025\/07\/2025-07-30.Affiche_grand_bal_ete_saint_jean_PRIVATE-scaled.jpg\",\"width\":2560,\"height\":1920,\"caption\":\"Bal d'\u00c9t\u00e9 de la R\u00e9sidence Saint-Jean EMEIS \u00e0 Saint-Omer le vendredi 1er ao\u00fbt 2025\"},{\"@type\":\"BreadcrumbList\",\"@id\":\"https:\/\/vpdanses.fr\/home\/bienvenue-chez-vp-danses-hazebrouck\/animation-danse-ehpad-hazebrouck-grand-bal-ete-saint-omer\/#breadcrumb\",\"itemListElement\":[{\"@type\":\"ListItem\",\"position\":1,\"name\":\"Accueil\",\"item\":\"https:\/\/vpdanses.fr\/home\/bienvenue-chez-vp-danses-hazebrouck\/\"},{\"@type\":\"ListItem\",\"position\":2,\"name\":\"Animation Danse EHPAD : VP DANSES Illumine le Grand Bal d&rsquo;\u00c9t\u00e9 \u00e0 Saint-Omer !\"}]},{\"@type\":\"WebSite\",\"@id\":\"https:\/\/vpdanses.fr\/home\/bienvenue-chez-vp-danses-hazebrouck\/#website\",\"url\":\"https:\/\/vpdanses.fr\/home\/bienvenue-chez-vp-danses-hazebrouck\/\",\"name\":\"VP DANSES, cours de Danse Sportive \u00e0 Aire-sur-la-Lys et \u00e0 Saint-Jans-Cappel (Hauts-de-France)\",\"description\":\"Cours de Danse Sportive STANDARD (valse anglaise, tango, valse viennoise, slowfox, quickstep), danses sportives LATINES (samba, chacha, rumba, paso doble, jive), danses de bal, danses de salons, danses de loisirs, salsa, rock 4 temps, rock 6 temps, danses en ligne, disco, \u2026 Lieu : Hazebrouck, Aire-sur-la-Lys, Saint-Jans-Cappel et Isbergues (Hauts-de-France) - Cours Particuliers dans les Hauts-de-France - Ouverture de bal de Mariage\",\"publisher\":{\"@id\":\"https:\/\/vpdanses.fr\/home\/bienvenue-chez-vp-danses-hazebrouck\/#organization\"},\"potentialAction\":[{\"@type\":\"SearchAction\",\"target\":{\"@type\":\"EntryPoint\",\"urlTemplate\":\"https:\/\/vpdanses.fr\/home\/bienvenue-chez-vp-danses-hazebrouck\/?s={search_term_string}\"},\"query-input\":{\"@type\":\"PropertyValueSpecification\",\"valueRequired\":true,\"valueName\":\"search_term_string\"}}],\"inLanguage\":\"fr-FR\"},{\"@type\":\"Organization\",\"@id\":\"https:\/\/vpdanses.fr\/home\/bienvenue-chez-vp-danses-hazebrouck\/#organization\",\"name\":\"VP DANSES, cours de Danse Sportive \u00e0 Aire-sur-la-Lys et \u00e0 Saint-Jans-Cappel (Hauts-de-France)\",\"url\":\"https:\/\/vpdanses.fr\/home\/bienvenue-chez-vp-danses-hazebrouck\/\",\"logo\":{\"@type\":\"ImageObject\",\"inLanguage\":\"fr-FR\",\"@id\":\"https:\/\/vpdanses.fr\/home\/bienvenue-chez-vp-danses-hazebrouck\/#\/schema\/logo\/image\/\",\"url\":\"https:\/\/vpdanses.fr\/wp-content\/uploads\/2024\/10\/logo_cadanse_asaintjans.jpeg\",\"contentUrl\":\"https:\/\/vpdanses.fr\/wp-content\/uploads\/2024\/10\/logo_cadanse_asaintjans.jpeg\",\"width\":225,\"height\":225,\"caption\":\"VP DANSES, cours de Danse Sportive \u00e0 Aire-sur-la-Lys et \u00e0 Saint-Jans-Cappel (Hauts-de-France)\"},\"image\":{\"@id\":\"https:\/\/vpdanses.fr\/home\/bienvenue-chez-vp-danses-hazebrouck\/#\/schema\/logo\/image\/\"}},{\"@type\":\"Person\",\"@id\":\"https:\/\/vpdanses.fr\/home\/bienvenue-chez-vp-danses-hazebrouck\/#\/schema\/person\/bf87806369778f949b83c9cd885519e5\",\"name\":\"VP DANSES\",\"description\":\"\\\"VP danses\\\" est une association qui donne des cours de DANSES SPORTIVES STANDARDS (valse anglaise, tango, valse viennoise, slowfox, quickstep), de DANSES SPORTIVES LATINES (samba, chacha, rumba, paso doble, jive), de DANSES DE BAL, de DANSES DE SALONS, de DANSES DE LOISIRS, de SALSA, de ROCK 4 TEMPS, de ROCK 6 TEMPS, de DANSES EN LIGNE, de DISCO, \u2026\",\"sameAs\":[\"https:\/\/vpdanses.fr\"],\"url\":\"https:\/\/vpdanses.fr\/home\/bienvenue-chez-vp-danses-hazebrouck\/author\/adminvp20241018\/\"}]}<\/script>\n<!-- \/ Yoast SEO Premium plugin. -->","yoast_head_json":{"title":"Animation Danse EHPAD Saint-Omer : VP DANSES Grand Ba \u00c9t\u00e9l","description":"VP DANSES anime le Grand Bal d'\u00c9t\u00e9 2025 EHPAD Saint-Jean EMEIS \u00e0 Saint-Omer. D\u00e9monstrations Danse Sportive et animation pour r\u00e9sidents.","robots":{"index":"index","follow":"follow","max-snippet":"max-snippet:-1","max-image-preview":"max-image-preview:large","max-video-preview":"max-video-preview:-1"},"canonical":"https:\/\/vpdanses.fr\/home\/bienvenue-chez-vp-danses-hazebrouck\/animation-danse-ehpad-hazebrouck-grand-bal-ete-saint-omer\/","og_locale":"fr_FR","og_type":"article","og_title":"VP DANSES au Grand Bal d'\u00c9t\u00e9 2025 de l'EHPAD Saint-Jean EMEIS \u00e0 Saint-Omer !","og_description":"Description R\u00e9seaux Sociaux : 1h30 de bonheur partag\u00e9 ! VP DANSES a anim\u00e9 le Grand Bal d'\u00c9t\u00e9 de la R\u00e9sidence Saint-Jean EMEIS \u00e0 Saint-Omer. Valse, Tango, Cha Cha... Un moment magique avec nos a\u00een\u00e9s ! #VPDanses #EHPAD #DanseSportive #SaintOmer #Hazebrouck","og_url":"https:\/\/vpdanses.fr\/home\/bienvenue-chez-vp-danses-hazebrouck\/animation-danse-ehpad-hazebrouck-grand-bal-ete-saint-omer\/","og_site_name":"VP DANSES, cours de Danse Sportive \u00e0 Aire-sur-la-Lys et \u00e0 Saint-Jans-Cappel (Hauts-de-France)","article_published_time":"2025-07-30T14:56:49+00:00","article_modified_time":"2025-08-20T11:55:41+00:00","og_image":[{"width":2560,"height":1920,"url":"https:\/\/vpdanses.fr\/wp-content\/uploads\/2025\/07\/2025-07-30.Affiche_grand_bal_ete_saint_jean_PRIVATE-scaled.jpg","type":"image\/jpeg"}],"author":"VP DANSES","twitter_card":"summary_large_image","twitter_title":"Animation Danse EHPAD : VP DANSES Illumine le Grand Bal d'\u00c9t\u00e9 \u00e0 Saint-Omer !","twitter_misc":{"\u00c9crit par":"VP DANSES","Dur\u00e9e de lecture estim\u00e9e":"7 minutes"},"schema":{"@context":"https:\/\/schema.org","@graph":[{"@type":"Article","@id":"https:\/\/vpdanses.fr\/home\/bienvenue-chez-vp-danses-hazebrouck\/animation-danse-ehpad-hazebrouck-grand-bal-ete-saint-omer\/#article","isPartOf":{"@id":"https:\/\/vpdanses.fr\/home\/bienvenue-chez-vp-danses-hazebrouck\/animation-danse-ehpad-hazebrouck-grand-bal-ete-saint-omer\/"},"author":{"name":"VP DANSES","@id":"https:\/\/vpdanses.fr\/home\/bienvenue-chez-vp-danses-hazebrouck\/#\/schema\/person\/bf87806369778f949b83c9cd885519e5"},"headline":"Animation Danse EHPAD : VP DANSES Illumine le Grand Bal d&rsquo;\u00c9t\u00e9 \u00e0 Saint-Omer !","datePublished":"2025-07-30T14:56:49+00:00","dateModified":"2025-08-20T11:55:41+00:00","mainEntityOfPage":{"@id":"https:\/\/vpdanses.fr\/home\/bienvenue-chez-vp-danses-hazebrouck\/animation-danse-ehpad-hazebrouck-grand-bal-ete-saint-omer\/"},"wordCount":1476,"publisher":{"@id":"https:\/\/vpdanses.fr\/home\/bienvenue-chez-vp-danses-hazebrouck\/#organization"},"image":{"@id":"https:\/\/vpdanses.fr\/home\/bienvenue-chez-vp-danses-hazebrouck\/animation-danse-ehpad-hazebrouck-grand-bal-ete-saint-omer\/#primaryimage"},"thumbnailUrl":"https:\/\/vpdanses.fr\/wp-content\/uploads\/2025\/07\/2025-07-30.Affiche_grand_bal_ete_saint_jean_PRIVATE-scaled.jpg","keywords":["animation EHPAD Beuvry","animation EHPAD Hazebrouck","animation musicale seniors","animation Pas-de-Calais","animation seniors Beuvry","Bal Semaine Bleue","bien-\u00eatre r\u00e9sidents EHPAD","danse sportive Semaine Bleue","danse sportive seniors","EHPAD 62","EHPAD Beuvry 62660","EHPAD Saint-Jean EMEIS","\u00e9v\u00e9nement interg\u00e9n\u00e9rationnel","Grand Bal EHPAD","maison retraite danse","R\u00e9sidence de France Beuvry","Saint-Omer animation","Semaine Bleue danse","spectacle danse Hazebrouck","valse tango cha cha rumba","VP DANSES Pas-de-Calais","VP DANSES solidarit\u00e9"],"articleSection":["Animations EHPAD","Autour d'Hazebrouck","DANSE SPORTIVE","\u00c9v\u00e9nements VP DANSES","Saint-Omer","Solidarit\u00e9 Interg\u00e9n\u00e9rationnelle"],"inLanguage":"fr-FR"},{"@type":"WebPage","@id":"https:\/\/vpdanses.fr\/home\/bienvenue-chez-vp-danses-hazebrouck\/animation-danse-ehpad-hazebrouck-grand-bal-ete-saint-omer\/","url":"https:\/\/vpdanses.fr\/home\/bienvenue-chez-vp-danses-hazebrouck\/animation-danse-ehpad-hazebrouck-grand-bal-ete-saint-omer\/","name":"Animation Danse EHPAD Saint-Omer : VP DANSES Grand Ba \u00c9t\u00e9l","isPartOf":{"@id":"https:\/\/vpdanses.fr\/home\/bienvenue-chez-vp-danses-hazebrouck\/#website"},"primaryImageOfPage":{"@id":"https:\/\/vpdanses.fr\/home\/bienvenue-chez-vp-danses-hazebrouck\/animation-danse-ehpad-hazebrouck-grand-bal-ete-saint-omer\/#primaryimage"},"image":{"@id":"https:\/\/vpdanses.fr\/home\/bienvenue-chez-vp-danses-hazebrouck\/animation-danse-ehpad-hazebrouck-grand-bal-ete-saint-omer\/#primaryimage"},"thumbnailUrl":"https:\/\/vpdanses.fr\/wp-content\/uploads\/2025\/07\/2025-07-30.Affiche_grand_bal_ete_saint_jean_PRIVATE-scaled.jpg","datePublished":"2025-07-30T14:56:49+00:00","dateModified":"2025-08-20T11:55:41+00:00","description":"VP DANSES anime le Grand Bal d'\u00c9t\u00e9 2025 EHPAD Saint-Jean EMEIS \u00e0 Saint-Omer. D\u00e9monstrations Danse Sportive et animation pour r\u00e9sidents.","breadcrumb":{"@id":"https:\/\/vpdanses.fr\/home\/bienvenue-chez-vp-danses-hazebrouck\/animation-danse-ehpad-hazebrouck-grand-bal-ete-saint-omer\/#breadcrumb"},"inLanguage":"fr-FR","potentialAction":[{"@type":"ReadAction","target":["https:\/\/vpdanses.fr\/home\/bienvenue-chez-vp-danses-hazebrouck\/animation-danse-ehpad-hazebrouck-grand-bal-ete-saint-omer\/"]}]},{"@type":"ImageObject","inLanguage":"fr-FR","@id":"https:\/\/vpdanses.fr\/home\/bienvenue-chez-vp-danses-hazebrouck\/animation-danse-ehpad-hazebrouck-grand-bal-ete-saint-omer\/#primaryimage","url":"https:\/\/vpdanses.fr\/wp-content\/uploads\/2025\/07\/2025-07-30.Affiche_grand_bal_ete_saint_jean_PRIVATE-scaled.jpg","contentUrl":"https:\/\/vpdanses.fr\/wp-content\/uploads\/2025\/07\/2025-07-30.Affiche_grand_bal_ete_saint_jean_PRIVATE-scaled.jpg","width":2560,"height":1920,"caption":"Bal d'\u00c9t\u00e9 de la R\u00e9sidence Saint-Jean EMEIS \u00e0 Saint-Omer le vendredi 1er ao\u00fbt 2025"},{"@type":"BreadcrumbList","@id":"https:\/\/vpdanses.fr\/home\/bienvenue-chez-vp-danses-hazebrouck\/animation-danse-ehpad-hazebrouck-grand-bal-ete-saint-omer\/#breadcrumb","itemListElement":[{"@type":"ListItem","position":1,"name":"Accueil","item":"https:\/\/vpdanses.fr\/home\/bienvenue-chez-vp-danses-hazebrouck\/"},{"@type":"ListItem","position":2,"name":"Animation Danse EHPAD : VP DANSES Illumine le Grand Bal d&rsquo;\u00c9t\u00e9 \u00e0 Saint-Omer !"}]},{"@type":"WebSite","@id":"https:\/\/vpdanses.fr\/home\/bienvenue-chez-vp-danses-hazebrouck\/#website","url":"https:\/\/vpdanses.fr\/home\/bienvenue-chez-vp-danses-hazebrouck\/","name":"VP DANSES, cours de Danse Sportive \u00e0 Aire-sur-la-Lys et \u00e0 Saint-Jans-Cappel (Hauts-de-France)","description":"Cours de Danse Sportive STANDARD (valse anglaise, tango, valse viennoise, slowfox, quickstep), danses sportives LATINES (samba, chacha, rumba, paso doble, jive), danses de bal, danses de salons, danses de loisirs, salsa, rock 4 temps, rock 6 temps, danses en ligne, disco, \u2026 Lieu : Hazebrouck, Aire-sur-la-Lys, Saint-Jans-Cappel et Isbergues (Hauts-de-France) - Cours Particuliers dans les Hauts-de-France - Ouverture de bal de Mariage","publisher":{"@id":"https:\/\/vpdanses.fr\/home\/bienvenue-chez-vp-danses-hazebrouck\/#organization"},"potentialAction":[{"@type":"SearchAction","target":{"@type":"EntryPoint","urlTemplate":"https:\/\/vpdanses.fr\/home\/bienvenue-chez-vp-danses-hazebrouck\/?s={search_term_string}"},"query-input":{"@type":"PropertyValueSpecification","valueRequired":true,"valueName":"search_term_string"}}],"inLanguage":"fr-FR"},{"@type":"Organization","@id":"https:\/\/vpdanses.fr\/home\/bienvenue-chez-vp-danses-hazebrouck\/#organization","name":"VP DANSES, cours de Danse Sportive \u00e0 Aire-sur-la-Lys et \u00e0 Saint-Jans-Cappel (Hauts-de-France)","url":"https:\/\/vpdanses.fr\/home\/bienvenue-chez-vp-danses-hazebrouck\/","logo":{"@type":"ImageObject","inLanguage":"fr-FR","@id":"https:\/\/vpdanses.fr\/home\/bienvenue-chez-vp-danses-hazebrouck\/#\/schema\/logo\/image\/","url":"https:\/\/vpdanses.fr\/wp-content\/uploads\/2024\/10\/logo_cadanse_asaintjans.jpeg","contentUrl":"https:\/\/vpdanses.fr\/wp-content\/uploads\/2024\/10\/logo_cadanse_asaintjans.jpeg","width":225,"height":225,"caption":"VP DANSES, cours de Danse Sportive \u00e0 Aire-sur-la-Lys et \u00e0 Saint-Jans-Cappel (Hauts-de-France)"},"image":{"@id":"https:\/\/vpdanses.fr\/home\/bienvenue-chez-vp-danses-hazebrouck\/#\/schema\/logo\/image\/"}},{"@type":"Person","@id":"https:\/\/vpdanses.fr\/home\/bienvenue-chez-vp-danses-hazebrouck\/#\/schema\/person\/bf87806369778f949b83c9cd885519e5","name":"VP DANSES","description":"\"VP danses\" est une association qui donne des cours de DANSES SPORTIVES STANDARDS (valse anglaise, tango, valse viennoise, slowfox, quickstep), de DANSES SPORTIVES LATINES (samba, chacha, rumba, paso doble, jive), de DANSES DE BAL, de DANSES DE SALONS, de DANSES DE LOISIRS, de SALSA, de ROCK 4 TEMPS, de ROCK 6 TEMPS, de DANSES EN LIGNE, de DISCO, \u2026","sameAs":["https:\/\/vpdanses.fr"],"url":"https:\/\/vpdanses.fr\/home\/bienvenue-chez-vp-danses-hazebrouck\/author\/adminvp20241018\/"}]}},"jetpack_featured_media_url":"https:\/\/vpdanses.fr\/wp-content\/uploads\/2025\/07\/2025-07-30.Affiche_grand_bal_ete_saint_jean_PRIVATE-scaled.jpg","uagb_featured_image_src":{"full":["https:\/\/vpdanses.fr\/wp-content\/uploads\/2025\/07\/2025-07-30.Affiche_grand_bal_ete_saint_jean_PRIVATE-scaled.jpg",2560,1920,false],"thumbnail":["https:\/\/vpdanses.fr\/wp-content\/uploads\/2025\/07\/2025-07-30.Affiche_grand_bal_ete_saint_jean_PRIVATE-150x150.jpg",150,150,true],"medium":["https:\/\/vpdanses.fr\/wp-content\/uploads\/2025\/07\/2025-07-30.Affiche_grand_bal_ete_saint_jean_PRIVATE-300x225.jpg",300,225,true],"medium_large":["https:\/\/vpdanses.fr\/wp-content\/uploads\/2025\/07\/2025-07-30.Affiche_grand_bal_ete_saint_jean_PRIVATE-768x576.jpg",768,576,true],"large":["https:\/\/vpdanses.fr\/wp-content\/uploads\/2025\/07\/2025-07-30.Affiche_grand_bal_ete_saint_jean_PRIVATE-1024x768.jpg",1024,768,true],"1536x1536":["https:\/\/vpdanses.fr\/wp-content\/uploads\/2025\/07\/2025-07-30.Affiche_grand_bal_ete_saint_jean_PRIVATE-1536x1152.jpg",1536,1152,true],"2048x2048":["https:\/\/vpdanses.fr\/wp-content\/uploads\/2025\/07\/2025-07-30.Affiche_grand_bal_ete_saint_jean_PRIVATE-2048x1536.jpg",2048,1536,true],"vp_sm":["https:\/\/vpdanses.fr\/wp-content\/uploads\/2025\/07\/2025-07-30.Affiche_grand_bal_ete_saint_jean_PRIVATE-500x375.jpg",500,375,true],"vp_md":["https:\/\/vpdanses.fr\/wp-content\/uploads\/2025\/07\/2025-07-30.Affiche_grand_bal_ete_saint_jean_PRIVATE-800x600.jpg",800,600,true],"vp_lg":["https:\/\/vpdanses.fr\/wp-content\/uploads\/2025\/07\/2025-07-30.Affiche_grand_bal_ete_saint_jean_PRIVATE-1280x960.jpg",1280,960,true],"vp_xl":["https:\/\/vpdanses.fr\/wp-content\/uploads\/2025\/07\/2025-07-30.Affiche_grand_bal_ete_saint_jean_PRIVATE-1920x1440.jpg",1920,1440,true],"vp_sm_popup":["https:\/\/vpdanses.fr\/wp-content\/uploads\/2025\/07\/2025-07-30.Affiche_grand_bal_ete_saint_jean_PRIVATE-500x375.jpg",500,375,true],"vp_md_popup":["https:\/\/vpdanses.fr\/wp-content\/uploads\/2025\/07\/2025-07-30.Affiche_grand_bal_ete_saint_jean_PRIVATE-800x600.jpg",800,600,true],"vp_xl_popup":["https:\/\/vpdanses.fr\/wp-content\/uploads\/2025\/07\/2025-07-30.Affiche_grand_bal_ete_saint_jean_PRIVATE-1920x1440.jpg",1920,1440,true],"dance-blog-thumb":["https:\/\/vpdanses.fr\/wp-content\/uploads\/2025\/07\/2025-07-30.Affiche_grand_bal_ete_saint_jean_PRIVATE-150x120.jpg",150,120,true],"dance-event-list":["https:\/\/vpdanses.fr\/wp-content\/uploads\/2025\/07\/2025-07-30.Affiche_grand_bal_ete_saint_jean_PRIVATE-420x336.jpg",420,336,true],"dance-event-single-type1":["https:\/\/vpdanses.fr\/wp-content\/uploads\/2025\/07\/2025-07-30.Affiche_grand_bal_ete_saint_jean_PRIVATE-773x520.jpg",773,520,true],"dance-event-single-type4":["https:\/\/vpdanses.fr\/wp-content\/uploads\/2025\/07\/2025-07-30.Affiche_grand_bal_ete_saint_jean_PRIVATE-570x460.jpg",570,460,true],"dance-event-single-type5":["https:\/\/vpdanses.fr\/wp-content\/uploads\/2025\/07\/2025-07-30.Affiche_grand_bal_ete_saint_jean_PRIVATE-746x770.jpg",746,770,true],"dance-event-list2":["https:\/\/vpdanses.fr\/wp-content\/uploads\/2025\/07\/2025-07-30.Affiche_grand_bal_ete_saint_jean_PRIVATE-420x275.jpg",420,275,true]},"uagb_author_info":{"display_name":"VP DANSES","author_link":"https:\/\/vpdanses.fr\/home\/bienvenue-chez-vp-danses-hazebrouck\/author\/adminvp20241018\/"},"uagb_comment_info":0,"uagb_excerpt":"Le 1er ao\u00fbt, VP DANSES a illumin\u00e9 le Grand Bal d'\u00c9t\u00e9 de l'EHPAD Saint-Jean EMEIS \u00e0 Saint-Omer. D\u00e9monstrations de Danse Sportive et animations joyeuses ont ravi r\u00e9sidents et familles. D\u00e9couvrez nos services d'animation pour EHPAD !","jetpack_sharing_enabled":true,"_links":{"self":[{"href":"https:\/\/vpdanses.fr\/home\/bienvenue-chez-vp-danses-hazebrouck\/wp-json\/wp\/v2\/posts\/14060","targetHints":{"allow":["GET"]}}],"collection":[{"href":"https:\/\/vpdanses.fr\/home\/bienvenue-chez-vp-danses-hazebrouck\/wp-json\/wp\/v2\/posts"}],"about":[{"href":"https:\/\/vpdanses.fr\/home\/bienvenue-chez-vp-danses-hazebrouck\/wp-json\/wp\/v2\/types\/post"}],"author":[{"embeddable":true,"href":"https:\/\/vpdanses.fr\/home\/bienvenue-chez-vp-danses-hazebrouck\/wp-json\/wp\/v2\/users\/1"}],"replies":[{"embeddable":true,"href":"https:\/\/vpdanses.fr\/home\/bienvenue-chez-vp-danses-hazebrouck\/wp-json\/wp\/v2\/comments?post=14060"}],"version-history":[{"count":54,"href":"https:\/\/vpdanses.fr\/home\/bienvenue-chez-vp-danses-hazebrouck\/wp-json\/wp\/v2\/posts\/14060\/revisions"}],"predecessor-version":[{"id":14303,"href":"https:\/\/vpdanses.fr\/home\/bienvenue-chez-vp-danses-hazebrouck\/wp-json\/wp\/v2\/posts\/14060\/revisions\/14303"}],"wp:featuredmedia":[{"embeddable":true,"href":"https:\/\/vpdanses.fr\/home\/bienvenue-chez-vp-danses-hazebrouck\/wp-json\/wp\/v2\/media\/14065"}],"wp:attachment":[{"href":"https:\/\/vpdanses.fr\/home\/bienvenue-chez-vp-danses-hazebrouck\/wp-json\/wp\/v2\/media?parent=14060"}],"wp:term":[{"taxonomy":"category","embeddable":true,"href":"https:\/\/vpdanses.fr\/home\/bienvenue-chez-vp-danses-hazebrouck\/wp-json\/wp\/v2\/categories?post=14060"},{"taxonomy":"post_tag","embeddable":true,"href":"https:\/\/vpdanses.fr\/home\/bienvenue-chez-vp-danses-hazebrouck\/wp-json\/wp\/v2\/tags?post=14060"}],"curies":[{"name":"wp","href":"https:\/\/api.w.org\/{rel}","templated":true}]}}