{"id":14312,"date":"2024-12-19T21:00:51","date_gmt":"2024-12-19T20:00:51","guid":{"rendered":"https:\/\/vpdanses.fr\/home\/bienvenue-chez-vp-danses-hazebrouck\/?p=14312"},"modified":"2025-08-22T07:48:29","modified_gmt":"2025-08-22T05:48:29","slug":"portes-ouvertes-danse-salon-isbergues-mjep-2024","status":"publish","type":"post","link":"https:\/\/vpdanses.fr\/home\/bienvenue-chez-vp-danses-hazebrouck\/portes-ouvertes-danse-salon-isbergues-mjep-2024\/","title":{"rendered":"Portes Ouvertes Danse de Salon : Un Succ\u00e8s \u00e0 Isbergues avec MJEP Danses"},"content":{"rendered":"\n<h2 class=\"wp-block-heading\" id=\"h-une-soiree-decouverte-exceptionnelle-le-19-decembre-2024\">Une Soir\u00e9e D\u00e9couverte Exceptionnelle le 19 D\u00e9cembre 2024<\/h2>\n\n\n\n<p>Ce jeudi 19 d\u00e9cembre 2024 restera grav\u00e9 dans les m\u00e9moires ! L&rsquo;association&nbsp;<a href=\"https:\/\/www.facebook.com\/mjepdanse\/\">MJEP DANSES<\/a>{:target=\u00a0\u00bb_blank\u00a0\u00bb} a ouvert ses portes au public pour une soir\u00e9e d\u00e9couverte inoubliable d\u00e9di\u00e9e aux&nbsp;<strong>danses de salon<\/strong>. Une occasion unique pour les curieux et futurs danseurs de d\u00e9couvrir l&rsquo;univers passionnant de la danse en couple.<\/p>\n\n\n\n<div data-aos= \"fade-right\" data-aos-duration=\"400\" data-aos-delay=\"0\" data-aos-easing=\"ease\" data-aos-once=\"true\" class=\"wp-block-uagb-separator uagb-block-55a71519 wp-block-uagb-separator--icon\"><div class=\"uagb-separator-spacing-wrapper\"><div class=\"wp-block-uagb-separator__inner\" style=\"--my-background-image:\"><div class=\"wp-block-uagb-separator-element\"><svg xmlns=\"https:\/\/www.w3.org\/2000\/svg\" viewBox=\"0 0 512 512\"><path d=\"M510.9 152.3l-5.875-14.5c-3.25-8-12.62-11.88-20.75-8.625l-28.25 11.5v-29C455.1 103 448.7 96 439.1 96h-16c-8.75 0-16 7-16 15.62V158.5c0 .5 .25 1 .25 1.5l-48.98 20.6c-5.291-12.57-12.98-23.81-22.24-33.55c9.35-14.81 14.98-32.23 14.98-51.04C351.1 42.98 309 0 255.1 0S160 42.98 160 95.1c0 18.81 5.626 36.23 14.98 51.04C165.7 156.8 158.1 168.1 152.8 180.7L103.8 160c0-.5 .25-1 .25-1.5V111.6C104 103 96.76 96 88.01 96h-16c-8.75 0-16 7-16 15.62v29l-28.25-11.5c-8.125-3.25-17.5 .625-20.75 8.625l-5.875 14.5C-2.119 160.4 1.881 169.5 10.01 172.6L144.4 228.4C144.9 240.8 147.3 252.7 151.5 263.7c-33.78 29.34-55.53 72.04-55.53 120.3c0 52.59 25.71 98.84 64.88 128h190.2c39.17-29.17 64.88-75.42 64.88-128c0-48.25-21.76-90.95-55.53-120.3c4.195-11.03 6.599-22.89 7.091-35.27l134.4-55.8C510.1 169.5 514.1 160.4 510.9 152.3zM224 95.1c-8.75 0-15.1-7.25-15.1-15.1s7.25-15.1 15.1-15.1s15.1 7.25 15.1 15.1S232.8 95.1 224 95.1zM256 367.1c-8.75 0-15.1-7.25-15.1-15.1S247.3 335.1 256 335.1s15.1 7.25 15.1 15.1S264.8 367.1 256 367.1zM256 303.1c-8.75 0-15.1-7.25-15.1-15.1S247.3 271.1 256 271.1s15.1 7.25 15.1 15.1S264.8 303.1 256 303.1zM256 239.1c-8.75 0-15.1-7.25-15.1-15.1S247.3 207.1 256 207.1s15.1 7.25 15.1 15.1S264.8 239.1 256 239.1zM256 152c0 0-15.1-23.25-15.1-32S247.3 104 256 104s15.1 7.25 15.1 16S256 152 256 152zM287.1 95.1c-8.75 0-15.1-7.25-15.1-15.1s7.25-15.1 15.1-15.1s15.1 7.25 15.1 15.1S296.7 95.1 287.1 95.1z\"><\/path><\/svg><\/div><\/div><\/div><\/div>\n\n\n\n<h3 class=\"wp-block-heading\" id=\"h-un-cours-collectif-anime-par-un-professionnel-reconnu\">Un Cours Collectif Anim\u00e9 par un Professionnel Reconnu<\/h3>\n\n\n\n<p>Le public a eu la chance d&rsquo;assister \u00e0 un authentique cours collectif anim\u00e9 par le talentueux professeur&nbsp;<a href=\"https:\/\/www.facebook.com\/sven.balcerzak\/\">Sven BALCERZAK<\/a>, reconnu dans toute la r\u00e9gion pour son expertise en danses de salon. Dipl\u00f4m\u00e9 et certifi\u00e9 par la&nbsp;<a href=\"https:\/\/www.ffdanse.fr\/\">F\u00e9d\u00e9ration Fran\u00e7aise de Danse<\/a>, il transmet sa passion avec p\u00e9dagogie. Les participants d\u00e9butants ont pu s&rsquo;initier aux pas gracieux du&nbsp;<strong>cha-cha<\/strong>&nbsp;et aux mouvements passionn\u00e9s du&nbsp;<strong>tango<\/strong>, dans une ambiance d\u00e9tendue et encourageante.<\/p>\n\n\n\n<div data-aos= \"fade-right\" data-aos-duration=\"400\" data-aos-delay=\"0\" data-aos-easing=\"ease\" data-aos-once=\"true\" class=\"wp-block-uagb-separator uagb-block-300bddec wp-block-uagb-separator--icon\"><div class=\"uagb-separator-spacing-wrapper\"><div class=\"wp-block-uagb-separator__inner\" style=\"--my-background-image:\"><div class=\"wp-block-uagb-separator-element\"><svg xmlns=\"https:\/\/www.w3.org\/2000\/svg\" viewBox=\"0 0 512 512\"><path d=\"M510.9 152.3l-5.875-14.5c-3.25-8-12.62-11.88-20.75-8.625l-28.25 11.5v-29C455.1 103 448.7 96 439.1 96h-16c-8.75 0-16 7-16 15.62V158.5c0 .5 .25 1 .25 1.5l-48.98 20.6c-5.291-12.57-12.98-23.81-22.24-33.55c9.35-14.81 14.98-32.23 14.98-51.04C351.1 42.98 309 0 255.1 0S160 42.98 160 95.1c0 18.81 5.626 36.23 14.98 51.04C165.7 156.8 158.1 168.1 152.8 180.7L103.8 160c0-.5 .25-1 .25-1.5V111.6C104 103 96.76 96 88.01 96h-16c-8.75 0-16 7-16 15.62v29l-28.25-11.5c-8.125-3.25-17.5 .625-20.75 8.625l-5.875 14.5C-2.119 160.4 1.881 169.5 10.01 172.6L144.4 228.4C144.9 240.8 147.3 252.7 151.5 263.7c-33.78 29.34-55.53 72.04-55.53 120.3c0 52.59 25.71 98.84 64.88 128h190.2c39.17-29.17 64.88-75.42 64.88-128c0-48.25-21.76-90.95-55.53-120.3c4.195-11.03 6.599-22.89 7.091-35.27l134.4-55.8C510.1 169.5 514.1 160.4 510.9 152.3zM224 95.1c-8.75 0-15.1-7.25-15.1-15.1s7.25-15.1 15.1-15.1s15.1 7.25 15.1 15.1S232.8 95.1 224 95.1zM256 367.1c-8.75 0-15.1-7.25-15.1-15.1S247.3 335.1 256 335.1s15.1 7.25 15.1 15.1S264.8 367.1 256 367.1zM256 303.1c-8.75 0-15.1-7.25-15.1-15.1S247.3 271.1 256 271.1s15.1 7.25 15.1 15.1S264.8 303.1 256 303.1zM256 239.1c-8.75 0-15.1-7.25-15.1-15.1S247.3 207.1 256 207.1s15.1 7.25 15.1 15.1S264.8 239.1 256 239.1zM256 152c0 0-15.1-23.25-15.1-32S247.3 104 256 104s15.1 7.25 15.1 16S256 152 256 152zM287.1 95.1c-8.75 0-15.1-7.25-15.1-15.1s7.25-15.1 15.1-15.1s15.1 7.25 15.1 15.1S296.7 95.1 287.1 95.1z\"><\/path><\/svg><\/div><\/div><\/div><\/div>\n\n\n\n<h2 class=\"wp-block-heading\" id=\"h-rejoignez-nous-chaque-jeudi-a-isbergues\">Rejoignez-nous Chaque Jeudi \u00e0 Isbergues<\/h2>\n\n\n\n<h3 class=\"wp-block-heading\" id=\"h-des-cours-reguliers-dans-un-cadre-ideal\">Des Cours R\u00e9guliers dans un Cadre Id\u00e9al<\/h3>\n\n\n\n<p>Envie de vous lancer ? Nos cours collectifs de danses de salon ont lieu&nbsp;<strong>chaque jeudi de 19h45 \u00e0 20h45<\/strong>&nbsp;\u00e0 la magnifique&nbsp;<a href=\"https:\/\/www.ville-isbergues.fr\/\">Salle Jean Mac\u00e9 d&rsquo;Isbergues<\/a>. Cette salle spacieuse et bien \u00e9quip\u00e9e, g\u00e9r\u00e9e par la&nbsp;<a href=\"https:\/\/www.ville-isbergues.fr\/\">Mairie d&rsquo;Isbergues<\/a>, offre le cadre parfait pour apprendre et progresser en toute s\u00e9r\u00e9nit\u00e9.<\/p>\n\n\n\n<p>Isbergues, commune dynamique du&nbsp;<a href=\"https:\/\/www.pasdecalais.fr\/\">Pas-de-Calais<\/a>, proche de&nbsp;<a href=\"https:\/\/www.ville-bethune.fr\/\">B\u00e9thune<\/a>&nbsp;et&nbsp;<a href=\"https:\/\/www.ville-saint-omer.fr\/\">Saint-Omer<\/a>, est id\u00e9alement situ\u00e9e pour accueillir les danseurs de toute la r\u00e9gion.<\/p>\n\n\n\n<p><strong>Informations pratiques :<\/strong><\/p>\n\n\n\n<ul class=\"wp-block-list\">\n<li><strong>Jour :<\/strong>&nbsp;Tous les jeudis<\/li>\n\n\n\n<li><strong>Horaire :<\/strong>&nbsp;19h45 &#8211; 20h45<\/li>\n\n\n\n<li><strong>Lieu :<\/strong>&nbsp;Salle Jean Mac\u00e9,&nbsp;<a href=\"https:\/\/www.ville-isbergues.fr\/\">Isbergues<\/a><\/li>\n\n\n\n<li><strong>Niveau :<\/strong>&nbsp;D\u00e9butants bienvenus<\/li>\n\n\n\n<li><strong>Ambiance :<\/strong>&nbsp;Conviviale et chaleureuse<\/li>\n<\/ul>\n\n\n\n<div data-aos= \"fade-right\" data-aos-duration=\"400\" data-aos-delay=\"0\" data-aos-easing=\"ease\" data-aos-once=\"true\" class=\"wp-block-uagb-separator uagb-block-f03112be wp-block-uagb-separator--icon\"><div class=\"uagb-separator-spacing-wrapper\"><div class=\"wp-block-uagb-separator__inner\" style=\"--my-background-image:\"><div class=\"wp-block-uagb-separator-element\"><svg xmlns=\"https:\/\/www.w3.org\/2000\/svg\" viewBox=\"0 0 512 512\"><path d=\"M510.9 152.3l-5.875-14.5c-3.25-8-12.62-11.88-20.75-8.625l-28.25 11.5v-29C455.1 103 448.7 96 439.1 96h-16c-8.75 0-16 7-16 15.62V158.5c0 .5 .25 1 .25 1.5l-48.98 20.6c-5.291-12.57-12.98-23.81-22.24-33.55c9.35-14.81 14.98-32.23 14.98-51.04C351.1 42.98 309 0 255.1 0S160 42.98 160 95.1c0 18.81 5.626 36.23 14.98 51.04C165.7 156.8 158.1 168.1 152.8 180.7L103.8 160c0-.5 .25-1 .25-1.5V111.6C104 103 96.76 96 88.01 96h-16c-8.75 0-16 7-16 15.62v29l-28.25-11.5c-8.125-3.25-17.5 .625-20.75 8.625l-5.875 14.5C-2.119 160.4 1.881 169.5 10.01 172.6L144.4 228.4C144.9 240.8 147.3 252.7 151.5 263.7c-33.78 29.34-55.53 72.04-55.53 120.3c0 52.59 25.71 98.84 64.88 128h190.2c39.17-29.17 64.88-75.42 64.88-128c0-48.25-21.76-90.95-55.53-120.3c4.195-11.03 6.599-22.89 7.091-35.27l134.4-55.8C510.1 169.5 514.1 160.4 510.9 152.3zM224 95.1c-8.75 0-15.1-7.25-15.1-15.1s7.25-15.1 15.1-15.1s15.1 7.25 15.1 15.1S232.8 95.1 224 95.1zM256 367.1c-8.75 0-15.1-7.25-15.1-15.1S247.3 335.1 256 335.1s15.1 7.25 15.1 15.1S264.8 367.1 256 367.1zM256 303.1c-8.75 0-15.1-7.25-15.1-15.1S247.3 271.1 256 271.1s15.1 7.25 15.1 15.1S264.8 303.1 256 303.1zM256 239.1c-8.75 0-15.1-7.25-15.1-15.1S247.3 207.1 256 207.1s15.1 7.25 15.1 15.1S264.8 239.1 256 239.1zM256 152c0 0-15.1-23.25-15.1-32S247.3 104 256 104s15.1 7.25 15.1 16S256 152 256 152zM287.1 95.1c-8.75 0-15.1-7.25-15.1-15.1s7.25-15.1 15.1-15.1s15.1 7.25 15.1 15.1S296.7 95.1 287.1 95.1z\"><\/path><\/svg><\/div><\/div><\/div><\/div>\n\n\n\n<h2 class=\"wp-block-heading\" id=\"h-ddecouvrez-l-univers-fascinant-des-danses-de-salon\">dD\u00e9couvrez l&rsquo;Univers Fascinant des Danses de Salon<\/h2>\n\n\n\n<h3 class=\"wp-block-heading\" id=\"h-les-danses-latines-passion-et-sensualite\">Les Danses Latines : Passion et Sensualit\u00e9<\/h3>\n\n\n\n<p><strong>Cha-Cha-Cha<\/strong>&nbsp;: Laissez-vous emporter par les rythmes afro-cubains ! Cette danse joyeuse, insouciante et audacieuse vous fera vibrer au son de musiques entra\u00eenantes. D\u00e9couvrez son histoire sur&nbsp;<a href=\"https:\/\/fr.wikipedia.org\/wiki\/Cha-cha-cha\">Wikipedia<\/a>.<\/p>\n\n\n\n<p><strong>Rumba<\/strong>&nbsp;: Cousine lente du cha-cha-cha, cette&nbsp;<a href=\"https:\/\/fr.wikipedia.org\/wiki\/Rumba\">danse cubaine<\/a>&nbsp;\u00e9voque la s\u00e9duction et les jeux de l&rsquo;amour entre partenaires. Pure sensualit\u00e9 garantie !<\/p>\n\n\n\n<p><strong>Samba<\/strong>&nbsp;: Directement venue du&nbsp;<a href=\"https:\/\/fr.wikipedia.org\/wiki\/Samba\">Br\u00e9sil<\/a>, symbole de la f\u00eate et du carnaval. Gaie et exub\u00e9rante, elle \u00e9voque le soleil et la sensualit\u00e9 br\u00e9silienne.<\/p>\n\n\n\n<p><strong>Jive<\/strong>&nbsp;: Parente des danses rock,&nbsp;<a href=\"https:\/\/fr.wikipedia.org\/wiki\/Boogie-woogie\">boogie-woogie<\/a>&nbsp;et&nbsp;<a href=\"https:\/\/fr.wikipedia.org\/wiki\/Swing_(danse)\">swing<\/a>, cette danse dynamique et joyeuse vous donnera la p\u00eache \u00e0 coup s\u00fbr !<\/p>\n\n\n\n<p><strong>Paso Doble<\/strong>&nbsp;: Venue d&rsquo;<a href=\"https:\/\/fr.wikipedia.org\/wiki\/Paso_doble\">Espagne<\/a>, cette danse symbolise la tauromachie. Le danseur incarne le tor\u00e9ador, la danseuse la muletta. Passion, drame&#8230; une danse au caract\u00e8re fort !<\/p>\n\n\n\n<h3 class=\"wp-block-heading\" id=\"h-les-danses-standards-elegance-et-romantisme\">Les Danses Standards : \u00c9l\u00e9gance et Romantisme<\/h3>\n\n\n\n<p><strong>Valse Viennoise<\/strong>&nbsp;: Connue pour ses pas rapides, cette danse qui a r\u00e9gn\u00e9 dans les salons de la noblesse europ\u00e9enne au 18\u00e8me si\u00e8cle est romantique par essence.<\/p>\n\n\n\n<p><strong>Valse Lente<\/strong>&nbsp;: Apparue au 19\u00e8me si\u00e8cle, elle \u00e9voque le romantisme et la nostalgie par sa fluidit\u00e9 de mouvement. Un moment de pure po\u00e9sie !<\/p>\n\n\n\n<p><strong>Tango<\/strong>&nbsp;: Cette danse d&rsquo;origine latine, d&rsquo;une expressivit\u00e9 marqu\u00e9e, se distingue par des mouvements rapides et parfois saccad\u00e9s. Intensit\u00e9 garantie !<\/p>\n\n\n\n<p><strong>Quickstep<\/strong>&nbsp;: Influenc\u00e9e par le charleston, cette danse vive et p\u00e9tillante transmet la joie des danseurs qui se d\u00e9placent rapidement \u00e0 petits pas saut\u00e9s.<\/p>\n\n\n\n<p><strong>Slow Fox<\/strong>&nbsp;: Dans cette danse \u00e9l\u00e9gante et fluide, la technique et la distinction sont primordiales. C&rsquo;est l&rsquo;une des danses standards les plus techniques.<\/p>\n\n\n\n<div data-aos= \"fade-right\" data-aos-duration=\"400\" data-aos-delay=\"0\" data-aos-easing=\"ease\" data-aos-once=\"true\" class=\"wp-block-uagb-separator uagb-block-7e5e8eaf wp-block-uagb-separator--icon\"><div class=\"uagb-separator-spacing-wrapper\"><div class=\"wp-block-uagb-separator__inner\" style=\"--my-background-image:\"><div class=\"wp-block-uagb-separator-element\"><svg xmlns=\"https:\/\/www.w3.org\/2000\/svg\" viewBox=\"0 0 512 512\"><path d=\"M510.9 152.3l-5.875-14.5c-3.25-8-12.62-11.88-20.75-8.625l-28.25 11.5v-29C455.1 103 448.7 96 439.1 96h-16c-8.75 0-16 7-16 15.62V158.5c0 .5 .25 1 .25 1.5l-48.98 20.6c-5.291-12.57-12.98-23.81-22.24-33.55c9.35-14.81 14.98-32.23 14.98-51.04C351.1 42.98 309 0 255.1 0S160 42.98 160 95.1c0 18.81 5.626 36.23 14.98 51.04C165.7 156.8 158.1 168.1 152.8 180.7L103.8 160c0-.5 .25-1 .25-1.5V111.6C104 103 96.76 96 88.01 96h-16c-8.75 0-16 7-16 15.62v29l-28.25-11.5c-8.125-3.25-17.5 .625-20.75 8.625l-5.875 14.5C-2.119 160.4 1.881 169.5 10.01 172.6L144.4 228.4C144.9 240.8 147.3 252.7 151.5 263.7c-33.78 29.34-55.53 72.04-55.53 120.3c0 52.59 25.71 98.84 64.88 128h190.2c39.17-29.17 64.88-75.42 64.88-128c0-48.25-21.76-90.95-55.53-120.3c4.195-11.03 6.599-22.89 7.091-35.27l134.4-55.8C510.1 169.5 514.1 160.4 510.9 152.3zM224 95.1c-8.75 0-15.1-7.25-15.1-15.1s7.25-15.1 15.1-15.1s15.1 7.25 15.1 15.1S232.8 95.1 224 95.1zM256 367.1c-8.75 0-15.1-7.25-15.1-15.1S247.3 335.1 256 335.1s15.1 7.25 15.1 15.1S264.8 367.1 256 367.1zM256 303.1c-8.75 0-15.1-7.25-15.1-15.1S247.3 271.1 256 271.1s15.1 7.25 15.1 15.1S264.8 303.1 256 303.1zM256 239.1c-8.75 0-15.1-7.25-15.1-15.1S247.3 207.1 256 207.1s15.1 7.25 15.1 15.1S264.8 239.1 256 239.1zM256 152c0 0-15.1-23.25-15.1-32S247.3 104 256 104s15.1 7.25 15.1 16S256 152 256 152zM287.1 95.1c-8.75 0-15.1-7.25-15.1-15.1s7.25-15.1 15.1-15.1s15.1 7.25 15.1 15.1S296.7 95.1 287.1 95.1z\"><\/path><\/svg><\/div><\/div><\/div><\/div>\n\n\n\n<h2 class=\"wp-block-heading\" id=\"h-pourquoi-choisir-les-danses-de-salon\">Pourquoi Choisir les Danses de Salon ?<\/h2>\n\n\n\n<h3 class=\"wp-block-heading\" id=\"h-des-bienfaits-multiples-pour-votre-bien-etre\">Des Bienfaits Multiples pour Votre Bien-\u00eatre<\/h3>\n\n\n\n<ul class=\"wp-block-list\">\n<li><strong>Forme physique<\/strong>&nbsp;: Excellent exercice cardiovasculaire selon l&rsquo;<a href=\"https:\/\/www.who.int\/fr\">OMS<\/a><\/li>\n\n\n\n<li><strong>Coordination<\/strong>&nbsp;: D\u00e9veloppement de l&rsquo;\u00e9quilibre et de la gr\u00e2ce<\/li>\n\n\n\n<li><strong>Social<\/strong>&nbsp;: Rencontres et nouveaux liens d&rsquo;amiti\u00e9 dans la r\u00e9gion des&nbsp;<a href=\"https:\/\/www.hautsdefrance.fr\/\">Hauts-de-France<\/a><\/li>\n\n\n\n<li><strong>Confiance<\/strong>&nbsp;: Gain d&rsquo;assurance et d&rsquo;expression corporelle<\/li>\n\n\n\n<li><strong>Plaisir<\/strong>&nbsp;: Moments de joie et d&rsquo;\u00e9vasion garantis<\/li>\n<\/ul>\n\n\n\n<p>Les bienfaits de la danse sont reconnus par de nombreuses \u00e9tudes scientifiques disponibles sur&nbsp;<a href=\"https:\/\/pubmed.ncbi.nlm.nih.gov\/\">PubMed<\/a>.<\/p>\n\n\n\n<h3 class=\"wp-block-heading\" id=\"h-une-communaute-accueillante-vous-attend\">Une Communaut\u00e9 Accueillante Vous Attend<\/h3>\n\n\n\n<p>Que vous soyez&nbsp;<strong>grand d\u00e9butant<\/strong>&nbsp;ou que vous ayez quelques notions, notre groupe vous accueillera \u00e0 bras ouverts. L&rsquo;entraide et la bonne humeur sont nos ma\u00eetres-mots !<\/p>\n\n\n\n<div data-aos= \"fade-right\" data-aos-duration=\"400\" data-aos-delay=\"0\" data-aos-easing=\"ease\" data-aos-once=\"true\" class=\"wp-block-uagb-separator uagb-block-7e85ca85 wp-block-uagb-separator--icon\"><div class=\"uagb-separator-spacing-wrapper\"><div class=\"wp-block-uagb-separator__inner\" style=\"--my-background-image:\"><div class=\"wp-block-uagb-separator-element\"><svg xmlns=\"https:\/\/www.w3.org\/2000\/svg\" viewBox=\"0 0 512 512\"><path d=\"M510.9 152.3l-5.875-14.5c-3.25-8-12.62-11.88-20.75-8.625l-28.25 11.5v-29C455.1 103 448.7 96 439.1 96h-16c-8.75 0-16 7-16 15.62V158.5c0 .5 .25 1 .25 1.5l-48.98 20.6c-5.291-12.57-12.98-23.81-22.24-33.55c9.35-14.81 14.98-32.23 14.98-51.04C351.1 42.98 309 0 255.1 0S160 42.98 160 95.1c0 18.81 5.626 36.23 14.98 51.04C165.7 156.8 158.1 168.1 152.8 180.7L103.8 160c0-.5 .25-1 .25-1.5V111.6C104 103 96.76 96 88.01 96h-16c-8.75 0-16 7-16 15.62v29l-28.25-11.5c-8.125-3.25-17.5 .625-20.75 8.625l-5.875 14.5C-2.119 160.4 1.881 169.5 10.01 172.6L144.4 228.4C144.9 240.8 147.3 252.7 151.5 263.7c-33.78 29.34-55.53 72.04-55.53 120.3c0 52.59 25.71 98.84 64.88 128h190.2c39.17-29.17 64.88-75.42 64.88-128c0-48.25-21.76-90.95-55.53-120.3c4.195-11.03 6.599-22.89 7.091-35.27l134.4-55.8C510.1 169.5 514.1 160.4 510.9 152.3zM224 95.1c-8.75 0-15.1-7.25-15.1-15.1s7.25-15.1 15.1-15.1s15.1 7.25 15.1 15.1S232.8 95.1 224 95.1zM256 367.1c-8.75 0-15.1-7.25-15.1-15.1S247.3 335.1 256 335.1s15.1 7.25 15.1 15.1S264.8 367.1 256 367.1zM256 303.1c-8.75 0-15.1-7.25-15.1-15.1S247.3 271.1 256 271.1s15.1 7.25 15.1 15.1S264.8 303.1 256 303.1zM256 239.1c-8.75 0-15.1-7.25-15.1-15.1S247.3 207.1 256 207.1s15.1 7.25 15.1 15.1S264.8 239.1 256 239.1zM256 152c0 0-15.1-23.25-15.1-32S247.3 104 256 104s15.1 7.25 15.1 16S256 152 256 152zM287.1 95.1c-8.75 0-15.1-7.25-15.1-15.1s7.25-15.1 15.1-15.1s15.1 7.25 15.1 15.1S296.7 95.1 287.1 95.1z\"><\/path><\/svg><\/div><\/div><\/div><\/div>\n\n\n\n<h2 class=\"wp-block-heading\" id=\"h-informations-et-inscriptions\">Informations et Inscriptions<\/h2>\n\n\n\n<p>N&rsquo;h\u00e9sitez plus ! Rejoignez notre belle communaut\u00e9 de danseurs passionn\u00e9s. Pour plus d&rsquo;informations, contactez directement l&rsquo;association&nbsp;<a href=\"https:\/\/www.facebook.com\/mjepdanse\/\">MJEP DANSES<\/a>&nbsp;ou rendez-vous directement \u00e0 la&nbsp;<a href=\"https:\/\/www.google.fr\/maps\/place\/Salle+Jean+Mac%C3%A9\/@50.6218942,2.4568649,17z\/data=!3m1!4b1!4m6!3m5!1s0x47dd1d0051fe8903:0x226cc70e56ca972!8m2!3d50.6218942!4d2.4594398!16s%2Fg%2F11y29x5ysg?entry=ttu&amp;g_ep=EgoyMDI0MTIxMS4wIKXMDSoASAFQAw%3D%3D\">Salle Jean Mac\u00e9 d&rsquo;Isbergues<\/a>&nbsp;un jeudi soir.<\/p>\n\n\n\n<p><em>Les descriptions des danses sont reprises du site officiel de la&nbsp;<a href=\"https:\/\/www.ffdanse.fr\/disciplines\/latines-standards\">F\u00e9d\u00e9ration Fran\u00e7aise de Danse<\/a>&nbsp;(FFD).<\/em><\/p>\n\n\n\n<div data-aos= \"fade-right\" data-aos-duration=\"400\" data-aos-delay=\"0\" data-aos-easing=\"ease\" data-aos-once=\"true\" class=\"wp-block-uagb-separator uagb-block-9752c043 wp-block-uagb-separator--icon\"><div class=\"uagb-separator-spacing-wrapper\"><div class=\"wp-block-uagb-separator__inner\" style=\"--my-background-image:\"><div class=\"wp-block-uagb-separator-element\"><svg xmlns=\"https:\/\/www.w3.org\/2000\/svg\" viewBox=\"0 0 512 512\"><path d=\"M510.9 152.3l-5.875-14.5c-3.25-8-12.62-11.88-20.75-8.625l-28.25 11.5v-29C455.1 103 448.7 96 439.1 96h-16c-8.75 0-16 7-16 15.62V158.5c0 .5 .25 1 .25 1.5l-48.98 20.6c-5.291-12.57-12.98-23.81-22.24-33.55c9.35-14.81 14.98-32.23 14.98-51.04C351.1 42.98 309 0 255.1 0S160 42.98 160 95.1c0 18.81 5.626 36.23 14.98 51.04C165.7 156.8 158.1 168.1 152.8 180.7L103.8 160c0-.5 .25-1 .25-1.5V111.6C104 103 96.76 96 88.01 96h-16c-8.75 0-16 7-16 15.62v29l-28.25-11.5c-8.125-3.25-17.5 .625-20.75 8.625l-5.875 14.5C-2.119 160.4 1.881 169.5 10.01 172.6L144.4 228.4C144.9 240.8 147.3 252.7 151.5 263.7c-33.78 29.34-55.53 72.04-55.53 120.3c0 52.59 25.71 98.84 64.88 128h190.2c39.17-29.17 64.88-75.42 64.88-128c0-48.25-21.76-90.95-55.53-120.3c4.195-11.03 6.599-22.89 7.091-35.27l134.4-55.8C510.1 169.5 514.1 160.4 510.9 152.3zM224 95.1c-8.75 0-15.1-7.25-15.1-15.1s7.25-15.1 15.1-15.1s15.1 7.25 15.1 15.1S232.8 95.1 224 95.1zM256 367.1c-8.75 0-15.1-7.25-15.1-15.1S247.3 335.1 256 335.1s15.1 7.25 15.1 15.1S264.8 367.1 256 367.1zM256 303.1c-8.75 0-15.1-7.25-15.1-15.1S247.3 271.1 256 271.1s15.1 7.25 15.1 15.1S264.8 303.1 256 303.1zM256 239.1c-8.75 0-15.1-7.25-15.1-15.1S247.3 207.1 256 207.1s15.1 7.25 15.1 15.1S264.8 239.1 256 239.1zM256 152c0 0-15.1-23.25-15.1-32S247.3 104 256 104s15.1 7.25 15.1 16S256 152 256 152zM287.1 95.1c-8.75 0-15.1-7.25-15.1-15.1s7.25-15.1 15.1-15.1s15.1 7.25 15.1 15.1S296.7 95.1 287.1 95.1z\"><\/path><\/svg><\/div><\/div><\/div><\/div>\n\n\n\n<h2 class=\"wp-block-heading\" id=\"h-plus-de-photos-de-votre-soiree-decouverte\">Plus de Photos de Votre Soir\u00e9e D\u00e9couverte<\/h2>\n\n\n\n<h3 class=\"wp-block-heading\">Album Complet Disponible sur Demande<\/h3>\n\n\n\n<p>Dans le respect de la&nbsp;<a href=\"https:\/\/www.cnil.fr\/fr\/reglement-europeen-protection-donnees\">l\u00e9gislation RGPD<\/a>&nbsp;et de votre vie priv\u00e9e, nous avons cr\u00e9\u00e9 un album photos complet de cette magnifique soir\u00e9e portes ouvertes. De nombreux moments pr\u00e9cieux ont \u00e9t\u00e9 immortalis\u00e9s : les premiers pas h\u00e9sitants, les sourires complices, l&rsquo;ambiance chaleureuse de notre groupe&#8230;<\/p>\n\n\n\n<p>Conform\u00e9ment aux&nbsp;<a href=\"https:\/\/www.gouvernement.fr\/actualite\/protection-des-donnees-personnelles-ce-qui-change-avec-le-reglement-europeen\">r\u00e8gles de protection des donn\u00e9es personnelles<\/a>&nbsp;\u00e9tablies par la&nbsp;<a href=\"https:\/\/ec.europa.eu\/info\/law\/law-topic\/data-protection_fr\">Commission Europ\u00e9enne<\/a>, ces photos sont stock\u00e9es de mani\u00e8re s\u00e9curis\u00e9e sur&nbsp;<a href=\"https:\/\/photos.google.com\/\">Google Photos<\/a>.<\/p>\n\n\n\n<p><strong>Pour recevoir le lien priv\u00e9 vers l&rsquo;album complet<\/strong>, il vous suffit de contacter directement\u00a0<a href=\"https:\/\/vpdanses.fr\/\">VP DANSES<\/a>\u00a0par t\u00e9l\u00e9phone ou en utilisant notre\u00a0<a href=\"https:\/\/vpdanses.fr\/home\/bienvenue-chez-vp-danses-hazebrouck\/formulaire-de-contact\/\">formulaire de contact s\u00e9curis\u00e9<\/a>. Nous vous transmettrons alors l&rsquo;acc\u00e8s personnalis\u00e9 \u00e0 toutes les photos de la soir\u00e9e.<\/p>\n\n\n\n<p>Cette d\u00e9marche respecte les recommandations de la&nbsp;<a href=\"https:\/\/www.cnil.fr\/\">CNIL<\/a>&nbsp;concernant le partage d&rsquo;images et garantit que seules les personnes int\u00e9ress\u00e9es auront acc\u00e8s aux photos.<\/p>\n\n\n\n<figure class=\"wp-block-image size-large\"><noscript><img loading=\"lazy\" decoding=\"async\" width=\"1024\" height=\"324\" data-skip-lazy src=\"https:\/\/vpdanses.fr\/wp-content\/uploads\/2024\/12\/2024-12-19.collage-photos-portes-ouvertes-mjep-danses-isbergues-2024-1024x324.jpg\" alt=\"Collage photos Shape Collage portes ouvertes MJEP DANSES danse salon Isbergues d\u00e9cembre 2024 montage artistique\" class=\"wp-image-14324\" srcset=\"https:\/\/vpdanses.fr\/wp-content\/uploads\/2024\/12\/2024-12-19.collage-photos-portes-ouvertes-mjep-danses-isbergues-2024-1024x324.jpg 1024w, https:\/\/vpdanses.fr\/wp-content\/uploads\/2024\/12\/2024-12-19.collage-photos-portes-ouvertes-mjep-danses-isbergues-2024-300x95.jpg 300w, https:\/\/vpdanses.fr\/wp-content\/uploads\/2024\/12\/2024-12-19.collage-photos-portes-ouvertes-mjep-danses-isbergues-2024-768x243.jpg 768w, https:\/\/vpdanses.fr\/wp-content\/uploads\/2024\/12\/2024-12-19.collage-photos-portes-ouvertes-mjep-danses-isbergues-2024-1536x486.jpg 1536w, https:\/\/vpdanses.fr\/wp-content\/uploads\/2024\/12\/2024-12-19.collage-photos-portes-ouvertes-mjep-danses-isbergues-2024-2048x648.jpg 2048w, https:\/\/vpdanses.fr\/wp-content\/uploads\/2024\/12\/2024-12-19.collage-photos-portes-ouvertes-mjep-danses-isbergues-2024-500x158.jpg 500w, https:\/\/vpdanses.fr\/wp-content\/uploads\/2024\/12\/2024-12-19.collage-photos-portes-ouvertes-mjep-danses-isbergues-2024-800x253.jpg 800w, https:\/\/vpdanses.fr\/wp-content\/uploads\/2024\/12\/2024-12-19.collage-photos-portes-ouvertes-mjep-danses-isbergues-2024-1280x405.jpg 1280w, https:\/\/vpdanses.fr\/wp-content\/uploads\/2024\/12\/2024-12-19.collage-photos-portes-ouvertes-mjep-danses-isbergues-2024-1920x607.jpg 1920w\" sizes=\"auto, (max-width: 1024px) 100vw, 1024px\" \/><\/noscript><img loading=\"eager\" decoding=\"async\" width=\"1024\" height=\"324\" src=\"https:\/\/vpdanses.fr\/wp-content\/uploads\/2024\/12\/2024-12-19.collage-photos-portes-ouvertes-mjep-danses-isbergues-2024-1024x324.jpg\" alt=\"Collage photos Shape Collage portes ouvertes MJEP DANSES danse salon Isbergues d\u00e9cembre 2024 montage artistique\" class=\"wp-image-14324 vp-lazyload\" srcset=\"data:image\/svg+xml;base64,PHN2ZyB3aWR0aD0iMTAyNCIgaGVpZ2h0PSIzMjQiIHZpZXdCb3g9IjAgMCAxMDI0IDMyNCIgZmlsbD0ibm9uZSIgeG1sbnM9Imh0dHA6Ly93d3cudzMub3JnLzIwMDAvc3ZnIj48L3N2Zz4=\" data-src=\"https:\/\/vpdanses.fr\/wp-content\/uploads\/2024\/12\/2024-12-19.collage-photos-portes-ouvertes-mjep-danses-isbergues-2024-1024x324.jpg\" data-srcset=\"https:\/\/vpdanses.fr\/wp-content\/uploads\/2024\/12\/2024-12-19.collage-photos-portes-ouvertes-mjep-danses-isbergues-2024-1024x324.jpg 1024w, https:\/\/vpdanses.fr\/wp-content\/uploads\/2024\/12\/2024-12-19.collage-photos-portes-ouvertes-mjep-danses-isbergues-2024-300x95.jpg 300w, https:\/\/vpdanses.fr\/wp-content\/uploads\/2024\/12\/2024-12-19.collage-photos-portes-ouvertes-mjep-danses-isbergues-2024-768x243.jpg 768w, https:\/\/vpdanses.fr\/wp-content\/uploads\/2024\/12\/2024-12-19.collage-photos-portes-ouvertes-mjep-danses-isbergues-2024-1536x486.jpg 1536w, https:\/\/vpdanses.fr\/wp-content\/uploads\/2024\/12\/2024-12-19.collage-photos-portes-ouvertes-mjep-danses-isbergues-2024-2048x648.jpg 2048w, https:\/\/vpdanses.fr\/wp-content\/uploads\/2024\/12\/2024-12-19.collage-photos-portes-ouvertes-mjep-danses-isbergues-2024-500x158.jpg 500w, https:\/\/vpdanses.fr\/wp-content\/uploads\/2024\/12\/2024-12-19.collage-photos-portes-ouvertes-mjep-danses-isbergues-2024-800x253.jpg 800w, https:\/\/vpdanses.fr\/wp-content\/uploads\/2024\/12\/2024-12-19.collage-photos-portes-ouvertes-mjep-danses-isbergues-2024-1280x405.jpg 1280w, https:\/\/vpdanses.fr\/wp-content\/uploads\/2024\/12\/2024-12-19.collage-photos-portes-ouvertes-mjep-danses-isbergues-2024-1920x607.jpg 1920w\" data-sizes=\"auto\"><figcaption class=\"wp-element-caption\"> Collage artistique rassemblant tous les moments forts de la soir\u00e9e portes ouvertes MJEP DANSES du 19\/12\/2024<\/figcaption><\/figure>\n\n\n\n<div style=\"height:81px\" aria-hidden=\"true\" class=\"wp-block-spacer\"><\/div>\n","protected":false},"excerpt":{"rendered":"<p>Une soir\u00e9e portes ouvertes r\u00e9ussie le 19 d\u00e9cembre 2024 ! Venez d\u00e9couvrir les danses de salon avec MJEP DANSES \u00e0 Isbergues. Cours collectifs tous les jeudis de 19h45 \u00e0 20h45 \u00e0 la Salle Jean Mac\u00e9. Ambiance conviviale, professeur exp\u00e9riment\u00e9, tous niveaux accept\u00e9s.<\/p>\n","protected":false},"author":1,"featured_media":14320,"comment_status":"closed","ping_status":"closed","sticky":false,"template":"","format":"standard","meta":{"_uag_custom_page_level_css":"","_price":"","_stock":"","_tribe_ticket_header":"","_tribe_default_ticket_provider":"","_tribe_ticket_capacity":"0","_ticket_start_date":"","_ticket_end_date":"","_tribe_ticket_show_description":"","_tribe_ticket_show_not_going":false,"_tribe_ticket_use_global_stock":"","_tribe_ticket_global_stock_level":"","_global_stock_mode":"","_global_stock_cap":"","_tribe_rsvp_for_event":"","_tribe_ticket_going_count":"","_tribe_ticket_not_going_count":"","_tribe_tickets_list":"[]","_tribe_ticket_has_attendee_info_fields":false,"_EventAllDay":false,"_EventTimezone":"","_EventStartDate":"","_EventEndDate":"","_EventStartDateUTC":"","_EventEndDateUTC":"","_EventShowMap":false,"_EventShowMapLink":false,"_EventURL":"","_EventCost":"","_EventCostDescription":"","_EventCurrencySymbol":"","_EventCurrencyCode":"","_EventCurrencyPosition":"","_EventDateTimeSeparator":"","_EventTimeRangeSeparator":"","_EventOrganizerID":[],"_EventVenueID":[],"_OrganizerEmail":"","_OrganizerPhone":"","_OrganizerWebsite":"","_VenueAddress":"","_VenueCity":"","_VenueCountry":"","_VenueProvince":"","_VenueState":"","_VenueZip":"","_VenuePhone":"","_VenueURL":"","_VenueStateProvince":"","_VenueLat":"","_VenueLng":"","_VenueShowMap":false,"_VenueShowMapLink":false,"_vp_format_video_url":"","_vp_image_focal_point":[],"_jetpack_memberships_contains_paid_content":false,"footnotes":""},"categories":[413,86,402,403,411,412],"tags":[410,303,401,395,394,400,399,397,318,120,398,407,408,300,286,415,107,290,396,409],"class_list":["post-14312","post","type-post","status-publish","format-standard","has-post-thumbnail","hentry","category-arts-visuels-et-montage","category-autour-dhazebrouck","category-cours-de-danse","category-evenements","category-photos-et-medias","category-vie-privee-et-rgpd","tag-album-photos","tag-cha-cha","tag-cours-collectifs","tag-cours-de-danse","tag-danse-de-salon","tag-danses-latines","tag-danses-standards","tag-debutants","tag-hauts-de-france","tag-isbergues","tag-mjep-danses","tag-photos-evenement","tag-rgpd","tag-rumba","tag-samba","tag-shape-collage","tag-sven-balcerzak","tag-tango","tag-valse","tag-vie-privee"],"yoast_head":"<!-- This site is optimized with the Yoast SEO Premium plugin v25.6 (Yoast SEO v25.6) - https:\/\/yoast.com\/wordpress\/plugins\/seo\/ -->\n<title>Portes Ouvertes Danse de Salon : Un Succ\u00e8s \u00e0 Isbergues avec MJEP Danses - VP DANSES, cours de Danse Sportive \u00e0 Aire-sur-la-Lys et \u00e0 Saint-Jans-Cappel (Hauts-de-France)<\/title>\n<meta name=\"description\" content=\"D\u00e9couvrez les danses de salon \u00e0 Isbergues ! Cours collectifs chaque jeudi 19h45-20h45 avec MJEP DANSES. D\u00e9butants bienvenus. Inscriptions ouvertes.\" \/>\n<meta name=\"robots\" content=\"index, follow, max-snippet:-1, max-image-preview:large, max-video-preview:-1\" \/>\n<link rel=\"canonical\" href=\"https:\/\/vpdanses.fr\/home\/bienvenue-chez-vp-danses-hazebrouck\/portes-ouvertes-danse-salon-isbergues-mjep-2024\/\" \/>\n<meta property=\"og:locale\" content=\"fr_FR\" \/>\n<meta property=\"og:type\" content=\"article\" \/>\n<meta property=\"og:title\" content=\"Portes Ouvertes Danse de Salon : Un Succ\u00e8s \u00e0 Isbergues avec MJEP Danses\" \/>\n<meta property=\"og:description\" content=\"D\u00e9couvrez les danses de salon \u00e0 Isbergues ! Cours collectifs chaque jeudi 19h45-20h45 avec MJEP DANSES. D\u00e9butants bienvenus. Inscriptions ouvertes.\" \/>\n<meta property=\"og:url\" content=\"https:\/\/vpdanses.fr\/home\/bienvenue-chez-vp-danses-hazebrouck\/portes-ouvertes-danse-salon-isbergues-mjep-2024\/\" \/>\n<meta property=\"og:site_name\" content=\"VP DANSES, cours de Danse Sportive \u00e0 Aire-sur-la-Lys et \u00e0 Saint-Jans-Cappel (Hauts-de-France)\" \/>\n<meta property=\"article:published_time\" content=\"2024-12-19T20:00:51+00:00\" \/>\n<meta property=\"article:modified_time\" content=\"2025-08-22T05:48:29+00:00\" \/>\n<meta property=\"og:image\" content=\"https:\/\/vpdanses.fr\/wp-content\/uploads\/2024\/12\/20241219_0458_groupe-danseurs-mjep-portes-ouvertes-isbergues-2024.jpg.jpg\" \/>\n\t<meta property=\"og:image:width\" content=\"1080\" \/>\n\t<meta property=\"og:image:height\" content=\"606\" \/>\n\t<meta property=\"og:image:type\" content=\"image\/jpeg\" \/>\n<meta name=\"author\" content=\"VP DANSES\" \/>\n<meta name=\"twitter:card\" content=\"summary_large_image\" \/>\n<meta name=\"twitter:label1\" content=\"\u00c9crit par\" \/>\n\t<meta name=\"twitter:data1\" content=\"VP DANSES\" \/>\n\t<meta name=\"twitter:label2\" content=\"Dur\u00e9e de lecture estim\u00e9e\" \/>\n\t<meta name=\"twitter:data2\" content=\"5 minutes\" \/>\n<script type=\"application\/ld+json\" class=\"yoast-schema-graph\">{\"@context\":\"https:\/\/schema.org\",\"@graph\":[{\"@type\":\"Article\",\"@id\":\"https:\/\/vpdanses.fr\/home\/bienvenue-chez-vp-danses-hazebrouck\/portes-ouvertes-danse-salon-isbergues-mjep-2024\/#article\",\"isPartOf\":{\"@id\":\"https:\/\/vpdanses.fr\/home\/bienvenue-chez-vp-danses-hazebrouck\/portes-ouvertes-danse-salon-isbergues-mjep-2024\/\"},\"author\":{\"name\":\"VP DANSES\",\"@id\":\"https:\/\/vpdanses.fr\/home\/bienvenue-chez-vp-danses-hazebrouck\/#\/schema\/person\/bf87806369778f949b83c9cd885519e5\"},\"headline\":\"Portes Ouvertes Danse de Salon : Un Succ\u00e8s \u00e0 Isbergues avec MJEP Danses\",\"datePublished\":\"2024-12-19T20:00:51+00:00\",\"dateModified\":\"2025-08-22T05:48:29+00:00\",\"mainEntityOfPage\":{\"@id\":\"https:\/\/vpdanses.fr\/home\/bienvenue-chez-vp-danses-hazebrouck\/portes-ouvertes-danse-salon-isbergues-mjep-2024\/\"},\"wordCount\":941,\"publisher\":{\"@id\":\"https:\/\/vpdanses.fr\/home\/bienvenue-chez-vp-danses-hazebrouck\/#organization\"},\"image\":{\"@id\":\"https:\/\/vpdanses.fr\/home\/bienvenue-chez-vp-danses-hazebrouck\/portes-ouvertes-danse-salon-isbergues-mjep-2024\/#primaryimage\"},\"thumbnailUrl\":\"https:\/\/vpdanses.fr\/wp-content\/uploads\/2024\/12\/20241219_0458_groupe-danseurs-mjep-portes-ouvertes-isbergues-2024.jpg.jpg\",\"keywords\":[\"album photos\",\"Cha-Cha\",\"cours collectifs\",\"cours de danse\",\"danse de salon\",\"danses latines\",\"danses standards\",\"d\u00e9butants\",\"Hauts-de-France\",\"Isbergues\",\"MJEP DANSES\",\"photos \u00e9v\u00e9nement\",\"RGPD\",\"Rumba\",\"Samba\",\"Shape Collage\",\"SVEN BALCERZAK\",\"Tango\",\"valse\",\"vie priv\u00e9e\"],\"articleSection\":[\"Arts Visuels et Montage\",\"Autour d'Hazebrouck\",\"Cours de Danse\",\"\u00c9v\u00e9nements\",\"Photos et M\u00e9dias\",\"Vie Priv\u00e9e et RGPD\"],\"inLanguage\":\"fr-FR\"},{\"@type\":\"WebPage\",\"@id\":\"https:\/\/vpdanses.fr\/home\/bienvenue-chez-vp-danses-hazebrouck\/portes-ouvertes-danse-salon-isbergues-mjep-2024\/\",\"url\":\"https:\/\/vpdanses.fr\/home\/bienvenue-chez-vp-danses-hazebrouck\/portes-ouvertes-danse-salon-isbergues-mjep-2024\/\",\"name\":\"Portes Ouvertes Danse de Salon : Un Succ\u00e8s \u00e0 Isbergues avec MJEP Danses - VP DANSES, cours de Danse Sportive \u00e0 Aire-sur-la-Lys et \u00e0 Saint-Jans-Cappel (Hauts-de-France)\",\"isPartOf\":{\"@id\":\"https:\/\/vpdanses.fr\/home\/bienvenue-chez-vp-danses-hazebrouck\/#website\"},\"primaryImageOfPage\":{\"@id\":\"https:\/\/vpdanses.fr\/home\/bienvenue-chez-vp-danses-hazebrouck\/portes-ouvertes-danse-salon-isbergues-mjep-2024\/#primaryimage\"},\"image\":{\"@id\":\"https:\/\/vpdanses.fr\/home\/bienvenue-chez-vp-danses-hazebrouck\/portes-ouvertes-danse-salon-isbergues-mjep-2024\/#primaryimage\"},\"thumbnailUrl\":\"https:\/\/vpdanses.fr\/wp-content\/uploads\/2024\/12\/20241219_0458_groupe-danseurs-mjep-portes-ouvertes-isbergues-2024.jpg.jpg\",\"datePublished\":\"2024-12-19T20:00:51+00:00\",\"dateModified\":\"2025-08-22T05:48:29+00:00\",\"description\":\"D\u00e9couvrez les danses de salon \u00e0 Isbergues ! Cours collectifs chaque jeudi 19h45-20h45 avec MJEP DANSES. D\u00e9butants bienvenus. Inscriptions ouvertes.\",\"breadcrumb\":{\"@id\":\"https:\/\/vpdanses.fr\/home\/bienvenue-chez-vp-danses-hazebrouck\/portes-ouvertes-danse-salon-isbergues-mjep-2024\/#breadcrumb\"},\"inLanguage\":\"fr-FR\",\"potentialAction\":[{\"@type\":\"ReadAction\",\"target\":[\"https:\/\/vpdanses.fr\/home\/bienvenue-chez-vp-danses-hazebrouck\/portes-ouvertes-danse-salon-isbergues-mjep-2024\/\"]}]},{\"@type\":\"ImageObject\",\"inLanguage\":\"fr-FR\",\"@id\":\"https:\/\/vpdanses.fr\/home\/bienvenue-chez-vp-danses-hazebrouck\/portes-ouvertes-danse-salon-isbergues-mjep-2024\/#primaryimage\",\"url\":\"https:\/\/vpdanses.fr\/wp-content\/uploads\/2024\/12\/20241219_0458_groupe-danseurs-mjep-portes-ouvertes-isbergues-2024.jpg.jpg\",\"contentUrl\":\"https:\/\/vpdanses.fr\/wp-content\/uploads\/2024\/12\/20241219_0458_groupe-danseurs-mjep-portes-ouvertes-isbergues-2024.jpg.jpg\",\"width\":1080,\"height\":606,\"caption\":\"Le groupe de danseurs MJEP DANSES r\u00e9uni lors de la soir\u00e9e portes ouvertes du 19 d\u00e9cembre 2024 \u00e0 Isbergues\"},{\"@type\":\"BreadcrumbList\",\"@id\":\"https:\/\/vpdanses.fr\/home\/bienvenue-chez-vp-danses-hazebrouck\/portes-ouvertes-danse-salon-isbergues-mjep-2024\/#breadcrumb\",\"itemListElement\":[{\"@type\":\"ListItem\",\"position\":1,\"name\":\"Accueil\",\"item\":\"https:\/\/vpdanses.fr\/home\/bienvenue-chez-vp-danses-hazebrouck\/\"},{\"@type\":\"ListItem\",\"position\":2,\"name\":\"Portes Ouvertes Danse de Salon : Un Succ\u00e8s \u00e0 Isbergues avec MJEP Danses\"}]},{\"@type\":\"WebSite\",\"@id\":\"https:\/\/vpdanses.fr\/home\/bienvenue-chez-vp-danses-hazebrouck\/#website\",\"url\":\"https:\/\/vpdanses.fr\/home\/bienvenue-chez-vp-danses-hazebrouck\/\",\"name\":\"VP DANSES, cours de Danse Sportive \u00e0 Aire-sur-la-Lys et \u00e0 Saint-Jans-Cappel (Hauts-de-France)\",\"description\":\"Cours de Danse Sportive STANDARD (valse anglaise, tango, valse viennoise, slowfox, quickstep), danses sportives LATINES (samba, chacha, rumba, paso doble, jive), danses de bal, danses de salons, danses de loisirs, salsa, rock 4 temps, rock 6 temps, danses en ligne, disco, \u2026 Lieu : Hazebrouck, Aire-sur-la-Lys, Saint-Jans-Cappel et Isbergues (Hauts-de-France) - Cours Particuliers dans les Hauts-de-France - Ouverture de bal de Mariage\",\"publisher\":{\"@id\":\"https:\/\/vpdanses.fr\/home\/bienvenue-chez-vp-danses-hazebrouck\/#organization\"},\"potentialAction\":[{\"@type\":\"SearchAction\",\"target\":{\"@type\":\"EntryPoint\",\"urlTemplate\":\"https:\/\/vpdanses.fr\/home\/bienvenue-chez-vp-danses-hazebrouck\/?s={search_term_string}\"},\"query-input\":{\"@type\":\"PropertyValueSpecification\",\"valueRequired\":true,\"valueName\":\"search_term_string\"}}],\"inLanguage\":\"fr-FR\"},{\"@type\":\"Organization\",\"@id\":\"https:\/\/vpdanses.fr\/home\/bienvenue-chez-vp-danses-hazebrouck\/#organization\",\"name\":\"VP DANSES, cours de Danse Sportive \u00e0 Aire-sur-la-Lys et \u00e0 Saint-Jans-Cappel (Hauts-de-France)\",\"url\":\"https:\/\/vpdanses.fr\/home\/bienvenue-chez-vp-danses-hazebrouck\/\",\"logo\":{\"@type\":\"ImageObject\",\"inLanguage\":\"fr-FR\",\"@id\":\"https:\/\/vpdanses.fr\/home\/bienvenue-chez-vp-danses-hazebrouck\/#\/schema\/logo\/image\/\",\"url\":\"https:\/\/vpdanses.fr\/wp-content\/uploads\/2024\/10\/logo_cadanse_asaintjans.jpeg\",\"contentUrl\":\"https:\/\/vpdanses.fr\/wp-content\/uploads\/2024\/10\/logo_cadanse_asaintjans.jpeg\",\"width\":225,\"height\":225,\"caption\":\"VP DANSES, cours de Danse Sportive \u00e0 Aire-sur-la-Lys et \u00e0 Saint-Jans-Cappel (Hauts-de-France)\"},\"image\":{\"@id\":\"https:\/\/vpdanses.fr\/home\/bienvenue-chez-vp-danses-hazebrouck\/#\/schema\/logo\/image\/\"}},{\"@type\":\"Person\",\"@id\":\"https:\/\/vpdanses.fr\/home\/bienvenue-chez-vp-danses-hazebrouck\/#\/schema\/person\/bf87806369778f949b83c9cd885519e5\",\"name\":\"VP DANSES\",\"description\":\"\\\"VP danses\\\" est une association qui donne des cours de DANSES SPORTIVES STANDARDS (valse anglaise, tango, valse viennoise, slowfox, quickstep), de DANSES SPORTIVES LATINES (samba, chacha, rumba, paso doble, jive), de DANSES DE BAL, de DANSES DE SALONS, de DANSES DE LOISIRS, de SALSA, de ROCK 4 TEMPS, de ROCK 6 TEMPS, de DANSES EN LIGNE, de DISCO, \u2026\",\"sameAs\":[\"https:\/\/vpdanses.fr\"],\"url\":\"https:\/\/vpdanses.fr\/home\/bienvenue-chez-vp-danses-hazebrouck\/author\/adminvp20241018\/\"}]}<\/script>\n<!-- \/ Yoast SEO Premium plugin. -->","yoast_head_json":{"title":"Portes Ouvertes Danse de Salon : Un Succ\u00e8s \u00e0 Isbergues avec MJEP Danses - VP DANSES, cours de Danse Sportive \u00e0 Aire-sur-la-Lys et \u00e0 Saint-Jans-Cappel (Hauts-de-France)","description":"D\u00e9couvrez les danses de salon \u00e0 Isbergues ! Cours collectifs chaque jeudi 19h45-20h45 avec MJEP DANSES. D\u00e9butants bienvenus. Inscriptions ouvertes.","robots":{"index":"index","follow":"follow","max-snippet":"max-snippet:-1","max-image-preview":"max-image-preview:large","max-video-preview":"max-video-preview:-1"},"canonical":"https:\/\/vpdanses.fr\/home\/bienvenue-chez-vp-danses-hazebrouck\/portes-ouvertes-danse-salon-isbergues-mjep-2024\/","og_locale":"fr_FR","og_type":"article","og_title":"Portes Ouvertes Danse de Salon : Un Succ\u00e8s \u00e0 Isbergues avec MJEP Danses","og_description":"D\u00e9couvrez les danses de salon \u00e0 Isbergues ! Cours collectifs chaque jeudi 19h45-20h45 avec MJEP DANSES. D\u00e9butants bienvenus. Inscriptions ouvertes.","og_url":"https:\/\/vpdanses.fr\/home\/bienvenue-chez-vp-danses-hazebrouck\/portes-ouvertes-danse-salon-isbergues-mjep-2024\/","og_site_name":"VP DANSES, cours de Danse Sportive \u00e0 Aire-sur-la-Lys et \u00e0 Saint-Jans-Cappel (Hauts-de-France)","article_published_time":"2024-12-19T20:00:51+00:00","article_modified_time":"2025-08-22T05:48:29+00:00","og_image":[{"width":1080,"height":606,"url":"https:\/\/vpdanses.fr\/wp-content\/uploads\/2024\/12\/20241219_0458_groupe-danseurs-mjep-portes-ouvertes-isbergues-2024.jpg.jpg","type":"image\/jpeg"}],"author":"VP DANSES","twitter_card":"summary_large_image","twitter_misc":{"\u00c9crit par":"VP DANSES","Dur\u00e9e de lecture estim\u00e9e":"5 minutes"},"schema":{"@context":"https:\/\/schema.org","@graph":[{"@type":"Article","@id":"https:\/\/vpdanses.fr\/home\/bienvenue-chez-vp-danses-hazebrouck\/portes-ouvertes-danse-salon-isbergues-mjep-2024\/#article","isPartOf":{"@id":"https:\/\/vpdanses.fr\/home\/bienvenue-chez-vp-danses-hazebrouck\/portes-ouvertes-danse-salon-isbergues-mjep-2024\/"},"author":{"name":"VP DANSES","@id":"https:\/\/vpdanses.fr\/home\/bienvenue-chez-vp-danses-hazebrouck\/#\/schema\/person\/bf87806369778f949b83c9cd885519e5"},"headline":"Portes Ouvertes Danse de Salon : Un Succ\u00e8s \u00e0 Isbergues avec MJEP Danses","datePublished":"2024-12-19T20:00:51+00:00","dateModified":"2025-08-22T05:48:29+00:00","mainEntityOfPage":{"@id":"https:\/\/vpdanses.fr\/home\/bienvenue-chez-vp-danses-hazebrouck\/portes-ouvertes-danse-salon-isbergues-mjep-2024\/"},"wordCount":941,"publisher":{"@id":"https:\/\/vpdanses.fr\/home\/bienvenue-chez-vp-danses-hazebrouck\/#organization"},"image":{"@id":"https:\/\/vpdanses.fr\/home\/bienvenue-chez-vp-danses-hazebrouck\/portes-ouvertes-danse-salon-isbergues-mjep-2024\/#primaryimage"},"thumbnailUrl":"https:\/\/vpdanses.fr\/wp-content\/uploads\/2024\/12\/20241219_0458_groupe-danseurs-mjep-portes-ouvertes-isbergues-2024.jpg.jpg","keywords":["album photos","Cha-Cha","cours collectifs","cours de danse","danse de salon","danses latines","danses standards","d\u00e9butants","Hauts-de-France","Isbergues","MJEP DANSES","photos \u00e9v\u00e9nement","RGPD","Rumba","Samba","Shape Collage","SVEN BALCERZAK","Tango","valse","vie priv\u00e9e"],"articleSection":["Arts Visuels et Montage","Autour d'Hazebrouck","Cours de Danse","\u00c9v\u00e9nements","Photos et M\u00e9dias","Vie Priv\u00e9e et RGPD"],"inLanguage":"fr-FR"},{"@type":"WebPage","@id":"https:\/\/vpdanses.fr\/home\/bienvenue-chez-vp-danses-hazebrouck\/portes-ouvertes-danse-salon-isbergues-mjep-2024\/","url":"https:\/\/vpdanses.fr\/home\/bienvenue-chez-vp-danses-hazebrouck\/portes-ouvertes-danse-salon-isbergues-mjep-2024\/","name":"Portes Ouvertes Danse de Salon : Un Succ\u00e8s \u00e0 Isbergues avec MJEP Danses - VP DANSES, cours de Danse Sportive \u00e0 Aire-sur-la-Lys et \u00e0 Saint-Jans-Cappel (Hauts-de-France)","isPartOf":{"@id":"https:\/\/vpdanses.fr\/home\/bienvenue-chez-vp-danses-hazebrouck\/#website"},"primaryImageOfPage":{"@id":"https:\/\/vpdanses.fr\/home\/bienvenue-chez-vp-danses-hazebrouck\/portes-ouvertes-danse-salon-isbergues-mjep-2024\/#primaryimage"},"image":{"@id":"https:\/\/vpdanses.fr\/home\/bienvenue-chez-vp-danses-hazebrouck\/portes-ouvertes-danse-salon-isbergues-mjep-2024\/#primaryimage"},"thumbnailUrl":"https:\/\/vpdanses.fr\/wp-content\/uploads\/2024\/12\/20241219_0458_groupe-danseurs-mjep-portes-ouvertes-isbergues-2024.jpg.jpg","datePublished":"2024-12-19T20:00:51+00:00","dateModified":"2025-08-22T05:48:29+00:00","description":"D\u00e9couvrez les danses de salon \u00e0 Isbergues ! Cours collectifs chaque jeudi 19h45-20h45 avec MJEP DANSES. D\u00e9butants bienvenus. Inscriptions ouvertes.","breadcrumb":{"@id":"https:\/\/vpdanses.fr\/home\/bienvenue-chez-vp-danses-hazebrouck\/portes-ouvertes-danse-salon-isbergues-mjep-2024\/#breadcrumb"},"inLanguage":"fr-FR","potentialAction":[{"@type":"ReadAction","target":["https:\/\/vpdanses.fr\/home\/bienvenue-chez-vp-danses-hazebrouck\/portes-ouvertes-danse-salon-isbergues-mjep-2024\/"]}]},{"@type":"ImageObject","inLanguage":"fr-FR","@id":"https:\/\/vpdanses.fr\/home\/bienvenue-chez-vp-danses-hazebrouck\/portes-ouvertes-danse-salon-isbergues-mjep-2024\/#primaryimage","url":"https:\/\/vpdanses.fr\/wp-content\/uploads\/2024\/12\/20241219_0458_groupe-danseurs-mjep-portes-ouvertes-isbergues-2024.jpg.jpg","contentUrl":"https:\/\/vpdanses.fr\/wp-content\/uploads\/2024\/12\/20241219_0458_groupe-danseurs-mjep-portes-ouvertes-isbergues-2024.jpg.jpg","width":1080,"height":606,"caption":"Le groupe de danseurs MJEP DANSES r\u00e9uni lors de la soir\u00e9e portes ouvertes du 19 d\u00e9cembre 2024 \u00e0 Isbergues"},{"@type":"BreadcrumbList","@id":"https:\/\/vpdanses.fr\/home\/bienvenue-chez-vp-danses-hazebrouck\/portes-ouvertes-danse-salon-isbergues-mjep-2024\/#breadcrumb","itemListElement":[{"@type":"ListItem","position":1,"name":"Accueil","item":"https:\/\/vpdanses.fr\/home\/bienvenue-chez-vp-danses-hazebrouck\/"},{"@type":"ListItem","position":2,"name":"Portes Ouvertes Danse de Salon : Un Succ\u00e8s \u00e0 Isbergues avec MJEP Danses"}]},{"@type":"WebSite","@id":"https:\/\/vpdanses.fr\/home\/bienvenue-chez-vp-danses-hazebrouck\/#website","url":"https:\/\/vpdanses.fr\/home\/bienvenue-chez-vp-danses-hazebrouck\/","name":"VP DANSES, cours de Danse Sportive \u00e0 Aire-sur-la-Lys et \u00e0 Saint-Jans-Cappel (Hauts-de-France)","description":"Cours de Danse Sportive STANDARD (valse anglaise, tango, valse viennoise, slowfox, quickstep), danses sportives LATINES (samba, chacha, rumba, paso doble, jive), danses de bal, danses de salons, danses de loisirs, salsa, rock 4 temps, rock 6 temps, danses en ligne, disco, \u2026 Lieu : Hazebrouck, Aire-sur-la-Lys, Saint-Jans-Cappel et Isbergues (Hauts-de-France) - Cours Particuliers dans les Hauts-de-France - Ouverture de bal de Mariage","publisher":{"@id":"https:\/\/vpdanses.fr\/home\/bienvenue-chez-vp-danses-hazebrouck\/#organization"},"potentialAction":[{"@type":"SearchAction","target":{"@type":"EntryPoint","urlTemplate":"https:\/\/vpdanses.fr\/home\/bienvenue-chez-vp-danses-hazebrouck\/?s={search_term_string}"},"query-input":{"@type":"PropertyValueSpecification","valueRequired":true,"valueName":"search_term_string"}}],"inLanguage":"fr-FR"},{"@type":"Organization","@id":"https:\/\/vpdanses.fr\/home\/bienvenue-chez-vp-danses-hazebrouck\/#organization","name":"VP DANSES, cours de Danse Sportive \u00e0 Aire-sur-la-Lys et \u00e0 Saint-Jans-Cappel (Hauts-de-France)","url":"https:\/\/vpdanses.fr\/home\/bienvenue-chez-vp-danses-hazebrouck\/","logo":{"@type":"ImageObject","inLanguage":"fr-FR","@id":"https:\/\/vpdanses.fr\/home\/bienvenue-chez-vp-danses-hazebrouck\/#\/schema\/logo\/image\/","url":"https:\/\/vpdanses.fr\/wp-content\/uploads\/2024\/10\/logo_cadanse_asaintjans.jpeg","contentUrl":"https:\/\/vpdanses.fr\/wp-content\/uploads\/2024\/10\/logo_cadanse_asaintjans.jpeg","width":225,"height":225,"caption":"VP DANSES, cours de Danse Sportive \u00e0 Aire-sur-la-Lys et \u00e0 Saint-Jans-Cappel (Hauts-de-France)"},"image":{"@id":"https:\/\/vpdanses.fr\/home\/bienvenue-chez-vp-danses-hazebrouck\/#\/schema\/logo\/image\/"}},{"@type":"Person","@id":"https:\/\/vpdanses.fr\/home\/bienvenue-chez-vp-danses-hazebrouck\/#\/schema\/person\/bf87806369778f949b83c9cd885519e5","name":"VP DANSES","description":"\"VP danses\" est une association qui donne des cours de DANSES SPORTIVES STANDARDS (valse anglaise, tango, valse viennoise, slowfox, quickstep), de DANSES SPORTIVES LATINES (samba, chacha, rumba, paso doble, jive), de DANSES DE BAL, de DANSES DE SALONS, de DANSES DE LOISIRS, de SALSA, de ROCK 4 TEMPS, de ROCK 6 TEMPS, de DANSES EN LIGNE, de DISCO, \u2026","sameAs":["https:\/\/vpdanses.fr"],"url":"https:\/\/vpdanses.fr\/home\/bienvenue-chez-vp-danses-hazebrouck\/author\/adminvp20241018\/"}]}},"jetpack_featured_media_url":"https:\/\/vpdanses.fr\/wp-content\/uploads\/2024\/12\/20241219_0458_groupe-danseurs-mjep-portes-ouvertes-isbergues-2024.jpg.jpg","uagb_featured_image_src":{"full":["https:\/\/vpdanses.fr\/wp-content\/uploads\/2024\/12\/20241219_0458_groupe-danseurs-mjep-portes-ouvertes-isbergues-2024.jpg.jpg",1080,606,false],"thumbnail":["https:\/\/vpdanses.fr\/wp-content\/uploads\/2024\/12\/20241219_0458_groupe-danseurs-mjep-portes-ouvertes-isbergues-2024.jpg-150x150.jpg",150,150,true],"medium":["https:\/\/vpdanses.fr\/wp-content\/uploads\/2024\/12\/20241219_0458_groupe-danseurs-mjep-portes-ouvertes-isbergues-2024.jpg-300x168.jpg",300,168,true],"medium_large":["https:\/\/vpdanses.fr\/wp-content\/uploads\/2024\/12\/20241219_0458_groupe-danseurs-mjep-portes-ouvertes-isbergues-2024.jpg-768x431.jpg",768,431,true],"large":["https:\/\/vpdanses.fr\/wp-content\/uploads\/2024\/12\/20241219_0458_groupe-danseurs-mjep-portes-ouvertes-isbergues-2024.jpg-1024x575.jpg",1024,575,true],"1536x1536":["https:\/\/vpdanses.fr\/wp-content\/uploads\/2024\/12\/20241219_0458_groupe-danseurs-mjep-portes-ouvertes-isbergues-2024.jpg.jpg",1080,606,false],"2048x2048":["https:\/\/vpdanses.fr\/wp-content\/uploads\/2024\/12\/20241219_0458_groupe-danseurs-mjep-portes-ouvertes-isbergues-2024.jpg.jpg",1080,606,false],"vp_sm":["https:\/\/vpdanses.fr\/wp-content\/uploads\/2024\/12\/20241219_0458_groupe-danseurs-mjep-portes-ouvertes-isbergues-2024.jpg-500x281.jpg",500,281,true],"vp_md":["https:\/\/vpdanses.fr\/wp-content\/uploads\/2024\/12\/20241219_0458_groupe-danseurs-mjep-portes-ouvertes-isbergues-2024.jpg-800x449.jpg",800,449,true],"vp_lg":["https:\/\/vpdanses.fr\/wp-content\/uploads\/2024\/12\/20241219_0458_groupe-danseurs-mjep-portes-ouvertes-isbergues-2024.jpg.jpg",1080,606,false],"vp_xl":["https:\/\/vpdanses.fr\/wp-content\/uploads\/2024\/12\/20241219_0458_groupe-danseurs-mjep-portes-ouvertes-isbergues-2024.jpg.jpg",1080,606,false],"vp_sm_popup":["https:\/\/vpdanses.fr\/wp-content\/uploads\/2024\/12\/20241219_0458_groupe-danseurs-mjep-portes-ouvertes-isbergues-2024.jpg-500x281.jpg",500,281,true],"vp_md_popup":["https:\/\/vpdanses.fr\/wp-content\/uploads\/2024\/12\/20241219_0458_groupe-danseurs-mjep-portes-ouvertes-isbergues-2024.jpg-800x449.jpg",800,449,true],"vp_xl_popup":["https:\/\/vpdanses.fr\/wp-content\/uploads\/2024\/12\/20241219_0458_groupe-danseurs-mjep-portes-ouvertes-isbergues-2024.jpg.jpg",1080,606,false],"dance-blog-thumb":["https:\/\/vpdanses.fr\/wp-content\/uploads\/2024\/12\/20241219_0458_groupe-danseurs-mjep-portes-ouvertes-isbergues-2024.jpg-150x120.jpg",150,120,true],"dance-event-list":["https:\/\/vpdanses.fr\/wp-content\/uploads\/2024\/12\/20241219_0458_groupe-danseurs-mjep-portes-ouvertes-isbergues-2024.jpg-420x336.jpg",420,336,true],"dance-event-single-type1":["https:\/\/vpdanses.fr\/wp-content\/uploads\/2024\/12\/20241219_0458_groupe-danseurs-mjep-portes-ouvertes-isbergues-2024.jpg-773x520.jpg",773,520,true],"dance-event-single-type4":["https:\/\/vpdanses.fr\/wp-content\/uploads\/2024\/12\/20241219_0458_groupe-danseurs-mjep-portes-ouvertes-isbergues-2024.jpg-570x460.jpg",570,460,true],"dance-event-single-type5":["https:\/\/vpdanses.fr\/wp-content\/uploads\/2024\/12\/20241219_0458_groupe-danseurs-mjep-portes-ouvertes-isbergues-2024.jpg-746x606.jpg",746,606,true],"dance-event-list2":["https:\/\/vpdanses.fr\/wp-content\/uploads\/2024\/12\/20241219_0458_groupe-danseurs-mjep-portes-ouvertes-isbergues-2024.jpg-420x275.jpg",420,275,true]},"uagb_author_info":{"display_name":"VP DANSES","author_link":"https:\/\/vpdanses.fr\/home\/bienvenue-chez-vp-danses-hazebrouck\/author\/adminvp20241018\/"},"uagb_comment_info":0,"uagb_excerpt":"Une soir\u00e9e portes ouvertes r\u00e9ussie le 19 d\u00e9cembre 2024 ! Venez d\u00e9couvrir les danses de salon avec MJEP DANSES \u00e0 Isbergues. Cours collectifs tous les jeudis de 19h45 \u00e0 20h45 \u00e0 la Salle Jean Mac\u00e9. Ambiance conviviale, professeur exp\u00e9riment\u00e9, tous niveaux accept\u00e9s.","jetpack_sharing_enabled":true,"_links":{"self":[{"href":"https:\/\/vpdanses.fr\/home\/bienvenue-chez-vp-danses-hazebrouck\/wp-json\/wp\/v2\/posts\/14312","targetHints":{"allow":["GET"]}}],"collection":[{"href":"https:\/\/vpdanses.fr\/home\/bienvenue-chez-vp-danses-hazebrouck\/wp-json\/wp\/v2\/posts"}],"about":[{"href":"https:\/\/vpdanses.fr\/home\/bienvenue-chez-vp-danses-hazebrouck\/wp-json\/wp\/v2\/types\/post"}],"author":[{"embeddable":true,"href":"https:\/\/vpdanses.fr\/home\/bienvenue-chez-vp-danses-hazebrouck\/wp-json\/wp\/v2\/users\/1"}],"replies":[{"embeddable":true,"href":"https:\/\/vpdanses.fr\/home\/bienvenue-chez-vp-danses-hazebrouck\/wp-json\/wp\/v2\/comments?post=14312"}],"version-history":[{"count":6,"href":"https:\/\/vpdanses.fr\/home\/bienvenue-chez-vp-danses-hazebrouck\/wp-json\/wp\/v2\/posts\/14312\/revisions"}],"predecessor-version":[{"id":14327,"href":"https:\/\/vpdanses.fr\/home\/bienvenue-chez-vp-danses-hazebrouck\/wp-json\/wp\/v2\/posts\/14312\/revisions\/14327"}],"wp:featuredmedia":[{"embeddable":true,"href":"https:\/\/vpdanses.fr\/home\/bienvenue-chez-vp-danses-hazebrouck\/wp-json\/wp\/v2\/media\/14320"}],"wp:attachment":[{"href":"https:\/\/vpdanses.fr\/home\/bienvenue-chez-vp-danses-hazebrouck\/wp-json\/wp\/v2\/media?parent=14312"}],"wp:term":[{"taxonomy":"category","embeddable":true,"href":"https:\/\/vpdanses.fr\/home\/bienvenue-chez-vp-danses-hazebrouck\/wp-json\/wp\/v2\/categories?post=14312"},{"taxonomy":"post_tag","embeddable":true,"href":"https:\/\/vpdanses.fr\/home\/bienvenue-chez-vp-danses-hazebrouck\/wp-json\/wp\/v2\/tags?post=14312"}],"curies":[{"name":"wp","href":"https:\/\/api.w.org\/{rel}","templated":true}]}}