{"id":14328,"date":"2025-08-23T06:39:57","date_gmt":"2025-08-23T04:39:57","guid":{"rendered":"https:\/\/vpdanses.fr\/home\/bienvenue-chez-vp-danses-hazebrouck\/?p=14328"},"modified":"2025-09-11T04:22:03","modified_gmt":"2025-09-11T02:22:03","slug":"programme-cours-danse-saint-jans-cappel-2025-2026-vp-danses","status":"publish","type":"post","link":"https:\/\/vpdanses.fr\/home\/bienvenue-chez-vp-danses-hazebrouck\/programme-cours-danse-saint-jans-cappel-2025-2026-vp-danses\/","title":{"rendered":"Programme D\u00e9taill\u00e9 Cours Collectifs Saint-Jans-Cappel 2025-2026"},"content":{"rendered":"\n<h2 class=\"wp-block-heading\" id=\"h-une-progression-pedagogique-pensee-pour-votre-reussite\"><strong>Une Progression P\u00e9dagogique Pens\u00e9e Pour Votre R\u00e9ussite<\/strong><\/h2>\n\n\n\n<p>Chers VP Danseurs et VP Danseuses, d\u00e9couvrez notre programme complet pour la saison 2025-2026 \u00e0&nbsp;<a href=\"http:\/\/www.saint-jans-cappel.fr\/\">Saint-Jans-Cappel<\/a>&nbsp;! Cette progression structur\u00e9e en 4 parties vous permettra d&rsquo;acqu\u00e9rir les bases solides des danses de salon tout en progressant \u00e0 votre rythme dans une ambiance conviviale.<\/p>\n\n\n\n<p>Nos cours ont lieu chaque mercredi de 19h30 \u00e0 20h45 au&nbsp;<a href=\"https:\/\/maps.app.goo.gl\/a81CFta5W3ivDtgZ6\">Complexe Sportif de Saint-Jans-Cappel<\/a>, dans le magnifique cadre des&nbsp;<a href=\"https:\/\/fr.wikipedia.org\/wiki\/Monts_de_Flandre\">Monts de Flandres<\/a>.<\/p>\n\n\n\n<div data-aos= \"fade-up\" data-aos-duration=\"400\" data-aos-delay=\"0\" data-aos-easing=\"ease\" data-aos-once=\"true\" class=\"wp-block-uagb-separator uagb-block-39354235 wp-block-uagb-separator--icon\"><div class=\"uagb-separator-spacing-wrapper\"><div class=\"wp-block-uagb-separator__inner\" style=\"--my-background-image:\"><div class=\"wp-block-uagb-separator-element\"><svg xmlns=\"https:\/\/www.w3.org\/2000\/svg\" viewBox=\"0 0 512 512\"><path d=\"M352 256C352 278.2 350.8 299.6 348.7 320H163.3C161.2 299.6 159.1 278.2 159.1 256C159.1 233.8 161.2 212.4 163.3 192H348.7C350.8 212.4 352 233.8 352 256zM503.9 192C509.2 212.5 512 233.9 512 256C512 278.1 509.2 299.5 503.9 320H380.8C382.9 299.4 384 277.1 384 256C384 234 382.9 212.6 380.8 192H503.9zM493.4 160H376.7C366.7 96.14 346.9 42.62 321.4 8.442C399.8 29.09 463.4 85.94 493.4 160zM344.3 160H167.7C173.8 123.6 183.2 91.38 194.7 65.35C205.2 41.74 216.9 24.61 228.2 13.81C239.4 3.178 248.7 0 256 0C263.3 0 272.6 3.178 283.8 13.81C295.1 24.61 306.8 41.74 317.3 65.35C328.8 91.38 338.2 123.6 344.3 160H344.3zM18.61 160C48.59 85.94 112.2 29.09 190.6 8.442C165.1 42.62 145.3 96.14 135.3 160H18.61zM131.2 192C129.1 212.6 127.1 234 127.1 256C127.1 277.1 129.1 299.4 131.2 320H8.065C2.8 299.5 0 278.1 0 256C0 233.9 2.8 212.5 8.065 192H131.2zM194.7 446.6C183.2 420.6 173.8 388.4 167.7 352H344.3C338.2 388.4 328.8 420.6 317.3 446.6C306.8 470.3 295.1 487.4 283.8 498.2C272.6 508.8 263.3 512 255.1 512C248.7 512 239.4 508.8 228.2 498.2C216.9 487.4 205.2 470.3 194.7 446.6H194.7zM190.6 503.6C112.2 482.9 48.59 426.1 18.61 352H135.3C145.3 415.9 165.1 469.4 190.6 503.6V503.6zM321.4 503.6C346.9 469.4 366.7 415.9 376.7 352H493.4C463.4 426.1 399.8 482.9 321.4 503.6V503.6z\"><\/path><\/svg><\/div><\/div><\/div><\/div>\n\n\n\n<h2 class=\"wp-block-heading\" id=\"h-septembre-2025-a-novembre-2025-valse-lente-et-cha-cha-les-fondamentaux-9-lecons\"><strong>SEPTEMBRE 2025 \u00e0 NOVEMBRE 2025 &#8211; Valse Lente et Cha-Cha : Les Fondamentaux (9 le\u00e7ons)<\/strong><\/h2>\n\n\n\n<h3 class=\"wp-block-heading\" id=\"h-periode-d-apprentissage\"><strong>P\u00e9riode d&rsquo;apprentissage<\/strong><\/h3>\n\n\n\n<ul class=\"wp-block-list\">\n<li><strong>Du 10 septembre 2025 au 15 octobre 2025<\/strong><\/li>\n\n\n\n<li><strong>Vacances scolaires :<\/strong>&nbsp;19 octobre au 2 novembre 2025<\/li>\n\n\n\n<li><strong>Reprise :<\/strong>&nbsp;Du 5 novembre au 19 novembre 2025<\/li>\n<\/ul>\n\n\n\n<h3 class=\"wp-block-heading\" id=\"h-decouverte-de-la-valse-lente\"><strong>D\u00e9couverte de la Valse Lente<\/strong><\/h3>\n\n\n\n<p>La&nbsp;<a href=\"https:\/\/fr.wikipedia.org\/wiki\/Valse_lente\">Valse Lente<\/a>&nbsp;est la danse parfaite pour d\u00e9buter ! \u00c9l\u00e9gante et romantique, elle vous apprendra les bases du guidage et du suivi. Cette danse du 19\u00e8me si\u00e8cle d\u00e9veloppe la fluidit\u00e9 des mouvements et la connexion avec votre partenaire. Selon la&nbsp;<a href=\"https:\/\/www.ffdanse.fr\/disciplines\/latines-standards\">F\u00e9d\u00e9ration Fran\u00e7aise de Danse<\/a>, elle reste la danse la plus accessible pour les d\u00e9butants.<\/p>\n\n\n\n<h3 class=\"wp-block-heading\" id=\"h-initiation-au-cha-cha\"><strong>Initiation au Cha-Cha<\/strong><\/h3>\n\n\n\n<p>Le&nbsp;<a href=\"https:\/\/fr.wikipedia.org\/wiki\/Cha-cha-cha\">Cha-Cha-Cha<\/a>&nbsp;apporte la joie et l&rsquo;\u00e9nergie cubaine ! Cette danse latine d\u00e9veloppe le sens du rythme et la coordination. Ses mouvements dynamiques et ses rythmes entra\u00eenants en font l&rsquo;une des danses les plus appr\u00e9ci\u00e9es dans les \u00e9coles de danse europ\u00e9ennes.<\/p>\n\n\n\n<p><\/p>\n\n\n\n<div data-aos= \"fade-up\" data-aos-duration=\"400\" data-aos-delay=\"0\" data-aos-easing=\"ease\" data-aos-once=\"true\" class=\"wp-block-uagb-separator uagb-block-e08d0597 wp-block-uagb-separator--icon\"><div class=\"uagb-separator-spacing-wrapper\"><div class=\"wp-block-uagb-separator__inner\" style=\"--my-background-image:\"><div class=\"wp-block-uagb-separator-element\"><svg xmlns=\"https:\/\/www.w3.org\/2000\/svg\" viewBox=\"0 0 512 512\"><path d=\"M352 256C352 278.2 350.8 299.6 348.7 320H163.3C161.2 299.6 159.1 278.2 159.1 256C159.1 233.8 161.2 212.4 163.3 192H348.7C350.8 212.4 352 233.8 352 256zM503.9 192C509.2 212.5 512 233.9 512 256C512 278.1 509.2 299.5 503.9 320H380.8C382.9 299.4 384 277.1 384 256C384 234 382.9 212.6 380.8 192H503.9zM493.4 160H376.7C366.7 96.14 346.9 42.62 321.4 8.442C399.8 29.09 463.4 85.94 493.4 160zM344.3 160H167.7C173.8 123.6 183.2 91.38 194.7 65.35C205.2 41.74 216.9 24.61 228.2 13.81C239.4 3.178 248.7 0 256 0C263.3 0 272.6 3.178 283.8 13.81C295.1 24.61 306.8 41.74 317.3 65.35C328.8 91.38 338.2 123.6 344.3 160H344.3zM18.61 160C48.59 85.94 112.2 29.09 190.6 8.442C165.1 42.62 145.3 96.14 135.3 160H18.61zM131.2 192C129.1 212.6 127.1 234 127.1 256C127.1 277.1 129.1 299.4 131.2 320H8.065C2.8 299.5 0 278.1 0 256C0 233.9 2.8 212.5 8.065 192H131.2zM194.7 446.6C183.2 420.6 173.8 388.4 167.7 352H344.3C338.2 388.4 328.8 420.6 317.3 446.6C306.8 470.3 295.1 487.4 283.8 498.2C272.6 508.8 263.3 512 255.1 512C248.7 512 239.4 508.8 228.2 498.2C216.9 487.4 205.2 470.3 194.7 446.6H194.7zM190.6 503.6C112.2 482.9 48.59 426.1 18.61 352H135.3C145.3 415.9 165.1 469.4 190.6 503.6V503.6zM321.4 503.6C346.9 469.4 366.7 415.9 376.7 352H493.4C463.4 426.1 399.8 482.9 321.4 503.6V503.6z\"><\/path><\/svg><\/div><\/div><\/div><\/div>\n\n\n\n<h2 class=\"wp-block-heading\" id=\"h-decembre-2025-a-fevrier-2026-tango-et-jive-passion-et-dynamisme-10-lecons\"><strong><strong>D\u00c9CEMBRE 2025 \u00e0 F\u00c9VRIER 2026 &#8211; <\/strong>Tango et Jive : Passion et Dynamisme (10 le\u00e7ons)<\/strong><\/h2>\n\n\n\n<h3 class=\"wp-block-heading\" id=\"h-periode-d-apprentissage-0\"><strong>P\u00e9riode d&rsquo;apprentissage<\/strong><\/h3>\n\n\n\n<ul class=\"wp-block-list\">\n<li><strong>Du 26 novembre 2025 au 17 d\u00e9cembre 2025<\/strong><\/li>\n\n\n\n<li><strong>Vacances scolaires :<\/strong>&nbsp;21 d\u00e9cembre 2025 au 4 janvier 2026<\/li>\n\n\n\n<li><strong>Reprise :<\/strong>&nbsp;Du 7 janvier au 11 f\u00e9vrier 2026<\/li>\n\n\n\n<li><strong>Vacances scolaires :<\/strong>&nbsp;14 f\u00e9vrier au 1er mars 2026<\/li>\n<\/ul>\n\n\n\n<h3 class=\"wp-block-heading\" id=\"h-decouverte-du-tango\"><strong>D\u00e9couverte du Tango<\/strong><\/h3>\n\n\n\n<p>Le&nbsp;<a href=\"https:\/\/fr.wikipedia.org\/wiki\/Tango_(danse_de_salon)\">Tango<\/a>&nbsp;est une danse d&rsquo;une expressivit\u00e9 marqu\u00e9e qui d\u00e9veloppe le caract\u00e8re et la pr\u00e9cision. Originaire d&rsquo;Argentine et adapt\u00e9 pour les salons europ\u00e9ens, il se distingue par ses mouvements nets et ses arr\u00eats dramatiques. Cette danse renforce la complicit\u00e9 entre partenaires et d\u00e9veloppe une posture fi\u00e8re et \u00e9l\u00e9gante.<\/p>\n\n\n\n<h3 class=\"wp-block-heading\" id=\"h-apprentissage-du-jive\"><strong>Apprentissage du Jive<\/strong><\/h3>\n\n\n\n<p>Le&nbsp;<a href=\"https:\/\/fr.wikipedia.org\/wiki\/Jive_(danse)\">Jive<\/a>&nbsp;est la danse la plus \u00e9nergique du programme ! H\u00e9riti\u00e8re du swing am\u00e9ricain, cette danse d\u00e9veloppe l&rsquo;endurance, la coordination et la joie de vivre. Tr\u00e8s populaire dans les&nbsp;<a href=\"https:\/\/www.ukadance.co.uk\/\">\u00e9coles de danse britanniques<\/a>, elle apporte une dimension festive \u00e0 votre apprentissage.<\/p>\n\n\n\n<div data-aos= \"fade-up\" data-aos-duration=\"400\" data-aos-delay=\"0\" data-aos-easing=\"ease\" data-aos-once=\"true\" class=\"wp-block-uagb-separator uagb-block-b917847b wp-block-uagb-separator--icon\"><div class=\"uagb-separator-spacing-wrapper\"><div class=\"wp-block-uagb-separator__inner\" style=\"--my-background-image:\"><div class=\"wp-block-uagb-separator-element\"><svg xmlns=\"https:\/\/www.w3.org\/2000\/svg\" viewBox=\"0 0 512 512\"><path d=\"M352 256C352 278.2 350.8 299.6 348.7 320H163.3C161.2 299.6 159.1 278.2 159.1 256C159.1 233.8 161.2 212.4 163.3 192H348.7C350.8 212.4 352 233.8 352 256zM503.9 192C509.2 212.5 512 233.9 512 256C512 278.1 509.2 299.5 503.9 320H380.8C382.9 299.4 384 277.1 384 256C384 234 382.9 212.6 380.8 192H503.9zM493.4 160H376.7C366.7 96.14 346.9 42.62 321.4 8.442C399.8 29.09 463.4 85.94 493.4 160zM344.3 160H167.7C173.8 123.6 183.2 91.38 194.7 65.35C205.2 41.74 216.9 24.61 228.2 13.81C239.4 3.178 248.7 0 256 0C263.3 0 272.6 3.178 283.8 13.81C295.1 24.61 306.8 41.74 317.3 65.35C328.8 91.38 338.2 123.6 344.3 160H344.3zM18.61 160C48.59 85.94 112.2 29.09 190.6 8.442C165.1 42.62 145.3 96.14 135.3 160H18.61zM131.2 192C129.1 212.6 127.1 234 127.1 256C127.1 277.1 129.1 299.4 131.2 320H8.065C2.8 299.5 0 278.1 0 256C0 233.9 2.8 212.5 8.065 192H131.2zM194.7 446.6C183.2 420.6 173.8 388.4 167.7 352H344.3C338.2 388.4 328.8 420.6 317.3 446.6C306.8 470.3 295.1 487.4 283.8 498.2C272.6 508.8 263.3 512 255.1 512C248.7 512 239.4 508.8 228.2 498.2C216.9 487.4 205.2 470.3 194.7 446.6H194.7zM190.6 503.6C112.2 482.9 48.59 426.1 18.61 352H135.3C145.3 415.9 165.1 469.4 190.6 503.6V503.6zM321.4 503.6C346.9 469.4 366.7 415.9 376.7 352H493.4C463.4 426.1 399.8 482.9 321.4 503.6V503.6z\"><\/path><\/svg><\/div><\/div><\/div><\/div>\n\n\n\n<h2 class=\"wp-block-heading\" id=\"h-mars-2026-a-mai-2026-quick-step-et-rumba-technique-et-sensualite-10-lecons\"><strong><strong>MARS 2026 \u00e0 MAI 2026 <\/strong>&#8211; Quick Step et Rumba : Technique et Sensualit\u00e9 (10 le\u00e7ons)<\/strong><\/h2>\n\n\n\n<h3 class=\"wp-block-heading\" id=\"h-periode-d-apprentissage-1\"><strong>P\u00e9riode d&rsquo;apprentissage<\/strong><\/h3>\n\n\n\n<ul class=\"wp-block-list\">\n<li><strong>Du 4 mars au 8 avril 2026<\/strong><\/li>\n\n\n\n<li><strong>Vacances scolaires :<\/strong>&nbsp;12 avril au 26 avril 2026<\/li>\n\n\n\n<li><strong>Reprise :<\/strong>&nbsp;Du 29 avril au 20 mai 2026<\/li>\n<\/ul>\n\n\n\n<h3 class=\"wp-block-heading\" id=\"h-maitrise-du-quick-step\"><strong>Ma\u00eetrise du Quick Step<\/strong><\/h3>\n\n\n\n<p>Le&nbsp;<a href=\"https:\/\/fr.wikipedia.org\/wiki\/Quickstep\">Quick Step<\/a>&nbsp;est la danse qui vous donnera des ailes ! Influenc\u00e9e par le charleston des ann\u00e9es 1920, cette danse vive d\u00e9veloppe l&rsquo;agilit\u00e9 et la l\u00e9g\u00e8ret\u00e9. Reconnue comme l&rsquo;une des danses les plus techniques par la&nbsp;<a href=\"https:\/\/www.worlddancesport.org\/\">World DanceSport Federation<\/a>, elle procure une sensation unique de glisse sur la piste.<\/p>\n\n\n\n<h3 class=\"wp-block-heading\" id=\"h-perfectionnement-de-la-rumba\"><strong>Perfectionnement de la Rumba<\/strong><\/h3>\n\n\n\n<p>La&nbsp;<a href=\"https:\/\/fr.wikipedia.org\/wiki\/Rumba\">Rumba<\/a>&nbsp;est surnomm\u00e9e \u00ab\u00a0la danse de l&rsquo;amour\u00a0\u00bb. Cette danse cubaine lente d\u00e9veloppe l&rsquo;expression corporelle et l&rsquo;\u00e9motion. Elle permet d&rsquo;approfondir la technique du mouvement des hanches et la connexion \u00e9motionnelle avec votre partenaire.<\/p>\n\n\n\n<div data-aos= \"fade-up\" data-aos-duration=\"400\" data-aos-delay=\"0\" data-aos-easing=\"ease\" data-aos-once=\"true\" class=\"wp-block-uagb-separator uagb-block-1b3e568a wp-block-uagb-separator--icon\"><div class=\"uagb-separator-spacing-wrapper\"><div class=\"wp-block-uagb-separator__inner\" style=\"--my-background-image:\"><div class=\"wp-block-uagb-separator-element\"><svg xmlns=\"https:\/\/www.w3.org\/2000\/svg\" viewBox=\"0 0 512 512\"><path d=\"M352 256C352 278.2 350.8 299.6 348.7 320H163.3C161.2 299.6 159.1 278.2 159.1 256C159.1 233.8 161.2 212.4 163.3 192H348.7C350.8 212.4 352 233.8 352 256zM503.9 192C509.2 212.5 512 233.9 512 256C512 278.1 509.2 299.5 503.9 320H380.8C382.9 299.4 384 277.1 384 256C384 234 382.9 212.6 380.8 192H503.9zM493.4 160H376.7C366.7 96.14 346.9 42.62 321.4 8.442C399.8 29.09 463.4 85.94 493.4 160zM344.3 160H167.7C173.8 123.6 183.2 91.38 194.7 65.35C205.2 41.74 216.9 24.61 228.2 13.81C239.4 3.178 248.7 0 256 0C263.3 0 272.6 3.178 283.8 13.81C295.1 24.61 306.8 41.74 317.3 65.35C328.8 91.38 338.2 123.6 344.3 160H344.3zM18.61 160C48.59 85.94 112.2 29.09 190.6 8.442C165.1 42.62 145.3 96.14 135.3 160H18.61zM131.2 192C129.1 212.6 127.1 234 127.1 256C127.1 277.1 129.1 299.4 131.2 320H8.065C2.8 299.5 0 278.1 0 256C0 233.9 2.8 212.5 8.065 192H131.2zM194.7 446.6C183.2 420.6 173.8 388.4 167.7 352H344.3C338.2 388.4 328.8 420.6 317.3 446.6C306.8 470.3 295.1 487.4 283.8 498.2C272.6 508.8 263.3 512 255.1 512C248.7 512 239.4 508.8 228.2 498.2C216.9 487.4 205.2 470.3 194.7 446.6H194.7zM190.6 503.6C112.2 482.9 48.59 426.1 18.61 352H135.3C145.3 415.9 165.1 469.4 190.6 503.6V503.6zM321.4 503.6C346.9 469.4 366.7 415.9 376.7 352H493.4C463.4 426.1 399.8 482.9 321.4 503.6V503.6z\"><\/path><\/svg><\/div><\/div><\/div><\/div>\n\n\n\n<h2 class=\"wp-block-heading\" id=\"h-juin-2026-revisions-et-perfectionnement-consolidation-7-lecons\"><strong>JUIN 2026 &#8211; R\u00e9visions et Perfectionnement : Consolidation (7 le\u00e7ons)<\/strong><\/h2>\n\n\n\n<h3 class=\"wp-block-heading\" id=\"h-periode-de-consolidation\"><strong>P\u00e9riode de consolidation<\/strong><\/h3>\n\n\n\n<ul class=\"wp-block-list\">\n<li><strong>Du 27 mai au 8 juillet 2026<\/strong>&nbsp;(dernier cours)<\/li>\n\n\n\n<li><strong>Vacances d&rsquo;\u00e9t\u00e9 2026<\/strong><\/li>\n<\/ul>\n\n\n\n<p>Cette p\u00e9riode permet de r\u00e9viser l&rsquo;ensemble des danses apprises, de corriger les petits d\u00e9fauts techniques et de gagner en fluidit\u00e9. Nous organiserons \u00e9galement des mini-\u00e9valuations ludiques pour mesurer votre progression et pr\u00e9parer ceux qui le souhaitent aux niveaux sup\u00e9rieurs.<\/p>\n\n\n\n<div data-aos= \"fade-up\" data-aos-duration=\"400\" data-aos-delay=\"0\" data-aos-easing=\"ease\" data-aos-once=\"true\" class=\"wp-block-uagb-separator uagb-block-6bc2b8a7 wp-block-uagb-separator--icon\"><div class=\"uagb-separator-spacing-wrapper\"><div class=\"wp-block-uagb-separator__inner\" style=\"--my-background-image:\"><div class=\"wp-block-uagb-separator-element\"><svg xmlns=\"https:\/\/www.w3.org\/2000\/svg\" viewBox=\"0 0 512 512\"><path d=\"M352 256C352 278.2 350.8 299.6 348.7 320H163.3C161.2 299.6 159.1 278.2 159.1 256C159.1 233.8 161.2 212.4 163.3 192H348.7C350.8 212.4 352 233.8 352 256zM503.9 192C509.2 212.5 512 233.9 512 256C512 278.1 509.2 299.5 503.9 320H380.8C382.9 299.4 384 277.1 384 256C384 234 382.9 212.6 380.8 192H503.9zM493.4 160H376.7C366.7 96.14 346.9 42.62 321.4 8.442C399.8 29.09 463.4 85.94 493.4 160zM344.3 160H167.7C173.8 123.6 183.2 91.38 194.7 65.35C205.2 41.74 216.9 24.61 228.2 13.81C239.4 3.178 248.7 0 256 0C263.3 0 272.6 3.178 283.8 13.81C295.1 24.61 306.8 41.74 317.3 65.35C328.8 91.38 338.2 123.6 344.3 160H344.3zM18.61 160C48.59 85.94 112.2 29.09 190.6 8.442C165.1 42.62 145.3 96.14 135.3 160H18.61zM131.2 192C129.1 212.6 127.1 234 127.1 256C127.1 277.1 129.1 299.4 131.2 320H8.065C2.8 299.5 0 278.1 0 256C0 233.9 2.8 212.5 8.065 192H131.2zM194.7 446.6C183.2 420.6 173.8 388.4 167.7 352H344.3C338.2 388.4 328.8 420.6 317.3 446.6C306.8 470.3 295.1 487.4 283.8 498.2C272.6 508.8 263.3 512 255.1 512C248.7 512 239.4 508.8 228.2 498.2C216.9 487.4 205.2 470.3 194.7 446.6H194.7zM190.6 503.6C112.2 482.9 48.59 426.1 18.61 352H135.3C145.3 415.9 165.1 469.4 190.6 503.6V503.6zM321.4 503.6C346.9 469.4 366.7 415.9 376.7 352H493.4C463.4 426.1 399.8 482.9 321.4 503.6V503.6z\"><\/path><\/svg><\/div><\/div><\/div><\/div>\n\n\n\n<h2 class=\"wp-block-heading\" id=\"h-rotation-des-partenaires-et-des-couples-pour-ceux-qui-le-souhaitent\"><strong>Rotation des Partenaires et des couples (pour ceux qui le souhaitent)<\/strong><\/h2>\n\n\n\n<p>Inspir\u00e9s des m\u00e9thodes utilis\u00e9es dans de prestigieuses \u00e9coles, nous appliquons le syst\u00e8me de rotation des couples. Cette approche pr\u00e9sente de nombreux avantages :<\/p>\n\n\n\n<ul class=\"wp-block-list\">\n<li><strong>Apprentissage acc\u00e9l\u00e9r\u00e9 :<\/strong>&nbsp;Danser avec diff\u00e9rents partenaires am\u00e9liore l&rsquo;adaptabilit\u00e9<\/li>\n\n\n\n<li><strong>Technique renforc\u00e9e :<\/strong>&nbsp;Chaque partenaire apporte ses propres d\u00e9fis techniques<\/li>\n\n\n\n<li><strong>Convivialit\u00e9 :<\/strong>&nbsp;Vous rencontrez tous les membres du groupe<\/li>\n\n\n\n<li><strong>Confiance :<\/strong>&nbsp;Vous apprenez \u00e0 vous adapter rapidement<\/li>\n<\/ul>\n\n\n\n<h3 class=\"wp-block-heading\" id=\"h-integration-sociale-garantie\"><strong>Int\u00e9gration Sociale Garantie<\/strong><\/h3>\n\n\n\n<p>Notre philosophie s&rsquo;inspire des meilleures pratiques europ\u00e9ennes : chez VP DANSES, personne ne reste dans son coin ! Nous cr\u00e9ons naturellement des liens d&rsquo;amiti\u00e9 durables, comme c&rsquo;est le tradition dans les&nbsp;<a href=\"https:\/\/www.dans.se\/\">clubs de danse scandinaves<\/a>.<\/p>\n\n\n\n<p><\/p>\n\n\n\n<div data-aos= \"fade-up\" data-aos-duration=\"400\" data-aos-delay=\"0\" data-aos-easing=\"ease\" data-aos-once=\"true\" class=\"wp-block-uagb-separator uagb-block-3caa4e81 wp-block-uagb-separator--icon\"><div class=\"uagb-separator-spacing-wrapper\"><div class=\"wp-block-uagb-separator__inner\" style=\"--my-background-image:\"><div class=\"wp-block-uagb-separator-element\"><svg xmlns=\"https:\/\/www.w3.org\/2000\/svg\" viewBox=\"0 0 512 512\"><path d=\"M352 256C352 278.2 350.8 299.6 348.7 320H163.3C161.2 299.6 159.1 278.2 159.1 256C159.1 233.8 161.2 212.4 163.3 192H348.7C350.8 212.4 352 233.8 352 256zM503.9 192C509.2 212.5 512 233.9 512 256C512 278.1 509.2 299.5 503.9 320H380.8C382.9 299.4 384 277.1 384 256C384 234 382.9 212.6 380.8 192H503.9zM493.4 160H376.7C366.7 96.14 346.9 42.62 321.4 8.442C399.8 29.09 463.4 85.94 493.4 160zM344.3 160H167.7C173.8 123.6 183.2 91.38 194.7 65.35C205.2 41.74 216.9 24.61 228.2 13.81C239.4 3.178 248.7 0 256 0C263.3 0 272.6 3.178 283.8 13.81C295.1 24.61 306.8 41.74 317.3 65.35C328.8 91.38 338.2 123.6 344.3 160H344.3zM18.61 160C48.59 85.94 112.2 29.09 190.6 8.442C165.1 42.62 145.3 96.14 135.3 160H18.61zM131.2 192C129.1 212.6 127.1 234 127.1 256C127.1 277.1 129.1 299.4 131.2 320H8.065C2.8 299.5 0 278.1 0 256C0 233.9 2.8 212.5 8.065 192H131.2zM194.7 446.6C183.2 420.6 173.8 388.4 167.7 352H344.3C338.2 388.4 328.8 420.6 317.3 446.6C306.8 470.3 295.1 487.4 283.8 498.2C272.6 508.8 263.3 512 255.1 512C248.7 512 239.4 508.8 228.2 498.2C216.9 487.4 205.2 470.3 194.7 446.6H194.7zM190.6 503.6C112.2 482.9 48.59 426.1 18.61 352H135.3C145.3 415.9 165.1 469.4 190.6 503.6V503.6zM321.4 503.6C346.9 469.4 366.7 415.9 376.7 352H493.4C463.4 426.1 399.8 482.9 321.4 503.6V503.6z\"><\/path><\/svg><\/div><\/div><\/div><\/div>\n\n\n\n<h2 class=\"wp-block-heading\" id=\"h-personnes-seules-trouvez-votre-partenaire-de-danse-dans-le-nord-pas-de-calais\">Personnes seules : Trouvez Votre Partenaire de Danse dans le Nord-Pas-de-Calais<\/h2>\n\n\n\n<p>Vous venez seul(e) aux cours hebdomadaires de&nbsp;<strong>VP DANSES<\/strong>&nbsp;\u00e0 Saint-Jans-Cappel ? Pas de probl\u00e8me ! Nous avons rassembl\u00e9 pour vous les meilleures ressources pour trouver votre partenaire de danse id\u00e9al dans la r\u00e9gion Nord-Pas-de-Calais.<\/p>\n\n\n\n<p>N&rsquo;h\u00e9sitez pas \u00e0 \u00e9changer avec les autres participants et \u00e0 utiliser ces plateformes pour \u00e9largir votre cercle de partenaires de danse.<\/p>\n\n\n\n<h3 class=\"wp-block-heading\" id=\"h-communautes-facebook-pour-danseurs-du-nord\">Communaut\u00e9s Facebook pour Danseurs du Nord<\/h3>\n\n\n\n<h4 class=\"wp-block-heading\" id=\"h-recherchez-directement-sur-facebook-avec-ces-termes\">Recherchez directement sur Facebook avec ces termes :<\/h4>\n\n\n\n<ul class=\"wp-block-list\">\n<li>\u00ab\u00a0Danse Nord-Pas-de-Calais\u00a0\u00bb<\/li>\n\n\n\n<li>\u00ab\u00a0Partenaire danse Lille\u00a0\u00bb<\/li>\n\n\n\n<li>\u00ab\u00a0Cherche partenaire danse Nord\u00a0\u00bb<\/li>\n\n\n\n<li>\u00ab\u00a0Danse salon Nord\u00a0\u00bb<\/li>\n\n\n\n<li>\u00ab\u00a0Cours danse 59 62\u00a0\u00bb<\/li>\n<\/ul>\n\n\n\n<h4 class=\"wp-block-heading\" id=\"h-types-de-groupes-a-rejoindre\">Types de groupes \u00e0 rejoindre :<\/h4>\n\n\n\n<ul class=\"wp-block-list\">\n<li>Groupes locaux de danseurs de votre r\u00e9gion<\/li>\n\n\n\n<li>Pages d&rsquo;\u00e9coles de danse du Nord-Pas-de-Calais<\/li>\n\n\n\n<li>\u00c9v\u00e9nements et soir\u00e9es dansantes locales<\/li>\n\n\n\n<li>Communaut\u00e9s par style de danse (salsa, rock, tango&#8230;)<\/li>\n<\/ul>\n\n\n\n<h3 class=\"wp-block-heading\" id=\"h-conseils-vp-danses-pour-bien-commencer\">Conseils VP DANSES pour Bien Commencer<\/h3>\n\n\n\n<h4 class=\"wp-block-heading\" id=\"h-comment-presenter-votre-recherche\">Comment Pr\u00e9senter Votre Recherche<\/h4>\n\n\n\n<ul class=\"wp-block-list\">\n<li>Pr\u00e9cisez votre niveau de danse<\/li>\n\n\n\n<li>Indiquez vos styles pr\u00e9f\u00e9r\u00e9s<\/li>\n\n\n\n<li>Mentionnez votre localisation (Saint-Jans-Cappel)<\/li>\n\n\n\n<li>Sp\u00e9cifiez vos disponibilit\u00e9s pour les cours VP DANSES<\/li>\n<\/ul>\n\n\n\n<h4 class=\"wp-block-heading\" id=\"h-que-rechercher-chez-un-partenaire\">Que Rechercher Chez un Partenaire<\/h4>\n\n\n\n<ul class=\"wp-block-list\">\n<li>Compatibilit\u00e9 de niveau<\/li>\n\n\n\n<li>Engagement r\u00e9gulier aux cours<\/li>\n\n\n\n<li>Proximit\u00e9 g\u00e9ographique<\/li>\n\n\n\n<li>Objectifs similaires (loisir, perfectionnement, comp\u00e9tition)<\/li>\n<\/ul>\n\n\n\n<div data-aos= \"fade-up\" data-aos-duration=\"400\" data-aos-delay=\"0\" data-aos-easing=\"ease\" data-aos-once=\"true\" class=\"wp-block-uagb-separator uagb-block-daf4c9a5 wp-block-uagb-separator--icon\"><div class=\"uagb-separator-spacing-wrapper\"><div class=\"wp-block-uagb-separator__inner\" style=\"--my-background-image:\"><div class=\"wp-block-uagb-separator-element\"><svg xmlns=\"https:\/\/www.w3.org\/2000\/svg\" viewBox=\"0 0 512 512\"><path d=\"M352 256C352 278.2 350.8 299.6 348.7 320H163.3C161.2 299.6 159.1 278.2 159.1 256C159.1 233.8 161.2 212.4 163.3 192H348.7C350.8 212.4 352 233.8 352 256zM503.9 192C509.2 212.5 512 233.9 512 256C512 278.1 509.2 299.5 503.9 320H380.8C382.9 299.4 384 277.1 384 256C384 234 382.9 212.6 380.8 192H503.9zM493.4 160H376.7C366.7 96.14 346.9 42.62 321.4 8.442C399.8 29.09 463.4 85.94 493.4 160zM344.3 160H167.7C173.8 123.6 183.2 91.38 194.7 65.35C205.2 41.74 216.9 24.61 228.2 13.81C239.4 3.178 248.7 0 256 0C263.3 0 272.6 3.178 283.8 13.81C295.1 24.61 306.8 41.74 317.3 65.35C328.8 91.38 338.2 123.6 344.3 160H344.3zM18.61 160C48.59 85.94 112.2 29.09 190.6 8.442C165.1 42.62 145.3 96.14 135.3 160H18.61zM131.2 192C129.1 212.6 127.1 234 127.1 256C127.1 277.1 129.1 299.4 131.2 320H8.065C2.8 299.5 0 278.1 0 256C0 233.9 2.8 212.5 8.065 192H131.2zM194.7 446.6C183.2 420.6 173.8 388.4 167.7 352H344.3C338.2 388.4 328.8 420.6 317.3 446.6C306.8 470.3 295.1 487.4 283.8 498.2C272.6 508.8 263.3 512 255.1 512C248.7 512 239.4 508.8 228.2 498.2C216.9 487.4 205.2 470.3 194.7 446.6H194.7zM190.6 503.6C112.2 482.9 48.59 426.1 18.61 352H135.3C145.3 415.9 165.1 469.4 190.6 503.6V503.6zM321.4 503.6C346.9 469.4 366.7 415.9 376.7 352H493.4C463.4 426.1 399.8 482.9 321.4 503.6V503.6z\"><\/path><\/svg><\/div><\/div><\/div><\/div>\n\n\n\n<h2 class=\"wp-block-heading\" id=\"h-informations-pratiques-et-inscriptions\"><strong>Informations Pratiques et Inscriptions<\/strong><\/h2>\n\n\n<div class=\"wp-block-image\">\n<figure class=\"alignleft size-thumbnail\"><a href=\"https:\/\/www.facebook.com\/profile.php?id=100009426981409\"><noscript><img loading=\"lazy\" decoding=\"async\" width=\"150\" height=\"150\" data-skip-lazy src=\"https:\/\/vpdanses.fr\/wp-content\/uploads\/2025\/08\/logo-cadanse-asaintjans-vp-danses-saint-jans-cappel-2025-150x150.png\" alt=\"Logo CADANSE ASAINTJANS - Cours VP DANSES Saint-Jans-Cappel 2025\" class=\"wp-image-14372\" style=\"aspect-ratio:1;object-fit:cover\" srcset=\"https:\/\/vpdanses.fr\/wp-content\/uploads\/2025\/08\/logo-cadanse-asaintjans-vp-danses-saint-jans-cappel-2025-150x150.png 150w, https:\/\/vpdanses.fr\/wp-content\/uploads\/2025\/08\/logo-cadanse-asaintjans-vp-danses-saint-jans-cappel-2025.png 225w\" sizes=\"auto, (max-width: 150px) 100vw, 150px\" \/><\/noscript><img loading=\"eager\" decoding=\"async\" width=\"150\" height=\"150\" src=\"https:\/\/vpdanses.fr\/wp-content\/uploads\/2025\/08\/logo-cadanse-asaintjans-vp-danses-saint-jans-cappel-2025-150x150.png\" alt=\"Logo CADANSE ASAINTJANS - Cours VP DANSES Saint-Jans-Cappel 2025\" class=\"wp-image-14372 vp-lazyload\" style=\"aspect-ratio:1;object-fit:cover\" srcset=\"data:image\/svg+xml;base64,PHN2ZyB3aWR0aD0iMTUwIiBoZWlnaHQ9IjE1MCIgdmlld0JveD0iMCAwIDE1MCAxNTAiIGZpbGw9Im5vbmUiIHhtbG5zPSJodHRwOi8vd3d3LnczLm9yZy8yMDAwL3N2ZyI+PC9zdmc+\" data-src=\"https:\/\/vpdanses.fr\/wp-content\/uploads\/2025\/08\/logo-cadanse-asaintjans-vp-danses-saint-jans-cappel-2025-150x150.png\" data-srcset=\"https:\/\/vpdanses.fr\/wp-content\/uploads\/2025\/08\/logo-cadanse-asaintjans-vp-danses-saint-jans-cappel-2025-150x150.png 150w, https:\/\/vpdanses.fr\/wp-content\/uploads\/2025\/08\/logo-cadanse-asaintjans-vp-danses-saint-jans-cappel-2025.png 225w\" data-sizes=\"auto\"><\/a><\/figure><\/div>\n\n\n<h3 class=\"wp-block-heading\" id=\"h-contact-et-reservations\"><strong>Contact et R\u00e9servations<\/strong><\/h3>\n\n\n\n<p>Les inscriptions sont g\u00e9r\u00e9es par l&rsquo;association&nbsp;<a href=\"https:\/\/www.facebook.com\/profile.php?id=100009426981409\">Cadanse Asaintjans<\/a>. Places limit\u00e9es !<\/p>\n\n\n\n<p><strong>R\u00e9servation en ligne :<\/strong>&nbsp;<a href=\"https:\/\/www.helloasso.com\/associations\/association-ca-danse-a-st-jans\/adhesions\/inscriptions-2025-2026\">HelloAsso Cadanse<\/a><\/p>\n\n\n\n<p><strong>Contact direct :<\/strong><\/p>\n\n\n\n<ul class=\"wp-block-list\">\n<li>T\u00e9l\u00e9phone : <strong>06.13.59.56.86<\/strong><\/li>\n\n\n\n<li>Email :&nbsp;<a href=\"mailto:contactcadanseasaintjans@gmail.com?subject=DEMANDE%20RENSEIGNEMENT%20COURS%20COLLECTIFS%20DANSE%20SPORTIVE%20SAINT-JANS-CAPPEL%202025\/2026&amp;cc=contact@vpdanses.fr\" target=\"_blank\" rel=\"noreferrer noopener\"><strong>contactcadanseasaintjans@gmail.com<\/strong><\/a><\/li>\n\n\n\n<li>Messenger :<strong> CadanseAsaintjans<\/strong><\/li>\n<\/ul>\n\n\n\n<h3 class=\"wp-block-heading\" id=\"h-tarification\"><strong>Tarification<\/strong><\/h3>\n\n\n\n<p><strong>170\u20ac par personne<\/strong>&nbsp;pour la saison compl\u00e8te. Possibilit\u00e9 de paiement en 3 fois sans frais : \u00e0 l&rsquo;inscription, d\u00e9but janvier et d\u00e9but avril.<\/p>\n\n\n\n<h3 class=\"wp-block-heading\" id=\"h-rejoignez-notre-communaute\"><strong>Rejoignez Notre Communaut\u00e9<\/strong><\/h3>\n\n\n\n<p>Int\u00e9grez le groupe WhatsApp des VP Danseurs pour rester connect\u00e9s avec votre communaut\u00e9 de danse !<\/p>\n\n\n\n<div data-aos= \"fade-up\" data-aos-duration=\"400\" data-aos-delay=\"0\" data-aos-easing=\"ease\" data-aos-once=\"true\" class=\"wp-block-uagb-separator uagb-block-e8447f2b wp-block-uagb-separator--icon\"><div class=\"uagb-separator-spacing-wrapper\"><div class=\"wp-block-uagb-separator__inner\" style=\"--my-background-image:\"><div class=\"wp-block-uagb-separator-element\"><svg xmlns=\"https:\/\/www.w3.org\/2000\/svg\" viewBox=\"0 0 512 512\"><path d=\"M352 256C352 278.2 350.8 299.6 348.7 320H163.3C161.2 299.6 159.1 278.2 159.1 256C159.1 233.8 161.2 212.4 163.3 192H348.7C350.8 212.4 352 233.8 352 256zM503.9 192C509.2 212.5 512 233.9 512 256C512 278.1 509.2 299.5 503.9 320H380.8C382.9 299.4 384 277.1 384 256C384 234 382.9 212.6 380.8 192H503.9zM493.4 160H376.7C366.7 96.14 346.9 42.62 321.4 8.442C399.8 29.09 463.4 85.94 493.4 160zM344.3 160H167.7C173.8 123.6 183.2 91.38 194.7 65.35C205.2 41.74 216.9 24.61 228.2 13.81C239.4 3.178 248.7 0 256 0C263.3 0 272.6 3.178 283.8 13.81C295.1 24.61 306.8 41.74 317.3 65.35C328.8 91.38 338.2 123.6 344.3 160H344.3zM18.61 160C48.59 85.94 112.2 29.09 190.6 8.442C165.1 42.62 145.3 96.14 135.3 160H18.61zM131.2 192C129.1 212.6 127.1 234 127.1 256C127.1 277.1 129.1 299.4 131.2 320H8.065C2.8 299.5 0 278.1 0 256C0 233.9 2.8 212.5 8.065 192H131.2zM194.7 446.6C183.2 420.6 173.8 388.4 167.7 352H344.3C338.2 388.4 328.8 420.6 317.3 446.6C306.8 470.3 295.1 487.4 283.8 498.2C272.6 508.8 263.3 512 255.1 512C248.7 512 239.4 508.8 228.2 498.2C216.9 487.4 205.2 470.3 194.7 446.6H194.7zM190.6 503.6C112.2 482.9 48.59 426.1 18.61 352H135.3C145.3 415.9 165.1 469.4 190.6 503.6V503.6zM321.4 503.6C346.9 469.4 366.7 415.9 376.7 352H493.4C463.4 426.1 399.8 482.9 321.4 503.6V503.6z\"><\/path><\/svg><\/div><\/div><\/div><\/div>\n\n\n\n<h2 class=\"wp-block-heading\" id=\"h-pourquoi-choisir-cette-progression\"><strong>Pourquoi Choisir Cette Progression ?<\/strong><\/h2>\n\n\n\n<p>Cette m\u00e9thode progressive, inspir\u00e9e des programmes de la&nbsp;<a href=\"https:\/\/www.edsf.eu\/\">F\u00e9d\u00e9ration Europ\u00e9enne de DanceSport<\/a>, garantit :<\/p>\n\n\n\n<ul class=\"wp-block-list\">\n<li><strong>Acquisition solide<\/strong>&nbsp;des fondamentaux<\/li>\n\n\n\n<li><strong>Progression respect\u00e9e<\/strong>&nbsp;de votre rythme d&rsquo;apprentissage<\/li>\n\n\n\n<li><strong>\u00c9quilibre<\/strong>&nbsp;entre danses lentes et dynamiques<\/li>\n\n\n\n<li><strong>Plaisir constant<\/strong>&nbsp;gr\u00e2ce \u00e0 la vari\u00e9t\u00e9<\/li>\n\n\n\n<li><strong>Pr\u00e9paration optimale<\/strong>&nbsp;pour les niveaux sup\u00e9rieurs<\/li>\n<\/ul>\n\n\n\n<p>Rejoignez-nous dans cette aventure dansante exceptionnelle au c\u0153ur des Monts de Flandres !<\/p>\n\n\n\n<div style=\"height:85px\" aria-hidden=\"true\" class=\"wp-block-spacer\"><\/div>\n","protected":false},"excerpt":{"rendered":"<p>D\u00e9couvrez notre programme structur\u00e9 en 4 parties pour la saison 2025-2026 \u00e0 Saint-Jans-Cappel ! De septembre \u00e0 juillet, apprenez la Valse Lente, le Cha-Cha, le Tango, le Jive, le Quick Step et la Rumba dans une progression p\u00e9dagogique optimale. M\u00e9thodes adapt\u00e9es aux danseurs seuls avec rotation des partenaires (pour ceux qui le souhaitent). Places limit\u00e9es &#8211; Inscriptions ouvertes !<\/p>\n","protected":false},"author":1,"featured_media":14370,"comment_status":"closed","ping_status":"closed","sticky":false,"template":"","format":"standard","meta":{"_uag_custom_page_level_css":"","_price":"","_stock":"","_tribe_ticket_header":"","_tribe_default_ticket_provider":"","_tribe_ticket_capacity":"0","_ticket_start_date":"","_ticket_end_date":"","_tribe_ticket_show_description":"","_tribe_ticket_show_not_going":false,"_tribe_ticket_use_global_stock":"","_tribe_ticket_global_stock_level":"","_global_stock_mode":"","_global_stock_cap":"","_tribe_rsvp_for_event":"","_tribe_ticket_going_count":"","_tribe_ticket_not_going_count":"","_tribe_tickets_list":"[]","_tribe_ticket_has_attendee_info_fields":false,"_EventAllDay":false,"_EventTimezone":"","_EventStartDate":"","_EventEndDate":"","_EventStartDateUTC":"","_EventEndDateUTC":"","_EventShowMap":false,"_EventShowMapLink":false,"_EventURL":"","_EventCost":"","_EventCostDescription":"","_EventCurrencySymbol":"","_EventCurrencyCode":"","_EventCurrencyPosition":"","_EventDateTimeSeparator":"","_EventTimeRangeSeparator":"","_EventOrganizerID":[],"_EventVenueID":[],"_OrganizerEmail":"","_OrganizerPhone":"","_OrganizerWebsite":"","_VenueAddress":"","_VenueCity":"","_VenueCountry":"","_VenueProvince":"","_VenueState":"","_VenueZip":"","_VenuePhone":"","_VenueURL":"","_VenueStateProvince":"","_VenueLat":"","_VenueLng":"","_VenueShowMap":false,"_VenueShowMapLink":false,"_vp_format_video_url":"","_vp_image_focal_point":[],"_jetpack_memberships_contains_paid_content":false,"footnotes":""},"categories":[425,424,426,427],"tags":[422,303,419,423,417,337,418,416,420,299,421,300,290,259,96],"class_list":["post-14328","post","type-post","status-publish","format-standard","has-post-thumbnail","hentry","category-cours-collectifs","category-programmes-de-cours","category-saint-jans-cappel","category-saison-2025-2026","tag-cadanse-asaintjans","tag-cha-cha","tag-cours-collectifs-2025-2026","tag-danse-sportive-debutant","tag-danseurs-seuls","tag-jive","tag-monts-de-flandres","tag-programme-danse-saint-jans-cappel","tag-progression-pedagogique","tag-quick-step","tag-rotation-partenaires","tag-rumba","tag-tango","tag-valse-lente","tag-vp-danses"],"yoast_head":"<!-- This site is optimized with the Yoast SEO Premium plugin v25.6 (Yoast SEO v25.6) - https:\/\/yoast.com\/wordpress\/plugins\/seo\/ -->\n<title>Programme D\u00e9taill\u00e9 Cours Collectifs Saint-Jans-Cappel 2025-2026 - VP DANSES, cours de Danse Sportive \u00e0 Aire-sur-la-Lys et \u00e0 Saint-Jans-Cappel (Hauts-de-France)<\/title>\n<meta name=\"description\" content=\"Programme d\u00e9taill\u00e9 des cours de danse Saint-Jans-Cappel 2025-2026. Valse, Cha-cha, Tango, Jive... Progression p\u00e9dagogique optimale. Inscriptions limit\u00e9es !\" \/>\n<meta name=\"robots\" content=\"index, follow, max-snippet:-1, max-image-preview:large, max-video-preview:-1\" \/>\n<link rel=\"canonical\" href=\"https:\/\/vpdanses.fr\/home\/bienvenue-chez-vp-danses-hazebrouck\/programme-cours-danse-saint-jans-cappel-2025-2026-vp-danses\/\" \/>\n<meta property=\"og:locale\" content=\"fr_FR\" \/>\n<meta property=\"og:type\" content=\"article\" \/>\n<meta property=\"og:title\" content=\"Programme D\u00e9taill\u00e9 Cours Collectifs Saint-Jans-Cappel 2025-2026\" \/>\n<meta property=\"og:description\" content=\"Programme d\u00e9taill\u00e9 des cours de danse Saint-Jans-Cappel 2025-2026. Valse, Cha-cha, Tango, Jive... Progression p\u00e9dagogique optimale. Inscriptions limit\u00e9es ! #CherchePartenaireDanse #PartenaireDanseSaintJansCappel #DanseurSolo #DanseuseSeule #VPDanses #DanseNord #PartenairesDanseNordPasDeCalais #DanseLille #CoursDanseNord #DanseHautsDeFrance\" \/>\n<meta property=\"og:url\" content=\"https:\/\/vpdanses.fr\/home\/bienvenue-chez-vp-danses-hazebrouck\/programme-cours-danse-saint-jans-cappel-2025-2026-vp-danses\/\" \/>\n<meta property=\"og:site_name\" content=\"VP DANSES, cours de Danse Sportive \u00e0 Aire-sur-la-Lys et \u00e0 Saint-Jans-Cappel (Hauts-de-France)\" \/>\n<meta property=\"article:published_time\" content=\"2025-08-23T04:39:57+00:00\" \/>\n<meta property=\"article:modified_time\" content=\"2025-09-11T02:22:03+00:00\" \/>\n<meta property=\"og:image\" content=\"https:\/\/vpdanses.fr\/wp-content\/uploads\/2025\/08\/vp-danses-activites-danse-sportive-sociale-ouvertures-bal-nord-pas-de-calais-cadanse-asaintjans.jpg\" \/>\n\t<meta property=\"og:image:width\" content=\"1920\" \/>\n\t<meta property=\"og:image:height\" content=\"1129\" \/>\n\t<meta property=\"og:image:type\" content=\"image\/jpeg\" \/>\n<meta name=\"author\" content=\"VP DANSES\" \/>\n<meta name=\"twitter:card\" content=\"summary_large_image\" \/>\n<meta name=\"twitter:label1\" content=\"\u00c9crit par\" \/>\n\t<meta name=\"twitter:data1\" content=\"VP DANSES\" \/>\n\t<meta name=\"twitter:label2\" content=\"Dur\u00e9e de lecture estim\u00e9e\" \/>\n\t<meta name=\"twitter:data2\" content=\"6 minutes\" \/>\n<script type=\"application\/ld+json\" class=\"yoast-schema-graph\">{\"@context\":\"https:\/\/schema.org\",\"@graph\":[{\"@type\":\"Article\",\"@id\":\"https:\/\/vpdanses.fr\/home\/bienvenue-chez-vp-danses-hazebrouck\/programme-cours-danse-saint-jans-cappel-2025-2026-vp-danses\/#article\",\"isPartOf\":{\"@id\":\"https:\/\/vpdanses.fr\/home\/bienvenue-chez-vp-danses-hazebrouck\/programme-cours-danse-saint-jans-cappel-2025-2026-vp-danses\/\"},\"author\":{\"name\":\"VP DANSES\",\"@id\":\"https:\/\/vpdanses.fr\/home\/bienvenue-chez-vp-danses-hazebrouck\/#\/schema\/person\/bf87806369778f949b83c9cd885519e5\"},\"headline\":\"Programme D\u00e9taill\u00e9 Cours Collectifs Saint-Jans-Cappel 2025-2026\",\"datePublished\":\"2025-08-23T04:39:57+00:00\",\"dateModified\":\"2025-09-11T02:22:03+00:00\",\"mainEntityOfPage\":{\"@id\":\"https:\/\/vpdanses.fr\/home\/bienvenue-chez-vp-danses-hazebrouck\/programme-cours-danse-saint-jans-cappel-2025-2026-vp-danses\/\"},\"wordCount\":1064,\"publisher\":{\"@id\":\"https:\/\/vpdanses.fr\/home\/bienvenue-chez-vp-danses-hazebrouck\/#organization\"},\"image\":{\"@id\":\"https:\/\/vpdanses.fr\/home\/bienvenue-chez-vp-danses-hazebrouck\/programme-cours-danse-saint-jans-cappel-2025-2026-vp-danses\/#primaryimage\"},\"thumbnailUrl\":\"https:\/\/vpdanses.fr\/wp-content\/uploads\/2025\/08\/vp-danses-activites-danse-sportive-sociale-ouvertures-bal-nord-pas-de-calais-cadanse-asaintjans.jpg\",\"keywords\":[\"Cadanse Asaintjans\",\"Cha-Cha\",\"cours collectifs 2025-2026\",\"danse sportive d\u00e9butant\",\"danseurs seuls\",\"Jive\",\"Monts de Flandres\",\"programme danse Saint-Jans-Cappel\",\"progression p\u00e9dagogique\",\"Quick Step\",\"rotation partenaires\",\"Rumba\",\"Tango\",\"Valse Lente\",\"VP DANSES\"],\"articleSection\":[\"Cours Collectifs\",\"Programmes de Cours\",\"Saint-Jans-Cappel\",\"Saison 2025-2026\"],\"inLanguage\":\"fr-FR\"},{\"@type\":\"WebPage\",\"@id\":\"https:\/\/vpdanses.fr\/home\/bienvenue-chez-vp-danses-hazebrouck\/programme-cours-danse-saint-jans-cappel-2025-2026-vp-danses\/\",\"url\":\"https:\/\/vpdanses.fr\/home\/bienvenue-chez-vp-danses-hazebrouck\/programme-cours-danse-saint-jans-cappel-2025-2026-vp-danses\/\",\"name\":\"Programme D\u00e9taill\u00e9 Cours Collectifs Saint-Jans-Cappel 2025-2026 - VP DANSES, cours de Danse Sportive \u00e0 Aire-sur-la-Lys et \u00e0 Saint-Jans-Cappel (Hauts-de-France)\",\"isPartOf\":{\"@id\":\"https:\/\/vpdanses.fr\/home\/bienvenue-chez-vp-danses-hazebrouck\/#website\"},\"primaryImageOfPage\":{\"@id\":\"https:\/\/vpdanses.fr\/home\/bienvenue-chez-vp-danses-hazebrouck\/programme-cours-danse-saint-jans-cappel-2025-2026-vp-danses\/#primaryimage\"},\"image\":{\"@id\":\"https:\/\/vpdanses.fr\/home\/bienvenue-chez-vp-danses-hazebrouck\/programme-cours-danse-saint-jans-cappel-2025-2026-vp-danses\/#primaryimage\"},\"thumbnailUrl\":\"https:\/\/vpdanses.fr\/wp-content\/uploads\/2025\/08\/vp-danses-activites-danse-sportive-sociale-ouvertures-bal-nord-pas-de-calais-cadanse-asaintjans.jpg\",\"datePublished\":\"2025-08-23T04:39:57+00:00\",\"dateModified\":\"2025-09-11T02:22:03+00:00\",\"description\":\"Programme d\u00e9taill\u00e9 des cours de danse Saint-Jans-Cappel 2025-2026. Valse, Cha-cha, Tango, Jive... Progression p\u00e9dagogique optimale. Inscriptions limit\u00e9es !\",\"breadcrumb\":{\"@id\":\"https:\/\/vpdanses.fr\/home\/bienvenue-chez-vp-danses-hazebrouck\/programme-cours-danse-saint-jans-cappel-2025-2026-vp-danses\/#breadcrumb\"},\"inLanguage\":\"fr-FR\",\"potentialAction\":[{\"@type\":\"ReadAction\",\"target\":[\"https:\/\/vpdanses.fr\/home\/bienvenue-chez-vp-danses-hazebrouck\/programme-cours-danse-saint-jans-cappel-2025-2026-vp-danses\/\"]}]},{\"@type\":\"ImageObject\",\"inLanguage\":\"fr-FR\",\"@id\":\"https:\/\/vpdanses.fr\/home\/bienvenue-chez-vp-danses-hazebrouck\/programme-cours-danse-saint-jans-cappel-2025-2026-vp-danses\/#primaryimage\",\"url\":\"https:\/\/vpdanses.fr\/wp-content\/uploads\/2025\/08\/vp-danses-activites-danse-sportive-sociale-ouvertures-bal-nord-pas-de-calais-cadanse-asaintjans.jpg\",\"contentUrl\":\"https:\/\/vpdanses.fr\/wp-content\/uploads\/2025\/08\/vp-danses-activites-danse-sportive-sociale-ouvertures-bal-nord-pas-de-calais-cadanse-asaintjans.jpg\",\"width\":1920,\"height\":1129,\"caption\":\"Programme d\u00e9taill\u00e9 des 4 parties progressives pour les cours collectifs de danse sportive \u00e0 Saint-Jans-Cappel saison 2025-2026\"},{\"@type\":\"BreadcrumbList\",\"@id\":\"https:\/\/vpdanses.fr\/home\/bienvenue-chez-vp-danses-hazebrouck\/programme-cours-danse-saint-jans-cappel-2025-2026-vp-danses\/#breadcrumb\",\"itemListElement\":[{\"@type\":\"ListItem\",\"position\":1,\"name\":\"Accueil\",\"item\":\"https:\/\/vpdanses.fr\/home\/bienvenue-chez-vp-danses-hazebrouck\/\"},{\"@type\":\"ListItem\",\"position\":2,\"name\":\"Programme D\u00e9taill\u00e9 Cours Collectifs Saint-Jans-Cappel 2025-2026\"}]},{\"@type\":\"WebSite\",\"@id\":\"https:\/\/vpdanses.fr\/home\/bienvenue-chez-vp-danses-hazebrouck\/#website\",\"url\":\"https:\/\/vpdanses.fr\/home\/bienvenue-chez-vp-danses-hazebrouck\/\",\"name\":\"VP DANSES, cours de Danse Sportive \u00e0 Aire-sur-la-Lys et \u00e0 Saint-Jans-Cappel (Hauts-de-France)\",\"description\":\"Cours de Danse Sportive STANDARD (valse anglaise, tango, valse viennoise, slowfox, quickstep), danses sportives LATINES (samba, chacha, rumba, paso doble, jive), danses de bal, danses de salons, danses de loisirs, salsa, rock 4 temps, rock 6 temps, danses en ligne, disco, \u2026 Lieu : Hazebrouck, Aire-sur-la-Lys, Saint-Jans-Cappel et Isbergues (Hauts-de-France) - Cours Particuliers dans les Hauts-de-France - Ouverture de bal de Mariage\",\"publisher\":{\"@id\":\"https:\/\/vpdanses.fr\/home\/bienvenue-chez-vp-danses-hazebrouck\/#organization\"},\"potentialAction\":[{\"@type\":\"SearchAction\",\"target\":{\"@type\":\"EntryPoint\",\"urlTemplate\":\"https:\/\/vpdanses.fr\/home\/bienvenue-chez-vp-danses-hazebrouck\/?s={search_term_string}\"},\"query-input\":{\"@type\":\"PropertyValueSpecification\",\"valueRequired\":true,\"valueName\":\"search_term_string\"}}],\"inLanguage\":\"fr-FR\"},{\"@type\":\"Organization\",\"@id\":\"https:\/\/vpdanses.fr\/home\/bienvenue-chez-vp-danses-hazebrouck\/#organization\",\"name\":\"VP DANSES, cours de Danse Sportive \u00e0 Aire-sur-la-Lys et \u00e0 Saint-Jans-Cappel (Hauts-de-France)\",\"url\":\"https:\/\/vpdanses.fr\/home\/bienvenue-chez-vp-danses-hazebrouck\/\",\"logo\":{\"@type\":\"ImageObject\",\"inLanguage\":\"fr-FR\",\"@id\":\"https:\/\/vpdanses.fr\/home\/bienvenue-chez-vp-danses-hazebrouck\/#\/schema\/logo\/image\/\",\"url\":\"https:\/\/vpdanses.fr\/wp-content\/uploads\/2024\/10\/logo_cadanse_asaintjans.jpeg\",\"contentUrl\":\"https:\/\/vpdanses.fr\/wp-content\/uploads\/2024\/10\/logo_cadanse_asaintjans.jpeg\",\"width\":225,\"height\":225,\"caption\":\"VP DANSES, cours de Danse Sportive \u00e0 Aire-sur-la-Lys et \u00e0 Saint-Jans-Cappel (Hauts-de-France)\"},\"image\":{\"@id\":\"https:\/\/vpdanses.fr\/home\/bienvenue-chez-vp-danses-hazebrouck\/#\/schema\/logo\/image\/\"}},{\"@type\":\"Person\",\"@id\":\"https:\/\/vpdanses.fr\/home\/bienvenue-chez-vp-danses-hazebrouck\/#\/schema\/person\/bf87806369778f949b83c9cd885519e5\",\"name\":\"VP DANSES\",\"description\":\"\\\"VP danses\\\" est une association qui donne des cours de DANSES SPORTIVES STANDARDS (valse anglaise, tango, valse viennoise, slowfox, quickstep), de DANSES SPORTIVES LATINES (samba, chacha, rumba, paso doble, jive), de DANSES DE BAL, de DANSES DE SALONS, de DANSES DE LOISIRS, de SALSA, de ROCK 4 TEMPS, de ROCK 6 TEMPS, de DANSES EN LIGNE, de DISCO, \u2026\",\"sameAs\":[\"https:\/\/vpdanses.fr\"],\"url\":\"https:\/\/vpdanses.fr\/home\/bienvenue-chez-vp-danses-hazebrouck\/author\/adminvp20241018\/\"}]}<\/script>\n<!-- \/ Yoast SEO Premium plugin. -->","yoast_head_json":{"title":"Programme D\u00e9taill\u00e9 Cours Collectifs Saint-Jans-Cappel 2025-2026 - VP DANSES, cours de Danse Sportive \u00e0 Aire-sur-la-Lys et \u00e0 Saint-Jans-Cappel (Hauts-de-France)","description":"Programme d\u00e9taill\u00e9 des cours de danse Saint-Jans-Cappel 2025-2026. Valse, Cha-cha, Tango, Jive... Progression p\u00e9dagogique optimale. Inscriptions limit\u00e9es !","robots":{"index":"index","follow":"follow","max-snippet":"max-snippet:-1","max-image-preview":"max-image-preview:large","max-video-preview":"max-video-preview:-1"},"canonical":"https:\/\/vpdanses.fr\/home\/bienvenue-chez-vp-danses-hazebrouck\/programme-cours-danse-saint-jans-cappel-2025-2026-vp-danses\/","og_locale":"fr_FR","og_type":"article","og_title":"Programme D\u00e9taill\u00e9 Cours Collectifs Saint-Jans-Cappel 2025-2026","og_description":"Programme d\u00e9taill\u00e9 des cours de danse Saint-Jans-Cappel 2025-2026. Valse, Cha-cha, Tango, Jive... Progression p\u00e9dagogique optimale. Inscriptions limit\u00e9es ! #CherchePartenaireDanse #PartenaireDanseSaintJansCappel #DanseurSolo #DanseuseSeule #VPDanses #DanseNord #PartenairesDanseNordPasDeCalais #DanseLille #CoursDanseNord #DanseHautsDeFrance","og_url":"https:\/\/vpdanses.fr\/home\/bienvenue-chez-vp-danses-hazebrouck\/programme-cours-danse-saint-jans-cappel-2025-2026-vp-danses\/","og_site_name":"VP DANSES, cours de Danse Sportive \u00e0 Aire-sur-la-Lys et \u00e0 Saint-Jans-Cappel (Hauts-de-France)","article_published_time":"2025-08-23T04:39:57+00:00","article_modified_time":"2025-09-11T02:22:03+00:00","og_image":[{"width":1920,"height":1129,"url":"https:\/\/vpdanses.fr\/wp-content\/uploads\/2025\/08\/vp-danses-activites-danse-sportive-sociale-ouvertures-bal-nord-pas-de-calais-cadanse-asaintjans.jpg","type":"image\/jpeg"}],"author":"VP DANSES","twitter_card":"summary_large_image","twitter_misc":{"\u00c9crit par":"VP DANSES","Dur\u00e9e de lecture estim\u00e9e":"6 minutes"},"schema":{"@context":"https:\/\/schema.org","@graph":[{"@type":"Article","@id":"https:\/\/vpdanses.fr\/home\/bienvenue-chez-vp-danses-hazebrouck\/programme-cours-danse-saint-jans-cappel-2025-2026-vp-danses\/#article","isPartOf":{"@id":"https:\/\/vpdanses.fr\/home\/bienvenue-chez-vp-danses-hazebrouck\/programme-cours-danse-saint-jans-cappel-2025-2026-vp-danses\/"},"author":{"name":"VP DANSES","@id":"https:\/\/vpdanses.fr\/home\/bienvenue-chez-vp-danses-hazebrouck\/#\/schema\/person\/bf87806369778f949b83c9cd885519e5"},"headline":"Programme D\u00e9taill\u00e9 Cours Collectifs Saint-Jans-Cappel 2025-2026","datePublished":"2025-08-23T04:39:57+00:00","dateModified":"2025-09-11T02:22:03+00:00","mainEntityOfPage":{"@id":"https:\/\/vpdanses.fr\/home\/bienvenue-chez-vp-danses-hazebrouck\/programme-cours-danse-saint-jans-cappel-2025-2026-vp-danses\/"},"wordCount":1064,"publisher":{"@id":"https:\/\/vpdanses.fr\/home\/bienvenue-chez-vp-danses-hazebrouck\/#organization"},"image":{"@id":"https:\/\/vpdanses.fr\/home\/bienvenue-chez-vp-danses-hazebrouck\/programme-cours-danse-saint-jans-cappel-2025-2026-vp-danses\/#primaryimage"},"thumbnailUrl":"https:\/\/vpdanses.fr\/wp-content\/uploads\/2025\/08\/vp-danses-activites-danse-sportive-sociale-ouvertures-bal-nord-pas-de-calais-cadanse-asaintjans.jpg","keywords":["Cadanse Asaintjans","Cha-Cha","cours collectifs 2025-2026","danse sportive d\u00e9butant","danseurs seuls","Jive","Monts de Flandres","programme danse Saint-Jans-Cappel","progression p\u00e9dagogique","Quick Step","rotation partenaires","Rumba","Tango","Valse Lente","VP DANSES"],"articleSection":["Cours Collectifs","Programmes de Cours","Saint-Jans-Cappel","Saison 2025-2026"],"inLanguage":"fr-FR"},{"@type":"WebPage","@id":"https:\/\/vpdanses.fr\/home\/bienvenue-chez-vp-danses-hazebrouck\/programme-cours-danse-saint-jans-cappel-2025-2026-vp-danses\/","url":"https:\/\/vpdanses.fr\/home\/bienvenue-chez-vp-danses-hazebrouck\/programme-cours-danse-saint-jans-cappel-2025-2026-vp-danses\/","name":"Programme D\u00e9taill\u00e9 Cours Collectifs Saint-Jans-Cappel 2025-2026 - VP DANSES, cours de Danse Sportive \u00e0 Aire-sur-la-Lys et \u00e0 Saint-Jans-Cappel (Hauts-de-France)","isPartOf":{"@id":"https:\/\/vpdanses.fr\/home\/bienvenue-chez-vp-danses-hazebrouck\/#website"},"primaryImageOfPage":{"@id":"https:\/\/vpdanses.fr\/home\/bienvenue-chez-vp-danses-hazebrouck\/programme-cours-danse-saint-jans-cappel-2025-2026-vp-danses\/#primaryimage"},"image":{"@id":"https:\/\/vpdanses.fr\/home\/bienvenue-chez-vp-danses-hazebrouck\/programme-cours-danse-saint-jans-cappel-2025-2026-vp-danses\/#primaryimage"},"thumbnailUrl":"https:\/\/vpdanses.fr\/wp-content\/uploads\/2025\/08\/vp-danses-activites-danse-sportive-sociale-ouvertures-bal-nord-pas-de-calais-cadanse-asaintjans.jpg","datePublished":"2025-08-23T04:39:57+00:00","dateModified":"2025-09-11T02:22:03+00:00","description":"Programme d\u00e9taill\u00e9 des cours de danse Saint-Jans-Cappel 2025-2026. Valse, Cha-cha, Tango, Jive... Progression p\u00e9dagogique optimale. Inscriptions limit\u00e9es !","breadcrumb":{"@id":"https:\/\/vpdanses.fr\/home\/bienvenue-chez-vp-danses-hazebrouck\/programme-cours-danse-saint-jans-cappel-2025-2026-vp-danses\/#breadcrumb"},"inLanguage":"fr-FR","potentialAction":[{"@type":"ReadAction","target":["https:\/\/vpdanses.fr\/home\/bienvenue-chez-vp-danses-hazebrouck\/programme-cours-danse-saint-jans-cappel-2025-2026-vp-danses\/"]}]},{"@type":"ImageObject","inLanguage":"fr-FR","@id":"https:\/\/vpdanses.fr\/home\/bienvenue-chez-vp-danses-hazebrouck\/programme-cours-danse-saint-jans-cappel-2025-2026-vp-danses\/#primaryimage","url":"https:\/\/vpdanses.fr\/wp-content\/uploads\/2025\/08\/vp-danses-activites-danse-sportive-sociale-ouvertures-bal-nord-pas-de-calais-cadanse-asaintjans.jpg","contentUrl":"https:\/\/vpdanses.fr\/wp-content\/uploads\/2025\/08\/vp-danses-activites-danse-sportive-sociale-ouvertures-bal-nord-pas-de-calais-cadanse-asaintjans.jpg","width":1920,"height":1129,"caption":"Programme d\u00e9taill\u00e9 des 4 parties progressives pour les cours collectifs de danse sportive \u00e0 Saint-Jans-Cappel saison 2025-2026"},{"@type":"BreadcrumbList","@id":"https:\/\/vpdanses.fr\/home\/bienvenue-chez-vp-danses-hazebrouck\/programme-cours-danse-saint-jans-cappel-2025-2026-vp-danses\/#breadcrumb","itemListElement":[{"@type":"ListItem","position":1,"name":"Accueil","item":"https:\/\/vpdanses.fr\/home\/bienvenue-chez-vp-danses-hazebrouck\/"},{"@type":"ListItem","position":2,"name":"Programme D\u00e9taill\u00e9 Cours Collectifs Saint-Jans-Cappel 2025-2026"}]},{"@type":"WebSite","@id":"https:\/\/vpdanses.fr\/home\/bienvenue-chez-vp-danses-hazebrouck\/#website","url":"https:\/\/vpdanses.fr\/home\/bienvenue-chez-vp-danses-hazebrouck\/","name":"VP DANSES, cours de Danse Sportive \u00e0 Aire-sur-la-Lys et \u00e0 Saint-Jans-Cappel (Hauts-de-France)","description":"Cours de Danse Sportive STANDARD (valse anglaise, tango, valse viennoise, slowfox, quickstep), danses sportives LATINES (samba, chacha, rumba, paso doble, jive), danses de bal, danses de salons, danses de loisirs, salsa, rock 4 temps, rock 6 temps, danses en ligne, disco, \u2026 Lieu : Hazebrouck, Aire-sur-la-Lys, Saint-Jans-Cappel et Isbergues (Hauts-de-France) - Cours Particuliers dans les Hauts-de-France - Ouverture de bal de Mariage","publisher":{"@id":"https:\/\/vpdanses.fr\/home\/bienvenue-chez-vp-danses-hazebrouck\/#organization"},"potentialAction":[{"@type":"SearchAction","target":{"@type":"EntryPoint","urlTemplate":"https:\/\/vpdanses.fr\/home\/bienvenue-chez-vp-danses-hazebrouck\/?s={search_term_string}"},"query-input":{"@type":"PropertyValueSpecification","valueRequired":true,"valueName":"search_term_string"}}],"inLanguage":"fr-FR"},{"@type":"Organization","@id":"https:\/\/vpdanses.fr\/home\/bienvenue-chez-vp-danses-hazebrouck\/#organization","name":"VP DANSES, cours de Danse Sportive \u00e0 Aire-sur-la-Lys et \u00e0 Saint-Jans-Cappel (Hauts-de-France)","url":"https:\/\/vpdanses.fr\/home\/bienvenue-chez-vp-danses-hazebrouck\/","logo":{"@type":"ImageObject","inLanguage":"fr-FR","@id":"https:\/\/vpdanses.fr\/home\/bienvenue-chez-vp-danses-hazebrouck\/#\/schema\/logo\/image\/","url":"https:\/\/vpdanses.fr\/wp-content\/uploads\/2024\/10\/logo_cadanse_asaintjans.jpeg","contentUrl":"https:\/\/vpdanses.fr\/wp-content\/uploads\/2024\/10\/logo_cadanse_asaintjans.jpeg","width":225,"height":225,"caption":"VP DANSES, cours de Danse Sportive \u00e0 Aire-sur-la-Lys et \u00e0 Saint-Jans-Cappel (Hauts-de-France)"},"image":{"@id":"https:\/\/vpdanses.fr\/home\/bienvenue-chez-vp-danses-hazebrouck\/#\/schema\/logo\/image\/"}},{"@type":"Person","@id":"https:\/\/vpdanses.fr\/home\/bienvenue-chez-vp-danses-hazebrouck\/#\/schema\/person\/bf87806369778f949b83c9cd885519e5","name":"VP DANSES","description":"\"VP danses\" est une association qui donne des cours de DANSES SPORTIVES STANDARDS (valse anglaise, tango, valse viennoise, slowfox, quickstep), de DANSES SPORTIVES LATINES (samba, chacha, rumba, paso doble, jive), de DANSES DE BAL, de DANSES DE SALONS, de DANSES DE LOISIRS, de SALSA, de ROCK 4 TEMPS, de ROCK 6 TEMPS, de DANSES EN LIGNE, de DISCO, \u2026","sameAs":["https:\/\/vpdanses.fr"],"url":"https:\/\/vpdanses.fr\/home\/bienvenue-chez-vp-danses-hazebrouck\/author\/adminvp20241018\/"}]}},"jetpack_featured_media_url":"https:\/\/vpdanses.fr\/wp-content\/uploads\/2025\/08\/vp-danses-activites-danse-sportive-sociale-ouvertures-bal-nord-pas-de-calais-cadanse-asaintjans.jpg","uagb_featured_image_src":{"full":["https:\/\/vpdanses.fr\/wp-content\/uploads\/2025\/08\/vp-danses-activites-danse-sportive-sociale-ouvertures-bal-nord-pas-de-calais-cadanse-asaintjans.jpg",1920,1129,false],"thumbnail":["https:\/\/vpdanses.fr\/wp-content\/uploads\/2025\/08\/vp-danses-activites-danse-sportive-sociale-ouvertures-bal-nord-pas-de-calais-cadanse-asaintjans-150x150.jpg",150,150,true],"medium":["https:\/\/vpdanses.fr\/wp-content\/uploads\/2025\/08\/vp-danses-activites-danse-sportive-sociale-ouvertures-bal-nord-pas-de-calais-cadanse-asaintjans-300x176.jpg",300,176,true],"medium_large":["https:\/\/vpdanses.fr\/wp-content\/uploads\/2025\/08\/vp-danses-activites-danse-sportive-sociale-ouvertures-bal-nord-pas-de-calais-cadanse-asaintjans-768x452.jpg",768,452,true],"large":["https:\/\/vpdanses.fr\/wp-content\/uploads\/2025\/08\/vp-danses-activites-danse-sportive-sociale-ouvertures-bal-nord-pas-de-calais-cadanse-asaintjans-1024x602.jpg",1024,602,true],"1536x1536":["https:\/\/vpdanses.fr\/wp-content\/uploads\/2025\/08\/vp-danses-activites-danse-sportive-sociale-ouvertures-bal-nord-pas-de-calais-cadanse-asaintjans-1536x903.jpg",1536,903,true],"2048x2048":["https:\/\/vpdanses.fr\/wp-content\/uploads\/2025\/08\/vp-danses-activites-danse-sportive-sociale-ouvertures-bal-nord-pas-de-calais-cadanse-asaintjans.jpg",1920,1129,false],"vp_sm":["https:\/\/vpdanses.fr\/wp-content\/uploads\/2025\/08\/vp-danses-activites-danse-sportive-sociale-ouvertures-bal-nord-pas-de-calais-cadanse-asaintjans-500x294.jpg",500,294,true],"vp_md":["https:\/\/vpdanses.fr\/wp-content\/uploads\/2025\/08\/vp-danses-activites-danse-sportive-sociale-ouvertures-bal-nord-pas-de-calais-cadanse-asaintjans-800x470.jpg",800,470,true],"vp_lg":["https:\/\/vpdanses.fr\/wp-content\/uploads\/2025\/08\/vp-danses-activites-danse-sportive-sociale-ouvertures-bal-nord-pas-de-calais-cadanse-asaintjans-1280x753.jpg",1280,753,true],"vp_xl":["https:\/\/vpdanses.fr\/wp-content\/uploads\/2025\/08\/vp-danses-activites-danse-sportive-sociale-ouvertures-bal-nord-pas-de-calais-cadanse-asaintjans.jpg",1920,1129,false],"vp_sm_popup":["https:\/\/vpdanses.fr\/wp-content\/uploads\/2025\/08\/vp-danses-activites-danse-sportive-sociale-ouvertures-bal-nord-pas-de-calais-cadanse-asaintjans-500x294.jpg",500,294,true],"vp_md_popup":["https:\/\/vpdanses.fr\/wp-content\/uploads\/2025\/08\/vp-danses-activites-danse-sportive-sociale-ouvertures-bal-nord-pas-de-calais-cadanse-asaintjans-800x470.jpg",800,470,true],"vp_xl_popup":["https:\/\/vpdanses.fr\/wp-content\/uploads\/2025\/08\/vp-danses-activites-danse-sportive-sociale-ouvertures-bal-nord-pas-de-calais-cadanse-asaintjans.jpg",1920,1129,false],"dance-blog-thumb":["https:\/\/vpdanses.fr\/wp-content\/uploads\/2025\/08\/vp-danses-activites-danse-sportive-sociale-ouvertures-bal-nord-pas-de-calais-cadanse-asaintjans-150x120.jpg",150,120,true],"dance-event-list":["https:\/\/vpdanses.fr\/wp-content\/uploads\/2025\/08\/vp-danses-activites-danse-sportive-sociale-ouvertures-bal-nord-pas-de-calais-cadanse-asaintjans-420x336.jpg",420,336,true],"dance-event-single-type1":["https:\/\/vpdanses.fr\/wp-content\/uploads\/2025\/08\/vp-danses-activites-danse-sportive-sociale-ouvertures-bal-nord-pas-de-calais-cadanse-asaintjans-773x520.jpg",773,520,true],"dance-event-single-type4":["https:\/\/vpdanses.fr\/wp-content\/uploads\/2025\/08\/vp-danses-activites-danse-sportive-sociale-ouvertures-bal-nord-pas-de-calais-cadanse-asaintjans-570x460.jpg",570,460,true],"dance-event-single-type5":["https:\/\/vpdanses.fr\/wp-content\/uploads\/2025\/08\/vp-danses-activites-danse-sportive-sociale-ouvertures-bal-nord-pas-de-calais-cadanse-asaintjans-746x770.jpg",746,770,true],"dance-event-list2":["https:\/\/vpdanses.fr\/wp-content\/uploads\/2025\/08\/vp-danses-activites-danse-sportive-sociale-ouvertures-bal-nord-pas-de-calais-cadanse-asaintjans-420x275.jpg",420,275,true]},"uagb_author_info":{"display_name":"VP DANSES","author_link":"https:\/\/vpdanses.fr\/home\/bienvenue-chez-vp-danses-hazebrouck\/author\/adminvp20241018\/"},"uagb_comment_info":0,"uagb_excerpt":"D\u00e9couvrez notre programme structur\u00e9 en 4 parties pour la saison 2025-2026 \u00e0 Saint-Jans-Cappel ! De septembre \u00e0 juillet, apprenez la Valse Lente, le Cha-Cha, le Tango, le Jive, le Quick Step et la Rumba dans une progression p\u00e9dagogique optimale. M\u00e9thodes adapt\u00e9es aux danseurs seuls avec rotation des partenaires (pour ceux qui le souhaitent). Places limit\u00e9es\u2026","jetpack_sharing_enabled":true,"_links":{"self":[{"href":"https:\/\/vpdanses.fr\/home\/bienvenue-chez-vp-danses-hazebrouck\/wp-json\/wp\/v2\/posts\/14328","targetHints":{"allow":["GET"]}}],"collection":[{"href":"https:\/\/vpdanses.fr\/home\/bienvenue-chez-vp-danses-hazebrouck\/wp-json\/wp\/v2\/posts"}],"about":[{"href":"https:\/\/vpdanses.fr\/home\/bienvenue-chez-vp-danses-hazebrouck\/wp-json\/wp\/v2\/types\/post"}],"author":[{"embeddable":true,"href":"https:\/\/vpdanses.fr\/home\/bienvenue-chez-vp-danses-hazebrouck\/wp-json\/wp\/v2\/users\/1"}],"replies":[{"embeddable":true,"href":"https:\/\/vpdanses.fr\/home\/bienvenue-chez-vp-danses-hazebrouck\/wp-json\/wp\/v2\/comments?post=14328"}],"version-history":[{"count":28,"href":"https:\/\/vpdanses.fr\/home\/bienvenue-chez-vp-danses-hazebrouck\/wp-json\/wp\/v2\/posts\/14328\/revisions"}],"predecessor-version":[{"id":14452,"href":"https:\/\/vpdanses.fr\/home\/bienvenue-chez-vp-danses-hazebrouck\/wp-json\/wp\/v2\/posts\/14328\/revisions\/14452"}],"wp:featuredmedia":[{"embeddable":true,"href":"https:\/\/vpdanses.fr\/home\/bienvenue-chez-vp-danses-hazebrouck\/wp-json\/wp\/v2\/media\/14370"}],"wp:attachment":[{"href":"https:\/\/vpdanses.fr\/home\/bienvenue-chez-vp-danses-hazebrouck\/wp-json\/wp\/v2\/media?parent=14328"}],"wp:term":[{"taxonomy":"category","embeddable":true,"href":"https:\/\/vpdanses.fr\/home\/bienvenue-chez-vp-danses-hazebrouck\/wp-json\/wp\/v2\/categories?post=14328"},{"taxonomy":"post_tag","embeddable":true,"href":"https:\/\/vpdanses.fr\/home\/bienvenue-chez-vp-danses-hazebrouck\/wp-json\/wp\/v2\/tags?post=14328"}],"curies":[{"name":"wp","href":"https:\/\/api.w.org\/{rel}","templated":true}]}}