{"id":14498,"date":"2025-10-07T06:51:18","date_gmt":"2025-10-07T04:51:18","guid":{"rendered":"https:\/\/vpdanses.fr\/home\/bienvenue-chez-vp-danses-hazebrouck\/?p=14498"},"modified":"2025-10-09T06:57:52","modified_gmt":"2025-10-09T04:57:52","slug":"vp-danses-semaine-bleue-2025-ehpad-beuvry-danse-sportive","status":"publish","type":"post","link":"https:\/\/vpdanses.fr\/home\/bienvenue-chez-vp-danses-hazebrouck\/vp-danses-semaine-bleue-2025-ehpad-beuvry-danse-sportive\/","title":{"rendered":"VP DANSES \u00e0 la Semaine Bleue 2025 : Animation et d\u00e9monstration de Danses Sportives \u00e0 l&rsquo;EHPAD &lsquo;R\u00e9sidence de France&rsquo; de Beuvry (62)"},"content":{"rendered":"\n<p>Ce lundi 6 octobre 2025, dans le cadre de la Semaine Bleue, VP DANSES a eu l&rsquo;honneur d&rsquo;animer une apr\u00e8s-midi inoubliable \u00e0 l&rsquo;EHPAD R\u00e9sidence de France, situ\u00e9 \u00e0 Beuvry dans le Nord-Pas-de-Calais. Cet \u00e9v\u00e9nement a permis de faire d\u00e9couvrir l&rsquo;univers fascinant de la Danse Sportive aux r\u00e9sidents tout en cr\u00e9ant des moments de partage interg\u00e9n\u00e9rationnels empreints d&rsquo;\u00e9motions et de joie.<\/p>\n\n\n\n<h2 class=\"wp-block-heading\" id=\"h-qu-est-ce-que-la-semaine-bleue\">Qu&rsquo;est-ce que la Semaine Bleue ?<\/h2>\n\n\n\n<p>La Semaine Bleue est la semaine nationale des retrait\u00e9s et des personnes \u00e2g\u00e9es, qui a pour vocation de valoriser la place des a\u00een\u00e9s dans notre soci\u00e9t\u00e9 et l&rsquo;importance des liens entre les g\u00e9n\u00e9rations. Cette ann\u00e9e, elle se d\u00e9roule du 6 au 12 octobre autour du th\u00e8me \u00ab\u00a0Vieillir, une force \u00e0 partager\u00a0\u00bb. Cet \u00e9v\u00e9nement est l&rsquo;occasion id\u00e9ale de mettre en lumi\u00e8re les contributions pr\u00e9cieuses des seniors et de renforcer les ponts entre les g\u00e9n\u00e9rations \u00e0 travers des animations culturelles, sportives et artistiques.<\/p>\n\n\n\n<h2 class=\"wp-block-heading\" id=\"h-une-demonstration-de-danses-sportives\">Une D\u00e9monstration de Danses Sportives<\/h2>\n\n\n\n<p>VP DANSES a pr\u00e9sent\u00e9 aux r\u00e9sidents de la R\u00e9sidence de France de Beuvry (62) un spectacle illustrant la beaut\u00e9 et l&rsquo;\u00e9l\u00e9gance de la Danse Sportive, discipline qui allie technique, gr\u00e2ce et passion.<\/p>\n\n\n\n<h2 class=\"wp-block-heading\" id=\"h-les-danses-standards-l-elegance-a-l-etat-pur\">Les Danses Standards : L&rsquo;\u00c9l\u00e9gance \u00e0 l&rsquo;\u00c9tat Pur<\/h2>\n\n\n\n<p>La d\u00e9monstration a d\u00e9but\u00e9 avec les Danses Standards, ces danses \u00e9voquent le raffinement et la tradition : Valse Lente, Tango et Valse Viennoise.<\/p>\n\n\n\n<h2 class=\"wp-block-heading\" id=\"h-les-danses-latines-energie-et-sensualite\">Les Danses Latines : \u00c9nergie et Sensualit\u00e9<\/h2>\n\n\n\n<p>La seconde partie de la d\u00e9monstration a mis \u00e0 l&rsquo;honneur les Danses Latines, reconnues pour leur \u00e9nergie communicative et leur sensualit\u00e9 : Cha-Cha et Rumba.<\/p>\n\n\n\n<h2 class=\"wp-block-heading\" id=\"h-des-moments-de-partage-inoubliables\">Des Moments de Partage Inoubliables<\/h2>\n\n\n\n<p>Au-del\u00e0 de la simple d\u00e9monstration, VP DANSES a souhait\u00e9 cr\u00e9er une v\u00e9ritable interaction avec les r\u00e9sidents. Car la danse, avant tout, se vit et se partage !<\/p>\n\n\n\n<h2 class=\"wp-block-heading\" id=\"h-danser-avec-les-residents-raviver-les-souvenirs\">Danser avec les R\u00e9sidents : Raviver les Souvenirs<\/h2>\n\n\n\n<p>Entre les deux d\u00e9monstrations, les danseurs de VP DANSES ont invit\u00e9 les r\u00e9sidents \u00e0 les rejoindre sur la piste. Sur des airs de&nbsp;<strong>java<\/strong>, de&nbsp;<strong>tango<\/strong>&nbsp;et de&nbsp;<strong>valse<\/strong>, ces danses qui ont berc\u00e9 leur jeunesse, les seniors ont retrouv\u00e9 le plaisir de bouger, de se laisser porter par la musique.<\/p>\n\n\n\n<p>Philippe, danseur de VP DANSES, a notamment eu le bonheur de partager la piste avec Moumoune, Yvette et Claire. Ces moments privil\u00e9gi\u00e9s de danse et de discussion ont permis de raviver des souvenirs enfouis, de partager des \u00e9motions authentiques, mais aussi d&rsquo;apporter de v\u00e9ritables bienfaits aux r\u00e9sidents.<\/p>\n\n\n\n<h2 class=\"wp-block-heading\" id=\"h-les-bienfaits-de-danser-et-echanger-avec-les-residents\">Les bienfaits de danser et \u00e9changer avec les r\u00e9sidents :<\/h2>\n\n\n\n<ul class=\"wp-block-list\">\n<li><strong>Stimulation physique<\/strong>&nbsp;: Bouger en rythme am\u00e9liore l&rsquo;\u00e9quilibre, la coordination et maintient la mobilit\u00e9<\/li>\n\n\n\n<li><strong>Stimulation cognitive<\/strong>&nbsp;: La musique et les pas de danse sollicitent la m\u00e9moire et la concentration<\/li>\n\n\n\n<li><strong>Lien social et affectif<\/strong>&nbsp;: Le contact humain, les discussions et le partage cr\u00e9ent une connexion chaleureuse qui rompt l&rsquo;isolement<\/li>\n\n\n\n<li><strong>Bien-\u00eatre \u00e9motionnel<\/strong>&nbsp;: Le plaisir de danser lib\u00e8re des endorphines et procure une sensation de joie imm\u00e9diate<\/li>\n<\/ul>\n\n\n\n<p><strong><em>Les sourires illuminaient les visages, les yeux p\u00e9tillaient de bonheur. La danse agissait comme une v\u00e9ritable madeleine de Proust, transportant chacun dans des \u00e9poques r\u00e9volues mais jamais oubli\u00e9es.<\/em><\/strong><\/p>\n\n\n\n<h2 class=\"wp-block-heading\" id=\"h-ambiance-festive-avec-l-equipe-encadrante\">Ambiance Festive avec l&rsquo;\u00c9quipe Encadrante<\/h2>\n\n\n\n<p>L&rsquo;\u00e9quipe d&rsquo;animation de la R\u00e9sidence de France n&rsquo;est pas rest\u00e9e en marge de cette c\u00e9l\u00e9bration. Mathilde, Christelle, Jessica et leurs coll\u00e8gues ont particip\u00e9 activement \u00e0 des&nbsp;<strong>danses en ligne<\/strong>, cr\u00e9ant une ambiance festive et conviviale.<\/p>\n\n\n\n<p>Au programme : le fameux&nbsp;<strong>Madison<\/strong>, incontournable des soir\u00e9es dansantes, mais aussi \u00ab\u00a0<strong>Alexandrie Alexandra<\/strong>\u00a0\u00bb de Claude Fran\u00e7ois, cette chanson iconique que tout le monde conna\u00eet et qui fait immanquablement bouger. Sans oublier quelques&nbsp;<strong>slows<\/strong>&nbsp;nostalgiques, rappelant l&rsquo;\u00e9poque des \u00ab\u00a0booms\u00a0\u00bb de l&rsquo;adolescence, o\u00f9 l&rsquo;on dansait joue contre joue sur des ballades romantiques.<\/p>\n\n\n\n<p>Ces danses collectives ont renforc\u00e9 la coh\u00e9sion et cr\u00e9\u00e9 une v\u00e9ritable communion entre r\u00e9sidents, personnel soignant et danseurs professionnels. Voir Mathilde, Christelle et Jessica danser aux c\u00f4t\u00e9s des r\u00e9sidents a d\u00e9montr\u00e9 l&rsquo;engagement et la bienveillance de toute l&rsquo;\u00e9quipe encadrante.<\/p>\n\n\n\n<h2 class=\"wp-block-heading\" id=\"h-apporter-du-bonheur-la-mission-de-vp-danses-dans-les-ehpad\">Apporter du Bonheur : La Mission de VP DANSES dans les EHPAD<\/h2>\n\n\n\n<p>Pour VP DANSES, intervenir dans les \u00e9tablissements accueillant des personnes \u00e2g\u00e9es rev\u00eat une signification particuli\u00e8re. Il ne s&rsquo;agit pas seulement de \u00ab\u00a0faire une d\u00e9monstration\u00a0\u00bb, mais bien d&rsquo;<strong>apporter du bonheur, de l&rsquo;\u00e9motion et de la vie<\/strong>.<\/p>\n\n\n\n<p><strong>La Semaine Bleue 2025 et son th\u00e8me \u00ab\u00a0Vieillir, une force \u00e0 partager\u00a0\u00bb prennent tout leur sens dans ce type d&rsquo;initiative. Les personnes \u00e2g\u00e9es ne sont pas simplement des spectateurs passifs ; elles sont actrices de leur bien-\u00eatre, porteuses d&rsquo;histoires et de richesses humaines inestimables.<\/strong><\/p>\n\n\n\n<h2 class=\"wp-block-heading\" id=\"h-faire-decouvrir-la-danse-sportive-dans-les-hauts-de-france\">Faire D\u00e9couvrir la Danse Sportive dans les Hauts-de-France<\/h2>\n\n\n\n<p>VP DANSES s&rsquo;inscrit \u00e9galement dans une d\u00e9marche de&nbsp;<strong>promotion de la Danse Sportive dans la r\u00e9gion Hauts-de-France<\/strong>. Discipline encore m\u00e9connue du grand public, la danse sportive m\u00e9rite d&rsquo;\u00eatre d\u00e9couverte et appr\u00e9ci\u00e9e pour ce qu&rsquo;elle est : un art exigeant, un sport complet et une source in\u00e9puisable de plaisir.<\/p>\n\n\n\n<p>En intervenant dans des EHPAD et lors d&rsquo;\u00e9v\u00e9nements publics, VP DANSES contribue \u00e0 :<\/p>\n\n\n\n<ul class=\"wp-block-list\">\n<li><strong>D\u00e9mocratiser la danse sportive<\/strong>&nbsp;: Montrer que cette discipline n&rsquo;est pas r\u00e9serv\u00e9e \u00e0 une \u00e9lite, mais accessible \u00e0 tous.<\/li>\n\n\n\n<li><strong>Valoriser le patrimoine culturel<\/strong>&nbsp;: Les danses de salon font partie int\u00e9grante de notre h\u00e9ritage culturel europ\u00e9en.<\/li>\n\n\n\n<li><strong>Cr\u00e9er des vocations<\/strong>&nbsp;: Inspirer les jeunes g\u00e9n\u00e9rations et susciter l&rsquo;envie de pratiquer cette activit\u00e9 compl\u00e8te.<\/li>\n\n\n\n<li><strong>Renforcer les liens interg\u00e9n\u00e9rationnels<\/strong>&nbsp;: La danse est un langage universel qui transcende les \u00e2ges.<\/li>\n<\/ul>\n\n\n\n<h2 class=\"wp-block-heading\" id=\"h-un-merci-du-coeur-a-l-equipe-de-la-residence-de-france-de-beuvry\">Un Merci du C\u0153ur \u00e0 l&rsquo;\u00c9quipe de la R\u00e9sidence de France de Beuvry<\/h2>\n\n\n\n<p>VP DANSES tient \u00e0 exprimer sa profonde gratitude envers&nbsp;<strong>l&rsquo;\u00e9quipe d&rsquo;animation de la <\/strong><a href=\"https:\/\/www.residencedefrance.com\/fr\" target=\"_blank\" rel=\"noreferrer noopener\"><strong>R\u00e9sidence de France<\/strong> de <strong>Beuvry<\/strong><\/a>, et tout particuli\u00e8rement&nbsp;<strong>Mathilde<\/strong>, pour l&rsquo;organisation impeccable de cet \u00e9v\u00e9nement.<\/p>\n\n\n\n<p>Votre confiance est pr\u00e9cieuse. C&rsquo;est gr\u00e2ce \u00e0 des professionnels investis et passionn\u00e9s comme vous que de tels moments de bonheur peuvent voir le jour. Votre engagement aupr\u00e8s des r\u00e9sidents, votre \u00e9coute et votre bienveillance cr\u00e9ent un environnement propice \u00e0 l&rsquo;\u00e9panouissement de chacun.<\/p>\n\n\n\n<p>Merci d&rsquo;avoir ouvert les portes de votre \u00e9tablissement \u00e0 <strong>VP DANSES<\/strong> et d&rsquo;avoir permis \u00e0 <strong>la Danse Sportive<\/strong> de briller dans votre r\u00e9sidence. Ce partenariat est le reflet de valeurs communes : le respect, la dignit\u00e9, le partage et la qu\u00eate du bonheur pour nos a\u00een\u00e9s.<\/p>\n\n\n\n<h2 class=\"wp-block-heading\" id=\"h-vous-souhaitez-organiser-une-animation-danse-dans-votre-ehpad-ou-structure-d-accueil\">Vous souhaitez organiser une animation danse dans votre EHPAD ou structure d&rsquo;accueil ?<\/h2>\n\n\n\n<p><strong><a href=\"https:\/\/vpdanses.fr\/home\/bienvenue-chez-vp-danses-hazebrouck\/formulaire-de-contact\/\">Contactez VP DANSES<\/a><\/strong> pour cr\u00e9er ensemble des moments de joie et de partage inoubliables.<\/p>\n\n\n\n<div style=\"height:76px\" aria-hidden=\"true\" class=\"wp-block-spacer\"><\/div>\n\n\n\n<div class=\"wp-block-uagb-separator uagb-block-e63e5356 wp-block-uagb-separator--icon\"><div class=\"wp-block-uagb-separator__inner\" style=\"--my-background-image:\"><div class=\"wp-block-uagb-separator-element\"><svg xmlns=\"https:\/\/www.w3.org\/2000\/svg\" viewBox=\"0 0 512 512\"><path d=\"M378.7 32H133.3L256 182.7L378.7 32zM512 192l-107.4-141.3L289.6 192H512zM107.4 50.67L0 192h222.4L107.4 50.67zM244.3 474.9C247.3 478.2 251.6 480 256 480s8.653-1.828 11.67-5.062L510.6 224H1.365L244.3 474.9z\"><\/path><\/svg><\/div><\/div><\/div>\n\n\n\n<div class=\"wp-block-jetpack-tiled-gallery aligncenter is-style-rectangular\"><div class=\"has-rounded-corners-13\"><div class=\"tiled-gallery__gallery\"><div class=\"tiled-gallery__row\"><div class=\"tiled-gallery__col\" style=\"flex-basis:66.83827%\"><figure class=\"tiled-gallery__item\"><noscript><img decoding=\"async\" srcset=\"https:\/\/i0.wp.com\/vpdanses.fr\/wp-content\/uploads\/2025\/10\/vp-danses-semaine-bleue-2025-ehpad-beuvry-danse-sportive_2748-1024x768.jpg?strip=info&#038;w=600&#038;ssl=1 600w,https:\/\/i0.wp.com\/vpdanses.fr\/wp-content\/uploads\/2025\/10\/vp-danses-semaine-bleue-2025-ehpad-beuvry-danse-sportive_2748-1024x768.jpg?strip=info&#038;w=900&#038;ssl=1 900w,https:\/\/i0.wp.com\/vpdanses.fr\/wp-content\/uploads\/2025\/10\/vp-danses-semaine-bleue-2025-ehpad-beuvry-danse-sportive_2748-1024x768.jpg?strip=info&#038;w=1200&#038;ssl=1 1200w\" alt=\"VP DANSES dispense une animation \u00e0 l'EHPAD 'R\u00e9sidence de France', \u00e0 Beuvry\" data-height=\"900\" data-id=\"14520\" data-link=\"https:\/\/vpdanses.fr\/home\/bienvenue-chez-vp-danses-hazebrouck\/vp-danses-semaine-bleue-2025-ehpad-beuvry-danse-sportive\/vp-danses-semaine-bleue-2025-ehpad-beuvry-danse-sportive_2748\/\" data-url=\"https:\/\/vpdanses.fr\/wp-content\/uploads\/2025\/10\/vp-danses-semaine-bleue-2025-ehpad-beuvry-danse-sportive_2748-1024x768.jpg\" data-width=\"1200\" data-skip-lazy src=\"https:\/\/i0.wp.com\/vpdanses.fr\/wp-content\/uploads\/2025\/10\/vp-danses-semaine-bleue-2025-ehpad-beuvry-danse-sportive_2748-1024x768.jpg?ssl=1\" data-amp-layout=\"responsive\" aria-label=\"Ouvrir l\u2019image 1 sur 5 en plein \u00e9cran\"\/><\/noscript><img decoding=\"async\" alt=\"VP DANSES dispense une animation \u00e0 l&#039;EHPAD &#039;R\u00e9sidence de France&#039;, \u00e0 Beuvry\" data-height=\"900\" data-id=\"14520\" data-link=\"https:\/\/vpdanses.fr\/home\/bienvenue-chez-vp-danses-hazebrouck\/vp-danses-semaine-bleue-2025-ehpad-beuvry-danse-sportive\/vp-danses-semaine-bleue-2025-ehpad-beuvry-danse-sportive_2748\/\" data-url=\"https:\/\/vpdanses.fr\/wp-content\/uploads\/2025\/10\/vp-danses-semaine-bleue-2025-ehpad-beuvry-danse-sportive_2748-1024x768.jpg\" data-width=\"1200\" src=\"https:\/\/i0.wp.com\/vpdanses.fr\/wp-content\/uploads\/2025\/10\/vp-danses-semaine-bleue-2025-ehpad-beuvry-danse-sportive_2748-1024x768.jpg?ssl=1\" data-amp-layout=\"responsive\" aria-label=\"Ouvrir l\u2019image 1 sur 5 en plein \u00e9cran\" data-src=\"https:\/\/i0.wp.com\/vpdanses.fr\/wp-content\/uploads\/2025\/10\/vp-danses-semaine-bleue-2025-ehpad-beuvry-danse-sportive_2748-1024x768.jpg?ssl=1\" data-srcset=\"https:\/\/i0.wp.com\/vpdanses.fr\/wp-content\/uploads\/2025\/10\/vp-danses-semaine-bleue-2025-ehpad-beuvry-danse-sportive_2748-1024x768.jpg?strip=info&#038;w=600&#038;ssl=1 600w,https:\/\/i0.wp.com\/vpdanses.fr\/wp-content\/uploads\/2025\/10\/vp-danses-semaine-bleue-2025-ehpad-beuvry-danse-sportive_2748-1024x768.jpg?strip=info&#038;w=900&#038;ssl=1 900w,https:\/\/i0.wp.com\/vpdanses.fr\/wp-content\/uploads\/2025\/10\/vp-danses-semaine-bleue-2025-ehpad-beuvry-danse-sportive_2748-1024x768.jpg?strip=info&#038;w=1200&#038;ssl=1 1200w\" data-sizes=\"auto\" loading=\"eager\" class=\"vp-lazyload\"><\/figure><\/div><div class=\"tiled-gallery__col\" style=\"flex-basis:33.16173%\"><figure class=\"tiled-gallery__item\"><noscript><img decoding=\"async\" srcset=\"https:\/\/i0.wp.com\/vpdanses.fr\/wp-content\/uploads\/2025\/10\/vp-danses-semaine-bleue-2025-ehpad-beuvry-danse-sportive_2750-1024x768.jpg?strip=info&#038;w=600&#038;ssl=1 600w,https:\/\/i0.wp.com\/vpdanses.fr\/wp-content\/uploads\/2025\/10\/vp-danses-semaine-bleue-2025-ehpad-beuvry-danse-sportive_2750-1024x768.jpg?strip=info&#038;w=900&#038;ssl=1 900w,https:\/\/i0.wp.com\/vpdanses.fr\/wp-content\/uploads\/2025\/10\/vp-danses-semaine-bleue-2025-ehpad-beuvry-danse-sportive_2750-1024x768.jpg?strip=info&#038;w=1200&#038;ssl=1 1200w\" alt=\"VP DANSES dispense une animation \u00e0 l'EHPAD 'R\u00e9sidence de France', \u00e0 Beuvry\" data-height=\"900\" data-id=\"14524\" data-link=\"https:\/\/vpdanses.fr\/home\/bienvenue-chez-vp-danses-hazebrouck\/vp-danses-semaine-bleue-2025-ehpad-beuvry-danse-sportive\/vp-danses-semaine-bleue-2025-ehpad-beuvry-danse-sportive_2750\/\" data-url=\"https:\/\/vpdanses.fr\/wp-content\/uploads\/2025\/10\/vp-danses-semaine-bleue-2025-ehpad-beuvry-danse-sportive_2750-1024x768.jpg\" data-width=\"1200\" data-skip-lazy src=\"https:\/\/i0.wp.com\/vpdanses.fr\/wp-content\/uploads\/2025\/10\/vp-danses-semaine-bleue-2025-ehpad-beuvry-danse-sportive_2750-1024x768.jpg?ssl=1\" data-amp-layout=\"responsive\" aria-label=\"Ouvrir l\u2019image 2 sur 5 en plein \u00e9cran\"\/><\/noscript><img decoding=\"async\" alt=\"VP DANSES dispense une animation \u00e0 l&#039;EHPAD &#039;R\u00e9sidence de France&#039;, \u00e0 Beuvry\" data-height=\"900\" data-id=\"14524\" data-link=\"https:\/\/vpdanses.fr\/home\/bienvenue-chez-vp-danses-hazebrouck\/vp-danses-semaine-bleue-2025-ehpad-beuvry-danse-sportive\/vp-danses-semaine-bleue-2025-ehpad-beuvry-danse-sportive_2750\/\" data-url=\"https:\/\/vpdanses.fr\/wp-content\/uploads\/2025\/10\/vp-danses-semaine-bleue-2025-ehpad-beuvry-danse-sportive_2750-1024x768.jpg\" data-width=\"1200\" src=\"https:\/\/i0.wp.com\/vpdanses.fr\/wp-content\/uploads\/2025\/10\/vp-danses-semaine-bleue-2025-ehpad-beuvry-danse-sportive_2750-1024x768.jpg?ssl=1\" data-amp-layout=\"responsive\" aria-label=\"Ouvrir l\u2019image 2 sur 5 en plein \u00e9cran\" data-src=\"https:\/\/i0.wp.com\/vpdanses.fr\/wp-content\/uploads\/2025\/10\/vp-danses-semaine-bleue-2025-ehpad-beuvry-danse-sportive_2750-1024x768.jpg?ssl=1\" data-srcset=\"https:\/\/i0.wp.com\/vpdanses.fr\/wp-content\/uploads\/2025\/10\/vp-danses-semaine-bleue-2025-ehpad-beuvry-danse-sportive_2750-1024x768.jpg?strip=info&#038;w=600&#038;ssl=1 600w,https:\/\/i0.wp.com\/vpdanses.fr\/wp-content\/uploads\/2025\/10\/vp-danses-semaine-bleue-2025-ehpad-beuvry-danse-sportive_2750-1024x768.jpg?strip=info&#038;w=900&#038;ssl=1 900w,https:\/\/i0.wp.com\/vpdanses.fr\/wp-content\/uploads\/2025\/10\/vp-danses-semaine-bleue-2025-ehpad-beuvry-danse-sportive_2750-1024x768.jpg?strip=info&#038;w=1200&#038;ssl=1 1200w\" data-sizes=\"auto\" loading=\"eager\" class=\"vp-lazyload\"><\/figure><figure class=\"tiled-gallery__item\"><noscript><img decoding=\"async\" srcset=\"https:\/\/i0.wp.com\/vpdanses.fr\/wp-content\/uploads\/2025\/10\/vp-danses-semaine-bleue-2025-ehpad-beuvry-danse-sportive_2752-1024x768.jpg?strip=info&#038;w=600&#038;ssl=1 600w,https:\/\/i0.wp.com\/vpdanses.fr\/wp-content\/uploads\/2025\/10\/vp-danses-semaine-bleue-2025-ehpad-beuvry-danse-sportive_2752-1024x768.jpg?strip=info&#038;w=900&#038;ssl=1 900w,https:\/\/i0.wp.com\/vpdanses.fr\/wp-content\/uploads\/2025\/10\/vp-danses-semaine-bleue-2025-ehpad-beuvry-danse-sportive_2752-1024x768.jpg?strip=info&#038;w=1200&#038;ssl=1 1200w\" alt=\"VP DANSES dispense une animation \u00e0 l'EHPAD 'R\u00e9sidence de France', \u00e0 Beuvry\" data-height=\"900\" data-id=\"14521\" data-link=\"https:\/\/vpdanses.fr\/home\/bienvenue-chez-vp-danses-hazebrouck\/vp-danses-semaine-bleue-2025-ehpad-beuvry-danse-sportive\/vp-danses-semaine-bleue-2025-ehpad-beuvry-danse-sportive_2752\/\" data-url=\"https:\/\/vpdanses.fr\/wp-content\/uploads\/2025\/10\/vp-danses-semaine-bleue-2025-ehpad-beuvry-danse-sportive_2752-1024x768.jpg\" data-width=\"1200\" data-skip-lazy src=\"https:\/\/i0.wp.com\/vpdanses.fr\/wp-content\/uploads\/2025\/10\/vp-danses-semaine-bleue-2025-ehpad-beuvry-danse-sportive_2752-1024x768.jpg?ssl=1\" data-amp-layout=\"responsive\" aria-label=\"Ouvrir l\u2019image 3 sur 5 en plein \u00e9cran\"\/><\/noscript><img decoding=\"async\" alt=\"VP DANSES dispense une animation \u00e0 l&#039;EHPAD &#039;R\u00e9sidence de France&#039;, \u00e0 Beuvry\" data-height=\"900\" data-id=\"14521\" data-link=\"https:\/\/vpdanses.fr\/home\/bienvenue-chez-vp-danses-hazebrouck\/vp-danses-semaine-bleue-2025-ehpad-beuvry-danse-sportive\/vp-danses-semaine-bleue-2025-ehpad-beuvry-danse-sportive_2752\/\" data-url=\"https:\/\/vpdanses.fr\/wp-content\/uploads\/2025\/10\/vp-danses-semaine-bleue-2025-ehpad-beuvry-danse-sportive_2752-1024x768.jpg\" data-width=\"1200\" src=\"https:\/\/i0.wp.com\/vpdanses.fr\/wp-content\/uploads\/2025\/10\/vp-danses-semaine-bleue-2025-ehpad-beuvry-danse-sportive_2752-1024x768.jpg?ssl=1\" data-amp-layout=\"responsive\" aria-label=\"Ouvrir l\u2019image 3 sur 5 en plein \u00e9cran\" data-src=\"https:\/\/i0.wp.com\/vpdanses.fr\/wp-content\/uploads\/2025\/10\/vp-danses-semaine-bleue-2025-ehpad-beuvry-danse-sportive_2752-1024x768.jpg?ssl=1\" data-srcset=\"https:\/\/i0.wp.com\/vpdanses.fr\/wp-content\/uploads\/2025\/10\/vp-danses-semaine-bleue-2025-ehpad-beuvry-danse-sportive_2752-1024x768.jpg?strip=info&#038;w=600&#038;ssl=1 600w,https:\/\/i0.wp.com\/vpdanses.fr\/wp-content\/uploads\/2025\/10\/vp-danses-semaine-bleue-2025-ehpad-beuvry-danse-sportive_2752-1024x768.jpg?strip=info&#038;w=900&#038;ssl=1 900w,https:\/\/i0.wp.com\/vpdanses.fr\/wp-content\/uploads\/2025\/10\/vp-danses-semaine-bleue-2025-ehpad-beuvry-danse-sportive_2752-1024x768.jpg?strip=info&#038;w=1200&#038;ssl=1 1200w\" data-sizes=\"auto\" loading=\"eager\" class=\"vp-lazyload\"><\/figure><\/div><\/div><div class=\"tiled-gallery__row\"><div class=\"tiled-gallery__col\" style=\"flex-basis:50.00000%\"><figure class=\"tiled-gallery__item\"><noscript><img decoding=\"async\" srcset=\"https:\/\/i0.wp.com\/vpdanses.fr\/wp-content\/uploads\/2025\/10\/vp-danses-semaine-bleue-2025-ehpad-beuvry-danse-sportive_2753-1024x768.jpg?strip=info&#038;w=600&#038;ssl=1 600w,https:\/\/i0.wp.com\/vpdanses.fr\/wp-content\/uploads\/2025\/10\/vp-danses-semaine-bleue-2025-ehpad-beuvry-danse-sportive_2753-1024x768.jpg?strip=info&#038;w=900&#038;ssl=1 900w,https:\/\/i0.wp.com\/vpdanses.fr\/wp-content\/uploads\/2025\/10\/vp-danses-semaine-bleue-2025-ehpad-beuvry-danse-sportive_2753-1024x768.jpg?strip=info&#038;w=1200&#038;ssl=1 1200w\" alt=\"VP DANSES dispense une animation \u00e0 l'EHPAD 'R\u00e9sidence de France', \u00e0 Beuvry\" data-height=\"900\" data-id=\"14522\" data-link=\"https:\/\/vpdanses.fr\/home\/bienvenue-chez-vp-danses-hazebrouck\/vp-danses-semaine-bleue-2025-ehpad-beuvry-danse-sportive\/vp-danses-semaine-bleue-2025-ehpad-beuvry-danse-sportive_2753\/\" data-url=\"https:\/\/vpdanses.fr\/wp-content\/uploads\/2025\/10\/vp-danses-semaine-bleue-2025-ehpad-beuvry-danse-sportive_2753-1024x768.jpg\" data-width=\"1200\" data-skip-lazy src=\"https:\/\/i0.wp.com\/vpdanses.fr\/wp-content\/uploads\/2025\/10\/vp-danses-semaine-bleue-2025-ehpad-beuvry-danse-sportive_2753-1024x768.jpg?ssl=1\" data-amp-layout=\"responsive\" aria-label=\"Ouvrir l\u2019image 4 sur 5 en plein \u00e9cran\"\/><\/noscript><img decoding=\"async\" alt=\"VP DANSES dispense une animation \u00e0 l&#039;EHPAD &#039;R\u00e9sidence de France&#039;, \u00e0 Beuvry\" data-height=\"900\" data-id=\"14522\" data-link=\"https:\/\/vpdanses.fr\/home\/bienvenue-chez-vp-danses-hazebrouck\/vp-danses-semaine-bleue-2025-ehpad-beuvry-danse-sportive\/vp-danses-semaine-bleue-2025-ehpad-beuvry-danse-sportive_2753\/\" data-url=\"https:\/\/vpdanses.fr\/wp-content\/uploads\/2025\/10\/vp-danses-semaine-bleue-2025-ehpad-beuvry-danse-sportive_2753-1024x768.jpg\" data-width=\"1200\" src=\"https:\/\/i0.wp.com\/vpdanses.fr\/wp-content\/uploads\/2025\/10\/vp-danses-semaine-bleue-2025-ehpad-beuvry-danse-sportive_2753-1024x768.jpg?ssl=1\" data-amp-layout=\"responsive\" aria-label=\"Ouvrir l\u2019image 4 sur 5 en plein \u00e9cran\" data-src=\"https:\/\/i0.wp.com\/vpdanses.fr\/wp-content\/uploads\/2025\/10\/vp-danses-semaine-bleue-2025-ehpad-beuvry-danse-sportive_2753-1024x768.jpg?ssl=1\" data-srcset=\"https:\/\/i0.wp.com\/vpdanses.fr\/wp-content\/uploads\/2025\/10\/vp-danses-semaine-bleue-2025-ehpad-beuvry-danse-sportive_2753-1024x768.jpg?strip=info&#038;w=600&#038;ssl=1 600w,https:\/\/i0.wp.com\/vpdanses.fr\/wp-content\/uploads\/2025\/10\/vp-danses-semaine-bleue-2025-ehpad-beuvry-danse-sportive_2753-1024x768.jpg?strip=info&#038;w=900&#038;ssl=1 900w,https:\/\/i0.wp.com\/vpdanses.fr\/wp-content\/uploads\/2025\/10\/vp-danses-semaine-bleue-2025-ehpad-beuvry-danse-sportive_2753-1024x768.jpg?strip=info&#038;w=1200&#038;ssl=1 1200w\" data-sizes=\"auto\" loading=\"eager\" class=\"vp-lazyload\"><\/figure><\/div><div class=\"tiled-gallery__col\" style=\"flex-basis:50.00000%\"><figure class=\"tiled-gallery__item\"><noscript><img decoding=\"async\" srcset=\"https:\/\/i0.wp.com\/vpdanses.fr\/wp-content\/uploads\/2025\/10\/vp-danses-semaine-bleue-2025-ehpad-beuvry-danse-sportive_2757-1-1024x768.jpg?strip=info&#038;w=600&#038;ssl=1 600w,https:\/\/i0.wp.com\/vpdanses.fr\/wp-content\/uploads\/2025\/10\/vp-danses-semaine-bleue-2025-ehpad-beuvry-danse-sportive_2757-1-1024x768.jpg?strip=info&#038;w=900&#038;ssl=1 900w,https:\/\/i0.wp.com\/vpdanses.fr\/wp-content\/uploads\/2025\/10\/vp-danses-semaine-bleue-2025-ehpad-beuvry-danse-sportive_2757-1-1024x768.jpg?strip=info&#038;w=1200&#038;ssl=1 1200w\" alt=\"VP DANSES dispense une animation \u00e0 l'EHPAD 'R\u00e9sidence de France', \u00e0 Beuvry\" data-height=\"900\" data-id=\"14523\" data-link=\"https:\/\/vpdanses.fr\/home\/bienvenue-chez-vp-danses-hazebrouck\/vp-danses-semaine-bleue-2025-ehpad-beuvry-danse-sportive\/vp-danses-semaine-bleue-2025-ehpad-beuvry-danse-sportive_2757-2\/\" data-url=\"https:\/\/vpdanses.fr\/wp-content\/uploads\/2025\/10\/vp-danses-semaine-bleue-2025-ehpad-beuvry-danse-sportive_2757-1-1024x768.jpg\" data-width=\"1200\" data-skip-lazy src=\"https:\/\/i0.wp.com\/vpdanses.fr\/wp-content\/uploads\/2025\/10\/vp-danses-semaine-bleue-2025-ehpad-beuvry-danse-sportive_2757-1-1024x768.jpg?ssl=1\" data-amp-layout=\"responsive\" aria-label=\"Ouvrir l\u2019image 5 sur 5 en plein \u00e9cran\"\/><\/noscript><img decoding=\"async\" alt=\"VP DANSES dispense une animation \u00e0 l&#039;EHPAD &#039;R\u00e9sidence de France&#039;, \u00e0 Beuvry\" data-height=\"900\" data-id=\"14523\" data-link=\"https:\/\/vpdanses.fr\/home\/bienvenue-chez-vp-danses-hazebrouck\/vp-danses-semaine-bleue-2025-ehpad-beuvry-danse-sportive\/vp-danses-semaine-bleue-2025-ehpad-beuvry-danse-sportive_2757-2\/\" data-url=\"https:\/\/vpdanses.fr\/wp-content\/uploads\/2025\/10\/vp-danses-semaine-bleue-2025-ehpad-beuvry-danse-sportive_2757-1-1024x768.jpg\" data-width=\"1200\" src=\"https:\/\/i0.wp.com\/vpdanses.fr\/wp-content\/uploads\/2025\/10\/vp-danses-semaine-bleue-2025-ehpad-beuvry-danse-sportive_2757-1-1024x768.jpg?ssl=1\" data-amp-layout=\"responsive\" aria-label=\"Ouvrir l\u2019image 5 sur 5 en plein \u00e9cran\" data-src=\"https:\/\/i0.wp.com\/vpdanses.fr\/wp-content\/uploads\/2025\/10\/vp-danses-semaine-bleue-2025-ehpad-beuvry-danse-sportive_2757-1-1024x768.jpg?ssl=1\" data-srcset=\"https:\/\/i0.wp.com\/vpdanses.fr\/wp-content\/uploads\/2025\/10\/vp-danses-semaine-bleue-2025-ehpad-beuvry-danse-sportive_2757-1-1024x768.jpg?strip=info&#038;w=600&#038;ssl=1 600w,https:\/\/i0.wp.com\/vpdanses.fr\/wp-content\/uploads\/2025\/10\/vp-danses-semaine-bleue-2025-ehpad-beuvry-danse-sportive_2757-1-1024x768.jpg?strip=info&#038;w=900&#038;ssl=1 900w,https:\/\/i0.wp.com\/vpdanses.fr\/wp-content\/uploads\/2025\/10\/vp-danses-semaine-bleue-2025-ehpad-beuvry-danse-sportive_2757-1-1024x768.jpg?strip=info&#038;w=1200&#038;ssl=1 1200w\" data-sizes=\"auto\" loading=\"eager\" class=\"vp-lazyload\"><\/figure><\/div><\/div><\/div><\/div><\/div>\n","protected":false},"excerpt":{"rendered":"<p>Ce lundi 6 octobre 2025, VP DANSES a particip\u00e9 \u00e0 la Semaine Bleue 2025 en r\u00e9alisant une d\u00e9monstration de Danses Sportives \u00e0 l&rsquo;EHPAD R\u00e9sidence de France de Beuvry dans le Nord-Pas-de-Calais. Cette animation interg\u00e9n\u00e9rationnelle a permis aux r\u00e9sidents de d\u00e9couvrir l&rsquo;univers de la Danse Sportive \u00e0 travers des d\u00e9monstrations de Valse Lente, Tango, Valse Viennoise, Cha-Cha et Rumba. Au-del\u00e0 des d\u00e9monstrations, ce moment de partage a \u00e9t\u00e9 l&rsquo;occasion de danser avec les r\u00e9sidents sur des airs de java, tango et valse, ainsi qu&rsquo;avec l&rsquo;\u00e9quipe encadrante sur des danses en ligne comme le Madison. Un grand merci \u00e0 Mathilde et toute l&rsquo;\u00e9quipe d&rsquo;animation pour leur confiance et l&rsquo;organisation de cet \u00e9v\u00e9nement marquant de la Semaine Bleue 2025.<\/p>\n","protected":false},"author":1,"featured_media":14500,"comment_status":"closed","ping_status":"closed","sticky":false,"template":"","format":"standard","meta":{"_uag_custom_page_level_css":"","_price":"","_stock":"","_tribe_ticket_header":"","_tribe_default_ticket_provider":"","_tribe_ticket_capacity":"0","_ticket_start_date":"","_ticket_end_date":"","_tribe_ticket_show_description":"","_tribe_ticket_show_not_going":false,"_tribe_ticket_use_global_stock":"","_tribe_ticket_global_stock_level":"","_global_stock_mode":"","_global_stock_cap":"","_tribe_rsvp_for_event":"","_tribe_ticket_going_count":"","_tribe_ticket_not_going_count":"","_tribe_tickets_list":"[]","_tribe_ticket_has_attendee_info_fields":false,"_EventAllDay":false,"_EventTimezone":"","_EventStartDate":"","_EventEndDate":"","_EventStartDateUTC":"","_EventEndDateUTC":"","_EventShowMap":false,"_EventShowMapLink":false,"_EventURL":"","_EventCost":"","_EventCostDescription":"","_EventCurrencySymbol":"","_EventCurrencyCode":"","_EventCurrencyPosition":"","_EventDateTimeSeparator":"","_EventTimeRangeSeparator":"","_EventOrganizerID":[],"_EventVenueID":[],"_OrganizerEmail":"","_OrganizerPhone":"","_OrganizerWebsite":"","_VenueAddress":"","_VenueCity":"","_VenueCountry":"","_VenueProvince":"","_VenueState":"","_VenueZip":"","_VenuePhone":"","_VenueURL":"","_VenueStateProvince":"","_VenueLat":"","_VenueLng":"","_VenueShowMap":false,"_VenueShowMapLink":false,"_vp_format_video_url":"","_vp_image_focal_point":[],"_jetpack_memberships_contains_paid_content":false,"footnotes":""},"categories":[86],"tags":[],"class_list":["post-14498","post","type-post","status-publish","format-standard","has-post-thumbnail","hentry","category-autour-dhazebrouck"],"yoast_head":"<!-- This site is optimized with the Yoast SEO Premium plugin v25.6 (Yoast SEO v25.6) - https:\/\/yoast.com\/wordpress\/plugins\/seo\/ -->\n<title>VP DANSES \u00e0 la Semaine Bleue 2025 : Animation et d\u00e9monstration de Danses Sportives \u00e0 l&#039;EHPAD &#039;R\u00e9sidence de France&#039; de Beuvry (62) - VP DANSES, cours de Danse Sportive \u00e0 Aire-sur-la-Lys et \u00e0 Saint-Jans-Cappel (Hauts-de-France)<\/title>\n<meta name=\"description\" content=\"VP DANSES a anim\u00e9 la Semaine Bleue 2025 \u00e0 l&#039;EHPAD R\u00e9sidence de France de Beuvry avec des d\u00e9monstrations de Danse Sportive Standards et Latines.\" \/>\n<meta name=\"robots\" content=\"index, follow, max-snippet:-1, max-image-preview:large, max-video-preview:-1\" \/>\n<link rel=\"canonical\" href=\"https:\/\/vpdanses.fr\/home\/bienvenue-chez-vp-danses-hazebrouck\/vp-danses-semaine-bleue-2025-ehpad-beuvry-danse-sportive\/\" \/>\n<meta property=\"og:locale\" content=\"fr_FR\" \/>\n<meta property=\"og:type\" content=\"article\" \/>\n<meta property=\"og:title\" content=\"VP DANSES illumine la Semaine Bleue 2025 \u00e0 Beuvry avec la Danse Sportive\" \/>\n<meta property=\"og:description\" content=\"D\u00e9couvrez comment VP DANSES a apport\u00e9 joie et \u00e9motions aux r\u00e9sidents de l&#039;EHPAD R\u00e9sidence de France lors de la Semaine Bleue 2025 \u00e0 Beuvry. D\u00e9monstrations de danses Standards et Latines, moments de partage interg\u00e9n\u00e9rationnels inoubliables.\" \/>\n<meta property=\"og:url\" content=\"https:\/\/vpdanses.fr\/home\/bienvenue-chez-vp-danses-hazebrouck\/vp-danses-semaine-bleue-2025-ehpad-beuvry-danse-sportive\/\" \/>\n<meta property=\"og:site_name\" content=\"VP DANSES, cours de Danse Sportive \u00e0 Aire-sur-la-Lys et \u00e0 Saint-Jans-Cappel (Hauts-de-France)\" \/>\n<meta property=\"article:published_time\" content=\"2025-10-07T04:51:18+00:00\" \/>\n<meta property=\"article:modified_time\" content=\"2025-10-09T04:57:52+00:00\" \/>\n<meta property=\"og:image\" content=\"https:\/\/vpdanses.fr\/wp-content\/uploads\/2025\/10\/vp-danses-semaine-bleue-2025-ehpad-beuvry-danse-sportive_2757.jpg\" \/>\n\t<meta property=\"og:image:width\" content=\"1200\" \/>\n\t<meta property=\"og:image:height\" content=\"900\" \/>\n\t<meta property=\"og:image:type\" content=\"image\/jpeg\" \/>\n<meta name=\"author\" content=\"VP DANSES\" \/>\n<meta name=\"twitter:card\" content=\"summary_large_image\" \/>\n<meta name=\"twitter:title\" content=\"VP DANSES \u00e0 la Semaine Bleue 2025 : Animation et d\u00e9monstration de Danses Sportives \u00e0 l&#039;EHPAD &#039;R\u00e9sidence de France&#039; de Beuvry (62)\" \/>\n<meta name=\"twitter:label1\" content=\"\u00c9crit par\" \/>\n\t<meta name=\"twitter:data1\" content=\"VP DANSES\" \/>\n\t<meta name=\"twitter:label2\" content=\"Dur\u00e9e de lecture estim\u00e9e\" \/>\n\t<meta name=\"twitter:data2\" content=\"7 minutes\" \/>\n<script type=\"application\/ld+json\" class=\"yoast-schema-graph\">{\"@context\":\"https:\/\/schema.org\",\"@graph\":[{\"@type\":\"Article\",\"@id\":\"https:\/\/vpdanses.fr\/home\/bienvenue-chez-vp-danses-hazebrouck\/vp-danses-semaine-bleue-2025-ehpad-beuvry-danse-sportive\/#article\",\"isPartOf\":{\"@id\":\"https:\/\/vpdanses.fr\/home\/bienvenue-chez-vp-danses-hazebrouck\/vp-danses-semaine-bleue-2025-ehpad-beuvry-danse-sportive\/\"},\"author\":{\"name\":\"VP DANSES\",\"@id\":\"https:\/\/vpdanses.fr\/home\/bienvenue-chez-vp-danses-hazebrouck\/#\/schema\/person\/bf87806369778f949b83c9cd885519e5\"},\"headline\":\"VP DANSES \u00e0 la Semaine Bleue 2025 : Animation et d\u00e9monstration de Danses Sportives \u00e0 l&rsquo;EHPAD &lsquo;R\u00e9sidence de France&rsquo; de Beuvry (62)\",\"datePublished\":\"2025-10-07T04:51:18+00:00\",\"dateModified\":\"2025-10-09T04:57:52+00:00\",\"mainEntityOfPage\":{\"@id\":\"https:\/\/vpdanses.fr\/home\/bienvenue-chez-vp-danses-hazebrouck\/vp-danses-semaine-bleue-2025-ehpad-beuvry-danse-sportive\/\"},\"wordCount\":1127,\"publisher\":{\"@id\":\"https:\/\/vpdanses.fr\/home\/bienvenue-chez-vp-danses-hazebrouck\/#organization\"},\"image\":{\"@id\":\"https:\/\/vpdanses.fr\/home\/bienvenue-chez-vp-danses-hazebrouck\/vp-danses-semaine-bleue-2025-ehpad-beuvry-danse-sportive\/#primaryimage\"},\"thumbnailUrl\":\"https:\/\/vpdanses.fr\/wp-content\/uploads\/2025\/10\/vp-danses-semaine-bleue-2025-ehpad-beuvry-danse-sportive_2757.jpg\",\"articleSection\":[\"Autour d'Hazebrouck\"],\"inLanguage\":\"fr-FR\"},{\"@type\":\"WebPage\",\"@id\":\"https:\/\/vpdanses.fr\/home\/bienvenue-chez-vp-danses-hazebrouck\/vp-danses-semaine-bleue-2025-ehpad-beuvry-danse-sportive\/\",\"url\":\"https:\/\/vpdanses.fr\/home\/bienvenue-chez-vp-danses-hazebrouck\/vp-danses-semaine-bleue-2025-ehpad-beuvry-danse-sportive\/\",\"name\":\"VP DANSES \u00e0 la Semaine Bleue 2025 : Animation et d\u00e9monstration de Danses Sportives \u00e0 l'EHPAD 'R\u00e9sidence de France' de Beuvry (62) - VP DANSES, cours de Danse Sportive \u00e0 Aire-sur-la-Lys et \u00e0 Saint-Jans-Cappel (Hauts-de-France)\",\"isPartOf\":{\"@id\":\"https:\/\/vpdanses.fr\/home\/bienvenue-chez-vp-danses-hazebrouck\/#website\"},\"primaryImageOfPage\":{\"@id\":\"https:\/\/vpdanses.fr\/home\/bienvenue-chez-vp-danses-hazebrouck\/vp-danses-semaine-bleue-2025-ehpad-beuvry-danse-sportive\/#primaryimage\"},\"image\":{\"@id\":\"https:\/\/vpdanses.fr\/home\/bienvenue-chez-vp-danses-hazebrouck\/vp-danses-semaine-bleue-2025-ehpad-beuvry-danse-sportive\/#primaryimage\"},\"thumbnailUrl\":\"https:\/\/vpdanses.fr\/wp-content\/uploads\/2025\/10\/vp-danses-semaine-bleue-2025-ehpad-beuvry-danse-sportive_2757.jpg\",\"datePublished\":\"2025-10-07T04:51:18+00:00\",\"dateModified\":\"2025-10-09T04:57:52+00:00\",\"description\":\"VP DANSES a anim\u00e9 la Semaine Bleue 2025 \u00e0 l'EHPAD R\u00e9sidence de France de Beuvry avec des d\u00e9monstrations de Danse Sportive Standards et Latines.\",\"breadcrumb\":{\"@id\":\"https:\/\/vpdanses.fr\/home\/bienvenue-chez-vp-danses-hazebrouck\/vp-danses-semaine-bleue-2025-ehpad-beuvry-danse-sportive\/#breadcrumb\"},\"inLanguage\":\"fr-FR\",\"potentialAction\":[{\"@type\":\"ReadAction\",\"target\":[\"https:\/\/vpdanses.fr\/home\/bienvenue-chez-vp-danses-hazebrouck\/vp-danses-semaine-bleue-2025-ehpad-beuvry-danse-sportive\/\"]}]},{\"@type\":\"ImageObject\",\"inLanguage\":\"fr-FR\",\"@id\":\"https:\/\/vpdanses.fr\/home\/bienvenue-chez-vp-danses-hazebrouck\/vp-danses-semaine-bleue-2025-ehpad-beuvry-danse-sportive\/#primaryimage\",\"url\":\"https:\/\/vpdanses.fr\/wp-content\/uploads\/2025\/10\/vp-danses-semaine-bleue-2025-ehpad-beuvry-danse-sportive_2757.jpg\",\"contentUrl\":\"https:\/\/vpdanses.fr\/wp-content\/uploads\/2025\/10\/vp-danses-semaine-bleue-2025-ehpad-beuvry-danse-sportive_2757.jpg\",\"width\":1200,\"height\":900,\"caption\":\"Animation et d\u00e9monstration de Danse Sportive devant les r\u00e9sidents enchant\u00e9s\"},{\"@type\":\"BreadcrumbList\",\"@id\":\"https:\/\/vpdanses.fr\/home\/bienvenue-chez-vp-danses-hazebrouck\/vp-danses-semaine-bleue-2025-ehpad-beuvry-danse-sportive\/#breadcrumb\",\"itemListElement\":[{\"@type\":\"ListItem\",\"position\":1,\"name\":\"Accueil\",\"item\":\"https:\/\/vpdanses.fr\/home\/bienvenue-chez-vp-danses-hazebrouck\/\"},{\"@type\":\"ListItem\",\"position\":2,\"name\":\"VP DANSES \u00e0 la Semaine Bleue 2025 : Animation et d\u00e9monstration de Danses Sportives \u00e0 l&rsquo;EHPAD &lsquo;R\u00e9sidence de France&rsquo; de Beuvry (62)\"}]},{\"@type\":\"WebSite\",\"@id\":\"https:\/\/vpdanses.fr\/home\/bienvenue-chez-vp-danses-hazebrouck\/#website\",\"url\":\"https:\/\/vpdanses.fr\/home\/bienvenue-chez-vp-danses-hazebrouck\/\",\"name\":\"VP DANSES, cours de Danse Sportive \u00e0 Aire-sur-la-Lys et \u00e0 Saint-Jans-Cappel (Hauts-de-France)\",\"description\":\"Cours de Danse Sportive STANDARD (valse anglaise, tango, valse viennoise, slowfox, quickstep), danses sportives LATINES (samba, chacha, rumba, paso doble, jive), danses de bal, danses de salons, danses de loisirs, salsa, rock 4 temps, rock 6 temps, danses en ligne, disco, \u2026 Lieu : Hazebrouck, Aire-sur-la-Lys, Saint-Jans-Cappel et Isbergues (Hauts-de-France) - Cours Particuliers dans les Hauts-de-France - Ouverture de bal de Mariage\",\"publisher\":{\"@id\":\"https:\/\/vpdanses.fr\/home\/bienvenue-chez-vp-danses-hazebrouck\/#organization\"},\"potentialAction\":[{\"@type\":\"SearchAction\",\"target\":{\"@type\":\"EntryPoint\",\"urlTemplate\":\"https:\/\/vpdanses.fr\/home\/bienvenue-chez-vp-danses-hazebrouck\/?s={search_term_string}\"},\"query-input\":{\"@type\":\"PropertyValueSpecification\",\"valueRequired\":true,\"valueName\":\"search_term_string\"}}],\"inLanguage\":\"fr-FR\"},{\"@type\":\"Organization\",\"@id\":\"https:\/\/vpdanses.fr\/home\/bienvenue-chez-vp-danses-hazebrouck\/#organization\",\"name\":\"VP DANSES, cours de Danse Sportive \u00e0 Aire-sur-la-Lys et \u00e0 Saint-Jans-Cappel (Hauts-de-France)\",\"url\":\"https:\/\/vpdanses.fr\/home\/bienvenue-chez-vp-danses-hazebrouck\/\",\"logo\":{\"@type\":\"ImageObject\",\"inLanguage\":\"fr-FR\",\"@id\":\"https:\/\/vpdanses.fr\/home\/bienvenue-chez-vp-danses-hazebrouck\/#\/schema\/logo\/image\/\",\"url\":\"https:\/\/vpdanses.fr\/wp-content\/uploads\/2024\/10\/logo_cadanse_asaintjans.jpeg\",\"contentUrl\":\"https:\/\/vpdanses.fr\/wp-content\/uploads\/2024\/10\/logo_cadanse_asaintjans.jpeg\",\"width\":225,\"height\":225,\"caption\":\"VP DANSES, cours de Danse Sportive \u00e0 Aire-sur-la-Lys et \u00e0 Saint-Jans-Cappel (Hauts-de-France)\"},\"image\":{\"@id\":\"https:\/\/vpdanses.fr\/home\/bienvenue-chez-vp-danses-hazebrouck\/#\/schema\/logo\/image\/\"}},{\"@type\":\"Person\",\"@id\":\"https:\/\/vpdanses.fr\/home\/bienvenue-chez-vp-danses-hazebrouck\/#\/schema\/person\/bf87806369778f949b83c9cd885519e5\",\"name\":\"VP DANSES\",\"description\":\"\\\"VP danses\\\" est une association qui donne des cours de DANSES SPORTIVES STANDARDS (valse anglaise, tango, valse viennoise, slowfox, quickstep), de DANSES SPORTIVES LATINES (samba, chacha, rumba, paso doble, jive), de DANSES DE BAL, de DANSES DE SALONS, de DANSES DE LOISIRS, de SALSA, de ROCK 4 TEMPS, de ROCK 6 TEMPS, de DANSES EN LIGNE, de DISCO, \u2026\",\"sameAs\":[\"https:\/\/vpdanses.fr\"],\"url\":\"https:\/\/vpdanses.fr\/home\/bienvenue-chez-vp-danses-hazebrouck\/author\/adminvp20241018\/\"}]}<\/script>\n<!-- \/ Yoast SEO Premium plugin. -->","yoast_head_json":{"title":"VP DANSES \u00e0 la Semaine Bleue 2025 : Animation et d\u00e9monstration de Danses Sportives \u00e0 l'EHPAD 'R\u00e9sidence de France' de Beuvry (62) - VP DANSES, cours de Danse Sportive \u00e0 Aire-sur-la-Lys et \u00e0 Saint-Jans-Cappel (Hauts-de-France)","description":"VP DANSES a anim\u00e9 la Semaine Bleue 2025 \u00e0 l'EHPAD R\u00e9sidence de France de Beuvry avec des d\u00e9monstrations de Danse Sportive Standards et Latines.","robots":{"index":"index","follow":"follow","max-snippet":"max-snippet:-1","max-image-preview":"max-image-preview:large","max-video-preview":"max-video-preview:-1"},"canonical":"https:\/\/vpdanses.fr\/home\/bienvenue-chez-vp-danses-hazebrouck\/vp-danses-semaine-bleue-2025-ehpad-beuvry-danse-sportive\/","og_locale":"fr_FR","og_type":"article","og_title":"VP DANSES illumine la Semaine Bleue 2025 \u00e0 Beuvry avec la Danse Sportive","og_description":"D\u00e9couvrez comment VP DANSES a apport\u00e9 joie et \u00e9motions aux r\u00e9sidents de l'EHPAD R\u00e9sidence de France lors de la Semaine Bleue 2025 \u00e0 Beuvry. D\u00e9monstrations de danses Standards et Latines, moments de partage interg\u00e9n\u00e9rationnels inoubliables.","og_url":"https:\/\/vpdanses.fr\/home\/bienvenue-chez-vp-danses-hazebrouck\/vp-danses-semaine-bleue-2025-ehpad-beuvry-danse-sportive\/","og_site_name":"VP DANSES, cours de Danse Sportive \u00e0 Aire-sur-la-Lys et \u00e0 Saint-Jans-Cappel (Hauts-de-France)","article_published_time":"2025-10-07T04:51:18+00:00","article_modified_time":"2025-10-09T04:57:52+00:00","og_image":[{"width":1200,"height":900,"url":"https:\/\/vpdanses.fr\/wp-content\/uploads\/2025\/10\/vp-danses-semaine-bleue-2025-ehpad-beuvry-danse-sportive_2757.jpg","type":"image\/jpeg"}],"author":"VP DANSES","twitter_card":"summary_large_image","twitter_title":"VP DANSES \u00e0 la Semaine Bleue 2025 : Animation et d\u00e9monstration de Danses Sportives \u00e0 l'EHPAD 'R\u00e9sidence de France' de Beuvry (62)","twitter_misc":{"\u00c9crit par":"VP DANSES","Dur\u00e9e de lecture estim\u00e9e":"7 minutes"},"schema":{"@context":"https:\/\/schema.org","@graph":[{"@type":"Article","@id":"https:\/\/vpdanses.fr\/home\/bienvenue-chez-vp-danses-hazebrouck\/vp-danses-semaine-bleue-2025-ehpad-beuvry-danse-sportive\/#article","isPartOf":{"@id":"https:\/\/vpdanses.fr\/home\/bienvenue-chez-vp-danses-hazebrouck\/vp-danses-semaine-bleue-2025-ehpad-beuvry-danse-sportive\/"},"author":{"name":"VP DANSES","@id":"https:\/\/vpdanses.fr\/home\/bienvenue-chez-vp-danses-hazebrouck\/#\/schema\/person\/bf87806369778f949b83c9cd885519e5"},"headline":"VP DANSES \u00e0 la Semaine Bleue 2025 : Animation et d\u00e9monstration de Danses Sportives \u00e0 l&rsquo;EHPAD &lsquo;R\u00e9sidence de France&rsquo; de Beuvry (62)","datePublished":"2025-10-07T04:51:18+00:00","dateModified":"2025-10-09T04:57:52+00:00","mainEntityOfPage":{"@id":"https:\/\/vpdanses.fr\/home\/bienvenue-chez-vp-danses-hazebrouck\/vp-danses-semaine-bleue-2025-ehpad-beuvry-danse-sportive\/"},"wordCount":1127,"publisher":{"@id":"https:\/\/vpdanses.fr\/home\/bienvenue-chez-vp-danses-hazebrouck\/#organization"},"image":{"@id":"https:\/\/vpdanses.fr\/home\/bienvenue-chez-vp-danses-hazebrouck\/vp-danses-semaine-bleue-2025-ehpad-beuvry-danse-sportive\/#primaryimage"},"thumbnailUrl":"https:\/\/vpdanses.fr\/wp-content\/uploads\/2025\/10\/vp-danses-semaine-bleue-2025-ehpad-beuvry-danse-sportive_2757.jpg","articleSection":["Autour d'Hazebrouck"],"inLanguage":"fr-FR"},{"@type":"WebPage","@id":"https:\/\/vpdanses.fr\/home\/bienvenue-chez-vp-danses-hazebrouck\/vp-danses-semaine-bleue-2025-ehpad-beuvry-danse-sportive\/","url":"https:\/\/vpdanses.fr\/home\/bienvenue-chez-vp-danses-hazebrouck\/vp-danses-semaine-bleue-2025-ehpad-beuvry-danse-sportive\/","name":"VP DANSES \u00e0 la Semaine Bleue 2025 : Animation et d\u00e9monstration de Danses Sportives \u00e0 l'EHPAD 'R\u00e9sidence de France' de Beuvry (62) - VP DANSES, cours de Danse Sportive \u00e0 Aire-sur-la-Lys et \u00e0 Saint-Jans-Cappel (Hauts-de-France)","isPartOf":{"@id":"https:\/\/vpdanses.fr\/home\/bienvenue-chez-vp-danses-hazebrouck\/#website"},"primaryImageOfPage":{"@id":"https:\/\/vpdanses.fr\/home\/bienvenue-chez-vp-danses-hazebrouck\/vp-danses-semaine-bleue-2025-ehpad-beuvry-danse-sportive\/#primaryimage"},"image":{"@id":"https:\/\/vpdanses.fr\/home\/bienvenue-chez-vp-danses-hazebrouck\/vp-danses-semaine-bleue-2025-ehpad-beuvry-danse-sportive\/#primaryimage"},"thumbnailUrl":"https:\/\/vpdanses.fr\/wp-content\/uploads\/2025\/10\/vp-danses-semaine-bleue-2025-ehpad-beuvry-danse-sportive_2757.jpg","datePublished":"2025-10-07T04:51:18+00:00","dateModified":"2025-10-09T04:57:52+00:00","description":"VP DANSES a anim\u00e9 la Semaine Bleue 2025 \u00e0 l'EHPAD R\u00e9sidence de France de Beuvry avec des d\u00e9monstrations de Danse Sportive Standards et Latines.","breadcrumb":{"@id":"https:\/\/vpdanses.fr\/home\/bienvenue-chez-vp-danses-hazebrouck\/vp-danses-semaine-bleue-2025-ehpad-beuvry-danse-sportive\/#breadcrumb"},"inLanguage":"fr-FR","potentialAction":[{"@type":"ReadAction","target":["https:\/\/vpdanses.fr\/home\/bienvenue-chez-vp-danses-hazebrouck\/vp-danses-semaine-bleue-2025-ehpad-beuvry-danse-sportive\/"]}]},{"@type":"ImageObject","inLanguage":"fr-FR","@id":"https:\/\/vpdanses.fr\/home\/bienvenue-chez-vp-danses-hazebrouck\/vp-danses-semaine-bleue-2025-ehpad-beuvry-danse-sportive\/#primaryimage","url":"https:\/\/vpdanses.fr\/wp-content\/uploads\/2025\/10\/vp-danses-semaine-bleue-2025-ehpad-beuvry-danse-sportive_2757.jpg","contentUrl":"https:\/\/vpdanses.fr\/wp-content\/uploads\/2025\/10\/vp-danses-semaine-bleue-2025-ehpad-beuvry-danse-sportive_2757.jpg","width":1200,"height":900,"caption":"Animation et d\u00e9monstration de Danse Sportive devant les r\u00e9sidents enchant\u00e9s"},{"@type":"BreadcrumbList","@id":"https:\/\/vpdanses.fr\/home\/bienvenue-chez-vp-danses-hazebrouck\/vp-danses-semaine-bleue-2025-ehpad-beuvry-danse-sportive\/#breadcrumb","itemListElement":[{"@type":"ListItem","position":1,"name":"Accueil","item":"https:\/\/vpdanses.fr\/home\/bienvenue-chez-vp-danses-hazebrouck\/"},{"@type":"ListItem","position":2,"name":"VP DANSES \u00e0 la Semaine Bleue 2025 : Animation et d\u00e9monstration de Danses Sportives \u00e0 l&rsquo;EHPAD &lsquo;R\u00e9sidence de France&rsquo; de Beuvry (62)"}]},{"@type":"WebSite","@id":"https:\/\/vpdanses.fr\/home\/bienvenue-chez-vp-danses-hazebrouck\/#website","url":"https:\/\/vpdanses.fr\/home\/bienvenue-chez-vp-danses-hazebrouck\/","name":"VP DANSES, cours de Danse Sportive \u00e0 Aire-sur-la-Lys et \u00e0 Saint-Jans-Cappel (Hauts-de-France)","description":"Cours de Danse Sportive STANDARD (valse anglaise, tango, valse viennoise, slowfox, quickstep), danses sportives LATINES (samba, chacha, rumba, paso doble, jive), danses de bal, danses de salons, danses de loisirs, salsa, rock 4 temps, rock 6 temps, danses en ligne, disco, \u2026 Lieu : Hazebrouck, Aire-sur-la-Lys, Saint-Jans-Cappel et Isbergues (Hauts-de-France) - Cours Particuliers dans les Hauts-de-France - Ouverture de bal de Mariage","publisher":{"@id":"https:\/\/vpdanses.fr\/home\/bienvenue-chez-vp-danses-hazebrouck\/#organization"},"potentialAction":[{"@type":"SearchAction","target":{"@type":"EntryPoint","urlTemplate":"https:\/\/vpdanses.fr\/home\/bienvenue-chez-vp-danses-hazebrouck\/?s={search_term_string}"},"query-input":{"@type":"PropertyValueSpecification","valueRequired":true,"valueName":"search_term_string"}}],"inLanguage":"fr-FR"},{"@type":"Organization","@id":"https:\/\/vpdanses.fr\/home\/bienvenue-chez-vp-danses-hazebrouck\/#organization","name":"VP DANSES, cours de Danse Sportive \u00e0 Aire-sur-la-Lys et \u00e0 Saint-Jans-Cappel (Hauts-de-France)","url":"https:\/\/vpdanses.fr\/home\/bienvenue-chez-vp-danses-hazebrouck\/","logo":{"@type":"ImageObject","inLanguage":"fr-FR","@id":"https:\/\/vpdanses.fr\/home\/bienvenue-chez-vp-danses-hazebrouck\/#\/schema\/logo\/image\/","url":"https:\/\/vpdanses.fr\/wp-content\/uploads\/2024\/10\/logo_cadanse_asaintjans.jpeg","contentUrl":"https:\/\/vpdanses.fr\/wp-content\/uploads\/2024\/10\/logo_cadanse_asaintjans.jpeg","width":225,"height":225,"caption":"VP DANSES, cours de Danse Sportive \u00e0 Aire-sur-la-Lys et \u00e0 Saint-Jans-Cappel (Hauts-de-France)"},"image":{"@id":"https:\/\/vpdanses.fr\/home\/bienvenue-chez-vp-danses-hazebrouck\/#\/schema\/logo\/image\/"}},{"@type":"Person","@id":"https:\/\/vpdanses.fr\/home\/bienvenue-chez-vp-danses-hazebrouck\/#\/schema\/person\/bf87806369778f949b83c9cd885519e5","name":"VP DANSES","description":"\"VP danses\" est une association qui donne des cours de DANSES SPORTIVES STANDARDS (valse anglaise, tango, valse viennoise, slowfox, quickstep), de DANSES SPORTIVES LATINES (samba, chacha, rumba, paso doble, jive), de DANSES DE BAL, de DANSES DE SALONS, de DANSES DE LOISIRS, de SALSA, de ROCK 4 TEMPS, de ROCK 6 TEMPS, de DANSES EN LIGNE, de DISCO, \u2026","sameAs":["https:\/\/vpdanses.fr"],"url":"https:\/\/vpdanses.fr\/home\/bienvenue-chez-vp-danses-hazebrouck\/author\/adminvp20241018\/"}]}},"jetpack_featured_media_url":"https:\/\/vpdanses.fr\/wp-content\/uploads\/2025\/10\/vp-danses-semaine-bleue-2025-ehpad-beuvry-danse-sportive_2757.jpg","uagb_featured_image_src":{"full":["https:\/\/vpdanses.fr\/wp-content\/uploads\/2025\/10\/vp-danses-semaine-bleue-2025-ehpad-beuvry-danse-sportive_2757.jpg",1200,900,false],"thumbnail":["https:\/\/vpdanses.fr\/wp-content\/uploads\/2025\/10\/vp-danses-semaine-bleue-2025-ehpad-beuvry-danse-sportive_2757-150x150.jpg",150,150,true],"medium":["https:\/\/vpdanses.fr\/wp-content\/uploads\/2025\/10\/vp-danses-semaine-bleue-2025-ehpad-beuvry-danse-sportive_2757-300x225.jpg",300,225,true],"medium_large":["https:\/\/vpdanses.fr\/wp-content\/uploads\/2025\/10\/vp-danses-semaine-bleue-2025-ehpad-beuvry-danse-sportive_2757-768x576.jpg",768,576,true],"large":["https:\/\/vpdanses.fr\/wp-content\/uploads\/2025\/10\/vp-danses-semaine-bleue-2025-ehpad-beuvry-danse-sportive_2757-1024x768.jpg",1024,768,true],"1536x1536":["https:\/\/vpdanses.fr\/wp-content\/uploads\/2025\/10\/vp-danses-semaine-bleue-2025-ehpad-beuvry-danse-sportive_2757.jpg",1200,900,false],"2048x2048":["https:\/\/vpdanses.fr\/wp-content\/uploads\/2025\/10\/vp-danses-semaine-bleue-2025-ehpad-beuvry-danse-sportive_2757.jpg",1200,900,false],"vp_sm":["https:\/\/vpdanses.fr\/wp-content\/uploads\/2025\/10\/vp-danses-semaine-bleue-2025-ehpad-beuvry-danse-sportive_2757-500x375.jpg",500,375,true],"vp_md":["https:\/\/vpdanses.fr\/wp-content\/uploads\/2025\/10\/vp-danses-semaine-bleue-2025-ehpad-beuvry-danse-sportive_2757-800x600.jpg",800,600,true],"vp_lg":["https:\/\/vpdanses.fr\/wp-content\/uploads\/2025\/10\/vp-danses-semaine-bleue-2025-ehpad-beuvry-danse-sportive_2757.jpg",1200,900,false],"vp_xl":["https:\/\/vpdanses.fr\/wp-content\/uploads\/2025\/10\/vp-danses-semaine-bleue-2025-ehpad-beuvry-danse-sportive_2757.jpg",1200,900,false],"vp_sm_popup":["https:\/\/vpdanses.fr\/wp-content\/uploads\/2025\/10\/vp-danses-semaine-bleue-2025-ehpad-beuvry-danse-sportive_2757-500x375.jpg",500,375,true],"vp_md_popup":["https:\/\/vpdanses.fr\/wp-content\/uploads\/2025\/10\/vp-danses-semaine-bleue-2025-ehpad-beuvry-danse-sportive_2757-800x600.jpg",800,600,true],"vp_xl_popup":["https:\/\/vpdanses.fr\/wp-content\/uploads\/2025\/10\/vp-danses-semaine-bleue-2025-ehpad-beuvry-danse-sportive_2757.jpg",1200,900,false],"dance-blog-thumb":["https:\/\/vpdanses.fr\/wp-content\/uploads\/2025\/10\/vp-danses-semaine-bleue-2025-ehpad-beuvry-danse-sportive_2757-150x120.jpg",150,120,true],"dance-event-list":["https:\/\/vpdanses.fr\/wp-content\/uploads\/2025\/10\/vp-danses-semaine-bleue-2025-ehpad-beuvry-danse-sportive_2757-420x336.jpg",420,336,true],"dance-event-single-type1":["https:\/\/vpdanses.fr\/wp-content\/uploads\/2025\/10\/vp-danses-semaine-bleue-2025-ehpad-beuvry-danse-sportive_2757-773x520.jpg",773,520,true],"dance-event-single-type4":["https:\/\/vpdanses.fr\/wp-content\/uploads\/2025\/10\/vp-danses-semaine-bleue-2025-ehpad-beuvry-danse-sportive_2757-570x460.jpg",570,460,true],"dance-event-single-type5":["https:\/\/vpdanses.fr\/wp-content\/uploads\/2025\/10\/vp-danses-semaine-bleue-2025-ehpad-beuvry-danse-sportive_2757-746x770.jpg",746,770,true],"dance-event-list2":["https:\/\/vpdanses.fr\/wp-content\/uploads\/2025\/10\/vp-danses-semaine-bleue-2025-ehpad-beuvry-danse-sportive_2757-420x275.jpg",420,275,true]},"uagb_author_info":{"display_name":"VP DANSES","author_link":"https:\/\/vpdanses.fr\/home\/bienvenue-chez-vp-danses-hazebrouck\/author\/adminvp20241018\/"},"uagb_comment_info":0,"uagb_excerpt":"Ce lundi 6 octobre 2025, VP DANSES a particip\u00e9 \u00e0 la Semaine Bleue 2025 en r\u00e9alisant une d\u00e9monstration de Danses Sportives \u00e0 l'EHPAD R\u00e9sidence de France de Beuvry dans le Nord-Pas-de-Calais. Cette animation interg\u00e9n\u00e9rationnelle a permis aux r\u00e9sidents de d\u00e9couvrir l'univers de la Danse Sportive \u00e0 travers des d\u00e9monstrations de Valse Lente, Tango, Valse Viennoise,\u2026","jetpack_sharing_enabled":true,"_links":{"self":[{"href":"https:\/\/vpdanses.fr\/home\/bienvenue-chez-vp-danses-hazebrouck\/wp-json\/wp\/v2\/posts\/14498","targetHints":{"allow":["GET"]}}],"collection":[{"href":"https:\/\/vpdanses.fr\/home\/bienvenue-chez-vp-danses-hazebrouck\/wp-json\/wp\/v2\/posts"}],"about":[{"href":"https:\/\/vpdanses.fr\/home\/bienvenue-chez-vp-danses-hazebrouck\/wp-json\/wp\/v2\/types\/post"}],"author":[{"embeddable":true,"href":"https:\/\/vpdanses.fr\/home\/bienvenue-chez-vp-danses-hazebrouck\/wp-json\/wp\/v2\/users\/1"}],"replies":[{"embeddable":true,"href":"https:\/\/vpdanses.fr\/home\/bienvenue-chez-vp-danses-hazebrouck\/wp-json\/wp\/v2\/comments?post=14498"}],"version-history":[{"count":2,"href":"https:\/\/vpdanses.fr\/home\/bienvenue-chez-vp-danses-hazebrouck\/wp-json\/wp\/v2\/posts\/14498\/revisions"}],"predecessor-version":[{"id":14525,"href":"https:\/\/vpdanses.fr\/home\/bienvenue-chez-vp-danses-hazebrouck\/wp-json\/wp\/v2\/posts\/14498\/revisions\/14525"}],"wp:featuredmedia":[{"embeddable":true,"href":"https:\/\/vpdanses.fr\/home\/bienvenue-chez-vp-danses-hazebrouck\/wp-json\/wp\/v2\/media\/14500"}],"wp:attachment":[{"href":"https:\/\/vpdanses.fr\/home\/bienvenue-chez-vp-danses-hazebrouck\/wp-json\/wp\/v2\/media?parent=14498"}],"wp:term":[{"taxonomy":"category","embeddable":true,"href":"https:\/\/vpdanses.fr\/home\/bienvenue-chez-vp-danses-hazebrouck\/wp-json\/wp\/v2\/categories?post=14498"},{"taxonomy":"post_tag","embeddable":true,"href":"https:\/\/vpdanses.fr\/home\/bienvenue-chez-vp-danses-hazebrouck\/wp-json\/wp\/v2\/tags?post=14498"}],"curies":[{"name":"wp","href":"https:\/\/api.w.org\/{rel}","templated":true}]}}