{"id":14502,"date":"2025-10-09T06:41:09","date_gmt":"2025-10-09T04:41:09","guid":{"rendered":"https:\/\/vpdanses.fr\/home\/bienvenue-chez-vp-danses-hazebrouck\/?p=14502"},"modified":"2025-10-09T06:46:41","modified_gmt":"2025-10-09T04:46:41","slug":"ligne-de-danse-sens-inverse-aiguilles-montre","status":"publish","type":"post","link":"https:\/\/vpdanses.fr\/home\/bienvenue-chez-vp-danses-hazebrouck\/ligne-de-danse-sens-inverse-aiguilles-montre\/","title":{"rendered":"POURQUOI DANSE-T-ON DANS LE SENS INVERSE DES AIGUILLES D&rsquo;UNE MONTRE ?"},"content":{"rendered":"\n<p><strong>Question pos\u00e9e ce mercredi 8 octobre lors de notre cours hebdomadaire de danse sportive \u00e0 Saint-Jans-Cappel !<\/strong><\/p>\n\n\n\n<p>Vous vous \u00eates d\u00e9j\u00e0 demand\u00e9 pourquoi, en danse de salon, tous les couples progressent dans le sens inverse des aiguilles d&rsquo;une montre ?<\/p>\n\n\n\n<h2 class=\"wp-block-heading\" id=\"h-la-ligne-de-danse-line-of-dance-lod\">LA LIGNE DE DANSE (LINE OF DANCE &#8211; LOD)<\/h2>\n\n\n\n<p>Dans toutes les danses standards (valse lente, valse viennoise, tango, quickstep, slow fox), cette r\u00e8gle universelle est appel\u00e9e&nbsp;<strong>\u00ab\u00a0Ligne de Danse\u00a0\u00bb<\/strong>&nbsp;ou&nbsp;<strong>\u00ab\u00a0Line of Dance (LOD)\u00a0\u00bb<\/strong>&nbsp;en anglais.<\/p>\n\n\n\n<p>Selon les r\u00e8glements techniques de la&nbsp;<strong>FFDanse<\/strong>&nbsp;et de la&nbsp;<strong>WDSF<\/strong>&nbsp;:<\/p>\n\n\n\n<ul class=\"wp-block-list\">\n<li>Chaque couple suit sa propre ligne de danse<\/li>\n\n\n\n<li>La progression se fait dans le sens&nbsp;<strong>inverse des aiguilles d&rsquo;une montre<\/strong>&nbsp;(sens anti-horaire)<\/li>\n\n\n\n<li>Le mur ext\u00e9rieur de la salle doit toujours \u00eatre \u00e0 la droite du cavalier<\/li>\n<\/ul>\n\n\n\n<h2 class=\"wp-block-heading\" id=\"h-l-origine-historique-le-xixe-siecle\">L&rsquo;ORIGINE HISTORIQUE : LE XIXe SI\u00c8CLE<\/h2>\n\n\n\n<p>Cette convention trouve ses racines dans l&rsquo;histoire de la valse au 19\u00e8me si\u00e8cle :<\/p>\n\n\n\n<h3 class=\"wp-block-heading\" id=\"h-raison-n-1-eviter-les-vertiges\">Raison n\u00b01 : \u00c9viter les vertiges<\/h3>\n\n\n\n<p>Jusqu&rsquo;\u00e0 la fin des ann\u00e9es 1840, la valse europ\u00e9enne ne tournait qu&rsquo;\u00e0 droite (sens horaire), ce qui provoquait des \u00e9tourdissements et une sensation d&rsquo;euphorie chez les danseurs ! Cette rotation constante, sans jamais s&rsquo;inverser, causait m\u00eame des malaises.<\/p>\n\n\n\n<p>En faisant progresser les couples dans le sens&nbsp;<strong>anti-horaire<\/strong>&nbsp;autour de la piste, on a cr\u00e9\u00e9 un \u00e9quilibre : les couples tournent \u00e0 droite sur eux-m\u00eames tout en se d\u00e9pla\u00e7ant vers la gauche autour de la salle. Cet \u00e9quilibre a r\u00e9solu le probl\u00e8me des vertiges.<\/p>\n\n\n\n<h3 class=\"wp-block-heading\" id=\"h-raison-n-2-les-contraintes-vestimentaires\">Raison n\u00b02 : Les contraintes vestimentaires<\/h3>\n\n\n\n<p>\u00c0 l&rsquo;\u00e9poque victorienne, les dames portaient de longues robes volumineuses qui se prenaient sous leurs pieds lorsqu&rsquo;elles reculaient. La progression anti-horaire permettait une meilleure fluidit\u00e9 des mouvements et \u00e9vitait que les danseuses ne tr\u00e9buchent sur leurs jupes.<\/p>\n\n\n\n<h3 class=\"wp-block-heading\" id=\"h-raison-n-3-organisation-et-securite\">Raison n\u00b03 : Organisation et s\u00e9curit\u00e9<\/h3>\n\n\n\n<p>Au fil du temps, cette convention est devenue une r\u00e8gle universelle pour permettre \u00e0 tous les couples de danser harmonieusement ensemble, m\u00eame dans une salle bond\u00e9e, sans risque de collision.<\/p>\n\n\n\n<h2 class=\"wp-block-heading\" id=\"h-une-regle-universelle-aujourd-hui\">UNE R\u00c8GLE UNIVERSELLE AUJOURD&rsquo;HUI<\/h2>\n\n\n\n<p>Cette r\u00e8gle figure dans tous les r\u00e8glements techniques officiels :<\/p>\n\n\n\n<ul class=\"wp-block-list\">\n<li><strong>R\u00e8glement Technique FFDanse<\/strong>&nbsp;(F\u00e9d\u00e9ration Fran\u00e7aise de Danse) &#8211; Article sur les tempos et dur\u00e9es des danses<\/li>\n\n\n\n<li><strong>WDSF<\/strong>&nbsp;(World DanceSport Federation) &#8211; Normes internationales pour toutes les comp\u00e9titions<\/li>\n\n\n\n<li>Applicable dans toutes les danses progressives : valse anglaise, valse viennoise, tango, slow fox, quickstep<\/li>\n<\/ul>\n\n\n\n<p>La ligne de danse fonctionne comme une autoroute : chaque couple respecte sa voie de circulation avec le mur \u00e0 sa droite !<\/p>\n\n\n\n<h2 class=\"wp-block-heading\" id=\"h-le-saviez-vous\">LE SAVIEZ-VOUS ?<\/h2>\n\n\n\n<p><strong>La valse a \u00e9t\u00e9 r\u00e9volutionnaire !<\/strong>&nbsp;Au d\u00e9but du 19\u00e8me si\u00e8cle, la valse \u00e9tait consid\u00e9r\u00e9e comme scandaleuse car c&rsquo;\u00e9tait la premi\u00e8re danse o\u00f9 les couples se tenaient face \u00e0 face, en position ferm\u00e9e. Avant cela, les danses se pratiquaient c\u00f4te \u00e0 c\u00f4te ou en ligne.<\/p>\n\n\n\n<div class=\"wp-block-uagb-separator uagb-block-58281e8d wp-block-uagb-separator--icon\"><div class=\"wp-block-uagb-separator__inner\" style=\"--my-background-image:\"><div class=\"wp-block-uagb-separator-element\"><svg xmlns=\"https:\/\/www.w3.org\/2000\/svg\" viewBox=\"0 0 512 512\"><path d=\"M378.7 32H133.3L256 182.7L378.7 32zM512 192l-107.4-141.3L289.6 192H512zM107.4 50.67L0 192h222.4L107.4 50.67zM244.3 474.9C247.3 478.2 251.6 480 256 480s8.653-1.828 11.67-5.062L510.6 224H1.365L244.3 474.9z\"><\/path><\/svg><\/div><\/div><\/div>\n\n\n\n<div class=\"wp-block-jetpack-tiled-gallery aligncenter is-style-rectangular\"><div class=\"has-rounded-corners-11\"><div class=\"tiled-gallery__gallery\"><div class=\"tiled-gallery__row\"><div class=\"tiled-gallery__col\" style=\"flex-basis:69.15033%\"><figure class=\"tiled-gallery__item\"><noscript><img decoding=\"async\" srcset=\"https:\/\/i0.wp.com\/vpdanses.fr\/wp-content\/uploads\/2025\/10\/danse_sportive_saint_jans_cappel_VP-DANSES_valse_lente_cha_cha__4323-1-1024x683.jpg?strip=info&#038;w=600&#038;ssl=1 600w,https:\/\/i0.wp.com\/vpdanses.fr\/wp-content\/uploads\/2025\/10\/danse_sportive_saint_jans_cappel_VP-DANSES_valse_lente_cha_cha__4323-1-1024x683.jpg?strip=info&#038;w=900&#038;ssl=1 900w,https:\/\/i0.wp.com\/vpdanses.fr\/wp-content\/uploads\/2025\/10\/danse_sportive_saint_jans_cappel_VP-DANSES_valse_lente_cha_cha__4323-1-1024x683.jpg?strip=info&#038;w=1200&#038;ssl=1 1200w\" alt=\"Illustration historique montrant l'\u00e9volution de la valse et l'origine de la ligne de danse au 19\u00e8me si\u00e8cle\" data-height=\"800\" data-id=\"14510\" data-link=\"https:\/\/vpdanses.fr\/home\/bienvenue-chez-vp-danses-hazebrouck\/ligne-de-danse-sens-inverse-aiguilles-montre\/danse_sportive_saint_jans_cappel_vp-danses_valse_lente_cha_cha__4323-2\/\" data-url=\"https:\/\/vpdanses.fr\/wp-content\/uploads\/2025\/10\/danse_sportive_saint_jans_cappel_VP-DANSES_valse_lente_cha_cha__4323-1-1024x683.jpg\" data-width=\"1200\" data-skip-lazy src=\"https:\/\/i0.wp.com\/vpdanses.fr\/wp-content\/uploads\/2025\/10\/danse_sportive_saint_jans_cappel_VP-DANSES_valse_lente_cha_cha__4323-1-1024x683.jpg?ssl=1\" data-amp-layout=\"responsive\" aria-label=\"Ouvrir l\u2019image 1 sur 7 en plein \u00e9cran\"\/><\/noscript><img decoding=\"async\" alt=\"Illustration historique montrant l&#039;\u00e9volution de la valse et l&#039;origine de la ligne de danse au 19\u00e8me si\u00e8cle\" data-height=\"800\" data-id=\"14510\" data-link=\"https:\/\/vpdanses.fr\/home\/bienvenue-chez-vp-danses-hazebrouck\/ligne-de-danse-sens-inverse-aiguilles-montre\/danse_sportive_saint_jans_cappel_vp-danses_valse_lente_cha_cha__4323-2\/\" data-url=\"https:\/\/vpdanses.fr\/wp-content\/uploads\/2025\/10\/danse_sportive_saint_jans_cappel_VP-DANSES_valse_lente_cha_cha__4323-1-1024x683.jpg\" data-width=\"1200\" src=\"https:\/\/i0.wp.com\/vpdanses.fr\/wp-content\/uploads\/2025\/10\/danse_sportive_saint_jans_cappel_VP-DANSES_valse_lente_cha_cha__4323-1-1024x683.jpg?ssl=1\" data-amp-layout=\"responsive\" aria-label=\"Ouvrir l\u2019image 1 sur 7 en plein \u00e9cran\" data-src=\"https:\/\/i0.wp.com\/vpdanses.fr\/wp-content\/uploads\/2025\/10\/danse_sportive_saint_jans_cappel_VP-DANSES_valse_lente_cha_cha__4323-1-1024x683.jpg?ssl=1\" data-srcset=\"https:\/\/i0.wp.com\/vpdanses.fr\/wp-content\/uploads\/2025\/10\/danse_sportive_saint_jans_cappel_VP-DANSES_valse_lente_cha_cha__4323-1-1024x683.jpg?strip=info&#038;w=600&#038;ssl=1 600w,https:\/\/i0.wp.com\/vpdanses.fr\/wp-content\/uploads\/2025\/10\/danse_sportive_saint_jans_cappel_VP-DANSES_valse_lente_cha_cha__4323-1-1024x683.jpg?strip=info&#038;w=900&#038;ssl=1 900w,https:\/\/i0.wp.com\/vpdanses.fr\/wp-content\/uploads\/2025\/10\/danse_sportive_saint_jans_cappel_VP-DANSES_valse_lente_cha_cha__4323-1-1024x683.jpg?strip=info&#038;w=1200&#038;ssl=1 1200w\" data-sizes=\"auto\" loading=\"eager\" class=\"vp-lazyload\"><\/figure><\/div><div class=\"tiled-gallery__col\" style=\"flex-basis:30.84967%\"><figure class=\"tiled-gallery__item\"><noscript><img decoding=\"async\" srcset=\"https:\/\/i0.wp.com\/vpdanses.fr\/wp-content\/uploads\/2025\/10\/danse_sportive_saint_jans_cappel_VP-DANSES_valse_lente_cha_cha__4342-683x1024.jpg?strip=info&#038;w=600&#038;ssl=1 600w,https:\/\/i0.wp.com\/vpdanses.fr\/wp-content\/uploads\/2025\/10\/danse_sportive_saint_jans_cappel_VP-DANSES_valse_lente_cha_cha__4342-683x1024.jpg?strip=info&#038;w=800&#038;ssl=1 800w\" alt=\"Illustration historique montrant l'\u00e9volution de la valse et l'origine de la ligne de danse au 19\u00e8me si\u00e8cle\" data-height=\"1200\" data-id=\"14511\" data-link=\"https:\/\/vpdanses.fr\/home\/bienvenue-chez-vp-danses-hazebrouck\/ligne-de-danse-sens-inverse-aiguilles-montre\/danse_sportive_saint_jans_cappel_vp-danses_valse_lente_cha_cha__4342\/\" data-url=\"https:\/\/vpdanses.fr\/wp-content\/uploads\/2025\/10\/danse_sportive_saint_jans_cappel_VP-DANSES_valse_lente_cha_cha__4342-683x1024.jpg\" data-width=\"800\" data-skip-lazy src=\"https:\/\/i0.wp.com\/vpdanses.fr\/wp-content\/uploads\/2025\/10\/danse_sportive_saint_jans_cappel_VP-DANSES_valse_lente_cha_cha__4342-683x1024.jpg?ssl=1\" data-amp-layout=\"responsive\" aria-label=\"Ouvrir l\u2019image 2 sur 7 en plein \u00e9cran\"\/><\/noscript><img decoding=\"async\" alt=\"Illustration historique montrant l&#039;\u00e9volution de la valse et l&#039;origine de la ligne de danse au 19\u00e8me si\u00e8cle\" data-height=\"1200\" data-id=\"14511\" data-link=\"https:\/\/vpdanses.fr\/home\/bienvenue-chez-vp-danses-hazebrouck\/ligne-de-danse-sens-inverse-aiguilles-montre\/danse_sportive_saint_jans_cappel_vp-danses_valse_lente_cha_cha__4342\/\" data-url=\"https:\/\/vpdanses.fr\/wp-content\/uploads\/2025\/10\/danse_sportive_saint_jans_cappel_VP-DANSES_valse_lente_cha_cha__4342-683x1024.jpg\" data-width=\"800\" src=\"https:\/\/i0.wp.com\/vpdanses.fr\/wp-content\/uploads\/2025\/10\/danse_sportive_saint_jans_cappel_VP-DANSES_valse_lente_cha_cha__4342-683x1024.jpg?ssl=1\" data-amp-layout=\"responsive\" aria-label=\"Ouvrir l\u2019image 2 sur 7 en plein \u00e9cran\" data-src=\"https:\/\/i0.wp.com\/vpdanses.fr\/wp-content\/uploads\/2025\/10\/danse_sportive_saint_jans_cappel_VP-DANSES_valse_lente_cha_cha__4342-683x1024.jpg?ssl=1\" data-srcset=\"https:\/\/i0.wp.com\/vpdanses.fr\/wp-content\/uploads\/2025\/10\/danse_sportive_saint_jans_cappel_VP-DANSES_valse_lente_cha_cha__4342-683x1024.jpg?strip=info&#038;w=600&#038;ssl=1 600w,https:\/\/i0.wp.com\/vpdanses.fr\/wp-content\/uploads\/2025\/10\/danse_sportive_saint_jans_cappel_VP-DANSES_valse_lente_cha_cha__4342-683x1024.jpg?strip=info&#038;w=800&#038;ssl=1 800w\" data-sizes=\"auto\" loading=\"eager\" class=\"vp-lazyload\"><\/figure><\/div><\/div><div class=\"tiled-gallery__row\"><div class=\"tiled-gallery__col\" style=\"flex-basis:30.52407%\"><figure class=\"tiled-gallery__item\"><noscript><img decoding=\"async\" srcset=\"https:\/\/i0.wp.com\/vpdanses.fr\/wp-content\/uploads\/2025\/10\/danse_sportive_saint_jans_cappel_VP-DANSES_valse_lente_cha_cha_4343-1024x631.jpg?strip=info&#038;w=600&#038;ssl=1 600w,https:\/\/i0.wp.com\/vpdanses.fr\/wp-content\/uploads\/2025\/10\/danse_sportive_saint_jans_cappel_VP-DANSES_valse_lente_cha_cha_4343-1024x631.jpg?strip=info&#038;w=900&#038;ssl=1 900w,https:\/\/i0.wp.com\/vpdanses.fr\/wp-content\/uploads\/2025\/10\/danse_sportive_saint_jans_cappel_VP-DANSES_valse_lente_cha_cha_4343-1024x631.jpg?strip=info&#038;w=1200&#038;ssl=1 1200w\" alt=\"Illustration historique montrant l'\u00e9volution de la valse et l'origine de la ligne de danse au 19\u00e8me si\u00e8cle\" data-height=\"740\" data-id=\"14508\" data-link=\"https:\/\/vpdanses.fr\/home\/bienvenue-chez-vp-danses-hazebrouck\/ligne-de-danse-sens-inverse-aiguilles-montre\/danse_sportive_saint_jans_cappel_vp-danses_valse_lente_cha_cha_4343\/\" data-url=\"https:\/\/vpdanses.fr\/wp-content\/uploads\/2025\/10\/danse_sportive_saint_jans_cappel_VP-DANSES_valse_lente_cha_cha_4343-1024x631.jpg\" data-width=\"1200\" data-skip-lazy src=\"https:\/\/i0.wp.com\/vpdanses.fr\/wp-content\/uploads\/2025\/10\/danse_sportive_saint_jans_cappel_VP-DANSES_valse_lente_cha_cha_4343-1024x631.jpg?ssl=1\" data-amp-layout=\"responsive\" aria-label=\"Ouvrir l\u2019image 3 sur 7 en plein \u00e9cran\"\/><\/noscript><img decoding=\"async\" alt=\"Illustration historique montrant l&#039;\u00e9volution de la valse et l&#039;origine de la ligne de danse au 19\u00e8me si\u00e8cle\" data-height=\"740\" data-id=\"14508\" data-link=\"https:\/\/vpdanses.fr\/home\/bienvenue-chez-vp-danses-hazebrouck\/ligne-de-danse-sens-inverse-aiguilles-montre\/danse_sportive_saint_jans_cappel_vp-danses_valse_lente_cha_cha_4343\/\" data-url=\"https:\/\/vpdanses.fr\/wp-content\/uploads\/2025\/10\/danse_sportive_saint_jans_cappel_VP-DANSES_valse_lente_cha_cha_4343-1024x631.jpg\" data-width=\"1200\" src=\"https:\/\/i0.wp.com\/vpdanses.fr\/wp-content\/uploads\/2025\/10\/danse_sportive_saint_jans_cappel_VP-DANSES_valse_lente_cha_cha_4343-1024x631.jpg?ssl=1\" data-amp-layout=\"responsive\" aria-label=\"Ouvrir l\u2019image 3 sur 7 en plein \u00e9cran\" data-src=\"https:\/\/i0.wp.com\/vpdanses.fr\/wp-content\/uploads\/2025\/10\/danse_sportive_saint_jans_cappel_VP-DANSES_valse_lente_cha_cha_4343-1024x631.jpg?ssl=1\" data-srcset=\"https:\/\/i0.wp.com\/vpdanses.fr\/wp-content\/uploads\/2025\/10\/danse_sportive_saint_jans_cappel_VP-DANSES_valse_lente_cha_cha_4343-1024x631.jpg?strip=info&#038;w=600&#038;ssl=1 600w,https:\/\/i0.wp.com\/vpdanses.fr\/wp-content\/uploads\/2025\/10\/danse_sportive_saint_jans_cappel_VP-DANSES_valse_lente_cha_cha_4343-1024x631.jpg?strip=info&#038;w=900&#038;ssl=1 900w,https:\/\/i0.wp.com\/vpdanses.fr\/wp-content\/uploads\/2025\/10\/danse_sportive_saint_jans_cappel_VP-DANSES_valse_lente_cha_cha_4343-1024x631.jpg?strip=info&#038;w=1200&#038;ssl=1 1200w\" data-sizes=\"auto\" loading=\"eager\" class=\"vp-lazyload\"><\/figure><figure class=\"tiled-gallery__item\"><noscript><img decoding=\"async\" srcset=\"https:\/\/i0.wp.com\/vpdanses.fr\/wp-content\/uploads\/2025\/10\/danse_sportive_saint_jans_cappel_VP-DANSES_valse_lente_cha_cha_4344-1024x911.jpg?strip=info&#038;w=600&#038;ssl=1 600w,https:\/\/i0.wp.com\/vpdanses.fr\/wp-content\/uploads\/2025\/10\/danse_sportive_saint_jans_cappel_VP-DANSES_valse_lente_cha_cha_4344-1024x911.jpg?strip=info&#038;w=900&#038;ssl=1 900w,https:\/\/i0.wp.com\/vpdanses.fr\/wp-content\/uploads\/2025\/10\/danse_sportive_saint_jans_cappel_VP-DANSES_valse_lente_cha_cha_4344-1024x911.jpg?strip=info&#038;w=1200&#038;ssl=1 1200w\" alt=\"Illustration historique montrant l'\u00e9volution de la valse et l'origine de la ligne de danse au 19\u00e8me si\u00e8cle\" data-height=\"1068\" data-id=\"14509\" data-link=\"https:\/\/vpdanses.fr\/home\/bienvenue-chez-vp-danses-hazebrouck\/ligne-de-danse-sens-inverse-aiguilles-montre\/danse_sportive_saint_jans_cappel_vp-danses_valse_lente_cha_cha_4344\/\" data-url=\"https:\/\/vpdanses.fr\/wp-content\/uploads\/2025\/10\/danse_sportive_saint_jans_cappel_VP-DANSES_valse_lente_cha_cha_4344-1024x911.jpg\" data-width=\"1200\" data-skip-lazy src=\"https:\/\/i0.wp.com\/vpdanses.fr\/wp-content\/uploads\/2025\/10\/danse_sportive_saint_jans_cappel_VP-DANSES_valse_lente_cha_cha_4344-1024x911.jpg?ssl=1\" data-amp-layout=\"responsive\" aria-label=\"Ouvrir l\u2019image 4 sur 7 en plein \u00e9cran\"\/><\/noscript><img decoding=\"async\" alt=\"Illustration historique montrant l&#039;\u00e9volution de la valse et l&#039;origine de la ligne de danse au 19\u00e8me si\u00e8cle\" data-height=\"1068\" data-id=\"14509\" data-link=\"https:\/\/vpdanses.fr\/home\/bienvenue-chez-vp-danses-hazebrouck\/ligne-de-danse-sens-inverse-aiguilles-montre\/danse_sportive_saint_jans_cappel_vp-danses_valse_lente_cha_cha_4344\/\" data-url=\"https:\/\/vpdanses.fr\/wp-content\/uploads\/2025\/10\/danse_sportive_saint_jans_cappel_VP-DANSES_valse_lente_cha_cha_4344-1024x911.jpg\" data-width=\"1200\" src=\"https:\/\/i0.wp.com\/vpdanses.fr\/wp-content\/uploads\/2025\/10\/danse_sportive_saint_jans_cappel_VP-DANSES_valse_lente_cha_cha_4344-1024x911.jpg?ssl=1\" data-amp-layout=\"responsive\" aria-label=\"Ouvrir l\u2019image 4 sur 7 en plein \u00e9cran\" data-src=\"https:\/\/i0.wp.com\/vpdanses.fr\/wp-content\/uploads\/2025\/10\/danse_sportive_saint_jans_cappel_VP-DANSES_valse_lente_cha_cha_4344-1024x911.jpg?ssl=1\" data-srcset=\"https:\/\/i0.wp.com\/vpdanses.fr\/wp-content\/uploads\/2025\/10\/danse_sportive_saint_jans_cappel_VP-DANSES_valse_lente_cha_cha_4344-1024x911.jpg?strip=info&#038;w=600&#038;ssl=1 600w,https:\/\/i0.wp.com\/vpdanses.fr\/wp-content\/uploads\/2025\/10\/danse_sportive_saint_jans_cappel_VP-DANSES_valse_lente_cha_cha_4344-1024x911.jpg?strip=info&#038;w=900&#038;ssl=1 900w,https:\/\/i0.wp.com\/vpdanses.fr\/wp-content\/uploads\/2025\/10\/danse_sportive_saint_jans_cappel_VP-DANSES_valse_lente_cha_cha_4344-1024x911.jpg?strip=info&#038;w=1200&#038;ssl=1 1200w\" data-sizes=\"auto\" loading=\"eager\" class=\"vp-lazyload\"><\/figure><\/div><div class=\"tiled-gallery__col\" style=\"flex-basis:69.47593%\"><figure class=\"tiled-gallery__item\"><noscript><img decoding=\"async\" srcset=\"https:\/\/i0.wp.com\/vpdanses.fr\/wp-content\/uploads\/2025\/10\/danse_sportive_saint_jans_cappel_VP-DANSES_valse_lente_cha_cha_4346-1024x683.jpg?strip=info&#038;w=600&#038;ssl=1 600w,https:\/\/i0.wp.com\/vpdanses.fr\/wp-content\/uploads\/2025\/10\/danse_sportive_saint_jans_cappel_VP-DANSES_valse_lente_cha_cha_4346-1024x683.jpg?strip=info&#038;w=900&#038;ssl=1 900w,https:\/\/i0.wp.com\/vpdanses.fr\/wp-content\/uploads\/2025\/10\/danse_sportive_saint_jans_cappel_VP-DANSES_valse_lente_cha_cha_4346-1024x683.jpg?strip=info&#038;w=1200&#038;ssl=1 1200w\" alt=\"Illustration historique montrant l'\u00e9volution de la valse et l'origine de la ligne de danse au 19\u00e8me si\u00e8cle\" data-height=\"800\" data-id=\"14512\" data-link=\"https:\/\/vpdanses.fr\/home\/bienvenue-chez-vp-danses-hazebrouck\/ligne-de-danse-sens-inverse-aiguilles-montre\/danse_sportive_saint_jans_cappel_vp-danses_valse_lente_cha_cha_4346\/\" data-url=\"https:\/\/vpdanses.fr\/wp-content\/uploads\/2025\/10\/danse_sportive_saint_jans_cappel_VP-DANSES_valse_lente_cha_cha_4346-1024x683.jpg\" data-width=\"1200\" data-skip-lazy src=\"https:\/\/i0.wp.com\/vpdanses.fr\/wp-content\/uploads\/2025\/10\/danse_sportive_saint_jans_cappel_VP-DANSES_valse_lente_cha_cha_4346-1024x683.jpg?ssl=1\" data-amp-layout=\"responsive\" aria-label=\"Ouvrir l\u2019image 5 sur 7 en plein \u00e9cran\"\/><\/noscript><img decoding=\"async\" alt=\"Illustration historique montrant l&#039;\u00e9volution de la valse et l&#039;origine de la ligne de danse au 19\u00e8me si\u00e8cle\" data-height=\"800\" data-id=\"14512\" data-link=\"https:\/\/vpdanses.fr\/home\/bienvenue-chez-vp-danses-hazebrouck\/ligne-de-danse-sens-inverse-aiguilles-montre\/danse_sportive_saint_jans_cappel_vp-danses_valse_lente_cha_cha_4346\/\" data-url=\"https:\/\/vpdanses.fr\/wp-content\/uploads\/2025\/10\/danse_sportive_saint_jans_cappel_VP-DANSES_valse_lente_cha_cha_4346-1024x683.jpg\" data-width=\"1200\" src=\"https:\/\/i0.wp.com\/vpdanses.fr\/wp-content\/uploads\/2025\/10\/danse_sportive_saint_jans_cappel_VP-DANSES_valse_lente_cha_cha_4346-1024x683.jpg?ssl=1\" data-amp-layout=\"responsive\" aria-label=\"Ouvrir l\u2019image 5 sur 7 en plein \u00e9cran\" data-src=\"https:\/\/i0.wp.com\/vpdanses.fr\/wp-content\/uploads\/2025\/10\/danse_sportive_saint_jans_cappel_VP-DANSES_valse_lente_cha_cha_4346-1024x683.jpg?ssl=1\" data-srcset=\"https:\/\/i0.wp.com\/vpdanses.fr\/wp-content\/uploads\/2025\/10\/danse_sportive_saint_jans_cappel_VP-DANSES_valse_lente_cha_cha_4346-1024x683.jpg?strip=info&#038;w=600&#038;ssl=1 600w,https:\/\/i0.wp.com\/vpdanses.fr\/wp-content\/uploads\/2025\/10\/danse_sportive_saint_jans_cappel_VP-DANSES_valse_lente_cha_cha_4346-1024x683.jpg?strip=info&#038;w=900&#038;ssl=1 900w,https:\/\/i0.wp.com\/vpdanses.fr\/wp-content\/uploads\/2025\/10\/danse_sportive_saint_jans_cappel_VP-DANSES_valse_lente_cha_cha_4346-1024x683.jpg?strip=info&#038;w=1200&#038;ssl=1 1200w\" data-sizes=\"auto\" loading=\"eager\" class=\"vp-lazyload\"><\/figure><\/div><\/div><div class=\"tiled-gallery__row\"><div class=\"tiled-gallery__col\" style=\"flex-basis:45.75298%\"><figure class=\"tiled-gallery__item\"><noscript><img decoding=\"async\" srcset=\"https:\/\/i0.wp.com\/vpdanses.fr\/wp-content\/uploads\/2025\/10\/danse_sportive_saint_jans_cappel_VP-DANSES_valse_lente_cha_cha_4351-1024x683.jpg?strip=info&#038;w=600&#038;ssl=1 600w,https:\/\/i0.wp.com\/vpdanses.fr\/wp-content\/uploads\/2025\/10\/danse_sportive_saint_jans_cappel_VP-DANSES_valse_lente_cha_cha_4351-1024x683.jpg?strip=info&#038;w=900&#038;ssl=1 900w,https:\/\/i0.wp.com\/vpdanses.fr\/wp-content\/uploads\/2025\/10\/danse_sportive_saint_jans_cappel_VP-DANSES_valse_lente_cha_cha_4351-1024x683.jpg?strip=info&#038;w=1200&#038;ssl=1 1200w\" alt=\"Illustration historique montrant l'\u00e9volution de la valse et l'origine de la ligne de danse au 19\u00e8me si\u00e8cle\" data-height=\"800\" data-id=\"14513\" data-link=\"https:\/\/vpdanses.fr\/home\/bienvenue-chez-vp-danses-hazebrouck\/ligne-de-danse-sens-inverse-aiguilles-montre\/danse_sportive_saint_jans_cappel_vp-danses_valse_lente_cha_cha_4351\/\" data-url=\"https:\/\/vpdanses.fr\/wp-content\/uploads\/2025\/10\/danse_sportive_saint_jans_cappel_VP-DANSES_valse_lente_cha_cha_4351-1024x683.jpg\" data-width=\"1200\" data-skip-lazy src=\"https:\/\/i0.wp.com\/vpdanses.fr\/wp-content\/uploads\/2025\/10\/danse_sportive_saint_jans_cappel_VP-DANSES_valse_lente_cha_cha_4351-1024x683.jpg?ssl=1\" data-amp-layout=\"responsive\" aria-label=\"Ouvrir l\u2019image 6 sur 7 en plein \u00e9cran\"\/><\/noscript><img decoding=\"async\" alt=\"Illustration historique montrant l&#039;\u00e9volution de la valse et l&#039;origine de la ligne de danse au 19\u00e8me si\u00e8cle\" data-height=\"800\" data-id=\"14513\" data-link=\"https:\/\/vpdanses.fr\/home\/bienvenue-chez-vp-danses-hazebrouck\/ligne-de-danse-sens-inverse-aiguilles-montre\/danse_sportive_saint_jans_cappel_vp-danses_valse_lente_cha_cha_4351\/\" data-url=\"https:\/\/vpdanses.fr\/wp-content\/uploads\/2025\/10\/danse_sportive_saint_jans_cappel_VP-DANSES_valse_lente_cha_cha_4351-1024x683.jpg\" data-width=\"1200\" src=\"https:\/\/i0.wp.com\/vpdanses.fr\/wp-content\/uploads\/2025\/10\/danse_sportive_saint_jans_cappel_VP-DANSES_valse_lente_cha_cha_4351-1024x683.jpg?ssl=1\" data-amp-layout=\"responsive\" aria-label=\"Ouvrir l\u2019image 6 sur 7 en plein \u00e9cran\" data-src=\"https:\/\/i0.wp.com\/vpdanses.fr\/wp-content\/uploads\/2025\/10\/danse_sportive_saint_jans_cappel_VP-DANSES_valse_lente_cha_cha_4351-1024x683.jpg?ssl=1\" data-srcset=\"https:\/\/i0.wp.com\/vpdanses.fr\/wp-content\/uploads\/2025\/10\/danse_sportive_saint_jans_cappel_VP-DANSES_valse_lente_cha_cha_4351-1024x683.jpg?strip=info&#038;w=600&#038;ssl=1 600w,https:\/\/i0.wp.com\/vpdanses.fr\/wp-content\/uploads\/2025\/10\/danse_sportive_saint_jans_cappel_VP-DANSES_valse_lente_cha_cha_4351-1024x683.jpg?strip=info&#038;w=900&#038;ssl=1 900w,https:\/\/i0.wp.com\/vpdanses.fr\/wp-content\/uploads\/2025\/10\/danse_sportive_saint_jans_cappel_VP-DANSES_valse_lente_cha_cha_4351-1024x683.jpg?strip=info&#038;w=1200&#038;ssl=1 1200w\" data-sizes=\"auto\" loading=\"eager\" class=\"vp-lazyload\"><\/figure><\/div><div class=\"tiled-gallery__col\" style=\"flex-basis:54.24702%\"><figure class=\"tiled-gallery__item\"><noscript><img decoding=\"async\" srcset=\"https:\/\/i0.wp.com\/vpdanses.fr\/wp-content\/uploads\/2025\/10\/danse_sportive_saint_jans_cappel_VP-DANSES_valse_lente_cha_cha_4353-1024x575.jpg?strip=info&#038;w=600&#038;ssl=1 600w,https:\/\/i0.wp.com\/vpdanses.fr\/wp-content\/uploads\/2025\/10\/danse_sportive_saint_jans_cappel_VP-DANSES_valse_lente_cha_cha_4353-1024x575.jpg?strip=info&#038;w=900&#038;ssl=1 900w,https:\/\/i0.wp.com\/vpdanses.fr\/wp-content\/uploads\/2025\/10\/danse_sportive_saint_jans_cappel_VP-DANSES_valse_lente_cha_cha_4353-1024x575.jpg?strip=info&#038;w=1200&#038;ssl=1 1200w\" alt=\"Illustration historique montrant l'\u00e9volution de la valse et l'origine de la ligne de danse au 19\u00e8me si\u00e8cle\" data-height=\"674\" data-id=\"14514\" data-link=\"https:\/\/vpdanses.fr\/home\/bienvenue-chez-vp-danses-hazebrouck\/ligne-de-danse-sens-inverse-aiguilles-montre\/danse_sportive_saint_jans_cappel_vp-danses_valse_lente_cha_cha_4353\/\" data-url=\"https:\/\/vpdanses.fr\/wp-content\/uploads\/2025\/10\/danse_sportive_saint_jans_cappel_VP-DANSES_valse_lente_cha_cha_4353-1024x575.jpg\" data-width=\"1200\" data-skip-lazy src=\"https:\/\/i0.wp.com\/vpdanses.fr\/wp-content\/uploads\/2025\/10\/danse_sportive_saint_jans_cappel_VP-DANSES_valse_lente_cha_cha_4353-1024x575.jpg?ssl=1\" data-amp-layout=\"responsive\" aria-label=\"Ouvrir l\u2019image 7 sur 7 en plein \u00e9cran\"\/><\/noscript><img decoding=\"async\" alt=\"Illustration historique montrant l&#039;\u00e9volution de la valse et l&#039;origine de la ligne de danse au 19\u00e8me si\u00e8cle\" data-height=\"674\" data-id=\"14514\" data-link=\"https:\/\/vpdanses.fr\/home\/bienvenue-chez-vp-danses-hazebrouck\/ligne-de-danse-sens-inverse-aiguilles-montre\/danse_sportive_saint_jans_cappel_vp-danses_valse_lente_cha_cha_4353\/\" data-url=\"https:\/\/vpdanses.fr\/wp-content\/uploads\/2025\/10\/danse_sportive_saint_jans_cappel_VP-DANSES_valse_lente_cha_cha_4353-1024x575.jpg\" data-width=\"1200\" src=\"https:\/\/i0.wp.com\/vpdanses.fr\/wp-content\/uploads\/2025\/10\/danse_sportive_saint_jans_cappel_VP-DANSES_valse_lente_cha_cha_4353-1024x575.jpg?ssl=1\" data-amp-layout=\"responsive\" aria-label=\"Ouvrir l\u2019image 7 sur 7 en plein \u00e9cran\" data-src=\"https:\/\/i0.wp.com\/vpdanses.fr\/wp-content\/uploads\/2025\/10\/danse_sportive_saint_jans_cappel_VP-DANSES_valse_lente_cha_cha_4353-1024x575.jpg?ssl=1\" data-srcset=\"https:\/\/i0.wp.com\/vpdanses.fr\/wp-content\/uploads\/2025\/10\/danse_sportive_saint_jans_cappel_VP-DANSES_valse_lente_cha_cha_4353-1024x575.jpg?strip=info&#038;w=600&#038;ssl=1 600w,https:\/\/i0.wp.com\/vpdanses.fr\/wp-content\/uploads\/2025\/10\/danse_sportive_saint_jans_cappel_VP-DANSES_valse_lente_cha_cha_4353-1024x575.jpg?strip=info&#038;w=900&#038;ssl=1 900w,https:\/\/i0.wp.com\/vpdanses.fr\/wp-content\/uploads\/2025\/10\/danse_sportive_saint_jans_cappel_VP-DANSES_valse_lente_cha_cha_4353-1024x575.jpg?strip=info&#038;w=1200&#038;ssl=1 1200w\" data-sizes=\"auto\" loading=\"eager\" class=\"vp-lazyload\"><\/figure><\/div><\/div><\/div><\/div><\/div>\n","protected":false},"excerpt":{"rendered":"<p>Question pos\u00e9e ce mercredi 8 octobre lors de notre cours hebdomadaire de danse sportive \u00e0 Saint-Jans-Cappel : pourquoi danse-t-on dans le sens inverse des aiguilles d&rsquo;une montre ? D\u00e9couvrez l&rsquo;origine historique fascinante de la \u00ab\u00a0ligne de danse\u00a0\u00bb, cette r\u00e8gle universelle \u00e9tablie au 19\u00e8me si\u00e8cle pour \u00e9viter les vertiges caus\u00e9s par la valse. Entre r\u00e9f\u00e9rences techniques FFDanse et WDSF, anecdotes historiques et conseils pratiques, plongez dans les secrets de la danse sportive avec VP DANSES.<\/p>\n","protected":false},"author":1,"featured_media":14504,"comment_status":"closed","ping_status":"closed","sticky":false,"template":"","format":"standard","meta":{"_uag_custom_page_level_css":"","_price":"","_stock":"","_tribe_ticket_header":"","_tribe_default_ticket_provider":"","_tribe_ticket_capacity":"0","_ticket_start_date":"","_ticket_end_date":"","_tribe_ticket_show_description":"","_tribe_ticket_show_not_going":false,"_tribe_ticket_use_global_stock":"","_tribe_ticket_global_stock_level":"","_global_stock_mode":"","_global_stock_cap":"","_tribe_rsvp_for_event":"","_tribe_ticket_going_count":"","_tribe_ticket_not_going_count":"","_tribe_tickets_list":"[]","_tribe_ticket_has_attendee_info_fields":false,"_EventAllDay":false,"_EventTimezone":"","_EventStartDate":"","_EventEndDate":"","_EventStartDateUTC":"","_EventEndDateUTC":"","_EventShowMap":false,"_EventShowMapLink":false,"_EventURL":"","_EventCost":"","_EventCostDescription":"","_EventCurrencySymbol":"","_EventCurrencyCode":"","_EventCurrencyPosition":"","_EventDateTimeSeparator":"","_EventTimeRangeSeparator":"","_EventOrganizerID":[],"_EventVenueID":[],"_OrganizerEmail":"","_OrganizerPhone":"","_OrganizerWebsite":"","_VenueAddress":"","_VenueCity":"","_VenueCountry":"","_VenueProvince":"","_VenueState":"","_VenueZip":"","_VenuePhone":"","_VenueURL":"","_VenueStateProvince":"","_VenueLat":"","_VenueLng":"","_VenueShowMap":false,"_VenueShowMapLink":false,"_vp_format_video_url":"","_vp_image_focal_point":[],"_jetpack_memberships_contains_paid_content":false,"footnotes":""},"categories":[454,86,451,452,453,448],"tags":[],"class_list":["post-14502","post","type-post","status-publish","format-standard","has-post-thumbnail","hentry","category-anecdotes-historiques-histoire-de-la-danse","category-autour-dhazebrouck","category-fondamentaux-techniques","category-histoire-de-la-danse","category-saint-jans-cappel-autour-dhazebrouck","category-technique-de-danse"],"yoast_head":"<!-- This site is optimized with the Yoast SEO Premium plugin v25.6 (Yoast SEO v25.6) - https:\/\/yoast.com\/wordpress\/plugins\/seo\/ -->\n<title>Ligne de danse : pourquoi le sens anti-horaire ? | VP DANSES<\/title>\n<meta name=\"description\" content=\"D\u00e9couvrez pourquoi en danse sportive on progresse dans le sens inverse des aiguilles d&#039;une montre. Histoire et technique de la ligne de danse expliqu\u00e9es par VP DANSES.\" \/>\n<meta name=\"robots\" content=\"index, follow, max-snippet:-1, max-image-preview:large, max-video-preview:-1\" \/>\n<link rel=\"canonical\" href=\"https:\/\/vpdanses.fr\/home\/bienvenue-chez-vp-danses-hazebrouck\/ligne-de-danse-sens-inverse-aiguilles-montre\/\" \/>\n<meta property=\"og:locale\" content=\"fr_FR\" \/>\n<meta property=\"og:type\" content=\"article\" \/>\n<meta property=\"og:title\" content=\"POURQUOI DANSE-T-ON DANS LE SENS INVERSE DES AIGUILLES D&#039;UNE MONTRE ?\" \/>\n<meta property=\"og:description\" content=\"D\u00e9couvrez pourquoi en danse sportive on progresse dans le sens inverse des aiguilles d&#039;une montre. Histoire et technique de la ligne de danse expliqu\u00e9es par VP DANSES.\" \/>\n<meta property=\"og:url\" content=\"https:\/\/vpdanses.fr\/home\/bienvenue-chez-vp-danses-hazebrouck\/ligne-de-danse-sens-inverse-aiguilles-montre\/\" \/>\n<meta property=\"og:site_name\" content=\"VP DANSES, cours de Danse Sportive \u00e0 Aire-sur-la-Lys et \u00e0 Saint-Jans-Cappel (Hauts-de-France)\" \/>\n<meta property=\"article:published_time\" content=\"2025-10-09T04:41:09+00:00\" \/>\n<meta property=\"article:modified_time\" content=\"2025-10-09T04:46:41+00:00\" \/>\n<meta property=\"og:image\" content=\"https:\/\/vpdanses.fr\/wp-content\/uploads\/2025\/10\/danse_sportive_saint_jans_cappel_VP-DANSES_valse_lente_cha_cha__4323.jpg\" \/>\n\t<meta property=\"og:image:width\" content=\"1200\" \/>\n\t<meta property=\"og:image:height\" content=\"800\" \/>\n\t<meta property=\"og:image:type\" content=\"image\/jpeg\" \/>\n<meta name=\"author\" content=\"VP DANSES\" \/>\n<meta name=\"twitter:card\" content=\"summary_large_image\" \/>\n<meta name=\"twitter:label1\" content=\"\u00c9crit par\" \/>\n\t<meta name=\"twitter:data1\" content=\"VP DANSES\" \/>\n\t<meta name=\"twitter:label2\" content=\"Dur\u00e9e de lecture estim\u00e9e\" \/>\n\t<meta name=\"twitter:data2\" content=\"4 minutes\" \/>\n<script type=\"application\/ld+json\" class=\"yoast-schema-graph\">{\"@context\":\"https:\/\/schema.org\",\"@graph\":[{\"@type\":\"Article\",\"@id\":\"https:\/\/vpdanses.fr\/home\/bienvenue-chez-vp-danses-hazebrouck\/ligne-de-danse-sens-inverse-aiguilles-montre\/#article\",\"isPartOf\":{\"@id\":\"https:\/\/vpdanses.fr\/home\/bienvenue-chez-vp-danses-hazebrouck\/ligne-de-danse-sens-inverse-aiguilles-montre\/\"},\"author\":{\"name\":\"VP DANSES\",\"@id\":\"https:\/\/vpdanses.fr\/home\/bienvenue-chez-vp-danses-hazebrouck\/#\/schema\/person\/bf87806369778f949b83c9cd885519e5\"},\"headline\":\"POURQUOI DANSE-T-ON DANS LE SENS INVERSE DES AIGUILLES D&rsquo;UNE MONTRE ?\",\"datePublished\":\"2025-10-09T04:41:09+00:00\",\"dateModified\":\"2025-10-09T04:46:41+00:00\",\"mainEntityOfPage\":{\"@id\":\"https:\/\/vpdanses.fr\/home\/bienvenue-chez-vp-danses-hazebrouck\/ligne-de-danse-sens-inverse-aiguilles-montre\/\"},\"wordCount\":480,\"publisher\":{\"@id\":\"https:\/\/vpdanses.fr\/home\/bienvenue-chez-vp-danses-hazebrouck\/#organization\"},\"image\":{\"@id\":\"https:\/\/vpdanses.fr\/home\/bienvenue-chez-vp-danses-hazebrouck\/ligne-de-danse-sens-inverse-aiguilles-montre\/#primaryimage\"},\"thumbnailUrl\":\"https:\/\/vpdanses.fr\/wp-content\/uploads\/2025\/10\/danse_sportive_saint_jans_cappel_VP-DANSES_valse_lente_cha_cha__4323.jpg\",\"articleSection\":[\"Anecdotes historiques\",\"Autour d'Hazebrouck\",\"Fondamentaux techniques\",\"Histoire de la danse\",\"Saint-Jans-Cappel\",\"Technique de danse\"],\"inLanguage\":\"fr-FR\"},{\"@type\":\"WebPage\",\"@id\":\"https:\/\/vpdanses.fr\/home\/bienvenue-chez-vp-danses-hazebrouck\/ligne-de-danse-sens-inverse-aiguilles-montre\/\",\"url\":\"https:\/\/vpdanses.fr\/home\/bienvenue-chez-vp-danses-hazebrouck\/ligne-de-danse-sens-inverse-aiguilles-montre\/\",\"name\":\"Ligne de danse : pourquoi le sens anti-horaire ? | VP DANSES\",\"isPartOf\":{\"@id\":\"https:\/\/vpdanses.fr\/home\/bienvenue-chez-vp-danses-hazebrouck\/#website\"},\"primaryImageOfPage\":{\"@id\":\"https:\/\/vpdanses.fr\/home\/bienvenue-chez-vp-danses-hazebrouck\/ligne-de-danse-sens-inverse-aiguilles-montre\/#primaryimage\"},\"image\":{\"@id\":\"https:\/\/vpdanses.fr\/home\/bienvenue-chez-vp-danses-hazebrouck\/ligne-de-danse-sens-inverse-aiguilles-montre\/#primaryimage\"},\"thumbnailUrl\":\"https:\/\/vpdanses.fr\/wp-content\/uploads\/2025\/10\/danse_sportive_saint_jans_cappel_VP-DANSES_valse_lente_cha_cha__4323.jpg\",\"datePublished\":\"2025-10-09T04:41:09+00:00\",\"dateModified\":\"2025-10-09T04:46:41+00:00\",\"description\":\"D\u00e9couvrez pourquoi en danse sportive on progresse dans le sens inverse des aiguilles d'une montre. Histoire et technique de la ligne de danse expliqu\u00e9es par VP DANSES.\",\"breadcrumb\":{\"@id\":\"https:\/\/vpdanses.fr\/home\/bienvenue-chez-vp-danses-hazebrouck\/ligne-de-danse-sens-inverse-aiguilles-montre\/#breadcrumb\"},\"inLanguage\":\"fr-FR\",\"potentialAction\":[{\"@type\":\"ReadAction\",\"target\":[\"https:\/\/vpdanses.fr\/home\/bienvenue-chez-vp-danses-hazebrouck\/ligne-de-danse-sens-inverse-aiguilles-montre\/\"]}]},{\"@type\":\"ImageObject\",\"inLanguage\":\"fr-FR\",\"@id\":\"https:\/\/vpdanses.fr\/home\/bienvenue-chez-vp-danses-hazebrouck\/ligne-de-danse-sens-inverse-aiguilles-montre\/#primaryimage\",\"url\":\"https:\/\/vpdanses.fr\/wp-content\/uploads\/2025\/10\/danse_sportive_saint_jans_cappel_VP-DANSES_valse_lente_cha_cha__4323.jpg\",\"contentUrl\":\"https:\/\/vpdanses.fr\/wp-content\/uploads\/2025\/10\/danse_sportive_saint_jans_cappel_VP-DANSES_valse_lente_cha_cha__4323.jpg\",\"width\":1200,\"height\":800,\"caption\":\"L'origine historique de la ligne de danse remonte au 19\u00e8me si\u00e8cle avec l'\u00e9volution de la valse\"},{\"@type\":\"BreadcrumbList\",\"@id\":\"https:\/\/vpdanses.fr\/home\/bienvenue-chez-vp-danses-hazebrouck\/ligne-de-danse-sens-inverse-aiguilles-montre\/#breadcrumb\",\"itemListElement\":[{\"@type\":\"ListItem\",\"position\":1,\"name\":\"Accueil\",\"item\":\"https:\/\/vpdanses.fr\/home\/bienvenue-chez-vp-danses-hazebrouck\/\"},{\"@type\":\"ListItem\",\"position\":2,\"name\":\"POURQUOI DANSE-T-ON DANS LE SENS INVERSE DES AIGUILLES D&rsquo;UNE MONTRE ?\"}]},{\"@type\":\"WebSite\",\"@id\":\"https:\/\/vpdanses.fr\/home\/bienvenue-chez-vp-danses-hazebrouck\/#website\",\"url\":\"https:\/\/vpdanses.fr\/home\/bienvenue-chez-vp-danses-hazebrouck\/\",\"name\":\"VP DANSES, cours de Danse Sportive \u00e0 Aire-sur-la-Lys et \u00e0 Saint-Jans-Cappel (Hauts-de-France)\",\"description\":\"Cours de Danse Sportive STANDARD (valse anglaise, tango, valse viennoise, slowfox, quickstep), danses sportives LATINES (samba, chacha, rumba, paso doble, jive), danses de bal, danses de salons, danses de loisirs, salsa, rock 4 temps, rock 6 temps, danses en ligne, disco, \u2026 Lieu : Hazebrouck, Aire-sur-la-Lys, Saint-Jans-Cappel et Isbergues (Hauts-de-France) - Cours Particuliers dans les Hauts-de-France - Ouverture de bal de Mariage\",\"publisher\":{\"@id\":\"https:\/\/vpdanses.fr\/home\/bienvenue-chez-vp-danses-hazebrouck\/#organization\"},\"potentialAction\":[{\"@type\":\"SearchAction\",\"target\":{\"@type\":\"EntryPoint\",\"urlTemplate\":\"https:\/\/vpdanses.fr\/home\/bienvenue-chez-vp-danses-hazebrouck\/?s={search_term_string}\"},\"query-input\":{\"@type\":\"PropertyValueSpecification\",\"valueRequired\":true,\"valueName\":\"search_term_string\"}}],\"inLanguage\":\"fr-FR\"},{\"@type\":\"Organization\",\"@id\":\"https:\/\/vpdanses.fr\/home\/bienvenue-chez-vp-danses-hazebrouck\/#organization\",\"name\":\"VP DANSES, cours de Danse Sportive \u00e0 Aire-sur-la-Lys et \u00e0 Saint-Jans-Cappel (Hauts-de-France)\",\"url\":\"https:\/\/vpdanses.fr\/home\/bienvenue-chez-vp-danses-hazebrouck\/\",\"logo\":{\"@type\":\"ImageObject\",\"inLanguage\":\"fr-FR\",\"@id\":\"https:\/\/vpdanses.fr\/home\/bienvenue-chez-vp-danses-hazebrouck\/#\/schema\/logo\/image\/\",\"url\":\"https:\/\/vpdanses.fr\/wp-content\/uploads\/2024\/10\/logo_cadanse_asaintjans.jpeg\",\"contentUrl\":\"https:\/\/vpdanses.fr\/wp-content\/uploads\/2024\/10\/logo_cadanse_asaintjans.jpeg\",\"width\":225,\"height\":225,\"caption\":\"VP DANSES, cours de Danse Sportive \u00e0 Aire-sur-la-Lys et \u00e0 Saint-Jans-Cappel (Hauts-de-France)\"},\"image\":{\"@id\":\"https:\/\/vpdanses.fr\/home\/bienvenue-chez-vp-danses-hazebrouck\/#\/schema\/logo\/image\/\"}},{\"@type\":\"Person\",\"@id\":\"https:\/\/vpdanses.fr\/home\/bienvenue-chez-vp-danses-hazebrouck\/#\/schema\/person\/bf87806369778f949b83c9cd885519e5\",\"name\":\"VP DANSES\",\"description\":\"\\\"VP danses\\\" est une association qui donne des cours de DANSES SPORTIVES STANDARDS (valse anglaise, tango, valse viennoise, slowfox, quickstep), de DANSES SPORTIVES LATINES (samba, chacha, rumba, paso doble, jive), de DANSES DE BAL, de DANSES DE SALONS, de DANSES DE LOISIRS, de SALSA, de ROCK 4 TEMPS, de ROCK 6 TEMPS, de DANSES EN LIGNE, de DISCO, \u2026\",\"sameAs\":[\"https:\/\/vpdanses.fr\"],\"url\":\"https:\/\/vpdanses.fr\/home\/bienvenue-chez-vp-danses-hazebrouck\/author\/adminvp20241018\/\"}]}<\/script>\n<!-- \/ Yoast SEO Premium plugin. -->","yoast_head_json":{"title":"Ligne de danse : pourquoi le sens anti-horaire ? | VP DANSES","description":"D\u00e9couvrez pourquoi en danse sportive on progresse dans le sens inverse des aiguilles d'une montre. Histoire et technique de la ligne de danse expliqu\u00e9es par VP DANSES.","robots":{"index":"index","follow":"follow","max-snippet":"max-snippet:-1","max-image-preview":"max-image-preview:large","max-video-preview":"max-video-preview:-1"},"canonical":"https:\/\/vpdanses.fr\/home\/bienvenue-chez-vp-danses-hazebrouck\/ligne-de-danse-sens-inverse-aiguilles-montre\/","og_locale":"fr_FR","og_type":"article","og_title":"POURQUOI DANSE-T-ON DANS LE SENS INVERSE DES AIGUILLES D'UNE MONTRE ?","og_description":"D\u00e9couvrez pourquoi en danse sportive on progresse dans le sens inverse des aiguilles d'une montre. Histoire et technique de la ligne de danse expliqu\u00e9es par VP DANSES.","og_url":"https:\/\/vpdanses.fr\/home\/bienvenue-chez-vp-danses-hazebrouck\/ligne-de-danse-sens-inverse-aiguilles-montre\/","og_site_name":"VP DANSES, cours de Danse Sportive \u00e0 Aire-sur-la-Lys et \u00e0 Saint-Jans-Cappel (Hauts-de-France)","article_published_time":"2025-10-09T04:41:09+00:00","article_modified_time":"2025-10-09T04:46:41+00:00","og_image":[{"width":1200,"height":800,"url":"https:\/\/vpdanses.fr\/wp-content\/uploads\/2025\/10\/danse_sportive_saint_jans_cappel_VP-DANSES_valse_lente_cha_cha__4323.jpg","type":"image\/jpeg"}],"author":"VP DANSES","twitter_card":"summary_large_image","twitter_misc":{"\u00c9crit par":"VP DANSES","Dur\u00e9e de lecture estim\u00e9e":"4 minutes"},"schema":{"@context":"https:\/\/schema.org","@graph":[{"@type":"Article","@id":"https:\/\/vpdanses.fr\/home\/bienvenue-chez-vp-danses-hazebrouck\/ligne-de-danse-sens-inverse-aiguilles-montre\/#article","isPartOf":{"@id":"https:\/\/vpdanses.fr\/home\/bienvenue-chez-vp-danses-hazebrouck\/ligne-de-danse-sens-inverse-aiguilles-montre\/"},"author":{"name":"VP DANSES","@id":"https:\/\/vpdanses.fr\/home\/bienvenue-chez-vp-danses-hazebrouck\/#\/schema\/person\/bf87806369778f949b83c9cd885519e5"},"headline":"POURQUOI DANSE-T-ON DANS LE SENS INVERSE DES AIGUILLES D&rsquo;UNE MONTRE ?","datePublished":"2025-10-09T04:41:09+00:00","dateModified":"2025-10-09T04:46:41+00:00","mainEntityOfPage":{"@id":"https:\/\/vpdanses.fr\/home\/bienvenue-chez-vp-danses-hazebrouck\/ligne-de-danse-sens-inverse-aiguilles-montre\/"},"wordCount":480,"publisher":{"@id":"https:\/\/vpdanses.fr\/home\/bienvenue-chez-vp-danses-hazebrouck\/#organization"},"image":{"@id":"https:\/\/vpdanses.fr\/home\/bienvenue-chez-vp-danses-hazebrouck\/ligne-de-danse-sens-inverse-aiguilles-montre\/#primaryimage"},"thumbnailUrl":"https:\/\/vpdanses.fr\/wp-content\/uploads\/2025\/10\/danse_sportive_saint_jans_cappel_VP-DANSES_valse_lente_cha_cha__4323.jpg","articleSection":["Anecdotes historiques","Autour d'Hazebrouck","Fondamentaux techniques","Histoire de la danse","Saint-Jans-Cappel","Technique de danse"],"inLanguage":"fr-FR"},{"@type":"WebPage","@id":"https:\/\/vpdanses.fr\/home\/bienvenue-chez-vp-danses-hazebrouck\/ligne-de-danse-sens-inverse-aiguilles-montre\/","url":"https:\/\/vpdanses.fr\/home\/bienvenue-chez-vp-danses-hazebrouck\/ligne-de-danse-sens-inverse-aiguilles-montre\/","name":"Ligne de danse : pourquoi le sens anti-horaire ? | VP DANSES","isPartOf":{"@id":"https:\/\/vpdanses.fr\/home\/bienvenue-chez-vp-danses-hazebrouck\/#website"},"primaryImageOfPage":{"@id":"https:\/\/vpdanses.fr\/home\/bienvenue-chez-vp-danses-hazebrouck\/ligne-de-danse-sens-inverse-aiguilles-montre\/#primaryimage"},"image":{"@id":"https:\/\/vpdanses.fr\/home\/bienvenue-chez-vp-danses-hazebrouck\/ligne-de-danse-sens-inverse-aiguilles-montre\/#primaryimage"},"thumbnailUrl":"https:\/\/vpdanses.fr\/wp-content\/uploads\/2025\/10\/danse_sportive_saint_jans_cappel_VP-DANSES_valse_lente_cha_cha__4323.jpg","datePublished":"2025-10-09T04:41:09+00:00","dateModified":"2025-10-09T04:46:41+00:00","description":"D\u00e9couvrez pourquoi en danse sportive on progresse dans le sens inverse des aiguilles d'une montre. Histoire et technique de la ligne de danse expliqu\u00e9es par VP DANSES.","breadcrumb":{"@id":"https:\/\/vpdanses.fr\/home\/bienvenue-chez-vp-danses-hazebrouck\/ligne-de-danse-sens-inverse-aiguilles-montre\/#breadcrumb"},"inLanguage":"fr-FR","potentialAction":[{"@type":"ReadAction","target":["https:\/\/vpdanses.fr\/home\/bienvenue-chez-vp-danses-hazebrouck\/ligne-de-danse-sens-inverse-aiguilles-montre\/"]}]},{"@type":"ImageObject","inLanguage":"fr-FR","@id":"https:\/\/vpdanses.fr\/home\/bienvenue-chez-vp-danses-hazebrouck\/ligne-de-danse-sens-inverse-aiguilles-montre\/#primaryimage","url":"https:\/\/vpdanses.fr\/wp-content\/uploads\/2025\/10\/danse_sportive_saint_jans_cappel_VP-DANSES_valse_lente_cha_cha__4323.jpg","contentUrl":"https:\/\/vpdanses.fr\/wp-content\/uploads\/2025\/10\/danse_sportive_saint_jans_cappel_VP-DANSES_valse_lente_cha_cha__4323.jpg","width":1200,"height":800,"caption":"L'origine historique de la ligne de danse remonte au 19\u00e8me si\u00e8cle avec l'\u00e9volution de la valse"},{"@type":"BreadcrumbList","@id":"https:\/\/vpdanses.fr\/home\/bienvenue-chez-vp-danses-hazebrouck\/ligne-de-danse-sens-inverse-aiguilles-montre\/#breadcrumb","itemListElement":[{"@type":"ListItem","position":1,"name":"Accueil","item":"https:\/\/vpdanses.fr\/home\/bienvenue-chez-vp-danses-hazebrouck\/"},{"@type":"ListItem","position":2,"name":"POURQUOI DANSE-T-ON DANS LE SENS INVERSE DES AIGUILLES D&rsquo;UNE MONTRE ?"}]},{"@type":"WebSite","@id":"https:\/\/vpdanses.fr\/home\/bienvenue-chez-vp-danses-hazebrouck\/#website","url":"https:\/\/vpdanses.fr\/home\/bienvenue-chez-vp-danses-hazebrouck\/","name":"VP DANSES, cours de Danse Sportive \u00e0 Aire-sur-la-Lys et \u00e0 Saint-Jans-Cappel (Hauts-de-France)","description":"Cours de Danse Sportive STANDARD (valse anglaise, tango, valse viennoise, slowfox, quickstep), danses sportives LATINES (samba, chacha, rumba, paso doble, jive), danses de bal, danses de salons, danses de loisirs, salsa, rock 4 temps, rock 6 temps, danses en ligne, disco, \u2026 Lieu : Hazebrouck, Aire-sur-la-Lys, Saint-Jans-Cappel et Isbergues (Hauts-de-France) - Cours Particuliers dans les Hauts-de-France - Ouverture de bal de Mariage","publisher":{"@id":"https:\/\/vpdanses.fr\/home\/bienvenue-chez-vp-danses-hazebrouck\/#organization"},"potentialAction":[{"@type":"SearchAction","target":{"@type":"EntryPoint","urlTemplate":"https:\/\/vpdanses.fr\/home\/bienvenue-chez-vp-danses-hazebrouck\/?s={search_term_string}"},"query-input":{"@type":"PropertyValueSpecification","valueRequired":true,"valueName":"search_term_string"}}],"inLanguage":"fr-FR"},{"@type":"Organization","@id":"https:\/\/vpdanses.fr\/home\/bienvenue-chez-vp-danses-hazebrouck\/#organization","name":"VP DANSES, cours de Danse Sportive \u00e0 Aire-sur-la-Lys et \u00e0 Saint-Jans-Cappel (Hauts-de-France)","url":"https:\/\/vpdanses.fr\/home\/bienvenue-chez-vp-danses-hazebrouck\/","logo":{"@type":"ImageObject","inLanguage":"fr-FR","@id":"https:\/\/vpdanses.fr\/home\/bienvenue-chez-vp-danses-hazebrouck\/#\/schema\/logo\/image\/","url":"https:\/\/vpdanses.fr\/wp-content\/uploads\/2024\/10\/logo_cadanse_asaintjans.jpeg","contentUrl":"https:\/\/vpdanses.fr\/wp-content\/uploads\/2024\/10\/logo_cadanse_asaintjans.jpeg","width":225,"height":225,"caption":"VP DANSES, cours de Danse Sportive \u00e0 Aire-sur-la-Lys et \u00e0 Saint-Jans-Cappel (Hauts-de-France)"},"image":{"@id":"https:\/\/vpdanses.fr\/home\/bienvenue-chez-vp-danses-hazebrouck\/#\/schema\/logo\/image\/"}},{"@type":"Person","@id":"https:\/\/vpdanses.fr\/home\/bienvenue-chez-vp-danses-hazebrouck\/#\/schema\/person\/bf87806369778f949b83c9cd885519e5","name":"VP DANSES","description":"\"VP danses\" est une association qui donne des cours de DANSES SPORTIVES STANDARDS (valse anglaise, tango, valse viennoise, slowfox, quickstep), de DANSES SPORTIVES LATINES (samba, chacha, rumba, paso doble, jive), de DANSES DE BAL, de DANSES DE SALONS, de DANSES DE LOISIRS, de SALSA, de ROCK 4 TEMPS, de ROCK 6 TEMPS, de DANSES EN LIGNE, de DISCO, \u2026","sameAs":["https:\/\/vpdanses.fr"],"url":"https:\/\/vpdanses.fr\/home\/bienvenue-chez-vp-danses-hazebrouck\/author\/adminvp20241018\/"}]}},"jetpack_featured_media_url":"https:\/\/vpdanses.fr\/wp-content\/uploads\/2025\/10\/danse_sportive_saint_jans_cappel_VP-DANSES_valse_lente_cha_cha__4323.jpg","uagb_featured_image_src":{"full":["https:\/\/vpdanses.fr\/wp-content\/uploads\/2025\/10\/danse_sportive_saint_jans_cappel_VP-DANSES_valse_lente_cha_cha__4323.jpg",1200,800,false],"thumbnail":["https:\/\/vpdanses.fr\/wp-content\/uploads\/2025\/10\/danse_sportive_saint_jans_cappel_VP-DANSES_valse_lente_cha_cha__4323-150x150.jpg",150,150,true],"medium":["https:\/\/vpdanses.fr\/wp-content\/uploads\/2025\/10\/danse_sportive_saint_jans_cappel_VP-DANSES_valse_lente_cha_cha__4323-300x200.jpg",300,200,true],"medium_large":["https:\/\/vpdanses.fr\/wp-content\/uploads\/2025\/10\/danse_sportive_saint_jans_cappel_VP-DANSES_valse_lente_cha_cha__4323-768x512.jpg",768,512,true],"large":["https:\/\/vpdanses.fr\/wp-content\/uploads\/2025\/10\/danse_sportive_saint_jans_cappel_VP-DANSES_valse_lente_cha_cha__4323-1024x683.jpg",1024,683,true],"1536x1536":["https:\/\/vpdanses.fr\/wp-content\/uploads\/2025\/10\/danse_sportive_saint_jans_cappel_VP-DANSES_valse_lente_cha_cha__4323.jpg",1200,800,false],"2048x2048":["https:\/\/vpdanses.fr\/wp-content\/uploads\/2025\/10\/danse_sportive_saint_jans_cappel_VP-DANSES_valse_lente_cha_cha__4323.jpg",1200,800,false],"vp_sm":["https:\/\/vpdanses.fr\/wp-content\/uploads\/2025\/10\/danse_sportive_saint_jans_cappel_VP-DANSES_valse_lente_cha_cha__4323-500x333.jpg",500,333,true],"vp_md":["https:\/\/vpdanses.fr\/wp-content\/uploads\/2025\/10\/danse_sportive_saint_jans_cappel_VP-DANSES_valse_lente_cha_cha__4323-800x533.jpg",800,533,true],"vp_lg":["https:\/\/vpdanses.fr\/wp-content\/uploads\/2025\/10\/danse_sportive_saint_jans_cappel_VP-DANSES_valse_lente_cha_cha__4323.jpg",1200,800,false],"vp_xl":["https:\/\/vpdanses.fr\/wp-content\/uploads\/2025\/10\/danse_sportive_saint_jans_cappel_VP-DANSES_valse_lente_cha_cha__4323.jpg",1200,800,false],"vp_sm_popup":["https:\/\/vpdanses.fr\/wp-content\/uploads\/2025\/10\/danse_sportive_saint_jans_cappel_VP-DANSES_valse_lente_cha_cha__4323-500x333.jpg",500,333,true],"vp_md_popup":["https:\/\/vpdanses.fr\/wp-content\/uploads\/2025\/10\/danse_sportive_saint_jans_cappel_VP-DANSES_valse_lente_cha_cha__4323-800x533.jpg",800,533,true],"vp_xl_popup":["https:\/\/vpdanses.fr\/wp-content\/uploads\/2025\/10\/danse_sportive_saint_jans_cappel_VP-DANSES_valse_lente_cha_cha__4323.jpg",1200,800,false],"dance-blog-thumb":["https:\/\/vpdanses.fr\/wp-content\/uploads\/2025\/10\/danse_sportive_saint_jans_cappel_VP-DANSES_valse_lente_cha_cha__4323-150x120.jpg",150,120,true],"dance-event-list":["https:\/\/vpdanses.fr\/wp-content\/uploads\/2025\/10\/danse_sportive_saint_jans_cappel_VP-DANSES_valse_lente_cha_cha__4323-420x336.jpg",420,336,true],"dance-event-single-type1":["https:\/\/vpdanses.fr\/wp-content\/uploads\/2025\/10\/danse_sportive_saint_jans_cappel_VP-DANSES_valse_lente_cha_cha__4323-773x520.jpg",773,520,true],"dance-event-single-type4":["https:\/\/vpdanses.fr\/wp-content\/uploads\/2025\/10\/danse_sportive_saint_jans_cappel_VP-DANSES_valse_lente_cha_cha__4323-570x460.jpg",570,460,true],"dance-event-single-type5":["https:\/\/vpdanses.fr\/wp-content\/uploads\/2025\/10\/danse_sportive_saint_jans_cappel_VP-DANSES_valse_lente_cha_cha__4323-746x770.jpg",746,770,true],"dance-event-list2":["https:\/\/vpdanses.fr\/wp-content\/uploads\/2025\/10\/danse_sportive_saint_jans_cappel_VP-DANSES_valse_lente_cha_cha__4323-420x275.jpg",420,275,true]},"uagb_author_info":{"display_name":"VP DANSES","author_link":"https:\/\/vpdanses.fr\/home\/bienvenue-chez-vp-danses-hazebrouck\/author\/adminvp20241018\/"},"uagb_comment_info":0,"uagb_excerpt":"Question pos\u00e9e ce mercredi 8 octobre lors de notre cours hebdomadaire de danse sportive \u00e0 Saint-Jans-Cappel : pourquoi danse-t-on dans le sens inverse des aiguilles d'une montre ? D\u00e9couvrez l'origine historique fascinante de la \"ligne de danse\", cette r\u00e8gle universelle \u00e9tablie au 19\u00e8me si\u00e8cle pour \u00e9viter les vertiges caus\u00e9s par la valse. Entre r\u00e9f\u00e9rences techniques\u2026","jetpack_sharing_enabled":true,"_links":{"self":[{"href":"https:\/\/vpdanses.fr\/home\/bienvenue-chez-vp-danses-hazebrouck\/wp-json\/wp\/v2\/posts\/14502","targetHints":{"allow":["GET"]}}],"collection":[{"href":"https:\/\/vpdanses.fr\/home\/bienvenue-chez-vp-danses-hazebrouck\/wp-json\/wp\/v2\/posts"}],"about":[{"href":"https:\/\/vpdanses.fr\/home\/bienvenue-chez-vp-danses-hazebrouck\/wp-json\/wp\/v2\/types\/post"}],"author":[{"embeddable":true,"href":"https:\/\/vpdanses.fr\/home\/bienvenue-chez-vp-danses-hazebrouck\/wp-json\/wp\/v2\/users\/1"}],"replies":[{"embeddable":true,"href":"https:\/\/vpdanses.fr\/home\/bienvenue-chez-vp-danses-hazebrouck\/wp-json\/wp\/v2\/comments?post=14502"}],"version-history":[{"count":4,"href":"https:\/\/vpdanses.fr\/home\/bienvenue-chez-vp-danses-hazebrouck\/wp-json\/wp\/v2\/posts\/14502\/revisions"}],"predecessor-version":[{"id":14518,"href":"https:\/\/vpdanses.fr\/home\/bienvenue-chez-vp-danses-hazebrouck\/wp-json\/wp\/v2\/posts\/14502\/revisions\/14518"}],"wp:featuredmedia":[{"embeddable":true,"href":"https:\/\/vpdanses.fr\/home\/bienvenue-chez-vp-danses-hazebrouck\/wp-json\/wp\/v2\/media\/14504"}],"wp:attachment":[{"href":"https:\/\/vpdanses.fr\/home\/bienvenue-chez-vp-danses-hazebrouck\/wp-json\/wp\/v2\/media?parent=14502"}],"wp:term":[{"taxonomy":"category","embeddable":true,"href":"https:\/\/vpdanses.fr\/home\/bienvenue-chez-vp-danses-hazebrouck\/wp-json\/wp\/v2\/categories?post=14502"},{"taxonomy":"post_tag","embeddable":true,"href":"https:\/\/vpdanses.fr\/home\/bienvenue-chez-vp-danses-hazebrouck\/wp-json\/wp\/v2\/tags?post=14502"}],"curies":[{"name":"wp","href":"https:\/\/api.w.org\/{rel}","templated":true}]}}