{"id":14601,"date":"2024-06-09T17:48:00","date_gmt":"2024-06-09T15:48:00","guid":{"rendered":"https:\/\/vpdanses.fr\/home\/bienvenue-chez-vp-danses-hazebrouck\/?p=14601"},"modified":"2025-10-21T18:28:33","modified_gmt":"2025-10-21T16:28:33","slug":"ffd-criteriums-venissieux-2024-senior2-standards","status":"publish","type":"post","link":"https:\/\/vpdanses.fr\/home\/bienvenue-chez-vp-danses-hazebrouck\/ffd-criteriums-venissieux-2024-senior2-standards\/","title":{"rendered":"VP DANSES sur le podium des Crit\u00e9riums Nationaux FFD \u2013 16\u1d49 Troph\u00e9e V\u00e9nissian \u00e0 V\u00e9nissieux (09\/06\/2024)"},"content":{"rendered":"\n<p>VP DANSES a particip\u00e9 \u00e0 la comp\u00e9tition de Danse Sportive des CRITERIUM NATIONAUX \u00e0 VENISSIEUX (France) le 09\/06\/2024 dans la cat\u00e9gorie SENIOR II Standards. Ce&nbsp;<strong><a href=\"https:\/\/www.ffdanse.fr\/evenements\/criteriums-nationaux-1\" target=\"_blank\" rel=\"noreferrer noopener\">16\u00e8me Troph\u00e9e V\u00e9nissian<\/a><\/strong>&nbsp;est un \u00e9v\u00e9nement de la&nbsp;<strong>F\u00e9d\u00e9ration Fran\u00e7aise de Danse (FFD)<\/strong>.<\/p>\n\n\n\n<p>Site internet de l\u2019organisateur : Ecole de danse&nbsp;<strong>Christophe REY<\/strong>&nbsp;(<a href=\"https:\/\/www.ecolededanserey.com\" target=\"_blank\" rel=\"noreferrer noopener\">https:\/\/www.ecolededanserey.com<\/a>)<\/p>\n\n\n\n<p>Lien vers les r\u00e9sultats de cette comp\u00e9tition FFD :&nbsp;<a href=\"https:\/\/chairperson.ffdanse.fr\/resultats\/critnatdim\/7-nat_sen2intermediairestd\/index.htm\" target=\"_blank\" rel=\"noreferrer noopener\">https:\/\/chairperson.ffdanse.fr\/resultats\/critnatdim\/7-nat_sen2intermediairestd\/index.htm<\/a><\/p>\n\n\n\n<div style=\"height:51px\" aria-hidden=\"true\" class=\"wp-block-spacer\"><\/div>\n\n\n\n<div class=\"wp-block-uagb-separator uagb-block-a29c1ae9 wp-block-uagb-separator--icon\"><div class=\"wp-block-uagb-separator__inner\" style=\"--my-background-image:\"><div class=\"wp-block-uagb-separator-element\"><svg xmlns=\"https:\/\/www.w3.org\/2000\/svg\" viewBox=\"0 0 512 512\"><path d=\"M378.7 32H133.3L256 182.7L378.7 32zM512 192l-107.4-141.3L289.6 192H512zM107.4 50.67L0 192h222.4L107.4 50.67zM244.3 474.9C247.3 478.2 251.6 480 256 480s8.653-1.828 11.67-5.062L510.6 224H1.365L244.3 474.9z\"><\/path><\/svg><\/div><\/div><\/div>\n\n\n<div class=\"wp-block-visual-portfolio alignwide\">\n<div class=\"vp-portfolio vp-uid-c28a49f4 vp-id-Z1L8NXE\"\n\tdata-vp-layout=\"tiles\" data-vp-content-source=\"images\" data-vp-items-style=\"fade\" data-vp-items-click-action=\"url\" data-vp-items-gap=\"15\" data-vp-items-gap-vertical=\"\" data-vp-pagination=\"load-more\" data-vp-next-page-url=\"\" data-vp-tiles-type=\"3|1,1|\" >\n\t<div class=\"vp-portfolio__preloader-wrap\">\n\t\t<div class=\"vp-portfolio__preloader\">\n\t\t\t<img decoding=\"async\" loading=\"eager\" src=\"https:\/\/vpdanses.fr\/wp-content\/plugins\/visual-portfolio\/assets\/images\/logo-dark.svg\" alt=\"Visual Portfolio, Posts &amp; Image Gallery for WordPress\" width=\"20\" height=\"20\" data-skip-lazy>\n\t\t<\/div>\n\t<\/div>\n\t\t<div class=\"vp-portfolio__items-wrap\">\n\t\t\t\n<div class=\"vp-portfolio__items vp-portfolio__items-style-fade vp-portfolio__items-show-overlay-hover\">\n\n\t\t<div\t\tclass=\"vp-portfolio__item-wrap vp-portfolio__item-uid-5c4e9c60\" data-vp-filter=\"\" \t\t>\n\t\t\t\t\t\t\t\t\t<figure class=\"vp-portfolio__item\">\n\t\t\t\t\n<div class=\"vp-portfolio__item-img-wrap\">\n\t<div class=\"vp-portfolio__item-img\">\n\t\t\t<a\n\t\thref=\"https:\/\/vpdanses.fr\/wp-content\/uploads\/2025\/10\/vp-danses-podium-criterium-venissieux-ffd-2024-senior2-standards.jpg\"\n\t\t\t>\n\t\n\t\t<noscript><img loading=\"lazy\" decoding=\"async\" width=\"1080\" height=\"684\" data-skip-lazy src=\"https:\/\/vpdanses.fr\/wp-content\/uploads\/2025\/10\/vp-danses-podium-criterium-venissieux-ffd-2024-senior2-standards.jpg\" class=\"wp-image-14604\" alt=\"Virginie et Philippe (VP DANSES) sur le podium \u00e0 la 3e place du 16e Troph\u00e9e V\u00e9nissian \u00e0 V\u00e9nissieux, comp\u00e9tition FFD 2024 en cat\u00e9gorie Seniors II Standards\" srcset=\"https:\/\/vpdanses.fr\/wp-content\/uploads\/2025\/10\/vp-danses-podium-criterium-venissieux-ffd-2024-senior2-standards.jpg 1080w, https:\/\/vpdanses.fr\/wp-content\/uploads\/2025\/10\/vp-danses-podium-criterium-venissieux-ffd-2024-senior2-standards-300x190.jpg 300w, https:\/\/vpdanses.fr\/wp-content\/uploads\/2025\/10\/vp-danses-podium-criterium-venissieux-ffd-2024-senior2-standards-1024x649.jpg 1024w, https:\/\/vpdanses.fr\/wp-content\/uploads\/2025\/10\/vp-danses-podium-criterium-venissieux-ffd-2024-senior2-standards-768x486.jpg 768w, https:\/\/vpdanses.fr\/wp-content\/uploads\/2025\/10\/vp-danses-podium-criterium-venissieux-ffd-2024-senior2-standards-500x317.jpg 500w, https:\/\/vpdanses.fr\/wp-content\/uploads\/2025\/10\/vp-danses-podium-criterium-venissieux-ffd-2024-senior2-standards-800x507.jpg 800w\" sizes=\"auto, (max-width: 1080px) 100vw, 1080px\" \/><\/noscript><img fetchpriority=\"high\" decoding=\"async\" width=\"1080\" height=\"684\" src=\"https:\/\/vpdanses.fr\/wp-content\/uploads\/2025\/10\/vp-danses-podium-criterium-venissieux-ffd-2024-senior2-standards.jpg\" class=\"wp-image-14604 vp-lazyload\" alt=\"Virginie et Philippe (VP DANSES) sur le podium \u00e0 la 3e place du 16e Troph\u00e9e V\u00e9nissian \u00e0 V\u00e9nissieux, comp\u00e9tition FFD 2024 en cat\u00e9gorie Seniors II Standards\" srcset=\"data:image\/svg+xml;base64,PHN2ZyB3aWR0aD0iMTA4MCIgaGVpZ2h0PSI2ODQiIHZpZXdCb3g9IjAgMCAxMDgwIDY4NCIgZmlsbD0ibm9uZSIgeG1sbnM9Imh0dHA6Ly93d3cudzMub3JnLzIwMDAvc3ZnIj48L3N2Zz4=\" data-src=\"https:\/\/vpdanses.fr\/wp-content\/uploads\/2025\/10\/vp-danses-podium-criterium-venissieux-ffd-2024-senior2-standards.jpg\" data-srcset=\"https:\/\/vpdanses.fr\/wp-content\/uploads\/2025\/10\/vp-danses-podium-criterium-venissieux-ffd-2024-senior2-standards.jpg 1080w, https:\/\/vpdanses.fr\/wp-content\/uploads\/2025\/10\/vp-danses-podium-criterium-venissieux-ffd-2024-senior2-standards-300x190.jpg 300w, https:\/\/vpdanses.fr\/wp-content\/uploads\/2025\/10\/vp-danses-podium-criterium-venissieux-ffd-2024-senior2-standards-1024x649.jpg 1024w, https:\/\/vpdanses.fr\/wp-content\/uploads\/2025\/10\/vp-danses-podium-criterium-venissieux-ffd-2024-senior2-standards-768x486.jpg 768w, https:\/\/vpdanses.fr\/wp-content\/uploads\/2025\/10\/vp-danses-podium-criterium-venissieux-ffd-2024-senior2-standards-500x317.jpg 500w, https:\/\/vpdanses.fr\/wp-content\/uploads\/2025\/10\/vp-danses-podium-criterium-venissieux-ffd-2024-senior2-standards-800x507.jpg 800w\" data-sizes=\"auto\" loading=\"eager\">\n\t\t<\/a>\t<\/div>\n<\/div>\n\t<figcaption class=\"vp-portfolio__item-overlay vp-portfolio__item-overlay-text-align-center\">\n\t\t<div class=\"vp-portfolio__item-meta-wrap vp-portfolio__custom-scrollbar\">\n\t\t\t\t<a\n\t\thref=\"https:\/\/vpdanses.fr\/wp-content\/uploads\/2025\/10\/vp-danses-podium-criterium-venissieux-ffd-2024-senior2-standards.jpg\"\n\t\ttabindex=\"-1\" class=\"vp-portfolio__item-meta\" \t>\n\t\n<h2 class=\"vp-portfolio__item-meta-title\">\n\tVP DANSES \u2013 Podium du 16e Troph\u00e9e V\u00e9nissian FFD 2024 \u00e0 V\u00e9nissieux (Seniors II Standards)<\/h2>\n<\/a>\t\t<\/div>\n\t<\/figcaption>\n\t\t\t<\/figure>\n\t\t\t\t\t<\/div>\n\t\t\n\t\t<div\t\tclass=\"vp-portfolio__item-wrap vp-portfolio__item-uid-0e1b1e7f\" data-vp-filter=\"\" \t\t>\n\t\t\t\t\t\t\t\t\t<figure class=\"vp-portfolio__item\">\n\t\t\t\t\n<div class=\"vp-portfolio__item-img-wrap\">\n\t<div class=\"vp-portfolio__item-img\">\n\t\t\t<a\n\t\thref=\"https:\/\/vpdanses.fr\/wp-content\/uploads\/2025\/10\/vp-danses-listings-criterium-venissieux-ffd-2024-senior2-standards.jpg\"\n\t\t\t>\n\t\n\t\t<noscript><img loading=\"lazy\" decoding=\"async\" width=\"1080\" height=\"810\" data-skip-lazy src=\"https:\/\/vpdanses.fr\/wp-content\/uploads\/2025\/10\/vp-danses-listings-criterium-venissieux-ffd-2024-senior2-standards.jpg\" class=\"wp-image-14607\" alt=\"Le couple Virginie et Philippe (VP DANSES) consulte les listings des comp\u00e9titeurs s\u00e9lectionn\u00e9s pour le tour suivant lors du 16e Troph\u00e9e V\u00e9nissian \u00e0 V\u00e9nissieux \u2013 Crit\u00e9riums Nationaux FFD 2024 cat\u00e9gorie Seniors II Standards\" srcset=\"https:\/\/vpdanses.fr\/wp-content\/uploads\/2025\/10\/vp-danses-listings-criterium-venissieux-ffd-2024-senior2-standards.jpg 1080w, https:\/\/vpdanses.fr\/wp-content\/uploads\/2025\/10\/vp-danses-listings-criterium-venissieux-ffd-2024-senior2-standards-300x225.jpg 300w, https:\/\/vpdanses.fr\/wp-content\/uploads\/2025\/10\/vp-danses-listings-criterium-venissieux-ffd-2024-senior2-standards-1024x768.jpg 1024w, https:\/\/vpdanses.fr\/wp-content\/uploads\/2025\/10\/vp-danses-listings-criterium-venissieux-ffd-2024-senior2-standards-768x576.jpg 768w, https:\/\/vpdanses.fr\/wp-content\/uploads\/2025\/10\/vp-danses-listings-criterium-venissieux-ffd-2024-senior2-standards-500x375.jpg 500w, https:\/\/vpdanses.fr\/wp-content\/uploads\/2025\/10\/vp-danses-listings-criterium-venissieux-ffd-2024-senior2-standards-800x600.jpg 800w\" sizes=\"auto, (max-width: 1080px) 100vw, 1080px\" \/><\/noscript><img decoding=\"async\" width=\"1080\" height=\"810\" src=\"https:\/\/vpdanses.fr\/wp-content\/uploads\/2025\/10\/vp-danses-listings-criterium-venissieux-ffd-2024-senior2-standards.jpg\" class=\"wp-image-14607 vp-lazyload\" alt=\"Le couple Virginie et Philippe (VP DANSES) consulte les listings des comp\u00e9titeurs s\u00e9lectionn\u00e9s pour le tour suivant lors du 16e Troph\u00e9e V\u00e9nissian \u00e0 V\u00e9nissieux \u2013 Crit\u00e9riums Nationaux FFD 2024 cat\u00e9gorie Seniors II Standards\" srcset=\"data:image\/svg+xml;base64,PHN2ZyB3aWR0aD0iMTA4MCIgaGVpZ2h0PSI4MTAiIHZpZXdCb3g9IjAgMCAxMDgwIDgxMCIgZmlsbD0ibm9uZSIgeG1sbnM9Imh0dHA6Ly93d3cudzMub3JnLzIwMDAvc3ZnIj48L3N2Zz4=\" data-src=\"https:\/\/vpdanses.fr\/wp-content\/uploads\/2025\/10\/vp-danses-listings-criterium-venissieux-ffd-2024-senior2-standards.jpg\" data-srcset=\"https:\/\/vpdanses.fr\/wp-content\/uploads\/2025\/10\/vp-danses-listings-criterium-venissieux-ffd-2024-senior2-standards.jpg 1080w, https:\/\/vpdanses.fr\/wp-content\/uploads\/2025\/10\/vp-danses-listings-criterium-venissieux-ffd-2024-senior2-standards-300x225.jpg 300w, https:\/\/vpdanses.fr\/wp-content\/uploads\/2025\/10\/vp-danses-listings-criterium-venissieux-ffd-2024-senior2-standards-1024x768.jpg 1024w, https:\/\/vpdanses.fr\/wp-content\/uploads\/2025\/10\/vp-danses-listings-criterium-venissieux-ffd-2024-senior2-standards-768x576.jpg 768w, https:\/\/vpdanses.fr\/wp-content\/uploads\/2025\/10\/vp-danses-listings-criterium-venissieux-ffd-2024-senior2-standards-500x375.jpg 500w, https:\/\/vpdanses.fr\/wp-content\/uploads\/2025\/10\/vp-danses-listings-criterium-venissieux-ffd-2024-senior2-standards-800x600.jpg 800w\" data-sizes=\"auto\" loading=\"eager\">\n\t\t<\/a>\t<\/div>\n<\/div>\n\t<figcaption class=\"vp-portfolio__item-overlay vp-portfolio__item-overlay-text-align-center\">\n\t\t<div class=\"vp-portfolio__item-meta-wrap vp-portfolio__custom-scrollbar\">\n\t\t\t\t<a\n\t\thref=\"https:\/\/vpdanses.fr\/wp-content\/uploads\/2025\/10\/vp-danses-listings-criterium-venissieux-ffd-2024-senior2-standards.jpg\"\n\t\ttabindex=\"-1\" class=\"vp-portfolio__item-meta\" \t>\n\t\n<h2 class=\"vp-portfolio__item-meta-title\">\n\tVP DANSES \u2013 Consultation des listings des comp\u00e9titeurs \u2013 Crit\u00e9riums Nationaux FFD 2024 \u00e0 V\u00e9nissieux (Seniors II Standards)<\/h2>\n<\/a>\t\t<\/div>\n\t<\/figcaption>\n\t\t\t<\/figure>\n\t\t\t\t\t<\/div>\n\t\t\n\t\t<div\t\tclass=\"vp-portfolio__item-wrap vp-portfolio__item-uid-18307140\" data-vp-filter=\"\" \t\t>\n\t\t\t\t\t\t\t\t\t<figure class=\"vp-portfolio__item\">\n\t\t\t\t\n<div class=\"vp-portfolio__item-img-wrap\">\n\t<div class=\"vp-portfolio__item-img\">\n\t\t\t<a\n\t\thref=\"https:\/\/vpdanses.fr\/wp-content\/uploads\/2025\/10\/affiche-16e-trophee-venissian-ffd-2024-ecole-christophe-rey.jpg\"\n\t\t\t>\n\t\n\t\t<noscript><img loading=\"lazy\" decoding=\"async\" width=\"763\" height=\"1080\" data-skip-lazy src=\"https:\/\/vpdanses.fr\/wp-content\/uploads\/2025\/10\/affiche-16e-trophee-venissian-ffd-2024-ecole-christophe-rey.jpg\" class=\"wp-image-14608\" alt=\"Affiche officielle du 16e Troph\u00e9e V\u00e9nissian organis\u00e9 par l\u2019\u00c9cole de danse Christophe REY \u00e0 V\u00e9nissieux le 9 juin 2024 \u2013 Crit\u00e9riums Nationaux FFD 2024\" srcset=\"https:\/\/vpdanses.fr\/wp-content\/uploads\/2025\/10\/affiche-16e-trophee-venissian-ffd-2024-ecole-christophe-rey.jpg 763w, https:\/\/vpdanses.fr\/wp-content\/uploads\/2025\/10\/affiche-16e-trophee-venissian-ffd-2024-ecole-christophe-rey-212x300.jpg 212w, https:\/\/vpdanses.fr\/wp-content\/uploads\/2025\/10\/affiche-16e-trophee-venissian-ffd-2024-ecole-christophe-rey-723x1024.jpg 723w, https:\/\/vpdanses.fr\/wp-content\/uploads\/2025\/10\/affiche-16e-trophee-venissian-ffd-2024-ecole-christophe-rey-500x708.jpg 500w\" sizes=\"auto, (max-width: 763px) 100vw, 763px\" \/><\/noscript><img decoding=\"async\" width=\"763\" height=\"1080\" src=\"https:\/\/vpdanses.fr\/wp-content\/uploads\/2025\/10\/affiche-16e-trophee-venissian-ffd-2024-ecole-christophe-rey.jpg\" class=\"wp-image-14608 vp-lazyload\" alt=\"Affiche officielle du 16e Troph\u00e9e V\u00e9nissian organis\u00e9 par l\u2019\u00c9cole de danse Christophe REY \u00e0 V\u00e9nissieux le 9 juin 2024 \u2013 Crit\u00e9riums Nationaux FFD 2024\" srcset=\"data:image\/svg+xml;base64,PHN2ZyB3aWR0aD0iNzYzIiBoZWlnaHQ9IjEwODAiIHZpZXdCb3g9IjAgMCA3NjMgMTA4MCIgZmlsbD0ibm9uZSIgeG1sbnM9Imh0dHA6Ly93d3cudzMub3JnLzIwMDAvc3ZnIj48L3N2Zz4=\" data-src=\"https:\/\/vpdanses.fr\/wp-content\/uploads\/2025\/10\/affiche-16e-trophee-venissian-ffd-2024-ecole-christophe-rey.jpg\" data-srcset=\"https:\/\/vpdanses.fr\/wp-content\/uploads\/2025\/10\/affiche-16e-trophee-venissian-ffd-2024-ecole-christophe-rey.jpg 763w, https:\/\/vpdanses.fr\/wp-content\/uploads\/2025\/10\/affiche-16e-trophee-venissian-ffd-2024-ecole-christophe-rey-212x300.jpg 212w, https:\/\/vpdanses.fr\/wp-content\/uploads\/2025\/10\/affiche-16e-trophee-venissian-ffd-2024-ecole-christophe-rey-723x1024.jpg 723w, https:\/\/vpdanses.fr\/wp-content\/uploads\/2025\/10\/affiche-16e-trophee-venissian-ffd-2024-ecole-christophe-rey-500x708.jpg 500w\" data-sizes=\"auto\" loading=\"eager\">\n\t\t<\/a>\t<\/div>\n<\/div>\n\t<figcaption class=\"vp-portfolio__item-overlay vp-portfolio__item-overlay-text-align-center\">\n\t\t<div class=\"vp-portfolio__item-meta-wrap vp-portfolio__custom-scrollbar\">\n\t\t\t\t<a\n\t\thref=\"https:\/\/vpdanses.fr\/wp-content\/uploads\/2025\/10\/affiche-16e-trophee-venissian-ffd-2024-ecole-christophe-rey.jpg\"\n\t\ttabindex=\"-1\" class=\"vp-portfolio__item-meta\" \t>\n\t\n<h2 class=\"vp-portfolio__item-meta-title\">\n\tAffiche officielle du 16e Troph\u00e9e V\u00e9nissian \u2013 Crit\u00e9riums Nationaux FFD 2024 \u2013 \u00c9cole de danse Christophe REY<\/h2>\n<\/a>\t\t<\/div>\n\t<\/figcaption>\n\t\t\t<\/figure>\n\t\t\t\t\t<\/div>\n\t\t\n\t\t<div\t\tclass=\"vp-portfolio__item-wrap vp-portfolio__item-uid-a46b9273\" data-vp-filter=\"\" \t\t>\n\t\t\t\t\t\t\t\t\t<figure class=\"vp-portfolio__item\">\n\t\t\t\t\n<div class=\"vp-portfolio__item-img-wrap\">\n\t<div class=\"vp-portfolio__item-img\">\n\t\t\t<a\n\t\thref=\"https:\/\/vpdanses.fr\/wp-content\/uploads\/2025\/10\/vp-danses-groupe-ascendance-criterium-venissieux-ffd-2024.jpg\"\n\t\t\t>\n\t\n\t\t<noscript><img loading=\"lazy\" decoding=\"async\" width=\"1080\" height=\"854\" data-skip-lazy src=\"https:\/\/vpdanses.fr\/wp-content\/uploads\/2025\/10\/vp-danses-groupe-ascendance-criterium-venissieux-ffd-2024.jpg\" class=\"wp-image-14609\" alt=\"Photo de groupe avec le couple VP DANSES, Carine et Fabrice, Sylvie et Fred du club ASCENDANCE lors du 16e Troph\u00e9e V\u00e9nissian \u00e0 V\u00e9nissieux \u2013 Crit\u00e9riums Nationaux FFD 2024\" srcset=\"https:\/\/vpdanses.fr\/wp-content\/uploads\/2025\/10\/vp-danses-groupe-ascendance-criterium-venissieux-ffd-2024.jpg 1080w, https:\/\/vpdanses.fr\/wp-content\/uploads\/2025\/10\/vp-danses-groupe-ascendance-criterium-venissieux-ffd-2024-300x237.jpg 300w, https:\/\/vpdanses.fr\/wp-content\/uploads\/2025\/10\/vp-danses-groupe-ascendance-criterium-venissieux-ffd-2024-1024x810.jpg 1024w, https:\/\/vpdanses.fr\/wp-content\/uploads\/2025\/10\/vp-danses-groupe-ascendance-criterium-venissieux-ffd-2024-768x607.jpg 768w, https:\/\/vpdanses.fr\/wp-content\/uploads\/2025\/10\/vp-danses-groupe-ascendance-criterium-venissieux-ffd-2024-500x395.jpg 500w, https:\/\/vpdanses.fr\/wp-content\/uploads\/2025\/10\/vp-danses-groupe-ascendance-criterium-venissieux-ffd-2024-800x633.jpg 800w, https:\/\/vpdanses.fr\/wp-content\/uploads\/2025\/10\/vp-danses-groupe-ascendance-criterium-venissieux-ffd-2024-150x120.jpg 150w\" sizes=\"auto, (max-width: 1080px) 100vw, 1080px\" \/><\/noscript><img decoding=\"async\" width=\"1080\" height=\"854\" src=\"https:\/\/vpdanses.fr\/wp-content\/uploads\/2025\/10\/vp-danses-groupe-ascendance-criterium-venissieux-ffd-2024.jpg\" class=\"wp-image-14609 vp-lazyload\" alt=\"Photo de groupe avec le couple VP DANSES, Carine et Fabrice, Sylvie et Fred du club ASCENDANCE lors du 16e Troph\u00e9e V\u00e9nissian \u00e0 V\u00e9nissieux \u2013 Crit\u00e9riums Nationaux FFD 2024\" srcset=\"data:image\/svg+xml;base64,PHN2ZyB3aWR0aD0iMTA4MCIgaGVpZ2h0PSI4NTQiIHZpZXdCb3g9IjAgMCAxMDgwIDg1NCIgZmlsbD0ibm9uZSIgeG1sbnM9Imh0dHA6Ly93d3cudzMub3JnLzIwMDAvc3ZnIj48L3N2Zz4=\" data-src=\"https:\/\/vpdanses.fr\/wp-content\/uploads\/2025\/10\/vp-danses-groupe-ascendance-criterium-venissieux-ffd-2024.jpg\" data-srcset=\"https:\/\/vpdanses.fr\/wp-content\/uploads\/2025\/10\/vp-danses-groupe-ascendance-criterium-venissieux-ffd-2024.jpg 1080w, https:\/\/vpdanses.fr\/wp-content\/uploads\/2025\/10\/vp-danses-groupe-ascendance-criterium-venissieux-ffd-2024-300x237.jpg 300w, https:\/\/vpdanses.fr\/wp-content\/uploads\/2025\/10\/vp-danses-groupe-ascendance-criterium-venissieux-ffd-2024-1024x810.jpg 1024w, https:\/\/vpdanses.fr\/wp-content\/uploads\/2025\/10\/vp-danses-groupe-ascendance-criterium-venissieux-ffd-2024-768x607.jpg 768w, https:\/\/vpdanses.fr\/wp-content\/uploads\/2025\/10\/vp-danses-groupe-ascendance-criterium-venissieux-ffd-2024-500x395.jpg 500w, https:\/\/vpdanses.fr\/wp-content\/uploads\/2025\/10\/vp-danses-groupe-ascendance-criterium-venissieux-ffd-2024-800x633.jpg 800w, https:\/\/vpdanses.fr\/wp-content\/uploads\/2025\/10\/vp-danses-groupe-ascendance-criterium-venissieux-ffd-2024-150x120.jpg 150w\" data-sizes=\"auto\" loading=\"eager\">\n\t\t<\/a>\t<\/div>\n<\/div>\n\t<figcaption class=\"vp-portfolio__item-overlay vp-portfolio__item-overlay-text-align-center\">\n\t\t<div class=\"vp-portfolio__item-meta-wrap vp-portfolio__custom-scrollbar\">\n\t\t\t\t<a\n\t\thref=\"https:\/\/vpdanses.fr\/wp-content\/uploads\/2025\/10\/vp-danses-groupe-ascendance-criterium-venissieux-ffd-2024.jpg\"\n\t\ttabindex=\"-1\" class=\"vp-portfolio__item-meta\" \t>\n\t\n<h2 class=\"vp-portfolio__item-meta-title\">\n\tVP DANSES et couples ASCENDANCE \u2013 Photo de groupe Crit\u00e9riums Nationaux FFD 2024 \u00e0 V\u00e9nissieux<\/h2>\n<\/a>\t\t<\/div>\n\t<\/figcaption>\n\t\t\t<\/figure>\n\t\t\t\t\t<\/div>\n\t\t\n<\/div>\n\t\t<\/div>\n\t\t\n<\/div>\n<\/div>","protected":false},"excerpt":{"rendered":"<p>VP DANSES d\u00e9croche la 3e place au 16e Troph\u00e9e V\u00e9nissian \u00e0 V\u00e9nissieux lors des Crit\u00e9riums Nationaux FFD 2024 \u2013 cat\u00e9gorie Senior II Standards. Bravo \u00e0 notre couple (dossard 58) !<\/p>\n","protected":false},"author":1,"featured_media":14604,"comment_status":"closed","ping_status":"closed","sticky":false,"template":"","format":"standard","meta":{"_uag_custom_page_level_css":"","_price":"","_stock":"","_tribe_ticket_header":"","_tribe_default_ticket_provider":"","_tribe_ticket_capacity":"0","_ticket_start_date":"","_ticket_end_date":"","_tribe_ticket_show_description":"","_tribe_ticket_show_not_going":false,"_tribe_ticket_use_global_stock":"","_tribe_ticket_global_stock_level":"","_global_stock_mode":"","_global_stock_cap":"","_tribe_rsvp_for_event":"","_tribe_ticket_going_count":"","_tribe_ticket_not_going_count":"","_tribe_tickets_list":"[]","_tribe_ticket_has_attendee_info_fields":false,"_EventAllDay":false,"_EventTimezone":"","_EventStartDate":"","_EventEndDate":"","_EventStartDateUTC":"","_EventEndDateUTC":"","_EventShowMap":false,"_EventShowMapLink":false,"_EventURL":"","_EventCost":"","_EventCostDescription":"","_EventCurrencySymbol":"","_EventCurrencyCode":"","_EventCurrencyPosition":"","_EventDateTimeSeparator":"","_EventTimeRangeSeparator":"","_EventOrganizerID":[],"_EventVenueID":[],"_OrganizerEmail":"","_OrganizerPhone":"","_OrganizerWebsite":"","_VenueAddress":"","_VenueCity":"","_VenueCountry":"","_VenueProvince":"","_VenueState":"","_VenueZip":"","_VenuePhone":"","_VenueURL":"","_VenueStateProvince":"","_VenueLat":"","_VenueLng":"","_VenueShowMap":false,"_VenueShowMapLink":false,"_vp_format_video_url":"","_vp_image_focal_point":[],"_jetpack_memberships_contains_paid_content":false,"footnotes":""},"categories":[229,293,234,475],"tags":[477,106,233,480,481,479,471,478,476,96],"class_list":["post-14601","post","type-post","status-publish","format-standard","has-post-thumbnail","hentry","category-competition","category-danse-sportive","category-ffd","category-resultats","tag-criteriums-nationaux","tag-danse-sportive","tag-ffd","tag-podium","tag-resultats-2024","tag-senior-ii","tag-standards","tag-trophee-venissian","tag-venissieux","tag-vp-danses"],"yoast_head":"<!-- This site is optimized with the Yoast SEO Premium plugin v25.6 (Yoast SEO v25.6) - https:\/\/yoast.com\/wordpress\/plugins\/seo\/ -->\n<title>VP DANSES sur le podium des Crit\u00e9riums Nationaux FFD \u2013 16\u1d49 Troph\u00e9e V\u00e9nissian \u00e0 V\u00e9nissieux (09\/06\/2024)<\/title>\n<meta name=\"description\" content=\"VP DANSES a d\u00e9croch\u00e9 la 3e place lors du 16e Troph\u00e9e V\u00e9nissian \u00e0 V\u00e9nissieux le 9 juin 2024, dans la cat\u00e9gorie Senior II Standards des Crit\u00e9riums Nationaux FFD. D\u00e9couvrez les r\u00e9sultats, photos et moments forts de cette belle performance !\" \/>\n<meta name=\"robots\" content=\"index, follow, max-snippet:-1, max-image-preview:large, max-video-preview:-1\" \/>\n<link rel=\"canonical\" href=\"https:\/\/vpdanses.fr\/home\/bienvenue-chez-vp-danses-hazebrouck\/ffd-criteriums-venissieux-2024-senior2-standards\/\" \/>\n<meta property=\"og:locale\" content=\"fr_FR\" \/>\n<meta property=\"og:type\" content=\"article\" \/>\n<meta property=\"og:title\" content=\"VP DANSES sur le podium des Crit\u00e9riums Nationaux FFD \u2013 16\u1d49 Troph\u00e9e V\u00e9nissian \u00e0 V\u00e9nissieux (09\/06\/2024)\" \/>\n<meta property=\"og:description\" content=\"Le 9 juin 2024, VP DANSES a d\u00e9croch\u00e9 la 3e place au 16e Troph\u00e9e V\u00e9nissian \u00e0 V\u00e9nissieux dans la cat\u00e9gorie Senior II Standards des Crit\u00e9riums Nationaux FFD. Bravo \u00e0 notre couple (dossard 58) !\" \/>\n<meta property=\"og:url\" content=\"https:\/\/vpdanses.fr\/home\/bienvenue-chez-vp-danses-hazebrouck\/ffd-criteriums-venissieux-2024-senior2-standards\/\" \/>\n<meta property=\"og:site_name\" content=\"VP DANSES, cours de Danse Sportive \u00e0 Aire-sur-la-Lys et \u00e0 Saint-Jans-Cappel (Hauts-de-France)\" \/>\n<meta property=\"article:published_time\" content=\"2024-06-09T15:48:00+00:00\" \/>\n<meta property=\"article:modified_time\" content=\"2025-10-21T16:28:33+00:00\" \/>\n<meta property=\"og:image\" content=\"https:\/\/vpdanses.fr\/wp-content\/uploads\/2025\/10\/vp-danses-podium-criterium-venissieux-ffd-2024-senior2-standards.jpg\" \/>\n\t<meta property=\"og:image:width\" content=\"1080\" \/>\n\t<meta property=\"og:image:height\" content=\"684\" \/>\n\t<meta property=\"og:image:type\" content=\"image\/jpeg\" \/>\n<meta name=\"author\" content=\"VP DANSES\" \/>\n<meta name=\"twitter:card\" content=\"summary_large_image\" \/>\n<meta name=\"twitter:label1\" content=\"\u00c9crit par\" \/>\n\t<meta name=\"twitter:data1\" content=\"VP DANSES\" \/>\n\t<meta name=\"twitter:label2\" content=\"Dur\u00e9e de lecture estim\u00e9e\" \/>\n\t<meta name=\"twitter:data2\" content=\"1 minute\" \/>\n<script type=\"application\/ld+json\" class=\"yoast-schema-graph\">{\"@context\":\"https:\/\/schema.org\",\"@graph\":[{\"@type\":\"Article\",\"@id\":\"https:\/\/vpdanses.fr\/home\/bienvenue-chez-vp-danses-hazebrouck\/ffd-criteriums-venissieux-2024-senior2-standards\/#article\",\"isPartOf\":{\"@id\":\"https:\/\/vpdanses.fr\/home\/bienvenue-chez-vp-danses-hazebrouck\/ffd-criteriums-venissieux-2024-senior2-standards\/\"},\"author\":{\"name\":\"VP DANSES\",\"@id\":\"https:\/\/vpdanses.fr\/home\/bienvenue-chez-vp-danses-hazebrouck\/#\/schema\/person\/bf87806369778f949b83c9cd885519e5\"},\"headline\":\"VP DANSES sur le podium des Crit\u00e9riums Nationaux FFD \u2013 16\u1d49 Troph\u00e9e V\u00e9nissian \u00e0 V\u00e9nissieux (09\/06\/2024)\",\"datePublished\":\"2024-06-09T15:48:00+00:00\",\"dateModified\":\"2025-10-21T16:28:33+00:00\",\"mainEntityOfPage\":{\"@id\":\"https:\/\/vpdanses.fr\/home\/bienvenue-chez-vp-danses-hazebrouck\/ffd-criteriums-venissieux-2024-senior2-standards\/\"},\"wordCount\":100,\"publisher\":{\"@id\":\"https:\/\/vpdanses.fr\/home\/bienvenue-chez-vp-danses-hazebrouck\/#organization\"},\"image\":{\"@id\":\"https:\/\/vpdanses.fr\/home\/bienvenue-chez-vp-danses-hazebrouck\/ffd-criteriums-venissieux-2024-senior2-standards\/#primaryimage\"},\"thumbnailUrl\":\"https:\/\/vpdanses.fr\/wp-content\/uploads\/2025\/10\/vp-danses-podium-criterium-venissieux-ffd-2024-senior2-standards.jpg\",\"keywords\":[\"Crit\u00e9riums Nationaux\",\"DANSE SPORTIVE\",\"FFD\",\"Podium\",\"R\u00e9sultats 2024\",\"Senior II\",\"Standards\",\"Troph\u00e9e V\u00e9nissian\",\"V\u00e9nissieux\",\"VP DANSES\"],\"articleSection\":[\"Comp\u00e9tition\",\"DANSE SPORTIVE\",\"FFD\",\"R\u00e9sultats\"],\"inLanguage\":\"fr-FR\"},{\"@type\":\"WebPage\",\"@id\":\"https:\/\/vpdanses.fr\/home\/bienvenue-chez-vp-danses-hazebrouck\/ffd-criteriums-venissieux-2024-senior2-standards\/\",\"url\":\"https:\/\/vpdanses.fr\/home\/bienvenue-chez-vp-danses-hazebrouck\/ffd-criteriums-venissieux-2024-senior2-standards\/\",\"name\":\"VP DANSES sur le podium des Crit\u00e9riums Nationaux FFD \u2013 16\u1d49 Troph\u00e9e V\u00e9nissian \u00e0 V\u00e9nissieux (09\/06\/2024)\",\"isPartOf\":{\"@id\":\"https:\/\/vpdanses.fr\/home\/bienvenue-chez-vp-danses-hazebrouck\/#website\"},\"primaryImageOfPage\":{\"@id\":\"https:\/\/vpdanses.fr\/home\/bienvenue-chez-vp-danses-hazebrouck\/ffd-criteriums-venissieux-2024-senior2-standards\/#primaryimage\"},\"image\":{\"@id\":\"https:\/\/vpdanses.fr\/home\/bienvenue-chez-vp-danses-hazebrouck\/ffd-criteriums-venissieux-2024-senior2-standards\/#primaryimage\"},\"thumbnailUrl\":\"https:\/\/vpdanses.fr\/wp-content\/uploads\/2025\/10\/vp-danses-podium-criterium-venissieux-ffd-2024-senior2-standards.jpg\",\"datePublished\":\"2024-06-09T15:48:00+00:00\",\"dateModified\":\"2025-10-21T16:28:33+00:00\",\"description\":\"VP DANSES a d\u00e9croch\u00e9 la 3e place lors du 16e Troph\u00e9e V\u00e9nissian \u00e0 V\u00e9nissieux le 9 juin 2024, dans la cat\u00e9gorie Senior II Standards des Crit\u00e9riums Nationaux FFD. D\u00e9couvrez les r\u00e9sultats, photos et moments forts de cette belle performance !\",\"breadcrumb\":{\"@id\":\"https:\/\/vpdanses.fr\/home\/bienvenue-chez-vp-danses-hazebrouck\/ffd-criteriums-venissieux-2024-senior2-standards\/#breadcrumb\"},\"inLanguage\":\"fr-FR\",\"potentialAction\":[{\"@type\":\"ReadAction\",\"target\":[\"https:\/\/vpdanses.fr\/home\/bienvenue-chez-vp-danses-hazebrouck\/ffd-criteriums-venissieux-2024-senior2-standards\/\"]}]},{\"@type\":\"ImageObject\",\"inLanguage\":\"fr-FR\",\"@id\":\"https:\/\/vpdanses.fr\/home\/bienvenue-chez-vp-danses-hazebrouck\/ffd-criteriums-venissieux-2024-senior2-standards\/#primaryimage\",\"url\":\"https:\/\/vpdanses.fr\/wp-content\/uploads\/2025\/10\/vp-danses-podium-criterium-venissieux-ffd-2024-senior2-standards.jpg\",\"contentUrl\":\"https:\/\/vpdanses.fr\/wp-content\/uploads\/2025\/10\/vp-danses-podium-criterium-venissieux-ffd-2024-senior2-standards.jpg\",\"width\":1080,\"height\":684,\"caption\":\"Podium du 16e Troph\u00e9e V\u00e9nissian \u2013 VP DANSES termine \u00e0 la 3e place (Seniors II Standards)\"},{\"@type\":\"BreadcrumbList\",\"@id\":\"https:\/\/vpdanses.fr\/home\/bienvenue-chez-vp-danses-hazebrouck\/ffd-criteriums-venissieux-2024-senior2-standards\/#breadcrumb\",\"itemListElement\":[{\"@type\":\"ListItem\",\"position\":1,\"name\":\"Accueil\",\"item\":\"https:\/\/vpdanses.fr\/home\/bienvenue-chez-vp-danses-hazebrouck\/\"},{\"@type\":\"ListItem\",\"position\":2,\"name\":\"VP DANSES sur le podium des Crit\u00e9riums Nationaux FFD \u2013 16\u1d49 Troph\u00e9e V\u00e9nissian \u00e0 V\u00e9nissieux (09\/06\/2024)\"}]},{\"@type\":\"WebSite\",\"@id\":\"https:\/\/vpdanses.fr\/home\/bienvenue-chez-vp-danses-hazebrouck\/#website\",\"url\":\"https:\/\/vpdanses.fr\/home\/bienvenue-chez-vp-danses-hazebrouck\/\",\"name\":\"VP DANSES, cours de Danse Sportive \u00e0 Aire-sur-la-Lys et \u00e0 Saint-Jans-Cappel (Hauts-de-France)\",\"description\":\"Cours de Danse Sportive STANDARD (valse anglaise, tango, valse viennoise, slowfox, quickstep), danses sportives LATINES (samba, chacha, rumba, paso doble, jive), danses de bal, danses de salons, danses de loisirs, salsa, rock 4 temps, rock 6 temps, danses en ligne, disco, \u2026 Lieu : Hazebrouck, Aire-sur-la-Lys, Saint-Jans-Cappel et Isbergues (Hauts-de-France) - Cours Particuliers dans les Hauts-de-France - Ouverture de bal de Mariage\",\"publisher\":{\"@id\":\"https:\/\/vpdanses.fr\/home\/bienvenue-chez-vp-danses-hazebrouck\/#organization\"},\"potentialAction\":[{\"@type\":\"SearchAction\",\"target\":{\"@type\":\"EntryPoint\",\"urlTemplate\":\"https:\/\/vpdanses.fr\/home\/bienvenue-chez-vp-danses-hazebrouck\/?s={search_term_string}\"},\"query-input\":{\"@type\":\"PropertyValueSpecification\",\"valueRequired\":true,\"valueName\":\"search_term_string\"}}],\"inLanguage\":\"fr-FR\"},{\"@type\":\"Organization\",\"@id\":\"https:\/\/vpdanses.fr\/home\/bienvenue-chez-vp-danses-hazebrouck\/#organization\",\"name\":\"VP DANSES, cours de Danse Sportive \u00e0 Aire-sur-la-Lys et \u00e0 Saint-Jans-Cappel (Hauts-de-France)\",\"url\":\"https:\/\/vpdanses.fr\/home\/bienvenue-chez-vp-danses-hazebrouck\/\",\"logo\":{\"@type\":\"ImageObject\",\"inLanguage\":\"fr-FR\",\"@id\":\"https:\/\/vpdanses.fr\/home\/bienvenue-chez-vp-danses-hazebrouck\/#\/schema\/logo\/image\/\",\"url\":\"https:\/\/vpdanses.fr\/wp-content\/uploads\/2024\/10\/logo_cadanse_asaintjans.jpeg\",\"contentUrl\":\"https:\/\/vpdanses.fr\/wp-content\/uploads\/2024\/10\/logo_cadanse_asaintjans.jpeg\",\"width\":225,\"height\":225,\"caption\":\"VP DANSES, cours de Danse Sportive \u00e0 Aire-sur-la-Lys et \u00e0 Saint-Jans-Cappel (Hauts-de-France)\"},\"image\":{\"@id\":\"https:\/\/vpdanses.fr\/home\/bienvenue-chez-vp-danses-hazebrouck\/#\/schema\/logo\/image\/\"}},{\"@type\":\"Person\",\"@id\":\"https:\/\/vpdanses.fr\/home\/bienvenue-chez-vp-danses-hazebrouck\/#\/schema\/person\/bf87806369778f949b83c9cd885519e5\",\"name\":\"VP DANSES\",\"description\":\"\\\"VP danses\\\" est une association qui donne des cours de DANSES SPORTIVES STANDARDS (valse anglaise, tango, valse viennoise, slowfox, quickstep), de DANSES SPORTIVES LATINES (samba, chacha, rumba, paso doble, jive), de DANSES DE BAL, de DANSES DE SALONS, de DANSES DE LOISIRS, de SALSA, de ROCK 4 TEMPS, de ROCK 6 TEMPS, de DANSES EN LIGNE, de DISCO, \u2026\",\"sameAs\":[\"https:\/\/vpdanses.fr\"],\"url\":\"https:\/\/vpdanses.fr\/home\/bienvenue-chez-vp-danses-hazebrouck\/author\/adminvp20241018\/\"}]}<\/script>\n<!-- \/ Yoast SEO Premium plugin. -->","yoast_head_json":{"title":"VP DANSES sur le podium des Crit\u00e9riums Nationaux FFD \u2013 16\u1d49 Troph\u00e9e V\u00e9nissian \u00e0 V\u00e9nissieux (09\/06\/2024)","description":"VP DANSES a d\u00e9croch\u00e9 la 3e place lors du 16e Troph\u00e9e V\u00e9nissian \u00e0 V\u00e9nissieux le 9 juin 2024, dans la cat\u00e9gorie Senior II Standards des Crit\u00e9riums Nationaux FFD. D\u00e9couvrez les r\u00e9sultats, photos et moments forts de cette belle performance !","robots":{"index":"index","follow":"follow","max-snippet":"max-snippet:-1","max-image-preview":"max-image-preview:large","max-video-preview":"max-video-preview:-1"},"canonical":"https:\/\/vpdanses.fr\/home\/bienvenue-chez-vp-danses-hazebrouck\/ffd-criteriums-venissieux-2024-senior2-standards\/","og_locale":"fr_FR","og_type":"article","og_title":"VP DANSES sur le podium des Crit\u00e9riums Nationaux FFD \u2013 16\u1d49 Troph\u00e9e V\u00e9nissian \u00e0 V\u00e9nissieux (09\/06\/2024)","og_description":"Le 9 juin 2024, VP DANSES a d\u00e9croch\u00e9 la 3e place au 16e Troph\u00e9e V\u00e9nissian \u00e0 V\u00e9nissieux dans la cat\u00e9gorie Senior II Standards des Crit\u00e9riums Nationaux FFD. Bravo \u00e0 notre couple (dossard 58) !","og_url":"https:\/\/vpdanses.fr\/home\/bienvenue-chez-vp-danses-hazebrouck\/ffd-criteriums-venissieux-2024-senior2-standards\/","og_site_name":"VP DANSES, cours de Danse Sportive \u00e0 Aire-sur-la-Lys et \u00e0 Saint-Jans-Cappel (Hauts-de-France)","article_published_time":"2024-06-09T15:48:00+00:00","article_modified_time":"2025-10-21T16:28:33+00:00","og_image":[{"width":1080,"height":684,"url":"https:\/\/vpdanses.fr\/wp-content\/uploads\/2025\/10\/vp-danses-podium-criterium-venissieux-ffd-2024-senior2-standards.jpg","type":"image\/jpeg"}],"author":"VP DANSES","twitter_card":"summary_large_image","twitter_misc":{"\u00c9crit par":"VP DANSES","Dur\u00e9e de lecture estim\u00e9e":"1 minute"},"schema":{"@context":"https:\/\/schema.org","@graph":[{"@type":"Article","@id":"https:\/\/vpdanses.fr\/home\/bienvenue-chez-vp-danses-hazebrouck\/ffd-criteriums-venissieux-2024-senior2-standards\/#article","isPartOf":{"@id":"https:\/\/vpdanses.fr\/home\/bienvenue-chez-vp-danses-hazebrouck\/ffd-criteriums-venissieux-2024-senior2-standards\/"},"author":{"name":"VP DANSES","@id":"https:\/\/vpdanses.fr\/home\/bienvenue-chez-vp-danses-hazebrouck\/#\/schema\/person\/bf87806369778f949b83c9cd885519e5"},"headline":"VP DANSES sur le podium des Crit\u00e9riums Nationaux FFD \u2013 16\u1d49 Troph\u00e9e V\u00e9nissian \u00e0 V\u00e9nissieux (09\/06\/2024)","datePublished":"2024-06-09T15:48:00+00:00","dateModified":"2025-10-21T16:28:33+00:00","mainEntityOfPage":{"@id":"https:\/\/vpdanses.fr\/home\/bienvenue-chez-vp-danses-hazebrouck\/ffd-criteriums-venissieux-2024-senior2-standards\/"},"wordCount":100,"publisher":{"@id":"https:\/\/vpdanses.fr\/home\/bienvenue-chez-vp-danses-hazebrouck\/#organization"},"image":{"@id":"https:\/\/vpdanses.fr\/home\/bienvenue-chez-vp-danses-hazebrouck\/ffd-criteriums-venissieux-2024-senior2-standards\/#primaryimage"},"thumbnailUrl":"https:\/\/vpdanses.fr\/wp-content\/uploads\/2025\/10\/vp-danses-podium-criterium-venissieux-ffd-2024-senior2-standards.jpg","keywords":["Crit\u00e9riums Nationaux","DANSE SPORTIVE","FFD","Podium","R\u00e9sultats 2024","Senior II","Standards","Troph\u00e9e V\u00e9nissian","V\u00e9nissieux","VP DANSES"],"articleSection":["Comp\u00e9tition","DANSE SPORTIVE","FFD","R\u00e9sultats"],"inLanguage":"fr-FR"},{"@type":"WebPage","@id":"https:\/\/vpdanses.fr\/home\/bienvenue-chez-vp-danses-hazebrouck\/ffd-criteriums-venissieux-2024-senior2-standards\/","url":"https:\/\/vpdanses.fr\/home\/bienvenue-chez-vp-danses-hazebrouck\/ffd-criteriums-venissieux-2024-senior2-standards\/","name":"VP DANSES sur le podium des Crit\u00e9riums Nationaux FFD \u2013 16\u1d49 Troph\u00e9e V\u00e9nissian \u00e0 V\u00e9nissieux (09\/06\/2024)","isPartOf":{"@id":"https:\/\/vpdanses.fr\/home\/bienvenue-chez-vp-danses-hazebrouck\/#website"},"primaryImageOfPage":{"@id":"https:\/\/vpdanses.fr\/home\/bienvenue-chez-vp-danses-hazebrouck\/ffd-criteriums-venissieux-2024-senior2-standards\/#primaryimage"},"image":{"@id":"https:\/\/vpdanses.fr\/home\/bienvenue-chez-vp-danses-hazebrouck\/ffd-criteriums-venissieux-2024-senior2-standards\/#primaryimage"},"thumbnailUrl":"https:\/\/vpdanses.fr\/wp-content\/uploads\/2025\/10\/vp-danses-podium-criterium-venissieux-ffd-2024-senior2-standards.jpg","datePublished":"2024-06-09T15:48:00+00:00","dateModified":"2025-10-21T16:28:33+00:00","description":"VP DANSES a d\u00e9croch\u00e9 la 3e place lors du 16e Troph\u00e9e V\u00e9nissian \u00e0 V\u00e9nissieux le 9 juin 2024, dans la cat\u00e9gorie Senior II Standards des Crit\u00e9riums Nationaux FFD. D\u00e9couvrez les r\u00e9sultats, photos et moments forts de cette belle performance !","breadcrumb":{"@id":"https:\/\/vpdanses.fr\/home\/bienvenue-chez-vp-danses-hazebrouck\/ffd-criteriums-venissieux-2024-senior2-standards\/#breadcrumb"},"inLanguage":"fr-FR","potentialAction":[{"@type":"ReadAction","target":["https:\/\/vpdanses.fr\/home\/bienvenue-chez-vp-danses-hazebrouck\/ffd-criteriums-venissieux-2024-senior2-standards\/"]}]},{"@type":"ImageObject","inLanguage":"fr-FR","@id":"https:\/\/vpdanses.fr\/home\/bienvenue-chez-vp-danses-hazebrouck\/ffd-criteriums-venissieux-2024-senior2-standards\/#primaryimage","url":"https:\/\/vpdanses.fr\/wp-content\/uploads\/2025\/10\/vp-danses-podium-criterium-venissieux-ffd-2024-senior2-standards.jpg","contentUrl":"https:\/\/vpdanses.fr\/wp-content\/uploads\/2025\/10\/vp-danses-podium-criterium-venissieux-ffd-2024-senior2-standards.jpg","width":1080,"height":684,"caption":"Podium du 16e Troph\u00e9e V\u00e9nissian \u2013 VP DANSES termine \u00e0 la 3e place (Seniors II Standards)"},{"@type":"BreadcrumbList","@id":"https:\/\/vpdanses.fr\/home\/bienvenue-chez-vp-danses-hazebrouck\/ffd-criteriums-venissieux-2024-senior2-standards\/#breadcrumb","itemListElement":[{"@type":"ListItem","position":1,"name":"Accueil","item":"https:\/\/vpdanses.fr\/home\/bienvenue-chez-vp-danses-hazebrouck\/"},{"@type":"ListItem","position":2,"name":"VP DANSES sur le podium des Crit\u00e9riums Nationaux FFD \u2013 16\u1d49 Troph\u00e9e V\u00e9nissian \u00e0 V\u00e9nissieux (09\/06\/2024)"}]},{"@type":"WebSite","@id":"https:\/\/vpdanses.fr\/home\/bienvenue-chez-vp-danses-hazebrouck\/#website","url":"https:\/\/vpdanses.fr\/home\/bienvenue-chez-vp-danses-hazebrouck\/","name":"VP DANSES, cours de Danse Sportive \u00e0 Aire-sur-la-Lys et \u00e0 Saint-Jans-Cappel (Hauts-de-France)","description":"Cours de Danse Sportive STANDARD (valse anglaise, tango, valse viennoise, slowfox, quickstep), danses sportives LATINES (samba, chacha, rumba, paso doble, jive), danses de bal, danses de salons, danses de loisirs, salsa, rock 4 temps, rock 6 temps, danses en ligne, disco, \u2026 Lieu : Hazebrouck, Aire-sur-la-Lys, Saint-Jans-Cappel et Isbergues (Hauts-de-France) - Cours Particuliers dans les Hauts-de-France - Ouverture de bal de Mariage","publisher":{"@id":"https:\/\/vpdanses.fr\/home\/bienvenue-chez-vp-danses-hazebrouck\/#organization"},"potentialAction":[{"@type":"SearchAction","target":{"@type":"EntryPoint","urlTemplate":"https:\/\/vpdanses.fr\/home\/bienvenue-chez-vp-danses-hazebrouck\/?s={search_term_string}"},"query-input":{"@type":"PropertyValueSpecification","valueRequired":true,"valueName":"search_term_string"}}],"inLanguage":"fr-FR"},{"@type":"Organization","@id":"https:\/\/vpdanses.fr\/home\/bienvenue-chez-vp-danses-hazebrouck\/#organization","name":"VP DANSES, cours de Danse Sportive \u00e0 Aire-sur-la-Lys et \u00e0 Saint-Jans-Cappel (Hauts-de-France)","url":"https:\/\/vpdanses.fr\/home\/bienvenue-chez-vp-danses-hazebrouck\/","logo":{"@type":"ImageObject","inLanguage":"fr-FR","@id":"https:\/\/vpdanses.fr\/home\/bienvenue-chez-vp-danses-hazebrouck\/#\/schema\/logo\/image\/","url":"https:\/\/vpdanses.fr\/wp-content\/uploads\/2024\/10\/logo_cadanse_asaintjans.jpeg","contentUrl":"https:\/\/vpdanses.fr\/wp-content\/uploads\/2024\/10\/logo_cadanse_asaintjans.jpeg","width":225,"height":225,"caption":"VP DANSES, cours de Danse Sportive \u00e0 Aire-sur-la-Lys et \u00e0 Saint-Jans-Cappel (Hauts-de-France)"},"image":{"@id":"https:\/\/vpdanses.fr\/home\/bienvenue-chez-vp-danses-hazebrouck\/#\/schema\/logo\/image\/"}},{"@type":"Person","@id":"https:\/\/vpdanses.fr\/home\/bienvenue-chez-vp-danses-hazebrouck\/#\/schema\/person\/bf87806369778f949b83c9cd885519e5","name":"VP DANSES","description":"\"VP danses\" est une association qui donne des cours de DANSES SPORTIVES STANDARDS (valse anglaise, tango, valse viennoise, slowfox, quickstep), de DANSES SPORTIVES LATINES (samba, chacha, rumba, paso doble, jive), de DANSES DE BAL, de DANSES DE SALONS, de DANSES DE LOISIRS, de SALSA, de ROCK 4 TEMPS, de ROCK 6 TEMPS, de DANSES EN LIGNE, de DISCO, \u2026","sameAs":["https:\/\/vpdanses.fr"],"url":"https:\/\/vpdanses.fr\/home\/bienvenue-chez-vp-danses-hazebrouck\/author\/adminvp20241018\/"}]}},"jetpack_featured_media_url":"https:\/\/vpdanses.fr\/wp-content\/uploads\/2025\/10\/vp-danses-podium-criterium-venissieux-ffd-2024-senior2-standards.jpg","uagb_featured_image_src":{"full":["https:\/\/vpdanses.fr\/wp-content\/uploads\/2025\/10\/vp-danses-podium-criterium-venissieux-ffd-2024-senior2-standards.jpg",1080,684,false],"thumbnail":["https:\/\/vpdanses.fr\/wp-content\/uploads\/2025\/10\/vp-danses-podium-criterium-venissieux-ffd-2024-senior2-standards-150x150.jpg",150,150,true],"medium":["https:\/\/vpdanses.fr\/wp-content\/uploads\/2025\/10\/vp-danses-podium-criterium-venissieux-ffd-2024-senior2-standards-300x190.jpg",300,190,true],"medium_large":["https:\/\/vpdanses.fr\/wp-content\/uploads\/2025\/10\/vp-danses-podium-criterium-venissieux-ffd-2024-senior2-standards-768x486.jpg",768,486,true],"large":["https:\/\/vpdanses.fr\/wp-content\/uploads\/2025\/10\/vp-danses-podium-criterium-venissieux-ffd-2024-senior2-standards-1024x649.jpg",1024,649,true],"1536x1536":["https:\/\/vpdanses.fr\/wp-content\/uploads\/2025\/10\/vp-danses-podium-criterium-venissieux-ffd-2024-senior2-standards.jpg",1080,684,false],"2048x2048":["https:\/\/vpdanses.fr\/wp-content\/uploads\/2025\/10\/vp-danses-podium-criterium-venissieux-ffd-2024-senior2-standards.jpg",1080,684,false],"vp_sm":["https:\/\/vpdanses.fr\/wp-content\/uploads\/2025\/10\/vp-danses-podium-criterium-venissieux-ffd-2024-senior2-standards-500x317.jpg",500,317,true],"vp_md":["https:\/\/vpdanses.fr\/wp-content\/uploads\/2025\/10\/vp-danses-podium-criterium-venissieux-ffd-2024-senior2-standards-800x507.jpg",800,507,true],"vp_lg":["https:\/\/vpdanses.fr\/wp-content\/uploads\/2025\/10\/vp-danses-podium-criterium-venissieux-ffd-2024-senior2-standards.jpg",1080,684,false],"vp_xl":["https:\/\/vpdanses.fr\/wp-content\/uploads\/2025\/10\/vp-danses-podium-criterium-venissieux-ffd-2024-senior2-standards.jpg",1080,684,false],"vp_sm_popup":["https:\/\/vpdanses.fr\/wp-content\/uploads\/2025\/10\/vp-danses-podium-criterium-venissieux-ffd-2024-senior2-standards-500x317.jpg",500,317,true],"vp_md_popup":["https:\/\/vpdanses.fr\/wp-content\/uploads\/2025\/10\/vp-danses-podium-criterium-venissieux-ffd-2024-senior2-standards-800x507.jpg",800,507,true],"vp_xl_popup":["https:\/\/vpdanses.fr\/wp-content\/uploads\/2025\/10\/vp-danses-podium-criterium-venissieux-ffd-2024-senior2-standards.jpg",1080,684,false],"dance-blog-thumb":["https:\/\/vpdanses.fr\/wp-content\/uploads\/2025\/10\/vp-danses-podium-criterium-venissieux-ffd-2024-senior2-standards-150x120.jpg",150,120,true],"dance-event-list":["https:\/\/vpdanses.fr\/wp-content\/uploads\/2025\/10\/vp-danses-podium-criterium-venissieux-ffd-2024-senior2-standards-420x336.jpg",420,336,true],"dance-event-single-type1":["https:\/\/vpdanses.fr\/wp-content\/uploads\/2025\/10\/vp-danses-podium-criterium-venissieux-ffd-2024-senior2-standards-773x520.jpg",773,520,true],"dance-event-single-type4":["https:\/\/vpdanses.fr\/wp-content\/uploads\/2025\/10\/vp-danses-podium-criterium-venissieux-ffd-2024-senior2-standards-570x460.jpg",570,460,true],"dance-event-single-type5":["https:\/\/vpdanses.fr\/wp-content\/uploads\/2025\/10\/vp-danses-podium-criterium-venissieux-ffd-2024-senior2-standards-746x684.jpg",746,684,true],"dance-event-list2":["https:\/\/vpdanses.fr\/wp-content\/uploads\/2025\/10\/vp-danses-podium-criterium-venissieux-ffd-2024-senior2-standards-420x275.jpg",420,275,true]},"uagb_author_info":{"display_name":"VP DANSES","author_link":"https:\/\/vpdanses.fr\/home\/bienvenue-chez-vp-danses-hazebrouck\/author\/adminvp20241018\/"},"uagb_comment_info":0,"uagb_excerpt":"VP DANSES d\u00e9croche la 3e place au 16e Troph\u00e9e V\u00e9nissian \u00e0 V\u00e9nissieux lors des Crit\u00e9riums Nationaux FFD 2024 \u2013 cat\u00e9gorie Senior II Standards. Bravo \u00e0 notre couple (dossard 58) !","jetpack_sharing_enabled":true,"_links":{"self":[{"href":"https:\/\/vpdanses.fr\/home\/bienvenue-chez-vp-danses-hazebrouck\/wp-json\/wp\/v2\/posts\/14601","targetHints":{"allow":["GET"]}}],"collection":[{"href":"https:\/\/vpdanses.fr\/home\/bienvenue-chez-vp-danses-hazebrouck\/wp-json\/wp\/v2\/posts"}],"about":[{"href":"https:\/\/vpdanses.fr\/home\/bienvenue-chez-vp-danses-hazebrouck\/wp-json\/wp\/v2\/types\/post"}],"author":[{"embeddable":true,"href":"https:\/\/vpdanses.fr\/home\/bienvenue-chez-vp-danses-hazebrouck\/wp-json\/wp\/v2\/users\/1"}],"replies":[{"embeddable":true,"href":"https:\/\/vpdanses.fr\/home\/bienvenue-chez-vp-danses-hazebrouck\/wp-json\/wp\/v2\/comments?post=14601"}],"version-history":[{"count":4,"href":"https:\/\/vpdanses.fr\/home\/bienvenue-chez-vp-danses-hazebrouck\/wp-json\/wp\/v2\/posts\/14601\/revisions"}],"predecessor-version":[{"id":14611,"href":"https:\/\/vpdanses.fr\/home\/bienvenue-chez-vp-danses-hazebrouck\/wp-json\/wp\/v2\/posts\/14601\/revisions\/14611"}],"wp:featuredmedia":[{"embeddable":true,"href":"https:\/\/vpdanses.fr\/home\/bienvenue-chez-vp-danses-hazebrouck\/wp-json\/wp\/v2\/media\/14604"}],"wp:attachment":[{"href":"https:\/\/vpdanses.fr\/home\/bienvenue-chez-vp-danses-hazebrouck\/wp-json\/wp\/v2\/media?parent=14601"}],"wp:term":[{"taxonomy":"category","embeddable":true,"href":"https:\/\/vpdanses.fr\/home\/bienvenue-chez-vp-danses-hazebrouck\/wp-json\/wp\/v2\/categories?post=14601"},{"taxonomy":"post_tag","embeddable":true,"href":"https:\/\/vpdanses.fr\/home\/bienvenue-chez-vp-danses-hazebrouck\/wp-json\/wp\/v2\/tags?post=14601"}],"curies":[{"name":"wp","href":"https:\/\/api.w.org\/{rel}","templated":true}]}}