{"id":14612,"date":"2023-05-12T18:40:00","date_gmt":"2023-05-12T16:40:00","guid":{"rendered":"https:\/\/vpdanses.fr\/home\/bienvenue-chez-vp-danses-hazebrouck\/?p=14612"},"modified":"2025-10-22T13:51:26","modified_gmt":"2025-10-22T11:51:26","slug":"wdsf-open-frankfurt-2023-senior2-latin","status":"publish","type":"post","link":"https:\/\/vpdanses.fr\/home\/bienvenue-chez-vp-danses-hazebrouck\/wdsf-open-frankfurt-2023-senior2-latin\/","title":{"rendered":"VP DANSES participe au WDSF OPEN FRANKFURT 2023 \u2013 Senior II Latin"},"content":{"rendered":"\n<p>Le\u00a0<strong>12 mai 2023<\/strong>, VP DANSES a repr\u00e9sent\u00e9 son club lors de la prestigieuse\u00a0<strong>comp\u00e9tition internationale de Danse Sportive WDSF OPEN FRANKFURT<\/strong>, qui s\u2019est tenue \u00e0\u00a0<strong>Francfort, Allemagne<\/strong>.<br>Nos danseurs ont concouru dans la cat\u00e9gorie\u00a0<strong>SENIOR II \u2013 Latin<\/strong>\u00a0et ont termin\u00e9\u00a0<strong>23\u1d49 sur 34 couples inscrits<\/strong>.<\/p>\n\n\n\n<h2 class=\"wp-block-heading\" id=\"h-une-competition-de-danse-sportive-internationale\">Une comp\u00e9tition de Danse Sportive internationale<\/h2>\n\n\n\n<p>Cette comp\u00e9tition, organis\u00e9e par la\u00a0<strong>World DanceSport Federation (WDSF)<\/strong>, r\u00e9unit des couples venus du monde entier pour concourir dans les disciplines\u00a0<strong>Latines et Standards<\/strong>.<br>La cat\u00e9gorie\u00a0<strong>SENIOR II Latin<\/strong>\u00a0inclut les danses :\u00a0<strong>Cha-cha, Samba, Rumba, Paso Doble et Jive<\/strong>, mettant en valeur technique, expression et dynamisme.<\/p>\n\n\n\n<h2 class=\"wp-block-heading\" id=\"h-resultats-de-vp-danses\">R\u00e9sultats de VP DANSES<\/h2>\n\n\n\n<p>Le couple Virginie &amp; Philippe repr\u00e9sentant <strong>ASCENDANCE<\/strong> a donn\u00e9 le meilleur de lui-m\u00eame sur la piste, et sa prestation a \u00e9t\u00e9 salu\u00e9e par les juges et le public.<br>Ils ont termin\u00e9\u00a0<strong>23\u1d49 sur 34 couples inscrits<\/strong>, une exp\u00e9rience internationale enrichissante et motivante pour les comp\u00e9titions futures.<\/p>\n\n\n\n<h2 class=\"wp-block-heading\" id=\"h-une-experience-enrichissante\">Une exp\u00e9rience enrichissante<\/h2>\n\n\n\n<p>Cette participation internationale illustre l\u2019engagement du club ASCENDANCE dans la\u00a0<strong>danse sportive de haut niveau<\/strong>\u00a0et permet \u00e0 ses danseurs de progresser face \u00e0 des couples exp\u00e9riment\u00e9s venus du monde entier.<\/p>\n\n\n\n<div style=\"height:68px\" aria-hidden=\"true\" class=\"wp-block-spacer\"><\/div>\n\n\n\n<div class=\"wp-block-uagb-separator uagb-block-f7fb7762 wp-block-uagb-separator--icon\"><div class=\"wp-block-uagb-separator__inner\" style=\"--my-background-image:\"><div class=\"wp-block-uagb-separator-element\"><svg xmlns=\"https:\/\/www.w3.org\/2000\/svg\" viewBox=\"0 0 512 512\"><path d=\"M378.7 32H133.3L256 182.7L378.7 32zM512 192l-107.4-141.3L289.6 192H512zM107.4 50.67L0 192h222.4L107.4 50.67zM244.3 474.9C247.3 478.2 251.6 480 256 480s8.653-1.828 11.67-5.062L510.6 224H1.365L244.3 474.9z\"><\/path><\/svg><\/div><\/div><\/div>\n\n\n<div class=\"wp-block-visual-portfolio alignwide\">\n<div class=\"vp-portfolio vp-uid-1e633afc vp-id-Z1Y3bMb\"\n\tdata-vp-layout=\"tiles\" data-vp-content-source=\"images\" data-vp-items-style=\"emerge\" data-vp-items-click-action=\"popup_gallery\" data-vp-items-gap=\"15\" data-vp-items-gap-vertical=\"\" data-vp-pagination=\"load-more\" data-vp-next-page-url=\"\" data-vp-tiles-type=\"3|1,1|\" >\n\t<div class=\"vp-portfolio__preloader-wrap\">\n\t\t<div class=\"vp-portfolio__preloader\">\n\t\t\t<img decoding=\"async\" loading=\"eager\" src=\"https:\/\/vpdanses.fr\/wp-content\/plugins\/visual-portfolio\/assets\/images\/logo-dark.svg\" alt=\"Visual Portfolio, Posts &amp; Image Gallery for WordPress\" width=\"20\" height=\"20\" data-skip-lazy>\n\t\t<\/div>\n\t<\/div>\n\t\t<div class=\"vp-portfolio__items-wrap\">\n\t\t\t\n<div class=\"vp-portfolio__items vp-portfolio__items-style-emerge vp-portfolio__items-show-overlay-hover vp-portfolio__items-show-caption-hover\">\n\n\t\t<div\t\tclass=\"vp-portfolio__item-wrap vp-portfolio__item-uid-69153afb\" data-vp-filter=\"\" \t\t>\n\t\t\t<template class=\"vp-portfolio__item-popup\" data-vp-popup-img=\"https:\/\/vpdanses.fr\/wp-content\/uploads\/2023\/05\/virginie-philippe-ascenseur-preparation-wdsf-open-frankfurt-2023.jpg\" data-vp-popup-img-srcset=\"https:\/\/vpdanses.fr\/wp-content\/uploads\/2023\/05\/virginie-philippe-ascenseur-preparation-wdsf-open-frankfurt-2023.jpg 800w, https:\/\/vpdanses.fr\/wp-content\/uploads\/2023\/05\/virginie-philippe-ascenseur-preparation-wdsf-open-frankfurt-2023-300x225.jpg 300w, https:\/\/vpdanses.fr\/wp-content\/uploads\/2023\/05\/virginie-philippe-ascenseur-preparation-wdsf-open-frankfurt-2023-768x576.jpg 768w, https:\/\/vpdanses.fr\/wp-content\/uploads\/2023\/05\/virginie-philippe-ascenseur-preparation-wdsf-open-frankfurt-2023-500x375.jpg 500w\" data-vp-popup-img-size=\"800x600\" data-vp-popup-md-img=\"https:\/\/vpdanses.fr\/wp-content\/uploads\/2023\/05\/virginie-philippe-ascenseur-preparation-wdsf-open-frankfurt-2023.jpg\" data-vp-popup-md-img-size=\"800x600\" data-vp-popup-sm-img=\"https:\/\/vpdanses.fr\/wp-content\/uploads\/2023\/05\/virginie-philippe-ascenseur-preparation-wdsf-open-frankfurt-2023-500x375.jpg\" data-vp-popup-sm-img-size=\"500x375\">\n\t\t\t<h3 class=\"vp-portfolio__item-popup-title\">Virginie et Philippe pr\u00eats pour la comp\u00e9tition WDSF OPEN FRANKFURT 2023<\/h3>\n\t\t\t\t<div class=\"vp-portfolio__item-popup-description\">Avant de rejoindre la piste du WDSF OPEN FRANKFURT 2023, Virginie et Philippe, repr\u00e9sentants du club VP DANSES, prennent un moment dans l\u2019ascenseur de leur h\u00f4tel. Tous deux sont \u00e9l\u00e9gamment appr\u00eat\u00e9s pour la comp\u00e9tition internationale : Virginie est coiff\u00e9e et maquill\u00e9e avec soin, tandis que le couple porte des manteaux d\u2019automne pour affronter la fra\u00eecheur de Francfort. Cette photo capture la concentration et la s\u00e9r\u00e9nit\u00e9 du duo juste avant leur entr\u00e9e dans l\u2019ar\u00e8ne de danse sportive.<\/div>\n\t\t<\/template>\n\t\t\t\t\t\t<figure class=\"vp-portfolio__item\">\n\t\t\t\t\n<div class=\"vp-portfolio__item-img-wrap\">\n\t<div class=\"vp-portfolio__item-img\">\n\t\t\t<a\n\t\thref=\"https:\/\/vpdanses.fr\/wp-content\/uploads\/2023\/05\/virginie-philippe-ascenseur-preparation-wdsf-open-frankfurt-2023.jpg\"\n\t\t\t>\n\t\n\t\t<noscript><img loading=\"lazy\" decoding=\"async\" width=\"800\" height=\"600\" data-skip-lazy src=\"https:\/\/vpdanses.fr\/wp-content\/uploads\/2023\/05\/virginie-philippe-ascenseur-preparation-wdsf-open-frankfurt-2023.jpg\" class=\"wp-image-14620\" alt=\"Virginie et Philippe de VP DANSES dans l\u2019ascenseur, pr\u00eats pour la comp\u00e9tition WDSF OPEN FRANKFURT 2023, v\u00eatus de manteaux d\u2019automne avant leur performance en danse sportive.\" srcset=\"https:\/\/vpdanses.fr\/wp-content\/uploads\/2023\/05\/virginie-philippe-ascenseur-preparation-wdsf-open-frankfurt-2023.jpg 800w, https:\/\/vpdanses.fr\/wp-content\/uploads\/2023\/05\/virginie-philippe-ascenseur-preparation-wdsf-open-frankfurt-2023-300x225.jpg 300w, https:\/\/vpdanses.fr\/wp-content\/uploads\/2023\/05\/virginie-philippe-ascenseur-preparation-wdsf-open-frankfurt-2023-768x576.jpg 768w, https:\/\/vpdanses.fr\/wp-content\/uploads\/2023\/05\/virginie-philippe-ascenseur-preparation-wdsf-open-frankfurt-2023-500x375.jpg 500w\" sizes=\"auto, (max-width: 800px) 100vw, 800px\" \/><\/noscript><img fetchpriority=\"high\" decoding=\"async\" width=\"800\" height=\"600\" src=\"https:\/\/vpdanses.fr\/wp-content\/uploads\/2023\/05\/virginie-philippe-ascenseur-preparation-wdsf-open-frankfurt-2023.jpg\" class=\"wp-image-14620 vp-lazyload\" alt=\"Virginie et Philippe de VP DANSES dans l\u2019ascenseur, pr\u00eats pour la comp\u00e9tition WDSF OPEN FRANKFURT 2023, v\u00eatus de manteaux d\u2019automne avant leur performance en danse sportive.\" srcset=\"data:image\/svg+xml;base64,PHN2ZyB3aWR0aD0iODAwIiBoZWlnaHQ9IjYwMCIgdmlld0JveD0iMCAwIDgwMCA2MDAiIGZpbGw9Im5vbmUiIHhtbG5zPSJodHRwOi8vd3d3LnczLm9yZy8yMDAwL3N2ZyI+PC9zdmc+\" data-src=\"https:\/\/vpdanses.fr\/wp-content\/uploads\/2023\/05\/virginie-philippe-ascenseur-preparation-wdsf-open-frankfurt-2023.jpg\" data-srcset=\"https:\/\/vpdanses.fr\/wp-content\/uploads\/2023\/05\/virginie-philippe-ascenseur-preparation-wdsf-open-frankfurt-2023.jpg 800w, https:\/\/vpdanses.fr\/wp-content\/uploads\/2023\/05\/virginie-philippe-ascenseur-preparation-wdsf-open-frankfurt-2023-300x225.jpg 300w, https:\/\/vpdanses.fr\/wp-content\/uploads\/2023\/05\/virginie-philippe-ascenseur-preparation-wdsf-open-frankfurt-2023-768x576.jpg 768w, https:\/\/vpdanses.fr\/wp-content\/uploads\/2023\/05\/virginie-philippe-ascenseur-preparation-wdsf-open-frankfurt-2023-500x375.jpg 500w\" data-sizes=\"auto\" loading=\"eager\">\n\t\t<div class=\"vp-portfolio__item-overlay\"><\/div>\n\n\t\t<\/a>\t<\/div>\n<\/div>\n\n\t<figcaption class=\"vp-portfolio__item-caption vp-portfolio__item-caption-text-align-center\">\n\t\t<div class=\"vp-portfolio__item-meta-wrap vp-portfolio__custom-scrollbar\">\n\t\t\t<div class=\"vp-portfolio__item-meta\">\n\t\t\t\t\n<h2 class=\"vp-portfolio__item-meta-title\">\n\t\t<a\n\t\thref=\"https:\/\/vpdanses.fr\/wp-content\/uploads\/2023\/05\/virginie-philippe-ascenseur-preparation-wdsf-open-frankfurt-2023.jpg\"\n\t\t\t>\n\tVirginie et Philippe pr\u00eats pour la comp\u00e9tition WDSF OPEN FRANKFURT 2023<\/a><\/h2>\n\t\t\t<\/div>\n\t\t<\/div>\n\t<\/figcaption>\n\t\t\t<\/figure>\n\t\t\t\t\t<\/div>\n\t\t\n\t\t<div\t\tclass=\"vp-portfolio__item-wrap vp-portfolio__item-uid-d54ed9c8\" data-vp-filter=\"\" \t\t>\n\t\t\t<template class=\"vp-portfolio__item-popup\" data-vp-popup-img=\"https:\/\/vpdanses.fr\/wp-content\/uploads\/2023\/05\/dossard-223-philippe-wdsf-open-frankfurt-2023.jpg\" data-vp-popup-img-srcset=\"https:\/\/vpdanses.fr\/wp-content\/uploads\/2023\/05\/dossard-223-philippe-wdsf-open-frankfurt-2023.jpg 1200w, https:\/\/vpdanses.fr\/wp-content\/uploads\/2023\/05\/dossard-223-philippe-wdsf-open-frankfurt-2023-300x225.jpg 300w, https:\/\/vpdanses.fr\/wp-content\/uploads\/2023\/05\/dossard-223-philippe-wdsf-open-frankfurt-2023-1024x768.jpg 1024w, https:\/\/vpdanses.fr\/wp-content\/uploads\/2023\/05\/dossard-223-philippe-wdsf-open-frankfurt-2023-768x576.jpg 768w, https:\/\/vpdanses.fr\/wp-content\/uploads\/2023\/05\/dossard-223-philippe-wdsf-open-frankfurt-2023-500x375.jpg 500w, https:\/\/vpdanses.fr\/wp-content\/uploads\/2023\/05\/dossard-223-philippe-wdsf-open-frankfurt-2023-800x600.jpg 800w\" data-vp-popup-img-size=\"1200x900\" data-vp-popup-md-img=\"https:\/\/vpdanses.fr\/wp-content\/uploads\/2023\/05\/dossard-223-philippe-wdsf-open-frankfurt-2023-800x600.jpg\" data-vp-popup-md-img-size=\"800x600\" data-vp-popup-sm-img=\"https:\/\/vpdanses.fr\/wp-content\/uploads\/2023\/05\/dossard-223-philippe-wdsf-open-frankfurt-2023-500x375.jpg\" data-vp-popup-sm-img-size=\"500x375\">\n\t\t\t<h3 class=\"vp-portfolio__item-popup-title\">Dossard 223 \u2013 Philippe, VP DANSES \u2013 WDSF OPEN FRANKFURT 2023<\/h3>\n\t\t\t\t<div class=\"vp-portfolio__item-popup-description\">Le dossard n\u00b0223 est celui port\u00e9 par Philippe, repr\u00e9sentant le club ASCENDANCE, durant la comp\u00e9tition internationale WDSF OPEN FRANKFURT 2023 \u00e0 Francfort, en Allemagne. Ce num\u00e9ro d\u2019identification officiel est attribu\u00e9 \u00e0 chaque couple pour leur permettre d\u2019\u00eatre not\u00e9s par les juges lors des tours qualificatifs et des finales. Ce clich\u00e9 illustre la rigueur et le caract\u00e8re professionnel de la danse sportive au niveau international.<\/div>\n\t\t<\/template>\n\t\t\t\t\t\t<figure class=\"vp-portfolio__item\">\n\t\t\t\t\n<div class=\"vp-portfolio__item-img-wrap\">\n\t<div class=\"vp-portfolio__item-img\">\n\t\t\t<a\n\t\thref=\"https:\/\/vpdanses.fr\/wp-content\/uploads\/2023\/05\/dossard-223-philippe-wdsf-open-frankfurt-2023.jpg\"\n\t\t\t>\n\t\n\t\t<noscript><img loading=\"lazy\" decoding=\"async\" width=\"1200\" height=\"900\" data-skip-lazy src=\"https:\/\/vpdanses.fr\/wp-content\/uploads\/2023\/05\/dossard-223-philippe-wdsf-open-frankfurt-2023.jpg\" class=\"wp-image-14621\" alt=\"Dossard num\u00e9ro 223 port\u00e9 par Philippe de VP DANSES lors du WDSF OPEN FRANKFURT 2023 en cat\u00e9gorie Senior II Latin.\" srcset=\"https:\/\/vpdanses.fr\/wp-content\/uploads\/2023\/05\/dossard-223-philippe-wdsf-open-frankfurt-2023.jpg 1200w, https:\/\/vpdanses.fr\/wp-content\/uploads\/2023\/05\/dossard-223-philippe-wdsf-open-frankfurt-2023-300x225.jpg 300w, https:\/\/vpdanses.fr\/wp-content\/uploads\/2023\/05\/dossard-223-philippe-wdsf-open-frankfurt-2023-1024x768.jpg 1024w, https:\/\/vpdanses.fr\/wp-content\/uploads\/2023\/05\/dossard-223-philippe-wdsf-open-frankfurt-2023-768x576.jpg 768w, https:\/\/vpdanses.fr\/wp-content\/uploads\/2023\/05\/dossard-223-philippe-wdsf-open-frankfurt-2023-500x375.jpg 500w, https:\/\/vpdanses.fr\/wp-content\/uploads\/2023\/05\/dossard-223-philippe-wdsf-open-frankfurt-2023-800x600.jpg 800w\" sizes=\"auto, (max-width: 1200px) 100vw, 1200px\" \/><\/noscript><img decoding=\"async\" width=\"1200\" height=\"900\" src=\"https:\/\/vpdanses.fr\/wp-content\/uploads\/2023\/05\/dossard-223-philippe-wdsf-open-frankfurt-2023.jpg\" class=\"wp-image-14621 vp-lazyload\" alt=\"Dossard num\u00e9ro 223 port\u00e9 par Philippe de VP DANSES lors du WDSF OPEN FRANKFURT 2023 en cat\u00e9gorie Senior II Latin.\" srcset=\"data:image\/svg+xml;base64,PHN2ZyB3aWR0aD0iMTIwMCIgaGVpZ2h0PSI5MDAiIHZpZXdCb3g9IjAgMCAxMjAwIDkwMCIgZmlsbD0ibm9uZSIgeG1sbnM9Imh0dHA6Ly93d3cudzMub3JnLzIwMDAvc3ZnIj48L3N2Zz4=\" data-src=\"https:\/\/vpdanses.fr\/wp-content\/uploads\/2023\/05\/dossard-223-philippe-wdsf-open-frankfurt-2023.jpg\" data-srcset=\"https:\/\/vpdanses.fr\/wp-content\/uploads\/2023\/05\/dossard-223-philippe-wdsf-open-frankfurt-2023.jpg 1200w, https:\/\/vpdanses.fr\/wp-content\/uploads\/2023\/05\/dossard-223-philippe-wdsf-open-frankfurt-2023-300x225.jpg 300w, https:\/\/vpdanses.fr\/wp-content\/uploads\/2023\/05\/dossard-223-philippe-wdsf-open-frankfurt-2023-1024x768.jpg 1024w, https:\/\/vpdanses.fr\/wp-content\/uploads\/2023\/05\/dossard-223-philippe-wdsf-open-frankfurt-2023-768x576.jpg 768w, https:\/\/vpdanses.fr\/wp-content\/uploads\/2023\/05\/dossard-223-philippe-wdsf-open-frankfurt-2023-500x375.jpg 500w, https:\/\/vpdanses.fr\/wp-content\/uploads\/2023\/05\/dossard-223-philippe-wdsf-open-frankfurt-2023-800x600.jpg 800w\" data-sizes=\"auto\" loading=\"eager\">\n\t\t<div class=\"vp-portfolio__item-overlay\"><\/div>\n\n\t\t<\/a>\t<\/div>\n<\/div>\n\n\t<figcaption class=\"vp-portfolio__item-caption vp-portfolio__item-caption-text-align-center\">\n\t\t<div class=\"vp-portfolio__item-meta-wrap vp-portfolio__custom-scrollbar\">\n\t\t\t<div class=\"vp-portfolio__item-meta\">\n\t\t\t\t\n<h2 class=\"vp-portfolio__item-meta-title\">\n\t\t<a\n\t\thref=\"https:\/\/vpdanses.fr\/wp-content\/uploads\/2023\/05\/dossard-223-philippe-wdsf-open-frankfurt-2023.jpg\"\n\t\t\t>\n\tDossard 223 \u2013 Philippe, VP DANSES \u2013 WDSF OPEN FRANKFURT 2023<\/a><\/h2>\n\t\t\t<\/div>\n\t\t<\/div>\n\t<\/figcaption>\n\t\t\t<\/figure>\n\t\t\t\t\t<\/div>\n\t\t\n\t\t<div\t\tclass=\"vp-portfolio__item-wrap vp-portfolio__item-uid-91945d90\" data-vp-filter=\"\" \t\t>\n\t\t\t<template class=\"vp-portfolio__item-popup\" data-vp-popup-img=\"https:\/\/vpdanses.fr\/wp-content\/uploads\/2023\/05\/wdsf-open-frankfurt-2023-patinoire-hockey-parquet-danse.jpg\" data-vp-popup-img-srcset=\"https:\/\/vpdanses.fr\/wp-content\/uploads\/2023\/05\/wdsf-open-frankfurt-2023-patinoire-hockey-parquet-danse.jpg 800w, https:\/\/vpdanses.fr\/wp-content\/uploads\/2023\/05\/wdsf-open-frankfurt-2023-patinoire-hockey-parquet-danse-300x225.jpg 300w, https:\/\/vpdanses.fr\/wp-content\/uploads\/2023\/05\/wdsf-open-frankfurt-2023-patinoire-hockey-parquet-danse-768x576.jpg 768w, https:\/\/vpdanses.fr\/wp-content\/uploads\/2023\/05\/wdsf-open-frankfurt-2023-patinoire-hockey-parquet-danse-500x375.jpg 500w\" data-vp-popup-img-size=\"800x600\" data-vp-popup-md-img=\"https:\/\/vpdanses.fr\/wp-content\/uploads\/2023\/05\/wdsf-open-frankfurt-2023-patinoire-hockey-parquet-danse.jpg\" data-vp-popup-md-img-size=\"800x600\" data-vp-popup-sm-img=\"https:\/\/vpdanses.fr\/wp-content\/uploads\/2023\/05\/wdsf-open-frankfurt-2023-patinoire-hockey-parquet-danse-500x375.jpg\" data-vp-popup-sm-img-size=\"500x375\">\n\t\t\t<h3 class=\"vp-portfolio__item-popup-title\">WDSF OPEN FRANKFURT 2023 \u2013 Transformation de la patinoire en piste de danse<\/h3>\n\t\t\t\t<div class=\"vp-portfolio__item-popup-description\">Lors du WDSF OPEN FRANKFURT 2023, la patinoire de hockey de Francfort a \u00e9t\u00e9 transform\u00e9e pour l\u2019occasion en une salle de danse spectaculaire. Un parquet de comp\u00e9tition a \u00e9t\u00e9 install\u00e9 sur la glace afin de cr\u00e9er une dizaine de pistes de danse destin\u00e9es aux diff\u00e9rentes cat\u00e9gories de danse sportive internationales. Cette photo illustre l\u2019ampleur logistique et l\u2019atmosph\u00e8re impressionnante de l\u2019\u00e9v\u00e9nement organis\u00e9 par la World DanceSport Federation (WDSF).<\/div>\n\t\t<\/template>\n\t\t\t\t\t\t<figure class=\"vp-portfolio__item\">\n\t\t\t\t\n<div class=\"vp-portfolio__item-img-wrap\">\n\t<div class=\"vp-portfolio__item-img\">\n\t\t\t<a\n\t\thref=\"https:\/\/vpdanses.fr\/wp-content\/uploads\/2023\/05\/wdsf-open-frankfurt-2023-patinoire-hockey-parquet-danse.jpg\"\n\t\t\t>\n\t\n\t\t<noscript><img loading=\"lazy\" decoding=\"async\" width=\"800\" height=\"600\" data-skip-lazy src=\"https:\/\/vpdanses.fr\/wp-content\/uploads\/2023\/05\/wdsf-open-frankfurt-2023-patinoire-hockey-parquet-danse.jpg\" class=\"wp-image-14617\" alt=\"Piste de hockey transform\u00e9e en parquet de danse lors du WDSF OPEN FRANKFURT 2023, comp\u00e9tition internationale de danse sportive \u00e0 Francfort, Allemagne.\" srcset=\"https:\/\/vpdanses.fr\/wp-content\/uploads\/2023\/05\/wdsf-open-frankfurt-2023-patinoire-hockey-parquet-danse.jpg 800w, https:\/\/vpdanses.fr\/wp-content\/uploads\/2023\/05\/wdsf-open-frankfurt-2023-patinoire-hockey-parquet-danse-300x225.jpg 300w, https:\/\/vpdanses.fr\/wp-content\/uploads\/2023\/05\/wdsf-open-frankfurt-2023-patinoire-hockey-parquet-danse-768x576.jpg 768w, https:\/\/vpdanses.fr\/wp-content\/uploads\/2023\/05\/wdsf-open-frankfurt-2023-patinoire-hockey-parquet-danse-500x375.jpg 500w\" sizes=\"auto, (max-width: 800px) 100vw, 800px\" \/><\/noscript><img decoding=\"async\" width=\"800\" height=\"600\" src=\"https:\/\/vpdanses.fr\/wp-content\/uploads\/2023\/05\/wdsf-open-frankfurt-2023-patinoire-hockey-parquet-danse.jpg\" class=\"wp-image-14617 vp-lazyload\" alt=\"Piste de hockey transform\u00e9e en parquet de danse lors du WDSF OPEN FRANKFURT 2023, comp\u00e9tition internationale de danse sportive \u00e0 Francfort, Allemagne.\" srcset=\"data:image\/svg+xml;base64,PHN2ZyB3aWR0aD0iODAwIiBoZWlnaHQ9IjYwMCIgdmlld0JveD0iMCAwIDgwMCA2MDAiIGZpbGw9Im5vbmUiIHhtbG5zPSJodHRwOi8vd3d3LnczLm9yZy8yMDAwL3N2ZyI+PC9zdmc+\" data-src=\"https:\/\/vpdanses.fr\/wp-content\/uploads\/2023\/05\/wdsf-open-frankfurt-2023-patinoire-hockey-parquet-danse.jpg\" data-srcset=\"https:\/\/vpdanses.fr\/wp-content\/uploads\/2023\/05\/wdsf-open-frankfurt-2023-patinoire-hockey-parquet-danse.jpg 800w, https:\/\/vpdanses.fr\/wp-content\/uploads\/2023\/05\/wdsf-open-frankfurt-2023-patinoire-hockey-parquet-danse-300x225.jpg 300w, https:\/\/vpdanses.fr\/wp-content\/uploads\/2023\/05\/wdsf-open-frankfurt-2023-patinoire-hockey-parquet-danse-768x576.jpg 768w, https:\/\/vpdanses.fr\/wp-content\/uploads\/2023\/05\/wdsf-open-frankfurt-2023-patinoire-hockey-parquet-danse-500x375.jpg 500w\" data-sizes=\"auto\" loading=\"eager\">\n\t\t<div class=\"vp-portfolio__item-overlay\"><\/div>\n\n\t\t<\/a>\t<\/div>\n<\/div>\n\n\t<figcaption class=\"vp-portfolio__item-caption vp-portfolio__item-caption-text-align-center\">\n\t\t<div class=\"vp-portfolio__item-meta-wrap vp-portfolio__custom-scrollbar\">\n\t\t\t<div class=\"vp-portfolio__item-meta\">\n\t\t\t\t\n<h2 class=\"vp-portfolio__item-meta-title\">\n\t\t<a\n\t\thref=\"https:\/\/vpdanses.fr\/wp-content\/uploads\/2023\/05\/wdsf-open-frankfurt-2023-patinoire-hockey-parquet-danse.jpg\"\n\t\t\t>\n\tWDSF OPEN FRANKFURT 2023 \u2013 Transformation de la patinoire en piste de danse<\/a><\/h2>\n\t\t\t<\/div>\n\t\t<\/div>\n\t<\/figcaption>\n\t\t\t<\/figure>\n\t\t\t\t\t<\/div>\n\t\t\n\t\t<div\t\tclass=\"vp-portfolio__item-wrap vp-portfolio__item-uid-018f2979\" data-vp-filter=\"\" \t\t>\n\t\t\t<template class=\"vp-portfolio__item-popup\" data-vp-popup-img=\"https:\/\/vpdanses.fr\/wp-content\/uploads\/2023\/05\/virginie-philippe-dossard-223-preparation-wdsf-open-frankfurt-2023.jpg\" data-vp-popup-img-srcset=\"https:\/\/vpdanses.fr\/wp-content\/uploads\/2023\/05\/virginie-philippe-dossard-223-preparation-wdsf-open-frankfurt-2023.jpg 1200w, https:\/\/vpdanses.fr\/wp-content\/uploads\/2023\/05\/virginie-philippe-dossard-223-preparation-wdsf-open-frankfurt-2023-300x225.jpg 300w, https:\/\/vpdanses.fr\/wp-content\/uploads\/2023\/05\/virginie-philippe-dossard-223-preparation-wdsf-open-frankfurt-2023-1024x768.jpg 1024w, https:\/\/vpdanses.fr\/wp-content\/uploads\/2023\/05\/virginie-philippe-dossard-223-preparation-wdsf-open-frankfurt-2023-768x576.jpg 768w, https:\/\/vpdanses.fr\/wp-content\/uploads\/2023\/05\/virginie-philippe-dossard-223-preparation-wdsf-open-frankfurt-2023-500x375.jpg 500w, https:\/\/vpdanses.fr\/wp-content\/uploads\/2023\/05\/virginie-philippe-dossard-223-preparation-wdsf-open-frankfurt-2023-800x600.jpg 800w\" data-vp-popup-img-size=\"1200x900\" data-vp-popup-md-img=\"https:\/\/vpdanses.fr\/wp-content\/uploads\/2023\/05\/virginie-philippe-dossard-223-preparation-wdsf-open-frankfurt-2023-800x600.jpg\" data-vp-popup-md-img-size=\"800x600\" data-vp-popup-sm-img=\"https:\/\/vpdanses.fr\/wp-content\/uploads\/2023\/05\/virginie-philippe-dossard-223-preparation-wdsf-open-frankfurt-2023-500x375.jpg\" data-vp-popup-sm-img-size=\"500x375\">\n\t\t\t<h3 class=\"vp-portfolio__item-popup-title\">Virginie accroche le dossard 223 sur Philippe \u2013 WDSF OPEN FRANKFURT 2023<\/h3>\n\t\t\t\t<div class=\"vp-portfolio__item-popup-description\">Dans la pi\u00e8ce r\u00e9serv\u00e9e aux comp\u00e9titeurs, Virginie aide Philippe \u00e0 fixer le dossard n\u00b0223 \u00e0 l\u2019aide d\u2019\u00e9pingles \u00e0 nourrice avant leur entr\u00e9e sur la piste du WDSF OPEN FRANKFURT 2023.\nLa photo capture un moment d\u2019attention et de complicit\u00e9 entre les danseurs du club ASCENDANCE, juste avant la comp\u00e9tition.\nLes tresses de Virginie, inspirant un style presque \u201cviking\u201d, contrastent magnifiquement avec les tags color\u00e9s en arri\u00e8re-plan, r\u00e9alis\u00e9s par un artiste de rue local. Cette image illustre \u00e0 la fois la rigueur, la beaut\u00e9 et l\u2019ambiance unique des coulisses d\u2019un grand \u00e9v\u00e9nement de danse sportive internationale.<\/div>\n\t\t<\/template>\n\t\t\t\t\t\t<figure class=\"vp-portfolio__item\">\n\t\t\t\t\n<div class=\"vp-portfolio__item-img-wrap\">\n\t<div class=\"vp-portfolio__item-img\">\n\t\t\t<a\n\t\thref=\"https:\/\/vpdanses.fr\/wp-content\/uploads\/2023\/05\/virginie-philippe-dossard-223-preparation-wdsf-open-frankfurt-2023.jpg\"\n\t\t\t>\n\t\n\t\t<noscript><img loading=\"lazy\" decoding=\"async\" width=\"1200\" height=\"900\" data-skip-lazy src=\"https:\/\/vpdanses.fr\/wp-content\/uploads\/2023\/05\/virginie-philippe-dossard-223-preparation-wdsf-open-frankfurt-2023.jpg\" class=\"wp-image-14622\" alt=\"Virginie de ASCENDANSE accroche le dossard 223 sur le haut de Philippe avant la comp\u00e9tition WDSF OPEN FRANKFURT 2023, dans la salle de pr\u00e9paration orn\u00e9e de tags artistiques.\" srcset=\"https:\/\/vpdanses.fr\/wp-content\/uploads\/2023\/05\/virginie-philippe-dossard-223-preparation-wdsf-open-frankfurt-2023.jpg 1200w, https:\/\/vpdanses.fr\/wp-content\/uploads\/2023\/05\/virginie-philippe-dossard-223-preparation-wdsf-open-frankfurt-2023-300x225.jpg 300w, https:\/\/vpdanses.fr\/wp-content\/uploads\/2023\/05\/virginie-philippe-dossard-223-preparation-wdsf-open-frankfurt-2023-1024x768.jpg 1024w, https:\/\/vpdanses.fr\/wp-content\/uploads\/2023\/05\/virginie-philippe-dossard-223-preparation-wdsf-open-frankfurt-2023-768x576.jpg 768w, https:\/\/vpdanses.fr\/wp-content\/uploads\/2023\/05\/virginie-philippe-dossard-223-preparation-wdsf-open-frankfurt-2023-500x375.jpg 500w, https:\/\/vpdanses.fr\/wp-content\/uploads\/2023\/05\/virginie-philippe-dossard-223-preparation-wdsf-open-frankfurt-2023-800x600.jpg 800w\" sizes=\"auto, (max-width: 1200px) 100vw, 1200px\" \/><\/noscript><img decoding=\"async\" width=\"1200\" height=\"900\" src=\"https:\/\/vpdanses.fr\/wp-content\/uploads\/2023\/05\/virginie-philippe-dossard-223-preparation-wdsf-open-frankfurt-2023.jpg\" class=\"wp-image-14622 vp-lazyload\" alt=\"Virginie de ASCENDANSE accroche le dossard 223 sur le haut de Philippe avant la comp\u00e9tition WDSF OPEN FRANKFURT 2023, dans la salle de pr\u00e9paration orn\u00e9e de tags artistiques.\" srcset=\"data:image\/svg+xml;base64,PHN2ZyB3aWR0aD0iMTIwMCIgaGVpZ2h0PSI5MDAiIHZpZXdCb3g9IjAgMCAxMjAwIDkwMCIgZmlsbD0ibm9uZSIgeG1sbnM9Imh0dHA6Ly93d3cudzMub3JnLzIwMDAvc3ZnIj48L3N2Zz4=\" data-src=\"https:\/\/vpdanses.fr\/wp-content\/uploads\/2023\/05\/virginie-philippe-dossard-223-preparation-wdsf-open-frankfurt-2023.jpg\" data-srcset=\"https:\/\/vpdanses.fr\/wp-content\/uploads\/2023\/05\/virginie-philippe-dossard-223-preparation-wdsf-open-frankfurt-2023.jpg 1200w, https:\/\/vpdanses.fr\/wp-content\/uploads\/2023\/05\/virginie-philippe-dossard-223-preparation-wdsf-open-frankfurt-2023-300x225.jpg 300w, https:\/\/vpdanses.fr\/wp-content\/uploads\/2023\/05\/virginie-philippe-dossard-223-preparation-wdsf-open-frankfurt-2023-1024x768.jpg 1024w, https:\/\/vpdanses.fr\/wp-content\/uploads\/2023\/05\/virginie-philippe-dossard-223-preparation-wdsf-open-frankfurt-2023-768x576.jpg 768w, https:\/\/vpdanses.fr\/wp-content\/uploads\/2023\/05\/virginie-philippe-dossard-223-preparation-wdsf-open-frankfurt-2023-500x375.jpg 500w, https:\/\/vpdanses.fr\/wp-content\/uploads\/2023\/05\/virginie-philippe-dossard-223-preparation-wdsf-open-frankfurt-2023-800x600.jpg 800w\" data-sizes=\"auto\" loading=\"eager\">\n\t\t<div class=\"vp-portfolio__item-overlay\"><\/div>\n\n\t\t<\/a>\t<\/div>\n<\/div>\n\n\t<figcaption class=\"vp-portfolio__item-caption vp-portfolio__item-caption-text-align-center\">\n\t\t<div class=\"vp-portfolio__item-meta-wrap vp-portfolio__custom-scrollbar\">\n\t\t\t<div class=\"vp-portfolio__item-meta\">\n\t\t\t\t\n<h2 class=\"vp-portfolio__item-meta-title\">\n\t\t<a\n\t\thref=\"https:\/\/vpdanses.fr\/wp-content\/uploads\/2023\/05\/virginie-philippe-dossard-223-preparation-wdsf-open-frankfurt-2023.jpg\"\n\t\t\t>\n\tVirginie accroche le dossard 223 sur Philippe \u2013 WDSF OPEN FRANKFURT 2023<\/a><\/h2>\n\t\t\t<\/div>\n\t\t<\/div>\n\t<\/figcaption>\n\t\t\t<\/figure>\n\t\t\t\t\t<\/div>\n\t\t\n\t\t<div\t\tclass=\"vp-portfolio__item-wrap vp-portfolio__item-uid-6b8d2957\" data-vp-filter=\"\" \t\t>\n\t\t\t<template class=\"vp-portfolio__item-popup\" data-vp-popup-img=\"https:\/\/vpdanses.fr\/wp-content\/uploads\/2023\/05\/virginie-philippe-gradins-avant-competition-wdsf-open-frankfurt-2023.jpg\" data-vp-popup-img-srcset=\"https:\/\/vpdanses.fr\/wp-content\/uploads\/2023\/05\/virginie-philippe-gradins-avant-competition-wdsf-open-frankfurt-2023.jpg 1000w, https:\/\/vpdanses.fr\/wp-content\/uploads\/2023\/05\/virginie-philippe-gradins-avant-competition-wdsf-open-frankfurt-2023-300x225.jpg 300w, https:\/\/vpdanses.fr\/wp-content\/uploads\/2023\/05\/virginie-philippe-gradins-avant-competition-wdsf-open-frankfurt-2023-768x576.jpg 768w, https:\/\/vpdanses.fr\/wp-content\/uploads\/2023\/05\/virginie-philippe-gradins-avant-competition-wdsf-open-frankfurt-2023-500x375.jpg 500w, https:\/\/vpdanses.fr\/wp-content\/uploads\/2023\/05\/virginie-philippe-gradins-avant-competition-wdsf-open-frankfurt-2023-800x600.jpg 800w\" data-vp-popup-img-size=\"1000x750\" data-vp-popup-md-img=\"https:\/\/vpdanses.fr\/wp-content\/uploads\/2023\/05\/virginie-philippe-gradins-avant-competition-wdsf-open-frankfurt-2023-800x600.jpg\" data-vp-popup-md-img-size=\"800x600\" data-vp-popup-sm-img=\"https:\/\/vpdanses.fr\/wp-content\/uploads\/2023\/05\/virginie-philippe-gradins-avant-competition-wdsf-open-frankfurt-2023-500x375.jpg\" data-vp-popup-sm-img-size=\"500x375\">\n\t\t\t<h3 class=\"vp-portfolio__item-popup-title\">Virginie et Philippe dans les gradins \u2013 WDSF OPEN FRANKFURT 2023<\/h3>\n\t\t\t\t<div class=\"vp-portfolio__item-popup-description\">Avant le lancement du WDSF OPEN FRANKFURT 2023, Virginie et Philippe, repr\u00e9sentants du club ASCENDANCE, prennent un moment de calme dans les gradins du complexe sportif.\nTous deux sont \u00e9l\u00e9gamment v\u00eatus de noir, pr\u00eats pour leur performance en cat\u00e9gorie Senior II Latin.\nLe contraste entre les tenues sombres du couple et les chaises jaunes vives cr\u00e9e une composition visuelle forte, symbolisant l\u2019\u00e9nergie et la concentration pr\u00e9c\u00e9dant la comp\u00e9tition.\nLeurs sourires traduisent la complicit\u00e9 et la s\u00e9r\u00e9nit\u00e9 d\u2019un duo habitu\u00e9 \u00e0 la sc\u00e8ne internationale de danse sportive.<\/div>\n\t\t<\/template>\n\t\t\t\t\t\t<figure class=\"vp-portfolio__item\">\n\t\t\t\t\n<div class=\"vp-portfolio__item-img-wrap\">\n\t<div class=\"vp-portfolio__item-img\">\n\t\t\t<a\n\t\thref=\"https:\/\/vpdanses.fr\/wp-content\/uploads\/2023\/05\/virginie-philippe-gradins-avant-competition-wdsf-open-frankfurt-2023.jpg\"\n\t\t\t>\n\t\n\t\t<noscript><img loading=\"lazy\" decoding=\"async\" width=\"1000\" height=\"750\" data-skip-lazy src=\"https:\/\/vpdanses.fr\/wp-content\/uploads\/2023\/05\/virginie-philippe-gradins-avant-competition-wdsf-open-frankfurt-2023.jpg\" class=\"wp-image-14623\" alt=\"Virginie et Philippe de VP DANSES, v\u00eatus de noir et souriants, assis dans les gradins jaunes du complexe sportif avant le d\u00e9but du WDSF OPEN FRANKFURT 2023.\" srcset=\"https:\/\/vpdanses.fr\/wp-content\/uploads\/2023\/05\/virginie-philippe-gradins-avant-competition-wdsf-open-frankfurt-2023.jpg 1000w, https:\/\/vpdanses.fr\/wp-content\/uploads\/2023\/05\/virginie-philippe-gradins-avant-competition-wdsf-open-frankfurt-2023-300x225.jpg 300w, https:\/\/vpdanses.fr\/wp-content\/uploads\/2023\/05\/virginie-philippe-gradins-avant-competition-wdsf-open-frankfurt-2023-768x576.jpg 768w, https:\/\/vpdanses.fr\/wp-content\/uploads\/2023\/05\/virginie-philippe-gradins-avant-competition-wdsf-open-frankfurt-2023-500x375.jpg 500w, https:\/\/vpdanses.fr\/wp-content\/uploads\/2023\/05\/virginie-philippe-gradins-avant-competition-wdsf-open-frankfurt-2023-800x600.jpg 800w\" sizes=\"auto, (max-width: 1000px) 100vw, 1000px\" \/><\/noscript><img decoding=\"async\" width=\"1000\" height=\"750\" src=\"https:\/\/vpdanses.fr\/wp-content\/uploads\/2023\/05\/virginie-philippe-gradins-avant-competition-wdsf-open-frankfurt-2023.jpg\" class=\"wp-image-14623 vp-lazyload\" alt=\"Virginie et Philippe de VP DANSES, v\u00eatus de noir et souriants, assis dans les gradins jaunes du complexe sportif avant le d\u00e9but du WDSF OPEN FRANKFURT 2023.\" srcset=\"data:image\/svg+xml;base64,PHN2ZyB3aWR0aD0iMTAwMCIgaGVpZ2h0PSI3NTAiIHZpZXdCb3g9IjAgMCAxMDAwIDc1MCIgZmlsbD0ibm9uZSIgeG1sbnM9Imh0dHA6Ly93d3cudzMub3JnLzIwMDAvc3ZnIj48L3N2Zz4=\" data-src=\"https:\/\/vpdanses.fr\/wp-content\/uploads\/2023\/05\/virginie-philippe-gradins-avant-competition-wdsf-open-frankfurt-2023.jpg\" data-srcset=\"https:\/\/vpdanses.fr\/wp-content\/uploads\/2023\/05\/virginie-philippe-gradins-avant-competition-wdsf-open-frankfurt-2023.jpg 1000w, https:\/\/vpdanses.fr\/wp-content\/uploads\/2023\/05\/virginie-philippe-gradins-avant-competition-wdsf-open-frankfurt-2023-300x225.jpg 300w, https:\/\/vpdanses.fr\/wp-content\/uploads\/2023\/05\/virginie-philippe-gradins-avant-competition-wdsf-open-frankfurt-2023-768x576.jpg 768w, https:\/\/vpdanses.fr\/wp-content\/uploads\/2023\/05\/virginie-philippe-gradins-avant-competition-wdsf-open-frankfurt-2023-500x375.jpg 500w, https:\/\/vpdanses.fr\/wp-content\/uploads\/2023\/05\/virginie-philippe-gradins-avant-competition-wdsf-open-frankfurt-2023-800x600.jpg 800w\" data-sizes=\"auto\" loading=\"eager\">\n\t\t<div class=\"vp-portfolio__item-overlay\"><\/div>\n\n\t\t<\/a>\t<\/div>\n<\/div>\n\n\t<figcaption class=\"vp-portfolio__item-caption vp-portfolio__item-caption-text-align-center\">\n\t\t<div class=\"vp-portfolio__item-meta-wrap vp-portfolio__custom-scrollbar\">\n\t\t\t<div class=\"vp-portfolio__item-meta\">\n\t\t\t\t\n<h2 class=\"vp-portfolio__item-meta-title\">\n\t\t<a\n\t\thref=\"https:\/\/vpdanses.fr\/wp-content\/uploads\/2023\/05\/virginie-philippe-gradins-avant-competition-wdsf-open-frankfurt-2023.jpg\"\n\t\t\t>\n\tVirginie et Philippe dans les gradins \u2013 WDSF OPEN FRANKFURT 2023<\/a><\/h2>\n\t\t\t<\/div>\n\t\t<\/div>\n\t<\/figcaption>\n\t\t\t<\/figure>\n\t\t\t\t\t<\/div>\n\t\t\n\t\t<div\t\tclass=\"vp-portfolio__item-wrap vp-portfolio__item-uid-3eb56f51\" data-vp-filter=\"\" \t\t>\n\t\t\t<template class=\"vp-portfolio__item-popup\" data-vp-popup-img=\"https:\/\/vpdanses.fr\/wp-content\/uploads\/2023\/05\/vp-danses-ascendance-groupe-affiche-wdsf-francfort-2023.jpg\" data-vp-popup-img-srcset=\"https:\/\/vpdanses.fr\/wp-content\/uploads\/2023\/05\/vp-danses-ascendance-groupe-affiche-wdsf-francfort-2023.jpg 764w, https:\/\/vpdanses.fr\/wp-content\/uploads\/2023\/05\/vp-danses-ascendance-groupe-affiche-wdsf-francfort-2023-300x229.jpg 300w, https:\/\/vpdanses.fr\/wp-content\/uploads\/2023\/05\/vp-danses-ascendance-groupe-affiche-wdsf-francfort-2023-500x382.jpg 500w\" data-vp-popup-img-size=\"764x583\" data-vp-popup-md-img=\"https:\/\/vpdanses.fr\/wp-content\/uploads\/2023\/05\/vp-danses-ascendance-groupe-affiche-wdsf-francfort-2023.jpg\" data-vp-popup-md-img-size=\"764x583\" data-vp-popup-sm-img=\"https:\/\/vpdanses.fr\/wp-content\/uploads\/2023\/05\/vp-danses-ascendance-groupe-affiche-wdsf-francfort-2023-500x382.jpg\" data-vp-popup-sm-img-size=\"500x382\">\n\t\t\t<h3 class=\"vp-portfolio__item-popup-title\">Photo de groupe VP DANSES et ASCENDANCE devant l\u2019affiche WDSF Francfort 2023<\/h3>\n\t\t\t\t<div class=\"vp-portfolio__item-popup-description\">Cette photo de groupe a \u00e9t\u00e9 prise devant l\u2019affiche officielle du WDSF OPEN FRANKFURT 2023, avant le d\u00e9but de la comp\u00e9tition internationale de danse sportive.\nOn y voit Virginie et Philippe (VP DANSES), leur entra\u00eeneur Sven BALCERZAK  (Pr\u00e9sident du club ASCENDANCE), son \u00e9pouse Birgitt, Sylvie (secr\u00e9taire de ASCENDANCE) ainsi que deux autres couples comp\u00e9titeurs du club : St\u00e9phanie &amp; Dave et Carole &amp; Philippe.\nTous les visages sont souriants, capturant l\u2019esprit d\u2019\u00e9quipe, la convivialit\u00e9 et la fiert\u00e9 du club. Cette image illustre la coh\u00e9sion et l\u2019accompagnement des danseurs par leur entra\u00eeneur lors d\u2019un \u00e9v\u00e9nement international majeur.<\/div>\n\t\t<\/template>\n\t\t\t\t\t\t<figure class=\"vp-portfolio__item\">\n\t\t\t\t\n<div class=\"vp-portfolio__item-img-wrap\">\n\t<div class=\"vp-portfolio__item-img\">\n\t\t\t<a\n\t\thref=\"https:\/\/vpdanses.fr\/wp-content\/uploads\/2023\/05\/vp-danses-ascendance-groupe-affiche-wdsf-francfort-2023.jpg\"\n\t\t\t>\n\t\n\t\t<noscript><img loading=\"lazy\" decoding=\"async\" width=\"764\" height=\"583\" data-skip-lazy src=\"https:\/\/vpdanses.fr\/wp-content\/uploads\/2023\/05\/vp-danses-ascendance-groupe-affiche-wdsf-francfort-2023.jpg\" class=\"wp-image-14624\" alt=\"Photo de groupe devant l\u2019affiche officielle WDSF Francfort 2023 : Virginie et Philippe (VP DANSES), Sven BALCERZAK (entra\u00eeneur et pr\u00e9sident ASCENDANCE), Birgitt, et deux autres couples du club (St\u00e9phanie &amp; Dave, Carole &amp; Philippe), tous souriants apr\u00e8s la comp\u00e9tition.\" srcset=\"https:\/\/vpdanses.fr\/wp-content\/uploads\/2023\/05\/vp-danses-ascendance-groupe-affiche-wdsf-francfort-2023.jpg 764w, https:\/\/vpdanses.fr\/wp-content\/uploads\/2023\/05\/vp-danses-ascendance-groupe-affiche-wdsf-francfort-2023-300x229.jpg 300w, https:\/\/vpdanses.fr\/wp-content\/uploads\/2023\/05\/vp-danses-ascendance-groupe-affiche-wdsf-francfort-2023-500x382.jpg 500w\" sizes=\"auto, (max-width: 764px) 100vw, 764px\" \/><\/noscript><img decoding=\"async\" width=\"764\" height=\"583\" src=\"https:\/\/vpdanses.fr\/wp-content\/uploads\/2023\/05\/vp-danses-ascendance-groupe-affiche-wdsf-francfort-2023.jpg\" class=\"wp-image-14624 vp-lazyload\" alt=\"Photo de groupe devant l\u2019affiche officielle WDSF Francfort 2023 : Virginie et Philippe (VP DANSES), Sven BALCERZAK (entra\u00eeneur et pr\u00e9sident ASCENDANCE), Birgitt, et deux autres couples du club (St\u00e9phanie &amp; Dave, Carole &amp; Philippe), tous souriants apr\u00e8s la comp\u00e9tition.\" srcset=\"data:image\/svg+xml;base64,PHN2ZyB3aWR0aD0iNzY0IiBoZWlnaHQ9IjU4MyIgdmlld0JveD0iMCAwIDc2NCA1ODMiIGZpbGw9Im5vbmUiIHhtbG5zPSJodHRwOi8vd3d3LnczLm9yZy8yMDAwL3N2ZyI+PC9zdmc+\" data-src=\"https:\/\/vpdanses.fr\/wp-content\/uploads\/2023\/05\/vp-danses-ascendance-groupe-affiche-wdsf-francfort-2023.jpg\" data-srcset=\"https:\/\/vpdanses.fr\/wp-content\/uploads\/2023\/05\/vp-danses-ascendance-groupe-affiche-wdsf-francfort-2023.jpg 764w, https:\/\/vpdanses.fr\/wp-content\/uploads\/2023\/05\/vp-danses-ascendance-groupe-affiche-wdsf-francfort-2023-300x229.jpg 300w, https:\/\/vpdanses.fr\/wp-content\/uploads\/2023\/05\/vp-danses-ascendance-groupe-affiche-wdsf-francfort-2023-500x382.jpg 500w\" data-sizes=\"auto\" loading=\"eager\">\n\t\t<div class=\"vp-portfolio__item-overlay\"><\/div>\n\n\t\t<\/a>\t<\/div>\n<\/div>\n\n\t<figcaption class=\"vp-portfolio__item-caption vp-portfolio__item-caption-text-align-center\">\n\t\t<div class=\"vp-portfolio__item-meta-wrap vp-portfolio__custom-scrollbar\">\n\t\t\t<div class=\"vp-portfolio__item-meta\">\n\t\t\t\t\n<h2 class=\"vp-portfolio__item-meta-title\">\n\t\t<a\n\t\thref=\"https:\/\/vpdanses.fr\/wp-content\/uploads\/2023\/05\/vp-danses-ascendance-groupe-affiche-wdsf-francfort-2023.jpg\"\n\t\t\t>\n\tPhoto de groupe VP DANSES et ASCENDANCE devant l\u2019affiche WDSF Francfort 2023<\/a><\/h2>\n\t\t\t<\/div>\n\t\t<\/div>\n\t<\/figcaption>\n\t\t\t<\/figure>\n\t\t\t\t\t<\/div>\n\t\t\n\t\t<div\t\tclass=\"vp-portfolio__item-wrap vp-portfolio__item-uid-cf262d69\" data-vp-filter=\"\" \t\t>\n\t\t\t<template class=\"vp-portfolio__item-popup\" data-vp-popup-img=\"https:\/\/vpdanses.fr\/wp-content\/uploads\/2023\/05\/eissporthalle-frankfurt-entree-wdsf-open-2023.jpg\" data-vp-popup-img-srcset=\"https:\/\/vpdanses.fr\/wp-content\/uploads\/2023\/05\/eissporthalle-frankfurt-entree-wdsf-open-2023.jpg 764w, https:\/\/vpdanses.fr\/wp-content\/uploads\/2023\/05\/eissporthalle-frankfurt-entree-wdsf-open-2023-300x225.jpg 300w, https:\/\/vpdanses.fr\/wp-content\/uploads\/2023\/05\/eissporthalle-frankfurt-entree-wdsf-open-2023-500x375.jpg 500w\" data-vp-popup-img-size=\"764x573\" data-vp-popup-md-img=\"https:\/\/vpdanses.fr\/wp-content\/uploads\/2023\/05\/eissporthalle-frankfurt-entree-wdsf-open-2023.jpg\" data-vp-popup-md-img-size=\"764x573\" data-vp-popup-sm-img=\"https:\/\/vpdanses.fr\/wp-content\/uploads\/2023\/05\/eissporthalle-frankfurt-entree-wdsf-open-2023-500x375.jpg\" data-vp-popup-sm-img-size=\"500x375\">\n\t\t\t<h3 class=\"vp-portfolio__item-popup-title\">Entr\u00e9e du complexe sportif Eissporthalle Frankfurt \u2013 WDSF OPEN FRANKFURT 2023<\/h3>\n\t\t\t\t<div class=\"vp-portfolio__item-popup-description\">Cette photo montre l\u2019entr\u00e9e principale du complexe sportif Eissporthalle Frankfurt, lieu officiel du WDSF OPEN FRANKFURT 2023, comp\u00e9tition internationale de danse sportive.\nPrise t\u00f4t le matin, l\u2019image capture l\u2019atmosph\u00e8re calme avant l\u2019arriv\u00e9e des comp\u00e9titeurs et du public, avec un parking quasi vide.\nLa photo permet aux visiteurs du site de visualiser l\u2019infrastructure officielle et donne un contexte g\u00e9ographique et logistique \u00e0 la comp\u00e9tition.<\/div>\n\t\t<\/template>\n\t\t\t\t\t\t<figure class=\"vp-portfolio__item\">\n\t\t\t\t\n<div class=\"vp-portfolio__item-img-wrap\">\n\t<div class=\"vp-portfolio__item-img\">\n\t\t\t<a\n\t\thref=\"https:\/\/vpdanses.fr\/wp-content\/uploads\/2023\/05\/eissporthalle-frankfurt-entree-wdsf-open-2023.jpg\"\n\t\t\t>\n\t\n\t\t<noscript><img loading=\"lazy\" decoding=\"async\" width=\"764\" height=\"573\" data-skip-lazy src=\"https:\/\/vpdanses.fr\/wp-content\/uploads\/2023\/05\/eissporthalle-frankfurt-entree-wdsf-open-2023.jpg\" class=\"wp-image-14625\" alt=\"Entr\u00e9e principale du complexe sportif Eissporthalle Frankfurt, site du WDSF OPEN FRANKFURT 2023, t\u00f4t le matin avant le d\u00e9but de la comp\u00e9tition internationale de danse sportive.\" srcset=\"https:\/\/vpdanses.fr\/wp-content\/uploads\/2023\/05\/eissporthalle-frankfurt-entree-wdsf-open-2023.jpg 764w, https:\/\/vpdanses.fr\/wp-content\/uploads\/2023\/05\/eissporthalle-frankfurt-entree-wdsf-open-2023-300x225.jpg 300w, https:\/\/vpdanses.fr\/wp-content\/uploads\/2023\/05\/eissporthalle-frankfurt-entree-wdsf-open-2023-500x375.jpg 500w\" sizes=\"auto, (max-width: 764px) 100vw, 764px\" \/><\/noscript><img decoding=\"async\" width=\"764\" height=\"573\" src=\"https:\/\/vpdanses.fr\/wp-content\/uploads\/2023\/05\/eissporthalle-frankfurt-entree-wdsf-open-2023.jpg\" class=\"wp-image-14625 vp-lazyload\" alt=\"Entr\u00e9e principale du complexe sportif Eissporthalle Frankfurt, site du WDSF OPEN FRANKFURT 2023, t\u00f4t le matin avant le d\u00e9but de la comp\u00e9tition internationale de danse sportive.\" srcset=\"data:image\/svg+xml;base64,PHN2ZyB3aWR0aD0iNzY0IiBoZWlnaHQ9IjU3MyIgdmlld0JveD0iMCAwIDc2NCA1NzMiIGZpbGw9Im5vbmUiIHhtbG5zPSJodHRwOi8vd3d3LnczLm9yZy8yMDAwL3N2ZyI+PC9zdmc+\" data-src=\"https:\/\/vpdanses.fr\/wp-content\/uploads\/2023\/05\/eissporthalle-frankfurt-entree-wdsf-open-2023.jpg\" data-srcset=\"https:\/\/vpdanses.fr\/wp-content\/uploads\/2023\/05\/eissporthalle-frankfurt-entree-wdsf-open-2023.jpg 764w, https:\/\/vpdanses.fr\/wp-content\/uploads\/2023\/05\/eissporthalle-frankfurt-entree-wdsf-open-2023-300x225.jpg 300w, https:\/\/vpdanses.fr\/wp-content\/uploads\/2023\/05\/eissporthalle-frankfurt-entree-wdsf-open-2023-500x375.jpg 500w\" data-sizes=\"auto\" loading=\"eager\">\n\t\t<div class=\"vp-portfolio__item-overlay\"><\/div>\n\n\t\t<\/a>\t<\/div>\n<\/div>\n\n\t<figcaption class=\"vp-portfolio__item-caption vp-portfolio__item-caption-text-align-center\">\n\t\t<div class=\"vp-portfolio__item-meta-wrap vp-portfolio__custom-scrollbar\">\n\t\t\t<div class=\"vp-portfolio__item-meta\">\n\t\t\t\t\n<h2 class=\"vp-portfolio__item-meta-title\">\n\t\t<a\n\t\thref=\"https:\/\/vpdanses.fr\/wp-content\/uploads\/2023\/05\/eissporthalle-frankfurt-entree-wdsf-open-2023.jpg\"\n\t\t\t>\n\tEntr\u00e9e du complexe sportif Eissporthalle Frankfurt \u2013 WDSF OPEN FRANKFURT 2023<\/a><\/h2>\n\t\t\t<\/div>\n\t\t<\/div>\n\t<\/figcaption>\n\t\t\t<\/figure>\n\t\t\t\t\t<\/div>\n\t\t\n<\/div>\n\t\t<\/div>\n\t\t\n<\/div>\n<\/div>\n\n\n<blockquote class=\"wp-block-quote is-layout-flow wp-block-quote-is-layout-flow\"><\/blockquote>\n","protected":false},"excerpt":{"rendered":"<p>Retour sur la participation internationale de VP DANSES au WDSF OPEN FRANKFURT 2023 dans la cat\u00e9gorie Senior II Latin \u2013 23\u1d49 sur 34 couples.<\/p>\n","protected":false},"author":1,"featured_media":14617,"comment_status":"closed","ping_status":"closed","sticky":false,"template":"","format":"standard","meta":{"_uag_custom_page_level_css":"","_price":"","_stock":"","_tribe_ticket_header":"","_tribe_default_ticket_provider":"","_tribe_ticket_capacity":"0","_ticket_start_date":"","_ticket_end_date":"","_tribe_ticket_show_description":"","_tribe_ticket_show_not_going":false,"_tribe_ticket_use_global_stock":"","_tribe_ticket_global_stock_level":"","_global_stock_mode":"","_global_stock_cap":"","_tribe_rsvp_for_event":"","_tribe_ticket_going_count":"","_tribe_ticket_not_going_count":"","_tribe_tickets_list":"[]","_tribe_ticket_has_attendee_info_fields":false,"_EventAllDay":false,"_EventTimezone":"","_EventStartDate":"","_EventEndDate":"","_EventStartDateUTC":"","_EventEndDateUTC":"","_EventShowMap":false,"_EventShowMapLink":false,"_EventURL":"","_EventCost":"","_EventCostDescription":"","_EventCurrencySymbol":"","_EventCurrencyCode":"","_EventCurrencyPosition":"","_EventDateTimeSeparator":"","_EventTimeRangeSeparator":"","_EventOrganizerID":[],"_EventVenueID":[],"_OrganizerEmail":"","_OrganizerPhone":"","_OrganizerWebsite":"","_VenueAddress":"","_VenueCity":"","_VenueCountry":"","_VenueProvince":"","_VenueState":"","_VenueZip":"","_VenuePhone":"","_VenueURL":"","_VenueStateProvince":"","_VenueLat":"","_VenueLng":"","_VenueShowMap":false,"_VenueShowMapLink":false,"_vp_format_video_url":"","_vp_image_focal_point":[],"_jetpack_memberships_contains_paid_content":false,"footnotes":""},"categories":[229,482,230],"tags":[460,106,485,486,483,96,231,484],"class_list":["post-14612","post","type-post","status-publish","format-standard","has-post-thumbnail","hentry","category-competition","category-international","category-wdsf-competition","tag-competition-internationale","tag-danse-sportive","tag-francfort","tag-resultats-2023","tag-senior-ii-latin","tag-vp-danses","tag-wdsf","tag-wdsf-open-frankfurt"],"yoast_head":"<!-- This site is optimized with the Yoast SEO Premium plugin v25.6 (Yoast SEO v25.6) - https:\/\/yoast.com\/wordpress\/plugins\/seo\/ -->\n<title>VP DANSES \u2013 WDSF OPEN FRANKFURT 2023 | Senior II Latin<\/title>\n<meta name=\"description\" content=\"Le 12 mai 2023, VP DANSES a particip\u00e9 au WDSF OPEN FRANKFURT en cat\u00e9gorie Senior II Latin et a termin\u00e9 23\u1d49 sur 34 couples. D\u00e9couvrez les r\u00e9sultats et moments forts de cette comp\u00e9tition internationale.\" \/>\n<meta name=\"robots\" content=\"index, follow, max-snippet:-1, max-image-preview:large, max-video-preview:-1\" \/>\n<link rel=\"canonical\" href=\"https:\/\/vpdanses.fr\/home\/bienvenue-chez-vp-danses-hazebrouck\/wdsf-open-frankfurt-2023-senior2-latin\/\" \/>\n<meta property=\"og:locale\" content=\"fr_FR\" \/>\n<meta property=\"og:type\" content=\"article\" \/>\n<meta property=\"og:title\" content=\"VP DANSES au WDSF OPEN FRANKFURT 2023 \u2013 Senior II Latin\" \/>\n<meta property=\"og:description\" content=\"Le 12 mai 2023, VP DANSES a particip\u00e9 \u00e0 la comp\u00e9tition internationale WDSF OPEN FRANKFURT dans la cat\u00e9gorie Senior II Latin et a termin\u00e9 23\u1d49 sur 34 couples.\" \/>\n<meta property=\"og:url\" content=\"https:\/\/vpdanses.fr\/home\/bienvenue-chez-vp-danses-hazebrouck\/wdsf-open-frankfurt-2023-senior2-latin\/\" \/>\n<meta property=\"og:site_name\" content=\"VP DANSES, cours de Danse Sportive \u00e0 Aire-sur-la-Lys et \u00e0 Saint-Jans-Cappel (Hauts-de-France)\" \/>\n<meta property=\"article:published_time\" content=\"2023-05-12T16:40:00+00:00\" \/>\n<meta property=\"article:modified_time\" content=\"2025-10-22T11:51:26+00:00\" \/>\n<meta property=\"og:image\" content=\"https:\/\/vpdanses.fr\/wp-content\/uploads\/2023\/05\/wdsf-open-frankfurt-2023-patinoire-hockey-parquet-danse.jpg\" \/>\n\t<meta property=\"og:image:width\" content=\"800\" \/>\n\t<meta property=\"og:image:height\" content=\"600\" \/>\n\t<meta property=\"og:image:type\" content=\"image\/jpeg\" \/>\n<meta name=\"author\" content=\"VP DANSES\" \/>\n<meta name=\"twitter:card\" content=\"summary_large_image\" \/>\n<meta name=\"twitter:title\" content=\"VP DANSES participe au WDSF OPEN FRANKFURT 2023 \u2013 Senior II Latin\" \/>\n<meta name=\"twitter:label1\" content=\"\u00c9crit par\" \/>\n\t<meta name=\"twitter:data1\" content=\"VP DANSES\" \/>\n\t<meta name=\"twitter:label2\" content=\"Dur\u00e9e de lecture estim\u00e9e\" \/>\n\t<meta name=\"twitter:data2\" content=\"2 minutes\" \/>\n<script type=\"application\/ld+json\" class=\"yoast-schema-graph\">{\"@context\":\"https:\/\/schema.org\",\"@graph\":[{\"@type\":\"Article\",\"@id\":\"https:\/\/vpdanses.fr\/home\/bienvenue-chez-vp-danses-hazebrouck\/wdsf-open-frankfurt-2023-senior2-latin\/#article\",\"isPartOf\":{\"@id\":\"https:\/\/vpdanses.fr\/home\/bienvenue-chez-vp-danses-hazebrouck\/wdsf-open-frankfurt-2023-senior2-latin\/\"},\"author\":{\"name\":\"VP DANSES\",\"@id\":\"https:\/\/vpdanses.fr\/home\/bienvenue-chez-vp-danses-hazebrouck\/#\/schema\/person\/bf87806369778f949b83c9cd885519e5\"},\"headline\":\"VP DANSES participe au WDSF OPEN FRANKFURT 2023 \u2013 Senior II Latin\",\"datePublished\":\"2023-05-12T16:40:00+00:00\",\"dateModified\":\"2025-10-22T11:51:26+00:00\",\"mainEntityOfPage\":{\"@id\":\"https:\/\/vpdanses.fr\/home\/bienvenue-chez-vp-danses-hazebrouck\/wdsf-open-frankfurt-2023-senior2-latin\/\"},\"wordCount\":202,\"publisher\":{\"@id\":\"https:\/\/vpdanses.fr\/home\/bienvenue-chez-vp-danses-hazebrouck\/#organization\"},\"image\":{\"@id\":\"https:\/\/vpdanses.fr\/home\/bienvenue-chez-vp-danses-hazebrouck\/wdsf-open-frankfurt-2023-senior2-latin\/#primaryimage\"},\"thumbnailUrl\":\"https:\/\/vpdanses.fr\/wp-content\/uploads\/2023\/05\/wdsf-open-frankfurt-2023-patinoire-hockey-parquet-danse.jpg\",\"keywords\":[\"Comp\u00e9tition internationale\",\"DANSE SPORTIVE\",\"Francfort\",\"R\u00e9sultats 2023\",\"Senior II Latin\",\"VP DANSES\",\"WDSF\",\"WDSF OPEN FRANKFURT\"],\"articleSection\":[\"Comp\u00e9tition\",\"International\",\"WDSF\"],\"inLanguage\":\"fr-FR\"},{\"@type\":\"WebPage\",\"@id\":\"https:\/\/vpdanses.fr\/home\/bienvenue-chez-vp-danses-hazebrouck\/wdsf-open-frankfurt-2023-senior2-latin\/\",\"url\":\"https:\/\/vpdanses.fr\/home\/bienvenue-chez-vp-danses-hazebrouck\/wdsf-open-frankfurt-2023-senior2-latin\/\",\"name\":\"VP DANSES \u2013 WDSF OPEN FRANKFURT 2023 | Senior II Latin\",\"isPartOf\":{\"@id\":\"https:\/\/vpdanses.fr\/home\/bienvenue-chez-vp-danses-hazebrouck\/#website\"},\"primaryImageOfPage\":{\"@id\":\"https:\/\/vpdanses.fr\/home\/bienvenue-chez-vp-danses-hazebrouck\/wdsf-open-frankfurt-2023-senior2-latin\/#primaryimage\"},\"image\":{\"@id\":\"https:\/\/vpdanses.fr\/home\/bienvenue-chez-vp-danses-hazebrouck\/wdsf-open-frankfurt-2023-senior2-latin\/#primaryimage\"},\"thumbnailUrl\":\"https:\/\/vpdanses.fr\/wp-content\/uploads\/2023\/05\/wdsf-open-frankfurt-2023-patinoire-hockey-parquet-danse.jpg\",\"datePublished\":\"2023-05-12T16:40:00+00:00\",\"dateModified\":\"2025-10-22T11:51:26+00:00\",\"description\":\"Le 12 mai 2023, VP DANSES a particip\u00e9 au WDSF OPEN FRANKFURT en cat\u00e9gorie Senior II Latin et a termin\u00e9 23\u1d49 sur 34 couples. D\u00e9couvrez les r\u00e9sultats et moments forts de cette comp\u00e9tition internationale.\",\"breadcrumb\":{\"@id\":\"https:\/\/vpdanses.fr\/home\/bienvenue-chez-vp-danses-hazebrouck\/wdsf-open-frankfurt-2023-senior2-latin\/#breadcrumb\"},\"inLanguage\":\"fr-FR\",\"potentialAction\":[{\"@type\":\"ReadAction\",\"target\":[\"https:\/\/vpdanses.fr\/home\/bienvenue-chez-vp-danses-hazebrouck\/wdsf-open-frankfurt-2023-senior2-latin\/\"]}]},{\"@type\":\"ImageObject\",\"inLanguage\":\"fr-FR\",\"@id\":\"https:\/\/vpdanses.fr\/home\/bienvenue-chez-vp-danses-hazebrouck\/wdsf-open-frankfurt-2023-senior2-latin\/#primaryimage\",\"url\":\"https:\/\/vpdanses.fr\/wp-content\/uploads\/2023\/05\/wdsf-open-frankfurt-2023-patinoire-hockey-parquet-danse.jpg\",\"contentUrl\":\"https:\/\/vpdanses.fr\/wp-content\/uploads\/2023\/05\/wdsf-open-frankfurt-2023-patinoire-hockey-parquet-danse.jpg\",\"width\":800,\"height\":600,\"caption\":\"Vue de la patinoire de hockey de Francfort am\u00e9nag\u00e9e avec du parquet pour accueillir les couples de danse du WDSF OPEN FRANKFURT 2023.\"},{\"@type\":\"BreadcrumbList\",\"@id\":\"https:\/\/vpdanses.fr\/home\/bienvenue-chez-vp-danses-hazebrouck\/wdsf-open-frankfurt-2023-senior2-latin\/#breadcrumb\",\"itemListElement\":[{\"@type\":\"ListItem\",\"position\":1,\"name\":\"Accueil\",\"item\":\"https:\/\/vpdanses.fr\/home\/bienvenue-chez-vp-danses-hazebrouck\/\"},{\"@type\":\"ListItem\",\"position\":2,\"name\":\"VP DANSES participe au WDSF OPEN FRANKFURT 2023 \u2013 Senior II Latin\"}]},{\"@type\":\"WebSite\",\"@id\":\"https:\/\/vpdanses.fr\/home\/bienvenue-chez-vp-danses-hazebrouck\/#website\",\"url\":\"https:\/\/vpdanses.fr\/home\/bienvenue-chez-vp-danses-hazebrouck\/\",\"name\":\"VP DANSES, cours de Danse Sportive \u00e0 Aire-sur-la-Lys et \u00e0 Saint-Jans-Cappel (Hauts-de-France)\",\"description\":\"Cours de Danse Sportive STANDARD (valse anglaise, tango, valse viennoise, slowfox, quickstep), danses sportives LATINES (samba, chacha, rumba, paso doble, jive), danses de bal, danses de salons, danses de loisirs, salsa, rock 4 temps, rock 6 temps, danses en ligne, disco, \u2026 Lieu : Hazebrouck, Aire-sur-la-Lys, Saint-Jans-Cappel et Isbergues (Hauts-de-France) - Cours Particuliers dans les Hauts-de-France - Ouverture de bal de Mariage\",\"publisher\":{\"@id\":\"https:\/\/vpdanses.fr\/home\/bienvenue-chez-vp-danses-hazebrouck\/#organization\"},\"potentialAction\":[{\"@type\":\"SearchAction\",\"target\":{\"@type\":\"EntryPoint\",\"urlTemplate\":\"https:\/\/vpdanses.fr\/home\/bienvenue-chez-vp-danses-hazebrouck\/?s={search_term_string}\"},\"query-input\":{\"@type\":\"PropertyValueSpecification\",\"valueRequired\":true,\"valueName\":\"search_term_string\"}}],\"inLanguage\":\"fr-FR\"},{\"@type\":\"Organization\",\"@id\":\"https:\/\/vpdanses.fr\/home\/bienvenue-chez-vp-danses-hazebrouck\/#organization\",\"name\":\"VP DANSES, cours de Danse Sportive \u00e0 Aire-sur-la-Lys et \u00e0 Saint-Jans-Cappel (Hauts-de-France)\",\"url\":\"https:\/\/vpdanses.fr\/home\/bienvenue-chez-vp-danses-hazebrouck\/\",\"logo\":{\"@type\":\"ImageObject\",\"inLanguage\":\"fr-FR\",\"@id\":\"https:\/\/vpdanses.fr\/home\/bienvenue-chez-vp-danses-hazebrouck\/#\/schema\/logo\/image\/\",\"url\":\"https:\/\/vpdanses.fr\/wp-content\/uploads\/2024\/10\/logo_cadanse_asaintjans.jpeg\",\"contentUrl\":\"https:\/\/vpdanses.fr\/wp-content\/uploads\/2024\/10\/logo_cadanse_asaintjans.jpeg\",\"width\":225,\"height\":225,\"caption\":\"VP DANSES, cours de Danse Sportive \u00e0 Aire-sur-la-Lys et \u00e0 Saint-Jans-Cappel (Hauts-de-France)\"},\"image\":{\"@id\":\"https:\/\/vpdanses.fr\/home\/bienvenue-chez-vp-danses-hazebrouck\/#\/schema\/logo\/image\/\"}},{\"@type\":\"Person\",\"@id\":\"https:\/\/vpdanses.fr\/home\/bienvenue-chez-vp-danses-hazebrouck\/#\/schema\/person\/bf87806369778f949b83c9cd885519e5\",\"name\":\"VP DANSES\",\"description\":\"\\\"VP danses\\\" est une association qui donne des cours de DANSES SPORTIVES STANDARDS (valse anglaise, tango, valse viennoise, slowfox, quickstep), de DANSES SPORTIVES LATINES (samba, chacha, rumba, paso doble, jive), de DANSES DE BAL, de DANSES DE SALONS, de DANSES DE LOISIRS, de SALSA, de ROCK 4 TEMPS, de ROCK 6 TEMPS, de DANSES EN LIGNE, de DISCO, \u2026\",\"sameAs\":[\"https:\/\/vpdanses.fr\"],\"url\":\"https:\/\/vpdanses.fr\/home\/bienvenue-chez-vp-danses-hazebrouck\/author\/adminvp20241018\/\"}]}<\/script>\n<!-- \/ Yoast SEO Premium plugin. -->","yoast_head_json":{"title":"VP DANSES \u2013 WDSF OPEN FRANKFURT 2023 | Senior II Latin","description":"Le 12 mai 2023, VP DANSES a particip\u00e9 au WDSF OPEN FRANKFURT en cat\u00e9gorie Senior II Latin et a termin\u00e9 23\u1d49 sur 34 couples. D\u00e9couvrez les r\u00e9sultats et moments forts de cette comp\u00e9tition internationale.","robots":{"index":"index","follow":"follow","max-snippet":"max-snippet:-1","max-image-preview":"max-image-preview:large","max-video-preview":"max-video-preview:-1"},"canonical":"https:\/\/vpdanses.fr\/home\/bienvenue-chez-vp-danses-hazebrouck\/wdsf-open-frankfurt-2023-senior2-latin\/","og_locale":"fr_FR","og_type":"article","og_title":"VP DANSES au WDSF OPEN FRANKFURT 2023 \u2013 Senior II Latin","og_description":"Le 12 mai 2023, VP DANSES a particip\u00e9 \u00e0 la comp\u00e9tition internationale WDSF OPEN FRANKFURT dans la cat\u00e9gorie Senior II Latin et a termin\u00e9 23\u1d49 sur 34 couples.","og_url":"https:\/\/vpdanses.fr\/home\/bienvenue-chez-vp-danses-hazebrouck\/wdsf-open-frankfurt-2023-senior2-latin\/","og_site_name":"VP DANSES, cours de Danse Sportive \u00e0 Aire-sur-la-Lys et \u00e0 Saint-Jans-Cappel (Hauts-de-France)","article_published_time":"2023-05-12T16:40:00+00:00","article_modified_time":"2025-10-22T11:51:26+00:00","og_image":[{"width":800,"height":600,"url":"https:\/\/vpdanses.fr\/wp-content\/uploads\/2023\/05\/wdsf-open-frankfurt-2023-patinoire-hockey-parquet-danse.jpg","type":"image\/jpeg"}],"author":"VP DANSES","twitter_card":"summary_large_image","twitter_title":"VP DANSES participe au WDSF OPEN FRANKFURT 2023 \u2013 Senior II Latin","twitter_misc":{"\u00c9crit par":"VP DANSES","Dur\u00e9e de lecture estim\u00e9e":"2 minutes"},"schema":{"@context":"https:\/\/schema.org","@graph":[{"@type":"Article","@id":"https:\/\/vpdanses.fr\/home\/bienvenue-chez-vp-danses-hazebrouck\/wdsf-open-frankfurt-2023-senior2-latin\/#article","isPartOf":{"@id":"https:\/\/vpdanses.fr\/home\/bienvenue-chez-vp-danses-hazebrouck\/wdsf-open-frankfurt-2023-senior2-latin\/"},"author":{"name":"VP DANSES","@id":"https:\/\/vpdanses.fr\/home\/bienvenue-chez-vp-danses-hazebrouck\/#\/schema\/person\/bf87806369778f949b83c9cd885519e5"},"headline":"VP DANSES participe au WDSF OPEN FRANKFURT 2023 \u2013 Senior II Latin","datePublished":"2023-05-12T16:40:00+00:00","dateModified":"2025-10-22T11:51:26+00:00","mainEntityOfPage":{"@id":"https:\/\/vpdanses.fr\/home\/bienvenue-chez-vp-danses-hazebrouck\/wdsf-open-frankfurt-2023-senior2-latin\/"},"wordCount":202,"publisher":{"@id":"https:\/\/vpdanses.fr\/home\/bienvenue-chez-vp-danses-hazebrouck\/#organization"},"image":{"@id":"https:\/\/vpdanses.fr\/home\/bienvenue-chez-vp-danses-hazebrouck\/wdsf-open-frankfurt-2023-senior2-latin\/#primaryimage"},"thumbnailUrl":"https:\/\/vpdanses.fr\/wp-content\/uploads\/2023\/05\/wdsf-open-frankfurt-2023-patinoire-hockey-parquet-danse.jpg","keywords":["Comp\u00e9tition internationale","DANSE SPORTIVE","Francfort","R\u00e9sultats 2023","Senior II Latin","VP DANSES","WDSF","WDSF OPEN FRANKFURT"],"articleSection":["Comp\u00e9tition","International","WDSF"],"inLanguage":"fr-FR"},{"@type":"WebPage","@id":"https:\/\/vpdanses.fr\/home\/bienvenue-chez-vp-danses-hazebrouck\/wdsf-open-frankfurt-2023-senior2-latin\/","url":"https:\/\/vpdanses.fr\/home\/bienvenue-chez-vp-danses-hazebrouck\/wdsf-open-frankfurt-2023-senior2-latin\/","name":"VP DANSES \u2013 WDSF OPEN FRANKFURT 2023 | Senior II Latin","isPartOf":{"@id":"https:\/\/vpdanses.fr\/home\/bienvenue-chez-vp-danses-hazebrouck\/#website"},"primaryImageOfPage":{"@id":"https:\/\/vpdanses.fr\/home\/bienvenue-chez-vp-danses-hazebrouck\/wdsf-open-frankfurt-2023-senior2-latin\/#primaryimage"},"image":{"@id":"https:\/\/vpdanses.fr\/home\/bienvenue-chez-vp-danses-hazebrouck\/wdsf-open-frankfurt-2023-senior2-latin\/#primaryimage"},"thumbnailUrl":"https:\/\/vpdanses.fr\/wp-content\/uploads\/2023\/05\/wdsf-open-frankfurt-2023-patinoire-hockey-parquet-danse.jpg","datePublished":"2023-05-12T16:40:00+00:00","dateModified":"2025-10-22T11:51:26+00:00","description":"Le 12 mai 2023, VP DANSES a particip\u00e9 au WDSF OPEN FRANKFURT en cat\u00e9gorie Senior II Latin et a termin\u00e9 23\u1d49 sur 34 couples. D\u00e9couvrez les r\u00e9sultats et moments forts de cette comp\u00e9tition internationale.","breadcrumb":{"@id":"https:\/\/vpdanses.fr\/home\/bienvenue-chez-vp-danses-hazebrouck\/wdsf-open-frankfurt-2023-senior2-latin\/#breadcrumb"},"inLanguage":"fr-FR","potentialAction":[{"@type":"ReadAction","target":["https:\/\/vpdanses.fr\/home\/bienvenue-chez-vp-danses-hazebrouck\/wdsf-open-frankfurt-2023-senior2-latin\/"]}]},{"@type":"ImageObject","inLanguage":"fr-FR","@id":"https:\/\/vpdanses.fr\/home\/bienvenue-chez-vp-danses-hazebrouck\/wdsf-open-frankfurt-2023-senior2-latin\/#primaryimage","url":"https:\/\/vpdanses.fr\/wp-content\/uploads\/2023\/05\/wdsf-open-frankfurt-2023-patinoire-hockey-parquet-danse.jpg","contentUrl":"https:\/\/vpdanses.fr\/wp-content\/uploads\/2023\/05\/wdsf-open-frankfurt-2023-patinoire-hockey-parquet-danse.jpg","width":800,"height":600,"caption":"Vue de la patinoire de hockey de Francfort am\u00e9nag\u00e9e avec du parquet pour accueillir les couples de danse du WDSF OPEN FRANKFURT 2023."},{"@type":"BreadcrumbList","@id":"https:\/\/vpdanses.fr\/home\/bienvenue-chez-vp-danses-hazebrouck\/wdsf-open-frankfurt-2023-senior2-latin\/#breadcrumb","itemListElement":[{"@type":"ListItem","position":1,"name":"Accueil","item":"https:\/\/vpdanses.fr\/home\/bienvenue-chez-vp-danses-hazebrouck\/"},{"@type":"ListItem","position":2,"name":"VP DANSES participe au WDSF OPEN FRANKFURT 2023 \u2013 Senior II Latin"}]},{"@type":"WebSite","@id":"https:\/\/vpdanses.fr\/home\/bienvenue-chez-vp-danses-hazebrouck\/#website","url":"https:\/\/vpdanses.fr\/home\/bienvenue-chez-vp-danses-hazebrouck\/","name":"VP DANSES, cours de Danse Sportive \u00e0 Aire-sur-la-Lys et \u00e0 Saint-Jans-Cappel (Hauts-de-France)","description":"Cours de Danse Sportive STANDARD (valse anglaise, tango, valse viennoise, slowfox, quickstep), danses sportives LATINES (samba, chacha, rumba, paso doble, jive), danses de bal, danses de salons, danses de loisirs, salsa, rock 4 temps, rock 6 temps, danses en ligne, disco, \u2026 Lieu : Hazebrouck, Aire-sur-la-Lys, Saint-Jans-Cappel et Isbergues (Hauts-de-France) - Cours Particuliers dans les Hauts-de-France - Ouverture de bal de Mariage","publisher":{"@id":"https:\/\/vpdanses.fr\/home\/bienvenue-chez-vp-danses-hazebrouck\/#organization"},"potentialAction":[{"@type":"SearchAction","target":{"@type":"EntryPoint","urlTemplate":"https:\/\/vpdanses.fr\/home\/bienvenue-chez-vp-danses-hazebrouck\/?s={search_term_string}"},"query-input":{"@type":"PropertyValueSpecification","valueRequired":true,"valueName":"search_term_string"}}],"inLanguage":"fr-FR"},{"@type":"Organization","@id":"https:\/\/vpdanses.fr\/home\/bienvenue-chez-vp-danses-hazebrouck\/#organization","name":"VP DANSES, cours de Danse Sportive \u00e0 Aire-sur-la-Lys et \u00e0 Saint-Jans-Cappel (Hauts-de-France)","url":"https:\/\/vpdanses.fr\/home\/bienvenue-chez-vp-danses-hazebrouck\/","logo":{"@type":"ImageObject","inLanguage":"fr-FR","@id":"https:\/\/vpdanses.fr\/home\/bienvenue-chez-vp-danses-hazebrouck\/#\/schema\/logo\/image\/","url":"https:\/\/vpdanses.fr\/wp-content\/uploads\/2024\/10\/logo_cadanse_asaintjans.jpeg","contentUrl":"https:\/\/vpdanses.fr\/wp-content\/uploads\/2024\/10\/logo_cadanse_asaintjans.jpeg","width":225,"height":225,"caption":"VP DANSES, cours de Danse Sportive \u00e0 Aire-sur-la-Lys et \u00e0 Saint-Jans-Cappel (Hauts-de-France)"},"image":{"@id":"https:\/\/vpdanses.fr\/home\/bienvenue-chez-vp-danses-hazebrouck\/#\/schema\/logo\/image\/"}},{"@type":"Person","@id":"https:\/\/vpdanses.fr\/home\/bienvenue-chez-vp-danses-hazebrouck\/#\/schema\/person\/bf87806369778f949b83c9cd885519e5","name":"VP DANSES","description":"\"VP danses\" est une association qui donne des cours de DANSES SPORTIVES STANDARDS (valse anglaise, tango, valse viennoise, slowfox, quickstep), de DANSES SPORTIVES LATINES (samba, chacha, rumba, paso doble, jive), de DANSES DE BAL, de DANSES DE SALONS, de DANSES DE LOISIRS, de SALSA, de ROCK 4 TEMPS, de ROCK 6 TEMPS, de DANSES EN LIGNE, de DISCO, \u2026","sameAs":["https:\/\/vpdanses.fr"],"url":"https:\/\/vpdanses.fr\/home\/bienvenue-chez-vp-danses-hazebrouck\/author\/adminvp20241018\/"}]}},"jetpack_featured_media_url":"https:\/\/vpdanses.fr\/wp-content\/uploads\/2023\/05\/wdsf-open-frankfurt-2023-patinoire-hockey-parquet-danse.jpg","uagb_featured_image_src":{"full":["https:\/\/vpdanses.fr\/wp-content\/uploads\/2023\/05\/wdsf-open-frankfurt-2023-patinoire-hockey-parquet-danse.jpg",800,600,false],"thumbnail":["https:\/\/vpdanses.fr\/wp-content\/uploads\/2023\/05\/wdsf-open-frankfurt-2023-patinoire-hockey-parquet-danse-150x150.jpg",150,150,true],"medium":["https:\/\/vpdanses.fr\/wp-content\/uploads\/2023\/05\/wdsf-open-frankfurt-2023-patinoire-hockey-parquet-danse-300x225.jpg",300,225,true],"medium_large":["https:\/\/vpdanses.fr\/wp-content\/uploads\/2023\/05\/wdsf-open-frankfurt-2023-patinoire-hockey-parquet-danse-768x576.jpg",768,576,true],"large":["https:\/\/vpdanses.fr\/wp-content\/uploads\/2023\/05\/wdsf-open-frankfurt-2023-patinoire-hockey-parquet-danse.jpg",800,600,false],"1536x1536":["https:\/\/vpdanses.fr\/wp-content\/uploads\/2023\/05\/wdsf-open-frankfurt-2023-patinoire-hockey-parquet-danse.jpg",800,600,false],"2048x2048":["https:\/\/vpdanses.fr\/wp-content\/uploads\/2023\/05\/wdsf-open-frankfurt-2023-patinoire-hockey-parquet-danse.jpg",800,600,false],"vp_sm":["https:\/\/vpdanses.fr\/wp-content\/uploads\/2023\/05\/wdsf-open-frankfurt-2023-patinoire-hockey-parquet-danse-500x375.jpg",500,375,true],"vp_md":["https:\/\/vpdanses.fr\/wp-content\/uploads\/2023\/05\/wdsf-open-frankfurt-2023-patinoire-hockey-parquet-danse.jpg",800,600,false],"vp_lg":["https:\/\/vpdanses.fr\/wp-content\/uploads\/2023\/05\/wdsf-open-frankfurt-2023-patinoire-hockey-parquet-danse.jpg",800,600,false],"vp_xl":["https:\/\/vpdanses.fr\/wp-content\/uploads\/2023\/05\/wdsf-open-frankfurt-2023-patinoire-hockey-parquet-danse.jpg",800,600,false],"vp_sm_popup":["https:\/\/vpdanses.fr\/wp-content\/uploads\/2023\/05\/wdsf-open-frankfurt-2023-patinoire-hockey-parquet-danse-500x375.jpg",500,375,true],"vp_md_popup":["https:\/\/vpdanses.fr\/wp-content\/uploads\/2023\/05\/wdsf-open-frankfurt-2023-patinoire-hockey-parquet-danse.jpg",800,600,false],"vp_xl_popup":["https:\/\/vpdanses.fr\/wp-content\/uploads\/2023\/05\/wdsf-open-frankfurt-2023-patinoire-hockey-parquet-danse.jpg",800,600,false],"dance-blog-thumb":["https:\/\/vpdanses.fr\/wp-content\/uploads\/2023\/05\/wdsf-open-frankfurt-2023-patinoire-hockey-parquet-danse-150x120.jpg",150,120,true],"dance-event-list":["https:\/\/vpdanses.fr\/wp-content\/uploads\/2023\/05\/wdsf-open-frankfurt-2023-patinoire-hockey-parquet-danse-420x336.jpg",420,336,true],"dance-event-single-type1":["https:\/\/vpdanses.fr\/wp-content\/uploads\/2023\/05\/wdsf-open-frankfurt-2023-patinoire-hockey-parquet-danse-773x520.jpg",773,520,true],"dance-event-single-type4":["https:\/\/vpdanses.fr\/wp-content\/uploads\/2023\/05\/wdsf-open-frankfurt-2023-patinoire-hockey-parquet-danse-570x460.jpg",570,460,true],"dance-event-single-type5":["https:\/\/vpdanses.fr\/wp-content\/uploads\/2023\/05\/wdsf-open-frankfurt-2023-patinoire-hockey-parquet-danse-746x600.jpg",746,600,true],"dance-event-list2":["https:\/\/vpdanses.fr\/wp-content\/uploads\/2023\/05\/wdsf-open-frankfurt-2023-patinoire-hockey-parquet-danse-420x275.jpg",420,275,true]},"uagb_author_info":{"display_name":"VP DANSES","author_link":"https:\/\/vpdanses.fr\/home\/bienvenue-chez-vp-danses-hazebrouck\/author\/adminvp20241018\/"},"uagb_comment_info":0,"uagb_excerpt":"Retour sur la participation internationale de VP DANSES au WDSF OPEN FRANKFURT 2023 dans la cat\u00e9gorie Senior II Latin \u2013 23\u1d49 sur 34 couples.","jetpack_sharing_enabled":true,"_links":{"self":[{"href":"https:\/\/vpdanses.fr\/home\/bienvenue-chez-vp-danses-hazebrouck\/wp-json\/wp\/v2\/posts\/14612","targetHints":{"allow":["GET"]}}],"collection":[{"href":"https:\/\/vpdanses.fr\/home\/bienvenue-chez-vp-danses-hazebrouck\/wp-json\/wp\/v2\/posts"}],"about":[{"href":"https:\/\/vpdanses.fr\/home\/bienvenue-chez-vp-danses-hazebrouck\/wp-json\/wp\/v2\/types\/post"}],"author":[{"embeddable":true,"href":"https:\/\/vpdanses.fr\/home\/bienvenue-chez-vp-danses-hazebrouck\/wp-json\/wp\/v2\/users\/1"}],"replies":[{"embeddable":true,"href":"https:\/\/vpdanses.fr\/home\/bienvenue-chez-vp-danses-hazebrouck\/wp-json\/wp\/v2\/comments?post=14612"}],"version-history":[{"count":5,"href":"https:\/\/vpdanses.fr\/home\/bienvenue-chez-vp-danses-hazebrouck\/wp-json\/wp\/v2\/posts\/14612\/revisions"}],"predecessor-version":[{"id":14628,"href":"https:\/\/vpdanses.fr\/home\/bienvenue-chez-vp-danses-hazebrouck\/wp-json\/wp\/v2\/posts\/14612\/revisions\/14628"}],"wp:featuredmedia":[{"embeddable":true,"href":"https:\/\/vpdanses.fr\/home\/bienvenue-chez-vp-danses-hazebrouck\/wp-json\/wp\/v2\/media\/14617"}],"wp:attachment":[{"href":"https:\/\/vpdanses.fr\/home\/bienvenue-chez-vp-danses-hazebrouck\/wp-json\/wp\/v2\/media?parent=14612"}],"wp:term":[{"taxonomy":"category","embeddable":true,"href":"https:\/\/vpdanses.fr\/home\/bienvenue-chez-vp-danses-hazebrouck\/wp-json\/wp\/v2\/categories?post=14612"},{"taxonomy":"post_tag","embeddable":true,"href":"https:\/\/vpdanses.fr\/home\/bienvenue-chez-vp-danses-hazebrouck\/wp-json\/wp\/v2\/tags?post=14612"}],"curies":[{"name":"wp","href":"https:\/\/api.w.org\/{rel}","templated":true}]}}