{"id":14640,"date":"2025-11-17T21:15:39","date_gmt":"2025-11-17T20:15:39","guid":{"rendered":"https:\/\/vpdanses.fr\/home\/bienvenue-chez-vp-danses-hazebrouck\/?p=14640"},"modified":"2025-11-17T21:17:05","modified_gmt":"2025-11-17T20:17:05","slug":"ascendance-creativ-danse-page-facebook-danse-sportive-ffd","status":"publish","type":"post","link":"https:\/\/vpdanses.fr\/home\/bienvenue-chez-vp-danses-hazebrouck\/ascendance-creativ-danse-page-facebook-danse-sportive-ffd\/","title":{"rendered":"ASCENDANCE \u2013 CREATIV\u2019DANSE : la nouvelle page Facebook de Danse Sportive affili\u00e9e \u00e0 la FFD"},"content":{"rendered":"\n<p>Nous avons le plaisir d\u2019annoncer la cr\u00e9ation de la nouvelle <a href=\"https:\/\/www.facebook.com\/AscendanceCreativDanse\" target=\"_blank\" rel=\"noreferrer noopener\">page Facebook\u00a0<strong>ASCENDANCE \u2013 CREATIV\u2019DANSE<\/strong><\/a>, lanc\u00e9e par notre professeur de Danse Sportive\u00a0<strong>Sven Balcerzak<\/strong>.<br>Cette nouvelle plateforme vise \u00e0 offrir davantage de <a href=\"https:\/\/vpdanses.fr\/home\/bienvenue-chez-vp-danses-hazebrouck\/blog\/activites-vpdanses\/\" target=\"_blank\" rel=\"noreferrer noopener\">visibilit\u00e9<\/a> \u00e0 ses activit\u00e9s d\u2019enseignement, \u00e0 ses projets artistiques et sportifs, ainsi qu\u2019\u00e0 l\u2019actualit\u00e9 du club.<\/p>\n\n\n\n<h2 class=\"wp-block-heading\" id=\"h-un-club-officiellement-affilie-a-la-federation-francaise-de-danse-ffd\"><strong>Un club officiellement affili\u00e9 \u00e0 la F\u00e9d\u00e9ration Fran\u00e7aise de Danse (FFD)<\/strong><\/h2>\n\n\n\n<p>Le club dirig\u00e9 par Sven Balcerzak est\u00a0<strong>affili\u00e9 \u00e0 la <a href=\"https:\/\/www.ffdanse.fr\" target=\"_blank\" rel=\"noreferrer noopener\">F\u00e9d\u00e9ration Fran\u00e7aise de Danse<\/a><\/strong>, garantissant un cadre structur\u00e9, reconnu et conforme aux standards nationaux de la discipline.<br>Cette affiliation valorise la qualit\u00e9 de l\u2019enseignement propos\u00e9 et renforce la l\u00e9gitimit\u00e9 du club dans l\u2019univers de la Danse Sportive.<\/p>\n\n\n\n<h2 class=\"wp-block-heading\"><strong>Une nouvelle page Facebook pour suivre toute l\u2019actualit\u00e9<\/strong><\/h2>\n\n\n\n<p>La page ASCENDANCE \u2013 CREATIV\u2019DANSE permettra de partager :<\/p>\n\n\n\n<ol class=\"wp-block-list\">\n<li>les stages et ateliers,<\/li>\n\n\n\n<li>les cours de Danse Sportive,<\/li>\n\n\n\n<li>les projets artistiques et comp\u00e9titifs,<\/li>\n\n\n\n<li>les \u00e9v\u00e8nements du club,<\/li>\n\n\n\n<li>ainsi qu\u2019un aper\u00e7u du travail de pr\u00e9paration physique et technique.<\/li>\n<\/ol>\n\n\n\n<p><strong>Nous vous invitons \u00e0 aimer, suivre et partager cette page<\/strong>\u00a0afin de soutenir le d\u00e9veloppement de cette belle initiative et de contribuer \u00e0 faire rayonner la Danse Sportive.<\/p>\n\n\n\n<h2 class=\"wp-block-heading\"><strong>Le Saviez-vous ? La vraie d\u00e9finition de la Danse Sportive<\/strong><\/h2>\n\n\n\n<p>La\u00a0<strong><a href=\"https:\/\/www.ffdanse.fr\/actualites\/les-francais-charles-guillaume-schmitt-elena-salikhova-champions-du-monde\" target=\"_blank\" rel=\"noreferrer noopener\">Danse Sportive<\/a><\/strong>\u00a0est une discipline codifi\u00e9e, reconnue internationalement, comprenant deux grandes familles :<\/p>\n\n\n\n<ol class=\"wp-block-list\">\n<li>les\u00a0<strong>danses Latines<\/strong>\u00a0(cha-cha, samba, rumba, paso doble, jive),<\/li>\n\n\n\n<li>les\u00a0<strong>danses Standards<\/strong>\u00a0(valse lente, tango, valse viennoise, slow fox, quickstep).<\/li>\n<\/ol>\n\n\n\n<p>Contrairement \u00e0 une id\u00e9e fr\u00e9quente, elle&nbsp;<strong>ne doit pas \u00eatre confondue avec la danse acrobatique<\/strong>.<br>La Danse Sportive allie technique, \u00e9l\u00e9gance, pr\u00e9cision, endurance, posture et musicalit\u00e9.<br>C\u2019est un sport artistique complet, exigeant et accessible \u00e0 tous les passionn\u00e9s souhaitant d\u00e9velopper leur expression et leur condition physique.<\/p>\n\n\n\n<p><\/p>\n","protected":false},"excerpt":{"rendered":"<p>D\u00e9couvrez la nouvelle page Facebook ASCENDANCE \u2013 CREATIV\u2019DANSE, le club de Danse Sportive de Sven Balcerzak, affili\u00e9 \u00e0 la F\u00e9d\u00e9ration Fran\u00e7aise de Danse (FFD).<\/p>\n","protected":false},"author":1,"featured_media":14642,"comment_status":"closed","ping_status":"closed","sticky":false,"template":"","format":"standard","meta":{"_uag_custom_page_level_css":"","_price":"","_stock":"","_tribe_ticket_header":"","_tribe_default_ticket_provider":"","_tribe_ticket_capacity":"0","_ticket_start_date":"","_ticket_end_date":"","_tribe_ticket_show_description":"","_tribe_ticket_show_not_going":false,"_tribe_ticket_use_global_stock":"","_tribe_ticket_global_stock_level":"","_global_stock_mode":"","_global_stock_cap":"","_tribe_rsvp_for_event":"","_tribe_ticket_going_count":"","_tribe_ticket_not_going_count":"","_tribe_tickets_list":"[]","_tribe_ticket_has_attendee_info_fields":false,"_EventAllDay":false,"_EventTimezone":"","_EventStartDate":"","_EventEndDate":"","_EventStartDateUTC":"","_EventEndDateUTC":"","_EventShowMap":false,"_EventShowMapLink":false,"_EventURL":"","_EventCost":"","_EventCostDescription":"","_EventCurrencySymbol":"","_EventCurrencyCode":"","_EventCurrencyPosition":"","_EventDateTimeSeparator":"","_EventTimeRangeSeparator":"","_EventOrganizerID":[],"_EventVenueID":[],"_OrganizerEmail":"","_OrganizerPhone":"","_OrganizerWebsite":"","_VenueAddress":"","_VenueCity":"","_VenueCountry":"","_VenueProvince":"","_VenueState":"","_VenueZip":"","_VenuePhone":"","_VenueURL":"","_VenueStateProvince":"","_VenueLat":"","_VenueLng":"","_VenueShowMap":false,"_VenueShowMapLink":false,"_vp_format_video_url":"","_vp_image_focal_point":[],"_jetpack_memberships_contains_paid_content":false,"footnotes":""},"categories":[467,293],"tags":[506,502,303,505,395,461,106,504,503,233,337,507,300,286,107,290,259],"class_list":["post-14640","post","type-post","status-publish","format-standard","has-post-thumbnail","hentry","category-actualites-vp-danses","category-danse-sportive","tag-actualites-danse-sportive","tag-ascendance-creativdanse","tag-cha-cha","tag-club-de-danse","tag-cours-de-danse","tag-danse-latine","tag-danse-sportive","tag-danse-standard","tag-federation-francaise-de-danse","tag-ffd","tag-jive","tag-paso-doble","tag-rumba","tag-samba","tag-sven-balcerzak","tag-tango","tag-valse-lente"],"yoast_head":"<!-- This site is optimized with the Yoast SEO Premium plugin v25.6 (Yoast SEO v25.6) - https:\/\/yoast.com\/wordpress\/plugins\/seo\/ -->\n<title>ASCENDANCE \u2013 CREATIV\u2019DANSE : Nouvelle page Facebook de Danse Sportive affili\u00e9e FFD<\/title>\n<meta name=\"description\" content=\"D\u00e9couvrez la nouvelle page Facebook ASCENDANCE \u2013 CREATIV\u2019DANSE, cr\u00e9\u00e9e par Sven Balcerzak, professeur de Danse Sportive affili\u00e9 \u00e0 la FFD. Suivez ses actualit\u00e9s, projets et stages.\" \/>\n<meta name=\"robots\" content=\"index, follow, max-snippet:-1, max-image-preview:large, max-video-preview:-1\" \/>\n<link rel=\"canonical\" href=\"https:\/\/vpdanses.fr\/home\/bienvenue-chez-vp-danses-hazebrouck\/ascendance-creativ-danse-page-facebook-danse-sportive-ffd\/\" \/>\n<meta property=\"og:locale\" content=\"fr_FR\" \/>\n<meta property=\"og:type\" content=\"article\" \/>\n<meta property=\"og:title\" content=\"ASCENDANCE \u2013 CREATIV\u2019DANSE | La nouvelle page Facebook de Danse Sportive\" \/>\n<meta property=\"og:description\" content=\"La page Facebook ASCENDANCE \u2013 CREATIV\u2019DANSE vous permet de suivre les actualit\u00e9s du club de Danse Sportive affili\u00e9 \u00e0 la FFD et dirig\u00e9 par Sven Balcerzak.\" \/>\n<meta property=\"og:url\" content=\"https:\/\/vpdanses.fr\/home\/bienvenue-chez-vp-danses-hazebrouck\/ascendance-creativ-danse-page-facebook-danse-sportive-ffd\/\" \/>\n<meta property=\"og:site_name\" content=\"VP DANSES, cours de Danse Sportive \u00e0 Aire-sur-la-Lys et \u00e0 Saint-Jans-Cappel (Hauts-de-France)\" \/>\n<meta property=\"article:published_time\" content=\"2025-11-17T20:15:39+00:00\" \/>\n<meta property=\"article:modified_time\" content=\"2025-11-17T20:17:05+00:00\" \/>\n<meta property=\"og:image\" content=\"https:\/\/vpdanses.fr\/wp-content\/uploads\/2025\/11\/ASCENDANCE-\u2013-CREATIVDANSE-\u2013-Page-Facebook-Danse-Sportive.png\" \/>\n\t<meta property=\"og:image:width\" content=\"1742\" \/>\n\t<meta property=\"og:image:height\" content=\"926\" \/>\n\t<meta property=\"og:image:type\" content=\"image\/png\" \/>\n<meta name=\"author\" content=\"VP DANSES\" \/>\n<meta name=\"twitter:card\" content=\"summary_large_image\" \/>\n<meta name=\"twitter:title\" content=\"ASCENDANCE \u2013 CREATIV\u2019DANSE : la nouvelle page Facebook de Danse Sportive affili\u00e9e \u00e0 la FFD\" \/>\n<meta name=\"twitter:label1\" content=\"\u00c9crit par\" \/>\n\t<meta name=\"twitter:data1\" content=\"VP DANSES\" \/>\n\t<meta name=\"twitter:label2\" content=\"Dur\u00e9e de lecture estim\u00e9e\" \/>\n\t<meta name=\"twitter:data2\" content=\"2 minutes\" \/>\n<script type=\"application\/ld+json\" class=\"yoast-schema-graph\">{\"@context\":\"https:\/\/schema.org\",\"@graph\":[{\"@type\":\"Article\",\"@id\":\"https:\/\/vpdanses.fr\/home\/bienvenue-chez-vp-danses-hazebrouck\/ascendance-creativ-danse-page-facebook-danse-sportive-ffd\/#article\",\"isPartOf\":{\"@id\":\"https:\/\/vpdanses.fr\/home\/bienvenue-chez-vp-danses-hazebrouck\/ascendance-creativ-danse-page-facebook-danse-sportive-ffd\/\"},\"author\":{\"name\":\"VP DANSES\",\"@id\":\"https:\/\/vpdanses.fr\/home\/bienvenue-chez-vp-danses-hazebrouck\/#\/schema\/person\/bf87806369778f949b83c9cd885519e5\"},\"headline\":\"ASCENDANCE \u2013 CREATIV\u2019DANSE : la nouvelle page Facebook de Danse Sportive affili\u00e9e \u00e0 la FFD\",\"datePublished\":\"2025-11-17T20:15:39+00:00\",\"dateModified\":\"2025-11-17T20:17:05+00:00\",\"mainEntityOfPage\":{\"@id\":\"https:\/\/vpdanses.fr\/home\/bienvenue-chez-vp-danses-hazebrouck\/ascendance-creativ-danse-page-facebook-danse-sportive-ffd\/\"},\"wordCount\":303,\"publisher\":{\"@id\":\"https:\/\/vpdanses.fr\/home\/bienvenue-chez-vp-danses-hazebrouck\/#organization\"},\"image\":{\"@id\":\"https:\/\/vpdanses.fr\/home\/bienvenue-chez-vp-danses-hazebrouck\/ascendance-creativ-danse-page-facebook-danse-sportive-ffd\/#primaryimage\"},\"thumbnailUrl\":\"https:\/\/vpdanses.fr\/wp-content\/uploads\/2025\/11\/ASCENDANCE-\u2013-CREATIVDANSE-\u2013-Page-Facebook-Danse-Sportive.png\",\"keywords\":[\"Actualit\u00e9s Danse Sportive\",\"ASCENDANCE CREATIV\u2019DANSE\",\"Cha-Cha\",\"Club de danse\",\"cours de danse\",\"Danse latine\",\"DANSE SPORTIVE\",\"Danse Standard\",\"F\u00e9d\u00e9ration Fran\u00e7aise de Danse\",\"FFD\",\"Jive\",\"Paso Doble\",\"Rumba\",\"Samba\",\"SVEN BALCERZAK\",\"Tango\",\"Valse Lente\"],\"articleSection\":[\"Actualit\u00e9s VP DANSES\",\"DANSE SPORTIVE\"],\"inLanguage\":\"fr-FR\"},{\"@type\":\"WebPage\",\"@id\":\"https:\/\/vpdanses.fr\/home\/bienvenue-chez-vp-danses-hazebrouck\/ascendance-creativ-danse-page-facebook-danse-sportive-ffd\/\",\"url\":\"https:\/\/vpdanses.fr\/home\/bienvenue-chez-vp-danses-hazebrouck\/ascendance-creativ-danse-page-facebook-danse-sportive-ffd\/\",\"name\":\"ASCENDANCE \u2013 CREATIV\u2019DANSE : Nouvelle page Facebook de Danse Sportive affili\u00e9e FFD\",\"isPartOf\":{\"@id\":\"https:\/\/vpdanses.fr\/home\/bienvenue-chez-vp-danses-hazebrouck\/#website\"},\"primaryImageOfPage\":{\"@id\":\"https:\/\/vpdanses.fr\/home\/bienvenue-chez-vp-danses-hazebrouck\/ascendance-creativ-danse-page-facebook-danse-sportive-ffd\/#primaryimage\"},\"image\":{\"@id\":\"https:\/\/vpdanses.fr\/home\/bienvenue-chez-vp-danses-hazebrouck\/ascendance-creativ-danse-page-facebook-danse-sportive-ffd\/#primaryimage\"},\"thumbnailUrl\":\"https:\/\/vpdanses.fr\/wp-content\/uploads\/2025\/11\/ASCENDANCE-\u2013-CREATIVDANSE-\u2013-Page-Facebook-Danse-Sportive.png\",\"datePublished\":\"2025-11-17T20:15:39+00:00\",\"dateModified\":\"2025-11-17T20:17:05+00:00\",\"description\":\"D\u00e9couvrez la nouvelle page Facebook ASCENDANCE \u2013 CREATIV\u2019DANSE, cr\u00e9\u00e9e par Sven Balcerzak, professeur de Danse Sportive affili\u00e9 \u00e0 la FFD. Suivez ses actualit\u00e9s, projets et stages.\",\"breadcrumb\":{\"@id\":\"https:\/\/vpdanses.fr\/home\/bienvenue-chez-vp-danses-hazebrouck\/ascendance-creativ-danse-page-facebook-danse-sportive-ffd\/#breadcrumb\"},\"inLanguage\":\"fr-FR\",\"potentialAction\":[{\"@type\":\"ReadAction\",\"target\":[\"https:\/\/vpdanses.fr\/home\/bienvenue-chez-vp-danses-hazebrouck\/ascendance-creativ-danse-page-facebook-danse-sportive-ffd\/\"]}]},{\"@type\":\"ImageObject\",\"inLanguage\":\"fr-FR\",\"@id\":\"https:\/\/vpdanses.fr\/home\/bienvenue-chez-vp-danses-hazebrouck\/ascendance-creativ-danse-page-facebook-danse-sportive-ffd\/#primaryimage\",\"url\":\"https:\/\/vpdanses.fr\/wp-content\/uploads\/2025\/11\/ASCENDANCE-\u2013-CREATIVDANSE-\u2013-Page-Facebook-Danse-Sportive.png\",\"contentUrl\":\"https:\/\/vpdanses.fr\/wp-content\/uploads\/2025\/11\/ASCENDANCE-\u2013-CREATIVDANSE-\u2013-Page-Facebook-Danse-Sportive.png\",\"width\":1742,\"height\":926,\"caption\":\"Page Facebook de ASCENDANCE \u2013 CREATIV\u2019DANSE, le club de Danse Sportive dirig\u00e9 par Sven Balcerzak et affili\u00e9 \u00e0 la F\u00e9d\u00e9ration Fran\u00e7aise de Danse.\"},{\"@type\":\"BreadcrumbList\",\"@id\":\"https:\/\/vpdanses.fr\/home\/bienvenue-chez-vp-danses-hazebrouck\/ascendance-creativ-danse-page-facebook-danse-sportive-ffd\/#breadcrumb\",\"itemListElement\":[{\"@type\":\"ListItem\",\"position\":1,\"name\":\"Accueil\",\"item\":\"https:\/\/vpdanses.fr\/home\/bienvenue-chez-vp-danses-hazebrouck\/\"},{\"@type\":\"ListItem\",\"position\":2,\"name\":\"ASCENDANCE \u2013 CREATIV\u2019DANSE : la nouvelle page Facebook de Danse Sportive affili\u00e9e \u00e0 la FFD\"}]},{\"@type\":\"WebSite\",\"@id\":\"https:\/\/vpdanses.fr\/home\/bienvenue-chez-vp-danses-hazebrouck\/#website\",\"url\":\"https:\/\/vpdanses.fr\/home\/bienvenue-chez-vp-danses-hazebrouck\/\",\"name\":\"VP DANSES, cours de Danse Sportive \u00e0 Aire-sur-la-Lys et \u00e0 Saint-Jans-Cappel (Hauts-de-France)\",\"description\":\"Cours de Danse Sportive STANDARD (valse anglaise, tango, valse viennoise, slowfox, quickstep), danses sportives LATINES (samba, chacha, rumba, paso doble, jive), danses de bal, danses de salons, danses de loisirs, salsa, rock 4 temps, rock 6 temps, danses en ligne, disco, \u2026 Lieu : Hazebrouck, Aire-sur-la-Lys, Saint-Jans-Cappel et Isbergues (Hauts-de-France) - Cours Particuliers dans les Hauts-de-France - Ouverture de bal de Mariage\",\"publisher\":{\"@id\":\"https:\/\/vpdanses.fr\/home\/bienvenue-chez-vp-danses-hazebrouck\/#organization\"},\"potentialAction\":[{\"@type\":\"SearchAction\",\"target\":{\"@type\":\"EntryPoint\",\"urlTemplate\":\"https:\/\/vpdanses.fr\/home\/bienvenue-chez-vp-danses-hazebrouck\/?s={search_term_string}\"},\"query-input\":{\"@type\":\"PropertyValueSpecification\",\"valueRequired\":true,\"valueName\":\"search_term_string\"}}],\"inLanguage\":\"fr-FR\"},{\"@type\":\"Organization\",\"@id\":\"https:\/\/vpdanses.fr\/home\/bienvenue-chez-vp-danses-hazebrouck\/#organization\",\"name\":\"VP DANSES, cours de Danse Sportive \u00e0 Aire-sur-la-Lys et \u00e0 Saint-Jans-Cappel (Hauts-de-France)\",\"url\":\"https:\/\/vpdanses.fr\/home\/bienvenue-chez-vp-danses-hazebrouck\/\",\"logo\":{\"@type\":\"ImageObject\",\"inLanguage\":\"fr-FR\",\"@id\":\"https:\/\/vpdanses.fr\/home\/bienvenue-chez-vp-danses-hazebrouck\/#\/schema\/logo\/image\/\",\"url\":\"https:\/\/vpdanses.fr\/wp-content\/uploads\/2024\/10\/logo_cadanse_asaintjans.jpeg\",\"contentUrl\":\"https:\/\/vpdanses.fr\/wp-content\/uploads\/2024\/10\/logo_cadanse_asaintjans.jpeg\",\"width\":225,\"height\":225,\"caption\":\"VP DANSES, cours de Danse Sportive \u00e0 Aire-sur-la-Lys et \u00e0 Saint-Jans-Cappel (Hauts-de-France)\"},\"image\":{\"@id\":\"https:\/\/vpdanses.fr\/home\/bienvenue-chez-vp-danses-hazebrouck\/#\/schema\/logo\/image\/\"}},{\"@type\":\"Person\",\"@id\":\"https:\/\/vpdanses.fr\/home\/bienvenue-chez-vp-danses-hazebrouck\/#\/schema\/person\/bf87806369778f949b83c9cd885519e5\",\"name\":\"VP DANSES\",\"description\":\"\\\"VP danses\\\" est une association qui donne des cours de DANSES SPORTIVES STANDARDS (valse anglaise, tango, valse viennoise, slowfox, quickstep), de DANSES SPORTIVES LATINES (samba, chacha, rumba, paso doble, jive), de DANSES DE BAL, de DANSES DE SALONS, de DANSES DE LOISIRS, de SALSA, de ROCK 4 TEMPS, de ROCK 6 TEMPS, de DANSES EN LIGNE, de DISCO, \u2026\",\"sameAs\":[\"https:\/\/vpdanses.fr\"],\"url\":\"https:\/\/vpdanses.fr\/home\/bienvenue-chez-vp-danses-hazebrouck\/author\/adminvp20241018\/\"}]}<\/script>\n<!-- \/ Yoast SEO Premium plugin. -->","yoast_head_json":{"title":"ASCENDANCE \u2013 CREATIV\u2019DANSE : Nouvelle page Facebook de Danse Sportive affili\u00e9e FFD","description":"D\u00e9couvrez la nouvelle page Facebook ASCENDANCE \u2013 CREATIV\u2019DANSE, cr\u00e9\u00e9e par Sven Balcerzak, professeur de Danse Sportive affili\u00e9 \u00e0 la FFD. Suivez ses actualit\u00e9s, projets et stages.","robots":{"index":"index","follow":"follow","max-snippet":"max-snippet:-1","max-image-preview":"max-image-preview:large","max-video-preview":"max-video-preview:-1"},"canonical":"https:\/\/vpdanses.fr\/home\/bienvenue-chez-vp-danses-hazebrouck\/ascendance-creativ-danse-page-facebook-danse-sportive-ffd\/","og_locale":"fr_FR","og_type":"article","og_title":"ASCENDANCE \u2013 CREATIV\u2019DANSE | La nouvelle page Facebook de Danse Sportive","og_description":"La page Facebook ASCENDANCE \u2013 CREATIV\u2019DANSE vous permet de suivre les actualit\u00e9s du club de Danse Sportive affili\u00e9 \u00e0 la FFD et dirig\u00e9 par Sven Balcerzak.","og_url":"https:\/\/vpdanses.fr\/home\/bienvenue-chez-vp-danses-hazebrouck\/ascendance-creativ-danse-page-facebook-danse-sportive-ffd\/","og_site_name":"VP DANSES, cours de Danse Sportive \u00e0 Aire-sur-la-Lys et \u00e0 Saint-Jans-Cappel (Hauts-de-France)","article_published_time":"2025-11-17T20:15:39+00:00","article_modified_time":"2025-11-17T20:17:05+00:00","og_image":[{"width":1742,"height":926,"url":"https:\/\/vpdanses.fr\/wp-content\/uploads\/2025\/11\/ASCENDANCE-\u2013-CREATIVDANSE-\u2013-Page-Facebook-Danse-Sportive.png","type":"image\/png"}],"author":"VP DANSES","twitter_card":"summary_large_image","twitter_title":"ASCENDANCE \u2013 CREATIV\u2019DANSE : la nouvelle page Facebook de Danse Sportive affili\u00e9e \u00e0 la FFD","twitter_misc":{"\u00c9crit par":"VP DANSES","Dur\u00e9e de lecture estim\u00e9e":"2 minutes"},"schema":{"@context":"https:\/\/schema.org","@graph":[{"@type":"Article","@id":"https:\/\/vpdanses.fr\/home\/bienvenue-chez-vp-danses-hazebrouck\/ascendance-creativ-danse-page-facebook-danse-sportive-ffd\/#article","isPartOf":{"@id":"https:\/\/vpdanses.fr\/home\/bienvenue-chez-vp-danses-hazebrouck\/ascendance-creativ-danse-page-facebook-danse-sportive-ffd\/"},"author":{"name":"VP DANSES","@id":"https:\/\/vpdanses.fr\/home\/bienvenue-chez-vp-danses-hazebrouck\/#\/schema\/person\/bf87806369778f949b83c9cd885519e5"},"headline":"ASCENDANCE \u2013 CREATIV\u2019DANSE : la nouvelle page Facebook de Danse Sportive affili\u00e9e \u00e0 la FFD","datePublished":"2025-11-17T20:15:39+00:00","dateModified":"2025-11-17T20:17:05+00:00","mainEntityOfPage":{"@id":"https:\/\/vpdanses.fr\/home\/bienvenue-chez-vp-danses-hazebrouck\/ascendance-creativ-danse-page-facebook-danse-sportive-ffd\/"},"wordCount":303,"publisher":{"@id":"https:\/\/vpdanses.fr\/home\/bienvenue-chez-vp-danses-hazebrouck\/#organization"},"image":{"@id":"https:\/\/vpdanses.fr\/home\/bienvenue-chez-vp-danses-hazebrouck\/ascendance-creativ-danse-page-facebook-danse-sportive-ffd\/#primaryimage"},"thumbnailUrl":"https:\/\/vpdanses.fr\/wp-content\/uploads\/2025\/11\/ASCENDANCE-\u2013-CREATIVDANSE-\u2013-Page-Facebook-Danse-Sportive.png","keywords":["Actualit\u00e9s Danse Sportive","ASCENDANCE CREATIV\u2019DANSE","Cha-Cha","Club de danse","cours de danse","Danse latine","DANSE SPORTIVE","Danse Standard","F\u00e9d\u00e9ration Fran\u00e7aise de Danse","FFD","Jive","Paso Doble","Rumba","Samba","SVEN BALCERZAK","Tango","Valse Lente"],"articleSection":["Actualit\u00e9s VP DANSES","DANSE SPORTIVE"],"inLanguage":"fr-FR"},{"@type":"WebPage","@id":"https:\/\/vpdanses.fr\/home\/bienvenue-chez-vp-danses-hazebrouck\/ascendance-creativ-danse-page-facebook-danse-sportive-ffd\/","url":"https:\/\/vpdanses.fr\/home\/bienvenue-chez-vp-danses-hazebrouck\/ascendance-creativ-danse-page-facebook-danse-sportive-ffd\/","name":"ASCENDANCE \u2013 CREATIV\u2019DANSE : Nouvelle page Facebook de Danse Sportive affili\u00e9e FFD","isPartOf":{"@id":"https:\/\/vpdanses.fr\/home\/bienvenue-chez-vp-danses-hazebrouck\/#website"},"primaryImageOfPage":{"@id":"https:\/\/vpdanses.fr\/home\/bienvenue-chez-vp-danses-hazebrouck\/ascendance-creativ-danse-page-facebook-danse-sportive-ffd\/#primaryimage"},"image":{"@id":"https:\/\/vpdanses.fr\/home\/bienvenue-chez-vp-danses-hazebrouck\/ascendance-creativ-danse-page-facebook-danse-sportive-ffd\/#primaryimage"},"thumbnailUrl":"https:\/\/vpdanses.fr\/wp-content\/uploads\/2025\/11\/ASCENDANCE-\u2013-CREATIVDANSE-\u2013-Page-Facebook-Danse-Sportive.png","datePublished":"2025-11-17T20:15:39+00:00","dateModified":"2025-11-17T20:17:05+00:00","description":"D\u00e9couvrez la nouvelle page Facebook ASCENDANCE \u2013 CREATIV\u2019DANSE, cr\u00e9\u00e9e par Sven Balcerzak, professeur de Danse Sportive affili\u00e9 \u00e0 la FFD. Suivez ses actualit\u00e9s, projets et stages.","breadcrumb":{"@id":"https:\/\/vpdanses.fr\/home\/bienvenue-chez-vp-danses-hazebrouck\/ascendance-creativ-danse-page-facebook-danse-sportive-ffd\/#breadcrumb"},"inLanguage":"fr-FR","potentialAction":[{"@type":"ReadAction","target":["https:\/\/vpdanses.fr\/home\/bienvenue-chez-vp-danses-hazebrouck\/ascendance-creativ-danse-page-facebook-danse-sportive-ffd\/"]}]},{"@type":"ImageObject","inLanguage":"fr-FR","@id":"https:\/\/vpdanses.fr\/home\/bienvenue-chez-vp-danses-hazebrouck\/ascendance-creativ-danse-page-facebook-danse-sportive-ffd\/#primaryimage","url":"https:\/\/vpdanses.fr\/wp-content\/uploads\/2025\/11\/ASCENDANCE-\u2013-CREATIVDANSE-\u2013-Page-Facebook-Danse-Sportive.png","contentUrl":"https:\/\/vpdanses.fr\/wp-content\/uploads\/2025\/11\/ASCENDANCE-\u2013-CREATIVDANSE-\u2013-Page-Facebook-Danse-Sportive.png","width":1742,"height":926,"caption":"Page Facebook de ASCENDANCE \u2013 CREATIV\u2019DANSE, le club de Danse Sportive dirig\u00e9 par Sven Balcerzak et affili\u00e9 \u00e0 la F\u00e9d\u00e9ration Fran\u00e7aise de Danse."},{"@type":"BreadcrumbList","@id":"https:\/\/vpdanses.fr\/home\/bienvenue-chez-vp-danses-hazebrouck\/ascendance-creativ-danse-page-facebook-danse-sportive-ffd\/#breadcrumb","itemListElement":[{"@type":"ListItem","position":1,"name":"Accueil","item":"https:\/\/vpdanses.fr\/home\/bienvenue-chez-vp-danses-hazebrouck\/"},{"@type":"ListItem","position":2,"name":"ASCENDANCE \u2013 CREATIV\u2019DANSE : la nouvelle page Facebook de Danse Sportive affili\u00e9e \u00e0 la FFD"}]},{"@type":"WebSite","@id":"https:\/\/vpdanses.fr\/home\/bienvenue-chez-vp-danses-hazebrouck\/#website","url":"https:\/\/vpdanses.fr\/home\/bienvenue-chez-vp-danses-hazebrouck\/","name":"VP DANSES, cours de Danse Sportive \u00e0 Aire-sur-la-Lys et \u00e0 Saint-Jans-Cappel (Hauts-de-France)","description":"Cours de Danse Sportive STANDARD (valse anglaise, tango, valse viennoise, slowfox, quickstep), danses sportives LATINES (samba, chacha, rumba, paso doble, jive), danses de bal, danses de salons, danses de loisirs, salsa, rock 4 temps, rock 6 temps, danses en ligne, disco, \u2026 Lieu : Hazebrouck, Aire-sur-la-Lys, Saint-Jans-Cappel et Isbergues (Hauts-de-France) - Cours Particuliers dans les Hauts-de-France - Ouverture de bal de Mariage","publisher":{"@id":"https:\/\/vpdanses.fr\/home\/bienvenue-chez-vp-danses-hazebrouck\/#organization"},"potentialAction":[{"@type":"SearchAction","target":{"@type":"EntryPoint","urlTemplate":"https:\/\/vpdanses.fr\/home\/bienvenue-chez-vp-danses-hazebrouck\/?s={search_term_string}"},"query-input":{"@type":"PropertyValueSpecification","valueRequired":true,"valueName":"search_term_string"}}],"inLanguage":"fr-FR"},{"@type":"Organization","@id":"https:\/\/vpdanses.fr\/home\/bienvenue-chez-vp-danses-hazebrouck\/#organization","name":"VP DANSES, cours de Danse Sportive \u00e0 Aire-sur-la-Lys et \u00e0 Saint-Jans-Cappel (Hauts-de-France)","url":"https:\/\/vpdanses.fr\/home\/bienvenue-chez-vp-danses-hazebrouck\/","logo":{"@type":"ImageObject","inLanguage":"fr-FR","@id":"https:\/\/vpdanses.fr\/home\/bienvenue-chez-vp-danses-hazebrouck\/#\/schema\/logo\/image\/","url":"https:\/\/vpdanses.fr\/wp-content\/uploads\/2024\/10\/logo_cadanse_asaintjans.jpeg","contentUrl":"https:\/\/vpdanses.fr\/wp-content\/uploads\/2024\/10\/logo_cadanse_asaintjans.jpeg","width":225,"height":225,"caption":"VP DANSES, cours de Danse Sportive \u00e0 Aire-sur-la-Lys et \u00e0 Saint-Jans-Cappel (Hauts-de-France)"},"image":{"@id":"https:\/\/vpdanses.fr\/home\/bienvenue-chez-vp-danses-hazebrouck\/#\/schema\/logo\/image\/"}},{"@type":"Person","@id":"https:\/\/vpdanses.fr\/home\/bienvenue-chez-vp-danses-hazebrouck\/#\/schema\/person\/bf87806369778f949b83c9cd885519e5","name":"VP DANSES","description":"\"VP danses\" est une association qui donne des cours de DANSES SPORTIVES STANDARDS (valse anglaise, tango, valse viennoise, slowfox, quickstep), de DANSES SPORTIVES LATINES (samba, chacha, rumba, paso doble, jive), de DANSES DE BAL, de DANSES DE SALONS, de DANSES DE LOISIRS, de SALSA, de ROCK 4 TEMPS, de ROCK 6 TEMPS, de DANSES EN LIGNE, de DISCO, \u2026","sameAs":["https:\/\/vpdanses.fr"],"url":"https:\/\/vpdanses.fr\/home\/bienvenue-chez-vp-danses-hazebrouck\/author\/adminvp20241018\/"}]}},"jetpack_featured_media_url":"https:\/\/vpdanses.fr\/wp-content\/uploads\/2025\/11\/ASCENDANCE-\u2013-CREATIVDANSE-\u2013-Page-Facebook-Danse-Sportive.png","uagb_featured_image_src":{"full":["https:\/\/vpdanses.fr\/wp-content\/uploads\/2025\/11\/ASCENDANCE-\u2013-CREATIVDANSE-\u2013-Page-Facebook-Danse-Sportive.png",1742,926,false],"thumbnail":["https:\/\/vpdanses.fr\/wp-content\/uploads\/2025\/11\/ASCENDANCE-\u2013-CREATIVDANSE-\u2013-Page-Facebook-Danse-Sportive-150x150.png",150,150,true],"medium":["https:\/\/vpdanses.fr\/wp-content\/uploads\/2025\/11\/ASCENDANCE-\u2013-CREATIVDANSE-\u2013-Page-Facebook-Danse-Sportive-300x159.png",300,159,true],"medium_large":["https:\/\/vpdanses.fr\/wp-content\/uploads\/2025\/11\/ASCENDANCE-\u2013-CREATIVDANSE-\u2013-Page-Facebook-Danse-Sportive-768x408.png",768,408,true],"large":["https:\/\/vpdanses.fr\/wp-content\/uploads\/2025\/11\/ASCENDANCE-\u2013-CREATIVDANSE-\u2013-Page-Facebook-Danse-Sportive-1024x544.png",1024,544,true],"1536x1536":["https:\/\/vpdanses.fr\/wp-content\/uploads\/2025\/11\/ASCENDANCE-\u2013-CREATIVDANSE-\u2013-Page-Facebook-Danse-Sportive-1536x816.png",1536,816,true],"2048x2048":["https:\/\/vpdanses.fr\/wp-content\/uploads\/2025\/11\/ASCENDANCE-\u2013-CREATIVDANSE-\u2013-Page-Facebook-Danse-Sportive.png",1742,926,false],"vp_sm":["https:\/\/vpdanses.fr\/wp-content\/uploads\/2025\/11\/ASCENDANCE-\u2013-CREATIVDANSE-\u2013-Page-Facebook-Danse-Sportive-500x266.png",500,266,true],"vp_md":["https:\/\/vpdanses.fr\/wp-content\/uploads\/2025\/11\/ASCENDANCE-\u2013-CREATIVDANSE-\u2013-Page-Facebook-Danse-Sportive-800x425.png",800,425,true],"vp_lg":["https:\/\/vpdanses.fr\/wp-content\/uploads\/2025\/11\/ASCENDANCE-\u2013-CREATIVDANSE-\u2013-Page-Facebook-Danse-Sportive-1280x680.png",1280,680,true],"vp_xl":["https:\/\/vpdanses.fr\/wp-content\/uploads\/2025\/11\/ASCENDANCE-\u2013-CREATIVDANSE-\u2013-Page-Facebook-Danse-Sportive.png",1742,926,false],"vp_sm_popup":["https:\/\/vpdanses.fr\/wp-content\/uploads\/2025\/11\/ASCENDANCE-\u2013-CREATIVDANSE-\u2013-Page-Facebook-Danse-Sportive-500x266.png",500,266,true],"vp_md_popup":["https:\/\/vpdanses.fr\/wp-content\/uploads\/2025\/11\/ASCENDANCE-\u2013-CREATIVDANSE-\u2013-Page-Facebook-Danse-Sportive-800x425.png",800,425,true],"vp_xl_popup":["https:\/\/vpdanses.fr\/wp-content\/uploads\/2025\/11\/ASCENDANCE-\u2013-CREATIVDANSE-\u2013-Page-Facebook-Danse-Sportive.png",1742,926,false],"dance-blog-thumb":["https:\/\/vpdanses.fr\/wp-content\/uploads\/2025\/11\/ASCENDANCE-\u2013-CREATIVDANSE-\u2013-Page-Facebook-Danse-Sportive-150x120.png",150,120,true],"dance-event-list":["https:\/\/vpdanses.fr\/wp-content\/uploads\/2025\/11\/ASCENDANCE-\u2013-CREATIVDANSE-\u2013-Page-Facebook-Danse-Sportive-420x336.png",420,336,true],"dance-event-single-type1":["https:\/\/vpdanses.fr\/wp-content\/uploads\/2025\/11\/ASCENDANCE-\u2013-CREATIVDANSE-\u2013-Page-Facebook-Danse-Sportive-773x520.png",773,520,true],"dance-event-single-type4":["https:\/\/vpdanses.fr\/wp-content\/uploads\/2025\/11\/ASCENDANCE-\u2013-CREATIVDANSE-\u2013-Page-Facebook-Danse-Sportive-570x460.png",570,460,true],"dance-event-single-type5":["https:\/\/vpdanses.fr\/wp-content\/uploads\/2025\/11\/ASCENDANCE-\u2013-CREATIVDANSE-\u2013-Page-Facebook-Danse-Sportive-746x770.png",746,770,true],"dance-event-list2":["https:\/\/vpdanses.fr\/wp-content\/uploads\/2025\/11\/ASCENDANCE-\u2013-CREATIVDANSE-\u2013-Page-Facebook-Danse-Sportive-420x275.png",420,275,true]},"uagb_author_info":{"display_name":"VP DANSES","author_link":"https:\/\/vpdanses.fr\/home\/bienvenue-chez-vp-danses-hazebrouck\/author\/adminvp20241018\/"},"uagb_comment_info":0,"uagb_excerpt":"D\u00e9couvrez la nouvelle page Facebook ASCENDANCE \u2013 CREATIV\u2019DANSE, le club de Danse Sportive de Sven Balcerzak, affili\u00e9 \u00e0 la F\u00e9d\u00e9ration Fran\u00e7aise de Danse (FFD).","jetpack_sharing_enabled":true,"_links":{"self":[{"href":"https:\/\/vpdanses.fr\/home\/bienvenue-chez-vp-danses-hazebrouck\/wp-json\/wp\/v2\/posts\/14640","targetHints":{"allow":["GET"]}}],"collection":[{"href":"https:\/\/vpdanses.fr\/home\/bienvenue-chez-vp-danses-hazebrouck\/wp-json\/wp\/v2\/posts"}],"about":[{"href":"https:\/\/vpdanses.fr\/home\/bienvenue-chez-vp-danses-hazebrouck\/wp-json\/wp\/v2\/types\/post"}],"author":[{"embeddable":true,"href":"https:\/\/vpdanses.fr\/home\/bienvenue-chez-vp-danses-hazebrouck\/wp-json\/wp\/v2\/users\/1"}],"replies":[{"embeddable":true,"href":"https:\/\/vpdanses.fr\/home\/bienvenue-chez-vp-danses-hazebrouck\/wp-json\/wp\/v2\/comments?post=14640"}],"version-history":[{"count":2,"href":"https:\/\/vpdanses.fr\/home\/bienvenue-chez-vp-danses-hazebrouck\/wp-json\/wp\/v2\/posts\/14640\/revisions"}],"predecessor-version":[{"id":14644,"href":"https:\/\/vpdanses.fr\/home\/bienvenue-chez-vp-danses-hazebrouck\/wp-json\/wp\/v2\/posts\/14640\/revisions\/14644"}],"wp:featuredmedia":[{"embeddable":true,"href":"https:\/\/vpdanses.fr\/home\/bienvenue-chez-vp-danses-hazebrouck\/wp-json\/wp\/v2\/media\/14642"}],"wp:attachment":[{"href":"https:\/\/vpdanses.fr\/home\/bienvenue-chez-vp-danses-hazebrouck\/wp-json\/wp\/v2\/media?parent=14640"}],"wp:term":[{"taxonomy":"category","embeddable":true,"href":"https:\/\/vpdanses.fr\/home\/bienvenue-chez-vp-danses-hazebrouck\/wp-json\/wp\/v2\/categories?post=14640"},{"taxonomy":"post_tag","embeddable":true,"href":"https:\/\/vpdanses.fr\/home\/bienvenue-chez-vp-danses-hazebrouck\/wp-json\/wp\/v2\/tags?post=14640"}],"curies":[{"name":"wp","href":"https:\/\/api.w.org\/{rel}","templated":true}]}}