{"id":14646,"date":"2025-11-23T20:52:49","date_gmt":"2025-11-23T19:52:49","guid":{"rendered":"https:\/\/vpdanses.fr\/home\/bienvenue-chez-vp-danses-hazebrouck\/?p=14646"},"modified":"2025-11-23T21:05:48","modified_gmt":"2025-11-23T20:05:48","slug":"cours-particulier-jive-isbergues-sven-balcerzak","status":"publish","type":"post","link":"https:\/\/vpdanses.fr\/home\/bienvenue-chez-vp-danses-hazebrouck\/cours-particulier-jive-isbergues-sven-balcerzak\/","title":{"rendered":"Cours particulier de Jive \u00e0 Isbergues avec Sven Balcerzak"},"content":{"rendered":"\n<h2 class=\"wp-block-heading\" id=\"h-un-cours-dedie-au-rythme-et-au-pas-de-base-du-jive\">Un cours d\u00e9di\u00e9 au rythme et au pas de base du Jive<\/h2>\n\n\n\n<h2 class=\"wp-block-heading\" id=\"h-la-danse-sportive-dans-le-nord-pas-de-calais\">La Danse Sportive dans le Nord Pas-de-Calais<\/h2>\n\n\n\n<p>Ce jeudi 20 novembre, nous avons suivi un cours particulier de\u00a0<strong>Jive<\/strong>\u00a0avec\u00a0<strong><a href=\"https:\/\/www.facebook.com\/AscendanceCreativDanse\" target=\"_blank\" rel=\"noreferrer noopener\">Sven Balcerzak<\/a><\/strong>, professeur de Danse Sportive, dans la salle Jean Mac\u00e9 \u00e0 Isbergues gr\u00e2ce \u00e0 la MJEP Danse. La s\u00e9ance a permis de revoir le\u00a0<strong>rythme<\/strong>\u00a0et le\u00a0<strong>pas de base<\/strong>\u00a0du Jive selon la F\u00e9d\u00e9ration Fran\u00e7aise de Danse.<\/p>\n\n\n\n<p>Le\u00a0<strong><a href=\"https:\/\/www.ffdanse.fr\/disciplines\/latines-standards\/danses-latines\" target=\"_blank\" rel=\"noreferrer noopener\">Jive<\/a><\/strong>\u00a0est une danse rapide et \u00e9nergique issue du\u00a0<strong>swing am\u00e9ricain<\/strong>\u00a0des ann\u00e9es 40. Son rythme vif, syncop\u00e9 et tr\u00e8s rebondissant en fait une danse joyeuse et technique, id\u00e9ale pour d\u00e9velopper coordination et musicalit\u00e9.<\/p>\n\n\n\n<p>Quel que soit votre niveau, vous pouvez <strong><a href=\"https:\/\/vpdanses.fr\/home\/bienvenue-chez-vp-danses-hazebrouck\/formulaire-de-contact\/\">contacter<\/a><\/strong> Sven Balcerzak pour r\u00e9server vos\u00a0<strong>cours particuliers<\/strong>\u00a0dans le Nord Pas-de-Calais.<\/p>\n\n\n\n<p><\/p>\n","protected":false},"excerpt":{"rendered":"<p>Cours particulier de Jive \u00e0 Isbergues avec Sven Balcerzak. R\u00e9vision du rythme, du pas de base et des techniques FFD, dans la salle Jean Mac\u00e9 mise \u00e0 disposition par la MJEP Danse.<\/p>\n","protected":false},"author":1,"featured_media":14650,"comment_status":"closed","ping_status":"closed","sticky":false,"template":"","format":"standard","meta":{"_uag_custom_page_level_css":"","_price":"","_stock":"","_tribe_ticket_header":"","_tribe_default_ticket_provider":"","_tribe_ticket_capacity":"0","_ticket_start_date":"","_ticket_end_date":"","_tribe_ticket_show_description":"","_tribe_ticket_show_not_going":false,"_tribe_ticket_use_global_stock":"","_tribe_ticket_global_stock_level":"","_global_stock_mode":"","_global_stock_cap":"","_tribe_rsvp_for_event":"","_tribe_ticket_going_count":"","_tribe_ticket_not_going_count":"","_tribe_tickets_list":"[]","_tribe_ticket_has_attendee_info_fields":false,"_EventAllDay":false,"_EventTimezone":"","_EventStartDate":"","_EventEndDate":"","_EventStartDateUTC":"","_EventEndDateUTC":"","_EventShowMap":false,"_EventShowMapLink":false,"_EventURL":"","_EventCost":"","_EventCostDescription":"","_EventCurrencySymbol":"","_EventCurrencyCode":"","_EventCurrencyPosition":"","_EventDateTimeSeparator":"","_EventTimeRangeSeparator":"","_EventOrganizerID":[],"_EventVenueID":[],"_OrganizerEmail":"","_OrganizerPhone":"","_OrganizerWebsite":"","_VenueAddress":"","_VenueCity":"","_VenueCountry":"","_VenueProvince":"","_VenueState":"","_VenueZip":"","_VenuePhone":"","_VenueURL":"","_VenueStateProvince":"","_VenueLat":"","_VenueLng":"","_VenueShowMap":false,"_VenueShowMapLink":false,"_vp_format_video_url":"","_vp_image_focal_point":[],"_jetpack_memberships_contains_paid_content":false,"footnotes":""},"categories":[405,86,402,508,510,293,203,287,509],"tags":[519,521,511,514,520,106,503,120,337,512,513,515,522,517,516,518,107,96],"class_list":["post-14646","post","type-post","status-publish","format-standard","has-post-thumbnail","hentry","category-actualites","category-autour-dhazebrouck","category-cours-de-danse","category-cours-particuliers-de-danse","category-danse-nord-pas-de-calais","category-danse-sportive","category-hazebrouck","category-isbergues","category-jive","tag-cours-de-danse-individuelle","tag-cours-de-danse-nord","tag-cours-particulier-jive","tag-danse-en-hauts-de-france","tag-danse-loisir-2","tag-danse-sportive","tag-federation-francaise-de-danse","tag-isbergues","tag-jive","tag-mjep-danse","tag-nord-pas-de-calais-2","tag-pas-de-base-jive","tag-professeur-de-danse-sportive","tag-rock-et-swing","tag-rythme-du-jive","tag-salle-jean-mace","tag-sven-balcerzak","tag-vp-danses"],"yoast_head":"<!-- This site is optimized with the Yoast SEO Premium plugin v25.6 (Yoast SEO v25.6) - https:\/\/yoast.com\/wordpress\/plugins\/seo\/ -->\n<title>Cours particulier de Jive \u00e0 Isbergues avec Sven Balcerzak \u2013 VP Danses<\/title>\n<meta name=\"description\" content=\"Cours particulier de Jive \u00e0 Isbergues avec Sven Balcerzak. R\u00e9vision du rythme, pas de base et technique FFD. Danse Sportive dans le Nord Pas-de-Calais.\" \/>\n<meta name=\"robots\" content=\"index, follow, max-snippet:-1, max-image-preview:large, max-video-preview:-1\" \/>\n<link rel=\"canonical\" href=\"https:\/\/vpdanses.fr\/home\/bienvenue-chez-vp-danses-hazebrouck\/cours-particulier-jive-isbergues-sven-balcerzak\/\" \/>\n<meta property=\"og:locale\" content=\"fr_FR\" \/>\n<meta property=\"og:type\" content=\"article\" \/>\n<meta property=\"og:title\" content=\"Cours particulier de Jive \u00e0 Isbergues avec Sven Balcerzak \u2013 VP Danses\" \/>\n<meta property=\"og:description\" content=\"D\u00e9couvrez notre cours particulier de Jive \u00e0 Isbergues avec Sven Balcerzak : rythme, technique FFD et danse sportive dans le Nord\u2013Pas-de-Calais.\" \/>\n<meta property=\"og:url\" content=\"https:\/\/vpdanses.fr\/home\/bienvenue-chez-vp-danses-hazebrouck\/cours-particulier-jive-isbergues-sven-balcerzak\/\" \/>\n<meta property=\"og:site_name\" content=\"VP DANSES, cours de Danse Sportive \u00e0 Aire-sur-la-Lys et \u00e0 Saint-Jans-Cappel (Hauts-de-France)\" \/>\n<meta property=\"article:published_time\" content=\"2025-11-23T19:52:49+00:00\" \/>\n<meta property=\"article:modified_time\" content=\"2025-11-23T20:05:48+00:00\" \/>\n<meta property=\"og:image\" content=\"https:\/\/vpdanses.fr\/wp-content\/uploads\/2025\/11\/2025-11-20.Cours-particulier-Jive-ASCENDANCE-CREATIV-DANSE-Isbergues_4013.jpg\" \/>\n\t<meta property=\"og:image:width\" content=\"800\" \/>\n\t<meta property=\"og:image:height\" content=\"1104\" \/>\n\t<meta property=\"og:image:type\" content=\"image\/jpeg\" \/>\n<meta name=\"author\" content=\"VP DANSES\" \/>\n<meta name=\"twitter:card\" content=\"summary_large_image\" \/>\n<meta name=\"twitter:title\" content=\"Cours particulier de Jive \u00e0 Isbergues avec Sven Balcerzak\" \/>\n<meta name=\"twitter:label1\" content=\"\u00c9crit par\" \/>\n\t<meta name=\"twitter:data1\" content=\"VP DANSES\" \/>\n\t<meta name=\"twitter:label2\" content=\"Dur\u00e9e de lecture estim\u00e9e\" \/>\n\t<meta name=\"twitter:data2\" content=\"1 minute\" \/>\n<script type=\"application\/ld+json\" class=\"yoast-schema-graph\">{\"@context\":\"https:\/\/schema.org\",\"@graph\":[{\"@type\":\"Article\",\"@id\":\"https:\/\/vpdanses.fr\/home\/bienvenue-chez-vp-danses-hazebrouck\/cours-particulier-jive-isbergues-sven-balcerzak\/#article\",\"isPartOf\":{\"@id\":\"https:\/\/vpdanses.fr\/home\/bienvenue-chez-vp-danses-hazebrouck\/cours-particulier-jive-isbergues-sven-balcerzak\/\"},\"author\":{\"name\":\"VP DANSES\",\"@id\":\"https:\/\/vpdanses.fr\/home\/bienvenue-chez-vp-danses-hazebrouck\/#\/schema\/person\/bf87806369778f949b83c9cd885519e5\"},\"headline\":\"Cours particulier de Jive \u00e0 Isbergues avec Sven Balcerzak\",\"datePublished\":\"2025-11-23T19:52:49+00:00\",\"dateModified\":\"2025-11-23T20:05:48+00:00\",\"mainEntityOfPage\":{\"@id\":\"https:\/\/vpdanses.fr\/home\/bienvenue-chez-vp-danses-hazebrouck\/cours-particulier-jive-isbergues-sven-balcerzak\/\"},\"wordCount\":141,\"publisher\":{\"@id\":\"https:\/\/vpdanses.fr\/home\/bienvenue-chez-vp-danses-hazebrouck\/#organization\"},\"image\":{\"@id\":\"https:\/\/vpdanses.fr\/home\/bienvenue-chez-vp-danses-hazebrouck\/cours-particulier-jive-isbergues-sven-balcerzak\/#primaryimage\"},\"thumbnailUrl\":\"https:\/\/vpdanses.fr\/wp-content\/uploads\/2025\/11\/2025-11-20.Cours-particulier-Jive-ASCENDANCE-CREATIV-DANSE-Isbergues_4013.jpg\",\"keywords\":[\"Cours de danse individuelle\",\"Cours de danse Nord\",\"Cours particulier Jive\",\"Danse en Hauts-de-France\",\"Danse loisir\",\"DANSE SPORTIVE\",\"F\u00e9d\u00e9ration Fran\u00e7aise de Danse\",\"Isbergues\",\"Jive\",\"MJEP Danse\",\"Nord Pas-de-Calais\",\"Pas de base Jive\",\"Professeur de danse sportive\",\"Rock et Swing\",\"Rythme du Jive\",\"Salle Jean Mac\u00e9\",\"SVEN BALCERZAK\",\"VP DANSES\"],\"articleSection\":[\"Actualit\u00e9s\",\"Autour d'Hazebrouck\",\"Cours de Danse\",\"Cours Particuliers de Danse\",\"Danse Nord \u2013 Pas-de-Calais\",\"DANSE SPORTIVE\",\"Hazebrouck\",\"Isbergues\",\"Jive\"],\"inLanguage\":\"fr-FR\"},{\"@type\":\"WebPage\",\"@id\":\"https:\/\/vpdanses.fr\/home\/bienvenue-chez-vp-danses-hazebrouck\/cours-particulier-jive-isbergues-sven-balcerzak\/\",\"url\":\"https:\/\/vpdanses.fr\/home\/bienvenue-chez-vp-danses-hazebrouck\/cours-particulier-jive-isbergues-sven-balcerzak\/\",\"name\":\"Cours particulier de Jive \u00e0 Isbergues avec Sven Balcerzak \u2013 VP Danses\",\"isPartOf\":{\"@id\":\"https:\/\/vpdanses.fr\/home\/bienvenue-chez-vp-danses-hazebrouck\/#website\"},\"primaryImageOfPage\":{\"@id\":\"https:\/\/vpdanses.fr\/home\/bienvenue-chez-vp-danses-hazebrouck\/cours-particulier-jive-isbergues-sven-balcerzak\/#primaryimage\"},\"image\":{\"@id\":\"https:\/\/vpdanses.fr\/home\/bienvenue-chez-vp-danses-hazebrouck\/cours-particulier-jive-isbergues-sven-balcerzak\/#primaryimage\"},\"thumbnailUrl\":\"https:\/\/vpdanses.fr\/wp-content\/uploads\/2025\/11\/2025-11-20.Cours-particulier-Jive-ASCENDANCE-CREATIV-DANSE-Isbergues_4013.jpg\",\"datePublished\":\"2025-11-23T19:52:49+00:00\",\"dateModified\":\"2025-11-23T20:05:48+00:00\",\"description\":\"Cours particulier de Jive \u00e0 Isbergues avec Sven Balcerzak. R\u00e9vision du rythme, pas de base et technique FFD. Danse Sportive dans le Nord Pas-de-Calais.\",\"breadcrumb\":{\"@id\":\"https:\/\/vpdanses.fr\/home\/bienvenue-chez-vp-danses-hazebrouck\/cours-particulier-jive-isbergues-sven-balcerzak\/#breadcrumb\"},\"inLanguage\":\"fr-FR\",\"potentialAction\":[{\"@type\":\"ReadAction\",\"target\":[\"https:\/\/vpdanses.fr\/home\/bienvenue-chez-vp-danses-hazebrouck\/cours-particulier-jive-isbergues-sven-balcerzak\/\"]}]},{\"@type\":\"ImageObject\",\"inLanguage\":\"fr-FR\",\"@id\":\"https:\/\/vpdanses.fr\/home\/bienvenue-chez-vp-danses-hazebrouck\/cours-particulier-jive-isbergues-sven-balcerzak\/#primaryimage\",\"url\":\"https:\/\/vpdanses.fr\/wp-content\/uploads\/2025\/11\/2025-11-20.Cours-particulier-Jive-ASCENDANCE-CREATIV-DANSE-Isbergues_4013.jpg\",\"contentUrl\":\"https:\/\/vpdanses.fr\/wp-content\/uploads\/2025\/11\/2025-11-20.Cours-particulier-Jive-ASCENDANCE-CREATIV-DANSE-Isbergues_4013.jpg\",\"width\":800,\"height\":1104,\"caption\":\"Sven Balcerzak en s\u00e9ance de jive avec ses \u00e9l\u00e8ves \u00e0 Isbergues \u2013 VP Danses.\"},{\"@type\":\"BreadcrumbList\",\"@id\":\"https:\/\/vpdanses.fr\/home\/bienvenue-chez-vp-danses-hazebrouck\/cours-particulier-jive-isbergues-sven-balcerzak\/#breadcrumb\",\"itemListElement\":[{\"@type\":\"ListItem\",\"position\":1,\"name\":\"Accueil\",\"item\":\"https:\/\/vpdanses.fr\/home\/bienvenue-chez-vp-danses-hazebrouck\/\"},{\"@type\":\"ListItem\",\"position\":2,\"name\":\"Cours particulier de Jive \u00e0 Isbergues avec Sven Balcerzak\"}]},{\"@type\":\"WebSite\",\"@id\":\"https:\/\/vpdanses.fr\/home\/bienvenue-chez-vp-danses-hazebrouck\/#website\",\"url\":\"https:\/\/vpdanses.fr\/home\/bienvenue-chez-vp-danses-hazebrouck\/\",\"name\":\"VP DANSES, cours de Danse Sportive \u00e0 Aire-sur-la-Lys et \u00e0 Saint-Jans-Cappel (Hauts-de-France)\",\"description\":\"Cours de Danse Sportive STANDARD (valse anglaise, tango, valse viennoise, slowfox, quickstep), danses sportives LATINES (samba, chacha, rumba, paso doble, jive), danses de bal, danses de salons, danses de loisirs, salsa, rock 4 temps, rock 6 temps, danses en ligne, disco, \u2026 Lieu : Hazebrouck, Aire-sur-la-Lys, Saint-Jans-Cappel et Isbergues (Hauts-de-France) - Cours Particuliers dans les Hauts-de-France - Ouverture de bal de Mariage\",\"publisher\":{\"@id\":\"https:\/\/vpdanses.fr\/home\/bienvenue-chez-vp-danses-hazebrouck\/#organization\"},\"potentialAction\":[{\"@type\":\"SearchAction\",\"target\":{\"@type\":\"EntryPoint\",\"urlTemplate\":\"https:\/\/vpdanses.fr\/home\/bienvenue-chez-vp-danses-hazebrouck\/?s={search_term_string}\"},\"query-input\":{\"@type\":\"PropertyValueSpecification\",\"valueRequired\":true,\"valueName\":\"search_term_string\"}}],\"inLanguage\":\"fr-FR\"},{\"@type\":\"Organization\",\"@id\":\"https:\/\/vpdanses.fr\/home\/bienvenue-chez-vp-danses-hazebrouck\/#organization\",\"name\":\"VP DANSES, cours de Danse Sportive \u00e0 Aire-sur-la-Lys et \u00e0 Saint-Jans-Cappel (Hauts-de-France)\",\"url\":\"https:\/\/vpdanses.fr\/home\/bienvenue-chez-vp-danses-hazebrouck\/\",\"logo\":{\"@type\":\"ImageObject\",\"inLanguage\":\"fr-FR\",\"@id\":\"https:\/\/vpdanses.fr\/home\/bienvenue-chez-vp-danses-hazebrouck\/#\/schema\/logo\/image\/\",\"url\":\"https:\/\/vpdanses.fr\/wp-content\/uploads\/2024\/10\/logo_cadanse_asaintjans.jpeg\",\"contentUrl\":\"https:\/\/vpdanses.fr\/wp-content\/uploads\/2024\/10\/logo_cadanse_asaintjans.jpeg\",\"width\":225,\"height\":225,\"caption\":\"VP DANSES, cours de Danse Sportive \u00e0 Aire-sur-la-Lys et \u00e0 Saint-Jans-Cappel (Hauts-de-France)\"},\"image\":{\"@id\":\"https:\/\/vpdanses.fr\/home\/bienvenue-chez-vp-danses-hazebrouck\/#\/schema\/logo\/image\/\"}},{\"@type\":\"Person\",\"@id\":\"https:\/\/vpdanses.fr\/home\/bienvenue-chez-vp-danses-hazebrouck\/#\/schema\/person\/bf87806369778f949b83c9cd885519e5\",\"name\":\"VP DANSES\",\"description\":\"\\\"VP danses\\\" est une association qui donne des cours de DANSES SPORTIVES STANDARDS (valse anglaise, tango, valse viennoise, slowfox, quickstep), de DANSES SPORTIVES LATINES (samba, chacha, rumba, paso doble, jive), de DANSES DE BAL, de DANSES DE SALONS, de DANSES DE LOISIRS, de SALSA, de ROCK 4 TEMPS, de ROCK 6 TEMPS, de DANSES EN LIGNE, de DISCO, \u2026\",\"sameAs\":[\"https:\/\/vpdanses.fr\"],\"url\":\"https:\/\/vpdanses.fr\/home\/bienvenue-chez-vp-danses-hazebrouck\/author\/adminvp20241018\/\"}]}<\/script>\n<!-- \/ Yoast SEO Premium plugin. -->","yoast_head_json":{"title":"Cours particulier de Jive \u00e0 Isbergues avec Sven Balcerzak \u2013 VP Danses","description":"Cours particulier de Jive \u00e0 Isbergues avec Sven Balcerzak. R\u00e9vision du rythme, pas de base et technique FFD. Danse Sportive dans le Nord Pas-de-Calais.","robots":{"index":"index","follow":"follow","max-snippet":"max-snippet:-1","max-image-preview":"max-image-preview:large","max-video-preview":"max-video-preview:-1"},"canonical":"https:\/\/vpdanses.fr\/home\/bienvenue-chez-vp-danses-hazebrouck\/cours-particulier-jive-isbergues-sven-balcerzak\/","og_locale":"fr_FR","og_type":"article","og_title":"Cours particulier de Jive \u00e0 Isbergues avec Sven Balcerzak \u2013 VP Danses","og_description":"D\u00e9couvrez notre cours particulier de Jive \u00e0 Isbergues avec Sven Balcerzak : rythme, technique FFD et danse sportive dans le Nord\u2013Pas-de-Calais.","og_url":"https:\/\/vpdanses.fr\/home\/bienvenue-chez-vp-danses-hazebrouck\/cours-particulier-jive-isbergues-sven-balcerzak\/","og_site_name":"VP DANSES, cours de Danse Sportive \u00e0 Aire-sur-la-Lys et \u00e0 Saint-Jans-Cappel (Hauts-de-France)","article_published_time":"2025-11-23T19:52:49+00:00","article_modified_time":"2025-11-23T20:05:48+00:00","og_image":[{"width":800,"height":1104,"url":"https:\/\/vpdanses.fr\/wp-content\/uploads\/2025\/11\/2025-11-20.Cours-particulier-Jive-ASCENDANCE-CREATIV-DANSE-Isbergues_4013.jpg","type":"image\/jpeg"}],"author":"VP DANSES","twitter_card":"summary_large_image","twitter_title":"Cours particulier de Jive \u00e0 Isbergues avec Sven Balcerzak","twitter_misc":{"\u00c9crit par":"VP DANSES","Dur\u00e9e de lecture estim\u00e9e":"1 minute"},"schema":{"@context":"https:\/\/schema.org","@graph":[{"@type":"Article","@id":"https:\/\/vpdanses.fr\/home\/bienvenue-chez-vp-danses-hazebrouck\/cours-particulier-jive-isbergues-sven-balcerzak\/#article","isPartOf":{"@id":"https:\/\/vpdanses.fr\/home\/bienvenue-chez-vp-danses-hazebrouck\/cours-particulier-jive-isbergues-sven-balcerzak\/"},"author":{"name":"VP DANSES","@id":"https:\/\/vpdanses.fr\/home\/bienvenue-chez-vp-danses-hazebrouck\/#\/schema\/person\/bf87806369778f949b83c9cd885519e5"},"headline":"Cours particulier de Jive \u00e0 Isbergues avec Sven Balcerzak","datePublished":"2025-11-23T19:52:49+00:00","dateModified":"2025-11-23T20:05:48+00:00","mainEntityOfPage":{"@id":"https:\/\/vpdanses.fr\/home\/bienvenue-chez-vp-danses-hazebrouck\/cours-particulier-jive-isbergues-sven-balcerzak\/"},"wordCount":141,"publisher":{"@id":"https:\/\/vpdanses.fr\/home\/bienvenue-chez-vp-danses-hazebrouck\/#organization"},"image":{"@id":"https:\/\/vpdanses.fr\/home\/bienvenue-chez-vp-danses-hazebrouck\/cours-particulier-jive-isbergues-sven-balcerzak\/#primaryimage"},"thumbnailUrl":"https:\/\/vpdanses.fr\/wp-content\/uploads\/2025\/11\/2025-11-20.Cours-particulier-Jive-ASCENDANCE-CREATIV-DANSE-Isbergues_4013.jpg","keywords":["Cours de danse individuelle","Cours de danse Nord","Cours particulier Jive","Danse en Hauts-de-France","Danse loisir","DANSE SPORTIVE","F\u00e9d\u00e9ration Fran\u00e7aise de Danse","Isbergues","Jive","MJEP Danse","Nord Pas-de-Calais","Pas de base Jive","Professeur de danse sportive","Rock et Swing","Rythme du Jive","Salle Jean Mac\u00e9","SVEN BALCERZAK","VP DANSES"],"articleSection":["Actualit\u00e9s","Autour d'Hazebrouck","Cours de Danse","Cours Particuliers de Danse","Danse Nord \u2013 Pas-de-Calais","DANSE SPORTIVE","Hazebrouck","Isbergues","Jive"],"inLanguage":"fr-FR"},{"@type":"WebPage","@id":"https:\/\/vpdanses.fr\/home\/bienvenue-chez-vp-danses-hazebrouck\/cours-particulier-jive-isbergues-sven-balcerzak\/","url":"https:\/\/vpdanses.fr\/home\/bienvenue-chez-vp-danses-hazebrouck\/cours-particulier-jive-isbergues-sven-balcerzak\/","name":"Cours particulier de Jive \u00e0 Isbergues avec Sven Balcerzak \u2013 VP Danses","isPartOf":{"@id":"https:\/\/vpdanses.fr\/home\/bienvenue-chez-vp-danses-hazebrouck\/#website"},"primaryImageOfPage":{"@id":"https:\/\/vpdanses.fr\/home\/bienvenue-chez-vp-danses-hazebrouck\/cours-particulier-jive-isbergues-sven-balcerzak\/#primaryimage"},"image":{"@id":"https:\/\/vpdanses.fr\/home\/bienvenue-chez-vp-danses-hazebrouck\/cours-particulier-jive-isbergues-sven-balcerzak\/#primaryimage"},"thumbnailUrl":"https:\/\/vpdanses.fr\/wp-content\/uploads\/2025\/11\/2025-11-20.Cours-particulier-Jive-ASCENDANCE-CREATIV-DANSE-Isbergues_4013.jpg","datePublished":"2025-11-23T19:52:49+00:00","dateModified":"2025-11-23T20:05:48+00:00","description":"Cours particulier de Jive \u00e0 Isbergues avec Sven Balcerzak. R\u00e9vision du rythme, pas de base et technique FFD. Danse Sportive dans le Nord Pas-de-Calais.","breadcrumb":{"@id":"https:\/\/vpdanses.fr\/home\/bienvenue-chez-vp-danses-hazebrouck\/cours-particulier-jive-isbergues-sven-balcerzak\/#breadcrumb"},"inLanguage":"fr-FR","potentialAction":[{"@type":"ReadAction","target":["https:\/\/vpdanses.fr\/home\/bienvenue-chez-vp-danses-hazebrouck\/cours-particulier-jive-isbergues-sven-balcerzak\/"]}]},{"@type":"ImageObject","inLanguage":"fr-FR","@id":"https:\/\/vpdanses.fr\/home\/bienvenue-chez-vp-danses-hazebrouck\/cours-particulier-jive-isbergues-sven-balcerzak\/#primaryimage","url":"https:\/\/vpdanses.fr\/wp-content\/uploads\/2025\/11\/2025-11-20.Cours-particulier-Jive-ASCENDANCE-CREATIV-DANSE-Isbergues_4013.jpg","contentUrl":"https:\/\/vpdanses.fr\/wp-content\/uploads\/2025\/11\/2025-11-20.Cours-particulier-Jive-ASCENDANCE-CREATIV-DANSE-Isbergues_4013.jpg","width":800,"height":1104,"caption":"Sven Balcerzak en s\u00e9ance de jive avec ses \u00e9l\u00e8ves \u00e0 Isbergues \u2013 VP Danses."},{"@type":"BreadcrumbList","@id":"https:\/\/vpdanses.fr\/home\/bienvenue-chez-vp-danses-hazebrouck\/cours-particulier-jive-isbergues-sven-balcerzak\/#breadcrumb","itemListElement":[{"@type":"ListItem","position":1,"name":"Accueil","item":"https:\/\/vpdanses.fr\/home\/bienvenue-chez-vp-danses-hazebrouck\/"},{"@type":"ListItem","position":2,"name":"Cours particulier de Jive \u00e0 Isbergues avec Sven Balcerzak"}]},{"@type":"WebSite","@id":"https:\/\/vpdanses.fr\/home\/bienvenue-chez-vp-danses-hazebrouck\/#website","url":"https:\/\/vpdanses.fr\/home\/bienvenue-chez-vp-danses-hazebrouck\/","name":"VP DANSES, cours de Danse Sportive \u00e0 Aire-sur-la-Lys et \u00e0 Saint-Jans-Cappel (Hauts-de-France)","description":"Cours de Danse Sportive STANDARD (valse anglaise, tango, valse viennoise, slowfox, quickstep), danses sportives LATINES (samba, chacha, rumba, paso doble, jive), danses de bal, danses de salons, danses de loisirs, salsa, rock 4 temps, rock 6 temps, danses en ligne, disco, \u2026 Lieu : Hazebrouck, Aire-sur-la-Lys, Saint-Jans-Cappel et Isbergues (Hauts-de-France) - Cours Particuliers dans les Hauts-de-France - Ouverture de bal de Mariage","publisher":{"@id":"https:\/\/vpdanses.fr\/home\/bienvenue-chez-vp-danses-hazebrouck\/#organization"},"potentialAction":[{"@type":"SearchAction","target":{"@type":"EntryPoint","urlTemplate":"https:\/\/vpdanses.fr\/home\/bienvenue-chez-vp-danses-hazebrouck\/?s={search_term_string}"},"query-input":{"@type":"PropertyValueSpecification","valueRequired":true,"valueName":"search_term_string"}}],"inLanguage":"fr-FR"},{"@type":"Organization","@id":"https:\/\/vpdanses.fr\/home\/bienvenue-chez-vp-danses-hazebrouck\/#organization","name":"VP DANSES, cours de Danse Sportive \u00e0 Aire-sur-la-Lys et \u00e0 Saint-Jans-Cappel (Hauts-de-France)","url":"https:\/\/vpdanses.fr\/home\/bienvenue-chez-vp-danses-hazebrouck\/","logo":{"@type":"ImageObject","inLanguage":"fr-FR","@id":"https:\/\/vpdanses.fr\/home\/bienvenue-chez-vp-danses-hazebrouck\/#\/schema\/logo\/image\/","url":"https:\/\/vpdanses.fr\/wp-content\/uploads\/2024\/10\/logo_cadanse_asaintjans.jpeg","contentUrl":"https:\/\/vpdanses.fr\/wp-content\/uploads\/2024\/10\/logo_cadanse_asaintjans.jpeg","width":225,"height":225,"caption":"VP DANSES, cours de Danse Sportive \u00e0 Aire-sur-la-Lys et \u00e0 Saint-Jans-Cappel (Hauts-de-France)"},"image":{"@id":"https:\/\/vpdanses.fr\/home\/bienvenue-chez-vp-danses-hazebrouck\/#\/schema\/logo\/image\/"}},{"@type":"Person","@id":"https:\/\/vpdanses.fr\/home\/bienvenue-chez-vp-danses-hazebrouck\/#\/schema\/person\/bf87806369778f949b83c9cd885519e5","name":"VP DANSES","description":"\"VP danses\" est une association qui donne des cours de DANSES SPORTIVES STANDARDS (valse anglaise, tango, valse viennoise, slowfox, quickstep), de DANSES SPORTIVES LATINES (samba, chacha, rumba, paso doble, jive), de DANSES DE BAL, de DANSES DE SALONS, de DANSES DE LOISIRS, de SALSA, de ROCK 4 TEMPS, de ROCK 6 TEMPS, de DANSES EN LIGNE, de DISCO, \u2026","sameAs":["https:\/\/vpdanses.fr"],"url":"https:\/\/vpdanses.fr\/home\/bienvenue-chez-vp-danses-hazebrouck\/author\/adminvp20241018\/"}]}},"jetpack_featured_media_url":"https:\/\/vpdanses.fr\/wp-content\/uploads\/2025\/11\/2025-11-20.Cours-particulier-Jive-ASCENDANCE-CREATIV-DANSE-Isbergues_4013.jpg","uagb_featured_image_src":{"full":["https:\/\/vpdanses.fr\/wp-content\/uploads\/2025\/11\/2025-11-20.Cours-particulier-Jive-ASCENDANCE-CREATIV-DANSE-Isbergues_4013.jpg",800,1104,false],"thumbnail":["https:\/\/vpdanses.fr\/wp-content\/uploads\/2025\/11\/2025-11-20.Cours-particulier-Jive-ASCENDANCE-CREATIV-DANSE-Isbergues_4013-150x150.jpg",150,150,true],"medium":["https:\/\/vpdanses.fr\/wp-content\/uploads\/2025\/11\/2025-11-20.Cours-particulier-Jive-ASCENDANCE-CREATIV-DANSE-Isbergues_4013-217x300.jpg",217,300,true],"medium_large":["https:\/\/vpdanses.fr\/wp-content\/uploads\/2025\/11\/2025-11-20.Cours-particulier-Jive-ASCENDANCE-CREATIV-DANSE-Isbergues_4013-768x1060.jpg",768,1060,true],"large":["https:\/\/vpdanses.fr\/wp-content\/uploads\/2025\/11\/2025-11-20.Cours-particulier-Jive-ASCENDANCE-CREATIV-DANSE-Isbergues_4013-742x1024.jpg",742,1024,true],"1536x1536":["https:\/\/vpdanses.fr\/wp-content\/uploads\/2025\/11\/2025-11-20.Cours-particulier-Jive-ASCENDANCE-CREATIV-DANSE-Isbergues_4013.jpg",800,1104,false],"2048x2048":["https:\/\/vpdanses.fr\/wp-content\/uploads\/2025\/11\/2025-11-20.Cours-particulier-Jive-ASCENDANCE-CREATIV-DANSE-Isbergues_4013.jpg",800,1104,false],"vp_sm":["https:\/\/vpdanses.fr\/wp-content\/uploads\/2025\/11\/2025-11-20.Cours-particulier-Jive-ASCENDANCE-CREATIV-DANSE-Isbergues_4013-500x690.jpg",500,690,true],"vp_md":["https:\/\/vpdanses.fr\/wp-content\/uploads\/2025\/11\/2025-11-20.Cours-particulier-Jive-ASCENDANCE-CREATIV-DANSE-Isbergues_4013.jpg",800,1104,false],"vp_lg":["https:\/\/vpdanses.fr\/wp-content\/uploads\/2025\/11\/2025-11-20.Cours-particulier-Jive-ASCENDANCE-CREATIV-DANSE-Isbergues_4013.jpg",800,1104,false],"vp_xl":["https:\/\/vpdanses.fr\/wp-content\/uploads\/2025\/11\/2025-11-20.Cours-particulier-Jive-ASCENDANCE-CREATIV-DANSE-Isbergues_4013.jpg",800,1104,false],"vp_sm_popup":["https:\/\/vpdanses.fr\/wp-content\/uploads\/2025\/11\/2025-11-20.Cours-particulier-Jive-ASCENDANCE-CREATIV-DANSE-Isbergues_4013-500x690.jpg",500,690,true],"vp_md_popup":["https:\/\/vpdanses.fr\/wp-content\/uploads\/2025\/11\/2025-11-20.Cours-particulier-Jive-ASCENDANCE-CREATIV-DANSE-Isbergues_4013.jpg",800,1104,false],"vp_xl_popup":["https:\/\/vpdanses.fr\/wp-content\/uploads\/2025\/11\/2025-11-20.Cours-particulier-Jive-ASCENDANCE-CREATIV-DANSE-Isbergues_4013.jpg",800,1104,false],"dance-blog-thumb":["https:\/\/vpdanses.fr\/wp-content\/uploads\/2025\/11\/2025-11-20.Cours-particulier-Jive-ASCENDANCE-CREATIV-DANSE-Isbergues_4013-150x120.jpg",150,120,true],"dance-event-list":["https:\/\/vpdanses.fr\/wp-content\/uploads\/2025\/11\/2025-11-20.Cours-particulier-Jive-ASCENDANCE-CREATIV-DANSE-Isbergues_4013-420x336.jpg",420,336,true],"dance-event-single-type1":["https:\/\/vpdanses.fr\/wp-content\/uploads\/2025\/11\/2025-11-20.Cours-particulier-Jive-ASCENDANCE-CREATIV-DANSE-Isbergues_4013-773x520.jpg",773,520,true],"dance-event-single-type4":["https:\/\/vpdanses.fr\/wp-content\/uploads\/2025\/11\/2025-11-20.Cours-particulier-Jive-ASCENDANCE-CREATIV-DANSE-Isbergues_4013-570x460.jpg",570,460,true],"dance-event-single-type5":["https:\/\/vpdanses.fr\/wp-content\/uploads\/2025\/11\/2025-11-20.Cours-particulier-Jive-ASCENDANCE-CREATIV-DANSE-Isbergues_4013-746x770.jpg",746,770,true],"dance-event-list2":["https:\/\/vpdanses.fr\/wp-content\/uploads\/2025\/11\/2025-11-20.Cours-particulier-Jive-ASCENDANCE-CREATIV-DANSE-Isbergues_4013-420x275.jpg",420,275,true]},"uagb_author_info":{"display_name":"VP DANSES","author_link":"https:\/\/vpdanses.fr\/home\/bienvenue-chez-vp-danses-hazebrouck\/author\/adminvp20241018\/"},"uagb_comment_info":0,"uagb_excerpt":"Cours particulier de Jive \u00e0 Isbergues avec Sven Balcerzak. R\u00e9vision du rythme, du pas de base et des techniques FFD, dans la salle Jean Mac\u00e9 mise \u00e0 disposition par la MJEP Danse.","jetpack_sharing_enabled":true,"_links":{"self":[{"href":"https:\/\/vpdanses.fr\/home\/bienvenue-chez-vp-danses-hazebrouck\/wp-json\/wp\/v2\/posts\/14646","targetHints":{"allow":["GET"]}}],"collection":[{"href":"https:\/\/vpdanses.fr\/home\/bienvenue-chez-vp-danses-hazebrouck\/wp-json\/wp\/v2\/posts"}],"about":[{"href":"https:\/\/vpdanses.fr\/home\/bienvenue-chez-vp-danses-hazebrouck\/wp-json\/wp\/v2\/types\/post"}],"author":[{"embeddable":true,"href":"https:\/\/vpdanses.fr\/home\/bienvenue-chez-vp-danses-hazebrouck\/wp-json\/wp\/v2\/users\/1"}],"replies":[{"embeddable":true,"href":"https:\/\/vpdanses.fr\/home\/bienvenue-chez-vp-danses-hazebrouck\/wp-json\/wp\/v2\/comments?post=14646"}],"version-history":[{"count":2,"href":"https:\/\/vpdanses.fr\/home\/bienvenue-chez-vp-danses-hazebrouck\/wp-json\/wp\/v2\/posts\/14646\/revisions"}],"predecessor-version":[{"id":14652,"href":"https:\/\/vpdanses.fr\/home\/bienvenue-chez-vp-danses-hazebrouck\/wp-json\/wp\/v2\/posts\/14646\/revisions\/14652"}],"wp:featuredmedia":[{"embeddable":true,"href":"https:\/\/vpdanses.fr\/home\/bienvenue-chez-vp-danses-hazebrouck\/wp-json\/wp\/v2\/media\/14650"}],"wp:attachment":[{"href":"https:\/\/vpdanses.fr\/home\/bienvenue-chez-vp-danses-hazebrouck\/wp-json\/wp\/v2\/media?parent=14646"}],"wp:term":[{"taxonomy":"category","embeddable":true,"href":"https:\/\/vpdanses.fr\/home\/bienvenue-chez-vp-danses-hazebrouck\/wp-json\/wp\/v2\/categories?post=14646"},{"taxonomy":"post_tag","embeddable":true,"href":"https:\/\/vpdanses.fr\/home\/bienvenue-chez-vp-danses-hazebrouck\/wp-json\/wp\/v2\/tags?post=14646"}],"curies":[{"name":"wp","href":"https:\/\/api.w.org\/{rel}","templated":true}]}}