{"id":14663,"date":"2025-11-30T18:30:23","date_gmt":"2025-11-30T17:30:23","guid":{"rendered":"https:\/\/vpdanses.fr\/home\/bienvenue-chez-vp-danses-hazebrouck\/?p=14663"},"modified":"2025-12-01T19:13:50","modified_gmt":"2025-12-01T18:13:50","slug":"cours-particulier-paso-doble-isbergues-vp-danses","status":"publish","type":"post","link":"https:\/\/vpdanses.fr\/home\/bienvenue-chez-vp-danses-hazebrouck\/cours-particulier-paso-doble-isbergues-vp-danses\/","title":{"rendered":"Cours particulier de Paso Doble \u00e0 Isbergues \u2013 VP DANSES (D\u00e9butants \u2013 Danse Sportive)"},"content":{"rendered":"\n<p><em>Ce samedi 30 novembre 2025, Pascale et G\u00e9rard ont particip\u00e9 \u00e0 un cours particulier de Danse Sportive \u00e0 Isbergues, consacr\u00e9 au Paso Doble, une des Danses Latines les plus embl\u00e9matiques.<\/em><\/p>\n\n\n\n<h2 class=\"wp-block-heading\" id=\"h-decouvrez-le-paso-doble-une-danse-latine-emblematique\">D\u00e9couvrez le Paso Doble : une Danse Latine embl\u00e9matique<\/h2>\n\n\n\n<p>Le&nbsp;<strong>Paso Doble<\/strong>&nbsp;est une danse dynamique inspir\u00e9e de la corrida espagnole, caract\u00e9ris\u00e9e par des mouvements rapides, des postures fi\u00e8res et une \u00e9nergie dramatique.<br>C\u2019est une danse phare des&nbsp;<strong>Danses Latines<\/strong>&nbsp;en comp\u00e9tition et en cours particuliers, id\u00e9ale pour travailler la posture, le rythme et la coordination.<\/p>\n\n\n\n<p>Chez&nbsp;<strong>VP DANSES<\/strong>, nous proposons des cours particuliers adapt\u00e9s aux&nbsp;<strong>d\u00e9butants<\/strong>, pour d\u00e9couvrir le Paso Doble \u00e0 votre rythme et progresser en toute confiance.<\/p>\n\n\n\n<h2 class=\"wp-block-heading\" id=\"h-session-du-30-novembre-a-isbergues-avec-pascale-et-gerard\">Session du 30 novembre \u00e0 Isbergues avec Pascale et G\u00e9rard<\/h2>\n\n\n\n<p>Lors de cette\u00a0<strong>session d\u2019une heure<\/strong>, Pascale et G\u00e9rard ont pu b\u00e9n\u00e9ficier d\u2019un enseignement personnalis\u00e9 et concentr\u00e9 sur la technique et la pr\u00e9cision des mouvements. Le cours a \u00e9t\u00e9 dispens\u00e9 dans une ambiance motivante et bienveillante, parfaite pour progresser rapidement.<\/p>\n\n\n\n<h2 class=\"wp-block-heading\" id=\"h-figures-travaillees-pendant-le-cours\">Figures travaill\u00e9es pendant le cours<\/h2>\n\n\n\n<p>Durant cette s\u00e9ance, les participants ont travaill\u00e9 plusieurs figures cl\u00e9s du Paso Doble :<\/p>\n\n\n\n<ul class=\"wp-block-list\">\n<li><strong>Fallaway Whisk &amp; Promenade Closed<\/strong><\/li>\n\n\n\n<li><strong>Promenade<\/strong><\/li>\n\n\n\n<li><strong>Attack and Chasses to Right<\/strong><\/li>\n<\/ul>\n\n\n\n<p>Ces figures permettent de d\u00e9velopper le sens du rythme, la pr\u00e9cision des d\u00e9placements et la coordination entre le cavalier et la cavali\u00e8re.<\/p>\n\n\n\n<h2 class=\"wp-block-heading\" id=\"h-cours-particuliers-pour-debutants-avec-vp-danses\">Cours particuliers pour d\u00e9butants avec VP DANSES<\/h2>\n\n\n\n<p>Vous souhaitez d\u00e9couvrir les&nbsp;<strong>Danses Latines<\/strong>&nbsp;ou les&nbsp;<strong>Danses Standard<\/strong>&nbsp;comme la Valse, le Cha-Cha ou le Paso Doble ?<br><strong>VP DANSES<\/strong>&nbsp;propose des&nbsp;<strong>cours particuliers pour d\u00e9butants<\/strong>, personnalis\u00e9s selon votre niveau et vos objectifs.<\/p>\n\n\n\n<p>Chaque s\u00e9ance est con\u00e7ue pour :<\/p>\n\n\n\n<ul class=\"wp-block-list\">\n<li>Apprendre les bases de la Danse Sportive<\/li>\n\n\n\n<li>Renforcer la technique et la posture<\/li>\n\n\n\n<li>Prendre confiance sur la piste de danse<\/li>\n<\/ul>\n\n\n\n<p><strong><a href=\"https:\/\/vpdanses.fr\/home\/bienvenue-chez-vp-danses-hazebrouck\/formulaire-de-contact\/\">Contactez-nous d\u00e8s maintenant<\/a><\/strong>\u00a0pour r\u00e9server votre cours particulier \u00e0 Isbergues ou dans les environs du Pas-de-Calais.<\/p>\n\n\n\n<h2 class=\"wp-block-heading\" id=\"h-danse-sportive-dans-les-hauts-de-france-et-ecoles-affiliees-ffdanse\">Danse Sportive dans les Hauts-de-France et \u00e9coles affili\u00e9es FFDanse<\/h2>\n\n\n\n<p>Dans les\u00a0<strong>Hauts-de-France<\/strong>, plusieurs \u00e9coles et associations proposent des cours de\u00a0<strong>Danse Sportive<\/strong>, toutes affili\u00e9es \u00e0 la\u00a0<strong><a href=\"https:\/\/www.ffdanse.fr\" target=\"_blank\" rel=\"noreferrer noopener\">FFDanse<\/a><\/strong>.<br>Parmi elles, on retrouve l\u2019\u00e9cole de notre professeur\u00a0<strong><a href=\"https:\/\/www.facebook.com\/sven.balcerzak\">Sven Balcerzak<\/a> : <a href=\"https:\/\/www.facebook.com\/AscendanceCreativDanse\" target=\"_blank\" rel=\"noreferrer noopener\">ASCENDANCE CREATIV\u2019DANSE<\/a><\/strong>, reconnue pour son expertise en\u00a0<strong>Danses Latines et Standard<\/strong>.<\/p>\n\n\n\n<p>Ces structures permettent aux danseurs de pratiquer dans un cadre s\u00e9rieux et encadr\u00e9, et de participer \u00e0 des comp\u00e9titions ou d\u00e9monstrations r\u00e9gionales.<\/p>\n\n\n\n<h2 class=\"wp-block-heading\" id=\"h-comment-reserver-votre-cours-particulier\">Comment r\u00e9server votre cours particulier<\/h2>\n\n\n\n<p>Que vous soyez d\u00e9butant ou que vous souhaitiez perfectionner vos bases,&nbsp;<strong>VP DANSES<\/strong>&nbsp;vous accompagne pour progresser dans la bonne humeur et en toute s\u00e9curit\u00e9.<\/p>\n\n\n\n<p>Pour r\u00e9server :<\/p>\n\n\n\n<ul class=\"wp-block-list\">\n<li>Envoyez-nous un email \u00e0\u00a0<a href=\"mailto: contact@vpdanses.fr\">contact@vpdanses.fr<\/a><\/li>\n\n\n\n<li>Appelez-nous au\u00a0<strong>07. 68. 47 .76. 67<\/strong><\/li>\n\n\n\n<li>Ou utilisez le <a href=\"https:\/\/vpdanses.fr\/home\/bienvenue-chez-vp-danses-hazebrouck\/formulaire-de-contact\/\" target=\"_blank\" rel=\"noreferrer noopener\">formulaire de r\u00e9servation<\/a> disponible sur notre site WordPress<\/li>\n<\/ul>\n\n\n<div class=\"wp-block-visual-portfolio alignwide\">\n<div class=\"vp-portfolio vp-uid-da855686 vp-id-Z1AGcp7\"\n\tdata-vp-layout=\"tiles\" data-vp-content-source=\"images\" data-vp-items-style=\"fly\" data-vp-items-click-action=\"popup_gallery\" data-vp-items-gap=\"15\" data-vp-items-gap-vertical=\"\" data-vp-pagination=\"load-more\" data-vp-next-page-url=\"\" data-vp-tiles-type=\"3|1,1|\" >\n\t<div class=\"vp-portfolio__preloader-wrap\">\n\t\t<div class=\"vp-portfolio__preloader\">\n\t\t\t<img decoding=\"async\" loading=\"eager\" src=\"https:\/\/vpdanses.fr\/wp-content\/plugins\/visual-portfolio\/assets\/images\/logo-dark.svg\" alt=\"Visual Portfolio, Posts &amp; Image Gallery for WordPress\" width=\"20\" height=\"20\" data-skip-lazy>\n\t\t<\/div>\n\t<\/div>\n\t\t<div class=\"vp-portfolio__items-wrap\">\n\t\t\t\n<div class=\"vp-portfolio__items vp-portfolio__items-style-fly vp-portfolio__items-show-overlay-hover\">\n\n\t\t<div\t\tclass=\"vp-portfolio__item-wrap vp-portfolio__item-uid-8d6b9f04\" data-vp-filter=\"\" \t\t>\n\t\t\t<template class=\"vp-portfolio__item-popup\" data-vp-popup-img=\"https:\/\/vpdanses.fr\/wp-content\/uploads\/2025\/12\/pascale-gerard-choregraphie-paso-doble-isbergues-vp-danses-1.jpg\" data-vp-popup-img-srcset=\"https:\/\/vpdanses.fr\/wp-content\/uploads\/2025\/12\/pascale-gerard-choregraphie-paso-doble-isbergues-vp-danses-1.jpg 1200w, https:\/\/vpdanses.fr\/wp-content\/uploads\/2025\/12\/pascale-gerard-choregraphie-paso-doble-isbergues-vp-danses-1-300x258.jpg 300w, https:\/\/vpdanses.fr\/wp-content\/uploads\/2025\/12\/pascale-gerard-choregraphie-paso-doble-isbergues-vp-danses-1-1024x881.jpg 1024w, https:\/\/vpdanses.fr\/wp-content\/uploads\/2025\/12\/pascale-gerard-choregraphie-paso-doble-isbergues-vp-danses-1-768x661.jpg 768w, https:\/\/vpdanses.fr\/wp-content\/uploads\/2025\/12\/pascale-gerard-choregraphie-paso-doble-isbergues-vp-danses-1-500x430.jpg 500w, https:\/\/vpdanses.fr\/wp-content\/uploads\/2025\/12\/pascale-gerard-choregraphie-paso-doble-isbergues-vp-danses-1-800x689.jpg 800w\" data-vp-popup-img-size=\"1200x1033\" data-vp-popup-md-img=\"https:\/\/vpdanses.fr\/wp-content\/uploads\/2025\/12\/pascale-gerard-choregraphie-paso-doble-isbergues-vp-danses-1-800x689.jpg\" data-vp-popup-md-img-size=\"800x689\" data-vp-popup-sm-img=\"https:\/\/vpdanses.fr\/wp-content\/uploads\/2025\/12\/pascale-gerard-choregraphie-paso-doble-isbergues-vp-danses-1-500x430.jpg\" data-vp-popup-sm-img-size=\"500x430\">\n\t\t\t<h3 class=\"vp-portfolio__item-popup-title\">Chor\u00e9graphie de Paso Doble \u2013 Pascale et G\u00e9rard \u2013 VP DANSES<\/h3>\n\t\t\t\t<div class=\"vp-portfolio__item-popup-description\">Photo prise lors du cours particulier de Danse Sportive du 30 novembre 2025 \u00e0 Isbergues. Pascale et G\u00e9rard pr\u00e9sentent leur chor\u00e9graphie actuelle de Paso Doble, travaill\u00e9e avec VP DANSES dans le cadre d\u2019un programme d\u00e9butants en Danses Latines et Standard.<\/div>\n\t\t<\/template>\n\t\t\t\t\t\t<figure class=\"vp-portfolio__item\">\n\t\t\t\t\n<div class=\"vp-portfolio__item-img-wrap\">\n\t<div class=\"vp-portfolio__item-img\">\n\t\t\t<a\n\t\thref=\"https:\/\/vpdanses.fr\/wp-content\/uploads\/2025\/12\/pascale-gerard-choregraphie-paso-doble-isbergues-vp-danses-1.jpg\"\n\t\t\t>\n\t\n\t\t<noscript><img loading=\"lazy\" decoding=\"async\" width=\"1200\" height=\"1033\" data-skip-lazy src=\"https:\/\/vpdanses.fr\/wp-content\/uploads\/2025\/12\/pascale-gerard-choregraphie-paso-doble-isbergues-vp-danses-1.jpg\" class=\"wp-image-14673\" alt=\"Pascale et G\u00e9rard dansent sur leur chor\u00e9graphie actuelle de Paso Doble pendant un cours particulier VP DANSES \u00e0 Isbergues.\" srcset=\"https:\/\/vpdanses.fr\/wp-content\/uploads\/2025\/12\/pascale-gerard-choregraphie-paso-doble-isbergues-vp-danses-1.jpg 1200w, https:\/\/vpdanses.fr\/wp-content\/uploads\/2025\/12\/pascale-gerard-choregraphie-paso-doble-isbergues-vp-danses-1-300x258.jpg 300w, https:\/\/vpdanses.fr\/wp-content\/uploads\/2025\/12\/pascale-gerard-choregraphie-paso-doble-isbergues-vp-danses-1-1024x881.jpg 1024w, https:\/\/vpdanses.fr\/wp-content\/uploads\/2025\/12\/pascale-gerard-choregraphie-paso-doble-isbergues-vp-danses-1-768x661.jpg 768w, https:\/\/vpdanses.fr\/wp-content\/uploads\/2025\/12\/pascale-gerard-choregraphie-paso-doble-isbergues-vp-danses-1-500x430.jpg 500w, https:\/\/vpdanses.fr\/wp-content\/uploads\/2025\/12\/pascale-gerard-choregraphie-paso-doble-isbergues-vp-danses-1-800x689.jpg 800w\" sizes=\"auto, (max-width: 1200px) 100vw, 1200px\" \/><\/noscript><img fetchpriority=\"high\" decoding=\"async\" width=\"1200\" height=\"1033\" src=\"https:\/\/vpdanses.fr\/wp-content\/uploads\/2025\/12\/pascale-gerard-choregraphie-paso-doble-isbergues-vp-danses-1.jpg\" class=\"wp-image-14673 vp-lazyload\" alt=\"Pascale et G\u00e9rard dansent sur leur chor\u00e9graphie actuelle de Paso Doble pendant un cours particulier VP DANSES \u00e0 Isbergues.\" srcset=\"data:image\/svg+xml;base64,PHN2ZyB3aWR0aD0iMTIwMCIgaGVpZ2h0PSIxMDMzIiB2aWV3Qm94PSIwIDAgMTIwMCAxMDMzIiBmaWxsPSJub25lIiB4bWxucz0iaHR0cDovL3d3dy53My5vcmcvMjAwMC9zdmciPjwvc3ZnPg==\" data-src=\"https:\/\/vpdanses.fr\/wp-content\/uploads\/2025\/12\/pascale-gerard-choregraphie-paso-doble-isbergues-vp-danses-1.jpg\" data-srcset=\"https:\/\/vpdanses.fr\/wp-content\/uploads\/2025\/12\/pascale-gerard-choregraphie-paso-doble-isbergues-vp-danses-1.jpg 1200w, https:\/\/vpdanses.fr\/wp-content\/uploads\/2025\/12\/pascale-gerard-choregraphie-paso-doble-isbergues-vp-danses-1-300x258.jpg 300w, https:\/\/vpdanses.fr\/wp-content\/uploads\/2025\/12\/pascale-gerard-choregraphie-paso-doble-isbergues-vp-danses-1-1024x881.jpg 1024w, https:\/\/vpdanses.fr\/wp-content\/uploads\/2025\/12\/pascale-gerard-choregraphie-paso-doble-isbergues-vp-danses-1-768x661.jpg 768w, https:\/\/vpdanses.fr\/wp-content\/uploads\/2025\/12\/pascale-gerard-choregraphie-paso-doble-isbergues-vp-danses-1-500x430.jpg 500w, https:\/\/vpdanses.fr\/wp-content\/uploads\/2025\/12\/pascale-gerard-choregraphie-paso-doble-isbergues-vp-danses-1-800x689.jpg 800w\" data-sizes=\"auto\" loading=\"eager\">\n\t\t<\/a>\t<\/div>\n<\/div>\n\t<figcaption class=\"vp-portfolio__item-overlay vp-portfolio__item-overlay-text-align-center\">\n\t\t<div class=\"vp-portfolio__item-meta-wrap vp-portfolio__custom-scrollbar\">\n\t\t\t\t<a\n\t\thref=\"https:\/\/vpdanses.fr\/wp-content\/uploads\/2025\/12\/pascale-gerard-choregraphie-paso-doble-isbergues-vp-danses-1.jpg\"\n\t\ttabindex=\"-1\" class=\"vp-portfolio__item-meta\" \t>\n\t\n<h2 class=\"vp-portfolio__item-meta-title\">\n\tChor\u00e9graphie de Paso Doble \u2013 Pascale et G\u00e9rard \u2013 VP DANSES<\/h2>\n<\/a>\t\t<\/div>\n\t<\/figcaption>\n\t\t\t<\/figure>\n\t\t\t\t\t<\/div>\n\t\t\n\t\t<div\t\tclass=\"vp-portfolio__item-wrap vp-portfolio__item-uid-d853d902\" data-vp-filter=\"\" \t\t>\n\t\t\t<template class=\"vp-portfolio__item-popup\" data-vp-popup-img=\"https:\/\/vpdanses.fr\/wp-content\/uploads\/2025\/12\/pascale-gerard-attack-chasses-right-paso-doble-isbergues-vp-danses.jpg\" data-vp-popup-img-srcset=\"https:\/\/vpdanses.fr\/wp-content\/uploads\/2025\/12\/pascale-gerard-attack-chasses-right-paso-doble-isbergues-vp-danses.jpg 1200w, https:\/\/vpdanses.fr\/wp-content\/uploads\/2025\/12\/pascale-gerard-attack-chasses-right-paso-doble-isbergues-vp-danses-300x195.jpg 300w, https:\/\/vpdanses.fr\/wp-content\/uploads\/2025\/12\/pascale-gerard-attack-chasses-right-paso-doble-isbergues-vp-danses-1024x665.jpg 1024w, https:\/\/vpdanses.fr\/wp-content\/uploads\/2025\/12\/pascale-gerard-attack-chasses-right-paso-doble-isbergues-vp-danses-768x499.jpg 768w, https:\/\/vpdanses.fr\/wp-content\/uploads\/2025\/12\/pascale-gerard-attack-chasses-right-paso-doble-isbergues-vp-danses-500x325.jpg 500w, https:\/\/vpdanses.fr\/wp-content\/uploads\/2025\/12\/pascale-gerard-attack-chasses-right-paso-doble-isbergues-vp-danses-800x519.jpg 800w\" data-vp-popup-img-size=\"1200x779\" data-vp-popup-md-img=\"https:\/\/vpdanses.fr\/wp-content\/uploads\/2025\/12\/pascale-gerard-attack-chasses-right-paso-doble-isbergues-vp-danses-800x519.jpg\" data-vp-popup-md-img-size=\"800x519\" data-vp-popup-sm-img=\"https:\/\/vpdanses.fr\/wp-content\/uploads\/2025\/12\/pascale-gerard-attack-chasses-right-paso-doble-isbergues-vp-danses-500x325.jpg\" data-vp-popup-sm-img-size=\"500x325\">\n\t\t\t<h3 class=\"vp-portfolio__item-popup-title\">Paso Doble \u2013 Attack and Chasses to Right \u2013 Pascale et G\u00e9rard<\/h3>\n\t\t\t\t<div class=\"vp-portfolio__item-popup-description\">Photo captur\u00e9e durant le cours particulier de Danse Sportive du 30 novembre 2025 \u00e0 Isbergues. Pascale et G\u00e9rard y ex\u00e9cutent la figure de Paso Doble \u201cAttack and Chasses to Right\u201d, l\u2019une des variations travaill\u00e9es avec VP DANSES dans le cadre de leur progression en Danses Latines.<\/div>\n\t\t<\/template>\n\t\t\t\t\t\t<figure class=\"vp-portfolio__item\">\n\t\t\t\t\n<div class=\"vp-portfolio__item-img-wrap\">\n\t<div class=\"vp-portfolio__item-img\">\n\t\t\t<a\n\t\thref=\"https:\/\/vpdanses.fr\/wp-content\/uploads\/2025\/12\/pascale-gerard-attack-chasses-right-paso-doble-isbergues-vp-danses.jpg\"\n\t\t\t>\n\t\n\t\t<noscript><img loading=\"lazy\" decoding=\"async\" width=\"1200\" height=\"779\" data-skip-lazy src=\"https:\/\/vpdanses.fr\/wp-content\/uploads\/2025\/12\/pascale-gerard-attack-chasses-right-paso-doble-isbergues-vp-danses.jpg\" class=\"wp-image-14674\" alt=\"Pascale et G\u00e9rard travaillent la figure Attack and Chasses to Right en Paso Doble lors d\u2019un cours particulier VP DANSES \u00e0 Isbergues.\" srcset=\"https:\/\/vpdanses.fr\/wp-content\/uploads\/2025\/12\/pascale-gerard-attack-chasses-right-paso-doble-isbergues-vp-danses.jpg 1200w, https:\/\/vpdanses.fr\/wp-content\/uploads\/2025\/12\/pascale-gerard-attack-chasses-right-paso-doble-isbergues-vp-danses-300x195.jpg 300w, https:\/\/vpdanses.fr\/wp-content\/uploads\/2025\/12\/pascale-gerard-attack-chasses-right-paso-doble-isbergues-vp-danses-1024x665.jpg 1024w, https:\/\/vpdanses.fr\/wp-content\/uploads\/2025\/12\/pascale-gerard-attack-chasses-right-paso-doble-isbergues-vp-danses-768x499.jpg 768w, https:\/\/vpdanses.fr\/wp-content\/uploads\/2025\/12\/pascale-gerard-attack-chasses-right-paso-doble-isbergues-vp-danses-500x325.jpg 500w, https:\/\/vpdanses.fr\/wp-content\/uploads\/2025\/12\/pascale-gerard-attack-chasses-right-paso-doble-isbergues-vp-danses-800x519.jpg 800w\" sizes=\"auto, (max-width: 1200px) 100vw, 1200px\" \/><\/noscript><img decoding=\"async\" width=\"1200\" height=\"779\" src=\"https:\/\/vpdanses.fr\/wp-content\/uploads\/2025\/12\/pascale-gerard-attack-chasses-right-paso-doble-isbergues-vp-danses.jpg\" class=\"wp-image-14674 vp-lazyload\" alt=\"Pascale et G\u00e9rard travaillent la figure Attack and Chasses to Right en Paso Doble lors d\u2019un cours particulier VP DANSES \u00e0 Isbergues.\" srcset=\"data:image\/svg+xml;base64,PHN2ZyB3aWR0aD0iMTIwMCIgaGVpZ2h0PSI3NzkiIHZpZXdCb3g9IjAgMCAxMjAwIDc3OSIgZmlsbD0ibm9uZSIgeG1sbnM9Imh0dHA6Ly93d3cudzMub3JnLzIwMDAvc3ZnIj48L3N2Zz4=\" data-src=\"https:\/\/vpdanses.fr\/wp-content\/uploads\/2025\/12\/pascale-gerard-attack-chasses-right-paso-doble-isbergues-vp-danses.jpg\" data-srcset=\"https:\/\/vpdanses.fr\/wp-content\/uploads\/2025\/12\/pascale-gerard-attack-chasses-right-paso-doble-isbergues-vp-danses.jpg 1200w, https:\/\/vpdanses.fr\/wp-content\/uploads\/2025\/12\/pascale-gerard-attack-chasses-right-paso-doble-isbergues-vp-danses-300x195.jpg 300w, https:\/\/vpdanses.fr\/wp-content\/uploads\/2025\/12\/pascale-gerard-attack-chasses-right-paso-doble-isbergues-vp-danses-1024x665.jpg 1024w, https:\/\/vpdanses.fr\/wp-content\/uploads\/2025\/12\/pascale-gerard-attack-chasses-right-paso-doble-isbergues-vp-danses-768x499.jpg 768w, https:\/\/vpdanses.fr\/wp-content\/uploads\/2025\/12\/pascale-gerard-attack-chasses-right-paso-doble-isbergues-vp-danses-500x325.jpg 500w, https:\/\/vpdanses.fr\/wp-content\/uploads\/2025\/12\/pascale-gerard-attack-chasses-right-paso-doble-isbergues-vp-danses-800x519.jpg 800w\" data-sizes=\"auto\" loading=\"eager\">\n\t\t<\/a>\t<\/div>\n<\/div>\n\t<figcaption class=\"vp-portfolio__item-overlay vp-portfolio__item-overlay-text-align-center\">\n\t\t<div class=\"vp-portfolio__item-meta-wrap vp-portfolio__custom-scrollbar\">\n\t\t\t\t<a\n\t\thref=\"https:\/\/vpdanses.fr\/wp-content\/uploads\/2025\/12\/pascale-gerard-attack-chasses-right-paso-doble-isbergues-vp-danses.jpg\"\n\t\ttabindex=\"-1\" class=\"vp-portfolio__item-meta\" \t>\n\t\n<h2 class=\"vp-portfolio__item-meta-title\">\n\tPaso Doble \u2013 Attack and Chasses to Right \u2013 Pascale et G\u00e9rard<\/h2>\n<\/a>\t\t<\/div>\n\t<\/figcaption>\n\t\t\t<\/figure>\n\t\t\t\t\t<\/div>\n\t\t\n\t\t<div\t\tclass=\"vp-portfolio__item-wrap vp-portfolio__item-uid-29c09b3a\" data-vp-filter=\"\" \t\t>\n\t\t\t<template class=\"vp-portfolio__item-popup\" data-vp-popup-img=\"https:\/\/vpdanses.fr\/wp-content\/uploads\/2025\/12\/pascale-gerard-promenade-closed-paso-doble-isbergues-vp-danses.jpg\" data-vp-popup-img-srcset=\"https:\/\/vpdanses.fr\/wp-content\/uploads\/2025\/12\/pascale-gerard-promenade-closed-paso-doble-isbergues-vp-danses.jpg 1200w, https:\/\/vpdanses.fr\/wp-content\/uploads\/2025\/12\/pascale-gerard-promenade-closed-paso-doble-isbergues-vp-danses-300x224.jpg 300w, https:\/\/vpdanses.fr\/wp-content\/uploads\/2025\/12\/pascale-gerard-promenade-closed-paso-doble-isbergues-vp-danses-1024x764.jpg 1024w, https:\/\/vpdanses.fr\/wp-content\/uploads\/2025\/12\/pascale-gerard-promenade-closed-paso-doble-isbergues-vp-danses-768x573.jpg 768w, https:\/\/vpdanses.fr\/wp-content\/uploads\/2025\/12\/pascale-gerard-promenade-closed-paso-doble-isbergues-vp-danses-500x373.jpg 500w, https:\/\/vpdanses.fr\/wp-content\/uploads\/2025\/12\/pascale-gerard-promenade-closed-paso-doble-isbergues-vp-danses-800x597.jpg 800w\" data-vp-popup-img-size=\"1200x895\" data-vp-popup-md-img=\"https:\/\/vpdanses.fr\/wp-content\/uploads\/2025\/12\/pascale-gerard-promenade-closed-paso-doble-isbergues-vp-danses-800x597.jpg\" data-vp-popup-md-img-size=\"800x597\" data-vp-popup-sm-img=\"https:\/\/vpdanses.fr\/wp-content\/uploads\/2025\/12\/pascale-gerard-promenade-closed-paso-doble-isbergues-vp-danses-500x373.jpg\" data-vp-popup-sm-img-size=\"500x373\">\n\t\t\t<h3 class=\"vp-portfolio__item-popup-title\">Paso Doble \u2013 Promenade Closed \u2013 Pascale et G\u00e9rard<\/h3>\n\t\t<\/template>\n\t\t\t\t\t\t<figure class=\"vp-portfolio__item\">\n\t\t\t\t\n<div class=\"vp-portfolio__item-img-wrap\">\n\t<div class=\"vp-portfolio__item-img\">\n\t\t\t<a\n\t\thref=\"https:\/\/vpdanses.fr\/wp-content\/uploads\/2025\/12\/pascale-gerard-promenade-closed-paso-doble-isbergues-vp-danses.jpg\"\n\t\t\t>\n\t\n\t\t<noscript><img loading=\"lazy\" decoding=\"async\" width=\"1200\" height=\"895\" data-skip-lazy src=\"https:\/\/vpdanses.fr\/wp-content\/uploads\/2025\/12\/pascale-gerard-promenade-closed-paso-doble-isbergues-vp-danses.jpg\" class=\"wp-image-14675\" alt=\"Pascale et G\u00e9rard travaillent la figure Promenade Closed en Paso Doble lors d\u2019un cours particulier VP DANSES \u00e0 Isbergues.\" srcset=\"https:\/\/vpdanses.fr\/wp-content\/uploads\/2025\/12\/pascale-gerard-promenade-closed-paso-doble-isbergues-vp-danses.jpg 1200w, https:\/\/vpdanses.fr\/wp-content\/uploads\/2025\/12\/pascale-gerard-promenade-closed-paso-doble-isbergues-vp-danses-300x224.jpg 300w, https:\/\/vpdanses.fr\/wp-content\/uploads\/2025\/12\/pascale-gerard-promenade-closed-paso-doble-isbergues-vp-danses-1024x764.jpg 1024w, https:\/\/vpdanses.fr\/wp-content\/uploads\/2025\/12\/pascale-gerard-promenade-closed-paso-doble-isbergues-vp-danses-768x573.jpg 768w, https:\/\/vpdanses.fr\/wp-content\/uploads\/2025\/12\/pascale-gerard-promenade-closed-paso-doble-isbergues-vp-danses-500x373.jpg 500w, https:\/\/vpdanses.fr\/wp-content\/uploads\/2025\/12\/pascale-gerard-promenade-closed-paso-doble-isbergues-vp-danses-800x597.jpg 800w\" sizes=\"auto, (max-width: 1200px) 100vw, 1200px\" \/><\/noscript><img decoding=\"async\" width=\"1200\" height=\"895\" src=\"https:\/\/vpdanses.fr\/wp-content\/uploads\/2025\/12\/pascale-gerard-promenade-closed-paso-doble-isbergues-vp-danses.jpg\" class=\"wp-image-14675 vp-lazyload\" alt=\"Pascale et G\u00e9rard travaillent la figure Promenade Closed en Paso Doble lors d\u2019un cours particulier VP DANSES \u00e0 Isbergues.\" srcset=\"data:image\/svg+xml;base64,PHN2ZyB3aWR0aD0iMTIwMCIgaGVpZ2h0PSI4OTUiIHZpZXdCb3g9IjAgMCAxMjAwIDg5NSIgZmlsbD0ibm9uZSIgeG1sbnM9Imh0dHA6Ly93d3cudzMub3JnLzIwMDAvc3ZnIj48L3N2Zz4=\" data-src=\"https:\/\/vpdanses.fr\/wp-content\/uploads\/2025\/12\/pascale-gerard-promenade-closed-paso-doble-isbergues-vp-danses.jpg\" data-srcset=\"https:\/\/vpdanses.fr\/wp-content\/uploads\/2025\/12\/pascale-gerard-promenade-closed-paso-doble-isbergues-vp-danses.jpg 1200w, https:\/\/vpdanses.fr\/wp-content\/uploads\/2025\/12\/pascale-gerard-promenade-closed-paso-doble-isbergues-vp-danses-300x224.jpg 300w, https:\/\/vpdanses.fr\/wp-content\/uploads\/2025\/12\/pascale-gerard-promenade-closed-paso-doble-isbergues-vp-danses-1024x764.jpg 1024w, https:\/\/vpdanses.fr\/wp-content\/uploads\/2025\/12\/pascale-gerard-promenade-closed-paso-doble-isbergues-vp-danses-768x573.jpg 768w, https:\/\/vpdanses.fr\/wp-content\/uploads\/2025\/12\/pascale-gerard-promenade-closed-paso-doble-isbergues-vp-danses-500x373.jpg 500w, https:\/\/vpdanses.fr\/wp-content\/uploads\/2025\/12\/pascale-gerard-promenade-closed-paso-doble-isbergues-vp-danses-800x597.jpg 800w\" data-sizes=\"auto\" loading=\"eager\">\n\t\t<\/a>\t<\/div>\n<\/div>\n\t<figcaption class=\"vp-portfolio__item-overlay vp-portfolio__item-overlay-text-align-center\">\n\t\t<div class=\"vp-portfolio__item-meta-wrap vp-portfolio__custom-scrollbar\">\n\t\t\t\t<a\n\t\thref=\"https:\/\/vpdanses.fr\/wp-content\/uploads\/2025\/12\/pascale-gerard-promenade-closed-paso-doble-isbergues-vp-danses.jpg\"\n\t\ttabindex=\"-1\" class=\"vp-portfolio__item-meta\" \t>\n\t\n<h2 class=\"vp-portfolio__item-meta-title\">\n\tPaso Doble \u2013 Promenade Closed \u2013 Pascale et G\u00e9rard<\/h2>\n<\/a>\t\t<\/div>\n\t<\/figcaption>\n\t\t\t<\/figure>\n\t\t\t\t\t<\/div>\n\t\t\n\t\t<div\t\tclass=\"vp-portfolio__item-wrap vp-portfolio__item-uid-7b951925\" data-vp-filter=\"\" \t\t>\n\t\t\t<template class=\"vp-portfolio__item-popup\" data-vp-popup-img=\"https:\/\/vpdanses.fr\/wp-content\/uploads\/2025\/12\/pascale-gerard-fallaway-whisk-paso-doble-isbergues-vp-danses.jpg\" data-vp-popup-img-srcset=\"https:\/\/vpdanses.fr\/wp-content\/uploads\/2025\/12\/pascale-gerard-fallaway-whisk-paso-doble-isbergues-vp-danses.jpg 1200w, https:\/\/vpdanses.fr\/wp-content\/uploads\/2025\/12\/pascale-gerard-fallaway-whisk-paso-doble-isbergues-vp-danses-300x204.jpg 300w, https:\/\/vpdanses.fr\/wp-content\/uploads\/2025\/12\/pascale-gerard-fallaway-whisk-paso-doble-isbergues-vp-danses-1024x695.jpg 1024w, https:\/\/vpdanses.fr\/wp-content\/uploads\/2025\/12\/pascale-gerard-fallaway-whisk-paso-doble-isbergues-vp-danses-768x521.jpg 768w, https:\/\/vpdanses.fr\/wp-content\/uploads\/2025\/12\/pascale-gerard-fallaway-whisk-paso-doble-isbergues-vp-danses-500x339.jpg 500w, https:\/\/vpdanses.fr\/wp-content\/uploads\/2025\/12\/pascale-gerard-fallaway-whisk-paso-doble-isbergues-vp-danses-800x543.jpg 800w\" data-vp-popup-img-size=\"1200x814\" data-vp-popup-md-img=\"https:\/\/vpdanses.fr\/wp-content\/uploads\/2025\/12\/pascale-gerard-fallaway-whisk-paso-doble-isbergues-vp-danses-800x543.jpg\" data-vp-popup-md-img-size=\"800x543\" data-vp-popup-sm-img=\"https:\/\/vpdanses.fr\/wp-content\/uploads\/2025\/12\/pascale-gerard-fallaway-whisk-paso-doble-isbergues-vp-danses-500x339.jpg\" data-vp-popup-sm-img-size=\"500x339\">\n\t\t\t<h3 class=\"vp-portfolio__item-popup-title\">Paso Doble \u2013 Fallaway Whisk \u2013 Pascale et G\u00e9rard<\/h3>\n\t\t<\/template>\n\t\t\t\t\t\t<figure class=\"vp-portfolio__item\">\n\t\t\t\t\n<div class=\"vp-portfolio__item-img-wrap\">\n\t<div class=\"vp-portfolio__item-img\">\n\t\t\t<a\n\t\thref=\"https:\/\/vpdanses.fr\/wp-content\/uploads\/2025\/12\/pascale-gerard-fallaway-whisk-paso-doble-isbergues-vp-danses.jpg\"\n\t\t\t>\n\t\n\t\t<noscript><img loading=\"lazy\" decoding=\"async\" width=\"1200\" height=\"814\" data-skip-lazy src=\"https:\/\/vpdanses.fr\/wp-content\/uploads\/2025\/12\/pascale-gerard-fallaway-whisk-paso-doble-isbergues-vp-danses.jpg\" class=\"wp-image-14676\" alt=\"Pascale et G\u00e9rard travaillent la figure Fallaway Whisk en Paso Doble lors d\u2019un cours particulier VP DANSES \u00e0 Isbergues.\" srcset=\"https:\/\/vpdanses.fr\/wp-content\/uploads\/2025\/12\/pascale-gerard-fallaway-whisk-paso-doble-isbergues-vp-danses.jpg 1200w, https:\/\/vpdanses.fr\/wp-content\/uploads\/2025\/12\/pascale-gerard-fallaway-whisk-paso-doble-isbergues-vp-danses-300x204.jpg 300w, https:\/\/vpdanses.fr\/wp-content\/uploads\/2025\/12\/pascale-gerard-fallaway-whisk-paso-doble-isbergues-vp-danses-1024x695.jpg 1024w, https:\/\/vpdanses.fr\/wp-content\/uploads\/2025\/12\/pascale-gerard-fallaway-whisk-paso-doble-isbergues-vp-danses-768x521.jpg 768w, https:\/\/vpdanses.fr\/wp-content\/uploads\/2025\/12\/pascale-gerard-fallaway-whisk-paso-doble-isbergues-vp-danses-500x339.jpg 500w, https:\/\/vpdanses.fr\/wp-content\/uploads\/2025\/12\/pascale-gerard-fallaway-whisk-paso-doble-isbergues-vp-danses-800x543.jpg 800w\" sizes=\"auto, (max-width: 1200px) 100vw, 1200px\" \/><\/noscript><img decoding=\"async\" width=\"1200\" height=\"814\" src=\"https:\/\/vpdanses.fr\/wp-content\/uploads\/2025\/12\/pascale-gerard-fallaway-whisk-paso-doble-isbergues-vp-danses.jpg\" class=\"wp-image-14676 vp-lazyload\" alt=\"Pascale et G\u00e9rard travaillent la figure Fallaway Whisk en Paso Doble lors d\u2019un cours particulier VP DANSES \u00e0 Isbergues.\" srcset=\"data:image\/svg+xml;base64,PHN2ZyB3aWR0aD0iMTIwMCIgaGVpZ2h0PSI4MTQiIHZpZXdCb3g9IjAgMCAxMjAwIDgxNCIgZmlsbD0ibm9uZSIgeG1sbnM9Imh0dHA6Ly93d3cudzMub3JnLzIwMDAvc3ZnIj48L3N2Zz4=\" data-src=\"https:\/\/vpdanses.fr\/wp-content\/uploads\/2025\/12\/pascale-gerard-fallaway-whisk-paso-doble-isbergues-vp-danses.jpg\" data-srcset=\"https:\/\/vpdanses.fr\/wp-content\/uploads\/2025\/12\/pascale-gerard-fallaway-whisk-paso-doble-isbergues-vp-danses.jpg 1200w, https:\/\/vpdanses.fr\/wp-content\/uploads\/2025\/12\/pascale-gerard-fallaway-whisk-paso-doble-isbergues-vp-danses-300x204.jpg 300w, https:\/\/vpdanses.fr\/wp-content\/uploads\/2025\/12\/pascale-gerard-fallaway-whisk-paso-doble-isbergues-vp-danses-1024x695.jpg 1024w, https:\/\/vpdanses.fr\/wp-content\/uploads\/2025\/12\/pascale-gerard-fallaway-whisk-paso-doble-isbergues-vp-danses-768x521.jpg 768w, https:\/\/vpdanses.fr\/wp-content\/uploads\/2025\/12\/pascale-gerard-fallaway-whisk-paso-doble-isbergues-vp-danses-500x339.jpg 500w, https:\/\/vpdanses.fr\/wp-content\/uploads\/2025\/12\/pascale-gerard-fallaway-whisk-paso-doble-isbergues-vp-danses-800x543.jpg 800w\" data-sizes=\"auto\" loading=\"eager\">\n\t\t<\/a>\t<\/div>\n<\/div>\n\t<figcaption class=\"vp-portfolio__item-overlay vp-portfolio__item-overlay-text-align-center\">\n\t\t<div class=\"vp-portfolio__item-meta-wrap vp-portfolio__custom-scrollbar\">\n\t\t\t\t<a\n\t\thref=\"https:\/\/vpdanses.fr\/wp-content\/uploads\/2025\/12\/pascale-gerard-fallaway-whisk-paso-doble-isbergues-vp-danses.jpg\"\n\t\ttabindex=\"-1\" class=\"vp-portfolio__item-meta\" \t>\n\t\n<h2 class=\"vp-portfolio__item-meta-title\">\n\tPaso Doble \u2013 Fallaway Whisk \u2013 Pascale et G\u00e9rard<\/h2>\n<\/a>\t\t<\/div>\n\t<\/figcaption>\n\t\t\t<\/figure>\n\t\t\t\t\t<\/div>\n\t\t\n\t\t<div\t\tclass=\"vp-portfolio__item-wrap vp-portfolio__item-uid-1197190b\" data-vp-filter=\"\" \t\t>\n\t\t\t<template class=\"vp-portfolio__item-popup\" data-vp-popup-img=\"https:\/\/vpdanses.fr\/wp-content\/uploads\/2025\/12\/pascale-gerard-nouvelle-choregraphie-paso-doble-fallaway-whisk-promenade-attack-chasses-isbergues-vp-danses.jpg\" data-vp-popup-img-srcset=\"https:\/\/vpdanses.fr\/wp-content\/uploads\/2025\/12\/pascale-gerard-nouvelle-choregraphie-paso-doble-fallaway-whisk-promenade-attack-chasses-isbergues-vp-danses.jpg 1200w, https:\/\/vpdanses.fr\/wp-content\/uploads\/2025\/12\/pascale-gerard-nouvelle-choregraphie-paso-doble-fallaway-whisk-promenade-attack-chasses-isbergues-vp-danses-300x180.jpg 300w, https:\/\/vpdanses.fr\/wp-content\/uploads\/2025\/12\/pascale-gerard-nouvelle-choregraphie-paso-doble-fallaway-whisk-promenade-attack-chasses-isbergues-vp-danses-1024x615.jpg 1024w, https:\/\/vpdanses.fr\/wp-content\/uploads\/2025\/12\/pascale-gerard-nouvelle-choregraphie-paso-doble-fallaway-whisk-promenade-attack-chasses-isbergues-vp-danses-768x461.jpg 768w, https:\/\/vpdanses.fr\/wp-content\/uploads\/2025\/12\/pascale-gerard-nouvelle-choregraphie-paso-doble-fallaway-whisk-promenade-attack-chasses-isbergues-vp-danses-500x300.jpg 500w, https:\/\/vpdanses.fr\/wp-content\/uploads\/2025\/12\/pascale-gerard-nouvelle-choregraphie-paso-doble-fallaway-whisk-promenade-attack-chasses-isbergues-vp-danses-800x481.jpg 800w\" data-vp-popup-img-size=\"1200x721\" data-vp-popup-md-img=\"https:\/\/vpdanses.fr\/wp-content\/uploads\/2025\/12\/pascale-gerard-nouvelle-choregraphie-paso-doble-fallaway-whisk-promenade-attack-chasses-isbergues-vp-danses-800x481.jpg\" data-vp-popup-md-img-size=\"800x481\" data-vp-popup-sm-img=\"https:\/\/vpdanses.fr\/wp-content\/uploads\/2025\/12\/pascale-gerard-nouvelle-choregraphie-paso-doble-fallaway-whisk-promenade-attack-chasses-isbergues-vp-danses-500x300.jpg\" data-vp-popup-sm-img-size=\"500x300\">\n\t\t\t<h3 class=\"vp-portfolio__item-popup-title\">Paso Doble \u2013 Nouvelle chor\u00e9graphie \u2013 Pascale et G\u00e9rard<\/h3>\n\t\t\t\t<div class=\"vp-portfolio__item-popup-description\">Photo prise pendant le cours particulier de Danse Sportive du 30 novembre 2025 \u00e0 Isbergues. Pascale et G\u00e9rard interpr\u00e8tent la nouvelle chor\u00e9graphie de Paso Doble qu\u2019ils viennent d\u2019apprendre avec VP DANSES. La s\u00e9quence inclut les figures Fallaway Whisk &amp; Promenade Closed, Promenade, ainsi que Attack and Chasses to Right. Cette chor\u00e9graphie marque une nouvelle \u00e9tape dans leur progression en Danses Latines.<\/div>\n\t\t<\/template>\n\t\t\t\t\t\t<figure class=\"vp-portfolio__item\">\n\t\t\t\t\n<div class=\"vp-portfolio__item-img-wrap\">\n\t<div class=\"vp-portfolio__item-img\">\n\t\t\t<a\n\t\thref=\"https:\/\/vpdanses.fr\/wp-content\/uploads\/2025\/12\/pascale-gerard-nouvelle-choregraphie-paso-doble-fallaway-whisk-promenade-attack-chasses-isbergues-vp-danses.jpg\"\n\t\t\t>\n\t\n\t\t<noscript><img loading=\"lazy\" decoding=\"async\" width=\"1200\" height=\"721\" data-skip-lazy src=\"https:\/\/vpdanses.fr\/wp-content\/uploads\/2025\/12\/pascale-gerard-nouvelle-choregraphie-paso-doble-fallaway-whisk-promenade-attack-chasses-isbergues-vp-danses.jpg\" class=\"wp-image-14677\" alt=\"Pascale et G\u00e9rard dansent leur nouvelle chor\u00e9graphie de Paso Doble incluant Fallaway Whisk, Promenade Closed, Promenade ainsi que Attack and Chasses to Right lors d\u2019un cours VP DANSES \u00e0 Isbergues.\" srcset=\"https:\/\/vpdanses.fr\/wp-content\/uploads\/2025\/12\/pascale-gerard-nouvelle-choregraphie-paso-doble-fallaway-whisk-promenade-attack-chasses-isbergues-vp-danses.jpg 1200w, https:\/\/vpdanses.fr\/wp-content\/uploads\/2025\/12\/pascale-gerard-nouvelle-choregraphie-paso-doble-fallaway-whisk-promenade-attack-chasses-isbergues-vp-danses-300x180.jpg 300w, https:\/\/vpdanses.fr\/wp-content\/uploads\/2025\/12\/pascale-gerard-nouvelle-choregraphie-paso-doble-fallaway-whisk-promenade-attack-chasses-isbergues-vp-danses-1024x615.jpg 1024w, https:\/\/vpdanses.fr\/wp-content\/uploads\/2025\/12\/pascale-gerard-nouvelle-choregraphie-paso-doble-fallaway-whisk-promenade-attack-chasses-isbergues-vp-danses-768x461.jpg 768w, https:\/\/vpdanses.fr\/wp-content\/uploads\/2025\/12\/pascale-gerard-nouvelle-choregraphie-paso-doble-fallaway-whisk-promenade-attack-chasses-isbergues-vp-danses-500x300.jpg 500w, https:\/\/vpdanses.fr\/wp-content\/uploads\/2025\/12\/pascale-gerard-nouvelle-choregraphie-paso-doble-fallaway-whisk-promenade-attack-chasses-isbergues-vp-danses-800x481.jpg 800w\" sizes=\"auto, (max-width: 1200px) 100vw, 1200px\" \/><\/noscript><img decoding=\"async\" width=\"1200\" height=\"721\" src=\"https:\/\/vpdanses.fr\/wp-content\/uploads\/2025\/12\/pascale-gerard-nouvelle-choregraphie-paso-doble-fallaway-whisk-promenade-attack-chasses-isbergues-vp-danses.jpg\" class=\"wp-image-14677 vp-lazyload\" alt=\"Pascale et G\u00e9rard dansent leur nouvelle chor\u00e9graphie de Paso Doble incluant Fallaway Whisk, Promenade Closed, Promenade ainsi que Attack and Chasses to Right lors d\u2019un cours VP DANSES \u00e0 Isbergues.\" srcset=\"data:image\/svg+xml;base64,PHN2ZyB3aWR0aD0iMTIwMCIgaGVpZ2h0PSI3MjEiIHZpZXdCb3g9IjAgMCAxMjAwIDcyMSIgZmlsbD0ibm9uZSIgeG1sbnM9Imh0dHA6Ly93d3cudzMub3JnLzIwMDAvc3ZnIj48L3N2Zz4=\" data-src=\"https:\/\/vpdanses.fr\/wp-content\/uploads\/2025\/12\/pascale-gerard-nouvelle-choregraphie-paso-doble-fallaway-whisk-promenade-attack-chasses-isbergues-vp-danses.jpg\" data-srcset=\"https:\/\/vpdanses.fr\/wp-content\/uploads\/2025\/12\/pascale-gerard-nouvelle-choregraphie-paso-doble-fallaway-whisk-promenade-attack-chasses-isbergues-vp-danses.jpg 1200w, https:\/\/vpdanses.fr\/wp-content\/uploads\/2025\/12\/pascale-gerard-nouvelle-choregraphie-paso-doble-fallaway-whisk-promenade-attack-chasses-isbergues-vp-danses-300x180.jpg 300w, https:\/\/vpdanses.fr\/wp-content\/uploads\/2025\/12\/pascale-gerard-nouvelle-choregraphie-paso-doble-fallaway-whisk-promenade-attack-chasses-isbergues-vp-danses-1024x615.jpg 1024w, https:\/\/vpdanses.fr\/wp-content\/uploads\/2025\/12\/pascale-gerard-nouvelle-choregraphie-paso-doble-fallaway-whisk-promenade-attack-chasses-isbergues-vp-danses-768x461.jpg 768w, https:\/\/vpdanses.fr\/wp-content\/uploads\/2025\/12\/pascale-gerard-nouvelle-choregraphie-paso-doble-fallaway-whisk-promenade-attack-chasses-isbergues-vp-danses-500x300.jpg 500w, https:\/\/vpdanses.fr\/wp-content\/uploads\/2025\/12\/pascale-gerard-nouvelle-choregraphie-paso-doble-fallaway-whisk-promenade-attack-chasses-isbergues-vp-danses-800x481.jpg 800w\" data-sizes=\"auto\" loading=\"eager\">\n\t\t<\/a>\t<\/div>\n<\/div>\n\t<figcaption class=\"vp-portfolio__item-overlay vp-portfolio__item-overlay-text-align-center\">\n\t\t<div class=\"vp-portfolio__item-meta-wrap vp-portfolio__custom-scrollbar\">\n\t\t\t\t<a\n\t\thref=\"https:\/\/vpdanses.fr\/wp-content\/uploads\/2025\/12\/pascale-gerard-nouvelle-choregraphie-paso-doble-fallaway-whisk-promenade-attack-chasses-isbergues-vp-danses.jpg\"\n\t\ttabindex=\"-1\" class=\"vp-portfolio__item-meta\" \t>\n\t\n<h2 class=\"vp-portfolio__item-meta-title\">\n\tPaso Doble \u2013 Nouvelle chor\u00e9graphie \u2013 Pascale et G\u00e9rard<\/h2>\n<\/a>\t\t<\/div>\n\t<\/figcaption>\n\t\t\t<\/figure>\n\t\t\t\t\t<\/div>\n\t\t\n<\/div>\n\t\t<\/div>\n\t\t\n<\/div>\n<\/div>","protected":false},"excerpt":{"rendered":"<p>Ce samedi 30 novembre \u00e0 Isbergues, Pascale et G\u00e9rard ont suivi un cours particulier de Paso Doble avec VP DANSES. D\u00e9couvrez les figures travaill\u00e9es et comment r\u00e9server votre s\u00e9ance d\u00e9butants.<\/p>\n","protected":false},"author":1,"featured_media":14674,"comment_status":"closed","ping_status":"closed","sticky":false,"template":"","format":"standard","meta":{"_uag_custom_page_level_css":"","_price":"","_stock":"","_tribe_ticket_header":"","_tribe_default_ticket_provider":"","_tribe_ticket_capacity":"0","_ticket_start_date":"","_ticket_end_date":"","_tribe_ticket_show_description":"","_tribe_ticket_show_not_going":false,"_tribe_ticket_use_global_stock":"","_tribe_ticket_global_stock_level":"","_global_stock_mode":"","_global_stock_cap":"","_tribe_rsvp_for_event":"","_tribe_ticket_going_count":"","_tribe_ticket_not_going_count":"","_tribe_tickets_list":"[]","_tribe_ticket_has_attendee_info_fields":false,"_EventAllDay":false,"_EventTimezone":"","_EventStartDate":"","_EventEndDate":"","_EventStartDateUTC":"","_EventEndDateUTC":"","_EventShowMap":false,"_EventShowMapLink":false,"_EventURL":"","_EventCost":"","_EventCostDescription":"","_EventCurrencySymbol":"","_EventCurrencyCode":"","_EventCurrencyPosition":"","_EventDateTimeSeparator":"","_EventTimeRangeSeparator":"","_EventOrganizerID":[],"_EventVenueID":[],"_OrganizerEmail":"","_OrganizerPhone":"","_OrganizerWebsite":"","_VenueAddress":"","_VenueCity":"","_VenueCountry":"","_VenueProvince":"","_VenueState":"","_VenueZip":"","_VenuePhone":"","_VenueURL":"","_VenueStateProvince":"","_VenueLat":"","_VenueLng":"","_VenueShowMap":false,"_VenueShowMapLink":false,"_vp_format_video_url":"","_vp_image_focal_point":[],"_jetpack_memberships_contains_paid_content":false,"footnotes":""},"categories":[467,86,508,293,524,530],"tags":[537,532,533,531,400,534,507,536,535,96],"class_list":["post-14663","post","type-post","status-publish","format-standard","has-post-thumbnail","hentry","category-actualites-vp-danses","category-autour-dhazebrouck","category-cours-particuliers-de-danse","category-danse-sportive","category-danses-latines","category-paso-doble","tag-attack-and-chasses-to-right","tag-cours-particuliers-danse","tag-danse-en-nord","tag-danse-sportive-debutants","tag-danses-latines","tag-fallaway-whisk","tag-paso-doble","tag-promenade","tag-promenade-closed","tag-vp-danses"],"yoast_head":"<!-- This site is optimized with the Yoast SEO Premium plugin v25.6 (Yoast SEO v25.6) - https:\/\/yoast.com\/wordpress\/plugins\/seo\/ -->\n<title>Cours particulier de Paso Doble \u00e0 Isbergues \u2013 VP DANSES | Danse Sportive D\u00e9butants<\/title>\n<meta name=\"description\" content=\"Cours particulier de Paso Doble \u00e0 Isbergues avec VP DANSES. Session d\u00e9butants, Danses Latines et Standard. Contactez-nous pour apprendre la Danse Sportive !\" \/>\n<meta name=\"robots\" content=\"index, follow, max-snippet:-1, max-image-preview:large, max-video-preview:-1\" \/>\n<link rel=\"canonical\" href=\"https:\/\/vpdanses.fr\/home\/bienvenue-chez-vp-danses-hazebrouck\/cours-particulier-paso-doble-isbergues-vp-danses\/\" \/>\n<meta property=\"og:locale\" content=\"fr_FR\" \/>\n<meta property=\"og:type\" content=\"article\" \/>\n<meta property=\"og:title\" content=\"Paso Doble \u00e0 Isbergues : Cours particulier avec VP DANSES \u2013 Niveau D\u00e9butants\" \/>\n<meta property=\"og:description\" content=\"D\u00e9couvrez le cours particulier de Paso Doble suivi par Pascale et G\u00e9rard \u00e0 Isbergues. VP DANSES propose des s\u00e9ances d\u00e9butants en Danses Latines et Standard. Contactez-nous pour apprendre la Danse Sportive !\" \/>\n<meta property=\"og:url\" content=\"https:\/\/vpdanses.fr\/home\/bienvenue-chez-vp-danses-hazebrouck\/cours-particulier-paso-doble-isbergues-vp-danses\/\" \/>\n<meta property=\"og:site_name\" content=\"VP DANSES, cours de Danse Sportive \u00e0 Aire-sur-la-Lys et \u00e0 Saint-Jans-Cappel (Hauts-de-France)\" \/>\n<meta property=\"article:published_time\" content=\"2025-11-30T17:30:23+00:00\" \/>\n<meta property=\"article:modified_time\" content=\"2025-12-01T18:13:50+00:00\" \/>\n<meta property=\"og:image\" content=\"https:\/\/vpdanses.fr\/wp-content\/uploads\/2025\/12\/pascale-gerard-attack-chasses-right-paso-doble-isbergues-vp-danses.jpg\" \/>\n\t<meta property=\"og:image:width\" content=\"1200\" \/>\n\t<meta property=\"og:image:height\" content=\"779\" \/>\n\t<meta property=\"og:image:type\" content=\"image\/jpeg\" \/>\n<meta name=\"author\" content=\"VP DANSES\" \/>\n<meta name=\"twitter:card\" content=\"summary_large_image\" \/>\n<meta name=\"twitter:title\" content=\"Cours particulier de Paso Doble \u00e0 Isbergues \u2013 VP DANSES (D\u00e9butants \u2013 Danse Sportive)\" \/>\n<meta name=\"twitter:label1\" content=\"\u00c9crit par\" \/>\n\t<meta name=\"twitter:data1\" content=\"VP DANSES\" \/>\n\t<meta name=\"twitter:label2\" content=\"Dur\u00e9e de lecture estim\u00e9e\" \/>\n\t<meta name=\"twitter:data2\" content=\"3 minutes\" \/>\n<script type=\"application\/ld+json\" class=\"yoast-schema-graph\">{\"@context\":\"https:\/\/schema.org\",\"@graph\":[{\"@type\":\"Article\",\"@id\":\"https:\/\/vpdanses.fr\/home\/bienvenue-chez-vp-danses-hazebrouck\/cours-particulier-paso-doble-isbergues-vp-danses\/#article\",\"isPartOf\":{\"@id\":\"https:\/\/vpdanses.fr\/home\/bienvenue-chez-vp-danses-hazebrouck\/cours-particulier-paso-doble-isbergues-vp-danses\/\"},\"author\":{\"name\":\"VP DANSES\",\"@id\":\"https:\/\/vpdanses.fr\/home\/bienvenue-chez-vp-danses-hazebrouck\/#\/schema\/person\/bf87806369778f949b83c9cd885519e5\"},\"headline\":\"Cours particulier de Paso Doble \u00e0 Isbergues \u2013 VP DANSES (D\u00e9butants \u2013 Danse Sportive)\",\"datePublished\":\"2025-11-30T17:30:23+00:00\",\"dateModified\":\"2025-12-01T18:13:50+00:00\",\"mainEntityOfPage\":{\"@id\":\"https:\/\/vpdanses.fr\/home\/bienvenue-chez-vp-danses-hazebrouck\/cours-particulier-paso-doble-isbergues-vp-danses\/\"},\"wordCount\":478,\"publisher\":{\"@id\":\"https:\/\/vpdanses.fr\/home\/bienvenue-chez-vp-danses-hazebrouck\/#organization\"},\"image\":{\"@id\":\"https:\/\/vpdanses.fr\/home\/bienvenue-chez-vp-danses-hazebrouck\/cours-particulier-paso-doble-isbergues-vp-danses\/#primaryimage\"},\"thumbnailUrl\":\"https:\/\/vpdanses.fr\/wp-content\/uploads\/2025\/12\/pascale-gerard-attack-chasses-right-paso-doble-isbergues-vp-danses.jpg\",\"keywords\":[\"Attack and Chasses to Right\",\"Cours particuliers danse\",\"Danse en Nord\",\"Danse Sportive d\u00e9butants\",\"danses latines\",\"Fallaway Whisk\",\"Paso Doble\",\"Promenade\",\"Promenade Closed\",\"VP DANSES\"],\"articleSection\":[\"Actualit\u00e9s VP DANSES\",\"Autour d'Hazebrouck\",\"Cours Particuliers de Danse\",\"DANSE SPORTIVE\",\"Danses Latines\",\"Paso Doble\"],\"inLanguage\":\"fr-FR\"},{\"@type\":\"WebPage\",\"@id\":\"https:\/\/vpdanses.fr\/home\/bienvenue-chez-vp-danses-hazebrouck\/cours-particulier-paso-doble-isbergues-vp-danses\/\",\"url\":\"https:\/\/vpdanses.fr\/home\/bienvenue-chez-vp-danses-hazebrouck\/cours-particulier-paso-doble-isbergues-vp-danses\/\",\"name\":\"Cours particulier de Paso Doble \u00e0 Isbergues \u2013 VP DANSES | Danse Sportive D\u00e9butants\",\"isPartOf\":{\"@id\":\"https:\/\/vpdanses.fr\/home\/bienvenue-chez-vp-danses-hazebrouck\/#website\"},\"primaryImageOfPage\":{\"@id\":\"https:\/\/vpdanses.fr\/home\/bienvenue-chez-vp-danses-hazebrouck\/cours-particulier-paso-doble-isbergues-vp-danses\/#primaryimage\"},\"image\":{\"@id\":\"https:\/\/vpdanses.fr\/home\/bienvenue-chez-vp-danses-hazebrouck\/cours-particulier-paso-doble-isbergues-vp-danses\/#primaryimage\"},\"thumbnailUrl\":\"https:\/\/vpdanses.fr\/wp-content\/uploads\/2025\/12\/pascale-gerard-attack-chasses-right-paso-doble-isbergues-vp-danses.jpg\",\"datePublished\":\"2025-11-30T17:30:23+00:00\",\"dateModified\":\"2025-12-01T18:13:50+00:00\",\"description\":\"Cours particulier de Paso Doble \u00e0 Isbergues avec VP DANSES. Session d\u00e9butants, Danses Latines et Standard. Contactez-nous pour apprendre la Danse Sportive !\",\"breadcrumb\":{\"@id\":\"https:\/\/vpdanses.fr\/home\/bienvenue-chez-vp-danses-hazebrouck\/cours-particulier-paso-doble-isbergues-vp-danses\/#breadcrumb\"},\"inLanguage\":\"fr-FR\",\"potentialAction\":[{\"@type\":\"ReadAction\",\"target\":[\"https:\/\/vpdanses.fr\/home\/bienvenue-chez-vp-danses-hazebrouck\/cours-particulier-paso-doble-isbergues-vp-danses\/\"]}]},{\"@type\":\"ImageObject\",\"inLanguage\":\"fr-FR\",\"@id\":\"https:\/\/vpdanses.fr\/home\/bienvenue-chez-vp-danses-hazebrouck\/cours-particulier-paso-doble-isbergues-vp-danses\/#primaryimage\",\"url\":\"https:\/\/vpdanses.fr\/wp-content\/uploads\/2025\/12\/pascale-gerard-attack-chasses-right-paso-doble-isbergues-vp-danses.jpg\",\"contentUrl\":\"https:\/\/vpdanses.fr\/wp-content\/uploads\/2025\/12\/pascale-gerard-attack-chasses-right-paso-doble-isbergues-vp-danses.jpg\",\"width\":1200,\"height\":779,\"caption\":\"Pascale et G\u00e9rard en train de travailler la figure \\\"Attack and Chasses to Right\\\" pendant leur cours particulier de Paso Doble \u00e0 Isbergues.\"},{\"@type\":\"BreadcrumbList\",\"@id\":\"https:\/\/vpdanses.fr\/home\/bienvenue-chez-vp-danses-hazebrouck\/cours-particulier-paso-doble-isbergues-vp-danses\/#breadcrumb\",\"itemListElement\":[{\"@type\":\"ListItem\",\"position\":1,\"name\":\"Accueil\",\"item\":\"https:\/\/vpdanses.fr\/home\/bienvenue-chez-vp-danses-hazebrouck\/\"},{\"@type\":\"ListItem\",\"position\":2,\"name\":\"Cours particulier de Paso Doble \u00e0 Isbergues \u2013 VP DANSES (D\u00e9butants \u2013 Danse Sportive)\"}]},{\"@type\":\"WebSite\",\"@id\":\"https:\/\/vpdanses.fr\/home\/bienvenue-chez-vp-danses-hazebrouck\/#website\",\"url\":\"https:\/\/vpdanses.fr\/home\/bienvenue-chez-vp-danses-hazebrouck\/\",\"name\":\"VP DANSES, cours de Danse Sportive \u00e0 Aire-sur-la-Lys et \u00e0 Saint-Jans-Cappel (Hauts-de-France)\",\"description\":\"Cours de Danse Sportive STANDARD (valse anglaise, tango, valse viennoise, slowfox, quickstep), danses sportives LATINES (samba, chacha, rumba, paso doble, jive), danses de bal, danses de salons, danses de loisirs, salsa, rock 4 temps, rock 6 temps, danses en ligne, disco, \u2026 Lieu : Hazebrouck, Aire-sur-la-Lys, Saint-Jans-Cappel et Isbergues (Hauts-de-France) - Cours Particuliers dans les Hauts-de-France - Ouverture de bal de Mariage\",\"publisher\":{\"@id\":\"https:\/\/vpdanses.fr\/home\/bienvenue-chez-vp-danses-hazebrouck\/#organization\"},\"potentialAction\":[{\"@type\":\"SearchAction\",\"target\":{\"@type\":\"EntryPoint\",\"urlTemplate\":\"https:\/\/vpdanses.fr\/home\/bienvenue-chez-vp-danses-hazebrouck\/?s={search_term_string}\"},\"query-input\":{\"@type\":\"PropertyValueSpecification\",\"valueRequired\":true,\"valueName\":\"search_term_string\"}}],\"inLanguage\":\"fr-FR\"},{\"@type\":\"Organization\",\"@id\":\"https:\/\/vpdanses.fr\/home\/bienvenue-chez-vp-danses-hazebrouck\/#organization\",\"name\":\"VP DANSES, cours de Danse Sportive \u00e0 Aire-sur-la-Lys et \u00e0 Saint-Jans-Cappel (Hauts-de-France)\",\"url\":\"https:\/\/vpdanses.fr\/home\/bienvenue-chez-vp-danses-hazebrouck\/\",\"logo\":{\"@type\":\"ImageObject\",\"inLanguage\":\"fr-FR\",\"@id\":\"https:\/\/vpdanses.fr\/home\/bienvenue-chez-vp-danses-hazebrouck\/#\/schema\/logo\/image\/\",\"url\":\"https:\/\/vpdanses.fr\/wp-content\/uploads\/2024\/10\/logo_cadanse_asaintjans.jpeg\",\"contentUrl\":\"https:\/\/vpdanses.fr\/wp-content\/uploads\/2024\/10\/logo_cadanse_asaintjans.jpeg\",\"width\":225,\"height\":225,\"caption\":\"VP DANSES, cours de Danse Sportive \u00e0 Aire-sur-la-Lys et \u00e0 Saint-Jans-Cappel (Hauts-de-France)\"},\"image\":{\"@id\":\"https:\/\/vpdanses.fr\/home\/bienvenue-chez-vp-danses-hazebrouck\/#\/schema\/logo\/image\/\"}},{\"@type\":\"Person\",\"@id\":\"https:\/\/vpdanses.fr\/home\/bienvenue-chez-vp-danses-hazebrouck\/#\/schema\/person\/bf87806369778f949b83c9cd885519e5\",\"name\":\"VP DANSES\",\"description\":\"\\\"VP danses\\\" est une association qui donne des cours de DANSES SPORTIVES STANDARDS (valse anglaise, tango, valse viennoise, slowfox, quickstep), de DANSES SPORTIVES LATINES (samba, chacha, rumba, paso doble, jive), de DANSES DE BAL, de DANSES DE SALONS, de DANSES DE LOISIRS, de SALSA, de ROCK 4 TEMPS, de ROCK 6 TEMPS, de DANSES EN LIGNE, de DISCO, \u2026\",\"sameAs\":[\"https:\/\/vpdanses.fr\"],\"url\":\"https:\/\/vpdanses.fr\/home\/bienvenue-chez-vp-danses-hazebrouck\/author\/adminvp20241018\/\"}]}<\/script>\n<!-- \/ Yoast SEO Premium plugin. -->","yoast_head_json":{"title":"Cours particulier de Paso Doble \u00e0 Isbergues \u2013 VP DANSES | Danse Sportive D\u00e9butants","description":"Cours particulier de Paso Doble \u00e0 Isbergues avec VP DANSES. Session d\u00e9butants, Danses Latines et Standard. Contactez-nous pour apprendre la Danse Sportive !","robots":{"index":"index","follow":"follow","max-snippet":"max-snippet:-1","max-image-preview":"max-image-preview:large","max-video-preview":"max-video-preview:-1"},"canonical":"https:\/\/vpdanses.fr\/home\/bienvenue-chez-vp-danses-hazebrouck\/cours-particulier-paso-doble-isbergues-vp-danses\/","og_locale":"fr_FR","og_type":"article","og_title":"Paso Doble \u00e0 Isbergues : Cours particulier avec VP DANSES \u2013 Niveau D\u00e9butants","og_description":"D\u00e9couvrez le cours particulier de Paso Doble suivi par Pascale et G\u00e9rard \u00e0 Isbergues. VP DANSES propose des s\u00e9ances d\u00e9butants en Danses Latines et Standard. Contactez-nous pour apprendre la Danse Sportive !","og_url":"https:\/\/vpdanses.fr\/home\/bienvenue-chez-vp-danses-hazebrouck\/cours-particulier-paso-doble-isbergues-vp-danses\/","og_site_name":"VP DANSES, cours de Danse Sportive \u00e0 Aire-sur-la-Lys et \u00e0 Saint-Jans-Cappel (Hauts-de-France)","article_published_time":"2025-11-30T17:30:23+00:00","article_modified_time":"2025-12-01T18:13:50+00:00","og_image":[{"width":1200,"height":779,"url":"https:\/\/vpdanses.fr\/wp-content\/uploads\/2025\/12\/pascale-gerard-attack-chasses-right-paso-doble-isbergues-vp-danses.jpg","type":"image\/jpeg"}],"author":"VP DANSES","twitter_card":"summary_large_image","twitter_title":"Cours particulier de Paso Doble \u00e0 Isbergues \u2013 VP DANSES (D\u00e9butants \u2013 Danse Sportive)","twitter_misc":{"\u00c9crit par":"VP DANSES","Dur\u00e9e de lecture estim\u00e9e":"3 minutes"},"schema":{"@context":"https:\/\/schema.org","@graph":[{"@type":"Article","@id":"https:\/\/vpdanses.fr\/home\/bienvenue-chez-vp-danses-hazebrouck\/cours-particulier-paso-doble-isbergues-vp-danses\/#article","isPartOf":{"@id":"https:\/\/vpdanses.fr\/home\/bienvenue-chez-vp-danses-hazebrouck\/cours-particulier-paso-doble-isbergues-vp-danses\/"},"author":{"name":"VP DANSES","@id":"https:\/\/vpdanses.fr\/home\/bienvenue-chez-vp-danses-hazebrouck\/#\/schema\/person\/bf87806369778f949b83c9cd885519e5"},"headline":"Cours particulier de Paso Doble \u00e0 Isbergues \u2013 VP DANSES (D\u00e9butants \u2013 Danse Sportive)","datePublished":"2025-11-30T17:30:23+00:00","dateModified":"2025-12-01T18:13:50+00:00","mainEntityOfPage":{"@id":"https:\/\/vpdanses.fr\/home\/bienvenue-chez-vp-danses-hazebrouck\/cours-particulier-paso-doble-isbergues-vp-danses\/"},"wordCount":478,"publisher":{"@id":"https:\/\/vpdanses.fr\/home\/bienvenue-chez-vp-danses-hazebrouck\/#organization"},"image":{"@id":"https:\/\/vpdanses.fr\/home\/bienvenue-chez-vp-danses-hazebrouck\/cours-particulier-paso-doble-isbergues-vp-danses\/#primaryimage"},"thumbnailUrl":"https:\/\/vpdanses.fr\/wp-content\/uploads\/2025\/12\/pascale-gerard-attack-chasses-right-paso-doble-isbergues-vp-danses.jpg","keywords":["Attack and Chasses to Right","Cours particuliers danse","Danse en Nord","Danse Sportive d\u00e9butants","danses latines","Fallaway Whisk","Paso Doble","Promenade","Promenade Closed","VP DANSES"],"articleSection":["Actualit\u00e9s VP DANSES","Autour d'Hazebrouck","Cours Particuliers de Danse","DANSE SPORTIVE","Danses Latines","Paso Doble"],"inLanguage":"fr-FR"},{"@type":"WebPage","@id":"https:\/\/vpdanses.fr\/home\/bienvenue-chez-vp-danses-hazebrouck\/cours-particulier-paso-doble-isbergues-vp-danses\/","url":"https:\/\/vpdanses.fr\/home\/bienvenue-chez-vp-danses-hazebrouck\/cours-particulier-paso-doble-isbergues-vp-danses\/","name":"Cours particulier de Paso Doble \u00e0 Isbergues \u2013 VP DANSES | Danse Sportive D\u00e9butants","isPartOf":{"@id":"https:\/\/vpdanses.fr\/home\/bienvenue-chez-vp-danses-hazebrouck\/#website"},"primaryImageOfPage":{"@id":"https:\/\/vpdanses.fr\/home\/bienvenue-chez-vp-danses-hazebrouck\/cours-particulier-paso-doble-isbergues-vp-danses\/#primaryimage"},"image":{"@id":"https:\/\/vpdanses.fr\/home\/bienvenue-chez-vp-danses-hazebrouck\/cours-particulier-paso-doble-isbergues-vp-danses\/#primaryimage"},"thumbnailUrl":"https:\/\/vpdanses.fr\/wp-content\/uploads\/2025\/12\/pascale-gerard-attack-chasses-right-paso-doble-isbergues-vp-danses.jpg","datePublished":"2025-11-30T17:30:23+00:00","dateModified":"2025-12-01T18:13:50+00:00","description":"Cours particulier de Paso Doble \u00e0 Isbergues avec VP DANSES. Session d\u00e9butants, Danses Latines et Standard. Contactez-nous pour apprendre la Danse Sportive !","breadcrumb":{"@id":"https:\/\/vpdanses.fr\/home\/bienvenue-chez-vp-danses-hazebrouck\/cours-particulier-paso-doble-isbergues-vp-danses\/#breadcrumb"},"inLanguage":"fr-FR","potentialAction":[{"@type":"ReadAction","target":["https:\/\/vpdanses.fr\/home\/bienvenue-chez-vp-danses-hazebrouck\/cours-particulier-paso-doble-isbergues-vp-danses\/"]}]},{"@type":"ImageObject","inLanguage":"fr-FR","@id":"https:\/\/vpdanses.fr\/home\/bienvenue-chez-vp-danses-hazebrouck\/cours-particulier-paso-doble-isbergues-vp-danses\/#primaryimage","url":"https:\/\/vpdanses.fr\/wp-content\/uploads\/2025\/12\/pascale-gerard-attack-chasses-right-paso-doble-isbergues-vp-danses.jpg","contentUrl":"https:\/\/vpdanses.fr\/wp-content\/uploads\/2025\/12\/pascale-gerard-attack-chasses-right-paso-doble-isbergues-vp-danses.jpg","width":1200,"height":779,"caption":"Pascale et G\u00e9rard en train de travailler la figure \"Attack and Chasses to Right\" pendant leur cours particulier de Paso Doble \u00e0 Isbergues."},{"@type":"BreadcrumbList","@id":"https:\/\/vpdanses.fr\/home\/bienvenue-chez-vp-danses-hazebrouck\/cours-particulier-paso-doble-isbergues-vp-danses\/#breadcrumb","itemListElement":[{"@type":"ListItem","position":1,"name":"Accueil","item":"https:\/\/vpdanses.fr\/home\/bienvenue-chez-vp-danses-hazebrouck\/"},{"@type":"ListItem","position":2,"name":"Cours particulier de Paso Doble \u00e0 Isbergues \u2013 VP DANSES (D\u00e9butants \u2013 Danse Sportive)"}]},{"@type":"WebSite","@id":"https:\/\/vpdanses.fr\/home\/bienvenue-chez-vp-danses-hazebrouck\/#website","url":"https:\/\/vpdanses.fr\/home\/bienvenue-chez-vp-danses-hazebrouck\/","name":"VP DANSES, cours de Danse Sportive \u00e0 Aire-sur-la-Lys et \u00e0 Saint-Jans-Cappel (Hauts-de-France)","description":"Cours de Danse Sportive STANDARD (valse anglaise, tango, valse viennoise, slowfox, quickstep), danses sportives LATINES (samba, chacha, rumba, paso doble, jive), danses de bal, danses de salons, danses de loisirs, salsa, rock 4 temps, rock 6 temps, danses en ligne, disco, \u2026 Lieu : Hazebrouck, Aire-sur-la-Lys, Saint-Jans-Cappel et Isbergues (Hauts-de-France) - Cours Particuliers dans les Hauts-de-France - Ouverture de bal de Mariage","publisher":{"@id":"https:\/\/vpdanses.fr\/home\/bienvenue-chez-vp-danses-hazebrouck\/#organization"},"potentialAction":[{"@type":"SearchAction","target":{"@type":"EntryPoint","urlTemplate":"https:\/\/vpdanses.fr\/home\/bienvenue-chez-vp-danses-hazebrouck\/?s={search_term_string}"},"query-input":{"@type":"PropertyValueSpecification","valueRequired":true,"valueName":"search_term_string"}}],"inLanguage":"fr-FR"},{"@type":"Organization","@id":"https:\/\/vpdanses.fr\/home\/bienvenue-chez-vp-danses-hazebrouck\/#organization","name":"VP DANSES, cours de Danse Sportive \u00e0 Aire-sur-la-Lys et \u00e0 Saint-Jans-Cappel (Hauts-de-France)","url":"https:\/\/vpdanses.fr\/home\/bienvenue-chez-vp-danses-hazebrouck\/","logo":{"@type":"ImageObject","inLanguage":"fr-FR","@id":"https:\/\/vpdanses.fr\/home\/bienvenue-chez-vp-danses-hazebrouck\/#\/schema\/logo\/image\/","url":"https:\/\/vpdanses.fr\/wp-content\/uploads\/2024\/10\/logo_cadanse_asaintjans.jpeg","contentUrl":"https:\/\/vpdanses.fr\/wp-content\/uploads\/2024\/10\/logo_cadanse_asaintjans.jpeg","width":225,"height":225,"caption":"VP DANSES, cours de Danse Sportive \u00e0 Aire-sur-la-Lys et \u00e0 Saint-Jans-Cappel (Hauts-de-France)"},"image":{"@id":"https:\/\/vpdanses.fr\/home\/bienvenue-chez-vp-danses-hazebrouck\/#\/schema\/logo\/image\/"}},{"@type":"Person","@id":"https:\/\/vpdanses.fr\/home\/bienvenue-chez-vp-danses-hazebrouck\/#\/schema\/person\/bf87806369778f949b83c9cd885519e5","name":"VP DANSES","description":"\"VP danses\" est une association qui donne des cours de DANSES SPORTIVES STANDARDS (valse anglaise, tango, valse viennoise, slowfox, quickstep), de DANSES SPORTIVES LATINES (samba, chacha, rumba, paso doble, jive), de DANSES DE BAL, de DANSES DE SALONS, de DANSES DE LOISIRS, de SALSA, de ROCK 4 TEMPS, de ROCK 6 TEMPS, de DANSES EN LIGNE, de DISCO, \u2026","sameAs":["https:\/\/vpdanses.fr"],"url":"https:\/\/vpdanses.fr\/home\/bienvenue-chez-vp-danses-hazebrouck\/author\/adminvp20241018\/"}]}},"jetpack_featured_media_url":"https:\/\/vpdanses.fr\/wp-content\/uploads\/2025\/12\/pascale-gerard-attack-chasses-right-paso-doble-isbergues-vp-danses.jpg","uagb_featured_image_src":{"full":["https:\/\/vpdanses.fr\/wp-content\/uploads\/2025\/12\/pascale-gerard-attack-chasses-right-paso-doble-isbergues-vp-danses.jpg",1200,779,false],"thumbnail":["https:\/\/vpdanses.fr\/wp-content\/uploads\/2025\/12\/pascale-gerard-attack-chasses-right-paso-doble-isbergues-vp-danses-150x150.jpg",150,150,true],"medium":["https:\/\/vpdanses.fr\/wp-content\/uploads\/2025\/12\/pascale-gerard-attack-chasses-right-paso-doble-isbergues-vp-danses-300x195.jpg",300,195,true],"medium_large":["https:\/\/vpdanses.fr\/wp-content\/uploads\/2025\/12\/pascale-gerard-attack-chasses-right-paso-doble-isbergues-vp-danses-768x499.jpg",768,499,true],"large":["https:\/\/vpdanses.fr\/wp-content\/uploads\/2025\/12\/pascale-gerard-attack-chasses-right-paso-doble-isbergues-vp-danses-1024x665.jpg",1024,665,true],"1536x1536":["https:\/\/vpdanses.fr\/wp-content\/uploads\/2025\/12\/pascale-gerard-attack-chasses-right-paso-doble-isbergues-vp-danses.jpg",1200,779,false],"2048x2048":["https:\/\/vpdanses.fr\/wp-content\/uploads\/2025\/12\/pascale-gerard-attack-chasses-right-paso-doble-isbergues-vp-danses.jpg",1200,779,false],"vp_sm":["https:\/\/vpdanses.fr\/wp-content\/uploads\/2025\/12\/pascale-gerard-attack-chasses-right-paso-doble-isbergues-vp-danses-500x325.jpg",500,325,true],"vp_md":["https:\/\/vpdanses.fr\/wp-content\/uploads\/2025\/12\/pascale-gerard-attack-chasses-right-paso-doble-isbergues-vp-danses-800x519.jpg",800,519,true],"vp_lg":["https:\/\/vpdanses.fr\/wp-content\/uploads\/2025\/12\/pascale-gerard-attack-chasses-right-paso-doble-isbergues-vp-danses.jpg",1200,779,false],"vp_xl":["https:\/\/vpdanses.fr\/wp-content\/uploads\/2025\/12\/pascale-gerard-attack-chasses-right-paso-doble-isbergues-vp-danses.jpg",1200,779,false],"vp_sm_popup":["https:\/\/vpdanses.fr\/wp-content\/uploads\/2025\/12\/pascale-gerard-attack-chasses-right-paso-doble-isbergues-vp-danses-500x325.jpg",500,325,true],"vp_md_popup":["https:\/\/vpdanses.fr\/wp-content\/uploads\/2025\/12\/pascale-gerard-attack-chasses-right-paso-doble-isbergues-vp-danses-800x519.jpg",800,519,true],"vp_xl_popup":["https:\/\/vpdanses.fr\/wp-content\/uploads\/2025\/12\/pascale-gerard-attack-chasses-right-paso-doble-isbergues-vp-danses.jpg",1200,779,false],"dance-blog-thumb":["https:\/\/vpdanses.fr\/wp-content\/uploads\/2025\/12\/pascale-gerard-attack-chasses-right-paso-doble-isbergues-vp-danses-150x120.jpg",150,120,true],"dance-event-list":["https:\/\/vpdanses.fr\/wp-content\/uploads\/2025\/12\/pascale-gerard-attack-chasses-right-paso-doble-isbergues-vp-danses-420x336.jpg",420,336,true],"dance-event-single-type1":["https:\/\/vpdanses.fr\/wp-content\/uploads\/2025\/12\/pascale-gerard-attack-chasses-right-paso-doble-isbergues-vp-danses-773x520.jpg",773,520,true],"dance-event-single-type4":["https:\/\/vpdanses.fr\/wp-content\/uploads\/2025\/12\/pascale-gerard-attack-chasses-right-paso-doble-isbergues-vp-danses-570x460.jpg",570,460,true],"dance-event-single-type5":["https:\/\/vpdanses.fr\/wp-content\/uploads\/2025\/12\/pascale-gerard-attack-chasses-right-paso-doble-isbergues-vp-danses-746x770.jpg",746,770,true],"dance-event-list2":["https:\/\/vpdanses.fr\/wp-content\/uploads\/2025\/12\/pascale-gerard-attack-chasses-right-paso-doble-isbergues-vp-danses-420x275.jpg",420,275,true]},"uagb_author_info":{"display_name":"VP DANSES","author_link":"https:\/\/vpdanses.fr\/home\/bienvenue-chez-vp-danses-hazebrouck\/author\/adminvp20241018\/"},"uagb_comment_info":0,"uagb_excerpt":"Ce samedi 30 novembre \u00e0 Isbergues, Pascale et G\u00e9rard ont suivi un cours particulier de Paso Doble avec VP DANSES. D\u00e9couvrez les figures travaill\u00e9es et comment r\u00e9server votre s\u00e9ance d\u00e9butants.","jetpack_sharing_enabled":true,"_links":{"self":[{"href":"https:\/\/vpdanses.fr\/home\/bienvenue-chez-vp-danses-hazebrouck\/wp-json\/wp\/v2\/posts\/14663","targetHints":{"allow":["GET"]}}],"collection":[{"href":"https:\/\/vpdanses.fr\/home\/bienvenue-chez-vp-danses-hazebrouck\/wp-json\/wp\/v2\/posts"}],"about":[{"href":"https:\/\/vpdanses.fr\/home\/bienvenue-chez-vp-danses-hazebrouck\/wp-json\/wp\/v2\/types\/post"}],"author":[{"embeddable":true,"href":"https:\/\/vpdanses.fr\/home\/bienvenue-chez-vp-danses-hazebrouck\/wp-json\/wp\/v2\/users\/1"}],"replies":[{"embeddable":true,"href":"https:\/\/vpdanses.fr\/home\/bienvenue-chez-vp-danses-hazebrouck\/wp-json\/wp\/v2\/comments?post=14663"}],"version-history":[{"count":4,"href":"https:\/\/vpdanses.fr\/home\/bienvenue-chez-vp-danses-hazebrouck\/wp-json\/wp\/v2\/posts\/14663\/revisions"}],"predecessor-version":[{"id":14678,"href":"https:\/\/vpdanses.fr\/home\/bienvenue-chez-vp-danses-hazebrouck\/wp-json\/wp\/v2\/posts\/14663\/revisions\/14678"}],"wp:featuredmedia":[{"embeddable":true,"href":"https:\/\/vpdanses.fr\/home\/bienvenue-chez-vp-danses-hazebrouck\/wp-json\/wp\/v2\/media\/14674"}],"wp:attachment":[{"href":"https:\/\/vpdanses.fr\/home\/bienvenue-chez-vp-danses-hazebrouck\/wp-json\/wp\/v2\/media?parent=14663"}],"wp:term":[{"taxonomy":"category","embeddable":true,"href":"https:\/\/vpdanses.fr\/home\/bienvenue-chez-vp-danses-hazebrouck\/wp-json\/wp\/v2\/categories?post=14663"},{"taxonomy":"post_tag","embeddable":true,"href":"https:\/\/vpdanses.fr\/home\/bienvenue-chez-vp-danses-hazebrouck\/wp-json\/wp\/v2\/tags?post=14663"}],"curies":[{"name":"wp","href":"https:\/\/api.w.org\/{rel}","templated":true}]}}