{"id":14679,"date":"2025-11-29T14:30:09","date_gmt":"2025-11-29T13:30:09","guid":{"rendered":"https:\/\/vpdanses.fr\/home\/bienvenue-chez-vp-danses-hazebrouck\/?p=14679"},"modified":"2025-12-02T06:48:20","modified_gmt":"2025-12-02T05:48:20","slug":"cours-particulier-salsa-saint-jans-cappel-vp-danses","status":"publish","type":"post","link":"https:\/\/vpdanses.fr\/home\/bienvenue-chez-vp-danses-hazebrouck\/cours-particulier-salsa-saint-jans-cappel-vp-danses\/","title":{"rendered":"Cours Particulier de Salsa \u00e0 Saint-Jans-Cappel avec VP DANSES"},"content":{"rendered":"\n<h2 class=\"wp-block-heading\" id=\"h-une-seance-personnalisee-pour-progresser-rapidement\">Une s\u00e9ance personnalis\u00e9e pour progresser rapidement<\/h2>\n\n\n\n<p>Ce samedi 29 novembre, VP DANSES a dispens\u00e9 un cours particulier de Salsa \u00e0 domicile pour Ga\u00eblle, \u00e0 Saint-Jans-Cappel, dans le secteur d\u2019Hazebrouck. Cette s\u00e9ance sur-mesure avait pour objectif d&rsquo;am\u00e9liorer la technique, la fluidit\u00e9 et l&rsquo;expressivit\u00e9 des mouvements, gr\u00e2ce \u00e0 un accompagnement individualis\u00e9 assur\u00e9 par\u00a0<strong>Virginie et Philippe<\/strong>, comp\u00e9titeurs en\u00a0<strong>Danse Sportive<\/strong>.<\/p>\n\n\n\n<h2 class=\"wp-block-heading\" id=\"h-un-travail-technique-centre-sur-la-precision-et-la-fluidite\">Un travail technique centr\u00e9 sur la pr\u00e9cision et la fluidit\u00e9<\/h2>\n\n\n\n<p>Durant ce cours, un focus sp\u00e9cifique a \u00e9t\u00e9 mis sur trois \u00e9l\u00e9ments essentiels de la Salsa :<\/p>\n\n\n\n<h3 class=\"wp-block-heading\"><strong>\u25cf Le travail des bras<\/strong><\/h3>\n\n\n\n<p>Optimisation de l\u2019amplitude, de la coordination et de la tenue des bras afin d\u2019obtenir des lignes de danse plus nettes et plus harmonieuses.<\/p>\n\n\n\n<h3 class=\"wp-block-heading\"><strong>\u25cf L\u2019expressivit\u00e9 des mains<\/strong><\/h3>\n\n\n\n<p>Affinement des gestes pour apporter l\u00e9g\u00e8ret\u00e9, \u00e9l\u00e9gance et clart\u00e9 au style. Les mains jouent un r\u00f4le majeur dans la communication du mouvement et l\u2019identit\u00e9 de la danse.<\/p>\n\n\n\n<h3 class=\"wp-block-heading\"><strong>\u25cf La mobilit\u00e9 des hanches<\/strong><\/h3>\n\n\n\n<p>Renforcement du rel\u00e2chement et du transfert de poids pour obtenir des hanches plus naturelles, plus fluides et mieux connect\u00e9es au rythme.<\/p>\n\n\n\n<p>Ce travail technique permet d&rsquo;am\u00e9liorer la pr\u00e9cision g\u00e9n\u00e9rale du style et de renforcer l\u2019esth\u00e9tique globale du mouvement, indispensable pour progresser en Salsa, que l\u2019on soit d\u00e9butant ou d\u00e9j\u00e0 \u00e0 l\u2019aise.<\/p>\n\n\n\n<h2 class=\"wp-block-heading\" id=\"h-vp-danses-apprendre-la-salsa-autour-d-hazebrouck\">VP DANSES : apprendre la Salsa autour d\u2019Hazebrouck<\/h2>\n\n\n\n<p>VP DANSES propose des cours particuliers de Salsa dans tout le secteur d\u2019Hazebrouck et du Nord de la France. Ces s\u00e9ances, adapt\u00e9es \u00e0 tous les niveaux, permettent d\u2019apprendre les bases, de d\u00e9velopper son style, ou de perfectionner sa technique en b\u00e9n\u00e9ficiant d\u2019un suivi personnalis\u00e9.<\/p>\n\n\n\n<p>Les cours sont assur\u00e9s par&nbsp;<strong>Virginie et Philippe<\/strong>, danseurs exp\u00e9riment\u00e9s et comp\u00e9titeurs en Danse Sportive, garantissant un encadrement professionnel et une progression rapide.<\/p>\n\n\n\n<h2 class=\"wp-block-heading\" id=\"h-contactez-vp-danses\">Contactez VP DANSES<\/h2>\n\n\n\n<p><strong>Vous souhaitez d\u00e9couvrir la Salsa ou perfectionner votre technique ?<\/strong><br>R\u00e9servez votre s\u00e9ance personnalis\u00e9e en contactant\u00a0<strong>VP DANSES<\/strong>.<\/p>\n\n\n\n<div style=\"height:100px\" aria-hidden=\"true\" class=\"wp-block-spacer\"><\/div>\n\n\n<div class=\"wp-block-visual-portfolio alignwide\">\n<div class=\"vp-portfolio vp-uid-87b44e58 vp-id-2r7yMj\"\n\tdata-vp-layout=\"tiles\" data-vp-content-source=\"images\" data-vp-items-style=\"fade\" data-vp-items-click-action=\"popup_gallery\" data-vp-items-gap=\"15\" data-vp-items-gap-vertical=\"\" data-vp-pagination=\"load-more\" data-vp-next-page-url=\"\" data-vp-tiles-type=\"3|1,1|\" >\n\t<div class=\"vp-portfolio__preloader-wrap\">\n\t\t<div class=\"vp-portfolio__preloader\">\n\t\t\t<img decoding=\"async\" loading=\"eager\" src=\"https:\/\/vpdanses.fr\/wp-content\/plugins\/visual-portfolio\/assets\/images\/logo-dark.svg\" alt=\"Visual Portfolio, Posts &amp; Image Gallery for WordPress\" width=\"20\" height=\"20\" data-skip-lazy>\n\t\t<\/div>\n\t<\/div>\n\t\t<div class=\"vp-portfolio__items-wrap\">\n\t\t\t\n<div class=\"vp-portfolio__items vp-portfolio__items-style-fade vp-portfolio__items-show-overlay-hover\">\n\n\t\t<div\t\tclass=\"vp-portfolio__item-wrap vp-portfolio__item-uid-0af383cb\" data-vp-filter=\"\" \t\t>\n\t\t\t<template class=\"vp-portfolio__item-popup\" data-vp-popup-img=\"https:\/\/vpdanses.fr\/wp-content\/uploads\/2025\/12\/VP-DANSES_Salsa_Technique_Bras-Mains-Hanches.jpg\" data-vp-popup-img-srcset=\"https:\/\/vpdanses.fr\/wp-content\/uploads\/2025\/12\/VP-DANSES_Salsa_Technique_Bras-Mains-Hanches.jpg 1200w, https:\/\/vpdanses.fr\/wp-content\/uploads\/2025\/12\/VP-DANSES_Salsa_Technique_Bras-Mains-Hanches-300x209.jpg 300w, https:\/\/vpdanses.fr\/wp-content\/uploads\/2025\/12\/VP-DANSES_Salsa_Technique_Bras-Mains-Hanches-1024x713.jpg 1024w, https:\/\/vpdanses.fr\/wp-content\/uploads\/2025\/12\/VP-DANSES_Salsa_Technique_Bras-Mains-Hanches-768x534.jpg 768w, https:\/\/vpdanses.fr\/wp-content\/uploads\/2025\/12\/VP-DANSES_Salsa_Technique_Bras-Mains-Hanches-500x348.jpg 500w, https:\/\/vpdanses.fr\/wp-content\/uploads\/2025\/12\/VP-DANSES_Salsa_Technique_Bras-Mains-Hanches-800x557.jpg 800w\" data-vp-popup-img-size=\"1200x835\" data-vp-popup-md-img=\"https:\/\/vpdanses.fr\/wp-content\/uploads\/2025\/12\/VP-DANSES_Salsa_Technique_Bras-Mains-Hanches-800x557.jpg\" data-vp-popup-md-img-size=\"800x557\" data-vp-popup-sm-img=\"https:\/\/vpdanses.fr\/wp-content\/uploads\/2025\/12\/VP-DANSES_Salsa_Technique_Bras-Mains-Hanches-500x348.jpg\" data-vp-popup-sm-img-size=\"500x348\">\n\t\t\t<h3 class=\"vp-portfolio__item-popup-title\">Ga\u00eblle \u00e9tend le bras en Salsa \u2013 Cours particulier VP DANSES<\/h3>\n\t\t\t\t<div class=\"vp-portfolio__item-popup-description\">Cette photo montre Ga\u00eblle effectuant un mouvement de bras horizontal pour am\u00e9liorer la fluidit\u00e9 et l\u2019\u00e9l\u00e9gance en Salsa, sous le regard de Virginie en arri\u00e8re-plan lors d\u2019un cours particulier \u00e0 Saint-Jans-Cappel.<\/div>\n\t\t<\/template>\n\t\t\t\t\t\t<figure class=\"vp-portfolio__item\">\n\t\t\t\t\n<div class=\"vp-portfolio__item-img-wrap\">\n\t<div class=\"vp-portfolio__item-img\">\n\t\t\t<a\n\t\thref=\"https:\/\/vpdanses.fr\/wp-content\/uploads\/2025\/12\/VP-DANSES_Salsa_Technique_Bras-Mains-Hanches.jpg\"\n\t\t\t>\n\t\n\t\t<noscript><img loading=\"lazy\" decoding=\"async\" width=\"1200\" height=\"835\" data-skip-lazy src=\"https:\/\/vpdanses.fr\/wp-content\/uploads\/2025\/12\/VP-DANSES_Salsa_Technique_Bras-Mains-Hanches.jpg\" class=\"wp-image-14683\" alt=\"Ga\u00eblle en premier plan tenant le bras horizontalement avec les doigts tendus lors d\u2019un cours particulier de Salsa \u00e0 Saint-Jans-Cappel avec Virginie et VP DANSES\" srcset=\"https:\/\/vpdanses.fr\/wp-content\/uploads\/2025\/12\/VP-DANSES_Salsa_Technique_Bras-Mains-Hanches.jpg 1200w, https:\/\/vpdanses.fr\/wp-content\/uploads\/2025\/12\/VP-DANSES_Salsa_Technique_Bras-Mains-Hanches-300x209.jpg 300w, https:\/\/vpdanses.fr\/wp-content\/uploads\/2025\/12\/VP-DANSES_Salsa_Technique_Bras-Mains-Hanches-1024x713.jpg 1024w, https:\/\/vpdanses.fr\/wp-content\/uploads\/2025\/12\/VP-DANSES_Salsa_Technique_Bras-Mains-Hanches-768x534.jpg 768w, https:\/\/vpdanses.fr\/wp-content\/uploads\/2025\/12\/VP-DANSES_Salsa_Technique_Bras-Mains-Hanches-500x348.jpg 500w, https:\/\/vpdanses.fr\/wp-content\/uploads\/2025\/12\/VP-DANSES_Salsa_Technique_Bras-Mains-Hanches-800x557.jpg 800w\" sizes=\"auto, (max-width: 1200px) 100vw, 1200px\" \/><\/noscript><img fetchpriority=\"high\" decoding=\"async\" width=\"1200\" height=\"835\" src=\"https:\/\/vpdanses.fr\/wp-content\/uploads\/2025\/12\/VP-DANSES_Salsa_Technique_Bras-Mains-Hanches.jpg\" class=\"wp-image-14683 vp-lazyload\" alt=\"Ga\u00eblle en premier plan tenant le bras horizontalement avec les doigts tendus lors d\u2019un cours particulier de Salsa \u00e0 Saint-Jans-Cappel avec Virginie et VP DANSES\" srcset=\"data:image\/svg+xml;base64,PHN2ZyB3aWR0aD0iMTIwMCIgaGVpZ2h0PSI4MzUiIHZpZXdCb3g9IjAgMCAxMjAwIDgzNSIgZmlsbD0ibm9uZSIgeG1sbnM9Imh0dHA6Ly93d3cudzMub3JnLzIwMDAvc3ZnIj48L3N2Zz4=\" data-src=\"https:\/\/vpdanses.fr\/wp-content\/uploads\/2025\/12\/VP-DANSES_Salsa_Technique_Bras-Mains-Hanches.jpg\" data-srcset=\"https:\/\/vpdanses.fr\/wp-content\/uploads\/2025\/12\/VP-DANSES_Salsa_Technique_Bras-Mains-Hanches.jpg 1200w, https:\/\/vpdanses.fr\/wp-content\/uploads\/2025\/12\/VP-DANSES_Salsa_Technique_Bras-Mains-Hanches-300x209.jpg 300w, https:\/\/vpdanses.fr\/wp-content\/uploads\/2025\/12\/VP-DANSES_Salsa_Technique_Bras-Mains-Hanches-1024x713.jpg 1024w, https:\/\/vpdanses.fr\/wp-content\/uploads\/2025\/12\/VP-DANSES_Salsa_Technique_Bras-Mains-Hanches-768x534.jpg 768w, https:\/\/vpdanses.fr\/wp-content\/uploads\/2025\/12\/VP-DANSES_Salsa_Technique_Bras-Mains-Hanches-500x348.jpg 500w, https:\/\/vpdanses.fr\/wp-content\/uploads\/2025\/12\/VP-DANSES_Salsa_Technique_Bras-Mains-Hanches-800x557.jpg 800w\" data-sizes=\"auto\" loading=\"eager\">\n\t\t<\/a>\t<\/div>\n<\/div>\n\t<figcaption class=\"vp-portfolio__item-overlay vp-portfolio__item-overlay-text-align-center\">\n\t\t<div class=\"vp-portfolio__item-meta-wrap vp-portfolio__custom-scrollbar\">\n\t\t\t\t<a\n\t\thref=\"https:\/\/vpdanses.fr\/wp-content\/uploads\/2025\/12\/VP-DANSES_Salsa_Technique_Bras-Mains-Hanches.jpg\"\n\t\ttabindex=\"-1\" class=\"vp-portfolio__item-meta\" \t>\n\t\n<h2 class=\"vp-portfolio__item-meta-title\">\n\tGa\u00eblle \u00e9tend le bras en Salsa \u2013 Cours particulier VP DANSES<\/h2>\n<\/a>\t\t<\/div>\n\t<\/figcaption>\n\t\t\t<\/figure>\n\t\t\t\t\t<\/div>\n\t\t\n\t\t<div\t\tclass=\"vp-portfolio__item-wrap vp-portfolio__item-uid-5fcbc5cd\" data-vp-filter=\"\" \t\t>\n\t\t\t<template class=\"vp-portfolio__item-popup\" data-vp-popup-img=\"https:\/\/vpdanses.fr\/wp-content\/uploads\/2025\/12\/VP-DANSES_Session_Salsa.jpg\" data-vp-popup-img-srcset=\"https:\/\/vpdanses.fr\/wp-content\/uploads\/2025\/12\/VP-DANSES_Session_Salsa.jpg 800w, https:\/\/vpdanses.fr\/wp-content\/uploads\/2025\/12\/VP-DANSES_Session_Salsa-198x300.jpg 198w, https:\/\/vpdanses.fr\/wp-content\/uploads\/2025\/12\/VP-DANSES_Session_Salsa-674x1024.jpg 674w, https:\/\/vpdanses.fr\/wp-content\/uploads\/2025\/12\/VP-DANSES_Session_Salsa-768x1166.jpg 768w, https:\/\/vpdanses.fr\/wp-content\/uploads\/2025\/12\/VP-DANSES_Session_Salsa-500x759.jpg 500w\" data-vp-popup-img-size=\"800x1215\" data-vp-popup-md-img=\"https:\/\/vpdanses.fr\/wp-content\/uploads\/2025\/12\/VP-DANSES_Session_Salsa.jpg\" data-vp-popup-md-img-size=\"800x1215\" data-vp-popup-sm-img=\"https:\/\/vpdanses.fr\/wp-content\/uploads\/2025\/12\/VP-DANSES_Session_Salsa-500x759.jpg\" data-vp-popup-sm-img-size=\"500x759\">\n\t\t\t<h3 class=\"vp-portfolio__item-popup-title\">Ga\u00eblle travaille la posture de nuque en Salsa \u2013 Cours particulier VP DANSES<\/h3>\n\t\t\t\t<div class=\"vp-portfolio__item-popup-description\">Cette photo illustre l\u2019attention port\u00e9e aux d\u00e9tails et \u00e0 la fluidit\u00e9 des mouvements en Salsa, avec Ga\u00eblle ajustant la position de son bras derri\u00e8re sa nuque sous le regard attentif de Virginie, lors d\u2019un cours particulier \u00e0 Saint-Jans-Cappel.<\/div>\n\t\t<\/template>\n\t\t\t\t\t\t<figure class=\"vp-portfolio__item\">\n\t\t\t\t\n<div class=\"vp-portfolio__item-img-wrap\">\n\t<div class=\"vp-portfolio__item-img\">\n\t\t\t<a\n\t\thref=\"https:\/\/vpdanses.fr\/wp-content\/uploads\/2025\/12\/VP-DANSES_Session_Salsa.jpg\"\n\t\t\t>\n\t\n\t\t<noscript><img loading=\"lazy\" decoding=\"async\" width=\"800\" height=\"1215\" data-skip-lazy src=\"https:\/\/vpdanses.fr\/wp-content\/uploads\/2025\/12\/VP-DANSES_Session_Salsa.jpg\" class=\"wp-image-14684\" alt=\"Ga\u00eblle au premier plan avec le bras derri\u00e8re sa nuque simulant une caresse, pendant un cours particulier de Salsa \u00e0 Saint-Jans-Cappel avec Virginie et VP DANSES\" srcset=\"https:\/\/vpdanses.fr\/wp-content\/uploads\/2025\/12\/VP-DANSES_Session_Salsa.jpg 800w, https:\/\/vpdanses.fr\/wp-content\/uploads\/2025\/12\/VP-DANSES_Session_Salsa-198x300.jpg 198w, https:\/\/vpdanses.fr\/wp-content\/uploads\/2025\/12\/VP-DANSES_Session_Salsa-674x1024.jpg 674w, https:\/\/vpdanses.fr\/wp-content\/uploads\/2025\/12\/VP-DANSES_Session_Salsa-768x1166.jpg 768w, https:\/\/vpdanses.fr\/wp-content\/uploads\/2025\/12\/VP-DANSES_Session_Salsa-500x759.jpg 500w\" sizes=\"auto, (max-width: 800px) 100vw, 800px\" \/><\/noscript><img decoding=\"async\" width=\"800\" height=\"1215\" src=\"https:\/\/vpdanses.fr\/wp-content\/uploads\/2025\/12\/VP-DANSES_Session_Salsa.jpg\" class=\"wp-image-14684 vp-lazyload\" alt=\"Ga\u00eblle au premier plan avec le bras derri\u00e8re sa nuque simulant une caresse, pendant un cours particulier de Salsa \u00e0 Saint-Jans-Cappel avec Virginie et VP DANSES\" srcset=\"data:image\/svg+xml;base64,PHN2ZyB3aWR0aD0iODAwIiBoZWlnaHQ9IjEyMTUiIHZpZXdCb3g9IjAgMCA4MDAgMTIxNSIgZmlsbD0ibm9uZSIgeG1sbnM9Imh0dHA6Ly93d3cudzMub3JnLzIwMDAvc3ZnIj48L3N2Zz4=\" data-src=\"https:\/\/vpdanses.fr\/wp-content\/uploads\/2025\/12\/VP-DANSES_Session_Salsa.jpg\" data-srcset=\"https:\/\/vpdanses.fr\/wp-content\/uploads\/2025\/12\/VP-DANSES_Session_Salsa.jpg 800w, https:\/\/vpdanses.fr\/wp-content\/uploads\/2025\/12\/VP-DANSES_Session_Salsa-198x300.jpg 198w, https:\/\/vpdanses.fr\/wp-content\/uploads\/2025\/12\/VP-DANSES_Session_Salsa-674x1024.jpg 674w, https:\/\/vpdanses.fr\/wp-content\/uploads\/2025\/12\/VP-DANSES_Session_Salsa-768x1166.jpg 768w, https:\/\/vpdanses.fr\/wp-content\/uploads\/2025\/12\/VP-DANSES_Session_Salsa-500x759.jpg 500w\" data-sizes=\"auto\" loading=\"eager\">\n\t\t<\/a>\t<\/div>\n<\/div>\n\t<figcaption class=\"vp-portfolio__item-overlay vp-portfolio__item-overlay-text-align-center\">\n\t\t<div class=\"vp-portfolio__item-meta-wrap vp-portfolio__custom-scrollbar\">\n\t\t\t\t<a\n\t\thref=\"https:\/\/vpdanses.fr\/wp-content\/uploads\/2025\/12\/VP-DANSES_Session_Salsa.jpg\"\n\t\ttabindex=\"-1\" class=\"vp-portfolio__item-meta\" \t>\n\t\n<h2 class=\"vp-portfolio__item-meta-title\">\n\tGa\u00eblle travaille la posture de nuque en Salsa \u2013 Cours particulier VP DANSES<\/h2>\n<\/a>\t\t<\/div>\n\t<\/figcaption>\n\t\t\t<\/figure>\n\t\t\t\t\t<\/div>\n\t\t\n\t\t<div\t\tclass=\"vp-portfolio__item-wrap vp-portfolio__item-uid-303c1256\" data-vp-filter=\"\" \t\t>\n\t\t\t<template class=\"vp-portfolio__item-popup\" data-vp-popup-img=\"https:\/\/vpdanses.fr\/wp-content\/uploads\/2025\/12\/VP-DANSES_Cours_Salsa_StJansCappel.jpg\" data-vp-popup-img-srcset=\"https:\/\/vpdanses.fr\/wp-content\/uploads\/2025\/12\/VP-DANSES_Cours_Salsa_StJansCappel.jpg 1200w, https:\/\/vpdanses.fr\/wp-content\/uploads\/2025\/12\/VP-DANSES_Cours_Salsa_StJansCappel-300x205.jpg 300w, https:\/\/vpdanses.fr\/wp-content\/uploads\/2025\/12\/VP-DANSES_Cours_Salsa_StJansCappel-1024x701.jpg 1024w, https:\/\/vpdanses.fr\/wp-content\/uploads\/2025\/12\/VP-DANSES_Cours_Salsa_StJansCappel-768x525.jpg 768w, https:\/\/vpdanses.fr\/wp-content\/uploads\/2025\/12\/VP-DANSES_Cours_Salsa_StJansCappel-500x342.jpg 500w, https:\/\/vpdanses.fr\/wp-content\/uploads\/2025\/12\/VP-DANSES_Cours_Salsa_StJansCappel-800x547.jpg 800w\" data-vp-popup-img-size=\"1200x821\" data-vp-popup-md-img=\"https:\/\/vpdanses.fr\/wp-content\/uploads\/2025\/12\/VP-DANSES_Cours_Salsa_StJansCappel-800x547.jpg\" data-vp-popup-md-img-size=\"800x547\" data-vp-popup-sm-img=\"https:\/\/vpdanses.fr\/wp-content\/uploads\/2025\/12\/VP-DANSES_Cours_Salsa_StJansCappel-500x342.jpg\" data-vp-popup-sm-img-size=\"500x342\">\n\t\t\t<h3 class=\"vp-portfolio__item-popup-title\">Ga\u00eblle l\u00e8ve la main en Salsa \u2013 Cours particulier VP DANSES<\/h3>\n\t\t\t\t<div class=\"vp-portfolio__item-popup-description\">Cette photo illustre l\u2019accent mis sur la technique des bras et des mains en Salsa, avec Ga\u00eblle en premier plan et Virginie en arri\u00e8re-plan supervisant la posture et la fluidit\u00e9 du mouvement lors d\u2019un cours particulier \u00e0 Saint-Jans-Cappel.<\/div>\n\t\t<\/template>\n\t\t\t\t\t\t<figure class=\"vp-portfolio__item\">\n\t\t\t\t\n<div class=\"vp-portfolio__item-img-wrap\">\n\t<div class=\"vp-portfolio__item-img\">\n\t\t\t<a\n\t\thref=\"https:\/\/vpdanses.fr\/wp-content\/uploads\/2025\/12\/VP-DANSES_Cours_Salsa_StJansCappel.jpg\"\n\t\t\t>\n\t\n\t\t<noscript><img loading=\"lazy\" decoding=\"async\" width=\"1200\" height=\"821\" data-skip-lazy src=\"https:\/\/vpdanses.fr\/wp-content\/uploads\/2025\/12\/VP-DANSES_Cours_Salsa_StJansCappel.jpg\" class=\"wp-image-14682\" alt=\"Ga\u00eblle levant la main au-dessus de sa t\u00eate avec les doigts tendus lors d\u2019un cours particulier de Salsa \u00e0 Saint-Jans-Cappel avec Virginie et VP DANSES\" srcset=\"https:\/\/vpdanses.fr\/wp-content\/uploads\/2025\/12\/VP-DANSES_Cours_Salsa_StJansCappel.jpg 1200w, https:\/\/vpdanses.fr\/wp-content\/uploads\/2025\/12\/VP-DANSES_Cours_Salsa_StJansCappel-300x205.jpg 300w, https:\/\/vpdanses.fr\/wp-content\/uploads\/2025\/12\/VP-DANSES_Cours_Salsa_StJansCappel-1024x701.jpg 1024w, https:\/\/vpdanses.fr\/wp-content\/uploads\/2025\/12\/VP-DANSES_Cours_Salsa_StJansCappel-768x525.jpg 768w, https:\/\/vpdanses.fr\/wp-content\/uploads\/2025\/12\/VP-DANSES_Cours_Salsa_StJansCappel-500x342.jpg 500w, https:\/\/vpdanses.fr\/wp-content\/uploads\/2025\/12\/VP-DANSES_Cours_Salsa_StJansCappel-800x547.jpg 800w\" sizes=\"auto, (max-width: 1200px) 100vw, 1200px\" \/><\/noscript><img decoding=\"async\" width=\"1200\" height=\"821\" src=\"https:\/\/vpdanses.fr\/wp-content\/uploads\/2025\/12\/VP-DANSES_Cours_Salsa_StJansCappel.jpg\" class=\"wp-image-14682 vp-lazyload\" alt=\"Ga\u00eblle levant la main au-dessus de sa t\u00eate avec les doigts tendus lors d\u2019un cours particulier de Salsa \u00e0 Saint-Jans-Cappel avec Virginie et VP DANSES\" srcset=\"data:image\/svg+xml;base64,PHN2ZyB3aWR0aD0iMTIwMCIgaGVpZ2h0PSI4MjEiIHZpZXdCb3g9IjAgMCAxMjAwIDgyMSIgZmlsbD0ibm9uZSIgeG1sbnM9Imh0dHA6Ly93d3cudzMub3JnLzIwMDAvc3ZnIj48L3N2Zz4=\" data-src=\"https:\/\/vpdanses.fr\/wp-content\/uploads\/2025\/12\/VP-DANSES_Cours_Salsa_StJansCappel.jpg\" data-srcset=\"https:\/\/vpdanses.fr\/wp-content\/uploads\/2025\/12\/VP-DANSES_Cours_Salsa_StJansCappel.jpg 1200w, https:\/\/vpdanses.fr\/wp-content\/uploads\/2025\/12\/VP-DANSES_Cours_Salsa_StJansCappel-300x205.jpg 300w, https:\/\/vpdanses.fr\/wp-content\/uploads\/2025\/12\/VP-DANSES_Cours_Salsa_StJansCappel-1024x701.jpg 1024w, https:\/\/vpdanses.fr\/wp-content\/uploads\/2025\/12\/VP-DANSES_Cours_Salsa_StJansCappel-768x525.jpg 768w, https:\/\/vpdanses.fr\/wp-content\/uploads\/2025\/12\/VP-DANSES_Cours_Salsa_StJansCappel-500x342.jpg 500w, https:\/\/vpdanses.fr\/wp-content\/uploads\/2025\/12\/VP-DANSES_Cours_Salsa_StJansCappel-800x547.jpg 800w\" data-sizes=\"auto\" loading=\"eager\">\n\t\t<\/a>\t<\/div>\n<\/div>\n\t<figcaption class=\"vp-portfolio__item-overlay vp-portfolio__item-overlay-text-align-center\">\n\t\t<div class=\"vp-portfolio__item-meta-wrap vp-portfolio__custom-scrollbar\">\n\t\t\t\t<a\n\t\thref=\"https:\/\/vpdanses.fr\/wp-content\/uploads\/2025\/12\/VP-DANSES_Cours_Salsa_StJansCappel.jpg\"\n\t\ttabindex=\"-1\" class=\"vp-portfolio__item-meta\" \t>\n\t\n<h2 class=\"vp-portfolio__item-meta-title\">\n\tGa\u00eblle l\u00e8ve la main en Salsa \u2013 Cours particulier VP DANSES<\/h2>\n<\/a>\t\t<\/div>\n\t<\/figcaption>\n\t\t\t<\/figure>\n\t\t\t\t\t<\/div>\n\t\t\n<\/div>\n\t\t<\/div>\n\t\t\n<\/div>\n<\/div>","protected":false},"excerpt":{"rendered":"<p>Cours particulier de Salsa \u00e0 Saint-Jans-Cappel avec VP DANSES : une s\u00e9ance personnalis\u00e9e ax\u00e9e sur la technique, la fluidit\u00e9 et l\u2019accompagnement professionnel de Virginie et Philippe, comp\u00e9titeurs en Danse Sportive.<\/p>\n","protected":false},"author":1,"featured_media":14682,"comment_status":"closed","ping_status":"closed","sticky":false,"template":"","format":"standard","meta":{"_uag_custom_page_level_css":"","_price":"","_stock":"","_tribe_ticket_header":"","_tribe_default_ticket_provider":"","_tribe_ticket_capacity":"0","_ticket_start_date":"","_ticket_end_date":"","_tribe_ticket_show_description":"","_tribe_ticket_show_not_going":false,"_tribe_ticket_use_global_stock":"","_tribe_ticket_global_stock_level":"","_global_stock_mode":"","_global_stock_cap":"","_tribe_rsvp_for_event":"","_tribe_ticket_going_count":"","_tribe_ticket_not_going_count":"","_tribe_tickets_list":"[]","_tribe_ticket_has_attendee_info_fields":false,"_EventAllDay":false,"_EventTimezone":"","_EventStartDate":"","_EventEndDate":"","_EventStartDateUTC":"","_EventEndDateUTC":"","_EventShowMap":false,"_EventShowMapLink":false,"_EventURL":"","_EventCost":"","_EventCostDescription":"","_EventCurrencySymbol":"","_EventCurrencyCode":"","_EventCurrencyPosition":"","_EventDateTimeSeparator":"","_EventTimeRangeSeparator":"","_EventOrganizerID":[],"_EventVenueID":[],"_OrganizerEmail":"","_OrganizerPhone":"","_OrganizerWebsite":"","_VenueAddress":"","_VenueCity":"","_VenueCountry":"","_VenueProvince":"","_VenueState":"","_VenueZip":"","_VenuePhone":"","_VenueURL":"","_VenueStateProvince":"","_VenueLat":"","_VenueLng":"","_VenueShowMap":false,"_VenueShowMapLink":false,"_vp_format_video_url":"","_vp_image_focal_point":[],"_jetpack_memberships_contains_paid_content":false,"footnotes":""},"categories":[467,508,203,453,159],"tags":[538,461,164,125,539,540,541],"class_list":["post-14679","post","type-post","status-publish","format-standard","has-post-thumbnail","hentry","category-actualites-vp-danses","category-cours-particuliers-de-danse","category-hazebrouck","category-saint-jans-cappel-autour-dhazebrouck","category-salsa","tag-cours-de-salsa","tag-danse-latine","tag-hazebrouck","tag-saint-jans-cappel","tag-salsa-debutant","tag-technique-salsa","tag-virginie-et-philippe"],"yoast_head":"<!-- This site is optimized with the Yoast SEO Premium plugin v25.6 (Yoast SEO v25.6) - https:\/\/yoast.com\/wordpress\/plugins\/seo\/ -->\n<title>Cours Particulier de Salsa \u00e0 Saint-Jans-Cappel | VP DANSES Hazebrouck<\/title>\n<meta name=\"description\" content=\"D\u00e9couvrez le cours particulier de Salsa dispens\u00e9 par VP DANSES \u00e0 Saint-Jans-Cappel : technique, fluidit\u00e9 et accompagnement professionnel. Apprenez la Salsa autour d\u2019Hazebrouck avec Virginie et Philippe.\" \/>\n<meta name=\"robots\" content=\"index, follow, max-snippet:-1, max-image-preview:large, max-video-preview:-1\" \/>\n<link rel=\"canonical\" href=\"https:\/\/vpdanses.fr\/home\/bienvenue-chez-vp-danses-hazebrouck\/cours-particulier-salsa-saint-jans-cappel-vp-danses\/\" \/>\n<meta property=\"og:locale\" content=\"fr_FR\" \/>\n<meta property=\"og:type\" content=\"article\" \/>\n<meta property=\"og:title\" content=\"Cours Particulier de Salsa \u00e0 Domicile avec VP DANSES dans le Secteur d\u2019Hazebrouck\" \/>\n<meta property=\"og:description\" content=\"VP DANSES propose des cours particuliers de Salsa dans le Nord. S\u00e9ances personnalis\u00e9es, travail technique pr\u00e9cis et accompagnement par deux comp\u00e9titeurs en Danse Sportive. Contactez-nous pour apprendre la Salsa \u00e0 votre rythme.\" \/>\n<meta property=\"og:url\" content=\"https:\/\/vpdanses.fr\/home\/bienvenue-chez-vp-danses-hazebrouck\/cours-particulier-salsa-saint-jans-cappel-vp-danses\/\" \/>\n<meta property=\"og:site_name\" content=\"VP DANSES, cours de Danse Sportive \u00e0 Aire-sur-la-Lys et \u00e0 Saint-Jans-Cappel (Hauts-de-France)\" \/>\n<meta property=\"article:published_time\" content=\"2025-11-29T13:30:09+00:00\" \/>\n<meta property=\"article:modified_time\" content=\"2025-12-02T05:48:20+00:00\" \/>\n<meta property=\"og:image\" content=\"https:\/\/vpdanses.fr\/wp-content\/uploads\/2025\/12\/VP-DANSES_Cours_Salsa_StJansCappel.jpg\" \/>\n\t<meta property=\"og:image:width\" content=\"1200\" \/>\n\t<meta property=\"og:image:height\" content=\"821\" \/>\n\t<meta property=\"og:image:type\" content=\"image\/jpeg\" \/>\n<meta name=\"author\" content=\"VP DANSES\" \/>\n<meta name=\"twitter:card\" content=\"summary_large_image\" \/>\n<meta name=\"twitter:title\" content=\"Cours Particulier de Salsa \u00e0 Saint-Jans-Cappel avec VP DANSES\" \/>\n<meta name=\"twitter:label1\" content=\"\u00c9crit par\" \/>\n\t<meta name=\"twitter:data1\" content=\"VP DANSES\" \/>\n\t<meta name=\"twitter:label2\" content=\"Dur\u00e9e de lecture estim\u00e9e\" \/>\n\t<meta name=\"twitter:data2\" content=\"2 minutes\" \/>\n<script type=\"application\/ld+json\" class=\"yoast-schema-graph\">{\"@context\":\"https:\/\/schema.org\",\"@graph\":[{\"@type\":\"Article\",\"@id\":\"https:\/\/vpdanses.fr\/home\/bienvenue-chez-vp-danses-hazebrouck\/cours-particulier-salsa-saint-jans-cappel-vp-danses\/#article\",\"isPartOf\":{\"@id\":\"https:\/\/vpdanses.fr\/home\/bienvenue-chez-vp-danses-hazebrouck\/cours-particulier-salsa-saint-jans-cappel-vp-danses\/\"},\"author\":{\"name\":\"VP DANSES\",\"@id\":\"https:\/\/vpdanses.fr\/home\/bienvenue-chez-vp-danses-hazebrouck\/#\/schema\/person\/bf87806369778f949b83c9cd885519e5\"},\"headline\":\"Cours Particulier de Salsa \u00e0 Saint-Jans-Cappel avec VP DANSES\",\"datePublished\":\"2025-11-29T13:30:09+00:00\",\"dateModified\":\"2025-12-02T05:48:20+00:00\",\"mainEntityOfPage\":{\"@id\":\"https:\/\/vpdanses.fr\/home\/bienvenue-chez-vp-danses-hazebrouck\/cours-particulier-salsa-saint-jans-cappel-vp-danses\/\"},\"wordCount\":341,\"publisher\":{\"@id\":\"https:\/\/vpdanses.fr\/home\/bienvenue-chez-vp-danses-hazebrouck\/#organization\"},\"image\":{\"@id\":\"https:\/\/vpdanses.fr\/home\/bienvenue-chez-vp-danses-hazebrouck\/cours-particulier-salsa-saint-jans-cappel-vp-danses\/#primaryimage\"},\"thumbnailUrl\":\"https:\/\/vpdanses.fr\/wp-content\/uploads\/2025\/12\/VP-DANSES_Cours_Salsa_StJansCappel.jpg\",\"keywords\":[\"Cours de Salsa\",\"Danse latine\",\"Hazebrouck\",\"SAINT-JANS-CAPPEL\",\"Salsa d\u00e9butant\",\"Technique Salsa\",\"Virginie et Philippe\"],\"articleSection\":[\"Actualit\u00e9s VP DANSES\",\"Cours Particuliers de Danse\",\"Hazebrouck\",\"Saint-Jans-Cappel\",\"Salsa\"],\"inLanguage\":\"fr-FR\"},{\"@type\":\"WebPage\",\"@id\":\"https:\/\/vpdanses.fr\/home\/bienvenue-chez-vp-danses-hazebrouck\/cours-particulier-salsa-saint-jans-cappel-vp-danses\/\",\"url\":\"https:\/\/vpdanses.fr\/home\/bienvenue-chez-vp-danses-hazebrouck\/cours-particulier-salsa-saint-jans-cappel-vp-danses\/\",\"name\":\"Cours Particulier de Salsa \u00e0 Saint-Jans-Cappel | VP DANSES Hazebrouck\",\"isPartOf\":{\"@id\":\"https:\/\/vpdanses.fr\/home\/bienvenue-chez-vp-danses-hazebrouck\/#website\"},\"primaryImageOfPage\":{\"@id\":\"https:\/\/vpdanses.fr\/home\/bienvenue-chez-vp-danses-hazebrouck\/cours-particulier-salsa-saint-jans-cappel-vp-danses\/#primaryimage\"},\"image\":{\"@id\":\"https:\/\/vpdanses.fr\/home\/bienvenue-chez-vp-danses-hazebrouck\/cours-particulier-salsa-saint-jans-cappel-vp-danses\/#primaryimage\"},\"thumbnailUrl\":\"https:\/\/vpdanses.fr\/wp-content\/uploads\/2025\/12\/VP-DANSES_Cours_Salsa_StJansCappel.jpg\",\"datePublished\":\"2025-11-29T13:30:09+00:00\",\"dateModified\":\"2025-12-02T05:48:20+00:00\",\"description\":\"D\u00e9couvrez le cours particulier de Salsa dispens\u00e9 par VP DANSES \u00e0 Saint-Jans-Cappel : technique, fluidit\u00e9 et accompagnement professionnel. Apprenez la Salsa autour d\u2019Hazebrouck avec Virginie et Philippe.\",\"breadcrumb\":{\"@id\":\"https:\/\/vpdanses.fr\/home\/bienvenue-chez-vp-danses-hazebrouck\/cours-particulier-salsa-saint-jans-cappel-vp-danses\/#breadcrumb\"},\"inLanguage\":\"fr-FR\",\"potentialAction\":[{\"@type\":\"ReadAction\",\"target\":[\"https:\/\/vpdanses.fr\/home\/bienvenue-chez-vp-danses-hazebrouck\/cours-particulier-salsa-saint-jans-cappel-vp-danses\/\"]}]},{\"@type\":\"ImageObject\",\"inLanguage\":\"fr-FR\",\"@id\":\"https:\/\/vpdanses.fr\/home\/bienvenue-chez-vp-danses-hazebrouck\/cours-particulier-salsa-saint-jans-cappel-vp-danses\/#primaryimage\",\"url\":\"https:\/\/vpdanses.fr\/wp-content\/uploads\/2025\/12\/VP-DANSES_Cours_Salsa_StJansCappel.jpg\",\"contentUrl\":\"https:\/\/vpdanses.fr\/wp-content\/uploads\/2025\/12\/VP-DANSES_Cours_Salsa_StJansCappel.jpg\",\"width\":1200,\"height\":821,\"caption\":\"Travail de la pr\u00e9cision des bras et des mains pendant le cours de Salsa avec VP DANSES\"},{\"@type\":\"BreadcrumbList\",\"@id\":\"https:\/\/vpdanses.fr\/home\/bienvenue-chez-vp-danses-hazebrouck\/cours-particulier-salsa-saint-jans-cappel-vp-danses\/#breadcrumb\",\"itemListElement\":[{\"@type\":\"ListItem\",\"position\":1,\"name\":\"Accueil\",\"item\":\"https:\/\/vpdanses.fr\/home\/bienvenue-chez-vp-danses-hazebrouck\/\"},{\"@type\":\"ListItem\",\"position\":2,\"name\":\"Cours Particulier de Salsa \u00e0 Saint-Jans-Cappel avec VP DANSES\"}]},{\"@type\":\"WebSite\",\"@id\":\"https:\/\/vpdanses.fr\/home\/bienvenue-chez-vp-danses-hazebrouck\/#website\",\"url\":\"https:\/\/vpdanses.fr\/home\/bienvenue-chez-vp-danses-hazebrouck\/\",\"name\":\"VP DANSES, cours de Danse Sportive \u00e0 Aire-sur-la-Lys et \u00e0 Saint-Jans-Cappel (Hauts-de-France)\",\"description\":\"Cours de Danse Sportive STANDARD (valse anglaise, tango, valse viennoise, slowfox, quickstep), danses sportives LATINES (samba, chacha, rumba, paso doble, jive), danses de bal, danses de salons, danses de loisirs, salsa, rock 4 temps, rock 6 temps, danses en ligne, disco, \u2026 Lieu : Hazebrouck, Aire-sur-la-Lys, Saint-Jans-Cappel et Isbergues (Hauts-de-France) - Cours Particuliers dans les Hauts-de-France - Ouverture de bal de Mariage\",\"publisher\":{\"@id\":\"https:\/\/vpdanses.fr\/home\/bienvenue-chez-vp-danses-hazebrouck\/#organization\"},\"potentialAction\":[{\"@type\":\"SearchAction\",\"target\":{\"@type\":\"EntryPoint\",\"urlTemplate\":\"https:\/\/vpdanses.fr\/home\/bienvenue-chez-vp-danses-hazebrouck\/?s={search_term_string}\"},\"query-input\":{\"@type\":\"PropertyValueSpecification\",\"valueRequired\":true,\"valueName\":\"search_term_string\"}}],\"inLanguage\":\"fr-FR\"},{\"@type\":\"Organization\",\"@id\":\"https:\/\/vpdanses.fr\/home\/bienvenue-chez-vp-danses-hazebrouck\/#organization\",\"name\":\"VP DANSES, cours de Danse Sportive \u00e0 Aire-sur-la-Lys et \u00e0 Saint-Jans-Cappel (Hauts-de-France)\",\"url\":\"https:\/\/vpdanses.fr\/home\/bienvenue-chez-vp-danses-hazebrouck\/\",\"logo\":{\"@type\":\"ImageObject\",\"inLanguage\":\"fr-FR\",\"@id\":\"https:\/\/vpdanses.fr\/home\/bienvenue-chez-vp-danses-hazebrouck\/#\/schema\/logo\/image\/\",\"url\":\"https:\/\/vpdanses.fr\/wp-content\/uploads\/2024\/10\/logo_cadanse_asaintjans.jpeg\",\"contentUrl\":\"https:\/\/vpdanses.fr\/wp-content\/uploads\/2024\/10\/logo_cadanse_asaintjans.jpeg\",\"width\":225,\"height\":225,\"caption\":\"VP DANSES, cours de Danse Sportive \u00e0 Aire-sur-la-Lys et \u00e0 Saint-Jans-Cappel (Hauts-de-France)\"},\"image\":{\"@id\":\"https:\/\/vpdanses.fr\/home\/bienvenue-chez-vp-danses-hazebrouck\/#\/schema\/logo\/image\/\"}},{\"@type\":\"Person\",\"@id\":\"https:\/\/vpdanses.fr\/home\/bienvenue-chez-vp-danses-hazebrouck\/#\/schema\/person\/bf87806369778f949b83c9cd885519e5\",\"name\":\"VP DANSES\",\"description\":\"\\\"VP danses\\\" est une association qui donne des cours de DANSES SPORTIVES STANDARDS (valse anglaise, tango, valse viennoise, slowfox, quickstep), de DANSES SPORTIVES LATINES (samba, chacha, rumba, paso doble, jive), de DANSES DE BAL, de DANSES DE SALONS, de DANSES DE LOISIRS, de SALSA, de ROCK 4 TEMPS, de ROCK 6 TEMPS, de DANSES EN LIGNE, de DISCO, \u2026\",\"sameAs\":[\"https:\/\/vpdanses.fr\"],\"url\":\"https:\/\/vpdanses.fr\/home\/bienvenue-chez-vp-danses-hazebrouck\/author\/adminvp20241018\/\"}]}<\/script>\n<!-- \/ Yoast SEO Premium plugin. -->","yoast_head_json":{"title":"Cours Particulier de Salsa \u00e0 Saint-Jans-Cappel | VP DANSES Hazebrouck","description":"D\u00e9couvrez le cours particulier de Salsa dispens\u00e9 par VP DANSES \u00e0 Saint-Jans-Cappel : technique, fluidit\u00e9 et accompagnement professionnel. Apprenez la Salsa autour d\u2019Hazebrouck avec Virginie et Philippe.","robots":{"index":"index","follow":"follow","max-snippet":"max-snippet:-1","max-image-preview":"max-image-preview:large","max-video-preview":"max-video-preview:-1"},"canonical":"https:\/\/vpdanses.fr\/home\/bienvenue-chez-vp-danses-hazebrouck\/cours-particulier-salsa-saint-jans-cappel-vp-danses\/","og_locale":"fr_FR","og_type":"article","og_title":"Cours Particulier de Salsa \u00e0 Domicile avec VP DANSES dans le Secteur d\u2019Hazebrouck","og_description":"VP DANSES propose des cours particuliers de Salsa dans le Nord. S\u00e9ances personnalis\u00e9es, travail technique pr\u00e9cis et accompagnement par deux comp\u00e9titeurs en Danse Sportive. Contactez-nous pour apprendre la Salsa \u00e0 votre rythme.","og_url":"https:\/\/vpdanses.fr\/home\/bienvenue-chez-vp-danses-hazebrouck\/cours-particulier-salsa-saint-jans-cappel-vp-danses\/","og_site_name":"VP DANSES, cours de Danse Sportive \u00e0 Aire-sur-la-Lys et \u00e0 Saint-Jans-Cappel (Hauts-de-France)","article_published_time":"2025-11-29T13:30:09+00:00","article_modified_time":"2025-12-02T05:48:20+00:00","og_image":[{"width":1200,"height":821,"url":"https:\/\/vpdanses.fr\/wp-content\/uploads\/2025\/12\/VP-DANSES_Cours_Salsa_StJansCappel.jpg","type":"image\/jpeg"}],"author":"VP DANSES","twitter_card":"summary_large_image","twitter_title":"Cours Particulier de Salsa \u00e0 Saint-Jans-Cappel avec VP DANSES","twitter_misc":{"\u00c9crit par":"VP DANSES","Dur\u00e9e de lecture estim\u00e9e":"2 minutes"},"schema":{"@context":"https:\/\/schema.org","@graph":[{"@type":"Article","@id":"https:\/\/vpdanses.fr\/home\/bienvenue-chez-vp-danses-hazebrouck\/cours-particulier-salsa-saint-jans-cappel-vp-danses\/#article","isPartOf":{"@id":"https:\/\/vpdanses.fr\/home\/bienvenue-chez-vp-danses-hazebrouck\/cours-particulier-salsa-saint-jans-cappel-vp-danses\/"},"author":{"name":"VP DANSES","@id":"https:\/\/vpdanses.fr\/home\/bienvenue-chez-vp-danses-hazebrouck\/#\/schema\/person\/bf87806369778f949b83c9cd885519e5"},"headline":"Cours Particulier de Salsa \u00e0 Saint-Jans-Cappel avec VP DANSES","datePublished":"2025-11-29T13:30:09+00:00","dateModified":"2025-12-02T05:48:20+00:00","mainEntityOfPage":{"@id":"https:\/\/vpdanses.fr\/home\/bienvenue-chez-vp-danses-hazebrouck\/cours-particulier-salsa-saint-jans-cappel-vp-danses\/"},"wordCount":341,"publisher":{"@id":"https:\/\/vpdanses.fr\/home\/bienvenue-chez-vp-danses-hazebrouck\/#organization"},"image":{"@id":"https:\/\/vpdanses.fr\/home\/bienvenue-chez-vp-danses-hazebrouck\/cours-particulier-salsa-saint-jans-cappel-vp-danses\/#primaryimage"},"thumbnailUrl":"https:\/\/vpdanses.fr\/wp-content\/uploads\/2025\/12\/VP-DANSES_Cours_Salsa_StJansCappel.jpg","keywords":["Cours de Salsa","Danse latine","Hazebrouck","SAINT-JANS-CAPPEL","Salsa d\u00e9butant","Technique Salsa","Virginie et Philippe"],"articleSection":["Actualit\u00e9s VP DANSES","Cours Particuliers de Danse","Hazebrouck","Saint-Jans-Cappel","Salsa"],"inLanguage":"fr-FR"},{"@type":"WebPage","@id":"https:\/\/vpdanses.fr\/home\/bienvenue-chez-vp-danses-hazebrouck\/cours-particulier-salsa-saint-jans-cappel-vp-danses\/","url":"https:\/\/vpdanses.fr\/home\/bienvenue-chez-vp-danses-hazebrouck\/cours-particulier-salsa-saint-jans-cappel-vp-danses\/","name":"Cours Particulier de Salsa \u00e0 Saint-Jans-Cappel | VP DANSES Hazebrouck","isPartOf":{"@id":"https:\/\/vpdanses.fr\/home\/bienvenue-chez-vp-danses-hazebrouck\/#website"},"primaryImageOfPage":{"@id":"https:\/\/vpdanses.fr\/home\/bienvenue-chez-vp-danses-hazebrouck\/cours-particulier-salsa-saint-jans-cappel-vp-danses\/#primaryimage"},"image":{"@id":"https:\/\/vpdanses.fr\/home\/bienvenue-chez-vp-danses-hazebrouck\/cours-particulier-salsa-saint-jans-cappel-vp-danses\/#primaryimage"},"thumbnailUrl":"https:\/\/vpdanses.fr\/wp-content\/uploads\/2025\/12\/VP-DANSES_Cours_Salsa_StJansCappel.jpg","datePublished":"2025-11-29T13:30:09+00:00","dateModified":"2025-12-02T05:48:20+00:00","description":"D\u00e9couvrez le cours particulier de Salsa dispens\u00e9 par VP DANSES \u00e0 Saint-Jans-Cappel : technique, fluidit\u00e9 et accompagnement professionnel. Apprenez la Salsa autour d\u2019Hazebrouck avec Virginie et Philippe.","breadcrumb":{"@id":"https:\/\/vpdanses.fr\/home\/bienvenue-chez-vp-danses-hazebrouck\/cours-particulier-salsa-saint-jans-cappel-vp-danses\/#breadcrumb"},"inLanguage":"fr-FR","potentialAction":[{"@type":"ReadAction","target":["https:\/\/vpdanses.fr\/home\/bienvenue-chez-vp-danses-hazebrouck\/cours-particulier-salsa-saint-jans-cappel-vp-danses\/"]}]},{"@type":"ImageObject","inLanguage":"fr-FR","@id":"https:\/\/vpdanses.fr\/home\/bienvenue-chez-vp-danses-hazebrouck\/cours-particulier-salsa-saint-jans-cappel-vp-danses\/#primaryimage","url":"https:\/\/vpdanses.fr\/wp-content\/uploads\/2025\/12\/VP-DANSES_Cours_Salsa_StJansCappel.jpg","contentUrl":"https:\/\/vpdanses.fr\/wp-content\/uploads\/2025\/12\/VP-DANSES_Cours_Salsa_StJansCappel.jpg","width":1200,"height":821,"caption":"Travail de la pr\u00e9cision des bras et des mains pendant le cours de Salsa avec VP DANSES"},{"@type":"BreadcrumbList","@id":"https:\/\/vpdanses.fr\/home\/bienvenue-chez-vp-danses-hazebrouck\/cours-particulier-salsa-saint-jans-cappel-vp-danses\/#breadcrumb","itemListElement":[{"@type":"ListItem","position":1,"name":"Accueil","item":"https:\/\/vpdanses.fr\/home\/bienvenue-chez-vp-danses-hazebrouck\/"},{"@type":"ListItem","position":2,"name":"Cours Particulier de Salsa \u00e0 Saint-Jans-Cappel avec VP DANSES"}]},{"@type":"WebSite","@id":"https:\/\/vpdanses.fr\/home\/bienvenue-chez-vp-danses-hazebrouck\/#website","url":"https:\/\/vpdanses.fr\/home\/bienvenue-chez-vp-danses-hazebrouck\/","name":"VP DANSES, cours de Danse Sportive \u00e0 Aire-sur-la-Lys et \u00e0 Saint-Jans-Cappel (Hauts-de-France)","description":"Cours de Danse Sportive STANDARD (valse anglaise, tango, valse viennoise, slowfox, quickstep), danses sportives LATINES (samba, chacha, rumba, paso doble, jive), danses de bal, danses de salons, danses de loisirs, salsa, rock 4 temps, rock 6 temps, danses en ligne, disco, \u2026 Lieu : Hazebrouck, Aire-sur-la-Lys, Saint-Jans-Cappel et Isbergues (Hauts-de-France) - Cours Particuliers dans les Hauts-de-France - Ouverture de bal de Mariage","publisher":{"@id":"https:\/\/vpdanses.fr\/home\/bienvenue-chez-vp-danses-hazebrouck\/#organization"},"potentialAction":[{"@type":"SearchAction","target":{"@type":"EntryPoint","urlTemplate":"https:\/\/vpdanses.fr\/home\/bienvenue-chez-vp-danses-hazebrouck\/?s={search_term_string}"},"query-input":{"@type":"PropertyValueSpecification","valueRequired":true,"valueName":"search_term_string"}}],"inLanguage":"fr-FR"},{"@type":"Organization","@id":"https:\/\/vpdanses.fr\/home\/bienvenue-chez-vp-danses-hazebrouck\/#organization","name":"VP DANSES, cours de Danse Sportive \u00e0 Aire-sur-la-Lys et \u00e0 Saint-Jans-Cappel (Hauts-de-France)","url":"https:\/\/vpdanses.fr\/home\/bienvenue-chez-vp-danses-hazebrouck\/","logo":{"@type":"ImageObject","inLanguage":"fr-FR","@id":"https:\/\/vpdanses.fr\/home\/bienvenue-chez-vp-danses-hazebrouck\/#\/schema\/logo\/image\/","url":"https:\/\/vpdanses.fr\/wp-content\/uploads\/2024\/10\/logo_cadanse_asaintjans.jpeg","contentUrl":"https:\/\/vpdanses.fr\/wp-content\/uploads\/2024\/10\/logo_cadanse_asaintjans.jpeg","width":225,"height":225,"caption":"VP DANSES, cours de Danse Sportive \u00e0 Aire-sur-la-Lys et \u00e0 Saint-Jans-Cappel (Hauts-de-France)"},"image":{"@id":"https:\/\/vpdanses.fr\/home\/bienvenue-chez-vp-danses-hazebrouck\/#\/schema\/logo\/image\/"}},{"@type":"Person","@id":"https:\/\/vpdanses.fr\/home\/bienvenue-chez-vp-danses-hazebrouck\/#\/schema\/person\/bf87806369778f949b83c9cd885519e5","name":"VP DANSES","description":"\"VP danses\" est une association qui donne des cours de DANSES SPORTIVES STANDARDS (valse anglaise, tango, valse viennoise, slowfox, quickstep), de DANSES SPORTIVES LATINES (samba, chacha, rumba, paso doble, jive), de DANSES DE BAL, de DANSES DE SALONS, de DANSES DE LOISIRS, de SALSA, de ROCK 4 TEMPS, de ROCK 6 TEMPS, de DANSES EN LIGNE, de DISCO, \u2026","sameAs":["https:\/\/vpdanses.fr"],"url":"https:\/\/vpdanses.fr\/home\/bienvenue-chez-vp-danses-hazebrouck\/author\/adminvp20241018\/"}]}},"jetpack_featured_media_url":"https:\/\/vpdanses.fr\/wp-content\/uploads\/2025\/12\/VP-DANSES_Cours_Salsa_StJansCappel.jpg","uagb_featured_image_src":{"full":["https:\/\/vpdanses.fr\/wp-content\/uploads\/2025\/12\/VP-DANSES_Cours_Salsa_StJansCappel.jpg",1200,821,false],"thumbnail":["https:\/\/vpdanses.fr\/wp-content\/uploads\/2025\/12\/VP-DANSES_Cours_Salsa_StJansCappel-150x150.jpg",150,150,true],"medium":["https:\/\/vpdanses.fr\/wp-content\/uploads\/2025\/12\/VP-DANSES_Cours_Salsa_StJansCappel-300x205.jpg",300,205,true],"medium_large":["https:\/\/vpdanses.fr\/wp-content\/uploads\/2025\/12\/VP-DANSES_Cours_Salsa_StJansCappel-768x525.jpg",768,525,true],"large":["https:\/\/vpdanses.fr\/wp-content\/uploads\/2025\/12\/VP-DANSES_Cours_Salsa_StJansCappel-1024x701.jpg",1024,701,true],"1536x1536":["https:\/\/vpdanses.fr\/wp-content\/uploads\/2025\/12\/VP-DANSES_Cours_Salsa_StJansCappel.jpg",1200,821,false],"2048x2048":["https:\/\/vpdanses.fr\/wp-content\/uploads\/2025\/12\/VP-DANSES_Cours_Salsa_StJansCappel.jpg",1200,821,false],"vp_sm":["https:\/\/vpdanses.fr\/wp-content\/uploads\/2025\/12\/VP-DANSES_Cours_Salsa_StJansCappel-500x342.jpg",500,342,true],"vp_md":["https:\/\/vpdanses.fr\/wp-content\/uploads\/2025\/12\/VP-DANSES_Cours_Salsa_StJansCappel-800x547.jpg",800,547,true],"vp_lg":["https:\/\/vpdanses.fr\/wp-content\/uploads\/2025\/12\/VP-DANSES_Cours_Salsa_StJansCappel.jpg",1200,821,false],"vp_xl":["https:\/\/vpdanses.fr\/wp-content\/uploads\/2025\/12\/VP-DANSES_Cours_Salsa_StJansCappel.jpg",1200,821,false],"vp_sm_popup":["https:\/\/vpdanses.fr\/wp-content\/uploads\/2025\/12\/VP-DANSES_Cours_Salsa_StJansCappel-500x342.jpg",500,342,true],"vp_md_popup":["https:\/\/vpdanses.fr\/wp-content\/uploads\/2025\/12\/VP-DANSES_Cours_Salsa_StJansCappel-800x547.jpg",800,547,true],"vp_xl_popup":["https:\/\/vpdanses.fr\/wp-content\/uploads\/2025\/12\/VP-DANSES_Cours_Salsa_StJansCappel.jpg",1200,821,false],"dance-blog-thumb":["https:\/\/vpdanses.fr\/wp-content\/uploads\/2025\/12\/VP-DANSES_Cours_Salsa_StJansCappel-150x120.jpg",150,120,true],"dance-event-list":["https:\/\/vpdanses.fr\/wp-content\/uploads\/2025\/12\/VP-DANSES_Cours_Salsa_StJansCappel-420x336.jpg",420,336,true],"dance-event-single-type1":["https:\/\/vpdanses.fr\/wp-content\/uploads\/2025\/12\/VP-DANSES_Cours_Salsa_StJansCappel-773x520.jpg",773,520,true],"dance-event-single-type4":["https:\/\/vpdanses.fr\/wp-content\/uploads\/2025\/12\/VP-DANSES_Cours_Salsa_StJansCappel-570x460.jpg",570,460,true],"dance-event-single-type5":["https:\/\/vpdanses.fr\/wp-content\/uploads\/2025\/12\/VP-DANSES_Cours_Salsa_StJansCappel-746x770.jpg",746,770,true],"dance-event-list2":["https:\/\/vpdanses.fr\/wp-content\/uploads\/2025\/12\/VP-DANSES_Cours_Salsa_StJansCappel-420x275.jpg",420,275,true]},"uagb_author_info":{"display_name":"VP DANSES","author_link":"https:\/\/vpdanses.fr\/home\/bienvenue-chez-vp-danses-hazebrouck\/author\/adminvp20241018\/"},"uagb_comment_info":0,"uagb_excerpt":"Cours particulier de Salsa \u00e0 Saint-Jans-Cappel avec VP DANSES : une s\u00e9ance personnalis\u00e9e ax\u00e9e sur la technique, la fluidit\u00e9 et l\u2019accompagnement professionnel de Virginie et Philippe, comp\u00e9titeurs en Danse Sportive.","jetpack_sharing_enabled":true,"_links":{"self":[{"href":"https:\/\/vpdanses.fr\/home\/bienvenue-chez-vp-danses-hazebrouck\/wp-json\/wp\/v2\/posts\/14679","targetHints":{"allow":["GET"]}}],"collection":[{"href":"https:\/\/vpdanses.fr\/home\/bienvenue-chez-vp-danses-hazebrouck\/wp-json\/wp\/v2\/posts"}],"about":[{"href":"https:\/\/vpdanses.fr\/home\/bienvenue-chez-vp-danses-hazebrouck\/wp-json\/wp\/v2\/types\/post"}],"author":[{"embeddable":true,"href":"https:\/\/vpdanses.fr\/home\/bienvenue-chez-vp-danses-hazebrouck\/wp-json\/wp\/v2\/users\/1"}],"replies":[{"embeddable":true,"href":"https:\/\/vpdanses.fr\/home\/bienvenue-chez-vp-danses-hazebrouck\/wp-json\/wp\/v2\/comments?post=14679"}],"version-history":[{"count":2,"href":"https:\/\/vpdanses.fr\/home\/bienvenue-chez-vp-danses-hazebrouck\/wp-json\/wp\/v2\/posts\/14679\/revisions"}],"predecessor-version":[{"id":14686,"href":"https:\/\/vpdanses.fr\/home\/bienvenue-chez-vp-danses-hazebrouck\/wp-json\/wp\/v2\/posts\/14679\/revisions\/14686"}],"wp:featuredmedia":[{"embeddable":true,"href":"https:\/\/vpdanses.fr\/home\/bienvenue-chez-vp-danses-hazebrouck\/wp-json\/wp\/v2\/media\/14682"}],"wp:attachment":[{"href":"https:\/\/vpdanses.fr\/home\/bienvenue-chez-vp-danses-hazebrouck\/wp-json\/wp\/v2\/media?parent=14679"}],"wp:term":[{"taxonomy":"category","embeddable":true,"href":"https:\/\/vpdanses.fr\/home\/bienvenue-chez-vp-danses-hazebrouck\/wp-json\/wp\/v2\/categories?post=14679"},{"taxonomy":"post_tag","embeddable":true,"href":"https:\/\/vpdanses.fr\/home\/bienvenue-chez-vp-danses-hazebrouck\/wp-json\/wp\/v2\/tags?post=14679"}],"curies":[{"name":"wp","href":"https:\/\/api.w.org\/{rel}","templated":true}]}}