{"id":14688,"date":"2025-12-04T06:47:58","date_gmt":"2025-12-04T05:47:58","guid":{"rendered":"https:\/\/vpdanses.fr\/home\/bienvenue-chez-vp-danses-hazebrouck\/?p=14688"},"modified":"2025-12-04T07:07:06","modified_gmt":"2025-12-04T06:07:06","slug":"quickstep-avance-isbergues-sven-balcerzak-vp-danses","status":"publish","type":"post","link":"https:\/\/vpdanses.fr\/home\/bienvenue-chez-vp-danses-hazebrouck\/quickstep-avance-isbergues-sven-balcerzak-vp-danses\/","title":{"rendered":"Cr\u00e9ation d\u2019une chor\u00e9graphie de Quickstep avanc\u00e9 \u00e0 Isbergues avec Sven Balcerzak"},"content":{"rendered":"\n<h2 class=\"wp-block-heading\" id=\"h-une-seance-de-danse-sportive-de-haut-niveau-au-coeur-du-pas-de-calais\">Une s\u00e9ance de Danse Sportive de haut niveau au c\u0153ur du Pas-de-Calais<\/h2>\n\n\n\n<p>Le 16 novembre 2025, la salle Jean Mac\u00e9 d\u2019<strong><a href=\"https:\/\/www.ville-isbergues.org\" target=\"_blank\" rel=\"noreferrer noopener\">Isbergues<\/a><\/strong> a accueilli une s\u00e9ance exceptionnelle de Danse Sportive d\u00e9di\u00e9e \u00e0 la cr\u00e9ation chor\u00e9graphique. Cet \u00e9v\u00e9nement a rassembl\u00e9 expertise technique et ambition artistique, renfor\u00e7ant la pr\u00e9sence de la danse standard au sein du territoire du Pas-de-Calais. Cette s\u00e9ance illustre la vitalit\u00e9 culturelle et sportive de la r\u00e9gion, o\u00f9 la Danse Sportive se structure et se d\u00e9veloppe chaque ann\u00e9e davantage.<\/p>\n\n\n\n<h2 class=\"wp-block-heading\" id=\"h-un-travail-choregraphique-dirige-par-sven-balcerzak-ascendance-creativ-danse\">Un travail chor\u00e9graphique dirig\u00e9 par Sven Balcerzak (Ascendance Creativ\u2019Danse)<\/h2>\n\n\n\n<p>La s\u00e9ance a \u00e9t\u00e9 dirig\u00e9e par <strong>Sven Balcerzak<\/strong>, professeur et chor\u00e9graphe de l\u2019association <strong><a href=\"https:\/\/www.facebook.com\/AscendanceCreativDanse\" target=\"_blank\" rel=\"noreferrer noopener\">Ascendance Creativ\u2019Danse<\/a><\/strong>. Reconnu pour son exigence technique et sa p\u00e9dagogie structur\u00e9e, il a guid\u00e9 la conception d\u2019une <strong>nouvelle chor\u00e9graphie de <a href=\"https:\/\/www.ffdanse.fr\/disciplines\/latines-standards\/standards\" target=\"_blank\" rel=\"noreferrer noopener\">Quickstep<\/a><\/strong> de niveau avanc\u00e9. Son approche m\u00e9thodique et artistique permet d\u2019amener les danseurs vers une ma\u00eetrise progressive des standards internationaux, tout en favorisant une v\u00e9ritable compr\u00e9hension du mouvement et du style.<\/p>\n\n\n\n<h2 class=\"wp-block-heading\" id=\"h-un-quickstep-conforme-aux-exigences-de-la-federation-francaise-de-danse\">Un Quickstep conforme aux exigences de la F\u00e9d\u00e9ration Fran\u00e7aise de Danse<\/h2>\n\n\n\n<p>La chor\u00e9graphie \u00e9labor\u00e9e durant ce cours r\u00e9pond aux crit\u00e8res d\u00e9finis par la F\u00e9d\u00e9ration Fran\u00e7aise de Danse (FFD), garantissant un travail rigoureux et conforme aux attentes des comp\u00e9titions officielles. Le Quickstep, danse dynamique et codifi\u00e9e, exige une grande pr\u00e9cision dans la musicalit\u00e9, les orientations et l\u2019utilisation de l\u2019espace. La s\u00e9ance a ainsi permis de consolider les fondamentaux tout en int\u00e9grant des \u00e9l\u00e9ments chor\u00e9graphiques avanc\u00e9s adapt\u00e9s \u00e0 un niveau comp\u00e9titif.<\/p>\n\n\n\n<h2 class=\"wp-block-heading\" id=\"h-technique-musicalite-et-precision-les-axes-du-cours-avance\">Technique, musicalit\u00e9 et pr\u00e9cision : les axes du cours avanc\u00e9<\/h2>\n\n\n\n<p>Durant la session, une attention particuli\u00e8re a \u00e9t\u00e9 port\u00e9e \u00e0 la fluidit\u00e9 des transitions, \u00e0 la lisibilit\u00e9 des figures et \u00e0 la connexion entre partenaires. Le travail sur la musicalit\u00e9 a permis d\u2019affiner l\u2019expression du style propre au Quickstep, tandis que les exercices techniques ont renforc\u00e9 l\u2019\u00e9quilibre, la posture et la coordination. Cette s\u00e9ance structur\u00e9e illustre l\u2019importance d\u2019un encadrement professionnel pour progresser durablement dans les danses standard.<\/p>\n\n\n\n<h2 class=\"wp-block-heading\" id=\"h-decouvrir-et-pratiquer-la-danse-sportive-dans-la-region\">D\u00e9couvrir et pratiquer la Danse Sportive dans la r\u00e9gion<\/h2>\n\n\n\n<p>Les personnes souhaitant s\u2019initier, se perfectionner ou pr\u00e9parer des comp\u00e9titions officielles disposent, gr\u00e2ce \u00e0 <strong><a href=\"https:\/\/www.facebook.com\/sven.balcerzak\" target=\"_blank\" rel=\"noreferrer noopener\">Sven Balcerzak<\/a><\/strong> et Ascendance Creativ\u2019Danse, d\u2019un cadre d\u2019apprentissage s\u00e9rieux et accessible. Que ce soit pour une pratique loisir ou un engagement comp\u00e9titif, l\u2019enseignement propos\u00e9 combine rigueur, passion et accompagnement personnalis\u00e9. La r\u00e9gion b\u00e9n\u00e9ficie ainsi d\u2019une structure dynamique permettant de promouvoir et de valoriser la Danse Sportive aupr\u00e8s d\u2019un large public.<\/p>\n\n\n\n<p><strong><a href=\"https:\/\/vpdanses.fr\/home\/bienvenue-chez-vp-danses-hazebrouck\/formulaire-de-contact\/\" target=\"_blank\" rel=\"noreferrer noopener\">Cliquez ici<\/a><\/strong> pour <strong>nous contacter<\/strong> ou <strong>poser vos questions<\/strong> ! <\/p>\n\n\n\n<div style=\"height:100px\" aria-hidden=\"true\" class=\"wp-block-spacer\"><\/div>\n\n\n\n<hr class=\"wp-block-separator has-alpha-channel-opacity\"\/>\n\n\n<div class=\"wp-block-visual-portfolio alignwide\">\n<div class=\"vp-portfolio vp-uid-4e896a82 vp-id-1khLJD\"\n\tdata-vp-layout=\"tiles\" data-vp-content-source=\"images\" data-vp-items-style=\"fly\" data-vp-items-click-action=\"popup_gallery\" data-vp-items-gap=\"15\" data-vp-items-gap-vertical=\"\" data-vp-pagination=\"load-more\" data-vp-next-page-url=\"\" data-vp-tiles-type=\"3|1,1|\" >\n\t<div class=\"vp-portfolio__preloader-wrap\">\n\t\t<div class=\"vp-portfolio__preloader\">\n\t\t\t<img decoding=\"async\" loading=\"eager\" src=\"https:\/\/vpdanses.fr\/wp-content\/plugins\/visual-portfolio\/assets\/images\/logo-dark.svg\" alt=\"Visual Portfolio, Posts &amp; Image Gallery for WordPress\" width=\"20\" height=\"20\" data-skip-lazy>\n\t\t<\/div>\n\t<\/div>\n\t\t<div class=\"vp-portfolio__items-wrap\">\n\t\t\t\n<div class=\"vp-portfolio__items vp-portfolio__items-style-fly vp-portfolio__items-show-overlay-hover\">\n\n\t\t<div\t\tclass=\"vp-portfolio__item-wrap vp-portfolio__item-uid-13e8b28a\" data-vp-filter=\"\" \t\t>\n\t\t\t<template class=\"vp-portfolio__item-popup\" data-vp-popup-img=\"https:\/\/vpdanses.fr\/wp-content\/uploads\/2025\/12\/2025-11-16.ASCENDANCE-cours-particulier-QUICK-STEP_4393.jpg\" data-vp-popup-img-srcset=\"https:\/\/vpdanses.fr\/wp-content\/uploads\/2025\/12\/2025-11-16.ASCENDANCE-cours-particulier-QUICK-STEP_4393.jpg 1200w, https:\/\/vpdanses.fr\/wp-content\/uploads\/2025\/12\/2025-11-16.ASCENDANCE-cours-particulier-QUICK-STEP_4393-300x169.jpg 300w, https:\/\/vpdanses.fr\/wp-content\/uploads\/2025\/12\/2025-11-16.ASCENDANCE-cours-particulier-QUICK-STEP_4393-1024x575.jpg 1024w, https:\/\/vpdanses.fr\/wp-content\/uploads\/2025\/12\/2025-11-16.ASCENDANCE-cours-particulier-QUICK-STEP_4393-768x431.jpg 768w, https:\/\/vpdanses.fr\/wp-content\/uploads\/2025\/12\/2025-11-16.ASCENDANCE-cours-particulier-QUICK-STEP_4393-500x281.jpg 500w, https:\/\/vpdanses.fr\/wp-content\/uploads\/2025\/12\/2025-11-16.ASCENDANCE-cours-particulier-QUICK-STEP_4393-800x449.jpg 800w\" data-vp-popup-img-size=\"1200x674\" data-vp-popup-md-img=\"https:\/\/vpdanses.fr\/wp-content\/uploads\/2025\/12\/2025-11-16.ASCENDANCE-cours-particulier-QUICK-STEP_4393-800x449.jpg\" data-vp-popup-md-img-size=\"800x449\" data-vp-popup-sm-img=\"https:\/\/vpdanses.fr\/wp-content\/uploads\/2025\/12\/2025-11-16.ASCENDANCE-cours-particulier-QUICK-STEP_4393-500x281.jpg\" data-vp-popup-sm-img-size=\"500x281\">\n\t\t\t<h3 class=\"vp-portfolio__item-popup-title\">Sven Balcerzak enseigne le Quickstep \u00e0 Virginie \u2013 Salle Jean Mac\u00e9, Isbergues<\/h3>\n\t\t\t\t<div class=\"vp-portfolio__item-popup-description\">Photo capturant Sven Balcerzak en train d\u2019enseigner le Quickstep \u00e0 Virginie dans la salle Jean Mac\u00e9 d\u2019Isbergues. Le parquet offre un support id\u00e9al pour la pratique des danses standard et la progression technique. Une sc\u00e8ne repr\u00e9sentative de l\u2019enseignement de qualit\u00e9 d\u2019Ascendance Creativ\u2019Danse affili\u00e9 FFD.<\/div>\n\t\t<\/template>\n\t\t\t\t\t\t<figure class=\"vp-portfolio__item\">\n\t\t\t\t\n<div class=\"vp-portfolio__item-img-wrap\">\n\t<div class=\"vp-portfolio__item-img\">\n\t\t\t<a\n\t\thref=\"https:\/\/vpdanses.fr\/wp-content\/uploads\/2025\/12\/2025-11-16.ASCENDANCE-cours-particulier-QUICK-STEP_4393.jpg\"\n\t\t\t>\n\t\n\t\t<noscript><img loading=\"lazy\" decoding=\"async\" width=\"1200\" height=\"674\" data-skip-lazy src=\"https:\/\/vpdanses.fr\/wp-content\/uploads\/2025\/12\/2025-11-16.ASCENDANCE-cours-particulier-QUICK-STEP_4393.jpg\" class=\"wp-image-14693\" alt=\"Sven Balcerzak montre \u00e0 Virginie ses pas de Quickstep dans la salle Jean Mac\u00e9 \u00e0 Isbergues, parquet id\u00e9al pour la Danse Sportive FFD\" srcset=\"https:\/\/vpdanses.fr\/wp-content\/uploads\/2025\/12\/2025-11-16.ASCENDANCE-cours-particulier-QUICK-STEP_4393.jpg 1200w, https:\/\/vpdanses.fr\/wp-content\/uploads\/2025\/12\/2025-11-16.ASCENDANCE-cours-particulier-QUICK-STEP_4393-300x169.jpg 300w, https:\/\/vpdanses.fr\/wp-content\/uploads\/2025\/12\/2025-11-16.ASCENDANCE-cours-particulier-QUICK-STEP_4393-1024x575.jpg 1024w, https:\/\/vpdanses.fr\/wp-content\/uploads\/2025\/12\/2025-11-16.ASCENDANCE-cours-particulier-QUICK-STEP_4393-768x431.jpg 768w, https:\/\/vpdanses.fr\/wp-content\/uploads\/2025\/12\/2025-11-16.ASCENDANCE-cours-particulier-QUICK-STEP_4393-500x281.jpg 500w, https:\/\/vpdanses.fr\/wp-content\/uploads\/2025\/12\/2025-11-16.ASCENDANCE-cours-particulier-QUICK-STEP_4393-800x449.jpg 800w\" sizes=\"auto, (max-width: 1200px) 100vw, 1200px\" \/><\/noscript><img fetchpriority=\"high\" decoding=\"async\" width=\"1200\" height=\"674\" src=\"https:\/\/vpdanses.fr\/wp-content\/uploads\/2025\/12\/2025-11-16.ASCENDANCE-cours-particulier-QUICK-STEP_4393.jpg\" class=\"wp-image-14693 vp-lazyload\" alt=\"Sven Balcerzak montre \u00e0 Virginie ses pas de Quickstep dans la salle Jean Mac\u00e9 \u00e0 Isbergues, parquet id\u00e9al pour la Danse Sportive FFD\" srcset=\"data:image\/svg+xml;base64,PHN2ZyB3aWR0aD0iMTIwMCIgaGVpZ2h0PSI2NzQiIHZpZXdCb3g9IjAgMCAxMjAwIDY3NCIgZmlsbD0ibm9uZSIgeG1sbnM9Imh0dHA6Ly93d3cudzMub3JnLzIwMDAvc3ZnIj48L3N2Zz4=\" data-src=\"https:\/\/vpdanses.fr\/wp-content\/uploads\/2025\/12\/2025-11-16.ASCENDANCE-cours-particulier-QUICK-STEP_4393.jpg\" data-srcset=\"https:\/\/vpdanses.fr\/wp-content\/uploads\/2025\/12\/2025-11-16.ASCENDANCE-cours-particulier-QUICK-STEP_4393.jpg 1200w, https:\/\/vpdanses.fr\/wp-content\/uploads\/2025\/12\/2025-11-16.ASCENDANCE-cours-particulier-QUICK-STEP_4393-300x169.jpg 300w, https:\/\/vpdanses.fr\/wp-content\/uploads\/2025\/12\/2025-11-16.ASCENDANCE-cours-particulier-QUICK-STEP_4393-1024x575.jpg 1024w, https:\/\/vpdanses.fr\/wp-content\/uploads\/2025\/12\/2025-11-16.ASCENDANCE-cours-particulier-QUICK-STEP_4393-768x431.jpg 768w, https:\/\/vpdanses.fr\/wp-content\/uploads\/2025\/12\/2025-11-16.ASCENDANCE-cours-particulier-QUICK-STEP_4393-500x281.jpg 500w, https:\/\/vpdanses.fr\/wp-content\/uploads\/2025\/12\/2025-11-16.ASCENDANCE-cours-particulier-QUICK-STEP_4393-800x449.jpg 800w\" data-sizes=\"auto\" loading=\"eager\">\n\t\t<\/a>\t<\/div>\n<\/div>\n\t<figcaption class=\"vp-portfolio__item-overlay vp-portfolio__item-overlay-text-align-center\">\n\t\t<div class=\"vp-portfolio__item-meta-wrap vp-portfolio__custom-scrollbar\">\n\t\t\t\t<a\n\t\thref=\"https:\/\/vpdanses.fr\/wp-content\/uploads\/2025\/12\/2025-11-16.ASCENDANCE-cours-particulier-QUICK-STEP_4393.jpg\"\n\t\ttabindex=\"-1\" class=\"vp-portfolio__item-meta\" \t>\n\t\n<h2 class=\"vp-portfolio__item-meta-title\">\n\tSven Balcerzak enseigne le Quickstep \u00e0 Virginie \u2013 Salle Jean Mac\u00e9, Isbergues<\/h2>\n<\/a>\t\t<\/div>\n\t<\/figcaption>\n\t\t\t<\/figure>\n\t\t\t\t\t<\/div>\n\t\t\n\t\t<div\t\tclass=\"vp-portfolio__item-wrap vp-portfolio__item-uid-31d7c41a\" data-vp-filter=\"\" \t\t>\n\t\t\t<template class=\"vp-portfolio__item-popup\" data-vp-popup-img=\"https:\/\/vpdanses.fr\/wp-content\/uploads\/2025\/12\/2025-11-16.ASCENDANCE-cours-particulier-QUICK-STEP_4394.jpg\" data-vp-popup-img-srcset=\"https:\/\/vpdanses.fr\/wp-content\/uploads\/2025\/12\/2025-11-16.ASCENDANCE-cours-particulier-QUICK-STEP_4394.jpg 1200w, https:\/\/vpdanses.fr\/wp-content\/uploads\/2025\/12\/2025-11-16.ASCENDANCE-cours-particulier-QUICK-STEP_4394-300x194.jpg 300w, https:\/\/vpdanses.fr\/wp-content\/uploads\/2025\/12\/2025-11-16.ASCENDANCE-cours-particulier-QUICK-STEP_4394-1024x660.jpg 1024w, https:\/\/vpdanses.fr\/wp-content\/uploads\/2025\/12\/2025-11-16.ASCENDANCE-cours-particulier-QUICK-STEP_4394-768x495.jpg 768w, https:\/\/vpdanses.fr\/wp-content\/uploads\/2025\/12\/2025-11-16.ASCENDANCE-cours-particulier-QUICK-STEP_4394-500x323.jpg 500w, https:\/\/vpdanses.fr\/wp-content\/uploads\/2025\/12\/2025-11-16.ASCENDANCE-cours-particulier-QUICK-STEP_4394-800x516.jpg 800w\" data-vp-popup-img-size=\"1200x774\" data-vp-popup-md-img=\"https:\/\/vpdanses.fr\/wp-content\/uploads\/2025\/12\/2025-11-16.ASCENDANCE-cours-particulier-QUICK-STEP_4394-800x516.jpg\" data-vp-popup-md-img-size=\"800x516\" data-vp-popup-sm-img=\"https:\/\/vpdanses.fr\/wp-content\/uploads\/2025\/12\/2025-11-16.ASCENDANCE-cours-particulier-QUICK-STEP_4394-500x323.jpg\" data-vp-popup-sm-img-size=\"500x323\">\n\t\t\t<h3 class=\"vp-portfolio__item-popup-title\">Sven Balcerzak et Virginie ex\u00e9cutent un rond\u00e9 en Quickstep \u2013 Salle Jean Mac\u00e9, Isbergues<\/h3>\n\t\t\t\t<div class=\"vp-portfolio__item-popup-description\">Photo montrant Sven Balcerzak et Virginie en train de r\u00e9aliser un rond\u00e9 avec leur jambe en Quickstep dans la salle Jean Mac\u00e9 \u00e0 Isbergues. Le parquet permet une pratique optimale pour la technique et la fluidit\u00e9 des mouvements. Illustration d\u2019un cours avanc\u00e9 en Danse Sportive FFD avec Ascendance Creativ\u2019Danse.<\/div>\n\t\t<\/template>\n\t\t\t\t\t\t<figure class=\"vp-portfolio__item\">\n\t\t\t\t\n<div class=\"vp-portfolio__item-img-wrap\">\n\t<div class=\"vp-portfolio__item-img\">\n\t\t\t<a\n\t\thref=\"https:\/\/vpdanses.fr\/wp-content\/uploads\/2025\/12\/2025-11-16.ASCENDANCE-cours-particulier-QUICK-STEP_4394.jpg\"\n\t\t\t>\n\t\n\t\t<noscript><img loading=\"lazy\" decoding=\"async\" width=\"1200\" height=\"774\" data-skip-lazy src=\"https:\/\/vpdanses.fr\/wp-content\/uploads\/2025\/12\/2025-11-16.ASCENDANCE-cours-particulier-QUICK-STEP_4394.jpg\" class=\"wp-image-14695\" alt=\"Sven Balcerzak et Virginie ex\u00e9cutant un rond\u00e9 en Quickstep dans la salle Jean Mac\u00e9 \u00e0 Isbergues, parquet id\u00e9al pour la Danse Sportive FFD\" srcset=\"https:\/\/vpdanses.fr\/wp-content\/uploads\/2025\/12\/2025-11-16.ASCENDANCE-cours-particulier-QUICK-STEP_4394.jpg 1200w, https:\/\/vpdanses.fr\/wp-content\/uploads\/2025\/12\/2025-11-16.ASCENDANCE-cours-particulier-QUICK-STEP_4394-300x194.jpg 300w, https:\/\/vpdanses.fr\/wp-content\/uploads\/2025\/12\/2025-11-16.ASCENDANCE-cours-particulier-QUICK-STEP_4394-1024x660.jpg 1024w, https:\/\/vpdanses.fr\/wp-content\/uploads\/2025\/12\/2025-11-16.ASCENDANCE-cours-particulier-QUICK-STEP_4394-768x495.jpg 768w, https:\/\/vpdanses.fr\/wp-content\/uploads\/2025\/12\/2025-11-16.ASCENDANCE-cours-particulier-QUICK-STEP_4394-500x323.jpg 500w, https:\/\/vpdanses.fr\/wp-content\/uploads\/2025\/12\/2025-11-16.ASCENDANCE-cours-particulier-QUICK-STEP_4394-800x516.jpg 800w\" sizes=\"auto, (max-width: 1200px) 100vw, 1200px\" \/><\/noscript><img decoding=\"async\" width=\"1200\" height=\"774\" src=\"https:\/\/vpdanses.fr\/wp-content\/uploads\/2025\/12\/2025-11-16.ASCENDANCE-cours-particulier-QUICK-STEP_4394.jpg\" class=\"wp-image-14695 vp-lazyload\" alt=\"Sven Balcerzak et Virginie ex\u00e9cutant un rond\u00e9 en Quickstep dans la salle Jean Mac\u00e9 \u00e0 Isbergues, parquet id\u00e9al pour la Danse Sportive FFD\" srcset=\"data:image\/svg+xml;base64,PHN2ZyB3aWR0aD0iMTIwMCIgaGVpZ2h0PSI3NzQiIHZpZXdCb3g9IjAgMCAxMjAwIDc3NCIgZmlsbD0ibm9uZSIgeG1sbnM9Imh0dHA6Ly93d3cudzMub3JnLzIwMDAvc3ZnIj48L3N2Zz4=\" data-src=\"https:\/\/vpdanses.fr\/wp-content\/uploads\/2025\/12\/2025-11-16.ASCENDANCE-cours-particulier-QUICK-STEP_4394.jpg\" data-srcset=\"https:\/\/vpdanses.fr\/wp-content\/uploads\/2025\/12\/2025-11-16.ASCENDANCE-cours-particulier-QUICK-STEP_4394.jpg 1200w, https:\/\/vpdanses.fr\/wp-content\/uploads\/2025\/12\/2025-11-16.ASCENDANCE-cours-particulier-QUICK-STEP_4394-300x194.jpg 300w, https:\/\/vpdanses.fr\/wp-content\/uploads\/2025\/12\/2025-11-16.ASCENDANCE-cours-particulier-QUICK-STEP_4394-1024x660.jpg 1024w, https:\/\/vpdanses.fr\/wp-content\/uploads\/2025\/12\/2025-11-16.ASCENDANCE-cours-particulier-QUICK-STEP_4394-768x495.jpg 768w, https:\/\/vpdanses.fr\/wp-content\/uploads\/2025\/12\/2025-11-16.ASCENDANCE-cours-particulier-QUICK-STEP_4394-500x323.jpg 500w, https:\/\/vpdanses.fr\/wp-content\/uploads\/2025\/12\/2025-11-16.ASCENDANCE-cours-particulier-QUICK-STEP_4394-800x516.jpg 800w\" data-sizes=\"auto\" loading=\"eager\">\n\t\t<\/a>\t<\/div>\n<\/div>\n\t<figcaption class=\"vp-portfolio__item-overlay vp-portfolio__item-overlay-text-align-center\">\n\t\t<div class=\"vp-portfolio__item-meta-wrap vp-portfolio__custom-scrollbar\">\n\t\t\t\t<a\n\t\thref=\"https:\/\/vpdanses.fr\/wp-content\/uploads\/2025\/12\/2025-11-16.ASCENDANCE-cours-particulier-QUICK-STEP_4394.jpg\"\n\t\ttabindex=\"-1\" class=\"vp-portfolio__item-meta\" \t>\n\t\n<h2 class=\"vp-portfolio__item-meta-title\">\n\tSven Balcerzak et Virginie ex\u00e9cutent un rond\u00e9 en Quickstep \u2013 Salle Jean Mac\u00e9, Isbergues<\/h2>\n<\/a>\t\t<\/div>\n\t<\/figcaption>\n\t\t\t<\/figure>\n\t\t\t\t\t<\/div>\n\t\t\n\t\t<div\t\tclass=\"vp-portfolio__item-wrap vp-portfolio__item-uid-594dd798\" data-vp-filter=\"\" \t\t>\n\t\t\t<template class=\"vp-portfolio__item-popup\" data-vp-popup-img=\"https:\/\/vpdanses.fr\/wp-content\/uploads\/2025\/12\/2025-11-16.ASCENDANCE-cours-particulier-QUICK-STEP_4397.jpg\" data-vp-popup-img-srcset=\"https:\/\/vpdanses.fr\/wp-content\/uploads\/2025\/12\/2025-11-16.ASCENDANCE-cours-particulier-QUICK-STEP_4397.jpg 1200w, https:\/\/vpdanses.fr\/wp-content\/uploads\/2025\/12\/2025-11-16.ASCENDANCE-cours-particulier-QUICK-STEP_4397-300x169.jpg 300w, https:\/\/vpdanses.fr\/wp-content\/uploads\/2025\/12\/2025-11-16.ASCENDANCE-cours-particulier-QUICK-STEP_4397-1024x575.jpg 1024w, https:\/\/vpdanses.fr\/wp-content\/uploads\/2025\/12\/2025-11-16.ASCENDANCE-cours-particulier-QUICK-STEP_4397-768x431.jpg 768w, https:\/\/vpdanses.fr\/wp-content\/uploads\/2025\/12\/2025-11-16.ASCENDANCE-cours-particulier-QUICK-STEP_4397-500x281.jpg 500w, https:\/\/vpdanses.fr\/wp-content\/uploads\/2025\/12\/2025-11-16.ASCENDANCE-cours-particulier-QUICK-STEP_4397-800x449.jpg 800w\" data-vp-popup-img-size=\"1200x674\" data-vp-popup-md-img=\"https:\/\/vpdanses.fr\/wp-content\/uploads\/2025\/12\/2025-11-16.ASCENDANCE-cours-particulier-QUICK-STEP_4397-800x449.jpg\" data-vp-popup-md-img-size=\"800x449\" data-vp-popup-sm-img=\"https:\/\/vpdanses.fr\/wp-content\/uploads\/2025\/12\/2025-11-16.ASCENDANCE-cours-particulier-QUICK-STEP_4397-500x281.jpg\" data-vp-popup-sm-img-size=\"500x281\">\n\t\t\t<h3 class=\"vp-portfolio__item-popup-title\">Virginie en Quickstep : \u00e9quilibre sur la plante des pieds \u2013 Salle Jean Mac\u00e9, Isbergues<\/h3>\n\t\t\t\t<div class=\"vp-portfolio__item-popup-description\">Photo de Virginie ex\u00e9cutant un \u00e9quilibre sur la plante des deux pieds en Quickstep, dos \u00e0 la ligne de danse, dans la salle Jean Mac\u00e9 \u00e0 Isbergues. Encadr\u00e9e par Sven Balcerzak, cette posture illustre le travail technique avanc\u00e9 en Danse Sportive FFD sur parquet adapt\u00e9.<\/div>\n\t\t<\/template>\n\t\t\t\t\t\t<figure class=\"vp-portfolio__item\">\n\t\t\t\t\n<div class=\"vp-portfolio__item-img-wrap\">\n\t<div class=\"vp-portfolio__item-img\">\n\t\t\t<a\n\t\thref=\"https:\/\/vpdanses.fr\/wp-content\/uploads\/2025\/12\/2025-11-16.ASCENDANCE-cours-particulier-QUICK-STEP_4397.jpg\"\n\t\t\t>\n\t\n\t\t<noscript><img loading=\"lazy\" decoding=\"async\" width=\"1200\" height=\"674\" data-skip-lazy src=\"https:\/\/vpdanses.fr\/wp-content\/uploads\/2025\/12\/2025-11-16.ASCENDANCE-cours-particulier-QUICK-STEP_4397.jpg\" class=\"wp-image-14697\" alt=\"Virginie dos \u00e0 la ligne de danse, \u00e9quilibr\u00e9e sur la plante des deux pieds en Quickstep, dans la salle Jean Mac\u00e9 \u00e0 Isbergues sous la supervision de Sven Balcerzak\" srcset=\"https:\/\/vpdanses.fr\/wp-content\/uploads\/2025\/12\/2025-11-16.ASCENDANCE-cours-particulier-QUICK-STEP_4397.jpg 1200w, https:\/\/vpdanses.fr\/wp-content\/uploads\/2025\/12\/2025-11-16.ASCENDANCE-cours-particulier-QUICK-STEP_4397-300x169.jpg 300w, https:\/\/vpdanses.fr\/wp-content\/uploads\/2025\/12\/2025-11-16.ASCENDANCE-cours-particulier-QUICK-STEP_4397-1024x575.jpg 1024w, https:\/\/vpdanses.fr\/wp-content\/uploads\/2025\/12\/2025-11-16.ASCENDANCE-cours-particulier-QUICK-STEP_4397-768x431.jpg 768w, https:\/\/vpdanses.fr\/wp-content\/uploads\/2025\/12\/2025-11-16.ASCENDANCE-cours-particulier-QUICK-STEP_4397-500x281.jpg 500w, https:\/\/vpdanses.fr\/wp-content\/uploads\/2025\/12\/2025-11-16.ASCENDANCE-cours-particulier-QUICK-STEP_4397-800x449.jpg 800w\" sizes=\"auto, (max-width: 1200px) 100vw, 1200px\" \/><\/noscript><img decoding=\"async\" width=\"1200\" height=\"674\" src=\"https:\/\/vpdanses.fr\/wp-content\/uploads\/2025\/12\/2025-11-16.ASCENDANCE-cours-particulier-QUICK-STEP_4397.jpg\" class=\"wp-image-14697 vp-lazyload\" alt=\"Virginie dos \u00e0 la ligne de danse, \u00e9quilibr\u00e9e sur la plante des deux pieds en Quickstep, dans la salle Jean Mac\u00e9 \u00e0 Isbergues sous la supervision de Sven Balcerzak\" srcset=\"data:image\/svg+xml;base64,PHN2ZyB3aWR0aD0iMTIwMCIgaGVpZ2h0PSI2NzQiIHZpZXdCb3g9IjAgMCAxMjAwIDY3NCIgZmlsbD0ibm9uZSIgeG1sbnM9Imh0dHA6Ly93d3cudzMub3JnLzIwMDAvc3ZnIj48L3N2Zz4=\" data-src=\"https:\/\/vpdanses.fr\/wp-content\/uploads\/2025\/12\/2025-11-16.ASCENDANCE-cours-particulier-QUICK-STEP_4397.jpg\" data-srcset=\"https:\/\/vpdanses.fr\/wp-content\/uploads\/2025\/12\/2025-11-16.ASCENDANCE-cours-particulier-QUICK-STEP_4397.jpg 1200w, https:\/\/vpdanses.fr\/wp-content\/uploads\/2025\/12\/2025-11-16.ASCENDANCE-cours-particulier-QUICK-STEP_4397-300x169.jpg 300w, https:\/\/vpdanses.fr\/wp-content\/uploads\/2025\/12\/2025-11-16.ASCENDANCE-cours-particulier-QUICK-STEP_4397-1024x575.jpg 1024w, https:\/\/vpdanses.fr\/wp-content\/uploads\/2025\/12\/2025-11-16.ASCENDANCE-cours-particulier-QUICK-STEP_4397-768x431.jpg 768w, https:\/\/vpdanses.fr\/wp-content\/uploads\/2025\/12\/2025-11-16.ASCENDANCE-cours-particulier-QUICK-STEP_4397-500x281.jpg 500w, https:\/\/vpdanses.fr\/wp-content\/uploads\/2025\/12\/2025-11-16.ASCENDANCE-cours-particulier-QUICK-STEP_4397-800x449.jpg 800w\" data-sizes=\"auto\" loading=\"eager\">\n\t\t<\/a>\t<\/div>\n<\/div>\n\t<figcaption class=\"vp-portfolio__item-overlay vp-portfolio__item-overlay-text-align-center\">\n\t\t<div class=\"vp-portfolio__item-meta-wrap vp-portfolio__custom-scrollbar\">\n\t\t\t\t<a\n\t\thref=\"https:\/\/vpdanses.fr\/wp-content\/uploads\/2025\/12\/2025-11-16.ASCENDANCE-cours-particulier-QUICK-STEP_4397.jpg\"\n\t\ttabindex=\"-1\" class=\"vp-portfolio__item-meta\" \t>\n\t\n<h2 class=\"vp-portfolio__item-meta-title\">\n\tVirginie en Quickstep : \u00e9quilibre sur la plante des pieds \u2013 Salle Jean Mac\u00e9, Isbergues<\/h2>\n<\/a>\t\t<\/div>\n\t<\/figcaption>\n\t\t\t<\/figure>\n\t\t\t\t\t<\/div>\n\t\t\n\t\t<div\t\tclass=\"vp-portfolio__item-wrap vp-portfolio__item-uid-02ae19ac\" data-vp-filter=\"\" \t\t>\n\t\t\t<template class=\"vp-portfolio__item-popup\" data-vp-popup-img=\"https:\/\/vpdanses.fr\/wp-content\/uploads\/2025\/12\/2025-11-16.ASCENDANCE-cours-particulier-QUICK-STEP_4398.jpg\" data-vp-popup-img-srcset=\"https:\/\/vpdanses.fr\/wp-content\/uploads\/2025\/12\/2025-11-16.ASCENDANCE-cours-particulier-QUICK-STEP_4398.jpg 1200w, https:\/\/vpdanses.fr\/wp-content\/uploads\/2025\/12\/2025-11-16.ASCENDANCE-cours-particulier-QUICK-STEP_4398-300x169.jpg 300w, https:\/\/vpdanses.fr\/wp-content\/uploads\/2025\/12\/2025-11-16.ASCENDANCE-cours-particulier-QUICK-STEP_4398-1024x575.jpg 1024w, https:\/\/vpdanses.fr\/wp-content\/uploads\/2025\/12\/2025-11-16.ASCENDANCE-cours-particulier-QUICK-STEP_4398-768x431.jpg 768w, https:\/\/vpdanses.fr\/wp-content\/uploads\/2025\/12\/2025-11-16.ASCENDANCE-cours-particulier-QUICK-STEP_4398-500x281.jpg 500w, https:\/\/vpdanses.fr\/wp-content\/uploads\/2025\/12\/2025-11-16.ASCENDANCE-cours-particulier-QUICK-STEP_4398-800x449.jpg 800w\" data-vp-popup-img-size=\"1200x674\" data-vp-popup-md-img=\"https:\/\/vpdanses.fr\/wp-content\/uploads\/2025\/12\/2025-11-16.ASCENDANCE-cours-particulier-QUICK-STEP_4398-800x449.jpg\" data-vp-popup-md-img-size=\"800x449\" data-vp-popup-sm-img=\"https:\/\/vpdanses.fr\/wp-content\/uploads\/2025\/12\/2025-11-16.ASCENDANCE-cours-particulier-QUICK-STEP_4398-500x281.jpg\" data-vp-popup-sm-img-size=\"500x281\">\n\t\t\t<h3 class=\"vp-portfolio__item-popup-title\">Virginie r\u00e9alise rotation du bassin et swing en Quickstep \u00e0 Isbergues<\/h3>\n\t\t\t\t<div class=\"vp-portfolio__item-popup-description\">Photo montrant Virginie r\u00e9alisant une rotation du bassin avec swing en Quickstep, dos \u00e0 la ligne de danse, dans la salle Jean Mac\u00e9 \u00e0 Isbergues. Encadr\u00e9e par Sven Balcerzak, cette posture illustre le travail avanc\u00e9 sur technique, fluidit\u00e9 et musicalit\u00e9 en Danse Sportive FFD sur parquet adapt\u00e9.<\/div>\n\t\t<\/template>\n\t\t\t\t\t\t<figure class=\"vp-portfolio__item\">\n\t\t\t\t\n<div class=\"vp-portfolio__item-img-wrap\">\n\t<div class=\"vp-portfolio__item-img\">\n\t\t\t<a\n\t\thref=\"https:\/\/vpdanses.fr\/wp-content\/uploads\/2025\/12\/2025-11-16.ASCENDANCE-cours-particulier-QUICK-STEP_4398.jpg\"\n\t\t\t>\n\t\n\t\t<noscript><img loading=\"lazy\" decoding=\"async\" width=\"1200\" height=\"674\" data-skip-lazy src=\"https:\/\/vpdanses.fr\/wp-content\/uploads\/2025\/12\/2025-11-16.ASCENDANCE-cours-particulier-QUICK-STEP_4398.jpg\" class=\"wp-image-14698\" alt=\"Virginie dos \u00e0 la ligne de danse effectuant une rotation du bassin et swing en Quickstep dans la salle Jean Mac\u00e9 \u00e0 Isbergues sous la supervision de Sven Balcerzak\" srcset=\"https:\/\/vpdanses.fr\/wp-content\/uploads\/2025\/12\/2025-11-16.ASCENDANCE-cours-particulier-QUICK-STEP_4398.jpg 1200w, https:\/\/vpdanses.fr\/wp-content\/uploads\/2025\/12\/2025-11-16.ASCENDANCE-cours-particulier-QUICK-STEP_4398-300x169.jpg 300w, https:\/\/vpdanses.fr\/wp-content\/uploads\/2025\/12\/2025-11-16.ASCENDANCE-cours-particulier-QUICK-STEP_4398-1024x575.jpg 1024w, https:\/\/vpdanses.fr\/wp-content\/uploads\/2025\/12\/2025-11-16.ASCENDANCE-cours-particulier-QUICK-STEP_4398-768x431.jpg 768w, https:\/\/vpdanses.fr\/wp-content\/uploads\/2025\/12\/2025-11-16.ASCENDANCE-cours-particulier-QUICK-STEP_4398-500x281.jpg 500w, https:\/\/vpdanses.fr\/wp-content\/uploads\/2025\/12\/2025-11-16.ASCENDANCE-cours-particulier-QUICK-STEP_4398-800x449.jpg 800w\" sizes=\"auto, (max-width: 1200px) 100vw, 1200px\" \/><\/noscript><img decoding=\"async\" width=\"1200\" height=\"674\" src=\"https:\/\/vpdanses.fr\/wp-content\/uploads\/2025\/12\/2025-11-16.ASCENDANCE-cours-particulier-QUICK-STEP_4398.jpg\" class=\"wp-image-14698 vp-lazyload\" alt=\"Virginie dos \u00e0 la ligne de danse effectuant une rotation du bassin et swing en Quickstep dans la salle Jean Mac\u00e9 \u00e0 Isbergues sous la supervision de Sven Balcerzak\" srcset=\"data:image\/svg+xml;base64,PHN2ZyB3aWR0aD0iMTIwMCIgaGVpZ2h0PSI2NzQiIHZpZXdCb3g9IjAgMCAxMjAwIDY3NCIgZmlsbD0ibm9uZSIgeG1sbnM9Imh0dHA6Ly93d3cudzMub3JnLzIwMDAvc3ZnIj48L3N2Zz4=\" data-src=\"https:\/\/vpdanses.fr\/wp-content\/uploads\/2025\/12\/2025-11-16.ASCENDANCE-cours-particulier-QUICK-STEP_4398.jpg\" data-srcset=\"https:\/\/vpdanses.fr\/wp-content\/uploads\/2025\/12\/2025-11-16.ASCENDANCE-cours-particulier-QUICK-STEP_4398.jpg 1200w, https:\/\/vpdanses.fr\/wp-content\/uploads\/2025\/12\/2025-11-16.ASCENDANCE-cours-particulier-QUICK-STEP_4398-300x169.jpg 300w, https:\/\/vpdanses.fr\/wp-content\/uploads\/2025\/12\/2025-11-16.ASCENDANCE-cours-particulier-QUICK-STEP_4398-1024x575.jpg 1024w, https:\/\/vpdanses.fr\/wp-content\/uploads\/2025\/12\/2025-11-16.ASCENDANCE-cours-particulier-QUICK-STEP_4398-768x431.jpg 768w, https:\/\/vpdanses.fr\/wp-content\/uploads\/2025\/12\/2025-11-16.ASCENDANCE-cours-particulier-QUICK-STEP_4398-500x281.jpg 500w, https:\/\/vpdanses.fr\/wp-content\/uploads\/2025\/12\/2025-11-16.ASCENDANCE-cours-particulier-QUICK-STEP_4398-800x449.jpg 800w\" data-sizes=\"auto\" loading=\"eager\">\n\t\t<\/a>\t<\/div>\n<\/div>\n\t<figcaption class=\"vp-portfolio__item-overlay vp-portfolio__item-overlay-text-align-center\">\n\t\t<div class=\"vp-portfolio__item-meta-wrap vp-portfolio__custom-scrollbar\">\n\t\t\t\t<a\n\t\thref=\"https:\/\/vpdanses.fr\/wp-content\/uploads\/2025\/12\/2025-11-16.ASCENDANCE-cours-particulier-QUICK-STEP_4398.jpg\"\n\t\ttabindex=\"-1\" class=\"vp-portfolio__item-meta\" \t>\n\t\n<h2 class=\"vp-portfolio__item-meta-title\">\n\tVirginie r\u00e9alise rotation du bassin et swing en Quickstep \u00e0 Isbergues<\/h2>\n<\/a>\t\t<\/div>\n\t<\/figcaption>\n\t\t\t<\/figure>\n\t\t\t\t\t<\/div>\n\t\t\n\t\t<div\t\tclass=\"vp-portfolio__item-wrap vp-portfolio__item-uid-68ac1982\" data-vp-filter=\"\" \t\t>\n\t\t\t<template class=\"vp-portfolio__item-popup\" data-vp-popup-img=\"https:\/\/vpdanses.fr\/wp-content\/uploads\/2025\/12\/2025-11-16.ASCENDANCE-cours-particulier-QUICK-STEP_4399.jpg\" data-vp-popup-img-srcset=\"https:\/\/vpdanses.fr\/wp-content\/uploads\/2025\/12\/2025-11-16.ASCENDANCE-cours-particulier-QUICK-STEP_4399.jpg 1200w, https:\/\/vpdanses.fr\/wp-content\/uploads\/2025\/12\/2025-11-16.ASCENDANCE-cours-particulier-QUICK-STEP_4399-300x169.jpg 300w, https:\/\/vpdanses.fr\/wp-content\/uploads\/2025\/12\/2025-11-16.ASCENDANCE-cours-particulier-QUICK-STEP_4399-1024x575.jpg 1024w, https:\/\/vpdanses.fr\/wp-content\/uploads\/2025\/12\/2025-11-16.ASCENDANCE-cours-particulier-QUICK-STEP_4399-768x431.jpg 768w, https:\/\/vpdanses.fr\/wp-content\/uploads\/2025\/12\/2025-11-16.ASCENDANCE-cours-particulier-QUICK-STEP_4399-500x281.jpg 500w, https:\/\/vpdanses.fr\/wp-content\/uploads\/2025\/12\/2025-11-16.ASCENDANCE-cours-particulier-QUICK-STEP_4399-800x449.jpg 800w\" data-vp-popup-img-size=\"1200x674\" data-vp-popup-md-img=\"https:\/\/vpdanses.fr\/wp-content\/uploads\/2025\/12\/2025-11-16.ASCENDANCE-cours-particulier-QUICK-STEP_4399-800x449.jpg\" data-vp-popup-md-img-size=\"800x449\" data-vp-popup-sm-img=\"https:\/\/vpdanses.fr\/wp-content\/uploads\/2025\/12\/2025-11-16.ASCENDANCE-cours-particulier-QUICK-STEP_4399-500x281.jpg\" data-vp-popup-sm-img-size=\"500x281\">\n\t\t\t<h3 class=\"vp-portfolio__item-popup-title\">Virginie et Sven en position de contra check \u2013 Quickstep \u00e0 Isbergues<\/h3>\n\t\t\t\t<div class=\"vp-portfolio__item-popup-description\">Photo montrant Virginie et Sven Balcerzak dans une position de contra check en Quickstep, illustrant l\u2019attitude et la technique avanc\u00e9e dans la salle Jean Mac\u00e9 \u00e0 Isbergues. Une posture embl\u00e9matique du Quickstep, sur parquet adapt\u00e9, encadr\u00e9e par Ascendance Creativ\u2019Danse et conforme aux standards FFD.<\/div>\n\t\t<\/template>\n\t\t\t\t\t\t<figure class=\"vp-portfolio__item\">\n\t\t\t\t\n<div class=\"vp-portfolio__item-img-wrap\">\n\t<div class=\"vp-portfolio__item-img\">\n\t\t\t<a\n\t\thref=\"https:\/\/vpdanses.fr\/wp-content\/uploads\/2025\/12\/2025-11-16.ASCENDANCE-cours-particulier-QUICK-STEP_4399.jpg\"\n\t\t\t>\n\t\n\t\t<noscript><img loading=\"lazy\" decoding=\"async\" width=\"1200\" height=\"674\" data-skip-lazy src=\"https:\/\/vpdanses.fr\/wp-content\/uploads\/2025\/12\/2025-11-16.ASCENDANCE-cours-particulier-QUICK-STEP_4399.jpg\" class=\"wp-image-14699\" alt=\"Virginie et Sven Balcerzak en position de contra check en Quickstep dans la salle Jean Mac\u00e9 \u00e0 Isbergues, Pas-de-Calais, parquet id\u00e9al pour la Danse Sportive FFD\" srcset=\"https:\/\/vpdanses.fr\/wp-content\/uploads\/2025\/12\/2025-11-16.ASCENDANCE-cours-particulier-QUICK-STEP_4399.jpg 1200w, https:\/\/vpdanses.fr\/wp-content\/uploads\/2025\/12\/2025-11-16.ASCENDANCE-cours-particulier-QUICK-STEP_4399-300x169.jpg 300w, https:\/\/vpdanses.fr\/wp-content\/uploads\/2025\/12\/2025-11-16.ASCENDANCE-cours-particulier-QUICK-STEP_4399-1024x575.jpg 1024w, https:\/\/vpdanses.fr\/wp-content\/uploads\/2025\/12\/2025-11-16.ASCENDANCE-cours-particulier-QUICK-STEP_4399-768x431.jpg 768w, https:\/\/vpdanses.fr\/wp-content\/uploads\/2025\/12\/2025-11-16.ASCENDANCE-cours-particulier-QUICK-STEP_4399-500x281.jpg 500w, https:\/\/vpdanses.fr\/wp-content\/uploads\/2025\/12\/2025-11-16.ASCENDANCE-cours-particulier-QUICK-STEP_4399-800x449.jpg 800w\" sizes=\"auto, (max-width: 1200px) 100vw, 1200px\" \/><\/noscript><img decoding=\"async\" width=\"1200\" height=\"674\" src=\"https:\/\/vpdanses.fr\/wp-content\/uploads\/2025\/12\/2025-11-16.ASCENDANCE-cours-particulier-QUICK-STEP_4399.jpg\" class=\"wp-image-14699 vp-lazyload\" alt=\"Virginie et Sven Balcerzak en position de contra check en Quickstep dans la salle Jean Mac\u00e9 \u00e0 Isbergues, Pas-de-Calais, parquet id\u00e9al pour la Danse Sportive FFD\" srcset=\"data:image\/svg+xml;base64,PHN2ZyB3aWR0aD0iMTIwMCIgaGVpZ2h0PSI2NzQiIHZpZXdCb3g9IjAgMCAxMjAwIDY3NCIgZmlsbD0ibm9uZSIgeG1sbnM9Imh0dHA6Ly93d3cudzMub3JnLzIwMDAvc3ZnIj48L3N2Zz4=\" data-src=\"https:\/\/vpdanses.fr\/wp-content\/uploads\/2025\/12\/2025-11-16.ASCENDANCE-cours-particulier-QUICK-STEP_4399.jpg\" data-srcset=\"https:\/\/vpdanses.fr\/wp-content\/uploads\/2025\/12\/2025-11-16.ASCENDANCE-cours-particulier-QUICK-STEP_4399.jpg 1200w, https:\/\/vpdanses.fr\/wp-content\/uploads\/2025\/12\/2025-11-16.ASCENDANCE-cours-particulier-QUICK-STEP_4399-300x169.jpg 300w, https:\/\/vpdanses.fr\/wp-content\/uploads\/2025\/12\/2025-11-16.ASCENDANCE-cours-particulier-QUICK-STEP_4399-1024x575.jpg 1024w, https:\/\/vpdanses.fr\/wp-content\/uploads\/2025\/12\/2025-11-16.ASCENDANCE-cours-particulier-QUICK-STEP_4399-768x431.jpg 768w, https:\/\/vpdanses.fr\/wp-content\/uploads\/2025\/12\/2025-11-16.ASCENDANCE-cours-particulier-QUICK-STEP_4399-500x281.jpg 500w, https:\/\/vpdanses.fr\/wp-content\/uploads\/2025\/12\/2025-11-16.ASCENDANCE-cours-particulier-QUICK-STEP_4399-800x449.jpg 800w\" data-sizes=\"auto\" loading=\"eager\">\n\t\t<\/a>\t<\/div>\n<\/div>\n\t<figcaption class=\"vp-portfolio__item-overlay vp-portfolio__item-overlay-text-align-center\">\n\t\t<div class=\"vp-portfolio__item-meta-wrap vp-portfolio__custom-scrollbar\">\n\t\t\t\t<a\n\t\thref=\"https:\/\/vpdanses.fr\/wp-content\/uploads\/2025\/12\/2025-11-16.ASCENDANCE-cours-particulier-QUICK-STEP_4399.jpg\"\n\t\ttabindex=\"-1\" class=\"vp-portfolio__item-meta\" \t>\n\t\n<h2 class=\"vp-portfolio__item-meta-title\">\n\tVirginie et Sven en position de contra check \u2013 Quickstep \u00e0 Isbergues<\/h2>\n<\/a>\t\t<\/div>\n\t<\/figcaption>\n\t\t\t<\/figure>\n\t\t\t\t\t<\/div>\n\t\t\n<\/div>\n\t\t<\/div>\n\t\t\n<\/div>\n<\/div>","protected":false},"excerpt":{"rendered":"<p>Sven Balcerzak a dirig\u00e9 un cours avanc\u00e9 \u00e0 Isbergues pour cr\u00e9er une chor\u00e9graphie de Quickstep selon les standards de la FFD. Un moment fort pour la Danse Sportive en Hauts-de-France.<\/p>\n","protected":false},"author":1,"featured_media":14698,"comment_status":"closed","ping_status":"closed","sticky":false,"template":"","format":"standard","meta":{"_uag_custom_page_level_css":"","_price":"","_stock":"","_tribe_ticket_header":"","_tribe_default_ticket_provider":"","_tribe_ticket_capacity":"0","_ticket_start_date":"","_ticket_end_date":"","_tribe_ticket_show_description":"","_tribe_ticket_show_not_going":false,"_tribe_ticket_use_global_stock":"","_tribe_ticket_global_stock_level":"","_global_stock_mode":"","_global_stock_cap":"","_tribe_rsvp_for_event":"","_tribe_ticket_going_count":"","_tribe_ticket_not_going_count":"","_tribe_tickets_list":"[]","_tribe_ticket_has_attendee_info_fields":false,"_EventAllDay":false,"_EventTimezone":"","_EventStartDate":"","_EventEndDate":"","_EventStartDateUTC":"","_EventEndDateUTC":"","_EventShowMap":false,"_EventShowMapLink":false,"_EventURL":"","_EventCost":"","_EventCostDescription":"","_EventCurrencySymbol":"","_EventCurrencyCode":"","_EventCurrencyPosition":"","_EventDateTimeSeparator":"","_EventTimeRangeSeparator":"","_EventOrganizerID":[],"_EventVenueID":[],"_OrganizerEmail":"","_OrganizerPhone":"","_OrganizerWebsite":"","_VenueAddress":"","_VenueCity":"","_VenueCountry":"","_VenueProvince":"","_VenueState":"","_VenueZip":"","_VenuePhone":"","_VenueURL":"","_VenueStateProvince":"","_VenueLat":"","_VenueLng":"","_VenueShowMap":false,"_VenueShowMapLink":false,"_vp_format_video_url":"","_vp_image_focal_point":[],"_jetpack_memberships_contains_paid_content":false,"footnotes":""},"categories":[467,542,293,287],"tags":[502,52,544,545,503,233,318,120,333,543],"class_list":["post-14688","post","type-post","status-publish","format-standard","has-post-thumbnail","hentry","category-actualites-vp-danses","category-choregraphies","category-danse-sportive","category-isbergues","tag-ascendance-creativdanse","tag-ballroom","tag-choregraphie","tag-competition","tag-federation-francaise-de-danse","tag-ffd","tag-hauts-de-france","tag-isbergues","tag-pas-de-calais","tag-quickstep"],"yoast_head":"<!-- This site is optimized with the Yoast SEO Premium plugin v25.6 (Yoast SEO v25.6) - https:\/\/yoast.com\/wordpress\/plugins\/seo\/ -->\n<title>Cr\u00e9ation chor\u00e9graphique de Quickstep avanc\u00e9 \u00e0 Isbergues : un cours exceptionnel dirig\u00e9 par Sven Balcerzak<\/title>\n<meta name=\"description\" content=\"S\u00e9ance avanc\u00e9e de Danse Sportive \u00e0 Isbergues : Sven Balcerzak cr\u00e9e une nouvelle chor\u00e9graphie de Quickstep pour VP DANSES. Excellence, technique et FFD.\" \/>\n<meta name=\"robots\" content=\"index, follow, max-snippet:-1, max-image-preview:large, max-video-preview:-1\" \/>\n<link rel=\"canonical\" href=\"https:\/\/vpdanses.fr\/home\/bienvenue-chez-vp-danses-hazebrouck\/quickstep-avance-isbergues-sven-balcerzak-vp-danses\/\" \/>\n<meta property=\"og:locale\" content=\"fr_FR\" \/>\n<meta property=\"og:type\" content=\"article\" \/>\n<meta property=\"og:title\" content=\"Quickstep avanc\u00e9 \u00e0 Isbergues : une cr\u00e9ation chor\u00e9graphique sign\u00e9e Sven Balcerzak\" \/>\n<meta property=\"og:description\" content=\"Un cours avanc\u00e9 de Danse Sportive a permis \u00e0 Sven Balcerzak de cr\u00e9er une nouvelle chor\u00e9graphie de Quickstep \u00e0 Isbergues. Un moment fort pour la r\u00e9gion et la FFD.\" \/>\n<meta property=\"og:url\" content=\"https:\/\/vpdanses.fr\/home\/bienvenue-chez-vp-danses-hazebrouck\/quickstep-avance-isbergues-sven-balcerzak-vp-danses\/\" \/>\n<meta property=\"og:site_name\" content=\"VP DANSES, cours de Danse Sportive \u00e0 Aire-sur-la-Lys et \u00e0 Saint-Jans-Cappel (Hauts-de-France)\" \/>\n<meta property=\"article:published_time\" content=\"2025-12-04T05:47:58+00:00\" \/>\n<meta property=\"article:modified_time\" content=\"2025-12-04T06:07:06+00:00\" \/>\n<meta property=\"og:image\" content=\"https:\/\/vpdanses.fr\/wp-content\/uploads\/2025\/12\/2025-11-16.ASCENDANCE-cours-particulier-QUICK-STEP_4398.jpg\" \/>\n\t<meta property=\"og:image:width\" content=\"1200\" \/>\n\t<meta property=\"og:image:height\" content=\"674\" \/>\n\t<meta property=\"og:image:type\" content=\"image\/jpeg\" \/>\n<meta name=\"author\" content=\"VP DANSES\" \/>\n<meta name=\"twitter:card\" content=\"summary_large_image\" \/>\n<meta name=\"twitter:title\" content=\"Cr\u00e9ation d\u2019une chor\u00e9graphie de Quickstep avanc\u00e9 \u00e0 Isbergues avec Sven Balcerzak\" \/>\n<meta name=\"twitter:label1\" content=\"\u00c9crit par\" \/>\n\t<meta name=\"twitter:data1\" content=\"VP DANSES\" \/>\n\t<meta name=\"twitter:label2\" content=\"Dur\u00e9e de lecture estim\u00e9e\" \/>\n\t<meta name=\"twitter:data2\" content=\"3 minutes\" \/>\n<script type=\"application\/ld+json\" class=\"yoast-schema-graph\">{\"@context\":\"https:\/\/schema.org\",\"@graph\":[{\"@type\":\"Article\",\"@id\":\"https:\/\/vpdanses.fr\/home\/bienvenue-chez-vp-danses-hazebrouck\/quickstep-avance-isbergues-sven-balcerzak-vp-danses\/#article\",\"isPartOf\":{\"@id\":\"https:\/\/vpdanses.fr\/home\/bienvenue-chez-vp-danses-hazebrouck\/quickstep-avance-isbergues-sven-balcerzak-vp-danses\/\"},\"author\":{\"name\":\"VP DANSES\",\"@id\":\"https:\/\/vpdanses.fr\/home\/bienvenue-chez-vp-danses-hazebrouck\/#\/schema\/person\/bf87806369778f949b83c9cd885519e5\"},\"headline\":\"Cr\u00e9ation d\u2019une chor\u00e9graphie de Quickstep avanc\u00e9 \u00e0 Isbergues avec Sven Balcerzak\",\"datePublished\":\"2025-12-04T05:47:58+00:00\",\"dateModified\":\"2025-12-04T06:07:06+00:00\",\"mainEntityOfPage\":{\"@id\":\"https:\/\/vpdanses.fr\/home\/bienvenue-chez-vp-danses-hazebrouck\/quickstep-avance-isbergues-sven-balcerzak-vp-danses\/\"},\"wordCount\":476,\"publisher\":{\"@id\":\"https:\/\/vpdanses.fr\/home\/bienvenue-chez-vp-danses-hazebrouck\/#organization\"},\"image\":{\"@id\":\"https:\/\/vpdanses.fr\/home\/bienvenue-chez-vp-danses-hazebrouck\/quickstep-avance-isbergues-sven-balcerzak-vp-danses\/#primaryimage\"},\"thumbnailUrl\":\"https:\/\/vpdanses.fr\/wp-content\/uploads\/2025\/12\/2025-11-16.ASCENDANCE-cours-particulier-QUICK-STEP_4398.jpg\",\"keywords\":[\"ASCENDANCE CREATIV\u2019DANSE\",\"ballroom\",\"Chor\u00e9graphie\",\"Comp\u00e9tition\",\"F\u00e9d\u00e9ration Fran\u00e7aise de Danse\",\"FFD\",\"Hauts-de-France\",\"Isbergues\",\"pas-de-calais\",\"Quickstep\"],\"articleSection\":[\"Actualit\u00e9s VP DANSES\",\"Chor\u00e9graphies\",\"DANSE SPORTIVE\",\"Isbergues\"],\"inLanguage\":\"fr-FR\"},{\"@type\":\"WebPage\",\"@id\":\"https:\/\/vpdanses.fr\/home\/bienvenue-chez-vp-danses-hazebrouck\/quickstep-avance-isbergues-sven-balcerzak-vp-danses\/\",\"url\":\"https:\/\/vpdanses.fr\/home\/bienvenue-chez-vp-danses-hazebrouck\/quickstep-avance-isbergues-sven-balcerzak-vp-danses\/\",\"name\":\"Cr\u00e9ation chor\u00e9graphique de Quickstep avanc\u00e9 \u00e0 Isbergues : un cours exceptionnel dirig\u00e9 par Sven Balcerzak\",\"isPartOf\":{\"@id\":\"https:\/\/vpdanses.fr\/home\/bienvenue-chez-vp-danses-hazebrouck\/#website\"},\"primaryImageOfPage\":{\"@id\":\"https:\/\/vpdanses.fr\/home\/bienvenue-chez-vp-danses-hazebrouck\/quickstep-avance-isbergues-sven-balcerzak-vp-danses\/#primaryimage\"},\"image\":{\"@id\":\"https:\/\/vpdanses.fr\/home\/bienvenue-chez-vp-danses-hazebrouck\/quickstep-avance-isbergues-sven-balcerzak-vp-danses\/#primaryimage\"},\"thumbnailUrl\":\"https:\/\/vpdanses.fr\/wp-content\/uploads\/2025\/12\/2025-11-16.ASCENDANCE-cours-particulier-QUICK-STEP_4398.jpg\",\"datePublished\":\"2025-12-04T05:47:58+00:00\",\"dateModified\":\"2025-12-04T06:07:06+00:00\",\"description\":\"S\u00e9ance avanc\u00e9e de Danse Sportive \u00e0 Isbergues : Sven Balcerzak cr\u00e9e une nouvelle chor\u00e9graphie de Quickstep pour VP DANSES. Excellence, technique et FFD.\",\"breadcrumb\":{\"@id\":\"https:\/\/vpdanses.fr\/home\/bienvenue-chez-vp-danses-hazebrouck\/quickstep-avance-isbergues-sven-balcerzak-vp-danses\/#breadcrumb\"},\"inLanguage\":\"fr-FR\",\"potentialAction\":[{\"@type\":\"ReadAction\",\"target\":[\"https:\/\/vpdanses.fr\/home\/bienvenue-chez-vp-danses-hazebrouck\/quickstep-avance-isbergues-sven-balcerzak-vp-danses\/\"]}]},{\"@type\":\"ImageObject\",\"inLanguage\":\"fr-FR\",\"@id\":\"https:\/\/vpdanses.fr\/home\/bienvenue-chez-vp-danses-hazebrouck\/quickstep-avance-isbergues-sven-balcerzak-vp-danses\/#primaryimage\",\"url\":\"https:\/\/vpdanses.fr\/wp-content\/uploads\/2025\/12\/2025-11-16.ASCENDANCE-cours-particulier-QUICK-STEP_4398.jpg\",\"contentUrl\":\"https:\/\/vpdanses.fr\/wp-content\/uploads\/2025\/12\/2025-11-16.ASCENDANCE-cours-particulier-QUICK-STEP_4398.jpg\",\"width\":1200,\"height\":674,\"caption\":\"Virginie effectue une rotation du bassin et swing en Quickstep lors d\u2019un cours avec Sven Balcerzak \u00e0 la salle Jean Mac\u00e9, Isbergues.\"},{\"@type\":\"BreadcrumbList\",\"@id\":\"https:\/\/vpdanses.fr\/home\/bienvenue-chez-vp-danses-hazebrouck\/quickstep-avance-isbergues-sven-balcerzak-vp-danses\/#breadcrumb\",\"itemListElement\":[{\"@type\":\"ListItem\",\"position\":1,\"name\":\"Accueil\",\"item\":\"https:\/\/vpdanses.fr\/home\/bienvenue-chez-vp-danses-hazebrouck\/\"},{\"@type\":\"ListItem\",\"position\":2,\"name\":\"Cr\u00e9ation d\u2019une chor\u00e9graphie de Quickstep avanc\u00e9 \u00e0 Isbergues avec Sven Balcerzak\"}]},{\"@type\":\"WebSite\",\"@id\":\"https:\/\/vpdanses.fr\/home\/bienvenue-chez-vp-danses-hazebrouck\/#website\",\"url\":\"https:\/\/vpdanses.fr\/home\/bienvenue-chez-vp-danses-hazebrouck\/\",\"name\":\"VP DANSES, cours de Danse Sportive \u00e0 Aire-sur-la-Lys et \u00e0 Saint-Jans-Cappel (Hauts-de-France)\",\"description\":\"Cours de Danse Sportive STANDARD (valse anglaise, tango, valse viennoise, slowfox, quickstep), danses sportives LATINES (samba, chacha, rumba, paso doble, jive), danses de bal, danses de salons, danses de loisirs, salsa, rock 4 temps, rock 6 temps, danses en ligne, disco, \u2026 Lieu : Hazebrouck, Aire-sur-la-Lys, Saint-Jans-Cappel et Isbergues (Hauts-de-France) - Cours Particuliers dans les Hauts-de-France - Ouverture de bal de Mariage\",\"publisher\":{\"@id\":\"https:\/\/vpdanses.fr\/home\/bienvenue-chez-vp-danses-hazebrouck\/#organization\"},\"potentialAction\":[{\"@type\":\"SearchAction\",\"target\":{\"@type\":\"EntryPoint\",\"urlTemplate\":\"https:\/\/vpdanses.fr\/home\/bienvenue-chez-vp-danses-hazebrouck\/?s={search_term_string}\"},\"query-input\":{\"@type\":\"PropertyValueSpecification\",\"valueRequired\":true,\"valueName\":\"search_term_string\"}}],\"inLanguage\":\"fr-FR\"},{\"@type\":\"Organization\",\"@id\":\"https:\/\/vpdanses.fr\/home\/bienvenue-chez-vp-danses-hazebrouck\/#organization\",\"name\":\"VP DANSES, cours de Danse Sportive \u00e0 Aire-sur-la-Lys et \u00e0 Saint-Jans-Cappel (Hauts-de-France)\",\"url\":\"https:\/\/vpdanses.fr\/home\/bienvenue-chez-vp-danses-hazebrouck\/\",\"logo\":{\"@type\":\"ImageObject\",\"inLanguage\":\"fr-FR\",\"@id\":\"https:\/\/vpdanses.fr\/home\/bienvenue-chez-vp-danses-hazebrouck\/#\/schema\/logo\/image\/\",\"url\":\"https:\/\/vpdanses.fr\/wp-content\/uploads\/2024\/10\/logo_cadanse_asaintjans.jpeg\",\"contentUrl\":\"https:\/\/vpdanses.fr\/wp-content\/uploads\/2024\/10\/logo_cadanse_asaintjans.jpeg\",\"width\":225,\"height\":225,\"caption\":\"VP DANSES, cours de Danse Sportive \u00e0 Aire-sur-la-Lys et \u00e0 Saint-Jans-Cappel (Hauts-de-France)\"},\"image\":{\"@id\":\"https:\/\/vpdanses.fr\/home\/bienvenue-chez-vp-danses-hazebrouck\/#\/schema\/logo\/image\/\"}},{\"@type\":\"Person\",\"@id\":\"https:\/\/vpdanses.fr\/home\/bienvenue-chez-vp-danses-hazebrouck\/#\/schema\/person\/bf87806369778f949b83c9cd885519e5\",\"name\":\"VP DANSES\",\"description\":\"\\\"VP danses\\\" est une association qui donne des cours de DANSES SPORTIVES STANDARDS (valse anglaise, tango, valse viennoise, slowfox, quickstep), de DANSES SPORTIVES LATINES (samba, chacha, rumba, paso doble, jive), de DANSES DE BAL, de DANSES DE SALONS, de DANSES DE LOISIRS, de SALSA, de ROCK 4 TEMPS, de ROCK 6 TEMPS, de DANSES EN LIGNE, de DISCO, \u2026\",\"sameAs\":[\"https:\/\/vpdanses.fr\"],\"url\":\"https:\/\/vpdanses.fr\/home\/bienvenue-chez-vp-danses-hazebrouck\/author\/adminvp20241018\/\"}]}<\/script>\n<!-- \/ Yoast SEO Premium plugin. -->","yoast_head_json":{"title":"Cr\u00e9ation chor\u00e9graphique de Quickstep avanc\u00e9 \u00e0 Isbergues : un cours exceptionnel dirig\u00e9 par Sven Balcerzak","description":"S\u00e9ance avanc\u00e9e de Danse Sportive \u00e0 Isbergues : Sven Balcerzak cr\u00e9e une nouvelle chor\u00e9graphie de Quickstep pour VP DANSES. Excellence, technique et FFD.","robots":{"index":"index","follow":"follow","max-snippet":"max-snippet:-1","max-image-preview":"max-image-preview:large","max-video-preview":"max-video-preview:-1"},"canonical":"https:\/\/vpdanses.fr\/home\/bienvenue-chez-vp-danses-hazebrouck\/quickstep-avance-isbergues-sven-balcerzak-vp-danses\/","og_locale":"fr_FR","og_type":"article","og_title":"Quickstep avanc\u00e9 \u00e0 Isbergues : une cr\u00e9ation chor\u00e9graphique sign\u00e9e Sven Balcerzak","og_description":"Un cours avanc\u00e9 de Danse Sportive a permis \u00e0 Sven Balcerzak de cr\u00e9er une nouvelle chor\u00e9graphie de Quickstep \u00e0 Isbergues. Un moment fort pour la r\u00e9gion et la FFD.","og_url":"https:\/\/vpdanses.fr\/home\/bienvenue-chez-vp-danses-hazebrouck\/quickstep-avance-isbergues-sven-balcerzak-vp-danses\/","og_site_name":"VP DANSES, cours de Danse Sportive \u00e0 Aire-sur-la-Lys et \u00e0 Saint-Jans-Cappel (Hauts-de-France)","article_published_time":"2025-12-04T05:47:58+00:00","article_modified_time":"2025-12-04T06:07:06+00:00","og_image":[{"width":1200,"height":674,"url":"https:\/\/vpdanses.fr\/wp-content\/uploads\/2025\/12\/2025-11-16.ASCENDANCE-cours-particulier-QUICK-STEP_4398.jpg","type":"image\/jpeg"}],"author":"VP DANSES","twitter_card":"summary_large_image","twitter_title":"Cr\u00e9ation d\u2019une chor\u00e9graphie de Quickstep avanc\u00e9 \u00e0 Isbergues avec Sven Balcerzak","twitter_misc":{"\u00c9crit par":"VP DANSES","Dur\u00e9e de lecture estim\u00e9e":"3 minutes"},"schema":{"@context":"https:\/\/schema.org","@graph":[{"@type":"Article","@id":"https:\/\/vpdanses.fr\/home\/bienvenue-chez-vp-danses-hazebrouck\/quickstep-avance-isbergues-sven-balcerzak-vp-danses\/#article","isPartOf":{"@id":"https:\/\/vpdanses.fr\/home\/bienvenue-chez-vp-danses-hazebrouck\/quickstep-avance-isbergues-sven-balcerzak-vp-danses\/"},"author":{"name":"VP DANSES","@id":"https:\/\/vpdanses.fr\/home\/bienvenue-chez-vp-danses-hazebrouck\/#\/schema\/person\/bf87806369778f949b83c9cd885519e5"},"headline":"Cr\u00e9ation d\u2019une chor\u00e9graphie de Quickstep avanc\u00e9 \u00e0 Isbergues avec Sven Balcerzak","datePublished":"2025-12-04T05:47:58+00:00","dateModified":"2025-12-04T06:07:06+00:00","mainEntityOfPage":{"@id":"https:\/\/vpdanses.fr\/home\/bienvenue-chez-vp-danses-hazebrouck\/quickstep-avance-isbergues-sven-balcerzak-vp-danses\/"},"wordCount":476,"publisher":{"@id":"https:\/\/vpdanses.fr\/home\/bienvenue-chez-vp-danses-hazebrouck\/#organization"},"image":{"@id":"https:\/\/vpdanses.fr\/home\/bienvenue-chez-vp-danses-hazebrouck\/quickstep-avance-isbergues-sven-balcerzak-vp-danses\/#primaryimage"},"thumbnailUrl":"https:\/\/vpdanses.fr\/wp-content\/uploads\/2025\/12\/2025-11-16.ASCENDANCE-cours-particulier-QUICK-STEP_4398.jpg","keywords":["ASCENDANCE CREATIV\u2019DANSE","ballroom","Chor\u00e9graphie","Comp\u00e9tition","F\u00e9d\u00e9ration Fran\u00e7aise de Danse","FFD","Hauts-de-France","Isbergues","pas-de-calais","Quickstep"],"articleSection":["Actualit\u00e9s VP DANSES","Chor\u00e9graphies","DANSE SPORTIVE","Isbergues"],"inLanguage":"fr-FR"},{"@type":"WebPage","@id":"https:\/\/vpdanses.fr\/home\/bienvenue-chez-vp-danses-hazebrouck\/quickstep-avance-isbergues-sven-balcerzak-vp-danses\/","url":"https:\/\/vpdanses.fr\/home\/bienvenue-chez-vp-danses-hazebrouck\/quickstep-avance-isbergues-sven-balcerzak-vp-danses\/","name":"Cr\u00e9ation chor\u00e9graphique de Quickstep avanc\u00e9 \u00e0 Isbergues : un cours exceptionnel dirig\u00e9 par Sven Balcerzak","isPartOf":{"@id":"https:\/\/vpdanses.fr\/home\/bienvenue-chez-vp-danses-hazebrouck\/#website"},"primaryImageOfPage":{"@id":"https:\/\/vpdanses.fr\/home\/bienvenue-chez-vp-danses-hazebrouck\/quickstep-avance-isbergues-sven-balcerzak-vp-danses\/#primaryimage"},"image":{"@id":"https:\/\/vpdanses.fr\/home\/bienvenue-chez-vp-danses-hazebrouck\/quickstep-avance-isbergues-sven-balcerzak-vp-danses\/#primaryimage"},"thumbnailUrl":"https:\/\/vpdanses.fr\/wp-content\/uploads\/2025\/12\/2025-11-16.ASCENDANCE-cours-particulier-QUICK-STEP_4398.jpg","datePublished":"2025-12-04T05:47:58+00:00","dateModified":"2025-12-04T06:07:06+00:00","description":"S\u00e9ance avanc\u00e9e de Danse Sportive \u00e0 Isbergues : Sven Balcerzak cr\u00e9e une nouvelle chor\u00e9graphie de Quickstep pour VP DANSES. Excellence, technique et FFD.","breadcrumb":{"@id":"https:\/\/vpdanses.fr\/home\/bienvenue-chez-vp-danses-hazebrouck\/quickstep-avance-isbergues-sven-balcerzak-vp-danses\/#breadcrumb"},"inLanguage":"fr-FR","potentialAction":[{"@type":"ReadAction","target":["https:\/\/vpdanses.fr\/home\/bienvenue-chez-vp-danses-hazebrouck\/quickstep-avance-isbergues-sven-balcerzak-vp-danses\/"]}]},{"@type":"ImageObject","inLanguage":"fr-FR","@id":"https:\/\/vpdanses.fr\/home\/bienvenue-chez-vp-danses-hazebrouck\/quickstep-avance-isbergues-sven-balcerzak-vp-danses\/#primaryimage","url":"https:\/\/vpdanses.fr\/wp-content\/uploads\/2025\/12\/2025-11-16.ASCENDANCE-cours-particulier-QUICK-STEP_4398.jpg","contentUrl":"https:\/\/vpdanses.fr\/wp-content\/uploads\/2025\/12\/2025-11-16.ASCENDANCE-cours-particulier-QUICK-STEP_4398.jpg","width":1200,"height":674,"caption":"Virginie effectue une rotation du bassin et swing en Quickstep lors d\u2019un cours avec Sven Balcerzak \u00e0 la salle Jean Mac\u00e9, Isbergues."},{"@type":"BreadcrumbList","@id":"https:\/\/vpdanses.fr\/home\/bienvenue-chez-vp-danses-hazebrouck\/quickstep-avance-isbergues-sven-balcerzak-vp-danses\/#breadcrumb","itemListElement":[{"@type":"ListItem","position":1,"name":"Accueil","item":"https:\/\/vpdanses.fr\/home\/bienvenue-chez-vp-danses-hazebrouck\/"},{"@type":"ListItem","position":2,"name":"Cr\u00e9ation d\u2019une chor\u00e9graphie de Quickstep avanc\u00e9 \u00e0 Isbergues avec Sven Balcerzak"}]},{"@type":"WebSite","@id":"https:\/\/vpdanses.fr\/home\/bienvenue-chez-vp-danses-hazebrouck\/#website","url":"https:\/\/vpdanses.fr\/home\/bienvenue-chez-vp-danses-hazebrouck\/","name":"VP DANSES, cours de Danse Sportive \u00e0 Aire-sur-la-Lys et \u00e0 Saint-Jans-Cappel (Hauts-de-France)","description":"Cours de Danse Sportive STANDARD (valse anglaise, tango, valse viennoise, slowfox, quickstep), danses sportives LATINES (samba, chacha, rumba, paso doble, jive), danses de bal, danses de salons, danses de loisirs, salsa, rock 4 temps, rock 6 temps, danses en ligne, disco, \u2026 Lieu : Hazebrouck, Aire-sur-la-Lys, Saint-Jans-Cappel et Isbergues (Hauts-de-France) - Cours Particuliers dans les Hauts-de-France - Ouverture de bal de Mariage","publisher":{"@id":"https:\/\/vpdanses.fr\/home\/bienvenue-chez-vp-danses-hazebrouck\/#organization"},"potentialAction":[{"@type":"SearchAction","target":{"@type":"EntryPoint","urlTemplate":"https:\/\/vpdanses.fr\/home\/bienvenue-chez-vp-danses-hazebrouck\/?s={search_term_string}"},"query-input":{"@type":"PropertyValueSpecification","valueRequired":true,"valueName":"search_term_string"}}],"inLanguage":"fr-FR"},{"@type":"Organization","@id":"https:\/\/vpdanses.fr\/home\/bienvenue-chez-vp-danses-hazebrouck\/#organization","name":"VP DANSES, cours de Danse Sportive \u00e0 Aire-sur-la-Lys et \u00e0 Saint-Jans-Cappel (Hauts-de-France)","url":"https:\/\/vpdanses.fr\/home\/bienvenue-chez-vp-danses-hazebrouck\/","logo":{"@type":"ImageObject","inLanguage":"fr-FR","@id":"https:\/\/vpdanses.fr\/home\/bienvenue-chez-vp-danses-hazebrouck\/#\/schema\/logo\/image\/","url":"https:\/\/vpdanses.fr\/wp-content\/uploads\/2024\/10\/logo_cadanse_asaintjans.jpeg","contentUrl":"https:\/\/vpdanses.fr\/wp-content\/uploads\/2024\/10\/logo_cadanse_asaintjans.jpeg","width":225,"height":225,"caption":"VP DANSES, cours de Danse Sportive \u00e0 Aire-sur-la-Lys et \u00e0 Saint-Jans-Cappel (Hauts-de-France)"},"image":{"@id":"https:\/\/vpdanses.fr\/home\/bienvenue-chez-vp-danses-hazebrouck\/#\/schema\/logo\/image\/"}},{"@type":"Person","@id":"https:\/\/vpdanses.fr\/home\/bienvenue-chez-vp-danses-hazebrouck\/#\/schema\/person\/bf87806369778f949b83c9cd885519e5","name":"VP DANSES","description":"\"VP danses\" est une association qui donne des cours de DANSES SPORTIVES STANDARDS (valse anglaise, tango, valse viennoise, slowfox, quickstep), de DANSES SPORTIVES LATINES (samba, chacha, rumba, paso doble, jive), de DANSES DE BAL, de DANSES DE SALONS, de DANSES DE LOISIRS, de SALSA, de ROCK 4 TEMPS, de ROCK 6 TEMPS, de DANSES EN LIGNE, de DISCO, \u2026","sameAs":["https:\/\/vpdanses.fr"],"url":"https:\/\/vpdanses.fr\/home\/bienvenue-chez-vp-danses-hazebrouck\/author\/adminvp20241018\/"}]}},"jetpack_featured_media_url":"https:\/\/vpdanses.fr\/wp-content\/uploads\/2025\/12\/2025-11-16.ASCENDANCE-cours-particulier-QUICK-STEP_4398.jpg","uagb_featured_image_src":{"full":["https:\/\/vpdanses.fr\/wp-content\/uploads\/2025\/12\/2025-11-16.ASCENDANCE-cours-particulier-QUICK-STEP_4398.jpg",1200,674,false],"thumbnail":["https:\/\/vpdanses.fr\/wp-content\/uploads\/2025\/12\/2025-11-16.ASCENDANCE-cours-particulier-QUICK-STEP_4398-150x150.jpg",150,150,true],"medium":["https:\/\/vpdanses.fr\/wp-content\/uploads\/2025\/12\/2025-11-16.ASCENDANCE-cours-particulier-QUICK-STEP_4398-300x169.jpg",300,169,true],"medium_large":["https:\/\/vpdanses.fr\/wp-content\/uploads\/2025\/12\/2025-11-16.ASCENDANCE-cours-particulier-QUICK-STEP_4398-768x431.jpg",768,431,true],"large":["https:\/\/vpdanses.fr\/wp-content\/uploads\/2025\/12\/2025-11-16.ASCENDANCE-cours-particulier-QUICK-STEP_4398-1024x575.jpg",1024,575,true],"1536x1536":["https:\/\/vpdanses.fr\/wp-content\/uploads\/2025\/12\/2025-11-16.ASCENDANCE-cours-particulier-QUICK-STEP_4398.jpg",1200,674,false],"2048x2048":["https:\/\/vpdanses.fr\/wp-content\/uploads\/2025\/12\/2025-11-16.ASCENDANCE-cours-particulier-QUICK-STEP_4398.jpg",1200,674,false],"vp_sm":["https:\/\/vpdanses.fr\/wp-content\/uploads\/2025\/12\/2025-11-16.ASCENDANCE-cours-particulier-QUICK-STEP_4398-500x281.jpg",500,281,true],"vp_md":["https:\/\/vpdanses.fr\/wp-content\/uploads\/2025\/12\/2025-11-16.ASCENDANCE-cours-particulier-QUICK-STEP_4398-800x449.jpg",800,449,true],"vp_lg":["https:\/\/vpdanses.fr\/wp-content\/uploads\/2025\/12\/2025-11-16.ASCENDANCE-cours-particulier-QUICK-STEP_4398.jpg",1200,674,false],"vp_xl":["https:\/\/vpdanses.fr\/wp-content\/uploads\/2025\/12\/2025-11-16.ASCENDANCE-cours-particulier-QUICK-STEP_4398.jpg",1200,674,false],"vp_sm_popup":["https:\/\/vpdanses.fr\/wp-content\/uploads\/2025\/12\/2025-11-16.ASCENDANCE-cours-particulier-QUICK-STEP_4398-500x281.jpg",500,281,true],"vp_md_popup":["https:\/\/vpdanses.fr\/wp-content\/uploads\/2025\/12\/2025-11-16.ASCENDANCE-cours-particulier-QUICK-STEP_4398-800x449.jpg",800,449,true],"vp_xl_popup":["https:\/\/vpdanses.fr\/wp-content\/uploads\/2025\/12\/2025-11-16.ASCENDANCE-cours-particulier-QUICK-STEP_4398.jpg",1200,674,false],"dance-blog-thumb":["https:\/\/vpdanses.fr\/wp-content\/uploads\/2025\/12\/2025-11-16.ASCENDANCE-cours-particulier-QUICK-STEP_4398-150x120.jpg",150,120,true],"dance-event-list":["https:\/\/vpdanses.fr\/wp-content\/uploads\/2025\/12\/2025-11-16.ASCENDANCE-cours-particulier-QUICK-STEP_4398-420x336.jpg",420,336,true],"dance-event-single-type1":["https:\/\/vpdanses.fr\/wp-content\/uploads\/2025\/12\/2025-11-16.ASCENDANCE-cours-particulier-QUICK-STEP_4398-773x520.jpg",773,520,true],"dance-event-single-type4":["https:\/\/vpdanses.fr\/wp-content\/uploads\/2025\/12\/2025-11-16.ASCENDANCE-cours-particulier-QUICK-STEP_4398-570x460.jpg",570,460,true],"dance-event-single-type5":["https:\/\/vpdanses.fr\/wp-content\/uploads\/2025\/12\/2025-11-16.ASCENDANCE-cours-particulier-QUICK-STEP_4398-746x674.jpg",746,674,true],"dance-event-list2":["https:\/\/vpdanses.fr\/wp-content\/uploads\/2025\/12\/2025-11-16.ASCENDANCE-cours-particulier-QUICK-STEP_4398-420x275.jpg",420,275,true]},"uagb_author_info":{"display_name":"VP DANSES","author_link":"https:\/\/vpdanses.fr\/home\/bienvenue-chez-vp-danses-hazebrouck\/author\/adminvp20241018\/"},"uagb_comment_info":0,"uagb_excerpt":"Sven Balcerzak a dirig\u00e9 un cours avanc\u00e9 \u00e0 Isbergues pour cr\u00e9er une chor\u00e9graphie de Quickstep selon les standards de la FFD. Un moment fort pour la Danse Sportive en Hauts-de-France.","jetpack_sharing_enabled":true,"_links":{"self":[{"href":"https:\/\/vpdanses.fr\/home\/bienvenue-chez-vp-danses-hazebrouck\/wp-json\/wp\/v2\/posts\/14688","targetHints":{"allow":["GET"]}}],"collection":[{"href":"https:\/\/vpdanses.fr\/home\/bienvenue-chez-vp-danses-hazebrouck\/wp-json\/wp\/v2\/posts"}],"about":[{"href":"https:\/\/vpdanses.fr\/home\/bienvenue-chez-vp-danses-hazebrouck\/wp-json\/wp\/v2\/types\/post"}],"author":[{"embeddable":true,"href":"https:\/\/vpdanses.fr\/home\/bienvenue-chez-vp-danses-hazebrouck\/wp-json\/wp\/v2\/users\/1"}],"replies":[{"embeddable":true,"href":"https:\/\/vpdanses.fr\/home\/bienvenue-chez-vp-danses-hazebrouck\/wp-json\/wp\/v2\/comments?post=14688"}],"version-history":[{"count":4,"href":"https:\/\/vpdanses.fr\/home\/bienvenue-chez-vp-danses-hazebrouck\/wp-json\/wp\/v2\/posts\/14688\/revisions"}],"predecessor-version":[{"id":14702,"href":"https:\/\/vpdanses.fr\/home\/bienvenue-chez-vp-danses-hazebrouck\/wp-json\/wp\/v2\/posts\/14688\/revisions\/14702"}],"wp:featuredmedia":[{"embeddable":true,"href":"https:\/\/vpdanses.fr\/home\/bienvenue-chez-vp-danses-hazebrouck\/wp-json\/wp\/v2\/media\/14698"}],"wp:attachment":[{"href":"https:\/\/vpdanses.fr\/home\/bienvenue-chez-vp-danses-hazebrouck\/wp-json\/wp\/v2\/media?parent=14688"}],"wp:term":[{"taxonomy":"category","embeddable":true,"href":"https:\/\/vpdanses.fr\/home\/bienvenue-chez-vp-danses-hazebrouck\/wp-json\/wp\/v2\/categories?post=14688"},{"taxonomy":"post_tag","embeddable":true,"href":"https:\/\/vpdanses.fr\/home\/bienvenue-chez-vp-danses-hazebrouck\/wp-json\/wp\/v2\/tags?post=14688"}],"curies":[{"name":"wp","href":"https:\/\/api.w.org\/{rel}","templated":true}]}}