{"id":14754,"date":"2025-12-19T16:25:20","date_gmt":"2025-12-19T15:25:20","guid":{"rendered":"https:\/\/vpdanses.fr\/home\/bienvenue-chez-vp-danses-hazebrouck\/?p=14754"},"modified":"2025-12-19T16:51:40","modified_gmt":"2025-12-19T15:51:40","slug":"danse-sportive-saint-jans-cappel-reprise-2026","status":"publish","type":"post","link":"https:\/\/vpdanses.fr\/home\/bienvenue-chez-vp-danses-hazebrouck\/danse-sportive-saint-jans-cappel-reprise-2026\/","title":{"rendered":"LA DANSE CONTINUE A SAINT-JANS-CAPPEL\u2026 RENDEZ-VOUS EN 2026 APRES LES FETES DE FIN D&rsquo;ANNEE !!"},"content":{"rendered":"\n<h2 class=\"wp-block-heading\" id=\"h-la-saison-2025-se-cloture-a-saint-jans-cappel\">LA SAISON 2025 SE CLOTURE A SAINT-JANS-CAPPEL<\/h2>\n\n\n\n<p>Le mercredi 17 d\u00e9cembre 2025, VP DANSES a dispens\u00e9 le dernier cours hebdomadaire de l\u2019ann\u00e9e aux \u00e9l\u00e8ves de <strong><a href=\"https:\/\/www.facebook.com\/p\/Cadanse-Asaintjans-100009426981409\/\" target=\"_blank\" rel=\"noreferrer noopener\">CA DANSE A SAINT JANS<\/a><\/strong>  \u00e0 <strong><a href=\"https:\/\/www.saint-jans-cappel.fr\" target=\"_blank\" rel=\"noreferrer noopener\">Saint-Jans-Cappel<\/a><\/strong>.<\/p>\n\n\n\n<hr class=\"wp-block-separator has-alpha-channel-opacity\"\/>\n\n\n\n<h2 class=\"wp-block-heading\" id=\"h-merci-aux-vp-danseurs-de-saint-jans-cappel\">MERCI AUX VP DANSEURS DE SAINT-JANS-CAPPEL<\/h2>\n\n\n\n<p>Nous adressons un sinc\u00e8re remerciement \u00e0 l\u2019ensemble des VP danseurs de Saint-Jans-Cappel pour leur attention, leur implication et leurs efforts constants dans l\u2019apprentissage de <strong><a href=\"https:\/\/www.ffdanse.fr\/\">la Danse Sportive<\/a><\/strong> dans les <strong><a href=\"https:\/\/www.hautsdefrance.fr\" target=\"_blank\" rel=\"noreferrer noopener\">Hauts-de-France<\/a><\/strong>. Leur progression et leur engagement font la richesse de ces rendez-vous hebdomadaires.<\/p>\n\n\n\n<hr class=\"wp-block-separator has-alpha-channel-opacity\"\/>\n\n\n\n<h2 class=\"wp-block-heading\" id=\"h-informations-pratiques-cours-de-danse-sportive\">INFORMATIONS PRATIQUES \u2013 COURS DE DANSE SPORTIVE<\/h2>\n\n\n\n<p>Les cours ont lieu chaque mercredi de 19h30 \u00e0 20h30 pour la saison 2025\/2026, \u00e0 la<br>Salle des Sports, Chemin du Haut, Saint-Jans-Cappel.<\/p>\n\n\n\n<hr class=\"wp-block-separator has-alpha-channel-opacity\"\/>\n\n\n\n<h2 class=\"wp-block-heading\" id=\"h-une-pause-pour-les-fetes-de-fin-d-annee-2025\">UNE PAUSE POUR LES FETES DE FIN D&rsquo;ANNEE 2025<\/h2>\n\n\n\n<p>Une pause bien m\u00e9rit\u00e9e s\u2019impose d\u00e9sormais afin de laisser place aux f\u00eates de fin d\u2019ann\u00e9e 2025.<br>Toute l\u2019\u00e9quipe de VP DANSES vous souhaite de tr\u00e8s belles f\u00eates, plac\u00e9es sous le signe du partage et de la convivialit\u00e9.<\/p>\n\n\n\n<hr class=\"wp-block-separator has-alpha-channel-opacity\"\/>\n\n\n\n<h2 class=\"wp-block-heading\" id=\"h-reprise-des-cours-de-danse-le-mercredi-5-janvier-2026\">REPRISE DES COURS DE DANSE LE MERCREDI 5 JANVIER 2026<\/h2>\n\n\n\n<p>Les cours reprendront <strong>le mercredi 7 janvier 2026 de 19h30 \u00e0 20h30<\/strong>.<\/p>\n\n\n\n<hr class=\"wp-block-separator has-alpha-channel-opacity\"\/>\n\n\n\n<h2 class=\"wp-block-heading\" id=\"h-tango-et-jive-la-suite-du-programme-2026\">TANGO ET JIVE : LA SUITE DU PROGRAMME 2026<\/h2>\n\n\n\n<p>Les sessions se poursuivront autour du <strong><a href=\"https:\/\/fr.wikipedia.org\/wiki\/Danse_sportive\" target=\"_blank\" rel=\"noreferrer noopener\">Tango<\/a><\/strong> et du <strong><a href=\"https:\/\/fr.wikipedia.org\/wiki\/Danse_sportive\" target=\"_blank\" rel=\"noreferrer noopener\">Jive<\/a><\/strong>, avec toujours la m\u00eame exigence p\u00e9dagogique et la m\u00eame passion pour la danse.<\/p>\n\n\n\n<hr class=\"wp-block-separator has-alpha-channel-opacity\"\/>\n\n\n\n<h2 class=\"wp-block-heading\" id=\"h-merci-a-nos-partenaires-locaux\">MERCI A NOS PARTENAIRES LOCAUX<\/h2>\n\n\n\n<p>Nous remercions chaleureusement <strong>CA DANSE A SAINT JANS<\/strong> ainsi que <strong>la Ville de Saint-Jans-Cappel <\/strong>pour leur pr\u00e9cieux soutien \u00e0 la <strong>Danse Sportive<\/strong> et pour la mise \u00e0 disposition de la Salle des Sports.<\/p>\n\n\n\n<hr class=\"wp-block-separator has-alpha-channel-opacity\"\/>\n\n\n\n<h2 class=\"wp-block-heading\" id=\"h-rejoindre-vp-danses-en-cours-d-annee\">REJOINDRE VP DANSES EN COURS D\u2019ANNEE<\/h2>\n\n\n\n<p>VP DANSES reste ouvert \u00e0 toute nouvelle personne souhaitant <strong>rejoindre les cours en cours d\u2019ann\u00e9e<\/strong>, <strong>en couple<\/strong> ou <strong>en solo<\/strong>.<br>Vous pouvez nous contacter par t\u00e9l\u00e9phone au <strong>07 68 47 76 67<\/strong>, par courriel \u00e0\u00a0<a>contact@vpdanses.fr<\/a>, ou vous pr\u00e9senter directement sur place afin de b\u00e9n\u00e9ficier d\u2019un <strong><a href=\"https:\/\/vpdanses.fr\/home\/bienvenue-chez-vp-danses-hazebrouck\/formulaire-de-contact\/\" target=\"_blank\" rel=\"noreferrer noopener\">cours d\u2019essai gratuit<\/a><\/strong>.<\/p>\n\n\n\n<hr class=\"wp-block-separator has-alpha-channel-opacity\"\/>\n\n\n<div class=\"wp-block-visual-portfolio alignwide\">\n<div class=\"vp-portfolio vp-uid-bc26b441 vp-id-2nA0FK\"\n\tdata-vp-layout=\"tiles\" data-vp-content-source=\"images\" data-vp-items-style=\"fly\" data-vp-items-click-action=\"popup_gallery\" data-vp-items-gap=\"15\" data-vp-items-gap-vertical=\"\" data-vp-pagination=\"load-more\" data-vp-next-page-url=\"\" data-vp-tiles-type=\"3|1,1|\" >\n\t<div class=\"vp-portfolio__preloader-wrap\">\n\t\t<div class=\"vp-portfolio__preloader\">\n\t\t\t<img decoding=\"async\" loading=\"eager\" src=\"https:\/\/vpdanses.fr\/wp-content\/plugins\/visual-portfolio\/assets\/images\/logo-dark.svg\" alt=\"Visual Portfolio, Posts &amp; Image Gallery for WordPress\" width=\"20\" height=\"20\" data-skip-lazy>\n\t\t<\/div>\n\t<\/div>\n\t\t<div class=\"vp-portfolio__items-wrap\">\n\t\t\t\n<div class=\"vp-portfolio__items vp-portfolio__items-style-fly vp-portfolio__items-show-overlay-hover\">\n\n\t\t<div\t\tclass=\"vp-portfolio__item-wrap vp-portfolio__item-uid-62a7941f\" data-vp-filter=\"\" \t\t>\n\t\t\t<template class=\"vp-portfolio__item-popup\" data-vp-popup-img=\"https:\/\/vpdanses.fr\/wp-content\/uploads\/2025\/12\/2025-12-17.Cours_hebdo_Tango_Saint_Jans_Cappel_VP-DANSES_4426.jpg\" data-vp-popup-img-srcset=\"https:\/\/vpdanses.fr\/wp-content\/uploads\/2025\/12\/2025-12-17.Cours_hebdo_Tango_Saint_Jans_Cappel_VP-DANSES_4426.jpg 800w, https:\/\/vpdanses.fr\/wp-content\/uploads\/2025\/12\/2025-12-17.Cours_hebdo_Tango_Saint_Jans_Cappel_VP-DANSES_4426-226x300.jpg 226w, https:\/\/vpdanses.fr\/wp-content\/uploads\/2025\/12\/2025-12-17.Cours_hebdo_Tango_Saint_Jans_Cappel_VP-DANSES_4426-771x1024.jpg 771w, https:\/\/vpdanses.fr\/wp-content\/uploads\/2025\/12\/2025-12-17.Cours_hebdo_Tango_Saint_Jans_Cappel_VP-DANSES_4426-768x1020.jpg 768w, https:\/\/vpdanses.fr\/wp-content\/uploads\/2025\/12\/2025-12-17.Cours_hebdo_Tango_Saint_Jans_Cappel_VP-DANSES_4426-500x664.jpg 500w\" data-vp-popup-img-size=\"800x1063\" data-vp-popup-md-img=\"https:\/\/vpdanses.fr\/wp-content\/uploads\/2025\/12\/2025-12-17.Cours_hebdo_Tango_Saint_Jans_Cappel_VP-DANSES_4426.jpg\" data-vp-popup-md-img-size=\"800x1063\" data-vp-popup-sm-img=\"https:\/\/vpdanses.fr\/wp-content\/uploads\/2025\/12\/2025-12-17.Cours_hebdo_Tango_Saint_Jans_Cappel_VP-DANSES_4426-500x664.jpg\" data-vp-popup-sm-img-size=\"500x664\">\n\t\t\t<h3 class=\"vp-portfolio__item-popup-title\">Danseur se positionnant avant le Tango \u00e0 Saint-Jans-Cappel<\/h3>\n\t\t\t\t<div class=\"vp-portfolio__item-popup-description\">Photo capturant un danseur de VP DANSES se concentrant sur ses appuis au sol avant de d\u00e9marrer sa danse avec sa partenaire. Image prise lors du cours de Tango de la saison 2025\/2026, \u00e0 la Salle des Sports, Chemin du Haut, Saint-Jans-Cappel. Id\u00e9al pour illustrer la concentration et la technique en danse sportive.<\/div>\n\t\t<\/template>\n\t\t\t\t\t\t<figure class=\"vp-portfolio__item\">\n\t\t\t\t\n<div class=\"vp-portfolio__item-img-wrap\">\n\t<div class=\"vp-portfolio__item-img\">\n\t\t\t<a\n\t\thref=\"https:\/\/vpdanses.fr\/wp-content\/uploads\/2025\/12\/2025-12-17.Cours_hebdo_Tango_Saint_Jans_Cappel_VP-DANSES_4426.jpg\"\n\t\t\t>\n\t\n\t\t<noscript><img loading=\"lazy\" decoding=\"async\" width=\"800\" height=\"1063\" data-skip-lazy src=\"https:\/\/vpdanses.fr\/wp-content\/uploads\/2025\/12\/2025-12-17.Cours_hebdo_Tango_Saint_Jans_Cappel_VP-DANSES_4426.jpg\" class=\"wp-image-14771\" alt=\"Danseur concentr\u00e9 sur ses appuis au sol avant d\u2019appeler sa danseuse lors d\u2019un cours de Tango \u00e0 la Salle des Sports, Saint-Jans-Cappel, 17 d\u00e9cembre 2025\" srcset=\"https:\/\/vpdanses.fr\/wp-content\/uploads\/2025\/12\/2025-12-17.Cours_hebdo_Tango_Saint_Jans_Cappel_VP-DANSES_4426.jpg 800w, https:\/\/vpdanses.fr\/wp-content\/uploads\/2025\/12\/2025-12-17.Cours_hebdo_Tango_Saint_Jans_Cappel_VP-DANSES_4426-226x300.jpg 226w, https:\/\/vpdanses.fr\/wp-content\/uploads\/2025\/12\/2025-12-17.Cours_hebdo_Tango_Saint_Jans_Cappel_VP-DANSES_4426-771x1024.jpg 771w, https:\/\/vpdanses.fr\/wp-content\/uploads\/2025\/12\/2025-12-17.Cours_hebdo_Tango_Saint_Jans_Cappel_VP-DANSES_4426-768x1020.jpg 768w, https:\/\/vpdanses.fr\/wp-content\/uploads\/2025\/12\/2025-12-17.Cours_hebdo_Tango_Saint_Jans_Cappel_VP-DANSES_4426-500x664.jpg 500w\" sizes=\"auto, (max-width: 800px) 100vw, 800px\" \/><\/noscript><img fetchpriority=\"high\" decoding=\"async\" width=\"800\" height=\"1063\" src=\"https:\/\/vpdanses.fr\/wp-content\/uploads\/2025\/12\/2025-12-17.Cours_hebdo_Tango_Saint_Jans_Cappel_VP-DANSES_4426.jpg\" class=\"wp-image-14771 vp-lazyload\" alt=\"Danseur concentr\u00e9 sur ses appuis au sol avant d\u2019appeler sa danseuse lors d\u2019un cours de Tango \u00e0 la Salle des Sports, Saint-Jans-Cappel, 17 d\u00e9cembre 2025\" srcset=\"data:image\/svg+xml;base64,PHN2ZyB3aWR0aD0iODAwIiBoZWlnaHQ9IjEwNjMiIHZpZXdCb3g9IjAgMCA4MDAgMTA2MyIgZmlsbD0ibm9uZSIgeG1sbnM9Imh0dHA6Ly93d3cudzMub3JnLzIwMDAvc3ZnIj48L3N2Zz4=\" data-src=\"https:\/\/vpdanses.fr\/wp-content\/uploads\/2025\/12\/2025-12-17.Cours_hebdo_Tango_Saint_Jans_Cappel_VP-DANSES_4426.jpg\" data-srcset=\"https:\/\/vpdanses.fr\/wp-content\/uploads\/2025\/12\/2025-12-17.Cours_hebdo_Tango_Saint_Jans_Cappel_VP-DANSES_4426.jpg 800w, https:\/\/vpdanses.fr\/wp-content\/uploads\/2025\/12\/2025-12-17.Cours_hebdo_Tango_Saint_Jans_Cappel_VP-DANSES_4426-226x300.jpg 226w, https:\/\/vpdanses.fr\/wp-content\/uploads\/2025\/12\/2025-12-17.Cours_hebdo_Tango_Saint_Jans_Cappel_VP-DANSES_4426-771x1024.jpg 771w, https:\/\/vpdanses.fr\/wp-content\/uploads\/2025\/12\/2025-12-17.Cours_hebdo_Tango_Saint_Jans_Cappel_VP-DANSES_4426-768x1020.jpg 768w, https:\/\/vpdanses.fr\/wp-content\/uploads\/2025\/12\/2025-12-17.Cours_hebdo_Tango_Saint_Jans_Cappel_VP-DANSES_4426-500x664.jpg 500w\" data-sizes=\"auto\" loading=\"eager\">\n\t\t<\/a>\t<\/div>\n<\/div>\n\t<figcaption class=\"vp-portfolio__item-overlay vp-portfolio__item-overlay-text-align-center\">\n\t\t<div class=\"vp-portfolio__item-meta-wrap vp-portfolio__custom-scrollbar\">\n\t\t\t\t<a\n\t\thref=\"https:\/\/vpdanses.fr\/wp-content\/uploads\/2025\/12\/2025-12-17.Cours_hebdo_Tango_Saint_Jans_Cappel_VP-DANSES_4426.jpg\"\n\t\ttabindex=\"-1\" class=\"vp-portfolio__item-meta\" \t>\n\t\n<h2 class=\"vp-portfolio__item-meta-title\">\n\tDanseur se positionnant avant le Tango \u00e0 Saint-Jans-Cappel<\/h2>\n<\/a>\t\t<\/div>\n\t<\/figcaption>\n\t\t\t<\/figure>\n\t\t\t\t\t<\/div>\n\t\t\n\t\t<div\t\tclass=\"vp-portfolio__item-wrap vp-portfolio__item-uid-30f21600\" data-vp-filter=\"\" \t\t>\n\t\t\t<template class=\"vp-portfolio__item-popup\" data-vp-popup-img=\"https:\/\/vpdanses.fr\/wp-content\/uploads\/2025\/12\/2025-12-17.Cours_hebdo_Tango_Saint_Jans_Cappel_VP-DANSES_4427.jpg\" data-vp-popup-img-srcset=\"https:\/\/vpdanses.fr\/wp-content\/uploads\/2025\/12\/2025-12-17.Cours_hebdo_Tango_Saint_Jans_Cappel_VP-DANSES_4427.jpg 800w, https:\/\/vpdanses.fr\/wp-content\/uploads\/2025\/12\/2025-12-17.Cours_hebdo_Tango_Saint_Jans_Cappel_VP-DANSES_4427-207x300.jpg 207w, https:\/\/vpdanses.fr\/wp-content\/uploads\/2025\/12\/2025-12-17.Cours_hebdo_Tango_Saint_Jans_Cappel_VP-DANSES_4427-707x1024.jpg 707w, https:\/\/vpdanses.fr\/wp-content\/uploads\/2025\/12\/2025-12-17.Cours_hebdo_Tango_Saint_Jans_Cappel_VP-DANSES_4427-768x1112.jpg 768w, https:\/\/vpdanses.fr\/wp-content\/uploads\/2025\/12\/2025-12-17.Cours_hebdo_Tango_Saint_Jans_Cappel_VP-DANSES_4427-500x724.jpg 500w\" data-vp-popup-img-size=\"800x1158\" data-vp-popup-md-img=\"https:\/\/vpdanses.fr\/wp-content\/uploads\/2025\/12\/2025-12-17.Cours_hebdo_Tango_Saint_Jans_Cappel_VP-DANSES_4427.jpg\" data-vp-popup-md-img-size=\"800x1158\" data-vp-popup-sm-img=\"https:\/\/vpdanses.fr\/wp-content\/uploads\/2025\/12\/2025-12-17.Cours_hebdo_Tango_Saint_Jans_Cappel_VP-DANSES_4427-500x724.jpg\" data-vp-popup-sm-img-size=\"500x724\">\n\t\t\t<h3 class=\"vp-portfolio__item-popup-title\">Danseur appelant sa danseuse pour le Tango \u00e0 Saint-Jans-Cappel<\/h3>\n\t\t\t\t<div class=\"vp-portfolio__item-popup-description\">Photo illustrant un danseur de VP DANSES pr\u00eat \u00e0 d\u00e9marrer le Tango et invitant sa partenaire \u00e0 le rejoindre. Captur\u00e9e lors du cours du mercredi 17 d\u00e9cembre 2025 \u00e0 la Salle des Sports, Chemin du Haut, Saint-Jans-Cappel, montrant l\u2019anticipation et la coordination dans la danse sportive.<\/div>\n\t\t<\/template>\n\t\t\t\t\t\t<figure class=\"vp-portfolio__item\">\n\t\t\t\t\n<div class=\"vp-portfolio__item-img-wrap\">\n\t<div class=\"vp-portfolio__item-img\">\n\t\t\t<a\n\t\thref=\"https:\/\/vpdanses.fr\/wp-content\/uploads\/2025\/12\/2025-12-17.Cours_hebdo_Tango_Saint_Jans_Cappel_VP-DANSES_4427.jpg\"\n\t\t\t>\n\t\n\t\t<noscript><img loading=\"lazy\" decoding=\"async\" width=\"800\" height=\"1158\" data-skip-lazy src=\"https:\/\/vpdanses.fr\/wp-content\/uploads\/2025\/12\/2025-12-17.Cours_hebdo_Tango_Saint_Jans_Cappel_VP-DANSES_4427.jpg\" class=\"wp-image-14772\" alt=\"Danseur pr\u00eat et appelant sa partenaire \u00e0 le rejoindre lors d\u2019un cours de Tango \u00e0 la Salle des Sports, Saint-Jans-Cappel, 17 d\u00e9cembre 2025\" srcset=\"https:\/\/vpdanses.fr\/wp-content\/uploads\/2025\/12\/2025-12-17.Cours_hebdo_Tango_Saint_Jans_Cappel_VP-DANSES_4427.jpg 800w, https:\/\/vpdanses.fr\/wp-content\/uploads\/2025\/12\/2025-12-17.Cours_hebdo_Tango_Saint_Jans_Cappel_VP-DANSES_4427-207x300.jpg 207w, https:\/\/vpdanses.fr\/wp-content\/uploads\/2025\/12\/2025-12-17.Cours_hebdo_Tango_Saint_Jans_Cappel_VP-DANSES_4427-707x1024.jpg 707w, https:\/\/vpdanses.fr\/wp-content\/uploads\/2025\/12\/2025-12-17.Cours_hebdo_Tango_Saint_Jans_Cappel_VP-DANSES_4427-768x1112.jpg 768w, https:\/\/vpdanses.fr\/wp-content\/uploads\/2025\/12\/2025-12-17.Cours_hebdo_Tango_Saint_Jans_Cappel_VP-DANSES_4427-500x724.jpg 500w\" sizes=\"auto, (max-width: 800px) 100vw, 800px\" \/><\/noscript><img decoding=\"async\" width=\"800\" height=\"1158\" src=\"https:\/\/vpdanses.fr\/wp-content\/uploads\/2025\/12\/2025-12-17.Cours_hebdo_Tango_Saint_Jans_Cappel_VP-DANSES_4427.jpg\" class=\"wp-image-14772 vp-lazyload\" alt=\"Danseur pr\u00eat et appelant sa partenaire \u00e0 le rejoindre lors d\u2019un cours de Tango \u00e0 la Salle des Sports, Saint-Jans-Cappel, 17 d\u00e9cembre 2025\" srcset=\"data:image\/svg+xml;base64,PHN2ZyB3aWR0aD0iODAwIiBoZWlnaHQ9IjExNTgiIHZpZXdCb3g9IjAgMCA4MDAgMTE1OCIgZmlsbD0ibm9uZSIgeG1sbnM9Imh0dHA6Ly93d3cudzMub3JnLzIwMDAvc3ZnIj48L3N2Zz4=\" data-src=\"https:\/\/vpdanses.fr\/wp-content\/uploads\/2025\/12\/2025-12-17.Cours_hebdo_Tango_Saint_Jans_Cappel_VP-DANSES_4427.jpg\" data-srcset=\"https:\/\/vpdanses.fr\/wp-content\/uploads\/2025\/12\/2025-12-17.Cours_hebdo_Tango_Saint_Jans_Cappel_VP-DANSES_4427.jpg 800w, https:\/\/vpdanses.fr\/wp-content\/uploads\/2025\/12\/2025-12-17.Cours_hebdo_Tango_Saint_Jans_Cappel_VP-DANSES_4427-207x300.jpg 207w, https:\/\/vpdanses.fr\/wp-content\/uploads\/2025\/12\/2025-12-17.Cours_hebdo_Tango_Saint_Jans_Cappel_VP-DANSES_4427-707x1024.jpg 707w, https:\/\/vpdanses.fr\/wp-content\/uploads\/2025\/12\/2025-12-17.Cours_hebdo_Tango_Saint_Jans_Cappel_VP-DANSES_4427-768x1112.jpg 768w, https:\/\/vpdanses.fr\/wp-content\/uploads\/2025\/12\/2025-12-17.Cours_hebdo_Tango_Saint_Jans_Cappel_VP-DANSES_4427-500x724.jpg 500w\" data-sizes=\"auto\" loading=\"eager\">\n\t\t<\/a>\t<\/div>\n<\/div>\n\t<figcaption class=\"vp-portfolio__item-overlay vp-portfolio__item-overlay-text-align-center\">\n\t\t<div class=\"vp-portfolio__item-meta-wrap vp-portfolio__custom-scrollbar\">\n\t\t\t\t<a\n\t\thref=\"https:\/\/vpdanses.fr\/wp-content\/uploads\/2025\/12\/2025-12-17.Cours_hebdo_Tango_Saint_Jans_Cappel_VP-DANSES_4427.jpg\"\n\t\ttabindex=\"-1\" class=\"vp-portfolio__item-meta\" \t>\n\t\n<h2 class=\"vp-portfolio__item-meta-title\">\n\tDanseur appelant sa danseuse pour le Tango \u00e0 Saint-Jans-Cappel<\/h2>\n<\/a>\t\t<\/div>\n\t<\/figcaption>\n\t\t\t<\/figure>\n\t\t\t\t\t<\/div>\n\t\t\n\t\t<div\t\tclass=\"vp-portfolio__item-wrap vp-portfolio__item-uid-c1615438\" data-vp-filter=\"\" \t\t>\n\t\t\t<template class=\"vp-portfolio__item-popup\" data-vp-popup-img=\"https:\/\/vpdanses.fr\/wp-content\/uploads\/2025\/12\/2025-12-17.Cours_hebdo_Tango_Saint_Jans_Cappel_VP-DANSES_4428.jpg\" data-vp-popup-img-srcset=\"https:\/\/vpdanses.fr\/wp-content\/uploads\/2025\/12\/2025-12-17.Cours_hebdo_Tango_Saint_Jans_Cappel_VP-DANSES_4428.jpg 800w, https:\/\/vpdanses.fr\/wp-content\/uploads\/2025\/12\/2025-12-17.Cours_hebdo_Tango_Saint_Jans_Cappel_VP-DANSES_4428-221x300.jpg 221w, https:\/\/vpdanses.fr\/wp-content\/uploads\/2025\/12\/2025-12-17.Cours_hebdo_Tango_Saint_Jans_Cappel_VP-DANSES_4428-754x1024.jpg 754w, https:\/\/vpdanses.fr\/wp-content\/uploads\/2025\/12\/2025-12-17.Cours_hebdo_Tango_Saint_Jans_Cappel_VP-DANSES_4428-768x1043.jpg 768w, https:\/\/vpdanses.fr\/wp-content\/uploads\/2025\/12\/2025-12-17.Cours_hebdo_Tango_Saint_Jans_Cappel_VP-DANSES_4428-500x679.jpg 500w\" data-vp-popup-img-size=\"800x1086\" data-vp-popup-md-img=\"https:\/\/vpdanses.fr\/wp-content\/uploads\/2025\/12\/2025-12-17.Cours_hebdo_Tango_Saint_Jans_Cappel_VP-DANSES_4428.jpg\" data-vp-popup-md-img-size=\"800x1086\" data-vp-popup-sm-img=\"https:\/\/vpdanses.fr\/wp-content\/uploads\/2025\/12\/2025-12-17.Cours_hebdo_Tango_Saint_Jans_Cappel_VP-DANSES_4428-500x679.jpg\" data-vp-popup-sm-img-size=\"500x679\">\n\t\t\t<h3 class=\"vp-portfolio__item-popup-title\">Danseur expliquant la connexion avec sa danseuse pour le Tango \u00e0 Saint-Jans-Cappel<\/h3>\n\t\t\t\t<div class=\"vp-portfolio__item-popup-description\">Photo montrant un danseur de VP DANSES d\u00e9taillant les points cl\u00e9s de la connexion avec sa partenaire au d\u00e9but du Tango. Captur\u00e9e lors de la session du mercredi 17 d\u00e9cembre 2025 \u00e0 la Salle des Sports, Chemin du Haut, Saint-Jans-Cappel, illustrant l\u2019importance de la technique et de la communication en danse sportive.<\/div>\n\t\t<\/template>\n\t\t\t\t\t\t<figure class=\"vp-portfolio__item\">\n\t\t\t\t\n<div class=\"vp-portfolio__item-img-wrap\">\n\t<div class=\"vp-portfolio__item-img\">\n\t\t\t<a\n\t\thref=\"https:\/\/vpdanses.fr\/wp-content\/uploads\/2025\/12\/2025-12-17.Cours_hebdo_Tango_Saint_Jans_Cappel_VP-DANSES_4428.jpg\"\n\t\t\t>\n\t\n\t\t<noscript><img loading=\"lazy\" decoding=\"async\" width=\"800\" height=\"1086\" data-skip-lazy src=\"https:\/\/vpdanses.fr\/wp-content\/uploads\/2025\/12\/2025-12-17.Cours_hebdo_Tango_Saint_Jans_Cappel_VP-DANSES_4428.jpg\" class=\"wp-image-14773\" alt=\"Danseur donnant des explications sur la connexion avec sa partenaire lors du d\u00e9marrage du Tango \u00e0 la Salle des Sports, Saint-Jans-Cappel, 17 d\u00e9cembre 2025\" srcset=\"https:\/\/vpdanses.fr\/wp-content\/uploads\/2025\/12\/2025-12-17.Cours_hebdo_Tango_Saint_Jans_Cappel_VP-DANSES_4428.jpg 800w, https:\/\/vpdanses.fr\/wp-content\/uploads\/2025\/12\/2025-12-17.Cours_hebdo_Tango_Saint_Jans_Cappel_VP-DANSES_4428-221x300.jpg 221w, https:\/\/vpdanses.fr\/wp-content\/uploads\/2025\/12\/2025-12-17.Cours_hebdo_Tango_Saint_Jans_Cappel_VP-DANSES_4428-754x1024.jpg 754w, https:\/\/vpdanses.fr\/wp-content\/uploads\/2025\/12\/2025-12-17.Cours_hebdo_Tango_Saint_Jans_Cappel_VP-DANSES_4428-768x1043.jpg 768w, https:\/\/vpdanses.fr\/wp-content\/uploads\/2025\/12\/2025-12-17.Cours_hebdo_Tango_Saint_Jans_Cappel_VP-DANSES_4428-500x679.jpg 500w\" sizes=\"auto, (max-width: 800px) 100vw, 800px\" \/><\/noscript><img decoding=\"async\" width=\"800\" height=\"1086\" src=\"https:\/\/vpdanses.fr\/wp-content\/uploads\/2025\/12\/2025-12-17.Cours_hebdo_Tango_Saint_Jans_Cappel_VP-DANSES_4428.jpg\" class=\"wp-image-14773 vp-lazyload\" alt=\"Danseur donnant des explications sur la connexion avec sa partenaire lors du d\u00e9marrage du Tango \u00e0 la Salle des Sports, Saint-Jans-Cappel, 17 d\u00e9cembre 2025\" srcset=\"data:image\/svg+xml;base64,PHN2ZyB3aWR0aD0iODAwIiBoZWlnaHQ9IjEwODYiIHZpZXdCb3g9IjAgMCA4MDAgMTA4NiIgZmlsbD0ibm9uZSIgeG1sbnM9Imh0dHA6Ly93d3cudzMub3JnLzIwMDAvc3ZnIj48L3N2Zz4=\" data-src=\"https:\/\/vpdanses.fr\/wp-content\/uploads\/2025\/12\/2025-12-17.Cours_hebdo_Tango_Saint_Jans_Cappel_VP-DANSES_4428.jpg\" data-srcset=\"https:\/\/vpdanses.fr\/wp-content\/uploads\/2025\/12\/2025-12-17.Cours_hebdo_Tango_Saint_Jans_Cappel_VP-DANSES_4428.jpg 800w, https:\/\/vpdanses.fr\/wp-content\/uploads\/2025\/12\/2025-12-17.Cours_hebdo_Tango_Saint_Jans_Cappel_VP-DANSES_4428-221x300.jpg 221w, https:\/\/vpdanses.fr\/wp-content\/uploads\/2025\/12\/2025-12-17.Cours_hebdo_Tango_Saint_Jans_Cappel_VP-DANSES_4428-754x1024.jpg 754w, https:\/\/vpdanses.fr\/wp-content\/uploads\/2025\/12\/2025-12-17.Cours_hebdo_Tango_Saint_Jans_Cappel_VP-DANSES_4428-768x1043.jpg 768w, https:\/\/vpdanses.fr\/wp-content\/uploads\/2025\/12\/2025-12-17.Cours_hebdo_Tango_Saint_Jans_Cappel_VP-DANSES_4428-500x679.jpg 500w\" data-sizes=\"auto\" loading=\"eager\">\n\t\t<\/a>\t<\/div>\n<\/div>\n\t<figcaption class=\"vp-portfolio__item-overlay vp-portfolio__item-overlay-text-align-center\">\n\t\t<div class=\"vp-portfolio__item-meta-wrap vp-portfolio__custom-scrollbar\">\n\t\t\t\t<a\n\t\thref=\"https:\/\/vpdanses.fr\/wp-content\/uploads\/2025\/12\/2025-12-17.Cours_hebdo_Tango_Saint_Jans_Cappel_VP-DANSES_4428.jpg\"\n\t\ttabindex=\"-1\" class=\"vp-portfolio__item-meta\" \t>\n\t\n<h2 class=\"vp-portfolio__item-meta-title\">\n\tDanseur expliquant la connexion avec sa danseuse pour le Tango \u00e0 Saint-Jans-Cappel<\/h2>\n<\/a>\t\t<\/div>\n\t<\/figcaption>\n\t\t\t<\/figure>\n\t\t\t\t\t<\/div>\n\t\t\n\t\t<div\t\tclass=\"vp-portfolio__item-wrap vp-portfolio__item-uid-9459123e\" data-vp-filter=\"\" \t\t>\n\t\t\t<template class=\"vp-portfolio__item-popup\" data-vp-popup-img=\"https:\/\/vpdanses.fr\/wp-content\/uploads\/2025\/12\/2025-12-17.Cours_hebdo_Tango_Saint_Jans_Cappel_VP-DANSES_4431.jpg\" data-vp-popup-img-srcset=\"https:\/\/vpdanses.fr\/wp-content\/uploads\/2025\/12\/2025-12-17.Cours_hebdo_Tango_Saint_Jans_Cappel_VP-DANSES_4431.jpg 800w, https:\/\/vpdanses.fr\/wp-content\/uploads\/2025\/12\/2025-12-17.Cours_hebdo_Tango_Saint_Jans_Cappel_VP-DANSES_4431-229x300.jpg 229w, https:\/\/vpdanses.fr\/wp-content\/uploads\/2025\/12\/2025-12-17.Cours_hebdo_Tango_Saint_Jans_Cappel_VP-DANSES_4431-782x1024.jpg 782w, https:\/\/vpdanses.fr\/wp-content\/uploads\/2025\/12\/2025-12-17.Cours_hebdo_Tango_Saint_Jans_Cappel_VP-DANSES_4431-768x1005.jpg 768w, https:\/\/vpdanses.fr\/wp-content\/uploads\/2025\/12\/2025-12-17.Cours_hebdo_Tango_Saint_Jans_Cappel_VP-DANSES_4431-500x654.jpg 500w\" data-vp-popup-img-size=\"800x1047\" data-vp-popup-md-img=\"https:\/\/vpdanses.fr\/wp-content\/uploads\/2025\/12\/2025-12-17.Cours_hebdo_Tango_Saint_Jans_Cappel_VP-DANSES_4431.jpg\" data-vp-popup-md-img-size=\"800x1047\" data-vp-popup-sm-img=\"https:\/\/vpdanses.fr\/wp-content\/uploads\/2025\/12\/2025-12-17.Cours_hebdo_Tango_Saint_Jans_Cappel_VP-DANSES_4431-500x654.jpg\" data-vp-popup-sm-img-size=\"500x654\">\n\t\t\t<h3 class=\"vp-portfolio__item-popup-title\">Explication du Progressive Link au Tango \u00e0 Saint-Jans-Cappel<\/h3>\n\t\t\t\t<div class=\"vp-portfolio__item-popup-description\">Photo montrant l\u2019animateur de VP DANSES expliquant les appuis et la connexion entre danseur et danseuse pour la figure Progressive Link en Tango. Captur\u00e9e lors du cours du mercredi 17 d\u00e9cembre 2025 \u00e0 la Salle des Sports, Chemin du Haut, Saint-Jans-Cappel, illustrant la p\u00e9dagogie et la pr\u00e9cision technique en danse sportive.<\/div>\n\t\t<\/template>\n\t\t\t\t\t\t<figure class=\"vp-portfolio__item\">\n\t\t\t\t\n<div class=\"vp-portfolio__item-img-wrap\">\n\t<div class=\"vp-portfolio__item-img\">\n\t\t\t<a\n\t\thref=\"https:\/\/vpdanses.fr\/wp-content\/uploads\/2025\/12\/2025-12-17.Cours_hebdo_Tango_Saint_Jans_Cappel_VP-DANSES_4431.jpg\"\n\t\t\t>\n\t\n\t\t<noscript><img loading=\"lazy\" decoding=\"async\" width=\"800\" height=\"1047\" data-skip-lazy src=\"https:\/\/vpdanses.fr\/wp-content\/uploads\/2025\/12\/2025-12-17.Cours_hebdo_Tango_Saint_Jans_Cappel_VP-DANSES_4431.jpg\" class=\"wp-image-14774\" alt=\"L\u2019animateur de VP DANSES explique les appuis et la connexion pour la figure Progressive Link lors d\u2019un cours de Tango \u00e0 la Salle des Sports, Saint-Jans-Cappel, 17 d\u00e9cembre 2025\" srcset=\"https:\/\/vpdanses.fr\/wp-content\/uploads\/2025\/12\/2025-12-17.Cours_hebdo_Tango_Saint_Jans_Cappel_VP-DANSES_4431.jpg 800w, https:\/\/vpdanses.fr\/wp-content\/uploads\/2025\/12\/2025-12-17.Cours_hebdo_Tango_Saint_Jans_Cappel_VP-DANSES_4431-229x300.jpg 229w, https:\/\/vpdanses.fr\/wp-content\/uploads\/2025\/12\/2025-12-17.Cours_hebdo_Tango_Saint_Jans_Cappel_VP-DANSES_4431-782x1024.jpg 782w, https:\/\/vpdanses.fr\/wp-content\/uploads\/2025\/12\/2025-12-17.Cours_hebdo_Tango_Saint_Jans_Cappel_VP-DANSES_4431-768x1005.jpg 768w, https:\/\/vpdanses.fr\/wp-content\/uploads\/2025\/12\/2025-12-17.Cours_hebdo_Tango_Saint_Jans_Cappel_VP-DANSES_4431-500x654.jpg 500w\" sizes=\"auto, (max-width: 800px) 100vw, 800px\" \/><\/noscript><img decoding=\"async\" width=\"800\" height=\"1047\" src=\"https:\/\/vpdanses.fr\/wp-content\/uploads\/2025\/12\/2025-12-17.Cours_hebdo_Tango_Saint_Jans_Cappel_VP-DANSES_4431.jpg\" class=\"wp-image-14774 vp-lazyload\" alt=\"L\u2019animateur de VP DANSES explique les appuis et la connexion pour la figure Progressive Link lors d\u2019un cours de Tango \u00e0 la Salle des Sports, Saint-Jans-Cappel, 17 d\u00e9cembre 2025\" srcset=\"data:image\/svg+xml;base64,PHN2ZyB3aWR0aD0iODAwIiBoZWlnaHQ9IjEwNDciIHZpZXdCb3g9IjAgMCA4MDAgMTA0NyIgZmlsbD0ibm9uZSIgeG1sbnM9Imh0dHA6Ly93d3cudzMub3JnLzIwMDAvc3ZnIj48L3N2Zz4=\" data-src=\"https:\/\/vpdanses.fr\/wp-content\/uploads\/2025\/12\/2025-12-17.Cours_hebdo_Tango_Saint_Jans_Cappel_VP-DANSES_4431.jpg\" data-srcset=\"https:\/\/vpdanses.fr\/wp-content\/uploads\/2025\/12\/2025-12-17.Cours_hebdo_Tango_Saint_Jans_Cappel_VP-DANSES_4431.jpg 800w, https:\/\/vpdanses.fr\/wp-content\/uploads\/2025\/12\/2025-12-17.Cours_hebdo_Tango_Saint_Jans_Cappel_VP-DANSES_4431-229x300.jpg 229w, https:\/\/vpdanses.fr\/wp-content\/uploads\/2025\/12\/2025-12-17.Cours_hebdo_Tango_Saint_Jans_Cappel_VP-DANSES_4431-782x1024.jpg 782w, https:\/\/vpdanses.fr\/wp-content\/uploads\/2025\/12\/2025-12-17.Cours_hebdo_Tango_Saint_Jans_Cappel_VP-DANSES_4431-768x1005.jpg 768w, https:\/\/vpdanses.fr\/wp-content\/uploads\/2025\/12\/2025-12-17.Cours_hebdo_Tango_Saint_Jans_Cappel_VP-DANSES_4431-500x654.jpg 500w\" data-sizes=\"auto\" loading=\"eager\">\n\t\t<\/a>\t<\/div>\n<\/div>\n\t<figcaption class=\"vp-portfolio__item-overlay vp-portfolio__item-overlay-text-align-center\">\n\t\t<div class=\"vp-portfolio__item-meta-wrap vp-portfolio__custom-scrollbar\">\n\t\t\t\t<a\n\t\thref=\"https:\/\/vpdanses.fr\/wp-content\/uploads\/2025\/12\/2025-12-17.Cours_hebdo_Tango_Saint_Jans_Cappel_VP-DANSES_4431.jpg\"\n\t\ttabindex=\"-1\" class=\"vp-portfolio__item-meta\" \t>\n\t\n<h2 class=\"vp-portfolio__item-meta-title\">\n\tExplication du Progressive Link au Tango \u00e0 Saint-Jans-Cappel<\/h2>\n<\/a>\t\t<\/div>\n\t<\/figcaption>\n\t\t\t<\/figure>\n\t\t\t\t\t<\/div>\n\t\t\n<\/div>\n\t\t<\/div>\n\t\t\n<\/div>\n<\/div>\n\n\n<p>A tr\u00e8s bient\u00f4t sur la piste,<br>VP DANSES<\/p>\n\n\n\n<p><\/p>\n","protected":false},"excerpt":{"rendered":"<p>VP DANSES cl\u00f4ture sa saison 2025 \u00e0 Saint-Jans-Cappel et pr\u00e9pare la reprise des cours de Tango et Jive d\u00e8s le 5 janvier 2026. Rejoignez-nous pour un cours d\u2019essai gratuit !<\/p>\n","protected":false},"author":1,"featured_media":14773,"comment_status":"closed","ping_status":"closed","sticky":false,"template":"","format":"standard","meta":{"_uag_custom_page_level_css":"","_price":"","_stock":"","_tribe_ticket_header":"","_tribe_default_ticket_provider":"","_tribe_ticket_capacity":"0","_ticket_start_date":"","_ticket_end_date":"","_tribe_ticket_show_description":"","_tribe_ticket_show_not_going":false,"_tribe_ticket_use_global_stock":"","_tribe_ticket_global_stock_level":"","_global_stock_mode":"","_global_stock_cap":"","_tribe_rsvp_for_event":"","_tribe_ticket_going_count":"","_tribe_ticket_not_going_count":"","_tribe_tickets_list":"[]","_tribe_ticket_has_attendee_info_fields":false,"_EventAllDay":false,"_EventTimezone":"","_EventStartDate":"","_EventEndDate":"","_EventStartDateUTC":"","_EventEndDateUTC":"","_EventShowMap":false,"_EventShowMapLink":false,"_EventURL":"","_EventCost":"","_EventCostDescription":"","_EventCurrencySymbol":"","_EventCurrencyCode":"","_EventCurrencyPosition":"","_EventDateTimeSeparator":"","_EventTimeRangeSeparator":"","_EventOrganizerID":[],"_EventVenueID":[],"_OrganizerEmail":"","_OrganizerPhone":"","_OrganizerWebsite":"","_VenueAddress":"","_VenueCity":"","_VenueCountry":"","_VenueProvince":"","_VenueState":"","_VenueZip":"","_VenuePhone":"","_VenueURL":"","_VenueStateProvince":"","_VenueLat":"","_VenueLng":"","_VenueShowMap":false,"_VenueShowMapLink":false,"_vp_format_video_url":"","_vp_image_focal_point":[],"_jetpack_memberships_contains_paid_content":false,"footnotes":""},"categories":[86],"tags":[],"class_list":["post-14754","post","type-post","status-publish","format-standard","has-post-thumbnail","hentry","category-autour-dhazebrouck"],"yoast_head":"<!-- This site is optimized with the Yoast SEO Premium plugin v25.6 (Yoast SEO v25.6) - https:\/\/yoast.com\/wordpress\/plugins\/seo\/ -->\n<title>La Danse Sportive \u00e0 Saint-Jans-Cappel : Reprise 2026 Tango &amp; Jive | VP DANSES<\/title>\n<meta name=\"description\" content=\"VP DANSES remercie ses danseurs \u00e0 Saint-Jans-Cappel pour leur engagement en 2025. Reprise des cours de Tango et Jive le 5 janvier 2026. Cours d\u2019essai gratuit disponible.\" \/>\n<meta name=\"robots\" content=\"index, follow, max-snippet:-1, max-image-preview:large, max-video-preview:-1\" \/>\n<link rel=\"canonical\" href=\"https:\/\/vpdanses.fr\/home\/bienvenue-chez-vp-danses-hazebrouck\/danse-sportive-saint-jans-cappel-reprise-2026\/\" \/>\n<meta property=\"og:locale\" content=\"fr_FR\" \/>\n<meta property=\"og:type\" content=\"article\" \/>\n<meta property=\"og:title\" content=\"La Danse Continue \u00e0 Saint-Jans-Cappel \u2013 Reprise 2026 Tango &amp; Jive avec VP DANSES\" \/>\n<meta property=\"og:description\" content=\"VP DANSES remercie ses danseurs \u00e0 Saint-Jans-Cappel pour leur engagement en 2025 et vous invite \u00e0 la reprise des cours de Tango et Jive le 7 janvier 2026. Cours d\u2019essai gratuit disponible !\" \/>\n<meta property=\"og:url\" content=\"https:\/\/vpdanses.fr\/home\/bienvenue-chez-vp-danses-hazebrouck\/danse-sportive-saint-jans-cappel-reprise-2026\/\" \/>\n<meta property=\"og:site_name\" content=\"VP DANSES, cours de Danse Sportive \u00e0 Aire-sur-la-Lys et \u00e0 Saint-Jans-Cappel (Hauts-de-France)\" \/>\n<meta property=\"article:published_time\" content=\"2025-12-19T15:25:20+00:00\" \/>\n<meta property=\"article:modified_time\" content=\"2025-12-19T15:51:40+00:00\" \/>\n<meta property=\"og:image\" content=\"https:\/\/vpdanses.fr\/wp-content\/uploads\/2025\/12\/2025-12-17.Cours_hebdo_Tango_Saint_Jans_Cappel_VP-DANSES_4428.jpg\" \/>\n\t<meta property=\"og:image:width\" content=\"800\" \/>\n\t<meta property=\"og:image:height\" content=\"1086\" \/>\n\t<meta property=\"og:image:type\" content=\"image\/jpeg\" \/>\n<meta name=\"author\" content=\"VP DANSES\" \/>\n<meta name=\"twitter:card\" content=\"summary_large_image\" \/>\n<meta name=\"twitter:title\" content=\"LA DANSE CONTINUE A SAINT-JANS-CAPPEL\u2026 RENDEZ-VOUS EN 2026 APRES LES FETES DE FIN D&#039;ANNEE !!\" \/>\n<meta name=\"twitter:label1\" content=\"\u00c9crit par\" \/>\n\t<meta name=\"twitter:data1\" content=\"VP DANSES\" \/>\n\t<meta name=\"twitter:label2\" content=\"Dur\u00e9e de lecture estim\u00e9e\" \/>\n\t<meta name=\"twitter:data2\" content=\"2 minutes\" \/>\n<script type=\"application\/ld+json\" class=\"yoast-schema-graph\">{\"@context\":\"https:\/\/schema.org\",\"@graph\":[{\"@type\":\"Article\",\"@id\":\"https:\/\/vpdanses.fr\/home\/bienvenue-chez-vp-danses-hazebrouck\/danse-sportive-saint-jans-cappel-reprise-2026\/#article\",\"isPartOf\":{\"@id\":\"https:\/\/vpdanses.fr\/home\/bienvenue-chez-vp-danses-hazebrouck\/danse-sportive-saint-jans-cappel-reprise-2026\/\"},\"author\":{\"name\":\"VP DANSES\",\"@id\":\"https:\/\/vpdanses.fr\/home\/bienvenue-chez-vp-danses-hazebrouck\/#\/schema\/person\/bf87806369778f949b83c9cd885519e5\"},\"headline\":\"LA DANSE CONTINUE A SAINT-JANS-CAPPEL\u2026 RENDEZ-VOUS EN 2026 APRES LES FETES DE FIN D&rsquo;ANNEE !!\",\"datePublished\":\"2025-12-19T15:25:20+00:00\",\"dateModified\":\"2025-12-19T15:51:40+00:00\",\"mainEntityOfPage\":{\"@id\":\"https:\/\/vpdanses.fr\/home\/bienvenue-chez-vp-danses-hazebrouck\/danse-sportive-saint-jans-cappel-reprise-2026\/\"},\"wordCount\":332,\"publisher\":{\"@id\":\"https:\/\/vpdanses.fr\/home\/bienvenue-chez-vp-danses-hazebrouck\/#organization\"},\"image\":{\"@id\":\"https:\/\/vpdanses.fr\/home\/bienvenue-chez-vp-danses-hazebrouck\/danse-sportive-saint-jans-cappel-reprise-2026\/#primaryimage\"},\"thumbnailUrl\":\"https:\/\/vpdanses.fr\/wp-content\/uploads\/2025\/12\/2025-12-17.Cours_hebdo_Tango_Saint_Jans_Cappel_VP-DANSES_4428.jpg\",\"articleSection\":[\"Autour d'Hazebrouck\"],\"inLanguage\":\"fr-FR\"},{\"@type\":\"WebPage\",\"@id\":\"https:\/\/vpdanses.fr\/home\/bienvenue-chez-vp-danses-hazebrouck\/danse-sportive-saint-jans-cappel-reprise-2026\/\",\"url\":\"https:\/\/vpdanses.fr\/home\/bienvenue-chez-vp-danses-hazebrouck\/danse-sportive-saint-jans-cappel-reprise-2026\/\",\"name\":\"La Danse Sportive \u00e0 Saint-Jans-Cappel : Reprise 2026 Tango & Jive | VP DANSES\",\"isPartOf\":{\"@id\":\"https:\/\/vpdanses.fr\/home\/bienvenue-chez-vp-danses-hazebrouck\/#website\"},\"primaryImageOfPage\":{\"@id\":\"https:\/\/vpdanses.fr\/home\/bienvenue-chez-vp-danses-hazebrouck\/danse-sportive-saint-jans-cappel-reprise-2026\/#primaryimage\"},\"image\":{\"@id\":\"https:\/\/vpdanses.fr\/home\/bienvenue-chez-vp-danses-hazebrouck\/danse-sportive-saint-jans-cappel-reprise-2026\/#primaryimage\"},\"thumbnailUrl\":\"https:\/\/vpdanses.fr\/wp-content\/uploads\/2025\/12\/2025-12-17.Cours_hebdo_Tango_Saint_Jans_Cappel_VP-DANSES_4428.jpg\",\"datePublished\":\"2025-12-19T15:25:20+00:00\",\"dateModified\":\"2025-12-19T15:51:40+00:00\",\"description\":\"VP DANSES remercie ses danseurs \u00e0 Saint-Jans-Cappel pour leur engagement en 2025. Reprise des cours de Tango et Jive le 5 janvier 2026. Cours d\u2019essai gratuit disponible.\",\"breadcrumb\":{\"@id\":\"https:\/\/vpdanses.fr\/home\/bienvenue-chez-vp-danses-hazebrouck\/danse-sportive-saint-jans-cappel-reprise-2026\/#breadcrumb\"},\"inLanguage\":\"fr-FR\",\"potentialAction\":[{\"@type\":\"ReadAction\",\"target\":[\"https:\/\/vpdanses.fr\/home\/bienvenue-chez-vp-danses-hazebrouck\/danse-sportive-saint-jans-cappel-reprise-2026\/\"]}]},{\"@type\":\"ImageObject\",\"inLanguage\":\"fr-FR\",\"@id\":\"https:\/\/vpdanses.fr\/home\/bienvenue-chez-vp-danses-hazebrouck\/danse-sportive-saint-jans-cappel-reprise-2026\/#primaryimage\",\"url\":\"https:\/\/vpdanses.fr\/wp-content\/uploads\/2025\/12\/2025-12-17.Cours_hebdo_Tango_Saint_Jans_Cappel_VP-DANSES_4428.jpg\",\"contentUrl\":\"https:\/\/vpdanses.fr\/wp-content\/uploads\/2025\/12\/2025-12-17.Cours_hebdo_Tango_Saint_Jans_Cappel_VP-DANSES_4428.jpg\",\"width\":800,\"height\":1086,\"caption\":\"Le danseur explique les d\u00e9tails de la connexion au d\u00e9marrage du Tango \u2013 session du mercredi 17 d\u00e9cembre 2025, 19h30-20h30 \u00e0 la Salle des Sports, Saint-Jans-Cappel\"},{\"@type\":\"BreadcrumbList\",\"@id\":\"https:\/\/vpdanses.fr\/home\/bienvenue-chez-vp-danses-hazebrouck\/danse-sportive-saint-jans-cappel-reprise-2026\/#breadcrumb\",\"itemListElement\":[{\"@type\":\"ListItem\",\"position\":1,\"name\":\"Accueil\",\"item\":\"https:\/\/vpdanses.fr\/home\/bienvenue-chez-vp-danses-hazebrouck\/\"},{\"@type\":\"ListItem\",\"position\":2,\"name\":\"LA DANSE CONTINUE A SAINT-JANS-CAPPEL\u2026 RENDEZ-VOUS EN 2026 APRES LES FETES DE FIN D&rsquo;ANNEE !!\"}]},{\"@type\":\"WebSite\",\"@id\":\"https:\/\/vpdanses.fr\/home\/bienvenue-chez-vp-danses-hazebrouck\/#website\",\"url\":\"https:\/\/vpdanses.fr\/home\/bienvenue-chez-vp-danses-hazebrouck\/\",\"name\":\"VP DANSES, cours de Danse Sportive \u00e0 Aire-sur-la-Lys et \u00e0 Saint-Jans-Cappel (Hauts-de-France)\",\"description\":\"Cours de Danse Sportive STANDARD (valse anglaise, tango, valse viennoise, slowfox, quickstep), danses sportives LATINES (samba, chacha, rumba, paso doble, jive), danses de bal, danses de salons, danses de loisirs, salsa, rock 4 temps, rock 6 temps, danses en ligne, disco, \u2026 Lieu : Hazebrouck, Aire-sur-la-Lys, Saint-Jans-Cappel et Isbergues (Hauts-de-France) - Cours Particuliers dans les Hauts-de-France - Ouverture de bal de Mariage\",\"publisher\":{\"@id\":\"https:\/\/vpdanses.fr\/home\/bienvenue-chez-vp-danses-hazebrouck\/#organization\"},\"potentialAction\":[{\"@type\":\"SearchAction\",\"target\":{\"@type\":\"EntryPoint\",\"urlTemplate\":\"https:\/\/vpdanses.fr\/home\/bienvenue-chez-vp-danses-hazebrouck\/?s={search_term_string}\"},\"query-input\":{\"@type\":\"PropertyValueSpecification\",\"valueRequired\":true,\"valueName\":\"search_term_string\"}}],\"inLanguage\":\"fr-FR\"},{\"@type\":\"Organization\",\"@id\":\"https:\/\/vpdanses.fr\/home\/bienvenue-chez-vp-danses-hazebrouck\/#organization\",\"name\":\"VP DANSES, cours de Danse Sportive \u00e0 Aire-sur-la-Lys et \u00e0 Saint-Jans-Cappel (Hauts-de-France)\",\"url\":\"https:\/\/vpdanses.fr\/home\/bienvenue-chez-vp-danses-hazebrouck\/\",\"logo\":{\"@type\":\"ImageObject\",\"inLanguage\":\"fr-FR\",\"@id\":\"https:\/\/vpdanses.fr\/home\/bienvenue-chez-vp-danses-hazebrouck\/#\/schema\/logo\/image\/\",\"url\":\"https:\/\/vpdanses.fr\/wp-content\/uploads\/2024\/10\/logo_cadanse_asaintjans.jpeg\",\"contentUrl\":\"https:\/\/vpdanses.fr\/wp-content\/uploads\/2024\/10\/logo_cadanse_asaintjans.jpeg\",\"width\":225,\"height\":225,\"caption\":\"VP DANSES, cours de Danse Sportive \u00e0 Aire-sur-la-Lys et \u00e0 Saint-Jans-Cappel (Hauts-de-France)\"},\"image\":{\"@id\":\"https:\/\/vpdanses.fr\/home\/bienvenue-chez-vp-danses-hazebrouck\/#\/schema\/logo\/image\/\"}},{\"@type\":\"Person\",\"@id\":\"https:\/\/vpdanses.fr\/home\/bienvenue-chez-vp-danses-hazebrouck\/#\/schema\/person\/bf87806369778f949b83c9cd885519e5\",\"name\":\"VP DANSES\",\"description\":\"\\\"VP danses\\\" est une association qui donne des cours de DANSES SPORTIVES STANDARDS (valse anglaise, tango, valse viennoise, slowfox, quickstep), de DANSES SPORTIVES LATINES (samba, chacha, rumba, paso doble, jive), de DANSES DE BAL, de DANSES DE SALONS, de DANSES DE LOISIRS, de SALSA, de ROCK 4 TEMPS, de ROCK 6 TEMPS, de DANSES EN LIGNE, de DISCO, \u2026\",\"sameAs\":[\"https:\/\/vpdanses.fr\"],\"url\":\"https:\/\/vpdanses.fr\/home\/bienvenue-chez-vp-danses-hazebrouck\/author\/adminvp20241018\/\"}]}<\/script>\n<!-- \/ Yoast SEO Premium plugin. -->","yoast_head_json":{"title":"La Danse Sportive \u00e0 Saint-Jans-Cappel : Reprise 2026 Tango & Jive | VP DANSES","description":"VP DANSES remercie ses danseurs \u00e0 Saint-Jans-Cappel pour leur engagement en 2025. Reprise des cours de Tango et Jive le 5 janvier 2026. Cours d\u2019essai gratuit disponible.","robots":{"index":"index","follow":"follow","max-snippet":"max-snippet:-1","max-image-preview":"max-image-preview:large","max-video-preview":"max-video-preview:-1"},"canonical":"https:\/\/vpdanses.fr\/home\/bienvenue-chez-vp-danses-hazebrouck\/danse-sportive-saint-jans-cappel-reprise-2026\/","og_locale":"fr_FR","og_type":"article","og_title":"La Danse Continue \u00e0 Saint-Jans-Cappel \u2013 Reprise 2026 Tango & Jive avec VP DANSES","og_description":"VP DANSES remercie ses danseurs \u00e0 Saint-Jans-Cappel pour leur engagement en 2025 et vous invite \u00e0 la reprise des cours de Tango et Jive le 7 janvier 2026. Cours d\u2019essai gratuit disponible !","og_url":"https:\/\/vpdanses.fr\/home\/bienvenue-chez-vp-danses-hazebrouck\/danse-sportive-saint-jans-cappel-reprise-2026\/","og_site_name":"VP DANSES, cours de Danse Sportive \u00e0 Aire-sur-la-Lys et \u00e0 Saint-Jans-Cappel (Hauts-de-France)","article_published_time":"2025-12-19T15:25:20+00:00","article_modified_time":"2025-12-19T15:51:40+00:00","og_image":[{"width":800,"height":1086,"url":"https:\/\/vpdanses.fr\/wp-content\/uploads\/2025\/12\/2025-12-17.Cours_hebdo_Tango_Saint_Jans_Cappel_VP-DANSES_4428.jpg","type":"image\/jpeg"}],"author":"VP DANSES","twitter_card":"summary_large_image","twitter_title":"LA DANSE CONTINUE A SAINT-JANS-CAPPEL\u2026 RENDEZ-VOUS EN 2026 APRES LES FETES DE FIN D'ANNEE !!","twitter_misc":{"\u00c9crit par":"VP DANSES","Dur\u00e9e de lecture estim\u00e9e":"2 minutes"},"schema":{"@context":"https:\/\/schema.org","@graph":[{"@type":"Article","@id":"https:\/\/vpdanses.fr\/home\/bienvenue-chez-vp-danses-hazebrouck\/danse-sportive-saint-jans-cappel-reprise-2026\/#article","isPartOf":{"@id":"https:\/\/vpdanses.fr\/home\/bienvenue-chez-vp-danses-hazebrouck\/danse-sportive-saint-jans-cappel-reprise-2026\/"},"author":{"name":"VP DANSES","@id":"https:\/\/vpdanses.fr\/home\/bienvenue-chez-vp-danses-hazebrouck\/#\/schema\/person\/bf87806369778f949b83c9cd885519e5"},"headline":"LA DANSE CONTINUE A SAINT-JANS-CAPPEL\u2026 RENDEZ-VOUS EN 2026 APRES LES FETES DE FIN D&rsquo;ANNEE !!","datePublished":"2025-12-19T15:25:20+00:00","dateModified":"2025-12-19T15:51:40+00:00","mainEntityOfPage":{"@id":"https:\/\/vpdanses.fr\/home\/bienvenue-chez-vp-danses-hazebrouck\/danse-sportive-saint-jans-cappel-reprise-2026\/"},"wordCount":332,"publisher":{"@id":"https:\/\/vpdanses.fr\/home\/bienvenue-chez-vp-danses-hazebrouck\/#organization"},"image":{"@id":"https:\/\/vpdanses.fr\/home\/bienvenue-chez-vp-danses-hazebrouck\/danse-sportive-saint-jans-cappel-reprise-2026\/#primaryimage"},"thumbnailUrl":"https:\/\/vpdanses.fr\/wp-content\/uploads\/2025\/12\/2025-12-17.Cours_hebdo_Tango_Saint_Jans_Cappel_VP-DANSES_4428.jpg","articleSection":["Autour d'Hazebrouck"],"inLanguage":"fr-FR"},{"@type":"WebPage","@id":"https:\/\/vpdanses.fr\/home\/bienvenue-chez-vp-danses-hazebrouck\/danse-sportive-saint-jans-cappel-reprise-2026\/","url":"https:\/\/vpdanses.fr\/home\/bienvenue-chez-vp-danses-hazebrouck\/danse-sportive-saint-jans-cappel-reprise-2026\/","name":"La Danse Sportive \u00e0 Saint-Jans-Cappel : Reprise 2026 Tango & Jive | VP DANSES","isPartOf":{"@id":"https:\/\/vpdanses.fr\/home\/bienvenue-chez-vp-danses-hazebrouck\/#website"},"primaryImageOfPage":{"@id":"https:\/\/vpdanses.fr\/home\/bienvenue-chez-vp-danses-hazebrouck\/danse-sportive-saint-jans-cappel-reprise-2026\/#primaryimage"},"image":{"@id":"https:\/\/vpdanses.fr\/home\/bienvenue-chez-vp-danses-hazebrouck\/danse-sportive-saint-jans-cappel-reprise-2026\/#primaryimage"},"thumbnailUrl":"https:\/\/vpdanses.fr\/wp-content\/uploads\/2025\/12\/2025-12-17.Cours_hebdo_Tango_Saint_Jans_Cappel_VP-DANSES_4428.jpg","datePublished":"2025-12-19T15:25:20+00:00","dateModified":"2025-12-19T15:51:40+00:00","description":"VP DANSES remercie ses danseurs \u00e0 Saint-Jans-Cappel pour leur engagement en 2025. Reprise des cours de Tango et Jive le 5 janvier 2026. Cours d\u2019essai gratuit disponible.","breadcrumb":{"@id":"https:\/\/vpdanses.fr\/home\/bienvenue-chez-vp-danses-hazebrouck\/danse-sportive-saint-jans-cappel-reprise-2026\/#breadcrumb"},"inLanguage":"fr-FR","potentialAction":[{"@type":"ReadAction","target":["https:\/\/vpdanses.fr\/home\/bienvenue-chez-vp-danses-hazebrouck\/danse-sportive-saint-jans-cappel-reprise-2026\/"]}]},{"@type":"ImageObject","inLanguage":"fr-FR","@id":"https:\/\/vpdanses.fr\/home\/bienvenue-chez-vp-danses-hazebrouck\/danse-sportive-saint-jans-cappel-reprise-2026\/#primaryimage","url":"https:\/\/vpdanses.fr\/wp-content\/uploads\/2025\/12\/2025-12-17.Cours_hebdo_Tango_Saint_Jans_Cappel_VP-DANSES_4428.jpg","contentUrl":"https:\/\/vpdanses.fr\/wp-content\/uploads\/2025\/12\/2025-12-17.Cours_hebdo_Tango_Saint_Jans_Cappel_VP-DANSES_4428.jpg","width":800,"height":1086,"caption":"Le danseur explique les d\u00e9tails de la connexion au d\u00e9marrage du Tango \u2013 session du mercredi 17 d\u00e9cembre 2025, 19h30-20h30 \u00e0 la Salle des Sports, Saint-Jans-Cappel"},{"@type":"BreadcrumbList","@id":"https:\/\/vpdanses.fr\/home\/bienvenue-chez-vp-danses-hazebrouck\/danse-sportive-saint-jans-cappel-reprise-2026\/#breadcrumb","itemListElement":[{"@type":"ListItem","position":1,"name":"Accueil","item":"https:\/\/vpdanses.fr\/home\/bienvenue-chez-vp-danses-hazebrouck\/"},{"@type":"ListItem","position":2,"name":"LA DANSE CONTINUE A SAINT-JANS-CAPPEL\u2026 RENDEZ-VOUS EN 2026 APRES LES FETES DE FIN D&rsquo;ANNEE !!"}]},{"@type":"WebSite","@id":"https:\/\/vpdanses.fr\/home\/bienvenue-chez-vp-danses-hazebrouck\/#website","url":"https:\/\/vpdanses.fr\/home\/bienvenue-chez-vp-danses-hazebrouck\/","name":"VP DANSES, cours de Danse Sportive \u00e0 Aire-sur-la-Lys et \u00e0 Saint-Jans-Cappel (Hauts-de-France)","description":"Cours de Danse Sportive STANDARD (valse anglaise, tango, valse viennoise, slowfox, quickstep), danses sportives LATINES (samba, chacha, rumba, paso doble, jive), danses de bal, danses de salons, danses de loisirs, salsa, rock 4 temps, rock 6 temps, danses en ligne, disco, \u2026 Lieu : Hazebrouck, Aire-sur-la-Lys, Saint-Jans-Cappel et Isbergues (Hauts-de-France) - Cours Particuliers dans les Hauts-de-France - Ouverture de bal de Mariage","publisher":{"@id":"https:\/\/vpdanses.fr\/home\/bienvenue-chez-vp-danses-hazebrouck\/#organization"},"potentialAction":[{"@type":"SearchAction","target":{"@type":"EntryPoint","urlTemplate":"https:\/\/vpdanses.fr\/home\/bienvenue-chez-vp-danses-hazebrouck\/?s={search_term_string}"},"query-input":{"@type":"PropertyValueSpecification","valueRequired":true,"valueName":"search_term_string"}}],"inLanguage":"fr-FR"},{"@type":"Organization","@id":"https:\/\/vpdanses.fr\/home\/bienvenue-chez-vp-danses-hazebrouck\/#organization","name":"VP DANSES, cours de Danse Sportive \u00e0 Aire-sur-la-Lys et \u00e0 Saint-Jans-Cappel (Hauts-de-France)","url":"https:\/\/vpdanses.fr\/home\/bienvenue-chez-vp-danses-hazebrouck\/","logo":{"@type":"ImageObject","inLanguage":"fr-FR","@id":"https:\/\/vpdanses.fr\/home\/bienvenue-chez-vp-danses-hazebrouck\/#\/schema\/logo\/image\/","url":"https:\/\/vpdanses.fr\/wp-content\/uploads\/2024\/10\/logo_cadanse_asaintjans.jpeg","contentUrl":"https:\/\/vpdanses.fr\/wp-content\/uploads\/2024\/10\/logo_cadanse_asaintjans.jpeg","width":225,"height":225,"caption":"VP DANSES, cours de Danse Sportive \u00e0 Aire-sur-la-Lys et \u00e0 Saint-Jans-Cappel (Hauts-de-France)"},"image":{"@id":"https:\/\/vpdanses.fr\/home\/bienvenue-chez-vp-danses-hazebrouck\/#\/schema\/logo\/image\/"}},{"@type":"Person","@id":"https:\/\/vpdanses.fr\/home\/bienvenue-chez-vp-danses-hazebrouck\/#\/schema\/person\/bf87806369778f949b83c9cd885519e5","name":"VP DANSES","description":"\"VP danses\" est une association qui donne des cours de DANSES SPORTIVES STANDARDS (valse anglaise, tango, valse viennoise, slowfox, quickstep), de DANSES SPORTIVES LATINES (samba, chacha, rumba, paso doble, jive), de DANSES DE BAL, de DANSES DE SALONS, de DANSES DE LOISIRS, de SALSA, de ROCK 4 TEMPS, de ROCK 6 TEMPS, de DANSES EN LIGNE, de DISCO, \u2026","sameAs":["https:\/\/vpdanses.fr"],"url":"https:\/\/vpdanses.fr\/home\/bienvenue-chez-vp-danses-hazebrouck\/author\/adminvp20241018\/"}]}},"jetpack_featured_media_url":"https:\/\/vpdanses.fr\/wp-content\/uploads\/2025\/12\/2025-12-17.Cours_hebdo_Tango_Saint_Jans_Cappel_VP-DANSES_4428.jpg","uagb_featured_image_src":{"full":["https:\/\/vpdanses.fr\/wp-content\/uploads\/2025\/12\/2025-12-17.Cours_hebdo_Tango_Saint_Jans_Cappel_VP-DANSES_4428.jpg",800,1086,false],"thumbnail":["https:\/\/vpdanses.fr\/wp-content\/uploads\/2025\/12\/2025-12-17.Cours_hebdo_Tango_Saint_Jans_Cappel_VP-DANSES_4428-150x150.jpg",150,150,true],"medium":["https:\/\/vpdanses.fr\/wp-content\/uploads\/2025\/12\/2025-12-17.Cours_hebdo_Tango_Saint_Jans_Cappel_VP-DANSES_4428-221x300.jpg",221,300,true],"medium_large":["https:\/\/vpdanses.fr\/wp-content\/uploads\/2025\/12\/2025-12-17.Cours_hebdo_Tango_Saint_Jans_Cappel_VP-DANSES_4428-768x1043.jpg",768,1043,true],"large":["https:\/\/vpdanses.fr\/wp-content\/uploads\/2025\/12\/2025-12-17.Cours_hebdo_Tango_Saint_Jans_Cappel_VP-DANSES_4428-754x1024.jpg",754,1024,true],"1536x1536":["https:\/\/vpdanses.fr\/wp-content\/uploads\/2025\/12\/2025-12-17.Cours_hebdo_Tango_Saint_Jans_Cappel_VP-DANSES_4428.jpg",800,1086,false],"2048x2048":["https:\/\/vpdanses.fr\/wp-content\/uploads\/2025\/12\/2025-12-17.Cours_hebdo_Tango_Saint_Jans_Cappel_VP-DANSES_4428.jpg",800,1086,false],"vp_sm":["https:\/\/vpdanses.fr\/wp-content\/uploads\/2025\/12\/2025-12-17.Cours_hebdo_Tango_Saint_Jans_Cappel_VP-DANSES_4428-500x679.jpg",500,679,true],"vp_md":["https:\/\/vpdanses.fr\/wp-content\/uploads\/2025\/12\/2025-12-17.Cours_hebdo_Tango_Saint_Jans_Cappel_VP-DANSES_4428.jpg",800,1086,false],"vp_lg":["https:\/\/vpdanses.fr\/wp-content\/uploads\/2025\/12\/2025-12-17.Cours_hebdo_Tango_Saint_Jans_Cappel_VP-DANSES_4428.jpg",800,1086,false],"vp_xl":["https:\/\/vpdanses.fr\/wp-content\/uploads\/2025\/12\/2025-12-17.Cours_hebdo_Tango_Saint_Jans_Cappel_VP-DANSES_4428.jpg",800,1086,false],"vp_sm_popup":["https:\/\/vpdanses.fr\/wp-content\/uploads\/2025\/12\/2025-12-17.Cours_hebdo_Tango_Saint_Jans_Cappel_VP-DANSES_4428-500x679.jpg",500,679,true],"vp_md_popup":["https:\/\/vpdanses.fr\/wp-content\/uploads\/2025\/12\/2025-12-17.Cours_hebdo_Tango_Saint_Jans_Cappel_VP-DANSES_4428.jpg",800,1086,false],"vp_xl_popup":["https:\/\/vpdanses.fr\/wp-content\/uploads\/2025\/12\/2025-12-17.Cours_hebdo_Tango_Saint_Jans_Cappel_VP-DANSES_4428.jpg",800,1086,false],"dance-blog-thumb":["https:\/\/vpdanses.fr\/wp-content\/uploads\/2025\/12\/2025-12-17.Cours_hebdo_Tango_Saint_Jans_Cappel_VP-DANSES_4428-150x120.jpg",150,120,true],"dance-event-list":["https:\/\/vpdanses.fr\/wp-content\/uploads\/2025\/12\/2025-12-17.Cours_hebdo_Tango_Saint_Jans_Cappel_VP-DANSES_4428-420x336.jpg",420,336,true],"dance-event-single-type1":["https:\/\/vpdanses.fr\/wp-content\/uploads\/2025\/12\/2025-12-17.Cours_hebdo_Tango_Saint_Jans_Cappel_VP-DANSES_4428-773x520.jpg",773,520,true],"dance-event-single-type4":["https:\/\/vpdanses.fr\/wp-content\/uploads\/2025\/12\/2025-12-17.Cours_hebdo_Tango_Saint_Jans_Cappel_VP-DANSES_4428-570x460.jpg",570,460,true],"dance-event-single-type5":["https:\/\/vpdanses.fr\/wp-content\/uploads\/2025\/12\/2025-12-17.Cours_hebdo_Tango_Saint_Jans_Cappel_VP-DANSES_4428-746x770.jpg",746,770,true],"dance-event-list2":["https:\/\/vpdanses.fr\/wp-content\/uploads\/2025\/12\/2025-12-17.Cours_hebdo_Tango_Saint_Jans_Cappel_VP-DANSES_4428-420x275.jpg",420,275,true]},"uagb_author_info":{"display_name":"VP DANSES","author_link":"https:\/\/vpdanses.fr\/home\/bienvenue-chez-vp-danses-hazebrouck\/author\/adminvp20241018\/"},"uagb_comment_info":0,"uagb_excerpt":"VP DANSES cl\u00f4ture sa saison 2025 \u00e0 Saint-Jans-Cappel et pr\u00e9pare la reprise des cours de Tango et Jive d\u00e8s le 5 janvier 2026. Rejoignez-nous pour un cours d\u2019essai gratuit !","jetpack_sharing_enabled":true,"_links":{"self":[{"href":"https:\/\/vpdanses.fr\/home\/bienvenue-chez-vp-danses-hazebrouck\/wp-json\/wp\/v2\/posts\/14754","targetHints":{"allow":["GET"]}}],"collection":[{"href":"https:\/\/vpdanses.fr\/home\/bienvenue-chez-vp-danses-hazebrouck\/wp-json\/wp\/v2\/posts"}],"about":[{"href":"https:\/\/vpdanses.fr\/home\/bienvenue-chez-vp-danses-hazebrouck\/wp-json\/wp\/v2\/types\/post"}],"author":[{"embeddable":true,"href":"https:\/\/vpdanses.fr\/home\/bienvenue-chez-vp-danses-hazebrouck\/wp-json\/wp\/v2\/users\/1"}],"replies":[{"embeddable":true,"href":"https:\/\/vpdanses.fr\/home\/bienvenue-chez-vp-danses-hazebrouck\/wp-json\/wp\/v2\/comments?post=14754"}],"version-history":[{"count":10,"href":"https:\/\/vpdanses.fr\/home\/bienvenue-chez-vp-danses-hazebrouck\/wp-json\/wp\/v2\/posts\/14754\/revisions"}],"predecessor-version":[{"id":14775,"href":"https:\/\/vpdanses.fr\/home\/bienvenue-chez-vp-danses-hazebrouck\/wp-json\/wp\/v2\/posts\/14754\/revisions\/14775"}],"wp:featuredmedia":[{"embeddable":true,"href":"https:\/\/vpdanses.fr\/home\/bienvenue-chez-vp-danses-hazebrouck\/wp-json\/wp\/v2\/media\/14773"}],"wp:attachment":[{"href":"https:\/\/vpdanses.fr\/home\/bienvenue-chez-vp-danses-hazebrouck\/wp-json\/wp\/v2\/media?parent=14754"}],"wp:term":[{"taxonomy":"category","embeddable":true,"href":"https:\/\/vpdanses.fr\/home\/bienvenue-chez-vp-danses-hazebrouck\/wp-json\/wp\/v2\/categories?post=14754"},{"taxonomy":"post_tag","embeddable":true,"href":"https:\/\/vpdanses.fr\/home\/bienvenue-chez-vp-danses-hazebrouck\/wp-json\/wp\/v2\/tags?post=14754"}],"curies":[{"name":"wp","href":"https:\/\/api.w.org\/{rel}","templated":true}]}}