{"id":14788,"date":"2025-12-21T10:00:38","date_gmt":"2025-12-21T09:00:38","guid":{"rendered":"https:\/\/vpdanses.fr\/home\/bienvenue-chez-vp-danses-hazebrouck\/?p=14788"},"modified":"2025-12-24T13:49:50","modified_gmt":"2025-12-24T12:49:50","slug":"danse-sportive-samba-isbergues-sven-balcerzak","status":"publish","type":"post","link":"https:\/\/vpdanses.fr\/home\/bienvenue-chez-vp-danses-hazebrouck\/danse-sportive-samba-isbergues-sven-balcerzak\/","title":{"rendered":"Danse sportive : entra\u00eenement Samba \u00e0 Isbergues avec Sven Balcerzak"},"content":{"rendered":"\n<p>Le dimanche 21 d\u00e9cembre 2025, la salle Jean Mac\u00e9 \u00e0 Isbergues a accueilli un entra\u00eenement de danse sportive plac\u00e9 sous la direction de Sven Balcerzak, entra\u00eeneur sp\u00e9cialis\u00e9 dans les danses latines de comp\u00e9tition. Cette s\u00e9ance s\u2019inscrivait dans une d\u00e9marche de perfectionnement technique et de pr\u00e9paration \u00e0 la performance.<\/p>\n\n\n\n<p>La s\u00e9ance \u00e9tait consacr\u00e9e \u00e0 la Samba, danse embl\u00e9matique du programme latin en comp\u00e9tition, reconnue pour ses exigences techniques, rythmiques et corporelles.<\/p>\n\n\n\n<hr class=\"wp-block-separator has-alpha-channel-opacity\"\/>\n\n\n\n<h3 class=\"wp-block-heading\" id=\"h-un-travail-technique-cible-pour-les-competiteurs\">Un travail technique cibl\u00e9 pour les comp\u00e9titeurs<\/h3>\n\n\n\n<p>Au cours de cet entra\u00eenement, St\u00e9phanie et Dave, danseurs et comp\u00e9titeurs du club ASCENDANCE, ont approfondi plusieurs figures de la Samba. Le travail a port\u00e9 notamment sur la pr\u00e9cision des appuis, la gestion du rebond caract\u00e9ristique, la coordination entre les jambes et le bassin, la stabilit\u00e9 posturale et la musicalit\u00e9.<\/p>\n\n\n\n<p>L\u2019enseignement propos\u00e9 par Sven Balcerzak repose sur une analyse pr\u00e9cise du mouvement et des corrections individualis\u00e9es, en ad\u00e9quation avec les standards actuels de la danse sportive de comp\u00e9tition.<\/p>\n\n\n\n<hr class=\"wp-block-separator has-alpha-channel-opacity\"\/>\n\n\n\n<h3 class=\"wp-block-heading\" id=\"h-un-acteur-engage-dans-le-developpement-de-la-danse-sportive-regionale\">Un acteur engag\u00e9 dans le d\u00e9veloppement de la danse sportive r\u00e9gionale<\/h3>\n\n\n\n<p>Pr\u00e9sent chaque dimanche \u00e0 la MJEP Danse, Sven Balcerzak dispense des cours particuliers de danse sportive, \u00e0 destination des danseurs souhaitant se perfectionner ainsi que des comp\u00e9titeurs engag\u00e9s dans une d\u00e9marche de progression et de performance.<\/p>\n\n\n\n<p>Par son expertise et son engagement, il contribue activement au d\u00e9veloppement et \u00e0 la structuration de la danse sportive dans les Hauts-de-France, et plus particuli\u00e8rement dans le Nord-Pas-de-Calais.<\/p>\n\n\n\n<p>Pour toute information concernant les cours de danse sportive, il est possible de contacter directement Sven Balcerzak.<\/p>\n\n\n\n<hr class=\"wp-block-separator has-alpha-channel-opacity\"\/>\n\n\n<div class=\"wp-block-visual-portfolio alignwide\">\n<div class=\"vp-portfolio vp-uid-7934f136 vp-id-Z1GnxOA\"\n\tdata-vp-layout=\"tiles\" data-vp-content-source=\"images\" data-vp-items-style=\"fly\" data-vp-items-click-action=\"popup_gallery\" data-vp-items-gap=\"15\" data-vp-items-gap-vertical=\"\" data-vp-pagination=\"load-more\" data-vp-next-page-url=\"https:\/\/vpdanses.fr\/home\/bienvenue-chez-vp-danses-hazebrouck\/wp-json\/wp\/v2\/posts\/14788?vp_page=2\" data-vp-tiles-type=\"3|1,1|\" >\n\t<div class=\"vp-portfolio__preloader-wrap\">\n\t\t<div class=\"vp-portfolio__preloader\">\n\t\t\t<img decoding=\"async\" loading=\"eager\" src=\"https:\/\/vpdanses.fr\/wp-content\/plugins\/visual-portfolio\/assets\/images\/logo-dark.svg\" alt=\"Visual Portfolio, Posts &amp; Image Gallery for WordPress\" width=\"20\" height=\"20\" data-skip-lazy>\n\t\t<\/div>\n\t<\/div>\n\t\t<div class=\"vp-portfolio__items-wrap\">\n\t\t\t\n<div class=\"vp-portfolio__items vp-portfolio__items-style-fly vp-portfolio__items-show-overlay-hover\">\n\n\t\t<div\t\tclass=\"vp-portfolio__item-wrap vp-portfolio__item-uid-8c4e4d1e\" data-vp-filter=\"\" \t\t>\n\t\t\t<template class=\"vp-portfolio__item-popup\" data-vp-popup-img=\"https:\/\/vpdanses.fr\/wp-content\/uploads\/2025\/12\/2025-11-21.Cours-particulier-ASCENDANCE-Sven-Balcerzak-Samba_4867.jpg\" data-vp-popup-img-srcset=\"https:\/\/vpdanses.fr\/wp-content\/uploads\/2025\/12\/2025-11-21.Cours-particulier-ASCENDANCE-Sven-Balcerzak-Samba_4867.jpg 1200w, https:\/\/vpdanses.fr\/wp-content\/uploads\/2025\/12\/2025-11-21.Cours-particulier-ASCENDANCE-Sven-Balcerzak-Samba_4867-300x197.jpg 300w, https:\/\/vpdanses.fr\/wp-content\/uploads\/2025\/12\/2025-11-21.Cours-particulier-ASCENDANCE-Sven-Balcerzak-Samba_4867-1024x673.jpg 1024w, https:\/\/vpdanses.fr\/wp-content\/uploads\/2025\/12\/2025-11-21.Cours-particulier-ASCENDANCE-Sven-Balcerzak-Samba_4867-768x505.jpg 768w, https:\/\/vpdanses.fr\/wp-content\/uploads\/2025\/12\/2025-11-21.Cours-particulier-ASCENDANCE-Sven-Balcerzak-Samba_4867-500x329.jpg 500w, https:\/\/vpdanses.fr\/wp-content\/uploads\/2025\/12\/2025-11-21.Cours-particulier-ASCENDANCE-Sven-Balcerzak-Samba_4867-800x526.jpg 800w, https:\/\/vpdanses.fr\/wp-content\/uploads\/2025\/12\/2025-11-21.Cours-particulier-ASCENDANCE-Sven-Balcerzak-Samba_4867-420x275.jpg 420w\" data-vp-popup-img-size=\"1200x789\" data-vp-popup-md-img=\"https:\/\/vpdanses.fr\/wp-content\/uploads\/2025\/12\/2025-11-21.Cours-particulier-ASCENDANCE-Sven-Balcerzak-Samba_4867-800x526.jpg\" data-vp-popup-md-img-size=\"800x526\" data-vp-popup-sm-img=\"https:\/\/vpdanses.fr\/wp-content\/uploads\/2025\/12\/2025-11-21.Cours-particulier-ASCENDANCE-Sven-Balcerzak-Samba_4867-500x329.jpg\" data-vp-popup-sm-img-size=\"500x329\">\n\t\t\t<h3 class=\"vp-portfolio__item-popup-title\">Danse sportive samba enseignement Hauts-de-France<\/h3>\n\t\t\t\t<div class=\"vp-portfolio__item-popup-description\">Enseignement de la samba en danse sportive dans les Hauts-de-France, illustrant le travail technique, l\u2019\u00e9coute musicale et la transmission p\u00e9dagogique lors d\u2019un cours priv\u00e9.<\/div>\n\t\t<\/template>\n\t\t\t\t\t\t<figure class=\"vp-portfolio__item\">\n\t\t\t\t\n<div class=\"vp-portfolio__item-img-wrap\">\n\t<div class=\"vp-portfolio__item-img\">\n\t\t\t<a\n\t\thref=\"https:\/\/vpdanses.fr\/wp-content\/uploads\/2025\/12\/2025-11-21.Cours-particulier-ASCENDANCE-Sven-Balcerzak-Samba_4867.jpg\"\n\t\t\t>\n\t\n\t\t<noscript><img loading=\"lazy\" decoding=\"async\" width=\"1200\" height=\"789\" data-skip-lazy src=\"https:\/\/vpdanses.fr\/wp-content\/uploads\/2025\/12\/2025-11-21.Cours-particulier-ASCENDANCE-Sven-Balcerzak-Samba_4867.jpg\" class=\"wp-image-14794\" alt=\"Enseignement de la samba en danse sportive dans les Hauts-de-France\" srcset=\"https:\/\/vpdanses.fr\/wp-content\/uploads\/2025\/12\/2025-11-21.Cours-particulier-ASCENDANCE-Sven-Balcerzak-Samba_4867.jpg 1200w, https:\/\/vpdanses.fr\/wp-content\/uploads\/2025\/12\/2025-11-21.Cours-particulier-ASCENDANCE-Sven-Balcerzak-Samba_4867-300x197.jpg 300w, https:\/\/vpdanses.fr\/wp-content\/uploads\/2025\/12\/2025-11-21.Cours-particulier-ASCENDANCE-Sven-Balcerzak-Samba_4867-1024x673.jpg 1024w, https:\/\/vpdanses.fr\/wp-content\/uploads\/2025\/12\/2025-11-21.Cours-particulier-ASCENDANCE-Sven-Balcerzak-Samba_4867-768x505.jpg 768w, https:\/\/vpdanses.fr\/wp-content\/uploads\/2025\/12\/2025-11-21.Cours-particulier-ASCENDANCE-Sven-Balcerzak-Samba_4867-500x329.jpg 500w, https:\/\/vpdanses.fr\/wp-content\/uploads\/2025\/12\/2025-11-21.Cours-particulier-ASCENDANCE-Sven-Balcerzak-Samba_4867-800x526.jpg 800w, https:\/\/vpdanses.fr\/wp-content\/uploads\/2025\/12\/2025-11-21.Cours-particulier-ASCENDANCE-Sven-Balcerzak-Samba_4867-420x275.jpg 420w\" sizes=\"auto, (max-width: 1200px) 100vw, 1200px\" \/><\/noscript><img fetchpriority=\"high\" decoding=\"async\" width=\"1200\" height=\"789\" src=\"https:\/\/vpdanses.fr\/wp-content\/uploads\/2025\/12\/2025-11-21.Cours-particulier-ASCENDANCE-Sven-Balcerzak-Samba_4867.jpg\" class=\"wp-image-14794 vp-lazyload\" alt=\"Enseignement de la samba en danse sportive dans les Hauts-de-France\" srcset=\"data:image\/svg+xml;base64,PHN2ZyB3aWR0aD0iMTIwMCIgaGVpZ2h0PSI3ODkiIHZpZXdCb3g9IjAgMCAxMjAwIDc4OSIgZmlsbD0ibm9uZSIgeG1sbnM9Imh0dHA6Ly93d3cudzMub3JnLzIwMDAvc3ZnIj48L3N2Zz4=\" data-src=\"https:\/\/vpdanses.fr\/wp-content\/uploads\/2025\/12\/2025-11-21.Cours-particulier-ASCENDANCE-Sven-Balcerzak-Samba_4867.jpg\" data-srcset=\"https:\/\/vpdanses.fr\/wp-content\/uploads\/2025\/12\/2025-11-21.Cours-particulier-ASCENDANCE-Sven-Balcerzak-Samba_4867.jpg 1200w, https:\/\/vpdanses.fr\/wp-content\/uploads\/2025\/12\/2025-11-21.Cours-particulier-ASCENDANCE-Sven-Balcerzak-Samba_4867-300x197.jpg 300w, https:\/\/vpdanses.fr\/wp-content\/uploads\/2025\/12\/2025-11-21.Cours-particulier-ASCENDANCE-Sven-Balcerzak-Samba_4867-1024x673.jpg 1024w, https:\/\/vpdanses.fr\/wp-content\/uploads\/2025\/12\/2025-11-21.Cours-particulier-ASCENDANCE-Sven-Balcerzak-Samba_4867-768x505.jpg 768w, https:\/\/vpdanses.fr\/wp-content\/uploads\/2025\/12\/2025-11-21.Cours-particulier-ASCENDANCE-Sven-Balcerzak-Samba_4867-500x329.jpg 500w, https:\/\/vpdanses.fr\/wp-content\/uploads\/2025\/12\/2025-11-21.Cours-particulier-ASCENDANCE-Sven-Balcerzak-Samba_4867-800x526.jpg 800w, https:\/\/vpdanses.fr\/wp-content\/uploads\/2025\/12\/2025-11-21.Cours-particulier-ASCENDANCE-Sven-Balcerzak-Samba_4867-420x275.jpg 420w\" data-sizes=\"auto\" loading=\"eager\">\n\t\t<\/a>\t<\/div>\n<\/div>\n\t<figcaption class=\"vp-portfolio__item-overlay vp-portfolio__item-overlay-text-align-center\">\n\t\t<div class=\"vp-portfolio__item-meta-wrap vp-portfolio__custom-scrollbar\">\n\t\t\t\t<a\n\t\thref=\"https:\/\/vpdanses.fr\/wp-content\/uploads\/2025\/12\/2025-11-21.Cours-particulier-ASCENDANCE-Sven-Balcerzak-Samba_4867.jpg\"\n\t\ttabindex=\"-1\" class=\"vp-portfolio__item-meta\" \t>\n\t\n<h2 class=\"vp-portfolio__item-meta-title\">\n\tDanse sportive samba enseignement Hauts-de-France<\/h2>\n<\/a>\t\t<\/div>\n\t<\/figcaption>\n\t\t\t<\/figure>\n\t\t\t\t\t<\/div>\n\t\t\n\t\t<div\t\tclass=\"vp-portfolio__item-wrap vp-portfolio__item-uid-3015ae2d\" data-vp-filter=\"\" \t\t>\n\t\t\t<template class=\"vp-portfolio__item-popup\" data-vp-popup-img=\"https:\/\/vpdanses.fr\/wp-content\/uploads\/2025\/12\/2025-11-21.Cours-particulier-ASCENDANCE-Sven-Balcerzak-Samba_4872.jpg\" data-vp-popup-img-srcset=\"https:\/\/vpdanses.fr\/wp-content\/uploads\/2025\/12\/2025-11-21.Cours-particulier-ASCENDANCE-Sven-Balcerzak-Samba_4872.jpg 1200w, https:\/\/vpdanses.fr\/wp-content\/uploads\/2025\/12\/2025-11-21.Cours-particulier-ASCENDANCE-Sven-Balcerzak-Samba_4872-300x229.jpg 300w, https:\/\/vpdanses.fr\/wp-content\/uploads\/2025\/12\/2025-11-21.Cours-particulier-ASCENDANCE-Sven-Balcerzak-Samba_4872-1024x780.jpg 1024w, https:\/\/vpdanses.fr\/wp-content\/uploads\/2025\/12\/2025-11-21.Cours-particulier-ASCENDANCE-Sven-Balcerzak-Samba_4872-768x585.jpg 768w, https:\/\/vpdanses.fr\/wp-content\/uploads\/2025\/12\/2025-11-21.Cours-particulier-ASCENDANCE-Sven-Balcerzak-Samba_4872-500x381.jpg 500w, https:\/\/vpdanses.fr\/wp-content\/uploads\/2025\/12\/2025-11-21.Cours-particulier-ASCENDANCE-Sven-Balcerzak-Samba_4872-800x609.jpg 800w\" data-vp-popup-img-size=\"1200x914\" data-vp-popup-md-img=\"https:\/\/vpdanses.fr\/wp-content\/uploads\/2025\/12\/2025-11-21.Cours-particulier-ASCENDANCE-Sven-Balcerzak-Samba_4872-800x609.jpg\" data-vp-popup-md-img-size=\"800x609\" data-vp-popup-sm-img=\"https:\/\/vpdanses.fr\/wp-content\/uploads\/2025\/12\/2025-11-21.Cours-particulier-ASCENDANCE-Sven-Balcerzak-Samba_4872-500x381.jpg\" data-vp-popup-sm-img-size=\"500x381\">\n\t\t\t<h3 class=\"vp-portfolio__item-popup-title\">Salle de danse Jean Mac\u00e9 Isbergues parquet et miroirs<\/h3>\n\t\t\t\t<div class=\"vp-portfolio__item-popup-description\">Vue de la salle de danse Jean Mac\u00e9 \u00e0 Isbergues, \u00e9quip\u00e9e d\u2019un parquet bois, de grands miroirs et de barres de danse, id\u00e9ale pour la pratique de la danse sportive.<\/div>\n\t\t<\/template>\n\t\t\t\t\t\t<figure class=\"vp-portfolio__item\">\n\t\t\t\t\n<div class=\"vp-portfolio__item-img-wrap\">\n\t<div class=\"vp-portfolio__item-img\">\n\t\t\t<a\n\t\thref=\"https:\/\/vpdanses.fr\/wp-content\/uploads\/2025\/12\/2025-11-21.Cours-particulier-ASCENDANCE-Sven-Balcerzak-Samba_4872.jpg\"\n\t\t\t>\n\t\n\t\t<noscript><img loading=\"lazy\" decoding=\"async\" width=\"1200\" height=\"914\" data-skip-lazy src=\"https:\/\/vpdanses.fr\/wp-content\/uploads\/2025\/12\/2025-11-21.Cours-particulier-ASCENDANCE-Sven-Balcerzak-Samba_4872.jpg\" class=\"wp-image-14795\" alt=\"Salle de danse Jean Mac\u00e9 \u00e0 Isbergues avec parquet bois et miroirs\" srcset=\"https:\/\/vpdanses.fr\/wp-content\/uploads\/2025\/12\/2025-11-21.Cours-particulier-ASCENDANCE-Sven-Balcerzak-Samba_4872.jpg 1200w, https:\/\/vpdanses.fr\/wp-content\/uploads\/2025\/12\/2025-11-21.Cours-particulier-ASCENDANCE-Sven-Balcerzak-Samba_4872-300x229.jpg 300w, https:\/\/vpdanses.fr\/wp-content\/uploads\/2025\/12\/2025-11-21.Cours-particulier-ASCENDANCE-Sven-Balcerzak-Samba_4872-1024x780.jpg 1024w, https:\/\/vpdanses.fr\/wp-content\/uploads\/2025\/12\/2025-11-21.Cours-particulier-ASCENDANCE-Sven-Balcerzak-Samba_4872-768x585.jpg 768w, https:\/\/vpdanses.fr\/wp-content\/uploads\/2025\/12\/2025-11-21.Cours-particulier-ASCENDANCE-Sven-Balcerzak-Samba_4872-500x381.jpg 500w, https:\/\/vpdanses.fr\/wp-content\/uploads\/2025\/12\/2025-11-21.Cours-particulier-ASCENDANCE-Sven-Balcerzak-Samba_4872-800x609.jpg 800w\" sizes=\"auto, (max-width: 1200px) 100vw, 1200px\" \/><\/noscript><img decoding=\"async\" width=\"1200\" height=\"914\" src=\"https:\/\/vpdanses.fr\/wp-content\/uploads\/2025\/12\/2025-11-21.Cours-particulier-ASCENDANCE-Sven-Balcerzak-Samba_4872.jpg\" class=\"wp-image-14795 vp-lazyload\" alt=\"Salle de danse Jean Mac\u00e9 \u00e0 Isbergues avec parquet bois et miroirs\" srcset=\"data:image\/svg+xml;base64,PHN2ZyB3aWR0aD0iMTIwMCIgaGVpZ2h0PSI5MTQiIHZpZXdCb3g9IjAgMCAxMjAwIDkxNCIgZmlsbD0ibm9uZSIgeG1sbnM9Imh0dHA6Ly93d3cudzMub3JnLzIwMDAvc3ZnIj48L3N2Zz4=\" data-src=\"https:\/\/vpdanses.fr\/wp-content\/uploads\/2025\/12\/2025-11-21.Cours-particulier-ASCENDANCE-Sven-Balcerzak-Samba_4872.jpg\" data-srcset=\"https:\/\/vpdanses.fr\/wp-content\/uploads\/2025\/12\/2025-11-21.Cours-particulier-ASCENDANCE-Sven-Balcerzak-Samba_4872.jpg 1200w, https:\/\/vpdanses.fr\/wp-content\/uploads\/2025\/12\/2025-11-21.Cours-particulier-ASCENDANCE-Sven-Balcerzak-Samba_4872-300x229.jpg 300w, https:\/\/vpdanses.fr\/wp-content\/uploads\/2025\/12\/2025-11-21.Cours-particulier-ASCENDANCE-Sven-Balcerzak-Samba_4872-1024x780.jpg 1024w, https:\/\/vpdanses.fr\/wp-content\/uploads\/2025\/12\/2025-11-21.Cours-particulier-ASCENDANCE-Sven-Balcerzak-Samba_4872-768x585.jpg 768w, https:\/\/vpdanses.fr\/wp-content\/uploads\/2025\/12\/2025-11-21.Cours-particulier-ASCENDANCE-Sven-Balcerzak-Samba_4872-500x381.jpg 500w, https:\/\/vpdanses.fr\/wp-content\/uploads\/2025\/12\/2025-11-21.Cours-particulier-ASCENDANCE-Sven-Balcerzak-Samba_4872-800x609.jpg 800w\" data-sizes=\"auto\" loading=\"eager\">\n\t\t<\/a>\t<\/div>\n<\/div>\n\t<figcaption class=\"vp-portfolio__item-overlay vp-portfolio__item-overlay-text-align-center\">\n\t\t<div class=\"vp-portfolio__item-meta-wrap vp-portfolio__custom-scrollbar\">\n\t\t\t\t<a\n\t\thref=\"https:\/\/vpdanses.fr\/wp-content\/uploads\/2025\/12\/2025-11-21.Cours-particulier-ASCENDANCE-Sven-Balcerzak-Samba_4872.jpg\"\n\t\ttabindex=\"-1\" class=\"vp-portfolio__item-meta\" \t>\n\t\n<h2 class=\"vp-portfolio__item-meta-title\">\n\tSalle de danse Jean Mac\u00e9 Isbergues parquet et miroirs<\/h2>\n<\/a>\t\t<\/div>\n\t<\/figcaption>\n\t\t\t<\/figure>\n\t\t\t\t\t<\/div>\n\t\t\n\t\t<div\t\tclass=\"vp-portfolio__item-wrap vp-portfolio__item-uid-2f888d39\" data-vp-filter=\"\" \t\t>\n\t\t\t<template class=\"vp-portfolio__item-popup\" data-vp-popup-img=\"https:\/\/vpdanses.fr\/wp-content\/uploads\/2025\/12\/2025-11-21.Cours-particulier-ASCENDANCE-Sven-Balcerzak-Samba_4871.jpg\" data-vp-popup-img-srcset=\"https:\/\/vpdanses.fr\/wp-content\/uploads\/2025\/12\/2025-11-21.Cours-particulier-ASCENDANCE-Sven-Balcerzak-Samba_4871.jpg 1200w, https:\/\/vpdanses.fr\/wp-content\/uploads\/2025\/12\/2025-11-21.Cours-particulier-ASCENDANCE-Sven-Balcerzak-Samba_4871-300x212.jpg 300w, https:\/\/vpdanses.fr\/wp-content\/uploads\/2025\/12\/2025-11-21.Cours-particulier-ASCENDANCE-Sven-Balcerzak-Samba_4871-1024x722.jpg 1024w, https:\/\/vpdanses.fr\/wp-content\/uploads\/2025\/12\/2025-11-21.Cours-particulier-ASCENDANCE-Sven-Balcerzak-Samba_4871-768x541.jpg 768w, https:\/\/vpdanses.fr\/wp-content\/uploads\/2025\/12\/2025-11-21.Cours-particulier-ASCENDANCE-Sven-Balcerzak-Samba_4871-500x353.jpg 500w, https:\/\/vpdanses.fr\/wp-content\/uploads\/2025\/12\/2025-11-21.Cours-particulier-ASCENDANCE-Sven-Balcerzak-Samba_4871-800x564.jpg 800w\" data-vp-popup-img-size=\"1200x846\" data-vp-popup-md-img=\"https:\/\/vpdanses.fr\/wp-content\/uploads\/2025\/12\/2025-11-21.Cours-particulier-ASCENDANCE-Sven-Balcerzak-Samba_4871-800x564.jpg\" data-vp-popup-md-img-size=\"800x564\" data-vp-popup-sm-img=\"https:\/\/vpdanses.fr\/wp-content\/uploads\/2025\/12\/2025-11-21.Cours-particulier-ASCENDANCE-Sven-Balcerzak-Samba_4871-500x353.jpg\" data-vp-popup-sm-img-size=\"500x353\">\n\t\t\t<h3 class=\"vp-portfolio__item-popup-title\">Danse sportive samba entra\u00eenement comp\u00e9tition<\/h3>\n\t\t\t\t<div class=\"vp-portfolio__item-popup-description\">Description\nS\u00e9ance d\u2019entra\u00eenement de samba danse sportive orient\u00e9e comp\u00e9tition, conforme aux exigences techniques de la F\u00e9d\u00e9ration Fran\u00e7aise de Danse.<\/div>\n\t\t<\/template>\n\t\t\t\t\t\t<figure class=\"vp-portfolio__item\">\n\t\t\t\t\n<div class=\"vp-portfolio__item-img-wrap\">\n\t<div class=\"vp-portfolio__item-img\">\n\t\t\t<a\n\t\thref=\"https:\/\/vpdanses.fr\/wp-content\/uploads\/2025\/12\/2025-11-21.Cours-particulier-ASCENDANCE-Sven-Balcerzak-Samba_4871.jpg\"\n\t\t\t>\n\t\n\t\t<noscript><img loading=\"lazy\" decoding=\"async\" width=\"1200\" height=\"846\" data-skip-lazy src=\"https:\/\/vpdanses.fr\/wp-content\/uploads\/2025\/12\/2025-11-21.Cours-particulier-ASCENDANCE-Sven-Balcerzak-Samba_4871.jpg\" class=\"wp-image-14796\" alt=\"Entra\u00eenement de danse sportive samba pour la comp\u00e9tition \u00e0 Isbergues\" srcset=\"https:\/\/vpdanses.fr\/wp-content\/uploads\/2025\/12\/2025-11-21.Cours-particulier-ASCENDANCE-Sven-Balcerzak-Samba_4871.jpg 1200w, https:\/\/vpdanses.fr\/wp-content\/uploads\/2025\/12\/2025-11-21.Cours-particulier-ASCENDANCE-Sven-Balcerzak-Samba_4871-300x212.jpg 300w, https:\/\/vpdanses.fr\/wp-content\/uploads\/2025\/12\/2025-11-21.Cours-particulier-ASCENDANCE-Sven-Balcerzak-Samba_4871-1024x722.jpg 1024w, https:\/\/vpdanses.fr\/wp-content\/uploads\/2025\/12\/2025-11-21.Cours-particulier-ASCENDANCE-Sven-Balcerzak-Samba_4871-768x541.jpg 768w, https:\/\/vpdanses.fr\/wp-content\/uploads\/2025\/12\/2025-11-21.Cours-particulier-ASCENDANCE-Sven-Balcerzak-Samba_4871-500x353.jpg 500w, https:\/\/vpdanses.fr\/wp-content\/uploads\/2025\/12\/2025-11-21.Cours-particulier-ASCENDANCE-Sven-Balcerzak-Samba_4871-800x564.jpg 800w\" sizes=\"auto, (max-width: 1200px) 100vw, 1200px\" \/><\/noscript><img decoding=\"async\" width=\"1200\" height=\"846\" src=\"https:\/\/vpdanses.fr\/wp-content\/uploads\/2025\/12\/2025-11-21.Cours-particulier-ASCENDANCE-Sven-Balcerzak-Samba_4871.jpg\" class=\"wp-image-14796 vp-lazyload\" alt=\"Entra\u00eenement de danse sportive samba pour la comp\u00e9tition \u00e0 Isbergues\" srcset=\"data:image\/svg+xml;base64,PHN2ZyB3aWR0aD0iMTIwMCIgaGVpZ2h0PSI4NDYiIHZpZXdCb3g9IjAgMCAxMjAwIDg0NiIgZmlsbD0ibm9uZSIgeG1sbnM9Imh0dHA6Ly93d3cudzMub3JnLzIwMDAvc3ZnIj48L3N2Zz4=\" data-src=\"https:\/\/vpdanses.fr\/wp-content\/uploads\/2025\/12\/2025-11-21.Cours-particulier-ASCENDANCE-Sven-Balcerzak-Samba_4871.jpg\" data-srcset=\"https:\/\/vpdanses.fr\/wp-content\/uploads\/2025\/12\/2025-11-21.Cours-particulier-ASCENDANCE-Sven-Balcerzak-Samba_4871.jpg 1200w, https:\/\/vpdanses.fr\/wp-content\/uploads\/2025\/12\/2025-11-21.Cours-particulier-ASCENDANCE-Sven-Balcerzak-Samba_4871-300x212.jpg 300w, https:\/\/vpdanses.fr\/wp-content\/uploads\/2025\/12\/2025-11-21.Cours-particulier-ASCENDANCE-Sven-Balcerzak-Samba_4871-1024x722.jpg 1024w, https:\/\/vpdanses.fr\/wp-content\/uploads\/2025\/12\/2025-11-21.Cours-particulier-ASCENDANCE-Sven-Balcerzak-Samba_4871-768x541.jpg 768w, https:\/\/vpdanses.fr\/wp-content\/uploads\/2025\/12\/2025-11-21.Cours-particulier-ASCENDANCE-Sven-Balcerzak-Samba_4871-500x353.jpg 500w, https:\/\/vpdanses.fr\/wp-content\/uploads\/2025\/12\/2025-11-21.Cours-particulier-ASCENDANCE-Sven-Balcerzak-Samba_4871-800x564.jpg 800w\" data-sizes=\"auto\" loading=\"eager\">\n\t\t<\/a>\t<\/div>\n<\/div>\n\t<figcaption class=\"vp-portfolio__item-overlay vp-portfolio__item-overlay-text-align-center\">\n\t\t<div class=\"vp-portfolio__item-meta-wrap vp-portfolio__custom-scrollbar\">\n\t\t\t\t<a\n\t\thref=\"https:\/\/vpdanses.fr\/wp-content\/uploads\/2025\/12\/2025-11-21.Cours-particulier-ASCENDANCE-Sven-Balcerzak-Samba_4871.jpg\"\n\t\ttabindex=\"-1\" class=\"vp-portfolio__item-meta\" \t>\n\t\n<h2 class=\"vp-portfolio__item-meta-title\">\n\tDanse sportive samba entra\u00eenement comp\u00e9tition<\/h2>\n<\/a>\t\t<\/div>\n\t<\/figcaption>\n\t\t\t<\/figure>\n\t\t\t\t\t<\/div>\n\t\t\n\t\t<div\t\tclass=\"vp-portfolio__item-wrap vp-portfolio__item-uid-93d36e0a\" data-vp-filter=\"\" \t\t>\n\t\t\t<template class=\"vp-portfolio__item-popup\" data-vp-popup-img=\"https:\/\/vpdanses.fr\/wp-content\/uploads\/2025\/12\/2025-11-21.Cours-particulier-ASCENDANCE-Sven-Balcerzak-Samba_4868.jpg\" data-vp-popup-img-srcset=\"https:\/\/vpdanses.fr\/wp-content\/uploads\/2025\/12\/2025-11-21.Cours-particulier-ASCENDANCE-Sven-Balcerzak-Samba_4868.jpg 1200w, https:\/\/vpdanses.fr\/wp-content\/uploads\/2025\/12\/2025-11-21.Cours-particulier-ASCENDANCE-Sven-Balcerzak-Samba_4868-300x184.jpg 300w, https:\/\/vpdanses.fr\/wp-content\/uploads\/2025\/12\/2025-11-21.Cours-particulier-ASCENDANCE-Sven-Balcerzak-Samba_4868-1024x627.jpg 1024w, https:\/\/vpdanses.fr\/wp-content\/uploads\/2025\/12\/2025-11-21.Cours-particulier-ASCENDANCE-Sven-Balcerzak-Samba_4868-768x470.jpg 768w, https:\/\/vpdanses.fr\/wp-content\/uploads\/2025\/12\/2025-11-21.Cours-particulier-ASCENDANCE-Sven-Balcerzak-Samba_4868-500x306.jpg 500w, https:\/\/vpdanses.fr\/wp-content\/uploads\/2025\/12\/2025-11-21.Cours-particulier-ASCENDANCE-Sven-Balcerzak-Samba_4868-800x490.jpg 800w\" data-vp-popup-img-size=\"1200x735\" data-vp-popup-md-img=\"https:\/\/vpdanses.fr\/wp-content\/uploads\/2025\/12\/2025-11-21.Cours-particulier-ASCENDANCE-Sven-Balcerzak-Samba_4868-800x490.jpg\" data-vp-popup-md-img-size=\"800x490\" data-vp-popup-sm-img=\"https:\/\/vpdanses.fr\/wp-content\/uploads\/2025\/12\/2025-11-21.Cours-particulier-ASCENDANCE-Sven-Balcerzak-Samba_4868-500x306.jpg\" data-vp-popup-sm-img-size=\"500x306\">\n\t\t\t<h3 class=\"vp-portfolio__item-popup-title\">Cours particulier de danse sportive avec Sven Balcerzak<\/h3>\n\t\t\t\t<div class=\"vp-portfolio__item-popup-description\">Cours particulier de danse sportive propos\u00e9 par Sven Balcerzak dans la salle Jean Mac\u00e9 \u00e0 Isbergues, d\u00e9di\u00e9 \u00e0 la samba et au perfectionnement technique des comp\u00e9titeurs.<\/div>\n\t\t<\/template>\n\t\t\t\t\t\t<figure class=\"vp-portfolio__item\">\n\t\t\t\t\n<div class=\"vp-portfolio__item-img-wrap\">\n\t<div class=\"vp-portfolio__item-img\">\n\t\t\t<a\n\t\thref=\"https:\/\/vpdanses.fr\/wp-content\/uploads\/2025\/12\/2025-11-21.Cours-particulier-ASCENDANCE-Sven-Balcerzak-Samba_4868.jpg\"\n\t\t\t>\n\t\n\t\t<noscript><img loading=\"lazy\" decoding=\"async\" width=\"1200\" height=\"735\" data-skip-lazy src=\"https:\/\/vpdanses.fr\/wp-content\/uploads\/2025\/12\/2025-11-21.Cours-particulier-ASCENDANCE-Sven-Balcerzak-Samba_4868.jpg\" class=\"wp-image-14797\" alt=\"Cours particulier de danse sportive samba avec Sven Balcerzak \u00e0 Isbergues\" srcset=\"https:\/\/vpdanses.fr\/wp-content\/uploads\/2025\/12\/2025-11-21.Cours-particulier-ASCENDANCE-Sven-Balcerzak-Samba_4868.jpg 1200w, https:\/\/vpdanses.fr\/wp-content\/uploads\/2025\/12\/2025-11-21.Cours-particulier-ASCENDANCE-Sven-Balcerzak-Samba_4868-300x184.jpg 300w, https:\/\/vpdanses.fr\/wp-content\/uploads\/2025\/12\/2025-11-21.Cours-particulier-ASCENDANCE-Sven-Balcerzak-Samba_4868-1024x627.jpg 1024w, https:\/\/vpdanses.fr\/wp-content\/uploads\/2025\/12\/2025-11-21.Cours-particulier-ASCENDANCE-Sven-Balcerzak-Samba_4868-768x470.jpg 768w, https:\/\/vpdanses.fr\/wp-content\/uploads\/2025\/12\/2025-11-21.Cours-particulier-ASCENDANCE-Sven-Balcerzak-Samba_4868-500x306.jpg 500w, https:\/\/vpdanses.fr\/wp-content\/uploads\/2025\/12\/2025-11-21.Cours-particulier-ASCENDANCE-Sven-Balcerzak-Samba_4868-800x490.jpg 800w\" sizes=\"auto, (max-width: 1200px) 100vw, 1200px\" \/><\/noscript><img decoding=\"async\" width=\"1200\" height=\"735\" src=\"https:\/\/vpdanses.fr\/wp-content\/uploads\/2025\/12\/2025-11-21.Cours-particulier-ASCENDANCE-Sven-Balcerzak-Samba_4868.jpg\" class=\"wp-image-14797 vp-lazyload\" alt=\"Cours particulier de danse sportive samba avec Sven Balcerzak \u00e0 Isbergues\" srcset=\"data:image\/svg+xml;base64,PHN2ZyB3aWR0aD0iMTIwMCIgaGVpZ2h0PSI3MzUiIHZpZXdCb3g9IjAgMCAxMjAwIDczNSIgZmlsbD0ibm9uZSIgeG1sbnM9Imh0dHA6Ly93d3cudzMub3JnLzIwMDAvc3ZnIj48L3N2Zz4=\" data-src=\"https:\/\/vpdanses.fr\/wp-content\/uploads\/2025\/12\/2025-11-21.Cours-particulier-ASCENDANCE-Sven-Balcerzak-Samba_4868.jpg\" data-srcset=\"https:\/\/vpdanses.fr\/wp-content\/uploads\/2025\/12\/2025-11-21.Cours-particulier-ASCENDANCE-Sven-Balcerzak-Samba_4868.jpg 1200w, https:\/\/vpdanses.fr\/wp-content\/uploads\/2025\/12\/2025-11-21.Cours-particulier-ASCENDANCE-Sven-Balcerzak-Samba_4868-300x184.jpg 300w, https:\/\/vpdanses.fr\/wp-content\/uploads\/2025\/12\/2025-11-21.Cours-particulier-ASCENDANCE-Sven-Balcerzak-Samba_4868-1024x627.jpg 1024w, https:\/\/vpdanses.fr\/wp-content\/uploads\/2025\/12\/2025-11-21.Cours-particulier-ASCENDANCE-Sven-Balcerzak-Samba_4868-768x470.jpg 768w, https:\/\/vpdanses.fr\/wp-content\/uploads\/2025\/12\/2025-11-21.Cours-particulier-ASCENDANCE-Sven-Balcerzak-Samba_4868-500x306.jpg 500w, https:\/\/vpdanses.fr\/wp-content\/uploads\/2025\/12\/2025-11-21.Cours-particulier-ASCENDANCE-Sven-Balcerzak-Samba_4868-800x490.jpg 800w\" data-sizes=\"auto\" loading=\"eager\">\n\t\t<\/a>\t<\/div>\n<\/div>\n\t<figcaption class=\"vp-portfolio__item-overlay vp-portfolio__item-overlay-text-align-center\">\n\t\t<div class=\"vp-portfolio__item-meta-wrap vp-portfolio__custom-scrollbar\">\n\t\t\t\t<a\n\t\thref=\"https:\/\/vpdanses.fr\/wp-content\/uploads\/2025\/12\/2025-11-21.Cours-particulier-ASCENDANCE-Sven-Balcerzak-Samba_4868.jpg\"\n\t\ttabindex=\"-1\" class=\"vp-portfolio__item-meta\" \t>\n\t\n<h2 class=\"vp-portfolio__item-meta-title\">\n\tCours particulier de danse sportive avec Sven Balcerzak<\/h2>\n<\/a>\t\t<\/div>\n\t<\/figcaption>\n\t\t\t<\/figure>\n\t\t\t\t\t<\/div>\n\t\t\n\t\t<div\t\tclass=\"vp-portfolio__item-wrap vp-portfolio__item-uid-1e694323\" data-vp-filter=\"\" \t\t>\n\t\t\t<template class=\"vp-portfolio__item-popup\" data-vp-popup-img=\"https:\/\/vpdanses.fr\/wp-content\/uploads\/2025\/12\/2025-11-21.Cours-particulier-ASCENDANCE-Sven-Balcerzak-Samba_4875.jpg\" data-vp-popup-img-srcset=\"https:\/\/vpdanses.fr\/wp-content\/uploads\/2025\/12\/2025-11-21.Cours-particulier-ASCENDANCE-Sven-Balcerzak-Samba_4875.jpg 1200w, https:\/\/vpdanses.fr\/wp-content\/uploads\/2025\/12\/2025-11-21.Cours-particulier-ASCENDANCE-Sven-Balcerzak-Samba_4875-300x199.jpg 300w, https:\/\/vpdanses.fr\/wp-content\/uploads\/2025\/12\/2025-11-21.Cours-particulier-ASCENDANCE-Sven-Balcerzak-Samba_4875-1024x680.jpg 1024w, https:\/\/vpdanses.fr\/wp-content\/uploads\/2025\/12\/2025-11-21.Cours-particulier-ASCENDANCE-Sven-Balcerzak-Samba_4875-768x510.jpg 768w, https:\/\/vpdanses.fr\/wp-content\/uploads\/2025\/12\/2025-11-21.Cours-particulier-ASCENDANCE-Sven-Balcerzak-Samba_4875-500x332.jpg 500w, https:\/\/vpdanses.fr\/wp-content\/uploads\/2025\/12\/2025-11-21.Cours-particulier-ASCENDANCE-Sven-Balcerzak-Samba_4875-800x531.jpg 800w\" data-vp-popup-img-size=\"1200x797\" data-vp-popup-md-img=\"https:\/\/vpdanses.fr\/wp-content\/uploads\/2025\/12\/2025-11-21.Cours-particulier-ASCENDANCE-Sven-Balcerzak-Samba_4875-800x531.jpg\" data-vp-popup-md-img-size=\"800x531\" data-vp-popup-sm-img=\"https:\/\/vpdanses.fr\/wp-content\/uploads\/2025\/12\/2025-11-21.Cours-particulier-ASCENDANCE-Sven-Balcerzak-Samba_4875-500x332.jpg\" data-vp-popup-sm-img-size=\"500x332\">\n\t\t\t<h3 class=\"vp-portfolio__item-popup-title\">Samba danse sportive musicalit\u00e9 et bounce<\/h3>\n\t\t\t\t<div class=\"vp-portfolio__item-popup-description\">Photo illustrant le travail de la musicalit\u00e9 et du bounce en samba, \u00e9l\u00e9ments fondamentaux de cette danse latine de comp\u00e9tition enseign\u00e9e par Sven Balcerzak.<\/div>\n\t\t<\/template>\n\t\t\t\t\t\t<figure class=\"vp-portfolio__item\">\n\t\t\t\t\n<div class=\"vp-portfolio__item-img-wrap\">\n\t<div class=\"vp-portfolio__item-img\">\n\t\t\t<a\n\t\thref=\"https:\/\/vpdanses.fr\/wp-content\/uploads\/2025\/12\/2025-11-21.Cours-particulier-ASCENDANCE-Sven-Balcerzak-Samba_4875.jpg\"\n\t\t\t>\n\t\n\t\t<noscript><img loading=\"lazy\" decoding=\"async\" width=\"1200\" height=\"797\" data-skip-lazy src=\"https:\/\/vpdanses.fr\/wp-content\/uploads\/2025\/12\/2025-11-21.Cours-particulier-ASCENDANCE-Sven-Balcerzak-Samba_4875.jpg\" class=\"wp-image-14798\" alt=\"Travail de la musicalit\u00e9 et du bounce en samba danse sportive\" srcset=\"https:\/\/vpdanses.fr\/wp-content\/uploads\/2025\/12\/2025-11-21.Cours-particulier-ASCENDANCE-Sven-Balcerzak-Samba_4875.jpg 1200w, https:\/\/vpdanses.fr\/wp-content\/uploads\/2025\/12\/2025-11-21.Cours-particulier-ASCENDANCE-Sven-Balcerzak-Samba_4875-300x199.jpg 300w, https:\/\/vpdanses.fr\/wp-content\/uploads\/2025\/12\/2025-11-21.Cours-particulier-ASCENDANCE-Sven-Balcerzak-Samba_4875-1024x680.jpg 1024w, https:\/\/vpdanses.fr\/wp-content\/uploads\/2025\/12\/2025-11-21.Cours-particulier-ASCENDANCE-Sven-Balcerzak-Samba_4875-768x510.jpg 768w, https:\/\/vpdanses.fr\/wp-content\/uploads\/2025\/12\/2025-11-21.Cours-particulier-ASCENDANCE-Sven-Balcerzak-Samba_4875-500x332.jpg 500w, https:\/\/vpdanses.fr\/wp-content\/uploads\/2025\/12\/2025-11-21.Cours-particulier-ASCENDANCE-Sven-Balcerzak-Samba_4875-800x531.jpg 800w\" sizes=\"auto, (max-width: 1200px) 100vw, 1200px\" \/><\/noscript><img decoding=\"async\" width=\"1200\" height=\"797\" src=\"https:\/\/vpdanses.fr\/wp-content\/uploads\/2025\/12\/2025-11-21.Cours-particulier-ASCENDANCE-Sven-Balcerzak-Samba_4875.jpg\" class=\"wp-image-14798 vp-lazyload\" alt=\"Travail de la musicalit\u00e9 et du bounce en samba danse sportive\" srcset=\"data:image\/svg+xml;base64,PHN2ZyB3aWR0aD0iMTIwMCIgaGVpZ2h0PSI3OTciIHZpZXdCb3g9IjAgMCAxMjAwIDc5NyIgZmlsbD0ibm9uZSIgeG1sbnM9Imh0dHA6Ly93d3cudzMub3JnLzIwMDAvc3ZnIj48L3N2Zz4=\" data-src=\"https:\/\/vpdanses.fr\/wp-content\/uploads\/2025\/12\/2025-11-21.Cours-particulier-ASCENDANCE-Sven-Balcerzak-Samba_4875.jpg\" data-srcset=\"https:\/\/vpdanses.fr\/wp-content\/uploads\/2025\/12\/2025-11-21.Cours-particulier-ASCENDANCE-Sven-Balcerzak-Samba_4875.jpg 1200w, https:\/\/vpdanses.fr\/wp-content\/uploads\/2025\/12\/2025-11-21.Cours-particulier-ASCENDANCE-Sven-Balcerzak-Samba_4875-300x199.jpg 300w, https:\/\/vpdanses.fr\/wp-content\/uploads\/2025\/12\/2025-11-21.Cours-particulier-ASCENDANCE-Sven-Balcerzak-Samba_4875-1024x680.jpg 1024w, https:\/\/vpdanses.fr\/wp-content\/uploads\/2025\/12\/2025-11-21.Cours-particulier-ASCENDANCE-Sven-Balcerzak-Samba_4875-768x510.jpg 768w, https:\/\/vpdanses.fr\/wp-content\/uploads\/2025\/12\/2025-11-21.Cours-particulier-ASCENDANCE-Sven-Balcerzak-Samba_4875-500x332.jpg 500w, https:\/\/vpdanses.fr\/wp-content\/uploads\/2025\/12\/2025-11-21.Cours-particulier-ASCENDANCE-Sven-Balcerzak-Samba_4875-800x531.jpg 800w\" data-sizes=\"auto\" loading=\"eager\">\n\t\t<\/a>\t<\/div>\n<\/div>\n\t<figcaption class=\"vp-portfolio__item-overlay vp-portfolio__item-overlay-text-align-center\">\n\t\t<div class=\"vp-portfolio__item-meta-wrap vp-portfolio__custom-scrollbar\">\n\t\t\t\t<a\n\t\thref=\"https:\/\/vpdanses.fr\/wp-content\/uploads\/2025\/12\/2025-11-21.Cours-particulier-ASCENDANCE-Sven-Balcerzak-Samba_4875.jpg\"\n\t\ttabindex=\"-1\" class=\"vp-portfolio__item-meta\" \t>\n\t\n<h2 class=\"vp-portfolio__item-meta-title\">\n\tSamba danse sportive musicalit\u00e9 et bounce<\/h2>\n<\/a>\t\t<\/div>\n\t<\/figcaption>\n\t\t\t<\/figure>\n\t\t\t\t\t<\/div>\n\t\t\n\t\t<div\t\tclass=\"vp-portfolio__item-wrap vp-portfolio__item-uid-a232a010\" data-vp-filter=\"\" \t\t>\n\t\t\t<template class=\"vp-portfolio__item-popup\" data-vp-popup-img=\"https:\/\/vpdanses.fr\/wp-content\/uploads\/2025\/12\/2025-11-21.Cours-particulier-ASCENDANCE-Sven-Balcerzak-Samba_4864.jpg\" data-vp-popup-img-srcset=\"https:\/\/vpdanses.fr\/wp-content\/uploads\/2025\/12\/2025-11-21.Cours-particulier-ASCENDANCE-Sven-Balcerzak-Samba_4864.jpg 1200w, https:\/\/vpdanses.fr\/wp-content\/uploads\/2025\/12\/2025-11-21.Cours-particulier-ASCENDANCE-Sven-Balcerzak-Samba_4864-300x193.jpg 300w, https:\/\/vpdanses.fr\/wp-content\/uploads\/2025\/12\/2025-11-21.Cours-particulier-ASCENDANCE-Sven-Balcerzak-Samba_4864-1024x658.jpg 1024w, https:\/\/vpdanses.fr\/wp-content\/uploads\/2025\/12\/2025-11-21.Cours-particulier-ASCENDANCE-Sven-Balcerzak-Samba_4864-768x493.jpg 768w, https:\/\/vpdanses.fr\/wp-content\/uploads\/2025\/12\/2025-11-21.Cours-particulier-ASCENDANCE-Sven-Balcerzak-Samba_4864-500x321.jpg 500w, https:\/\/vpdanses.fr\/wp-content\/uploads\/2025\/12\/2025-11-21.Cours-particulier-ASCENDANCE-Sven-Balcerzak-Samba_4864-800x514.jpg 800w\" data-vp-popup-img-size=\"1200x771\" data-vp-popup-md-img=\"https:\/\/vpdanses.fr\/wp-content\/uploads\/2025\/12\/2025-11-21.Cours-particulier-ASCENDANCE-Sven-Balcerzak-Samba_4864-800x514.jpg\" data-vp-popup-md-img-size=\"800x514\" data-vp-popup-sm-img=\"https:\/\/vpdanses.fr\/wp-content\/uploads\/2025\/12\/2025-11-21.Cours-particulier-ASCENDANCE-Sven-Balcerzak-Samba_4864-500x321.jpg\" data-vp-popup-sm-img-size=\"500x321\">\n\t\t\t<h3 class=\"vp-portfolio__item-popup-title\">Travail technique samba danse sportive en salle miroir<\/h3>\n\t\t\t\t<div class=\"vp-portfolio__item-popup-description\">Les danseurs travaillent la technique de la samba sportive devant les miroirs de la salle Jean Mac\u00e9, favorisant le contr\u00f4le postural, la coordination et la qualit\u00e9 du mouvement.<\/div>\n\t\t<\/template>\n\t\t\t\t\t\t<figure class=\"vp-portfolio__item\">\n\t\t\t\t\n<div class=\"vp-portfolio__item-img-wrap\">\n\t<div class=\"vp-portfolio__item-img\">\n\t\t\t<a\n\t\thref=\"https:\/\/vpdanses.fr\/wp-content\/uploads\/2025\/12\/2025-11-21.Cours-particulier-ASCENDANCE-Sven-Balcerzak-Samba_4864.jpg\"\n\t\t\t>\n\t\n\t\t<noscript><img loading=\"lazy\" decoding=\"async\" width=\"1200\" height=\"771\" data-skip-lazy src=\"https:\/\/vpdanses.fr\/wp-content\/uploads\/2025\/12\/2025-11-21.Cours-particulier-ASCENDANCE-Sven-Balcerzak-Samba_4864.jpg\" class=\"wp-image-14799\" alt=\"Travail technique de samba danse sportive devant les miroirs \u00e0 Isbergues\" srcset=\"https:\/\/vpdanses.fr\/wp-content\/uploads\/2025\/12\/2025-11-21.Cours-particulier-ASCENDANCE-Sven-Balcerzak-Samba_4864.jpg 1200w, https:\/\/vpdanses.fr\/wp-content\/uploads\/2025\/12\/2025-11-21.Cours-particulier-ASCENDANCE-Sven-Balcerzak-Samba_4864-300x193.jpg 300w, https:\/\/vpdanses.fr\/wp-content\/uploads\/2025\/12\/2025-11-21.Cours-particulier-ASCENDANCE-Sven-Balcerzak-Samba_4864-1024x658.jpg 1024w, https:\/\/vpdanses.fr\/wp-content\/uploads\/2025\/12\/2025-11-21.Cours-particulier-ASCENDANCE-Sven-Balcerzak-Samba_4864-768x493.jpg 768w, https:\/\/vpdanses.fr\/wp-content\/uploads\/2025\/12\/2025-11-21.Cours-particulier-ASCENDANCE-Sven-Balcerzak-Samba_4864-500x321.jpg 500w, https:\/\/vpdanses.fr\/wp-content\/uploads\/2025\/12\/2025-11-21.Cours-particulier-ASCENDANCE-Sven-Balcerzak-Samba_4864-800x514.jpg 800w\" sizes=\"auto, (max-width: 1200px) 100vw, 1200px\" \/><\/noscript><img decoding=\"async\" width=\"1200\" height=\"771\" src=\"https:\/\/vpdanses.fr\/wp-content\/uploads\/2025\/12\/2025-11-21.Cours-particulier-ASCENDANCE-Sven-Balcerzak-Samba_4864.jpg\" class=\"wp-image-14799 vp-lazyload\" alt=\"Travail technique de samba danse sportive devant les miroirs \u00e0 Isbergues\" srcset=\"data:image\/svg+xml;base64,PHN2ZyB3aWR0aD0iMTIwMCIgaGVpZ2h0PSI3NzEiIHZpZXdCb3g9IjAgMCAxMjAwIDc3MSIgZmlsbD0ibm9uZSIgeG1sbnM9Imh0dHA6Ly93d3cudzMub3JnLzIwMDAvc3ZnIj48L3N2Zz4=\" data-src=\"https:\/\/vpdanses.fr\/wp-content\/uploads\/2025\/12\/2025-11-21.Cours-particulier-ASCENDANCE-Sven-Balcerzak-Samba_4864.jpg\" data-srcset=\"https:\/\/vpdanses.fr\/wp-content\/uploads\/2025\/12\/2025-11-21.Cours-particulier-ASCENDANCE-Sven-Balcerzak-Samba_4864.jpg 1200w, https:\/\/vpdanses.fr\/wp-content\/uploads\/2025\/12\/2025-11-21.Cours-particulier-ASCENDANCE-Sven-Balcerzak-Samba_4864-300x193.jpg 300w, https:\/\/vpdanses.fr\/wp-content\/uploads\/2025\/12\/2025-11-21.Cours-particulier-ASCENDANCE-Sven-Balcerzak-Samba_4864-1024x658.jpg 1024w, https:\/\/vpdanses.fr\/wp-content\/uploads\/2025\/12\/2025-11-21.Cours-particulier-ASCENDANCE-Sven-Balcerzak-Samba_4864-768x493.jpg 768w, https:\/\/vpdanses.fr\/wp-content\/uploads\/2025\/12\/2025-11-21.Cours-particulier-ASCENDANCE-Sven-Balcerzak-Samba_4864-500x321.jpg 500w, https:\/\/vpdanses.fr\/wp-content\/uploads\/2025\/12\/2025-11-21.Cours-particulier-ASCENDANCE-Sven-Balcerzak-Samba_4864-800x514.jpg 800w\" data-sizes=\"auto\" loading=\"eager\">\n\t\t<\/a>\t<\/div>\n<\/div>\n\t<figcaption class=\"vp-portfolio__item-overlay vp-portfolio__item-overlay-text-align-center\">\n\t\t<div class=\"vp-portfolio__item-meta-wrap vp-portfolio__custom-scrollbar\">\n\t\t\t\t<a\n\t\thref=\"https:\/\/vpdanses.fr\/wp-content\/uploads\/2025\/12\/2025-11-21.Cours-particulier-ASCENDANCE-Sven-Balcerzak-Samba_4864.jpg\"\n\t\ttabindex=\"-1\" class=\"vp-portfolio__item-meta\" \t>\n\t\n<h2 class=\"vp-portfolio__item-meta-title\">\n\tTravail technique samba danse sportive en salle miroir<\/h2>\n<\/a>\t\t<\/div>\n\t<\/figcaption>\n\t\t\t<\/figure>\n\t\t\t\t\t<\/div>\n\t\t\n<\/div>\n\t\t<\/div>\n\t\t\n<\/div>\n<\/div>","protected":false},"excerpt":{"rendered":"<p>Entra\u00eenement de danse sportive d\u00e9di\u00e9 \u00e0 la Samba \u00e0 Isbergues, anim\u00e9 par Sven Balcerzak. Une s\u00e9ance ax\u00e9e sur le perfectionnement technique et la performance en danses latines de comp\u00e9tition.<\/p>\n","protected":false},"author":1,"featured_media":14801,"comment_status":"closed","ping_status":"closed","sticky":false,"template":"","format":"standard","meta":{"_uag_custom_page_level_css":"","_price":"","_stock":"","_tribe_ticket_header":"","_tribe_default_ticket_provider":"","_tribe_ticket_capacity":"0","_ticket_start_date":"","_ticket_end_date":"","_tribe_ticket_show_description":"","_tribe_ticket_show_not_going":false,"_tribe_ticket_use_global_stock":"","_tribe_ticket_global_stock_level":"","_global_stock_mode":"","_global_stock_cap":"","_tribe_rsvp_for_event":"","_tribe_ticket_going_count":"","_tribe_ticket_not_going_count":"","_tribe_tickets_list":"[]","_tribe_ticket_has_attendee_info_fields":false,"_EventAllDay":false,"_EventTimezone":"","_EventStartDate":"","_EventEndDate":"","_EventStartDateUTC":"","_EventEndDateUTC":"","_EventShowMap":false,"_EventShowMapLink":false,"_EventURL":"","_EventCost":"","_EventCostDescription":"","_EventCurrencySymbol":"","_EventCurrencyCode":"","_EventCurrencyPosition":"","_EventDateTimeSeparator":"","_EventTimeRangeSeparator":"","_EventOrganizerID":[],"_EventVenueID":[],"_OrganizerEmail":"","_OrganizerPhone":"","_OrganizerWebsite":"","_VenueAddress":"","_VenueCity":"","_VenueCountry":"","_VenueProvince":"","_VenueState":"","_VenueZip":"","_VenuePhone":"","_VenueURL":"","_VenueStateProvince":"","_VenueLat":"","_VenueLng":"","_VenueShowMap":false,"_VenueShowMapLink":false,"_vp_format_video_url":"","_vp_image_focal_point":[],"_jetpack_memberships_contains_paid_content":false,"footnotes":""},"categories":[405,86,293],"tags":[201,575,573,570,106,400,574,579,578,503,318,120,512,571,333,576,572,577,522,518,286,569,107],"class_list":["post-14788","post","type-post","status-publish","format-standard","has-post-thumbnail","hentry","category-actualites","category-autour-dhazebrouck","category-danse-sportive","tag-ascendance","tag-bounce-action","tag-cours-prive-danse-sportive","tag-danse-de-competition","tag-danse-sportive","tag-danses-latines","tag-entrainement-danse-sportive","tag-entraineur-danse-sportive","tag-equilibre-et-posture","tag-federation-francaise-de-danse","tag-hauts-de-france","tag-isbergues","tag-mjep-danse","tag-musicalite-en-danse","tag-pas-de-calais","tag-pedagogie-de-la-danse","tag-perfectionnement-technique","tag-preparation-competition-danse","tag-professeur-de-danse-sportive","tag-salle-jean-mace","tag-samba","tag-samba-sportive","tag-sven-balcerzak"],"yoast_head":"<!-- This site is optimized with the Yoast SEO Premium plugin v25.6 (Yoast SEO v25.6) - https:\/\/yoast.com\/wordpress\/plugins\/seo\/ -->\n<title>Danse sportive Samba \u00e0 Isbergues \u2013 Entra\u00eenement avec Sven Balcerzak | VP Danses<\/title>\n<meta name=\"description\" content=\"Entra\u00eenement de danse sportive d\u00e9di\u00e9 \u00e0 la Samba \u00e0 Isbergues. Sven Balcerzak accompagne les comp\u00e9titeurs dans leur perfectionnement technique en danses latines dans les Hauts-de-France.\" \/>\n<meta name=\"robots\" content=\"index, follow, max-snippet:-1, max-image-preview:large, max-video-preview:-1\" \/>\n<link rel=\"canonical\" href=\"https:\/\/vpdanses.fr\/home\/bienvenue-chez-vp-danses-hazebrouck\/danse-sportive-samba-isbergues-sven-balcerzak\/\" \/>\n<meta property=\"og:locale\" content=\"fr_FR\" \/>\n<meta property=\"og:type\" content=\"article\" \/>\n<meta property=\"og:title\" content=\"Danse sportive : entra\u00eenement Samba de haut niveau avec Sven Balcerzak \u00e0 Isbergues\" \/>\n<meta property=\"og:description\" content=\"\u00c0 Isbergues, Sven Balcerzak a anim\u00e9 un entra\u00eenement de danse sportive consacr\u00e9 \u00e0 la Samba. Un travail technique orient\u00e9 performance et comp\u00e9tition en danses latines dans les Hauts-de-France.\" \/>\n<meta property=\"og:url\" content=\"https:\/\/vpdanses.fr\/home\/bienvenue-chez-vp-danses-hazebrouck\/danse-sportive-samba-isbergues-sven-balcerzak\/\" \/>\n<meta property=\"og:site_name\" content=\"VP DANSES, cours de Danse Sportive \u00e0 Aire-sur-la-Lys et \u00e0 Saint-Jans-Cappel (Hauts-de-France)\" \/>\n<meta property=\"article:published_time\" content=\"2025-12-21T09:00:38+00:00\" \/>\n<meta property=\"article:modified_time\" content=\"2025-12-24T12:49:50+00:00\" \/>\n<meta property=\"og:image\" content=\"https:\/\/vpdanses.fr\/wp-content\/uploads\/2025\/12\/2025-11-21.Cours-particulier-ASCENDANCE-Sven-Balcerzak-Samba_4883.jpg\" \/>\n\t<meta property=\"og:image:width\" content=\"1200\" \/>\n\t<meta property=\"og:image:height\" content=\"674\" \/>\n\t<meta property=\"og:image:type\" content=\"image\/jpeg\" \/>\n<meta name=\"author\" content=\"VP DANSES\" \/>\n<meta name=\"twitter:card\" content=\"summary_large_image\" \/>\n<meta name=\"twitter:title\" content=\"Danse sportive : entra\u00eenement Samba \u00e0 Isbergues avec Sven Balcerzak\" \/>\n<meta name=\"twitter:label1\" content=\"\u00c9crit par\" \/>\n\t<meta name=\"twitter:data1\" content=\"VP DANSES\" \/>\n\t<meta name=\"twitter:label2\" content=\"Dur\u00e9e de lecture estim\u00e9e\" \/>\n\t<meta name=\"twitter:data2\" content=\"2 minutes\" \/>\n<script type=\"application\/ld+json\" class=\"yoast-schema-graph\">{\"@context\":\"https:\/\/schema.org\",\"@graph\":[{\"@type\":\"Article\",\"@id\":\"https:\/\/vpdanses.fr\/home\/bienvenue-chez-vp-danses-hazebrouck\/danse-sportive-samba-isbergues-sven-balcerzak\/#article\",\"isPartOf\":{\"@id\":\"https:\/\/vpdanses.fr\/home\/bienvenue-chez-vp-danses-hazebrouck\/danse-sportive-samba-isbergues-sven-balcerzak\/\"},\"author\":{\"name\":\"VP DANSES\",\"@id\":\"https:\/\/vpdanses.fr\/home\/bienvenue-chez-vp-danses-hazebrouck\/#\/schema\/person\/bf87806369778f949b83c9cd885519e5\"},\"headline\":\"Danse sportive : entra\u00eenement Samba \u00e0 Isbergues avec Sven Balcerzak\",\"datePublished\":\"2025-12-21T09:00:38+00:00\",\"dateModified\":\"2025-12-24T12:49:50+00:00\",\"mainEntityOfPage\":{\"@id\":\"https:\/\/vpdanses.fr\/home\/bienvenue-chez-vp-danses-hazebrouck\/danse-sportive-samba-isbergues-sven-balcerzak\/\"},\"wordCount\":280,\"publisher\":{\"@id\":\"https:\/\/vpdanses.fr\/home\/bienvenue-chez-vp-danses-hazebrouck\/#organization\"},\"image\":{\"@id\":\"https:\/\/vpdanses.fr\/home\/bienvenue-chez-vp-danses-hazebrouck\/danse-sportive-samba-isbergues-sven-balcerzak\/#primaryimage\"},\"thumbnailUrl\":\"https:\/\/vpdanses.fr\/wp-content\/uploads\/2025\/12\/2025-11-21.Cours-particulier-ASCENDANCE-Sven-Balcerzak-Samba_4883.jpg\",\"keywords\":[\"ASCENDANCE\",\"bounce action\",\"cours priv\u00e9 danse sportive\",\"danse de comp\u00e9tition\",\"DANSE SPORTIVE\",\"danses latines\",\"entra\u00eenement danse sportive\",\"entra\u00eeneur danse sportive\",\"\u00e9quilibre et posture\",\"F\u00e9d\u00e9ration Fran\u00e7aise de Danse\",\"Hauts-de-France\",\"Isbergues\",\"MJEP Danse\",\"musicalit\u00e9 en danse\",\"pas-de-calais\",\"p\u00e9dagogie de la danse\",\"perfectionnement technique\",\"pr\u00e9paration comp\u00e9tition danse\",\"Professeur de danse sportive\",\"Salle Jean Mac\u00e9\",\"Samba\",\"samba sportive\",\"SVEN BALCERZAK\"],\"articleSection\":[\"Actualit\u00e9s\",\"Autour d'Hazebrouck\",\"DANSE SPORTIVE\"],\"inLanguage\":\"fr-FR\"},{\"@type\":\"WebPage\",\"@id\":\"https:\/\/vpdanses.fr\/home\/bienvenue-chez-vp-danses-hazebrouck\/danse-sportive-samba-isbergues-sven-balcerzak\/\",\"url\":\"https:\/\/vpdanses.fr\/home\/bienvenue-chez-vp-danses-hazebrouck\/danse-sportive-samba-isbergues-sven-balcerzak\/\",\"name\":\"Danse sportive Samba \u00e0 Isbergues \u2013 Entra\u00eenement avec Sven Balcerzak | VP Danses\",\"isPartOf\":{\"@id\":\"https:\/\/vpdanses.fr\/home\/bienvenue-chez-vp-danses-hazebrouck\/#website\"},\"primaryImageOfPage\":{\"@id\":\"https:\/\/vpdanses.fr\/home\/bienvenue-chez-vp-danses-hazebrouck\/danse-sportive-samba-isbergues-sven-balcerzak\/#primaryimage\"},\"image\":{\"@id\":\"https:\/\/vpdanses.fr\/home\/bienvenue-chez-vp-danses-hazebrouck\/danse-sportive-samba-isbergues-sven-balcerzak\/#primaryimage\"},\"thumbnailUrl\":\"https:\/\/vpdanses.fr\/wp-content\/uploads\/2025\/12\/2025-11-21.Cours-particulier-ASCENDANCE-Sven-Balcerzak-Samba_4883.jpg\",\"datePublished\":\"2025-12-21T09:00:38+00:00\",\"dateModified\":\"2025-12-24T12:49:50+00:00\",\"description\":\"Entra\u00eenement de danse sportive d\u00e9di\u00e9 \u00e0 la Samba \u00e0 Isbergues. Sven Balcerzak accompagne les comp\u00e9titeurs dans leur perfectionnement technique en danses latines dans les Hauts-de-France.\",\"breadcrumb\":{\"@id\":\"https:\/\/vpdanses.fr\/home\/bienvenue-chez-vp-danses-hazebrouck\/danse-sportive-samba-isbergues-sven-balcerzak\/#breadcrumb\"},\"inLanguage\":\"fr-FR\",\"potentialAction\":[{\"@type\":\"ReadAction\",\"target\":[\"https:\/\/vpdanses.fr\/home\/bienvenue-chez-vp-danses-hazebrouck\/danse-sportive-samba-isbergues-sven-balcerzak\/\"]}]},{\"@type\":\"ImageObject\",\"inLanguage\":\"fr-FR\",\"@id\":\"https:\/\/vpdanses.fr\/home\/bienvenue-chez-vp-danses-hazebrouck\/danse-sportive-samba-isbergues-sven-balcerzak\/#primaryimage\",\"url\":\"https:\/\/vpdanses.fr\/wp-content\/uploads\/2025\/12\/2025-11-21.Cours-particulier-ASCENDANCE-Sven-Balcerzak-Samba_4883.jpg\",\"contentUrl\":\"https:\/\/vpdanses.fr\/wp-content\/uploads\/2025\/12\/2025-11-21.Cours-particulier-ASCENDANCE-Sven-Balcerzak-Samba_4883.jpg\",\"width\":1200,\"height\":674,\"caption\":\"D\u00e9monstration technique de la samba sportive par Sven Balcerzak.\"},{\"@type\":\"BreadcrumbList\",\"@id\":\"https:\/\/vpdanses.fr\/home\/bienvenue-chez-vp-danses-hazebrouck\/danse-sportive-samba-isbergues-sven-balcerzak\/#breadcrumb\",\"itemListElement\":[{\"@type\":\"ListItem\",\"position\":1,\"name\":\"Accueil\",\"item\":\"https:\/\/vpdanses.fr\/home\/bienvenue-chez-vp-danses-hazebrouck\/\"},{\"@type\":\"ListItem\",\"position\":2,\"name\":\"Danse sportive : entra\u00eenement Samba \u00e0 Isbergues avec Sven Balcerzak\"}]},{\"@type\":\"WebSite\",\"@id\":\"https:\/\/vpdanses.fr\/home\/bienvenue-chez-vp-danses-hazebrouck\/#website\",\"url\":\"https:\/\/vpdanses.fr\/home\/bienvenue-chez-vp-danses-hazebrouck\/\",\"name\":\"VP DANSES, cours de Danse Sportive \u00e0 Aire-sur-la-Lys et \u00e0 Saint-Jans-Cappel (Hauts-de-France)\",\"description\":\"Cours de Danse Sportive STANDARD (valse anglaise, tango, valse viennoise, slowfox, quickstep), danses sportives LATINES (samba, chacha, rumba, paso doble, jive), danses de bal, danses de salons, danses de loisirs, salsa, rock 4 temps, rock 6 temps, danses en ligne, disco, \u2026 Lieu : Hazebrouck, Aire-sur-la-Lys, Saint-Jans-Cappel et Isbergues (Hauts-de-France) - Cours Particuliers dans les Hauts-de-France - Ouverture de bal de Mariage\",\"publisher\":{\"@id\":\"https:\/\/vpdanses.fr\/home\/bienvenue-chez-vp-danses-hazebrouck\/#organization\"},\"potentialAction\":[{\"@type\":\"SearchAction\",\"target\":{\"@type\":\"EntryPoint\",\"urlTemplate\":\"https:\/\/vpdanses.fr\/home\/bienvenue-chez-vp-danses-hazebrouck\/?s={search_term_string}\"},\"query-input\":{\"@type\":\"PropertyValueSpecification\",\"valueRequired\":true,\"valueName\":\"search_term_string\"}}],\"inLanguage\":\"fr-FR\"},{\"@type\":\"Organization\",\"@id\":\"https:\/\/vpdanses.fr\/home\/bienvenue-chez-vp-danses-hazebrouck\/#organization\",\"name\":\"VP DANSES, cours de Danse Sportive \u00e0 Aire-sur-la-Lys et \u00e0 Saint-Jans-Cappel (Hauts-de-France)\",\"url\":\"https:\/\/vpdanses.fr\/home\/bienvenue-chez-vp-danses-hazebrouck\/\",\"logo\":{\"@type\":\"ImageObject\",\"inLanguage\":\"fr-FR\",\"@id\":\"https:\/\/vpdanses.fr\/home\/bienvenue-chez-vp-danses-hazebrouck\/#\/schema\/logo\/image\/\",\"url\":\"https:\/\/vpdanses.fr\/wp-content\/uploads\/2024\/10\/logo_cadanse_asaintjans.jpeg\",\"contentUrl\":\"https:\/\/vpdanses.fr\/wp-content\/uploads\/2024\/10\/logo_cadanse_asaintjans.jpeg\",\"width\":225,\"height\":225,\"caption\":\"VP DANSES, cours de Danse Sportive \u00e0 Aire-sur-la-Lys et \u00e0 Saint-Jans-Cappel (Hauts-de-France)\"},\"image\":{\"@id\":\"https:\/\/vpdanses.fr\/home\/bienvenue-chez-vp-danses-hazebrouck\/#\/schema\/logo\/image\/\"}},{\"@type\":\"Person\",\"@id\":\"https:\/\/vpdanses.fr\/home\/bienvenue-chez-vp-danses-hazebrouck\/#\/schema\/person\/bf87806369778f949b83c9cd885519e5\",\"name\":\"VP DANSES\",\"description\":\"\\\"VP danses\\\" est une association qui donne des cours de DANSES SPORTIVES STANDARDS (valse anglaise, tango, valse viennoise, slowfox, quickstep), de DANSES SPORTIVES LATINES (samba, chacha, rumba, paso doble, jive), de DANSES DE BAL, de DANSES DE SALONS, de DANSES DE LOISIRS, de SALSA, de ROCK 4 TEMPS, de ROCK 6 TEMPS, de DANSES EN LIGNE, de DISCO, \u2026\",\"sameAs\":[\"https:\/\/vpdanses.fr\"],\"url\":\"https:\/\/vpdanses.fr\/home\/bienvenue-chez-vp-danses-hazebrouck\/author\/adminvp20241018\/\"}]}<\/script>\n<!-- \/ Yoast SEO Premium plugin. -->","yoast_head_json":{"title":"Danse sportive Samba \u00e0 Isbergues \u2013 Entra\u00eenement avec Sven Balcerzak | VP Danses","description":"Entra\u00eenement de danse sportive d\u00e9di\u00e9 \u00e0 la Samba \u00e0 Isbergues. Sven Balcerzak accompagne les comp\u00e9titeurs dans leur perfectionnement technique en danses latines dans les Hauts-de-France.","robots":{"index":"index","follow":"follow","max-snippet":"max-snippet:-1","max-image-preview":"max-image-preview:large","max-video-preview":"max-video-preview:-1"},"canonical":"https:\/\/vpdanses.fr\/home\/bienvenue-chez-vp-danses-hazebrouck\/danse-sportive-samba-isbergues-sven-balcerzak\/","og_locale":"fr_FR","og_type":"article","og_title":"Danse sportive : entra\u00eenement Samba de haut niveau avec Sven Balcerzak \u00e0 Isbergues","og_description":"\u00c0 Isbergues, Sven Balcerzak a anim\u00e9 un entra\u00eenement de danse sportive consacr\u00e9 \u00e0 la Samba. Un travail technique orient\u00e9 performance et comp\u00e9tition en danses latines dans les Hauts-de-France.","og_url":"https:\/\/vpdanses.fr\/home\/bienvenue-chez-vp-danses-hazebrouck\/danse-sportive-samba-isbergues-sven-balcerzak\/","og_site_name":"VP DANSES, cours de Danse Sportive \u00e0 Aire-sur-la-Lys et \u00e0 Saint-Jans-Cappel (Hauts-de-France)","article_published_time":"2025-12-21T09:00:38+00:00","article_modified_time":"2025-12-24T12:49:50+00:00","og_image":[{"width":1200,"height":674,"url":"https:\/\/vpdanses.fr\/wp-content\/uploads\/2025\/12\/2025-11-21.Cours-particulier-ASCENDANCE-Sven-Balcerzak-Samba_4883.jpg","type":"image\/jpeg"}],"author":"VP DANSES","twitter_card":"summary_large_image","twitter_title":"Danse sportive : entra\u00eenement Samba \u00e0 Isbergues avec Sven Balcerzak","twitter_misc":{"\u00c9crit par":"VP DANSES","Dur\u00e9e de lecture estim\u00e9e":"2 minutes"},"schema":{"@context":"https:\/\/schema.org","@graph":[{"@type":"Article","@id":"https:\/\/vpdanses.fr\/home\/bienvenue-chez-vp-danses-hazebrouck\/danse-sportive-samba-isbergues-sven-balcerzak\/#article","isPartOf":{"@id":"https:\/\/vpdanses.fr\/home\/bienvenue-chez-vp-danses-hazebrouck\/danse-sportive-samba-isbergues-sven-balcerzak\/"},"author":{"name":"VP DANSES","@id":"https:\/\/vpdanses.fr\/home\/bienvenue-chez-vp-danses-hazebrouck\/#\/schema\/person\/bf87806369778f949b83c9cd885519e5"},"headline":"Danse sportive : entra\u00eenement Samba \u00e0 Isbergues avec Sven Balcerzak","datePublished":"2025-12-21T09:00:38+00:00","dateModified":"2025-12-24T12:49:50+00:00","mainEntityOfPage":{"@id":"https:\/\/vpdanses.fr\/home\/bienvenue-chez-vp-danses-hazebrouck\/danse-sportive-samba-isbergues-sven-balcerzak\/"},"wordCount":280,"publisher":{"@id":"https:\/\/vpdanses.fr\/home\/bienvenue-chez-vp-danses-hazebrouck\/#organization"},"image":{"@id":"https:\/\/vpdanses.fr\/home\/bienvenue-chez-vp-danses-hazebrouck\/danse-sportive-samba-isbergues-sven-balcerzak\/#primaryimage"},"thumbnailUrl":"https:\/\/vpdanses.fr\/wp-content\/uploads\/2025\/12\/2025-11-21.Cours-particulier-ASCENDANCE-Sven-Balcerzak-Samba_4883.jpg","keywords":["ASCENDANCE","bounce action","cours priv\u00e9 danse sportive","danse de comp\u00e9tition","DANSE SPORTIVE","danses latines","entra\u00eenement danse sportive","entra\u00eeneur danse sportive","\u00e9quilibre et posture","F\u00e9d\u00e9ration Fran\u00e7aise de Danse","Hauts-de-France","Isbergues","MJEP Danse","musicalit\u00e9 en danse","pas-de-calais","p\u00e9dagogie de la danse","perfectionnement technique","pr\u00e9paration comp\u00e9tition danse","Professeur de danse sportive","Salle Jean Mac\u00e9","Samba","samba sportive","SVEN BALCERZAK"],"articleSection":["Actualit\u00e9s","Autour d'Hazebrouck","DANSE SPORTIVE"],"inLanguage":"fr-FR"},{"@type":"WebPage","@id":"https:\/\/vpdanses.fr\/home\/bienvenue-chez-vp-danses-hazebrouck\/danse-sportive-samba-isbergues-sven-balcerzak\/","url":"https:\/\/vpdanses.fr\/home\/bienvenue-chez-vp-danses-hazebrouck\/danse-sportive-samba-isbergues-sven-balcerzak\/","name":"Danse sportive Samba \u00e0 Isbergues \u2013 Entra\u00eenement avec Sven Balcerzak | VP Danses","isPartOf":{"@id":"https:\/\/vpdanses.fr\/home\/bienvenue-chez-vp-danses-hazebrouck\/#website"},"primaryImageOfPage":{"@id":"https:\/\/vpdanses.fr\/home\/bienvenue-chez-vp-danses-hazebrouck\/danse-sportive-samba-isbergues-sven-balcerzak\/#primaryimage"},"image":{"@id":"https:\/\/vpdanses.fr\/home\/bienvenue-chez-vp-danses-hazebrouck\/danse-sportive-samba-isbergues-sven-balcerzak\/#primaryimage"},"thumbnailUrl":"https:\/\/vpdanses.fr\/wp-content\/uploads\/2025\/12\/2025-11-21.Cours-particulier-ASCENDANCE-Sven-Balcerzak-Samba_4883.jpg","datePublished":"2025-12-21T09:00:38+00:00","dateModified":"2025-12-24T12:49:50+00:00","description":"Entra\u00eenement de danse sportive d\u00e9di\u00e9 \u00e0 la Samba \u00e0 Isbergues. Sven Balcerzak accompagne les comp\u00e9titeurs dans leur perfectionnement technique en danses latines dans les Hauts-de-France.","breadcrumb":{"@id":"https:\/\/vpdanses.fr\/home\/bienvenue-chez-vp-danses-hazebrouck\/danse-sportive-samba-isbergues-sven-balcerzak\/#breadcrumb"},"inLanguage":"fr-FR","potentialAction":[{"@type":"ReadAction","target":["https:\/\/vpdanses.fr\/home\/bienvenue-chez-vp-danses-hazebrouck\/danse-sportive-samba-isbergues-sven-balcerzak\/"]}]},{"@type":"ImageObject","inLanguage":"fr-FR","@id":"https:\/\/vpdanses.fr\/home\/bienvenue-chez-vp-danses-hazebrouck\/danse-sportive-samba-isbergues-sven-balcerzak\/#primaryimage","url":"https:\/\/vpdanses.fr\/wp-content\/uploads\/2025\/12\/2025-11-21.Cours-particulier-ASCENDANCE-Sven-Balcerzak-Samba_4883.jpg","contentUrl":"https:\/\/vpdanses.fr\/wp-content\/uploads\/2025\/12\/2025-11-21.Cours-particulier-ASCENDANCE-Sven-Balcerzak-Samba_4883.jpg","width":1200,"height":674,"caption":"D\u00e9monstration technique de la samba sportive par Sven Balcerzak."},{"@type":"BreadcrumbList","@id":"https:\/\/vpdanses.fr\/home\/bienvenue-chez-vp-danses-hazebrouck\/danse-sportive-samba-isbergues-sven-balcerzak\/#breadcrumb","itemListElement":[{"@type":"ListItem","position":1,"name":"Accueil","item":"https:\/\/vpdanses.fr\/home\/bienvenue-chez-vp-danses-hazebrouck\/"},{"@type":"ListItem","position":2,"name":"Danse sportive : entra\u00eenement Samba \u00e0 Isbergues avec Sven Balcerzak"}]},{"@type":"WebSite","@id":"https:\/\/vpdanses.fr\/home\/bienvenue-chez-vp-danses-hazebrouck\/#website","url":"https:\/\/vpdanses.fr\/home\/bienvenue-chez-vp-danses-hazebrouck\/","name":"VP DANSES, cours de Danse Sportive \u00e0 Aire-sur-la-Lys et \u00e0 Saint-Jans-Cappel (Hauts-de-France)","description":"Cours de Danse Sportive STANDARD (valse anglaise, tango, valse viennoise, slowfox, quickstep), danses sportives LATINES (samba, chacha, rumba, paso doble, jive), danses de bal, danses de salons, danses de loisirs, salsa, rock 4 temps, rock 6 temps, danses en ligne, disco, \u2026 Lieu : Hazebrouck, Aire-sur-la-Lys, Saint-Jans-Cappel et Isbergues (Hauts-de-France) - Cours Particuliers dans les Hauts-de-France - Ouverture de bal de Mariage","publisher":{"@id":"https:\/\/vpdanses.fr\/home\/bienvenue-chez-vp-danses-hazebrouck\/#organization"},"potentialAction":[{"@type":"SearchAction","target":{"@type":"EntryPoint","urlTemplate":"https:\/\/vpdanses.fr\/home\/bienvenue-chez-vp-danses-hazebrouck\/?s={search_term_string}"},"query-input":{"@type":"PropertyValueSpecification","valueRequired":true,"valueName":"search_term_string"}}],"inLanguage":"fr-FR"},{"@type":"Organization","@id":"https:\/\/vpdanses.fr\/home\/bienvenue-chez-vp-danses-hazebrouck\/#organization","name":"VP DANSES, cours de Danse Sportive \u00e0 Aire-sur-la-Lys et \u00e0 Saint-Jans-Cappel (Hauts-de-France)","url":"https:\/\/vpdanses.fr\/home\/bienvenue-chez-vp-danses-hazebrouck\/","logo":{"@type":"ImageObject","inLanguage":"fr-FR","@id":"https:\/\/vpdanses.fr\/home\/bienvenue-chez-vp-danses-hazebrouck\/#\/schema\/logo\/image\/","url":"https:\/\/vpdanses.fr\/wp-content\/uploads\/2024\/10\/logo_cadanse_asaintjans.jpeg","contentUrl":"https:\/\/vpdanses.fr\/wp-content\/uploads\/2024\/10\/logo_cadanse_asaintjans.jpeg","width":225,"height":225,"caption":"VP DANSES, cours de Danse Sportive \u00e0 Aire-sur-la-Lys et \u00e0 Saint-Jans-Cappel (Hauts-de-France)"},"image":{"@id":"https:\/\/vpdanses.fr\/home\/bienvenue-chez-vp-danses-hazebrouck\/#\/schema\/logo\/image\/"}},{"@type":"Person","@id":"https:\/\/vpdanses.fr\/home\/bienvenue-chez-vp-danses-hazebrouck\/#\/schema\/person\/bf87806369778f949b83c9cd885519e5","name":"VP DANSES","description":"\"VP danses\" est une association qui donne des cours de DANSES SPORTIVES STANDARDS (valse anglaise, tango, valse viennoise, slowfox, quickstep), de DANSES SPORTIVES LATINES (samba, chacha, rumba, paso doble, jive), de DANSES DE BAL, de DANSES DE SALONS, de DANSES DE LOISIRS, de SALSA, de ROCK 4 TEMPS, de ROCK 6 TEMPS, de DANSES EN LIGNE, de DISCO, \u2026","sameAs":["https:\/\/vpdanses.fr"],"url":"https:\/\/vpdanses.fr\/home\/bienvenue-chez-vp-danses-hazebrouck\/author\/adminvp20241018\/"}]}},"jetpack_featured_media_url":"https:\/\/vpdanses.fr\/wp-content\/uploads\/2025\/12\/2025-11-21.Cours-particulier-ASCENDANCE-Sven-Balcerzak-Samba_4883.jpg","uagb_featured_image_src":{"full":["https:\/\/vpdanses.fr\/wp-content\/uploads\/2025\/12\/2025-11-21.Cours-particulier-ASCENDANCE-Sven-Balcerzak-Samba_4883.jpg",1200,674,false],"thumbnail":["https:\/\/vpdanses.fr\/wp-content\/uploads\/2025\/12\/2025-11-21.Cours-particulier-ASCENDANCE-Sven-Balcerzak-Samba_4883-150x150.jpg",150,150,true],"medium":["https:\/\/vpdanses.fr\/wp-content\/uploads\/2025\/12\/2025-11-21.Cours-particulier-ASCENDANCE-Sven-Balcerzak-Samba_4883-300x169.jpg",300,169,true],"medium_large":["https:\/\/vpdanses.fr\/wp-content\/uploads\/2025\/12\/2025-11-21.Cours-particulier-ASCENDANCE-Sven-Balcerzak-Samba_4883-768x431.jpg",768,431,true],"large":["https:\/\/vpdanses.fr\/wp-content\/uploads\/2025\/12\/2025-11-21.Cours-particulier-ASCENDANCE-Sven-Balcerzak-Samba_4883-1024x575.jpg",1024,575,true],"1536x1536":["https:\/\/vpdanses.fr\/wp-content\/uploads\/2025\/12\/2025-11-21.Cours-particulier-ASCENDANCE-Sven-Balcerzak-Samba_4883.jpg",1200,674,false],"2048x2048":["https:\/\/vpdanses.fr\/wp-content\/uploads\/2025\/12\/2025-11-21.Cours-particulier-ASCENDANCE-Sven-Balcerzak-Samba_4883.jpg",1200,674,false],"vp_sm":["https:\/\/vpdanses.fr\/wp-content\/uploads\/2025\/12\/2025-11-21.Cours-particulier-ASCENDANCE-Sven-Balcerzak-Samba_4883-500x281.jpg",500,281,true],"vp_md":["https:\/\/vpdanses.fr\/wp-content\/uploads\/2025\/12\/2025-11-21.Cours-particulier-ASCENDANCE-Sven-Balcerzak-Samba_4883-800x449.jpg",800,449,true],"vp_lg":["https:\/\/vpdanses.fr\/wp-content\/uploads\/2025\/12\/2025-11-21.Cours-particulier-ASCENDANCE-Sven-Balcerzak-Samba_4883.jpg",1200,674,false],"vp_xl":["https:\/\/vpdanses.fr\/wp-content\/uploads\/2025\/12\/2025-11-21.Cours-particulier-ASCENDANCE-Sven-Balcerzak-Samba_4883.jpg",1200,674,false],"vp_sm_popup":["https:\/\/vpdanses.fr\/wp-content\/uploads\/2025\/12\/2025-11-21.Cours-particulier-ASCENDANCE-Sven-Balcerzak-Samba_4883-500x281.jpg",500,281,true],"vp_md_popup":["https:\/\/vpdanses.fr\/wp-content\/uploads\/2025\/12\/2025-11-21.Cours-particulier-ASCENDANCE-Sven-Balcerzak-Samba_4883-800x449.jpg",800,449,true],"vp_xl_popup":["https:\/\/vpdanses.fr\/wp-content\/uploads\/2025\/12\/2025-11-21.Cours-particulier-ASCENDANCE-Sven-Balcerzak-Samba_4883.jpg",1200,674,false],"dance-blog-thumb":["https:\/\/vpdanses.fr\/wp-content\/uploads\/2025\/12\/2025-11-21.Cours-particulier-ASCENDANCE-Sven-Balcerzak-Samba_4883-150x120.jpg",150,120,true],"dance-event-list":["https:\/\/vpdanses.fr\/wp-content\/uploads\/2025\/12\/2025-11-21.Cours-particulier-ASCENDANCE-Sven-Balcerzak-Samba_4883-420x336.jpg",420,336,true],"dance-event-single-type1":["https:\/\/vpdanses.fr\/wp-content\/uploads\/2025\/12\/2025-11-21.Cours-particulier-ASCENDANCE-Sven-Balcerzak-Samba_4883-773x520.jpg",773,520,true],"dance-event-single-type4":["https:\/\/vpdanses.fr\/wp-content\/uploads\/2025\/12\/2025-11-21.Cours-particulier-ASCENDANCE-Sven-Balcerzak-Samba_4883-570x460.jpg",570,460,true],"dance-event-single-type5":["https:\/\/vpdanses.fr\/wp-content\/uploads\/2025\/12\/2025-11-21.Cours-particulier-ASCENDANCE-Sven-Balcerzak-Samba_4883-746x674.jpg",746,674,true],"dance-event-list2":["https:\/\/vpdanses.fr\/wp-content\/uploads\/2025\/12\/2025-11-21.Cours-particulier-ASCENDANCE-Sven-Balcerzak-Samba_4883-420x275.jpg",420,275,true]},"uagb_author_info":{"display_name":"VP DANSES","author_link":"https:\/\/vpdanses.fr\/home\/bienvenue-chez-vp-danses-hazebrouck\/author\/adminvp20241018\/"},"uagb_comment_info":0,"uagb_excerpt":"Entra\u00eenement de danse sportive d\u00e9di\u00e9 \u00e0 la Samba \u00e0 Isbergues, anim\u00e9 par Sven Balcerzak. Une s\u00e9ance ax\u00e9e sur le perfectionnement technique et la performance en danses latines de comp\u00e9tition.","jetpack_sharing_enabled":true,"_links":{"self":[{"href":"https:\/\/vpdanses.fr\/home\/bienvenue-chez-vp-danses-hazebrouck\/wp-json\/wp\/v2\/posts\/14788","targetHints":{"allow":["GET"]}}],"collection":[{"href":"https:\/\/vpdanses.fr\/home\/bienvenue-chez-vp-danses-hazebrouck\/wp-json\/wp\/v2\/posts"}],"about":[{"href":"https:\/\/vpdanses.fr\/home\/bienvenue-chez-vp-danses-hazebrouck\/wp-json\/wp\/v2\/types\/post"}],"author":[{"embeddable":true,"href":"https:\/\/vpdanses.fr\/home\/bienvenue-chez-vp-danses-hazebrouck\/wp-json\/wp\/v2\/users\/1"}],"replies":[{"embeddable":true,"href":"https:\/\/vpdanses.fr\/home\/bienvenue-chez-vp-danses-hazebrouck\/wp-json\/wp\/v2\/comments?post=14788"}],"version-history":[{"count":4,"href":"https:\/\/vpdanses.fr\/home\/bienvenue-chez-vp-danses-hazebrouck\/wp-json\/wp\/v2\/posts\/14788\/revisions"}],"predecessor-version":[{"id":14805,"href":"https:\/\/vpdanses.fr\/home\/bienvenue-chez-vp-danses-hazebrouck\/wp-json\/wp\/v2\/posts\/14788\/revisions\/14805"}],"wp:featuredmedia":[{"embeddable":true,"href":"https:\/\/vpdanses.fr\/home\/bienvenue-chez-vp-danses-hazebrouck\/wp-json\/wp\/v2\/media\/14801"}],"wp:attachment":[{"href":"https:\/\/vpdanses.fr\/home\/bienvenue-chez-vp-danses-hazebrouck\/wp-json\/wp\/v2\/media?parent=14788"}],"wp:term":[{"taxonomy":"category","embeddable":true,"href":"https:\/\/vpdanses.fr\/home\/bienvenue-chez-vp-danses-hazebrouck\/wp-json\/wp\/v2\/categories?post=14788"},{"taxonomy":"post_tag","embeddable":true,"href":"https:\/\/vpdanses.fr\/home\/bienvenue-chez-vp-danses-hazebrouck\/wp-json\/wp\/v2\/tags?post=14788"}],"curies":[{"name":"wp","href":"https:\/\/api.w.org\/{rel}","templated":true}]}}