{"id":14822,"date":"2025-12-25T21:32:34","date_gmt":"2025-12-25T20:32:34","guid":{"rendered":"https:\/\/vpdanses.fr\/home\/bienvenue-chez-vp-danses-hazebrouck\/?p=14822"},"modified":"2025-12-25T21:44:44","modified_gmt":"2025-12-25T20:44:44","slug":"danse-sportive-trophee-des-sacres-2026","status":"publish","type":"post","link":"https:\/\/vpdanses.fr\/home\/bienvenue-chez-vp-danses-hazebrouck\/danse-sportive-trophee-des-sacres-2026\/","title":{"rendered":"DANSE SPORTIVE \u2013 COMPETITION NATIONALE"},"content":{"rendered":"\n<p>Le samedi 10 janvier 2026, le <strong><a href=\"https:\/\/www.facebook.com\/profile.php?id=100063715292892\" target=\"_blank\" rel=\"noreferrer noopener\">Club Remois de Danse Sportive <\/a><\/strong>(CRDS), sous la presidence de Marie-Luce PETITEVILLE, organise, sous l&rsquo;egide de la Federation Francaise de Danse (FFDanse \u2013 agrement 26-003), une grande competition nationale de <strong>Danse Sportive<\/strong> :<\/p>\n\n\n\n<p><strong>le \u00ab\u00a0Trophee des Sacres\u00a0\u00bb<\/strong><\/p>\n\n\n\n<p><strong>Lieu<\/strong>\u00a0: Gymnase Lapique<br>1 rue Francois Arago \u2013 51100 <strong><a href=\"https:\/\/www.reims.fr\" target=\"_blank\" rel=\"noreferrer noopener\">Reims<\/a><\/strong><\/p>\n\n\n\n<p>Cette competition comprendra des epreuves classificatrices et opens des 10 danses (danses latines et standards), reunissant des competiteurs venus de toute la France.<\/p>\n\n\n\n<p>Pour plus d&rsquo;informations, consultez la publication officielle du&nbsp;<a>CRDS \u2013 Trophee des Sacres<\/a>.<\/p>\n\n\n\n<hr class=\"wp-block-separator has-alpha-channel-opacity\"\/>\n\n\n\n<h2 class=\"wp-block-heading\" id=\"h-participation-de-vp-danses\">Participation de VP DANSES<\/h2>\n\n\n\n<p>Nous sommes heureux d&rsquo;annoncer que Virginie et Philippe, animateurs au sein de VP DANSES, participeront a cette competition nationale en <strong><a href=\"https:\/\/www.ffdanse.fr\/disciplines\/latines-standards\" target=\"_blank\" rel=\"noreferrer noopener\">Danses Latines<\/a><\/strong> \u2013 niveau Avance (Seniors 2), sous les couleurs de leur club <strong><a href=\"https:\/\/www.facebook.com\/AscendanceCreativDanse\" target=\"_blank\" rel=\"noreferrer noopener\">ASCENDANCE<\/a><\/strong>, encadre par leur professeur de <strong>Danse Sportive<\/strong> <strong><a href=\"https:\/\/www.facebook.com\/sven.balcerzak\" target=\"_blank\" rel=\"noreferrer noopener\">Sven Balcerzak<\/a><\/strong>.<\/p>\n\n\n\n<p>Cette participation s&rsquo;inscrit dans une dynamique de progression et de partage, portee par la qualite de l&rsquo;enseignement du club ASCENDANCE, et rendue possible grace a la collaboration avec la MJEP DANSE d&rsquo;Isbergues, qui met a disposition une salle de danse adaptee aux cours et entrainements.<\/p>\n\n\n\n<hr class=\"wp-block-separator has-alpha-channel-opacity\"\/>\n\n\n\n<h2 class=\"wp-block-heading\" id=\"h-decouvrez-la-danse-sportive\">Decouvrez la Danse Sportive<\/h2>\n\n\n\n<p><strong><a href=\"https:\/\/vpdanses.fr\/home\/bienvenue-chez-vp-danses-hazebrouck\/formulaire-de-contact\/\" target=\"_blank\" rel=\"noreferrer noopener\">VP DANSES<\/a><\/strong> propose des cours de Danse Sportive niveau debutant, accessibles a tous, dans les Hauts-de-France :<\/p>\n\n\n\n<ul class=\"wp-block-list\">\n<li>Aire-sur-la-Lys<\/li>\n\n\n\n<li>Saint-Jans-Cappel<\/li>\n<\/ul>\n\n\n\n<blockquote class=\"wp-block-quote is-layout-flow wp-block-quote-is-layout-flow\">\n<p>\u00ab\u00a0La Danse Sportive est une discipline complete, melant technique, musicalite et plaisir de danser, ouverte a tous les niveaux.\u00a0\u00bb<\/p>\n<\/blockquote>\n\n\n\n<hr class=\"wp-block-separator has-alpha-channel-opacity\"\/>\n\n\n\n<h2 class=\"wp-block-heading\" id=\"h-le-saviez-vous\">Le saviez-vous ?<\/h2>\n\n\n\n<p>Lors d&rsquo;une competition officielle de Danse Sportive, plusieurs roles essentiels assurent le bon deroulement des epreuves :<\/p>\n\n\n\n<ul class=\"wp-block-list\">\n<li><strong>Les juges<\/strong>\u00a0evaluent les couples selon des criteres precis : technique, musicalite, partenariat et qualite du mouvement.<\/li>\n\n\n\n<li><strong>Le chairman<\/strong>\u00a0veille au respect du reglement et garantit l&rsquo;equite sportive.<\/li>\n\n\n\n<li><strong>Le scrutateur<\/strong>\u00a0collecte et traite les notes afin d&rsquo;etablir les classements officiels.<\/li>\n\n\n\n<li><strong>Le directeur de competition<\/strong>\u00a0coordonne l&rsquo;organisation generale et le deroulement des epreuves.<\/li>\n\n\n\n<li><strong>Le presentateur<\/strong>\u00a0anime l&rsquo;evenement et accompagne le public tout au long de la journee.<\/li>\n<\/ul>\n","protected":false},"excerpt":{"rendered":"<p>Le 10 janvier 2026, VP DANSES participe au Troph\u00e9e des Sacres \u00e0 Reims. Nos animateurs Virginie et Philippe concourront en Danses Latines, et nos cours d\u00e9butants sont ouverts \u00e0 tous dans les Hauts-de-France.<\/p>\n","protected":false},"author":1,"featured_media":14826,"comment_status":"closed","ping_status":"closed","sticky":false,"template":"","format":"standard","meta":{"_uag_custom_page_level_css":"","_price":"","_stock":"","_tribe_ticket_header":"","_tribe_default_ticket_provider":"","_tribe_ticket_capacity":"0","_ticket_start_date":"","_ticket_end_date":"","_tribe_ticket_show_description":"","_tribe_ticket_show_not_going":false,"_tribe_ticket_use_global_stock":"","_tribe_ticket_global_stock_level":"","_global_stock_mode":"","_global_stock_cap":"","_tribe_rsvp_for_event":"","_tribe_ticket_going_count":"","_tribe_ticket_not_going_count":"","_tribe_tickets_list":"[]","_tribe_ticket_has_attendee_info_fields":false,"_EventAllDay":false,"_EventTimezone":"","_EventStartDate":"","_EventEndDate":"","_EventStartDateUTC":"","_EventEndDateUTC":"","_EventShowMap":false,"_EventShowMapLink":false,"_EventURL":"","_EventCost":"","_EventCostDescription":"","_EventCurrencySymbol":"","_EventCurrencyCode":"","_EventCurrencyPosition":"","_EventDateTimeSeparator":"","_EventTimeRangeSeparator":"","_EventOrganizerID":[],"_EventVenueID":[],"_OrganizerEmail":"","_OrganizerPhone":"","_OrganizerWebsite":"","_VenueAddress":"","_VenueCity":"","_VenueCountry":"","_VenueProvince":"","_VenueState":"","_VenueZip":"","_VenuePhone":"","_VenueURL":"","_VenueStateProvince":"","_VenueLat":"","_VenueLng":"","_VenueShowMap":false,"_VenueShowMapLink":false,"_vp_format_video_url":"","_vp_image_focal_point":[],"_jetpack_memberships_contains_paid_content":false,"footnotes":""},"categories":[86,229,402,293,381],"tags":[285,201,591,400,399,397,318,512,125,590,96],"class_list":["post-14822","post","type-post","status-publish","format-standard","has-post-thumbnail","hentry","category-autour-dhazebrouck","category-competition","category-cours-de-danse","category-danse-sportive","category-evenements-vp-danses","tag-aire-sur-la-lys","tag-ascendance","tag-competition-nationale","tag-danses-latines","tag-danses-standards","tag-debutants","tag-hauts-de-france","tag-mjep-danse","tag-saint-jans-cappel","tag-trophee-des-sacres-2026","tag-vp-danses"],"yoast_head":"<!-- This site is optimized with the Yoast SEO Premium plugin v25.6 (Yoast SEO v25.6) - https:\/\/yoast.com\/wordpress\/plugins\/seo\/ -->\n<title>Danse Sportive \u2013 Troph\u00e9e des Sacres 2026 | VP DANSES<\/title>\n<meta name=\"description\" content=\"Le samedi 10 janvier 2026, VP DANSES participe au Troph\u00e9e des Sacres \u00e0 Reims. D\u00e9couvrez la Danse Sportive, les cours d\u00e9butants et nos animateurs en comp\u00e9tition.\" \/>\n<meta name=\"robots\" content=\"index, follow, max-snippet:-1, max-image-preview:large, max-video-preview:-1\" \/>\n<link rel=\"canonical\" href=\"https:\/\/vpdanses.fr\/home\/bienvenue-chez-vp-danses-hazebrouck\/danse-sportive-trophee-des-sacres-2026\/\" \/>\n<meta property=\"og:locale\" content=\"fr_FR\" \/>\n<meta property=\"og:type\" content=\"article\" \/>\n<meta property=\"og:title\" content=\"VP DANSES au Troph\u00e9e des Sacres 2026 \u2013 Danse Sportive \u00e0 Reims\" \/>\n<meta property=\"og:description\" content=\"Virginie et Philippe, animateurs de VP DANSES, participent au Troph\u00e9e des Sacres 2026 \u00e0 Reims. D\u00e9couvrez nos cours de Danse Sportive pour d\u00e9butants dans les Hauts-de-France.\" \/>\n<meta property=\"og:url\" content=\"https:\/\/vpdanses.fr\/home\/bienvenue-chez-vp-danses-hazebrouck\/danse-sportive-trophee-des-sacres-2026\/\" \/>\n<meta property=\"og:site_name\" content=\"VP DANSES, cours de Danse Sportive \u00e0 Aire-sur-la-Lys et \u00e0 Saint-Jans-Cappel (Hauts-de-France)\" \/>\n<meta property=\"article:published_time\" content=\"2025-12-25T20:32:34+00:00\" \/>\n<meta property=\"article:modified_time\" content=\"2025-12-25T20:44:44+00:00\" \/>\n<meta property=\"og:image\" content=\"https:\/\/vpdanses.fr\/wp-content\/uploads\/2025\/12\/2026-01-10.affiche-trophee-des-sacres-finale.png\" \/>\n\t<meta property=\"og:image:width\" content=\"1000\" \/>\n\t<meta property=\"og:image:height\" content=\"1467\" \/>\n\t<meta property=\"og:image:type\" content=\"image\/png\" \/>\n<meta name=\"author\" content=\"VP DANSES\" \/>\n<meta name=\"twitter:card\" content=\"summary_large_image\" \/>\n<meta name=\"twitter:title\" content=\"DANSE SPORTIVE \u2013 COMPETITION NATIONALE\" \/>\n<meta name=\"twitter:label1\" content=\"\u00c9crit par\" \/>\n\t<meta name=\"twitter:data1\" content=\"VP DANSES\" \/>\n\t<meta name=\"twitter:label2\" content=\"Dur\u00e9e de lecture estim\u00e9e\" \/>\n\t<meta name=\"twitter:data2\" content=\"2 minutes\" \/>\n<script type=\"application\/ld+json\" class=\"yoast-schema-graph\">{\"@context\":\"https:\/\/schema.org\",\"@graph\":[{\"@type\":\"Article\",\"@id\":\"https:\/\/vpdanses.fr\/home\/bienvenue-chez-vp-danses-hazebrouck\/danse-sportive-trophee-des-sacres-2026\/#article\",\"isPartOf\":{\"@id\":\"https:\/\/vpdanses.fr\/home\/bienvenue-chez-vp-danses-hazebrouck\/danse-sportive-trophee-des-sacres-2026\/\"},\"author\":{\"name\":\"VP DANSES\",\"@id\":\"https:\/\/vpdanses.fr\/home\/bienvenue-chez-vp-danses-hazebrouck\/#\/schema\/person\/bf87806369778f949b83c9cd885519e5\"},\"headline\":\"DANSE SPORTIVE \u2013 COMPETITION NATIONALE\",\"datePublished\":\"2025-12-25T20:32:34+00:00\",\"dateModified\":\"2025-12-25T20:44:44+00:00\",\"mainEntityOfPage\":{\"@id\":\"https:\/\/vpdanses.fr\/home\/bienvenue-chez-vp-danses-hazebrouck\/danse-sportive-trophee-des-sacres-2026\/\"},\"wordCount\":299,\"publisher\":{\"@id\":\"https:\/\/vpdanses.fr\/home\/bienvenue-chez-vp-danses-hazebrouck\/#organization\"},\"image\":{\"@id\":\"https:\/\/vpdanses.fr\/home\/bienvenue-chez-vp-danses-hazebrouck\/danse-sportive-trophee-des-sacres-2026\/#primaryimage\"},\"thumbnailUrl\":\"https:\/\/vpdanses.fr\/wp-content\/uploads\/2025\/12\/2026-01-10.affiche-trophee-des-sacres-finale.png\",\"keywords\":[\"Aire-sur-la-Lys\",\"ASCENDANCE\",\"Comp\u00e9tition nationale\",\"danses latines\",\"danses standards\",\"d\u00e9butants\",\"Hauts-de-France\",\"MJEP Danse\",\"SAINT-JANS-CAPPEL\",\"Troph\u00e9e des Sacres 2026\",\"VP DANSES\"],\"articleSection\":[\"Autour d'Hazebrouck\",\"Comp\u00e9tition\",\"Cours de Danse\",\"DANSE SPORTIVE\",\"\u00c9v\u00e9nements VP DANSES\"],\"inLanguage\":\"fr-FR\"},{\"@type\":\"WebPage\",\"@id\":\"https:\/\/vpdanses.fr\/home\/bienvenue-chez-vp-danses-hazebrouck\/danse-sportive-trophee-des-sacres-2026\/\",\"url\":\"https:\/\/vpdanses.fr\/home\/bienvenue-chez-vp-danses-hazebrouck\/danse-sportive-trophee-des-sacres-2026\/\",\"name\":\"Danse Sportive \u2013 Troph\u00e9e des Sacres 2026 | VP DANSES\",\"isPartOf\":{\"@id\":\"https:\/\/vpdanses.fr\/home\/bienvenue-chez-vp-danses-hazebrouck\/#website\"},\"primaryImageOfPage\":{\"@id\":\"https:\/\/vpdanses.fr\/home\/bienvenue-chez-vp-danses-hazebrouck\/danse-sportive-trophee-des-sacres-2026\/#primaryimage\"},\"image\":{\"@id\":\"https:\/\/vpdanses.fr\/home\/bienvenue-chez-vp-danses-hazebrouck\/danse-sportive-trophee-des-sacres-2026\/#primaryimage\"},\"thumbnailUrl\":\"https:\/\/vpdanses.fr\/wp-content\/uploads\/2025\/12\/2026-01-10.affiche-trophee-des-sacres-finale.png\",\"datePublished\":\"2025-12-25T20:32:34+00:00\",\"dateModified\":\"2025-12-25T20:44:44+00:00\",\"description\":\"Le samedi 10 janvier 2026, VP DANSES participe au Troph\u00e9e des Sacres \u00e0 Reims. D\u00e9couvrez la Danse Sportive, les cours d\u00e9butants et nos animateurs en comp\u00e9tition.\",\"breadcrumb\":{\"@id\":\"https:\/\/vpdanses.fr\/home\/bienvenue-chez-vp-danses-hazebrouck\/danse-sportive-trophee-des-sacres-2026\/#breadcrumb\"},\"inLanguage\":\"fr-FR\",\"potentialAction\":[{\"@type\":\"ReadAction\",\"target\":[\"https:\/\/vpdanses.fr\/home\/bienvenue-chez-vp-danses-hazebrouck\/danse-sportive-trophee-des-sacres-2026\/\"]}]},{\"@type\":\"ImageObject\",\"inLanguage\":\"fr-FR\",\"@id\":\"https:\/\/vpdanses.fr\/home\/bienvenue-chez-vp-danses-hazebrouck\/danse-sportive-trophee-des-sacres-2026\/#primaryimage\",\"url\":\"https:\/\/vpdanses.fr\/wp-content\/uploads\/2025\/12\/2026-01-10.affiche-trophee-des-sacres-finale.png\",\"contentUrl\":\"https:\/\/vpdanses.fr\/wp-content\/uploads\/2025\/12\/2026-01-10.affiche-trophee-des-sacres-finale.png\",\"width\":1000,\"height\":1467,\"caption\":\"Troph\u00e9e des Sacres 2026 \u2013 Toutes les informations de la comp\u00e9tition nationale de Danse Sportive \u00e0 Reims.\"},{\"@type\":\"BreadcrumbList\",\"@id\":\"https:\/\/vpdanses.fr\/home\/bienvenue-chez-vp-danses-hazebrouck\/danse-sportive-trophee-des-sacres-2026\/#breadcrumb\",\"itemListElement\":[{\"@type\":\"ListItem\",\"position\":1,\"name\":\"Accueil\",\"item\":\"https:\/\/vpdanses.fr\/home\/bienvenue-chez-vp-danses-hazebrouck\/\"},{\"@type\":\"ListItem\",\"position\":2,\"name\":\"DANSE SPORTIVE \u2013 COMPETITION NATIONALE\"}]},{\"@type\":\"WebSite\",\"@id\":\"https:\/\/vpdanses.fr\/home\/bienvenue-chez-vp-danses-hazebrouck\/#website\",\"url\":\"https:\/\/vpdanses.fr\/home\/bienvenue-chez-vp-danses-hazebrouck\/\",\"name\":\"VP DANSES, cours de Danse Sportive \u00e0 Aire-sur-la-Lys et \u00e0 Saint-Jans-Cappel (Hauts-de-France)\",\"description\":\"Cours de Danse Sportive STANDARD (valse anglaise, tango, valse viennoise, slowfox, quickstep), danses sportives LATINES (samba, chacha, rumba, paso doble, jive), danses de bal, danses de salons, danses de loisirs, salsa, rock 4 temps, rock 6 temps, danses en ligne, disco, \u2026 Lieu : Hazebrouck, Aire-sur-la-Lys, Saint-Jans-Cappel et Isbergues (Hauts-de-France) - Cours Particuliers dans les Hauts-de-France - Ouverture de bal de Mariage\",\"publisher\":{\"@id\":\"https:\/\/vpdanses.fr\/home\/bienvenue-chez-vp-danses-hazebrouck\/#organization\"},\"potentialAction\":[{\"@type\":\"SearchAction\",\"target\":{\"@type\":\"EntryPoint\",\"urlTemplate\":\"https:\/\/vpdanses.fr\/home\/bienvenue-chez-vp-danses-hazebrouck\/?s={search_term_string}\"},\"query-input\":{\"@type\":\"PropertyValueSpecification\",\"valueRequired\":true,\"valueName\":\"search_term_string\"}}],\"inLanguage\":\"fr-FR\"},{\"@type\":\"Organization\",\"@id\":\"https:\/\/vpdanses.fr\/home\/bienvenue-chez-vp-danses-hazebrouck\/#organization\",\"name\":\"VP DANSES, cours de Danse Sportive \u00e0 Aire-sur-la-Lys et \u00e0 Saint-Jans-Cappel (Hauts-de-France)\",\"url\":\"https:\/\/vpdanses.fr\/home\/bienvenue-chez-vp-danses-hazebrouck\/\",\"logo\":{\"@type\":\"ImageObject\",\"inLanguage\":\"fr-FR\",\"@id\":\"https:\/\/vpdanses.fr\/home\/bienvenue-chez-vp-danses-hazebrouck\/#\/schema\/logo\/image\/\",\"url\":\"https:\/\/vpdanses.fr\/wp-content\/uploads\/2024\/10\/logo_cadanse_asaintjans.jpeg\",\"contentUrl\":\"https:\/\/vpdanses.fr\/wp-content\/uploads\/2024\/10\/logo_cadanse_asaintjans.jpeg\",\"width\":225,\"height\":225,\"caption\":\"VP DANSES, cours de Danse Sportive \u00e0 Aire-sur-la-Lys et \u00e0 Saint-Jans-Cappel (Hauts-de-France)\"},\"image\":{\"@id\":\"https:\/\/vpdanses.fr\/home\/bienvenue-chez-vp-danses-hazebrouck\/#\/schema\/logo\/image\/\"}},{\"@type\":\"Person\",\"@id\":\"https:\/\/vpdanses.fr\/home\/bienvenue-chez-vp-danses-hazebrouck\/#\/schema\/person\/bf87806369778f949b83c9cd885519e5\",\"name\":\"VP DANSES\",\"description\":\"\\\"VP danses\\\" est une association qui donne des cours de DANSES SPORTIVES STANDARDS (valse anglaise, tango, valse viennoise, slowfox, quickstep), de DANSES SPORTIVES LATINES (samba, chacha, rumba, paso doble, jive), de DANSES DE BAL, de DANSES DE SALONS, de DANSES DE LOISIRS, de SALSA, de ROCK 4 TEMPS, de ROCK 6 TEMPS, de DANSES EN LIGNE, de DISCO, \u2026\",\"sameAs\":[\"https:\/\/vpdanses.fr\"],\"url\":\"https:\/\/vpdanses.fr\/home\/bienvenue-chez-vp-danses-hazebrouck\/author\/adminvp20241018\/\"}]}<\/script>\n<!-- \/ Yoast SEO Premium plugin. -->","yoast_head_json":{"title":"Danse Sportive \u2013 Troph\u00e9e des Sacres 2026 | VP DANSES","description":"Le samedi 10 janvier 2026, VP DANSES participe au Troph\u00e9e des Sacres \u00e0 Reims. D\u00e9couvrez la Danse Sportive, les cours d\u00e9butants et nos animateurs en comp\u00e9tition.","robots":{"index":"index","follow":"follow","max-snippet":"max-snippet:-1","max-image-preview":"max-image-preview:large","max-video-preview":"max-video-preview:-1"},"canonical":"https:\/\/vpdanses.fr\/home\/bienvenue-chez-vp-danses-hazebrouck\/danse-sportive-trophee-des-sacres-2026\/","og_locale":"fr_FR","og_type":"article","og_title":"VP DANSES au Troph\u00e9e des Sacres 2026 \u2013 Danse Sportive \u00e0 Reims","og_description":"Virginie et Philippe, animateurs de VP DANSES, participent au Troph\u00e9e des Sacres 2026 \u00e0 Reims. D\u00e9couvrez nos cours de Danse Sportive pour d\u00e9butants dans les Hauts-de-France.","og_url":"https:\/\/vpdanses.fr\/home\/bienvenue-chez-vp-danses-hazebrouck\/danse-sportive-trophee-des-sacres-2026\/","og_site_name":"VP DANSES, cours de Danse Sportive \u00e0 Aire-sur-la-Lys et \u00e0 Saint-Jans-Cappel (Hauts-de-France)","article_published_time":"2025-12-25T20:32:34+00:00","article_modified_time":"2025-12-25T20:44:44+00:00","og_image":[{"width":1000,"height":1467,"url":"https:\/\/vpdanses.fr\/wp-content\/uploads\/2025\/12\/2026-01-10.affiche-trophee-des-sacres-finale.png","type":"image\/png"}],"author":"VP DANSES","twitter_card":"summary_large_image","twitter_title":"DANSE SPORTIVE \u2013 COMPETITION NATIONALE","twitter_misc":{"\u00c9crit par":"VP DANSES","Dur\u00e9e de lecture estim\u00e9e":"2 minutes"},"schema":{"@context":"https:\/\/schema.org","@graph":[{"@type":"Article","@id":"https:\/\/vpdanses.fr\/home\/bienvenue-chez-vp-danses-hazebrouck\/danse-sportive-trophee-des-sacres-2026\/#article","isPartOf":{"@id":"https:\/\/vpdanses.fr\/home\/bienvenue-chez-vp-danses-hazebrouck\/danse-sportive-trophee-des-sacres-2026\/"},"author":{"name":"VP DANSES","@id":"https:\/\/vpdanses.fr\/home\/bienvenue-chez-vp-danses-hazebrouck\/#\/schema\/person\/bf87806369778f949b83c9cd885519e5"},"headline":"DANSE SPORTIVE \u2013 COMPETITION NATIONALE","datePublished":"2025-12-25T20:32:34+00:00","dateModified":"2025-12-25T20:44:44+00:00","mainEntityOfPage":{"@id":"https:\/\/vpdanses.fr\/home\/bienvenue-chez-vp-danses-hazebrouck\/danse-sportive-trophee-des-sacres-2026\/"},"wordCount":299,"publisher":{"@id":"https:\/\/vpdanses.fr\/home\/bienvenue-chez-vp-danses-hazebrouck\/#organization"},"image":{"@id":"https:\/\/vpdanses.fr\/home\/bienvenue-chez-vp-danses-hazebrouck\/danse-sportive-trophee-des-sacres-2026\/#primaryimage"},"thumbnailUrl":"https:\/\/vpdanses.fr\/wp-content\/uploads\/2025\/12\/2026-01-10.affiche-trophee-des-sacres-finale.png","keywords":["Aire-sur-la-Lys","ASCENDANCE","Comp\u00e9tition nationale","danses latines","danses standards","d\u00e9butants","Hauts-de-France","MJEP Danse","SAINT-JANS-CAPPEL","Troph\u00e9e des Sacres 2026","VP DANSES"],"articleSection":["Autour d'Hazebrouck","Comp\u00e9tition","Cours de Danse","DANSE SPORTIVE","\u00c9v\u00e9nements VP DANSES"],"inLanguage":"fr-FR"},{"@type":"WebPage","@id":"https:\/\/vpdanses.fr\/home\/bienvenue-chez-vp-danses-hazebrouck\/danse-sportive-trophee-des-sacres-2026\/","url":"https:\/\/vpdanses.fr\/home\/bienvenue-chez-vp-danses-hazebrouck\/danse-sportive-trophee-des-sacres-2026\/","name":"Danse Sportive \u2013 Troph\u00e9e des Sacres 2026 | VP DANSES","isPartOf":{"@id":"https:\/\/vpdanses.fr\/home\/bienvenue-chez-vp-danses-hazebrouck\/#website"},"primaryImageOfPage":{"@id":"https:\/\/vpdanses.fr\/home\/bienvenue-chez-vp-danses-hazebrouck\/danse-sportive-trophee-des-sacres-2026\/#primaryimage"},"image":{"@id":"https:\/\/vpdanses.fr\/home\/bienvenue-chez-vp-danses-hazebrouck\/danse-sportive-trophee-des-sacres-2026\/#primaryimage"},"thumbnailUrl":"https:\/\/vpdanses.fr\/wp-content\/uploads\/2025\/12\/2026-01-10.affiche-trophee-des-sacres-finale.png","datePublished":"2025-12-25T20:32:34+00:00","dateModified":"2025-12-25T20:44:44+00:00","description":"Le samedi 10 janvier 2026, VP DANSES participe au Troph\u00e9e des Sacres \u00e0 Reims. D\u00e9couvrez la Danse Sportive, les cours d\u00e9butants et nos animateurs en comp\u00e9tition.","breadcrumb":{"@id":"https:\/\/vpdanses.fr\/home\/bienvenue-chez-vp-danses-hazebrouck\/danse-sportive-trophee-des-sacres-2026\/#breadcrumb"},"inLanguage":"fr-FR","potentialAction":[{"@type":"ReadAction","target":["https:\/\/vpdanses.fr\/home\/bienvenue-chez-vp-danses-hazebrouck\/danse-sportive-trophee-des-sacres-2026\/"]}]},{"@type":"ImageObject","inLanguage":"fr-FR","@id":"https:\/\/vpdanses.fr\/home\/bienvenue-chez-vp-danses-hazebrouck\/danse-sportive-trophee-des-sacres-2026\/#primaryimage","url":"https:\/\/vpdanses.fr\/wp-content\/uploads\/2025\/12\/2026-01-10.affiche-trophee-des-sacres-finale.png","contentUrl":"https:\/\/vpdanses.fr\/wp-content\/uploads\/2025\/12\/2026-01-10.affiche-trophee-des-sacres-finale.png","width":1000,"height":1467,"caption":"Troph\u00e9e des Sacres 2026 \u2013 Toutes les informations de la comp\u00e9tition nationale de Danse Sportive \u00e0 Reims."},{"@type":"BreadcrumbList","@id":"https:\/\/vpdanses.fr\/home\/bienvenue-chez-vp-danses-hazebrouck\/danse-sportive-trophee-des-sacres-2026\/#breadcrumb","itemListElement":[{"@type":"ListItem","position":1,"name":"Accueil","item":"https:\/\/vpdanses.fr\/home\/bienvenue-chez-vp-danses-hazebrouck\/"},{"@type":"ListItem","position":2,"name":"DANSE SPORTIVE \u2013 COMPETITION NATIONALE"}]},{"@type":"WebSite","@id":"https:\/\/vpdanses.fr\/home\/bienvenue-chez-vp-danses-hazebrouck\/#website","url":"https:\/\/vpdanses.fr\/home\/bienvenue-chez-vp-danses-hazebrouck\/","name":"VP DANSES, cours de Danse Sportive \u00e0 Aire-sur-la-Lys et \u00e0 Saint-Jans-Cappel (Hauts-de-France)","description":"Cours de Danse Sportive STANDARD (valse anglaise, tango, valse viennoise, slowfox, quickstep), danses sportives LATINES (samba, chacha, rumba, paso doble, jive), danses de bal, danses de salons, danses de loisirs, salsa, rock 4 temps, rock 6 temps, danses en ligne, disco, \u2026 Lieu : Hazebrouck, Aire-sur-la-Lys, Saint-Jans-Cappel et Isbergues (Hauts-de-France) - Cours Particuliers dans les Hauts-de-France - Ouverture de bal de Mariage","publisher":{"@id":"https:\/\/vpdanses.fr\/home\/bienvenue-chez-vp-danses-hazebrouck\/#organization"},"potentialAction":[{"@type":"SearchAction","target":{"@type":"EntryPoint","urlTemplate":"https:\/\/vpdanses.fr\/home\/bienvenue-chez-vp-danses-hazebrouck\/?s={search_term_string}"},"query-input":{"@type":"PropertyValueSpecification","valueRequired":true,"valueName":"search_term_string"}}],"inLanguage":"fr-FR"},{"@type":"Organization","@id":"https:\/\/vpdanses.fr\/home\/bienvenue-chez-vp-danses-hazebrouck\/#organization","name":"VP DANSES, cours de Danse Sportive \u00e0 Aire-sur-la-Lys et \u00e0 Saint-Jans-Cappel (Hauts-de-France)","url":"https:\/\/vpdanses.fr\/home\/bienvenue-chez-vp-danses-hazebrouck\/","logo":{"@type":"ImageObject","inLanguage":"fr-FR","@id":"https:\/\/vpdanses.fr\/home\/bienvenue-chez-vp-danses-hazebrouck\/#\/schema\/logo\/image\/","url":"https:\/\/vpdanses.fr\/wp-content\/uploads\/2024\/10\/logo_cadanse_asaintjans.jpeg","contentUrl":"https:\/\/vpdanses.fr\/wp-content\/uploads\/2024\/10\/logo_cadanse_asaintjans.jpeg","width":225,"height":225,"caption":"VP DANSES, cours de Danse Sportive \u00e0 Aire-sur-la-Lys et \u00e0 Saint-Jans-Cappel (Hauts-de-France)"},"image":{"@id":"https:\/\/vpdanses.fr\/home\/bienvenue-chez-vp-danses-hazebrouck\/#\/schema\/logo\/image\/"}},{"@type":"Person","@id":"https:\/\/vpdanses.fr\/home\/bienvenue-chez-vp-danses-hazebrouck\/#\/schema\/person\/bf87806369778f949b83c9cd885519e5","name":"VP DANSES","description":"\"VP danses\" est une association qui donne des cours de DANSES SPORTIVES STANDARDS (valse anglaise, tango, valse viennoise, slowfox, quickstep), de DANSES SPORTIVES LATINES (samba, chacha, rumba, paso doble, jive), de DANSES DE BAL, de DANSES DE SALONS, de DANSES DE LOISIRS, de SALSA, de ROCK 4 TEMPS, de ROCK 6 TEMPS, de DANSES EN LIGNE, de DISCO, \u2026","sameAs":["https:\/\/vpdanses.fr"],"url":"https:\/\/vpdanses.fr\/home\/bienvenue-chez-vp-danses-hazebrouck\/author\/adminvp20241018\/"}]}},"jetpack_featured_media_url":"https:\/\/vpdanses.fr\/wp-content\/uploads\/2025\/12\/2026-01-10.affiche-trophee-des-sacres-finale.png","uagb_featured_image_src":{"full":["https:\/\/vpdanses.fr\/wp-content\/uploads\/2025\/12\/2026-01-10.affiche-trophee-des-sacres-finale.png",1000,1467,false],"thumbnail":["https:\/\/vpdanses.fr\/wp-content\/uploads\/2025\/12\/2026-01-10.affiche-trophee-des-sacres-finale-150x150.png",150,150,true],"medium":["https:\/\/vpdanses.fr\/wp-content\/uploads\/2025\/12\/2026-01-10.affiche-trophee-des-sacres-finale-204x300.png",204,300,true],"medium_large":["https:\/\/vpdanses.fr\/wp-content\/uploads\/2025\/12\/2026-01-10.affiche-trophee-des-sacres-finale-768x1127.png",768,1127,true],"large":["https:\/\/vpdanses.fr\/wp-content\/uploads\/2025\/12\/2026-01-10.affiche-trophee-des-sacres-finale-698x1024.png",698,1024,true],"1536x1536":["https:\/\/vpdanses.fr\/wp-content\/uploads\/2025\/12\/2026-01-10.affiche-trophee-des-sacres-finale.png",1000,1467,false],"2048x2048":["https:\/\/vpdanses.fr\/wp-content\/uploads\/2025\/12\/2026-01-10.affiche-trophee-des-sacres-finale.png",1000,1467,false],"vp_sm":["https:\/\/vpdanses.fr\/wp-content\/uploads\/2025\/12\/2026-01-10.affiche-trophee-des-sacres-finale-500x734.png",500,734,true],"vp_md":["https:\/\/vpdanses.fr\/wp-content\/uploads\/2025\/12\/2026-01-10.affiche-trophee-des-sacres-finale-800x1174.png",800,1174,true],"vp_lg":["https:\/\/vpdanses.fr\/wp-content\/uploads\/2025\/12\/2026-01-10.affiche-trophee-des-sacres-finale.png",1000,1467,false],"vp_xl":["https:\/\/vpdanses.fr\/wp-content\/uploads\/2025\/12\/2026-01-10.affiche-trophee-des-sacres-finale.png",1000,1467,false],"vp_sm_popup":["https:\/\/vpdanses.fr\/wp-content\/uploads\/2025\/12\/2026-01-10.affiche-trophee-des-sacres-finale-500x734.png",500,734,true],"vp_md_popup":["https:\/\/vpdanses.fr\/wp-content\/uploads\/2025\/12\/2026-01-10.affiche-trophee-des-sacres-finale-800x1174.png",800,1174,true],"vp_xl_popup":["https:\/\/vpdanses.fr\/wp-content\/uploads\/2025\/12\/2026-01-10.affiche-trophee-des-sacres-finale.png",1000,1467,false],"dance-blog-thumb":["https:\/\/vpdanses.fr\/wp-content\/uploads\/2025\/12\/2026-01-10.affiche-trophee-des-sacres-finale-150x120.png",150,120,true],"dance-event-list":["https:\/\/vpdanses.fr\/wp-content\/uploads\/2025\/12\/2026-01-10.affiche-trophee-des-sacres-finale-420x336.png",420,336,true],"dance-event-single-type1":["https:\/\/vpdanses.fr\/wp-content\/uploads\/2025\/12\/2026-01-10.affiche-trophee-des-sacres-finale-773x520.png",773,520,true],"dance-event-single-type4":["https:\/\/vpdanses.fr\/wp-content\/uploads\/2025\/12\/2026-01-10.affiche-trophee-des-sacres-finale-570x460.png",570,460,true],"dance-event-single-type5":["https:\/\/vpdanses.fr\/wp-content\/uploads\/2025\/12\/2026-01-10.affiche-trophee-des-sacres-finale-746x770.png",746,770,true],"dance-event-list2":["https:\/\/vpdanses.fr\/wp-content\/uploads\/2025\/12\/2026-01-10.affiche-trophee-des-sacres-finale-420x275.png",420,275,true]},"uagb_author_info":{"display_name":"VP DANSES","author_link":"https:\/\/vpdanses.fr\/home\/bienvenue-chez-vp-danses-hazebrouck\/author\/adminvp20241018\/"},"uagb_comment_info":0,"uagb_excerpt":"Le 10 janvier 2026, VP DANSES participe au Troph\u00e9e des Sacres \u00e0 Reims. Nos animateurs Virginie et Philippe concourront en Danses Latines, et nos cours d\u00e9butants sont ouverts \u00e0 tous dans les Hauts-de-France.","jetpack_sharing_enabled":true,"_links":{"self":[{"href":"https:\/\/vpdanses.fr\/home\/bienvenue-chez-vp-danses-hazebrouck\/wp-json\/wp\/v2\/posts\/14822","targetHints":{"allow":["GET"]}}],"collection":[{"href":"https:\/\/vpdanses.fr\/home\/bienvenue-chez-vp-danses-hazebrouck\/wp-json\/wp\/v2\/posts"}],"about":[{"href":"https:\/\/vpdanses.fr\/home\/bienvenue-chez-vp-danses-hazebrouck\/wp-json\/wp\/v2\/types\/post"}],"author":[{"embeddable":true,"href":"https:\/\/vpdanses.fr\/home\/bienvenue-chez-vp-danses-hazebrouck\/wp-json\/wp\/v2\/users\/1"}],"replies":[{"embeddable":true,"href":"https:\/\/vpdanses.fr\/home\/bienvenue-chez-vp-danses-hazebrouck\/wp-json\/wp\/v2\/comments?post=14822"}],"version-history":[{"count":5,"href":"https:\/\/vpdanses.fr\/home\/bienvenue-chez-vp-danses-hazebrouck\/wp-json\/wp\/v2\/posts\/14822\/revisions"}],"predecessor-version":[{"id":14833,"href":"https:\/\/vpdanses.fr\/home\/bienvenue-chez-vp-danses-hazebrouck\/wp-json\/wp\/v2\/posts\/14822\/revisions\/14833"}],"wp:featuredmedia":[{"embeddable":true,"href":"https:\/\/vpdanses.fr\/home\/bienvenue-chez-vp-danses-hazebrouck\/wp-json\/wp\/v2\/media\/14826"}],"wp:attachment":[{"href":"https:\/\/vpdanses.fr\/home\/bienvenue-chez-vp-danses-hazebrouck\/wp-json\/wp\/v2\/media?parent=14822"}],"wp:term":[{"taxonomy":"category","embeddable":true,"href":"https:\/\/vpdanses.fr\/home\/bienvenue-chez-vp-danses-hazebrouck\/wp-json\/wp\/v2\/categories?post=14822"},{"taxonomy":"post_tag","embeddable":true,"href":"https:\/\/vpdanses.fr\/home\/bienvenue-chez-vp-danses-hazebrouck\/wp-json\/wp\/v2\/tags?post=14822"}],"curies":[{"name":"wp","href":"https:\/\/api.w.org\/{rel}","templated":true}]}}