{"id":14835,"date":"2026-01-06T06:57:48","date_gmt":"2026-01-06T05:57:48","guid":{"rendered":"https:\/\/vpdanses.fr\/home\/bienvenue-chez-vp-danses-hazebrouck\/?p=14835"},"modified":"2026-01-06T07:04:06","modified_gmt":"2026-01-06T06:04:06","slug":"vp-danses-hauts-de-france-adhesion-ffd-2026","status":"publish","type":"post","link":"https:\/\/vpdanses.fr\/home\/bienvenue-chez-vp-danses-hazebrouck\/vp-danses-hauts-de-france-adhesion-ffd-2026\/","title":{"rendered":"VP DANSES Hauts-de-France : adhesion officielle a la FFD et reprise des cours 2026"},"content":{"rendered":"\n<h2 class=\"wp-block-heading\" id=\"h-voeux-2026-de-vp-danses-hauts-de-france\">Voeux 2026 de VP DANSES Hauts-de-France<\/h2>\n\n\n\n<p>A l&rsquo;aube de cette nouvelle annee, <strong><a href=\"https:\/\/www.facebook.com\/vpdanses\/\">VP DANSES Hauts-de-France<\/a><\/strong> adresse a tous ses adherents, pratiquants, familles et partenaires ses meilleurs voeux pour 2026, pleine de sante, de plaisir de danser et de projets choregraphiques et sportifs.<\/p>\n\n\n\n<hr class=\"wp-block-separator has-alpha-channel-opacity\"\/>\n\n\n\n<h2 class=\"wp-block-heading\" id=\"h-reconnaissance-federale-pour-la-saison-2025-2026\">Reconnaissance federale pour la saison 2025\/2026<\/h2>\n\n\n\n<p>Le 6 janvier 2026, l&rsquo;association de <strong>Danse Sportive pour debutants<\/strong> VP DANSES Hauts-de-France a officiellement recu son attestation d&rsquo;adhesion a la <a href=\"https:\/\/www.ffdanse.fr\/?utm_source=chatgpt.com\" target=\"_blank\" rel=\"noreferrer noopener\"><strong>Federation Francaise de Danse<\/strong> (FFD)<\/a> pour sa premiere saison 2025\/2026 (N\u00b0 d&rsquo;adhesion : FFDanse-6323).<br>Cette reconnaissance federale marque une etape majeure depuis la creation de l&rsquo;association en juin 2024 et confirme son engagement pour le developpement de la Danse Sportive dans les Hauts-de-France.<\/p>\n\n\n\n<hr class=\"wp-block-separator has-alpha-channel-opacity\"\/>\n\n\n\n<h2 class=\"wp-block-heading\" id=\"h-decouverte-de-la-danse-sportive-pour-debutants\">Decouverte de la Danse Sportive pour debutants<\/h2>\n\n\n\n<p>VP DANSES propose une initiation structuree a la Danse Sportive niveau Debutants, avec :<\/p>\n\n\n\n<ul class=\"wp-block-list\">\n<li>Danses Latines : Samba, Cha-Cha, Rumba, Paso Doble, Jive<\/li>\n\n\n\n<li>Danses Standards : Valse Lente, Tango, Valse Viennoise, Slow Fox, Quick Step<\/li>\n<\/ul>\n\n\n\n<p>L&rsquo;association a pour objectif de contribuer activement a l&rsquo;essor du nombre de competiteurs regionaux tout en offrant un cadre convivial et pedagogique.<\/p>\n\n\n\n<hr class=\"wp-block-separator has-alpha-channel-opacity\"\/>\n\n\n\n<h2 class=\"wp-block-heading\" id=\"h-nformations-pratiques-et-reprise-des-cours\">nformations pratiques et reprise des cours<\/h2>\n\n\n\n<p>Association domiciliee a Hazebrouck (59190)<\/p>\n\n\n\n<p>Cours hebdomadaires \u2013 Saison 2025\/2026 :<\/p>\n\n\n\n<ul class=\"wp-block-list\">\n<li>Aire-sur-la-Lys (62120) \u2013 vendredi<\/li>\n\n\n\n<li>Enfants : 18h30 &#8211; 19h30<\/li>\n\n\n\n<li>Adultes : 19h45 &#8211; 20h45<\/li>\n\n\n\n<li>Saint-Jans-Cappel (59270) \u2013 mercredi<\/li>\n\n\n\n<li>Adultes : 19h30 &#8211; 20h30<\/li>\n<\/ul>\n\n\n\n<p>Reprise des cours apres les fetes : semaine du 05 janvier 2026<\/p>\n\n\n\n<ul class=\"wp-block-list\">\n<li>Adultes : Tango et Jive<\/li>\n\n\n\n<li>Enfants : Rumba et Jive<\/li>\n<\/ul>\n\n\n\n<hr class=\"wp-block-separator has-alpha-channel-opacity\"\/>\n","protected":false},"excerpt":{"rendered":"<p>VP DANSES Hauts-de-France recoit son adhesion officielle FFD 2026 et annonce la reprise des cours de danse pour enfants et adultes.<\/p>\n","protected":false},"author":1,"featured_media":14840,"comment_status":"closed","ping_status":"closed","sticky":false,"template":"","format":"standard","meta":{"_uag_custom_page_level_css":"","_price":"","_stock":"","_tribe_ticket_header":"","_tribe_default_ticket_provider":"","_tribe_ticket_capacity":"0","_ticket_start_date":"","_ticket_end_date":"","_tribe_ticket_show_description":"","_tribe_ticket_show_not_going":false,"_tribe_ticket_use_global_stock":"","_tribe_ticket_global_stock_level":"","_global_stock_mode":"","_global_stock_cap":"","_tribe_rsvp_for_event":"","_tribe_ticket_going_count":"","_tribe_ticket_not_going_count":"","_tribe_tickets_list":"[]","_tribe_ticket_has_attendee_info_fields":false,"_EventAllDay":false,"_EventTimezone":"","_EventStartDate":"","_EventEndDate":"","_EventStartDateUTC":"","_EventEndDateUTC":"","_EventShowMap":false,"_EventShowMapLink":false,"_EventURL":"","_EventCost":"","_EventCostDescription":"","_EventCurrencySymbol":"","_EventCurrencyCode":"","_EventCurrencyPosition":"","_EventDateTimeSeparator":"","_EventTimeRangeSeparator":"","_EventOrganizerID":[],"_EventVenueID":[],"_OrganizerEmail":"","_OrganizerPhone":"","_OrganizerWebsite":"","_VenueAddress":"","_VenueCity":"","_VenueCountry":"","_VenueProvince":"","_VenueState":"","_VenueZip":"","_VenuePhone":"","_VenueURL":"","_VenueStateProvince":"","_VenueLat":"","_VenueLng":"","_VenueShowMap":false,"_VenueShowMapLink":false,"_vp_format_video_url":"","_vp_image_focal_point":[],"_jetpack_memberships_contains_paid_content":false,"footnotes":""},"categories":[86],"tags":[],"class_list":["post-14835","post","type-post","status-publish","format-standard","has-post-thumbnail","hentry","category-autour-dhazebrouck"],"yoast_head":"<!-- This site is optimized with the Yoast SEO Premium plugin v25.6 (Yoast SEO v25.6) - https:\/\/yoast.com\/wordpress\/plugins\/seo\/ -->\n<title>VP DANSES Hauts-de-France : adhesion FFD 2026 et reprise des cours pour debutants<\/title>\n<meta name=\"description\" content=\"VP DANSES Hauts-de-France, officiellement affiliee a la FFD, vous invite a decouvrir la Danse Sportive pour debutants et la reprise des cours 2026.\" \/>\n<meta name=\"robots\" content=\"index, follow, max-snippet:-1, max-image-preview:large, max-video-preview:-1\" \/>\n<link rel=\"canonical\" href=\"https:\/\/vpdanses.fr\/home\/bienvenue-chez-vp-danses-hazebrouck\/vp-danses-hauts-de-france-adhesion-ffd-2026\/\" \/>\n<meta property=\"og:locale\" content=\"fr_FR\" \/>\n<meta property=\"og:type\" content=\"article\" \/>\n<meta property=\"og:title\" content=\"VP DANSES Hauts-de-France : adhesion FFD 2026 et reprise des cours pour debutants\" \/>\n<meta property=\"og:description\" content=\"VP DANSES Hauts-de-France recoit son adhesion officielle a la FFD pour 2026. Rejoignez nos cours de Danse Sportive pour enfants et adultes.\" \/>\n<meta property=\"og:url\" content=\"https:\/\/vpdanses.fr\/home\/bienvenue-chez-vp-danses-hazebrouck\/vp-danses-hauts-de-france-adhesion-ffd-2026\/\" \/>\n<meta property=\"og:site_name\" content=\"VP DANSES, cours de Danse Sportive \u00e0 Aire-sur-la-Lys et \u00e0 Saint-Jans-Cappel (Hauts-de-France)\" \/>\n<meta property=\"article:published_time\" content=\"2026-01-06T05:57:48+00:00\" \/>\n<meta property=\"article:modified_time\" content=\"2026-01-06T06:04:06+00:00\" \/>\n<meta property=\"og:image\" content=\"https:\/\/vpdanses.fr\/wp-content\/uploads\/2026\/01\/FFDanse-Attestation-affiliation-2026-scaled.jpg\" \/>\n\t<meta property=\"og:image:width\" content=\"2363\" \/>\n\t<meta property=\"og:image:height\" content=\"2560\" \/>\n\t<meta property=\"og:image:type\" content=\"image\/jpeg\" \/>\n<meta name=\"author\" content=\"VP DANSES\" \/>\n<meta name=\"twitter:card\" content=\"summary_large_image\" \/>\n<meta name=\"twitter:title\" content=\"VP DANSES Hauts-de-France : adhesion officielle a la FFD et reprise des cours 2026\" \/>\n<meta name=\"twitter:label1\" content=\"\u00c9crit par\" \/>\n\t<meta name=\"twitter:data1\" content=\"VP DANSES\" \/>\n\t<meta name=\"twitter:label2\" content=\"Dur\u00e9e de lecture estim\u00e9e\" \/>\n\t<meta name=\"twitter:data2\" content=\"2 minutes\" \/>\n<script type=\"application\/ld+json\" class=\"yoast-schema-graph\">{\"@context\":\"https:\/\/schema.org\",\"@graph\":[{\"@type\":\"Article\",\"@id\":\"https:\/\/vpdanses.fr\/home\/bienvenue-chez-vp-danses-hazebrouck\/vp-danses-hauts-de-france-adhesion-ffd-2026\/#article\",\"isPartOf\":{\"@id\":\"https:\/\/vpdanses.fr\/home\/bienvenue-chez-vp-danses-hazebrouck\/vp-danses-hauts-de-france-adhesion-ffd-2026\/\"},\"author\":{\"name\":\"VP DANSES\",\"@id\":\"https:\/\/vpdanses.fr\/home\/bienvenue-chez-vp-danses-hazebrouck\/#\/schema\/person\/bf87806369778f949b83c9cd885519e5\"},\"headline\":\"VP DANSES Hauts-de-France : adhesion officielle a la FFD et reprise des cours 2026\",\"datePublished\":\"2026-01-06T05:57:48+00:00\",\"dateModified\":\"2026-01-06T06:04:06+00:00\",\"mainEntityOfPage\":{\"@id\":\"https:\/\/vpdanses.fr\/home\/bienvenue-chez-vp-danses-hazebrouck\/vp-danses-hauts-de-france-adhesion-ffd-2026\/\"},\"wordCount\":223,\"publisher\":{\"@id\":\"https:\/\/vpdanses.fr\/home\/bienvenue-chez-vp-danses-hazebrouck\/#organization\"},\"image\":{\"@id\":\"https:\/\/vpdanses.fr\/home\/bienvenue-chez-vp-danses-hazebrouck\/vp-danses-hauts-de-france-adhesion-ffd-2026\/#primaryimage\"},\"thumbnailUrl\":\"https:\/\/vpdanses.fr\/wp-content\/uploads\/2026\/01\/FFDanse-Attestation-affiliation-2026-scaled.jpg\",\"articleSection\":[\"Autour d'Hazebrouck\"],\"inLanguage\":\"fr-FR\"},{\"@type\":\"WebPage\",\"@id\":\"https:\/\/vpdanses.fr\/home\/bienvenue-chez-vp-danses-hazebrouck\/vp-danses-hauts-de-france-adhesion-ffd-2026\/\",\"url\":\"https:\/\/vpdanses.fr\/home\/bienvenue-chez-vp-danses-hazebrouck\/vp-danses-hauts-de-france-adhesion-ffd-2026\/\",\"name\":\"VP DANSES Hauts-de-France : adhesion FFD 2026 et reprise des cours pour debutants\",\"isPartOf\":{\"@id\":\"https:\/\/vpdanses.fr\/home\/bienvenue-chez-vp-danses-hazebrouck\/#website\"},\"primaryImageOfPage\":{\"@id\":\"https:\/\/vpdanses.fr\/home\/bienvenue-chez-vp-danses-hazebrouck\/vp-danses-hauts-de-france-adhesion-ffd-2026\/#primaryimage\"},\"image\":{\"@id\":\"https:\/\/vpdanses.fr\/home\/bienvenue-chez-vp-danses-hazebrouck\/vp-danses-hauts-de-france-adhesion-ffd-2026\/#primaryimage\"},\"thumbnailUrl\":\"https:\/\/vpdanses.fr\/wp-content\/uploads\/2026\/01\/FFDanse-Attestation-affiliation-2026-scaled.jpg\",\"datePublished\":\"2026-01-06T05:57:48+00:00\",\"dateModified\":\"2026-01-06T06:04:06+00:00\",\"description\":\"VP DANSES Hauts-de-France, officiellement affiliee a la FFD, vous invite a decouvrir la Danse Sportive pour debutants et la reprise des cours 2026.\",\"breadcrumb\":{\"@id\":\"https:\/\/vpdanses.fr\/home\/bienvenue-chez-vp-danses-hazebrouck\/vp-danses-hauts-de-france-adhesion-ffd-2026\/#breadcrumb\"},\"inLanguage\":\"fr-FR\",\"potentialAction\":[{\"@type\":\"ReadAction\",\"target\":[\"https:\/\/vpdanses.fr\/home\/bienvenue-chez-vp-danses-hazebrouck\/vp-danses-hauts-de-france-adhesion-ffd-2026\/\"]}]},{\"@type\":\"ImageObject\",\"inLanguage\":\"fr-FR\",\"@id\":\"https:\/\/vpdanses.fr\/home\/bienvenue-chez-vp-danses-hazebrouck\/vp-danses-hauts-de-france-adhesion-ffd-2026\/#primaryimage\",\"url\":\"https:\/\/vpdanses.fr\/wp-content\/uploads\/2026\/01\/FFDanse-Attestation-affiliation-2026-scaled.jpg\",\"contentUrl\":\"https:\/\/vpdanses.fr\/wp-content\/uploads\/2026\/01\/FFDanse-Attestation-affiliation-2026-scaled.jpg\",\"width\":2363,\"height\":2560,\"caption\":\"VP DANSES Hauts-de-France re\u00e7oit son attestation officielle d'adh\u00e9sion \u00e0 la F\u00e9d\u00e9ration Fran\u00e7aise de Danse pour la saison 2025\/2026.\"},{\"@type\":\"BreadcrumbList\",\"@id\":\"https:\/\/vpdanses.fr\/home\/bienvenue-chez-vp-danses-hazebrouck\/vp-danses-hauts-de-france-adhesion-ffd-2026\/#breadcrumb\",\"itemListElement\":[{\"@type\":\"ListItem\",\"position\":1,\"name\":\"Accueil\",\"item\":\"https:\/\/vpdanses.fr\/home\/bienvenue-chez-vp-danses-hazebrouck\/\"},{\"@type\":\"ListItem\",\"position\":2,\"name\":\"VP DANSES Hauts-de-France : adhesion officielle a la FFD et reprise des cours 2026\"}]},{\"@type\":\"WebSite\",\"@id\":\"https:\/\/vpdanses.fr\/home\/bienvenue-chez-vp-danses-hazebrouck\/#website\",\"url\":\"https:\/\/vpdanses.fr\/home\/bienvenue-chez-vp-danses-hazebrouck\/\",\"name\":\"VP DANSES, cours de Danse Sportive \u00e0 Aire-sur-la-Lys et \u00e0 Saint-Jans-Cappel (Hauts-de-France)\",\"description\":\"Cours de Danse Sportive STANDARD (valse anglaise, tango, valse viennoise, slowfox, quickstep), danses sportives LATINES (samba, chacha, rumba, paso doble, jive), danses de bal, danses de salons, danses de loisirs, salsa, rock 4 temps, rock 6 temps, danses en ligne, disco, \u2026 Lieu : Hazebrouck, Aire-sur-la-Lys, Saint-Jans-Cappel et Isbergues (Hauts-de-France) - Cours Particuliers dans les Hauts-de-France - Ouverture de bal de Mariage\",\"publisher\":{\"@id\":\"https:\/\/vpdanses.fr\/home\/bienvenue-chez-vp-danses-hazebrouck\/#organization\"},\"potentialAction\":[{\"@type\":\"SearchAction\",\"target\":{\"@type\":\"EntryPoint\",\"urlTemplate\":\"https:\/\/vpdanses.fr\/home\/bienvenue-chez-vp-danses-hazebrouck\/?s={search_term_string}\"},\"query-input\":{\"@type\":\"PropertyValueSpecification\",\"valueRequired\":true,\"valueName\":\"search_term_string\"}}],\"inLanguage\":\"fr-FR\"},{\"@type\":\"Organization\",\"@id\":\"https:\/\/vpdanses.fr\/home\/bienvenue-chez-vp-danses-hazebrouck\/#organization\",\"name\":\"VP DANSES, cours de Danse Sportive \u00e0 Aire-sur-la-Lys et \u00e0 Saint-Jans-Cappel (Hauts-de-France)\",\"url\":\"https:\/\/vpdanses.fr\/home\/bienvenue-chez-vp-danses-hazebrouck\/\",\"logo\":{\"@type\":\"ImageObject\",\"inLanguage\":\"fr-FR\",\"@id\":\"https:\/\/vpdanses.fr\/home\/bienvenue-chez-vp-danses-hazebrouck\/#\/schema\/logo\/image\/\",\"url\":\"https:\/\/vpdanses.fr\/wp-content\/uploads\/2024\/10\/logo_cadanse_asaintjans.jpeg\",\"contentUrl\":\"https:\/\/vpdanses.fr\/wp-content\/uploads\/2024\/10\/logo_cadanse_asaintjans.jpeg\",\"width\":225,\"height\":225,\"caption\":\"VP DANSES, cours de Danse Sportive \u00e0 Aire-sur-la-Lys et \u00e0 Saint-Jans-Cappel (Hauts-de-France)\"},\"image\":{\"@id\":\"https:\/\/vpdanses.fr\/home\/bienvenue-chez-vp-danses-hazebrouck\/#\/schema\/logo\/image\/\"}},{\"@type\":\"Person\",\"@id\":\"https:\/\/vpdanses.fr\/home\/bienvenue-chez-vp-danses-hazebrouck\/#\/schema\/person\/bf87806369778f949b83c9cd885519e5\",\"name\":\"VP DANSES\",\"description\":\"\\\"VP danses\\\" est une association qui donne des cours de DANSES SPORTIVES STANDARDS (valse anglaise, tango, valse viennoise, slowfox, quickstep), de DANSES SPORTIVES LATINES (samba, chacha, rumba, paso doble, jive), de DANSES DE BAL, de DANSES DE SALONS, de DANSES DE LOISIRS, de SALSA, de ROCK 4 TEMPS, de ROCK 6 TEMPS, de DANSES EN LIGNE, de DISCO, \u2026\",\"sameAs\":[\"https:\/\/vpdanses.fr\"],\"url\":\"https:\/\/vpdanses.fr\/home\/bienvenue-chez-vp-danses-hazebrouck\/author\/adminvp20241018\/\"}]}<\/script>\n<!-- \/ Yoast SEO Premium plugin. -->","yoast_head_json":{"title":"VP DANSES Hauts-de-France : adhesion FFD 2026 et reprise des cours pour debutants","description":"VP DANSES Hauts-de-France, officiellement affiliee a la FFD, vous invite a decouvrir la Danse Sportive pour debutants et la reprise des cours 2026.","robots":{"index":"index","follow":"follow","max-snippet":"max-snippet:-1","max-image-preview":"max-image-preview:large","max-video-preview":"max-video-preview:-1"},"canonical":"https:\/\/vpdanses.fr\/home\/bienvenue-chez-vp-danses-hazebrouck\/vp-danses-hauts-de-france-adhesion-ffd-2026\/","og_locale":"fr_FR","og_type":"article","og_title":"VP DANSES Hauts-de-France : adhesion FFD 2026 et reprise des cours pour debutants","og_description":"VP DANSES Hauts-de-France recoit son adhesion officielle a la FFD pour 2026. Rejoignez nos cours de Danse Sportive pour enfants et adultes.","og_url":"https:\/\/vpdanses.fr\/home\/bienvenue-chez-vp-danses-hazebrouck\/vp-danses-hauts-de-france-adhesion-ffd-2026\/","og_site_name":"VP DANSES, cours de Danse Sportive \u00e0 Aire-sur-la-Lys et \u00e0 Saint-Jans-Cappel (Hauts-de-France)","article_published_time":"2026-01-06T05:57:48+00:00","article_modified_time":"2026-01-06T06:04:06+00:00","og_image":[{"width":2363,"height":2560,"url":"https:\/\/vpdanses.fr\/wp-content\/uploads\/2026\/01\/FFDanse-Attestation-affiliation-2026-scaled.jpg","type":"image\/jpeg"}],"author":"VP DANSES","twitter_card":"summary_large_image","twitter_title":"VP DANSES Hauts-de-France : adhesion officielle a la FFD et reprise des cours 2026","twitter_misc":{"\u00c9crit par":"VP DANSES","Dur\u00e9e de lecture estim\u00e9e":"2 minutes"},"schema":{"@context":"https:\/\/schema.org","@graph":[{"@type":"Article","@id":"https:\/\/vpdanses.fr\/home\/bienvenue-chez-vp-danses-hazebrouck\/vp-danses-hauts-de-france-adhesion-ffd-2026\/#article","isPartOf":{"@id":"https:\/\/vpdanses.fr\/home\/bienvenue-chez-vp-danses-hazebrouck\/vp-danses-hauts-de-france-adhesion-ffd-2026\/"},"author":{"name":"VP DANSES","@id":"https:\/\/vpdanses.fr\/home\/bienvenue-chez-vp-danses-hazebrouck\/#\/schema\/person\/bf87806369778f949b83c9cd885519e5"},"headline":"VP DANSES Hauts-de-France : adhesion officielle a la FFD et reprise des cours 2026","datePublished":"2026-01-06T05:57:48+00:00","dateModified":"2026-01-06T06:04:06+00:00","mainEntityOfPage":{"@id":"https:\/\/vpdanses.fr\/home\/bienvenue-chez-vp-danses-hazebrouck\/vp-danses-hauts-de-france-adhesion-ffd-2026\/"},"wordCount":223,"publisher":{"@id":"https:\/\/vpdanses.fr\/home\/bienvenue-chez-vp-danses-hazebrouck\/#organization"},"image":{"@id":"https:\/\/vpdanses.fr\/home\/bienvenue-chez-vp-danses-hazebrouck\/vp-danses-hauts-de-france-adhesion-ffd-2026\/#primaryimage"},"thumbnailUrl":"https:\/\/vpdanses.fr\/wp-content\/uploads\/2026\/01\/FFDanse-Attestation-affiliation-2026-scaled.jpg","articleSection":["Autour d'Hazebrouck"],"inLanguage":"fr-FR"},{"@type":"WebPage","@id":"https:\/\/vpdanses.fr\/home\/bienvenue-chez-vp-danses-hazebrouck\/vp-danses-hauts-de-france-adhesion-ffd-2026\/","url":"https:\/\/vpdanses.fr\/home\/bienvenue-chez-vp-danses-hazebrouck\/vp-danses-hauts-de-france-adhesion-ffd-2026\/","name":"VP DANSES Hauts-de-France : adhesion FFD 2026 et reprise des cours pour debutants","isPartOf":{"@id":"https:\/\/vpdanses.fr\/home\/bienvenue-chez-vp-danses-hazebrouck\/#website"},"primaryImageOfPage":{"@id":"https:\/\/vpdanses.fr\/home\/bienvenue-chez-vp-danses-hazebrouck\/vp-danses-hauts-de-france-adhesion-ffd-2026\/#primaryimage"},"image":{"@id":"https:\/\/vpdanses.fr\/home\/bienvenue-chez-vp-danses-hazebrouck\/vp-danses-hauts-de-france-adhesion-ffd-2026\/#primaryimage"},"thumbnailUrl":"https:\/\/vpdanses.fr\/wp-content\/uploads\/2026\/01\/FFDanse-Attestation-affiliation-2026-scaled.jpg","datePublished":"2026-01-06T05:57:48+00:00","dateModified":"2026-01-06T06:04:06+00:00","description":"VP DANSES Hauts-de-France, officiellement affiliee a la FFD, vous invite a decouvrir la Danse Sportive pour debutants et la reprise des cours 2026.","breadcrumb":{"@id":"https:\/\/vpdanses.fr\/home\/bienvenue-chez-vp-danses-hazebrouck\/vp-danses-hauts-de-france-adhesion-ffd-2026\/#breadcrumb"},"inLanguage":"fr-FR","potentialAction":[{"@type":"ReadAction","target":["https:\/\/vpdanses.fr\/home\/bienvenue-chez-vp-danses-hazebrouck\/vp-danses-hauts-de-france-adhesion-ffd-2026\/"]}]},{"@type":"ImageObject","inLanguage":"fr-FR","@id":"https:\/\/vpdanses.fr\/home\/bienvenue-chez-vp-danses-hazebrouck\/vp-danses-hauts-de-france-adhesion-ffd-2026\/#primaryimage","url":"https:\/\/vpdanses.fr\/wp-content\/uploads\/2026\/01\/FFDanse-Attestation-affiliation-2026-scaled.jpg","contentUrl":"https:\/\/vpdanses.fr\/wp-content\/uploads\/2026\/01\/FFDanse-Attestation-affiliation-2026-scaled.jpg","width":2363,"height":2560,"caption":"VP DANSES Hauts-de-France re\u00e7oit son attestation officielle d'adh\u00e9sion \u00e0 la F\u00e9d\u00e9ration Fran\u00e7aise de Danse pour la saison 2025\/2026."},{"@type":"BreadcrumbList","@id":"https:\/\/vpdanses.fr\/home\/bienvenue-chez-vp-danses-hazebrouck\/vp-danses-hauts-de-france-adhesion-ffd-2026\/#breadcrumb","itemListElement":[{"@type":"ListItem","position":1,"name":"Accueil","item":"https:\/\/vpdanses.fr\/home\/bienvenue-chez-vp-danses-hazebrouck\/"},{"@type":"ListItem","position":2,"name":"VP DANSES Hauts-de-France : adhesion officielle a la FFD et reprise des cours 2026"}]},{"@type":"WebSite","@id":"https:\/\/vpdanses.fr\/home\/bienvenue-chez-vp-danses-hazebrouck\/#website","url":"https:\/\/vpdanses.fr\/home\/bienvenue-chez-vp-danses-hazebrouck\/","name":"VP DANSES, cours de Danse Sportive \u00e0 Aire-sur-la-Lys et \u00e0 Saint-Jans-Cappel (Hauts-de-France)","description":"Cours de Danse Sportive STANDARD (valse anglaise, tango, valse viennoise, slowfox, quickstep), danses sportives LATINES (samba, chacha, rumba, paso doble, jive), danses de bal, danses de salons, danses de loisirs, salsa, rock 4 temps, rock 6 temps, danses en ligne, disco, \u2026 Lieu : Hazebrouck, Aire-sur-la-Lys, Saint-Jans-Cappel et Isbergues (Hauts-de-France) - Cours Particuliers dans les Hauts-de-France - Ouverture de bal de Mariage","publisher":{"@id":"https:\/\/vpdanses.fr\/home\/bienvenue-chez-vp-danses-hazebrouck\/#organization"},"potentialAction":[{"@type":"SearchAction","target":{"@type":"EntryPoint","urlTemplate":"https:\/\/vpdanses.fr\/home\/bienvenue-chez-vp-danses-hazebrouck\/?s={search_term_string}"},"query-input":{"@type":"PropertyValueSpecification","valueRequired":true,"valueName":"search_term_string"}}],"inLanguage":"fr-FR"},{"@type":"Organization","@id":"https:\/\/vpdanses.fr\/home\/bienvenue-chez-vp-danses-hazebrouck\/#organization","name":"VP DANSES, cours de Danse Sportive \u00e0 Aire-sur-la-Lys et \u00e0 Saint-Jans-Cappel (Hauts-de-France)","url":"https:\/\/vpdanses.fr\/home\/bienvenue-chez-vp-danses-hazebrouck\/","logo":{"@type":"ImageObject","inLanguage":"fr-FR","@id":"https:\/\/vpdanses.fr\/home\/bienvenue-chez-vp-danses-hazebrouck\/#\/schema\/logo\/image\/","url":"https:\/\/vpdanses.fr\/wp-content\/uploads\/2024\/10\/logo_cadanse_asaintjans.jpeg","contentUrl":"https:\/\/vpdanses.fr\/wp-content\/uploads\/2024\/10\/logo_cadanse_asaintjans.jpeg","width":225,"height":225,"caption":"VP DANSES, cours de Danse Sportive \u00e0 Aire-sur-la-Lys et \u00e0 Saint-Jans-Cappel (Hauts-de-France)"},"image":{"@id":"https:\/\/vpdanses.fr\/home\/bienvenue-chez-vp-danses-hazebrouck\/#\/schema\/logo\/image\/"}},{"@type":"Person","@id":"https:\/\/vpdanses.fr\/home\/bienvenue-chez-vp-danses-hazebrouck\/#\/schema\/person\/bf87806369778f949b83c9cd885519e5","name":"VP DANSES","description":"\"VP danses\" est une association qui donne des cours de DANSES SPORTIVES STANDARDS (valse anglaise, tango, valse viennoise, slowfox, quickstep), de DANSES SPORTIVES LATINES (samba, chacha, rumba, paso doble, jive), de DANSES DE BAL, de DANSES DE SALONS, de DANSES DE LOISIRS, de SALSA, de ROCK 4 TEMPS, de ROCK 6 TEMPS, de DANSES EN LIGNE, de DISCO, \u2026","sameAs":["https:\/\/vpdanses.fr"],"url":"https:\/\/vpdanses.fr\/home\/bienvenue-chez-vp-danses-hazebrouck\/author\/adminvp20241018\/"}]}},"jetpack_featured_media_url":"https:\/\/vpdanses.fr\/wp-content\/uploads\/2026\/01\/FFDanse-Attestation-affiliation-2026-scaled.jpg","uagb_featured_image_src":{"full":["https:\/\/vpdanses.fr\/wp-content\/uploads\/2026\/01\/FFDanse-Attestation-affiliation-2026-scaled.jpg",2363,2560,false],"thumbnail":["https:\/\/vpdanses.fr\/wp-content\/uploads\/2026\/01\/FFDanse-Attestation-affiliation-2026-150x150.jpg",150,150,true],"medium":["https:\/\/vpdanses.fr\/wp-content\/uploads\/2026\/01\/FFDanse-Attestation-affiliation-2026-277x300.jpg",277,300,true],"medium_large":["https:\/\/vpdanses.fr\/wp-content\/uploads\/2026\/01\/FFDanse-Attestation-affiliation-2026-768x832.jpg",768,832,true],"large":["https:\/\/vpdanses.fr\/wp-content\/uploads\/2026\/01\/FFDanse-Attestation-affiliation-2026-945x1024.jpg",945,1024,true],"1536x1536":["https:\/\/vpdanses.fr\/wp-content\/uploads\/2026\/01\/FFDanse-Attestation-affiliation-2026-1418x1536.jpg",1418,1536,true],"2048x2048":["https:\/\/vpdanses.fr\/wp-content\/uploads\/2026\/01\/FFDanse-Attestation-affiliation-2026-1890x2048.jpg",1890,2048,true],"vp_sm":["https:\/\/vpdanses.fr\/wp-content\/uploads\/2026\/01\/FFDanse-Attestation-affiliation-2026-500x542.jpg",500,542,true],"vp_md":["https:\/\/vpdanses.fr\/wp-content\/uploads\/2026\/01\/FFDanse-Attestation-affiliation-2026-800x867.jpg",800,867,true],"vp_lg":["https:\/\/vpdanses.fr\/wp-content\/uploads\/2026\/01\/FFDanse-Attestation-affiliation-2026-1280x1387.jpg",1280,1387,true],"vp_xl":["https:\/\/vpdanses.fr\/wp-content\/uploads\/2026\/01\/FFDanse-Attestation-affiliation-2026-1920x2080.jpg",1920,2080,true],"vp_sm_popup":["https:\/\/vpdanses.fr\/wp-content\/uploads\/2026\/01\/FFDanse-Attestation-affiliation-2026-500x542.jpg",500,542,true],"vp_md_popup":["https:\/\/vpdanses.fr\/wp-content\/uploads\/2026\/01\/FFDanse-Attestation-affiliation-2026-800x867.jpg",800,867,true],"vp_xl_popup":["https:\/\/vpdanses.fr\/wp-content\/uploads\/2026\/01\/FFDanse-Attestation-affiliation-2026-1920x2080.jpg",1920,2080,true],"dance-blog-thumb":["https:\/\/vpdanses.fr\/wp-content\/uploads\/2026\/01\/FFDanse-Attestation-affiliation-2026-150x120.jpg",150,120,true],"dance-event-list":["https:\/\/vpdanses.fr\/wp-content\/uploads\/2026\/01\/FFDanse-Attestation-affiliation-2026-420x336.jpg",420,336,true],"dance-event-single-type1":["https:\/\/vpdanses.fr\/wp-content\/uploads\/2026\/01\/FFDanse-Attestation-affiliation-2026-773x520.jpg",773,520,true],"dance-event-single-type4":["https:\/\/vpdanses.fr\/wp-content\/uploads\/2026\/01\/FFDanse-Attestation-affiliation-2026-570x460.jpg",570,460,true],"dance-event-single-type5":["https:\/\/vpdanses.fr\/wp-content\/uploads\/2026\/01\/FFDanse-Attestation-affiliation-2026-746x770.jpg",746,770,true],"dance-event-list2":["https:\/\/vpdanses.fr\/wp-content\/uploads\/2026\/01\/FFDanse-Attestation-affiliation-2026-420x275.jpg",420,275,true]},"uagb_author_info":{"display_name":"VP DANSES","author_link":"https:\/\/vpdanses.fr\/home\/bienvenue-chez-vp-danses-hazebrouck\/author\/adminvp20241018\/"},"uagb_comment_info":0,"uagb_excerpt":"VP DANSES Hauts-de-France recoit son adhesion officielle FFD 2026 et annonce la reprise des cours de danse pour enfants et adultes.","jetpack_sharing_enabled":true,"_links":{"self":[{"href":"https:\/\/vpdanses.fr\/home\/bienvenue-chez-vp-danses-hazebrouck\/wp-json\/wp\/v2\/posts\/14835","targetHints":{"allow":["GET"]}}],"collection":[{"href":"https:\/\/vpdanses.fr\/home\/bienvenue-chez-vp-danses-hazebrouck\/wp-json\/wp\/v2\/posts"}],"about":[{"href":"https:\/\/vpdanses.fr\/home\/bienvenue-chez-vp-danses-hazebrouck\/wp-json\/wp\/v2\/types\/post"}],"author":[{"embeddable":true,"href":"https:\/\/vpdanses.fr\/home\/bienvenue-chez-vp-danses-hazebrouck\/wp-json\/wp\/v2\/users\/1"}],"replies":[{"embeddable":true,"href":"https:\/\/vpdanses.fr\/home\/bienvenue-chez-vp-danses-hazebrouck\/wp-json\/wp\/v2\/comments?post=14835"}],"version-history":[{"count":5,"href":"https:\/\/vpdanses.fr\/home\/bienvenue-chez-vp-danses-hazebrouck\/wp-json\/wp\/v2\/posts\/14835\/revisions"}],"predecessor-version":[{"id":14845,"href":"https:\/\/vpdanses.fr\/home\/bienvenue-chez-vp-danses-hazebrouck\/wp-json\/wp\/v2\/posts\/14835\/revisions\/14845"}],"wp:featuredmedia":[{"embeddable":true,"href":"https:\/\/vpdanses.fr\/home\/bienvenue-chez-vp-danses-hazebrouck\/wp-json\/wp\/v2\/media\/14840"}],"wp:attachment":[{"href":"https:\/\/vpdanses.fr\/home\/bienvenue-chez-vp-danses-hazebrouck\/wp-json\/wp\/v2\/media?parent=14835"}],"wp:term":[{"taxonomy":"category","embeddable":true,"href":"https:\/\/vpdanses.fr\/home\/bienvenue-chez-vp-danses-hazebrouck\/wp-json\/wp\/v2\/categories?post=14835"},{"taxonomy":"post_tag","embeddable":true,"href":"https:\/\/vpdanses.fr\/home\/bienvenue-chez-vp-danses-hazebrouck\/wp-json\/wp\/v2\/tags?post=14835"}],"curies":[{"name":"wp","href":"https:\/\/api.w.org\/{rel}","templated":true}]}}