{"id":14847,"date":"2026-01-13T06:32:45","date_gmt":"2026-01-13T05:32:45","guid":{"rendered":"https:\/\/vpdanses.fr\/home\/bienvenue-chez-vp-danses-hazebrouck\/?p=14847"},"modified":"2026-01-13T06:43:18","modified_gmt":"2026-01-13T05:43:18","slug":"ascendance-sven-balcerzak-coaching-danse-sportive-reims","status":"publish","type":"post","link":"https:\/\/vpdanses.fr\/home\/bienvenue-chez-vp-danses-hazebrouck\/ascendance-sven-balcerzak-coaching-danse-sportive-reims\/","title":{"rendered":"ASCENDANCE et le coaching en Danse Sportive"},"content":{"rendered":"\n<p>Ce dimanche 11 janvier 2026, \u00e0 Reims, lors du Troph\u00e9e des Sacres de Danse Sportive organis\u00e9 par le <strong><a href=\"https:\/\/www.facebook.com\/p\/Club-r\u00e9mois-de-danse-sportive-100063715292892\/\" target=\"_blank\" rel=\"noreferrer noopener\">Club R\u00e9mois de Danse Sportive<\/a><\/strong> (<strong>CRDS<\/strong>) sous l\u2019\u00e9gide de la <strong>F\u00e9d\u00e9ration Fran\u00e7aise de Danse<\/strong> (<strong><a href=\"https:\/\/www.facebook.com\/latines.standards.ffdanse\/\" target=\"_blank\" rel=\"noreferrer noopener\">FFD \u2013 latines &amp; standards<\/a><\/strong>), nous, comp\u00e9titeurs d\u2019<strong><a href=\"https:\/\/www.facebook.com\/AscendanceCreativDanse\/\" target=\"_blank\" rel=\"noreferrer noopener\">Ascendance Creativ\u2019Danse<\/a><\/strong>, \u00e9tions pr\u00e9sents sur les pistes.<\/p>\n\n\n\n<hr class=\"wp-block-separator has-alpha-channel-opacity\"\/>\n\n\n\n<h3 class=\"wp-block-heading\" id=\"h-un-coaching-attentif-au-service-de-la-progression\">Un coaching attentif au service de la progression<\/h3>\n\n\n\n<p>Nous souhaitons remercier <strong><a href=\"https:\/\/www.facebook.com\/sven.balcerzak\" target=\"_blank\" rel=\"noreferrer noopener\">Sven Balcerzak<\/a><\/strong>, notre professeur de Danse Sportive, pour son accompagnement tout au long de cette comp\u00e9tition.<\/p>\n\n\n\n<blockquote class=\"wp-block-quote is-layout-flow wp-block-quote-is-layout-flow\">\n<p>Merci pour ton coaching attentif \u2014 ajustements techniques, conseils strat\u00e9giques et soutien moral ! Merci pour ton engagement \u00e0 nos c\u00f4t\u00e9s et pour ton r\u00f4le essentiel dans notre parcours sportif !<\/p>\n<\/blockquote>\n","protected":false},"excerpt":{"rendered":"<p>Les comp\u00e9titeurs d\u2019ASCENDANCE remercient leur coach Sven Balcerzak pour son accompagnement p\u00e9dagogique lors du Troph\u00e9e des Sacres de Danse Sportive \u00e0 Reims, un soutien essentiel \u00e0 leur progression et \u00e0 leur performance.<\/p>\n","protected":false},"author":1,"featured_media":14850,"comment_status":"closed","ping_status":"closed","sticky":false,"template":"","format":"standard","meta":{"_uag_custom_page_level_css":"","_price":"","_stock":"","_tribe_ticket_header":"","_tribe_default_ticket_provider":"","_tribe_ticket_capacity":"0","_ticket_start_date":"","_ticket_end_date":"","_tribe_ticket_show_description":"","_tribe_ticket_show_not_going":false,"_tribe_ticket_use_global_stock":"","_tribe_ticket_global_stock_level":"","_global_stock_mode":"","_global_stock_cap":"","_tribe_rsvp_for_event":"","_tribe_ticket_going_count":"","_tribe_ticket_not_going_count":"","_tribe_tickets_list":"[]","_tribe_ticket_has_attendee_info_fields":false,"_EventAllDay":false,"_EventTimezone":"","_EventStartDate":"","_EventEndDate":"","_EventStartDateUTC":"","_EventEndDateUTC":"","_EventShowMap":false,"_EventShowMapLink":false,"_EventURL":"","_EventCost":"","_EventCostDescription":"","_EventCurrencySymbol":"","_EventCurrencyCode":"","_EventCurrencyPosition":"","_EventDateTimeSeparator":"","_EventTimeRangeSeparator":"","_EventOrganizerID":[],"_EventVenueID":[],"_OrganizerEmail":"","_OrganizerPhone":"","_OrganizerWebsite":"","_VenueAddress":"","_VenueCity":"","_VenueCountry":"","_VenueProvince":"","_VenueState":"","_VenueZip":"","_VenuePhone":"","_VenueURL":"","_VenueStateProvince":"","_VenueLat":"","_VenueLng":"","_VenueShowMap":false,"_VenueShowMapLink":false,"_vp_format_video_url":"","_vp_image_focal_point":[],"_jetpack_memberships_contains_paid_content":false,"footnotes":""},"categories":[600,599,229,293,234],"tags":[595,596,594,598,233,597,592,107,593,96],"class_list":["post-14847","post","type-post","status-publish","format-standard","has-post-thumbnail","hentry","category-ascendance-creativdanse","category-coaching-formation","category-competition","category-danse-sportive","category-ffd","tag-coaching-danse-sportive","tag-competiteurs-ascendance","tag-danse-latine-et-standard","tag-feedback-et-accompagnement","tag-ffd","tag-progression-danseurs","tag-reims","tag-sven-balcerzak","tag-trophee-des-sacres","tag-vp-danses"],"yoast_head":"<!-- This site is optimized with the Yoast SEO Premium plugin v25.6 (Yoast SEO v25.6) - https:\/\/yoast.com\/wordpress\/plugins\/seo\/ -->\n<title>ASCENDANCE et le coaching en Danse Sportive | VP DANSES<\/title>\n<meta name=\"description\" content=\"Les comp\u00e9titeurs d\u2019ASCENDANCE remercient Sven Balcerzak pour son coaching au Troph\u00e9e des Sacres de Danse Sportive \u00e0 Reims. Technique, soutien et progression au c\u0153ur de la Danse Sportive.\" \/>\n<meta name=\"robots\" content=\"index, follow, max-snippet:-1, max-image-preview:large, max-video-preview:-1\" \/>\n<link rel=\"canonical\" href=\"https:\/\/vpdanses.fr\/home\/bienvenue-chez-vp-danses-hazebrouck\/ascendance-sven-balcerzak-coaching-danse-sportive-reims\/\" \/>\n<meta property=\"og:locale\" content=\"fr_FR\" \/>\n<meta property=\"og:type\" content=\"article\" \/>\n<meta property=\"og:title\" content=\"VP DANSES remercie Sven Balcerzak pour son coaching en Danse Sportive\" \/>\n<meta property=\"og:description\" content=\"Les comp\u00e9titeurs de VP DANSES expriment leur gratitude envers leur coach Sven Balcerzak pour son accompagnement lors du Troph\u00e9e des Sacres de Danse Sportive \u00e0 Reims. Technique, conseils et soutien moral au c\u0153ur de leur progression.\" \/>\n<meta property=\"og:url\" content=\"https:\/\/vpdanses.fr\/home\/bienvenue-chez-vp-danses-hazebrouck\/ascendance-sven-balcerzak-coaching-danse-sportive-reims\/\" \/>\n<meta property=\"og:site_name\" content=\"VP DANSES, cours de Danse Sportive \u00e0 Aire-sur-la-Lys et \u00e0 Saint-Jans-Cappel (Hauts-de-France)\" \/>\n<meta property=\"article:published_time\" content=\"2026-01-13T05:32:45+00:00\" \/>\n<meta property=\"article:modified_time\" content=\"2026-01-13T05:43:18+00:00\" \/>\n<meta property=\"og:image\" content=\"https:\/\/vpdanses.fr\/wp-content\/uploads\/2026\/01\/Coaching-Sven-Balcerzak-Trophee-des-Sacres-11-janvier-2026.jpg\" \/>\n\t<meta property=\"og:image:width\" content=\"1200\" \/>\n\t<meta property=\"og:image:height\" content=\"900\" \/>\n\t<meta property=\"og:image:type\" content=\"image\/jpeg\" \/>\n<meta name=\"author\" content=\"VP DANSES\" \/>\n<meta name=\"twitter:card\" content=\"summary_large_image\" \/>\n<meta name=\"twitter:title\" content=\"ASCENDANCE et le coaching en Danse Sportive\" \/>\n<meta name=\"twitter:label1\" content=\"\u00c9crit par\" \/>\n\t<meta name=\"twitter:data1\" content=\"VP DANSES\" \/>\n\t<meta name=\"twitter:label2\" content=\"Dur\u00e9e de lecture estim\u00e9e\" \/>\n\t<meta name=\"twitter:data2\" content=\"1 minute\" \/>\n<script type=\"application\/ld+json\" class=\"yoast-schema-graph\">{\"@context\":\"https:\/\/schema.org\",\"@graph\":[{\"@type\":\"Article\",\"@id\":\"https:\/\/vpdanses.fr\/home\/bienvenue-chez-vp-danses-hazebrouck\/ascendance-sven-balcerzak-coaching-danse-sportive-reims\/#article\",\"isPartOf\":{\"@id\":\"https:\/\/vpdanses.fr\/home\/bienvenue-chez-vp-danses-hazebrouck\/ascendance-sven-balcerzak-coaching-danse-sportive-reims\/\"},\"author\":{\"name\":\"VP DANSES\",\"@id\":\"https:\/\/vpdanses.fr\/home\/bienvenue-chez-vp-danses-hazebrouck\/#\/schema\/person\/bf87806369778f949b83c9cd885519e5\"},\"headline\":\"ASCENDANCE et le coaching en Danse Sportive\",\"datePublished\":\"2026-01-13T05:32:45+00:00\",\"dateModified\":\"2026-01-13T05:43:18+00:00\",\"mainEntityOfPage\":{\"@id\":\"https:\/\/vpdanses.fr\/home\/bienvenue-chez-vp-danses-hazebrouck\/ascendance-sven-balcerzak-coaching-danse-sportive-reims\/\"},\"wordCount\":118,\"publisher\":{\"@id\":\"https:\/\/vpdanses.fr\/home\/bienvenue-chez-vp-danses-hazebrouck\/#organization\"},\"image\":{\"@id\":\"https:\/\/vpdanses.fr\/home\/bienvenue-chez-vp-danses-hazebrouck\/ascendance-sven-balcerzak-coaching-danse-sportive-reims\/#primaryimage\"},\"thumbnailUrl\":\"https:\/\/vpdanses.fr\/wp-content\/uploads\/2026\/01\/Coaching-Sven-Balcerzak-Trophee-des-Sacres-11-janvier-2026.jpg\",\"keywords\":[\"Coaching Danse Sportive\",\"Comp\u00e9titeurs ASCENDANCE\",\"Danse latine et standard\",\"Feedback et accompagnement\",\"FFD\",\"Progression danseurs\",\"Reims\",\"SVEN BALCERZAK\",\"Troph\u00e9e des Sacres\",\"VP DANSES\"],\"articleSection\":[\"ASCENDANCE CREATIV'DANSE\",\"Coaching \/ Formation\",\"Comp\u00e9tition\",\"DANSE SPORTIVE\",\"FFD\"],\"inLanguage\":\"fr-FR\"},{\"@type\":\"WebPage\",\"@id\":\"https:\/\/vpdanses.fr\/home\/bienvenue-chez-vp-danses-hazebrouck\/ascendance-sven-balcerzak-coaching-danse-sportive-reims\/\",\"url\":\"https:\/\/vpdanses.fr\/home\/bienvenue-chez-vp-danses-hazebrouck\/ascendance-sven-balcerzak-coaching-danse-sportive-reims\/\",\"name\":\"ASCENDANCE et le coaching en Danse Sportive | VP DANSES\",\"isPartOf\":{\"@id\":\"https:\/\/vpdanses.fr\/home\/bienvenue-chez-vp-danses-hazebrouck\/#website\"},\"primaryImageOfPage\":{\"@id\":\"https:\/\/vpdanses.fr\/home\/bienvenue-chez-vp-danses-hazebrouck\/ascendance-sven-balcerzak-coaching-danse-sportive-reims\/#primaryimage\"},\"image\":{\"@id\":\"https:\/\/vpdanses.fr\/home\/bienvenue-chez-vp-danses-hazebrouck\/ascendance-sven-balcerzak-coaching-danse-sportive-reims\/#primaryimage\"},\"thumbnailUrl\":\"https:\/\/vpdanses.fr\/wp-content\/uploads\/2026\/01\/Coaching-Sven-Balcerzak-Trophee-des-Sacres-11-janvier-2026.jpg\",\"datePublished\":\"2026-01-13T05:32:45+00:00\",\"dateModified\":\"2026-01-13T05:43:18+00:00\",\"description\":\"Les comp\u00e9titeurs d\u2019ASCENDANCE remercient Sven Balcerzak pour son coaching au Troph\u00e9e des Sacres de Danse Sportive \u00e0 Reims. Technique, soutien et progression au c\u0153ur de la Danse Sportive.\",\"breadcrumb\":{\"@id\":\"https:\/\/vpdanses.fr\/home\/bienvenue-chez-vp-danses-hazebrouck\/ascendance-sven-balcerzak-coaching-danse-sportive-reims\/#breadcrumb\"},\"inLanguage\":\"fr-FR\",\"potentialAction\":[{\"@type\":\"ReadAction\",\"target\":[\"https:\/\/vpdanses.fr\/home\/bienvenue-chez-vp-danses-hazebrouck\/ascendance-sven-balcerzak-coaching-danse-sportive-reims\/\"]}]},{\"@type\":\"ImageObject\",\"inLanguage\":\"fr-FR\",\"@id\":\"https:\/\/vpdanses.fr\/home\/bienvenue-chez-vp-danses-hazebrouck\/ascendance-sven-balcerzak-coaching-danse-sportive-reims\/#primaryimage\",\"url\":\"https:\/\/vpdanses.fr\/wp-content\/uploads\/2026\/01\/Coaching-Sven-Balcerzak-Trophee-des-Sacres-11-janvier-2026.jpg\",\"contentUrl\":\"https:\/\/vpdanses.fr\/wp-content\/uploads\/2026\/01\/Coaching-Sven-Balcerzak-Trophee-des-Sacres-11-janvier-2026.jpg\",\"width\":1200,\"height\":900,\"caption\":\"Sven Balcerzak en pleine observation de ses comp\u00e9titeurs d\u2019ASCENDANCE pendant le Troph\u00e9e des Sacres \u00e0 Reims.\"},{\"@type\":\"BreadcrumbList\",\"@id\":\"https:\/\/vpdanses.fr\/home\/bienvenue-chez-vp-danses-hazebrouck\/ascendance-sven-balcerzak-coaching-danse-sportive-reims\/#breadcrumb\",\"itemListElement\":[{\"@type\":\"ListItem\",\"position\":1,\"name\":\"Accueil\",\"item\":\"https:\/\/vpdanses.fr\/home\/bienvenue-chez-vp-danses-hazebrouck\/\"},{\"@type\":\"ListItem\",\"position\":2,\"name\":\"ASCENDANCE et le coaching en Danse Sportive\"}]},{\"@type\":\"WebSite\",\"@id\":\"https:\/\/vpdanses.fr\/home\/bienvenue-chez-vp-danses-hazebrouck\/#website\",\"url\":\"https:\/\/vpdanses.fr\/home\/bienvenue-chez-vp-danses-hazebrouck\/\",\"name\":\"VP DANSES, cours de Danse Sportive \u00e0 Aire-sur-la-Lys et \u00e0 Saint-Jans-Cappel (Hauts-de-France)\",\"description\":\"Cours de Danse Sportive STANDARD (valse anglaise, tango, valse viennoise, slowfox, quickstep), danses sportives LATINES (samba, chacha, rumba, paso doble, jive), danses de bal, danses de salons, danses de loisirs, salsa, rock 4 temps, rock 6 temps, danses en ligne, disco, \u2026 Lieu : Hazebrouck, Aire-sur-la-Lys, Saint-Jans-Cappel et Isbergues (Hauts-de-France) - Cours Particuliers dans les Hauts-de-France - Ouverture de bal de Mariage\",\"publisher\":{\"@id\":\"https:\/\/vpdanses.fr\/home\/bienvenue-chez-vp-danses-hazebrouck\/#organization\"},\"potentialAction\":[{\"@type\":\"SearchAction\",\"target\":{\"@type\":\"EntryPoint\",\"urlTemplate\":\"https:\/\/vpdanses.fr\/home\/bienvenue-chez-vp-danses-hazebrouck\/?s={search_term_string}\"},\"query-input\":{\"@type\":\"PropertyValueSpecification\",\"valueRequired\":true,\"valueName\":\"search_term_string\"}}],\"inLanguage\":\"fr-FR\"},{\"@type\":\"Organization\",\"@id\":\"https:\/\/vpdanses.fr\/home\/bienvenue-chez-vp-danses-hazebrouck\/#organization\",\"name\":\"VP DANSES, cours de Danse Sportive \u00e0 Aire-sur-la-Lys et \u00e0 Saint-Jans-Cappel (Hauts-de-France)\",\"url\":\"https:\/\/vpdanses.fr\/home\/bienvenue-chez-vp-danses-hazebrouck\/\",\"logo\":{\"@type\":\"ImageObject\",\"inLanguage\":\"fr-FR\",\"@id\":\"https:\/\/vpdanses.fr\/home\/bienvenue-chez-vp-danses-hazebrouck\/#\/schema\/logo\/image\/\",\"url\":\"https:\/\/vpdanses.fr\/wp-content\/uploads\/2024\/10\/logo_cadanse_asaintjans.jpeg\",\"contentUrl\":\"https:\/\/vpdanses.fr\/wp-content\/uploads\/2024\/10\/logo_cadanse_asaintjans.jpeg\",\"width\":225,\"height\":225,\"caption\":\"VP DANSES, cours de Danse Sportive \u00e0 Aire-sur-la-Lys et \u00e0 Saint-Jans-Cappel (Hauts-de-France)\"},\"image\":{\"@id\":\"https:\/\/vpdanses.fr\/home\/bienvenue-chez-vp-danses-hazebrouck\/#\/schema\/logo\/image\/\"}},{\"@type\":\"Person\",\"@id\":\"https:\/\/vpdanses.fr\/home\/bienvenue-chez-vp-danses-hazebrouck\/#\/schema\/person\/bf87806369778f949b83c9cd885519e5\",\"name\":\"VP DANSES\",\"description\":\"\\\"VP danses\\\" est une association qui donne des cours de DANSES SPORTIVES STANDARDS (valse anglaise, tango, valse viennoise, slowfox, quickstep), de DANSES SPORTIVES LATINES (samba, chacha, rumba, paso doble, jive), de DANSES DE BAL, de DANSES DE SALONS, de DANSES DE LOISIRS, de SALSA, de ROCK 4 TEMPS, de ROCK 6 TEMPS, de DANSES EN LIGNE, de DISCO, \u2026\",\"sameAs\":[\"https:\/\/vpdanses.fr\"],\"url\":\"https:\/\/vpdanses.fr\/home\/bienvenue-chez-vp-danses-hazebrouck\/author\/adminvp20241018\/\"}]}<\/script>\n<!-- \/ Yoast SEO Premium plugin. -->","yoast_head_json":{"title":"ASCENDANCE et le coaching en Danse Sportive | VP DANSES","description":"Les comp\u00e9titeurs d\u2019ASCENDANCE remercient Sven Balcerzak pour son coaching au Troph\u00e9e des Sacres de Danse Sportive \u00e0 Reims. Technique, soutien et progression au c\u0153ur de la Danse Sportive.","robots":{"index":"index","follow":"follow","max-snippet":"max-snippet:-1","max-image-preview":"max-image-preview:large","max-video-preview":"max-video-preview:-1"},"canonical":"https:\/\/vpdanses.fr\/home\/bienvenue-chez-vp-danses-hazebrouck\/ascendance-sven-balcerzak-coaching-danse-sportive-reims\/","og_locale":"fr_FR","og_type":"article","og_title":"VP DANSES remercie Sven Balcerzak pour son coaching en Danse Sportive","og_description":"Les comp\u00e9titeurs de VP DANSES expriment leur gratitude envers leur coach Sven Balcerzak pour son accompagnement lors du Troph\u00e9e des Sacres de Danse Sportive \u00e0 Reims. Technique, conseils et soutien moral au c\u0153ur de leur progression.","og_url":"https:\/\/vpdanses.fr\/home\/bienvenue-chez-vp-danses-hazebrouck\/ascendance-sven-balcerzak-coaching-danse-sportive-reims\/","og_site_name":"VP DANSES, cours de Danse Sportive \u00e0 Aire-sur-la-Lys et \u00e0 Saint-Jans-Cappel (Hauts-de-France)","article_published_time":"2026-01-13T05:32:45+00:00","article_modified_time":"2026-01-13T05:43:18+00:00","og_image":[{"width":1200,"height":900,"url":"https:\/\/vpdanses.fr\/wp-content\/uploads\/2026\/01\/Coaching-Sven-Balcerzak-Trophee-des-Sacres-11-janvier-2026.jpg","type":"image\/jpeg"}],"author":"VP DANSES","twitter_card":"summary_large_image","twitter_title":"ASCENDANCE et le coaching en Danse Sportive","twitter_misc":{"\u00c9crit par":"VP DANSES","Dur\u00e9e de lecture estim\u00e9e":"1 minute"},"schema":{"@context":"https:\/\/schema.org","@graph":[{"@type":"Article","@id":"https:\/\/vpdanses.fr\/home\/bienvenue-chez-vp-danses-hazebrouck\/ascendance-sven-balcerzak-coaching-danse-sportive-reims\/#article","isPartOf":{"@id":"https:\/\/vpdanses.fr\/home\/bienvenue-chez-vp-danses-hazebrouck\/ascendance-sven-balcerzak-coaching-danse-sportive-reims\/"},"author":{"name":"VP DANSES","@id":"https:\/\/vpdanses.fr\/home\/bienvenue-chez-vp-danses-hazebrouck\/#\/schema\/person\/bf87806369778f949b83c9cd885519e5"},"headline":"ASCENDANCE et le coaching en Danse Sportive","datePublished":"2026-01-13T05:32:45+00:00","dateModified":"2026-01-13T05:43:18+00:00","mainEntityOfPage":{"@id":"https:\/\/vpdanses.fr\/home\/bienvenue-chez-vp-danses-hazebrouck\/ascendance-sven-balcerzak-coaching-danse-sportive-reims\/"},"wordCount":118,"publisher":{"@id":"https:\/\/vpdanses.fr\/home\/bienvenue-chez-vp-danses-hazebrouck\/#organization"},"image":{"@id":"https:\/\/vpdanses.fr\/home\/bienvenue-chez-vp-danses-hazebrouck\/ascendance-sven-balcerzak-coaching-danse-sportive-reims\/#primaryimage"},"thumbnailUrl":"https:\/\/vpdanses.fr\/wp-content\/uploads\/2026\/01\/Coaching-Sven-Balcerzak-Trophee-des-Sacres-11-janvier-2026.jpg","keywords":["Coaching Danse Sportive","Comp\u00e9titeurs ASCENDANCE","Danse latine et standard","Feedback et accompagnement","FFD","Progression danseurs","Reims","SVEN BALCERZAK","Troph\u00e9e des Sacres","VP DANSES"],"articleSection":["ASCENDANCE CREATIV'DANSE","Coaching \/ Formation","Comp\u00e9tition","DANSE SPORTIVE","FFD"],"inLanguage":"fr-FR"},{"@type":"WebPage","@id":"https:\/\/vpdanses.fr\/home\/bienvenue-chez-vp-danses-hazebrouck\/ascendance-sven-balcerzak-coaching-danse-sportive-reims\/","url":"https:\/\/vpdanses.fr\/home\/bienvenue-chez-vp-danses-hazebrouck\/ascendance-sven-balcerzak-coaching-danse-sportive-reims\/","name":"ASCENDANCE et le coaching en Danse Sportive | VP DANSES","isPartOf":{"@id":"https:\/\/vpdanses.fr\/home\/bienvenue-chez-vp-danses-hazebrouck\/#website"},"primaryImageOfPage":{"@id":"https:\/\/vpdanses.fr\/home\/bienvenue-chez-vp-danses-hazebrouck\/ascendance-sven-balcerzak-coaching-danse-sportive-reims\/#primaryimage"},"image":{"@id":"https:\/\/vpdanses.fr\/home\/bienvenue-chez-vp-danses-hazebrouck\/ascendance-sven-balcerzak-coaching-danse-sportive-reims\/#primaryimage"},"thumbnailUrl":"https:\/\/vpdanses.fr\/wp-content\/uploads\/2026\/01\/Coaching-Sven-Balcerzak-Trophee-des-Sacres-11-janvier-2026.jpg","datePublished":"2026-01-13T05:32:45+00:00","dateModified":"2026-01-13T05:43:18+00:00","description":"Les comp\u00e9titeurs d\u2019ASCENDANCE remercient Sven Balcerzak pour son coaching au Troph\u00e9e des Sacres de Danse Sportive \u00e0 Reims. Technique, soutien et progression au c\u0153ur de la Danse Sportive.","breadcrumb":{"@id":"https:\/\/vpdanses.fr\/home\/bienvenue-chez-vp-danses-hazebrouck\/ascendance-sven-balcerzak-coaching-danse-sportive-reims\/#breadcrumb"},"inLanguage":"fr-FR","potentialAction":[{"@type":"ReadAction","target":["https:\/\/vpdanses.fr\/home\/bienvenue-chez-vp-danses-hazebrouck\/ascendance-sven-balcerzak-coaching-danse-sportive-reims\/"]}]},{"@type":"ImageObject","inLanguage":"fr-FR","@id":"https:\/\/vpdanses.fr\/home\/bienvenue-chez-vp-danses-hazebrouck\/ascendance-sven-balcerzak-coaching-danse-sportive-reims\/#primaryimage","url":"https:\/\/vpdanses.fr\/wp-content\/uploads\/2026\/01\/Coaching-Sven-Balcerzak-Trophee-des-Sacres-11-janvier-2026.jpg","contentUrl":"https:\/\/vpdanses.fr\/wp-content\/uploads\/2026\/01\/Coaching-Sven-Balcerzak-Trophee-des-Sacres-11-janvier-2026.jpg","width":1200,"height":900,"caption":"Sven Balcerzak en pleine observation de ses comp\u00e9titeurs d\u2019ASCENDANCE pendant le Troph\u00e9e des Sacres \u00e0 Reims."},{"@type":"BreadcrumbList","@id":"https:\/\/vpdanses.fr\/home\/bienvenue-chez-vp-danses-hazebrouck\/ascendance-sven-balcerzak-coaching-danse-sportive-reims\/#breadcrumb","itemListElement":[{"@type":"ListItem","position":1,"name":"Accueil","item":"https:\/\/vpdanses.fr\/home\/bienvenue-chez-vp-danses-hazebrouck\/"},{"@type":"ListItem","position":2,"name":"ASCENDANCE et le coaching en Danse Sportive"}]},{"@type":"WebSite","@id":"https:\/\/vpdanses.fr\/home\/bienvenue-chez-vp-danses-hazebrouck\/#website","url":"https:\/\/vpdanses.fr\/home\/bienvenue-chez-vp-danses-hazebrouck\/","name":"VP DANSES, cours de Danse Sportive \u00e0 Aire-sur-la-Lys et \u00e0 Saint-Jans-Cappel (Hauts-de-France)","description":"Cours de Danse Sportive STANDARD (valse anglaise, tango, valse viennoise, slowfox, quickstep), danses sportives LATINES (samba, chacha, rumba, paso doble, jive), danses de bal, danses de salons, danses de loisirs, salsa, rock 4 temps, rock 6 temps, danses en ligne, disco, \u2026 Lieu : Hazebrouck, Aire-sur-la-Lys, Saint-Jans-Cappel et Isbergues (Hauts-de-France) - Cours Particuliers dans les Hauts-de-France - Ouverture de bal de Mariage","publisher":{"@id":"https:\/\/vpdanses.fr\/home\/bienvenue-chez-vp-danses-hazebrouck\/#organization"},"potentialAction":[{"@type":"SearchAction","target":{"@type":"EntryPoint","urlTemplate":"https:\/\/vpdanses.fr\/home\/bienvenue-chez-vp-danses-hazebrouck\/?s={search_term_string}"},"query-input":{"@type":"PropertyValueSpecification","valueRequired":true,"valueName":"search_term_string"}}],"inLanguage":"fr-FR"},{"@type":"Organization","@id":"https:\/\/vpdanses.fr\/home\/bienvenue-chez-vp-danses-hazebrouck\/#organization","name":"VP DANSES, cours de Danse Sportive \u00e0 Aire-sur-la-Lys et \u00e0 Saint-Jans-Cappel (Hauts-de-France)","url":"https:\/\/vpdanses.fr\/home\/bienvenue-chez-vp-danses-hazebrouck\/","logo":{"@type":"ImageObject","inLanguage":"fr-FR","@id":"https:\/\/vpdanses.fr\/home\/bienvenue-chez-vp-danses-hazebrouck\/#\/schema\/logo\/image\/","url":"https:\/\/vpdanses.fr\/wp-content\/uploads\/2024\/10\/logo_cadanse_asaintjans.jpeg","contentUrl":"https:\/\/vpdanses.fr\/wp-content\/uploads\/2024\/10\/logo_cadanse_asaintjans.jpeg","width":225,"height":225,"caption":"VP DANSES, cours de Danse Sportive \u00e0 Aire-sur-la-Lys et \u00e0 Saint-Jans-Cappel (Hauts-de-France)"},"image":{"@id":"https:\/\/vpdanses.fr\/home\/bienvenue-chez-vp-danses-hazebrouck\/#\/schema\/logo\/image\/"}},{"@type":"Person","@id":"https:\/\/vpdanses.fr\/home\/bienvenue-chez-vp-danses-hazebrouck\/#\/schema\/person\/bf87806369778f949b83c9cd885519e5","name":"VP DANSES","description":"\"VP danses\" est une association qui donne des cours de DANSES SPORTIVES STANDARDS (valse anglaise, tango, valse viennoise, slowfox, quickstep), de DANSES SPORTIVES LATINES (samba, chacha, rumba, paso doble, jive), de DANSES DE BAL, de DANSES DE SALONS, de DANSES DE LOISIRS, de SALSA, de ROCK 4 TEMPS, de ROCK 6 TEMPS, de DANSES EN LIGNE, de DISCO, \u2026","sameAs":["https:\/\/vpdanses.fr"],"url":"https:\/\/vpdanses.fr\/home\/bienvenue-chez-vp-danses-hazebrouck\/author\/adminvp20241018\/"}]}},"jetpack_featured_media_url":"https:\/\/vpdanses.fr\/wp-content\/uploads\/2026\/01\/Coaching-Sven-Balcerzak-Trophee-des-Sacres-11-janvier-2026.jpg","uagb_featured_image_src":{"full":["https:\/\/vpdanses.fr\/wp-content\/uploads\/2026\/01\/Coaching-Sven-Balcerzak-Trophee-des-Sacres-11-janvier-2026.jpg",1200,900,false],"thumbnail":["https:\/\/vpdanses.fr\/wp-content\/uploads\/2026\/01\/Coaching-Sven-Balcerzak-Trophee-des-Sacres-11-janvier-2026-150x150.jpg",150,150,true],"medium":["https:\/\/vpdanses.fr\/wp-content\/uploads\/2026\/01\/Coaching-Sven-Balcerzak-Trophee-des-Sacres-11-janvier-2026-300x225.jpg",300,225,true],"medium_large":["https:\/\/vpdanses.fr\/wp-content\/uploads\/2026\/01\/Coaching-Sven-Balcerzak-Trophee-des-Sacres-11-janvier-2026-768x576.jpg",768,576,true],"large":["https:\/\/vpdanses.fr\/wp-content\/uploads\/2026\/01\/Coaching-Sven-Balcerzak-Trophee-des-Sacres-11-janvier-2026-1024x768.jpg",1024,768,true],"1536x1536":["https:\/\/vpdanses.fr\/wp-content\/uploads\/2026\/01\/Coaching-Sven-Balcerzak-Trophee-des-Sacres-11-janvier-2026.jpg",1200,900,false],"2048x2048":["https:\/\/vpdanses.fr\/wp-content\/uploads\/2026\/01\/Coaching-Sven-Balcerzak-Trophee-des-Sacres-11-janvier-2026.jpg",1200,900,false],"vp_sm":["https:\/\/vpdanses.fr\/wp-content\/uploads\/2026\/01\/Coaching-Sven-Balcerzak-Trophee-des-Sacres-11-janvier-2026-500x375.jpg",500,375,true],"vp_md":["https:\/\/vpdanses.fr\/wp-content\/uploads\/2026\/01\/Coaching-Sven-Balcerzak-Trophee-des-Sacres-11-janvier-2026-800x600.jpg",800,600,true],"vp_lg":["https:\/\/vpdanses.fr\/wp-content\/uploads\/2026\/01\/Coaching-Sven-Balcerzak-Trophee-des-Sacres-11-janvier-2026.jpg",1200,900,false],"vp_xl":["https:\/\/vpdanses.fr\/wp-content\/uploads\/2026\/01\/Coaching-Sven-Balcerzak-Trophee-des-Sacres-11-janvier-2026.jpg",1200,900,false],"vp_sm_popup":["https:\/\/vpdanses.fr\/wp-content\/uploads\/2026\/01\/Coaching-Sven-Balcerzak-Trophee-des-Sacres-11-janvier-2026-500x375.jpg",500,375,true],"vp_md_popup":["https:\/\/vpdanses.fr\/wp-content\/uploads\/2026\/01\/Coaching-Sven-Balcerzak-Trophee-des-Sacres-11-janvier-2026-800x600.jpg",800,600,true],"vp_xl_popup":["https:\/\/vpdanses.fr\/wp-content\/uploads\/2026\/01\/Coaching-Sven-Balcerzak-Trophee-des-Sacres-11-janvier-2026.jpg",1200,900,false],"dance-blog-thumb":["https:\/\/vpdanses.fr\/wp-content\/uploads\/2026\/01\/Coaching-Sven-Balcerzak-Trophee-des-Sacres-11-janvier-2026-150x120.jpg",150,120,true],"dance-event-list":["https:\/\/vpdanses.fr\/wp-content\/uploads\/2026\/01\/Coaching-Sven-Balcerzak-Trophee-des-Sacres-11-janvier-2026-420x336.jpg",420,336,true],"dance-event-single-type1":["https:\/\/vpdanses.fr\/wp-content\/uploads\/2026\/01\/Coaching-Sven-Balcerzak-Trophee-des-Sacres-11-janvier-2026-773x520.jpg",773,520,true],"dance-event-single-type4":["https:\/\/vpdanses.fr\/wp-content\/uploads\/2026\/01\/Coaching-Sven-Balcerzak-Trophee-des-Sacres-11-janvier-2026-570x460.jpg",570,460,true],"dance-event-single-type5":["https:\/\/vpdanses.fr\/wp-content\/uploads\/2026\/01\/Coaching-Sven-Balcerzak-Trophee-des-Sacres-11-janvier-2026-746x770.jpg",746,770,true],"dance-event-list2":["https:\/\/vpdanses.fr\/wp-content\/uploads\/2026\/01\/Coaching-Sven-Balcerzak-Trophee-des-Sacres-11-janvier-2026-420x275.jpg",420,275,true]},"uagb_author_info":{"display_name":"VP DANSES","author_link":"https:\/\/vpdanses.fr\/home\/bienvenue-chez-vp-danses-hazebrouck\/author\/adminvp20241018\/"},"uagb_comment_info":0,"uagb_excerpt":"Les comp\u00e9titeurs d\u2019ASCENDANCE remercient leur coach Sven Balcerzak pour son accompagnement p\u00e9dagogique lors du Troph\u00e9e des Sacres de Danse Sportive \u00e0 Reims, un soutien essentiel \u00e0 leur progression et \u00e0 leur performance.","jetpack_sharing_enabled":true,"_links":{"self":[{"href":"https:\/\/vpdanses.fr\/home\/bienvenue-chez-vp-danses-hazebrouck\/wp-json\/wp\/v2\/posts\/14847","targetHints":{"allow":["GET"]}}],"collection":[{"href":"https:\/\/vpdanses.fr\/home\/bienvenue-chez-vp-danses-hazebrouck\/wp-json\/wp\/v2\/posts"}],"about":[{"href":"https:\/\/vpdanses.fr\/home\/bienvenue-chez-vp-danses-hazebrouck\/wp-json\/wp\/v2\/types\/post"}],"author":[{"embeddable":true,"href":"https:\/\/vpdanses.fr\/home\/bienvenue-chez-vp-danses-hazebrouck\/wp-json\/wp\/v2\/users\/1"}],"replies":[{"embeddable":true,"href":"https:\/\/vpdanses.fr\/home\/bienvenue-chez-vp-danses-hazebrouck\/wp-json\/wp\/v2\/comments?post=14847"}],"version-history":[{"count":3,"href":"https:\/\/vpdanses.fr\/home\/bienvenue-chez-vp-danses-hazebrouck\/wp-json\/wp\/v2\/posts\/14847\/revisions"}],"predecessor-version":[{"id":14854,"href":"https:\/\/vpdanses.fr\/home\/bienvenue-chez-vp-danses-hazebrouck\/wp-json\/wp\/v2\/posts\/14847\/revisions\/14854"}],"wp:featuredmedia":[{"embeddable":true,"href":"https:\/\/vpdanses.fr\/home\/bienvenue-chez-vp-danses-hazebrouck\/wp-json\/wp\/v2\/media\/14850"}],"wp:attachment":[{"href":"https:\/\/vpdanses.fr\/home\/bienvenue-chez-vp-danses-hazebrouck\/wp-json\/wp\/v2\/media?parent=14847"}],"wp:term":[{"taxonomy":"category","embeddable":true,"href":"https:\/\/vpdanses.fr\/home\/bienvenue-chez-vp-danses-hazebrouck\/wp-json\/wp\/v2\/categories?post=14847"},{"taxonomy":"post_tag","embeddable":true,"href":"https:\/\/vpdanses.fr\/home\/bienvenue-chez-vp-danses-hazebrouck\/wp-json\/wp\/v2\/tags?post=14847"}],"curies":[{"name":"wp","href":"https:\/\/api.w.org\/{rel}","templated":true}]}}