{"id":14876,"date":"2026-03-15T16:28:12","date_gmt":"2026-03-15T15:28:12","guid":{"rendered":"https:\/\/vpdanses.fr\/home\/bienvenue-chez-vp-danses-hazebrouck\/?p=14876"},"modified":"2026-03-15T16:42:13","modified_gmt":"2026-03-15T15:42:13","slug":"stage-salsa-cubaine-rumba-debutants-planetaire-aire-sur-la-lys","status":"publish","type":"post","link":"https:\/\/vpdanses.fr\/home\/bienvenue-chez-vp-danses-hazebrouck\/stage-salsa-cubaine-rumba-debutants-planetaire-aire-sur-la-lys\/","title":{"rendered":"Stage de Salsa Cubaine et de Rumba \u2013 15 mars 2026 \u00e0 Planet&rsquo;Aire"},"content":{"rendered":"\n<h2 class=\"wp-block-heading\" id=\"h-un-stage-dans-la-bonne-humeur\">Un stage dans la bonne humeur !<\/h2>\n\n\n\n<p>Ce dimanche 15 mars 2026, les VP Danseurs\u00b7euses \u00e9taient au rendez-vous \u00e0\u00a0<strong>Planet&rsquo;Aire \u2013 Aire-sur-la-Lys<\/strong>\u00a0pour une matin\u00e9e plac\u00e9e sous le signe de la\u00a0<strong>Danse Latine<\/strong>\u00a0! Une belle \u00e9nergie, de la bonne humeur et une vraie envie d&rsquo;apprendre ont anim\u00e9 la piste de danse de 10h \u00e0 12h. Merci \u00e0 tous\u00b7tes les participants\u00b7es pour leur enthousiasme et leur implication ! <\/p>\n\n\n\n<h2 class=\"wp-block-heading\" id=\"h-au-programme-de-ce-stage\">Au programme de ce stage<\/h2>\n\n\n\n<p>Ce stage niveau&nbsp;<strong>D\u00e9butants<\/strong>&nbsp;\u00e9tait compos\u00e9 de deux sessions compl\u00e9mentaires :<\/p>\n\n\n\n<p><strong>Salsa Cubaine \u2013 10h \u00e0 11h<\/strong>\u00a0Une heure pour d\u00e9couvrir ou approfondir les bases de la Salsa Cubaine : le pas de base, le rythme, la coordination et le plaisir de danser ensemble !<\/p>\n\n\n\n<p><strong>Rumba \u2013 11h \u00e0 12h<\/strong>\u00a0Une heure d\u00e9di\u00e9e \u00e0 la Rumba, danse latine par excellence, pour travailler la fluidit\u00e9 des mouvements, la sensibilit\u00e9 musicale et la connexion avec son partenaire.<\/p>\n\n\n\n<p>Grande salle de danse \u00e0 l&rsquo;\u00e9tage \u2013 Planet&rsquo;Aire, Aire-sur-la-Lys (62120) &#8211; 8\u20ac par personne pour la session de 2h  &#8211; R\u00e8glement sur place : esp\u00e8ces, ch\u00e8que, CB ou Coupon Sport ANCV<\/p>\n\n\n\n<h2 class=\"wp-block-heading\" id=\"h-pourquoi-apprendre-la-salsa-cubaine-et-la-rumba\">Pourquoi apprendre la Salsa Cubaine et la Rumba ?<\/h2>\n\n\n\n<p>La&nbsp;<strong>Salsa Cubaine<\/strong>&nbsp;et la&nbsp;<strong>Rumba<\/strong>&nbsp;sont deux danses latines incontournables de la danse \u00e0 deux. Compl\u00e9mentaires, elles offrent une progression naturelle et ludique pour les danseurs\u00b7euses d\u00e9butant\u00b7es :<\/p>\n\n\n\n<p>La&nbsp;<strong>Salsa Cubaine<\/strong>&nbsp;d\u00e9veloppe le sens du rythme, la coordination corporelle et l&rsquo;\u00e9nergie. C&rsquo;est une danse conviviale, festive et accessible \u00e0 tous\u00b7tes d\u00e8s le premier cours !<\/p>\n\n\n\n<p>La&nbsp;<strong>Rumba<\/strong>&nbsp;quant \u00e0 elle, invite \u00e0 travailler la fluidit\u00e9, l&rsquo;expression corporelle et la complicit\u00e9 avec son partenaire. Une danse \u00e9l\u00e9gante et sensible qui d\u00e9veloppe l&rsquo;\u00e9coute musicale et la connexion \u00e0 deux.<\/p>\n\n\n\n<p>Ensemble, ces deux danses constituent une excellente base pour progresser rapidement et prendre encore plus de plaisir sur la piste ! <\/p>\n\n\n\n<h2 class=\"wp-block-heading\" id=\"h-les-prochains-stages-vp-danses-a-planet-aire\">Les prochains stages VP DANSES \u00e0 Planet&rsquo;Aire<\/h2>\n\n\n\n<p>Vous avez aim\u00e9 ce stage ? Vous souhaitez continuer \u00e0 progresser ou d\u00e9couvrir de nouvelles danses ? Rendez-vous aux\u00a0<strong>prochains stages VP DANSES<\/strong>\u00a0\u00e0\u00a0<strong><a href=\"https:\/\/www.facebook.com\/profile.php?id=61553786996231\" target=\"_blank\" rel=\"noreferrer noopener\">Planet&rsquo;Aire<\/a> \u2013 Aire-sur-la-Lys<\/strong>\u00a0!<\/p>\n\n\n\n<p><strong>Dimanche 19 avril 2026<\/strong>\u00a0&#8211; <strong>Dimanche 26 avril 2026<\/strong><\/p>\n\n\n\n<p>Lieux : Planet&rsquo;Aire \u2013 1 rue de Constantinople \u2013 62120 <a href=\"https:\/\/www.facebook.com\/airesurlalysofficiel\" target=\"_blank\" rel=\"noreferrer noopener\">Aire-sur-la-Lys<\/a><\/p>\n\n\n\n<p>Les d\u00e9tails du programme de ces prochains stages seront communiqu\u00e9s tr\u00e8s prochainement. Restez connect\u00e9\u00b7es sur notre site et nos r\u00e9seaux sociaux pour ne rien manquer !<\/p>\n\n\n\n<h2 class=\"wp-block-heading\" id=\"h-rejoignez-les-vp-danseurs-euses\">Rejoignez les VP Danseurs\u00b7euses !<\/h2>\n\n\n\n<p>Vous souhaitez apprendre \u00e0 danser \u00e0 deux, d\u00e9couvrir la\u00a0<strong>Danse Sportive<\/strong>\u00a0ou simplement partager un moment convivial sur la piste ?\u00a0<strong><a href=\"https:\/\/vpdanses.fr\/home\/bienvenue-chez-vp-danses-hazebrouck\/cours-collectifs-danses-aire-sur-la-lys-et-saint-jans-cappel\/\" target=\"_blank\" rel=\"noreferrer noopener\">VP DANSES Hazebrouck<\/a><\/strong>\u00a0vous accueille tout au long de l&rsquo;ann\u00e9e avec :<\/p>\n\n\n\n<p>\u2022 Des\u00a0<strong>stages mensuels<\/strong>\u00a0ouverts \u00e0 tous\u00b7tes niveau d\u00e9butants \u2022 Des\u00a0<strong>cours hebdomadaires<\/strong>\u00a0de Danse Sportive \u00e0 Planet&rsquo;Aire  \u2022 Des\u00a0<strong>cours particuliers<\/strong>\u00a0sur rendez-vous \u2022  Une\u00a0<strong>ambiance conviviale<\/strong>\u00a0et bienveillante pour progresser \u00e0 votre rythme<\/p>\n\n\n\n<p>\u2022 Contactez-nous pour plus d&rsquo;informations ou pour vous inscrire : \u2022  <a href=\"mailto:contact@vpdanses.fr\">contact@vpdanses.fr<\/a>\u00a0\u2022  <a href=\"https:\/\/vpdanses.fr\/home\/bienvenue-chez-vp-danses-hazebrouck\/\" target=\"_blank\" rel=\"noreferrer noopener\">vpdanses.fr<\/a><\/p>\n\n\n\n<p><strong>\u00c0 tr\u00e8s bient\u00f4t sur la piste ! <a href=\"https:\/\/www.facebook.com\/vpdanses\/\" target=\"_blank\" rel=\"noreferrer noopener\">VP DANSES<\/a> <a href=\"https:\/\/www.facebook.com\/groups\/1958949394962922\" target=\"_blank\" rel=\"noreferrer noopener\">Hazebrouck<\/a><\/strong><\/p>\n\n\n\n<p><\/p>\n","protected":false},"excerpt":{"rendered":"<p>Ce dimanche 15 mars 2026, VP DANSES Hazebrouck organisait un stage de Salsa Cubaine et de Rumba niveau d\u00e9butants \u00e0 Planet&rsquo;Aire, Aire-sur-la-Lys. Une matin\u00e9e plac\u00e9e sous le signe de la bonne humeur et du partage autour de la danse \u00e0 deux ! Retrouvez les prochaines dates : 19 et 26 avril 2026.<\/p>\n","protected":false},"author":1,"featured_media":14878,"comment_status":"closed","ping_status":"closed","sticky":false,"template":"","format":"standard","meta":{"_uag_custom_page_level_css":"","_price":"","_stock":"","_tribe_ticket_header":"","_tribe_default_ticket_provider":"","_tribe_ticket_capacity":"0","_ticket_start_date":"","_ticket_end_date":"","_tribe_ticket_show_description":"","_tribe_ticket_show_not_going":false,"_tribe_ticket_use_global_stock":"","_tribe_ticket_global_stock_level":"","_global_stock_mode":"","_global_stock_cap":"","_tribe_rsvp_for_event":"","_tribe_ticket_going_count":"","_tribe_ticket_not_going_count":"","_tribe_tickets_list":"[]","_tribe_ticket_has_attendee_info_fields":false,"_EventAllDay":false,"_EventTimezone":"","_EventStartDate":"","_EventEndDate":"","_EventStartDateUTC":"","_EventEndDateUTC":"","_EventShowMap":false,"_EventShowMapLink":false,"_EventURL":"","_EventCost":"","_EventCostDescription":"","_EventCurrencySymbol":"","_EventCurrencyCode":"","_EventCurrencyPosition":"","_EventDateTimeSeparator":"","_EventTimeRangeSeparator":"","_EventOrganizerID":[],"_EventVenueID":[],"_OrganizerEmail":"","_OrganizerPhone":"","_OrganizerWebsite":"","_VenueAddress":"","_VenueCity":"","_VenueCountry":"","_VenueProvince":"","_VenueState":"","_VenueZip":"","_VenuePhone":"","_VenueURL":"","_VenueStateProvince":"","_VenueLat":"","_VenueLng":"","_VenueShowMap":false,"_VenueShowMapLink":false,"_vp_format_video_url":"","_vp_image_focal_point":[],"_jetpack_memberships_contains_paid_content":false,"footnotes":""},"categories":[467,292,86,293,602,159,601],"tags":[],"class_list":["post-14876","post","type-post","status-publish","format-standard","has-post-thumbnail","hentry","category-actualites-vp-danses","category-aire-sur-la-lys","category-autour-dhazebrouck","category-danse-sportive","category-rumba","category-salsa","category-stage-de-danse"],"yoast_head":"<!-- This site is optimized with the Yoast SEO Premium plugin v25.6 (Yoast SEO v25.6) - https:\/\/yoast.com\/wordpress\/plugins\/seo\/ -->\n<title>Stage Salsa Cubaine &amp; Rumba D\u00e9butants \u2013 VP DANSES Aire-sur-la-Lys<\/title>\n<meta name=\"description\" content=\"VP DANSES Hazebrouck organisait le 15 mars 2026 un stage de Salsa Cubaine et Rumba niveau d\u00e9butants \u00e0 Planet&#039;Aire, Aire-sur-la-Lys. Prochaines dates : 19 et 26 avril 2026 !\" \/>\n<meta name=\"robots\" content=\"index, follow, max-snippet:-1, max-image-preview:large, max-video-preview:-1\" \/>\n<link rel=\"canonical\" href=\"https:\/\/vpdanses.fr\/home\/bienvenue-chez-vp-danses-hazebrouck\/stage-salsa-cubaine-rumba-debutants-planetaire-aire-sur-la-lys\/\" \/>\n<meta property=\"og:locale\" content=\"fr_FR\" \/>\n<meta property=\"og:type\" content=\"article\" \/>\n<meta property=\"og:title\" content=\"Stage de Salsa Cubaine &amp; Rumba \u2013 VP DANSES \u2013 15 mars 2026 \u00e0 Planet&#039;Aire\" \/>\n<meta property=\"og:description\" content=\"VP DANSES Hazebrouck organisait le 15 mars 2026 un stage de Salsa Cubaine et Rumba niveau d\u00e9butants \u00e0 Planet&#039;Aire, Aire-sur-la-Lys. Prochaines dates : 19 et 26 avril 2026 !\" \/>\n<meta property=\"og:url\" content=\"https:\/\/vpdanses.fr\/home\/bienvenue-chez-vp-danses-hazebrouck\/stage-salsa-cubaine-rumba-debutants-planetaire-aire-sur-la-lys\/\" \/>\n<meta property=\"og:site_name\" content=\"VP DANSES, cours de Danse Sportive \u00e0 Aire-sur-la-Lys et \u00e0 Saint-Jans-Cappel (Hauts-de-France)\" \/>\n<meta property=\"article:published_time\" content=\"2026-03-15T15:28:12+00:00\" \/>\n<meta property=\"article:modified_time\" content=\"2026-03-15T15:42:13+00:00\" \/>\n<meta property=\"og:image\" content=\"https:\/\/vpdanses.fr\/wp-content\/uploads\/2026\/03\/2026-03-15.Stage-VP-DANSES-salsa-rumba-PlanetAire_groupe.jpg\" \/>\n\t<meta property=\"og:image:width\" content=\"1000\" \/>\n\t<meta property=\"og:image:height\" content=\"750\" \/>\n\t<meta property=\"og:image:type\" content=\"image\/jpeg\" \/>\n<meta name=\"author\" content=\"VP DANSES\" \/>\n<meta name=\"twitter:card\" content=\"summary_large_image\" \/>\n<meta name=\"twitter:title\" content=\"Stage de Salsa Cubaine et de Rumba \u2013 15 mars 2026 \u00e0 Planet&#039;Aire\" \/>\n<meta name=\"twitter:label1\" content=\"\u00c9crit par\" \/>\n\t<meta name=\"twitter:data1\" content=\"VP DANSES\" \/>\n\t<meta name=\"twitter:label2\" content=\"Dur\u00e9e de lecture estim\u00e9e\" \/>\n\t<meta name=\"twitter:data2\" content=\"3 minutes\" \/>\n<script type=\"application\/ld+json\" class=\"yoast-schema-graph\">{\"@context\":\"https:\/\/schema.org\",\"@graph\":[{\"@type\":\"Article\",\"@id\":\"https:\/\/vpdanses.fr\/home\/bienvenue-chez-vp-danses-hazebrouck\/stage-salsa-cubaine-rumba-debutants-planetaire-aire-sur-la-lys\/#article\",\"isPartOf\":{\"@id\":\"https:\/\/vpdanses.fr\/home\/bienvenue-chez-vp-danses-hazebrouck\/stage-salsa-cubaine-rumba-debutants-planetaire-aire-sur-la-lys\/\"},\"author\":{\"name\":\"VP DANSES\",\"@id\":\"https:\/\/vpdanses.fr\/home\/bienvenue-chez-vp-danses-hazebrouck\/#\/schema\/person\/bf87806369778f949b83c9cd885519e5\"},\"headline\":\"Stage de Salsa Cubaine et de Rumba \u2013 15 mars 2026 \u00e0 Planet&rsquo;Aire\",\"datePublished\":\"2026-03-15T15:28:12+00:00\",\"dateModified\":\"2026-03-15T15:42:13+00:00\",\"mainEntityOfPage\":{\"@id\":\"https:\/\/vpdanses.fr\/home\/bienvenue-chez-vp-danses-hazebrouck\/stage-salsa-cubaine-rumba-debutants-planetaire-aire-sur-la-lys\/\"},\"wordCount\":469,\"publisher\":{\"@id\":\"https:\/\/vpdanses.fr\/home\/bienvenue-chez-vp-danses-hazebrouck\/#organization\"},\"image\":{\"@id\":\"https:\/\/vpdanses.fr\/home\/bienvenue-chez-vp-danses-hazebrouck\/stage-salsa-cubaine-rumba-debutants-planetaire-aire-sur-la-lys\/#primaryimage\"},\"thumbnailUrl\":\"https:\/\/vpdanses.fr\/wp-content\/uploads\/2026\/03\/2026-03-15.Stage-VP-DANSES-salsa-rumba-PlanetAire_groupe.jpg\",\"articleSection\":[\"Actualit\u00e9s VP DANSES\",\"Aire-sur-la-Lys\",\"Autour d'Hazebrouck\",\"DANSE SPORTIVE\",\"Rumba\",\"Salsa\",\"Stage de danse\"],\"inLanguage\":\"fr-FR\"},{\"@type\":\"WebPage\",\"@id\":\"https:\/\/vpdanses.fr\/home\/bienvenue-chez-vp-danses-hazebrouck\/stage-salsa-cubaine-rumba-debutants-planetaire-aire-sur-la-lys\/\",\"url\":\"https:\/\/vpdanses.fr\/home\/bienvenue-chez-vp-danses-hazebrouck\/stage-salsa-cubaine-rumba-debutants-planetaire-aire-sur-la-lys\/\",\"name\":\"Stage Salsa Cubaine & Rumba D\u00e9butants \u2013 VP DANSES Aire-sur-la-Lys\",\"isPartOf\":{\"@id\":\"https:\/\/vpdanses.fr\/home\/bienvenue-chez-vp-danses-hazebrouck\/#website\"},\"primaryImageOfPage\":{\"@id\":\"https:\/\/vpdanses.fr\/home\/bienvenue-chez-vp-danses-hazebrouck\/stage-salsa-cubaine-rumba-debutants-planetaire-aire-sur-la-lys\/#primaryimage\"},\"image\":{\"@id\":\"https:\/\/vpdanses.fr\/home\/bienvenue-chez-vp-danses-hazebrouck\/stage-salsa-cubaine-rumba-debutants-planetaire-aire-sur-la-lys\/#primaryimage\"},\"thumbnailUrl\":\"https:\/\/vpdanses.fr\/wp-content\/uploads\/2026\/03\/2026-03-15.Stage-VP-DANSES-salsa-rumba-PlanetAire_groupe.jpg\",\"datePublished\":\"2026-03-15T15:28:12+00:00\",\"dateModified\":\"2026-03-15T15:42:13+00:00\",\"description\":\"VP DANSES Hazebrouck organisait le 15 mars 2026 un stage de Salsa Cubaine et Rumba niveau d\u00e9butants \u00e0 Planet'Aire, Aire-sur-la-Lys. Prochaines dates : 19 et 26 avril 2026 !\",\"breadcrumb\":{\"@id\":\"https:\/\/vpdanses.fr\/home\/bienvenue-chez-vp-danses-hazebrouck\/stage-salsa-cubaine-rumba-debutants-planetaire-aire-sur-la-lys\/#breadcrumb\"},\"inLanguage\":\"fr-FR\",\"potentialAction\":[{\"@type\":\"ReadAction\",\"target\":[\"https:\/\/vpdanses.fr\/home\/bienvenue-chez-vp-danses-hazebrouck\/stage-salsa-cubaine-rumba-debutants-planetaire-aire-sur-la-lys\/\"]}]},{\"@type\":\"ImageObject\",\"inLanguage\":\"fr-FR\",\"@id\":\"https:\/\/vpdanses.fr\/home\/bienvenue-chez-vp-danses-hazebrouck\/stage-salsa-cubaine-rumba-debutants-planetaire-aire-sur-la-lys\/#primaryimage\",\"url\":\"https:\/\/vpdanses.fr\/wp-content\/uploads\/2026\/03\/2026-03-15.Stage-VP-DANSES-salsa-rumba-PlanetAire_groupe.jpg\",\"contentUrl\":\"https:\/\/vpdanses.fr\/wp-content\/uploads\/2026\/03\/2026-03-15.Stage-VP-DANSES-salsa-rumba-PlanetAire_groupe.jpg\",\"width\":1000,\"height\":750,\"caption\":\"Photo de groupe stage Salsa Cubaine Rumba d\u00e9butants VP DANSES Planet'Aire Aire-sur-la-Lys 15 mars 2026\"},{\"@type\":\"BreadcrumbList\",\"@id\":\"https:\/\/vpdanses.fr\/home\/bienvenue-chez-vp-danses-hazebrouck\/stage-salsa-cubaine-rumba-debutants-planetaire-aire-sur-la-lys\/#breadcrumb\",\"itemListElement\":[{\"@type\":\"ListItem\",\"position\":1,\"name\":\"Accueil\",\"item\":\"https:\/\/vpdanses.fr\/home\/bienvenue-chez-vp-danses-hazebrouck\/\"},{\"@type\":\"ListItem\",\"position\":2,\"name\":\"Stage de Salsa Cubaine et de Rumba \u2013 15 mars 2026 \u00e0 Planet&rsquo;Aire\"}]},{\"@type\":\"WebSite\",\"@id\":\"https:\/\/vpdanses.fr\/home\/bienvenue-chez-vp-danses-hazebrouck\/#website\",\"url\":\"https:\/\/vpdanses.fr\/home\/bienvenue-chez-vp-danses-hazebrouck\/\",\"name\":\"VP DANSES, cours de Danse Sportive \u00e0 Aire-sur-la-Lys et \u00e0 Saint-Jans-Cappel (Hauts-de-France)\",\"description\":\"Cours de Danse Sportive STANDARD (valse anglaise, tango, valse viennoise, slowfox, quickstep), danses sportives LATINES (samba, chacha, rumba, paso doble, jive), danses de bal, danses de salons, danses de loisirs, salsa, rock 4 temps, rock 6 temps, danses en ligne, disco, \u2026 Lieu : Hazebrouck, Aire-sur-la-Lys, Saint-Jans-Cappel et Isbergues (Hauts-de-France) - Cours Particuliers dans les Hauts-de-France - Ouverture de bal de Mariage\",\"publisher\":{\"@id\":\"https:\/\/vpdanses.fr\/home\/bienvenue-chez-vp-danses-hazebrouck\/#organization\"},\"potentialAction\":[{\"@type\":\"SearchAction\",\"target\":{\"@type\":\"EntryPoint\",\"urlTemplate\":\"https:\/\/vpdanses.fr\/home\/bienvenue-chez-vp-danses-hazebrouck\/?s={search_term_string}\"},\"query-input\":{\"@type\":\"PropertyValueSpecification\",\"valueRequired\":true,\"valueName\":\"search_term_string\"}}],\"inLanguage\":\"fr-FR\"},{\"@type\":\"Organization\",\"@id\":\"https:\/\/vpdanses.fr\/home\/bienvenue-chez-vp-danses-hazebrouck\/#organization\",\"name\":\"VP DANSES, cours de Danse Sportive \u00e0 Aire-sur-la-Lys et \u00e0 Saint-Jans-Cappel (Hauts-de-France)\",\"url\":\"https:\/\/vpdanses.fr\/home\/bienvenue-chez-vp-danses-hazebrouck\/\",\"logo\":{\"@type\":\"ImageObject\",\"inLanguage\":\"fr-FR\",\"@id\":\"https:\/\/vpdanses.fr\/home\/bienvenue-chez-vp-danses-hazebrouck\/#\/schema\/logo\/image\/\",\"url\":\"https:\/\/vpdanses.fr\/wp-content\/uploads\/2024\/10\/logo_cadanse_asaintjans.jpeg\",\"contentUrl\":\"https:\/\/vpdanses.fr\/wp-content\/uploads\/2024\/10\/logo_cadanse_asaintjans.jpeg\",\"width\":225,\"height\":225,\"caption\":\"VP DANSES, cours de Danse Sportive \u00e0 Aire-sur-la-Lys et \u00e0 Saint-Jans-Cappel (Hauts-de-France)\"},\"image\":{\"@id\":\"https:\/\/vpdanses.fr\/home\/bienvenue-chez-vp-danses-hazebrouck\/#\/schema\/logo\/image\/\"}},{\"@type\":\"Person\",\"@id\":\"https:\/\/vpdanses.fr\/home\/bienvenue-chez-vp-danses-hazebrouck\/#\/schema\/person\/bf87806369778f949b83c9cd885519e5\",\"name\":\"VP DANSES\",\"description\":\"\\\"VP danses\\\" est une association qui donne des cours de DANSES SPORTIVES STANDARDS (valse anglaise, tango, valse viennoise, slowfox, quickstep), de DANSES SPORTIVES LATINES (samba, chacha, rumba, paso doble, jive), de DANSES DE BAL, de DANSES DE SALONS, de DANSES DE LOISIRS, de SALSA, de ROCK 4 TEMPS, de ROCK 6 TEMPS, de DANSES EN LIGNE, de DISCO, \u2026\",\"sameAs\":[\"https:\/\/vpdanses.fr\"],\"url\":\"https:\/\/vpdanses.fr\/home\/bienvenue-chez-vp-danses-hazebrouck\/author\/adminvp20241018\/\"}]}<\/script>\n<!-- \/ Yoast SEO Premium plugin. -->","yoast_head_json":{"title":"Stage Salsa Cubaine & Rumba D\u00e9butants \u2013 VP DANSES Aire-sur-la-Lys","description":"VP DANSES Hazebrouck organisait le 15 mars 2026 un stage de Salsa Cubaine et Rumba niveau d\u00e9butants \u00e0 Planet'Aire, Aire-sur-la-Lys. Prochaines dates : 19 et 26 avril 2026 !","robots":{"index":"index","follow":"follow","max-snippet":"max-snippet:-1","max-image-preview":"max-image-preview:large","max-video-preview":"max-video-preview:-1"},"canonical":"https:\/\/vpdanses.fr\/home\/bienvenue-chez-vp-danses-hazebrouck\/stage-salsa-cubaine-rumba-debutants-planetaire-aire-sur-la-lys\/","og_locale":"fr_FR","og_type":"article","og_title":"Stage de Salsa Cubaine & Rumba \u2013 VP DANSES \u2013 15 mars 2026 \u00e0 Planet'Aire","og_description":"VP DANSES Hazebrouck organisait le 15 mars 2026 un stage de Salsa Cubaine et Rumba niveau d\u00e9butants \u00e0 Planet'Aire, Aire-sur-la-Lys. Prochaines dates : 19 et 26 avril 2026 !","og_url":"https:\/\/vpdanses.fr\/home\/bienvenue-chez-vp-danses-hazebrouck\/stage-salsa-cubaine-rumba-debutants-planetaire-aire-sur-la-lys\/","og_site_name":"VP DANSES, cours de Danse Sportive \u00e0 Aire-sur-la-Lys et \u00e0 Saint-Jans-Cappel (Hauts-de-France)","article_published_time":"2026-03-15T15:28:12+00:00","article_modified_time":"2026-03-15T15:42:13+00:00","og_image":[{"width":1000,"height":750,"url":"https:\/\/vpdanses.fr\/wp-content\/uploads\/2026\/03\/2026-03-15.Stage-VP-DANSES-salsa-rumba-PlanetAire_groupe.jpg","type":"image\/jpeg"}],"author":"VP DANSES","twitter_card":"summary_large_image","twitter_title":"Stage de Salsa Cubaine et de Rumba \u2013 15 mars 2026 \u00e0 Planet'Aire","twitter_misc":{"\u00c9crit par":"VP DANSES","Dur\u00e9e de lecture estim\u00e9e":"3 minutes"},"schema":{"@context":"https:\/\/schema.org","@graph":[{"@type":"Article","@id":"https:\/\/vpdanses.fr\/home\/bienvenue-chez-vp-danses-hazebrouck\/stage-salsa-cubaine-rumba-debutants-planetaire-aire-sur-la-lys\/#article","isPartOf":{"@id":"https:\/\/vpdanses.fr\/home\/bienvenue-chez-vp-danses-hazebrouck\/stage-salsa-cubaine-rumba-debutants-planetaire-aire-sur-la-lys\/"},"author":{"name":"VP DANSES","@id":"https:\/\/vpdanses.fr\/home\/bienvenue-chez-vp-danses-hazebrouck\/#\/schema\/person\/bf87806369778f949b83c9cd885519e5"},"headline":"Stage de Salsa Cubaine et de Rumba \u2013 15 mars 2026 \u00e0 Planet&rsquo;Aire","datePublished":"2026-03-15T15:28:12+00:00","dateModified":"2026-03-15T15:42:13+00:00","mainEntityOfPage":{"@id":"https:\/\/vpdanses.fr\/home\/bienvenue-chez-vp-danses-hazebrouck\/stage-salsa-cubaine-rumba-debutants-planetaire-aire-sur-la-lys\/"},"wordCount":469,"publisher":{"@id":"https:\/\/vpdanses.fr\/home\/bienvenue-chez-vp-danses-hazebrouck\/#organization"},"image":{"@id":"https:\/\/vpdanses.fr\/home\/bienvenue-chez-vp-danses-hazebrouck\/stage-salsa-cubaine-rumba-debutants-planetaire-aire-sur-la-lys\/#primaryimage"},"thumbnailUrl":"https:\/\/vpdanses.fr\/wp-content\/uploads\/2026\/03\/2026-03-15.Stage-VP-DANSES-salsa-rumba-PlanetAire_groupe.jpg","articleSection":["Actualit\u00e9s VP DANSES","Aire-sur-la-Lys","Autour d'Hazebrouck","DANSE SPORTIVE","Rumba","Salsa","Stage de danse"],"inLanguage":"fr-FR"},{"@type":"WebPage","@id":"https:\/\/vpdanses.fr\/home\/bienvenue-chez-vp-danses-hazebrouck\/stage-salsa-cubaine-rumba-debutants-planetaire-aire-sur-la-lys\/","url":"https:\/\/vpdanses.fr\/home\/bienvenue-chez-vp-danses-hazebrouck\/stage-salsa-cubaine-rumba-debutants-planetaire-aire-sur-la-lys\/","name":"Stage Salsa Cubaine & Rumba D\u00e9butants \u2013 VP DANSES Aire-sur-la-Lys","isPartOf":{"@id":"https:\/\/vpdanses.fr\/home\/bienvenue-chez-vp-danses-hazebrouck\/#website"},"primaryImageOfPage":{"@id":"https:\/\/vpdanses.fr\/home\/bienvenue-chez-vp-danses-hazebrouck\/stage-salsa-cubaine-rumba-debutants-planetaire-aire-sur-la-lys\/#primaryimage"},"image":{"@id":"https:\/\/vpdanses.fr\/home\/bienvenue-chez-vp-danses-hazebrouck\/stage-salsa-cubaine-rumba-debutants-planetaire-aire-sur-la-lys\/#primaryimage"},"thumbnailUrl":"https:\/\/vpdanses.fr\/wp-content\/uploads\/2026\/03\/2026-03-15.Stage-VP-DANSES-salsa-rumba-PlanetAire_groupe.jpg","datePublished":"2026-03-15T15:28:12+00:00","dateModified":"2026-03-15T15:42:13+00:00","description":"VP DANSES Hazebrouck organisait le 15 mars 2026 un stage de Salsa Cubaine et Rumba niveau d\u00e9butants \u00e0 Planet'Aire, Aire-sur-la-Lys. Prochaines dates : 19 et 26 avril 2026 !","breadcrumb":{"@id":"https:\/\/vpdanses.fr\/home\/bienvenue-chez-vp-danses-hazebrouck\/stage-salsa-cubaine-rumba-debutants-planetaire-aire-sur-la-lys\/#breadcrumb"},"inLanguage":"fr-FR","potentialAction":[{"@type":"ReadAction","target":["https:\/\/vpdanses.fr\/home\/bienvenue-chez-vp-danses-hazebrouck\/stage-salsa-cubaine-rumba-debutants-planetaire-aire-sur-la-lys\/"]}]},{"@type":"ImageObject","inLanguage":"fr-FR","@id":"https:\/\/vpdanses.fr\/home\/bienvenue-chez-vp-danses-hazebrouck\/stage-salsa-cubaine-rumba-debutants-planetaire-aire-sur-la-lys\/#primaryimage","url":"https:\/\/vpdanses.fr\/wp-content\/uploads\/2026\/03\/2026-03-15.Stage-VP-DANSES-salsa-rumba-PlanetAire_groupe.jpg","contentUrl":"https:\/\/vpdanses.fr\/wp-content\/uploads\/2026\/03\/2026-03-15.Stage-VP-DANSES-salsa-rumba-PlanetAire_groupe.jpg","width":1000,"height":750,"caption":"Photo de groupe stage Salsa Cubaine Rumba d\u00e9butants VP DANSES Planet'Aire Aire-sur-la-Lys 15 mars 2026"},{"@type":"BreadcrumbList","@id":"https:\/\/vpdanses.fr\/home\/bienvenue-chez-vp-danses-hazebrouck\/stage-salsa-cubaine-rumba-debutants-planetaire-aire-sur-la-lys\/#breadcrumb","itemListElement":[{"@type":"ListItem","position":1,"name":"Accueil","item":"https:\/\/vpdanses.fr\/home\/bienvenue-chez-vp-danses-hazebrouck\/"},{"@type":"ListItem","position":2,"name":"Stage de Salsa Cubaine et de Rumba \u2013 15 mars 2026 \u00e0 Planet&rsquo;Aire"}]},{"@type":"WebSite","@id":"https:\/\/vpdanses.fr\/home\/bienvenue-chez-vp-danses-hazebrouck\/#website","url":"https:\/\/vpdanses.fr\/home\/bienvenue-chez-vp-danses-hazebrouck\/","name":"VP DANSES, cours de Danse Sportive \u00e0 Aire-sur-la-Lys et \u00e0 Saint-Jans-Cappel (Hauts-de-France)","description":"Cours de Danse Sportive STANDARD (valse anglaise, tango, valse viennoise, slowfox, quickstep), danses sportives LATINES (samba, chacha, rumba, paso doble, jive), danses de bal, danses de salons, danses de loisirs, salsa, rock 4 temps, rock 6 temps, danses en ligne, disco, \u2026 Lieu : Hazebrouck, Aire-sur-la-Lys, Saint-Jans-Cappel et Isbergues (Hauts-de-France) - Cours Particuliers dans les Hauts-de-France - Ouverture de bal de Mariage","publisher":{"@id":"https:\/\/vpdanses.fr\/home\/bienvenue-chez-vp-danses-hazebrouck\/#organization"},"potentialAction":[{"@type":"SearchAction","target":{"@type":"EntryPoint","urlTemplate":"https:\/\/vpdanses.fr\/home\/bienvenue-chez-vp-danses-hazebrouck\/?s={search_term_string}"},"query-input":{"@type":"PropertyValueSpecification","valueRequired":true,"valueName":"search_term_string"}}],"inLanguage":"fr-FR"},{"@type":"Organization","@id":"https:\/\/vpdanses.fr\/home\/bienvenue-chez-vp-danses-hazebrouck\/#organization","name":"VP DANSES, cours de Danse Sportive \u00e0 Aire-sur-la-Lys et \u00e0 Saint-Jans-Cappel (Hauts-de-France)","url":"https:\/\/vpdanses.fr\/home\/bienvenue-chez-vp-danses-hazebrouck\/","logo":{"@type":"ImageObject","inLanguage":"fr-FR","@id":"https:\/\/vpdanses.fr\/home\/bienvenue-chez-vp-danses-hazebrouck\/#\/schema\/logo\/image\/","url":"https:\/\/vpdanses.fr\/wp-content\/uploads\/2024\/10\/logo_cadanse_asaintjans.jpeg","contentUrl":"https:\/\/vpdanses.fr\/wp-content\/uploads\/2024\/10\/logo_cadanse_asaintjans.jpeg","width":225,"height":225,"caption":"VP DANSES, cours de Danse Sportive \u00e0 Aire-sur-la-Lys et \u00e0 Saint-Jans-Cappel (Hauts-de-France)"},"image":{"@id":"https:\/\/vpdanses.fr\/home\/bienvenue-chez-vp-danses-hazebrouck\/#\/schema\/logo\/image\/"}},{"@type":"Person","@id":"https:\/\/vpdanses.fr\/home\/bienvenue-chez-vp-danses-hazebrouck\/#\/schema\/person\/bf87806369778f949b83c9cd885519e5","name":"VP DANSES","description":"\"VP danses\" est une association qui donne des cours de DANSES SPORTIVES STANDARDS (valse anglaise, tango, valse viennoise, slowfox, quickstep), de DANSES SPORTIVES LATINES (samba, chacha, rumba, paso doble, jive), de DANSES DE BAL, de DANSES DE SALONS, de DANSES DE LOISIRS, de SALSA, de ROCK 4 TEMPS, de ROCK 6 TEMPS, de DANSES EN LIGNE, de DISCO, \u2026","sameAs":["https:\/\/vpdanses.fr"],"url":"https:\/\/vpdanses.fr\/home\/bienvenue-chez-vp-danses-hazebrouck\/author\/adminvp20241018\/"}]}},"jetpack_featured_media_url":"https:\/\/vpdanses.fr\/wp-content\/uploads\/2026\/03\/2026-03-15.Stage-VP-DANSES-salsa-rumba-PlanetAire_groupe.jpg","uagb_featured_image_src":{"full":["https:\/\/vpdanses.fr\/wp-content\/uploads\/2026\/03\/2026-03-15.Stage-VP-DANSES-salsa-rumba-PlanetAire_groupe.jpg",1000,750,false],"thumbnail":["https:\/\/vpdanses.fr\/wp-content\/uploads\/2026\/03\/2026-03-15.Stage-VP-DANSES-salsa-rumba-PlanetAire_groupe-150x150.jpg",150,150,true],"medium":["https:\/\/vpdanses.fr\/wp-content\/uploads\/2026\/03\/2026-03-15.Stage-VP-DANSES-salsa-rumba-PlanetAire_groupe-300x225.jpg",300,225,true],"medium_large":["https:\/\/vpdanses.fr\/wp-content\/uploads\/2026\/03\/2026-03-15.Stage-VP-DANSES-salsa-rumba-PlanetAire_groupe-768x576.jpg",768,576,true],"large":["https:\/\/vpdanses.fr\/wp-content\/uploads\/2026\/03\/2026-03-15.Stage-VP-DANSES-salsa-rumba-PlanetAire_groupe.jpg",1000,750,false],"1536x1536":["https:\/\/vpdanses.fr\/wp-content\/uploads\/2026\/03\/2026-03-15.Stage-VP-DANSES-salsa-rumba-PlanetAire_groupe.jpg",1000,750,false],"2048x2048":["https:\/\/vpdanses.fr\/wp-content\/uploads\/2026\/03\/2026-03-15.Stage-VP-DANSES-salsa-rumba-PlanetAire_groupe.jpg",1000,750,false],"vp_sm":["https:\/\/vpdanses.fr\/wp-content\/uploads\/2026\/03\/2026-03-15.Stage-VP-DANSES-salsa-rumba-PlanetAire_groupe-500x375.jpg",500,375,true],"vp_md":["https:\/\/vpdanses.fr\/wp-content\/uploads\/2026\/03\/2026-03-15.Stage-VP-DANSES-salsa-rumba-PlanetAire_groupe-800x600.jpg",800,600,true],"vp_lg":["https:\/\/vpdanses.fr\/wp-content\/uploads\/2026\/03\/2026-03-15.Stage-VP-DANSES-salsa-rumba-PlanetAire_groupe.jpg",1000,750,false],"vp_xl":["https:\/\/vpdanses.fr\/wp-content\/uploads\/2026\/03\/2026-03-15.Stage-VP-DANSES-salsa-rumba-PlanetAire_groupe.jpg",1000,750,false],"vp_sm_popup":["https:\/\/vpdanses.fr\/wp-content\/uploads\/2026\/03\/2026-03-15.Stage-VP-DANSES-salsa-rumba-PlanetAire_groupe-500x375.jpg",500,375,true],"vp_md_popup":["https:\/\/vpdanses.fr\/wp-content\/uploads\/2026\/03\/2026-03-15.Stage-VP-DANSES-salsa-rumba-PlanetAire_groupe-800x600.jpg",800,600,true],"vp_xl_popup":["https:\/\/vpdanses.fr\/wp-content\/uploads\/2026\/03\/2026-03-15.Stage-VP-DANSES-salsa-rumba-PlanetAire_groupe.jpg",1000,750,false],"dance-blog-thumb":["https:\/\/vpdanses.fr\/wp-content\/uploads\/2026\/03\/2026-03-15.Stage-VP-DANSES-salsa-rumba-PlanetAire_groupe-150x120.jpg",150,120,true],"dance-event-list":["https:\/\/vpdanses.fr\/wp-content\/uploads\/2026\/03\/2026-03-15.Stage-VP-DANSES-salsa-rumba-PlanetAire_groupe-420x336.jpg",420,336,true],"dance-event-single-type1":["https:\/\/vpdanses.fr\/wp-content\/uploads\/2026\/03\/2026-03-15.Stage-VP-DANSES-salsa-rumba-PlanetAire_groupe-773x520.jpg",773,520,true],"dance-event-single-type4":["https:\/\/vpdanses.fr\/wp-content\/uploads\/2026\/03\/2026-03-15.Stage-VP-DANSES-salsa-rumba-PlanetAire_groupe-570x460.jpg",570,460,true],"dance-event-single-type5":["https:\/\/vpdanses.fr\/wp-content\/uploads\/2026\/03\/2026-03-15.Stage-VP-DANSES-salsa-rumba-PlanetAire_groupe-746x750.jpg",746,750,true],"dance-event-list2":["https:\/\/vpdanses.fr\/wp-content\/uploads\/2026\/03\/2026-03-15.Stage-VP-DANSES-salsa-rumba-PlanetAire_groupe-420x275.jpg",420,275,true]},"uagb_author_info":{"display_name":"VP DANSES","author_link":"https:\/\/vpdanses.fr\/home\/bienvenue-chez-vp-danses-hazebrouck\/author\/adminvp20241018\/"},"uagb_comment_info":0,"uagb_excerpt":"Ce dimanche 15 mars 2026, VP DANSES Hazebrouck organisait un stage de Salsa Cubaine et de Rumba niveau d\u00e9butants \u00e0 Planet'Aire, Aire-sur-la-Lys. Une matin\u00e9e plac\u00e9e sous le signe de la bonne humeur et du partage autour de la danse \u00e0 deux ! Retrouvez les prochaines dates : 19 et 26 avril 2026.","jetpack_sharing_enabled":true,"_links":{"self":[{"href":"https:\/\/vpdanses.fr\/home\/bienvenue-chez-vp-danses-hazebrouck\/wp-json\/wp\/v2\/posts\/14876","targetHints":{"allow":["GET"]}}],"collection":[{"href":"https:\/\/vpdanses.fr\/home\/bienvenue-chez-vp-danses-hazebrouck\/wp-json\/wp\/v2\/posts"}],"about":[{"href":"https:\/\/vpdanses.fr\/home\/bienvenue-chez-vp-danses-hazebrouck\/wp-json\/wp\/v2\/types\/post"}],"author":[{"embeddable":true,"href":"https:\/\/vpdanses.fr\/home\/bienvenue-chez-vp-danses-hazebrouck\/wp-json\/wp\/v2\/users\/1"}],"replies":[{"embeddable":true,"href":"https:\/\/vpdanses.fr\/home\/bienvenue-chez-vp-danses-hazebrouck\/wp-json\/wp\/v2\/comments?post=14876"}],"version-history":[{"count":4,"href":"https:\/\/vpdanses.fr\/home\/bienvenue-chez-vp-danses-hazebrouck\/wp-json\/wp\/v2\/posts\/14876\/revisions"}],"predecessor-version":[{"id":14883,"href":"https:\/\/vpdanses.fr\/home\/bienvenue-chez-vp-danses-hazebrouck\/wp-json\/wp\/v2\/posts\/14876\/revisions\/14883"}],"wp:featuredmedia":[{"embeddable":true,"href":"https:\/\/vpdanses.fr\/home\/bienvenue-chez-vp-danses-hazebrouck\/wp-json\/wp\/v2\/media\/14878"}],"wp:attachment":[{"href":"https:\/\/vpdanses.fr\/home\/bienvenue-chez-vp-danses-hazebrouck\/wp-json\/wp\/v2\/media?parent=14876"}],"wp:term":[{"taxonomy":"category","embeddable":true,"href":"https:\/\/vpdanses.fr\/home\/bienvenue-chez-vp-danses-hazebrouck\/wp-json\/wp\/v2\/categories?post=14876"},{"taxonomy":"post_tag","embeddable":true,"href":"https:\/\/vpdanses.fr\/home\/bienvenue-chez-vp-danses-hazebrouck\/wp-json\/wp\/v2\/tags?post=14876"}],"curies":[{"name":"wp","href":"https:\/\/api.w.org\/{rel}","templated":true}]}}