{"id":14925,"date":"2026-04-16T19:25:52","date_gmt":"2026-04-16T17:25:52","guid":{"rendered":"https:\/\/vpdanses.fr\/home\/bienvenue-chez-vp-danses-hazebrouck\/?p=14925"},"modified":"2026-04-16T19:49:14","modified_gmt":"2026-04-16T17:49:14","slug":"vp-danses-ascendance-creativdanse-a-lhonneur-echo-de-la-lys-cergy-pontoise","status":"publish","type":"post","link":"https:\/\/vpdanses.fr\/home\/bienvenue-chez-vp-danses-hazebrouck\/vp-danses-ascendance-creativdanse-a-lhonneur-echo-de-la-lys-cergy-pontoise\/","title":{"rendered":"VP DANSES \u00e0 l\u2019honneur dans\u00a0L\u2019\u00c9cho de la Lys"},"content":{"rendered":"\n<h2 class=\"wp-block-heading\" id=\"h-une-reconnaissance-regionale-pour-la-danse-sportive-dans-les-hauts-de-france\">Une reconnaissance r\u00e9gionale pour la Danse Sportive dans les Hauts-de-France<\/h2>\n\n\n\n<p>L\u2019association\u00a0<strong>VP DANSES<\/strong>, bas\u00e9e \u00e0\u00a0<a href=\"https:\/\/www.ville-hazebrouck.fr\" target=\"_blank\" rel=\"noreferrer noopener\"><strong>Hazebrouck (59190)<\/strong>,<\/a> est mise \u00e0 l\u2019honneur dans le journal\u00a0<em>L\u2019\u00c9cho de la Lys<\/em>.<br>Une belle reconnaissance pour la\u00a0<strong><a href=\"https:\/\/vpdanses.fr\/home\/bienvenue-chez-vp-danses-hazebrouck\/cours-collectifs-danses-aire-sur-la-lys-et-saint-jans-cappel\/\" target=\"_blank\" rel=\"noreferrer noopener\">Danse Sportive<\/a><\/strong>\u00a0et pour le travail men\u00e9 localement dans les\u00a0<strong>Flandres<\/strong>, en partenariat avec plusieurs structures du territoire.<\/p>\n\n\n\n<p>Dans son \u00e9dition du\u00a0<strong>16 avril 2026<\/strong>,\u00a0<em><strong><a href=\"https:\/\/www.nordlittoral.fr\/l-echo-de-la-lys\/la-une\" target=\"_blank\" rel=\"noreferrer noopener\">L\u2019\u00c9cho de la Lys<\/a><\/strong><\/em>\u00a0revient sur les excellents r\u00e9sultats obtenus en comp\u00e9tition par\u00a0<strong>Virginie Gatoux &amp; Philippe Martins<\/strong>, repr\u00e9sentants de VP DANSES.<\/p>\n\n\n\n<h2 class=\"wp-block-heading\">Des r\u00e9sultats remarqu\u00e9s lors de la 12\u1d49 Coupe de Danse Sportive de Cergy-Pontoise<\/h2>\n\n\n\n<p>Organis\u00e9e par\u00a0<strong><a href=\"https:\/\/cergy-danse.com\" target=\"_blank\" rel=\"noreferrer noopener\">Cergy Dans\u2019<\/a><\/strong>, la\u00a0<strong>12\u1d49 <a href=\"https:\/\/www.facebook.com\/p\/Coupe-de-Danse-Sportive-de-Cergy-Pontoise-100065099404891\/\">Coupe de Danse Sportive de Cergy-Pontoise<\/a><\/strong>\u00a0a r\u00e9uni de nombreux couples venus de toute la France.<\/p>\n\n\n\n<h3 class=\"wp-block-heading\" id=\"h-resultats-de-vp-danses\">R\u00e9sultats de VP DANSES<\/h3>\n\n\n\n<ul class=\"wp-block-list\">\n<li><strong>1ers en Seniors 2 Latines<\/strong><\/li>\n\n\n\n<li><strong>3\u00e8mes en Open Seniors 1\/2 Latines<\/strong><\/li>\n<\/ul>\n\n\n\n<p>Ces performances soulignent le niveau technique, la r\u00e9gularit\u00e9 et l\u2019engagement des danseurs de l\u2019association.<\/p>\n\n\n\n<h2 class=\"wp-block-heading\">Un travail collectif au service de la passion danse<\/h2>\n\n\n\n<p>Ces r\u00e9sultats sont le fruit d\u2019un&nbsp;<strong>travail collectif et collaboratif<\/strong>, associant :<\/p>\n\n\n\n<ul class=\"wp-block-list\">\n<li><strong><a href=\"https:\/\/www.facebook.com\/vpdanses\/\" target=\"_blank\" rel=\"noreferrer noopener\">VP DANSES<\/a><\/strong><\/li>\n\n\n\n<li><strong><a href=\"https:\/\/www.facebook.com\/AscendanceCreativDanse\" target=\"_blank\" rel=\"noreferrer noopener\">ASCENDANCE CREATIV&rsquo;DANSE<\/a><\/strong><\/li>\n\n\n\n<li><strong><a href=\"https:\/\/www.facebook.com\/search\/top?q=mjep%20isbergues\" target=\"_blank\" rel=\"noreferrer noopener\">MJEP Isbergues<\/a><\/strong><\/li>\n<\/ul>\n\n\n\n<p>Une dynamique locale qui contribue activement \u00e0 la valorisation de la&nbsp;<strong>Danse Sportive<\/strong>&nbsp;dans le&nbsp;<strong>Nord-Pas-de-Calais<\/strong>.<\/p>\n\n\n\n<h2 class=\"wp-block-heading\">Merci \u00e0&nbsp;<em>L\u2019\u00c9cho de la Lys<\/em>&nbsp;pour cette mise en lumi\u00e8re<\/h2>\n\n\n\n<p>Nous adressons nos sinc\u00e8res remerciements \u00e0&nbsp;<strong>L\u2019\u00c9cho de la Lys<\/strong>&nbsp;pour cet article qui met en valeur :<\/p>\n\n\n\n<ul class=\"wp-block-list\">\n<li>la\u00a0<strong>Danse Sportive<\/strong><\/li>\n\n\n\n<li>l\u2019engagement des comp\u00e9titeurs<\/li>\n\n\n\n<li>le travail de terrain men\u00e9 par les associations locales<br>ainsi que l\u2019implication du Professeur de Danse Sportive\u00a0<strong><a href=\"https:\/\/www.facebook.com\/sven.balcerzak\" target=\"_blank\" rel=\"noreferrer noopener\">Sven BALCERZAK<\/a><\/strong>.<\/li>\n<\/ul>\n\n\n\n<h2 class=\"wp-block-heading\">Vous souhaitez d\u00e9couvrir la Danse Sportive ?<\/h2>\n\n\n\n<h3 class=\"wp-block-heading\">Stages D\u00e9butants \u2013 Avril 2026<\/h3>\n\n\n\n<p>Envie d\u2019essayer la\u00a0<strong>Danse Sportive<\/strong>\u00a0?<br>Rejoignez-nous lors de <strong><a href=\"https:\/\/vpdanses.fr\/home\/bienvenue-chez-vp-danses-hazebrouck\/stages-danse-sportive\/\" target=\"_blank\" rel=\"noreferrer noopener\">nos\u00a0prochains stages pour d\u00e9butants<\/a><\/strong>\u00a0:<\/p>\n\n\n\n<ul class=\"wp-block-list\">\n<li><strong>Dimanche 19\/04\/2026 et Dimanche 26\/04\/2026<\/strong><\/li>\n\n\n\n<li><strong>De 10h \u00e0 12h<\/strong><\/li>\n\n\n\n<li><strong><a href=\"https:\/\/www.facebook.com\/profile.php?id=61553786996231\" target=\"_blank\" rel=\"noreferrer noopener\">Planet\u2019Aire<\/a><\/strong>, Ville d\u2019<strong><a href=\"https:\/\/www.ville-airesurlalys.fr\">Aire-sur-la<\/a><a href=\"https:\/\/www.ville-airesurlalys.fr\" target=\"_blank\" rel=\"noreferrer noopener\">&#8211;<\/a><a href=\"https:\/\/www.ville-airesurlalys.fr\">Lys<\/a><\/strong><\/li>\n<\/ul>\n\n\n\n<p>Ces stages sont ouverts \u00e0 toutes et tous, sans pr\u00e9requis.<\/p>\n\n\n\n<h2 class=\"wp-block-heading\">\u00c0 propos de VP DANSES<\/h2>\n\n\n\n<p><strong>VP DANSES<\/strong>&nbsp;est une association de&nbsp;<strong>Danse Sportive niveau D\u00e9butants<\/strong>, affili\u00e9e \u00e0 la&nbsp;<strong>F\u00e9d\u00e9ration Fran\u00e7aise de Danse (FFD)<\/strong>.<\/p>\n\n\n\n<p><strong>Localisation<\/strong>\u00a0: Hazebrouck (59190), Flandres \u2013 Hauts-de-France<br><strong>Email<\/strong>\u00a0: contact@vpdanses.fr<br><strong><a href=\"https:\/\/vpdanses.fr\/home\/bienvenue-chez-vp-danses-hazebrouck\/formulaire-de-contact\/\" target=\"_blank\" rel=\"noreferrer noopener\">Formulaire de contact<\/a><\/strong><br><strong>T\u00e9l\u00e9phone<\/strong>\u00a0: 07 68 47 76 67<\/p>\n\n\n\n<p><strong>VP DANSES<\/strong>, c\u2019est la passion de la danse, la convivialit\u00e9 et l\u2019accessibilit\u00e9 pour tous.<\/p>\n\n\n\n<p><\/p>\n","protected":false},"excerpt":{"rendered":"<p>VP DANSES est mise \u00e0 l\u2019honneur dans l\u2019\u00e9dition du 16 avril 2026 de L\u2019\u00c9cho de la Lys suite aux excellents r\u00e9sultats de Virginie Gatoux et Philippe Martins lors de la 12\u1d49 Coupe de Danse Sportive de Cergy-Pontoise. Une belle reconnaissance pour la Danse Sportive et le travail collectif men\u00e9 \u00e0 Hazebrouck et dans les Flandres.<\/p>\n","protected":false},"author":1,"featured_media":14928,"comment_status":"closed","ping_status":"closed","sticky":false,"template":"","format":"standard","meta":{"_uag_custom_page_level_css":"","_price":"","_stock":"","_tribe_ticket_header":"","_tribe_default_ticket_provider":"","_tribe_ticket_capacity":"0","_ticket_start_date":"","_ticket_end_date":"","_tribe_ticket_show_description":"","_tribe_ticket_show_not_going":false,"_tribe_ticket_use_global_stock":"","_tribe_ticket_global_stock_level":"","_global_stock_mode":"","_global_stock_cap":"","_tribe_rsvp_for_event":"","_tribe_ticket_going_count":"","_tribe_ticket_not_going_count":"","_tribe_tickets_list":"[]","_tribe_ticket_has_attendee_info_fields":false,"_EventAllDay":false,"_EventTimezone":"","_EventStartDate":"","_EventEndDate":"","_EventStartDateUTC":"","_EventEndDateUTC":"","_EventShowMap":false,"_EventShowMapLink":false,"_EventURL":"","_EventCost":"","_EventCostDescription":"","_EventCurrencySymbol":"","_EventCurrencyCode":"","_EventCurrencyPosition":"","_EventDateTimeSeparator":"","_EventTimeRangeSeparator":"","_EventOrganizerID":[],"_EventVenueID":[],"_OrganizerEmail":"","_OrganizerPhone":"","_OrganizerWebsite":"","_VenueAddress":"","_VenueCity":"","_VenueCountry":"","_VenueProvince":"","_VenueState":"","_VenueZip":"","_VenuePhone":"","_VenueURL":"","_VenueStateProvince":"","_VenueLat":"","_VenueLng":"","_VenueShowMap":false,"_VenueShowMapLink":false,"_vp_format_video_url":"","_vp_image_focal_point":[],"_jetpack_memberships_contains_paid_content":false,"footnotes":""},"categories":[86],"tags":[],"class_list":["post-14925","post","type-post","status-publish","format-standard","has-post-thumbnail","hentry","category-autour-dhazebrouck"],"yoast_head":"<!-- This site is optimized with the Yoast SEO Premium plugin v25.6 (Yoast SEO v25.6) - https:\/\/yoast.com\/wordpress\/plugins\/seo\/ -->\n<title>VP DANSES \u00e0 l\u2019honneur dans L\u2019\u00c9cho de la Lys | Victoire \u00e0 Cergy-Pontoise<\/title>\n<meta name=\"description\" content=\"VP DANSES mise \u00e0 l\u2019honneur dans L\u2019\u00c9cho de la Lys apr\u00e8s sa victoire en Seniors 2 Latines \u00e0 la Coupe de Danse Sportive de Cergy-Pontoise.\" \/>\n<meta name=\"robots\" content=\"index, follow, max-snippet:-1, max-image-preview:large, max-video-preview:-1\" \/>\n<link rel=\"canonical\" href=\"https:\/\/vpdanses.fr\/home\/bienvenue-chez-vp-danses-hazebrouck\/vp-danses-ascendance-creativdanse-a-lhonneur-echo-de-la-lys-cergy-pontoise\/\" \/>\n<meta property=\"og:locale\" content=\"fr_FR\" \/>\n<meta property=\"og:type\" content=\"article\" \/>\n<meta property=\"og:title\" content=\"VP DANSES \u00e0 l\u2019honneur dans\u00a0L\u2019\u00c9cho de la Lys\" \/>\n<meta property=\"og:description\" content=\"VP DANSES mise \u00e0 l\u2019honneur dans L\u2019\u00c9cho de la Lys apr\u00e8s sa victoire en Seniors 2 Latines \u00e0 la Coupe de Danse Sportive de Cergy-Pontoise.\" \/>\n<meta property=\"og:url\" content=\"https:\/\/vpdanses.fr\/home\/bienvenue-chez-vp-danses-hazebrouck\/vp-danses-ascendance-creativdanse-a-lhonneur-echo-de-la-lys-cergy-pontoise\/\" \/>\n<meta property=\"og:site_name\" content=\"VP DANSES, cours de Danse Sportive \u00e0 Aire-sur-la-Lys et \u00e0 Saint-Jans-Cappel (Hauts-de-France)\" \/>\n<meta property=\"article:published_time\" content=\"2026-04-16T17:25:52+00:00\" \/>\n<meta property=\"article:modified_time\" content=\"2026-04-16T17:49:14+00:00\" \/>\n<meta property=\"og:image\" content=\"https:\/\/vpdanses.fr\/wp-content\/uploads\/2026\/04\/2026-04-16.LECHO-DE-LA-LYS.Parution-journal.jpg\" \/>\n\t<meta property=\"og:image:width\" content=\"762\" \/>\n\t<meta property=\"og:image:height\" content=\"1114\" \/>\n\t<meta property=\"og:image:type\" content=\"image\/jpeg\" \/>\n<meta name=\"author\" content=\"VP DANSES\" \/>\n<meta name=\"twitter:card\" content=\"summary_large_image\" \/>\n<meta name=\"twitter:label1\" content=\"\u00c9crit par\" \/>\n\t<meta name=\"twitter:data1\" content=\"VP DANSES\" \/>\n\t<meta name=\"twitter:label2\" content=\"Dur\u00e9e de lecture estim\u00e9e\" \/>\n\t<meta name=\"twitter:data2\" content=\"2 minutes\" \/>\n<script type=\"application\/ld+json\" class=\"yoast-schema-graph\">{\"@context\":\"https:\/\/schema.org\",\"@graph\":[{\"@type\":\"Article\",\"@id\":\"https:\/\/vpdanses.fr\/home\/bienvenue-chez-vp-danses-hazebrouck\/vp-danses-ascendance-creativdanse-a-lhonneur-echo-de-la-lys-cergy-pontoise\/#article\",\"isPartOf\":{\"@id\":\"https:\/\/vpdanses.fr\/home\/bienvenue-chez-vp-danses-hazebrouck\/vp-danses-ascendance-creativdanse-a-lhonneur-echo-de-la-lys-cergy-pontoise\/\"},\"author\":{\"name\":\"VP DANSES\",\"@id\":\"https:\/\/vpdanses.fr\/home\/bienvenue-chez-vp-danses-hazebrouck\/#\/schema\/person\/bf87806369778f949b83c9cd885519e5\"},\"headline\":\"VP DANSES \u00e0 l\u2019honneur dans\u00a0L\u2019\u00c9cho de la Lys\",\"datePublished\":\"2026-04-16T17:25:52+00:00\",\"dateModified\":\"2026-04-16T17:49:14+00:00\",\"mainEntityOfPage\":{\"@id\":\"https:\/\/vpdanses.fr\/home\/bienvenue-chez-vp-danses-hazebrouck\/vp-danses-ascendance-creativdanse-a-lhonneur-echo-de-la-lys-cergy-pontoise\/\"},\"wordCount\":378,\"publisher\":{\"@id\":\"https:\/\/vpdanses.fr\/home\/bienvenue-chez-vp-danses-hazebrouck\/#organization\"},\"image\":{\"@id\":\"https:\/\/vpdanses.fr\/home\/bienvenue-chez-vp-danses-hazebrouck\/vp-danses-ascendance-creativdanse-a-lhonneur-echo-de-la-lys-cergy-pontoise\/#primaryimage\"},\"thumbnailUrl\":\"https:\/\/vpdanses.fr\/wp-content\/uploads\/2026\/04\/2026-04-16.LECHO-DE-LA-LYS.Parution-journal.jpg\",\"articleSection\":[\"Autour d'Hazebrouck\"],\"inLanguage\":\"fr-FR\"},{\"@type\":\"WebPage\",\"@id\":\"https:\/\/vpdanses.fr\/home\/bienvenue-chez-vp-danses-hazebrouck\/vp-danses-ascendance-creativdanse-a-lhonneur-echo-de-la-lys-cergy-pontoise\/\",\"url\":\"https:\/\/vpdanses.fr\/home\/bienvenue-chez-vp-danses-hazebrouck\/vp-danses-ascendance-creativdanse-a-lhonneur-echo-de-la-lys-cergy-pontoise\/\",\"name\":\"VP DANSES \u00e0 l\u2019honneur dans L\u2019\u00c9cho de la Lys | Victoire \u00e0 Cergy-Pontoise\",\"isPartOf\":{\"@id\":\"https:\/\/vpdanses.fr\/home\/bienvenue-chez-vp-danses-hazebrouck\/#website\"},\"primaryImageOfPage\":{\"@id\":\"https:\/\/vpdanses.fr\/home\/bienvenue-chez-vp-danses-hazebrouck\/vp-danses-ascendance-creativdanse-a-lhonneur-echo-de-la-lys-cergy-pontoise\/#primaryimage\"},\"image\":{\"@id\":\"https:\/\/vpdanses.fr\/home\/bienvenue-chez-vp-danses-hazebrouck\/vp-danses-ascendance-creativdanse-a-lhonneur-echo-de-la-lys-cergy-pontoise\/#primaryimage\"},\"thumbnailUrl\":\"https:\/\/vpdanses.fr\/wp-content\/uploads\/2026\/04\/2026-04-16.LECHO-DE-LA-LYS.Parution-journal.jpg\",\"datePublished\":\"2026-04-16T17:25:52+00:00\",\"dateModified\":\"2026-04-16T17:49:14+00:00\",\"description\":\"VP DANSES mise \u00e0 l\u2019honneur dans L\u2019\u00c9cho de la Lys apr\u00e8s sa victoire en Seniors 2 Latines \u00e0 la Coupe de Danse Sportive de Cergy-Pontoise.\",\"breadcrumb\":{\"@id\":\"https:\/\/vpdanses.fr\/home\/bienvenue-chez-vp-danses-hazebrouck\/vp-danses-ascendance-creativdanse-a-lhonneur-echo-de-la-lys-cergy-pontoise\/#breadcrumb\"},\"inLanguage\":\"fr-FR\",\"potentialAction\":[{\"@type\":\"ReadAction\",\"target\":[\"https:\/\/vpdanses.fr\/home\/bienvenue-chez-vp-danses-hazebrouck\/vp-danses-ascendance-creativdanse-a-lhonneur-echo-de-la-lys-cergy-pontoise\/\"]}]},{\"@type\":\"ImageObject\",\"inLanguage\":\"fr-FR\",\"@id\":\"https:\/\/vpdanses.fr\/home\/bienvenue-chez-vp-danses-hazebrouck\/vp-danses-ascendance-creativdanse-a-lhonneur-echo-de-la-lys-cergy-pontoise\/#primaryimage\",\"url\":\"https:\/\/vpdanses.fr\/wp-content\/uploads\/2026\/04\/2026-04-16.LECHO-DE-LA-LYS.Parution-journal.jpg\",\"contentUrl\":\"https:\/\/vpdanses.fr\/wp-content\/uploads\/2026\/04\/2026-04-16.LECHO-DE-LA-LYS.Parution-journal.jpg\",\"width\":762,\"height\":1114,\"caption\":\"Virginie Gatoux et Philippe Martins, vainqueurs en Seniors 2 Latines, posent souriants devant la piste de danse lors de la 12\u1d49 Coupe de Danse Sportive de Cergy-Pontoise, m\u00e9daille d\u2019or autour du cou.\"},{\"@type\":\"BreadcrumbList\",\"@id\":\"https:\/\/vpdanses.fr\/home\/bienvenue-chez-vp-danses-hazebrouck\/vp-danses-ascendance-creativdanse-a-lhonneur-echo-de-la-lys-cergy-pontoise\/#breadcrumb\",\"itemListElement\":[{\"@type\":\"ListItem\",\"position\":1,\"name\":\"Accueil\",\"item\":\"https:\/\/vpdanses.fr\/home\/bienvenue-chez-vp-danses-hazebrouck\/\"},{\"@type\":\"ListItem\",\"position\":2,\"name\":\"VP DANSES \u00e0 l\u2019honneur dans\u00a0L\u2019\u00c9cho de la Lys\"}]},{\"@type\":\"WebSite\",\"@id\":\"https:\/\/vpdanses.fr\/home\/bienvenue-chez-vp-danses-hazebrouck\/#website\",\"url\":\"https:\/\/vpdanses.fr\/home\/bienvenue-chez-vp-danses-hazebrouck\/\",\"name\":\"VP DANSES, cours de Danse Sportive \u00e0 Aire-sur-la-Lys et \u00e0 Saint-Jans-Cappel (Hauts-de-France)\",\"description\":\"Cours de Danse Sportive STANDARD (valse anglaise, tango, valse viennoise, slowfox, quickstep), danses sportives LATINES (samba, chacha, rumba, paso doble, jive), danses de bal, danses de salons, danses de loisirs, salsa, rock 4 temps, rock 6 temps, danses en ligne, disco, \u2026 Lieu : Hazebrouck, Aire-sur-la-Lys, Saint-Jans-Cappel et Isbergues (Hauts-de-France) - Cours Particuliers dans les Hauts-de-France - Ouverture de bal de Mariage\",\"publisher\":{\"@id\":\"https:\/\/vpdanses.fr\/home\/bienvenue-chez-vp-danses-hazebrouck\/#organization\"},\"potentialAction\":[{\"@type\":\"SearchAction\",\"target\":{\"@type\":\"EntryPoint\",\"urlTemplate\":\"https:\/\/vpdanses.fr\/home\/bienvenue-chez-vp-danses-hazebrouck\/?s={search_term_string}\"},\"query-input\":{\"@type\":\"PropertyValueSpecification\",\"valueRequired\":true,\"valueName\":\"search_term_string\"}}],\"inLanguage\":\"fr-FR\"},{\"@type\":\"Organization\",\"@id\":\"https:\/\/vpdanses.fr\/home\/bienvenue-chez-vp-danses-hazebrouck\/#organization\",\"name\":\"VP DANSES, cours de Danse Sportive \u00e0 Aire-sur-la-Lys et \u00e0 Saint-Jans-Cappel (Hauts-de-France)\",\"url\":\"https:\/\/vpdanses.fr\/home\/bienvenue-chez-vp-danses-hazebrouck\/\",\"logo\":{\"@type\":\"ImageObject\",\"inLanguage\":\"fr-FR\",\"@id\":\"https:\/\/vpdanses.fr\/home\/bienvenue-chez-vp-danses-hazebrouck\/#\/schema\/logo\/image\/\",\"url\":\"https:\/\/vpdanses.fr\/wp-content\/uploads\/2024\/10\/logo_cadanse_asaintjans.jpeg\",\"contentUrl\":\"https:\/\/vpdanses.fr\/wp-content\/uploads\/2024\/10\/logo_cadanse_asaintjans.jpeg\",\"width\":225,\"height\":225,\"caption\":\"VP DANSES, cours de Danse Sportive \u00e0 Aire-sur-la-Lys et \u00e0 Saint-Jans-Cappel (Hauts-de-France)\"},\"image\":{\"@id\":\"https:\/\/vpdanses.fr\/home\/bienvenue-chez-vp-danses-hazebrouck\/#\/schema\/logo\/image\/\"}},{\"@type\":\"Person\",\"@id\":\"https:\/\/vpdanses.fr\/home\/bienvenue-chez-vp-danses-hazebrouck\/#\/schema\/person\/bf87806369778f949b83c9cd885519e5\",\"name\":\"VP DANSES\",\"description\":\"\\\"VP danses\\\" est une association qui donne des cours de DANSES SPORTIVES STANDARDS (valse anglaise, tango, valse viennoise, slowfox, quickstep), de DANSES SPORTIVES LATINES (samba, chacha, rumba, paso doble, jive), de DANSES DE BAL, de DANSES DE SALONS, de DANSES DE LOISIRS, de SALSA, de ROCK 4 TEMPS, de ROCK 6 TEMPS, de DANSES EN LIGNE, de DISCO, \u2026\",\"sameAs\":[\"https:\/\/vpdanses.fr\"],\"url\":\"https:\/\/vpdanses.fr\/home\/bienvenue-chez-vp-danses-hazebrouck\/author\/adminvp20241018\/\"}]}<\/script>\n<!-- \/ Yoast SEO Premium plugin. -->","yoast_head_json":{"title":"VP DANSES \u00e0 l\u2019honneur dans L\u2019\u00c9cho de la Lys | Victoire \u00e0 Cergy-Pontoise","description":"VP DANSES mise \u00e0 l\u2019honneur dans L\u2019\u00c9cho de la Lys apr\u00e8s sa victoire en Seniors 2 Latines \u00e0 la Coupe de Danse Sportive de Cergy-Pontoise.","robots":{"index":"index","follow":"follow","max-snippet":"max-snippet:-1","max-image-preview":"max-image-preview:large","max-video-preview":"max-video-preview:-1"},"canonical":"https:\/\/vpdanses.fr\/home\/bienvenue-chez-vp-danses-hazebrouck\/vp-danses-ascendance-creativdanse-a-lhonneur-echo-de-la-lys-cergy-pontoise\/","og_locale":"fr_FR","og_type":"article","og_title":"VP DANSES \u00e0 l\u2019honneur dans\u00a0L\u2019\u00c9cho de la Lys","og_description":"VP DANSES mise \u00e0 l\u2019honneur dans L\u2019\u00c9cho de la Lys apr\u00e8s sa victoire en Seniors 2 Latines \u00e0 la Coupe de Danse Sportive de Cergy-Pontoise.","og_url":"https:\/\/vpdanses.fr\/home\/bienvenue-chez-vp-danses-hazebrouck\/vp-danses-ascendance-creativdanse-a-lhonneur-echo-de-la-lys-cergy-pontoise\/","og_site_name":"VP DANSES, cours de Danse Sportive \u00e0 Aire-sur-la-Lys et \u00e0 Saint-Jans-Cappel (Hauts-de-France)","article_published_time":"2026-04-16T17:25:52+00:00","article_modified_time":"2026-04-16T17:49:14+00:00","og_image":[{"width":762,"height":1114,"url":"https:\/\/vpdanses.fr\/wp-content\/uploads\/2026\/04\/2026-04-16.LECHO-DE-LA-LYS.Parution-journal.jpg","type":"image\/jpeg"}],"author":"VP DANSES","twitter_card":"summary_large_image","twitter_misc":{"\u00c9crit par":"VP DANSES","Dur\u00e9e de lecture estim\u00e9e":"2 minutes"},"schema":{"@context":"https:\/\/schema.org","@graph":[{"@type":"Article","@id":"https:\/\/vpdanses.fr\/home\/bienvenue-chez-vp-danses-hazebrouck\/vp-danses-ascendance-creativdanse-a-lhonneur-echo-de-la-lys-cergy-pontoise\/#article","isPartOf":{"@id":"https:\/\/vpdanses.fr\/home\/bienvenue-chez-vp-danses-hazebrouck\/vp-danses-ascendance-creativdanse-a-lhonneur-echo-de-la-lys-cergy-pontoise\/"},"author":{"name":"VP DANSES","@id":"https:\/\/vpdanses.fr\/home\/bienvenue-chez-vp-danses-hazebrouck\/#\/schema\/person\/bf87806369778f949b83c9cd885519e5"},"headline":"VP DANSES \u00e0 l\u2019honneur dans\u00a0L\u2019\u00c9cho de la Lys","datePublished":"2026-04-16T17:25:52+00:00","dateModified":"2026-04-16T17:49:14+00:00","mainEntityOfPage":{"@id":"https:\/\/vpdanses.fr\/home\/bienvenue-chez-vp-danses-hazebrouck\/vp-danses-ascendance-creativdanse-a-lhonneur-echo-de-la-lys-cergy-pontoise\/"},"wordCount":378,"publisher":{"@id":"https:\/\/vpdanses.fr\/home\/bienvenue-chez-vp-danses-hazebrouck\/#organization"},"image":{"@id":"https:\/\/vpdanses.fr\/home\/bienvenue-chez-vp-danses-hazebrouck\/vp-danses-ascendance-creativdanse-a-lhonneur-echo-de-la-lys-cergy-pontoise\/#primaryimage"},"thumbnailUrl":"https:\/\/vpdanses.fr\/wp-content\/uploads\/2026\/04\/2026-04-16.LECHO-DE-LA-LYS.Parution-journal.jpg","articleSection":["Autour d'Hazebrouck"],"inLanguage":"fr-FR"},{"@type":"WebPage","@id":"https:\/\/vpdanses.fr\/home\/bienvenue-chez-vp-danses-hazebrouck\/vp-danses-ascendance-creativdanse-a-lhonneur-echo-de-la-lys-cergy-pontoise\/","url":"https:\/\/vpdanses.fr\/home\/bienvenue-chez-vp-danses-hazebrouck\/vp-danses-ascendance-creativdanse-a-lhonneur-echo-de-la-lys-cergy-pontoise\/","name":"VP DANSES \u00e0 l\u2019honneur dans L\u2019\u00c9cho de la Lys | Victoire \u00e0 Cergy-Pontoise","isPartOf":{"@id":"https:\/\/vpdanses.fr\/home\/bienvenue-chez-vp-danses-hazebrouck\/#website"},"primaryImageOfPage":{"@id":"https:\/\/vpdanses.fr\/home\/bienvenue-chez-vp-danses-hazebrouck\/vp-danses-ascendance-creativdanse-a-lhonneur-echo-de-la-lys-cergy-pontoise\/#primaryimage"},"image":{"@id":"https:\/\/vpdanses.fr\/home\/bienvenue-chez-vp-danses-hazebrouck\/vp-danses-ascendance-creativdanse-a-lhonneur-echo-de-la-lys-cergy-pontoise\/#primaryimage"},"thumbnailUrl":"https:\/\/vpdanses.fr\/wp-content\/uploads\/2026\/04\/2026-04-16.LECHO-DE-LA-LYS.Parution-journal.jpg","datePublished":"2026-04-16T17:25:52+00:00","dateModified":"2026-04-16T17:49:14+00:00","description":"VP DANSES mise \u00e0 l\u2019honneur dans L\u2019\u00c9cho de la Lys apr\u00e8s sa victoire en Seniors 2 Latines \u00e0 la Coupe de Danse Sportive de Cergy-Pontoise.","breadcrumb":{"@id":"https:\/\/vpdanses.fr\/home\/bienvenue-chez-vp-danses-hazebrouck\/vp-danses-ascendance-creativdanse-a-lhonneur-echo-de-la-lys-cergy-pontoise\/#breadcrumb"},"inLanguage":"fr-FR","potentialAction":[{"@type":"ReadAction","target":["https:\/\/vpdanses.fr\/home\/bienvenue-chez-vp-danses-hazebrouck\/vp-danses-ascendance-creativdanse-a-lhonneur-echo-de-la-lys-cergy-pontoise\/"]}]},{"@type":"ImageObject","inLanguage":"fr-FR","@id":"https:\/\/vpdanses.fr\/home\/bienvenue-chez-vp-danses-hazebrouck\/vp-danses-ascendance-creativdanse-a-lhonneur-echo-de-la-lys-cergy-pontoise\/#primaryimage","url":"https:\/\/vpdanses.fr\/wp-content\/uploads\/2026\/04\/2026-04-16.LECHO-DE-LA-LYS.Parution-journal.jpg","contentUrl":"https:\/\/vpdanses.fr\/wp-content\/uploads\/2026\/04\/2026-04-16.LECHO-DE-LA-LYS.Parution-journal.jpg","width":762,"height":1114,"caption":"Virginie Gatoux et Philippe Martins, vainqueurs en Seniors 2 Latines, posent souriants devant la piste de danse lors de la 12\u1d49 Coupe de Danse Sportive de Cergy-Pontoise, m\u00e9daille d\u2019or autour du cou."},{"@type":"BreadcrumbList","@id":"https:\/\/vpdanses.fr\/home\/bienvenue-chez-vp-danses-hazebrouck\/vp-danses-ascendance-creativdanse-a-lhonneur-echo-de-la-lys-cergy-pontoise\/#breadcrumb","itemListElement":[{"@type":"ListItem","position":1,"name":"Accueil","item":"https:\/\/vpdanses.fr\/home\/bienvenue-chez-vp-danses-hazebrouck\/"},{"@type":"ListItem","position":2,"name":"VP DANSES \u00e0 l\u2019honneur dans\u00a0L\u2019\u00c9cho de la Lys"}]},{"@type":"WebSite","@id":"https:\/\/vpdanses.fr\/home\/bienvenue-chez-vp-danses-hazebrouck\/#website","url":"https:\/\/vpdanses.fr\/home\/bienvenue-chez-vp-danses-hazebrouck\/","name":"VP DANSES, cours de Danse Sportive \u00e0 Aire-sur-la-Lys et \u00e0 Saint-Jans-Cappel (Hauts-de-France)","description":"Cours de Danse Sportive STANDARD (valse anglaise, tango, valse viennoise, slowfox, quickstep), danses sportives LATINES (samba, chacha, rumba, paso doble, jive), danses de bal, danses de salons, danses de loisirs, salsa, rock 4 temps, rock 6 temps, danses en ligne, disco, \u2026 Lieu : Hazebrouck, Aire-sur-la-Lys, Saint-Jans-Cappel et Isbergues (Hauts-de-France) - Cours Particuliers dans les Hauts-de-France - Ouverture de bal de Mariage","publisher":{"@id":"https:\/\/vpdanses.fr\/home\/bienvenue-chez-vp-danses-hazebrouck\/#organization"},"potentialAction":[{"@type":"SearchAction","target":{"@type":"EntryPoint","urlTemplate":"https:\/\/vpdanses.fr\/home\/bienvenue-chez-vp-danses-hazebrouck\/?s={search_term_string}"},"query-input":{"@type":"PropertyValueSpecification","valueRequired":true,"valueName":"search_term_string"}}],"inLanguage":"fr-FR"},{"@type":"Organization","@id":"https:\/\/vpdanses.fr\/home\/bienvenue-chez-vp-danses-hazebrouck\/#organization","name":"VP DANSES, cours de Danse Sportive \u00e0 Aire-sur-la-Lys et \u00e0 Saint-Jans-Cappel (Hauts-de-France)","url":"https:\/\/vpdanses.fr\/home\/bienvenue-chez-vp-danses-hazebrouck\/","logo":{"@type":"ImageObject","inLanguage":"fr-FR","@id":"https:\/\/vpdanses.fr\/home\/bienvenue-chez-vp-danses-hazebrouck\/#\/schema\/logo\/image\/","url":"https:\/\/vpdanses.fr\/wp-content\/uploads\/2024\/10\/logo_cadanse_asaintjans.jpeg","contentUrl":"https:\/\/vpdanses.fr\/wp-content\/uploads\/2024\/10\/logo_cadanse_asaintjans.jpeg","width":225,"height":225,"caption":"VP DANSES, cours de Danse Sportive \u00e0 Aire-sur-la-Lys et \u00e0 Saint-Jans-Cappel (Hauts-de-France)"},"image":{"@id":"https:\/\/vpdanses.fr\/home\/bienvenue-chez-vp-danses-hazebrouck\/#\/schema\/logo\/image\/"}},{"@type":"Person","@id":"https:\/\/vpdanses.fr\/home\/bienvenue-chez-vp-danses-hazebrouck\/#\/schema\/person\/bf87806369778f949b83c9cd885519e5","name":"VP DANSES","description":"\"VP danses\" est une association qui donne des cours de DANSES SPORTIVES STANDARDS (valse anglaise, tango, valse viennoise, slowfox, quickstep), de DANSES SPORTIVES LATINES (samba, chacha, rumba, paso doble, jive), de DANSES DE BAL, de DANSES DE SALONS, de DANSES DE LOISIRS, de SALSA, de ROCK 4 TEMPS, de ROCK 6 TEMPS, de DANSES EN LIGNE, de DISCO, \u2026","sameAs":["https:\/\/vpdanses.fr"],"url":"https:\/\/vpdanses.fr\/home\/bienvenue-chez-vp-danses-hazebrouck\/author\/adminvp20241018\/"}]}},"jetpack_featured_media_url":"https:\/\/vpdanses.fr\/wp-content\/uploads\/2026\/04\/2026-04-16.LECHO-DE-LA-LYS.Parution-journal.jpg","uagb_featured_image_src":{"full":["https:\/\/vpdanses.fr\/wp-content\/uploads\/2026\/04\/2026-04-16.LECHO-DE-LA-LYS.Parution-journal.jpg",762,1114,false],"thumbnail":["https:\/\/vpdanses.fr\/wp-content\/uploads\/2026\/04\/2026-04-16.LECHO-DE-LA-LYS.Parution-journal-150x150.jpg",150,150,true],"medium":["https:\/\/vpdanses.fr\/wp-content\/uploads\/2026\/04\/2026-04-16.LECHO-DE-LA-LYS.Parution-journal-205x300.jpg",205,300,true],"medium_large":["https:\/\/vpdanses.fr\/wp-content\/uploads\/2026\/04\/2026-04-16.LECHO-DE-LA-LYS.Parution-journal.jpg",762,1114,false],"large":["https:\/\/vpdanses.fr\/wp-content\/uploads\/2026\/04\/2026-04-16.LECHO-DE-LA-LYS.Parution-journal-700x1024.jpg",700,1024,true],"1536x1536":["https:\/\/vpdanses.fr\/wp-content\/uploads\/2026\/04\/2026-04-16.LECHO-DE-LA-LYS.Parution-journal.jpg",762,1114,false],"2048x2048":["https:\/\/vpdanses.fr\/wp-content\/uploads\/2026\/04\/2026-04-16.LECHO-DE-LA-LYS.Parution-journal.jpg",762,1114,false],"vp_sm":["https:\/\/vpdanses.fr\/wp-content\/uploads\/2026\/04\/2026-04-16.LECHO-DE-LA-LYS.Parution-journal-500x731.jpg",500,731,true],"vp_md":["https:\/\/vpdanses.fr\/wp-content\/uploads\/2026\/04\/2026-04-16.LECHO-DE-LA-LYS.Parution-journal.jpg",762,1114,false],"vp_lg":["https:\/\/vpdanses.fr\/wp-content\/uploads\/2026\/04\/2026-04-16.LECHO-DE-LA-LYS.Parution-journal.jpg",762,1114,false],"vp_xl":["https:\/\/vpdanses.fr\/wp-content\/uploads\/2026\/04\/2026-04-16.LECHO-DE-LA-LYS.Parution-journal.jpg",762,1114,false],"vp_sm_popup":["https:\/\/vpdanses.fr\/wp-content\/uploads\/2026\/04\/2026-04-16.LECHO-DE-LA-LYS.Parution-journal-500x731.jpg",500,731,true],"vp_md_popup":["https:\/\/vpdanses.fr\/wp-content\/uploads\/2026\/04\/2026-04-16.LECHO-DE-LA-LYS.Parution-journal.jpg",762,1114,false],"vp_xl_popup":["https:\/\/vpdanses.fr\/wp-content\/uploads\/2026\/04\/2026-04-16.LECHO-DE-LA-LYS.Parution-journal.jpg",762,1114,false],"dance-blog-thumb":["https:\/\/vpdanses.fr\/wp-content\/uploads\/2026\/04\/2026-04-16.LECHO-DE-LA-LYS.Parution-journal-150x120.jpg",150,120,true],"dance-event-list":["https:\/\/vpdanses.fr\/wp-content\/uploads\/2026\/04\/2026-04-16.LECHO-DE-LA-LYS.Parution-journal-420x336.jpg",420,336,true],"dance-event-single-type1":["https:\/\/vpdanses.fr\/wp-content\/uploads\/2026\/04\/2026-04-16.LECHO-DE-LA-LYS.Parution-journal-762x520.jpg",762,520,true],"dance-event-single-type4":["https:\/\/vpdanses.fr\/wp-content\/uploads\/2026\/04\/2026-04-16.LECHO-DE-LA-LYS.Parution-journal-570x460.jpg",570,460,true],"dance-event-single-type5":["https:\/\/vpdanses.fr\/wp-content\/uploads\/2026\/04\/2026-04-16.LECHO-DE-LA-LYS.Parution-journal-746x770.jpg",746,770,true],"dance-event-list2":["https:\/\/vpdanses.fr\/wp-content\/uploads\/2026\/04\/2026-04-16.LECHO-DE-LA-LYS.Parution-journal-420x275.jpg",420,275,true]},"uagb_author_info":{"display_name":"VP DANSES","author_link":"https:\/\/vpdanses.fr\/home\/bienvenue-chez-vp-danses-hazebrouck\/author\/adminvp20241018\/"},"uagb_comment_info":0,"uagb_excerpt":"VP DANSES est mise \u00e0 l\u2019honneur dans l\u2019\u00e9dition du 16 avril 2026 de L\u2019\u00c9cho de la Lys suite aux excellents r\u00e9sultats de Virginie Gatoux et Philippe Martins lors de la 12\u1d49 Coupe de Danse Sportive de Cergy-Pontoise. Une belle reconnaissance pour la Danse Sportive et le travail collectif men\u00e9 \u00e0 Hazebrouck et dans les Flandres.","jetpack_sharing_enabled":true,"_links":{"self":[{"href":"https:\/\/vpdanses.fr\/home\/bienvenue-chez-vp-danses-hazebrouck\/wp-json\/wp\/v2\/posts\/14925","targetHints":{"allow":["GET"]}}],"collection":[{"href":"https:\/\/vpdanses.fr\/home\/bienvenue-chez-vp-danses-hazebrouck\/wp-json\/wp\/v2\/posts"}],"about":[{"href":"https:\/\/vpdanses.fr\/home\/bienvenue-chez-vp-danses-hazebrouck\/wp-json\/wp\/v2\/types\/post"}],"author":[{"embeddable":true,"href":"https:\/\/vpdanses.fr\/home\/bienvenue-chez-vp-danses-hazebrouck\/wp-json\/wp\/v2\/users\/1"}],"replies":[{"embeddable":true,"href":"https:\/\/vpdanses.fr\/home\/bienvenue-chez-vp-danses-hazebrouck\/wp-json\/wp\/v2\/comments?post=14925"}],"version-history":[{"count":2,"href":"https:\/\/vpdanses.fr\/home\/bienvenue-chez-vp-danses-hazebrouck\/wp-json\/wp\/v2\/posts\/14925\/revisions"}],"predecessor-version":[{"id":14931,"href":"https:\/\/vpdanses.fr\/home\/bienvenue-chez-vp-danses-hazebrouck\/wp-json\/wp\/v2\/posts\/14925\/revisions\/14931"}],"wp:featuredmedia":[{"embeddable":true,"href":"https:\/\/vpdanses.fr\/home\/bienvenue-chez-vp-danses-hazebrouck\/wp-json\/wp\/v2\/media\/14928"}],"wp:attachment":[{"href":"https:\/\/vpdanses.fr\/home\/bienvenue-chez-vp-danses-hazebrouck\/wp-json\/wp\/v2\/media?parent=14925"}],"wp:term":[{"taxonomy":"category","embeddable":true,"href":"https:\/\/vpdanses.fr\/home\/bienvenue-chez-vp-danses-hazebrouck\/wp-json\/wp\/v2\/categories?post=14925"},{"taxonomy":"post_tag","embeddable":true,"href":"https:\/\/vpdanses.fr\/home\/bienvenue-chez-vp-danses-hazebrouck\/wp-json\/wp\/v2\/tags?post=14925"}],"curies":[{"name":"wp","href":"https:\/\/api.w.org\/{rel}","templated":true}]}}