{"id":9161,"date":"2024-10-21T22:23:17","date_gmt":"2024-10-21T20:23:17","guid":{"rendered":"https:\/\/vpdanses.fr\/?p=9161"},"modified":"2024-11-17T12:19:03","modified_gmt":"2024-11-17T11:19:03","slug":"une-edition-speciale-des-mardis-de-gery","status":"publish","type":"post","link":"https:\/\/vpdanses.fr\/home\/bienvenue-chez-vp-danses-hazebrouck\/une-edition-speciale-des-mardis-de-gery\/","title":{"rendered":"Une \u00e9dition sp\u00e9ciale des Mardis de G\u00e9ry : Rencontre avec Amandine DH\u00c9E, \u00e9crivaine et com\u00e9dienne"},"content":{"rendered":"\n<p>Ce mardi 2 octobre 2024, nous avons eu le plaisir d&rsquo;\u00eatre accueilli \u00e0 une \u00e9dition sp\u00e9ciale des Mardis de G\u00e9ry (un hommage a \u00e9t\u00e9 rendu \u00e0 G\u00e9ry AFCHAIN) par le <a href=\"https:\/\/www.facebook.com\/rotaryhazebrouckmerville\/\" data-type=\"link\" data-id=\"https:\/\/www.facebook.com\/rotaryhazebrouckmerville\/\" target=\"_blank\" rel=\"noreferrer noopener\">ROTARY CLUB HAZEBROUCK MERVILLE<\/a>. La soir\u00e9e \u00e0 eu lieu dans les annexes du <a href=\"https:\/\/www.chateaudemorbecque.fr\" target=\"_blank\" rel=\"noopener\">Ch\u00e2teau de Morbecque<\/a>.<\/p>\n\n\n\n<p><\/p>\n\n\n<div class=\"wp-block-image\">\n<figure class=\"aligncenter size-large is-resized\"><noscript><img loading=\"lazy\" decoding=\"async\" width=\"1024\" height=\"768\" data-skip-lazy src=\"https:\/\/vpdanses.fr\/wp-content\/uploads\/2024\/10\/2024-10-02.VP_danses_soiree_rotary_club_hazebrouck_merville-1024x768.jpg\" alt=\"\" class=\"wp-image-9162\" style=\"width:805px;height:auto\" srcset=\"https:\/\/vpdanses.fr\/wp-content\/uploads\/2024\/10\/2024-10-02.VP_danses_soiree_rotary_club_hazebrouck_merville-1024x768.jpg 1024w, https:\/\/vpdanses.fr\/wp-content\/uploads\/2024\/10\/2024-10-02.VP_danses_soiree_rotary_club_hazebrouck_merville-300x225.jpg 300w, https:\/\/vpdanses.fr\/wp-content\/uploads\/2024\/10\/2024-10-02.VP_danses_soiree_rotary_club_hazebrouck_merville-768x576.jpg 768w, https:\/\/vpdanses.fr\/wp-content\/uploads\/2024\/10\/2024-10-02.VP_danses_soiree_rotary_club_hazebrouck_merville-1536x1152.jpg 1536w, https:\/\/vpdanses.fr\/wp-content\/uploads\/2024\/10\/2024-10-02.VP_danses_soiree_rotary_club_hazebrouck_merville-2048x1536.jpg 2048w, https:\/\/vpdanses.fr\/wp-content\/uploads\/2024\/10\/2024-10-02.VP_danses_soiree_rotary_club_hazebrouck_merville-600x450.jpg 600w\" sizes=\"auto, (max-width: 1024px) 100vw, 1024px\" \/><\/noscript><img loading=\"eager\" decoding=\"async\" width=\"1024\" height=\"768\" src=\"https:\/\/vpdanses.fr\/wp-content\/uploads\/2024\/10\/2024-10-02.VP_danses_soiree_rotary_club_hazebrouck_merville-1024x768.jpg\" alt class=\"wp-image-9162 vp-lazyload\" style=\"width:805px;height:auto\" srcset=\"data:image\/svg+xml;base64,PHN2ZyB3aWR0aD0iMTAyNCIgaGVpZ2h0PSI3NjgiIHZpZXdCb3g9IjAgMCAxMDI0IDc2OCIgZmlsbD0ibm9uZSIgeG1sbnM9Imh0dHA6Ly93d3cudzMub3JnLzIwMDAvc3ZnIj48L3N2Zz4=\" data-src=\"https:\/\/vpdanses.fr\/wp-content\/uploads\/2024\/10\/2024-10-02.VP_danses_soiree_rotary_club_hazebrouck_merville-1024x768.jpg\" data-srcset=\"https:\/\/vpdanses.fr\/wp-content\/uploads\/2024\/10\/2024-10-02.VP_danses_soiree_rotary_club_hazebrouck_merville-1024x768.jpg 1024w, https:\/\/vpdanses.fr\/wp-content\/uploads\/2024\/10\/2024-10-02.VP_danses_soiree_rotary_club_hazebrouck_merville-300x225.jpg 300w, https:\/\/vpdanses.fr\/wp-content\/uploads\/2024\/10\/2024-10-02.VP_danses_soiree_rotary_club_hazebrouck_merville-768x576.jpg 768w, https:\/\/vpdanses.fr\/wp-content\/uploads\/2024\/10\/2024-10-02.VP_danses_soiree_rotary_club_hazebrouck_merville-1536x1152.jpg 1536w, https:\/\/vpdanses.fr\/wp-content\/uploads\/2024\/10\/2024-10-02.VP_danses_soiree_rotary_club_hazebrouck_merville-2048x1536.jpg 2048w, https:\/\/vpdanses.fr\/wp-content\/uploads\/2024\/10\/2024-10-02.VP_danses_soiree_rotary_club_hazebrouck_merville-600x450.jpg 600w\" data-sizes=\"auto\"><figcaption class=\"wp-element-caption\"><strong>Virginie GATOUX<\/strong>, Pr\u00e9sidente de &lsquo;VP danses&rsquo;<\/figcaption><\/figure><\/div>\n\n\n<hr class=\"wp-block-separator has-alpha-channel-opacity\"\/>\n\n\n\n<h2 class=\"wp-block-heading\">\u00ab\u00a0SORTIR AU JOUR\u00a0\u00bb, <a href=\"https:\/\/www.facebook.com\/p\/Amandine-Dh\u00e9e-100063612156400\/\" data-type=\"link\" data-id=\"https:\/\/www.facebook.com\/p\/Amandine-Dh\u00e9e-100063612156400\/\" target=\"_blank\" rel=\"noreferrer noopener\">Amandine DH\u00c9E<\/a> : <\/h2>\n\n\n\n<div class=\"wp-block-media-text is-stacked-on-mobile\" style=\"grid-template-columns:54% auto\"><figure class=\"wp-block-media-text__media\"><noscript><img loading=\"lazy\" decoding=\"async\" width=\"727\" height=\"1024\" data-skip-lazy src=\"https:\/\/vpdanses.fr\/wp-content\/uploads\/2024\/10\/2024-10-02.Couverture_sortir_au_jour_hd-2-727x1024.jpg\" alt=\"\" class=\"wp-image-9165 size-full\" srcset=\"https:\/\/vpdanses.fr\/wp-content\/uploads\/2024\/10\/2024-10-02.Couverture_sortir_au_jour_hd-2-727x1024.jpg 727w, https:\/\/vpdanses.fr\/wp-content\/uploads\/2024\/10\/2024-10-02.Couverture_sortir_au_jour_hd-2-213x300.jpg 213w, https:\/\/vpdanses.fr\/wp-content\/uploads\/2024\/10\/2024-10-02.Couverture_sortir_au_jour_hd-2-768x1081.jpg 768w, https:\/\/vpdanses.fr\/wp-content\/uploads\/2024\/10\/2024-10-02.Couverture_sortir_au_jour_hd-2-1091x1536.jpg 1091w, https:\/\/vpdanses.fr\/wp-content\/uploads\/2024\/10\/2024-10-02.Couverture_sortir_au_jour_hd-2-1455x2048.jpg 1455w, https:\/\/vpdanses.fr\/wp-content\/uploads\/2024\/10\/2024-10-02.Couverture_sortir_au_jour_hd-2-600x845.jpg 600w, https:\/\/vpdanses.fr\/wp-content\/uploads\/2024\/10\/2024-10-02.Couverture_sortir_au_jour_hd-2.jpg 1594w\" sizes=\"auto, (max-width: 727px) 100vw, 727px\" \/><\/noscript><img loading=\"eager\" decoding=\"async\" width=\"727\" height=\"1024\" src=\"https:\/\/vpdanses.fr\/wp-content\/uploads\/2024\/10\/2024-10-02.Couverture_sortir_au_jour_hd-2-727x1024.jpg\" alt class=\"wp-image-9165 size-full vp-lazyload\" srcset=\"data:image\/svg+xml;base64,PHN2ZyB3aWR0aD0iNzI3IiBoZWlnaHQ9IjEwMjQiIHZpZXdCb3g9IjAgMCA3MjcgMTAyNCIgZmlsbD0ibm9uZSIgeG1sbnM9Imh0dHA6Ly93d3cudzMub3JnLzIwMDAvc3ZnIj48L3N2Zz4=\" data-src=\"https:\/\/vpdanses.fr\/wp-content\/uploads\/2024\/10\/2024-10-02.Couverture_sortir_au_jour_hd-2-727x1024.jpg\" data-srcset=\"https:\/\/vpdanses.fr\/wp-content\/uploads\/2024\/10\/2024-10-02.Couverture_sortir_au_jour_hd-2-727x1024.jpg 727w, https:\/\/vpdanses.fr\/wp-content\/uploads\/2024\/10\/2024-10-02.Couverture_sortir_au_jour_hd-2-213x300.jpg 213w, https:\/\/vpdanses.fr\/wp-content\/uploads\/2024\/10\/2024-10-02.Couverture_sortir_au_jour_hd-2-768x1081.jpg 768w, https:\/\/vpdanses.fr\/wp-content\/uploads\/2024\/10\/2024-10-02.Couverture_sortir_au_jour_hd-2-1091x1536.jpg 1091w, https:\/\/vpdanses.fr\/wp-content\/uploads\/2024\/10\/2024-10-02.Couverture_sortir_au_jour_hd-2-1455x2048.jpg 1455w, https:\/\/vpdanses.fr\/wp-content\/uploads\/2024\/10\/2024-10-02.Couverture_sortir_au_jour_hd-2-600x845.jpg 600w, https:\/\/vpdanses.fr\/wp-content\/uploads\/2024\/10\/2024-10-02.Couverture_sortir_au_jour_hd-2.jpg 1594w\" data-sizes=\"auto\"><\/figure><div class=\"wp-block-media-text__content\">\n<p>L&rsquo;\u00e9crivaine et com\u00e9dienne <a href=\"https:\/\/www.facebook.com\/p\/Amandine-Dh\u00e9e-100063612156400\/\" data-type=\"link\" data-id=\"https:\/\/www.facebook.com\/p\/Amandine-Dh\u00e9e-100063612156400\/\" target=\"_blank\" rel=\"noreferrer noopener\">Amandine DH\u00c9E<\/a> a pr\u00e9sent\u00e9 son nouveau livre \u00ab\u00a0<a href=\"https:\/\/lacontreallee.com\/catalogue\/sortir-au-jour\/\" data-type=\"link\" data-id=\"https:\/\/lacontreallee.com\/catalogue\/sortir-au-jour\/\" target=\"_blank\" rel=\"noreferrer noopener\">Sortir au jour<\/a>\u00ab\u00a0, paru \u00e0 la maison d&rsquo;\u00e9dition lilloise \u00ab\u00a0<a href=\"https:\/\/lacontreallee.com\/catalogue\/sortir-au-jour\/\" data-type=\"link\" data-id=\"https:\/\/lacontreallee.com\/catalogue\/sortir-au-jour\/\" target=\"_blank\" rel=\"noreferrer noopener\">La Contre All\u00e9e<\/a>\u00ab\u00a0. Lien vers l&rsquo;<a href=\"https:\/\/lacontreallee.com\/media\/2022\/10\/sortir-au-jour_argu_3110.pdf\" data-type=\"link\" data-id=\"https:\/\/lacontreallee.com\/media\/2022\/10\/sortir-au-jour_argu_3110.pdf\" target=\"_blank\" rel=\"noreferrer noopener\">argumentaire<\/a> de ce livre. <\/p>\n\n\n\n<p><\/p>\n\n\n\n<p><\/p>\n\n\n\n<p><\/p>\n\n\n\n<p><\/p>\n\n\n\n<blockquote class=\"wp-block-quote is-layout-flow wp-block-quote-is-layout-flow\">\n<p>Amandine nous fait part dans ce livre ambitieux, dr\u00f4le et r\u00e9confortant de l&rsquo;\u00e9motion qu&rsquo;elle a pu ressentir quand elle a rencontr\u00e9 par hasard Gabrielle qui est <a href=\"https:\/\/www.larousse.fr\/dictionnaires\/francais\/thanatopracteur\/10910817\" data-type=\"link\" data-id=\"https:\/\/www.larousse.fr\/dictionnaires\/francais\/thanatopracteur\/10910817\" target=\"_blank\" rel=\"noreferrer noopener\">thanatopractrice<\/a>. Chez Gabrielle, Amandine a ressenti une pointe d&rsquo;impertinence, une libert\u00e9 de penser, une libert\u00e9 d&rsquo;exprimer ce que Gabrielle avait \u00e0 dire. Gabrielle pratique un m\u00e9tier choisie dont on ne peut pas parler en soci\u00e9t\u00e9 parce que cela exerce beaucoup de r\u00e9pulsion, de fascination \u00e9galement. Gabrielle et Amandine ont cr\u00e9\u00e9 une discussion et c&rsquo;est ce partage qui est le moteur de ce livre.<\/p>\n<\/blockquote>\n<\/div><\/div>\n\n\n<div class=\"wp-block-image\">\n<figure class=\"aligncenter size-large is-resized\"><noscript><img loading=\"lazy\" decoding=\"async\" width=\"768\" height=\"1024\" data-skip-lazy src=\"https:\/\/vpdanses.fr\/wp-content\/uploads\/2024\/10\/2024-10-02.Photo_avec_Amandine_Dhee-768x1024.jpg\" alt=\"\" class=\"wp-image-9167\" style=\"width:797px;height:auto\" srcset=\"https:\/\/vpdanses.fr\/wp-content\/uploads\/2024\/10\/2024-10-02.Photo_avec_Amandine_Dhee-768x1024.jpg 768w, https:\/\/vpdanses.fr\/wp-content\/uploads\/2024\/10\/2024-10-02.Photo_avec_Amandine_Dhee-225x300.jpg 225w, https:\/\/vpdanses.fr\/wp-content\/uploads\/2024\/10\/2024-10-02.Photo_avec_Amandine_Dhee-1152x1536.jpg 1152w, https:\/\/vpdanses.fr\/wp-content\/uploads\/2024\/10\/2024-10-02.Photo_avec_Amandine_Dhee-1536x2048.jpg 1536w, https:\/\/vpdanses.fr\/wp-content\/uploads\/2024\/10\/2024-10-02.Photo_avec_Amandine_Dhee-600x800.jpg 600w, https:\/\/vpdanses.fr\/wp-content\/uploads\/2024\/10\/2024-10-02.Photo_avec_Amandine_Dhee-scaled.jpg 1920w\" sizes=\"auto, (max-width: 768px) 100vw, 768px\" \/><\/noscript><img loading=\"eager\" decoding=\"async\" width=\"768\" height=\"1024\" src=\"https:\/\/vpdanses.fr\/wp-content\/uploads\/2024\/10\/2024-10-02.Photo_avec_Amandine_Dhee-768x1024.jpg\" alt class=\"wp-image-9167 vp-lazyload\" style=\"width:797px;height:auto\" srcset=\"data:image\/svg+xml;base64,PHN2ZyB3aWR0aD0iNzY4IiBoZWlnaHQ9IjEwMjQiIHZpZXdCb3g9IjAgMCA3NjggMTAyNCIgZmlsbD0ibm9uZSIgeG1sbnM9Imh0dHA6Ly93d3cudzMub3JnLzIwMDAvc3ZnIj48L3N2Zz4=\" data-src=\"https:\/\/vpdanses.fr\/wp-content\/uploads\/2024\/10\/2024-10-02.Photo_avec_Amandine_Dhee-768x1024.jpg\" data-srcset=\"https:\/\/vpdanses.fr\/wp-content\/uploads\/2024\/10\/2024-10-02.Photo_avec_Amandine_Dhee-768x1024.jpg 768w, https:\/\/vpdanses.fr\/wp-content\/uploads\/2024\/10\/2024-10-02.Photo_avec_Amandine_Dhee-225x300.jpg 225w, https:\/\/vpdanses.fr\/wp-content\/uploads\/2024\/10\/2024-10-02.Photo_avec_Amandine_Dhee-1152x1536.jpg 1152w, https:\/\/vpdanses.fr\/wp-content\/uploads\/2024\/10\/2024-10-02.Photo_avec_Amandine_Dhee-1536x2048.jpg 1536w, https:\/\/vpdanses.fr\/wp-content\/uploads\/2024\/10\/2024-10-02.Photo_avec_Amandine_Dhee-600x800.jpg 600w, https:\/\/vpdanses.fr\/wp-content\/uploads\/2024\/10\/2024-10-02.Photo_avec_Amandine_Dhee-scaled.jpg 1920w\" data-sizes=\"auto\"><figcaption class=\"wp-element-caption\"><strong>Amandine DH\u00c9E<\/strong>, \u00e9crivaine et com\u00e9dienne et <strong>Virginie GATOUX<\/strong>, Pr\u00e9sidente de &lsquo;VP danses&rsquo;<\/figcaption><\/figure><\/div>\n\n\n<hr class=\"wp-block-separator has-alpha-channel-opacity\"\/>\n\n\n\n<h2 class=\"wp-block-heading\"><a href=\"https:\/\/jeanmarcbourdon.fr\" data-type=\"link\" data-id=\"https:\/\/jeanmarcbourdon.fr\">Jean-Marc Bourdon<\/a> : <\/h2>\n\n\n\n<p><a href=\"https:\/\/jeanmarcbourdon.fr\" data-type=\"link\" data-id=\"https:\/\/jeanmarcbourdon.fr\">Jean-Marc BOURDON<\/a>, g\u00e9rant des soci\u00e9t\u00e9s <a href=\"https:\/\/jeanmarcbourdon.fr\" data-type=\"link\" data-id=\"https:\/\/jeanmarcbourdon.fr\" target=\"_blank\" rel=\"noreferrer noopener\">MUSIKOM<\/a> (Production et Organisation de spectacles \u00e9v\u00e9nementiels) et de <a href=\"https:\/\/jeanmarcbourdon.fr\" data-type=\"link\" data-id=\"https:\/\/jeanmarcbourdon.fr\">MUSIKADOM<\/a> (cours particuliers de musique et scolaire \u00e0 domicile)  nous a invit\u00e9 \u00e0 cette soir\u00e9e organis\u00e9e par le <a href=\"https:\/\/www.facebook.com\/rotaryhazebrouckmerville\/\" data-type=\"link\" data-id=\"https:\/\/www.facebook.com\/rotaryhazebrouckmerville\/\" target=\"_blank\" rel=\"noreferrer noopener\">Rotary Club Hazebrouck Merville<\/a>. Nous le remercions.  N&rsquo;h\u00e9sitez pas \u00e0 consulter <a href=\"https:\/\/jeanmarcbourdon.fr\" data-type=\"link\" data-id=\"https:\/\/jeanmarcbourdon.fr\" target=\"_blank\" rel=\"noreferrer noopener\">le nouveau site internet de Jean-Marc BOURDON<\/a> \u00e9labor\u00e9 et mis en ligne tr\u00e8s r\u00e9cemment par <a href=\"https:\/\/mtlouison.fr\/developpement.php\" data-type=\"link\" data-id=\"https:\/\/mtlouison.fr\" target=\"_blank\" rel=\"noreferrer noopener\">Louison MARTINS&#8211;TAHON<\/a>. <\/p>\n\n\n\n<figure class=\"wp-block-image size-large is-resized\"><noscript><img loading=\"lazy\" decoding=\"async\" width=\"1024\" height=\"768\" data-skip-lazy src=\"https:\/\/vpdanses.fr\/wp-content\/uploads\/2024\/10\/2024-10-02.Jean_Marc_Bourdon-1024x768.jpg\" alt=\"\" class=\"wp-image-9170\" style=\"width:888px;height:auto\" srcset=\"https:\/\/vpdanses.fr\/wp-content\/uploads\/2024\/10\/2024-10-02.Jean_Marc_Bourdon-1024x768.jpg 1024w, https:\/\/vpdanses.fr\/wp-content\/uploads\/2024\/10\/2024-10-02.Jean_Marc_Bourdon-300x225.jpg 300w, https:\/\/vpdanses.fr\/wp-content\/uploads\/2024\/10\/2024-10-02.Jean_Marc_Bourdon-768x576.jpg 768w, https:\/\/vpdanses.fr\/wp-content\/uploads\/2024\/10\/2024-10-02.Jean_Marc_Bourdon-1536x1152.jpg 1536w, https:\/\/vpdanses.fr\/wp-content\/uploads\/2024\/10\/2024-10-02.Jean_Marc_Bourdon-2048x1536.jpg 2048w, https:\/\/vpdanses.fr\/wp-content\/uploads\/2024\/10\/2024-10-02.Jean_Marc_Bourdon-600x450.jpg 600w\" sizes=\"auto, (max-width: 1024px) 100vw, 1024px\" \/><\/noscript><img loading=\"eager\" decoding=\"async\" width=\"1024\" height=\"768\" src=\"https:\/\/vpdanses.fr\/wp-content\/uploads\/2024\/10\/2024-10-02.Jean_Marc_Bourdon-1024x768.jpg\" alt class=\"wp-image-9170 vp-lazyload\" style=\"width:888px;height:auto\" srcset=\"data:image\/svg+xml;base64,PHN2ZyB3aWR0aD0iMTAyNCIgaGVpZ2h0PSI3NjgiIHZpZXdCb3g9IjAgMCAxMDI0IDc2OCIgZmlsbD0ibm9uZSIgeG1sbnM9Imh0dHA6Ly93d3cudzMub3JnLzIwMDAvc3ZnIj48L3N2Zz4=\" data-src=\"https:\/\/vpdanses.fr\/wp-content\/uploads\/2024\/10\/2024-10-02.Jean_Marc_Bourdon-1024x768.jpg\" data-srcset=\"https:\/\/vpdanses.fr\/wp-content\/uploads\/2024\/10\/2024-10-02.Jean_Marc_Bourdon-1024x768.jpg 1024w, https:\/\/vpdanses.fr\/wp-content\/uploads\/2024\/10\/2024-10-02.Jean_Marc_Bourdon-300x225.jpg 300w, https:\/\/vpdanses.fr\/wp-content\/uploads\/2024\/10\/2024-10-02.Jean_Marc_Bourdon-768x576.jpg 768w, https:\/\/vpdanses.fr\/wp-content\/uploads\/2024\/10\/2024-10-02.Jean_Marc_Bourdon-1536x1152.jpg 1536w, https:\/\/vpdanses.fr\/wp-content\/uploads\/2024\/10\/2024-10-02.Jean_Marc_Bourdon-2048x1536.jpg 2048w, https:\/\/vpdanses.fr\/wp-content\/uploads\/2024\/10\/2024-10-02.Jean_Marc_Bourdon-600x450.jpg 600w\" data-sizes=\"auto\"><figcaption class=\"wp-element-caption\"><strong>Jean-Marc BOURDON<\/strong>, G\u00e9rant de MUSIKOM et de MUSIKADOM et <strong>Virginie GATOUX<\/strong>, Pr\u00e9sidente de &lsquo;VP danses&rsquo;<\/figcaption><\/figure>\n\n\n\n<hr class=\"wp-block-separator has-alpha-channel-opacity\"\/>\n\n\n\n<h2 class=\"wp-block-heading\"><a href=\"https:\/\/www.lavoixdunord.fr\/1477762\/article\/2024-06-28\/bernard-pora-intronise-nouveau-president-du-rotary-club-hazebrouck-merville\" data-type=\"link\" data-id=\"https:\/\/www.lavoixdunord.fr\/1477762\/article\/2024-06-28\/bernard-pora-intronise-nouveau-president-du-rotary-club-hazebrouck-merville\" target=\"_blank\" rel=\"noreferrer noopener\">Bernard Louis Pora<\/a> : <\/h2>\n\n\n\n<p>Lors de cette soir\u00e9e, nous avons eu le plaisir de rencontrer Bernard Louis PORA, <a href=\"https:\/\/www.lavoixdunord.fr\/1477762\/article\/2024-06-28\/bernard-pora-intronise-nouveau-president-du-rotary-club-hazebrouck-merville\" data-type=\"link\" data-id=\"https:\/\/www.lavoixdunord.fr\/1477762\/article\/2024-06-28\/bernard-pora-intronise-nouveau-president-du-rotary-club-hazebrouck-merville\" target=\"_blank\" rel=\"noreferrer noopener\">Pr\u00e9sident et 37\u00e8me membre du Rotary Club Hazebrouck-Merville<\/a> ainsi que Jocelyne DENOEUX, Secr\u00e9taire du Rotary Club Hazebrouck-Merville. <\/p>\n\n\n\n<p>Nous avons pu \u00e9changer avec <a href=\"https:\/\/www.facebook.com\/share\/NSaR1NebRk1nGSJj\/?mibextid=LQQJ4d\" data-type=\"link\" data-id=\"https:\/\/www.facebook.com\/share\/NSaR1NebRk1nGSJj\/?mibextid=LQQJ4d\" target=\"_blank\" rel=\"noreferrer noopener\">Bernard Louis PORA<\/a> sur les diff\u00e9rentes danses que nous proposons dans notre association &lsquo;<a href=\"https:\/\/www.facebook.com\/profile.php?id=100092310827263\" data-type=\"link\" data-id=\"https:\/\/www.facebook.com\/profile.php?id=100092310827263\" target=\"_blank\" rel=\"noreferrer noopener\">VP danses<\/a>&lsquo; mais \u00e9galement sur notre passion de la pratique de la danse sportive. <\/p>\n\n\n\n<p>Ce fut \u00e9galement l&rsquo;occasion de mettre en avant <a href=\"https:\/\/www.facebook.com\/sven.balcerzak\/\" data-type=\"link\" data-id=\"https:\/\/www.facebook.com\/sven.balcerzak\/\" target=\"_blank\" rel=\"noreferrer noopener\">Sven BALCERZAK<\/a>, notre professeur de toujours, coach et Grand Ma\u00eetre de la discipline de la danse sportive !  <\/p>\n\n\n<div class=\"wp-block-image\">\n<figure class=\"aligncenter size-large is-resized\"><noscript><img loading=\"lazy\" decoding=\"async\" width=\"1024\" height=\"768\" data-skip-lazy src=\"https:\/\/vpdanses.fr\/wp-content\/uploads\/2024\/10\/2024-10-02.Bernard_Louis_Pora-1024x768.jpg\" alt=\"\" class=\"wp-image-9172\" style=\"width:824px;height:auto\" srcset=\"https:\/\/vpdanses.fr\/wp-content\/uploads\/2024\/10\/2024-10-02.Bernard_Louis_Pora-1024x768.jpg 1024w, https:\/\/vpdanses.fr\/wp-content\/uploads\/2024\/10\/2024-10-02.Bernard_Louis_Pora-300x225.jpg 300w, https:\/\/vpdanses.fr\/wp-content\/uploads\/2024\/10\/2024-10-02.Bernard_Louis_Pora-768x576.jpg 768w, https:\/\/vpdanses.fr\/wp-content\/uploads\/2024\/10\/2024-10-02.Bernard_Louis_Pora-1536x1152.jpg 1536w, https:\/\/vpdanses.fr\/wp-content\/uploads\/2024\/10\/2024-10-02.Bernard_Louis_Pora-2048x1536.jpg 2048w, https:\/\/vpdanses.fr\/wp-content\/uploads\/2024\/10\/2024-10-02.Bernard_Louis_Pora-600x450.jpg 600w\" sizes=\"auto, (max-width: 1024px) 100vw, 1024px\" \/><\/noscript><img loading=\"eager\" decoding=\"async\" width=\"1024\" height=\"768\" src=\"https:\/\/vpdanses.fr\/wp-content\/uploads\/2024\/10\/2024-10-02.Bernard_Louis_Pora-1024x768.jpg\" alt class=\"wp-image-9172 vp-lazyload\" style=\"width:824px;height:auto\" srcset=\"data:image\/svg+xml;base64,PHN2ZyB3aWR0aD0iMTAyNCIgaGVpZ2h0PSI3NjgiIHZpZXdCb3g9IjAgMCAxMDI0IDc2OCIgZmlsbD0ibm9uZSIgeG1sbnM9Imh0dHA6Ly93d3cudzMub3JnLzIwMDAvc3ZnIj48L3N2Zz4=\" data-src=\"https:\/\/vpdanses.fr\/wp-content\/uploads\/2024\/10\/2024-10-02.Bernard_Louis_Pora-1024x768.jpg\" data-srcset=\"https:\/\/vpdanses.fr\/wp-content\/uploads\/2024\/10\/2024-10-02.Bernard_Louis_Pora-1024x768.jpg 1024w, https:\/\/vpdanses.fr\/wp-content\/uploads\/2024\/10\/2024-10-02.Bernard_Louis_Pora-300x225.jpg 300w, https:\/\/vpdanses.fr\/wp-content\/uploads\/2024\/10\/2024-10-02.Bernard_Louis_Pora-768x576.jpg 768w, https:\/\/vpdanses.fr\/wp-content\/uploads\/2024\/10\/2024-10-02.Bernard_Louis_Pora-1536x1152.jpg 1536w, https:\/\/vpdanses.fr\/wp-content\/uploads\/2024\/10\/2024-10-02.Bernard_Louis_Pora-2048x1536.jpg 2048w, https:\/\/vpdanses.fr\/wp-content\/uploads\/2024\/10\/2024-10-02.Bernard_Louis_Pora-600x450.jpg 600w\" data-sizes=\"auto\"><figcaption class=\"wp-element-caption\">De gauche \u00e0 droite : <strong>Bernard Louis PORA<\/strong>, Pr\u00e9sident du Rotary Club Hazebrouck-Merville, <strong>Jean-Marc BOURDON<\/strong>, G\u00e9rant de MUSIKOM et de MUSIKADOM, <strong>Virginie GATOUX<\/strong>, Pr\u00e9sidente de &lsquo;VP danses&rsquo;<\/figcaption><\/figure><\/div>\n\n\n<hr class=\"wp-block-separator has-alpha-channel-opacity\"\/>\n\n\n\n<h2 class=\"wp-block-heading\"><a href=\"https:\/\/bieredureuze.fr\/biere-du-reuze-cassel\/\" data-type=\"link\" data-id=\"https:\/\/bieredureuze.fr\/biere-du-reuze-cassel\/\" target=\"_blank\" rel=\"noreferrer noopener\">La bi\u00e8re du Reuze &#8211; BRASSERIE DU MONT CASSEL<\/a> : <\/h2>\n\n\n\n<p>Une belle rencontre \u00e9galement avec Caroline, G\u00e9rante de la <a href=\"https:\/\/www.facebook.com\/biere.du.reuze\/\" data-type=\"link\" data-id=\"https:\/\/www.facebook.com\/biere.du.reuze\/\" target=\"_blank\" rel=\"noreferrer noopener\">Brasserie du Mont Cassel<\/a> et propri\u00e9taire de la <a href=\"https:\/\/www.facebook.com\/biere.du.reuze\/\" data-type=\"link\" data-id=\"https:\/\/www.facebook.com\/biere.du.reuze\/\" target=\"_blank\" rel=\"noreferrer noopener\">BIERE DU REUZE<\/a>. <\/p>\n\n\n\n<p>La rencontre fut br\u00e8ve mais promis, nous nous reverrons pour une visite \u00e0 la Brasserie \u00e0 <a href=\"https:\/\/www.facebook.com\/Casselhautlaflandre\/\" data-type=\"link\" data-id=\"https:\/\/www.facebook.com\/Casselhautlaflandre\/\" target=\"_blank\" rel=\"noreferrer noopener\">Cassel, village pr\u00e9f\u00e9r\u00e9 des fran\u00e7ais en 2018 !<\/a>.<\/p>\n\n\n<div class=\"wp-block-image\">\n<figure class=\"aligncenter size-large is-resized\"><noscript><img loading=\"lazy\" decoding=\"async\" width=\"1024\" height=\"768\" data-skip-lazy src=\"https:\/\/vpdanses.fr\/wp-content\/uploads\/2024\/10\/2024-10-02.Biere_du_reuze_2-1024x768.jpeg\" alt=\"\" class=\"wp-image-9174\" style=\"width:822px;height:auto\" srcset=\"https:\/\/vpdanses.fr\/wp-content\/uploads\/2024\/10\/2024-10-02.Biere_du_reuze_2-1024x768.jpeg 1024w, https:\/\/vpdanses.fr\/wp-content\/uploads\/2024\/10\/2024-10-02.Biere_du_reuze_2-300x225.jpeg 300w, https:\/\/vpdanses.fr\/wp-content\/uploads\/2024\/10\/2024-10-02.Biere_du_reuze_2-768x576.jpeg 768w, https:\/\/vpdanses.fr\/wp-content\/uploads\/2024\/10\/2024-10-02.Biere_du_reuze_2-1536x1152.jpeg 1536w, https:\/\/vpdanses.fr\/wp-content\/uploads\/2024\/10\/2024-10-02.Biere_du_reuze_2-2048x1536.jpeg 2048w, https:\/\/vpdanses.fr\/wp-content\/uploads\/2024\/10\/2024-10-02.Biere_du_reuze_2-600x450.jpeg 600w\" sizes=\"auto, (max-width: 1024px) 100vw, 1024px\" \/><\/noscript><img loading=\"eager\" decoding=\"async\" width=\"1024\" height=\"768\" src=\"https:\/\/vpdanses.fr\/wp-content\/uploads\/2024\/10\/2024-10-02.Biere_du_reuze_2-1024x768.jpeg\" alt class=\"wp-image-9174 vp-lazyload\" style=\"width:822px;height:auto\" srcset=\"data:image\/svg+xml;base64,PHN2ZyB3aWR0aD0iMTAyNCIgaGVpZ2h0PSI3NjgiIHZpZXdCb3g9IjAgMCAxMDI0IDc2OCIgZmlsbD0ibm9uZSIgeG1sbnM9Imh0dHA6Ly93d3cudzMub3JnLzIwMDAvc3ZnIj48L3N2Zz4=\" data-src=\"https:\/\/vpdanses.fr\/wp-content\/uploads\/2024\/10\/2024-10-02.Biere_du_reuze_2-1024x768.jpeg\" data-srcset=\"https:\/\/vpdanses.fr\/wp-content\/uploads\/2024\/10\/2024-10-02.Biere_du_reuze_2-1024x768.jpeg 1024w, https:\/\/vpdanses.fr\/wp-content\/uploads\/2024\/10\/2024-10-02.Biere_du_reuze_2-300x225.jpeg 300w, https:\/\/vpdanses.fr\/wp-content\/uploads\/2024\/10\/2024-10-02.Biere_du_reuze_2-768x576.jpeg 768w, https:\/\/vpdanses.fr\/wp-content\/uploads\/2024\/10\/2024-10-02.Biere_du_reuze_2-1536x1152.jpeg 1536w, https:\/\/vpdanses.fr\/wp-content\/uploads\/2024\/10\/2024-10-02.Biere_du_reuze_2-2048x1536.jpeg 2048w, https:\/\/vpdanses.fr\/wp-content\/uploads\/2024\/10\/2024-10-02.Biere_du_reuze_2-600x450.jpeg 600w\" data-sizes=\"auto\"><figcaption class=\"wp-element-caption\"><a href=\"https:\/\/bieredureuze.fr\/biere-du-reuze-cassel\/\" data-type=\"link\" data-id=\"https:\/\/bieredureuze.fr\/biere-du-reuze-cassel\/\" target=\"_blank\" rel=\"noreferrer noopener\">Brasserie du Mont Cassel, Bi\u00e8re du Reuze<\/a><\/figcaption><\/figure><\/div>\n\n\n<p><\/p>\n","protected":false},"excerpt":{"rendered":"<p>Ce mardi 2 octobre 2024, nous avons eu le plaisir d&rsquo;\u00eatre accueilli \u00e0 une \u00e9dition sp\u00e9ciale des Mardis de G\u00e9ry (un hommage a \u00e9t\u00e9 rendu \u00e0 G\u00e9ry AFCHAIN) par le [&hellip;]<\/p>\n","protected":false},"author":1,"featured_media":10168,"comment_status":"closed","ping_status":"open","sticky":false,"template":"","format":"standard","meta":{"_uag_custom_page_level_css":"","_price":"","_stock":"","_tribe_ticket_header":"","_tribe_default_ticket_provider":"","_tribe_ticket_capacity":"0","_ticket_start_date":"","_ticket_end_date":"","_tribe_ticket_show_description":"","_tribe_ticket_show_not_going":false,"_tribe_ticket_use_global_stock":"","_tribe_ticket_global_stock_level":"","_global_stock_mode":"","_global_stock_cap":"","_tribe_rsvp_for_event":"","_tribe_ticket_going_count":"","_tribe_ticket_not_going_count":"","_tribe_tickets_list":"[]","_tribe_ticket_has_attendee_info_fields":false,"_EventAllDay":false,"_EventTimezone":"","_EventStartDate":"","_EventEndDate":"","_EventStartDateUTC":"","_EventEndDateUTC":"","_EventShowMap":false,"_EventShowMapLink":false,"_EventURL":"","_EventCost":"","_EventCostDescription":"","_EventCurrencySymbol":"","_EventCurrencyCode":"","_EventCurrencyPosition":"","_EventDateTimeSeparator":"","_EventTimeRangeSeparator":"","_EventOrganizerID":[],"_EventVenueID":[],"_OrganizerEmail":"","_OrganizerPhone":"","_OrganizerWebsite":"","_VenueAddress":"","_VenueCity":"","_VenueCountry":"","_VenueProvince":"","_VenueState":"","_VenueZip":"","_VenuePhone":"","_VenueURL":"","_VenueStateProvince":"","_VenueLat":"","_VenueLng":"","_VenueShowMap":false,"_VenueShowMapLink":false,"_vp_format_video_url":"","_vp_image_focal_point":[],"_jetpack_memberships_contains_paid_content":false,"footnotes":""},"categories":[113],"tags":[93,103,102,92,91,111,89,106,110,109,108,90,104,95,101,112,100,99,98,88,94,107,97,96],"class_list":["post-9161","post","type-post","status-publish","format-standard","has-post-thumbnail","hentry","category-rencontres","tag-amandine-dhee","tag-bernard-louis-pora","tag-bernard-pora","tag-biere-du-reuze","tag-brasserie-du-mont-cassel","tag-cassel","tag-chateau-de-morbecque","tag-danse-sportive","tag-danses-de-bal","tag-danses-de-loisirs","tag-danses-de-salon","tag-jean-marc-bourdon","tag-jocelyne-denoeux","tag-la-contre-allee","tag-louson-martins-tahon","tag-morbecque","tag-mt-louison","tag-musikadom","tag-musikom","tag-rotary-club-hazebrouck-mervlle","tag-sortir-au-jour","tag-sven-balcerzak","tag-virginie-gatoux","tag-vp-danses"],"yoast_head":"<!-- This site is optimized with the Yoast SEO Premium plugin v25.6 (Yoast SEO v25.6) - https:\/\/yoast.com\/wordpress\/plugins\/seo\/ -->\n<title>Une \u00e9dition sp\u00e9ciale des Mardis de G\u00e9ry : Rencontre avec Amandine DH\u00c9E, \u00e9crivaine et com\u00e9dienne - VP DANSES, cours de Danse Sportive \u00e0 Aire-sur-la-Lys et \u00e0 Saint-Jans-Cappel (Hauts-de-France)<\/title>\n<meta name=\"robots\" content=\"index, follow, max-snippet:-1, max-image-preview:large, max-video-preview:-1\" \/>\n<link rel=\"canonical\" href=\"https:\/\/vpdanses.fr\/home\/bienvenue-chez-vp-danses-hazebrouck\/une-edition-speciale-des-mardis-de-gery\/\" \/>\n<meta property=\"og:locale\" content=\"fr_FR\" \/>\n<meta property=\"og:type\" content=\"article\" \/>\n<meta property=\"og:title\" content=\"Une \u00e9dition sp\u00e9ciale des Mardis de G\u00e9ry : Rencontre avec Amandine DH\u00c9E, \u00e9crivaine et com\u00e9dienne\" \/>\n<meta property=\"og:description\" content=\"Ce mardi 2 octobre 2024, nous avons eu le plaisir d&rsquo;\u00eatre accueilli \u00e0 une \u00e9dition sp\u00e9ciale des Mardis de G\u00e9ry (un hommage a \u00e9t\u00e9 rendu \u00e0 G\u00e9ry AFCHAIN) par le [&hellip;]\" \/>\n<meta property=\"og:url\" content=\"https:\/\/vpdanses.fr\/home\/bienvenue-chez-vp-danses-hazebrouck\/une-edition-speciale-des-mardis-de-gery\/\" \/>\n<meta property=\"og:site_name\" content=\"VP DANSES, cours de Danse Sportive \u00e0 Aire-sur-la-Lys et \u00e0 Saint-Jans-Cappel (Hauts-de-France)\" \/>\n<meta property=\"article:published_time\" content=\"2024-10-21T20:23:17+00:00\" \/>\n<meta property=\"article:modified_time\" content=\"2024-11-17T11:19:03+00:00\" \/>\n<meta property=\"og:image\" content=\"https:\/\/vpdanses.fr\/wp-content\/uploads\/2024\/10\/2024-10-02.Bernard_Louis_Pora_W1080.jpg\" \/>\n\t<meta property=\"og:image:width\" content=\"1080\" \/>\n\t<meta property=\"og:image:height\" content=\"810\" \/>\n\t<meta property=\"og:image:type\" content=\"image\/jpeg\" \/>\n<meta name=\"author\" content=\"VP DANSES\" \/>\n<meta name=\"twitter:card\" content=\"summary_large_image\" \/>\n<meta name=\"twitter:label1\" content=\"\u00c9crit par\" \/>\n\t<meta name=\"twitter:data1\" content=\"VP DANSES\" \/>\n\t<meta name=\"twitter:label2\" content=\"Dur\u00e9e de lecture estim\u00e9e\" \/>\n\t<meta name=\"twitter:data2\" content=\"2 minutes\" \/>\n<script type=\"application\/ld+json\" class=\"yoast-schema-graph\">{\"@context\":\"https:\/\/schema.org\",\"@graph\":[{\"@type\":\"Article\",\"@id\":\"https:\/\/vpdanses.fr\/home\/bienvenue-chez-vp-danses-hazebrouck\/une-edition-speciale-des-mardis-de-gery\/#article\",\"isPartOf\":{\"@id\":\"https:\/\/vpdanses.fr\/home\/bienvenue-chez-vp-danses-hazebrouck\/une-edition-speciale-des-mardis-de-gery\/\"},\"author\":{\"name\":\"VP DANSES\",\"@id\":\"https:\/\/vpdanses.fr\/home\/bienvenue-chez-vp-danses-hazebrouck\/#\/schema\/person\/bf87806369778f949b83c9cd885519e5\"},\"headline\":\"Une \u00e9dition sp\u00e9ciale des Mardis de G\u00e9ry : Rencontre avec Amandine DH\u00c9E, \u00e9crivaine et com\u00e9dienne\",\"datePublished\":\"2024-10-21T20:23:17+00:00\",\"dateModified\":\"2024-11-17T11:19:03+00:00\",\"mainEntityOfPage\":{\"@id\":\"https:\/\/vpdanses.fr\/home\/bienvenue-chez-vp-danses-hazebrouck\/une-edition-speciale-des-mardis-de-gery\/\"},\"wordCount\":493,\"publisher\":{\"@id\":\"https:\/\/vpdanses.fr\/home\/bienvenue-chez-vp-danses-hazebrouck\/#organization\"},\"image\":{\"@id\":\"https:\/\/vpdanses.fr\/home\/bienvenue-chez-vp-danses-hazebrouck\/une-edition-speciale-des-mardis-de-gery\/#primaryimage\"},\"thumbnailUrl\":\"https:\/\/vpdanses.fr\/wp-content\/uploads\/2024\/10\/2024-10-02.Bernard_Louis_Pora_W1080.jpg\",\"keywords\":[\"AMANDINE DH\u00c9E\",\"BERNARD LOUIS PORA\",\"BERNARD PORA\",\"BIERE DU REUZE\",\"BRASSERIE DU MONT CASSEL\",\"CASSEL\",\"CHATEAU DE MORBECQUE\",\"DANSE SPORTIVE\",\"DANSES DE BAL\",\"DANSES DE LOISIRS\",\"DANSES DE SALON\",\"JEAN-MARC BOURDON\",\"JOCELYNE DENOEUX\",\"LA CONTRE ALL\u00c9E\",\"LOUSON MARTINS TAHON\",\"MORBECQUE\",\"MT LOUISON\",\"MUSIKADOM\",\"MUSIKOM\",\"ROTARY CLUB HAZEBROUCK-MERVLLE\",\"SORTIR AU JOUR\",\"SVEN BALCERZAK\",\"VIRGINIE GATOUX\",\"VP DANSES\"],\"articleSection\":[\"RENCONTRES\"],\"inLanguage\":\"fr-FR\"},{\"@type\":\"WebPage\",\"@id\":\"https:\/\/vpdanses.fr\/home\/bienvenue-chez-vp-danses-hazebrouck\/une-edition-speciale-des-mardis-de-gery\/\",\"url\":\"https:\/\/vpdanses.fr\/home\/bienvenue-chez-vp-danses-hazebrouck\/une-edition-speciale-des-mardis-de-gery\/\",\"name\":\"Une \u00e9dition sp\u00e9ciale des Mardis de G\u00e9ry : Rencontre avec Amandine DH\u00c9E, \u00e9crivaine et com\u00e9dienne - VP DANSES, cours de Danse Sportive \u00e0 Aire-sur-la-Lys et \u00e0 Saint-Jans-Cappel (Hauts-de-France)\",\"isPartOf\":{\"@id\":\"https:\/\/vpdanses.fr\/home\/bienvenue-chez-vp-danses-hazebrouck\/#website\"},\"primaryImageOfPage\":{\"@id\":\"https:\/\/vpdanses.fr\/home\/bienvenue-chez-vp-danses-hazebrouck\/une-edition-speciale-des-mardis-de-gery\/#primaryimage\"},\"image\":{\"@id\":\"https:\/\/vpdanses.fr\/home\/bienvenue-chez-vp-danses-hazebrouck\/une-edition-speciale-des-mardis-de-gery\/#primaryimage\"},\"thumbnailUrl\":\"https:\/\/vpdanses.fr\/wp-content\/uploads\/2024\/10\/2024-10-02.Bernard_Louis_Pora_W1080.jpg\",\"datePublished\":\"2024-10-21T20:23:17+00:00\",\"dateModified\":\"2024-11-17T11:19:03+00:00\",\"breadcrumb\":{\"@id\":\"https:\/\/vpdanses.fr\/home\/bienvenue-chez-vp-danses-hazebrouck\/une-edition-speciale-des-mardis-de-gery\/#breadcrumb\"},\"inLanguage\":\"fr-FR\",\"potentialAction\":[{\"@type\":\"ReadAction\",\"target\":[\"https:\/\/vpdanses.fr\/home\/bienvenue-chez-vp-danses-hazebrouck\/une-edition-speciale-des-mardis-de-gery\/\"]}]},{\"@type\":\"ImageObject\",\"inLanguage\":\"fr-FR\",\"@id\":\"https:\/\/vpdanses.fr\/home\/bienvenue-chez-vp-danses-hazebrouck\/une-edition-speciale-des-mardis-de-gery\/#primaryimage\",\"url\":\"https:\/\/vpdanses.fr\/wp-content\/uploads\/2024\/10\/2024-10-02.Bernard_Louis_Pora_W1080.jpg\",\"contentUrl\":\"https:\/\/vpdanses.fr\/wp-content\/uploads\/2024\/10\/2024-10-02.Bernard_Louis_Pora_W1080.jpg\",\"width\":1080,\"height\":810,\"caption\":\"VP DANSES rencontre Amandine DH\u00c9E \u00e0 Morbecque\"},{\"@type\":\"BreadcrumbList\",\"@id\":\"https:\/\/vpdanses.fr\/home\/bienvenue-chez-vp-danses-hazebrouck\/une-edition-speciale-des-mardis-de-gery\/#breadcrumb\",\"itemListElement\":[{\"@type\":\"ListItem\",\"position\":1,\"name\":\"Accueil\",\"item\":\"https:\/\/vpdanses.fr\/home\/bienvenue-chez-vp-danses-hazebrouck\/\"},{\"@type\":\"ListItem\",\"position\":2,\"name\":\"Une \u00e9dition sp\u00e9ciale des Mardis de G\u00e9ry : Rencontre avec Amandine DH\u00c9E, \u00e9crivaine et com\u00e9dienne\"}]},{\"@type\":\"WebSite\",\"@id\":\"https:\/\/vpdanses.fr\/home\/bienvenue-chez-vp-danses-hazebrouck\/#website\",\"url\":\"https:\/\/vpdanses.fr\/home\/bienvenue-chez-vp-danses-hazebrouck\/\",\"name\":\"VP DANSES, cours de Danse Sportive \u00e0 Aire-sur-la-Lys et \u00e0 Saint-Jans-Cappel (Hauts-de-France)\",\"description\":\"Cours de Danse Sportive STANDARD (valse anglaise, tango, valse viennoise, slowfox, quickstep), danses sportives LATINES (samba, chacha, rumba, paso doble, jive), danses de bal, danses de salons, danses de loisirs, salsa, rock 4 temps, rock 6 temps, danses en ligne, disco, \u2026 Lieu : Hazebrouck, Aire-sur-la-Lys, Saint-Jans-Cappel et Isbergues (Hauts-de-France) - Cours Particuliers dans les Hauts-de-France - Ouverture de bal de Mariage\",\"publisher\":{\"@id\":\"https:\/\/vpdanses.fr\/home\/bienvenue-chez-vp-danses-hazebrouck\/#organization\"},\"potentialAction\":[{\"@type\":\"SearchAction\",\"target\":{\"@type\":\"EntryPoint\",\"urlTemplate\":\"https:\/\/vpdanses.fr\/home\/bienvenue-chez-vp-danses-hazebrouck\/?s={search_term_string}\"},\"query-input\":{\"@type\":\"PropertyValueSpecification\",\"valueRequired\":true,\"valueName\":\"search_term_string\"}}],\"inLanguage\":\"fr-FR\"},{\"@type\":\"Organization\",\"@id\":\"https:\/\/vpdanses.fr\/home\/bienvenue-chez-vp-danses-hazebrouck\/#organization\",\"name\":\"VP DANSES, cours de Danse Sportive \u00e0 Aire-sur-la-Lys et \u00e0 Saint-Jans-Cappel (Hauts-de-France)\",\"url\":\"https:\/\/vpdanses.fr\/home\/bienvenue-chez-vp-danses-hazebrouck\/\",\"logo\":{\"@type\":\"ImageObject\",\"inLanguage\":\"fr-FR\",\"@id\":\"https:\/\/vpdanses.fr\/home\/bienvenue-chez-vp-danses-hazebrouck\/#\/schema\/logo\/image\/\",\"url\":\"https:\/\/vpdanses.fr\/wp-content\/uploads\/2024\/10\/logo_cadanse_asaintjans.jpeg\",\"contentUrl\":\"https:\/\/vpdanses.fr\/wp-content\/uploads\/2024\/10\/logo_cadanse_asaintjans.jpeg\",\"width\":225,\"height\":225,\"caption\":\"VP DANSES, cours de Danse Sportive \u00e0 Aire-sur-la-Lys et \u00e0 Saint-Jans-Cappel (Hauts-de-France)\"},\"image\":{\"@id\":\"https:\/\/vpdanses.fr\/home\/bienvenue-chez-vp-danses-hazebrouck\/#\/schema\/logo\/image\/\"}},{\"@type\":\"Person\",\"@id\":\"https:\/\/vpdanses.fr\/home\/bienvenue-chez-vp-danses-hazebrouck\/#\/schema\/person\/bf87806369778f949b83c9cd885519e5\",\"name\":\"VP DANSES\",\"description\":\"\\\"VP danses\\\" est une association qui donne des cours de DANSES SPORTIVES STANDARDS (valse anglaise, tango, valse viennoise, slowfox, quickstep), de DANSES SPORTIVES LATINES (samba, chacha, rumba, paso doble, jive), de DANSES DE BAL, de DANSES DE SALONS, de DANSES DE LOISIRS, de SALSA, de ROCK 4 TEMPS, de ROCK 6 TEMPS, de DANSES EN LIGNE, de DISCO, \u2026\",\"sameAs\":[\"https:\/\/vpdanses.fr\"],\"url\":\"https:\/\/vpdanses.fr\/home\/bienvenue-chez-vp-danses-hazebrouck\/author\/adminvp20241018\/\"}]}<\/script>\n<!-- \/ Yoast SEO Premium plugin. -->","yoast_head_json":{"title":"Une \u00e9dition sp\u00e9ciale des Mardis de G\u00e9ry : Rencontre avec Amandine DH\u00c9E, \u00e9crivaine et com\u00e9dienne - VP DANSES, cours de Danse Sportive \u00e0 Aire-sur-la-Lys et \u00e0 Saint-Jans-Cappel (Hauts-de-France)","robots":{"index":"index","follow":"follow","max-snippet":"max-snippet:-1","max-image-preview":"max-image-preview:large","max-video-preview":"max-video-preview:-1"},"canonical":"https:\/\/vpdanses.fr\/home\/bienvenue-chez-vp-danses-hazebrouck\/une-edition-speciale-des-mardis-de-gery\/","og_locale":"fr_FR","og_type":"article","og_title":"Une \u00e9dition sp\u00e9ciale des Mardis de G\u00e9ry : Rencontre avec Amandine DH\u00c9E, \u00e9crivaine et com\u00e9dienne","og_description":"Ce mardi 2 octobre 2024, nous avons eu le plaisir d&rsquo;\u00eatre accueilli \u00e0 une \u00e9dition sp\u00e9ciale des Mardis de G\u00e9ry (un hommage a \u00e9t\u00e9 rendu \u00e0 G\u00e9ry AFCHAIN) par le [&hellip;]","og_url":"https:\/\/vpdanses.fr\/home\/bienvenue-chez-vp-danses-hazebrouck\/une-edition-speciale-des-mardis-de-gery\/","og_site_name":"VP DANSES, cours de Danse Sportive \u00e0 Aire-sur-la-Lys et \u00e0 Saint-Jans-Cappel (Hauts-de-France)","article_published_time":"2024-10-21T20:23:17+00:00","article_modified_time":"2024-11-17T11:19:03+00:00","og_image":[{"width":1080,"height":810,"url":"https:\/\/vpdanses.fr\/wp-content\/uploads\/2024\/10\/2024-10-02.Bernard_Louis_Pora_W1080.jpg","type":"image\/jpeg"}],"author":"VP DANSES","twitter_card":"summary_large_image","twitter_misc":{"\u00c9crit par":"VP DANSES","Dur\u00e9e de lecture estim\u00e9e":"2 minutes"},"schema":{"@context":"https:\/\/schema.org","@graph":[{"@type":"Article","@id":"https:\/\/vpdanses.fr\/home\/bienvenue-chez-vp-danses-hazebrouck\/une-edition-speciale-des-mardis-de-gery\/#article","isPartOf":{"@id":"https:\/\/vpdanses.fr\/home\/bienvenue-chez-vp-danses-hazebrouck\/une-edition-speciale-des-mardis-de-gery\/"},"author":{"name":"VP DANSES","@id":"https:\/\/vpdanses.fr\/home\/bienvenue-chez-vp-danses-hazebrouck\/#\/schema\/person\/bf87806369778f949b83c9cd885519e5"},"headline":"Une \u00e9dition sp\u00e9ciale des Mardis de G\u00e9ry : Rencontre avec Amandine DH\u00c9E, \u00e9crivaine et com\u00e9dienne","datePublished":"2024-10-21T20:23:17+00:00","dateModified":"2024-11-17T11:19:03+00:00","mainEntityOfPage":{"@id":"https:\/\/vpdanses.fr\/home\/bienvenue-chez-vp-danses-hazebrouck\/une-edition-speciale-des-mardis-de-gery\/"},"wordCount":493,"publisher":{"@id":"https:\/\/vpdanses.fr\/home\/bienvenue-chez-vp-danses-hazebrouck\/#organization"},"image":{"@id":"https:\/\/vpdanses.fr\/home\/bienvenue-chez-vp-danses-hazebrouck\/une-edition-speciale-des-mardis-de-gery\/#primaryimage"},"thumbnailUrl":"https:\/\/vpdanses.fr\/wp-content\/uploads\/2024\/10\/2024-10-02.Bernard_Louis_Pora_W1080.jpg","keywords":["AMANDINE DH\u00c9E","BERNARD LOUIS PORA","BERNARD PORA","BIERE DU REUZE","BRASSERIE DU MONT CASSEL","CASSEL","CHATEAU DE MORBECQUE","DANSE SPORTIVE","DANSES DE BAL","DANSES DE LOISIRS","DANSES DE SALON","JEAN-MARC BOURDON","JOCELYNE DENOEUX","LA CONTRE ALL\u00c9E","LOUSON MARTINS TAHON","MORBECQUE","MT LOUISON","MUSIKADOM","MUSIKOM","ROTARY CLUB HAZEBROUCK-MERVLLE","SORTIR AU JOUR","SVEN BALCERZAK","VIRGINIE GATOUX","VP DANSES"],"articleSection":["RENCONTRES"],"inLanguage":"fr-FR"},{"@type":"WebPage","@id":"https:\/\/vpdanses.fr\/home\/bienvenue-chez-vp-danses-hazebrouck\/une-edition-speciale-des-mardis-de-gery\/","url":"https:\/\/vpdanses.fr\/home\/bienvenue-chez-vp-danses-hazebrouck\/une-edition-speciale-des-mardis-de-gery\/","name":"Une \u00e9dition sp\u00e9ciale des Mardis de G\u00e9ry : Rencontre avec Amandine DH\u00c9E, \u00e9crivaine et com\u00e9dienne - VP DANSES, cours de Danse Sportive \u00e0 Aire-sur-la-Lys et \u00e0 Saint-Jans-Cappel (Hauts-de-France)","isPartOf":{"@id":"https:\/\/vpdanses.fr\/home\/bienvenue-chez-vp-danses-hazebrouck\/#website"},"primaryImageOfPage":{"@id":"https:\/\/vpdanses.fr\/home\/bienvenue-chez-vp-danses-hazebrouck\/une-edition-speciale-des-mardis-de-gery\/#primaryimage"},"image":{"@id":"https:\/\/vpdanses.fr\/home\/bienvenue-chez-vp-danses-hazebrouck\/une-edition-speciale-des-mardis-de-gery\/#primaryimage"},"thumbnailUrl":"https:\/\/vpdanses.fr\/wp-content\/uploads\/2024\/10\/2024-10-02.Bernard_Louis_Pora_W1080.jpg","datePublished":"2024-10-21T20:23:17+00:00","dateModified":"2024-11-17T11:19:03+00:00","breadcrumb":{"@id":"https:\/\/vpdanses.fr\/home\/bienvenue-chez-vp-danses-hazebrouck\/une-edition-speciale-des-mardis-de-gery\/#breadcrumb"},"inLanguage":"fr-FR","potentialAction":[{"@type":"ReadAction","target":["https:\/\/vpdanses.fr\/home\/bienvenue-chez-vp-danses-hazebrouck\/une-edition-speciale-des-mardis-de-gery\/"]}]},{"@type":"ImageObject","inLanguage":"fr-FR","@id":"https:\/\/vpdanses.fr\/home\/bienvenue-chez-vp-danses-hazebrouck\/une-edition-speciale-des-mardis-de-gery\/#primaryimage","url":"https:\/\/vpdanses.fr\/wp-content\/uploads\/2024\/10\/2024-10-02.Bernard_Louis_Pora_W1080.jpg","contentUrl":"https:\/\/vpdanses.fr\/wp-content\/uploads\/2024\/10\/2024-10-02.Bernard_Louis_Pora_W1080.jpg","width":1080,"height":810,"caption":"VP DANSES rencontre Amandine DH\u00c9E \u00e0 Morbecque"},{"@type":"BreadcrumbList","@id":"https:\/\/vpdanses.fr\/home\/bienvenue-chez-vp-danses-hazebrouck\/une-edition-speciale-des-mardis-de-gery\/#breadcrumb","itemListElement":[{"@type":"ListItem","position":1,"name":"Accueil","item":"https:\/\/vpdanses.fr\/home\/bienvenue-chez-vp-danses-hazebrouck\/"},{"@type":"ListItem","position":2,"name":"Une \u00e9dition sp\u00e9ciale des Mardis de G\u00e9ry : Rencontre avec Amandine DH\u00c9E, \u00e9crivaine et com\u00e9dienne"}]},{"@type":"WebSite","@id":"https:\/\/vpdanses.fr\/home\/bienvenue-chez-vp-danses-hazebrouck\/#website","url":"https:\/\/vpdanses.fr\/home\/bienvenue-chez-vp-danses-hazebrouck\/","name":"VP DANSES, cours de Danse Sportive \u00e0 Aire-sur-la-Lys et \u00e0 Saint-Jans-Cappel (Hauts-de-France)","description":"Cours de Danse Sportive STANDARD (valse anglaise, tango, valse viennoise, slowfox, quickstep), danses sportives LATINES (samba, chacha, rumba, paso doble, jive), danses de bal, danses de salons, danses de loisirs, salsa, rock 4 temps, rock 6 temps, danses en ligne, disco, \u2026 Lieu : Hazebrouck, Aire-sur-la-Lys, Saint-Jans-Cappel et Isbergues (Hauts-de-France) - Cours Particuliers dans les Hauts-de-France - Ouverture de bal de Mariage","publisher":{"@id":"https:\/\/vpdanses.fr\/home\/bienvenue-chez-vp-danses-hazebrouck\/#organization"},"potentialAction":[{"@type":"SearchAction","target":{"@type":"EntryPoint","urlTemplate":"https:\/\/vpdanses.fr\/home\/bienvenue-chez-vp-danses-hazebrouck\/?s={search_term_string}"},"query-input":{"@type":"PropertyValueSpecification","valueRequired":true,"valueName":"search_term_string"}}],"inLanguage":"fr-FR"},{"@type":"Organization","@id":"https:\/\/vpdanses.fr\/home\/bienvenue-chez-vp-danses-hazebrouck\/#organization","name":"VP DANSES, cours de Danse Sportive \u00e0 Aire-sur-la-Lys et \u00e0 Saint-Jans-Cappel (Hauts-de-France)","url":"https:\/\/vpdanses.fr\/home\/bienvenue-chez-vp-danses-hazebrouck\/","logo":{"@type":"ImageObject","inLanguage":"fr-FR","@id":"https:\/\/vpdanses.fr\/home\/bienvenue-chez-vp-danses-hazebrouck\/#\/schema\/logo\/image\/","url":"https:\/\/vpdanses.fr\/wp-content\/uploads\/2024\/10\/logo_cadanse_asaintjans.jpeg","contentUrl":"https:\/\/vpdanses.fr\/wp-content\/uploads\/2024\/10\/logo_cadanse_asaintjans.jpeg","width":225,"height":225,"caption":"VP DANSES, cours de Danse Sportive \u00e0 Aire-sur-la-Lys et \u00e0 Saint-Jans-Cappel (Hauts-de-France)"},"image":{"@id":"https:\/\/vpdanses.fr\/home\/bienvenue-chez-vp-danses-hazebrouck\/#\/schema\/logo\/image\/"}},{"@type":"Person","@id":"https:\/\/vpdanses.fr\/home\/bienvenue-chez-vp-danses-hazebrouck\/#\/schema\/person\/bf87806369778f949b83c9cd885519e5","name":"VP DANSES","description":"\"VP danses\" est une association qui donne des cours de DANSES SPORTIVES STANDARDS (valse anglaise, tango, valse viennoise, slowfox, quickstep), de DANSES SPORTIVES LATINES (samba, chacha, rumba, paso doble, jive), de DANSES DE BAL, de DANSES DE SALONS, de DANSES DE LOISIRS, de SALSA, de ROCK 4 TEMPS, de ROCK 6 TEMPS, de DANSES EN LIGNE, de DISCO, \u2026","sameAs":["https:\/\/vpdanses.fr"],"url":"https:\/\/vpdanses.fr\/home\/bienvenue-chez-vp-danses-hazebrouck\/author\/adminvp20241018\/"}]}},"jetpack_featured_media_url":"https:\/\/vpdanses.fr\/wp-content\/uploads\/2024\/10\/2024-10-02.Bernard_Louis_Pora_W1080.jpg","uagb_featured_image_src":{"full":["https:\/\/vpdanses.fr\/wp-content\/uploads\/2024\/10\/2024-10-02.Bernard_Louis_Pora_W1080.jpg",1080,810,false],"thumbnail":["https:\/\/vpdanses.fr\/wp-content\/uploads\/2024\/10\/2024-10-02.Bernard_Louis_Pora_W1080-150x150.jpg",150,150,true],"medium":["https:\/\/vpdanses.fr\/wp-content\/uploads\/2024\/10\/2024-10-02.Bernard_Louis_Pora_W1080-300x225.jpg",300,225,true],"medium_large":["https:\/\/vpdanses.fr\/wp-content\/uploads\/2024\/10\/2024-10-02.Bernard_Louis_Pora_W1080-768x576.jpg",768,576,true],"large":["https:\/\/vpdanses.fr\/wp-content\/uploads\/2024\/10\/2024-10-02.Bernard_Louis_Pora_W1080-1024x768.jpg",1024,768,true],"1536x1536":["https:\/\/vpdanses.fr\/wp-content\/uploads\/2024\/10\/2024-10-02.Bernard_Louis_Pora_W1080.jpg",1080,810,false],"2048x2048":["https:\/\/vpdanses.fr\/wp-content\/uploads\/2024\/10\/2024-10-02.Bernard_Louis_Pora_W1080.jpg",1080,810,false],"vp_sm":["https:\/\/vpdanses.fr\/wp-content\/uploads\/2024\/10\/2024-10-02.Bernard_Louis_Pora_W1080.jpg",500,375,false],"vp_md":["https:\/\/vpdanses.fr\/wp-content\/uploads\/2024\/10\/2024-10-02.Bernard_Louis_Pora_W1080.jpg",800,600,false],"vp_lg":["https:\/\/vpdanses.fr\/wp-content\/uploads\/2024\/10\/2024-10-02.Bernard_Louis_Pora_W1080.jpg",1080,810,false],"vp_xl":["https:\/\/vpdanses.fr\/wp-content\/uploads\/2024\/10\/2024-10-02.Bernard_Louis_Pora_W1080.jpg",1080,810,false],"vp_sm_popup":["https:\/\/vpdanses.fr\/wp-content\/uploads\/2024\/10\/2024-10-02.Bernard_Louis_Pora_W1080.jpg",500,375,false],"vp_md_popup":["https:\/\/vpdanses.fr\/wp-content\/uploads\/2024\/10\/2024-10-02.Bernard_Louis_Pora_W1080.jpg",800,600,false],"vp_xl_popup":["https:\/\/vpdanses.fr\/wp-content\/uploads\/2024\/10\/2024-10-02.Bernard_Louis_Pora_W1080.jpg",1080,810,false],"dance-blog-thumb":["https:\/\/vpdanses.fr\/wp-content\/uploads\/2024\/10\/2024-10-02.Bernard_Louis_Pora_W1080-150x120.jpg",150,120,true],"dance-event-list":["https:\/\/vpdanses.fr\/wp-content\/uploads\/2024\/10\/2024-10-02.Bernard_Louis_Pora_W1080-420x336.jpg",420,336,true],"dance-event-single-type1":["https:\/\/vpdanses.fr\/wp-content\/uploads\/2024\/10\/2024-10-02.Bernard_Louis_Pora_W1080-773x520.jpg",773,520,true],"dance-event-single-type4":["https:\/\/vpdanses.fr\/wp-content\/uploads\/2024\/10\/2024-10-02.Bernard_Louis_Pora_W1080-570x460.jpg",570,460,true],"dance-event-single-type5":["https:\/\/vpdanses.fr\/wp-content\/uploads\/2024\/10\/2024-10-02.Bernard_Louis_Pora_W1080-746x770.jpg",746,770,true],"dance-event-list2":["https:\/\/vpdanses.fr\/wp-content\/uploads\/2024\/10\/2024-10-02.Bernard_Louis_Pora_W1080-420x275.jpg",420,275,true]},"uagb_author_info":{"display_name":"VP DANSES","author_link":"https:\/\/vpdanses.fr\/home\/bienvenue-chez-vp-danses-hazebrouck\/author\/adminvp20241018\/"},"uagb_comment_info":0,"uagb_excerpt":"Ce mardi 2 octobre 2024, nous avons eu le plaisir d&rsquo;\u00eatre accueilli \u00e0 une \u00e9dition sp\u00e9ciale des Mardis de G\u00e9ry (un hommage a \u00e9t\u00e9 rendu \u00e0 G\u00e9ry AFCHAIN) par le [&hellip;]","jetpack_sharing_enabled":true,"_links":{"self":[{"href":"https:\/\/vpdanses.fr\/home\/bienvenue-chez-vp-danses-hazebrouck\/wp-json\/wp\/v2\/posts\/9161","targetHints":{"allow":["GET"]}}],"collection":[{"href":"https:\/\/vpdanses.fr\/home\/bienvenue-chez-vp-danses-hazebrouck\/wp-json\/wp\/v2\/posts"}],"about":[{"href":"https:\/\/vpdanses.fr\/home\/bienvenue-chez-vp-danses-hazebrouck\/wp-json\/wp\/v2\/types\/post"}],"author":[{"embeddable":true,"href":"https:\/\/vpdanses.fr\/home\/bienvenue-chez-vp-danses-hazebrouck\/wp-json\/wp\/v2\/users\/1"}],"replies":[{"embeddable":true,"href":"https:\/\/vpdanses.fr\/home\/bienvenue-chez-vp-danses-hazebrouck\/wp-json\/wp\/v2\/comments?post=9161"}],"version-history":[{"count":9,"href":"https:\/\/vpdanses.fr\/home\/bienvenue-chez-vp-danses-hazebrouck\/wp-json\/wp\/v2\/posts\/9161\/revisions"}],"predecessor-version":[{"id":10167,"href":"https:\/\/vpdanses.fr\/home\/bienvenue-chez-vp-danses-hazebrouck\/wp-json\/wp\/v2\/posts\/9161\/revisions\/10167"}],"wp:featuredmedia":[{"embeddable":true,"href":"https:\/\/vpdanses.fr\/home\/bienvenue-chez-vp-danses-hazebrouck\/wp-json\/wp\/v2\/media\/10168"}],"wp:attachment":[{"href":"https:\/\/vpdanses.fr\/home\/bienvenue-chez-vp-danses-hazebrouck\/wp-json\/wp\/v2\/media?parent=9161"}],"wp:term":[{"taxonomy":"category","embeddable":true,"href":"https:\/\/vpdanses.fr\/home\/bienvenue-chez-vp-danses-hazebrouck\/wp-json\/wp\/v2\/categories?post=9161"},{"taxonomy":"post_tag","embeddable":true,"href":"https:\/\/vpdanses.fr\/home\/bienvenue-chez-vp-danses-hazebrouck\/wp-json\/wp\/v2\/tags?post=9161"}],"curies":[{"name":"wp","href":"https:\/\/api.w.org\/{rel}","templated":true}]}}