{"id":9858,"date":"2024-11-04T23:26:24","date_gmt":"2024-11-04T22:26:24","guid":{"rendered":"https:\/\/vpdanses.fr\/?p=9858"},"modified":"2024-11-17T12:08:29","modified_gmt":"2024-11-17T11:08:29","slug":"vp-danses-des-saveurs-quand-le-chocolat-eveille-le-corps","status":"publish","type":"post","link":"https:\/\/vpdanses.fr\/home\/bienvenue-chez-vp-danses-hazebrouck\/vp-danses-des-saveurs-quand-le-chocolat-eveille-le-corps\/","title":{"rendered":"VP Danses des Saveurs : Un Voyage Enchanteur o\u00f9 le Chocolat \u00c9veille le Corps"},"content":{"rendered":"\n<div style=\"height:100px\" aria-hidden=\"true\" class=\"wp-block-spacer\"><\/div>\n\n\n\n<blockquote class=\"wp-block-quote is-layout-flow wp-block-quote-is-layout-flow\">\n<p><\/p>\n<\/blockquote>\n\n\n\n<h2 class=\"wp-block-heading\">Ce vendredi 1er nov.-2024, VP danses \u00e9tait au Salon mondial du chocolat et du cacao, Paris 2024<\/h2>\n\n\n\n<figure class=\"wp-block-gallery has-nested-images columns-3 is-cropped wp-block-gallery-1 is-layout-flex wp-block-gallery-is-layout-flex\">\n<figure class=\"wp-block-image size-large is-style-default\"><noscript><img loading=\"lazy\" decoding=\"async\" width=\"1024\" height=\"768\" data-id=\"9860\" data-skip-lazy src=\"https:\/\/vpdanses.fr\/wp-content\/uploads\/2024\/11\/IMG_9840-1024x768.jpg\" alt=\"VP danses Hazebrouck : &quot;Le salon a eu lieu \u00e0 Paris Expo, Porte de Versailles.&quot;\" class=\"wp-image-9860\" srcset=\"https:\/\/vpdanses.fr\/wp-content\/uploads\/2024\/11\/IMG_9840-1024x768.jpg 1024w, https:\/\/vpdanses.fr\/wp-content\/uploads\/2024\/11\/IMG_9840-300x225.jpg 300w, https:\/\/vpdanses.fr\/wp-content\/uploads\/2024\/11\/IMG_9840-768x576.jpg 768w, https:\/\/vpdanses.fr\/wp-content\/uploads\/2024\/11\/IMG_9840-1536x1152.jpg 1536w, https:\/\/vpdanses.fr\/wp-content\/uploads\/2024\/11\/IMG_9840-2048x1536.jpg 2048w\" sizes=\"auto, (max-width: 1024px) 100vw, 1024px\" \/><\/noscript><img loading=\"eager\" decoding=\"async\" width=\"1024\" height=\"768\" data-id=\"9860\" src=\"https:\/\/vpdanses.fr\/wp-content\/uploads\/2024\/11\/IMG_9840-1024x768.jpg\" alt=\"VP danses Hazebrouck : &quot;Le salon a eu lieu \u00e0 Paris Expo, Porte de Versailles.&quot;\" class=\"wp-image-9860 vp-lazyload\" srcset=\"data:image\/svg+xml;base64,PHN2ZyB3aWR0aD0iMTAyNCIgaGVpZ2h0PSI3NjgiIHZpZXdCb3g9IjAgMCAxMDI0IDc2OCIgZmlsbD0ibm9uZSIgeG1sbnM9Imh0dHA6Ly93d3cudzMub3JnLzIwMDAvc3ZnIj48L3N2Zz4=\" data-src=\"https:\/\/vpdanses.fr\/wp-content\/uploads\/2024\/11\/IMG_9840-1024x768.jpg\" data-srcset=\"https:\/\/vpdanses.fr\/wp-content\/uploads\/2024\/11\/IMG_9840-1024x768.jpg 1024w, https:\/\/vpdanses.fr\/wp-content\/uploads\/2024\/11\/IMG_9840-300x225.jpg 300w, https:\/\/vpdanses.fr\/wp-content\/uploads\/2024\/11\/IMG_9840-768x576.jpg 768w, https:\/\/vpdanses.fr\/wp-content\/uploads\/2024\/11\/IMG_9840-1536x1152.jpg 1536w, https:\/\/vpdanses.fr\/wp-content\/uploads\/2024\/11\/IMG_9840-2048x1536.jpg 2048w\" data-sizes=\"auto\"><figcaption class=\"wp-element-caption\">Le Salon au eu lieu \u00e0 Paris Expo, Porte de Versailles.<\/figcaption><\/figure>\n\n\n\n<figure class=\"wp-block-image size-large\"><noscript><img loading=\"lazy\" decoding=\"async\" width=\"1024\" height=\"768\" data-id=\"9865\" data-skip-lazy src=\"https:\/\/vpdanses.fr\/wp-content\/uploads\/2024\/11\/IMG_9841_vWeb-1024x768.jpg\" alt=\"VP danses Hazebrouck : &quot;Nous y sommes all\u00e9s le matin pour \u00e9viter les bains de foule&quot;\" class=\"wp-image-9865\" srcset=\"https:\/\/vpdanses.fr\/wp-content\/uploads\/2024\/11\/IMG_9841_vWeb-1024x768.jpg 1024w, https:\/\/vpdanses.fr\/wp-content\/uploads\/2024\/11\/IMG_9841_vWeb-300x225.jpg 300w, https:\/\/vpdanses.fr\/wp-content\/uploads\/2024\/11\/IMG_9841_vWeb-768x576.jpg 768w, https:\/\/vpdanses.fr\/wp-content\/uploads\/2024\/11\/IMG_9841_vWeb.jpg 1440w\" sizes=\"auto, (max-width: 1024px) 100vw, 1024px\" \/><\/noscript><img loading=\"eager\" decoding=\"async\" width=\"1024\" height=\"768\" data-id=\"9865\" src=\"https:\/\/vpdanses.fr\/wp-content\/uploads\/2024\/11\/IMG_9841_vWeb-1024x768.jpg\" alt=\"VP danses Hazebrouck : &quot;Nous y sommes all\u00e9s le matin pour \u00e9viter les bains de foule&quot;\" class=\"wp-image-9865 vp-lazyload\" srcset=\"data:image\/svg+xml;base64,PHN2ZyB3aWR0aD0iMTAyNCIgaGVpZ2h0PSI3NjgiIHZpZXdCb3g9IjAgMCAxMDI0IDc2OCIgZmlsbD0ibm9uZSIgeG1sbnM9Imh0dHA6Ly93d3cudzMub3JnLzIwMDAvc3ZnIj48L3N2Zz4=\" data-src=\"https:\/\/vpdanses.fr\/wp-content\/uploads\/2024\/11\/IMG_9841_vWeb-1024x768.jpg\" data-srcset=\"https:\/\/vpdanses.fr\/wp-content\/uploads\/2024\/11\/IMG_9841_vWeb-1024x768.jpg 1024w, https:\/\/vpdanses.fr\/wp-content\/uploads\/2024\/11\/IMG_9841_vWeb-300x225.jpg 300w, https:\/\/vpdanses.fr\/wp-content\/uploads\/2024\/11\/IMG_9841_vWeb-768x576.jpg 768w, https:\/\/vpdanses.fr\/wp-content\/uploads\/2024\/11\/IMG_9841_vWeb.jpg 1440w\" data-sizes=\"auto\"><figcaption class=\"wp-element-caption\">VP DANSES a eu la chance d&rsquo;explorer le Salon Mondial du Chocolat le matin pour savourer pleinement l&rsquo;\u00e9v\u00e9nement sans files d&rsquo;attente !<\/figcaption><\/figure>\n\n\n\n<figure class=\"wp-block-image size-large\"><noscript><img loading=\"lazy\" decoding=\"async\" width=\"1024\" height=\"768\" data-id=\"9863\" data-skip-lazy src=\"https:\/\/vpdanses.fr\/wp-content\/uploads\/2017\/08\/IMG_9852_vWeb-1024x768.jpg\" alt=\"VP danses Hazebrouck : &quot;Le salon est immense, mieux vaut avoir le plan avec soi&quot;\" class=\"wp-image-9863\" srcset=\"https:\/\/vpdanses.fr\/wp-content\/uploads\/2017\/08\/IMG_9852_vWeb-1024x768.jpg 1024w, https:\/\/vpdanses.fr\/wp-content\/uploads\/2017\/08\/IMG_9852_vWeb-300x225.jpg 300w, https:\/\/vpdanses.fr\/wp-content\/uploads\/2017\/08\/IMG_9852_vWeb-768x576.jpg 768w, https:\/\/vpdanses.fr\/wp-content\/uploads\/2017\/08\/IMG_9852_vWeb-1536x1152.jpg 1536w, https:\/\/vpdanses.fr\/wp-content\/uploads\/2017\/08\/IMG_9852_vWeb.jpg 2016w\" sizes=\"auto, (max-width: 1024px) 100vw, 1024px\" \/><\/noscript><img loading=\"eager\" decoding=\"async\" width=\"1024\" height=\"768\" data-id=\"9863\" src=\"https:\/\/vpdanses.fr\/wp-content\/uploads\/2017\/08\/IMG_9852_vWeb-1024x768.jpg\" alt=\"VP danses Hazebrouck : &quot;Le salon est immense, mieux vaut avoir le plan avec soi&quot;\" class=\"wp-image-9863 vp-lazyload\" srcset=\"data:image\/svg+xml;base64,PHN2ZyB3aWR0aD0iMTAyNCIgaGVpZ2h0PSI3NjgiIHZpZXdCb3g9IjAgMCAxMDI0IDc2OCIgZmlsbD0ibm9uZSIgeG1sbnM9Imh0dHA6Ly93d3cudzMub3JnLzIwMDAvc3ZnIj48L3N2Zz4=\" data-src=\"https:\/\/vpdanses.fr\/wp-content\/uploads\/2017\/08\/IMG_9852_vWeb-1024x768.jpg\" data-srcset=\"https:\/\/vpdanses.fr\/wp-content\/uploads\/2017\/08\/IMG_9852_vWeb-1024x768.jpg 1024w, https:\/\/vpdanses.fr\/wp-content\/uploads\/2017\/08\/IMG_9852_vWeb-300x225.jpg 300w, https:\/\/vpdanses.fr\/wp-content\/uploads\/2017\/08\/IMG_9852_vWeb-768x576.jpg 768w, https:\/\/vpdanses.fr\/wp-content\/uploads\/2017\/08\/IMG_9852_vWeb-1536x1152.jpg 1536w, https:\/\/vpdanses.fr\/wp-content\/uploads\/2017\/08\/IMG_9852_vWeb.jpg 2016w\" data-sizes=\"auto\"><figcaption class=\"wp-element-caption\">L&rsquo;immensit\u00e9 du salon est incroyable ! C&rsquo;est vraiment une bonne id\u00e9e d&rsquo;avoir le plan avec soi pour ne rien manquer !<\/figcaption><\/figure>\n\n\n\n<figure class=\"wp-block-image size-large\"><noscript><img loading=\"lazy\" decoding=\"async\" width=\"1024\" height=\"768\" data-id=\"9866\" data-skip-lazy src=\"https:\/\/vpdanses.fr\/wp-content\/uploads\/2024\/11\/IMG_9868_vWeb-1024x768.jpg\" alt=\"VP danses Hazebrouck au Salon Mondial du Chocolat, du cacao et de la p\u00e2tisserie, le 1er\/11\/2024, \u00e0 Paris Expo, Porte de Versailles\" class=\"wp-image-9866\" srcset=\"https:\/\/vpdanses.fr\/wp-content\/uploads\/2024\/11\/IMG_9868_vWeb-1024x768.jpg 1024w, https:\/\/vpdanses.fr\/wp-content\/uploads\/2024\/11\/IMG_9868_vWeb-300x225.jpg 300w, https:\/\/vpdanses.fr\/wp-content\/uploads\/2024\/11\/IMG_9868_vWeb-768x576.jpg 768w, https:\/\/vpdanses.fr\/wp-content\/uploads\/2024\/11\/IMG_9868_vWeb.jpg 1080w\" sizes=\"auto, (max-width: 1024px) 100vw, 1024px\" \/><\/noscript><img loading=\"eager\" decoding=\"async\" width=\"1024\" height=\"768\" data-id=\"9866\" src=\"https:\/\/vpdanses.fr\/wp-content\/uploads\/2024\/11\/IMG_9868_vWeb-1024x768.jpg\" alt=\"VP danses Hazebrouck au Salon Mondial du Chocolat, du cacao et de la p\u00e2tisserie, le 1er\/11\/2024, \u00e0 Paris Expo, Porte de Versailles\" class=\"wp-image-9866 vp-lazyload\" srcset=\"data:image\/svg+xml;base64,PHN2ZyB3aWR0aD0iMTAyNCIgaGVpZ2h0PSI3NjgiIHZpZXdCb3g9IjAgMCAxMDI0IDc2OCIgZmlsbD0ibm9uZSIgeG1sbnM9Imh0dHA6Ly93d3cudzMub3JnLzIwMDAvc3ZnIj48L3N2Zz4=\" data-src=\"https:\/\/vpdanses.fr\/wp-content\/uploads\/2024\/11\/IMG_9868_vWeb-1024x768.jpg\" data-srcset=\"https:\/\/vpdanses.fr\/wp-content\/uploads\/2024\/11\/IMG_9868_vWeb-1024x768.jpg 1024w, https:\/\/vpdanses.fr\/wp-content\/uploads\/2024\/11\/IMG_9868_vWeb-300x225.jpg 300w, https:\/\/vpdanses.fr\/wp-content\/uploads\/2024\/11\/IMG_9868_vWeb-768x576.jpg 768w, https:\/\/vpdanses.fr\/wp-content\/uploads\/2024\/11\/IMG_9868_vWeb.jpg 1080w\" data-sizes=\"auto\"><figcaption class=\"wp-element-caption\"><strong>L&rsquo;art de la Cr\u00e9ation<\/strong> : Tout comme un chor\u00e9graphe compose une danse, un chocolatier cr\u00e9e des \u0153uvres d&rsquo;art comestibles !<\/figcaption><\/figure>\n\n\n\n<figure class=\"wp-block-image size-large\"><noscript><img loading=\"lazy\" decoding=\"async\" width=\"1024\" height=\"768\" data-id=\"9867\" data-skip-lazy src=\"https:\/\/vpdanses.fr\/wp-content\/uploads\/2024\/11\/IMG_9920_vWeb-1024x768.jpg\" alt=\"VP danses Hazebrouck au Salon Mondial du Chocolat, du cacao et de la p\u00e2tisserie, le 1er\/11\/2024, \u00e0 Paris Expo, Porte de Versailles\" class=\"wp-image-9867\" srcset=\"https:\/\/vpdanses.fr\/wp-content\/uploads\/2024\/11\/IMG_9920_vWeb-1024x768.jpg 1024w, https:\/\/vpdanses.fr\/wp-content\/uploads\/2024\/11\/IMG_9920_vWeb-300x225.jpg 300w, https:\/\/vpdanses.fr\/wp-content\/uploads\/2024\/11\/IMG_9920_vWeb-768x576.jpg 768w, https:\/\/vpdanses.fr\/wp-content\/uploads\/2024\/11\/IMG_9920_vWeb.jpg 1080w\" sizes=\"auto, (max-width: 1024px) 100vw, 1024px\" \/><\/noscript><img loading=\"eager\" decoding=\"async\" width=\"1024\" height=\"768\" data-id=\"9867\" src=\"https:\/\/vpdanses.fr\/wp-content\/uploads\/2024\/11\/IMG_9920_vWeb-1024x768.jpg\" alt=\"VP danses Hazebrouck au Salon Mondial du Chocolat, du cacao et de la p\u00e2tisserie, le 1er\/11\/2024, \u00e0 Paris Expo, Porte de Versailles\" class=\"wp-image-9867 vp-lazyload\" srcset=\"data:image\/svg+xml;base64,PHN2ZyB3aWR0aD0iMTAyNCIgaGVpZ2h0PSI3NjgiIHZpZXdCb3g9IjAgMCAxMDI0IDc2OCIgZmlsbD0ibm9uZSIgeG1sbnM9Imh0dHA6Ly93d3cudzMub3JnLzIwMDAvc3ZnIj48L3N2Zz4=\" data-src=\"https:\/\/vpdanses.fr\/wp-content\/uploads\/2024\/11\/IMG_9920_vWeb-1024x768.jpg\" data-srcset=\"https:\/\/vpdanses.fr\/wp-content\/uploads\/2024\/11\/IMG_9920_vWeb-1024x768.jpg 1024w, https:\/\/vpdanses.fr\/wp-content\/uploads\/2024\/11\/IMG_9920_vWeb-300x225.jpg 300w, https:\/\/vpdanses.fr\/wp-content\/uploads\/2024\/11\/IMG_9920_vWeb-768x576.jpg 768w, https:\/\/vpdanses.fr\/wp-content\/uploads\/2024\/11\/IMG_9920_vWeb.jpg 1080w\" data-sizes=\"auto\"><figcaption class=\"wp-element-caption\">La Danse et le Chocolat partagent un langage commun : celui de l&rsquo;\u00e9motion !<\/figcaption><\/figure>\n\n\n\n<figure class=\"wp-block-image size-large\"><noscript><img loading=\"lazy\" decoding=\"async\" width=\"1024\" height=\"768\" data-id=\"9868\" data-skip-lazy src=\"https:\/\/vpdanses.fr\/wp-content\/uploads\/2024\/11\/IMG_9928_vWeb-1024x768.jpg\" alt=\"VP danses Hazebrouck au Salon Mondial du Chocolat, du cacao et de la p\u00e2tisserie, le 1er\/11\/2024, \u00e0 Paris Expo, Porte de Versailles\" class=\"wp-image-9868\" srcset=\"https:\/\/vpdanses.fr\/wp-content\/uploads\/2024\/11\/IMG_9928_vWeb-1024x768.jpg 1024w, https:\/\/vpdanses.fr\/wp-content\/uploads\/2024\/11\/IMG_9928_vWeb-300x225.jpg 300w, https:\/\/vpdanses.fr\/wp-content\/uploads\/2024\/11\/IMG_9928_vWeb-768x576.jpg 768w, https:\/\/vpdanses.fr\/wp-content\/uploads\/2024\/11\/IMG_9928_vWeb.jpg 1080w\" sizes=\"auto, (max-width: 1024px) 100vw, 1024px\" \/><\/noscript><img loading=\"eager\" decoding=\"async\" width=\"1024\" height=\"768\" data-id=\"9868\" src=\"https:\/\/vpdanses.fr\/wp-content\/uploads\/2024\/11\/IMG_9928_vWeb-1024x768.jpg\" alt=\"VP danses Hazebrouck au Salon Mondial du Chocolat, du cacao et de la p\u00e2tisserie, le 1er\/11\/2024, \u00e0 Paris Expo, Porte de Versailles\" class=\"wp-image-9868 vp-lazyload\" srcset=\"data:image\/svg+xml;base64,PHN2ZyB3aWR0aD0iMTAyNCIgaGVpZ2h0PSI3NjgiIHZpZXdCb3g9IjAgMCAxMDI0IDc2OCIgZmlsbD0ibm9uZSIgeG1sbnM9Imh0dHA6Ly93d3cudzMub3JnLzIwMDAvc3ZnIj48L3N2Zz4=\" data-src=\"https:\/\/vpdanses.fr\/wp-content\/uploads\/2024\/11\/IMG_9928_vWeb-1024x768.jpg\" data-srcset=\"https:\/\/vpdanses.fr\/wp-content\/uploads\/2024\/11\/IMG_9928_vWeb-1024x768.jpg 1024w, https:\/\/vpdanses.fr\/wp-content\/uploads\/2024\/11\/IMG_9928_vWeb-300x225.jpg 300w, https:\/\/vpdanses.fr\/wp-content\/uploads\/2024\/11\/IMG_9928_vWeb-768x576.jpg 768w, https:\/\/vpdanses.fr\/wp-content\/uploads\/2024\/11\/IMG_9928_vWeb.jpg 1080w\" data-sizes=\"auto\"><figcaption class=\"wp-element-caption\">Imaginez une danse o\u00f9 chaque mouvement est inspir\u00e9 par les saveurs riches du chocolat !<\/figcaption><\/figure>\n<\/figure>\n\n\n\n<hr class=\"wp-block-separator has-alpha-channel-opacity\"\/>\n\n\n\n<div class=\"wp-block-media-text is-stacked-on-mobile\" style=\"grid-template-columns:74% auto\"><figure class=\"wp-block-media-text__media\"><noscript><img loading=\"lazy\" decoding=\"async\" width=\"1024\" height=\"768\" data-skip-lazy src=\"https:\/\/vpdanses.fr\/wp-content\/uploads\/2024\/11\/IMG_9900_vWeb-1024x768.jpg\" alt=\"VP danses Hazebrouck au Salon Mondial du Chocolat, du cacao et de la p\u00e2tisserie, le 1er\/11\/2024, \u00e0 Paris Expo, Porte de Versailles\" class=\"wp-image-9876 size-full\" srcset=\"https:\/\/vpdanses.fr\/wp-content\/uploads\/2024\/11\/IMG_9900_vWeb-1024x768.jpg 1024w, https:\/\/vpdanses.fr\/wp-content\/uploads\/2024\/11\/IMG_9900_vWeb-300x225.jpg 300w, https:\/\/vpdanses.fr\/wp-content\/uploads\/2024\/11\/IMG_9900_vWeb-768x576.jpg 768w, https:\/\/vpdanses.fr\/wp-content\/uploads\/2024\/11\/IMG_9900_vWeb.jpg 1080w\" sizes=\"auto, (max-width: 1024px) 100vw, 1024px\" \/><\/noscript><img loading=\"eager\" decoding=\"async\" width=\"1024\" height=\"768\" src=\"https:\/\/vpdanses.fr\/wp-content\/uploads\/2024\/11\/IMG_9900_vWeb-1024x768.jpg\" alt=\"VP danses Hazebrouck au Salon Mondial du Chocolat, du cacao et de la p\u00e2tisserie, le 1er\/11\/2024, \u00e0 Paris Expo, Porte de Versailles\" class=\"wp-image-9876 size-full vp-lazyload\" srcset=\"data:image\/svg+xml;base64,PHN2ZyB3aWR0aD0iMTAyNCIgaGVpZ2h0PSI3NjgiIHZpZXdCb3g9IjAgMCAxMDI0IDc2OCIgZmlsbD0ibm9uZSIgeG1sbnM9Imh0dHA6Ly93d3cudzMub3JnLzIwMDAvc3ZnIj48L3N2Zz4=\" data-src=\"https:\/\/vpdanses.fr\/wp-content\/uploads\/2024\/11\/IMG_9900_vWeb-1024x768.jpg\" data-srcset=\"https:\/\/vpdanses.fr\/wp-content\/uploads\/2024\/11\/IMG_9900_vWeb-1024x768.jpg 1024w, https:\/\/vpdanses.fr\/wp-content\/uploads\/2024\/11\/IMG_9900_vWeb-300x225.jpg 300w, https:\/\/vpdanses.fr\/wp-content\/uploads\/2024\/11\/IMG_9900_vWeb-768x576.jpg 768w, https:\/\/vpdanses.fr\/wp-content\/uploads\/2024\/11\/IMG_9900_vWeb.jpg 1080w\" data-sizes=\"auto\"><\/figure><div class=\"wp-block-media-text__content\">\n<p>Au stand <a href=\"https:\/\/www.ayitika.com\" data-type=\"link\" data-id=\"https:\/\/www.ayitika.com\" target=\"_blank\" rel=\"noreferrer noopener\">AYITIKA<\/a>, p\u00e8re et fils.<\/p>\n\n\n\n<p>De la racine \u00e0 la tablette : une histoire de qualit\u00e9, de durabilit\u00e9 et d&rsquo;engagement<\/p>\n<\/div><\/div>\n\n\n\n<figure class=\"wp-block-gallery has-nested-images columns-default is-cropped wp-block-gallery-2 is-layout-flex wp-block-gallery-is-layout-flex\">\n<figure class=\"wp-block-image size-large\"><a href=\"https:\/\/www.salon-du-chocolat.com\" target=\"_blank\" rel=\"noreferrer noopener\"><noscript><img loading=\"lazy\" decoding=\"async\" width=\"1024\" height=\"768\" data-id=\"9860\" data-skip-lazy src=\"https:\/\/vpdanses.fr\/wp-content\/uploads\/2024\/11\/IMG_9840-1024x768.jpg\" alt=\"VP danses Hazebrouck au Salon Mondial du Chocolat, du cacao et de la p\u00e2tisserie, le 1er\/11\/2024, \u00e0 Paris Expo, Porte de Versailles\" class=\"wp-image-9860\" srcset=\"https:\/\/vpdanses.fr\/wp-content\/uploads\/2024\/11\/IMG_9840-1024x768.jpg 1024w, https:\/\/vpdanses.fr\/wp-content\/uploads\/2024\/11\/IMG_9840-300x225.jpg 300w, https:\/\/vpdanses.fr\/wp-content\/uploads\/2024\/11\/IMG_9840-768x576.jpg 768w, https:\/\/vpdanses.fr\/wp-content\/uploads\/2024\/11\/IMG_9840-1536x1152.jpg 1536w, https:\/\/vpdanses.fr\/wp-content\/uploads\/2024\/11\/IMG_9840-2048x1536.jpg 2048w\" sizes=\"auto, (max-width: 1024px) 100vw, 1024px\" \/><\/noscript><img loading=\"eager\" decoding=\"async\" width=\"1024\" height=\"768\" data-id=\"9860\" src=\"https:\/\/vpdanses.fr\/wp-content\/uploads\/2024\/11\/IMG_9840-1024x768.jpg\" alt=\"VP danses Hazebrouck au Salon Mondial du Chocolat, du cacao et de la p\u00e2tisserie, le 1er\/11\/2024, \u00e0 Paris Expo, Porte de Versailles\" class=\"wp-image-9860 vp-lazyload\" srcset=\"data:image\/svg+xml;base64,PHN2ZyB3aWR0aD0iMTAyNCIgaGVpZ2h0PSI3NjgiIHZpZXdCb3g9IjAgMCAxMDI0IDc2OCIgZmlsbD0ibm9uZSIgeG1sbnM9Imh0dHA6Ly93d3cudzMub3JnLzIwMDAvc3ZnIj48L3N2Zz4=\" data-src=\"https:\/\/vpdanses.fr\/wp-content\/uploads\/2024\/11\/IMG_9840-1024x768.jpg\" data-srcset=\"https:\/\/vpdanses.fr\/wp-content\/uploads\/2024\/11\/IMG_9840-1024x768.jpg 1024w, https:\/\/vpdanses.fr\/wp-content\/uploads\/2024\/11\/IMG_9840-300x225.jpg 300w, https:\/\/vpdanses.fr\/wp-content\/uploads\/2024\/11\/IMG_9840-768x576.jpg 768w, https:\/\/vpdanses.fr\/wp-content\/uploads\/2024\/11\/IMG_9840-1536x1152.jpg 1536w, https:\/\/vpdanses.fr\/wp-content\/uploads\/2024\/11\/IMG_9840-2048x1536.jpg 2048w\" data-sizes=\"auto\"><\/a><figcaption class=\"wp-element-caption\">au Salon mondial du Chocolat, Paris 2024<\/figcaption><\/figure>\n\n\n\n<figure class=\"wp-block-image size-large\"><a href=\"https:\/\/chocolaterierobert.fr\" target=\"_blank\" rel=\"noreferrer noopener\"><noscript><img loading=\"lazy\" decoding=\"async\" width=\"1024\" height=\"768\" data-id=\"9881\" data-skip-lazy src=\"https:\/\/vpdanses.fr\/wp-content\/uploads\/2024\/11\/IMG_9916_vWeb-1024x768.jpg\" alt=\"Arr\u00eat au stand de la 'CHOCOLATERIE ROBERT' , Madagascar\" class=\"wp-image-9881\" srcset=\"https:\/\/vpdanses.fr\/wp-content\/uploads\/2024\/11\/IMG_9916_vWeb-1024x768.jpg 1024w, https:\/\/vpdanses.fr\/wp-content\/uploads\/2024\/11\/IMG_9916_vWeb-300x225.jpg 300w, https:\/\/vpdanses.fr\/wp-content\/uploads\/2024\/11\/IMG_9916_vWeb-768x576.jpg 768w, https:\/\/vpdanses.fr\/wp-content\/uploads\/2024\/11\/IMG_9916_vWeb.jpg 1080w\" sizes=\"auto, (max-width: 1024px) 100vw, 1024px\" \/><\/noscript><img loading=\"eager\" decoding=\"async\" width=\"1024\" height=\"768\" data-id=\"9881\" src=\"https:\/\/vpdanses.fr\/wp-content\/uploads\/2024\/11\/IMG_9916_vWeb-1024x768.jpg\" alt=\"Arr\u00eat au stand de la &#039;CHOCOLATERIE ROBERT&#039; , Madagascar\" class=\"wp-image-9881 vp-lazyload\" srcset=\"data:image\/svg+xml;base64,PHN2ZyB3aWR0aD0iMTAyNCIgaGVpZ2h0PSI3NjgiIHZpZXdCb3g9IjAgMCAxMDI0IDc2OCIgZmlsbD0ibm9uZSIgeG1sbnM9Imh0dHA6Ly93d3cudzMub3JnLzIwMDAvc3ZnIj48L3N2Zz4=\" data-src=\"https:\/\/vpdanses.fr\/wp-content\/uploads\/2024\/11\/IMG_9916_vWeb-1024x768.jpg\" data-srcset=\"https:\/\/vpdanses.fr\/wp-content\/uploads\/2024\/11\/IMG_9916_vWeb-1024x768.jpg 1024w, https:\/\/vpdanses.fr\/wp-content\/uploads\/2024\/11\/IMG_9916_vWeb-300x225.jpg 300w, https:\/\/vpdanses.fr\/wp-content\/uploads\/2024\/11\/IMG_9916_vWeb-768x576.jpg 768w, https:\/\/vpdanses.fr\/wp-content\/uploads\/2024\/11\/IMG_9916_vWeb.jpg 1080w\" data-sizes=\"auto\"><\/a><figcaption class=\"wp-element-caption\">Arr\u00eat au stand de la &lsquo;<a href=\"https:\/\/www.instagram.com\/chocolaterie_robert_paris\/\" data-type=\"link\" data-id=\"https:\/\/www.instagram.com\/chocolaterie_robert_paris\/\" target=\"_blank\" rel=\"noreferrer noopener\">CHOCOLATERIE ROBERT<\/a>&lsquo; , Madagascar<\/figcaption><\/figure>\n\n\n\n<figure class=\"wp-block-image size-large\"><noscript><img loading=\"lazy\" decoding=\"async\" width=\"768\" height=\"1024\" data-id=\"9886\" data-skip-lazy src=\"https:\/\/vpdanses.fr\/wp-content\/uploads\/2024\/11\/IMG_9907_vWeb-768x1024.jpg\" alt=\"VP danses Hazebrouck, Salon du Chocolat, du cacao et de la Patisserie, Paris, Porte de Versailles, 2024\" class=\"wp-image-9886\" srcset=\"https:\/\/vpdanses.fr\/wp-content\/uploads\/2024\/11\/IMG_9907_vWeb-768x1024.jpg 768w, https:\/\/vpdanses.fr\/wp-content\/uploads\/2024\/11\/IMG_9907_vWeb-225x300.jpg 225w, https:\/\/vpdanses.fr\/wp-content\/uploads\/2024\/11\/IMG_9907_vWeb.jpg 810w\" sizes=\"auto, (max-width: 768px) 100vw, 768px\" \/><\/noscript><img loading=\"eager\" decoding=\"async\" width=\"768\" height=\"1024\" data-id=\"9886\" src=\"https:\/\/vpdanses.fr\/wp-content\/uploads\/2024\/11\/IMG_9907_vWeb-768x1024.jpg\" alt=\"VP danses Hazebrouck, Salon du Chocolat, du cacao et de la Patisserie, Paris, Porte de Versailles, 2024\" class=\"wp-image-9886 vp-lazyload\" srcset=\"data:image\/svg+xml;base64,PHN2ZyB3aWR0aD0iNzY4IiBoZWlnaHQ9IjEwMjQiIHZpZXdCb3g9IjAgMCA3NjggMTAyNCIgZmlsbD0ibm9uZSIgeG1sbnM9Imh0dHA6Ly93d3cudzMub3JnLzIwMDAvc3ZnIj48L3N2Zz4=\" data-src=\"https:\/\/vpdanses.fr\/wp-content\/uploads\/2024\/11\/IMG_9907_vWeb-768x1024.jpg\" data-srcset=\"https:\/\/vpdanses.fr\/wp-content\/uploads\/2024\/11\/IMG_9907_vWeb-768x1024.jpg 768w, https:\/\/vpdanses.fr\/wp-content\/uploads\/2024\/11\/IMG_9907_vWeb-225x300.jpg 225w, https:\/\/vpdanses.fr\/wp-content\/uploads\/2024\/11\/IMG_9907_vWeb.jpg 810w\" data-sizes=\"auto\"><figcaption class=\"wp-element-caption\">Une tr\u00e8s belle d\u00e9coration color\u00e9e au stand de la <a href=\"https:\/\/toga-patisserie.be\" data-type=\"link\" data-id=\"https:\/\/toga-patisserie.be\" target=\"_blank\" rel=\"noreferrer noopener\">Boutique &lsquo;TOG\u00c2&rsquo;<\/a><\/figcaption><\/figure>\n<\/figure>\n\n\n\n<div style=\"height:14px\" aria-hidden=\"true\" class=\"wp-block-spacer\"><\/div>\n\n\n\n<hr class=\"wp-block-separator has-alpha-channel-opacity\"\/>\n\n\n\n<blockquote class=\"wp-block-quote is-layout-flow wp-block-quote-is-layout-flow\">\n<p>Notre Coup de Coeur de l&rsquo;\u00e9dition 2024<\/p>\n\n\n\n<p> : Les chocolats &lsquo;<strong><a href=\"https:\/\/myawki.com\" target=\"_blank\" rel=\"noreferrer noopener\">AWKI&rsquo;<\/a><\/strong><\/p>\n<\/blockquote>\n\n\n\n<div class=\"wp-block-media-text is-stacked-on-mobile\" style=\"grid-template-columns:71% auto\"><figure class=\"wp-block-media-text__media\"><a href=\"https:\/\/myawki.com\" target=\"_blank\" rel=\"noreferrer noopener\"><noscript><img loading=\"lazy\" decoding=\"async\" width=\"1024\" height=\"768\" data-skip-lazy src=\"https:\/\/vpdanses.fr\/wp-content\/uploads\/2024\/11\/IMG_9885_vWeb-1024x768.jpg\" alt=\"VP danses Hazebrouck, Salon du Chocolat, du cacao et de la P\u00e2tisserie, Paris 2024, Chocolats AWKI\" class=\"wp-image-9889 size-full\" srcset=\"https:\/\/vpdanses.fr\/wp-content\/uploads\/2024\/11\/IMG_9885_vWeb-1024x768.jpg 1024w, https:\/\/vpdanses.fr\/wp-content\/uploads\/2024\/11\/IMG_9885_vWeb-300x225.jpg 300w, https:\/\/vpdanses.fr\/wp-content\/uploads\/2024\/11\/IMG_9885_vWeb-768x576.jpg 768w, https:\/\/vpdanses.fr\/wp-content\/uploads\/2024\/11\/IMG_9885_vWeb.jpg 1080w\" sizes=\"auto, (max-width: 1024px) 100vw, 1024px\" \/><\/noscript><img loading=\"eager\" decoding=\"async\" width=\"1024\" height=\"768\" src=\"https:\/\/vpdanses.fr\/wp-content\/uploads\/2024\/11\/IMG_9885_vWeb-1024x768.jpg\" alt=\"VP danses Hazebrouck, Salon du Chocolat, du cacao et de la P\u00e2tisserie, Paris 2024, Chocolats AWKI\" class=\"wp-image-9889 size-full vp-lazyload\" srcset=\"data:image\/svg+xml;base64,PHN2ZyB3aWR0aD0iMTAyNCIgaGVpZ2h0PSI3NjgiIHZpZXdCb3g9IjAgMCAxMDI0IDc2OCIgZmlsbD0ibm9uZSIgeG1sbnM9Imh0dHA6Ly93d3cudzMub3JnLzIwMDAvc3ZnIj48L3N2Zz4=\" data-src=\"https:\/\/vpdanses.fr\/wp-content\/uploads\/2024\/11\/IMG_9885_vWeb-1024x768.jpg\" data-srcset=\"https:\/\/vpdanses.fr\/wp-content\/uploads\/2024\/11\/IMG_9885_vWeb-1024x768.jpg 1024w, https:\/\/vpdanses.fr\/wp-content\/uploads\/2024\/11\/IMG_9885_vWeb-300x225.jpg 300w, https:\/\/vpdanses.fr\/wp-content\/uploads\/2024\/11\/IMG_9885_vWeb-768x576.jpg 768w, https:\/\/vpdanses.fr\/wp-content\/uploads\/2024\/11\/IMG_9885_vWeb.jpg 1080w\" data-sizes=\"auto\"><\/a><\/figure><div class=\"wp-block-media-text__content\">\n<p style=\"font-size:14px\">Les chocolats &lsquo;AWKI&rsquo; ont conquis nos c\u0153urs et se sont r\u00e9v\u00e9l\u00e9s \u00eatre notre v\u00e9ritable coup de c\u0153ur de l&rsquo;\u00e9dition 2024 du Salon Mondial du Chocolat ! L&rsquo;accueil chaleureux de Romain et Nathalia Padilla, la fondatrice de la marque &lsquo;<strong><a href=\"https:\/\/myawki.com\" target=\"_blank\" rel=\"noopener\" title=\"\">AWKI<\/a><\/strong>&lsquo;, a \u00e9t\u00e9 une magnifique danse de rencontre, pleine de joie et de convivialit\u00e9.<\/p>\n\n\n\n<p style=\"font-size:14px\"><em>Nous repartons avec une d\u00e9licieuse palette de saveurs qui ont envo\u00fbt\u00e9 nos sens et \u00e9veill\u00e9 notre gourmandise !<\/em><\/p>\n<\/div><\/div>\n\n\n\n<hr class=\"wp-block-separator has-alpha-channel-opacity\"\/>\n\n\n\n<h2 class=\"wp-block-heading\">Venez c\u00e9l\u00e9brer<strong>  le Salon du Chocolat<\/strong>, <strong>du cacao<\/strong> et<strong> aussi de la P\u00e2tisserie 2024 !<\/strong><\/h2>\n\n\n\n<p>L&rsquo;\u00e9dition 2024 du Salon du Chocolat et du Cacao accueille \u00e9galement le Salon de la P\u00e2tisserie. Cet \u00e9v\u00e9nement promet ainsi une c\u00e9l\u00e9bration chaleureuse de douceurs !<\/p>\n\n\n\n<figure class=\"wp-block-gallery has-nested-images columns-3 wp-block-gallery-3 is-layout-flex wp-block-gallery-is-layout-flex\">\n<figure class=\"wp-block-image size-large\"><a href=\"https:\/\/ninametayer.com\/cheffe-patissiere\/\" target=\"_blank\" rel=\"noreferrer noopener\"><noscript><img loading=\"lazy\" decoding=\"async\" width=\"1024\" height=\"768\" data-id=\"9913\" data-skip-lazy src=\"https:\/\/vpdanses.fr\/wp-content\/uploads\/2024\/11\/IMG_9935_vWeb-1024x768.jpg\" alt=\"Nina M\u00e9tayer, Cheffe p\u00e2tissi\u00e8re au  Salon du Chocolat, du Cacao et de la P\u00e2tisserie, Paris 2024\" class=\"wp-image-9913\" srcset=\"https:\/\/vpdanses.fr\/wp-content\/uploads\/2024\/11\/IMG_9935_vWeb-1024x768.jpg 1024w, https:\/\/vpdanses.fr\/wp-content\/uploads\/2024\/11\/IMG_9935_vWeb-300x225.jpg 300w, https:\/\/vpdanses.fr\/wp-content\/uploads\/2024\/11\/IMG_9935_vWeb-768x576.jpg 768w, https:\/\/vpdanses.fr\/wp-content\/uploads\/2024\/11\/IMG_9935_vWeb.jpg 1080w\" sizes=\"auto, (max-width: 1024px) 100vw, 1024px\" \/><\/noscript><img loading=\"eager\" decoding=\"async\" width=\"1024\" height=\"768\" data-id=\"9913\" src=\"https:\/\/vpdanses.fr\/wp-content\/uploads\/2024\/11\/IMG_9935_vWeb-1024x768.jpg\" alt=\"Nina M\u00e9tayer, Cheffe p\u00e2tissi\u00e8re au  Salon du Chocolat, du Cacao et de la P\u00e2tisserie, Paris 2024\" class=\"wp-image-9913 vp-lazyload\" srcset=\"data:image\/svg+xml;base64,PHN2ZyB3aWR0aD0iMTAyNCIgaGVpZ2h0PSI3NjgiIHZpZXdCb3g9IjAgMCAxMDI0IDc2OCIgZmlsbD0ibm9uZSIgeG1sbnM9Imh0dHA6Ly93d3cudzMub3JnLzIwMDAvc3ZnIj48L3N2Zz4=\" data-src=\"https:\/\/vpdanses.fr\/wp-content\/uploads\/2024\/11\/IMG_9935_vWeb-1024x768.jpg\" data-srcset=\"https:\/\/vpdanses.fr\/wp-content\/uploads\/2024\/11\/IMG_9935_vWeb-1024x768.jpg 1024w, https:\/\/vpdanses.fr\/wp-content\/uploads\/2024\/11\/IMG_9935_vWeb-300x225.jpg 300w, https:\/\/vpdanses.fr\/wp-content\/uploads\/2024\/11\/IMG_9935_vWeb-768x576.jpg 768w, https:\/\/vpdanses.fr\/wp-content\/uploads\/2024\/11\/IMG_9935_vWeb.jpg 1080w\" data-sizes=\"auto\"><\/a><figcaption class=\"wp-element-caption\">Nina M\u00c9TAYER, Cheffe p\u00e2tissi\u00e8re<\/figcaption><\/figure>\n\n\n\n<figure class=\"wp-block-image size-large\"><a href=\"https:\/\/www.salon-du-chocolat.com\/recettes-live\/\" target=\"_blank\" rel=\"noreferrer noopener\"><noscript><img loading=\"lazy\" decoding=\"async\" width=\"1024\" height=\"768\" data-id=\"9915\" data-skip-lazy src=\"https:\/\/vpdanses.fr\/wp-content\/uploads\/2024\/11\/IMG_9998_vWeb-1024x768.jpg\" alt=\"Nina M\u00e9tayer au Pastry show du Salon du Chocolat, du cacao et de la p\u00e2tisserie, Paris 2024\" class=\"wp-image-9915\" srcset=\"https:\/\/vpdanses.fr\/wp-content\/uploads\/2024\/11\/IMG_9998_vWeb-1024x768.jpg 1024w, https:\/\/vpdanses.fr\/wp-content\/uploads\/2024\/11\/IMG_9998_vWeb-300x225.jpg 300w, https:\/\/vpdanses.fr\/wp-content\/uploads\/2024\/11\/IMG_9998_vWeb-768x576.jpg 768w, https:\/\/vpdanses.fr\/wp-content\/uploads\/2024\/11\/IMG_9998_vWeb.jpg 1080w\" sizes=\"auto, (max-width: 1024px) 100vw, 1024px\" \/><\/noscript><img loading=\"eager\" decoding=\"async\" width=\"1024\" height=\"768\" data-id=\"9915\" src=\"https:\/\/vpdanses.fr\/wp-content\/uploads\/2024\/11\/IMG_9998_vWeb-1024x768.jpg\" alt=\"Nina M\u00e9tayer au Pastry show du Salon du Chocolat, du cacao et de la p\u00e2tisserie, Paris 2024\" class=\"wp-image-9915 vp-lazyload\" srcset=\"data:image\/svg+xml;base64,PHN2ZyB3aWR0aD0iMTAyNCIgaGVpZ2h0PSI3NjgiIHZpZXdCb3g9IjAgMCAxMDI0IDc2OCIgZmlsbD0ibm9uZSIgeG1sbnM9Imh0dHA6Ly93d3cudzMub3JnLzIwMDAvc3ZnIj48L3N2Zz4=\" data-src=\"https:\/\/vpdanses.fr\/wp-content\/uploads\/2024\/11\/IMG_9998_vWeb-1024x768.jpg\" data-srcset=\"https:\/\/vpdanses.fr\/wp-content\/uploads\/2024\/11\/IMG_9998_vWeb-1024x768.jpg 1024w, https:\/\/vpdanses.fr\/wp-content\/uploads\/2024\/11\/IMG_9998_vWeb-300x225.jpg 300w, https:\/\/vpdanses.fr\/wp-content\/uploads\/2024\/11\/IMG_9998_vWeb-768x576.jpg 768w, https:\/\/vpdanses.fr\/wp-content\/uploads\/2024\/11\/IMG_9998_vWeb.jpg 1080w\" data-sizes=\"auto\"><\/a><figcaption class=\"wp-element-caption\">Nina M\u00e9tayer au Pastry Show<\/figcaption><\/figure>\n\n\n\n<figure class=\"wp-block-image size-large\"><a href=\"https:\/\/www.facebook.com\/gateauxbordelais\/\" target=\"_blank\" rel=\"noreferrer noopener\"><noscript><img loading=\"lazy\" decoding=\"async\" width=\"1024\" height=\"768\" data-id=\"9906\" data-skip-lazy src=\"https:\/\/vpdanses.fr\/wp-content\/uploads\/2024\/11\/IMG_9954_vWeb-1024x768.jpg\" alt=\"VP danses Hazebrouck, La Confr\u00e9rie du Canel\u00e9, Salon du Chocolat, du Cacao et de la p\u00e2tisserie, Paris 2024\" class=\"wp-image-9906\" srcset=\"https:\/\/vpdanses.fr\/wp-content\/uploads\/2024\/11\/IMG_9954_vWeb-1024x768.jpg 1024w, https:\/\/vpdanses.fr\/wp-content\/uploads\/2024\/11\/IMG_9954_vWeb-300x225.jpg 300w, https:\/\/vpdanses.fr\/wp-content\/uploads\/2024\/11\/IMG_9954_vWeb-768x576.jpg 768w, https:\/\/vpdanses.fr\/wp-content\/uploads\/2024\/11\/IMG_9954_vWeb.jpg 1080w\" sizes=\"auto, (max-width: 1024px) 100vw, 1024px\" \/><\/noscript><img loading=\"eager\" decoding=\"async\" width=\"1024\" height=\"768\" data-id=\"9906\" src=\"https:\/\/vpdanses.fr\/wp-content\/uploads\/2024\/11\/IMG_9954_vWeb-1024x768.jpg\" alt=\"VP danses Hazebrouck, La Confr\u00e9rie du Canel\u00e9, Salon du Chocolat, du Cacao et de la p\u00e2tisserie, Paris 2024\" class=\"wp-image-9906 vp-lazyload\" srcset=\"data:image\/svg+xml;base64,PHN2ZyB3aWR0aD0iMTAyNCIgaGVpZ2h0PSI3NjgiIHZpZXdCb3g9IjAgMCAxMDI0IDc2OCIgZmlsbD0ibm9uZSIgeG1sbnM9Imh0dHA6Ly93d3cudzMub3JnLzIwMDAvc3ZnIj48L3N2Zz4=\" data-src=\"https:\/\/vpdanses.fr\/wp-content\/uploads\/2024\/11\/IMG_9954_vWeb-1024x768.jpg\" data-srcset=\"https:\/\/vpdanses.fr\/wp-content\/uploads\/2024\/11\/IMG_9954_vWeb-1024x768.jpg 1024w, https:\/\/vpdanses.fr\/wp-content\/uploads\/2024\/11\/IMG_9954_vWeb-300x225.jpg 300w, https:\/\/vpdanses.fr\/wp-content\/uploads\/2024\/11\/IMG_9954_vWeb-768x576.jpg 768w, https:\/\/vpdanses.fr\/wp-content\/uploads\/2024\/11\/IMG_9954_vWeb.jpg 1080w\" data-sizes=\"auto\"><\/a><figcaption class=\"wp-element-caption\"><a href=\"https:\/\/www.facebook.com\/gateauxbordelais\/\">La Confr\u00e9rie du Canel\u00e9 de Bordeaux<\/a>, Paris 2024<\/figcaption><\/figure>\n\n\n\n<figure class=\"wp-block-image size-large\"><noscript><img loading=\"lazy\" decoding=\"async\" width=\"1024\" height=\"768\" data-id=\"9903\" data-skip-lazy src=\"https:\/\/vpdanses.fr\/wp-content\/uploads\/2024\/11\/IMG_9944_vWeb-1024x768.jpg\" alt=\"VP danses Hazebrouck, Gael Jacob, Vanessa GALAN, Al\u00e9na Artistique\" class=\"wp-image-9903\" srcset=\"https:\/\/vpdanses.fr\/wp-content\/uploads\/2024\/11\/IMG_9944_vWeb-1024x768.jpg 1024w, https:\/\/vpdanses.fr\/wp-content\/uploads\/2024\/11\/IMG_9944_vWeb-300x225.jpg 300w, https:\/\/vpdanses.fr\/wp-content\/uploads\/2024\/11\/IMG_9944_vWeb-768x576.jpg 768w, https:\/\/vpdanses.fr\/wp-content\/uploads\/2024\/11\/IMG_9944_vWeb.jpg 1080w\" sizes=\"auto, (max-width: 1024px) 100vw, 1024px\" \/><\/noscript><img loading=\"eager\" decoding=\"async\" width=\"1024\" height=\"768\" data-id=\"9903\" src=\"https:\/\/vpdanses.fr\/wp-content\/uploads\/2024\/11\/IMG_9944_vWeb-1024x768.jpg\" alt=\"VP danses Hazebrouck, Gael Jacob, Vanessa GALAN, Al\u00e9na Artistique\" class=\"wp-image-9903 vp-lazyload\" srcset=\"data:image\/svg+xml;base64,PHN2ZyB3aWR0aD0iMTAyNCIgaGVpZ2h0PSI3NjgiIHZpZXdCb3g9IjAgMCAxMDI0IDc2OCIgZmlsbD0ibm9uZSIgeG1sbnM9Imh0dHA6Ly93d3cudzMub3JnLzIwMDAvc3ZnIj48L3N2Zz4=\" data-src=\"https:\/\/vpdanses.fr\/wp-content\/uploads\/2024\/11\/IMG_9944_vWeb-1024x768.jpg\" data-srcset=\"https:\/\/vpdanses.fr\/wp-content\/uploads\/2024\/11\/IMG_9944_vWeb-1024x768.jpg 1024w, https:\/\/vpdanses.fr\/wp-content\/uploads\/2024\/11\/IMG_9944_vWeb-300x225.jpg 300w, https:\/\/vpdanses.fr\/wp-content\/uploads\/2024\/11\/IMG_9944_vWeb-768x576.jpg 768w, https:\/\/vpdanses.fr\/wp-content\/uploads\/2024\/11\/IMG_9944_vWeb.jpg 1080w\" data-sizes=\"auto\"><figcaption class=\"wp-element-caption\">Ga\u00ebl JACOB &amp; Vanessa GALAN pour Al\u00e9na Artistique<\/figcaption><\/figure>\n\n\n\n<figure class=\"wp-block-image size-large\"><a href=\"https:\/\/canelas.fr\" target=\"_blank\" rel=\"noreferrer noopener\"><noscript><img loading=\"lazy\" decoding=\"async\" width=\"1024\" height=\"768\" data-id=\"9914\" data-skip-lazy src=\"https:\/\/vpdanses.fr\/wp-content\/uploads\/2024\/11\/IMG_9989_vWeb-1024x768.jpg\" alt=\"CANELAS, Salon du Chocolat, du Cacao et de la P\u00e2tisserie, Paris 2024 - VP danses Hazebouck\" class=\"wp-image-9914\" srcset=\"https:\/\/vpdanses.fr\/wp-content\/uploads\/2024\/11\/IMG_9989_vWeb-1024x768.jpg 1024w, https:\/\/vpdanses.fr\/wp-content\/uploads\/2024\/11\/IMG_9989_vWeb-300x225.jpg 300w, https:\/\/vpdanses.fr\/wp-content\/uploads\/2024\/11\/IMG_9989_vWeb-768x576.jpg 768w, https:\/\/vpdanses.fr\/wp-content\/uploads\/2024\/11\/IMG_9989_vWeb.jpg 1080w\" sizes=\"auto, (max-width: 1024px) 100vw, 1024px\" \/><\/noscript><img loading=\"eager\" decoding=\"async\" width=\"1024\" height=\"768\" data-id=\"9914\" src=\"https:\/\/vpdanses.fr\/wp-content\/uploads\/2024\/11\/IMG_9989_vWeb-1024x768.jpg\" alt=\"CANELAS, Salon du Chocolat, du Cacao et de la P\u00e2tisserie, Paris 2024 - VP danses Hazebouck\" class=\"wp-image-9914 vp-lazyload\" srcset=\"data:image\/svg+xml;base64,PHN2ZyB3aWR0aD0iMTAyNCIgaGVpZ2h0PSI3NjgiIHZpZXdCb3g9IjAgMCAxMDI0IDc2OCIgZmlsbD0ibm9uZSIgeG1sbnM9Imh0dHA6Ly93d3cudzMub3JnLzIwMDAvc3ZnIj48L3N2Zz4=\" data-src=\"https:\/\/vpdanses.fr\/wp-content\/uploads\/2024\/11\/IMG_9989_vWeb-1024x768.jpg\" data-srcset=\"https:\/\/vpdanses.fr\/wp-content\/uploads\/2024\/11\/IMG_9989_vWeb-1024x768.jpg 1024w, https:\/\/vpdanses.fr\/wp-content\/uploads\/2024\/11\/IMG_9989_vWeb-300x225.jpg 300w, https:\/\/vpdanses.fr\/wp-content\/uploads\/2024\/11\/IMG_9989_vWeb-768x576.jpg 768w, https:\/\/vpdanses.fr\/wp-content\/uploads\/2024\/11\/IMG_9989_vWeb.jpg 1080w\" data-sizes=\"auto\"><\/a><figcaption class=\"wp-element-caption\">Canelas, pastel de nata, bola de berlim : <br>Des produits portugais faits maison<\/figcaption><\/figure>\n<\/figure>\n\n\n\n<hr class=\"wp-block-separator has-alpha-channel-opacity\"\/>\n\n\n\n<div style=\"height:14px\" aria-hidden=\"true\" class=\"wp-block-spacer\"><\/div>\n\n\n\n<h2 class=\"wp-block-heading\">quelques liens :<\/h2>\n\n\n\n<ul class=\"wp-block-list\">\n<li>Salon du Chocolat, Paris 2024 : <a href=\"https:\/\/www.salon-du-chocolat.com\" target=\"_blank\" rel=\"noreferrer noopener\">https:\/\/www.salon-du-chocolat.com<\/a><\/li>\n\n\n\n<li>AWKI : <a href=\"https:\/\/myawki.com\" target=\"_blank\" rel=\"noreferrer noopener\">https:\/\/myawki.com<\/a><\/li>\n\n\n\n<li>Al\u00e9na Artistique : <a href=\"https:\/\/www.facebook.com\/creatricealenaartistique\/\" target=\"_blank\" rel=\"noreferrer noopener\">https:\/\/www.facebook.com\/creatricealenaartistique\/<\/a><\/li>\n\n\n\n<li>La Confr\u00e9rie du Canel\u00e9 de Bordeaux : <a href=\"https:\/\/www.facebook.com\/gateauxbordelais\/\" target=\"_blank\" rel=\"noreferrer noopener\">https:\/\/www.facebook.com\/gateauxbordelais\/<\/a><\/li>\n\n\n\n<li>Nina M\u00e9tayer, Cheffe p\u00e2tissi\u00e8re : <a href=\"https:\/\/ninametayer.com\/cheffe-patissiere\/\" target=\"_blank\" rel=\"noreferrer noopener\">https:\/\/ninametayer.com\/cheffe-patissiere\/<\/a><\/li>\n\n\n\n<li>Canelas, des produits portugais faits maison : <a href=\"https:\/\/canelas.fr\" target=\"_blank\" rel=\"noreferrer noopener\">https:\/\/canelas.fr<\/a><\/li>\n\n\n\n<li>Pastry Show : <a href=\"https:\/\/www.salon-du-chocolat.com\/recettes-live\/\" target=\"_blank\" rel=\"noreferrer noopener\">https:\/\/www.salon-du-chocolat.com\/recettes-live\/<\/a><\/li>\n\n\n\n<li>Chocolaterie Robert : <a href=\"https:\/\/chocolaterierobert.fr\" target=\"_blank\" rel=\"noreferrer noopener\">https:\/\/chocolaterierobert.fr<\/a><\/li>\n\n\n\n<li>AYITIA, de la racine \u00e0 la tablette : <a href=\"https:\/\/www.ayitika.com\" target=\"_blank\" rel=\"noreferrer noopener\">https:\/\/www.ayitika.com<\/a><\/li>\n<\/ul>\n\n\n\n<p><\/p>\n","protected":false},"excerpt":{"rendered":"<p>au Salon mondial du Chocolat, du Cacao et de la P\u00e2tisserie, Paris 2024<\/p>\n","protected":false},"author":1,"featured_media":9889,"comment_status":"closed","ping_status":"open","sticky":false,"template":"","format":"standard","meta":{"_uag_custom_page_level_css":"","_price":"","_stock":"","_tribe_ticket_header":"","_tribe_default_ticket_provider":"","_tribe_ticket_capacity":"0","_ticket_start_date":"","_ticket_end_date":"","_tribe_ticket_show_description":"","_tribe_ticket_show_not_going":false,"_tribe_ticket_use_global_stock":"","_tribe_ticket_global_stock_level":"","_global_stock_mode":"","_global_stock_cap":"","_tribe_rsvp_for_event":"","_tribe_ticket_going_count":"","_tribe_ticket_not_going_count":"","_tribe_tickets_list":"[]","_tribe_ticket_has_attendee_info_fields":false,"_EventAllDay":false,"_EventTimezone":"","_EventStartDate":"","_EventEndDate":"","_EventStartDateUTC":"","_EventEndDateUTC":"","_EventShowMap":false,"_EventShowMapLink":false,"_EventURL":"","_EventCost":"","_EventCostDescription":"","_EventCurrencySymbol":"","_EventCurrencyCode":"","_EventCurrencyPosition":"","_EventDateTimeSeparator":"","_EventTimeRangeSeparator":"","_EventOrganizerID":[],"_EventVenueID":[],"_OrganizerEmail":"","_OrganizerPhone":"","_OrganizerWebsite":"","_VenueAddress":"","_VenueCity":"","_VenueCountry":"","_VenueProvince":"","_VenueState":"","_VenueZip":"","_VenuePhone":"","_VenueURL":"","_VenueStateProvince":"","_VenueLat":"","_VenueLng":"","_VenueShowMap":false,"_VenueShowMapLink":false,"_vp_format_video_url":"","_vp_image_focal_point":[],"_jetpack_memberships_contains_paid_content":false,"footnotes":""},"categories":[113],"tags":[135,134,141,139,140,136,133,138,137,132],"class_list":["post-9858","post","type-post","status-publish","format-standard","has-post-thumbnail","hentry","category-rencontres","tag-alena-artistique","tag-awki","tag-ayitika","tag-canelas","tag-chocolaterie-robert","tag-la-confrerie-du-canele-de-bordeaux","tag-nina-metayer","tag-pastry-show","tag-salon-du-chocolat-2024","tag-vp-danses-hazebrouck"],"yoast_head":"<!-- This site is optimized with the Yoast SEO Premium plugin v25.6 (Yoast SEO v25.6) - https:\/\/yoast.com\/wordpress\/plugins\/seo\/ -->\n<title>VP Danses des Saveurs : Un Voyage Enchanteur o\u00f9 le Chocolat \u00c9veille le Corps - VP DANSES, cours de Danse Sportive \u00e0 Aire-sur-la-Lys et \u00e0 Saint-Jans-Cappel (Hauts-de-France)<\/title>\n<meta name=\"robots\" content=\"index, follow, max-snippet:-1, max-image-preview:large, max-video-preview:-1\" \/>\n<link rel=\"canonical\" href=\"https:\/\/vpdanses.fr\/home\/bienvenue-chez-vp-danses-hazebrouck\/vp-danses-des-saveurs-quand-le-chocolat-eveille-le-corps\/\" \/>\n<meta property=\"og:locale\" content=\"fr_FR\" \/>\n<meta property=\"og:type\" content=\"article\" \/>\n<meta property=\"og:title\" content=\"VP Danses des Saveurs : Un Voyage Enchanteur o\u00f9 le Chocolat \u00c9veille le Corps\" \/>\n<meta property=\"og:description\" content=\"au Salon mondial du Chocolat, du Cacao et de la P\u00e2tisserie, Paris 2024\" \/>\n<meta property=\"og:url\" content=\"https:\/\/vpdanses.fr\/home\/bienvenue-chez-vp-danses-hazebrouck\/vp-danses-des-saveurs-quand-le-chocolat-eveille-le-corps\/\" \/>\n<meta property=\"og:site_name\" content=\"VP DANSES, cours de Danse Sportive \u00e0 Aire-sur-la-Lys et \u00e0 Saint-Jans-Cappel (Hauts-de-France)\" \/>\n<meta property=\"article:published_time\" content=\"2024-11-04T22:26:24+00:00\" \/>\n<meta property=\"article:modified_time\" content=\"2024-11-17T11:08:29+00:00\" \/>\n<meta property=\"og:image\" content=\"https:\/\/vpdanses.fr\/wp-content\/uploads\/2024\/11\/IMG_9885_vWeb.jpg\" \/>\n\t<meta property=\"og:image:width\" content=\"1080\" \/>\n\t<meta property=\"og:image:height\" content=\"810\" \/>\n\t<meta property=\"og:image:type\" content=\"image\/jpeg\" \/>\n<meta name=\"author\" content=\"VP DANSES\" \/>\n<meta name=\"twitter:card\" content=\"summary_large_image\" \/>\n<meta name=\"twitter:label1\" content=\"\u00c9crit par\" \/>\n\t<meta name=\"twitter:data1\" content=\"VP DANSES\" \/>\n\t<meta name=\"twitter:label2\" content=\"Dur\u00e9e de lecture estim\u00e9e\" \/>\n\t<meta name=\"twitter:data2\" content=\"2 minutes\" \/>\n<script type=\"application\/ld+json\" class=\"yoast-schema-graph\">{\"@context\":\"https:\/\/schema.org\",\"@graph\":[{\"@type\":\"Article\",\"@id\":\"https:\/\/vpdanses.fr\/home\/bienvenue-chez-vp-danses-hazebrouck\/vp-danses-des-saveurs-quand-le-chocolat-eveille-le-corps\/#article\",\"isPartOf\":{\"@id\":\"https:\/\/vpdanses.fr\/home\/bienvenue-chez-vp-danses-hazebrouck\/vp-danses-des-saveurs-quand-le-chocolat-eveille-le-corps\/\"},\"author\":{\"name\":\"VP DANSES\",\"@id\":\"https:\/\/vpdanses.fr\/home\/bienvenue-chez-vp-danses-hazebrouck\/#\/schema\/person\/bf87806369778f949b83c9cd885519e5\"},\"headline\":\"VP Danses des Saveurs : Un Voyage Enchanteur o\u00f9 le Chocolat \u00c9veille le Corps\",\"datePublished\":\"2024-11-04T22:26:24+00:00\",\"dateModified\":\"2024-11-17T11:08:29+00:00\",\"mainEntityOfPage\":{\"@id\":\"https:\/\/vpdanses.fr\/home\/bienvenue-chez-vp-danses-hazebrouck\/vp-danses-des-saveurs-quand-le-chocolat-eveille-le-corps\/\"},\"wordCount\":434,\"publisher\":{\"@id\":\"https:\/\/vpdanses.fr\/home\/bienvenue-chez-vp-danses-hazebrouck\/#organization\"},\"image\":{\"@id\":\"https:\/\/vpdanses.fr\/home\/bienvenue-chez-vp-danses-hazebrouck\/vp-danses-des-saveurs-quand-le-chocolat-eveille-le-corps\/#primaryimage\"},\"thumbnailUrl\":\"https:\/\/vpdanses.fr\/wp-content\/uploads\/2024\/11\/IMG_9885_vWeb.jpg\",\"keywords\":[\"Al\u00e9na Artistique\",\"AWKI\",\"AYITIKA\",\"Canelas\",\"Chocolaterie Robert\",\"la Confr\u00e9rie du Canel\u00e9 de Bordeaux\",\"Nina M\u00e9tayer\",\"Pastry Show\",\"Salon du Chocolat 2024\",\"VP Danses Hazebrouck\"],\"articleSection\":[\"RENCONTRES\"],\"inLanguage\":\"fr-FR\"},{\"@type\":\"WebPage\",\"@id\":\"https:\/\/vpdanses.fr\/home\/bienvenue-chez-vp-danses-hazebrouck\/vp-danses-des-saveurs-quand-le-chocolat-eveille-le-corps\/\",\"url\":\"https:\/\/vpdanses.fr\/home\/bienvenue-chez-vp-danses-hazebrouck\/vp-danses-des-saveurs-quand-le-chocolat-eveille-le-corps\/\",\"name\":\"VP Danses des Saveurs : Un Voyage Enchanteur o\u00f9 le Chocolat \u00c9veille le Corps - VP DANSES, cours de Danse Sportive \u00e0 Aire-sur-la-Lys et \u00e0 Saint-Jans-Cappel (Hauts-de-France)\",\"isPartOf\":{\"@id\":\"https:\/\/vpdanses.fr\/home\/bienvenue-chez-vp-danses-hazebrouck\/#website\"},\"primaryImageOfPage\":{\"@id\":\"https:\/\/vpdanses.fr\/home\/bienvenue-chez-vp-danses-hazebrouck\/vp-danses-des-saveurs-quand-le-chocolat-eveille-le-corps\/#primaryimage\"},\"image\":{\"@id\":\"https:\/\/vpdanses.fr\/home\/bienvenue-chez-vp-danses-hazebrouck\/vp-danses-des-saveurs-quand-le-chocolat-eveille-le-corps\/#primaryimage\"},\"thumbnailUrl\":\"https:\/\/vpdanses.fr\/wp-content\/uploads\/2024\/11\/IMG_9885_vWeb.jpg\",\"datePublished\":\"2024-11-04T22:26:24+00:00\",\"dateModified\":\"2024-11-17T11:08:29+00:00\",\"breadcrumb\":{\"@id\":\"https:\/\/vpdanses.fr\/home\/bienvenue-chez-vp-danses-hazebrouck\/vp-danses-des-saveurs-quand-le-chocolat-eveille-le-corps\/#breadcrumb\"},\"inLanguage\":\"fr-FR\",\"potentialAction\":[{\"@type\":\"ReadAction\",\"target\":[\"https:\/\/vpdanses.fr\/home\/bienvenue-chez-vp-danses-hazebrouck\/vp-danses-des-saveurs-quand-le-chocolat-eveille-le-corps\/\"]}]},{\"@type\":\"ImageObject\",\"inLanguage\":\"fr-FR\",\"@id\":\"https:\/\/vpdanses.fr\/home\/bienvenue-chez-vp-danses-hazebrouck\/vp-danses-des-saveurs-quand-le-chocolat-eveille-le-corps\/#primaryimage\",\"url\":\"https:\/\/vpdanses.fr\/wp-content\/uploads\/2024\/11\/IMG_9885_vWeb.jpg\",\"contentUrl\":\"https:\/\/vpdanses.fr\/wp-content\/uploads\/2024\/11\/IMG_9885_vWeb.jpg\",\"width\":1080,\"height\":810,\"caption\":\"VP danses Hazebrouck d\u00e9couvre les Chocolats \\\"AWKI\\\" au Salon du Chocolat 2024, Paris\"},{\"@type\":\"BreadcrumbList\",\"@id\":\"https:\/\/vpdanses.fr\/home\/bienvenue-chez-vp-danses-hazebrouck\/vp-danses-des-saveurs-quand-le-chocolat-eveille-le-corps\/#breadcrumb\",\"itemListElement\":[{\"@type\":\"ListItem\",\"position\":1,\"name\":\"Accueil\",\"item\":\"https:\/\/vpdanses.fr\/home\/bienvenue-chez-vp-danses-hazebrouck\/\"},{\"@type\":\"ListItem\",\"position\":2,\"name\":\"VP Danses des Saveurs : Un Voyage Enchanteur o\u00f9 le Chocolat \u00c9veille le Corps\"}]},{\"@type\":\"WebSite\",\"@id\":\"https:\/\/vpdanses.fr\/home\/bienvenue-chez-vp-danses-hazebrouck\/#website\",\"url\":\"https:\/\/vpdanses.fr\/home\/bienvenue-chez-vp-danses-hazebrouck\/\",\"name\":\"VP DANSES, cours de Danse Sportive \u00e0 Aire-sur-la-Lys et \u00e0 Saint-Jans-Cappel (Hauts-de-France)\",\"description\":\"Cours de Danse Sportive STANDARD (valse anglaise, tango, valse viennoise, slowfox, quickstep), danses sportives LATINES (samba, chacha, rumba, paso doble, jive), danses de bal, danses de salons, danses de loisirs, salsa, rock 4 temps, rock 6 temps, danses en ligne, disco, \u2026 Lieu : Hazebrouck, Aire-sur-la-Lys, Saint-Jans-Cappel et Isbergues (Hauts-de-France) - Cours Particuliers dans les Hauts-de-France - Ouverture de bal de Mariage\",\"publisher\":{\"@id\":\"https:\/\/vpdanses.fr\/home\/bienvenue-chez-vp-danses-hazebrouck\/#organization\"},\"potentialAction\":[{\"@type\":\"SearchAction\",\"target\":{\"@type\":\"EntryPoint\",\"urlTemplate\":\"https:\/\/vpdanses.fr\/home\/bienvenue-chez-vp-danses-hazebrouck\/?s={search_term_string}\"},\"query-input\":{\"@type\":\"PropertyValueSpecification\",\"valueRequired\":true,\"valueName\":\"search_term_string\"}}],\"inLanguage\":\"fr-FR\"},{\"@type\":\"Organization\",\"@id\":\"https:\/\/vpdanses.fr\/home\/bienvenue-chez-vp-danses-hazebrouck\/#organization\",\"name\":\"VP DANSES, cours de Danse Sportive \u00e0 Aire-sur-la-Lys et \u00e0 Saint-Jans-Cappel (Hauts-de-France)\",\"url\":\"https:\/\/vpdanses.fr\/home\/bienvenue-chez-vp-danses-hazebrouck\/\",\"logo\":{\"@type\":\"ImageObject\",\"inLanguage\":\"fr-FR\",\"@id\":\"https:\/\/vpdanses.fr\/home\/bienvenue-chez-vp-danses-hazebrouck\/#\/schema\/logo\/image\/\",\"url\":\"https:\/\/vpdanses.fr\/wp-content\/uploads\/2024\/10\/logo_cadanse_asaintjans.jpeg\",\"contentUrl\":\"https:\/\/vpdanses.fr\/wp-content\/uploads\/2024\/10\/logo_cadanse_asaintjans.jpeg\",\"width\":225,\"height\":225,\"caption\":\"VP DANSES, cours de Danse Sportive \u00e0 Aire-sur-la-Lys et \u00e0 Saint-Jans-Cappel (Hauts-de-France)\"},\"image\":{\"@id\":\"https:\/\/vpdanses.fr\/home\/bienvenue-chez-vp-danses-hazebrouck\/#\/schema\/logo\/image\/\"}},{\"@type\":\"Person\",\"@id\":\"https:\/\/vpdanses.fr\/home\/bienvenue-chez-vp-danses-hazebrouck\/#\/schema\/person\/bf87806369778f949b83c9cd885519e5\",\"name\":\"VP DANSES\",\"description\":\"\\\"VP danses\\\" est une association qui donne des cours de DANSES SPORTIVES STANDARDS (valse anglaise, tango, valse viennoise, slowfox, quickstep), de DANSES SPORTIVES LATINES (samba, chacha, rumba, paso doble, jive), de DANSES DE BAL, de DANSES DE SALONS, de DANSES DE LOISIRS, de SALSA, de ROCK 4 TEMPS, de ROCK 6 TEMPS, de DANSES EN LIGNE, de DISCO, \u2026\",\"sameAs\":[\"https:\/\/vpdanses.fr\"],\"url\":\"https:\/\/vpdanses.fr\/home\/bienvenue-chez-vp-danses-hazebrouck\/author\/adminvp20241018\/\"}]}<\/script>\n<!-- \/ Yoast SEO Premium plugin. -->","yoast_head_json":{"title":"VP Danses des Saveurs : Un Voyage Enchanteur o\u00f9 le Chocolat \u00c9veille le Corps - VP DANSES, cours de Danse Sportive \u00e0 Aire-sur-la-Lys et \u00e0 Saint-Jans-Cappel (Hauts-de-France)","robots":{"index":"index","follow":"follow","max-snippet":"max-snippet:-1","max-image-preview":"max-image-preview:large","max-video-preview":"max-video-preview:-1"},"canonical":"https:\/\/vpdanses.fr\/home\/bienvenue-chez-vp-danses-hazebrouck\/vp-danses-des-saveurs-quand-le-chocolat-eveille-le-corps\/","og_locale":"fr_FR","og_type":"article","og_title":"VP Danses des Saveurs : Un Voyage Enchanteur o\u00f9 le Chocolat \u00c9veille le Corps","og_description":"au Salon mondial du Chocolat, du Cacao et de la P\u00e2tisserie, Paris 2024","og_url":"https:\/\/vpdanses.fr\/home\/bienvenue-chez-vp-danses-hazebrouck\/vp-danses-des-saveurs-quand-le-chocolat-eveille-le-corps\/","og_site_name":"VP DANSES, cours de Danse Sportive \u00e0 Aire-sur-la-Lys et \u00e0 Saint-Jans-Cappel (Hauts-de-France)","article_published_time":"2024-11-04T22:26:24+00:00","article_modified_time":"2024-11-17T11:08:29+00:00","og_image":[{"width":1080,"height":810,"url":"https:\/\/vpdanses.fr\/wp-content\/uploads\/2024\/11\/IMG_9885_vWeb.jpg","type":"image\/jpeg"}],"author":"VP DANSES","twitter_card":"summary_large_image","twitter_misc":{"\u00c9crit par":"VP DANSES","Dur\u00e9e de lecture estim\u00e9e":"2 minutes"},"schema":{"@context":"https:\/\/schema.org","@graph":[{"@type":"Article","@id":"https:\/\/vpdanses.fr\/home\/bienvenue-chez-vp-danses-hazebrouck\/vp-danses-des-saveurs-quand-le-chocolat-eveille-le-corps\/#article","isPartOf":{"@id":"https:\/\/vpdanses.fr\/home\/bienvenue-chez-vp-danses-hazebrouck\/vp-danses-des-saveurs-quand-le-chocolat-eveille-le-corps\/"},"author":{"name":"VP DANSES","@id":"https:\/\/vpdanses.fr\/home\/bienvenue-chez-vp-danses-hazebrouck\/#\/schema\/person\/bf87806369778f949b83c9cd885519e5"},"headline":"VP Danses des Saveurs : Un Voyage Enchanteur o\u00f9 le Chocolat \u00c9veille le Corps","datePublished":"2024-11-04T22:26:24+00:00","dateModified":"2024-11-17T11:08:29+00:00","mainEntityOfPage":{"@id":"https:\/\/vpdanses.fr\/home\/bienvenue-chez-vp-danses-hazebrouck\/vp-danses-des-saveurs-quand-le-chocolat-eveille-le-corps\/"},"wordCount":434,"publisher":{"@id":"https:\/\/vpdanses.fr\/home\/bienvenue-chez-vp-danses-hazebrouck\/#organization"},"image":{"@id":"https:\/\/vpdanses.fr\/home\/bienvenue-chez-vp-danses-hazebrouck\/vp-danses-des-saveurs-quand-le-chocolat-eveille-le-corps\/#primaryimage"},"thumbnailUrl":"https:\/\/vpdanses.fr\/wp-content\/uploads\/2024\/11\/IMG_9885_vWeb.jpg","keywords":["Al\u00e9na Artistique","AWKI","AYITIKA","Canelas","Chocolaterie Robert","la Confr\u00e9rie du Canel\u00e9 de Bordeaux","Nina M\u00e9tayer","Pastry Show","Salon du Chocolat 2024","VP Danses Hazebrouck"],"articleSection":["RENCONTRES"],"inLanguage":"fr-FR"},{"@type":"WebPage","@id":"https:\/\/vpdanses.fr\/home\/bienvenue-chez-vp-danses-hazebrouck\/vp-danses-des-saveurs-quand-le-chocolat-eveille-le-corps\/","url":"https:\/\/vpdanses.fr\/home\/bienvenue-chez-vp-danses-hazebrouck\/vp-danses-des-saveurs-quand-le-chocolat-eveille-le-corps\/","name":"VP Danses des Saveurs : Un Voyage Enchanteur o\u00f9 le Chocolat \u00c9veille le Corps - VP DANSES, cours de Danse Sportive \u00e0 Aire-sur-la-Lys et \u00e0 Saint-Jans-Cappel (Hauts-de-France)","isPartOf":{"@id":"https:\/\/vpdanses.fr\/home\/bienvenue-chez-vp-danses-hazebrouck\/#website"},"primaryImageOfPage":{"@id":"https:\/\/vpdanses.fr\/home\/bienvenue-chez-vp-danses-hazebrouck\/vp-danses-des-saveurs-quand-le-chocolat-eveille-le-corps\/#primaryimage"},"image":{"@id":"https:\/\/vpdanses.fr\/home\/bienvenue-chez-vp-danses-hazebrouck\/vp-danses-des-saveurs-quand-le-chocolat-eveille-le-corps\/#primaryimage"},"thumbnailUrl":"https:\/\/vpdanses.fr\/wp-content\/uploads\/2024\/11\/IMG_9885_vWeb.jpg","datePublished":"2024-11-04T22:26:24+00:00","dateModified":"2024-11-17T11:08:29+00:00","breadcrumb":{"@id":"https:\/\/vpdanses.fr\/home\/bienvenue-chez-vp-danses-hazebrouck\/vp-danses-des-saveurs-quand-le-chocolat-eveille-le-corps\/#breadcrumb"},"inLanguage":"fr-FR","potentialAction":[{"@type":"ReadAction","target":["https:\/\/vpdanses.fr\/home\/bienvenue-chez-vp-danses-hazebrouck\/vp-danses-des-saveurs-quand-le-chocolat-eveille-le-corps\/"]}]},{"@type":"ImageObject","inLanguage":"fr-FR","@id":"https:\/\/vpdanses.fr\/home\/bienvenue-chez-vp-danses-hazebrouck\/vp-danses-des-saveurs-quand-le-chocolat-eveille-le-corps\/#primaryimage","url":"https:\/\/vpdanses.fr\/wp-content\/uploads\/2024\/11\/IMG_9885_vWeb.jpg","contentUrl":"https:\/\/vpdanses.fr\/wp-content\/uploads\/2024\/11\/IMG_9885_vWeb.jpg","width":1080,"height":810,"caption":"VP danses Hazebrouck d\u00e9couvre les Chocolats \"AWKI\" au Salon du Chocolat 2024, Paris"},{"@type":"BreadcrumbList","@id":"https:\/\/vpdanses.fr\/home\/bienvenue-chez-vp-danses-hazebrouck\/vp-danses-des-saveurs-quand-le-chocolat-eveille-le-corps\/#breadcrumb","itemListElement":[{"@type":"ListItem","position":1,"name":"Accueil","item":"https:\/\/vpdanses.fr\/home\/bienvenue-chez-vp-danses-hazebrouck\/"},{"@type":"ListItem","position":2,"name":"VP Danses des Saveurs : Un Voyage Enchanteur o\u00f9 le Chocolat \u00c9veille le Corps"}]},{"@type":"WebSite","@id":"https:\/\/vpdanses.fr\/home\/bienvenue-chez-vp-danses-hazebrouck\/#website","url":"https:\/\/vpdanses.fr\/home\/bienvenue-chez-vp-danses-hazebrouck\/","name":"VP DANSES, cours de Danse Sportive \u00e0 Aire-sur-la-Lys et \u00e0 Saint-Jans-Cappel (Hauts-de-France)","description":"Cours de Danse Sportive STANDARD (valse anglaise, tango, valse viennoise, slowfox, quickstep), danses sportives LATINES (samba, chacha, rumba, paso doble, jive), danses de bal, danses de salons, danses de loisirs, salsa, rock 4 temps, rock 6 temps, danses en ligne, disco, \u2026 Lieu : Hazebrouck, Aire-sur-la-Lys, Saint-Jans-Cappel et Isbergues (Hauts-de-France) - Cours Particuliers dans les Hauts-de-France - Ouverture de bal de Mariage","publisher":{"@id":"https:\/\/vpdanses.fr\/home\/bienvenue-chez-vp-danses-hazebrouck\/#organization"},"potentialAction":[{"@type":"SearchAction","target":{"@type":"EntryPoint","urlTemplate":"https:\/\/vpdanses.fr\/home\/bienvenue-chez-vp-danses-hazebrouck\/?s={search_term_string}"},"query-input":{"@type":"PropertyValueSpecification","valueRequired":true,"valueName":"search_term_string"}}],"inLanguage":"fr-FR"},{"@type":"Organization","@id":"https:\/\/vpdanses.fr\/home\/bienvenue-chez-vp-danses-hazebrouck\/#organization","name":"VP DANSES, cours de Danse Sportive \u00e0 Aire-sur-la-Lys et \u00e0 Saint-Jans-Cappel (Hauts-de-France)","url":"https:\/\/vpdanses.fr\/home\/bienvenue-chez-vp-danses-hazebrouck\/","logo":{"@type":"ImageObject","inLanguage":"fr-FR","@id":"https:\/\/vpdanses.fr\/home\/bienvenue-chez-vp-danses-hazebrouck\/#\/schema\/logo\/image\/","url":"https:\/\/vpdanses.fr\/wp-content\/uploads\/2024\/10\/logo_cadanse_asaintjans.jpeg","contentUrl":"https:\/\/vpdanses.fr\/wp-content\/uploads\/2024\/10\/logo_cadanse_asaintjans.jpeg","width":225,"height":225,"caption":"VP DANSES, cours de Danse Sportive \u00e0 Aire-sur-la-Lys et \u00e0 Saint-Jans-Cappel (Hauts-de-France)"},"image":{"@id":"https:\/\/vpdanses.fr\/home\/bienvenue-chez-vp-danses-hazebrouck\/#\/schema\/logo\/image\/"}},{"@type":"Person","@id":"https:\/\/vpdanses.fr\/home\/bienvenue-chez-vp-danses-hazebrouck\/#\/schema\/person\/bf87806369778f949b83c9cd885519e5","name":"VP DANSES","description":"\"VP danses\" est une association qui donne des cours de DANSES SPORTIVES STANDARDS (valse anglaise, tango, valse viennoise, slowfox, quickstep), de DANSES SPORTIVES LATINES (samba, chacha, rumba, paso doble, jive), de DANSES DE BAL, de DANSES DE SALONS, de DANSES DE LOISIRS, de SALSA, de ROCK 4 TEMPS, de ROCK 6 TEMPS, de DANSES EN LIGNE, de DISCO, \u2026","sameAs":["https:\/\/vpdanses.fr"],"url":"https:\/\/vpdanses.fr\/home\/bienvenue-chez-vp-danses-hazebrouck\/author\/adminvp20241018\/"}]}},"jetpack_featured_media_url":"https:\/\/vpdanses.fr\/wp-content\/uploads\/2024\/11\/IMG_9885_vWeb.jpg","uagb_featured_image_src":{"full":["https:\/\/vpdanses.fr\/wp-content\/uploads\/2024\/11\/IMG_9885_vWeb.jpg",1080,810,false],"thumbnail":["https:\/\/vpdanses.fr\/wp-content\/uploads\/2024\/11\/IMG_9885_vWeb-150x150.jpg",150,150,true],"medium":["https:\/\/vpdanses.fr\/wp-content\/uploads\/2024\/11\/IMG_9885_vWeb-300x225.jpg",300,225,true],"medium_large":["https:\/\/vpdanses.fr\/wp-content\/uploads\/2024\/11\/IMG_9885_vWeb-768x576.jpg",768,576,true],"large":["https:\/\/vpdanses.fr\/wp-content\/uploads\/2024\/11\/IMG_9885_vWeb-1024x768.jpg",1024,768,true],"1536x1536":["https:\/\/vpdanses.fr\/wp-content\/uploads\/2024\/11\/IMG_9885_vWeb.jpg",1080,810,false],"2048x2048":["https:\/\/vpdanses.fr\/wp-content\/uploads\/2024\/11\/IMG_9885_vWeb.jpg",1080,810,false],"vp_sm":["https:\/\/vpdanses.fr\/wp-content\/uploads\/2024\/11\/IMG_9885_vWeb.jpg",500,375,false],"vp_md":["https:\/\/vpdanses.fr\/wp-content\/uploads\/2024\/11\/IMG_9885_vWeb.jpg",800,600,false],"vp_lg":["https:\/\/vpdanses.fr\/wp-content\/uploads\/2024\/11\/IMG_9885_vWeb.jpg",1080,810,false],"vp_xl":["https:\/\/vpdanses.fr\/wp-content\/uploads\/2024\/11\/IMG_9885_vWeb.jpg",1080,810,false],"vp_sm_popup":["https:\/\/vpdanses.fr\/wp-content\/uploads\/2024\/11\/IMG_9885_vWeb.jpg",500,375,false],"vp_md_popup":["https:\/\/vpdanses.fr\/wp-content\/uploads\/2024\/11\/IMG_9885_vWeb.jpg",800,600,false],"vp_xl_popup":["https:\/\/vpdanses.fr\/wp-content\/uploads\/2024\/11\/IMG_9885_vWeb.jpg",1080,810,false],"dance-blog-thumb":["https:\/\/vpdanses.fr\/wp-content\/uploads\/2024\/11\/IMG_9885_vWeb-150x120.jpg",150,120,true],"dance-event-list":["https:\/\/vpdanses.fr\/wp-content\/uploads\/2024\/11\/IMG_9885_vWeb-420x336.jpg",420,336,true],"dance-event-single-type1":["https:\/\/vpdanses.fr\/wp-content\/uploads\/2024\/11\/IMG_9885_vWeb-773x520.jpg",773,520,true],"dance-event-single-type4":["https:\/\/vpdanses.fr\/wp-content\/uploads\/2024\/11\/IMG_9885_vWeb-570x460.jpg",570,460,true],"dance-event-single-type5":["https:\/\/vpdanses.fr\/wp-content\/uploads\/2024\/11\/IMG_9885_vWeb-746x770.jpg",746,770,true],"dance-event-list2":["https:\/\/vpdanses.fr\/wp-content\/uploads\/2024\/11\/IMG_9885_vWeb-420x275.jpg",420,275,true]},"uagb_author_info":{"display_name":"VP DANSES","author_link":"https:\/\/vpdanses.fr\/home\/bienvenue-chez-vp-danses-hazebrouck\/author\/adminvp20241018\/"},"uagb_comment_info":0,"uagb_excerpt":"au Salon mondial du Chocolat, du Cacao et de la P\u00e2tisserie, Paris 2024","jetpack_sharing_enabled":true,"_links":{"self":[{"href":"https:\/\/vpdanses.fr\/home\/bienvenue-chez-vp-danses-hazebrouck\/wp-json\/wp\/v2\/posts\/9858","targetHints":{"allow":["GET"]}}],"collection":[{"href":"https:\/\/vpdanses.fr\/home\/bienvenue-chez-vp-danses-hazebrouck\/wp-json\/wp\/v2\/posts"}],"about":[{"href":"https:\/\/vpdanses.fr\/home\/bienvenue-chez-vp-danses-hazebrouck\/wp-json\/wp\/v2\/types\/post"}],"author":[{"embeddable":true,"href":"https:\/\/vpdanses.fr\/home\/bienvenue-chez-vp-danses-hazebrouck\/wp-json\/wp\/v2\/users\/1"}],"replies":[{"embeddable":true,"href":"https:\/\/vpdanses.fr\/home\/bienvenue-chez-vp-danses-hazebrouck\/wp-json\/wp\/v2\/comments?post=9858"}],"version-history":[{"count":49,"href":"https:\/\/vpdanses.fr\/home\/bienvenue-chez-vp-danses-hazebrouck\/wp-json\/wp\/v2\/posts\/9858\/revisions"}],"predecessor-version":[{"id":10166,"href":"https:\/\/vpdanses.fr\/home\/bienvenue-chez-vp-danses-hazebrouck\/wp-json\/wp\/v2\/posts\/9858\/revisions\/10166"}],"wp:featuredmedia":[{"embeddable":true,"href":"https:\/\/vpdanses.fr\/home\/bienvenue-chez-vp-danses-hazebrouck\/wp-json\/wp\/v2\/media\/9889"}],"wp:attachment":[{"href":"https:\/\/vpdanses.fr\/home\/bienvenue-chez-vp-danses-hazebrouck\/wp-json\/wp\/v2\/media?parent=9858"}],"wp:term":[{"taxonomy":"category","embeddable":true,"href":"https:\/\/vpdanses.fr\/home\/bienvenue-chez-vp-danses-hazebrouck\/wp-json\/wp\/v2\/categories?post=9858"},{"taxonomy":"post_tag","embeddable":true,"href":"https:\/\/vpdanses.fr\/home\/bienvenue-chez-vp-danses-hazebrouck\/wp-json\/wp\/v2\/tags?post=9858"}],"curies":[{"name":"wp","href":"https:\/\/api.w.org\/{rel}","templated":true}]}}